{"id":100359,"date":"2025-04-02T16:51:46","date_gmt":"2025-04-02T22:51:46","guid":{"rendered":"https:\/\/zeromagazine.mx\/?p=100359"},"modified":"2025-04-02T16:51:48","modified_gmt":"2025-04-02T22:51:48","slug":"cuaresma-del-pacifico","status":"publish","type":"post","link":"https:\/\/zeromagazine.mx\/index.php\/2025\/04\/02\/cuaresma-del-pacifico\/","title":{"rendered":"Cuaresma Del Pac\u00edfico"},"content":{"rendered":"<p>Amix, ya sabemos que la Cuaresma no es solo ayuno y pescado aburrido, \u00bfok? En <em>Casona Roma Norte<\/em> se lo tomaron muy en serio y lanzaron un men\u00fa de temporada que est\u00e1 lleno de <strong>sabores del Pac\u00edfico<\/strong>, directo desde la costa hasta el coraz\u00f3n de la CDMX. El chef Aquiles Ch\u00e1vez (s\u00ed, el del bigote ic\u00f3nico) y su restaurante <em>Aquiles<\/em> nos traen una experiencia que huele a mar y sabe a vacaciones.<\/p>\n\n\n\n<h3 class=\"wp-block-heading\">Adem\u00e1s, el men\u00fa es pura joya<\/h3>\n\n\n\n<p>Primero que nada, el men\u00fa ya est\u00e1 disponible y durara hasta el 20 de abril, o sea, tienes tiempo para lanzarte con tus amix, date, familia o quien t\u00fa quieras. Las entradas son como un viaje express a la costa: tostada de pulpo con nopales, coctel de camar\u00f3n con aguacate y salsita Calipso, ceviche de robalo blanco (con pesca sostenible, obvi) y pescadillas con guacamole tropical que s\u00ed est\u00e1n para repetir.<\/p>\n\n\n<div class=\"wp-block-image\">\n<figure class=\"aligncenter size-full\"><img data-recalc-dims=\"1\" decoding=\"async\" width=\"706\" height=\"693\" src=\"https:\/\/i0.wp.com\/zeromagazine.mx\/wp-content\/uploads\/2025\/04\/Captura-de-pantalla-2025-04-02-164659.png?resize=706%2C693&#038;ssl=1\" alt=\"\" class=\"wp-image-100361\" srcset=\"https:\/\/i0.wp.com\/zeromagazine.mx\/wp-content\/uploads\/2025\/04\/Captura-de-pantalla-2025-04-02-164659.png?w=706&amp;ssl=1 706w, https:\/\/i0.wp.com\/zeromagazine.mx\/wp-content\/uploads\/2025\/04\/Captura-de-pantalla-2025-04-02-164659.png?resize=300%2C294&amp;ssl=1 300w\" sizes=\"(max-width: 706px) 100vw, 706px\" \/><\/figure>\n<\/div>\n\n\n<h3 class=\"wp-block-heading\">Luego, vienen los platos fuertes<\/h3>\n\n\n\n<p>Despu\u00e9s, si andas con hambre real, hay opciones que neta te abrazan el alma: sopa de mariscos con todo (robalo, camar\u00f3n, pulpo, osti\u00f3n), mojarrita frita para taquear con frijolitos y salsita, pulpo al ajillo con papas al lim\u00f3n, y los camarones al coco con salsa de mango, pi\u00f1a y chamoy. O sea, sabor tropical sin salir de la Roma.<\/p>\n\n\n\n<script async src=\"https:\/\/pagead2.googlesyndication.com\/pagead\/js\/adsbygoogle.js?client=ca-pub-5499304793904745\"\n     crossorigin=\"anonymous\"><\/script>\n<ins class=\"adsbygoogle\"\n     style=\"display:block; text-align:center;\"\n     data-ad-layout=\"in-article\"\n     data-ad-format=\"fluid\"\n     data-ad-client=\"ca-pub-5499304793904745\"\n     data-ad-slot=\"5994863093\"><\/ins>\n<script>\n     (adsbygoogle = window.adsbygoogle || []).push({});\n<\/script>\n\n\n\n<h3 class=\"wp-block-heading\">Tambi\u00e9n, el lugar tiene toda la vibra<\/h3>\n\n\n\n<p>Adem\u00e1s, <em>Casona Roma Norte<\/em> es un espacio hermoso y con historia, y el restaurante <em>Aquiles<\/em> se siente como esa fusi\u00f3n perfecta entre cocina mexicana de anta\u00f1o y alta gastronom\u00eda actual. Todo servido en un ambiente elegante, pero chill, con cocteles que acompa\u00f1an perfecto cada platillo.<\/p>\n\n\n<div class=\"wp-block-image\">\n<figure class=\"aligncenter size-full\"><img data-recalc-dims=\"1\" decoding=\"async\" width=\"643\" height=\"729\" src=\"https:\/\/i0.wp.com\/zeromagazine.mx\/wp-content\/uploads\/2025\/04\/Captura-de-pantalla-2025-04-02-164730.png?resize=643%2C729&#038;ssl=1\" alt=\"\" class=\"wp-image-100362\" srcset=\"https:\/\/i0.wp.com\/zeromagazine.mx\/wp-content\/uploads\/2025\/04\/Captura-de-pantalla-2025-04-02-164730.png?w=643&amp;ssl=1 643w, https:\/\/i0.wp.com\/zeromagazine.mx\/wp-content\/uploads\/2025\/04\/Captura-de-pantalla-2025-04-02-164730.png?resize=265%2C300&amp;ssl=1 265w\" sizes=\"(max-width: 643px) 100vw, 643px\" \/><\/figure>\n<\/div>\n\n\n<h3 class=\"wp-block-heading\">Finalmente, una invitaci\u00f3n sabrosa<\/h3>\n\n\n\n<p>En conclusi\u00f3n, este men\u00fa especial es una forma deliciosa de vivir la Cuaresma sin sacrificar el sabor. Si andas buscando una experiencia foodie real con <strong>sabores del Pac\u00edfico<\/strong>, l\u00e1nzate ya a <em>Casona Roma Norte<\/em>. S\u00edgueles el paso en <a class=\"\" href=\"https:\/\/www.instagram.com\/aquiles.restaurant\">@aquiles.restaurant<\/a> y <a class=\"\" href=\"https:\/\/www.instagram.com\/casonaromanorte\">@casonaromanorte<\/a> pa\u2019 que se te abra el apetito desde el scroll.<\/p>\n\n\n\n<script async src=\"https:\/\/pagead2.googlesyndication.com\/pagead\/js\/adsbygoogle.js?client=ca-pub-5499304793904745\"\n     crossorigin=\"anonymous\"><\/script>\n<ins class=\"adsbygoogle\"\n     style=\"display:block; text-align:center;\"\n     data-ad-layout=\"in-article\"\n     data-ad-format=\"fluid\"\n     data-ad-client=\"ca-pub-5499304793904745\"\n     data-ad-slot=\"5994863093\"><\/ins>\n<script>\n     (adsbygoogle = window.adsbygoogle || []).push({});\n<\/script>\n\n<!--themify_builder_content-->\n<div id=\"themify_builder_content-100359\" data-postid=\"100359\" class=\"themify_builder_content themify_builder_content-100359 themify_builder tf_clear\">\n    <\/div>\n<!--\/themify_builder_content-->","protected":false},"excerpt":{"rendered":"<p>Amix, ya sabemos que la Cuaresma no es solo ayuno y pescado aburrido, \u00bfok? En Casona Roma Norte se lo tomaron muy en serio y lanzaron un men\u00fa de temporada que est\u00e1 lleno de sabores del Pac\u00edfico, directo desde la costa hasta el coraz\u00f3n de la CDMX. El chef Aquiles Ch\u00e1vez (s\u00ed, el del bigote [&hellip;]<\/p>\n","protected":false},"author":4,"featured_media":100360,"comment_status":"open","ping_status":"open","sticky":false,"template":"","format":"standard","meta":{"_jetpack_memberships_contains_paid_content":false,"footnotes":"","jetpack_publicize_message":"","jetpack_publicize_feature_enabled":true,"jetpack_social_post_already_shared":true,"jetpack_social_options":{"image_generator_settings":{"template":"highway","default_image_id":0,"font":"","enabled":false},"version":2}},"categories":[322],"tags":[13143,1598,7176,7327],"class_list":["post-100359","post","type-post","status-publish","format-standard","has-post-thumbnail","hentry","category-lugares","tag-casa-roma-norte","tag-cdmx","tag-cuaresma","tag-semana-santa","has-post-title","has-post-date","has-post-category","has-post-tag","has-post-comment","has-post-author",""],"yoast_head":"<!-- This site is optimized with the Yoast SEO plugin v27.5 - https:\/\/yoast.com\/product\/yoast-seo-wordpress\/ -->\n<title>Cuaresma Del Pac\u00edfico - Zero Magazine<\/title>\n<meta name=\"description\" content=\"Casona Roma lanza men\u00fa de Cuaresma del Pac\u00edfico, que contiene puro sabor marino que te deleitara estas vacaciones.\" \/>\n<meta name=\"robots\" content=\"index, follow, max-snippet:-1, max-image-preview:large, max-video-preview:-1\" \/>\n<link rel=\"canonical\" href=\"https:\/\/zeromagazine.mx\/index.php\/2025\/04\/02\/cuaresma-del-pacifico\/\" \/>\n<meta property=\"og:locale\" content=\"es_ES\" \/>\n<meta property=\"og:type\" content=\"article\" \/>\n<meta property=\"og:title\" content=\"Cuaresma Del Pac\u00edfico - Zero Magazine\" \/>\n<meta property=\"og:description\" content=\"Casona Roma lanza men\u00fa de Cuaresma del Pac\u00edfico, que contiene puro sabor marino que te deleitara estas vacaciones.\" \/>\n<meta property=\"og:url\" content=\"https:\/\/zeromagazine.mx\/index.php\/2025\/04\/02\/cuaresma-del-pacifico\/\" \/>\n<meta property=\"og:site_name\" content=\"Zero Magazine\" \/>\n<meta property=\"article:published_time\" content=\"2025-04-02T22:51:46+00:00\" \/>\n<meta property=\"article:modified_time\" content=\"2025-04-02T22:51:48+00:00\" \/>\n<meta property=\"og:image\" content=\"http:\/\/zeromagazine.mx\/wp-content\/uploads\/2025\/04\/unnamed.png\" \/>\n\t<meta property=\"og:image:width\" content=\"389\" \/>\n\t<meta property=\"og:image:height\" content=\"258\" \/>\n\t<meta property=\"og:image:type\" content=\"image\/png\" \/>\n<meta name=\"author\" content=\"David Morales\" \/>\n<meta name=\"twitter:card\" content=\"summary_large_image\" \/>\n<meta name=\"twitter:label1\" content=\"Escrito por\" \/>\n\t<meta name=\"twitter:data1\" content=\"David Morales\" \/>\n\t<meta name=\"twitter:label2\" content=\"Tiempo de lectura\" \/>\n\t<meta name=\"twitter:data2\" content=\"3 minutos\" \/>\n<script type=\"application\/ld+json\" class=\"yoast-schema-graph\">{\"@context\":\"https:\\\/\\\/schema.org\",\"@graph\":[{\"@type\":\"Article\",\"@id\":\"https:\\\/\\\/zeromagazine.mx\\\/index.php\\\/2025\\\/04\\\/02\\\/cuaresma-del-pacifico\\\/#article\",\"isPartOf\":{\"@id\":\"https:\\\/\\\/zeromagazine.mx\\\/index.php\\\/2025\\\/04\\\/02\\\/cuaresma-del-pacifico\\\/\"},\"author\":{\"name\":\"David Morales\",\"@id\":\"https:\\\/\\\/zeromagazine.mx\\\/#\\\/schema\\\/person\\\/9f7f1a17c60ba8e9980e3e6677aabe5a\"},\"headline\":\"Cuaresma Del Pac\u00edfico\",\"datePublished\":\"2025-04-02T22:51:46+00:00\",\"dateModified\":\"2025-04-02T22:51:48+00:00\",\"mainEntityOfPage\":{\"@id\":\"https:\\\/\\\/zeromagazine.mx\\\/index.php\\\/2025\\\/04\\\/02\\\/cuaresma-del-pacifico\\\/\"},\"wordCount\":347,\"commentCount\":0,\"publisher\":{\"@id\":\"https:\\\/\\\/zeromagazine.mx\\\/#organization\"},\"image\":{\"@id\":\"https:\\\/\\\/zeromagazine.mx\\\/index.php\\\/2025\\\/04\\\/02\\\/cuaresma-del-pacifico\\\/#primaryimage\"},\"thumbnailUrl\":\"https:\\\/\\\/i0.wp.com\\\/zeromagazine.mx\\\/wp-content\\\/uploads\\\/2025\\\/04\\\/unnamed.png?fit=389%2C258&ssl=1\",\"keywords\":[\"Casa Roma Norte\",\"CDMX\",\"Cuaresma\",\"Semana Santa\"],\"articleSection\":[\"Viajes\"],\"inLanguage\":\"es\",\"potentialAction\":[{\"@type\":\"CommentAction\",\"name\":\"Comment\",\"target\":[\"https:\\\/\\\/zeromagazine.mx\\\/index.php\\\/2025\\\/04\\\/02\\\/cuaresma-del-pacifico\\\/#respond\"]}]},{\"@type\":\"WebPage\",\"@id\":\"https:\\\/\\\/zeromagazine.mx\\\/index.php\\\/2025\\\/04\\\/02\\\/cuaresma-del-pacifico\\\/\",\"url\":\"https:\\\/\\\/zeromagazine.mx\\\/index.php\\\/2025\\\/04\\\/02\\\/cuaresma-del-pacifico\\\/\",\"name\":\"Cuaresma Del Pac\u00edfico - Zero Magazine\",\"isPartOf\":{\"@id\":\"https:\\\/\\\/zeromagazine.mx\\\/#website\"},\"primaryImageOfPage\":{\"@id\":\"https:\\\/\\\/zeromagazine.mx\\\/index.php\\\/2025\\\/04\\\/02\\\/cuaresma-del-pacifico\\\/#primaryimage\"},\"image\":{\"@id\":\"https:\\\/\\\/zeromagazine.mx\\\/index.php\\\/2025\\\/04\\\/02\\\/cuaresma-del-pacifico\\\/#primaryimage\"},\"thumbnailUrl\":\"https:\\\/\\\/i0.wp.com\\\/zeromagazine.mx\\\/wp-content\\\/uploads\\\/2025\\\/04\\\/unnamed.png?fit=389%2C258&ssl=1\",\"datePublished\":\"2025-04-02T22:51:46+00:00\",\"dateModified\":\"2025-04-02T22:51:48+00:00\",\"description\":\"Casona Roma lanza men\u00fa de Cuaresma del Pac\u00edfico, que contiene puro sabor marino que te deleitara estas vacaciones.\",\"breadcrumb\":{\"@id\":\"https:\\\/\\\/zeromagazine.mx\\\/index.php\\\/2025\\\/04\\\/02\\\/cuaresma-del-pacifico\\\/#breadcrumb\"},\"inLanguage\":\"es\",\"potentialAction\":[{\"@type\":\"ReadAction\",\"target\":[\"https:\\\/\\\/zeromagazine.mx\\\/index.php\\\/2025\\\/04\\\/02\\\/cuaresma-del-pacifico\\\/\"]}]},{\"@type\":\"ImageObject\",\"inLanguage\":\"es\",\"@id\":\"https:\\\/\\\/zeromagazine.mx\\\/index.php\\\/2025\\\/04\\\/02\\\/cuaresma-del-pacifico\\\/#primaryimage\",\"url\":\"https:\\\/\\\/i0.wp.com\\\/zeromagazine.mx\\\/wp-content\\\/uploads\\\/2025\\\/04\\\/unnamed.png?fit=389%2C258&ssl=1\",\"contentUrl\":\"https:\\\/\\\/i0.wp.com\\\/zeromagazine.mx\\\/wp-content\\\/uploads\\\/2025\\\/04\\\/unnamed.png?fit=389%2C258&ssl=1\",\"width\":389,\"height\":258},{\"@type\":\"BreadcrumbList\",\"@id\":\"https:\\\/\\\/zeromagazine.mx\\\/index.php\\\/2025\\\/04\\\/02\\\/cuaresma-del-pacifico\\\/#breadcrumb\",\"itemListElement\":[{\"@type\":\"ListItem\",\"position\":1,\"name\":\"Portada\",\"item\":\"https:\\\/\\\/zeromagazine.mx\\\/\"},{\"@type\":\"ListItem\",\"position\":2,\"name\":\"Cuaresma Del Pac\u00edfico\"}]},{\"@type\":\"WebSite\",\"@id\":\"https:\\\/\\\/zeromagazine.mx\\\/#website\",\"url\":\"https:\\\/\\\/zeromagazine.mx\\\/\",\"name\":\"Zero Magazine\",\"description\":\"\",\"publisher\":{\"@id\":\"https:\\\/\\\/zeromagazine.mx\\\/#organization\"},\"potentialAction\":[{\"@type\":\"SearchAction\",\"target\":{\"@type\":\"EntryPoint\",\"urlTemplate\":\"https:\\\/\\\/zeromagazine.mx\\\/?s={search_term_string}\"},\"query-input\":{\"@type\":\"PropertyValueSpecification\",\"valueRequired\":true,\"valueName\":\"search_term_string\"}}],\"inLanguage\":\"es\"},{\"@type\":\"Organization\",\"@id\":\"https:\\\/\\\/zeromagazine.mx\\\/#organization\",\"name\":\"Zero Magazine\",\"url\":\"https:\\\/\\\/zeromagazine.mx\\\/\",\"logo\":{\"@type\":\"ImageObject\",\"inLanguage\":\"es\",\"@id\":\"https:\\\/\\\/zeromagazine.mx\\\/#\\\/schema\\\/logo\\\/image\\\/\",\"url\":\"https:\\\/\\\/i0.wp.com\\\/zeromagazine.mx\\\/wp-content\\\/uploads\\\/2025\\\/11\\\/1.jpeg?fit=1000%2C1000&ssl=1\",\"contentUrl\":\"https:\\\/\\\/i0.wp.com\\\/zeromagazine.mx\\\/wp-content\\\/uploads\\\/2025\\\/11\\\/1.jpeg?fit=1000%2C1000&ssl=1\",\"width\":1000,\"height\":1000,\"caption\":\"Zero Magazine\"},\"image\":{\"@id\":\"https:\\\/\\\/zeromagazine.mx\\\/#\\\/schema\\\/logo\\\/image\\\/\"},\"sameAs\":[\"https:\\\/\\\/instagram.com\\\/zeromagazinemx\"]},{\"@type\":\"Person\",\"@id\":\"https:\\\/\\\/zeromagazine.mx\\\/#\\\/schema\\\/person\\\/9f7f1a17c60ba8e9980e3e6677aabe5a\",\"name\":\"David Morales\",\"image\":{\"@type\":\"ImageObject\",\"inLanguage\":\"es\",\"@id\":\"https:\\\/\\\/zeromagazine.mx\\\/wp-content\\\/litespeed\\\/avatar\\\/76069d2136bfc1c37dc34815bb67ca42.jpg?ver=1777571067\",\"url\":\"https:\\\/\\\/zeromagazine.mx\\\/wp-content\\\/litespeed\\\/avatar\\\/76069d2136bfc1c37dc34815bb67ca42.jpg?ver=1777571067\",\"contentUrl\":\"https:\\\/\\\/zeromagazine.mx\\\/wp-content\\\/litespeed\\\/avatar\\\/76069d2136bfc1c37dc34815bb67ca42.jpg?ver=1777571067\",\"caption\":\"David Morales\"},\"url\":\"https:\\\/\\\/zeromagazine.mx\\\/index.php\\\/author\\\/david\\\/\"}]}<\/script>\n<!-- \/ Yoast SEO plugin. -->","yoast_head_json":{"title":"Cuaresma Del Pac\u00edfico - Zero Magazine","description":"Casona Roma lanza men\u00fa de Cuaresma del Pac\u00edfico, que contiene puro sabor marino que te deleitara estas vacaciones.","robots":{"index":"index","follow":"follow","max-snippet":"max-snippet:-1","max-image-preview":"max-image-preview:large","max-video-preview":"max-video-preview:-1"},"canonical":"https:\/\/zeromagazine.mx\/index.php\/2025\/04\/02\/cuaresma-del-pacifico\/","og_locale":"es_ES","og_type":"article","og_title":"Cuaresma Del Pac\u00edfico - Zero Magazine","og_description":"Casona Roma lanza men\u00fa de Cuaresma del Pac\u00edfico, que contiene puro sabor marino que te deleitara estas vacaciones.","og_url":"https:\/\/zeromagazine.mx\/index.php\/2025\/04\/02\/cuaresma-del-pacifico\/","og_site_name":"Zero Magazine","article_published_time":"2025-04-02T22:51:46+00:00","article_modified_time":"2025-04-02T22:51:48+00:00","og_image":[{"width":389,"height":258,"url":"http:\/\/zeromagazine.mx\/wp-content\/uploads\/2025\/04\/unnamed.png","type":"image\/png"}],"author":"David Morales","twitter_card":"summary_large_image","twitter_misc":{"Escrito por":"David Morales","Tiempo de lectura":"3 minutos"},"schema":{"@context":"https:\/\/schema.org","@graph":[{"@type":"Article","@id":"https:\/\/zeromagazine.mx\/index.php\/2025\/04\/02\/cuaresma-del-pacifico\/#article","isPartOf":{"@id":"https:\/\/zeromagazine.mx\/index.php\/2025\/04\/02\/cuaresma-del-pacifico\/"},"author":{"name":"David Morales","@id":"https:\/\/zeromagazine.mx\/#\/schema\/person\/9f7f1a17c60ba8e9980e3e6677aabe5a"},"headline":"Cuaresma Del Pac\u00edfico","datePublished":"2025-04-02T22:51:46+00:00","dateModified":"2025-04-02T22:51:48+00:00","mainEntityOfPage":{"@id":"https:\/\/zeromagazine.mx\/index.php\/2025\/04\/02\/cuaresma-del-pacifico\/"},"wordCount":347,"commentCount":0,"publisher":{"@id":"https:\/\/zeromagazine.mx\/#organization"},"image":{"@id":"https:\/\/zeromagazine.mx\/index.php\/2025\/04\/02\/cuaresma-del-pacifico\/#primaryimage"},"thumbnailUrl":"https:\/\/i0.wp.com\/zeromagazine.mx\/wp-content\/uploads\/2025\/04\/unnamed.png?fit=389%2C258&ssl=1","keywords":["Casa Roma Norte","CDMX","Cuaresma","Semana Santa"],"articleSection":["Viajes"],"inLanguage":"es","potentialAction":[{"@type":"CommentAction","name":"Comment","target":["https:\/\/zeromagazine.mx\/index.php\/2025\/04\/02\/cuaresma-del-pacifico\/#respond"]}]},{"@type":"WebPage","@id":"https:\/\/zeromagazine.mx\/index.php\/2025\/04\/02\/cuaresma-del-pacifico\/","url":"https:\/\/zeromagazine.mx\/index.php\/2025\/04\/02\/cuaresma-del-pacifico\/","name":"Cuaresma Del Pac\u00edfico - Zero Magazine","isPartOf":{"@id":"https:\/\/zeromagazine.mx\/#website"},"primaryImageOfPage":{"@id":"https:\/\/zeromagazine.mx\/index.php\/2025\/04\/02\/cuaresma-del-pacifico\/#primaryimage"},"image":{"@id":"https:\/\/zeromagazine.mx\/index.php\/2025\/04\/02\/cuaresma-del-pacifico\/#primaryimage"},"thumbnailUrl":"https:\/\/i0.wp.com\/zeromagazine.mx\/wp-content\/uploads\/2025\/04\/unnamed.png?fit=389%2C258&ssl=1","datePublished":"2025-04-02T22:51:46+00:00","dateModified":"2025-04-02T22:51:48+00:00","description":"Casona Roma lanza men\u00fa de Cuaresma del Pac\u00edfico, que contiene puro sabor marino que te deleitara estas vacaciones.","breadcrumb":{"@id":"https:\/\/zeromagazine.mx\/index.php\/2025\/04\/02\/cuaresma-del-pacifico\/#breadcrumb"},"inLanguage":"es","potentialAction":[{"@type":"ReadAction","target":["https:\/\/zeromagazine.mx\/index.php\/2025\/04\/02\/cuaresma-del-pacifico\/"]}]},{"@type":"ImageObject","inLanguage":"es","@id":"https:\/\/zeromagazine.mx\/index.php\/2025\/04\/02\/cuaresma-del-pacifico\/#primaryimage","url":"https:\/\/i0.wp.com\/zeromagazine.mx\/wp-content\/uploads\/2025\/04\/unnamed.png?fit=389%2C258&ssl=1","contentUrl":"https:\/\/i0.wp.com\/zeromagazine.mx\/wp-content\/uploads\/2025\/04\/unnamed.png?fit=389%2C258&ssl=1","width":389,"height":258},{"@type":"BreadcrumbList","@id":"https:\/\/zeromagazine.mx\/index.php\/2025\/04\/02\/cuaresma-del-pacifico\/#breadcrumb","itemListElement":[{"@type":"ListItem","position":1,"name":"Portada","item":"https:\/\/zeromagazine.mx\/"},{"@type":"ListItem","position":2,"name":"Cuaresma Del Pac\u00edfico"}]},{"@type":"WebSite","@id":"https:\/\/zeromagazine.mx\/#website","url":"https:\/\/zeromagazine.mx\/","name":"Zero Magazine","description":"","publisher":{"@id":"https:\/\/zeromagazine.mx\/#organization"},"potentialAction":[{"@type":"SearchAction","target":{"@type":"EntryPoint","urlTemplate":"https:\/\/zeromagazine.mx\/?s={search_term_string}"},"query-input":{"@type":"PropertyValueSpecification","valueRequired":true,"valueName":"search_term_string"}}],"inLanguage":"es"},{"@type":"Organization","@id":"https:\/\/zeromagazine.mx\/#organization","name":"Zero Magazine","url":"https:\/\/zeromagazine.mx\/","logo":{"@type":"ImageObject","inLanguage":"es","@id":"https:\/\/zeromagazine.mx\/#\/schema\/logo\/image\/","url":"https:\/\/i0.wp.com\/zeromagazine.mx\/wp-content\/uploads\/2025\/11\/1.jpeg?fit=1000%2C1000&ssl=1","contentUrl":"https:\/\/i0.wp.com\/zeromagazine.mx\/wp-content\/uploads\/2025\/11\/1.jpeg?fit=1000%2C1000&ssl=1","width":1000,"height":1000,"caption":"Zero Magazine"},"image":{"@id":"https:\/\/zeromagazine.mx\/#\/schema\/logo\/image\/"},"sameAs":["https:\/\/instagram.com\/zeromagazinemx"]},{"@type":"Person","@id":"https:\/\/zeromagazine.mx\/#\/schema\/person\/9f7f1a17c60ba8e9980e3e6677aabe5a","name":"David Morales","image":{"@type":"ImageObject","inLanguage":"es","@id":"https:\/\/zeromagazine.mx\/wp-content\/litespeed\/avatar\/76069d2136bfc1c37dc34815bb67ca42.jpg?ver=1777571067","url":"https:\/\/zeromagazine.mx\/wp-content\/litespeed\/avatar\/76069d2136bfc1c37dc34815bb67ca42.jpg?ver=1777571067","contentUrl":"https:\/\/zeromagazine.mx\/wp-content\/litespeed\/avatar\/76069d2136bfc1c37dc34815bb67ca42.jpg?ver=1777571067","caption":"David Morales"},"url":"https:\/\/zeromagazine.mx\/index.php\/author\/david\/"}]}},"jetpack_publicize_connections":[],"jetpack_featured_media_url":"https:\/\/i0.wp.com\/zeromagazine.mx\/wp-content\/uploads\/2025\/04\/unnamed.png?fit=389%2C258&ssl=1","jetpack-related-posts":[{"id":97774,"url":"https:\/\/zeromagazine.mx\/index.php\/2025\/02\/27\/cuaresma-con-sabor\/","url_meta":{"origin":100359,"position":0},"title":"Cuaresma con Sabor","author":"David Morales","date":"27 de febrero de 2025","format":false,"excerpt":"La temporada de Cuaresma no tiene por qu\u00e9 ser aburrida o mon\u00f3tona, y en la Ciudad de M\u00e9xico hay opciones que la hacen una experiencia gastron\u00f3mica top. Si cre\u00edas que se trataba solo de pescado empanizado y calditos ins\u00edpidos, ag\u00e1rrate, porque aqu\u00ed hay restaurantes que est\u00e1n redefiniendo el concepto con\u2026","rel":"","context":"En \u00abViajes\u00bb","block_context":{"text":"Viajes","link":"https:\/\/zeromagazine.mx\/index.php\/category\/lugares\/"},"img":{"alt_text":"","src":"https:\/\/i0.wp.com\/zeromagazine.mx\/wp-content\/uploads\/2025\/02\/Street-view-of-our-bar-scaled.jpg?fit=1200%2C800&ssl=1&resize=350%2C200","width":350,"height":200,"srcset":"https:\/\/i0.wp.com\/zeromagazine.mx\/wp-content\/uploads\/2025\/02\/Street-view-of-our-bar-scaled.jpg?fit=1200%2C800&ssl=1&resize=350%2C200 1x, https:\/\/i0.wp.com\/zeromagazine.mx\/wp-content\/uploads\/2025\/02\/Street-view-of-our-bar-scaled.jpg?fit=1200%2C800&ssl=1&resize=525%2C300 1.5x, https:\/\/i0.wp.com\/zeromagazine.mx\/wp-content\/uploads\/2025\/02\/Street-view-of-our-bar-scaled.jpg?fit=1200%2C800&ssl=1&resize=700%2C400 2x, https:\/\/i0.wp.com\/zeromagazine.mx\/wp-content\/uploads\/2025\/02\/Street-view-of-our-bar-scaled.jpg?fit=1200%2C800&ssl=1&resize=1050%2C600 3x"},"classes":[]},{"id":102562,"url":"https:\/\/zeromagazine.mx\/index.php\/2025\/04\/25\/un-brunch-para-mama-de-aquiles\/","url_meta":{"origin":100359,"position":1},"title":"Un Brunch Para Mam\u00e1 De Aquiles","author":"David Morales","date":"25 de abril de 2025","format":false,"excerpt":"Amix, si andas buscando plan mega especial para este 10 o 11 de mayo, ya no busques m\u00e1s: el restaurante Aquiles en Casona Roma Norte arm\u00f3 un brunch para mam\u00e1 que no es solo comida rica, es una experiencia de sabores que abrazan. Entre arquitectura porfiriana, platillos comfort food y\u2026","rel":"","context":"En \u00abViajes\u00bb","block_context":{"text":"Viajes","link":"https:\/\/zeromagazine.mx\/index.php\/category\/lugares\/"},"img":{"alt_text":"","src":"https:\/\/i0.wp.com\/zeromagazine.mx\/wp-content\/uploads\/2025\/04\/AQUILES_AQUILES-CHAVEZ_036-1-scaled.jpg?fit=1200%2C800&ssl=1&resize=350%2C200","width":350,"height":200,"srcset":"https:\/\/i0.wp.com\/zeromagazine.mx\/wp-content\/uploads\/2025\/04\/AQUILES_AQUILES-CHAVEZ_036-1-scaled.jpg?fit=1200%2C800&ssl=1&resize=350%2C200 1x, https:\/\/i0.wp.com\/zeromagazine.mx\/wp-content\/uploads\/2025\/04\/AQUILES_AQUILES-CHAVEZ_036-1-scaled.jpg?fit=1200%2C800&ssl=1&resize=525%2C300 1.5x, https:\/\/i0.wp.com\/zeromagazine.mx\/wp-content\/uploads\/2025\/04\/AQUILES_AQUILES-CHAVEZ_036-1-scaled.jpg?fit=1200%2C800&ssl=1&resize=700%2C400 2x, https:\/\/i0.wp.com\/zeromagazine.mx\/wp-content\/uploads\/2025\/04\/AQUILES_AQUILES-CHAVEZ_036-1-scaled.jpg?fit=1200%2C800&ssl=1&resize=1050%2C600 3x"},"classes":[]},{"id":72155,"url":"https:\/\/zeromagazine.mx\/index.php\/2024\/03\/15\/comienza-a-disfrutar-la-cuaresma-con-estas-recetas-deliciosas-junto-a-saladitas-gamesa\/","url_meta":{"origin":100359,"position":2},"title":"Comienza a disfrutar la Cuaresma con estas recetas deliciosas junto a Saladitas\u00ae Gamesa\u00ae","author":"zeromagazinemx","date":"15 de marzo de 2024","format":false,"excerpt":"La llegada de la temporada de Cuaresma y c\u00f3mo Saladitas\u00ae Gamesa\u00ae est\u00e1 a\u00f1adiendo un toque especial a nuestros platillos tradicionales de mariscos. La gastronom\u00eda mexicana es tan diversa que tiene un platillo perfecto para cada ocasi\u00f3n, y durante la Cuaresma, los pescados y mariscos se convierten en los protagonistas de\u2026","rel":"","context":"En \u00abFoodie\u00bb","block_context":{"text":"Foodie","link":"https:\/\/zeromagazine.mx\/index.php\/category\/lifestyle\/foodie\/"},"img":{"alt_text":"","src":"https:\/\/i0.wp.com\/zeromagazine.mx\/wp-content\/uploads\/2024\/03\/Evento-Saladitas-Febrero-13.02.24-249-scaled.jpg?fit=1200%2C800&ssl=1&resize=350%2C200","width":350,"height":200,"srcset":"https:\/\/i0.wp.com\/zeromagazine.mx\/wp-content\/uploads\/2024\/03\/Evento-Saladitas-Febrero-13.02.24-249-scaled.jpg?fit=1200%2C800&ssl=1&resize=350%2C200 1x, https:\/\/i0.wp.com\/zeromagazine.mx\/wp-content\/uploads\/2024\/03\/Evento-Saladitas-Febrero-13.02.24-249-scaled.jpg?fit=1200%2C800&ssl=1&resize=525%2C300 1.5x, https:\/\/i0.wp.com\/zeromagazine.mx\/wp-content\/uploads\/2024\/03\/Evento-Saladitas-Febrero-13.02.24-249-scaled.jpg?fit=1200%2C800&ssl=1&resize=700%2C400 2x, https:\/\/i0.wp.com\/zeromagazine.mx\/wp-content\/uploads\/2024\/03\/Evento-Saladitas-Febrero-13.02.24-249-scaled.jpg?fit=1200%2C800&ssl=1&resize=1050%2C600 3x"},"classes":[]},{"id":71563,"url":"https:\/\/zeromagazine.mx\/index.php\/2024\/03\/07\/3-destinos-perfectos-para-disfrutar-de-los-sabores-de-cuaresma-en-la-ciudad-de-mexico\/","url_meta":{"origin":100359,"position":3},"title":"3 Destinos perfectos para disfrutar de los sabores de Cuaresma en la Ciudad de M\u00e9xico","author":"zeromagazinemx","date":"7 de marzo de 2024","format":false,"excerpt":"La Cuaresma ha llegado y con ella la oportunidad de disfrutar de deliciosos platillos de vigilia que respetan la tradici\u00f3n sin sacrificar el sabor. \u00bfD\u00f3nde encontrar estos manjares en la Ciudad de M\u00e9xico? Aqu\u00ed te presento tres lugares ideales para deleitar tu paladar durante esta temporada especial. Para empezar, A\u00fana\u2026","rel":"","context":"En \u00abFoodie\u00bb","block_context":{"text":"Foodie","link":"https:\/\/zeromagazine.mx\/index.php\/category\/lifestyle\/foodie\/"},"img":{"alt_text":"","src":"https:\/\/i0.wp.com\/zeromagazine.mx\/wp-content\/uploads\/2024\/03\/pexels-chan-walrus-958545-scaled.jpg?fit=1200%2C675&ssl=1&resize=350%2C200","width":350,"height":200,"srcset":"https:\/\/i0.wp.com\/zeromagazine.mx\/wp-content\/uploads\/2024\/03\/pexels-chan-walrus-958545-scaled.jpg?fit=1200%2C675&ssl=1&resize=350%2C200 1x, https:\/\/i0.wp.com\/zeromagazine.mx\/wp-content\/uploads\/2024\/03\/pexels-chan-walrus-958545-scaled.jpg?fit=1200%2C675&ssl=1&resize=525%2C300 1.5x, https:\/\/i0.wp.com\/zeromagazine.mx\/wp-content\/uploads\/2024\/03\/pexels-chan-walrus-958545-scaled.jpg?fit=1200%2C675&ssl=1&resize=700%2C400 2x, https:\/\/i0.wp.com\/zeromagazine.mx\/wp-content\/uploads\/2024\/03\/pexels-chan-walrus-958545-scaled.jpg?fit=1200%2C675&ssl=1&resize=1050%2C600 3x"},"classes":[]},{"id":99368,"url":"https:\/\/zeromagazine.mx\/index.php\/2025\/03\/21\/ceviche-de-manzana-frescura-y-sabor\/","url_meta":{"origin":100359,"position":4},"title":"Ceviche de Manzana: Frescura Y Sabor","author":"David Morales","date":"21 de marzo de 2025","format":false,"excerpt":"Amix, ya sabemos que en Cuaresma andamos buscando platillos ligeros y llenos de sabor. Y obvio, no podemos quedarnos con las recetas de siempre, \u00bfverdad? Por eso, hoy les traigo una propuesta que seguro va a romperla en sus comidas familiares: ceviche de manzana. As\u00ed como lo leen, una mezcla\u2026","rel":"","context":"En \u00abFoodie\u00bb","block_context":{"text":"Foodie","link":"https:\/\/zeromagazine.mx\/index.php\/category\/lifestyle\/foodie\/"},"img":{"alt_text":"","src":"https:\/\/i0.wp.com\/zeromagazine.mx\/wp-content\/uploads\/2025\/03\/ceviche-de-manzana.jpg?fit=1200%2C657&ssl=1&resize=350%2C200","width":350,"height":200,"srcset":"https:\/\/i0.wp.com\/zeromagazine.mx\/wp-content\/uploads\/2025\/03\/ceviche-de-manzana.jpg?fit=1200%2C657&ssl=1&resize=350%2C200 1x, https:\/\/i0.wp.com\/zeromagazine.mx\/wp-content\/uploads\/2025\/03\/ceviche-de-manzana.jpg?fit=1200%2C657&ssl=1&resize=525%2C300 1.5x, https:\/\/i0.wp.com\/zeromagazine.mx\/wp-content\/uploads\/2025\/03\/ceviche-de-manzana.jpg?fit=1200%2C657&ssl=1&resize=700%2C400 2x, https:\/\/i0.wp.com\/zeromagazine.mx\/wp-content\/uploads\/2025\/03\/ceviche-de-manzana.jpg?fit=1200%2C657&ssl=1&resize=1050%2C600 3x"},"classes":[]},{"id":99858,"url":"https:\/\/zeromagazine.mx\/index.php\/2025\/03\/27\/semana-santa-en-cdmx\/","url_meta":{"origin":100359,"position":5},"title":"Semana Santa En CDMX","author":"David Morales","date":"27 de marzo de 2025","format":false,"excerpt":"Si eres de lxs que aman descubrir lugares nuevos o simplemente quedarte en la ciudad durante Semana Santa, \u00a1prep\u00e1rate porque CDMX est\u00e1 llena de opciones incre\u00edbles! Desde restaurantes de autor hasta bares ocultos y hoteles de ensue\u00f1o, hay algo para cada mood y cada plan. As\u00ed que ponte comfy y\u2026","rel":"","context":"En \u00abViajes\u00bb","block_context":{"text":"Viajes","link":"https:\/\/zeromagazine.mx\/index.php\/category\/lugares\/"},"img":{"alt_text":"","src":"https:\/\/i0.wp.com\/zeromagazine.mx\/wp-content\/uploads\/2025\/03\/Captura-de-pantalla-2025-03-27-145117.png?fit=646%2C845&ssl=1&resize=350%2C200","width":350,"height":200,"srcset":"https:\/\/i0.wp.com\/zeromagazine.mx\/wp-content\/uploads\/2025\/03\/Captura-de-pantalla-2025-03-27-145117.png?fit=646%2C845&ssl=1&resize=350%2C200 1x, https:\/\/i0.wp.com\/zeromagazine.mx\/wp-content\/uploads\/2025\/03\/Captura-de-pantalla-2025-03-27-145117.png?fit=646%2C845&ssl=1&resize=525%2C300 1.5x"},"classes":[]}],"jetpack_sharing_enabled":true,"builder_content":"","_links":{"self":[{"href":"https:\/\/zeromagazine.mx\/index.php\/wp-json\/wp\/v2\/posts\/100359","targetHints":{"allow":["GET"]}}],"collection":[{"href":"https:\/\/zeromagazine.mx\/index.php\/wp-json\/wp\/v2\/posts"}],"about":[{"href":"https:\/\/zeromagazine.mx\/index.php\/wp-json\/wp\/v2\/types\/post"}],"author":[{"embeddable":true,"href":"https:\/\/zeromagazine.mx\/index.php\/wp-json\/wp\/v2\/users\/4"}],"replies":[{"embeddable":true,"href":"https:\/\/zeromagazine.mx\/index.php\/wp-json\/wp\/v2\/comments?post=100359"}],"version-history":[{"count":2,"href":"https:\/\/zeromagazine.mx\/index.php\/wp-json\/wp\/v2\/posts\/100359\/revisions"}],"predecessor-version":[{"id":100364,"href":"https:\/\/zeromagazine.mx\/index.php\/wp-json\/wp\/v2\/posts\/100359\/revisions\/100364"}],"wp:featuredmedia":[{"embeddable":true,"href":"https:\/\/zeromagazine.mx\/index.php\/wp-json\/wp\/v2\/media\/100360"}],"wp:attachment":[{"href":"https:\/\/zeromagazine.mx\/index.php\/wp-json\/wp\/v2\/media?parent=100359"}],"wp:term":[{"taxonomy":"category","embeddable":true,"href":"https:\/\/zeromagazine.mx\/index.php\/wp-json\/wp\/v2\/categories?post=100359"},{"taxonomy":"post_tag","embeddable":true,"href":"https:\/\/zeromagazine.mx\/index.php\/wp-json\/wp\/v2\/tags?post=100359"}],"curies":[{"name":"wp","href":"https:\/\/api.w.org\/{rel}","templated":true}]}}