{"id":101397,"date":"2025-04-12T13:02:14","date_gmt":"2025-04-12T19:02:14","guid":{"rendered":"https:\/\/zeromagazine.mx\/?p=101397"},"modified":"2025-04-12T13:02:15","modified_gmt":"2025-04-12T19:02:15","slug":"talento-mirinda","status":"publish","type":"post","link":"https:\/\/zeromagazine.mx\/index.php\/2025\/04\/12\/talento-mirinda\/","title":{"rendered":"Talento Mirinda"},"content":{"rendered":"<p>Amix, la neta es que hay campa\u00f1as y luego hay movimientos que te dan ganas de expresarte sin filtros. As\u00ed es justo como se siente <em>Impulsa tu talento<\/em>, la nueva apuesta de <strong>Mirinda<\/strong>, que no solo viene con colores intensos y sabores top, sino con una vibra que grita <strong>mezcla tu mundo<\/strong> en cada sorbo. Esta campa\u00f1a no se trata solo de publicidad, sino de celebrar el talento joven, emergente y sin miedo. As\u00ed que amix en esta nota encontraras algunos detalles para que puedas formar parte de este talento.<\/p>\n\n\n\n<h3 class=\"wp-block-heading\">Talento que conecta<\/h3>\n\n\n\n<p>Primero, tenemos a <strong>Ely Ely<\/strong>, ilustradora mexicana que hizo magia con la merch oficial de Mirinda\u00ae Sus dise\u00f1os est\u00e1n inspirados en la energ\u00eda vibrante de la marca y se ven como si tus ideas m\u00e1s locas cobraran vida en forma de ropa. Piezas \u00fanicas, aut\u00e9nticas y que invitan a que <strong>mezcles tu mundo<\/strong> entre arte, estilo y cero reglas. Despu\u00e9s, <strong>Deus Amir<\/strong> se suma al team con todo el power del universo gamer. Retos, torneos, transmisiones y un mont\u00f3n de interacci\u00f3n para mostrar que el gaming tambi\u00e9n es arte y expresi\u00f3n. No es solo jugar, es una forma de conectar, de contar historias, y s\u00ed, de <strong>mezclar tu mundo<\/strong> digital con el real.<\/p>\n\n\n<div class=\"wp-block-image\">\n<figure class=\"aligncenter size-full\"><img data-recalc-dims=\"1\" decoding=\"async\" width=\"1165\" height=\"774\" src=\"https:\/\/i0.wp.com\/zeromagazine.mx\/wp-content\/uploads\/2025\/04\/unnamed-3.png?resize=1165%2C774\" alt=\"\" class=\"wp-image-101398\" srcset=\"https:\/\/i0.wp.com\/zeromagazine.mx\/wp-content\/uploads\/2025\/04\/unnamed-3.png?w=1992&amp;ssl=1 1992w, https:\/\/i0.wp.com\/zeromagazine.mx\/wp-content\/uploads\/2025\/04\/unnamed-3.png?resize=300%2C199&amp;ssl=1 300w, https:\/\/i0.wp.com\/zeromagazine.mx\/wp-content\/uploads\/2025\/04\/unnamed-3.png?resize=1024%2C681&amp;ssl=1 1024w, https:\/\/i0.wp.com\/zeromagazine.mx\/wp-content\/uploads\/2025\/04\/unnamed-3.png?resize=768%2C510&amp;ssl=1 768w, https:\/\/i0.wp.com\/zeromagazine.mx\/wp-content\/uploads\/2025\/04\/unnamed-3.png?resize=1536%2C1021&amp;ssl=1 1536w\" sizes=\"(max-width: 1165px) 100vw, 1165px\" \/><\/figure>\n<\/div>\n\n\n<h3 class=\"wp-block-heading\">M\u00fasica y crecimiento<\/h3>\n\n\n\n<p>Asimismo, <strong>Las Prez<\/strong> llegan a la escena con un temazo creado especialmente para la campa\u00f1a. Dos hermanas, un sonido fresco y una letra que vibra con todes quienes quieren brillar sin miedo. Su canci\u00f3n es un mood, un statement y una invitaci\u00f3n directa a que saques todo lo que tienes dentro y lo compartas. Por \u00faltimo, <em>Impulsa tu talento<\/em> no es un proyecto temporal, es una plataforma para que artistas, dise\u00f1adores, gamers y m\u00fasicos encuentren un espacio real donde crecer, crear y compartir. Porque cuando te dan libertad, t\u00fa decides c\u00f3mo <strong>mezclar tu mundo<\/strong>.<\/p>\n\n\n\n<p>\ud83c\udf4a Sigue toda la movida en: <a class=\"\" href=\"https:\/\/www.instagram.com\/mirindamx\">@mirindamx<\/a><\/p>\n\n\n\n<script async src=\"https:\/\/pagead2.googlesyndication.com\/pagead\/js\/adsbygoogle.js?client=ca-pub-5499304793904745\"\n     crossorigin=\"anonymous\"><\/script>\n<ins class=\"adsbygoogle\"\n     style=\"display:block; text-align:center;\"\n     data-ad-layout=\"in-article\"\n     data-ad-format=\"fluid\"\n     data-ad-client=\"ca-pub-5499304793904745\"\n     data-ad-slot=\"5994863093\"><\/ins>\n<script>\n     (adsbygoogle = window.adsbygoogle || []).push({});\n<\/script>\n\n<!--themify_builder_content-->\n<div id=\"themify_builder_content-101397\" data-postid=\"101397\" class=\"themify_builder_content themify_builder_content-101397 themify_builder tf_clear\">\n    <\/div>\n<!--\/themify_builder_content-->","protected":false},"excerpt":{"rendered":"<p>Amix, la neta es que hay campa\u00f1as y luego hay movimientos que te dan ganas de expresarte sin filtros. As\u00ed es justo como se siente Impulsa tu talento, la nueva apuesta de Mirinda, que no solo viene con colores intensos y sabores top, sino con una vibra que grita mezcla tu mundo en cada sorbo. [&hellip;]<\/p>\n","protected":false},"author":4,"featured_media":101399,"comment_status":"open","ping_status":"open","sticky":false,"template":"","format":"standard","meta":{"_jetpack_memberships_contains_paid_content":false,"footnotes":"","jetpack_publicize_message":"","jetpack_publicize_feature_enabled":true,"jetpack_social_post_already_shared":true,"jetpack_social_options":{"image_generator_settings":{"template":"highway","default_image_id":0,"font":"","enabled":false},"version":2}},"categories":[6870],"tags":[13294,13293,1231,13297,13295,9005,4294,13291],"class_list":["post-101397","post","type-post","status-publish","format-standard","has-post-thumbnail","hentry","category-foodie","tag-deus-amir","tag-ely-ely","tag-gamer","tag-impulsa-tu-talento","tag-las-prez","tag-mirinda","tag-musica","tag-refrescos","has-post-title","has-post-date","has-post-category","has-post-tag","has-post-comment","has-post-author",""],"yoast_head":"<!-- This site is optimized with the Yoast SEO plugin v27.4 - https:\/\/yoast.com\/product\/yoast-seo-wordpress\/ -->\n<title>Talento Mirinda - Zero Magazine<\/title>\n<meta name=\"description\" content=\"Mirinda, lanza su campa\u00f1a Impulsa Talento, donde te invita a formar parte e impulsar artistas emergente de diversos medios,\" \/>\n<meta name=\"robots\" content=\"index, follow, max-snippet:-1, max-image-preview:large, max-video-preview:-1\" \/>\n<link rel=\"canonical\" href=\"https:\/\/zeromagazine.mx\/index.php\/2025\/04\/12\/talento-mirinda\/\" \/>\n<meta property=\"og:locale\" content=\"es_ES\" \/>\n<meta property=\"og:type\" content=\"article\" \/>\n<meta property=\"og:title\" content=\"Talento Mirinda - Zero Magazine\" \/>\n<meta property=\"og:description\" content=\"Mirinda, lanza su campa\u00f1a Impulsa Talento, donde te invita a formar parte e impulsar artistas emergente de diversos medios,\" \/>\n<meta property=\"og:url\" content=\"https:\/\/zeromagazine.mx\/index.php\/2025\/04\/12\/talento-mirinda\/\" \/>\n<meta property=\"og:site_name\" content=\"Zero Magazine\" \/>\n<meta property=\"article:published_time\" content=\"2025-04-12T19:02:14+00:00\" \/>\n<meta property=\"article:modified_time\" content=\"2025-04-12T19:02:15+00:00\" \/>\n<meta property=\"og:image\" content=\"http:\/\/zeromagazine.mx\/wp-content\/uploads\/2025\/04\/Captura-de-pantalla-2025-04-10-a-las-7.55.15\u202fp.m.png\" \/>\n\t<meta property=\"og:image:width\" content=\"320\" \/>\n\t<meta property=\"og:image:height\" content=\"242\" \/>\n\t<meta property=\"og:image:type\" content=\"image\/png\" \/>\n<meta name=\"author\" content=\"David Morales\" \/>\n<meta name=\"twitter:card\" content=\"summary_large_image\" \/>\n<meta name=\"twitter:label1\" content=\"Escrito por\" \/>\n\t<meta name=\"twitter:data1\" content=\"David Morales\" \/>\n\t<meta name=\"twitter:label2\" content=\"Tiempo de lectura\" \/>\n\t<meta name=\"twitter:data2\" content=\"2 minutos\" \/>\n<script type=\"application\/ld+json\" class=\"yoast-schema-graph\">{\"@context\":\"https:\\\/\\\/schema.org\",\"@graph\":[{\"@type\":\"Article\",\"@id\":\"https:\\\/\\\/zeromagazine.mx\\\/index.php\\\/2025\\\/04\\\/12\\\/talento-mirinda\\\/#article\",\"isPartOf\":{\"@id\":\"https:\\\/\\\/zeromagazine.mx\\\/index.php\\\/2025\\\/04\\\/12\\\/talento-mirinda\\\/\"},\"author\":{\"name\":\"David Morales\",\"@id\":\"https:\\\/\\\/zeromagazine.mx\\\/#\\\/schema\\\/person\\\/9f7f1a17c60ba8e9980e3e6677aabe5a\"},\"headline\":\"Talento Mirinda\",\"datePublished\":\"2025-04-12T19:02:14+00:00\",\"dateModified\":\"2025-04-12T19:02:15+00:00\",\"mainEntityOfPage\":{\"@id\":\"https:\\\/\\\/zeromagazine.mx\\\/index.php\\\/2025\\\/04\\\/12\\\/talento-mirinda\\\/\"},\"wordCount\":330,\"commentCount\":0,\"publisher\":{\"@id\":\"https:\\\/\\\/zeromagazine.mx\\\/#organization\"},\"image\":{\"@id\":\"https:\\\/\\\/zeromagazine.mx\\\/index.php\\\/2025\\\/04\\\/12\\\/talento-mirinda\\\/#primaryimage\"},\"thumbnailUrl\":\"https:\\\/\\\/i0.wp.com\\\/zeromagazine.mx\\\/wp-content\\\/uploads\\\/2025\\\/04\\\/Captura-de-pantalla-2025-04-10-a-las-7.55.15%E2%80%AFp.m.png?fit=320%2C242&ssl=1\",\"keywords\":[\"Deus Amir\",\"Ely Ely\",\"Gamer\",\"impulsa tu talento\",\"Las Prez\",\"Mirinda\",\"M\u00fasica\",\"Refrescos\"],\"articleSection\":[\"Foodie\"],\"inLanguage\":\"es\",\"potentialAction\":[{\"@type\":\"CommentAction\",\"name\":\"Comment\",\"target\":[\"https:\\\/\\\/zeromagazine.mx\\\/index.php\\\/2025\\\/04\\\/12\\\/talento-mirinda\\\/#respond\"]}]},{\"@type\":\"WebPage\",\"@id\":\"https:\\\/\\\/zeromagazine.mx\\\/index.php\\\/2025\\\/04\\\/12\\\/talento-mirinda\\\/\",\"url\":\"https:\\\/\\\/zeromagazine.mx\\\/index.php\\\/2025\\\/04\\\/12\\\/talento-mirinda\\\/\",\"name\":\"Talento Mirinda - Zero Magazine\",\"isPartOf\":{\"@id\":\"https:\\\/\\\/zeromagazine.mx\\\/#website\"},\"primaryImageOfPage\":{\"@id\":\"https:\\\/\\\/zeromagazine.mx\\\/index.php\\\/2025\\\/04\\\/12\\\/talento-mirinda\\\/#primaryimage\"},\"image\":{\"@id\":\"https:\\\/\\\/zeromagazine.mx\\\/index.php\\\/2025\\\/04\\\/12\\\/talento-mirinda\\\/#primaryimage\"},\"thumbnailUrl\":\"https:\\\/\\\/i0.wp.com\\\/zeromagazine.mx\\\/wp-content\\\/uploads\\\/2025\\\/04\\\/Captura-de-pantalla-2025-04-10-a-las-7.55.15%E2%80%AFp.m.png?fit=320%2C242&ssl=1\",\"datePublished\":\"2025-04-12T19:02:14+00:00\",\"dateModified\":\"2025-04-12T19:02:15+00:00\",\"description\":\"Mirinda, lanza su campa\u00f1a Impulsa Talento, donde te invita a formar parte e impulsar artistas emergente de diversos medios,\",\"breadcrumb\":{\"@id\":\"https:\\\/\\\/zeromagazine.mx\\\/index.php\\\/2025\\\/04\\\/12\\\/talento-mirinda\\\/#breadcrumb\"},\"inLanguage\":\"es\",\"potentialAction\":[{\"@type\":\"ReadAction\",\"target\":[\"https:\\\/\\\/zeromagazine.mx\\\/index.php\\\/2025\\\/04\\\/12\\\/talento-mirinda\\\/\"]}]},{\"@type\":\"ImageObject\",\"inLanguage\":\"es\",\"@id\":\"https:\\\/\\\/zeromagazine.mx\\\/index.php\\\/2025\\\/04\\\/12\\\/talento-mirinda\\\/#primaryimage\",\"url\":\"https:\\\/\\\/i0.wp.com\\\/zeromagazine.mx\\\/wp-content\\\/uploads\\\/2025\\\/04\\\/Captura-de-pantalla-2025-04-10-a-las-7.55.15%E2%80%AFp.m.png?fit=320%2C242&ssl=1\",\"contentUrl\":\"https:\\\/\\\/i0.wp.com\\\/zeromagazine.mx\\\/wp-content\\\/uploads\\\/2025\\\/04\\\/Captura-de-pantalla-2025-04-10-a-las-7.55.15%E2%80%AFp.m.png?fit=320%2C242&ssl=1\",\"width\":320,\"height\":242},{\"@type\":\"BreadcrumbList\",\"@id\":\"https:\\\/\\\/zeromagazine.mx\\\/index.php\\\/2025\\\/04\\\/12\\\/talento-mirinda\\\/#breadcrumb\",\"itemListElement\":[{\"@type\":\"ListItem\",\"position\":1,\"name\":\"Portada\",\"item\":\"https:\\\/\\\/zeromagazine.mx\\\/\"},{\"@type\":\"ListItem\",\"position\":2,\"name\":\"Talento Mirinda\"}]},{\"@type\":\"WebSite\",\"@id\":\"https:\\\/\\\/zeromagazine.mx\\\/#website\",\"url\":\"https:\\\/\\\/zeromagazine.mx\\\/\",\"name\":\"Zero Magazine\",\"description\":\"\",\"publisher\":{\"@id\":\"https:\\\/\\\/zeromagazine.mx\\\/#organization\"},\"potentialAction\":[{\"@type\":\"SearchAction\",\"target\":{\"@type\":\"EntryPoint\",\"urlTemplate\":\"https:\\\/\\\/zeromagazine.mx\\\/?s={search_term_string}\"},\"query-input\":{\"@type\":\"PropertyValueSpecification\",\"valueRequired\":true,\"valueName\":\"search_term_string\"}}],\"inLanguage\":\"es\"},{\"@type\":\"Organization\",\"@id\":\"https:\\\/\\\/zeromagazine.mx\\\/#organization\",\"name\":\"Zero Magazine\",\"url\":\"https:\\\/\\\/zeromagazine.mx\\\/\",\"logo\":{\"@type\":\"ImageObject\",\"inLanguage\":\"es\",\"@id\":\"https:\\\/\\\/zeromagazine.mx\\\/#\\\/schema\\\/logo\\\/image\\\/\",\"url\":\"https:\\\/\\\/i0.wp.com\\\/zeromagazine.mx\\\/wp-content\\\/uploads\\\/2025\\\/11\\\/1.jpeg?fit=1000%2C1000&ssl=1\",\"contentUrl\":\"https:\\\/\\\/i0.wp.com\\\/zeromagazine.mx\\\/wp-content\\\/uploads\\\/2025\\\/11\\\/1.jpeg?fit=1000%2C1000&ssl=1\",\"width\":1000,\"height\":1000,\"caption\":\"Zero Magazine\"},\"image\":{\"@id\":\"https:\\\/\\\/zeromagazine.mx\\\/#\\\/schema\\\/logo\\\/image\\\/\"},\"sameAs\":[\"https:\\\/\\\/instagram.com\\\/zeromagazinemx\"]},{\"@type\":\"Person\",\"@id\":\"https:\\\/\\\/zeromagazine.mx\\\/#\\\/schema\\\/person\\\/9f7f1a17c60ba8e9980e3e6677aabe5a\",\"name\":\"David Morales\",\"image\":{\"@type\":\"ImageObject\",\"inLanguage\":\"es\",\"@id\":\"https:\\\/\\\/zeromagazine.mx\\\/wp-content\\\/litespeed\\\/avatar\\\/76069d2136bfc1c37dc34815bb67ca42.jpg?ver=1776966186\",\"url\":\"https:\\\/\\\/zeromagazine.mx\\\/wp-content\\\/litespeed\\\/avatar\\\/76069d2136bfc1c37dc34815bb67ca42.jpg?ver=1776966186\",\"contentUrl\":\"https:\\\/\\\/zeromagazine.mx\\\/wp-content\\\/litespeed\\\/avatar\\\/76069d2136bfc1c37dc34815bb67ca42.jpg?ver=1776966186\",\"caption\":\"David Morales\"},\"url\":\"https:\\\/\\\/zeromagazine.mx\\\/index.php\\\/author\\\/david\\\/\"}]}<\/script>\n<!-- \/ Yoast SEO plugin. -->","yoast_head_json":{"title":"Talento Mirinda - Zero Magazine","description":"Mirinda, lanza su campa\u00f1a Impulsa Talento, donde te invita a formar parte e impulsar artistas emergente de diversos medios,","robots":{"index":"index","follow":"follow","max-snippet":"max-snippet:-1","max-image-preview":"max-image-preview:large","max-video-preview":"max-video-preview:-1"},"canonical":"https:\/\/zeromagazine.mx\/index.php\/2025\/04\/12\/talento-mirinda\/","og_locale":"es_ES","og_type":"article","og_title":"Talento Mirinda - Zero Magazine","og_description":"Mirinda, lanza su campa\u00f1a Impulsa Talento, donde te invita a formar parte e impulsar artistas emergente de diversos medios,","og_url":"https:\/\/zeromagazine.mx\/index.php\/2025\/04\/12\/talento-mirinda\/","og_site_name":"Zero Magazine","article_published_time":"2025-04-12T19:02:14+00:00","article_modified_time":"2025-04-12T19:02:15+00:00","og_image":[{"width":320,"height":242,"url":"http:\/\/zeromagazine.mx\/wp-content\/uploads\/2025\/04\/Captura-de-pantalla-2025-04-10-a-las-7.55.15\u202fp.m.png","type":"image\/png"}],"author":"David Morales","twitter_card":"summary_large_image","twitter_misc":{"Escrito por":"David Morales","Tiempo de lectura":"2 minutos"},"schema":{"@context":"https:\/\/schema.org","@graph":[{"@type":"Article","@id":"https:\/\/zeromagazine.mx\/index.php\/2025\/04\/12\/talento-mirinda\/#article","isPartOf":{"@id":"https:\/\/zeromagazine.mx\/index.php\/2025\/04\/12\/talento-mirinda\/"},"author":{"name":"David Morales","@id":"https:\/\/zeromagazine.mx\/#\/schema\/person\/9f7f1a17c60ba8e9980e3e6677aabe5a"},"headline":"Talento Mirinda","datePublished":"2025-04-12T19:02:14+00:00","dateModified":"2025-04-12T19:02:15+00:00","mainEntityOfPage":{"@id":"https:\/\/zeromagazine.mx\/index.php\/2025\/04\/12\/talento-mirinda\/"},"wordCount":330,"commentCount":0,"publisher":{"@id":"https:\/\/zeromagazine.mx\/#organization"},"image":{"@id":"https:\/\/zeromagazine.mx\/index.php\/2025\/04\/12\/talento-mirinda\/#primaryimage"},"thumbnailUrl":"https:\/\/i0.wp.com\/zeromagazine.mx\/wp-content\/uploads\/2025\/04\/Captura-de-pantalla-2025-04-10-a-las-7.55.15%E2%80%AFp.m.png?fit=320%2C242&ssl=1","keywords":["Deus Amir","Ely Ely","Gamer","impulsa tu talento","Las Prez","Mirinda","M\u00fasica","Refrescos"],"articleSection":["Foodie"],"inLanguage":"es","potentialAction":[{"@type":"CommentAction","name":"Comment","target":["https:\/\/zeromagazine.mx\/index.php\/2025\/04\/12\/talento-mirinda\/#respond"]}]},{"@type":"WebPage","@id":"https:\/\/zeromagazine.mx\/index.php\/2025\/04\/12\/talento-mirinda\/","url":"https:\/\/zeromagazine.mx\/index.php\/2025\/04\/12\/talento-mirinda\/","name":"Talento Mirinda - Zero Magazine","isPartOf":{"@id":"https:\/\/zeromagazine.mx\/#website"},"primaryImageOfPage":{"@id":"https:\/\/zeromagazine.mx\/index.php\/2025\/04\/12\/talento-mirinda\/#primaryimage"},"image":{"@id":"https:\/\/zeromagazine.mx\/index.php\/2025\/04\/12\/talento-mirinda\/#primaryimage"},"thumbnailUrl":"https:\/\/i0.wp.com\/zeromagazine.mx\/wp-content\/uploads\/2025\/04\/Captura-de-pantalla-2025-04-10-a-las-7.55.15%E2%80%AFp.m.png?fit=320%2C242&ssl=1","datePublished":"2025-04-12T19:02:14+00:00","dateModified":"2025-04-12T19:02:15+00:00","description":"Mirinda, lanza su campa\u00f1a Impulsa Talento, donde te invita a formar parte e impulsar artistas emergente de diversos medios,","breadcrumb":{"@id":"https:\/\/zeromagazine.mx\/index.php\/2025\/04\/12\/talento-mirinda\/#breadcrumb"},"inLanguage":"es","potentialAction":[{"@type":"ReadAction","target":["https:\/\/zeromagazine.mx\/index.php\/2025\/04\/12\/talento-mirinda\/"]}]},{"@type":"ImageObject","inLanguage":"es","@id":"https:\/\/zeromagazine.mx\/index.php\/2025\/04\/12\/talento-mirinda\/#primaryimage","url":"https:\/\/i0.wp.com\/zeromagazine.mx\/wp-content\/uploads\/2025\/04\/Captura-de-pantalla-2025-04-10-a-las-7.55.15%E2%80%AFp.m.png?fit=320%2C242&ssl=1","contentUrl":"https:\/\/i0.wp.com\/zeromagazine.mx\/wp-content\/uploads\/2025\/04\/Captura-de-pantalla-2025-04-10-a-las-7.55.15%E2%80%AFp.m.png?fit=320%2C242&ssl=1","width":320,"height":242},{"@type":"BreadcrumbList","@id":"https:\/\/zeromagazine.mx\/index.php\/2025\/04\/12\/talento-mirinda\/#breadcrumb","itemListElement":[{"@type":"ListItem","position":1,"name":"Portada","item":"https:\/\/zeromagazine.mx\/"},{"@type":"ListItem","position":2,"name":"Talento Mirinda"}]},{"@type":"WebSite","@id":"https:\/\/zeromagazine.mx\/#website","url":"https:\/\/zeromagazine.mx\/","name":"Zero Magazine","description":"","publisher":{"@id":"https:\/\/zeromagazine.mx\/#organization"},"potentialAction":[{"@type":"SearchAction","target":{"@type":"EntryPoint","urlTemplate":"https:\/\/zeromagazine.mx\/?s={search_term_string}"},"query-input":{"@type":"PropertyValueSpecification","valueRequired":true,"valueName":"search_term_string"}}],"inLanguage":"es"},{"@type":"Organization","@id":"https:\/\/zeromagazine.mx\/#organization","name":"Zero Magazine","url":"https:\/\/zeromagazine.mx\/","logo":{"@type":"ImageObject","inLanguage":"es","@id":"https:\/\/zeromagazine.mx\/#\/schema\/logo\/image\/","url":"https:\/\/i0.wp.com\/zeromagazine.mx\/wp-content\/uploads\/2025\/11\/1.jpeg?fit=1000%2C1000&ssl=1","contentUrl":"https:\/\/i0.wp.com\/zeromagazine.mx\/wp-content\/uploads\/2025\/11\/1.jpeg?fit=1000%2C1000&ssl=1","width":1000,"height":1000,"caption":"Zero Magazine"},"image":{"@id":"https:\/\/zeromagazine.mx\/#\/schema\/logo\/image\/"},"sameAs":["https:\/\/instagram.com\/zeromagazinemx"]},{"@type":"Person","@id":"https:\/\/zeromagazine.mx\/#\/schema\/person\/9f7f1a17c60ba8e9980e3e6677aabe5a","name":"David Morales","image":{"@type":"ImageObject","inLanguage":"es","@id":"https:\/\/zeromagazine.mx\/wp-content\/litespeed\/avatar\/76069d2136bfc1c37dc34815bb67ca42.jpg?ver=1776966186","url":"https:\/\/zeromagazine.mx\/wp-content\/litespeed\/avatar\/76069d2136bfc1c37dc34815bb67ca42.jpg?ver=1776966186","contentUrl":"https:\/\/zeromagazine.mx\/wp-content\/litespeed\/avatar\/76069d2136bfc1c37dc34815bb67ca42.jpg?ver=1776966186","caption":"David Morales"},"url":"https:\/\/zeromagazine.mx\/index.php\/author\/david\/"}]}},"jetpack_publicize_connections":[],"jetpack_featured_media_url":"https:\/\/i0.wp.com\/zeromagazine.mx\/wp-content\/uploads\/2025\/04\/Captura-de-pantalla-2025-04-10-a-las-7.55.15%E2%80%AFp.m.png?fit=320%2C242&ssl=1","jetpack-related-posts":[{"id":118551,"url":"https:\/\/zeromagazine.mx\/index.php\/2026\/04\/15\/volvo-fashion-week-mexico-guadalajara-2026-3\/","url_meta":{"origin":101397,"position":0},"title":"Guadalajara no es sede, es se\u00f1al","author":"zeromagazinemx","date":"15 de abril de 2026","format":false,"excerpt":"Lo que est\u00e1 pasando en Guadalajara no es solo una fashion week. Es un s\u00edntoma claro de hacia d\u00f3nde se est\u00e1 moviendo la industria en M\u00e9xico. Guadalajara no solo recibe a Volvo Fashion Week M\u00e9xico, la redefine. Esta edici\u00f3n deja claro algo que ya se ven\u00eda sintiendo: la moda mexicana\u2026","rel":"","context":"En \u00abDise\u00f1o\u00bb","block_context":{"text":"Dise\u00f1o","link":"https:\/\/zeromagazine.mx\/index.php\/category\/diseno\/"},"img":{"alt_text":"","src":"https:\/\/i0.wp.com\/zeromagazine.mx\/wp-content\/uploads\/2026\/04\/2026-03-Volvo-FW46803A-1-scaled.jpg?fit=1200%2C800&ssl=1&resize=350%2C200","width":350,"height":200,"srcset":"https:\/\/i0.wp.com\/zeromagazine.mx\/wp-content\/uploads\/2026\/04\/2026-03-Volvo-FW46803A-1-scaled.jpg?fit=1200%2C800&ssl=1&resize=350%2C200 1x, https:\/\/i0.wp.com\/zeromagazine.mx\/wp-content\/uploads\/2026\/04\/2026-03-Volvo-FW46803A-1-scaled.jpg?fit=1200%2C800&ssl=1&resize=525%2C300 1.5x, https:\/\/i0.wp.com\/zeromagazine.mx\/wp-content\/uploads\/2026\/04\/2026-03-Volvo-FW46803A-1-scaled.jpg?fit=1200%2C800&ssl=1&resize=700%2C400 2x, https:\/\/i0.wp.com\/zeromagazine.mx\/wp-content\/uploads\/2026\/04\/2026-03-Volvo-FW46803A-1-scaled.jpg?fit=1200%2C800&ssl=1&resize=1050%2C600 3x"},"classes":[]},{"id":105788,"url":"https:\/\/zeromagazine.mx\/index.php\/2025\/06\/09\/huawei-y-alexa-moreno-talento-en-movimiento\/","url_meta":{"origin":101397,"position":1},"title":"Huawei y Alexa Moreno: Talento en Movimiento","author":"David Morales","date":"9 de junio de 2025","format":false,"excerpt":"Amix, \u00bfsab\u00edan que Huawei y Alexa Moreno acaban de hacer team para impulsar el talento deportivo juvenil en M\u00e9xico? S\u00ed, como lo leen. En pleno 2025, esta dupla poderosa llega con una propuesta que mezcla lo techie con lo deportivo, y lo mejor: \u00a1todo desde un enfoque superpositivo y motivador!\u2026","rel":"","context":"En \u00abTech\u00bb","block_context":{"text":"Tech","link":"https:\/\/zeromagazine.mx\/index.php\/category\/tech\/"},"img":{"alt_text":"","src":"https:\/\/i0.wp.com\/zeromagazine.mx\/wp-content\/uploads\/2025\/06\/image002.png?fit=1155%2C652&ssl=1&resize=350%2C200","width":350,"height":200,"srcset":"https:\/\/i0.wp.com\/zeromagazine.mx\/wp-content\/uploads\/2025\/06\/image002.png?fit=1155%2C652&ssl=1&resize=350%2C200 1x, https:\/\/i0.wp.com\/zeromagazine.mx\/wp-content\/uploads\/2025\/06\/image002.png?fit=1155%2C652&ssl=1&resize=525%2C300 1.5x, https:\/\/i0.wp.com\/zeromagazine.mx\/wp-content\/uploads\/2025\/06\/image002.png?fit=1155%2C652&ssl=1&resize=700%2C400 2x, https:\/\/i0.wp.com\/zeromagazine.mx\/wp-content\/uploads\/2025\/06\/image002.png?fit=1155%2C652&ssl=1&resize=1050%2C600 3x"},"classes":[]},{"id":73206,"url":"https:\/\/zeromagazine.mx\/index.php\/2024\/04\/04\/rizos-curls-celebrando-la-diversidad-mexicana\/","url_meta":{"origin":101397,"position":2},"title":"Rizos Curls: Celebrando la Diversidad Mexicana","author":"zeromagazinemx","date":"4 de abril de 2024","format":false,"excerpt":"Rizos Curls ha llegado a la Ciudad de M\u00e9xico con una campa\u00f1a que busca celebrar la autenticidad y la inclusi\u00f3n en el mundo del cabello rizado y ondulado. Ahora bien, \u00bfqu\u00e9 onda con esta campa\u00f1a? Te cuento, resulta que Rizos Curls se ha asociado con el talentoso equipo de Talento\u2026","rel":"","context":"En \u00abLifestyle\u00bb","block_context":{"text":"Lifestyle","link":"https:\/\/zeromagazine.mx\/index.php\/category\/lifestyle\/"},"img":{"alt_text":"","src":"https:\/\/i0.wp.com\/zeromagazine.mx\/wp-content\/uploads\/2024\/04\/Captura-de-pantalla-556.png?fit=798%2C528&ssl=1&resize=350%2C200","width":350,"height":200,"srcset":"https:\/\/i0.wp.com\/zeromagazine.mx\/wp-content\/uploads\/2024\/04\/Captura-de-pantalla-556.png?fit=798%2C528&ssl=1&resize=350%2C200 1x, https:\/\/i0.wp.com\/zeromagazine.mx\/wp-content\/uploads\/2024\/04\/Captura-de-pantalla-556.png?fit=798%2C528&ssl=1&resize=525%2C300 1.5x, https:\/\/i0.wp.com\/zeromagazine.mx\/wp-content\/uploads\/2024\/04\/Captura-de-pantalla-556.png?fit=798%2C528&ssl=1&resize=700%2C400 2x"},"classes":[]},{"id":111512,"url":"https:\/\/zeromagazine.mx\/index.php\/2025\/12\/04\/management-de-talentos-expansion-latam\/","url_meta":{"origin":101397,"position":3},"title":"Management de talentos impulsa N3XT","author":"David Morales","date":"4 de diciembre de 2025","format":false,"excerpt":"Cuando una industria se mueve tan r\u00e1pido como la de los creadores digitales, quedarse quieto no es opci\u00f3n. Y justo ah\u00ed es donde entra el\u00a0management de talentos\u00a0como el motor que est\u00e1 redibujando el futuro del entretenimiento en Latinoam\u00e9rica. Hoy, Match Management da un paso gigante al expandir su operaci\u00f3n en\u2026","rel":"","context":"En \u00abEntretenimiento\u00bb","block_context":{"text":"Entretenimiento","link":"https:\/\/zeromagazine.mx\/index.php\/category\/entretenimiento\/"},"img":{"alt_text":"","src":"https:\/\/i0.wp.com\/zeromagazine.mx\/wp-content\/uploads\/2025\/12\/Ivan-Garcia-Karen-Carreno-y-Georgie-L-Rodriguez-scaled.jpeg?fit=1200%2C800&ssl=1&resize=350%2C200","width":350,"height":200,"srcset":"https:\/\/i0.wp.com\/zeromagazine.mx\/wp-content\/uploads\/2025\/12\/Ivan-Garcia-Karen-Carreno-y-Georgie-L-Rodriguez-scaled.jpeg?fit=1200%2C800&ssl=1&resize=350%2C200 1x, https:\/\/i0.wp.com\/zeromagazine.mx\/wp-content\/uploads\/2025\/12\/Ivan-Garcia-Karen-Carreno-y-Georgie-L-Rodriguez-scaled.jpeg?fit=1200%2C800&ssl=1&resize=525%2C300 1.5x, https:\/\/i0.wp.com\/zeromagazine.mx\/wp-content\/uploads\/2025\/12\/Ivan-Garcia-Karen-Carreno-y-Georgie-L-Rodriguez-scaled.jpeg?fit=1200%2C800&ssl=1&resize=700%2C400 2x, https:\/\/i0.wp.com\/zeromagazine.mx\/wp-content\/uploads\/2025\/12\/Ivan-Garcia-Karen-Carreno-y-Georgie-L-Rodriguez-scaled.jpeg?fit=1200%2C800&ssl=1&resize=1050%2C600 3x"},"classes":[]},{"id":105643,"url":"https:\/\/zeromagazine.mx\/index.php\/2025\/06\/06\/pablo-mena-de-camaras-mexicanas-al-sonido-alto-de-ee-uu\/","url_meta":{"origin":101397,"position":4},"title":"Pablo Mena de c\u00e1maras mexicanas al sonido alto de EE.UU","author":"David Morales","date":"6 de junio de 2025","format":false,"excerpt":"Amix, te traigo el chismecito de alguien pro que est\u00e1 rompi\u00e9ndola dur\u00edsimo en el mundo audiovisual, y te hablo nada menos que de Pablo Mena. Puede que su nombre no te suene de una, pero si te laten los comerciales del Super Bowl, los docurealities densos o el cine con\u2026","rel":"","context":"En \u00abCultura\u00bb","block_context":{"text":"Cultura","link":"https:\/\/zeromagazine.mx\/index.php\/category\/cultura\/"},"img":{"alt_text":"","src":"https:\/\/i0.wp.com\/zeromagazine.mx\/wp-content\/uploads\/2025\/06\/Pablo-Mena-2-scaled.jpeg?fit=1200%2C823&ssl=1&resize=350%2C200","width":350,"height":200,"srcset":"https:\/\/i0.wp.com\/zeromagazine.mx\/wp-content\/uploads\/2025\/06\/Pablo-Mena-2-scaled.jpeg?fit=1200%2C823&ssl=1&resize=350%2C200 1x, https:\/\/i0.wp.com\/zeromagazine.mx\/wp-content\/uploads\/2025\/06\/Pablo-Mena-2-scaled.jpeg?fit=1200%2C823&ssl=1&resize=525%2C300 1.5x, https:\/\/i0.wp.com\/zeromagazine.mx\/wp-content\/uploads\/2025\/06\/Pablo-Mena-2-scaled.jpeg?fit=1200%2C823&ssl=1&resize=700%2C400 2x, https:\/\/i0.wp.com\/zeromagazine.mx\/wp-content\/uploads\/2025\/06\/Pablo-Mena-2-scaled.jpeg?fit=1200%2C823&ssl=1&resize=1050%2C600 3x"},"classes":[]},{"id":94781,"url":"https:\/\/zeromagazine.mx\/index.php\/2025\/01\/15\/guanajuato-cine-y-nuevos-talentos\/","url_meta":{"origin":101397,"position":5},"title":"Guanajuato: Cine y Nuevos Talentos","author":"zeromagazinemx","date":"15 de enero de 2025","format":false,"excerpt":"Guanajuato, cine con oportunidades \u00fanicas Guanajuato, cine con oportunidades \u00fanicas.\u00bfAmixes, sab\u00edan que el Festival Internacional de Cine Guanajuato (GIFF) ya abri\u00f3 su convocatoria para la vigesimoctava edici\u00f3n? \u00a1S\u00ed, el GIFF vuelve con todo! Si eres cineasta o amante del s\u00e9ptimo arte, este es el espacio perfecto para mostrar tu trabajo\u2026","rel":"","context":"En \u00abCultura\u00bb","block_context":{"text":"Cultura","link":"https:\/\/zeromagazine.mx\/index.php\/category\/cultura\/"},"img":{"alt_text":"","src":"https:\/\/i0.wp.com\/zeromagazine.mx\/wp-content\/uploads\/2025\/01\/CONVOCATORIA-ABIERTA1-1.jpg?fit=1000%2C1000&ssl=1&resize=350%2C200","width":350,"height":200,"srcset":"https:\/\/i0.wp.com\/zeromagazine.mx\/wp-content\/uploads\/2025\/01\/CONVOCATORIA-ABIERTA1-1.jpg?fit=1000%2C1000&ssl=1&resize=350%2C200 1x, https:\/\/i0.wp.com\/zeromagazine.mx\/wp-content\/uploads\/2025\/01\/CONVOCATORIA-ABIERTA1-1.jpg?fit=1000%2C1000&ssl=1&resize=525%2C300 1.5x, https:\/\/i0.wp.com\/zeromagazine.mx\/wp-content\/uploads\/2025\/01\/CONVOCATORIA-ABIERTA1-1.jpg?fit=1000%2C1000&ssl=1&resize=700%2C400 2x"},"classes":[]}],"jetpack_sharing_enabled":true,"builder_content":"","_links":{"self":[{"href":"https:\/\/zeromagazine.mx\/index.php\/wp-json\/wp\/v2\/posts\/101397","targetHints":{"allow":["GET"]}}],"collection":[{"href":"https:\/\/zeromagazine.mx\/index.php\/wp-json\/wp\/v2\/posts"}],"about":[{"href":"https:\/\/zeromagazine.mx\/index.php\/wp-json\/wp\/v2\/types\/post"}],"author":[{"embeddable":true,"href":"https:\/\/zeromagazine.mx\/index.php\/wp-json\/wp\/v2\/users\/4"}],"replies":[{"embeddable":true,"href":"https:\/\/zeromagazine.mx\/index.php\/wp-json\/wp\/v2\/comments?post=101397"}],"version-history":[{"count":3,"href":"https:\/\/zeromagazine.mx\/index.php\/wp-json\/wp\/v2\/posts\/101397\/revisions"}],"predecessor-version":[{"id":101402,"href":"https:\/\/zeromagazine.mx\/index.php\/wp-json\/wp\/v2\/posts\/101397\/revisions\/101402"}],"wp:featuredmedia":[{"embeddable":true,"href":"https:\/\/zeromagazine.mx\/index.php\/wp-json\/wp\/v2\/media\/101399"}],"wp:attachment":[{"href":"https:\/\/zeromagazine.mx\/index.php\/wp-json\/wp\/v2\/media?parent=101397"}],"wp:term":[{"taxonomy":"category","embeddable":true,"href":"https:\/\/zeromagazine.mx\/index.php\/wp-json\/wp\/v2\/categories?post=101397"},{"taxonomy":"post_tag","embeddable":true,"href":"https:\/\/zeromagazine.mx\/index.php\/wp-json\/wp\/v2\/tags?post=101397"}],"curies":[{"name":"wp","href":"https:\/\/api.w.org\/{rel}","templated":true}]}}