{"id":101428,"date":"2025-04-12T14:01:37","date_gmt":"2025-04-12T20:01:37","guid":{"rendered":"https:\/\/zeromagazine.mx\/?p=101428"},"modified":"2025-04-12T14:01:37","modified_gmt":"2025-04-12T20:01:37","slug":"protege-su-infancia","status":"publish","type":"post","link":"https:\/\/zeromagazine.mx\/index.php\/2025\/04\/12\/protege-su-infancia\/","title":{"rendered":"Protege Su Infancia"},"content":{"rendered":"<p>Amix, sabemos que Semana Santa es sin\u00f3nimo de chill, descanso, alberquita y comida rica con la familia. Pero tambi\u00e9n es una de esas temporadas donde las ni\u00f1as y ni\u00f1os pueden quedar m\u00e1s expuestxs, sobre todo cuando est\u00e1n al cuidado de otras personas o pasan m\u00e1s tiempo online. Y aunque no sea un tema <em>cute<\/em>, es s\u00faper urgente: seg\u00fan ILAS, el riesgo de abuso sexual infantil sube un 30% en vacaciones. As\u00ed que hablemos de c\u00f3mo <strong>proteger su infancia<\/strong> con acciones reales.<\/p>\n\n\n\n<h3 class=\"wp-block-heading\">Cuida su Infancia<\/h3>\n\n\n<div class=\"wp-block-image\">\n<figure class=\"aligncenter size-full\"><img data-recalc-dims=\"1\" decoding=\"async\" width=\"736\" height=\"736\" src=\"https:\/\/i0.wp.com\/zeromagazine.mx\/wp-content\/uploads\/2025\/04\/Descargar-iconos-de-abuso-infantil-gratis.jpg?resize=736%2C736&#038;ssl=1\" alt=\"\" class=\"wp-image-101430\" srcset=\"https:\/\/i0.wp.com\/zeromagazine.mx\/wp-content\/uploads\/2025\/04\/Descargar-iconos-de-abuso-infantil-gratis.jpg?w=736&amp;ssl=1 736w, https:\/\/i0.wp.com\/zeromagazine.mx\/wp-content\/uploads\/2025\/04\/Descargar-iconos-de-abuso-infantil-gratis.jpg?resize=300%2C300&amp;ssl=1 300w, https:\/\/i0.wp.com\/zeromagazine.mx\/wp-content\/uploads\/2025\/04\/Descargar-iconos-de-abuso-infantil-gratis.jpg?resize=150%2C150&amp;ssl=1 150w\" sizes=\"(max-width: 736px) 100vw, 736px\" \/><\/figure>\n<\/div>\n\n\n<p>Primero, no hay que obligarles a dar besos o abrazos \u201cpor compromiso\u201d. Ense\u00f1arles que pueden decir \u201cno\u201d es darles poder sobre su cuerpo. Aunque sea la t\u00eda que ves cada domingo o el primo que les cae bien, si no se sienten c\u00f3modxs, su decisi\u00f3n vale.<\/p>\n\n\n\n<script async src=\"https:\/\/pagead2.googlesyndication.com\/pagead\/js\/adsbygoogle.js?client=ca-pub-5499304793904745\"\n     crossorigin=\"anonymous\"><\/script>\n<ins class=\"adsbygoogle\"\n     style=\"display:block; text-align:center;\"\n     data-ad-layout=\"in-article\"\n     data-ad-format=\"fluid\"\n     data-ad-client=\"ca-pub-5499304793904745\"\n     data-ad-slot=\"5994863093\"><\/ins>\n<script>\n     (adsbygoogle = window.adsbygoogle || []).push({});\n<\/script>\n\n\n\n<h3 class=\"wp-block-heading\">Esc\u00fachales sin juicio<\/h3>\n\n\n<div class=\"wp-block-image\">\n<figure class=\"aligncenter size-full\"><img data-recalc-dims=\"1\" decoding=\"async\" width=\"500\" height=\"366\" src=\"https:\/\/i0.wp.com\/zeromagazine.mx\/wp-content\/uploads\/2025\/04\/%C2%BFPor-que-es-tan-importante-escuchar-a-los-ninos_.jpg?resize=500%2C366&#038;ssl=1\" alt=\"\" class=\"wp-image-101431\" srcset=\"https:\/\/i0.wp.com\/zeromagazine.mx\/wp-content\/uploads\/2025\/04\/%C2%BFPor-que-es-tan-importante-escuchar-a-los-ninos_.jpg?w=500&amp;ssl=1 500w, https:\/\/i0.wp.com\/zeromagazine.mx\/wp-content\/uploads\/2025\/04\/%C2%BFPor-que-es-tan-importante-escuchar-a-los-ninos_.jpg?resize=300%2C220&amp;ssl=1 300w\" sizes=\"(max-width: 500px) 100vw, 500px\" \/><\/figure>\n<\/div>\n\n\n<p>Despu\u00e9s, si ves cambios de comportamiento tipo: se aislan, est\u00e1n de malas sin raz\u00f3n o de repente no quieren ir a ciertos lugares, pon atenci\u00f3n. No minimices ni digas \u201cseguro es berrinche\u201d. Validar lo que sienten tambi\u00e9n es una forma de <strong>proteger su infancia<\/strong>.<\/p>\n\n\n\n<script async src=\"https:\/\/pagead2.googlesyndication.com\/pagead\/js\/adsbygoogle.js?client=ca-pub-5499304793904745\"\n     crossorigin=\"anonymous\"><\/script>\n<ins class=\"adsbygoogle\"\n     style=\"display:block; text-align:center;\"\n     data-ad-layout=\"in-article\"\n     data-ad-format=\"fluid\"\n     data-ad-client=\"ca-pub-5499304793904745\"\n     data-ad-slot=\"5994863093\"><\/ins>\n<script>\n     (adsbygoogle = window.adsbygoogle || []).push({});\n<\/script>\n\n\n\n<h3 class=\"wp-block-heading\">Cuida lo digital<\/h3>\n\n\n<div class=\"wp-block-image\">\n<figure class=\"aligncenter size-full\"><img data-recalc-dims=\"1\" decoding=\"async\" width=\"650\" height=\"433\" src=\"https:\/\/i0.wp.com\/zeromagazine.mx\/wp-content\/uploads\/2025\/04\/Heres-the-Complete-List-of-Learning-Apps-and-Educational-Online-Games-For-Kids.jpg?resize=650%2C433&#038;ssl=1\" alt=\"\" class=\"wp-image-101433\" srcset=\"https:\/\/i0.wp.com\/zeromagazine.mx\/wp-content\/uploads\/2025\/04\/Heres-the-Complete-List-of-Learning-Apps-and-Educational-Online-Games-For-Kids.jpg?w=650&amp;ssl=1 650w, https:\/\/i0.wp.com\/zeromagazine.mx\/wp-content\/uploads\/2025\/04\/Heres-the-Complete-List-of-Learning-Apps-and-Educational-Online-Games-For-Kids.jpg?resize=300%2C200&amp;ssl=1 300w\" sizes=\"(max-width: 650px) 100vw, 650px\" \/><\/figure>\n<\/div>\n\n\n<p>Asimismo, acomp\u00e1\u00f1ales en su uso de redes, apps con chat o videojuegos online. No se trata de invadir su privacidad, sino de ense\u00f1arles a cuidarse en esos espacios. El grooming es real, y s\u00ed pasa m\u00e1s seguido de lo que creemos.<\/p>\n\n\n\n<script async src=\"https:\/\/pagead2.googlesyndication.com\/pagead\/js\/adsbygoogle.js?client=ca-pub-5499304793904745\"\n     crossorigin=\"anonymous\"><\/script>\n<ins class=\"adsbygoogle\"\n     style=\"display:block; text-align:center;\"\n     data-ad-layout=\"in-article\"\n     data-ad-format=\"fluid\"\n     data-ad-client=\"ca-pub-5499304793904745\"\n     data-ad-slot=\"5994863093\"><\/ins>\n<script>\n     (adsbygoogle = window.adsbygoogle || []).push({});\n<\/script>\n\n\n\n<h3 class=\"wp-block-heading\">Una infancia de confianza<\/h3>\n\n\n<div class=\"wp-block-image\">\n<figure class=\"aligncenter size-full\"><img data-recalc-dims=\"1\" decoding=\"async\" width=\"650\" height=\"430\" src=\"https:\/\/i0.wp.com\/zeromagazine.mx\/wp-content\/uploads\/2025\/04\/Como-organizar-un-taller-de-cuentos-en-Educacion-Infantil.jpg?resize=650%2C430\" alt=\"\" class=\"wp-image-101434\" srcset=\"https:\/\/i0.wp.com\/zeromagazine.mx\/wp-content\/uploads\/2025\/04\/Como-organizar-un-taller-de-cuentos-en-Educacion-Infantil.jpg?w=650&amp;ssl=1 650w, https:\/\/i0.wp.com\/zeromagazine.mx\/wp-content\/uploads\/2025\/04\/Como-organizar-un-taller-de-cuentos-en-Educacion-Infantil.jpg?resize=300%2C198&amp;ssl=1 300w\" sizes=\"(max-width: 650px) 100vw, 650px\" \/><\/figure>\n<\/div>\n\n\n<p>Por \u00faltimo, hablen sin tab\u00faes de sus partes \u00edntimas. N\u00f3mbralas con claridad y con cari\u00f1o. Y definan juntxs a qu\u00e9 personas adultas pueden acudir si algo les incomoda. ILAS incluso ofrece <strong>pl\u00e1ticas gratuitas por Zoom<\/strong> para familias y escuelas. Literal, herramientas que pueden salvarles.<\/p>\n\n\n\n<p>\ud83d\udce9 Para agendar una sesi\u00f3n o conocer m\u00e1s, entra a <a class=\"\" href=\"https:\/\/ilas.mx\">ilas.mx<\/a><\/p>\n\n\n\n<script async src=\"https:\/\/pagead2.googlesyndication.com\/pagead\/js\/adsbygoogle.js?client=ca-pub-5499304793904745\"\n     crossorigin=\"anonymous\"><\/script>\n<ins class=\"adsbygoogle\"\n     style=\"display:block; text-align:center;\"\n     data-ad-layout=\"in-article\"\n     data-ad-format=\"fluid\"\n     data-ad-client=\"ca-pub-5499304793904745\"\n     data-ad-slot=\"5994863093\"><\/ins>\n<script>\n     (adsbygoogle = window.adsbygoogle || []).push({});\n<\/script>\n\n<!--themify_builder_content-->\n<div id=\"themify_builder_content-101428\" data-postid=\"101428\" class=\"themify_builder_content themify_builder_content-101428 themify_builder tf_clear\">\n    <\/div>\n<!--\/themify_builder_content-->","protected":false},"excerpt":{"rendered":"<p>Amix, sabemos que Semana Santa es sin\u00f3nimo de chill, descanso, alberquita y comida rica con la familia. Pero tambi\u00e9n es una de esas temporadas donde las ni\u00f1as y ni\u00f1os pueden quedar m\u00e1s expuestxs, sobre todo cuando est\u00e1n al cuidado de otras personas o pasan m\u00e1s tiempo online. Y aunque no sea un tema cute, es [&hellip;]<\/p>\n","protected":false},"author":4,"featured_media":101435,"comment_status":"open","ping_status":"open","sticky":false,"template":"","format":"standard","meta":{"_jetpack_memberships_contains_paid_content":false,"footnotes":"","jetpack_publicize_message":"","jetpack_publicize_feature_enabled":true,"jetpack_social_post_already_shared":true,"jetpack_social_options":{"image_generator_settings":{"template":"highway","default_image_id":0,"font":"","enabled":false},"version":2}},"categories":[45],"tags":[13305,13304,7979,13306],"class_list":["post-101428","post","type-post","status-publish","format-standard","has-post-thumbnail","hentry","category-bienestar","tag-abuso-infantil","tag-ilas","tag-infancia","tag-proteccion-infantil","has-post-title","has-post-date","has-post-category","has-post-tag","has-post-comment","has-post-author",""],"yoast_head":"<!-- This site is optimized with the Yoast SEO plugin v27.4 - https:\/\/yoast.com\/product\/yoast-seo-wordpress\/ -->\n<title>Protege Su Infancia - Zero Magazine<\/title>\n<meta name=\"description\" content=\"ILAS nos da consejos para proteger la infancia de los ni\u00f1os en estas vacaciones, con consejos que ayudan a evitar el abuso infantil\" \/>\n<meta name=\"robots\" content=\"index, follow, max-snippet:-1, max-image-preview:large, max-video-preview:-1\" \/>\n<link rel=\"canonical\" href=\"https:\/\/zeromagazine.mx\/index.php\/2025\/04\/12\/protege-su-infancia\/\" \/>\n<meta property=\"og:locale\" content=\"es_ES\" \/>\n<meta property=\"og:type\" content=\"article\" \/>\n<meta property=\"og:title\" content=\"Protege Su Infancia - Zero Magazine\" \/>\n<meta property=\"og:description\" content=\"ILAS nos da consejos para proteger la infancia de los ni\u00f1os en estas vacaciones, con consejos que ayudan a evitar el abuso infantil\" \/>\n<meta property=\"og:url\" content=\"https:\/\/zeromagazine.mx\/index.php\/2025\/04\/12\/protege-su-infancia\/\" \/>\n<meta property=\"og:site_name\" content=\"Zero Magazine\" \/>\n<meta property=\"article:published_time\" content=\"2025-04-12T20:01:37+00:00\" \/>\n<meta property=\"og:image\" content=\"http:\/\/zeromagazine.mx\/wp-content\/uploads\/2025\/04\/descargar-4.jpg\" \/>\n\t<meta property=\"og:image:width\" content=\"735\" \/>\n\t<meta property=\"og:image:height\" content=\"490\" \/>\n\t<meta property=\"og:image:type\" content=\"image\/jpeg\" \/>\n<meta name=\"author\" content=\"David Morales\" \/>\n<meta name=\"twitter:card\" content=\"summary_large_image\" \/>\n<meta name=\"twitter:label1\" content=\"Escrito por\" \/>\n\t<meta name=\"twitter:data1\" content=\"David Morales\" \/>\n\t<meta name=\"twitter:label2\" content=\"Tiempo de lectura\" \/>\n\t<meta name=\"twitter:data2\" content=\"3 minutos\" \/>\n<script type=\"application\/ld+json\" class=\"yoast-schema-graph\">{\"@context\":\"https:\\\/\\\/schema.org\",\"@graph\":[{\"@type\":\"Article\",\"@id\":\"https:\\\/\\\/zeromagazine.mx\\\/index.php\\\/2025\\\/04\\\/12\\\/protege-su-infancia\\\/#article\",\"isPartOf\":{\"@id\":\"https:\\\/\\\/zeromagazine.mx\\\/index.php\\\/2025\\\/04\\\/12\\\/protege-su-infancia\\\/\"},\"author\":{\"name\":\"David Morales\",\"@id\":\"https:\\\/\\\/zeromagazine.mx\\\/#\\\/schema\\\/person\\\/9f7f1a17c60ba8e9980e3e6677aabe5a\"},\"headline\":\"Protege Su Infancia\",\"datePublished\":\"2025-04-12T20:01:37+00:00\",\"mainEntityOfPage\":{\"@id\":\"https:\\\/\\\/zeromagazine.mx\\\/index.php\\\/2025\\\/04\\\/12\\\/protege-su-infancia\\\/\"},\"wordCount\":311,\"commentCount\":0,\"publisher\":{\"@id\":\"https:\\\/\\\/zeromagazine.mx\\\/#organization\"},\"image\":{\"@id\":\"https:\\\/\\\/zeromagazine.mx\\\/index.php\\\/2025\\\/04\\\/12\\\/protege-su-infancia\\\/#primaryimage\"},\"thumbnailUrl\":\"https:\\\/\\\/i0.wp.com\\\/zeromagazine.mx\\\/wp-content\\\/uploads\\\/2025\\\/04\\\/descargar-4.jpg?fit=735%2C490&ssl=1\",\"keywords\":[\"Abuso Infantil\",\"ILAS\",\"Infancia\",\"Protecci\u00f3n Infantil\"],\"articleSection\":[\"Bienestar\"],\"inLanguage\":\"es\",\"potentialAction\":[{\"@type\":\"CommentAction\",\"name\":\"Comment\",\"target\":[\"https:\\\/\\\/zeromagazine.mx\\\/index.php\\\/2025\\\/04\\\/12\\\/protege-su-infancia\\\/#respond\"]}]},{\"@type\":\"WebPage\",\"@id\":\"https:\\\/\\\/zeromagazine.mx\\\/index.php\\\/2025\\\/04\\\/12\\\/protege-su-infancia\\\/\",\"url\":\"https:\\\/\\\/zeromagazine.mx\\\/index.php\\\/2025\\\/04\\\/12\\\/protege-su-infancia\\\/\",\"name\":\"Protege Su Infancia - Zero Magazine\",\"isPartOf\":{\"@id\":\"https:\\\/\\\/zeromagazine.mx\\\/#website\"},\"primaryImageOfPage\":{\"@id\":\"https:\\\/\\\/zeromagazine.mx\\\/index.php\\\/2025\\\/04\\\/12\\\/protege-su-infancia\\\/#primaryimage\"},\"image\":{\"@id\":\"https:\\\/\\\/zeromagazine.mx\\\/index.php\\\/2025\\\/04\\\/12\\\/protege-su-infancia\\\/#primaryimage\"},\"thumbnailUrl\":\"https:\\\/\\\/i0.wp.com\\\/zeromagazine.mx\\\/wp-content\\\/uploads\\\/2025\\\/04\\\/descargar-4.jpg?fit=735%2C490&ssl=1\",\"datePublished\":\"2025-04-12T20:01:37+00:00\",\"description\":\"ILAS nos da consejos para proteger la infancia de los ni\u00f1os en estas vacaciones, con consejos que ayudan a evitar el abuso infantil\",\"breadcrumb\":{\"@id\":\"https:\\\/\\\/zeromagazine.mx\\\/index.php\\\/2025\\\/04\\\/12\\\/protege-su-infancia\\\/#breadcrumb\"},\"inLanguage\":\"es\",\"potentialAction\":[{\"@type\":\"ReadAction\",\"target\":[\"https:\\\/\\\/zeromagazine.mx\\\/index.php\\\/2025\\\/04\\\/12\\\/protege-su-infancia\\\/\"]}]},{\"@type\":\"ImageObject\",\"inLanguage\":\"es\",\"@id\":\"https:\\\/\\\/zeromagazine.mx\\\/index.php\\\/2025\\\/04\\\/12\\\/protege-su-infancia\\\/#primaryimage\",\"url\":\"https:\\\/\\\/i0.wp.com\\\/zeromagazine.mx\\\/wp-content\\\/uploads\\\/2025\\\/04\\\/descargar-4.jpg?fit=735%2C490&ssl=1\",\"contentUrl\":\"https:\\\/\\\/i0.wp.com\\\/zeromagazine.mx\\\/wp-content\\\/uploads\\\/2025\\\/04\\\/descargar-4.jpg?fit=735%2C490&ssl=1\",\"width\":735,\"height\":490},{\"@type\":\"BreadcrumbList\",\"@id\":\"https:\\\/\\\/zeromagazine.mx\\\/index.php\\\/2025\\\/04\\\/12\\\/protege-su-infancia\\\/#breadcrumb\",\"itemListElement\":[{\"@type\":\"ListItem\",\"position\":1,\"name\":\"Portada\",\"item\":\"https:\\\/\\\/zeromagazine.mx\\\/\"},{\"@type\":\"ListItem\",\"position\":2,\"name\":\"Protege Su Infancia\"}]},{\"@type\":\"WebSite\",\"@id\":\"https:\\\/\\\/zeromagazine.mx\\\/#website\",\"url\":\"https:\\\/\\\/zeromagazine.mx\\\/\",\"name\":\"Zero Magazine\",\"description\":\"\",\"publisher\":{\"@id\":\"https:\\\/\\\/zeromagazine.mx\\\/#organization\"},\"potentialAction\":[{\"@type\":\"SearchAction\",\"target\":{\"@type\":\"EntryPoint\",\"urlTemplate\":\"https:\\\/\\\/zeromagazine.mx\\\/?s={search_term_string}\"},\"query-input\":{\"@type\":\"PropertyValueSpecification\",\"valueRequired\":true,\"valueName\":\"search_term_string\"}}],\"inLanguage\":\"es\"},{\"@type\":\"Organization\",\"@id\":\"https:\\\/\\\/zeromagazine.mx\\\/#organization\",\"name\":\"Zero Magazine\",\"url\":\"https:\\\/\\\/zeromagazine.mx\\\/\",\"logo\":{\"@type\":\"ImageObject\",\"inLanguage\":\"es\",\"@id\":\"https:\\\/\\\/zeromagazine.mx\\\/#\\\/schema\\\/logo\\\/image\\\/\",\"url\":\"https:\\\/\\\/i0.wp.com\\\/zeromagazine.mx\\\/wp-content\\\/uploads\\\/2025\\\/11\\\/1.jpeg?fit=1000%2C1000&ssl=1\",\"contentUrl\":\"https:\\\/\\\/i0.wp.com\\\/zeromagazine.mx\\\/wp-content\\\/uploads\\\/2025\\\/11\\\/1.jpeg?fit=1000%2C1000&ssl=1\",\"width\":1000,\"height\":1000,\"caption\":\"Zero Magazine\"},\"image\":{\"@id\":\"https:\\\/\\\/zeromagazine.mx\\\/#\\\/schema\\\/logo\\\/image\\\/\"},\"sameAs\":[\"https:\\\/\\\/instagram.com\\\/zeromagazinemx\"]},{\"@type\":\"Person\",\"@id\":\"https:\\\/\\\/zeromagazine.mx\\\/#\\\/schema\\\/person\\\/9f7f1a17c60ba8e9980e3e6677aabe5a\",\"name\":\"David Morales\",\"image\":{\"@type\":\"ImageObject\",\"inLanguage\":\"es\",\"@id\":\"https:\\\/\\\/zeromagazine.mx\\\/wp-content\\\/litespeed\\\/avatar\\\/76069d2136bfc1c37dc34815bb67ca42.jpg?ver=1776966186\",\"url\":\"https:\\\/\\\/zeromagazine.mx\\\/wp-content\\\/litespeed\\\/avatar\\\/76069d2136bfc1c37dc34815bb67ca42.jpg?ver=1776966186\",\"contentUrl\":\"https:\\\/\\\/zeromagazine.mx\\\/wp-content\\\/litespeed\\\/avatar\\\/76069d2136bfc1c37dc34815bb67ca42.jpg?ver=1776966186\",\"caption\":\"David Morales\"},\"url\":\"https:\\\/\\\/zeromagazine.mx\\\/index.php\\\/author\\\/david\\\/\"}]}<\/script>\n<!-- \/ Yoast SEO plugin. -->","yoast_head_json":{"title":"Protege Su Infancia - Zero Magazine","description":"ILAS nos da consejos para proteger la infancia de los ni\u00f1os en estas vacaciones, con consejos que ayudan a evitar el abuso infantil","robots":{"index":"index","follow":"follow","max-snippet":"max-snippet:-1","max-image-preview":"max-image-preview:large","max-video-preview":"max-video-preview:-1"},"canonical":"https:\/\/zeromagazine.mx\/index.php\/2025\/04\/12\/protege-su-infancia\/","og_locale":"es_ES","og_type":"article","og_title":"Protege Su Infancia - Zero Magazine","og_description":"ILAS nos da consejos para proteger la infancia de los ni\u00f1os en estas vacaciones, con consejos que ayudan a evitar el abuso infantil","og_url":"https:\/\/zeromagazine.mx\/index.php\/2025\/04\/12\/protege-su-infancia\/","og_site_name":"Zero Magazine","article_published_time":"2025-04-12T20:01:37+00:00","og_image":[{"width":735,"height":490,"url":"http:\/\/zeromagazine.mx\/wp-content\/uploads\/2025\/04\/descargar-4.jpg","type":"image\/jpeg"}],"author":"David Morales","twitter_card":"summary_large_image","twitter_misc":{"Escrito por":"David Morales","Tiempo de lectura":"3 minutos"},"schema":{"@context":"https:\/\/schema.org","@graph":[{"@type":"Article","@id":"https:\/\/zeromagazine.mx\/index.php\/2025\/04\/12\/protege-su-infancia\/#article","isPartOf":{"@id":"https:\/\/zeromagazine.mx\/index.php\/2025\/04\/12\/protege-su-infancia\/"},"author":{"name":"David Morales","@id":"https:\/\/zeromagazine.mx\/#\/schema\/person\/9f7f1a17c60ba8e9980e3e6677aabe5a"},"headline":"Protege Su Infancia","datePublished":"2025-04-12T20:01:37+00:00","mainEntityOfPage":{"@id":"https:\/\/zeromagazine.mx\/index.php\/2025\/04\/12\/protege-su-infancia\/"},"wordCount":311,"commentCount":0,"publisher":{"@id":"https:\/\/zeromagazine.mx\/#organization"},"image":{"@id":"https:\/\/zeromagazine.mx\/index.php\/2025\/04\/12\/protege-su-infancia\/#primaryimage"},"thumbnailUrl":"https:\/\/i0.wp.com\/zeromagazine.mx\/wp-content\/uploads\/2025\/04\/descargar-4.jpg?fit=735%2C490&ssl=1","keywords":["Abuso Infantil","ILAS","Infancia","Protecci\u00f3n Infantil"],"articleSection":["Bienestar"],"inLanguage":"es","potentialAction":[{"@type":"CommentAction","name":"Comment","target":["https:\/\/zeromagazine.mx\/index.php\/2025\/04\/12\/protege-su-infancia\/#respond"]}]},{"@type":"WebPage","@id":"https:\/\/zeromagazine.mx\/index.php\/2025\/04\/12\/protege-su-infancia\/","url":"https:\/\/zeromagazine.mx\/index.php\/2025\/04\/12\/protege-su-infancia\/","name":"Protege Su Infancia - Zero Magazine","isPartOf":{"@id":"https:\/\/zeromagazine.mx\/#website"},"primaryImageOfPage":{"@id":"https:\/\/zeromagazine.mx\/index.php\/2025\/04\/12\/protege-su-infancia\/#primaryimage"},"image":{"@id":"https:\/\/zeromagazine.mx\/index.php\/2025\/04\/12\/protege-su-infancia\/#primaryimage"},"thumbnailUrl":"https:\/\/i0.wp.com\/zeromagazine.mx\/wp-content\/uploads\/2025\/04\/descargar-4.jpg?fit=735%2C490&ssl=1","datePublished":"2025-04-12T20:01:37+00:00","description":"ILAS nos da consejos para proteger la infancia de los ni\u00f1os en estas vacaciones, con consejos que ayudan a evitar el abuso infantil","breadcrumb":{"@id":"https:\/\/zeromagazine.mx\/index.php\/2025\/04\/12\/protege-su-infancia\/#breadcrumb"},"inLanguage":"es","potentialAction":[{"@type":"ReadAction","target":["https:\/\/zeromagazine.mx\/index.php\/2025\/04\/12\/protege-su-infancia\/"]}]},{"@type":"ImageObject","inLanguage":"es","@id":"https:\/\/zeromagazine.mx\/index.php\/2025\/04\/12\/protege-su-infancia\/#primaryimage","url":"https:\/\/i0.wp.com\/zeromagazine.mx\/wp-content\/uploads\/2025\/04\/descargar-4.jpg?fit=735%2C490&ssl=1","contentUrl":"https:\/\/i0.wp.com\/zeromagazine.mx\/wp-content\/uploads\/2025\/04\/descargar-4.jpg?fit=735%2C490&ssl=1","width":735,"height":490},{"@type":"BreadcrumbList","@id":"https:\/\/zeromagazine.mx\/index.php\/2025\/04\/12\/protege-su-infancia\/#breadcrumb","itemListElement":[{"@type":"ListItem","position":1,"name":"Portada","item":"https:\/\/zeromagazine.mx\/"},{"@type":"ListItem","position":2,"name":"Protege Su Infancia"}]},{"@type":"WebSite","@id":"https:\/\/zeromagazine.mx\/#website","url":"https:\/\/zeromagazine.mx\/","name":"Zero Magazine","description":"","publisher":{"@id":"https:\/\/zeromagazine.mx\/#organization"},"potentialAction":[{"@type":"SearchAction","target":{"@type":"EntryPoint","urlTemplate":"https:\/\/zeromagazine.mx\/?s={search_term_string}"},"query-input":{"@type":"PropertyValueSpecification","valueRequired":true,"valueName":"search_term_string"}}],"inLanguage":"es"},{"@type":"Organization","@id":"https:\/\/zeromagazine.mx\/#organization","name":"Zero Magazine","url":"https:\/\/zeromagazine.mx\/","logo":{"@type":"ImageObject","inLanguage":"es","@id":"https:\/\/zeromagazine.mx\/#\/schema\/logo\/image\/","url":"https:\/\/i0.wp.com\/zeromagazine.mx\/wp-content\/uploads\/2025\/11\/1.jpeg?fit=1000%2C1000&ssl=1","contentUrl":"https:\/\/i0.wp.com\/zeromagazine.mx\/wp-content\/uploads\/2025\/11\/1.jpeg?fit=1000%2C1000&ssl=1","width":1000,"height":1000,"caption":"Zero Magazine"},"image":{"@id":"https:\/\/zeromagazine.mx\/#\/schema\/logo\/image\/"},"sameAs":["https:\/\/instagram.com\/zeromagazinemx"]},{"@type":"Person","@id":"https:\/\/zeromagazine.mx\/#\/schema\/person\/9f7f1a17c60ba8e9980e3e6677aabe5a","name":"David Morales","image":{"@type":"ImageObject","inLanguage":"es","@id":"https:\/\/zeromagazine.mx\/wp-content\/litespeed\/avatar\/76069d2136bfc1c37dc34815bb67ca42.jpg?ver=1776966186","url":"https:\/\/zeromagazine.mx\/wp-content\/litespeed\/avatar\/76069d2136bfc1c37dc34815bb67ca42.jpg?ver=1776966186","contentUrl":"https:\/\/zeromagazine.mx\/wp-content\/litespeed\/avatar\/76069d2136bfc1c37dc34815bb67ca42.jpg?ver=1776966186","caption":"David Morales"},"url":"https:\/\/zeromagazine.mx\/index.php\/author\/david\/"}]}},"jetpack_publicize_connections":[],"jetpack_featured_media_url":"https:\/\/i0.wp.com\/zeromagazine.mx\/wp-content\/uploads\/2025\/04\/descargar-4.jpg?fit=735%2C490&ssl=1","jetpack-related-posts":[{"id":72205,"url":"https:\/\/zeromagazine.mx\/index.php\/2024\/02\/24\/2000s-por-siempre\/","url_meta":{"origin":101428,"position":0},"title":"2000S POR SIEMPRE","author":"zeromagazinemx","date":"24 de febrero de 2024","format":false,"excerpt":"\u00a1Prep\u00e1rate para una experiencia \u00fanica! Lleg\u00f3 el momento de viajar en el tiempo y revivir los grandes \u00e9xitos de tus telenovelas infantiles favoritas con \u00a12000's X Siempre! Esta vez, con una nueva fecha. Para empezar, \u00bfqui\u00e9n no ha so\u00f1ado con volver a esa \u00e9poca dorada de los 2000, cuando nuestras\u2026","rel":"","context":"En \u00abBlog\u00bb","block_context":{"text":"Blog","link":"https:\/\/zeromagazine.mx\/index.php\/category\/blog\/"},"img":{"alt_text":"","src":"https:\/\/i0.wp.com\/zeromagazine.mx\/wp-content\/uploads\/2024\/03\/2000s-X-Siempre-precio-de-los-boletos-1.jpg?resize=350%2C200&ssl=1","width":350,"height":200,"srcset":"https:\/\/i0.wp.com\/zeromagazine.mx\/wp-content\/uploads\/2024\/03\/2000s-X-Siempre-precio-de-los-boletos-1.jpg?resize=350%2C200&ssl=1 1x, https:\/\/i0.wp.com\/zeromagazine.mx\/wp-content\/uploads\/2024\/03\/2000s-X-Siempre-precio-de-los-boletos-1.jpg?resize=525%2C300&ssl=1 1.5x, https:\/\/i0.wp.com\/zeromagazine.mx\/wp-content\/uploads\/2024\/03\/2000s-X-Siempre-precio-de-los-boletos-1.jpg?resize=700%2C400&ssl=1 2x, https:\/\/i0.wp.com\/zeromagazine.mx\/wp-content\/uploads\/2024\/03\/2000s-X-Siempre-precio-de-los-boletos-1.jpg?resize=1050%2C600&ssl=1 3x"},"classes":[]},{"id":75077,"url":"https:\/\/zeromagazine.mx\/index.php\/2024\/04\/29\/revive-tu-infancia-tesoros-de-ebay\/","url_meta":{"origin":101428,"position":1},"title":"Revive tu infancia: Tesoros de eBay","author":"zeromagazinemx","date":"29 de abril de 2024","format":false,"excerpt":"Los juguetes con los que crecimos se han convertido en aut\u00e9nticos tesoros. En el mundo del comercio electr\u00f3nico, marcas ic\u00f3nicas como eBay est\u00e1n liderando el camino para que nosotros, los nost\u00e1lgicos millennials, podamos recuperar esos tesoros de nuestra infancia. Con su amplia selecci\u00f3n de productos vintage y coleccionables, eBay se\u2026","rel":"","context":"En \u00abGadgets\u00bb","block_context":{"text":"Gadgets","link":"https:\/\/zeromagazine.mx\/index.php\/category\/tech\/gadgets\/"},"img":{"alt_text":"","src":"https:\/\/i0.wp.com\/zeromagazine.mx\/wp-content\/uploads\/2024\/04\/unnamed-42.jpg?fit=626%2C628&ssl=1&resize=350%2C200","width":350,"height":200,"srcset":"https:\/\/i0.wp.com\/zeromagazine.mx\/wp-content\/uploads\/2024\/04\/unnamed-42.jpg?fit=626%2C628&ssl=1&resize=350%2C200 1x, https:\/\/i0.wp.com\/zeromagazine.mx\/wp-content\/uploads\/2024\/04\/unnamed-42.jpg?fit=626%2C628&ssl=1&resize=525%2C300 1.5x"},"classes":[]},{"id":111846,"url":"https:\/\/zeromagazine.mx\/index.php\/2025\/12\/23\/coleccion-infantil-fiestas-brillar-jugar\/","url_meta":{"origin":101428,"position":2},"title":"Colecci\u00f3n infantil fiestas que brillan","author":"zeromagazinemx","date":"23 de diciembre de 2025","format":false,"excerpt":"Las fiestas de fin de a\u00f1o y el D\u00eda de Reyes tienen algo en com\u00fan: esa sensaci\u00f3n de magia que se cuela en la casa, se queda en el piso entre juguetes y risas, y vive en los recuerdos por a\u00f1os. En medio de envolturas rasgadas y playlists alegres, la\u2026","rel":"","context":"En \u00abModa\u00bb","block_context":{"text":"Moda","link":"https:\/\/zeromagazine.mx\/index.php\/category\/moda\/"},"img":{"alt_text":"","src":"https:\/\/i0.wp.com\/zeromagazine.mx\/wp-content\/uploads\/2025\/12\/A14417C_G_107X1-Web.jpg?fit=1200%2C1118&ssl=1&resize=350%2C200","width":350,"height":200,"srcset":"https:\/\/i0.wp.com\/zeromagazine.mx\/wp-content\/uploads\/2025\/12\/A14417C_G_107X1-Web.jpg?fit=1200%2C1118&ssl=1&resize=350%2C200 1x, https:\/\/i0.wp.com\/zeromagazine.mx\/wp-content\/uploads\/2025\/12\/A14417C_G_107X1-Web.jpg?fit=1200%2C1118&ssl=1&resize=525%2C300 1.5x, https:\/\/i0.wp.com\/zeromagazine.mx\/wp-content\/uploads\/2025\/12\/A14417C_G_107X1-Web.jpg?fit=1200%2C1118&ssl=1&resize=700%2C400 2x, https:\/\/i0.wp.com\/zeromagazine.mx\/wp-content\/uploads\/2025\/12\/A14417C_G_107X1-Web.jpg?fit=1200%2C1118&ssl=1&resize=1050%2C600 3x"},"classes":[]},{"id":82720,"url":"https:\/\/zeromagazine.mx\/index.php\/2024\/08\/28\/crocs-x-care-bears-nostalgia-chic\/","url_meta":{"origin":101428,"position":3},"title":"Crocs x Care Bears: Nostalgia Chic","author":"zeromagazinemx","date":"28 de agosto de 2024","format":false,"excerpt":"\u00bfQui\u00e9n no ha crecido con los adorables Care Bears y sus infinitas aventuras? Nosotros s\u00ed, y por eso estamos mega emocionados por la \u00faltima collab entre Crocs y los ic\u00f3nicos osos de colores. Prep\u00e1rense para un viaje directo a la nostalgia con la nueva colecci\u00f3n de edici\u00f3n limitada, donde los\u2026","rel":"","context":"En \u00abModa\u00bb","block_context":{"text":"Moda","link":"https:\/\/zeromagazine.mx\/index.php\/category\/moda\/"},"img":{"alt_text":"","src":"https:\/\/i0.wp.com\/zeromagazine.mx\/wp-content\/uploads\/2024\/08\/2024_S3_CareBears_Global-Creative_Ecomm_GLBL_Onsight_Hero-Mobile-1.png?fit=1200%2C735&ssl=1&resize=350%2C200","width":350,"height":200,"srcset":"https:\/\/i0.wp.com\/zeromagazine.mx\/wp-content\/uploads\/2024\/08\/2024_S3_CareBears_Global-Creative_Ecomm_GLBL_Onsight_Hero-Mobile-1.png?fit=1200%2C735&ssl=1&resize=350%2C200 1x, https:\/\/i0.wp.com\/zeromagazine.mx\/wp-content\/uploads\/2024\/08\/2024_S3_CareBears_Global-Creative_Ecomm_GLBL_Onsight_Hero-Mobile-1.png?fit=1200%2C735&ssl=1&resize=525%2C300 1.5x, https:\/\/i0.wp.com\/zeromagazine.mx\/wp-content\/uploads\/2024\/08\/2024_S3_CareBears_Global-Creative_Ecomm_GLBL_Onsight_Hero-Mobile-1.png?fit=1200%2C735&ssl=1&resize=700%2C400 2x, https:\/\/i0.wp.com\/zeromagazine.mx\/wp-content\/uploads\/2024\/08\/2024_S3_CareBears_Global-Creative_Ecomm_GLBL_Onsight_Hero-Mobile-1.png?fit=1200%2C735&ssl=1&resize=1050%2C600 3x"},"classes":[]},{"id":74415,"url":"https:\/\/zeromagazine.mx\/index.php\/2024\/04\/19\/preparate-para-la-mesias-en-max\/","url_meta":{"origin":101428,"position":4},"title":"\u00a1Prep\u00e1rate para \u00abLa Mes\u00edas\u00bb en Max!","author":"zeromagazinemx","date":"19 de abril de 2024","format":false,"excerpt":"Prep\u00e1rense porque se viene un drama que va a dejarlas pegadas a la pantalla. \u00bfHan o\u00eddo hablar de \"La Mes\u00edas\"? S\u00ed, esa nueva serie creada por los talentosos Javier Ambrossi y Javier Calvo, mejor conocidos como \"Los Javis\". Les cuento que el 29 de abril va a ser un d\u00eda\u2026","rel":"","context":"En \u00abEntretenimiento\u00bb","block_context":{"text":"Entretenimiento","link":"https:\/\/zeromagazine.mx\/index.php\/category\/entretenimiento\/"},"img":{"alt_text":"","src":"https:\/\/i0.wp.com\/zeromagazine.mx\/wp-content\/uploads\/2024\/04\/unnamed.png?fit=1200%2C675&ssl=1&resize=350%2C200","width":350,"height":200,"srcset":"https:\/\/i0.wp.com\/zeromagazine.mx\/wp-content\/uploads\/2024\/04\/unnamed.png?fit=1200%2C675&ssl=1&resize=350%2C200 1x, https:\/\/i0.wp.com\/zeromagazine.mx\/wp-content\/uploads\/2024\/04\/unnamed.png?fit=1200%2C675&ssl=1&resize=525%2C300 1.5x, https:\/\/i0.wp.com\/zeromagazine.mx\/wp-content\/uploads\/2024\/04\/unnamed.png?fit=1200%2C675&ssl=1&resize=700%2C400 2x, https:\/\/i0.wp.com\/zeromagazine.mx\/wp-content\/uploads\/2024\/04\/unnamed.png?fit=1200%2C675&ssl=1&resize=1050%2C600 3x"},"classes":[]},{"id":73998,"url":"https:\/\/zeromagazine.mx\/index.php\/2024\/04\/15\/moda-sostenible-ca-y-unicef\/","url_meta":{"origin":101428,"position":5},"title":"Moda Sostenible: C&amp;A y UNICEF","author":"zeromagazinemx","date":"15 de abril de 2024","format":false,"excerpt":"En C&A, la conciencia medioambiental y el compromiso con la sostenibilidad son pilares fundamentales de su filosof\u00eda. Reconociendo la necesidad imperante de cuidar el planeta para las futuras generaciones, la empresa ha decidido colaborar con UNICEF en una iniciativa destinada a mejorar el acceso al agua, saneamiento e higiene en\u2026","rel":"","context":"En \u00abBlog\u00bb","block_context":{"text":"Blog","link":"https:\/\/zeromagazine.mx\/index.php\/category\/blog\/"},"img":{"alt_text":"","src":"https:\/\/i0.wp.com\/zeromagazine.mx\/wp-content\/uploads\/2024\/04\/CA-VERANO24_5548-scaled.jpeg?fit=1200%2C800&ssl=1&resize=350%2C200","width":350,"height":200,"srcset":"https:\/\/i0.wp.com\/zeromagazine.mx\/wp-content\/uploads\/2024\/04\/CA-VERANO24_5548-scaled.jpeg?fit=1200%2C800&ssl=1&resize=350%2C200 1x, https:\/\/i0.wp.com\/zeromagazine.mx\/wp-content\/uploads\/2024\/04\/CA-VERANO24_5548-scaled.jpeg?fit=1200%2C800&ssl=1&resize=525%2C300 1.5x, https:\/\/i0.wp.com\/zeromagazine.mx\/wp-content\/uploads\/2024\/04\/CA-VERANO24_5548-scaled.jpeg?fit=1200%2C800&ssl=1&resize=700%2C400 2x, https:\/\/i0.wp.com\/zeromagazine.mx\/wp-content\/uploads\/2024\/04\/CA-VERANO24_5548-scaled.jpeg?fit=1200%2C800&ssl=1&resize=1050%2C600 3x"},"classes":[]}],"jetpack_sharing_enabled":true,"builder_content":"","_links":{"self":[{"href":"https:\/\/zeromagazine.mx\/index.php\/wp-json\/wp\/v2\/posts\/101428","targetHints":{"allow":["GET"]}}],"collection":[{"href":"https:\/\/zeromagazine.mx\/index.php\/wp-json\/wp\/v2\/posts"}],"about":[{"href":"https:\/\/zeromagazine.mx\/index.php\/wp-json\/wp\/v2\/types\/post"}],"author":[{"embeddable":true,"href":"https:\/\/zeromagazine.mx\/index.php\/wp-json\/wp\/v2\/users\/4"}],"replies":[{"embeddable":true,"href":"https:\/\/zeromagazine.mx\/index.php\/wp-json\/wp\/v2\/comments?post=101428"}],"version-history":[{"count":6,"href":"https:\/\/zeromagazine.mx\/index.php\/wp-json\/wp\/v2\/posts\/101428\/revisions"}],"predecessor-version":[{"id":101441,"href":"https:\/\/zeromagazine.mx\/index.php\/wp-json\/wp\/v2\/posts\/101428\/revisions\/101441"}],"wp:featuredmedia":[{"embeddable":true,"href":"https:\/\/zeromagazine.mx\/index.php\/wp-json\/wp\/v2\/media\/101435"}],"wp:attachment":[{"href":"https:\/\/zeromagazine.mx\/index.php\/wp-json\/wp\/v2\/media?parent=101428"}],"wp:term":[{"taxonomy":"category","embeddable":true,"href":"https:\/\/zeromagazine.mx\/index.php\/wp-json\/wp\/v2\/categories?post=101428"},{"taxonomy":"post_tag","embeddable":true,"href":"https:\/\/zeromagazine.mx\/index.php\/wp-json\/wp\/v2\/tags?post=101428"}],"curies":[{"name":"wp","href":"https:\/\/api.w.org\/{rel}","templated":true}]}}