{"id":101488,"date":"2025-04-14T18:21:28","date_gmt":"2025-04-15T00:21:28","guid":{"rendered":"https:\/\/zeromagazine.mx\/?p=101488"},"modified":"2025-04-14T18:21:30","modified_gmt":"2025-04-15T00:21:30","slug":"mas-que-cabello","status":"publish","type":"post","link":"https:\/\/zeromagazine.mx\/index.php\/2025\/04\/14\/mas-que-cabello\/","title":{"rendered":"M\u00e1s Que Cabello"},"content":{"rendered":"<p>Amix, \u00bfte imaginas que una IA te ayude a verte con m\u00e1s cabello en menos de un minuto? Pues eso ya es real en M\u00e9xico gracias a <strong>Cl\u00ednicas Bojanini<\/strong>, que acaba de lanzar el primer asistente de inteligencia artificial especializado en injertos capilares. Y no es solo una tech fancy, es una revoluci\u00f3n<strong> <\/strong>para el c<strong>abello<\/strong>, porque tambi\u00e9n trata de recuperar seguridad, autoestima y flow. Por que sabemos que el cabello es importante, aqu\u00ed te damos m\u00e1s detalles de la cl\u00ednica y de esta nueva tecnolog\u00eda.<\/p>\n\n\n\n<h3 class=\"wp-block-heading\">Cabello espectacular<\/h3>\n\n\n\n<figure class=\"wp-block-video\"><video height=\"1080\" style=\"aspect-ratio: 1920 \/ 1080;\" width=\"1920\" controls src=\"https:\/\/zeromagazine.mx\/wp-content\/uploads\/2025\/04\/1_Introduccion_Dermi.mp4\"><\/video><\/figure>\n\n\n\n<p>Primero lo primero: esta herramienta no es como esos filtros fake de TikTok. Aqu\u00ed, la IA analiza el patr\u00f3n real de tu cabello, tu tipo de rostro y todo tu vibe para mostrarte un resultado fotorrealista de c\u00f3mo te ver\u00edas despu\u00e9s de un injerto. Literal, ves una versi\u00f3n de ti que no solo tiene m\u00e1s pelo, sino m\u00e1s seguridad. Y todo esto en 30 segundos. S\u00ed, le\u00edste bien: <strong>30 segundos<\/strong>. Despu\u00e9s, esta tech no solo es visual. Tambi\u00e9n permite planear el injerto capilar con una precisi\u00f3n de otro mundo. El algoritmo adapta el dise\u00f1o del injerto al paciente de forma personalizada, lo cual mejora la calidad del resultado y reduce la ansiedad de no saber c\u00f3mo quedar\u00e1. Porque seamos realistas, lo que m\u00e1s queremos es ver c\u00f3mo nos vamos a ver.<\/p>\n\n\n\n<script async src=\"https:\/\/pagead2.googlesyndication.com\/pagead\/js\/adsbygoogle.js?client=ca-pub-5499304793904745\"\n     crossorigin=\"anonymous\"><\/script>\n<ins class=\"adsbygoogle\"\n     style=\"display:block; text-align:center;\"\n     data-ad-layout=\"in-article\"\n     data-ad-format=\"fluid\"\n     data-ad-client=\"ca-pub-5499304793904745\"\n     data-ad-slot=\"5994863093\"><\/ins>\n<script>\n     (adsbygoogle = window.adsbygoogle || []).push({});\n<\/script>\n\n\n\n<h3 class=\"wp-block-heading\">Cl\u00ednica pionera y de impacto<\/h3>\n\n\n\n<p>Asimismo, la alopecia afecta a muches j\u00f3venes en M\u00e9xico y puede pegar duro en la autoestima. Seg\u00fan la UNAM, hasta 8 de cada 10 hombres sufren de calvicie con el tiempo. Este tipo de avances ayudan a que la gente no solo recupere cabello, sino tambi\u00e9n confianza. Y eso, amigues, es ir <strong>m\u00e1s que cabello<\/strong>. Por \u00faltimo, Bojanini no es nueva en esto. Con 30 a\u00f1os de experiencia, presencia en 11 ciudades de M\u00e9xico y un enfoque mega humano, esta cl\u00ednica est\u00e1 usando la IA para que verte bien tambi\u00e9n se sienta bien. Porque al final del d\u00eda, lo que importa no es solo c\u00f3mo te ves, sino c\u00f3mo te sientes.<\/p>\n\n\n\n<figure class=\"wp-block-video\"><video height=\"1920\" style=\"aspect-ratio: 1080 \/ 1920;\" width=\"1080\" controls src=\"https:\/\/zeromagazine.mx\/wp-content\/uploads\/2025\/04\/2_Mic-AI.mp4\"><\/video><\/figure>\n\n\n\n<p>\ud83c\udf10 Checa m\u00e1s en su <a class=\"\" href=\"https:\/\/www.instagram.com\/bojaniniexperts.mx\/\">Instagram oficial<\/a><\/p>\n\n\n\n<script async src=\"https:\/\/pagead2.googlesyndication.com\/pagead\/js\/adsbygoogle.js?client=ca-pub-5499304793904745\"\n     crossorigin=\"anonymous\"><\/script>\n<ins class=\"adsbygoogle\"\n     style=\"display:block; text-align:center;\"\n     data-ad-layout=\"in-article\"\n     data-ad-format=\"fluid\"\n     data-ad-client=\"ca-pub-5499304793904745\"\n     data-ad-slot=\"5994863093\"><\/ins>\n<script>\n     (adsbygoogle = window.adsbygoogle || []).push({});\n<\/script>\n\n<!--themify_builder_content-->\n<div id=\"themify_builder_content-101488\" data-postid=\"101488\" class=\"themify_builder_content themify_builder_content-101488 themify_builder tf_clear\">\n    <\/div>\n<!--\/themify_builder_content-->","protected":false},"excerpt":{"rendered":"<p>Amix, \u00bfte imaginas que una IA te ayude a verte con m\u00e1s cabello en menos de un minuto? Pues eso ya es real en M\u00e9xico gracias a Cl\u00ednicas Bojanini, que acaba de lanzar el primer asistente de inteligencia artificial especializado en injertos capilares. Y no es solo una tech fancy, es una revoluci\u00f3n para el [&hellip;]<\/p>\n","protected":false},"author":4,"featured_media":101489,"comment_status":"open","ping_status":"open","sticky":false,"template":"","format":"standard","meta":{"_jetpack_memberships_contains_paid_content":false,"footnotes":"","jetpack_publicize_message":"","jetpack_publicize_feature_enabled":true,"jetpack_social_post_already_shared":true,"jetpack_social_options":{"image_generator_settings":{"template":"highway","default_image_id":0,"font":"","enabled":false},"version":2}},"categories":[1],"tags":[13311,7116,13310],"class_list":["post-101488","post","type-post","status-publish","format-standard","has-post-thumbnail","hentry","category-blog","tag-boajanini","tag-cuidado-del-cabello","tag-tratamiento-capilar","has-post-title","has-post-date","has-post-category","has-post-tag","has-post-comment","has-post-author",""],"yoast_head":"<!-- This site is optimized with the Yoast SEO plugin v27.5 - https:\/\/yoast.com\/product\/yoast-seo-wordpress\/ -->\n<title>M\u00e1s Que Cabello - Zero Magazine<\/title>\n<meta name=\"description\" content=\"Cl\u00ednicas Bojanini desarrollo un nuevo programa de inteligencia artificial para el cuidado de tu piel y el cabello\" \/>\n<meta name=\"robots\" content=\"index, follow, max-snippet:-1, max-image-preview:large, max-video-preview:-1\" \/>\n<link rel=\"canonical\" href=\"https:\/\/zeromagazine.mx\/index.php\/2025\/04\/14\/mas-que-cabello\/\" \/>\n<meta property=\"og:locale\" content=\"es_ES\" \/>\n<meta property=\"og:type\" content=\"article\" \/>\n<meta property=\"og:title\" content=\"M\u00e1s Que Cabello - Zero Magazine\" \/>\n<meta property=\"og:description\" content=\"Cl\u00ednicas Bojanini desarrollo un nuevo programa de inteligencia artificial para el cuidado de tu piel y el cabello\" \/>\n<meta property=\"og:url\" content=\"https:\/\/zeromagazine.mx\/index.php\/2025\/04\/14\/mas-que-cabello\/\" \/>\n<meta property=\"og:site_name\" content=\"Zero Magazine\" \/>\n<meta property=\"article:published_time\" content=\"2025-04-15T00:21:28+00:00\" \/>\n<meta property=\"article:modified_time\" content=\"2025-04-15T00:21:30+00:00\" \/>\n<meta property=\"og:image\" content=\"http:\/\/zeromagazine.mx\/wp-content\/uploads\/2025\/04\/Captura-de-pantalla-2025-04-14-181229.png\" \/>\n\t<meta property=\"og:image:width\" content=\"859\" \/>\n\t<meta property=\"og:image:height\" content=\"670\" \/>\n\t<meta property=\"og:image:type\" content=\"image\/png\" \/>\n<meta name=\"author\" content=\"David Morales\" \/>\n<meta name=\"twitter:card\" content=\"summary_large_image\" \/>\n<meta name=\"twitter:label1\" content=\"Escrito por\" \/>\n\t<meta name=\"twitter:data1\" content=\"David Morales\" \/>\n\t<meta name=\"twitter:label2\" content=\"Tiempo de lectura\" \/>\n\t<meta name=\"twitter:data2\" content=\"2 minutos\" \/>\n<script type=\"application\/ld+json\" class=\"yoast-schema-graph\">{\"@context\":\"https:\\\/\\\/schema.org\",\"@graph\":[{\"@type\":\"Article\",\"@id\":\"https:\\\/\\\/zeromagazine.mx\\\/index.php\\\/2025\\\/04\\\/14\\\/mas-que-cabello\\\/#article\",\"isPartOf\":{\"@id\":\"https:\\\/\\\/zeromagazine.mx\\\/index.php\\\/2025\\\/04\\\/14\\\/mas-que-cabello\\\/\"},\"author\":{\"name\":\"David Morales\",\"@id\":\"https:\\\/\\\/zeromagazine.mx\\\/#\\\/schema\\\/person\\\/9f7f1a17c60ba8e9980e3e6677aabe5a\"},\"headline\":\"M\u00e1s Que Cabello\",\"datePublished\":\"2025-04-15T00:21:28+00:00\",\"dateModified\":\"2025-04-15T00:21:30+00:00\",\"mainEntityOfPage\":{\"@id\":\"https:\\\/\\\/zeromagazine.mx\\\/index.php\\\/2025\\\/04\\\/14\\\/mas-que-cabello\\\/\"},\"wordCount\":376,\"commentCount\":0,\"publisher\":{\"@id\":\"https:\\\/\\\/zeromagazine.mx\\\/#organization\"},\"image\":{\"@id\":\"https:\\\/\\\/zeromagazine.mx\\\/index.php\\\/2025\\\/04\\\/14\\\/mas-que-cabello\\\/#primaryimage\"},\"thumbnailUrl\":\"https:\\\/\\\/i0.wp.com\\\/zeromagazine.mx\\\/wp-content\\\/uploads\\\/2025\\\/04\\\/Captura-de-pantalla-2025-04-14-181229.png?fit=859%2C670&ssl=1\",\"keywords\":[\"Boajanini\",\"Cuidado del cabello\",\"Tratamiento Capilar\"],\"articleSection\":[\"Blog\"],\"inLanguage\":\"es\",\"potentialAction\":[{\"@type\":\"CommentAction\",\"name\":\"Comment\",\"target\":[\"https:\\\/\\\/zeromagazine.mx\\\/index.php\\\/2025\\\/04\\\/14\\\/mas-que-cabello\\\/#respond\"]}]},{\"@type\":\"WebPage\",\"@id\":\"https:\\\/\\\/zeromagazine.mx\\\/index.php\\\/2025\\\/04\\\/14\\\/mas-que-cabello\\\/\",\"url\":\"https:\\\/\\\/zeromagazine.mx\\\/index.php\\\/2025\\\/04\\\/14\\\/mas-que-cabello\\\/\",\"name\":\"M\u00e1s Que Cabello - Zero Magazine\",\"isPartOf\":{\"@id\":\"https:\\\/\\\/zeromagazine.mx\\\/#website\"},\"primaryImageOfPage\":{\"@id\":\"https:\\\/\\\/zeromagazine.mx\\\/index.php\\\/2025\\\/04\\\/14\\\/mas-que-cabello\\\/#primaryimage\"},\"image\":{\"@id\":\"https:\\\/\\\/zeromagazine.mx\\\/index.php\\\/2025\\\/04\\\/14\\\/mas-que-cabello\\\/#primaryimage\"},\"thumbnailUrl\":\"https:\\\/\\\/i0.wp.com\\\/zeromagazine.mx\\\/wp-content\\\/uploads\\\/2025\\\/04\\\/Captura-de-pantalla-2025-04-14-181229.png?fit=859%2C670&ssl=1\",\"datePublished\":\"2025-04-15T00:21:28+00:00\",\"dateModified\":\"2025-04-15T00:21:30+00:00\",\"description\":\"Cl\u00ednicas Bojanini desarrollo un nuevo programa de inteligencia artificial para el cuidado de tu piel y el cabello\",\"breadcrumb\":{\"@id\":\"https:\\\/\\\/zeromagazine.mx\\\/index.php\\\/2025\\\/04\\\/14\\\/mas-que-cabello\\\/#breadcrumb\"},\"inLanguage\":\"es\",\"potentialAction\":[{\"@type\":\"ReadAction\",\"target\":[\"https:\\\/\\\/zeromagazine.mx\\\/index.php\\\/2025\\\/04\\\/14\\\/mas-que-cabello\\\/\"]}]},{\"@type\":\"ImageObject\",\"inLanguage\":\"es\",\"@id\":\"https:\\\/\\\/zeromagazine.mx\\\/index.php\\\/2025\\\/04\\\/14\\\/mas-que-cabello\\\/#primaryimage\",\"url\":\"https:\\\/\\\/i0.wp.com\\\/zeromagazine.mx\\\/wp-content\\\/uploads\\\/2025\\\/04\\\/Captura-de-pantalla-2025-04-14-181229.png?fit=859%2C670&ssl=1\",\"contentUrl\":\"https:\\\/\\\/i0.wp.com\\\/zeromagazine.mx\\\/wp-content\\\/uploads\\\/2025\\\/04\\\/Captura-de-pantalla-2025-04-14-181229.png?fit=859%2C670&ssl=1\",\"width\":859,\"height\":670},{\"@type\":\"BreadcrumbList\",\"@id\":\"https:\\\/\\\/zeromagazine.mx\\\/index.php\\\/2025\\\/04\\\/14\\\/mas-que-cabello\\\/#breadcrumb\",\"itemListElement\":[{\"@type\":\"ListItem\",\"position\":1,\"name\":\"Portada\",\"item\":\"https:\\\/\\\/zeromagazine.mx\\\/\"},{\"@type\":\"ListItem\",\"position\":2,\"name\":\"M\u00e1s Que Cabello\"}]},{\"@type\":\"WebSite\",\"@id\":\"https:\\\/\\\/zeromagazine.mx\\\/#website\",\"url\":\"https:\\\/\\\/zeromagazine.mx\\\/\",\"name\":\"Zero Magazine\",\"description\":\"\",\"publisher\":{\"@id\":\"https:\\\/\\\/zeromagazine.mx\\\/#organization\"},\"potentialAction\":[{\"@type\":\"SearchAction\",\"target\":{\"@type\":\"EntryPoint\",\"urlTemplate\":\"https:\\\/\\\/zeromagazine.mx\\\/?s={search_term_string}\"},\"query-input\":{\"@type\":\"PropertyValueSpecification\",\"valueRequired\":true,\"valueName\":\"search_term_string\"}}],\"inLanguage\":\"es\"},{\"@type\":\"Organization\",\"@id\":\"https:\\\/\\\/zeromagazine.mx\\\/#organization\",\"name\":\"Zero Magazine\",\"url\":\"https:\\\/\\\/zeromagazine.mx\\\/\",\"logo\":{\"@type\":\"ImageObject\",\"inLanguage\":\"es\",\"@id\":\"https:\\\/\\\/zeromagazine.mx\\\/#\\\/schema\\\/logo\\\/image\\\/\",\"url\":\"https:\\\/\\\/i0.wp.com\\\/zeromagazine.mx\\\/wp-content\\\/uploads\\\/2025\\\/11\\\/1.jpeg?fit=1000%2C1000&ssl=1\",\"contentUrl\":\"https:\\\/\\\/i0.wp.com\\\/zeromagazine.mx\\\/wp-content\\\/uploads\\\/2025\\\/11\\\/1.jpeg?fit=1000%2C1000&ssl=1\",\"width\":1000,\"height\":1000,\"caption\":\"Zero Magazine\"},\"image\":{\"@id\":\"https:\\\/\\\/zeromagazine.mx\\\/#\\\/schema\\\/logo\\\/image\\\/\"},\"sameAs\":[\"https:\\\/\\\/instagram.com\\\/zeromagazinemx\"]},{\"@type\":\"Person\",\"@id\":\"https:\\\/\\\/zeromagazine.mx\\\/#\\\/schema\\\/person\\\/9f7f1a17c60ba8e9980e3e6677aabe5a\",\"name\":\"David Morales\",\"image\":{\"@type\":\"ImageObject\",\"inLanguage\":\"es\",\"@id\":\"https:\\\/\\\/zeromagazine.mx\\\/wp-content\\\/litespeed\\\/avatar\\\/76069d2136bfc1c37dc34815bb67ca42.jpg?ver=1777571067\",\"url\":\"https:\\\/\\\/zeromagazine.mx\\\/wp-content\\\/litespeed\\\/avatar\\\/76069d2136bfc1c37dc34815bb67ca42.jpg?ver=1777571067\",\"contentUrl\":\"https:\\\/\\\/zeromagazine.mx\\\/wp-content\\\/litespeed\\\/avatar\\\/76069d2136bfc1c37dc34815bb67ca42.jpg?ver=1777571067\",\"caption\":\"David Morales\"},\"url\":\"https:\\\/\\\/zeromagazine.mx\\\/index.php\\\/author\\\/david\\\/\"}]}<\/script>\n<!-- \/ Yoast SEO plugin. -->","yoast_head_json":{"title":"M\u00e1s Que Cabello - Zero Magazine","description":"Cl\u00ednicas Bojanini desarrollo un nuevo programa de inteligencia artificial para el cuidado de tu piel y el cabello","robots":{"index":"index","follow":"follow","max-snippet":"max-snippet:-1","max-image-preview":"max-image-preview:large","max-video-preview":"max-video-preview:-1"},"canonical":"https:\/\/zeromagazine.mx\/index.php\/2025\/04\/14\/mas-que-cabello\/","og_locale":"es_ES","og_type":"article","og_title":"M\u00e1s Que Cabello - Zero Magazine","og_description":"Cl\u00ednicas Bojanini desarrollo un nuevo programa de inteligencia artificial para el cuidado de tu piel y el cabello","og_url":"https:\/\/zeromagazine.mx\/index.php\/2025\/04\/14\/mas-que-cabello\/","og_site_name":"Zero Magazine","article_published_time":"2025-04-15T00:21:28+00:00","article_modified_time":"2025-04-15T00:21:30+00:00","og_image":[{"width":859,"height":670,"url":"http:\/\/zeromagazine.mx\/wp-content\/uploads\/2025\/04\/Captura-de-pantalla-2025-04-14-181229.png","type":"image\/png"}],"author":"David Morales","twitter_card":"summary_large_image","twitter_misc":{"Escrito por":"David Morales","Tiempo de lectura":"2 minutos"},"schema":{"@context":"https:\/\/schema.org","@graph":[{"@type":"Article","@id":"https:\/\/zeromagazine.mx\/index.php\/2025\/04\/14\/mas-que-cabello\/#article","isPartOf":{"@id":"https:\/\/zeromagazine.mx\/index.php\/2025\/04\/14\/mas-que-cabello\/"},"author":{"name":"David Morales","@id":"https:\/\/zeromagazine.mx\/#\/schema\/person\/9f7f1a17c60ba8e9980e3e6677aabe5a"},"headline":"M\u00e1s Que Cabello","datePublished":"2025-04-15T00:21:28+00:00","dateModified":"2025-04-15T00:21:30+00:00","mainEntityOfPage":{"@id":"https:\/\/zeromagazine.mx\/index.php\/2025\/04\/14\/mas-que-cabello\/"},"wordCount":376,"commentCount":0,"publisher":{"@id":"https:\/\/zeromagazine.mx\/#organization"},"image":{"@id":"https:\/\/zeromagazine.mx\/index.php\/2025\/04\/14\/mas-que-cabello\/#primaryimage"},"thumbnailUrl":"https:\/\/i0.wp.com\/zeromagazine.mx\/wp-content\/uploads\/2025\/04\/Captura-de-pantalla-2025-04-14-181229.png?fit=859%2C670&ssl=1","keywords":["Boajanini","Cuidado del cabello","Tratamiento Capilar"],"articleSection":["Blog"],"inLanguage":"es","potentialAction":[{"@type":"CommentAction","name":"Comment","target":["https:\/\/zeromagazine.mx\/index.php\/2025\/04\/14\/mas-que-cabello\/#respond"]}]},{"@type":"WebPage","@id":"https:\/\/zeromagazine.mx\/index.php\/2025\/04\/14\/mas-que-cabello\/","url":"https:\/\/zeromagazine.mx\/index.php\/2025\/04\/14\/mas-que-cabello\/","name":"M\u00e1s Que Cabello - Zero Magazine","isPartOf":{"@id":"https:\/\/zeromagazine.mx\/#website"},"primaryImageOfPage":{"@id":"https:\/\/zeromagazine.mx\/index.php\/2025\/04\/14\/mas-que-cabello\/#primaryimage"},"image":{"@id":"https:\/\/zeromagazine.mx\/index.php\/2025\/04\/14\/mas-que-cabello\/#primaryimage"},"thumbnailUrl":"https:\/\/i0.wp.com\/zeromagazine.mx\/wp-content\/uploads\/2025\/04\/Captura-de-pantalla-2025-04-14-181229.png?fit=859%2C670&ssl=1","datePublished":"2025-04-15T00:21:28+00:00","dateModified":"2025-04-15T00:21:30+00:00","description":"Cl\u00ednicas Bojanini desarrollo un nuevo programa de inteligencia artificial para el cuidado de tu piel y el cabello","breadcrumb":{"@id":"https:\/\/zeromagazine.mx\/index.php\/2025\/04\/14\/mas-que-cabello\/#breadcrumb"},"inLanguage":"es","potentialAction":[{"@type":"ReadAction","target":["https:\/\/zeromagazine.mx\/index.php\/2025\/04\/14\/mas-que-cabello\/"]}]},{"@type":"ImageObject","inLanguage":"es","@id":"https:\/\/zeromagazine.mx\/index.php\/2025\/04\/14\/mas-que-cabello\/#primaryimage","url":"https:\/\/i0.wp.com\/zeromagazine.mx\/wp-content\/uploads\/2025\/04\/Captura-de-pantalla-2025-04-14-181229.png?fit=859%2C670&ssl=1","contentUrl":"https:\/\/i0.wp.com\/zeromagazine.mx\/wp-content\/uploads\/2025\/04\/Captura-de-pantalla-2025-04-14-181229.png?fit=859%2C670&ssl=1","width":859,"height":670},{"@type":"BreadcrumbList","@id":"https:\/\/zeromagazine.mx\/index.php\/2025\/04\/14\/mas-que-cabello\/#breadcrumb","itemListElement":[{"@type":"ListItem","position":1,"name":"Portada","item":"https:\/\/zeromagazine.mx\/"},{"@type":"ListItem","position":2,"name":"M\u00e1s Que Cabello"}]},{"@type":"WebSite","@id":"https:\/\/zeromagazine.mx\/#website","url":"https:\/\/zeromagazine.mx\/","name":"Zero Magazine","description":"","publisher":{"@id":"https:\/\/zeromagazine.mx\/#organization"},"potentialAction":[{"@type":"SearchAction","target":{"@type":"EntryPoint","urlTemplate":"https:\/\/zeromagazine.mx\/?s={search_term_string}"},"query-input":{"@type":"PropertyValueSpecification","valueRequired":true,"valueName":"search_term_string"}}],"inLanguage":"es"},{"@type":"Organization","@id":"https:\/\/zeromagazine.mx\/#organization","name":"Zero Magazine","url":"https:\/\/zeromagazine.mx\/","logo":{"@type":"ImageObject","inLanguage":"es","@id":"https:\/\/zeromagazine.mx\/#\/schema\/logo\/image\/","url":"https:\/\/i0.wp.com\/zeromagazine.mx\/wp-content\/uploads\/2025\/11\/1.jpeg?fit=1000%2C1000&ssl=1","contentUrl":"https:\/\/i0.wp.com\/zeromagazine.mx\/wp-content\/uploads\/2025\/11\/1.jpeg?fit=1000%2C1000&ssl=1","width":1000,"height":1000,"caption":"Zero Magazine"},"image":{"@id":"https:\/\/zeromagazine.mx\/#\/schema\/logo\/image\/"},"sameAs":["https:\/\/instagram.com\/zeromagazinemx"]},{"@type":"Person","@id":"https:\/\/zeromagazine.mx\/#\/schema\/person\/9f7f1a17c60ba8e9980e3e6677aabe5a","name":"David Morales","image":{"@type":"ImageObject","inLanguage":"es","@id":"https:\/\/zeromagazine.mx\/wp-content\/litespeed\/avatar\/76069d2136bfc1c37dc34815bb67ca42.jpg?ver=1777571067","url":"https:\/\/zeromagazine.mx\/wp-content\/litespeed\/avatar\/76069d2136bfc1c37dc34815bb67ca42.jpg?ver=1777571067","contentUrl":"https:\/\/zeromagazine.mx\/wp-content\/litespeed\/avatar\/76069d2136bfc1c37dc34815bb67ca42.jpg?ver=1777571067","caption":"David Morales"},"url":"https:\/\/zeromagazine.mx\/index.php\/author\/david\/"}]}},"jetpack_publicize_connections":[],"jetpack_featured_media_url":"https:\/\/i0.wp.com\/zeromagazine.mx\/wp-content\/uploads\/2025\/04\/Captura-de-pantalla-2025-04-14-181229.png?fit=859%2C670&ssl=1","jetpack-related-posts":[{"id":113636,"url":"https:\/\/zeromagazine.mx\/index.php\/2026\/01\/18\/tendencias-de-cabello-2026-dyson\/","url_meta":{"origin":101488,"position":0},"title":"Tendencias de cabello 2026 que amar\u00e1s","author":"Luis Trujano","date":"18 de enero de 2026","format":false,"excerpt":"Si algo nos ha ense\u00f1ado el mundo beauty \u00faltimamente es que el cabello ya no se trata solo de verse bien, sino de sentirse aut\u00e9nticx. Las tendencias de cabello 2026 vienen con una energ\u00eda mucho m\u00e1s consciente, personalizada y tecnol\u00f3gica, y s\u00ed: est\u00e1n pensadas para personas reales, rutinas reales y\u2026","rel":"","context":"En \u00abBeauty\u00bb","block_context":{"text":"Beauty","link":"https:\/\/zeromagazine.mx\/index.php\/category\/beauty\/"},"img":{"alt_text":"","src":"https:\/\/i0.wp.com\/zeromagazine.mx\/wp-content\/uploads\/2026\/01\/IMG_6336.png?fit=866%2C590&ssl=1&resize=350%2C200","width":350,"height":200,"srcset":"https:\/\/i0.wp.com\/zeromagazine.mx\/wp-content\/uploads\/2026\/01\/IMG_6336.png?fit=866%2C590&ssl=1&resize=350%2C200 1x, https:\/\/i0.wp.com\/zeromagazine.mx\/wp-content\/uploads\/2026\/01\/IMG_6336.png?fit=866%2C590&ssl=1&resize=525%2C300 1.5x, https:\/\/i0.wp.com\/zeromagazine.mx\/wp-content\/uploads\/2026\/01\/IMG_6336.png?fit=866%2C590&ssl=1&resize=700%2C400 2x"},"classes":[]},{"id":111355,"url":"https:\/\/zeromagazine.mx\/index.php\/2025\/11\/29\/nashi-argan-cabello-otono\/","url_meta":{"origin":101488,"position":1},"title":"Nashi Argan: cabello oto\u00f1al perfecto","author":"zeromagazinemx","date":"29 de noviembre de 2025","format":false,"excerpt":"El oto\u00f1o ya lleg\u00f3 con toda su est\u00e9tica cozy, pero tambi\u00e9n con ese mood donde tu melena empieza a pedir auxilio: frizz, resequedad, puntas rebeldes\u2026 todo al mismo tiempo. Y aunque cambiar de estaci\u00f3n siempre altera la vibra del cabello, Nashi Argan cabello se ha convertido en el aliado que\u2026","rel":"","context":"En \u00abBeauty\u00bb","block_context":{"text":"Beauty","link":"https:\/\/zeromagazine.mx\/index.php\/category\/beauty\/"},"img":{"alt_text":"","src":"https:\/\/i0.wp.com\/zeromagazine.mx\/wp-content\/uploads\/2025\/11\/1000042132.jpg?fit=1200%2C1200&ssl=1&resize=350%2C200","width":350,"height":200,"srcset":"https:\/\/i0.wp.com\/zeromagazine.mx\/wp-content\/uploads\/2025\/11\/1000042132.jpg?fit=1200%2C1200&ssl=1&resize=350%2C200 1x, https:\/\/i0.wp.com\/zeromagazine.mx\/wp-content\/uploads\/2025\/11\/1000042132.jpg?fit=1200%2C1200&ssl=1&resize=525%2C300 1.5x, https:\/\/i0.wp.com\/zeromagazine.mx\/wp-content\/uploads\/2025\/11\/1000042132.jpg?fit=1200%2C1200&ssl=1&resize=700%2C400 2x, https:\/\/i0.wp.com\/zeromagazine.mx\/wp-content\/uploads\/2025\/11\/1000042132.jpg?fit=1200%2C1200&ssl=1&resize=1050%2C600 3x"},"classes":[]},{"id":112229,"url":"https:\/\/zeromagazine.mx\/index.php\/2025\/12\/28\/caida-de-cabello-en-diciembre-patron-christmas-tree\/","url_meta":{"origin":101488,"position":2},"title":"Ca\u00edda de cabello en diciembre real","author":"Luis Trujano","date":"28 de diciembre de 2025","format":false,"excerpt":"Diciembre es esa \u00e9poca donde todo pasa al mismo tiempo: fiestas, pendientes, desvelos, estr\u00e9s emocional y cero rutina. Y aunque solemos notar el impacto en el \u00e1nimo o la piel, hay algo que tambi\u00e9n lo resiente fuerte: el pelo. La ca\u00edda de cabello en diciembre es m\u00e1s com\u00fan de lo\u2026","rel":"","context":"En \u00abBeauty\u00bb","block_context":{"text":"Beauty","link":"https:\/\/zeromagazine.mx\/index.php\/category\/beauty\/"},"img":{"alt_text":"","src":"https:\/\/i0.wp.com\/zeromagazine.mx\/wp-content\/uploads\/2025\/12\/IMG_6234-1.jpeg?fit=1200%2C675&ssl=1&resize=350%2C200","width":350,"height":200,"srcset":"https:\/\/i0.wp.com\/zeromagazine.mx\/wp-content\/uploads\/2025\/12\/IMG_6234-1.jpeg?fit=1200%2C675&ssl=1&resize=350%2C200 1x, https:\/\/i0.wp.com\/zeromagazine.mx\/wp-content\/uploads\/2025\/12\/IMG_6234-1.jpeg?fit=1200%2C675&ssl=1&resize=525%2C300 1.5x, https:\/\/i0.wp.com\/zeromagazine.mx\/wp-content\/uploads\/2025\/12\/IMG_6234-1.jpeg?fit=1200%2C675&ssl=1&resize=700%2C400 2x, https:\/\/i0.wp.com\/zeromagazine.mx\/wp-content\/uploads\/2025\/12\/IMG_6234-1.jpeg?fit=1200%2C675&ssl=1&resize=1050%2C600 3x"},"classes":[]},{"id":81195,"url":"https:\/\/zeromagazine.mx\/index.php\/2024\/07\/31\/haircare-lujo-para-tu-cabello\/","url_meta":{"origin":101488,"position":3},"title":"\u00abHAIRCARE: Lujo para tu Cabello\u00bb","author":"zeromagazinemx","date":"31 de julio de 2024","format":false,"excerpt":"Prep\u00e1rense para un glow-up total con HAIRCARE, el nuevo spot de belleza de lujo que El Palacio de Hierro nos trae. \u00bfListos para transformar su rutina de cuidado capilar? Aqu\u00ed les cuento un poco m\u00e1s sobre esta incre\u00edble experiencia.\u00a0 Primero, lo primero: el cuero cabelludo es piel, y su salud\u2026","rel":"","context":"En \u00abBlog\u00bb","block_context":{"text":"Blog","link":"https:\/\/zeromagazine.mx\/index.php\/category\/blog\/"},"img":{"alt_text":"","src":"https:\/\/i0.wp.com\/zeromagazine.mx\/wp-content\/uploads\/2024\/07\/Haircare_EPH-Interlomas-4.jpg?fit=1200%2C800&ssl=1&resize=350%2C200","width":350,"height":200,"srcset":"https:\/\/i0.wp.com\/zeromagazine.mx\/wp-content\/uploads\/2024\/07\/Haircare_EPH-Interlomas-4.jpg?fit=1200%2C800&ssl=1&resize=350%2C200 1x, https:\/\/i0.wp.com\/zeromagazine.mx\/wp-content\/uploads\/2024\/07\/Haircare_EPH-Interlomas-4.jpg?fit=1200%2C800&ssl=1&resize=525%2C300 1.5x, https:\/\/i0.wp.com\/zeromagazine.mx\/wp-content\/uploads\/2024\/07\/Haircare_EPH-Interlomas-4.jpg?fit=1200%2C800&ssl=1&resize=700%2C400 2x, https:\/\/i0.wp.com\/zeromagazine.mx\/wp-content\/uploads\/2024\/07\/Haircare_EPH-Interlomas-4.jpg?fit=1200%2C800&ssl=1&resize=1050%2C600 3x"},"classes":[]},{"id":111834,"url":"https:\/\/zeromagazine.mx\/index.php\/2025\/12\/23\/cabello-en-invierno-cuidado-frizz-hidratacion\/","url_meta":{"origin":101488,"position":4},"title":"Cabello en invierno sin drama","author":"zeromagazinemx","date":"23 de diciembre de 2025","format":false,"excerpt":"El fr\u00edo lleg\u00f3 con todo: outfits en capas, caf\u00e9 caliente 24\/7\u2026 y s\u00ed, tambi\u00e9n frizz, resequedad y m\u00e1s pelos en la almohada de lo normal. Porque seamos honestxs: el cabello en invierno puede sentirse como una batalla constante entre el clima, la calefacci\u00f3n y nuestros intentos de mantenerlo cute. Pero\u2026","rel":"","context":"En \u00abBeauty\u00bb","block_context":{"text":"Beauty","link":"https:\/\/zeromagazine.mx\/index.php\/category\/beauty\/"},"img":{"alt_text":"","src":"https:\/\/i0.wp.com\/zeromagazine.mx\/wp-content\/uploads\/2025\/12\/1000045595.png?fit=970%2C818&ssl=1&resize=350%2C200","width":350,"height":200,"srcset":"https:\/\/i0.wp.com\/zeromagazine.mx\/wp-content\/uploads\/2025\/12\/1000045595.png?fit=970%2C818&ssl=1&resize=350%2C200 1x, https:\/\/i0.wp.com\/zeromagazine.mx\/wp-content\/uploads\/2025\/12\/1000045595.png?fit=970%2C818&ssl=1&resize=525%2C300 1.5x, https:\/\/i0.wp.com\/zeromagazine.mx\/wp-content\/uploads\/2025\/12\/1000045595.png?fit=970%2C818&ssl=1&resize=700%2C400 2x"},"classes":[]},{"id":114972,"url":"https:\/\/zeromagazine.mx\/index.php\/2026\/02\/09\/cabello-como-extension-estilo-cuidado-capilar\/","url_meta":{"origin":101488,"position":5},"title":"El cabello como extensi\u00f3n de tu estilo","author":"David Morales","date":"9 de febrero de 2026","format":false,"excerpt":"Para quienes sue\u00f1an con longitud nivel diosa, pero sin sacrificar salud, la l\u00ednea Grow Long se vuelve un must. Aqu\u00ed, la meta no es solo que el cabello crezca, sino que crezca fuerte. Porque s\u00ed, tenerlo largo est\u00e1 cool\u2026 pero tenerlo largo y sano, es otro nivel. Adem\u00e1s, f\u00f3rmulas enfocadas\u2026","rel":"","context":"En \u00abBeauty\u00bb","block_context":{"text":"Beauty","link":"https:\/\/zeromagazine.mx\/index.php\/category\/beauty\/"},"img":{"alt_text":"","src":"https:\/\/i0.wp.com\/zeromagazine.mx\/wp-content\/uploads\/2026\/02\/a39a04ba-ba1a-472e-be36-934a3dca82c6.jpeg?fit=1200%2C1200&ssl=1&resize=350%2C200","width":350,"height":200,"srcset":"https:\/\/i0.wp.com\/zeromagazine.mx\/wp-content\/uploads\/2026\/02\/a39a04ba-ba1a-472e-be36-934a3dca82c6.jpeg?fit=1200%2C1200&ssl=1&resize=350%2C200 1x, https:\/\/i0.wp.com\/zeromagazine.mx\/wp-content\/uploads\/2026\/02\/a39a04ba-ba1a-472e-be36-934a3dca82c6.jpeg?fit=1200%2C1200&ssl=1&resize=525%2C300 1.5x, https:\/\/i0.wp.com\/zeromagazine.mx\/wp-content\/uploads\/2026\/02\/a39a04ba-ba1a-472e-be36-934a3dca82c6.jpeg?fit=1200%2C1200&ssl=1&resize=700%2C400 2x, https:\/\/i0.wp.com\/zeromagazine.mx\/wp-content\/uploads\/2026\/02\/a39a04ba-ba1a-472e-be36-934a3dca82c6.jpeg?fit=1200%2C1200&ssl=1&resize=1050%2C600 3x"},"classes":[]}],"jetpack_sharing_enabled":true,"builder_content":"","_links":{"self":[{"href":"https:\/\/zeromagazine.mx\/index.php\/wp-json\/wp\/v2\/posts\/101488","targetHints":{"allow":["GET"]}}],"collection":[{"href":"https:\/\/zeromagazine.mx\/index.php\/wp-json\/wp\/v2\/posts"}],"about":[{"href":"https:\/\/zeromagazine.mx\/index.php\/wp-json\/wp\/v2\/types\/post"}],"author":[{"embeddable":true,"href":"https:\/\/zeromagazine.mx\/index.php\/wp-json\/wp\/v2\/users\/4"}],"replies":[{"embeddable":true,"href":"https:\/\/zeromagazine.mx\/index.php\/wp-json\/wp\/v2\/comments?post=101488"}],"version-history":[{"count":3,"href":"https:\/\/zeromagazine.mx\/index.php\/wp-json\/wp\/v2\/posts\/101488\/revisions"}],"predecessor-version":[{"id":101494,"href":"https:\/\/zeromagazine.mx\/index.php\/wp-json\/wp\/v2\/posts\/101488\/revisions\/101494"}],"wp:featuredmedia":[{"embeddable":true,"href":"https:\/\/zeromagazine.mx\/index.php\/wp-json\/wp\/v2\/media\/101489"}],"wp:attachment":[{"href":"https:\/\/zeromagazine.mx\/index.php\/wp-json\/wp\/v2\/media?parent=101488"}],"wp:term":[{"taxonomy":"category","embeddable":true,"href":"https:\/\/zeromagazine.mx\/index.php\/wp-json\/wp\/v2\/categories?post=101488"},{"taxonomy":"post_tag","embeddable":true,"href":"https:\/\/zeromagazine.mx\/index.php\/wp-json\/wp\/v2\/tags?post=101488"}],"curies":[{"name":"wp","href":"https:\/\/api.w.org\/{rel}","templated":true}]}}