{"id":101558,"date":"2025-02-28T08:00:00","date_gmt":"2025-02-28T14:00:00","guid":{"rendered":"https:\/\/zeromagazine.mx\/?p=101558"},"modified":"2025-04-15T13:37:55","modified_gmt":"2025-04-15T19:37:55","slug":"padel-cancun","status":"publish","type":"post","link":"https:\/\/zeromagazine.mx\/index.php\/2025\/02\/28\/padel-cancun\/","title":{"rendered":"Padel Canc\u00fan"},"content":{"rendered":"<p>Amix, si lo tuyo es el deporte con vibes deluxe, prep\u00e1rate porque lo que est\u00e1 pasando en Costa Mujeres est\u00e1 de otro nivel. Del 10 al 16 de marzo de 2025, el Premier Padel Canc\u00fan P2 aterriz\u00f3 en el para\u00edso caribe\u00f1o, y no solo con raquetas, sino con un combo \u00e9pico de adrenalina, lujo y vistas que te quitan el aliento. Todo esto, dentro del <strong>Grand Palladium Select Costa Mujeres<\/strong>, que se rif\u00f3 siendo el patrocinador oficial del torneo.<\/p>\n\n\n\n<h2 class=\"wp-block-heading\">Un stage digno de campeones<\/h2>\n\n\n\n<p>Adem\u00e1s, el Rafa Nadal Tennis Centre fue la sede de este show deportivo con tech de \u00faltima generaci\u00f3n, transmisi\u00f3n en 4K y vibes muy internacionales. Este spot no es cualquier cosa: es uno de los complejos m\u00e1s top del pa\u00eds y fue el punto de encuentro de 28 parejas varoniles y 24 femeniles, con cracks como Agust\u00edn Tapia, Ariana S\u00e1nchez y Gemma Triay d\u00e1ndolo todo en la cancha.<\/p>\n\n\n\n<h2 class=\"wp-block-heading\">Donde vivir el deporte se convierte en planazo<\/h2>\n\n\n\n<p>Despu\u00e9s, imagina estar viendo partidos \u00e9picos y luego caminar directo a una <strong>Junior Suite de lujo<\/strong>, pasar por la Grand Gelateria o entrar al show de CHIC Cabaret &amp; Restaurant. Eso s\u00ed, todo esto mientras ves el mar turquesa de fondo y te relajas en uno de los hoteles m\u00e1s elegantes del Palladium Hotel Group. Literalmente, una <strong>experiencia deportiva \u00fanica<\/strong>.<\/p>\n\n\n\n<figure class=\"wp-block-gallery has-nested-images columns-default is-cropped wp-block-gallery-1 is-layout-flex wp-block-gallery-is-layout-flex\">\n<figure class=\"wp-block-image size-large\"><img data-recalc-dims=\"1\" decoding=\"async\" width=\"819\" height=\"1024\" data-id=\"101562\" src=\"https:\/\/i0.wp.com\/zeromagazine.mx\/wp-content\/uploads\/2025\/04\/PPadel2025FEB_4_5_1-819x1024.png?resize=819%2C1024&#038;ssl=1\" alt=\"\" class=\"wp-image-101562\" srcset=\"https:\/\/i0.wp.com\/zeromagazine.mx\/wp-content\/uploads\/2025\/04\/PPadel2025FEB_4_5_1.png?resize=819%2C1024&amp;ssl=1 819w, https:\/\/i0.wp.com\/zeromagazine.mx\/wp-content\/uploads\/2025\/04\/PPadel2025FEB_4_5_1.png?resize=240%2C300&amp;ssl=1 240w, https:\/\/i0.wp.com\/zeromagazine.mx\/wp-content\/uploads\/2025\/04\/PPadel2025FEB_4_5_1.png?resize=768%2C960&amp;ssl=1 768w, https:\/\/i0.wp.com\/zeromagazine.mx\/wp-content\/uploads\/2025\/04\/PPadel2025FEB_4_5_1.png?w=1080&amp;ssl=1 1080w\" sizes=\"(max-width: 819px) 100vw, 819px\" \/><\/figure>\n\n\n\n<figure class=\"wp-block-image size-large\"><img data-recalc-dims=\"1\" decoding=\"async\" width=\"819\" height=\"1024\" data-id=\"101560\" src=\"https:\/\/i0.wp.com\/zeromagazine.mx\/wp-content\/uploads\/2025\/04\/PPadel2025FEB_2-819x1024.png?resize=819%2C1024&#038;ssl=1\" alt=\"\" class=\"wp-image-101560\" srcset=\"https:\/\/i0.wp.com\/zeromagazine.mx\/wp-content\/uploads\/2025\/04\/PPadel2025FEB_2.png?resize=819%2C1024&amp;ssl=1 819w, https:\/\/i0.wp.com\/zeromagazine.mx\/wp-content\/uploads\/2025\/04\/PPadel2025FEB_2.png?resize=240%2C300&amp;ssl=1 240w, https:\/\/i0.wp.com\/zeromagazine.mx\/wp-content\/uploads\/2025\/04\/PPadel2025FEB_2.png?resize=768%2C960&amp;ssl=1 768w, https:\/\/i0.wp.com\/zeromagazine.mx\/wp-content\/uploads\/2025\/04\/PPadel2025FEB_2.png?w=1080&amp;ssl=1 1080w\" sizes=\"(max-width: 819px) 100vw, 819px\" \/><\/figure>\n\n\n\n<figure class=\"wp-block-image size-large\"><img data-recalc-dims=\"1\" decoding=\"async\" width=\"819\" height=\"1024\" data-id=\"101561\" src=\"https:\/\/i0.wp.com\/zeromagazine.mx\/wp-content\/uploads\/2025\/04\/PPadel2025FEB_4_5_2-819x1024.png?resize=819%2C1024&#038;ssl=1\" alt=\"\" class=\"wp-image-101561\" srcset=\"https:\/\/i0.wp.com\/zeromagazine.mx\/wp-content\/uploads\/2025\/04\/PPadel2025FEB_4_5_2.png?resize=819%2C1024&amp;ssl=1 819w, https:\/\/i0.wp.com\/zeromagazine.mx\/wp-content\/uploads\/2025\/04\/PPadel2025FEB_4_5_2.png?resize=240%2C300&amp;ssl=1 240w, https:\/\/i0.wp.com\/zeromagazine.mx\/wp-content\/uploads\/2025\/04\/PPadel2025FEB_4_5_2.png?resize=768%2C960&amp;ssl=1 768w, https:\/\/i0.wp.com\/zeromagazine.mx\/wp-content\/uploads\/2025\/04\/PPadel2025FEB_4_5_2.png?w=1080&amp;ssl=1 1080w\" sizes=\"(max-width: 819px) 100vw, 819px\" \/><\/figure>\n<\/figure>\n\n\n\n<h2 class=\"wp-block-heading\">P\u00e1del como motor de turismo<\/h2>\n\n\n\n<p>Luego, el Premier Padel Canc\u00fan P2 no solo movi\u00f3 raquetas: tambi\u00e9n movi\u00f3 la econom\u00eda local, posicion\u00f3 a Canc\u00fan en el mapa internacional del p\u00e1del y demostr\u00f3 c\u00f3mo un evento bien hecho puede unir <strong>hospitalidad con alto rendimiento<\/strong>. Y lo mejor: lo puedes ver desde tu compu o cel gracias a transmisiones en m\u00e1s de 180 pa\u00edses, incluyendo Sky, Star+, y YouTube.<\/p>\n\n\n\n<h2 class=\"wp-block-heading\">\u00bfQuieres vivirlo?<\/h2>\n\n\n\n<p>Por \u00faltimo, si ya te imaginaste ah\u00ed con tu drink y viendo los partidos, corre a <a class=\"\" href=\"https:\/\/fanki.com.mx\">fanki.com.mx<\/a> y checa si a\u00fan hay entradas para el pr\u00f3ximo torneo. O m\u00ednimo, s\u00edgueles la pista en Instagram como <a class=\"\" href=\"https:\/\/www.instagram.com\/grandpalladiumselectcm\/\">@grandpalladiumselectcm<\/a> para ir armando plan con tu squad.<\/p>\n\n\n\n<script async src=\"https:\/\/pagead2.googlesyndication.com\/pagead\/js\/adsbygoogle.js?client=ca-pub-5499304793904745\"\n     crossorigin=\"anonymous\"><\/script>\n<ins class=\"adsbygoogle\"\n     style=\"display:block; text-align:center;\"\n     data-ad-layout=\"in-article\"\n     data-ad-format=\"fluid\"\n     data-ad-client=\"ca-pub-5499304793904745\"\n     data-ad-slot=\"5994863093\"><\/ins>\n<script>\n     (adsbygoogle = window.adsbygoogle || []).push({});\n<\/script>\n\n<!--themify_builder_content-->\n<div id=\"themify_builder_content-101558\" data-postid=\"101558\" class=\"themify_builder_content themify_builder_content-101558 themify_builder tf_clear\">\n    <\/div>\n<!--\/themify_builder_content-->","protected":false},"excerpt":{"rendered":"<p>Amix, si lo tuyo es el deporte con vibes deluxe, prep\u00e1rate porque lo que est\u00e1 pasando en Costa Mujeres est\u00e1 de otro nivel. Del 10 al 16 de marzo de 2025, el Premier Padel Canc\u00fan P2 aterriz\u00f3 en el para\u00edso caribe\u00f1o, y no solo con raquetas, sino con un combo \u00e9pico de adrenalina, lujo y [&hellip;]<\/p>\n","protected":false},"author":4,"featured_media":101559,"comment_status":"open","ping_status":"open","sticky":false,"template":"","format":"standard","meta":{"_jetpack_memberships_contains_paid_content":false,"footnotes":"","jetpack_publicize_message":"","jetpack_publicize_feature_enabled":true,"jetpack_social_post_already_shared":true,"jetpack_social_options":{"image_generator_settings":{"template":"highway","default_image_id":0,"font":"","enabled":false},"version":2}},"categories":[1],"tags":[7964,12796,13324],"class_list":["post-101558","post","type-post","status-publish","format-standard","has-post-thumbnail","hentry","category-blog","tag-cancun-2","tag-grand-palladium","tag-premier-padel-cancun-p2","has-post-title","has-post-date","has-post-category","has-post-tag","has-post-comment","has-post-author",""],"yoast_head":"<!-- This site is optimized with the Yoast SEO plugin v27.5 - https:\/\/yoast.com\/product\/yoast-seo-wordpress\/ -->\n<title>Padel Canc\u00fan - Zero Magazine<\/title>\n<meta name=\"description\" content=\"Grand Palladium te invita este 10 a 16 de marzo a ser testigo del Padel Canc\u00fan P2 en Costa Mujeres. No te lo pierdas\" \/>\n<meta name=\"robots\" content=\"index, follow, max-snippet:-1, max-image-preview:large, max-video-preview:-1\" \/>\n<link rel=\"canonical\" href=\"https:\/\/zeromagazine.mx\/index.php\/2025\/02\/28\/padel-cancun\/\" \/>\n<meta property=\"og:locale\" content=\"es_ES\" \/>\n<meta property=\"og:type\" content=\"article\" \/>\n<meta property=\"og:title\" content=\"Padel Canc\u00fan - Zero Magazine\" \/>\n<meta property=\"og:description\" content=\"Grand Palladium te invita este 10 a 16 de marzo a ser testigo del Padel Canc\u00fan P2 en Costa Mujeres. No te lo pierdas\" \/>\n<meta property=\"og:url\" content=\"https:\/\/zeromagazine.mx\/index.php\/2025\/02\/28\/padel-cancun\/\" \/>\n<meta property=\"og:site_name\" content=\"Zero Magazine\" \/>\n<meta property=\"article:published_time\" content=\"2025-02-28T14:00:00+00:00\" \/>\n<meta property=\"article:modified_time\" content=\"2025-04-15T19:37:55+00:00\" \/>\n<meta property=\"og:image\" content=\"http:\/\/zeromagazine.mx\/wp-content\/uploads\/2025\/04\/Poster-P2_1920x1080-scaled.jpg\" \/>\n\t<meta property=\"og:image:width\" content=\"2560\" \/>\n\t<meta property=\"og:image:height\" content=\"1440\" \/>\n\t<meta property=\"og:image:type\" content=\"image\/jpeg\" \/>\n<meta name=\"author\" content=\"David Morales\" \/>\n<meta name=\"twitter:card\" content=\"summary_large_image\" \/>\n<meta name=\"twitter:label1\" content=\"Escrito por\" \/>\n\t<meta name=\"twitter:data1\" content=\"David Morales\" \/>\n\t<meta name=\"twitter:label2\" content=\"Tiempo de lectura\" \/>\n\t<meta name=\"twitter:data2\" content=\"3 minutos\" \/>\n<script type=\"application\/ld+json\" class=\"yoast-schema-graph\">{\"@context\":\"https:\\\/\\\/schema.org\",\"@graph\":[{\"@type\":\"Article\",\"@id\":\"https:\\\/\\\/zeromagazine.mx\\\/index.php\\\/2025\\\/02\\\/28\\\/padel-cancun\\\/#article\",\"isPartOf\":{\"@id\":\"https:\\\/\\\/zeromagazine.mx\\\/index.php\\\/2025\\\/02\\\/28\\\/padel-cancun\\\/\"},\"author\":{\"name\":\"David Morales\",\"@id\":\"https:\\\/\\\/zeromagazine.mx\\\/#\\\/schema\\\/person\\\/9f7f1a17c60ba8e9980e3e6677aabe5a\"},\"headline\":\"Padel Canc\u00fan\",\"datePublished\":\"2025-02-28T14:00:00+00:00\",\"dateModified\":\"2025-04-15T19:37:55+00:00\",\"mainEntityOfPage\":{\"@id\":\"https:\\\/\\\/zeromagazine.mx\\\/index.php\\\/2025\\\/02\\\/28\\\/padel-cancun\\\/\"},\"wordCount\":357,\"commentCount\":0,\"publisher\":{\"@id\":\"https:\\\/\\\/zeromagazine.mx\\\/#organization\"},\"image\":{\"@id\":\"https:\\\/\\\/zeromagazine.mx\\\/index.php\\\/2025\\\/02\\\/28\\\/padel-cancun\\\/#primaryimage\"},\"thumbnailUrl\":\"https:\\\/\\\/i0.wp.com\\\/zeromagazine.mx\\\/wp-content\\\/uploads\\\/2025\\\/04\\\/Poster-P2_1920x1080-scaled.jpg?fit=2560%2C1440&ssl=1\",\"keywords\":[\"Canc\u00fan\",\"Grand Palladium\",\"Premier Padel Canc\u00fan P2\"],\"articleSection\":[\"Blog\"],\"inLanguage\":\"es\",\"potentialAction\":[{\"@type\":\"CommentAction\",\"name\":\"Comment\",\"target\":[\"https:\\\/\\\/zeromagazine.mx\\\/index.php\\\/2025\\\/02\\\/28\\\/padel-cancun\\\/#respond\"]}]},{\"@type\":\"WebPage\",\"@id\":\"https:\\\/\\\/zeromagazine.mx\\\/index.php\\\/2025\\\/02\\\/28\\\/padel-cancun\\\/\",\"url\":\"https:\\\/\\\/zeromagazine.mx\\\/index.php\\\/2025\\\/02\\\/28\\\/padel-cancun\\\/\",\"name\":\"Padel Canc\u00fan - Zero Magazine\",\"isPartOf\":{\"@id\":\"https:\\\/\\\/zeromagazine.mx\\\/#website\"},\"primaryImageOfPage\":{\"@id\":\"https:\\\/\\\/zeromagazine.mx\\\/index.php\\\/2025\\\/02\\\/28\\\/padel-cancun\\\/#primaryimage\"},\"image\":{\"@id\":\"https:\\\/\\\/zeromagazine.mx\\\/index.php\\\/2025\\\/02\\\/28\\\/padel-cancun\\\/#primaryimage\"},\"thumbnailUrl\":\"https:\\\/\\\/i0.wp.com\\\/zeromagazine.mx\\\/wp-content\\\/uploads\\\/2025\\\/04\\\/Poster-P2_1920x1080-scaled.jpg?fit=2560%2C1440&ssl=1\",\"datePublished\":\"2025-02-28T14:00:00+00:00\",\"dateModified\":\"2025-04-15T19:37:55+00:00\",\"description\":\"Grand Palladium te invita este 10 a 16 de marzo a ser testigo del Padel Canc\u00fan P2 en Costa Mujeres. No te lo pierdas\",\"breadcrumb\":{\"@id\":\"https:\\\/\\\/zeromagazine.mx\\\/index.php\\\/2025\\\/02\\\/28\\\/padel-cancun\\\/#breadcrumb\"},\"inLanguage\":\"es\",\"potentialAction\":[{\"@type\":\"ReadAction\",\"target\":[\"https:\\\/\\\/zeromagazine.mx\\\/index.php\\\/2025\\\/02\\\/28\\\/padel-cancun\\\/\"]}]},{\"@type\":\"ImageObject\",\"inLanguage\":\"es\",\"@id\":\"https:\\\/\\\/zeromagazine.mx\\\/index.php\\\/2025\\\/02\\\/28\\\/padel-cancun\\\/#primaryimage\",\"url\":\"https:\\\/\\\/i0.wp.com\\\/zeromagazine.mx\\\/wp-content\\\/uploads\\\/2025\\\/04\\\/Poster-P2_1920x1080-scaled.jpg?fit=2560%2C1440&ssl=1\",\"contentUrl\":\"https:\\\/\\\/i0.wp.com\\\/zeromagazine.mx\\\/wp-content\\\/uploads\\\/2025\\\/04\\\/Poster-P2_1920x1080-scaled.jpg?fit=2560%2C1440&ssl=1\",\"width\":2560,\"height\":1440},{\"@type\":\"BreadcrumbList\",\"@id\":\"https:\\\/\\\/zeromagazine.mx\\\/index.php\\\/2025\\\/02\\\/28\\\/padel-cancun\\\/#breadcrumb\",\"itemListElement\":[{\"@type\":\"ListItem\",\"position\":1,\"name\":\"Portada\",\"item\":\"https:\\\/\\\/zeromagazine.mx\\\/\"},{\"@type\":\"ListItem\",\"position\":2,\"name\":\"Padel Canc\u00fan\"}]},{\"@type\":\"WebSite\",\"@id\":\"https:\\\/\\\/zeromagazine.mx\\\/#website\",\"url\":\"https:\\\/\\\/zeromagazine.mx\\\/\",\"name\":\"Zero Magazine\",\"description\":\"\",\"publisher\":{\"@id\":\"https:\\\/\\\/zeromagazine.mx\\\/#organization\"},\"potentialAction\":[{\"@type\":\"SearchAction\",\"target\":{\"@type\":\"EntryPoint\",\"urlTemplate\":\"https:\\\/\\\/zeromagazine.mx\\\/?s={search_term_string}\"},\"query-input\":{\"@type\":\"PropertyValueSpecification\",\"valueRequired\":true,\"valueName\":\"search_term_string\"}}],\"inLanguage\":\"es\"},{\"@type\":\"Organization\",\"@id\":\"https:\\\/\\\/zeromagazine.mx\\\/#organization\",\"name\":\"Zero Magazine\",\"url\":\"https:\\\/\\\/zeromagazine.mx\\\/\",\"logo\":{\"@type\":\"ImageObject\",\"inLanguage\":\"es\",\"@id\":\"https:\\\/\\\/zeromagazine.mx\\\/#\\\/schema\\\/logo\\\/image\\\/\",\"url\":\"https:\\\/\\\/i0.wp.com\\\/zeromagazine.mx\\\/wp-content\\\/uploads\\\/2025\\\/11\\\/1.jpeg?fit=1000%2C1000&ssl=1\",\"contentUrl\":\"https:\\\/\\\/i0.wp.com\\\/zeromagazine.mx\\\/wp-content\\\/uploads\\\/2025\\\/11\\\/1.jpeg?fit=1000%2C1000&ssl=1\",\"width\":1000,\"height\":1000,\"caption\":\"Zero Magazine\"},\"image\":{\"@id\":\"https:\\\/\\\/zeromagazine.mx\\\/#\\\/schema\\\/logo\\\/image\\\/\"},\"sameAs\":[\"https:\\\/\\\/instagram.com\\\/zeromagazinemx\"]},{\"@type\":\"Person\",\"@id\":\"https:\\\/\\\/zeromagazine.mx\\\/#\\\/schema\\\/person\\\/9f7f1a17c60ba8e9980e3e6677aabe5a\",\"name\":\"David Morales\",\"image\":{\"@type\":\"ImageObject\",\"inLanguage\":\"es\",\"@id\":\"https:\\\/\\\/zeromagazine.mx\\\/wp-content\\\/litespeed\\\/avatar\\\/76069d2136bfc1c37dc34815bb67ca42.jpg?ver=1777571067\",\"url\":\"https:\\\/\\\/zeromagazine.mx\\\/wp-content\\\/litespeed\\\/avatar\\\/76069d2136bfc1c37dc34815bb67ca42.jpg?ver=1777571067\",\"contentUrl\":\"https:\\\/\\\/zeromagazine.mx\\\/wp-content\\\/litespeed\\\/avatar\\\/76069d2136bfc1c37dc34815bb67ca42.jpg?ver=1777571067\",\"caption\":\"David Morales\"},\"url\":\"https:\\\/\\\/zeromagazine.mx\\\/index.php\\\/author\\\/david\\\/\"}]}<\/script>\n<!-- \/ Yoast SEO plugin. -->","yoast_head_json":{"title":"Padel Canc\u00fan - Zero Magazine","description":"Grand Palladium te invita este 10 a 16 de marzo a ser testigo del Padel Canc\u00fan P2 en Costa Mujeres. No te lo pierdas","robots":{"index":"index","follow":"follow","max-snippet":"max-snippet:-1","max-image-preview":"max-image-preview:large","max-video-preview":"max-video-preview:-1"},"canonical":"https:\/\/zeromagazine.mx\/index.php\/2025\/02\/28\/padel-cancun\/","og_locale":"es_ES","og_type":"article","og_title":"Padel Canc\u00fan - Zero Magazine","og_description":"Grand Palladium te invita este 10 a 16 de marzo a ser testigo del Padel Canc\u00fan P2 en Costa Mujeres. No te lo pierdas","og_url":"https:\/\/zeromagazine.mx\/index.php\/2025\/02\/28\/padel-cancun\/","og_site_name":"Zero Magazine","article_published_time":"2025-02-28T14:00:00+00:00","article_modified_time":"2025-04-15T19:37:55+00:00","og_image":[{"width":2560,"height":1440,"url":"http:\/\/zeromagazine.mx\/wp-content\/uploads\/2025\/04\/Poster-P2_1920x1080-scaled.jpg","type":"image\/jpeg"}],"author":"David Morales","twitter_card":"summary_large_image","twitter_misc":{"Escrito por":"David Morales","Tiempo de lectura":"3 minutos"},"schema":{"@context":"https:\/\/schema.org","@graph":[{"@type":"Article","@id":"https:\/\/zeromagazine.mx\/index.php\/2025\/02\/28\/padel-cancun\/#article","isPartOf":{"@id":"https:\/\/zeromagazine.mx\/index.php\/2025\/02\/28\/padel-cancun\/"},"author":{"name":"David Morales","@id":"https:\/\/zeromagazine.mx\/#\/schema\/person\/9f7f1a17c60ba8e9980e3e6677aabe5a"},"headline":"Padel Canc\u00fan","datePublished":"2025-02-28T14:00:00+00:00","dateModified":"2025-04-15T19:37:55+00:00","mainEntityOfPage":{"@id":"https:\/\/zeromagazine.mx\/index.php\/2025\/02\/28\/padel-cancun\/"},"wordCount":357,"commentCount":0,"publisher":{"@id":"https:\/\/zeromagazine.mx\/#organization"},"image":{"@id":"https:\/\/zeromagazine.mx\/index.php\/2025\/02\/28\/padel-cancun\/#primaryimage"},"thumbnailUrl":"https:\/\/i0.wp.com\/zeromagazine.mx\/wp-content\/uploads\/2025\/04\/Poster-P2_1920x1080-scaled.jpg?fit=2560%2C1440&ssl=1","keywords":["Canc\u00fan","Grand Palladium","Premier Padel Canc\u00fan P2"],"articleSection":["Blog"],"inLanguage":"es","potentialAction":[{"@type":"CommentAction","name":"Comment","target":["https:\/\/zeromagazine.mx\/index.php\/2025\/02\/28\/padel-cancun\/#respond"]}]},{"@type":"WebPage","@id":"https:\/\/zeromagazine.mx\/index.php\/2025\/02\/28\/padel-cancun\/","url":"https:\/\/zeromagazine.mx\/index.php\/2025\/02\/28\/padel-cancun\/","name":"Padel Canc\u00fan - Zero Magazine","isPartOf":{"@id":"https:\/\/zeromagazine.mx\/#website"},"primaryImageOfPage":{"@id":"https:\/\/zeromagazine.mx\/index.php\/2025\/02\/28\/padel-cancun\/#primaryimage"},"image":{"@id":"https:\/\/zeromagazine.mx\/index.php\/2025\/02\/28\/padel-cancun\/#primaryimage"},"thumbnailUrl":"https:\/\/i0.wp.com\/zeromagazine.mx\/wp-content\/uploads\/2025\/04\/Poster-P2_1920x1080-scaled.jpg?fit=2560%2C1440&ssl=1","datePublished":"2025-02-28T14:00:00+00:00","dateModified":"2025-04-15T19:37:55+00:00","description":"Grand Palladium te invita este 10 a 16 de marzo a ser testigo del Padel Canc\u00fan P2 en Costa Mujeres. No te lo pierdas","breadcrumb":{"@id":"https:\/\/zeromagazine.mx\/index.php\/2025\/02\/28\/padel-cancun\/#breadcrumb"},"inLanguage":"es","potentialAction":[{"@type":"ReadAction","target":["https:\/\/zeromagazine.mx\/index.php\/2025\/02\/28\/padel-cancun\/"]}]},{"@type":"ImageObject","inLanguage":"es","@id":"https:\/\/zeromagazine.mx\/index.php\/2025\/02\/28\/padel-cancun\/#primaryimage","url":"https:\/\/i0.wp.com\/zeromagazine.mx\/wp-content\/uploads\/2025\/04\/Poster-P2_1920x1080-scaled.jpg?fit=2560%2C1440&ssl=1","contentUrl":"https:\/\/i0.wp.com\/zeromagazine.mx\/wp-content\/uploads\/2025\/04\/Poster-P2_1920x1080-scaled.jpg?fit=2560%2C1440&ssl=1","width":2560,"height":1440},{"@type":"BreadcrumbList","@id":"https:\/\/zeromagazine.mx\/index.php\/2025\/02\/28\/padel-cancun\/#breadcrumb","itemListElement":[{"@type":"ListItem","position":1,"name":"Portada","item":"https:\/\/zeromagazine.mx\/"},{"@type":"ListItem","position":2,"name":"Padel Canc\u00fan"}]},{"@type":"WebSite","@id":"https:\/\/zeromagazine.mx\/#website","url":"https:\/\/zeromagazine.mx\/","name":"Zero Magazine","description":"","publisher":{"@id":"https:\/\/zeromagazine.mx\/#organization"},"potentialAction":[{"@type":"SearchAction","target":{"@type":"EntryPoint","urlTemplate":"https:\/\/zeromagazine.mx\/?s={search_term_string}"},"query-input":{"@type":"PropertyValueSpecification","valueRequired":true,"valueName":"search_term_string"}}],"inLanguage":"es"},{"@type":"Organization","@id":"https:\/\/zeromagazine.mx\/#organization","name":"Zero Magazine","url":"https:\/\/zeromagazine.mx\/","logo":{"@type":"ImageObject","inLanguage":"es","@id":"https:\/\/zeromagazine.mx\/#\/schema\/logo\/image\/","url":"https:\/\/i0.wp.com\/zeromagazine.mx\/wp-content\/uploads\/2025\/11\/1.jpeg?fit=1000%2C1000&ssl=1","contentUrl":"https:\/\/i0.wp.com\/zeromagazine.mx\/wp-content\/uploads\/2025\/11\/1.jpeg?fit=1000%2C1000&ssl=1","width":1000,"height":1000,"caption":"Zero Magazine"},"image":{"@id":"https:\/\/zeromagazine.mx\/#\/schema\/logo\/image\/"},"sameAs":["https:\/\/instagram.com\/zeromagazinemx"]},{"@type":"Person","@id":"https:\/\/zeromagazine.mx\/#\/schema\/person\/9f7f1a17c60ba8e9980e3e6677aabe5a","name":"David Morales","image":{"@type":"ImageObject","inLanguage":"es","@id":"https:\/\/zeromagazine.mx\/wp-content\/litespeed\/avatar\/76069d2136bfc1c37dc34815bb67ca42.jpg?ver=1777571067","url":"https:\/\/zeromagazine.mx\/wp-content\/litespeed\/avatar\/76069d2136bfc1c37dc34815bb67ca42.jpg?ver=1777571067","contentUrl":"https:\/\/zeromagazine.mx\/wp-content\/litespeed\/avatar\/76069d2136bfc1c37dc34815bb67ca42.jpg?ver=1777571067","caption":"David Morales"},"url":"https:\/\/zeromagazine.mx\/index.php\/author\/david\/"}]}},"jetpack_publicize_connections":[],"jetpack_featured_media_url":"https:\/\/i0.wp.com\/zeromagazine.mx\/wp-content\/uploads\/2025\/04\/Poster-P2_1920x1080-scaled.jpg?fit=2560%2C1440&ssl=1","jetpack-related-posts":[{"id":78347,"url":"https:\/\/zeromagazine.mx\/index.php\/2024\/06\/17\/epic-summer-games-costa-mujeres-2024\/","url_meta":{"origin":101558,"position":0},"title":"Epic Summer Games: Costa Mujeres 2024","author":"zeromagazinemx","date":"17 de junio de 2024","format":false,"excerpt":"Del 6 al 9 de junio, la primera edici\u00f3n de los Summer Games Costa Mujeres, presentado por KIA, hizo vibrar las incre\u00edbles instalaciones del Grand Palladium Costa Mujeres, TRS Coral Hotel y el Rafa Nadal Tennis Center. Fue un fin de semana \u00e9pico lleno de deporte, diversi\u00f3n y mucho estilo.\u2026","rel":"","context":"En \u00abBlog\u00bb","block_context":{"text":"Blog","link":"https:\/\/zeromagazine.mx\/index.php\/category\/blog\/"},"img":{"alt_text":"","src":"https:\/\/i0.wp.com\/zeromagazine.mx\/wp-content\/uploads\/2024\/06\/CLINICA-DE-TENNIS-2O4A1674-scaled.jpg?fit=1200%2C800&ssl=1&resize=350%2C200","width":350,"height":200,"srcset":"https:\/\/i0.wp.com\/zeromagazine.mx\/wp-content\/uploads\/2024\/06\/CLINICA-DE-TENNIS-2O4A1674-scaled.jpg?fit=1200%2C800&ssl=1&resize=350%2C200 1x, https:\/\/i0.wp.com\/zeromagazine.mx\/wp-content\/uploads\/2024\/06\/CLINICA-DE-TENNIS-2O4A1674-scaled.jpg?fit=1200%2C800&ssl=1&resize=525%2C300 1.5x, https:\/\/i0.wp.com\/zeromagazine.mx\/wp-content\/uploads\/2024\/06\/CLINICA-DE-TENNIS-2O4A1674-scaled.jpg?fit=1200%2C800&ssl=1&resize=700%2C400 2x, https:\/\/i0.wp.com\/zeromagazine.mx\/wp-content\/uploads\/2024\/06\/CLINICA-DE-TENNIS-2O4A1674-scaled.jpg?fit=1200%2C800&ssl=1&resize=1050%2C600 3x"},"classes":[]},{"id":77606,"url":"https:\/\/zeromagazine.mx\/index.php\/2024\/06\/11\/experiencia-inolvidable-la-primera-edicion-de-summer-games-costa-mujeres-presentado-por-kia\/","url_meta":{"origin":101558,"position":1},"title":"Experiencia inolvidable: La primera edici\u00f3n de Summer Games Costa Mujeres presentado por KIA","author":"David Morales","date":"11 de junio de 2024","format":false,"excerpt":"Les tengo que contar todo sobre lo que pas\u00f3 en los Summer Games Costa Mujeres 2024. Imag\u00ednense esto: lleg\u00f3 la noche del 6 de junio y la explanada del Grand Palladium Costa Mujeres se ilumin\u00f3. Con invitades como Alejandro Speitzer, Renata Notni, Erik Hayser, Fernanda Castillo, Sebasti\u00e1n y Emiliano Zurita,\u2026","rel":"","context":"En \u00abBlog\u00bb","block_context":{"text":"Blog","link":"https:\/\/zeromagazine.mx\/index.php\/category\/blog\/"},"img":{"alt_text":"","src":"https:\/\/zeromagazine.mx\/wp-content\/uploads\/2024\/06\/CLINICA-DE-TENNIS-2O4A1674.avif","width":350,"height":200,"srcset":"https:\/\/zeromagazine.mx\/wp-content\/uploads\/2024\/06\/CLINICA-DE-TENNIS-2O4A1674.avif 1x, https:\/\/zeromagazine.mx\/wp-content\/uploads\/2024\/06\/CLINICA-DE-TENNIS-2O4A1674.avif 1.5x, https:\/\/zeromagazine.mx\/wp-content\/uploads\/2024\/06\/CLINICA-DE-TENNIS-2O4A1674.avif 2x, https:\/\/zeromagazine.mx\/wp-content\/uploads\/2024\/06\/CLINICA-DE-TENNIS-2O4A1674.avif 3x"},"classes":[]},{"id":87618,"url":"https:\/\/zeromagazine.mx\/index.php\/2024\/10\/21\/palladium-cares\/","url_meta":{"origin":101558,"position":2},"title":"Palladium Cares: Un compromiso real","author":"David Morales","date":"21 de octubre de 2024","format":false,"excerpt":"Amix, hoy les quiero contar sobre Palladium Cares, un proyecto bien chido de Palladium Hotel Group que no solo est\u00e1 haciendo cosas incre\u00edbles por el medio ambiente, sino tambi\u00e9n por la comunidad. El pasado 10 de octubre, lanzaron su nuevo centro de capacitaci\u00f3n y atenci\u00f3n familiar en la Zona Continental\u2026","rel":"","context":"En \u00abBlog\u00bb","block_context":{"text":"Blog","link":"https:\/\/zeromagazine.mx\/index.php\/category\/blog\/"},"img":{"alt_text":"","src":"https:\/\/i0.wp.com\/zeromagazine.mx\/wp-content\/uploads\/2024\/10\/IMG_2020-scaled.jpeg?fit=1200%2C795&ssl=1&resize=350%2C200","width":350,"height":200,"srcset":"https:\/\/i0.wp.com\/zeromagazine.mx\/wp-content\/uploads\/2024\/10\/IMG_2020-scaled.jpeg?fit=1200%2C795&ssl=1&resize=350%2C200 1x, https:\/\/i0.wp.com\/zeromagazine.mx\/wp-content\/uploads\/2024\/10\/IMG_2020-scaled.jpeg?fit=1200%2C795&ssl=1&resize=525%2C300 1.5x, https:\/\/i0.wp.com\/zeromagazine.mx\/wp-content\/uploads\/2024\/10\/IMG_2020-scaled.jpeg?fit=1200%2C795&ssl=1&resize=700%2C400 2x, https:\/\/i0.wp.com\/zeromagazine.mx\/wp-content\/uploads\/2024\/10\/IMG_2020-scaled.jpeg?fit=1200%2C795&ssl=1&resize=1050%2C600 3x"},"classes":[]},{"id":91970,"url":"https:\/\/zeromagazine.mx\/index.php\/2024\/11\/27\/unete-a-la-serie-nacional-de-padel-mexico\/","url_meta":{"origin":101558,"position":3},"title":"\u00danete a la Serie Nacional de P\u00e1del M\u00e9xico","author":"zeromagazinemx","date":"27 de noviembre de 2024","format":false,"excerpt":"\u00a1Hola Chicxs! Si eres de esas personas que siempre est\u00e1 buscando algo nuevo, algo cool, que te haga sentir parte de una nueva movida, pues prep\u00e1rate porque hoy te vengo a contar algo que te va a poner muy bien. Vamos a hablar de un deporte que est\u00e1 creciendo como\u2026","rel":"","context":"En \u00abEntretenimiento\u00bb","block_context":{"text":"Entretenimiento","link":"https:\/\/zeromagazine.mx\/index.php\/category\/entretenimiento\/"},"img":{"alt_text":"","src":"https:\/\/i0.wp.com\/zeromagazine.mx\/wp-content\/uploads\/2024\/11\/padel-6322458_1280.jpg?fit=1200%2C800&ssl=1&resize=350%2C200","width":350,"height":200,"srcset":"https:\/\/i0.wp.com\/zeromagazine.mx\/wp-content\/uploads\/2024\/11\/padel-6322458_1280.jpg?fit=1200%2C800&ssl=1&resize=350%2C200 1x, https:\/\/i0.wp.com\/zeromagazine.mx\/wp-content\/uploads\/2024\/11\/padel-6322458_1280.jpg?fit=1200%2C800&ssl=1&resize=525%2C300 1.5x, https:\/\/i0.wp.com\/zeromagazine.mx\/wp-content\/uploads\/2024\/11\/padel-6322458_1280.jpg?fit=1200%2C800&ssl=1&resize=700%2C400 2x, https:\/\/i0.wp.com\/zeromagazine.mx\/wp-content\/uploads\/2024\/11\/padel-6322458_1280.jpg?fit=1200%2C800&ssl=1&resize=1050%2C600 3x"},"classes":[]},{"id":81568,"url":"https:\/\/zeromagazine.mx\/index.php\/2024\/08\/08\/world-relaxation-day-cancun-vibes\/","url_meta":{"origin":101558,"position":4},"title":"World Relaxation Day: \u00a1Canc\u00fan Vibes!","author":"zeromagazinemx","date":"8 de agosto de 2024","format":false,"excerpt":"Hey chiques, \u00bfsab\u00edan que el 15 de agosto es el D\u00eda Mundial de la Relajaci\u00f3n? Si no, pues ahora ya saben. Obvi, mi spot fav es Canc\u00fan, y les tengo un chismecito de este lugar: me entere que se est\u00e1 preparando para recibirnos con los brazos bien abiertos. Imaginen esto:\u2026","rel":"","context":"En \u00abBienestar\u00bb","block_context":{"text":"Bienestar","link":"https:\/\/zeromagazine.mx\/index.php\/category\/lifestyle\/bienestar\/"},"img":{"alt_text":"","src":"https:\/\/i0.wp.com\/zeromagazine.mx\/wp-content\/uploads\/2024\/08\/AVA-The-SPA-08.jpg?fit=1200%2C800&ssl=1&resize=350%2C200","width":350,"height":200,"srcset":"https:\/\/i0.wp.com\/zeromagazine.mx\/wp-content\/uploads\/2024\/08\/AVA-The-SPA-08.jpg?fit=1200%2C800&ssl=1&resize=350%2C200 1x, https:\/\/i0.wp.com\/zeromagazine.mx\/wp-content\/uploads\/2024\/08\/AVA-The-SPA-08.jpg?fit=1200%2C800&ssl=1&resize=525%2C300 1.5x, https:\/\/i0.wp.com\/zeromagazine.mx\/wp-content\/uploads\/2024\/08\/AVA-The-SPA-08.jpg?fit=1200%2C800&ssl=1&resize=700%2C400 2x, https:\/\/i0.wp.com\/zeromagazine.mx\/wp-content\/uploads\/2024\/08\/AVA-The-SPA-08.jpg?fit=1200%2C800&ssl=1&resize=1050%2C600 3x"},"classes":[]},{"id":91653,"url":"https:\/\/zeromagazine.mx\/index.php\/2024\/11\/26\/vacaciones-premium-vibra-de-royals\/","url_meta":{"origin":101558,"position":5},"title":"\u00abVacaciones Premium, Vibra de Royals\u00bb","author":"zeromagazinemx","date":"26 de noviembre de 2024","format":false,"excerpt":"Si est\u00e1s buscando ese escape perfecto donde lujo, comodidad y entretenimiento se fusionan en un solo destino,\u00a0Grand Palladium Select Collection\u00a0es lo que necesitas. Con resorts ubicados en lugares top, servicios exclusivos y una oferta gastron\u00f3mica que te va a sorprender, este concepto premium de Palladium redefine lo que significa disfrutar\u2026","rel":"","context":"En \u00abViajes\u00bb","block_context":{"text":"Viajes","link":"https:\/\/zeromagazine.mx\/index.php\/category\/lugares\/"},"img":{"alt_text":"","src":"https:\/\/i0.wp.com\/zeromagazine.mx\/wp-content\/uploads\/2024\/11\/Grand-Palladium-Select-Costa-Mujeres-5-scaled.jpg?fit=1200%2C800&ssl=1&resize=350%2C200","width":350,"height":200,"srcset":"https:\/\/i0.wp.com\/zeromagazine.mx\/wp-content\/uploads\/2024\/11\/Grand-Palladium-Select-Costa-Mujeres-5-scaled.jpg?fit=1200%2C800&ssl=1&resize=350%2C200 1x, https:\/\/i0.wp.com\/zeromagazine.mx\/wp-content\/uploads\/2024\/11\/Grand-Palladium-Select-Costa-Mujeres-5-scaled.jpg?fit=1200%2C800&ssl=1&resize=525%2C300 1.5x, https:\/\/i0.wp.com\/zeromagazine.mx\/wp-content\/uploads\/2024\/11\/Grand-Palladium-Select-Costa-Mujeres-5-scaled.jpg?fit=1200%2C800&ssl=1&resize=700%2C400 2x, https:\/\/i0.wp.com\/zeromagazine.mx\/wp-content\/uploads\/2024\/11\/Grand-Palladium-Select-Costa-Mujeres-5-scaled.jpg?fit=1200%2C800&ssl=1&resize=1050%2C600 3x"},"classes":[]}],"jetpack_sharing_enabled":true,"builder_content":"","_links":{"self":[{"href":"https:\/\/zeromagazine.mx\/index.php\/wp-json\/wp\/v2\/posts\/101558","targetHints":{"allow":["GET"]}}],"collection":[{"href":"https:\/\/zeromagazine.mx\/index.php\/wp-json\/wp\/v2\/posts"}],"about":[{"href":"https:\/\/zeromagazine.mx\/index.php\/wp-json\/wp\/v2\/types\/post"}],"author":[{"embeddable":true,"href":"https:\/\/zeromagazine.mx\/index.php\/wp-json\/wp\/v2\/users\/4"}],"replies":[{"embeddable":true,"href":"https:\/\/zeromagazine.mx\/index.php\/wp-json\/wp\/v2\/comments?post=101558"}],"version-history":[{"count":3,"href":"https:\/\/zeromagazine.mx\/index.php\/wp-json\/wp\/v2\/posts\/101558\/revisions"}],"predecessor-version":[{"id":101565,"href":"https:\/\/zeromagazine.mx\/index.php\/wp-json\/wp\/v2\/posts\/101558\/revisions\/101565"}],"wp:featuredmedia":[{"embeddable":true,"href":"https:\/\/zeromagazine.mx\/index.php\/wp-json\/wp\/v2\/media\/101559"}],"wp:attachment":[{"href":"https:\/\/zeromagazine.mx\/index.php\/wp-json\/wp\/v2\/media?parent=101558"}],"wp:term":[{"taxonomy":"category","embeddable":true,"href":"https:\/\/zeromagazine.mx\/index.php\/wp-json\/wp\/v2\/categories?post=101558"},{"taxonomy":"post_tag","embeddable":true,"href":"https:\/\/zeromagazine.mx\/index.php\/wp-json\/wp\/v2\/tags?post=101558"}],"curies":[{"name":"wp","href":"https:\/\/api.w.org\/{rel}","templated":true}]}}