{"id":101594,"date":"2025-04-15T14:32:14","date_gmt":"2025-04-15T20:32:14","guid":{"rendered":"https:\/\/zeromagazine.mx\/?p=101594"},"modified":"2025-04-15T14:32:15","modified_gmt":"2025-04-15T20:32:15","slug":"arquitectura-con-impacto","status":"publish","type":"post","link":"https:\/\/zeromagazine.mx\/index.php\/2025\/04\/15\/arquitectura-con-impacto\/","title":{"rendered":"Arquitectura Con Impacto"},"content":{"rendered":"<p>Amix, \u00bfse han preguntado alguna vez si la arquitectura puede hacer algo m\u00e1s que verse aesthetic? Pues s\u00ed, s\u00ed puede. En este mundo que cada d\u00eda necesita m\u00e1s acciones con conciencia, llega el arquitecto Andrey Kuri con su despacho <strong>Espacio Kuri Arquitectos<\/strong>, demostrando que se puede construir con prop\u00f3sito. Desde Acapulco hasta otros rincones de M\u00e9xico, su visi\u00f3n no solo transforma edificios, sino tambi\u00e9n vidas. Literal, est\u00e1 dejando una marca bien chida en el mapa urbano y social.<\/p>\n\n\n\n<h3 class=\"wp-block-heading\">El poder de la Arquitectura<\/h3>\n\n\n\n<figure class=\"wp-block-gallery has-nested-images columns-default is-cropped wp-block-gallery-1 is-layout-flex wp-block-gallery-is-layout-flex\">\n<figure class=\"wp-block-image size-large\"><img data-recalc-dims=\"1\" decoding=\"async\" width=\"682\" height=\"1024\" data-id=\"101595\" src=\"https:\/\/i0.wp.com\/zeromagazine.mx\/wp-content\/uploads\/2025\/04\/Kuri-1-682x1024.jpeg?resize=682%2C1024&#038;ssl=1\" alt=\"\" class=\"wp-image-101595\" srcset=\"https:\/\/i0.wp.com\/zeromagazine.mx\/wp-content\/uploads\/2025\/04\/Kuri-1.jpeg?resize=682%2C1024&amp;ssl=1 682w, https:\/\/i0.wp.com\/zeromagazine.mx\/wp-content\/uploads\/2025\/04\/Kuri-1.jpeg?resize=200%2C300&amp;ssl=1 200w, https:\/\/i0.wp.com\/zeromagazine.mx\/wp-content\/uploads\/2025\/04\/Kuri-1.jpeg?resize=768%2C1153&amp;ssl=1 768w, https:\/\/i0.wp.com\/zeromagazine.mx\/wp-content\/uploads\/2025\/04\/Kuri-1.jpeg?resize=1023%2C1536&amp;ssl=1 1023w, https:\/\/i0.wp.com\/zeromagazine.mx\/wp-content\/uploads\/2025\/04\/Kuri-1.jpeg?w=1066&amp;ssl=1 1066w\" sizes=\"(max-width: 682px) 100vw, 682px\" \/><\/figure>\n\n\n\n<figure class=\"wp-block-image size-large\"><img data-recalc-dims=\"1\" decoding=\"async\" width=\"708\" height=\"1024\" data-id=\"101596\" src=\"https:\/\/i0.wp.com\/zeromagazine.mx\/wp-content\/uploads\/2025\/04\/Kuri-2-708x1024.jpeg?resize=708%2C1024&#038;ssl=1\" alt=\"\" class=\"wp-image-101596\" srcset=\"https:\/\/i0.wp.com\/zeromagazine.mx\/wp-content\/uploads\/2025\/04\/Kuri-2.jpeg?resize=708%2C1024&amp;ssl=1 708w, https:\/\/i0.wp.com\/zeromagazine.mx\/wp-content\/uploads\/2025\/04\/Kuri-2.jpeg?resize=208%2C300&amp;ssl=1 208w, https:\/\/i0.wp.com\/zeromagazine.mx\/wp-content\/uploads\/2025\/04\/Kuri-2.jpeg?resize=768%2C1110&amp;ssl=1 768w, https:\/\/i0.wp.com\/zeromagazine.mx\/wp-content\/uploads\/2025\/04\/Kuri-2.jpeg?resize=1063%2C1536&amp;ssl=1 1063w, https:\/\/i0.wp.com\/zeromagazine.mx\/wp-content\/uploads\/2025\/04\/Kuri-2.jpeg?w=1107&amp;ssl=1 1107w\" sizes=\"(max-width: 708px) 100vw, 708px\" \/><\/figure>\n<\/figure>\n\n\n\n<p>Primero que nada, hay que reconocer que despu\u00e9s del paso del hurac\u00e1n Otis, much\u00edsima gente en Acapulco se qued\u00f3 sin trabajo, sin casa y sin esperanza. Pero aqu\u00ed es donde <strong>el impacto con prop\u00f3sito<\/strong> entra en escena: Kuri no solo reconstruy\u00f3 estructuras, tambi\u00e9n gener\u00f3 empleos para quienes m\u00e1s lo necesitaban. O sea, no se trata solo de poner concreto, sino de levantar comunidades desde cero. Adem\u00e1s, el vato no va solo, ha trabajado con organizaciones como Fundaci\u00f3n Origen y Water Saves Life para instalar pozos de agua y mejorar condiciones b\u00e1sicas en la regi\u00f3n. As\u00ed que s\u00ed, esto es arquitectura con coraz\u00f3n.<\/p>\n\n\n\n<script async src=\"https:\/\/pagead2.googlesyndication.com\/pagead\/js\/adsbygoogle.js?client=ca-pub-5499304793904745\"\n     crossorigin=\"anonymous\"><\/script>\n<ins class=\"adsbygoogle\"\n     style=\"display:block; text-align:center;\"\n     data-ad-layout=\"in-article\"\n     data-ad-format=\"fluid\"\n     data-ad-client=\"ca-pub-5499304793904745\"\n     data-ad-slot=\"5994863093\"><\/ins>\n<script>\n     (adsbygoogle = window.adsbygoogle || []).push({});\n<\/script>\n\n\n\n<h3 class=\"wp-block-heading\">Proyectos que inspiran<\/h3>\n\n\n\n<p>Despu\u00e9s, no podemos no mencionar el proyecto del Hotel en la Bah\u00eda de Caleta. Un espacio con 136 habitaciones, restaurantes, bares y m\u00e1s, todo pensado para integrarse con la naturaleza sin romperla. O sea, turismo s\u00ed, pero bien hecho. Y no es el \u00fanico. Tambi\u00e9n hay proyectos en Condominio Maralinda, Ocean Front, Marena y Maralago. Todos est\u00e1n dise\u00f1ados con esa mezcla perfecta entre dise\u00f1o chido, funcionalidad y conciencia ambiental.<\/p>\n\n\n<div class=\"wp-block-image\">\n<figure class=\"aligncenter size-full\"><img data-recalc-dims=\"1\" decoding=\"async\" width=\"890\" height=\"788\" src=\"https:\/\/i0.wp.com\/zeromagazine.mx\/wp-content\/uploads\/2025\/04\/Captura-de-pantalla-2025-04-15-142800.png?resize=890%2C788&#038;ssl=1\" alt=\"\" class=\"wp-image-101598\" srcset=\"https:\/\/i0.wp.com\/zeromagazine.mx\/wp-content\/uploads\/2025\/04\/Captura-de-pantalla-2025-04-15-142800.png?w=890&amp;ssl=1 890w, https:\/\/i0.wp.com\/zeromagazine.mx\/wp-content\/uploads\/2025\/04\/Captura-de-pantalla-2025-04-15-142800.png?resize=300%2C266&amp;ssl=1 300w, https:\/\/i0.wp.com\/zeromagazine.mx\/wp-content\/uploads\/2025\/04\/Captura-de-pantalla-2025-04-15-142800.png?resize=768%2C680&amp;ssl=1 768w\" sizes=\"(max-width: 890px) 100vw, 890px\" \/><\/figure>\n<\/div>\n\n\n<h3 class=\"wp-block-heading\">Arquitectura sustentable<\/h3>\n\n\n\n<p>Por \u00faltimo, hay que decir que Espacio Kuri Arquitectos es todo menos b\u00e1sico. Implementan tech de \u00faltima, materiales eco-friendly y procesos que cuidan al planeta. Todo el dise\u00f1o est\u00e1 pensado para ser funcional y hermoso sin da\u00f1ar el entorno. Eso s\u00ed es tener <strong>impacto con prop\u00f3sito<\/strong>.<\/p>\n\n\n\n<script async src=\"https:\/\/pagead2.googlesyndication.com\/pagead\/js\/adsbygoogle.js?client=ca-pub-5499304793904745\"\n     crossorigin=\"anonymous\"><\/script>\n<ins class=\"adsbygoogle\"\n     style=\"display:block; text-align:center;\"\n     data-ad-layout=\"in-article\"\n     data-ad-format=\"fluid\"\n     data-ad-client=\"ca-pub-5499304793904745\"\n     data-ad-slot=\"5994863093\"><\/ins>\n<script>\n     (adsbygoogle = window.adsbygoogle || []).push({});\n<\/script>\n\n\n\n<h3 class=\"wp-block-heading\">Un cierre con visi\u00f3n<\/h3>\n\n\n<div class=\"wp-block-image\">\n<figure class=\"aligncenter size-full\"><img data-recalc-dims=\"1\" decoding=\"async\" width=\"739\" height=\"526\" src=\"https:\/\/i0.wp.com\/zeromagazine.mx\/wp-content\/uploads\/2025\/04\/Captura-de-pantalla-2025-04-15-142739.png?resize=739%2C526&#038;ssl=1\" alt=\"\" class=\"wp-image-101597\" srcset=\"https:\/\/i0.wp.com\/zeromagazine.mx\/wp-content\/uploads\/2025\/04\/Captura-de-pantalla-2025-04-15-142739.png?w=739&amp;ssl=1 739w, https:\/\/i0.wp.com\/zeromagazine.mx\/wp-content\/uploads\/2025\/04\/Captura-de-pantalla-2025-04-15-142739.png?resize=300%2C214&amp;ssl=1 300w\" sizes=\"(max-width: 739px) 100vw, 739px\" \/><\/figure>\n<\/div>\n\n\n<p>Entonces, si alguna vez pensaron que la arquitectura era solo para gente rica o para ganar premios de dise\u00f1o, pi\u00e9nsenlo dos veces. Andrey Kuri y su equipo est\u00e1n rompiendo el molde y ense\u00f1\u00e1ndonos que s\u00ed se puede construir un M\u00e9xico m\u00e1s justo, m\u00e1s verde y m\u00e1s bonito. Desde Acapulco con amor y responsabilidad.<\/p>\n\n\n\n<p>\ud83e\udde0 Checa m\u00e1s sobre proyectos de impacto y sostenibilidad en <a href=\"https:\/\/www.instagram.com\/eka_espaciokuri\/\">@eka_espaciokuri<\/a><\/p>\n\n\n\n<script async src=\"https:\/\/pagead2.googlesyndication.com\/pagead\/js\/adsbygoogle.js?client=ca-pub-5499304793904745\"\n     crossorigin=\"anonymous\"><\/script>\n<ins class=\"adsbygoogle\"\n     style=\"display:block; text-align:center;\"\n     data-ad-layout=\"in-article\"\n     data-ad-format=\"fluid\"\n     data-ad-client=\"ca-pub-5499304793904745\"\n     data-ad-slot=\"5994863093\"><\/ins>\n<script>\n     (adsbygoogle = window.adsbygoogle || []).push({});\n<\/script>\n\n<!--themify_builder_content-->\n<div id=\"themify_builder_content-101594\" data-postid=\"101594\" class=\"themify_builder_content themify_builder_content-101594 themify_builder tf_clear\">\n    <\/div>\n<!--\/themify_builder_content-->","protected":false},"excerpt":{"rendered":"<p>Amix, \u00bfse han preguntado alguna vez si la arquitectura puede hacer algo m\u00e1s que verse aesthetic? Pues s\u00ed, s\u00ed puede. En este mundo que cada d\u00eda necesita m\u00e1s acciones con conciencia, llega el arquitecto Andrey Kuri con su despacho Espacio Kuri Arquitectos, demostrando que se puede construir con prop\u00f3sito. Desde Acapulco hasta otros rincones de [&hellip;]<\/p>\n","protected":false},"author":4,"featured_media":101599,"comment_status":"open","ping_status":"open","sticky":false,"template":"","format":"standard","meta":{"_jetpack_memberships_contains_paid_content":false,"footnotes":"","jetpack_publicize_message":"","jetpack_publicize_feature_enabled":true,"jetpack_social_post_already_shared":true,"jetpack_social_options":{"image_generator_settings":{"template":"highway","default_image_id":0,"font":"","enabled":false},"version":2}},"categories":[1403],"tags":[13334,7613,997,13333,4497],"class_list":["post-101594","post","type-post","status-publish","format-standard","has-post-thumbnail","hentry","category-diseno","tag-andrey-kuri","tag-arquitectura","tag-hogar","tag-kuri","tag-sustentabilidad","has-post-title","has-post-date","has-post-category","has-post-tag","has-post-comment","has-post-author",""],"yoast_head":"<!-- This site is optimized with the Yoast SEO plugin v27.5 - https:\/\/yoast.com\/product\/yoast-seo-wordpress\/ -->\n<title>Arquitectura Con Impacto - Zero Magazine<\/title>\n<meta name=\"description\" content=\"Dise\u00f1o que transforma comunidades desde Acapulco, con arquitectura sostenible y una visi\u00f3n de compromiso social\" \/>\n<meta name=\"robots\" content=\"index, follow, max-snippet:-1, max-image-preview:large, max-video-preview:-1\" \/>\n<link rel=\"canonical\" href=\"https:\/\/zeromagazine.mx\/index.php\/2025\/04\/15\/arquitectura-con-impacto\/\" \/>\n<meta property=\"og:locale\" content=\"es_ES\" \/>\n<meta property=\"og:type\" content=\"article\" \/>\n<meta property=\"og:title\" content=\"Arquitectura Con Impacto - Zero Magazine\" \/>\n<meta property=\"og:description\" content=\"Dise\u00f1o que transforma comunidades desde Acapulco, con arquitectura sostenible y una visi\u00f3n de compromiso social\" \/>\n<meta property=\"og:url\" content=\"https:\/\/zeromagazine.mx\/index.php\/2025\/04\/15\/arquitectura-con-impacto\/\" \/>\n<meta property=\"og:site_name\" content=\"Zero Magazine\" \/>\n<meta property=\"article:published_time\" content=\"2025-04-15T20:32:14+00:00\" \/>\n<meta property=\"article:modified_time\" content=\"2025-04-15T20:32:15+00:00\" \/>\n<meta property=\"og:image\" content=\"http:\/\/zeromagazine.mx\/wp-content\/uploads\/2025\/04\/Captura-de-pantalla-2025-04-15-142752.png\" \/>\n\t<meta property=\"og:image:width\" content=\"800\" \/>\n\t<meta property=\"og:image:height\" content=\"763\" \/>\n\t<meta property=\"og:image:type\" content=\"image\/png\" \/>\n<meta name=\"author\" content=\"David Morales\" \/>\n<meta name=\"twitter:card\" content=\"summary_large_image\" \/>\n<meta name=\"twitter:label1\" content=\"Escrito por\" \/>\n\t<meta name=\"twitter:data1\" content=\"David Morales\" \/>\n\t<meta name=\"twitter:label2\" content=\"Tiempo de lectura\" \/>\n\t<meta name=\"twitter:data2\" content=\"3 minutos\" \/>\n<script type=\"application\/ld+json\" class=\"yoast-schema-graph\">{\"@context\":\"https:\\\/\\\/schema.org\",\"@graph\":[{\"@type\":\"Article\",\"@id\":\"https:\\\/\\\/zeromagazine.mx\\\/index.php\\\/2025\\\/04\\\/15\\\/arquitectura-con-impacto\\\/#article\",\"isPartOf\":{\"@id\":\"https:\\\/\\\/zeromagazine.mx\\\/index.php\\\/2025\\\/04\\\/15\\\/arquitectura-con-impacto\\\/\"},\"author\":{\"name\":\"David Morales\",\"@id\":\"https:\\\/\\\/zeromagazine.mx\\\/#\\\/schema\\\/person\\\/9f7f1a17c60ba8e9980e3e6677aabe5a\"},\"headline\":\"Arquitectura Con Impacto\",\"datePublished\":\"2025-04-15T20:32:14+00:00\",\"dateModified\":\"2025-04-15T20:32:15+00:00\",\"mainEntityOfPage\":{\"@id\":\"https:\\\/\\\/zeromagazine.mx\\\/index.php\\\/2025\\\/04\\\/15\\\/arquitectura-con-impacto\\\/\"},\"wordCount\":414,\"commentCount\":0,\"publisher\":{\"@id\":\"https:\\\/\\\/zeromagazine.mx\\\/#organization\"},\"image\":{\"@id\":\"https:\\\/\\\/zeromagazine.mx\\\/index.php\\\/2025\\\/04\\\/15\\\/arquitectura-con-impacto\\\/#primaryimage\"},\"thumbnailUrl\":\"https:\\\/\\\/i0.wp.com\\\/zeromagazine.mx\\\/wp-content\\\/uploads\\\/2025\\\/04\\\/Captura-de-pantalla-2025-04-15-142752.png?fit=800%2C763&ssl=1\",\"keywords\":[\"Andrey kuri\",\"arquitectura\",\"Hogar\",\"Kuri\",\"sustentabilidad\"],\"articleSection\":[\"Dise\u00f1o\"],\"inLanguage\":\"es\",\"potentialAction\":[{\"@type\":\"CommentAction\",\"name\":\"Comment\",\"target\":[\"https:\\\/\\\/zeromagazine.mx\\\/index.php\\\/2025\\\/04\\\/15\\\/arquitectura-con-impacto\\\/#respond\"]}]},{\"@type\":\"WebPage\",\"@id\":\"https:\\\/\\\/zeromagazine.mx\\\/index.php\\\/2025\\\/04\\\/15\\\/arquitectura-con-impacto\\\/\",\"url\":\"https:\\\/\\\/zeromagazine.mx\\\/index.php\\\/2025\\\/04\\\/15\\\/arquitectura-con-impacto\\\/\",\"name\":\"Arquitectura Con Impacto - Zero Magazine\",\"isPartOf\":{\"@id\":\"https:\\\/\\\/zeromagazine.mx\\\/#website\"},\"primaryImageOfPage\":{\"@id\":\"https:\\\/\\\/zeromagazine.mx\\\/index.php\\\/2025\\\/04\\\/15\\\/arquitectura-con-impacto\\\/#primaryimage\"},\"image\":{\"@id\":\"https:\\\/\\\/zeromagazine.mx\\\/index.php\\\/2025\\\/04\\\/15\\\/arquitectura-con-impacto\\\/#primaryimage\"},\"thumbnailUrl\":\"https:\\\/\\\/i0.wp.com\\\/zeromagazine.mx\\\/wp-content\\\/uploads\\\/2025\\\/04\\\/Captura-de-pantalla-2025-04-15-142752.png?fit=800%2C763&ssl=1\",\"datePublished\":\"2025-04-15T20:32:14+00:00\",\"dateModified\":\"2025-04-15T20:32:15+00:00\",\"description\":\"Dise\u00f1o que transforma comunidades desde Acapulco, con arquitectura sostenible y una visi\u00f3n de compromiso social\",\"breadcrumb\":{\"@id\":\"https:\\\/\\\/zeromagazine.mx\\\/index.php\\\/2025\\\/04\\\/15\\\/arquitectura-con-impacto\\\/#breadcrumb\"},\"inLanguage\":\"es\",\"potentialAction\":[{\"@type\":\"ReadAction\",\"target\":[\"https:\\\/\\\/zeromagazine.mx\\\/index.php\\\/2025\\\/04\\\/15\\\/arquitectura-con-impacto\\\/\"]}]},{\"@type\":\"ImageObject\",\"inLanguage\":\"es\",\"@id\":\"https:\\\/\\\/zeromagazine.mx\\\/index.php\\\/2025\\\/04\\\/15\\\/arquitectura-con-impacto\\\/#primaryimage\",\"url\":\"https:\\\/\\\/i0.wp.com\\\/zeromagazine.mx\\\/wp-content\\\/uploads\\\/2025\\\/04\\\/Captura-de-pantalla-2025-04-15-142752.png?fit=800%2C763&ssl=1\",\"contentUrl\":\"https:\\\/\\\/i0.wp.com\\\/zeromagazine.mx\\\/wp-content\\\/uploads\\\/2025\\\/04\\\/Captura-de-pantalla-2025-04-15-142752.png?fit=800%2C763&ssl=1\",\"width\":800,\"height\":763},{\"@type\":\"BreadcrumbList\",\"@id\":\"https:\\\/\\\/zeromagazine.mx\\\/index.php\\\/2025\\\/04\\\/15\\\/arquitectura-con-impacto\\\/#breadcrumb\",\"itemListElement\":[{\"@type\":\"ListItem\",\"position\":1,\"name\":\"Portada\",\"item\":\"https:\\\/\\\/zeromagazine.mx\\\/\"},{\"@type\":\"ListItem\",\"position\":2,\"name\":\"Arquitectura Con Impacto\"}]},{\"@type\":\"WebSite\",\"@id\":\"https:\\\/\\\/zeromagazine.mx\\\/#website\",\"url\":\"https:\\\/\\\/zeromagazine.mx\\\/\",\"name\":\"Zero Magazine\",\"description\":\"\",\"publisher\":{\"@id\":\"https:\\\/\\\/zeromagazine.mx\\\/#organization\"},\"potentialAction\":[{\"@type\":\"SearchAction\",\"target\":{\"@type\":\"EntryPoint\",\"urlTemplate\":\"https:\\\/\\\/zeromagazine.mx\\\/?s={search_term_string}\"},\"query-input\":{\"@type\":\"PropertyValueSpecification\",\"valueRequired\":true,\"valueName\":\"search_term_string\"}}],\"inLanguage\":\"es\"},{\"@type\":\"Organization\",\"@id\":\"https:\\\/\\\/zeromagazine.mx\\\/#organization\",\"name\":\"Zero Magazine\",\"url\":\"https:\\\/\\\/zeromagazine.mx\\\/\",\"logo\":{\"@type\":\"ImageObject\",\"inLanguage\":\"es\",\"@id\":\"https:\\\/\\\/zeromagazine.mx\\\/#\\\/schema\\\/logo\\\/image\\\/\",\"url\":\"https:\\\/\\\/i0.wp.com\\\/zeromagazine.mx\\\/wp-content\\\/uploads\\\/2025\\\/11\\\/1.jpeg?fit=1000%2C1000&ssl=1\",\"contentUrl\":\"https:\\\/\\\/i0.wp.com\\\/zeromagazine.mx\\\/wp-content\\\/uploads\\\/2025\\\/11\\\/1.jpeg?fit=1000%2C1000&ssl=1\",\"width\":1000,\"height\":1000,\"caption\":\"Zero Magazine\"},\"image\":{\"@id\":\"https:\\\/\\\/zeromagazine.mx\\\/#\\\/schema\\\/logo\\\/image\\\/\"},\"sameAs\":[\"https:\\\/\\\/instagram.com\\\/zeromagazinemx\"]},{\"@type\":\"Person\",\"@id\":\"https:\\\/\\\/zeromagazine.mx\\\/#\\\/schema\\\/person\\\/9f7f1a17c60ba8e9980e3e6677aabe5a\",\"name\":\"David Morales\",\"image\":{\"@type\":\"ImageObject\",\"inLanguage\":\"es\",\"@id\":\"https:\\\/\\\/zeromagazine.mx\\\/wp-content\\\/litespeed\\\/avatar\\\/76069d2136bfc1c37dc34815bb67ca42.jpg?ver=1777571067\",\"url\":\"https:\\\/\\\/zeromagazine.mx\\\/wp-content\\\/litespeed\\\/avatar\\\/76069d2136bfc1c37dc34815bb67ca42.jpg?ver=1777571067\",\"contentUrl\":\"https:\\\/\\\/zeromagazine.mx\\\/wp-content\\\/litespeed\\\/avatar\\\/76069d2136bfc1c37dc34815bb67ca42.jpg?ver=1777571067\",\"caption\":\"David Morales\"},\"url\":\"https:\\\/\\\/zeromagazine.mx\\\/index.php\\\/author\\\/david\\\/\"}]}<\/script>\n<!-- \/ Yoast SEO plugin. -->","yoast_head_json":{"title":"Arquitectura Con Impacto - Zero Magazine","description":"Dise\u00f1o que transforma comunidades desde Acapulco, con arquitectura sostenible y una visi\u00f3n de compromiso social","robots":{"index":"index","follow":"follow","max-snippet":"max-snippet:-1","max-image-preview":"max-image-preview:large","max-video-preview":"max-video-preview:-1"},"canonical":"https:\/\/zeromagazine.mx\/index.php\/2025\/04\/15\/arquitectura-con-impacto\/","og_locale":"es_ES","og_type":"article","og_title":"Arquitectura Con Impacto - Zero Magazine","og_description":"Dise\u00f1o que transforma comunidades desde Acapulco, con arquitectura sostenible y una visi\u00f3n de compromiso social","og_url":"https:\/\/zeromagazine.mx\/index.php\/2025\/04\/15\/arquitectura-con-impacto\/","og_site_name":"Zero Magazine","article_published_time":"2025-04-15T20:32:14+00:00","article_modified_time":"2025-04-15T20:32:15+00:00","og_image":[{"width":800,"height":763,"url":"http:\/\/zeromagazine.mx\/wp-content\/uploads\/2025\/04\/Captura-de-pantalla-2025-04-15-142752.png","type":"image\/png"}],"author":"David Morales","twitter_card":"summary_large_image","twitter_misc":{"Escrito por":"David Morales","Tiempo de lectura":"3 minutos"},"schema":{"@context":"https:\/\/schema.org","@graph":[{"@type":"Article","@id":"https:\/\/zeromagazine.mx\/index.php\/2025\/04\/15\/arquitectura-con-impacto\/#article","isPartOf":{"@id":"https:\/\/zeromagazine.mx\/index.php\/2025\/04\/15\/arquitectura-con-impacto\/"},"author":{"name":"David Morales","@id":"https:\/\/zeromagazine.mx\/#\/schema\/person\/9f7f1a17c60ba8e9980e3e6677aabe5a"},"headline":"Arquitectura Con Impacto","datePublished":"2025-04-15T20:32:14+00:00","dateModified":"2025-04-15T20:32:15+00:00","mainEntityOfPage":{"@id":"https:\/\/zeromagazine.mx\/index.php\/2025\/04\/15\/arquitectura-con-impacto\/"},"wordCount":414,"commentCount":0,"publisher":{"@id":"https:\/\/zeromagazine.mx\/#organization"},"image":{"@id":"https:\/\/zeromagazine.mx\/index.php\/2025\/04\/15\/arquitectura-con-impacto\/#primaryimage"},"thumbnailUrl":"https:\/\/i0.wp.com\/zeromagazine.mx\/wp-content\/uploads\/2025\/04\/Captura-de-pantalla-2025-04-15-142752.png?fit=800%2C763&ssl=1","keywords":["Andrey kuri","arquitectura","Hogar","Kuri","sustentabilidad"],"articleSection":["Dise\u00f1o"],"inLanguage":"es","potentialAction":[{"@type":"CommentAction","name":"Comment","target":["https:\/\/zeromagazine.mx\/index.php\/2025\/04\/15\/arquitectura-con-impacto\/#respond"]}]},{"@type":"WebPage","@id":"https:\/\/zeromagazine.mx\/index.php\/2025\/04\/15\/arquitectura-con-impacto\/","url":"https:\/\/zeromagazine.mx\/index.php\/2025\/04\/15\/arquitectura-con-impacto\/","name":"Arquitectura Con Impacto - Zero Magazine","isPartOf":{"@id":"https:\/\/zeromagazine.mx\/#website"},"primaryImageOfPage":{"@id":"https:\/\/zeromagazine.mx\/index.php\/2025\/04\/15\/arquitectura-con-impacto\/#primaryimage"},"image":{"@id":"https:\/\/zeromagazine.mx\/index.php\/2025\/04\/15\/arquitectura-con-impacto\/#primaryimage"},"thumbnailUrl":"https:\/\/i0.wp.com\/zeromagazine.mx\/wp-content\/uploads\/2025\/04\/Captura-de-pantalla-2025-04-15-142752.png?fit=800%2C763&ssl=1","datePublished":"2025-04-15T20:32:14+00:00","dateModified":"2025-04-15T20:32:15+00:00","description":"Dise\u00f1o que transforma comunidades desde Acapulco, con arquitectura sostenible y una visi\u00f3n de compromiso social","breadcrumb":{"@id":"https:\/\/zeromagazine.mx\/index.php\/2025\/04\/15\/arquitectura-con-impacto\/#breadcrumb"},"inLanguage":"es","potentialAction":[{"@type":"ReadAction","target":["https:\/\/zeromagazine.mx\/index.php\/2025\/04\/15\/arquitectura-con-impacto\/"]}]},{"@type":"ImageObject","inLanguage":"es","@id":"https:\/\/zeromagazine.mx\/index.php\/2025\/04\/15\/arquitectura-con-impacto\/#primaryimage","url":"https:\/\/i0.wp.com\/zeromagazine.mx\/wp-content\/uploads\/2025\/04\/Captura-de-pantalla-2025-04-15-142752.png?fit=800%2C763&ssl=1","contentUrl":"https:\/\/i0.wp.com\/zeromagazine.mx\/wp-content\/uploads\/2025\/04\/Captura-de-pantalla-2025-04-15-142752.png?fit=800%2C763&ssl=1","width":800,"height":763},{"@type":"BreadcrumbList","@id":"https:\/\/zeromagazine.mx\/index.php\/2025\/04\/15\/arquitectura-con-impacto\/#breadcrumb","itemListElement":[{"@type":"ListItem","position":1,"name":"Portada","item":"https:\/\/zeromagazine.mx\/"},{"@type":"ListItem","position":2,"name":"Arquitectura Con Impacto"}]},{"@type":"WebSite","@id":"https:\/\/zeromagazine.mx\/#website","url":"https:\/\/zeromagazine.mx\/","name":"Zero Magazine","description":"","publisher":{"@id":"https:\/\/zeromagazine.mx\/#organization"},"potentialAction":[{"@type":"SearchAction","target":{"@type":"EntryPoint","urlTemplate":"https:\/\/zeromagazine.mx\/?s={search_term_string}"},"query-input":{"@type":"PropertyValueSpecification","valueRequired":true,"valueName":"search_term_string"}}],"inLanguage":"es"},{"@type":"Organization","@id":"https:\/\/zeromagazine.mx\/#organization","name":"Zero Magazine","url":"https:\/\/zeromagazine.mx\/","logo":{"@type":"ImageObject","inLanguage":"es","@id":"https:\/\/zeromagazine.mx\/#\/schema\/logo\/image\/","url":"https:\/\/i0.wp.com\/zeromagazine.mx\/wp-content\/uploads\/2025\/11\/1.jpeg?fit=1000%2C1000&ssl=1","contentUrl":"https:\/\/i0.wp.com\/zeromagazine.mx\/wp-content\/uploads\/2025\/11\/1.jpeg?fit=1000%2C1000&ssl=1","width":1000,"height":1000,"caption":"Zero Magazine"},"image":{"@id":"https:\/\/zeromagazine.mx\/#\/schema\/logo\/image\/"},"sameAs":["https:\/\/instagram.com\/zeromagazinemx"]},{"@type":"Person","@id":"https:\/\/zeromagazine.mx\/#\/schema\/person\/9f7f1a17c60ba8e9980e3e6677aabe5a","name":"David Morales","image":{"@type":"ImageObject","inLanguage":"es","@id":"https:\/\/zeromagazine.mx\/wp-content\/litespeed\/avatar\/76069d2136bfc1c37dc34815bb67ca42.jpg?ver=1777571067","url":"https:\/\/zeromagazine.mx\/wp-content\/litespeed\/avatar\/76069d2136bfc1c37dc34815bb67ca42.jpg?ver=1777571067","contentUrl":"https:\/\/zeromagazine.mx\/wp-content\/litespeed\/avatar\/76069d2136bfc1c37dc34815bb67ca42.jpg?ver=1777571067","caption":"David Morales"},"url":"https:\/\/zeromagazine.mx\/index.php\/author\/david\/"}]}},"jetpack_publicize_connections":[],"jetpack_featured_media_url":"https:\/\/i0.wp.com\/zeromagazine.mx\/wp-content\/uploads\/2025\/04\/Captura-de-pantalla-2025-04-15-142752.png?fit=800%2C763&ssl=1","jetpack-related-posts":[{"id":81799,"url":"https:\/\/zeromagazine.mx\/index.php\/2024\/08\/13\/kurios-magia-y-steampunk-en-cdmx\/","url_meta":{"origin":101594,"position":0},"title":"\u00abKurios: Magia y Steampunk en CDMX\u00bb","author":"zeromagazinemx","date":"13 de agosto de 2024","format":false,"excerpt":"Prep\u00e1rate, porque\u00a0Cirque du Soleil\u00a0est\u00e1 de regreso con su show m\u00e1s mind-blowing hasta la fecha:\u00a0Kurios \u2013 Gabinete de Curiosidades. Y lo mejor de todo, \u00a1llega a CDMX y Guadalajara! Kurios: El Show que Rompe la Realidad Si ya conoces el estilo inigualable de\u00a0Cirque du Soleil, sabes que estos shows son una\u2026","rel":"","context":"En \u00abEntretenimiento\u00bb","block_context":{"text":"Entretenimiento","link":"https:\/\/zeromagazine.mx\/index.php\/category\/entretenimiento\/"},"img":{"alt_text":"","src":"https:\/\/i0.wp.com\/zeromagazine.mx\/wp-content\/uploads\/2024\/08\/circo-.jpeg?fit=1200%2C628&ssl=1&resize=350%2C200","width":350,"height":200,"srcset":"https:\/\/i0.wp.com\/zeromagazine.mx\/wp-content\/uploads\/2024\/08\/circo-.jpeg?fit=1200%2C628&ssl=1&resize=350%2C200 1x, https:\/\/i0.wp.com\/zeromagazine.mx\/wp-content\/uploads\/2024\/08\/circo-.jpeg?fit=1200%2C628&ssl=1&resize=525%2C300 1.5x, https:\/\/i0.wp.com\/zeromagazine.mx\/wp-content\/uploads\/2024\/08\/circo-.jpeg?fit=1200%2C628&ssl=1&resize=700%2C400 2x, https:\/\/i0.wp.com\/zeromagazine.mx\/wp-content\/uploads\/2024\/08\/circo-.jpeg?fit=1200%2C628&ssl=1&resize=1050%2C600 3x"},"classes":[]},{"id":80889,"url":"https:\/\/zeromagazine.mx\/index.php\/2024\/07\/26\/kurios-de-cirque-regreso-epico\/","url_meta":{"origin":101594,"position":1},"title":"\u00abKURIOS de Cirque: Regreso \u00c9pico\u00bb","author":"zeromagazinemx","date":"26 de julio de 2024","format":false,"excerpt":"\u00a1Hey gente de Guadalajara! Si te late el rollo del circo, la magia y el arte, te tengo una news que te va a volar la mente. El legendario Cirque du Soleil est\u00e1 de vuelta en la ciudad con su show m\u00e1s chido hasta ahora: KURIOS (Gabinete de Curiosidades). Esta\u2026","rel":"","context":"En \u00abEntretenimiento\u00bb","block_context":{"text":"Entretenimiento","link":"https:\/\/zeromagazine.mx\/index.php\/category\/entretenimiento\/"},"img":{"alt_text":"","src":"https:\/\/i0.wp.com\/zeromagazine.mx\/wp-content\/uploads\/2024\/07\/circo-2.jpeg?fit=1200%2C800&ssl=1&resize=350%2C200","width":350,"height":200,"srcset":"https:\/\/i0.wp.com\/zeromagazine.mx\/wp-content\/uploads\/2024\/07\/circo-2.jpeg?fit=1200%2C800&ssl=1&resize=350%2C200 1x, https:\/\/i0.wp.com\/zeromagazine.mx\/wp-content\/uploads\/2024\/07\/circo-2.jpeg?fit=1200%2C800&ssl=1&resize=525%2C300 1.5x, https:\/\/i0.wp.com\/zeromagazine.mx\/wp-content\/uploads\/2024\/07\/circo-2.jpeg?fit=1200%2C800&ssl=1&resize=700%2C400 2x, https:\/\/i0.wp.com\/zeromagazine.mx\/wp-content\/uploads\/2024\/07\/circo-2.jpeg?fit=1200%2C800&ssl=1&resize=1050%2C600 3x"},"classes":[]},{"id":51558,"url":"https:\/\/zeromagazine.mx\/index.php\/2021\/08\/04\/mercedes-benz-fashion-week-mexico\/","url_meta":{"origin":101594,"position":2},"title":"Mercedes-Benz Fashion Week M\u00e9xico","author":"zeromagazinemx","date":"4 de agosto de 2021","format":false,"excerpt":"Mercedes-Benz Fashion Week M\u00e9xico present\u00f3 en Puebla las nuevas colecciones de las creativas mexicanas Montserrat Messeguer, Denisse Kuri y Julia y Renata. Por Mayra Torres La agenda inici\u00f3 con la dise\u00f1adora mexicana Montserrat Messeguer en el Museo de Arte Popular de Puebla con su colecci\u00f3n titulada \u201cRancho Grande\u201d, que retrata\u2026","rel":"","context":"En \u00abLifestyle\u00bb","block_context":{"text":"Lifestyle","link":"https:\/\/zeromagazine.mx\/index.php\/category\/lifestyle\/"},"img":{"alt_text":"","src":"","width":0,"height":0},"classes":[]},{"id":50893,"url":"https:\/\/zeromagazine.mx\/index.php\/2021\/07\/26\/puebla-sera-la-segunda-ciudad-que-celebre-mercedes-benz-fashion-week-mexico-del-30-de-julio-al-1-de-agosto\/","url_meta":{"origin":101594,"position":3},"title":"Puebla ser\u00e1 la segunda ciudad que celebre Mercedes-Benz Fashion Week M\u00e9xico del 30 de julio al 1 de agosto","author":"zeromagazinemx","date":"26 de julio de 2021","format":false,"excerpt":"Del 30 de Julio al 1 de agosto, Puebla ser\u00e1 el escenario para presentar las nuevas colecciones de Julia y Renata, Montserrat Messeguer y Denisse Kuri. Por Moises Kushelevich Mercedes-Benz Fashion Week M\u00e9xico contin\u00faa su recorrido por ciudades claves del dise\u00f1o, la moda y las industrias creativas. Del 30 de\u2026","rel":"","context":"En \u00abLifestyle\u00bb","block_context":{"text":"Lifestyle","link":"https:\/\/zeromagazine.mx\/index.php\/category\/lifestyle\/"},"img":{"alt_text":"","src":"","width":0,"height":0},"classes":[]},{"id":92582,"url":"https:\/\/zeromagazine.mx\/index.php\/2024\/12\/09\/tendencias-2025-arquitectura-que-impacta\/","url_meta":{"origin":101594,"position":4},"title":"Tendencias 2025 Arquitectura que Impacta","author":"zeromagazinemx","date":"9 de diciembre de 2024","format":false,"excerpt":"Las tendencias de arquitectura para 2025 \u00bfAlguna vez te has preguntado c\u00f3mo ser\u00e1n los espacios en los que viviremos, trabajaremos y nos relajaremos dentro de unos a\u00f1os? La arquitectura del futuro est\u00e1 tomando un giro s\u00faper cool, y las tendencias de arquitectura para 2025 son\u00a0lo\u00a0que nos va a redefinir como\u2026","rel":"","context":"En \u00abDise\u00f1o\u00bb","block_context":{"text":"Dise\u00f1o","link":"https:\/\/zeromagazine.mx\/index.php\/category\/diseno\/"},"img":{"alt_text":"","src":"https:\/\/i0.wp.com\/zeromagazine.mx\/wp-content\/uploads\/2024\/12\/DSC_3463-scaled.jpg?fit=1200%2C801&ssl=1&resize=350%2C200","width":350,"height":200,"srcset":"https:\/\/i0.wp.com\/zeromagazine.mx\/wp-content\/uploads\/2024\/12\/DSC_3463-scaled.jpg?fit=1200%2C801&ssl=1&resize=350%2C200 1x, https:\/\/i0.wp.com\/zeromagazine.mx\/wp-content\/uploads\/2024\/12\/DSC_3463-scaled.jpg?fit=1200%2C801&ssl=1&resize=525%2C300 1.5x, https:\/\/i0.wp.com\/zeromagazine.mx\/wp-content\/uploads\/2024\/12\/DSC_3463-scaled.jpg?fit=1200%2C801&ssl=1&resize=700%2C400 2x, https:\/\/i0.wp.com\/zeromagazine.mx\/wp-content\/uploads\/2024\/12\/DSC_3463-scaled.jpg?fit=1200%2C801&ssl=1&resize=1050%2C600 3x"},"classes":[]},{"id":58581,"url":"https:\/\/zeromagazine.mx\/index.php\/2021\/11\/18\/promueve-encuentro-helvex-la-sustentabilidad-en-la-arquitectura\/","url_meta":{"origin":101594,"position":5},"title":"PROMUEVE\u200c \u200cENCUENTRO\u200c \u200cHELVEX\u200c \u200cLA\u200c \u200cSUSTENTABILIDAD\u200c \u200cEN\u200c \u200cLA\u200c\u00a0\u200cARQUITECTURA\u200c \u200cY\u200c \u200cEL\u200c \u200cDISE\u00d1O\u200c \u200cEN\u200c \u200cM\u00c9XICO","author":"zeromagazinemx","date":"18 de noviembre de 2021","format":false,"excerpt":"Helvex\u00a0es una empresa 100% mexicana, dedicada a la fabricaci\u00f3n de productos de alta calidad, elaborados con tecnolog\u00eda\u00a0e innovaci\u00f3n para el ahorro de agua, las cuales conjugan la funcionalidad con un alto dise\u00f1o est\u00e9tico. Por Johanna Gonzalez Con presencia en m\u00e1s de 20 pa\u00edses\u00a0y m\u00e1s de 70 a\u00f1os de historia, Grupo\u00a0Helvex\u00a0es\u2026","rel":"","context":"En \u00abBienestar\u00bb","block_context":{"text":"Bienestar","link":"https:\/\/zeromagazine.mx\/index.php\/category\/lifestyle\/bienestar\/"},"img":{"alt_text":"","src":"https:\/\/i0.wp.com\/zeromagazinemx.wpcomstaging.com\/wp-content\/uploads\/2022\/02\/1a025-helvex_.jpg?resize=350%2C200&ssl=1","width":350,"height":200,"srcset":"https:\/\/i0.wp.com\/zeromagazinemx.wpcomstaging.com\/wp-content\/uploads\/2022\/02\/1a025-helvex_.jpg?resize=350%2C200&ssl=1 1x, https:\/\/i0.wp.com\/zeromagazinemx.wpcomstaging.com\/wp-content\/uploads\/2022\/02\/1a025-helvex_.jpg?resize=525%2C300&ssl=1 1.5x, https:\/\/i0.wp.com\/zeromagazinemx.wpcomstaging.com\/wp-content\/uploads\/2022\/02\/1a025-helvex_.jpg?resize=700%2C400&ssl=1 2x"},"classes":[]}],"jetpack_sharing_enabled":true,"builder_content":"","_links":{"self":[{"href":"https:\/\/zeromagazine.mx\/index.php\/wp-json\/wp\/v2\/posts\/101594","targetHints":{"allow":["GET"]}}],"collection":[{"href":"https:\/\/zeromagazine.mx\/index.php\/wp-json\/wp\/v2\/posts"}],"about":[{"href":"https:\/\/zeromagazine.mx\/index.php\/wp-json\/wp\/v2\/types\/post"}],"author":[{"embeddable":true,"href":"https:\/\/zeromagazine.mx\/index.php\/wp-json\/wp\/v2\/users\/4"}],"replies":[{"embeddable":true,"href":"https:\/\/zeromagazine.mx\/index.php\/wp-json\/wp\/v2\/comments?post=101594"}],"version-history":[{"count":3,"href":"https:\/\/zeromagazine.mx\/index.php\/wp-json\/wp\/v2\/posts\/101594\/revisions"}],"predecessor-version":[{"id":101602,"href":"https:\/\/zeromagazine.mx\/index.php\/wp-json\/wp\/v2\/posts\/101594\/revisions\/101602"}],"wp:featuredmedia":[{"embeddable":true,"href":"https:\/\/zeromagazine.mx\/index.php\/wp-json\/wp\/v2\/media\/101599"}],"wp:attachment":[{"href":"https:\/\/zeromagazine.mx\/index.php\/wp-json\/wp\/v2\/media?parent=101594"}],"wp:term":[{"taxonomy":"category","embeddable":true,"href":"https:\/\/zeromagazine.mx\/index.php\/wp-json\/wp\/v2\/categories?post=101594"},{"taxonomy":"post_tag","embeddable":true,"href":"https:\/\/zeromagazine.mx\/index.php\/wp-json\/wp\/v2\/tags?post=101594"}],"curies":[{"name":"wp","href":"https:\/\/api.w.org\/{rel}","templated":true}]}}