{"id":101748,"date":"2025-04-16T11:26:36","date_gmt":"2025-04-16T17:26:36","guid":{"rendered":"https:\/\/zeromagazine.mx\/?p=101748"},"modified":"2025-04-16T11:26:37","modified_gmt":"2025-04-16T17:26:37","slug":"los-moaromeros-en-el-cenart","status":"publish","type":"post","link":"https:\/\/zeromagazine.mx\/index.php\/2025\/04\/16\/los-moaromeros-en-el-cenart\/","title":{"rendered":"Los Maromeros En El CENART"},"content":{"rendered":"<p>Amix, si est\u00e1n buscando una experiencia que les mueva el alma y les vuele la cabeza, <em>Los Maromeros<\/em> es la respuesta. Esta obra no es cualquier puesta en escena, es el reflejo del universo interno de muchas de nosotres, y viene directo del coraz\u00f3n creativo de Ver\u00f3nica Musalem, una crack del teatro mexicano que lleva m\u00e1s de 30 a\u00f1os rompi\u00e9ndola en la escena. La neta, esta es de esas historias que se sienten como un abrazo en medio del caos. Y si no quieres perd\u00e9rtela, qu\u00e9date porque te traigo los detalles.<\/p>\n\n\n\n<h2 class=\"wp-block-heading\">El ritual de lo \u00edntimo<\/h2>\n\n\n\n<figure class=\"wp-block-gallery has-nested-images columns-default is-cropped wp-block-gallery-1 is-layout-flex wp-block-gallery-is-layout-flex\">\n<figure class=\"wp-block-image size-full\"><img data-recalc-dims=\"1\" decoding=\"async\" width=\"1165\" height=\"1727\" data-id=\"101749\" src=\"https:\/\/i0.wp.com\/zeromagazine.mx\/wp-content\/uploads\/2025\/04\/Imagen-de-WhatsApp-2025-04-15-a-las-19.41.15_1f518357-scaled.jpg?resize=1165%2C1727&#038;ssl=1\" alt=\"\" class=\"wp-image-101749\" srcset=\"https:\/\/i0.wp.com\/zeromagazine.mx\/wp-content\/uploads\/2025\/04\/Imagen-de-WhatsApp-2025-04-15-a-las-19.41.15_1f518357-scaled.jpg?w=1727&amp;ssl=1 1727w, https:\/\/i0.wp.com\/zeromagazine.mx\/wp-content\/uploads\/2025\/04\/Imagen-de-WhatsApp-2025-04-15-a-las-19.41.15_1f518357-scaled.jpg?resize=202%2C300&amp;ssl=1 202w, https:\/\/i0.wp.com\/zeromagazine.mx\/wp-content\/uploads\/2025\/04\/Imagen-de-WhatsApp-2025-04-15-a-las-19.41.15_1f518357-scaled.jpg?resize=691%2C1024&amp;ssl=1 691w, https:\/\/i0.wp.com\/zeromagazine.mx\/wp-content\/uploads\/2025\/04\/Imagen-de-WhatsApp-2025-04-15-a-las-19.41.15_1f518357-scaled.jpg?resize=768%2C1138&amp;ssl=1 768w, https:\/\/i0.wp.com\/zeromagazine.mx\/wp-content\/uploads\/2025\/04\/Imagen-de-WhatsApp-2025-04-15-a-las-19.41.15_1f518357-scaled.jpg?resize=1036%2C1536&amp;ssl=1 1036w, https:\/\/i0.wp.com\/zeromagazine.mx\/wp-content\/uploads\/2025\/04\/Imagen-de-WhatsApp-2025-04-15-a-las-19.41.15_1f518357-scaled.jpg?resize=1382%2C2048&amp;ssl=1 1382w\" sizes=\"(max-width: 1165px) 100vw, 1165px\" \/><\/figure>\n\n\n\n<figure class=\"wp-block-image size-full\"><img data-recalc-dims=\"1\" decoding=\"async\" width=\"1165\" height=\"1748\" data-id=\"101751\" src=\"https:\/\/i0.wp.com\/zeromagazine.mx\/wp-content\/uploads\/2025\/04\/Imagen-de-WhatsApp-2025-04-15-a-las-19.41.15_b12402d0-scaled.jpg?resize=1165%2C1748&#038;ssl=1\" alt=\"\" class=\"wp-image-101751\" srcset=\"https:\/\/i0.wp.com\/zeromagazine.mx\/wp-content\/uploads\/2025\/04\/Imagen-de-WhatsApp-2025-04-15-a-las-19.41.15_b12402d0-scaled.jpg?w=1706&amp;ssl=1 1706w, https:\/\/i0.wp.com\/zeromagazine.mx\/wp-content\/uploads\/2025\/04\/Imagen-de-WhatsApp-2025-04-15-a-las-19.41.15_b12402d0-scaled.jpg?resize=200%2C300&amp;ssl=1 200w, https:\/\/i0.wp.com\/zeromagazine.mx\/wp-content\/uploads\/2025\/04\/Imagen-de-WhatsApp-2025-04-15-a-las-19.41.15_b12402d0-scaled.jpg?resize=683%2C1024&amp;ssl=1 683w, https:\/\/i0.wp.com\/zeromagazine.mx\/wp-content\/uploads\/2025\/04\/Imagen-de-WhatsApp-2025-04-15-a-las-19.41.15_b12402d0-scaled.jpg?resize=768%2C1152&amp;ssl=1 768w, https:\/\/i0.wp.com\/zeromagazine.mx\/wp-content\/uploads\/2025\/04\/Imagen-de-WhatsApp-2025-04-15-a-las-19.41.15_b12402d0-scaled.jpg?resize=1024%2C1536&amp;ssl=1 1024w, https:\/\/i0.wp.com\/zeromagazine.mx\/wp-content\/uploads\/2025\/04\/Imagen-de-WhatsApp-2025-04-15-a-las-19.41.15_b12402d0-scaled.jpg?resize=1365%2C2048&amp;ssl=1 1365w\" sizes=\"(max-width: 1165px) 100vw, 1165px\" \/><\/figure>\n<\/figure>\n\n\n\n<p>Adem\u00e1s, lo que hace tan especial a <em>Los Maromeros<\/em> es que no se queda en el drama o en el espect\u00e1culo. Al contrario, es una mezcla loca y m\u00e1gica de lo real y lo on\u00edrico, como si te metieras en un sue\u00f1o con un soundtrack m\u00edstico de la Sierra de Oaxaca, con luces que parecen salidas de otro plano y vestuarios que cuentan historias por s\u00ed solos. O sea, todo el dise\u00f1o esc\u00e9nico \u2014hecho por Alain Kerriou, Edyta Rzewuska y Alberto Santiago\u2014 est\u00e1 tan bien pensado que se convierte en otro personaje.<\/p>\n\n\n\n<script async src=\"https:\/\/pagead2.googlesyndication.com\/pagead\/js\/adsbygoogle.js?client=ca-pub-5499304793904745\"\n     crossorigin=\"anonymous\"><\/script>\n<ins class=\"adsbygoogle\"\n     style=\"display:block; text-align:center;\"\n     data-ad-layout=\"in-article\"\n     data-ad-format=\"fluid\"\n     data-ad-client=\"ca-pub-5499304793904745\"\n     data-ad-slot=\"5994863093\"><\/ins>\n<script>\n     (adsbygoogle = window.adsbygoogle || []).push({});\n<\/script>\n\n\n\n<h2 class=\"wp-block-heading\">Lo femenino como resistencia<\/h2>\n\n\n\n<p>Por otro lado, esta obra no solo cuenta la historia de una mujer en crisis. Es un grito feminista que habla desde lo m\u00e1s humano: del dolor, del cambio, del querer reencontrarse con una misma cuando todo se est\u00e1 cayendo a pedazos. Musalem cre\u00f3 un espacio donde la memoria, la identidad y la magia se cruzan, y eso nos da la oportunidad de vernos reflejades ah\u00ed, sin filtros ni m\u00e1scaras. Un verdadero viaje de autoconocimiento.<\/p>\n\n\n<div class=\"wp-block-image\">\n<figure class=\"aligncenter size-full\"><img data-recalc-dims=\"1\" decoding=\"async\" width=\"1165\" height=\"1748\" src=\"https:\/\/i0.wp.com\/zeromagazine.mx\/wp-content\/uploads\/2025\/04\/Imagen-de-WhatsApp-2025-04-15-a-las-19.41.15_2046105d-scaled.jpg?resize=1165%2C1748&#038;ssl=1\" alt=\"\" class=\"wp-image-101750\" srcset=\"https:\/\/i0.wp.com\/zeromagazine.mx\/wp-content\/uploads\/2025\/04\/Imagen-de-WhatsApp-2025-04-15-a-las-19.41.15_2046105d-scaled.jpg?w=1706&amp;ssl=1 1706w, https:\/\/i0.wp.com\/zeromagazine.mx\/wp-content\/uploads\/2025\/04\/Imagen-de-WhatsApp-2025-04-15-a-las-19.41.15_2046105d-scaled.jpg?resize=200%2C300&amp;ssl=1 200w, https:\/\/i0.wp.com\/zeromagazine.mx\/wp-content\/uploads\/2025\/04\/Imagen-de-WhatsApp-2025-04-15-a-las-19.41.15_2046105d-scaled.jpg?resize=683%2C1024&amp;ssl=1 683w, https:\/\/i0.wp.com\/zeromagazine.mx\/wp-content\/uploads\/2025\/04\/Imagen-de-WhatsApp-2025-04-15-a-las-19.41.15_2046105d-scaled.jpg?resize=768%2C1152&amp;ssl=1 768w, https:\/\/i0.wp.com\/zeromagazine.mx\/wp-content\/uploads\/2025\/04\/Imagen-de-WhatsApp-2025-04-15-a-las-19.41.15_2046105d-scaled.jpg?resize=1024%2C1536&amp;ssl=1 1024w, https:\/\/i0.wp.com\/zeromagazine.mx\/wp-content\/uploads\/2025\/04\/Imagen-de-WhatsApp-2025-04-15-a-las-19.41.15_2046105d-scaled.jpg?resize=1365%2C2048&amp;ssl=1 1365w\" sizes=\"(max-width: 1165px) 100vw, 1165px\" \/><\/figure>\n<\/div>\n\n\n<h2 class=\"wp-block-heading\">Un legado que trasciende<\/h2>\n\n\n\n<p>Igualmente, hay que decirlo: Ver\u00f3nica no es solo una escritora, es una creadora de mundos. Su trabajo ha viajado m\u00e1s que muchos de nosotres \u2014de M\u00e9xico a Par\u00eds, Nueva York, Chile y hasta Australia\u2014 llevando con ella historias profundas y potentes. <em>Los Maromeros<\/em> es parte de su <em>Trilog\u00eda de la Sierra<\/em>, junto con <em>Los Caminantes<\/em> y <em>Los Errantes<\/em>, tres piezas que nos recuerdan que lo ancestral y lo contempor\u00e1neo no est\u00e1n peleados, m\u00e1s bien se abrazan.<\/p>\n\n\n\n<h2 class=\"wp-block-heading\">No te la pierdas<\/h2>\n\n\n\n<p>Finalmente, <em>Los Maromeros<\/em> se presentar\u00e1 del <strong>3 de mayo al 7 de junio<\/strong> en el Foro de las Artes del <strong>Centro Nacional de las Artes (CENART)<\/strong>. As\u00ed que no hay excusa, amix. Vayan, lloren, r\u00edan, cuestionen todo y abr\u00e1cense con lo que son. Porque este teatro, m\u00e1s que entretener, <strong>nos invita a sanar<\/strong>. Checa m\u00e1s info en: <a href=\"https:\/\/www.cenart.gob.mx\">CENART<\/a><\/p>\n\n\n\n<script async src=\"https:\/\/pagead2.googlesyndication.com\/pagead\/js\/adsbygoogle.js?client=ca-pub-5499304793904745\"\n     crossorigin=\"anonymous\"><\/script>\n<ins class=\"adsbygoogle\"\n     style=\"display:block; text-align:center;\"\n     data-ad-layout=\"in-article\"\n     data-ad-format=\"fluid\"\n     data-ad-client=\"ca-pub-5499304793904745\"\n     data-ad-slot=\"5994863093\"><\/ins>\n<script>\n     (adsbygoogle = window.adsbygoogle || []).push({});\n<\/script>\n\n<!--themify_builder_content-->\n<div id=\"themify_builder_content-101748\" data-postid=\"101748\" class=\"themify_builder_content themify_builder_content-101748 themify_builder tf_clear\">\n    <\/div>\n<!--\/themify_builder_content-->","protected":false},"excerpt":{"rendered":"<p>Amix, si est\u00e1n buscando una experiencia que les mueva el alma y les vuele la cabeza, Los Maromeros es la respuesta. Esta obra no es cualquier puesta en escena, es el reflejo del universo interno de muchas de nosotres, y viene directo del coraz\u00f3n creativo de Ver\u00f3nica Musalem, una crack del teatro mexicano que lleva [&hellip;]<\/p>\n","protected":false},"author":4,"featured_media":101753,"comment_status":"open","ping_status":"open","sticky":false,"template":"","format":"standard","meta":{"_jetpack_memberships_contains_paid_content":false,"footnotes":"","jetpack_publicize_message":"","jetpack_publicize_feature_enabled":true,"jetpack_social_post_already_shared":true,"jetpack_social_options":{"image_generator_settings":{"template":"highway","default_image_id":0,"font":"","enabled":false},"version":2}},"categories":[791],"tags":[5551,13342,13343],"class_list":["post-101748","post","type-post","status-publish","format-standard","has-post-thumbnail","hentry","category-cultura","tag-cenart","tag-los-maromeros","tag-veronica-musalem","has-post-title","has-post-date","has-post-category","has-post-tag","has-post-comment","has-post-author",""],"yoast_head":"<!-- This site is optimized with the Yoast SEO plugin v27.5 - https:\/\/yoast.com\/product\/yoast-seo-wordpress\/ -->\n<title>Los Maromeros En El CENART - Zero Magazine<\/title>\n<meta name=\"description\" content=\"No te pierdas detalles del estreno de los Maromeros, una obra \u00e9pica de Ver\u00f3nica Musalem, este 3 de mayo al 7 de junio en el CENART\" \/>\n<meta name=\"robots\" content=\"index, follow, max-snippet:-1, max-image-preview:large, max-video-preview:-1\" \/>\n<link rel=\"canonical\" href=\"https:\/\/zeromagazine.mx\/index.php\/2025\/04\/16\/los-moaromeros-en-el-cenart\/\" \/>\n<meta property=\"og:locale\" content=\"es_ES\" \/>\n<meta property=\"og:type\" content=\"article\" \/>\n<meta property=\"og:title\" content=\"Los Maromeros En El CENART - Zero Magazine\" \/>\n<meta property=\"og:description\" content=\"No te pierdas detalles del estreno de los Maromeros, una obra \u00e9pica de Ver\u00f3nica Musalem, este 3 de mayo al 7 de junio en el CENART\" \/>\n<meta property=\"og:url\" content=\"https:\/\/zeromagazine.mx\/index.php\/2025\/04\/16\/los-moaromeros-en-el-cenart\/\" \/>\n<meta property=\"og:site_name\" content=\"Zero Magazine\" \/>\n<meta property=\"article:published_time\" content=\"2025-04-16T17:26:36+00:00\" \/>\n<meta property=\"article:modified_time\" content=\"2025-04-16T17:26:37+00:00\" \/>\n<meta property=\"og:image\" content=\"http:\/\/zeromagazine.mx\/wp-content\/uploads\/2025\/04\/Imagen-de-WhatsApp-2025-04-15-a-las-19.41.15_5edab33e-scaled.jpg\" \/>\n\t<meta property=\"og:image:width\" content=\"1706\" \/>\n\t<meta property=\"og:image:height\" content=\"2560\" \/>\n\t<meta property=\"og:image:type\" content=\"image\/jpeg\" \/>\n<meta name=\"author\" content=\"David Morales\" \/>\n<meta name=\"twitter:card\" content=\"summary_large_image\" \/>\n<meta name=\"twitter:label1\" content=\"Escrito por\" \/>\n\t<meta name=\"twitter:data1\" content=\"David Morales\" \/>\n\t<meta name=\"twitter:label2\" content=\"Tiempo de lectura\" \/>\n\t<meta name=\"twitter:data2\" content=\"3 minutos\" \/>\n<script type=\"application\/ld+json\" class=\"yoast-schema-graph\">{\"@context\":\"https:\\\/\\\/schema.org\",\"@graph\":[{\"@type\":\"Article\",\"@id\":\"https:\\\/\\\/zeromagazine.mx\\\/index.php\\\/2025\\\/04\\\/16\\\/los-moaromeros-en-el-cenart\\\/#article\",\"isPartOf\":{\"@id\":\"https:\\\/\\\/zeromagazine.mx\\\/index.php\\\/2025\\\/04\\\/16\\\/los-moaromeros-en-el-cenart\\\/\"},\"author\":{\"name\":\"David Morales\",\"@id\":\"https:\\\/\\\/zeromagazine.mx\\\/#\\\/schema\\\/person\\\/9f7f1a17c60ba8e9980e3e6677aabe5a\"},\"headline\":\"Los Maromeros En El CENART\",\"datePublished\":\"2025-04-16T17:26:36+00:00\",\"dateModified\":\"2025-04-16T17:26:37+00:00\",\"mainEntityOfPage\":{\"@id\":\"https:\\\/\\\/zeromagazine.mx\\\/index.php\\\/2025\\\/04\\\/16\\\/los-moaromeros-en-el-cenart\\\/\"},\"wordCount\":441,\"commentCount\":0,\"publisher\":{\"@id\":\"https:\\\/\\\/zeromagazine.mx\\\/#organization\"},\"image\":{\"@id\":\"https:\\\/\\\/zeromagazine.mx\\\/index.php\\\/2025\\\/04\\\/16\\\/los-moaromeros-en-el-cenart\\\/#primaryimage\"},\"thumbnailUrl\":\"https:\\\/\\\/i0.wp.com\\\/zeromagazine.mx\\\/wp-content\\\/uploads\\\/2025\\\/04\\\/Imagen-de-WhatsApp-2025-04-15-a-las-19.41.15_5edab33e-scaled.jpg?fit=1706%2C2560&ssl=1\",\"keywords\":[\"CENART\",\"Los Maromeros\",\"Ver\u00f3nica Musalem\"],\"articleSection\":[\"Cultura\"],\"inLanguage\":\"es\",\"potentialAction\":[{\"@type\":\"CommentAction\",\"name\":\"Comment\",\"target\":[\"https:\\\/\\\/zeromagazine.mx\\\/index.php\\\/2025\\\/04\\\/16\\\/los-moaromeros-en-el-cenart\\\/#respond\"]}]},{\"@type\":\"WebPage\",\"@id\":\"https:\\\/\\\/zeromagazine.mx\\\/index.php\\\/2025\\\/04\\\/16\\\/los-moaromeros-en-el-cenart\\\/\",\"url\":\"https:\\\/\\\/zeromagazine.mx\\\/index.php\\\/2025\\\/04\\\/16\\\/los-moaromeros-en-el-cenart\\\/\",\"name\":\"Los Maromeros En El CENART - Zero Magazine\",\"isPartOf\":{\"@id\":\"https:\\\/\\\/zeromagazine.mx\\\/#website\"},\"primaryImageOfPage\":{\"@id\":\"https:\\\/\\\/zeromagazine.mx\\\/index.php\\\/2025\\\/04\\\/16\\\/los-moaromeros-en-el-cenart\\\/#primaryimage\"},\"image\":{\"@id\":\"https:\\\/\\\/zeromagazine.mx\\\/index.php\\\/2025\\\/04\\\/16\\\/los-moaromeros-en-el-cenart\\\/#primaryimage\"},\"thumbnailUrl\":\"https:\\\/\\\/i0.wp.com\\\/zeromagazine.mx\\\/wp-content\\\/uploads\\\/2025\\\/04\\\/Imagen-de-WhatsApp-2025-04-15-a-las-19.41.15_5edab33e-scaled.jpg?fit=1706%2C2560&ssl=1\",\"datePublished\":\"2025-04-16T17:26:36+00:00\",\"dateModified\":\"2025-04-16T17:26:37+00:00\",\"description\":\"No te pierdas detalles del estreno de los Maromeros, una obra \u00e9pica de Ver\u00f3nica Musalem, este 3 de mayo al 7 de junio en el CENART\",\"breadcrumb\":{\"@id\":\"https:\\\/\\\/zeromagazine.mx\\\/index.php\\\/2025\\\/04\\\/16\\\/los-moaromeros-en-el-cenart\\\/#breadcrumb\"},\"inLanguage\":\"es\",\"potentialAction\":[{\"@type\":\"ReadAction\",\"target\":[\"https:\\\/\\\/zeromagazine.mx\\\/index.php\\\/2025\\\/04\\\/16\\\/los-moaromeros-en-el-cenart\\\/\"]}]},{\"@type\":\"ImageObject\",\"inLanguage\":\"es\",\"@id\":\"https:\\\/\\\/zeromagazine.mx\\\/index.php\\\/2025\\\/04\\\/16\\\/los-moaromeros-en-el-cenart\\\/#primaryimage\",\"url\":\"https:\\\/\\\/i0.wp.com\\\/zeromagazine.mx\\\/wp-content\\\/uploads\\\/2025\\\/04\\\/Imagen-de-WhatsApp-2025-04-15-a-las-19.41.15_5edab33e-scaled.jpg?fit=1706%2C2560&ssl=1\",\"contentUrl\":\"https:\\\/\\\/i0.wp.com\\\/zeromagazine.mx\\\/wp-content\\\/uploads\\\/2025\\\/04\\\/Imagen-de-WhatsApp-2025-04-15-a-las-19.41.15_5edab33e-scaled.jpg?fit=1706%2C2560&ssl=1\",\"width\":1706,\"height\":2560},{\"@type\":\"BreadcrumbList\",\"@id\":\"https:\\\/\\\/zeromagazine.mx\\\/index.php\\\/2025\\\/04\\\/16\\\/los-moaromeros-en-el-cenart\\\/#breadcrumb\",\"itemListElement\":[{\"@type\":\"ListItem\",\"position\":1,\"name\":\"Portada\",\"item\":\"https:\\\/\\\/zeromagazine.mx\\\/\"},{\"@type\":\"ListItem\",\"position\":2,\"name\":\"Los Maromeros En El CENART\"}]},{\"@type\":\"WebSite\",\"@id\":\"https:\\\/\\\/zeromagazine.mx\\\/#website\",\"url\":\"https:\\\/\\\/zeromagazine.mx\\\/\",\"name\":\"Zero Magazine\",\"description\":\"\",\"publisher\":{\"@id\":\"https:\\\/\\\/zeromagazine.mx\\\/#organization\"},\"potentialAction\":[{\"@type\":\"SearchAction\",\"target\":{\"@type\":\"EntryPoint\",\"urlTemplate\":\"https:\\\/\\\/zeromagazine.mx\\\/?s={search_term_string}\"},\"query-input\":{\"@type\":\"PropertyValueSpecification\",\"valueRequired\":true,\"valueName\":\"search_term_string\"}}],\"inLanguage\":\"es\"},{\"@type\":\"Organization\",\"@id\":\"https:\\\/\\\/zeromagazine.mx\\\/#organization\",\"name\":\"Zero Magazine\",\"url\":\"https:\\\/\\\/zeromagazine.mx\\\/\",\"logo\":{\"@type\":\"ImageObject\",\"inLanguage\":\"es\",\"@id\":\"https:\\\/\\\/zeromagazine.mx\\\/#\\\/schema\\\/logo\\\/image\\\/\",\"url\":\"https:\\\/\\\/i0.wp.com\\\/zeromagazine.mx\\\/wp-content\\\/uploads\\\/2025\\\/11\\\/1.jpeg?fit=1000%2C1000&ssl=1\",\"contentUrl\":\"https:\\\/\\\/i0.wp.com\\\/zeromagazine.mx\\\/wp-content\\\/uploads\\\/2025\\\/11\\\/1.jpeg?fit=1000%2C1000&ssl=1\",\"width\":1000,\"height\":1000,\"caption\":\"Zero Magazine\"},\"image\":{\"@id\":\"https:\\\/\\\/zeromagazine.mx\\\/#\\\/schema\\\/logo\\\/image\\\/\"},\"sameAs\":[\"https:\\\/\\\/instagram.com\\\/zeromagazinemx\"]},{\"@type\":\"Person\",\"@id\":\"https:\\\/\\\/zeromagazine.mx\\\/#\\\/schema\\\/person\\\/9f7f1a17c60ba8e9980e3e6677aabe5a\",\"name\":\"David Morales\",\"image\":{\"@type\":\"ImageObject\",\"inLanguage\":\"es\",\"@id\":\"https:\\\/\\\/zeromagazine.mx\\\/wp-content\\\/litespeed\\\/avatar\\\/76069d2136bfc1c37dc34815bb67ca42.jpg?ver=1777571067\",\"url\":\"https:\\\/\\\/zeromagazine.mx\\\/wp-content\\\/litespeed\\\/avatar\\\/76069d2136bfc1c37dc34815bb67ca42.jpg?ver=1777571067\",\"contentUrl\":\"https:\\\/\\\/zeromagazine.mx\\\/wp-content\\\/litespeed\\\/avatar\\\/76069d2136bfc1c37dc34815bb67ca42.jpg?ver=1777571067\",\"caption\":\"David Morales\"},\"url\":\"https:\\\/\\\/zeromagazine.mx\\\/index.php\\\/author\\\/david\\\/\"}]}<\/script>\n<!-- \/ Yoast SEO plugin. -->","yoast_head_json":{"title":"Los Maromeros En El CENART - Zero Magazine","description":"No te pierdas detalles del estreno de los Maromeros, una obra \u00e9pica de Ver\u00f3nica Musalem, este 3 de mayo al 7 de junio en el CENART","robots":{"index":"index","follow":"follow","max-snippet":"max-snippet:-1","max-image-preview":"max-image-preview:large","max-video-preview":"max-video-preview:-1"},"canonical":"https:\/\/zeromagazine.mx\/index.php\/2025\/04\/16\/los-moaromeros-en-el-cenart\/","og_locale":"es_ES","og_type":"article","og_title":"Los Maromeros En El CENART - Zero Magazine","og_description":"No te pierdas detalles del estreno de los Maromeros, una obra \u00e9pica de Ver\u00f3nica Musalem, este 3 de mayo al 7 de junio en el CENART","og_url":"https:\/\/zeromagazine.mx\/index.php\/2025\/04\/16\/los-moaromeros-en-el-cenart\/","og_site_name":"Zero Magazine","article_published_time":"2025-04-16T17:26:36+00:00","article_modified_time":"2025-04-16T17:26:37+00:00","og_image":[{"width":1706,"height":2560,"url":"http:\/\/zeromagazine.mx\/wp-content\/uploads\/2025\/04\/Imagen-de-WhatsApp-2025-04-15-a-las-19.41.15_5edab33e-scaled.jpg","type":"image\/jpeg"}],"author":"David Morales","twitter_card":"summary_large_image","twitter_misc":{"Escrito por":"David Morales","Tiempo de lectura":"3 minutos"},"schema":{"@context":"https:\/\/schema.org","@graph":[{"@type":"Article","@id":"https:\/\/zeromagazine.mx\/index.php\/2025\/04\/16\/los-moaromeros-en-el-cenart\/#article","isPartOf":{"@id":"https:\/\/zeromagazine.mx\/index.php\/2025\/04\/16\/los-moaromeros-en-el-cenart\/"},"author":{"name":"David Morales","@id":"https:\/\/zeromagazine.mx\/#\/schema\/person\/9f7f1a17c60ba8e9980e3e6677aabe5a"},"headline":"Los Maromeros En El CENART","datePublished":"2025-04-16T17:26:36+00:00","dateModified":"2025-04-16T17:26:37+00:00","mainEntityOfPage":{"@id":"https:\/\/zeromagazine.mx\/index.php\/2025\/04\/16\/los-moaromeros-en-el-cenart\/"},"wordCount":441,"commentCount":0,"publisher":{"@id":"https:\/\/zeromagazine.mx\/#organization"},"image":{"@id":"https:\/\/zeromagazine.mx\/index.php\/2025\/04\/16\/los-moaromeros-en-el-cenart\/#primaryimage"},"thumbnailUrl":"https:\/\/i0.wp.com\/zeromagazine.mx\/wp-content\/uploads\/2025\/04\/Imagen-de-WhatsApp-2025-04-15-a-las-19.41.15_5edab33e-scaled.jpg?fit=1706%2C2560&ssl=1","keywords":["CENART","Los Maromeros","Ver\u00f3nica Musalem"],"articleSection":["Cultura"],"inLanguage":"es","potentialAction":[{"@type":"CommentAction","name":"Comment","target":["https:\/\/zeromagazine.mx\/index.php\/2025\/04\/16\/los-moaromeros-en-el-cenart\/#respond"]}]},{"@type":"WebPage","@id":"https:\/\/zeromagazine.mx\/index.php\/2025\/04\/16\/los-moaromeros-en-el-cenart\/","url":"https:\/\/zeromagazine.mx\/index.php\/2025\/04\/16\/los-moaromeros-en-el-cenart\/","name":"Los Maromeros En El CENART - Zero Magazine","isPartOf":{"@id":"https:\/\/zeromagazine.mx\/#website"},"primaryImageOfPage":{"@id":"https:\/\/zeromagazine.mx\/index.php\/2025\/04\/16\/los-moaromeros-en-el-cenart\/#primaryimage"},"image":{"@id":"https:\/\/zeromagazine.mx\/index.php\/2025\/04\/16\/los-moaromeros-en-el-cenart\/#primaryimage"},"thumbnailUrl":"https:\/\/i0.wp.com\/zeromagazine.mx\/wp-content\/uploads\/2025\/04\/Imagen-de-WhatsApp-2025-04-15-a-las-19.41.15_5edab33e-scaled.jpg?fit=1706%2C2560&ssl=1","datePublished":"2025-04-16T17:26:36+00:00","dateModified":"2025-04-16T17:26:37+00:00","description":"No te pierdas detalles del estreno de los Maromeros, una obra \u00e9pica de Ver\u00f3nica Musalem, este 3 de mayo al 7 de junio en el CENART","breadcrumb":{"@id":"https:\/\/zeromagazine.mx\/index.php\/2025\/04\/16\/los-moaromeros-en-el-cenart\/#breadcrumb"},"inLanguage":"es","potentialAction":[{"@type":"ReadAction","target":["https:\/\/zeromagazine.mx\/index.php\/2025\/04\/16\/los-moaromeros-en-el-cenart\/"]}]},{"@type":"ImageObject","inLanguage":"es","@id":"https:\/\/zeromagazine.mx\/index.php\/2025\/04\/16\/los-moaromeros-en-el-cenart\/#primaryimage","url":"https:\/\/i0.wp.com\/zeromagazine.mx\/wp-content\/uploads\/2025\/04\/Imagen-de-WhatsApp-2025-04-15-a-las-19.41.15_5edab33e-scaled.jpg?fit=1706%2C2560&ssl=1","contentUrl":"https:\/\/i0.wp.com\/zeromagazine.mx\/wp-content\/uploads\/2025\/04\/Imagen-de-WhatsApp-2025-04-15-a-las-19.41.15_5edab33e-scaled.jpg?fit=1706%2C2560&ssl=1","width":1706,"height":2560},{"@type":"BreadcrumbList","@id":"https:\/\/zeromagazine.mx\/index.php\/2025\/04\/16\/los-moaromeros-en-el-cenart\/#breadcrumb","itemListElement":[{"@type":"ListItem","position":1,"name":"Portada","item":"https:\/\/zeromagazine.mx\/"},{"@type":"ListItem","position":2,"name":"Los Maromeros En El CENART"}]},{"@type":"WebSite","@id":"https:\/\/zeromagazine.mx\/#website","url":"https:\/\/zeromagazine.mx\/","name":"Zero Magazine","description":"","publisher":{"@id":"https:\/\/zeromagazine.mx\/#organization"},"potentialAction":[{"@type":"SearchAction","target":{"@type":"EntryPoint","urlTemplate":"https:\/\/zeromagazine.mx\/?s={search_term_string}"},"query-input":{"@type":"PropertyValueSpecification","valueRequired":true,"valueName":"search_term_string"}}],"inLanguage":"es"},{"@type":"Organization","@id":"https:\/\/zeromagazine.mx\/#organization","name":"Zero Magazine","url":"https:\/\/zeromagazine.mx\/","logo":{"@type":"ImageObject","inLanguage":"es","@id":"https:\/\/zeromagazine.mx\/#\/schema\/logo\/image\/","url":"https:\/\/i0.wp.com\/zeromagazine.mx\/wp-content\/uploads\/2025\/11\/1.jpeg?fit=1000%2C1000&ssl=1","contentUrl":"https:\/\/i0.wp.com\/zeromagazine.mx\/wp-content\/uploads\/2025\/11\/1.jpeg?fit=1000%2C1000&ssl=1","width":1000,"height":1000,"caption":"Zero Magazine"},"image":{"@id":"https:\/\/zeromagazine.mx\/#\/schema\/logo\/image\/"},"sameAs":["https:\/\/instagram.com\/zeromagazinemx"]},{"@type":"Person","@id":"https:\/\/zeromagazine.mx\/#\/schema\/person\/9f7f1a17c60ba8e9980e3e6677aabe5a","name":"David Morales","image":{"@type":"ImageObject","inLanguage":"es","@id":"https:\/\/zeromagazine.mx\/wp-content\/litespeed\/avatar\/76069d2136bfc1c37dc34815bb67ca42.jpg?ver=1777571067","url":"https:\/\/zeromagazine.mx\/wp-content\/litespeed\/avatar\/76069d2136bfc1c37dc34815bb67ca42.jpg?ver=1777571067","contentUrl":"https:\/\/zeromagazine.mx\/wp-content\/litespeed\/avatar\/76069d2136bfc1c37dc34815bb67ca42.jpg?ver=1777571067","caption":"David Morales"},"url":"https:\/\/zeromagazine.mx\/index.php\/author\/david\/"}]}},"jetpack_publicize_connections":[],"jetpack_featured_media_url":"https:\/\/i0.wp.com\/zeromagazine.mx\/wp-content\/uploads\/2025\/04\/Imagen-de-WhatsApp-2025-04-15-a-las-19.41.15_5edab33e-scaled.jpg?fit=1706%2C2560&ssl=1","jetpack-related-posts":[{"id":52947,"url":"https:\/\/zeromagazine.mx\/index.php\/2021\/08\/26\/vive-y-date-cuenta-que-puedes-decidir-todo-el-tiempo-entrevista-a-veronica-langer-renata-vaca\/","url_meta":{"origin":101748,"position":0},"title":"\u201cVive y date cuenta que puedes decidir todo el tiempo\u201d, Entrevista a Ver\u00f3nica Langer &amp; Renata Vaca","author":"zeromagazinemx","date":"26 de agosto de 2021","format":false,"excerpt":"Ver\u00f3nica Langer\u00a0 junto a Renata Vaca nos presentan Clases de Historia del director Marcelino Islas Hern\u00e1ndez. Esta pel\u00edcula nos cuenta la historia de Vero, ella tiene 60 a\u00f1os y tiene c\u00e1ncer, su vida data entre la negaci\u00f3n a iniciar un tratamiento, la rutina de su trabajo como maestra y su\u2026","rel":"","context":"En \u00abCine\u00bb","block_context":{"text":"Cine","link":"https:\/\/zeromagazine.mx\/index.php\/category\/entretenimiento\/cine\/"},"img":{"alt_text":"","src":"https:\/\/i2.wp.com\/zeromagazinemx.com\/wp-content\/uploads\/2021\/08\/Copia-de-Studio-Session2-114.png?ssl=1&resize=350%2C200","width":350,"height":200,"srcset":"https:\/\/i2.wp.com\/zeromagazinemx.com\/wp-content\/uploads\/2021\/08\/Copia-de-Studio-Session2-114.png?ssl=1&resize=350%2C200 1x, https:\/\/i2.wp.com\/zeromagazinemx.com\/wp-content\/uploads\/2021\/08\/Copia-de-Studio-Session2-114.png?ssl=1&resize=525%2C300 1.5x, https:\/\/i2.wp.com\/zeromagazinemx.com\/wp-content\/uploads\/2021\/08\/Copia-de-Studio-Session2-114.png?ssl=1&resize=700%2C400 2x, https:\/\/i2.wp.com\/zeromagazinemx.com\/wp-content\/uploads\/2021\/08\/Copia-de-Studio-Session2-114.png?ssl=1&resize=1050%2C600 3x, https:\/\/i2.wp.com\/zeromagazinemx.com\/wp-content\/uploads\/2021\/08\/Copia-de-Studio-Session2-114.png?ssl=1&resize=1400%2C800 4x"},"classes":[]},{"id":76632,"url":"https:\/\/zeromagazine.mx\/index.php\/2024\/05\/30\/veronica-leoni-la-nueva-directora-de-ck\/","url_meta":{"origin":101748,"position":1},"title":"Ver\u00f3nica Leoni: La Nueva Directora de CK","author":"zeromagazinemx","date":"30 de mayo de 2024","format":false,"excerpt":"Calvin Klein acaba de nombrar a Ver\u00f3nica Leoni como su nueva Directora Creativa de Collection, y esto promete ser un cambio \u00e9pico en el mundo de la moda. Para empezar, Ver\u00f3nica Leoni no es cualquier persona en la industria. Fue finalista del LVMH Prize en 2023 y fundadora de QUIRA,\u2026","rel":"","context":"En \u00abModa\u00bb","block_context":{"text":"Moda","link":"https:\/\/zeromagazine.mx\/index.php\/category\/moda\/"},"img":{"alt_text":"","src":"https:\/\/i0.wp.com\/zeromagazine.mx\/wp-content\/uploads\/2024\/05\/unnamed-63-1.jpg?fit=949%2C1200&ssl=1&resize=350%2C200","width":350,"height":200,"srcset":"https:\/\/i0.wp.com\/zeromagazine.mx\/wp-content\/uploads\/2024\/05\/unnamed-63-1.jpg?fit=949%2C1200&ssl=1&resize=350%2C200 1x, https:\/\/i0.wp.com\/zeromagazine.mx\/wp-content\/uploads\/2024\/05\/unnamed-63-1.jpg?fit=949%2C1200&ssl=1&resize=525%2C300 1.5x, https:\/\/i0.wp.com\/zeromagazine.mx\/wp-content\/uploads\/2024\/05\/unnamed-63-1.jpg?fit=949%2C1200&ssl=1&resize=700%2C400 2x"},"classes":[]},{"id":55127,"url":"https:\/\/zeromagazine.mx\/index.php\/2021\/09\/24\/la-cara-de-la-urologia\/","url_meta":{"origin":101748,"position":2},"title":"La cara de la Urolog\u00eda","author":"zeromagazinemx","date":"24 de septiembre de 2021","format":false,"excerpt":"Entrevista con el Dr. Mario Enrique Ortega Gonz\u00e1lez.Especialista en Cirug\u00eda Laparosc\u00f3pica, Oncolog\u00eda y Endourolog\u00eda. Fotograf\u00eda: Ver\u00f3nica Rosas (@mont.photo) y Rodrigo Ososrio (@photo_r86 ) Por Ver\u00f3nica Rosas y Rodrigo Osorio \u00bfC\u00f3mo es que decide ingresar al mundo de la medicina? Mi inter\u00e9s por esta \u00e1rea inici\u00f3 cuando v\u00ed un documental justamente\u2026","rel":"","context":"En \u00abBienestar\u00bb","block_context":{"text":"Bienestar","link":"https:\/\/zeromagazine.mx\/index.php\/category\/lifestyle\/bienestar\/"},"img":{"alt_text":"","src":"https:\/\/i0.wp.com\/zeromagazinemx.wpcomstaging.com\/wp-content\/uploads\/2022\/02\/441b7-3-1.png?resize=350%2C200&ssl=1","width":350,"height":200,"srcset":"https:\/\/i0.wp.com\/zeromagazinemx.wpcomstaging.com\/wp-content\/uploads\/2022\/02\/441b7-3-1.png?resize=350%2C200&ssl=1 1x, https:\/\/i0.wp.com\/zeromagazinemx.wpcomstaging.com\/wp-content\/uploads\/2022\/02\/441b7-3-1.png?resize=525%2C300&ssl=1 1.5x, https:\/\/i0.wp.com\/zeromagazinemx.wpcomstaging.com\/wp-content\/uploads\/2022\/02\/441b7-3-1.png?resize=700%2C400&ssl=1 2x"},"classes":[]},{"id":55593,"url":"https:\/\/zeromagazine.mx\/index.php\/2021\/10\/07\/biopsia-de-prostata\/","url_meta":{"origin":101748,"position":3},"title":"BIOPSIA DE PR\u00d3STATA","author":"zeromagazinemx","date":"7 de octubre de 2021","format":false,"excerpt":"\u00bfQu\u00e9 es? Es un proceso que consiste en tomar muestras del tejido de la pr\u00f3stata que levanten sospecha de lesion. Esta gl\u00e1ndula tiene un tama\u00f1o peque\u00f1ito, tiene forma de una \u201cnuez\u201d que est\u00e1 en constante producci\u00f3n de un l\u00edquido que permte nutrir y transportar los espermas del var\u00f3n. Por Ver\u00f3nica\u2026","rel":"","context":"En \u00abBienestar\u00bb","block_context":{"text":"Bienestar","link":"https:\/\/zeromagazine.mx\/index.php\/category\/lifestyle\/bienestar\/"},"img":{"alt_text":"","src":"https:\/\/i0.wp.com\/zeromagazinemx.wpcomstaging.com\/wp-content\/uploads\/2022\/02\/5f1df-captura.png?resize=350%2C200&ssl=1","width":350,"height":200,"srcset":"https:\/\/i0.wp.com\/zeromagazinemx.wpcomstaging.com\/wp-content\/uploads\/2022\/02\/5f1df-captura.png?resize=350%2C200&ssl=1 1x, https:\/\/i0.wp.com\/zeromagazinemx.wpcomstaging.com\/wp-content\/uploads\/2022\/02\/5f1df-captura.png?resize=525%2C300&ssl=1 1.5x, https:\/\/i0.wp.com\/zeromagazinemx.wpcomstaging.com\/wp-content\/uploads\/2022\/02\/5f1df-captura.png?resize=700%2C400&ssl=1 2x"},"classes":[]},{"id":51938,"url":"https:\/\/zeromagazine.mx\/index.php\/2021\/08\/12\/clases-de-historia-del-director-marcelino-isla-hernandez-se-estrena-en-cines-el-9-de-septiembre-de-este-ano\/","url_meta":{"origin":101748,"position":4},"title":"\u201cClases de Historia\u201d del director Marcelino Isla Hern\u00e1ndez se estrena en cines el 9 de septiembre de este a\u00f1o","author":"zeromagazinemx","date":"12 de agosto de 2021","format":false,"excerpt":"Una nueva cinta mexicana protagonizada por Ver\u00f3nica Langer y Renata Vaca que ser\u00e1 estrenada en septiembre bajo la distribuci\u00f3n de Alfhaville Cinema. Por Moises Kushelevich En esta pel\u00edcula seguiremos la historia de Ver\u00f3nica, maestra de historia en una escuela secundaria y tiene c\u00e1ncer terminal. Su vida se vuelve mon\u00f3tona, con\u2026","rel":"","context":"En \u00abCine\u00bb","block_context":{"text":"Cine","link":"https:\/\/zeromagazine.mx\/index.php\/category\/entretenimiento\/cine\/"},"img":{"alt_text":"","src":"https:\/\/i0.wp.com\/img.youtube.com\/vi\/BAhE0khHWsI\/0.jpg?resize=350%2C200","width":350,"height":200},"classes":[]},{"id":53683,"url":"https:\/\/zeromagazine.mx\/index.php\/2021\/09\/04\/la-venganza-de-las-juanas-llega-a-netflix\/","url_meta":{"origin":101748,"position":5},"title":"La venganza de las Juanas llega a Netflix","author":"zeromagazinemx","date":"4 de septiembre de 2021","format":false,"excerpt":"Este 6 de octubre llega a Netflix \u201cLa venganza de las Juanas\u201d , inspirada en la novela colombiana Las Juanas. Photo by cottonbro on Pexels.com Por Mayra Torres. \u201cLa venganza de las Juanas\u201d es protagonizada por Juana Arias, Oka Giner, Renata Notni, Sofia Engberg y Zuria Vega junto a Carlos\u2026","rel":"","context":"En \u00abEntretenimiento\u00bb","block_context":{"text":"Entretenimiento","link":"https:\/\/zeromagazine.mx\/index.php\/category\/entretenimiento\/"},"img":{"alt_text":"","src":"","width":0,"height":0},"classes":[]}],"jetpack_sharing_enabled":true,"builder_content":"","_links":{"self":[{"href":"https:\/\/zeromagazine.mx\/index.php\/wp-json\/wp\/v2\/posts\/101748","targetHints":{"allow":["GET"]}}],"collection":[{"href":"https:\/\/zeromagazine.mx\/index.php\/wp-json\/wp\/v2\/posts"}],"about":[{"href":"https:\/\/zeromagazine.mx\/index.php\/wp-json\/wp\/v2\/types\/post"}],"author":[{"embeddable":true,"href":"https:\/\/zeromagazine.mx\/index.php\/wp-json\/wp\/v2\/users\/4"}],"replies":[{"embeddable":true,"href":"https:\/\/zeromagazine.mx\/index.php\/wp-json\/wp\/v2\/comments?post=101748"}],"version-history":[{"count":5,"href":"https:\/\/zeromagazine.mx\/index.php\/wp-json\/wp\/v2\/posts\/101748\/revisions"}],"predecessor-version":[{"id":101757,"href":"https:\/\/zeromagazine.mx\/index.php\/wp-json\/wp\/v2\/posts\/101748\/revisions\/101757"}],"wp:featuredmedia":[{"embeddable":true,"href":"https:\/\/zeromagazine.mx\/index.php\/wp-json\/wp\/v2\/media\/101753"}],"wp:attachment":[{"href":"https:\/\/zeromagazine.mx\/index.php\/wp-json\/wp\/v2\/media?parent=101748"}],"wp:term":[{"taxonomy":"category","embeddable":true,"href":"https:\/\/zeromagazine.mx\/index.php\/wp-json\/wp\/v2\/categories?post=101748"},{"taxonomy":"post_tag","embeddable":true,"href":"https:\/\/zeromagazine.mx\/index.php\/wp-json\/wp\/v2\/tags?post=101748"}],"curies":[{"name":"wp","href":"https:\/\/api.w.org\/{rel}","templated":true}]}}