{"id":102501,"date":"2025-04-25T11:44:53","date_gmt":"2025-04-25T17:44:53","guid":{"rendered":"https:\/\/zeromagazine.mx\/?p=102501"},"modified":"2025-04-25T11:44:55","modified_gmt":"2025-04-25T17:44:55","slug":"volvo-fashion-week-mexico","status":"publish","type":"post","link":"https:\/\/zeromagazine.mx\/index.php\/2025\/04\/25\/volvo-fashion-week-mexico\/","title":{"rendered":"Volvo Fashion Week M\u00e9xico"},"content":{"rendered":"<p>Amix, ya no estamos para aplaudir modas que solo brillan en la superficie. Este 2025, la <strong>Volvo Fashion Week M\u00e9xico<\/strong> viene a demostrar que el glamour tambi\u00e9n puede tener prop\u00f3sito. Pues del <strong>6 al 9 de mayo<\/strong>, la CDMX se convierte en el epicentro de una nueva era para la industria creativa nacional. Y s\u00ed, estamos hablando de una edici\u00f3n que propone <strong>moda con sentido<\/strong>, con propuestas que mezclan est\u00e9tica, comunidad y responsabilidad real.<\/p>\n\n\n\n<p>Porque ya no basta con \u201cverse bien\u201d, ahora se trata de caminar con intenci\u00f3n, estilo y conciencia. Y esta semana, la moda mexicana nos va a recordar justo eso. Y es por eso que en este art\u00edculo hablaremos del<strong> Volvo Fashion Week <\/strong>que se viene con todo.<\/p>\n\n\n\n<h3 class=\"wp-block-heading\">Lead the way<\/h3>\n\n\n\n<figure class=\"wp-block-embed is-type-video is-provider-youtube wp-block-embed-youtube wp-embed-aspect-16-9 wp-has-aspect-ratio\"><div class=\"wp-block-embed__wrapper\">\n<div class=\"post-video\"><iframe title=\"VOLVO FASHION WEEK M\u00c9XICO\" width=\"1165\" height=\"655\" src=\"https:\/\/www.youtube.com\/embed\/Ry42XfcYWo4?feature=oembed\" frameborder=\"0\" allow=\"accelerometer; autoplay; clipboard-write; encrypted-media; gyroscope; picture-in-picture; web-share\" referrerpolicy=\"strict-origin-when-cross-origin\" allowfullscreen><\/iframe><\/div>\n<\/div><\/figure>\n\n\n\n<p>Adem\u00e1s, la campa\u00f1a de lanzamiento no es cualquier cosa. Est\u00e1 protagonizada por <strong>Alberto Guerra<\/strong>, actor y embajador de Volvo, e <strong>Isabeli Fontana<\/strong>, modelo global que sabe lo que es mover el fashion game. Juntes, le ponen cara a una narrativa que no solo se ve preciosa, tambi\u00e9n nos habla de romper moldes, colaborar y construir un entorno m\u00e1s humano dentro de la moda.<\/p>\n\n\n\n<p>Tambi\u00e9n, el lema <strong>\u201cLead the Way\u201d<\/strong> no se queda en un hashtag bonito. Es una llamada a la acci\u00f3n. <strong>Volvo y Fashion Week M\u00e9xico<\/strong> est\u00e1n dejando claro que quieren impulsar un futuro m\u00e1s responsable, desde lo creativo hasta lo estructural.<\/p>\n\n\n\n<script async src=\"https:\/\/pagead2.googlesyndication.com\/pagead\/js\/adsbygoogle.js?client=ca-pub-5499304793904745\"\n     crossorigin=\"anonymous\"><\/script>\n<ins class=\"adsbygoogle\"\n     style=\"display:block; text-align:center;\"\n     data-ad-layout=\"in-article\"\n     data-ad-format=\"fluid\"\n     data-ad-client=\"ca-pub-5499304793904745\"\n     data-ad-slot=\"5994863093\"><\/ins>\n<script>\n     (adsbygoogle = window.adsbygoogle || []).push({});\n<\/script>\n\n\n\n<h3 class=\"wp-block-heading\">Talento nacional en primer plano<\/h3>\n\n\n<div class=\"wp-block-image\">\n<figure class=\"aligncenter size-large\"><img data-recalc-dims=\"1\" decoding=\"async\" width=\"1024\" height=\"683\" src=\"https:\/\/i0.wp.com\/zeromagazine.mx\/wp-content\/uploads\/2025\/04\/RAW-403-copy-1024x683.jpg?resize=1024%2C683&#038;ssl=1\" alt=\"\" class=\"wp-image-102502\" srcset=\"https:\/\/i0.wp.com\/zeromagazine.mx\/wp-content\/uploads\/2025\/04\/RAW-403-copy-scaled.jpg?resize=1024%2C683&amp;ssl=1 1024w, https:\/\/i0.wp.com\/zeromagazine.mx\/wp-content\/uploads\/2025\/04\/RAW-403-copy-scaled.jpg?resize=300%2C200&amp;ssl=1 300w, https:\/\/i0.wp.com\/zeromagazine.mx\/wp-content\/uploads\/2025\/04\/RAW-403-copy-scaled.jpg?resize=768%2C512&amp;ssl=1 768w, https:\/\/i0.wp.com\/zeromagazine.mx\/wp-content\/uploads\/2025\/04\/RAW-403-copy-scaled.jpg?resize=1536%2C1025&amp;ssl=1 1536w, https:\/\/i0.wp.com\/zeromagazine.mx\/wp-content\/uploads\/2025\/04\/RAW-403-copy-scaled.jpg?resize=2048%2C1366&amp;ssl=1 2048w, https:\/\/i0.wp.com\/zeromagazine.mx\/wp-content\/uploads\/2025\/04\/RAW-403-copy-scaled.jpg?w=2330 2330w\" sizes=\"(max-width: 1024px) 100vw, 1024px\" \/><\/figure>\n<\/div>\n\n\n<p>Asimismo, esta edici\u00f3n presentar\u00e1 <strong>12 nuevas propuestas<\/strong> que no solo marcan tendencia, sino que reafirman el poder creativo mexicano. Cada desfile ser\u00e1 una plataforma para visibilizar las voces que est\u00e1n cambiando la moda desde adentro, con tejidos que cuentan historias, siluetas que empoderan y conceptos que trascienden.<\/p>\n\n\n\n<p>Y s\u00ed, todo esto desde un venue espectacular: el <strong>Four Seasons Mexico City<\/strong>, donde cada foto y cada look se volver\u00e1n parte del nuevo archivo visual de la moda nacional.<\/p>\n\n\n\n<script async src=\"https:\/\/pagead2.googlesyndication.com\/pagead\/js\/adsbygoogle.js?client=ca-pub-5499304793904745\"\n     crossorigin=\"anonymous\"><\/script>\n<ins class=\"adsbygoogle\"\n     style=\"display:block; text-align:center;\"\n     data-ad-layout=\"in-article\"\n     data-ad-format=\"fluid\"\n     data-ad-client=\"ca-pub-5499304793904745\"\n     data-ad-slot=\"5994863093\"><\/ins>\n<script>\n     (adsbygoogle = window.adsbygoogle || []).push({});\n<\/script>\n\n\n\n<h3 class=\"wp-block-heading\">Un futuro m\u00e1s vestible<\/h3>\n\n\n<div class=\"wp-block-image\">\n<figure class=\"aligncenter size-large\"><img data-recalc-dims=\"1\" decoding=\"async\" width=\"1024\" height=\"683\" src=\"https:\/\/i0.wp.com\/zeromagazine.mx\/wp-content\/uploads\/2025\/04\/tempImageLe1uxM-1024x683.jpg?resize=1024%2C683\" alt=\"\" class=\"wp-image-102503\" srcset=\"https:\/\/i0.wp.com\/zeromagazine.mx\/wp-content\/uploads\/2025\/04\/tempImageLe1uxM-scaled.jpg?resize=1024%2C683&amp;ssl=1 1024w, https:\/\/i0.wp.com\/zeromagazine.mx\/wp-content\/uploads\/2025\/04\/tempImageLe1uxM-scaled.jpg?resize=300%2C200&amp;ssl=1 300w, https:\/\/i0.wp.com\/zeromagazine.mx\/wp-content\/uploads\/2025\/04\/tempImageLe1uxM-scaled.jpg?resize=768%2C512&amp;ssl=1 768w, https:\/\/i0.wp.com\/zeromagazine.mx\/wp-content\/uploads\/2025\/04\/tempImageLe1uxM-scaled.jpg?resize=1536%2C1024&amp;ssl=1 1536w, https:\/\/i0.wp.com\/zeromagazine.mx\/wp-content\/uploads\/2025\/04\/tempImageLe1uxM-scaled.jpg?resize=2048%2C1365&amp;ssl=1 2048w, https:\/\/i0.wp.com\/zeromagazine.mx\/wp-content\/uploads\/2025\/04\/tempImageLe1uxM-scaled.jpg?w=2330 2330w\" sizes=\"(max-width: 1024px) 100vw, 1024px\" \/><\/figure>\n<\/div>\n\n\n<p>Finalmente, la <strong>Volvo Fashion Week M\u00e9xico 2025<\/strong> no es solo un evento de temporada. Es un statement colectivo que dice: s\u00ed, se puede hacer <strong>moda con sentido<\/strong>, sin sacrificar belleza ni creatividad. Es un espacio donde el dise\u00f1o dialoga con el cambio, donde la ropa se convierte en herramienta, en expresi\u00f3n y en resistencia.<\/p>\n\n\n\n<p>As\u00ed que si t\u00fa tambi\u00e9n quieres inspirarte y ver lo que se viene fuerte en moda nacional, mantente al pendiente en<a href=\"https:\/\/www.instagram.com\/fashionweekmx\/\"> fashionweek.mx<\/a> Porque lo que se va a vivir esta semana es un mood, un statement y una celebraci\u00f3n.<\/p>\n\n\n\n<script async src=\"https:\/\/pagead2.googlesyndication.com\/pagead\/js\/adsbygoogle.js?client=ca-pub-5499304793904745\"\n     crossorigin=\"anonymous\"><\/script>\n<ins class=\"adsbygoogle\"\n     style=\"display:block; text-align:center;\"\n     data-ad-layout=\"in-article\"\n     data-ad-format=\"fluid\"\n     data-ad-client=\"ca-pub-5499304793904745\"\n     data-ad-slot=\"5994863093\"><\/ins>\n<script>\n     (adsbygoogle = window.adsbygoogle || []).push({});\n<\/script>\n\n<!--themify_builder_content-->\n<div id=\"themify_builder_content-102501\" data-postid=\"102501\" class=\"themify_builder_content themify_builder_content-102501 themify_builder tf_clear\">\n    <\/div>\n<!--\/themify_builder_content-->","protected":false},"excerpt":{"rendered":"<p>Amix, ya no estamos para aplaudir modas que solo brillan en la superficie. Este 2025, la Volvo Fashion Week M\u00e9xico viene a demostrar que el glamour tambi\u00e9n puede tener prop\u00f3sito. Pues del 6 al 9 de mayo, la CDMX se convierte en el epicentro de una nueva era para la industria creativa nacional. Y s\u00ed, [&hellip;]<\/p>\n","protected":false},"author":4,"featured_media":102504,"comment_status":"open","ping_status":"open","sticky":false,"template":"","format":"standard","meta":{"_jetpack_memberships_contains_paid_content":false,"footnotes":"","jetpack_publicize_message":"","jetpack_publicize_feature_enabled":true,"jetpack_social_post_already_shared":true,"jetpack_social_options":{"image_generator_settings":{"template":"highway","default_image_id":0,"font":"","enabled":false},"version":2}},"categories":[67],"tags":[13472,13473,6679,13471],"class_list":["post-102501","post","type-post","status-publish","format-standard","has-post-thumbnail","hentry","category-moda","tag-alberto-guerra","tag-isabeli-fontana","tag-mexico-3","tag-volvo-fashion-week","has-post-title","has-post-date","has-post-category","has-post-tag","has-post-comment","has-post-author",""],"yoast_head":"<!-- This site is optimized with the Yoast SEO plugin v27.5 - https:\/\/yoast.com\/product\/yoast-seo-wordpress\/ -->\n<title>Volvo Fashion Week M\u00e9xico - Zero Magazine<\/title>\n<meta name=\"description\" content=\"El pr\u00f3ximo 6 al 9 de mayo se llevara a cabo el Volvo Fashion Week en M\u00e9xico, es decir una semana de moda bajo el patrocinio de Volvo\" \/>\n<meta name=\"robots\" content=\"index, follow, max-snippet:-1, max-image-preview:large, max-video-preview:-1\" \/>\n<link rel=\"canonical\" href=\"https:\/\/zeromagazine.mx\/index.php\/2025\/04\/25\/volvo-fashion-week-mexico\/\" \/>\n<meta property=\"og:locale\" content=\"es_ES\" \/>\n<meta property=\"og:type\" content=\"article\" \/>\n<meta property=\"og:title\" content=\"Volvo Fashion Week M\u00e9xico - Zero Magazine\" \/>\n<meta property=\"og:description\" content=\"El pr\u00f3ximo 6 al 9 de mayo se llevara a cabo el Volvo Fashion Week en M\u00e9xico, es decir una semana de moda bajo el patrocinio de Volvo\" \/>\n<meta property=\"og:url\" content=\"https:\/\/zeromagazine.mx\/index.php\/2025\/04\/25\/volvo-fashion-week-mexico\/\" \/>\n<meta property=\"og:site_name\" content=\"Zero Magazine\" \/>\n<meta property=\"article:published_time\" content=\"2025-04-25T17:44:53+00:00\" \/>\n<meta property=\"article:modified_time\" content=\"2025-04-25T17:44:55+00:00\" \/>\n<meta name=\"author\" content=\"David Morales\" \/>\n<meta name=\"twitter:card\" content=\"summary_large_image\" \/>\n<meta name=\"twitter:label1\" content=\"Escrito por\" \/>\n\t<meta name=\"twitter:data1\" content=\"David Morales\" \/>\n\t<meta name=\"twitter:label2\" content=\"Tiempo de lectura\" \/>\n\t<meta name=\"twitter:data2\" content=\"3 minutos\" \/>\n<script type=\"application\/ld+json\" class=\"yoast-schema-graph\">{\"@context\":\"https:\\\/\\\/schema.org\",\"@graph\":[{\"@type\":\"Article\",\"@id\":\"https:\\\/\\\/zeromagazine.mx\\\/index.php\\\/2025\\\/04\\\/25\\\/volvo-fashion-week-mexico\\\/#article\",\"isPartOf\":{\"@id\":\"https:\\\/\\\/zeromagazine.mx\\\/index.php\\\/2025\\\/04\\\/25\\\/volvo-fashion-week-mexico\\\/\"},\"author\":{\"name\":\"David Morales\",\"@id\":\"https:\\\/\\\/zeromagazine.mx\\\/#\\\/schema\\\/person\\\/9f7f1a17c60ba8e9980e3e6677aabe5a\"},\"headline\":\"Volvo Fashion Week M\u00e9xico\",\"datePublished\":\"2025-04-25T17:44:53+00:00\",\"dateModified\":\"2025-04-25T17:44:55+00:00\",\"mainEntityOfPage\":{\"@id\":\"https:\\\/\\\/zeromagazine.mx\\\/index.php\\\/2025\\\/04\\\/25\\\/volvo-fashion-week-mexico\\\/\"},\"wordCount\":440,\"commentCount\":0,\"publisher\":{\"@id\":\"https:\\\/\\\/zeromagazine.mx\\\/#organization\"},\"image\":{\"@id\":\"https:\\\/\\\/zeromagazine.mx\\\/index.php\\\/2025\\\/04\\\/25\\\/volvo-fashion-week-mexico\\\/#primaryimage\"},\"thumbnailUrl\":\"https:\\\/\\\/i0.wp.com\\\/zeromagazine.mx\\\/wp-content\\\/uploads\\\/2025\\\/04\\\/tempImageoBLBbw-scaled.jpg?fit=2560%2C1707&ssl=1\",\"keywords\":[\"Alberto Guerra\",\"Isabeli Fontana\",\"M\u00e9xico\",\"Volvo Fashion Week\"],\"articleSection\":[\"Moda\"],\"inLanguage\":\"es\",\"potentialAction\":[{\"@type\":\"CommentAction\",\"name\":\"Comment\",\"target\":[\"https:\\\/\\\/zeromagazine.mx\\\/index.php\\\/2025\\\/04\\\/25\\\/volvo-fashion-week-mexico\\\/#respond\"]}]},{\"@type\":\"WebPage\",\"@id\":\"https:\\\/\\\/zeromagazine.mx\\\/index.php\\\/2025\\\/04\\\/25\\\/volvo-fashion-week-mexico\\\/\",\"url\":\"https:\\\/\\\/zeromagazine.mx\\\/index.php\\\/2025\\\/04\\\/25\\\/volvo-fashion-week-mexico\\\/\",\"name\":\"Volvo Fashion Week M\u00e9xico - Zero Magazine\",\"isPartOf\":{\"@id\":\"https:\\\/\\\/zeromagazine.mx\\\/#website\"},\"primaryImageOfPage\":{\"@id\":\"https:\\\/\\\/zeromagazine.mx\\\/index.php\\\/2025\\\/04\\\/25\\\/volvo-fashion-week-mexico\\\/#primaryimage\"},\"image\":{\"@id\":\"https:\\\/\\\/zeromagazine.mx\\\/index.php\\\/2025\\\/04\\\/25\\\/volvo-fashion-week-mexico\\\/#primaryimage\"},\"thumbnailUrl\":\"https:\\\/\\\/i0.wp.com\\\/zeromagazine.mx\\\/wp-content\\\/uploads\\\/2025\\\/04\\\/tempImageoBLBbw-scaled.jpg?fit=2560%2C1707&ssl=1\",\"datePublished\":\"2025-04-25T17:44:53+00:00\",\"dateModified\":\"2025-04-25T17:44:55+00:00\",\"description\":\"El pr\u00f3ximo 6 al 9 de mayo se llevara a cabo el Volvo Fashion Week en M\u00e9xico, es decir una semana de moda bajo el patrocinio de Volvo\",\"breadcrumb\":{\"@id\":\"https:\\\/\\\/zeromagazine.mx\\\/index.php\\\/2025\\\/04\\\/25\\\/volvo-fashion-week-mexico\\\/#breadcrumb\"},\"inLanguage\":\"es\",\"potentialAction\":[{\"@type\":\"ReadAction\",\"target\":[\"https:\\\/\\\/zeromagazine.mx\\\/index.php\\\/2025\\\/04\\\/25\\\/volvo-fashion-week-mexico\\\/\"]}]},{\"@type\":\"ImageObject\",\"inLanguage\":\"es\",\"@id\":\"https:\\\/\\\/zeromagazine.mx\\\/index.php\\\/2025\\\/04\\\/25\\\/volvo-fashion-week-mexico\\\/#primaryimage\",\"url\":\"https:\\\/\\\/i0.wp.com\\\/zeromagazine.mx\\\/wp-content\\\/uploads\\\/2025\\\/04\\\/tempImageoBLBbw-scaled.jpg?fit=2560%2C1707&ssl=1\",\"contentUrl\":\"https:\\\/\\\/i0.wp.com\\\/zeromagazine.mx\\\/wp-content\\\/uploads\\\/2025\\\/04\\\/tempImageoBLBbw-scaled.jpg?fit=2560%2C1707&ssl=1\",\"width\":2560,\"height\":1707},{\"@type\":\"BreadcrumbList\",\"@id\":\"https:\\\/\\\/zeromagazine.mx\\\/index.php\\\/2025\\\/04\\\/25\\\/volvo-fashion-week-mexico\\\/#breadcrumb\",\"itemListElement\":[{\"@type\":\"ListItem\",\"position\":1,\"name\":\"Portada\",\"item\":\"https:\\\/\\\/zeromagazine.mx\\\/\"},{\"@type\":\"ListItem\",\"position\":2,\"name\":\"Volvo Fashion Week M\u00e9xico\"}]},{\"@type\":\"WebSite\",\"@id\":\"https:\\\/\\\/zeromagazine.mx\\\/#website\",\"url\":\"https:\\\/\\\/zeromagazine.mx\\\/\",\"name\":\"Zero Magazine\",\"description\":\"\",\"publisher\":{\"@id\":\"https:\\\/\\\/zeromagazine.mx\\\/#organization\"},\"potentialAction\":[{\"@type\":\"SearchAction\",\"target\":{\"@type\":\"EntryPoint\",\"urlTemplate\":\"https:\\\/\\\/zeromagazine.mx\\\/?s={search_term_string}\"},\"query-input\":{\"@type\":\"PropertyValueSpecification\",\"valueRequired\":true,\"valueName\":\"search_term_string\"}}],\"inLanguage\":\"es\"},{\"@type\":\"Organization\",\"@id\":\"https:\\\/\\\/zeromagazine.mx\\\/#organization\",\"name\":\"Zero Magazine\",\"url\":\"https:\\\/\\\/zeromagazine.mx\\\/\",\"logo\":{\"@type\":\"ImageObject\",\"inLanguage\":\"es\",\"@id\":\"https:\\\/\\\/zeromagazine.mx\\\/#\\\/schema\\\/logo\\\/image\\\/\",\"url\":\"https:\\\/\\\/i0.wp.com\\\/zeromagazine.mx\\\/wp-content\\\/uploads\\\/2025\\\/11\\\/1.jpeg?fit=1000%2C1000&ssl=1\",\"contentUrl\":\"https:\\\/\\\/i0.wp.com\\\/zeromagazine.mx\\\/wp-content\\\/uploads\\\/2025\\\/11\\\/1.jpeg?fit=1000%2C1000&ssl=1\",\"width\":1000,\"height\":1000,\"caption\":\"Zero Magazine\"},\"image\":{\"@id\":\"https:\\\/\\\/zeromagazine.mx\\\/#\\\/schema\\\/logo\\\/image\\\/\"},\"sameAs\":[\"https:\\\/\\\/instagram.com\\\/zeromagazinemx\"]},{\"@type\":\"Person\",\"@id\":\"https:\\\/\\\/zeromagazine.mx\\\/#\\\/schema\\\/person\\\/9f7f1a17c60ba8e9980e3e6677aabe5a\",\"name\":\"David Morales\",\"image\":{\"@type\":\"ImageObject\",\"inLanguage\":\"es\",\"@id\":\"https:\\\/\\\/zeromagazine.mx\\\/wp-content\\\/litespeed\\\/avatar\\\/76069d2136bfc1c37dc34815bb67ca42.jpg?ver=1777571067\",\"url\":\"https:\\\/\\\/zeromagazine.mx\\\/wp-content\\\/litespeed\\\/avatar\\\/76069d2136bfc1c37dc34815bb67ca42.jpg?ver=1777571067\",\"contentUrl\":\"https:\\\/\\\/zeromagazine.mx\\\/wp-content\\\/litespeed\\\/avatar\\\/76069d2136bfc1c37dc34815bb67ca42.jpg?ver=1777571067\",\"caption\":\"David Morales\"},\"url\":\"https:\\\/\\\/zeromagazine.mx\\\/index.php\\\/author\\\/david\\\/\"}]}<\/script>\n<!-- \/ Yoast SEO plugin. -->","yoast_head_json":{"title":"Volvo Fashion Week M\u00e9xico - Zero Magazine","description":"El pr\u00f3ximo 6 al 9 de mayo se llevara a cabo el Volvo Fashion Week en M\u00e9xico, es decir una semana de moda bajo el patrocinio de Volvo","robots":{"index":"index","follow":"follow","max-snippet":"max-snippet:-1","max-image-preview":"max-image-preview:large","max-video-preview":"max-video-preview:-1"},"canonical":"https:\/\/zeromagazine.mx\/index.php\/2025\/04\/25\/volvo-fashion-week-mexico\/","og_locale":"es_ES","og_type":"article","og_title":"Volvo Fashion Week M\u00e9xico - Zero Magazine","og_description":"El pr\u00f3ximo 6 al 9 de mayo se llevara a cabo el Volvo Fashion Week en M\u00e9xico, es decir una semana de moda bajo el patrocinio de Volvo","og_url":"https:\/\/zeromagazine.mx\/index.php\/2025\/04\/25\/volvo-fashion-week-mexico\/","og_site_name":"Zero Magazine","article_published_time":"2025-04-25T17:44:53+00:00","article_modified_time":"2025-04-25T17:44:55+00:00","author":"David Morales","twitter_card":"summary_large_image","twitter_misc":{"Escrito por":"David Morales","Tiempo de lectura":"3 minutos"},"schema":{"@context":"https:\/\/schema.org","@graph":[{"@type":"Article","@id":"https:\/\/zeromagazine.mx\/index.php\/2025\/04\/25\/volvo-fashion-week-mexico\/#article","isPartOf":{"@id":"https:\/\/zeromagazine.mx\/index.php\/2025\/04\/25\/volvo-fashion-week-mexico\/"},"author":{"name":"David Morales","@id":"https:\/\/zeromagazine.mx\/#\/schema\/person\/9f7f1a17c60ba8e9980e3e6677aabe5a"},"headline":"Volvo Fashion Week M\u00e9xico","datePublished":"2025-04-25T17:44:53+00:00","dateModified":"2025-04-25T17:44:55+00:00","mainEntityOfPage":{"@id":"https:\/\/zeromagazine.mx\/index.php\/2025\/04\/25\/volvo-fashion-week-mexico\/"},"wordCount":440,"commentCount":0,"publisher":{"@id":"https:\/\/zeromagazine.mx\/#organization"},"image":{"@id":"https:\/\/zeromagazine.mx\/index.php\/2025\/04\/25\/volvo-fashion-week-mexico\/#primaryimage"},"thumbnailUrl":"https:\/\/i0.wp.com\/zeromagazine.mx\/wp-content\/uploads\/2025\/04\/tempImageoBLBbw-scaled.jpg?fit=2560%2C1707&ssl=1","keywords":["Alberto Guerra","Isabeli Fontana","M\u00e9xico","Volvo Fashion Week"],"articleSection":["Moda"],"inLanguage":"es","potentialAction":[{"@type":"CommentAction","name":"Comment","target":["https:\/\/zeromagazine.mx\/index.php\/2025\/04\/25\/volvo-fashion-week-mexico\/#respond"]}]},{"@type":"WebPage","@id":"https:\/\/zeromagazine.mx\/index.php\/2025\/04\/25\/volvo-fashion-week-mexico\/","url":"https:\/\/zeromagazine.mx\/index.php\/2025\/04\/25\/volvo-fashion-week-mexico\/","name":"Volvo Fashion Week M\u00e9xico - Zero Magazine","isPartOf":{"@id":"https:\/\/zeromagazine.mx\/#website"},"primaryImageOfPage":{"@id":"https:\/\/zeromagazine.mx\/index.php\/2025\/04\/25\/volvo-fashion-week-mexico\/#primaryimage"},"image":{"@id":"https:\/\/zeromagazine.mx\/index.php\/2025\/04\/25\/volvo-fashion-week-mexico\/#primaryimage"},"thumbnailUrl":"https:\/\/i0.wp.com\/zeromagazine.mx\/wp-content\/uploads\/2025\/04\/tempImageoBLBbw-scaled.jpg?fit=2560%2C1707&ssl=1","datePublished":"2025-04-25T17:44:53+00:00","dateModified":"2025-04-25T17:44:55+00:00","description":"El pr\u00f3ximo 6 al 9 de mayo se llevara a cabo el Volvo Fashion Week en M\u00e9xico, es decir una semana de moda bajo el patrocinio de Volvo","breadcrumb":{"@id":"https:\/\/zeromagazine.mx\/index.php\/2025\/04\/25\/volvo-fashion-week-mexico\/#breadcrumb"},"inLanguage":"es","potentialAction":[{"@type":"ReadAction","target":["https:\/\/zeromagazine.mx\/index.php\/2025\/04\/25\/volvo-fashion-week-mexico\/"]}]},{"@type":"ImageObject","inLanguage":"es","@id":"https:\/\/zeromagazine.mx\/index.php\/2025\/04\/25\/volvo-fashion-week-mexico\/#primaryimage","url":"https:\/\/i0.wp.com\/zeromagazine.mx\/wp-content\/uploads\/2025\/04\/tempImageoBLBbw-scaled.jpg?fit=2560%2C1707&ssl=1","contentUrl":"https:\/\/i0.wp.com\/zeromagazine.mx\/wp-content\/uploads\/2025\/04\/tempImageoBLBbw-scaled.jpg?fit=2560%2C1707&ssl=1","width":2560,"height":1707},{"@type":"BreadcrumbList","@id":"https:\/\/zeromagazine.mx\/index.php\/2025\/04\/25\/volvo-fashion-week-mexico\/#breadcrumb","itemListElement":[{"@type":"ListItem","position":1,"name":"Portada","item":"https:\/\/zeromagazine.mx\/"},{"@type":"ListItem","position":2,"name":"Volvo Fashion Week M\u00e9xico"}]},{"@type":"WebSite","@id":"https:\/\/zeromagazine.mx\/#website","url":"https:\/\/zeromagazine.mx\/","name":"Zero Magazine","description":"","publisher":{"@id":"https:\/\/zeromagazine.mx\/#organization"},"potentialAction":[{"@type":"SearchAction","target":{"@type":"EntryPoint","urlTemplate":"https:\/\/zeromagazine.mx\/?s={search_term_string}"},"query-input":{"@type":"PropertyValueSpecification","valueRequired":true,"valueName":"search_term_string"}}],"inLanguage":"es"},{"@type":"Organization","@id":"https:\/\/zeromagazine.mx\/#organization","name":"Zero Magazine","url":"https:\/\/zeromagazine.mx\/","logo":{"@type":"ImageObject","inLanguage":"es","@id":"https:\/\/zeromagazine.mx\/#\/schema\/logo\/image\/","url":"https:\/\/i0.wp.com\/zeromagazine.mx\/wp-content\/uploads\/2025\/11\/1.jpeg?fit=1000%2C1000&ssl=1","contentUrl":"https:\/\/i0.wp.com\/zeromagazine.mx\/wp-content\/uploads\/2025\/11\/1.jpeg?fit=1000%2C1000&ssl=1","width":1000,"height":1000,"caption":"Zero Magazine"},"image":{"@id":"https:\/\/zeromagazine.mx\/#\/schema\/logo\/image\/"},"sameAs":["https:\/\/instagram.com\/zeromagazinemx"]},{"@type":"Person","@id":"https:\/\/zeromagazine.mx\/#\/schema\/person\/9f7f1a17c60ba8e9980e3e6677aabe5a","name":"David Morales","image":{"@type":"ImageObject","inLanguage":"es","@id":"https:\/\/zeromagazine.mx\/wp-content\/litespeed\/avatar\/76069d2136bfc1c37dc34815bb67ca42.jpg?ver=1777571067","url":"https:\/\/zeromagazine.mx\/wp-content\/litespeed\/avatar\/76069d2136bfc1c37dc34815bb67ca42.jpg?ver=1777571067","contentUrl":"https:\/\/zeromagazine.mx\/wp-content\/litespeed\/avatar\/76069d2136bfc1c37dc34815bb67ca42.jpg?ver=1777571067","caption":"David Morales"},"url":"https:\/\/zeromagazine.mx\/index.php\/author\/david\/"}]}},"jetpack_publicize_connections":[],"jetpack_featured_media_url":"https:\/\/i0.wp.com\/zeromagazine.mx\/wp-content\/uploads\/2025\/04\/tempImageoBLBbw-scaled.jpg?fit=2560%2C1707&ssl=1","jetpack-related-posts":[{"id":100831,"url":"https:\/\/zeromagazine.mx\/index.php\/2025\/04\/09\/volvo-fashion-week\/","url_meta":{"origin":102501,"position":0},"title":"Volvo &amp; Fashion Week","author":"David Morales","date":"9 de abril de 2025","format":false,"excerpt":"Amix, \u00bfcu\u00e1ndo fue la \u00faltima vez que pensaste que un coche pod\u00eda estar en la misma pasarela que un vestido de dise\u00f1ador? Pues prep\u00e1rate, porque Volvo Car M\u00e9xico y Fashion Week M\u00e9xico se unieron en una alianza que no solo es inesperada\u2026 es necesaria. Esta colaboraci\u00f3n marca el inicio de\u2026","rel":"","context":"En \u00abBlog\u00bb","block_context":{"text":"Blog","link":"https:\/\/zeromagazine.mx\/index.php\/category\/blog\/"},"img":{"alt_text":"","src":"https:\/\/i0.wp.com\/zeromagazine.mx\/wp-content\/uploads\/2025\/04\/tempImagerL2JDf.jpg?fit=1200%2C675&ssl=1&resize=350%2C200","width":350,"height":200,"srcset":"https:\/\/i0.wp.com\/zeromagazine.mx\/wp-content\/uploads\/2025\/04\/tempImagerL2JDf.jpg?fit=1200%2C675&ssl=1&resize=350%2C200 1x, https:\/\/i0.wp.com\/zeromagazine.mx\/wp-content\/uploads\/2025\/04\/tempImagerL2JDf.jpg?fit=1200%2C675&ssl=1&resize=525%2C300 1.5x, https:\/\/i0.wp.com\/zeromagazine.mx\/wp-content\/uploads\/2025\/04\/tempImagerL2JDf.jpg?fit=1200%2C675&ssl=1&resize=700%2C400 2x, https:\/\/i0.wp.com\/zeromagazine.mx\/wp-content\/uploads\/2025\/04\/tempImagerL2JDf.jpg?fit=1200%2C675&ssl=1&resize=1050%2C600 3x"},"classes":[]},{"id":117152,"url":"https:\/\/zeromagazine.mx\/index.php\/2026\/03\/23\/volvo-fashion-week-mexico-guadalajara-2026\/","url_meta":{"origin":102501,"position":1},"title":"Volvo Fashion Week M\u00e9xico vibra","author":"Luis Trujano","date":"23 de marzo de 2026","format":false,"excerpt":"La moda en M\u00e9xico est\u00e1 teniendo un momento, y no es casualidad. Volvo Fashion Week M\u00e9xico est\u00e1 llevando todo a otro nivel al aterrizar en Guadalajara, convirtiendo la ciudad en un hotspot creativo donde el dise\u00f1o, la cultura y el turismo se mezclan de forma muy real. Adem\u00e1s, no se\u2026","rel":"","context":"En \u00abModa\u00bb","block_context":{"text":"Moda","link":"https:\/\/zeromagazine.mx\/index.php\/category\/moda\/"},"img":{"alt_text":"","src":"https:\/\/i0.wp.com\/zeromagazine.mx\/wp-content\/uploads\/2026\/03\/IMG_6579.jpeg?fit=1200%2C800&ssl=1&resize=350%2C200","width":350,"height":200,"srcset":"https:\/\/i0.wp.com\/zeromagazine.mx\/wp-content\/uploads\/2026\/03\/IMG_6579.jpeg?fit=1200%2C800&ssl=1&resize=350%2C200 1x, https:\/\/i0.wp.com\/zeromagazine.mx\/wp-content\/uploads\/2026\/03\/IMG_6579.jpeg?fit=1200%2C800&ssl=1&resize=525%2C300 1.5x, https:\/\/i0.wp.com\/zeromagazine.mx\/wp-content\/uploads\/2026\/03\/IMG_6579.jpeg?fit=1200%2C800&ssl=1&resize=700%2C400 2x, https:\/\/i0.wp.com\/zeromagazine.mx\/wp-content\/uploads\/2026\/03\/IMG_6579.jpeg?fit=1200%2C800&ssl=1&resize=1050%2C600 3x"},"classes":[]},{"id":117164,"url":"https:\/\/zeromagazine.mx\/index.php\/2026\/03\/23\/volvo-fashion-week-mexico-enciende-guadalajara\/","url_meta":{"origin":102501,"position":2},"title":"Volvo Fashion Week M\u00e9xico enciende Guadalajara","author":"Luis Trujano","date":"23 de marzo de 2026","format":false,"excerpt":"La moda mexicana est\u00e1 entrando en una nueva era, y Volvo Fashion Week M\u00e9xico lo est\u00e1 dejando clar\u00edsimo. Esta vez, el epicentro no es Ciudad de M\u00e9xico, sino Guadalajara, que del 14 al 17 de abril se convierte en el punto de encuentro donde dise\u00f1o, cultura y turismo se mezclan\u2026","rel":"","context":"En \u00abBlog\u00bb","block_context":{"text":"Blog","link":"https:\/\/zeromagazine.mx\/index.php\/category\/blog\/"},"img":{"alt_text":"","src":"https:\/\/i0.wp.com\/zeromagazine.mx\/wp-content\/uploads\/2026\/03\/IMG_6579-2.jpeg?fit=1200%2C800&ssl=1&resize=350%2C200","width":350,"height":200,"srcset":"https:\/\/i0.wp.com\/zeromagazine.mx\/wp-content\/uploads\/2026\/03\/IMG_6579-2.jpeg?fit=1200%2C800&ssl=1&resize=350%2C200 1x, https:\/\/i0.wp.com\/zeromagazine.mx\/wp-content\/uploads\/2026\/03\/IMG_6579-2.jpeg?fit=1200%2C800&ssl=1&resize=525%2C300 1.5x, https:\/\/i0.wp.com\/zeromagazine.mx\/wp-content\/uploads\/2026\/03\/IMG_6579-2.jpeg?fit=1200%2C800&ssl=1&resize=700%2C400 2x, https:\/\/i0.wp.com\/zeromagazine.mx\/wp-content\/uploads\/2026\/03\/IMG_6579-2.jpeg?fit=1200%2C800&ssl=1&resize=1050%2C600 3x"},"classes":[]},{"id":107532,"url":"https:\/\/zeromagazine.mx\/index.php\/2025\/08\/27\/5-razones-volvo-fashion-week-mexico\/","url_meta":{"origin":102501,"position":3},"title":"5 razones para no perderte Volvo Fashion Week M\u00e9xico 2025","author":"David Morales","date":"27 de agosto de 2025","format":false,"excerpt":"Si eres de los que respira moda y ama descubrir talento mexicano, Volvo Fashion Week M\u00e9xico 2025 es el plan que no te puedes perder. Este a\u00f1o, la semana de la moda se vive en Santa Mar\u00eda la Ribera, un barrio que mezcla historia, arte y cultura local, y se\u2026","rel":"","context":"En \u00abModa\u00bb","block_context":{"text":"Moda","link":"https:\/\/zeromagazine.mx\/index.php\/category\/moda\/"},"img":{"alt_text":"","src":"https:\/\/i0.wp.com\/zeromagazine.mx\/wp-content\/uploads\/2025\/08\/img_6828-1.png?fit=959%2C1200&ssl=1&resize=350%2C200","width":350,"height":200,"srcset":"https:\/\/i0.wp.com\/zeromagazine.mx\/wp-content\/uploads\/2025\/08\/img_6828-1.png?fit=959%2C1200&ssl=1&resize=350%2C200 1x, https:\/\/i0.wp.com\/zeromagazine.mx\/wp-content\/uploads\/2025\/08\/img_6828-1.png?fit=959%2C1200&ssl=1&resize=525%2C300 1.5x, https:\/\/i0.wp.com\/zeromagazine.mx\/wp-content\/uploads\/2025\/08\/img_6828-1.png?fit=959%2C1200&ssl=1&resize=700%2C400 2x"},"classes":[]},{"id":118432,"url":"https:\/\/zeromagazine.mx\/index.php\/2026\/04\/14\/iqos-fashion-week-mexico\/","url_meta":{"origin":102501,"position":4},"title":"IQOS Fashion Week M\u00e9xico enciende la curiosidad en Volvo Fashion Week Guadalajara 2026","author":"David Morales","date":"14 de abril de 2026","format":false,"excerpt":"La marca se posiciona como un catalizador cultural dentro de uno de los encuentros creativos m\u00e1s relevantes del pa\u00eds.La moda no solo se ve. Se cuestiona, se siente\u2026 y ahora tambi\u00e9n se explora. IQOS Fashion Week M\u00e9xico: curiosidad como punto de partida Desde\u00a0Ciudad de M\u00e9xico,\u00a0IQOS\u00a0se suma a\u00a0Volvo Fashion Week M\u00e9xico\u00a0edici\u00f3n\u2026","rel":"","context":"En \u00abBlog\u00bb","block_context":{"text":"Blog","link":"https:\/\/zeromagazine.mx\/index.php\/category\/blog\/"},"img":{"alt_text":"","src":"https:\/\/i0.wp.com\/zeromagazine.mx\/wp-content\/uploads\/2026\/04\/IQOS_1-scaled.jpeg?fit=857%2C1200&ssl=1&resize=350%2C200","width":350,"height":200,"srcset":"https:\/\/i0.wp.com\/zeromagazine.mx\/wp-content\/uploads\/2026\/04\/IQOS_1-scaled.jpeg?fit=857%2C1200&ssl=1&resize=350%2C200 1x, https:\/\/i0.wp.com\/zeromagazine.mx\/wp-content\/uploads\/2026\/04\/IQOS_1-scaled.jpeg?fit=857%2C1200&ssl=1&resize=525%2C300 1.5x, https:\/\/i0.wp.com\/zeromagazine.mx\/wp-content\/uploads\/2026\/04\/IQOS_1-scaled.jpeg?fit=857%2C1200&ssl=1&resize=700%2C400 2x"},"classes":[]},{"id":118551,"url":"https:\/\/zeromagazine.mx\/index.php\/2026\/04\/15\/volvo-fashion-week-mexico-guadalajara-2026-3\/","url_meta":{"origin":102501,"position":5},"title":"Guadalajara no es sede, es se\u00f1al","author":"zeromagazinemx","date":"15 de abril de 2026","format":false,"excerpt":"Lo que est\u00e1 pasando en Guadalajara no es solo una fashion week. Es un s\u00edntoma claro de hacia d\u00f3nde se est\u00e1 moviendo la industria en M\u00e9xico. Guadalajara no solo recibe a Volvo Fashion Week M\u00e9xico, la redefine. Esta edici\u00f3n deja claro algo que ya se ven\u00eda sintiendo: la moda mexicana\u2026","rel":"","context":"En \u00abDise\u00f1o\u00bb","block_context":{"text":"Dise\u00f1o","link":"https:\/\/zeromagazine.mx\/index.php\/category\/diseno\/"},"img":{"alt_text":"","src":"https:\/\/i0.wp.com\/zeromagazine.mx\/wp-content\/uploads\/2026\/04\/2026-03-Volvo-FW46803A-1-scaled.jpg?fit=1200%2C800&ssl=1&resize=350%2C200","width":350,"height":200,"srcset":"https:\/\/i0.wp.com\/zeromagazine.mx\/wp-content\/uploads\/2026\/04\/2026-03-Volvo-FW46803A-1-scaled.jpg?fit=1200%2C800&ssl=1&resize=350%2C200 1x, https:\/\/i0.wp.com\/zeromagazine.mx\/wp-content\/uploads\/2026\/04\/2026-03-Volvo-FW46803A-1-scaled.jpg?fit=1200%2C800&ssl=1&resize=525%2C300 1.5x, https:\/\/i0.wp.com\/zeromagazine.mx\/wp-content\/uploads\/2026\/04\/2026-03-Volvo-FW46803A-1-scaled.jpg?fit=1200%2C800&ssl=1&resize=700%2C400 2x, https:\/\/i0.wp.com\/zeromagazine.mx\/wp-content\/uploads\/2026\/04\/2026-03-Volvo-FW46803A-1-scaled.jpg?fit=1200%2C800&ssl=1&resize=1050%2C600 3x"},"classes":[]}],"jetpack_sharing_enabled":true,"builder_content":"","_links":{"self":[{"href":"https:\/\/zeromagazine.mx\/index.php\/wp-json\/wp\/v2\/posts\/102501","targetHints":{"allow":["GET"]}}],"collection":[{"href":"https:\/\/zeromagazine.mx\/index.php\/wp-json\/wp\/v2\/posts"}],"about":[{"href":"https:\/\/zeromagazine.mx\/index.php\/wp-json\/wp\/v2\/types\/post"}],"author":[{"embeddable":true,"href":"https:\/\/zeromagazine.mx\/index.php\/wp-json\/wp\/v2\/users\/4"}],"replies":[{"embeddable":true,"href":"https:\/\/zeromagazine.mx\/index.php\/wp-json\/wp\/v2\/comments?post=102501"}],"version-history":[{"count":3,"href":"https:\/\/zeromagazine.mx\/index.php\/wp-json\/wp\/v2\/posts\/102501\/revisions"}],"predecessor-version":[{"id":102507,"href":"https:\/\/zeromagazine.mx\/index.php\/wp-json\/wp\/v2\/posts\/102501\/revisions\/102507"}],"wp:featuredmedia":[{"embeddable":true,"href":"https:\/\/zeromagazine.mx\/index.php\/wp-json\/wp\/v2\/media\/102504"}],"wp:attachment":[{"href":"https:\/\/zeromagazine.mx\/index.php\/wp-json\/wp\/v2\/media?parent=102501"}],"wp:term":[{"taxonomy":"category","embeddable":true,"href":"https:\/\/zeromagazine.mx\/index.php\/wp-json\/wp\/v2\/categories?post=102501"},{"taxonomy":"post_tag","embeddable":true,"href":"https:\/\/zeromagazine.mx\/index.php\/wp-json\/wp\/v2\/tags?post=102501"}],"curies":[{"name":"wp","href":"https:\/\/api.w.org\/{rel}","templated":true}]}}