{"id":102840,"date":"2025-05-05T18:49:43","date_gmt":"2025-05-06T00:49:43","guid":{"rendered":"https:\/\/zeromagazine.mx\/?p=102840"},"modified":"2025-05-05T18:49:45","modified_gmt":"2025-05-06T00:49:45","slug":"andrik-alvarez-the-coolest-kid-in-town","status":"publish","type":"post","link":"https:\/\/zeromagazine.mx\/index.php\/2025\/05\/05\/andrik-alvarez-the-coolest-kid-in-town\/","title":{"rendered":"ANDRIK \u00c1LVAREZ: THE COOLEST KID IN TOWN"},"content":{"rendered":"<!--themify_builder_content-->\n<div id=\"themify_builder_content-102840\" data-postid=\"102840\" class=\"themify_builder_content themify_builder_content-102840 themify_builder tf_clear\">\n    <\/div>\n<!--\/themify_builder_content-->\n\n\n<p>Hay quienes se visten, y hay quienes se expresan. Andrik \u00c1lvarez pertenece a la segunda categor\u00eda. Con una sensibilidad est\u00e9tica que combina moda, arquitectura y esencia personal, este joven creador de contenido ha convertido su estilo en una forma de hablarle al mundo sin decir una sola palabra. En esta edici\u00f3n especial del D\u00eda del Ni\u00f1o, Andrik no solo posa: juega, reinterpreta, y conecta con ese ni\u00f1o interior que nunca dej\u00f3 de creer que ser uno mismo es el primer paso para construir algo aut\u00e9ntico.<\/p>\n\n\n\n<figure class=\"wp-block-image size-full\"><img data-recalc-dims=\"1\" decoding=\"async\" width=\"1165\" height=\"1508\" src=\"https:\/\/i0.wp.com\/zeromagazine.mx\/wp-content\/uploads\/2025\/05\/IMG_4259-scaled.jpeg?resize=1165%2C1508&#038;ssl=1\" alt=\"\" class=\"wp-image-102841\" srcset=\"https:\/\/i0.wp.com\/zeromagazine.mx\/wp-content\/uploads\/2025\/05\/IMG_4259-scaled.jpeg?w=1978&amp;ssl=1 1978w, https:\/\/i0.wp.com\/zeromagazine.mx\/wp-content\/uploads\/2025\/05\/IMG_4259-scaled.jpeg?resize=232%2C300&amp;ssl=1 232w, https:\/\/i0.wp.com\/zeromagazine.mx\/wp-content\/uploads\/2025\/05\/IMG_4259-scaled.jpeg?resize=791%2C1024&amp;ssl=1 791w, https:\/\/i0.wp.com\/zeromagazine.mx\/wp-content\/uploads\/2025\/05\/IMG_4259-scaled.jpeg?resize=768%2C994&amp;ssl=1 768w, https:\/\/i0.wp.com\/zeromagazine.mx\/wp-content\/uploads\/2025\/05\/IMG_4259-scaled.jpeg?resize=1187%2C1536&amp;ssl=1 1187w, https:\/\/i0.wp.com\/zeromagazine.mx\/wp-content\/uploads\/2025\/05\/IMG_4259-scaled.jpeg?resize=1583%2C2048&amp;ssl=1 1583w\" sizes=\"(max-width: 1165px) 100vw, 1165px\" \/><\/figure>\n\n\n\n<p>Inspirado en Sid \u2014el inquieto y creativo personaje de <em>Toy Story<\/em>\u2014, Andrik aparece en nuestras p\u00e1ginas rodeado de juguetes, desafiando etiquetas y mostrando que la imaginaci\u00f3n no se pierde con los a\u00f1os: solo se transforma. Desde los baggy jeans que lo definen hasta los mensajes que inspiran a miles, su historia nos recuerda que crecer no significa dejar de so\u00f1ar\u2026 solo aprender a vestirlo con estilo.<\/p>\n\n\n\n<p>Por: El Poderoso Dave<br>Foto: Charlie Amateco<br>Grooming: Albertto Campos<br>Styling: El Poderoso Dave<\/p>\n\n\n\n<figure class=\"wp-block-image size-full\"><img data-recalc-dims=\"1\" decoding=\"async\" width=\"1165\" height=\"1747\" src=\"https:\/\/i0.wp.com\/zeromagazine.mx\/wp-content\/uploads\/2025\/05\/IMG_4252-scaled.jpeg?resize=1165%2C1747&#038;ssl=1\" alt=\"\" class=\"wp-image-102920\" srcset=\"https:\/\/i0.wp.com\/zeromagazine.mx\/wp-content\/uploads\/2025\/05\/IMG_4252-scaled.jpeg?w=1707&amp;ssl=1 1707w, https:\/\/i0.wp.com\/zeromagazine.mx\/wp-content\/uploads\/2025\/05\/IMG_4252-scaled.jpeg?resize=200%2C300&amp;ssl=1 200w, https:\/\/i0.wp.com\/zeromagazine.mx\/wp-content\/uploads\/2025\/05\/IMG_4252-scaled.jpeg?resize=683%2C1024&amp;ssl=1 683w, https:\/\/i0.wp.com\/zeromagazine.mx\/wp-content\/uploads\/2025\/05\/IMG_4252-scaled.jpeg?resize=768%2C1152&amp;ssl=1 768w, https:\/\/i0.wp.com\/zeromagazine.mx\/wp-content\/uploads\/2025\/05\/IMG_4252-scaled.jpeg?resize=1024%2C1536&amp;ssl=1 1024w, https:\/\/i0.wp.com\/zeromagazine.mx\/wp-content\/uploads\/2025\/05\/IMG_4252-scaled.jpeg?resize=1365%2C2048&amp;ssl=1 1365w\" sizes=\"(max-width: 1165px) 100vw, 1165px\" \/><\/figure>\n\n\n\n<p><span style=\"font-family: &quot;.SFUI-Bold&quot;; font-weight: bold; color: rgb(17, 17, 17); font-size: 21px;\"> \u00bfEn qu\u00e9 momento te diste cuenta de que la moda era un lenguaje para ti?<\/span><br><p style=\"margin: 0px; font-style: normal; font-variant-caps: normal; font-stretch: normal; font-size: 21px; line-height: normal; font-family: &quot;.SF UI&quot;; font-size-adjust: none; font-kerning: auto; font-variant-alternates: normal; font-variant-ligatures: normal; font-variant-numeric: normal; font-variant-east-asian: normal; font-variant-position: normal; font-feature-settings: normal; font-optical-sizing: auto; font-variation-settings: normal; color: rgb(17, 17, 17);\"><span style=\"font-family: &quot;.SFUI-Regular&quot;;\">Siento que para todos el estilo es un lenguaje, m\u00e1s all\u00e1 de si te importa mucho o poco c\u00f3mo te vistes. Refleja tu personalidad. No hubo un momento exacto en el que dijera \u201cesto es lo m\u00edo\u201d, pero desde la pandemia me involucr\u00e9 m\u00e1s en la moda y en c\u00f3mo transmitir mi esencia a trav\u00e9s de la ropa.<\/span><\/p><p style=\"margin: 0px; font-style: normal; font-variant-caps: normal; font-stretch: normal; font-size: 21px; line-height: normal; font-family: &quot;.SF UI&quot;; font-size-adjust: none; font-kerning: auto; font-variant-alternates: normal; font-variant-ligatures: normal; font-variant-numeric: normal; font-variant-east-asian: normal; font-variant-position: normal; font-feature-settings: normal; font-optical-sizing: auto; font-variation-settings: normal; color: rgb(17, 17, 17); min-height: 25.1px;\"><\/p><p style=\"margin: 0px; font-style: normal; font-variant-caps: normal; font-stretch: normal; font-size: 21px; line-height: normal; font-family: &quot;.SF UI&quot;; font-size-adjust: none; font-kerning: auto; font-variant-alternates: normal; font-variant-ligatures: normal; font-variant-numeric: normal; font-variant-east-asian: normal; font-variant-position: normal; font-feature-settings: normal; font-optical-sizing: auto; font-variation-settings: normal; color: rgb(17, 17, 17);\"><span style=\"font-family: &quot;.SFUI-Bold&quot;; font-weight: bold;\">Si tuvieras que describirte solo con una prenda, \u00bfcu\u00e1l ser\u00eda y por qu\u00e9?<\/span><\/p><br><p style=\"margin: 0px; font-style: normal; font-variant-caps: normal; font-stretch: normal; font-size: 21px; line-height: normal; font-family: &quot;.SF UI&quot;; font-size-adjust: none; font-kerning: auto; font-variant-alternates: normal; font-variant-ligatures: normal; font-variant-numeric: normal; font-variant-east-asian: normal; font-variant-position: normal; font-feature-settings: normal; font-optical-sizing: auto; font-variation-settings: normal; color: rgb(17, 17, 17);\"><span style=\"font-family: &quot;.SFUI-Regular&quot;;\">Los <\/span><span style=\"font-family: &quot;.SFUI-RegularItalic&quot;; font-style: italic;\">baggy jeans<\/span><span style=\"font-family: &quot;.SFUI-Regular&quot;;\">, definitivamente. Son c\u00f3modos, se ven bien y te hacen sentir libre. Casi ni los sientes, y eso para m\u00ed es importante. Son una forma de mostrarme sin tener que decir nada.<\/span><\/p><\/p>\n\n\n\n<figure class=\"wp-block-image size-full\"><img data-recalc-dims=\"1\" decoding=\"async\" width=\"1165\" height=\"1747\" src=\"https:\/\/i0.wp.com\/zeromagazine.mx\/wp-content\/uploads\/2025\/05\/IMG_4245-scaled.jpeg?resize=1165%2C1747&#038;ssl=1\" alt=\"\" class=\"wp-image-102906\" srcset=\"https:\/\/i0.wp.com\/zeromagazine.mx\/wp-content\/uploads\/2025\/05\/IMG_4245-scaled.jpeg?w=1707&amp;ssl=1 1707w, https:\/\/i0.wp.com\/zeromagazine.mx\/wp-content\/uploads\/2025\/05\/IMG_4245-scaled.jpeg?resize=200%2C300&amp;ssl=1 200w, https:\/\/i0.wp.com\/zeromagazine.mx\/wp-content\/uploads\/2025\/05\/IMG_4245-scaled.jpeg?resize=683%2C1024&amp;ssl=1 683w, https:\/\/i0.wp.com\/zeromagazine.mx\/wp-content\/uploads\/2025\/05\/IMG_4245-scaled.jpeg?resize=768%2C1152&amp;ssl=1 768w, https:\/\/i0.wp.com\/zeromagazine.mx\/wp-content\/uploads\/2025\/05\/IMG_4245-scaled.jpeg?resize=1024%2C1536&amp;ssl=1 1024w, https:\/\/i0.wp.com\/zeromagazine.mx\/wp-content\/uploads\/2025\/05\/IMG_4245-scaled.jpeg?resize=1365%2C2048&amp;ssl=1 1365w\" sizes=\"(max-width: 1165px) 100vw, 1165px\" \/><figcaption class=\"wp-element-caption\">Total Look: Shein \/ Calzado: Nike x TAF<\/figcaption><\/figure>\n\n\n\n<p><p style=\"margin: 0px; font-style: normal; font-variant-caps: normal; font-stretch: normal; font-size: 21px; line-height: normal; font-family: &quot;.SF UI&quot;; font-size-adjust: none; font-kerning: auto; font-variant-alternates: normal; font-variant-ligatures: normal; font-variant-numeric: normal; font-variant-east-asian: normal; font-variant-position: normal; font-feature-settings: normal; font-optical-sizing: auto; font-variation-settings: normal; color: rgb(17, 17, 17); min-height: 25.1px;\"><\/p><p style=\"margin: 0px; font-style: normal; font-variant-caps: normal; font-stretch: normal; font-size: 21px; line-height: normal; font-family: &quot;.SF UI&quot;; font-size-adjust: none; font-kerning: auto; font-variant-alternates: normal; font-variant-ligatures: normal; font-variant-numeric: normal; font-variant-east-asian: normal; font-variant-position: normal; font-feature-settings: normal; font-optical-sizing: auto; font-variation-settings: normal; color: rgb(17, 17, 17);\"><span style=\"font-family: &quot;.SFUI-Bold&quot;; font-weight: bold;\">\u00bfTienes una prenda con historia que pocas personas conocen?<\/span><\/p><br><p style=\"margin: 0px; font-style: normal; font-variant-caps: normal; font-stretch: normal; font-size: 21px; line-height: normal; font-family: &quot;.SF UI&quot;; font-size-adjust: none; font-kerning: auto; font-variant-alternates: normal; font-variant-ligatures: normal; font-variant-numeric: normal; font-variant-east-asian: normal; font-variant-position: normal; font-feature-settings: normal; font-optical-sizing: auto; font-variation-settings: normal; color: rgb(17, 17, 17);\"><span style=\"font-family: &quot;.SFUI-Regular&quot;;\">M\u00e1s que una sola, tengo varias que vienen de mi familia. Gorras que fueron de mi abuelo \u2014casi todas las que tengo son suyas\u2014 y camisetas que eran de mi pap\u00e1. Son prendas que me conectan con mis ra\u00edces y les tengo much\u00edsimo cari\u00f1o.<\/span><\/p><br><p style=\"margin: 0px; font-style: normal; font-variant-caps: normal; font-stretch: normal; font-size: 21px; line-height: normal; font-family: &quot;.SF UI&quot;; font-size-adjust: none; font-kerning: auto; font-variant-alternates: normal; font-variant-ligatures: normal; font-variant-numeric: normal; font-variant-east-asian: normal; font-variant-position: normal; font-feature-settings: normal; font-optical-sizing: auto; font-variation-settings: normal; color: rgb(17, 17, 17); min-height: 25.1px;\"><span style=\"font-family: &quot;.SFUI-Bold&quot;; font-weight: bold; background-color: rgb(255, 255, 255);\">\u00bfQu\u00e9 te gustar\u00eda hacer como creador pero a\u00fan no te has atrevido?<\/span><\/p><br><p style=\"margin: 0px; font-style: normal; font-variant-caps: normal; font-stretch: normal; font-size: 21px; line-height: normal; font-family: &quot;.SF UI&quot;; font-size-adjust: none; font-kerning: auto; font-variant-alternates: normal; font-variant-ligatures: normal; font-variant-numeric: normal; font-variant-east-asian: normal; font-variant-position: normal; font-feature-settings: normal; font-optical-sizing: auto; font-variation-settings: normal; color: rgb(17, 17, 17);\"><span style=\"font-family: &quot;.SFUI-Regular&quot;;\">Me encantar\u00eda empezar en YouTube. Siento que tengo una historia que contar, no por lo que viv\u00ed en el pasado, sino por lo que estoy experimentando ahora. Pero no lo he hecho por falta de organizaci\u00f3n\u2026 solo necesito sentarme, planearlo y comenzar.<\/span><\/p><\/p>\n\n\n\n<figure class=\"wp-block-image size-full\"><img data-recalc-dims=\"1\" decoding=\"async\" width=\"1165\" height=\"1747\" src=\"https:\/\/i0.wp.com\/zeromagazine.mx\/wp-content\/uploads\/2025\/05\/IMG_4244-scaled.jpeg?resize=1165%2C1747&#038;ssl=1\" alt=\"\" class=\"wp-image-102910\" srcset=\"https:\/\/i0.wp.com\/zeromagazine.mx\/wp-content\/uploads\/2025\/05\/IMG_4244-scaled.jpeg?w=1707&amp;ssl=1 1707w, https:\/\/i0.wp.com\/zeromagazine.mx\/wp-content\/uploads\/2025\/05\/IMG_4244-scaled.jpeg?resize=200%2C300&amp;ssl=1 200w, https:\/\/i0.wp.com\/zeromagazine.mx\/wp-content\/uploads\/2025\/05\/IMG_4244-scaled.jpeg?resize=683%2C1024&amp;ssl=1 683w, https:\/\/i0.wp.com\/zeromagazine.mx\/wp-content\/uploads\/2025\/05\/IMG_4244-scaled.jpeg?resize=768%2C1152&amp;ssl=1 768w, https:\/\/i0.wp.com\/zeromagazine.mx\/wp-content\/uploads\/2025\/05\/IMG_4244-scaled.jpeg?resize=1024%2C1536&amp;ssl=1 1024w, https:\/\/i0.wp.com\/zeromagazine.mx\/wp-content\/uploads\/2025\/05\/IMG_4244-scaled.jpeg?resize=1365%2C2048&amp;ssl=1 1365w\" sizes=\"(max-width: 1165px) 100vw, 1165px\" \/><figcaption class=\"wp-element-caption\">Jeans: American Eagle \/ Calzado: MIU MIU<\/figcaption><\/figure>\n\n\n\n<p><p style=\"margin: 0px; font-style: normal; font-variant-caps: normal; font-stretch: normal; font-size: 21px; line-height: normal; font-family: &quot;.SF UI&quot;; font-size-adjust: none; font-kerning: auto; font-variant-alternates: normal; font-variant-ligatures: normal; font-variant-numeric: normal; font-variant-east-asian: normal; font-variant-position: normal; font-feature-settings: normal; font-optical-sizing: auto; font-variation-settings: normal; color: rgb(17, 17, 17); min-height: 25.1px;\"><span style=\"font-family: &quot;.SFUI-Bold&quot;; font-weight: bold; background-color: rgb(255, 255, 255);\">Si todo desapareciera de internet ma\u00f1ana, \u00bfqu\u00e9 te gustar\u00eda que la gente recordara de ti?<\/span><\/p><br><p style=\"margin: 0px; font-style: normal; font-variant-caps: normal; font-stretch: normal; font-size: 21px; line-height: normal; font-family: &quot;.SF UI&quot;; font-size-adjust: none; font-kerning: auto; font-variant-alternates: normal; font-variant-ligatures: normal; font-variant-numeric: normal; font-variant-east-asian: normal; font-variant-position: normal; font-feature-settings: normal; font-optical-sizing: auto; font-variation-settings: normal; color: rgb(17, 17, 17);\"><span style=\"font-family: &quot;.SFUI-Regular&quot;;\">Que siempre fui yo. Aunque me inspiro en otros creadores como todos, todo lo que subo tiene mi toque. Quisiera que eso quedara: esa autenticidad.<\/span><\/p><br><p style=\"margin: 0px; font-style: normal; font-variant-caps: normal; font-stretch: normal; font-size: 21px; line-height: normal; font-family: &quot;.SF UI&quot;; font-size-adjust: none; font-kerning: auto; font-variant-alternates: normal; font-variant-ligatures: normal; font-variant-numeric: normal; font-variant-east-asian: normal; font-variant-position: normal; font-feature-settings: normal; font-optical-sizing: auto; font-variation-settings: normal; color: rgb(17, 17, 17); min-height: 25.1px;\"><span style=\"font-family: &quot;.SFUI-Bold&quot;; font-weight: bold; background-color: rgb(255, 255, 255);\">\u00bfCu\u00e1l ha sido el momento m\u00e1s surrealista de tu carrera hasta ahora?<\/span><\/p><br><p style=\"margin: 0px; font-style: normal; font-variant-caps: normal; font-stretch: normal; font-size: 21px; line-height: normal; font-family: &quot;.SF UI&quot;; font-size-adjust: none; font-kerning: auto; font-variant-alternates: normal; font-variant-ligatures: normal; font-variant-numeric: normal; font-variant-east-asian: normal; font-variant-position: normal; font-feature-settings: normal; font-optical-sizing: auto; font-variation-settings: normal; color: rgb(17, 17, 17);\"><span style=\"font-family: &quot;.SFUI-Regular&quot;;\">Un viaje a Mil\u00e1n con Carrera, una marca de lentes. Me invitaron con todo incluido y fue como un sue\u00f1o. Tambi\u00e9n he trabajado con marcas que nunca imagin\u00e9, como Dolce. Pero ese viaje fue un parteaguas, una se\u00f1al de que algo grande est\u00e1 pasando.<\/span><\/p><\/p>\n\n\n\n<figure class=\"wp-block-image size-full\"><img data-recalc-dims=\"1\" decoding=\"async\" width=\"1165\" height=\"1747\" src=\"https:\/\/i0.wp.com\/zeromagazine.mx\/wp-content\/uploads\/2025\/05\/IMG_4251-scaled.jpeg?resize=1165%2C1747&#038;ssl=1\" alt=\"\" class=\"wp-image-102911\" srcset=\"https:\/\/i0.wp.com\/zeromagazine.mx\/wp-content\/uploads\/2025\/05\/IMG_4251-scaled.jpeg?w=1707&amp;ssl=1 1707w, https:\/\/i0.wp.com\/zeromagazine.mx\/wp-content\/uploads\/2025\/05\/IMG_4251-scaled.jpeg?resize=200%2C300&amp;ssl=1 200w, https:\/\/i0.wp.com\/zeromagazine.mx\/wp-content\/uploads\/2025\/05\/IMG_4251-scaled.jpeg?resize=683%2C1024&amp;ssl=1 683w, https:\/\/i0.wp.com\/zeromagazine.mx\/wp-content\/uploads\/2025\/05\/IMG_4251-scaled.jpeg?resize=768%2C1152&amp;ssl=1 768w, https:\/\/i0.wp.com\/zeromagazine.mx\/wp-content\/uploads\/2025\/05\/IMG_4251-scaled.jpeg?resize=1024%2C1536&amp;ssl=1 1024w, https:\/\/i0.wp.com\/zeromagazine.mx\/wp-content\/uploads\/2025\/05\/IMG_4251-scaled.jpeg?resize=1365%2C2048&amp;ssl=1 1365w\" sizes=\"(max-width: 1165px) 100vw, 1165px\" \/><figcaption class=\"wp-element-caption\">Total Look: Shein<\/figcaption><\/figure>\n\n\n\n<p><p style=\"margin: 0px; font-style: normal; font-variant-caps: normal; font-stretch: normal; font-size: 21px; line-height: normal; font-family: &quot;.SF UI&quot;; font-size-adjust: none; font-kerning: auto; font-variant-alternates: normal; font-variant-ligatures: normal; font-variant-numeric: normal; font-variant-east-asian: normal; font-variant-position: normal; font-feature-settings: normal; font-optical-sizing: auto; font-variation-settings: normal; color: rgb(17, 17, 17); min-height: 25.1px;\"><span style=\"font-family: &quot;.SFUI-Bold&quot;; font-weight: bold; background-color: rgb(255, 255, 255);\">\u00bfTe ha llegado alg\u00fan mensaje que te haya marcado especialmente?<\/span><\/p><br><p style=\"margin: 0px; font-style: normal; font-variant-caps: normal; font-stretch: normal; font-size: 21px; line-height: normal; font-family: &quot;.SF UI&quot;; font-size-adjust: none; font-kerning: auto; font-variant-alternates: normal; font-variant-ligatures: normal; font-variant-numeric: normal; font-variant-east-asian: normal; font-variant-position: normal; font-feature-settings: normal; font-optical-sizing: auto; font-variation-settings: normal; color: rgb(17, 17, 17);\"><span style=\"font-family: &quot;.SFUI-Regular&quot;;\">No suelo leer todos los mensajes porque llegan muchos, pero los que alcanzo a ver y me marcan son los que dicen que gracias a m\u00ed encontraron su estilo, se animaron a crear contenido o hasta que se sintieron c\u00f3modos usando un outfit m\u00edo en una cita. Eso es algo que todav\u00eda me parece surreal.<\/span><\/p><br><p style=\"margin: 0px; font-style: normal; font-variant-caps: normal; font-stretch: normal; font-size: 21px; line-height: normal; font-family: &quot;.SF UI&quot;; font-size-adjust: none; font-kerning: auto; font-variant-alternates: normal; font-variant-ligatures: normal; font-variant-numeric: normal; font-variant-east-asian: normal; font-variant-position: normal; font-feature-settings: normal; font-optical-sizing: auto; font-variation-settings: normal; color: rgb(17, 17, 17); min-height: 25.1px;\"><span style=\"font-family: &quot;.SFUI-Bold&quot;; font-weight: bold; background-color: rgb(255, 255, 255);\">\u00bfQu\u00e9 eliges conscientemente no compartir en redes?<\/span><\/p><br><p style=\"margin: 0px; font-style: normal; font-variant-caps: normal; font-stretch: normal; font-size: 21px; line-height: normal; font-family: &quot;.SF UI&quot;; font-size-adjust: none; font-kerning: auto; font-variant-alternates: normal; font-variant-ligatures: normal; font-variant-numeric: normal; font-variant-east-asian: normal; font-variant-position: normal; font-feature-settings: normal; font-optical-sizing: auto; font-variation-settings: normal; color: rgb(17, 17, 17);\"><span style=\"font-family: &quot;.SFUI-Regular&quot;;\">Mi d\u00eda a d\u00eda, mi carrera, d\u00f3nde estudio\u2026 No hay una raz\u00f3n exacta, simplemente me enfoco m\u00e1s en la moda y en lo que quiero mostrar de m\u00ed. Nunca lo plane\u00e9 as\u00ed, pero as\u00ed ha salido.<\/span><\/p><\/p>\n\n\n\n<figure class=\"wp-block-image size-full\"><img data-recalc-dims=\"1\" decoding=\"async\" width=\"1165\" height=\"1747\" src=\"https:\/\/i0.wp.com\/zeromagazine.mx\/wp-content\/uploads\/2025\/05\/IMG_4256-scaled.jpeg?resize=1165%2C1747&#038;ssl=1\" alt=\"\" class=\"wp-image-102912\" srcset=\"https:\/\/i0.wp.com\/zeromagazine.mx\/wp-content\/uploads\/2025\/05\/IMG_4256-scaled.jpeg?w=1707&amp;ssl=1 1707w, https:\/\/i0.wp.com\/zeromagazine.mx\/wp-content\/uploads\/2025\/05\/IMG_4256-scaled.jpeg?resize=200%2C300&amp;ssl=1 200w, https:\/\/i0.wp.com\/zeromagazine.mx\/wp-content\/uploads\/2025\/05\/IMG_4256-scaled.jpeg?resize=683%2C1024&amp;ssl=1 683w, https:\/\/i0.wp.com\/zeromagazine.mx\/wp-content\/uploads\/2025\/05\/IMG_4256-scaled.jpeg?resize=768%2C1152&amp;ssl=1 768w, https:\/\/i0.wp.com\/zeromagazine.mx\/wp-content\/uploads\/2025\/05\/IMG_4256-scaled.jpeg?resize=1024%2C1536&amp;ssl=1 1024w, https:\/\/i0.wp.com\/zeromagazine.mx\/wp-content\/uploads\/2025\/05\/IMG_4256-scaled.jpeg?resize=1365%2C2048&amp;ssl=1 1365w\" sizes=\"(max-width: 1165px) 100vw, 1165px\" \/><figcaption class=\"wp-element-caption\">Total Look: Shein<\/figcaption><\/figure>\n\n\n\n<p><p style=\"margin: 0px; font-style: normal; font-variant-caps: normal; font-stretch: normal; font-size: 21px; line-height: normal; font-family: &quot;.SF UI&quot;; font-size-adjust: none; font-kerning: auto; font-variant-alternates: normal; font-variant-ligatures: normal; font-variant-numeric: normal; font-variant-east-asian: normal; font-variant-position: normal; font-feature-settings: normal; font-optical-sizing: auto; font-variation-settings: normal; color: rgb(17, 17, 17); min-height: 25.1px;\"><\/p><p style=\"margin: 0px; font-style: normal; font-variant-caps: normal; font-stretch: normal; font-size: 21px; line-height: normal; font-family: &quot;.SF UI&quot;; font-size-adjust: none; font-kerning: auto; font-variant-alternates: normal; font-variant-ligatures: normal; font-variant-numeric: normal; font-variant-east-asian: normal; font-variant-position: normal; font-feature-settings: normal; font-optical-sizing: auto; font-variation-settings: normal; color: rgb(17, 17, 17);\"><span style=\"font-family: &quot;.SFUI-Bold&quot;; font-weight: bold;\">\u00bfExiste una diferencia entre el Andrik de redes y el Andrik real?<\/span><\/p><br><p style=\"margin: 0px; font-style: normal; font-variant-caps: normal; font-stretch: normal; font-size: 21px; line-height: normal; font-family: &quot;.SF UI&quot;; font-size-adjust: none; font-kerning: auto; font-variant-alternates: normal; font-variant-ligatures: normal; font-variant-numeric: normal; font-variant-east-asian: normal; font-variant-position: normal; font-feature-settings: normal; font-optical-sizing: auto; font-variation-settings: normal; color: rgb(17, 17, 17);\"><span style=\"font-family: &quot;.SFUI-Regular&quot;;\">Totalmente. En redes me muestro extrovertido, posando, hablando\u2026 pero soy t\u00edmido. Me cuesta crear relaciones nuevas y no soy tan abierto. No es que sea alguien completamente distinto, pero s\u00ed hay matices. Al final, seguimos siendo la misma persona.<\/span><\/p><\/p>\n\n\n\n<figure class=\"wp-block-image size-full\"><img data-recalc-dims=\"1\" decoding=\"async\" width=\"1165\" height=\"1747\" src=\"https:\/\/i0.wp.com\/zeromagazine.mx\/wp-content\/uploads\/2025\/05\/IMG_4257-scaled.jpeg?resize=1165%2C1747&#038;ssl=1\" alt=\"\" class=\"wp-image-102913\" srcset=\"https:\/\/i0.wp.com\/zeromagazine.mx\/wp-content\/uploads\/2025\/05\/IMG_4257-scaled.jpeg?w=1707&amp;ssl=1 1707w, https:\/\/i0.wp.com\/zeromagazine.mx\/wp-content\/uploads\/2025\/05\/IMG_4257-scaled.jpeg?resize=200%2C300&amp;ssl=1 200w, https:\/\/i0.wp.com\/zeromagazine.mx\/wp-content\/uploads\/2025\/05\/IMG_4257-scaled.jpeg?resize=683%2C1024&amp;ssl=1 683w, https:\/\/i0.wp.com\/zeromagazine.mx\/wp-content\/uploads\/2025\/05\/IMG_4257-scaled.jpeg?resize=768%2C1152&amp;ssl=1 768w, https:\/\/i0.wp.com\/zeromagazine.mx\/wp-content\/uploads\/2025\/05\/IMG_4257-scaled.jpeg?resize=1024%2C1536&amp;ssl=1 1024w, https:\/\/i0.wp.com\/zeromagazine.mx\/wp-content\/uploads\/2025\/05\/IMG_4257-scaled.jpeg?resize=1365%2C2048&amp;ssl=1 1365w\" sizes=\"(max-width: 1165px) 100vw, 1165px\" \/><figcaption class=\"wp-element-caption\">Playera: Aerie \/ Pants: C&amp;A \/ Calzado: Nike x TAF<\/figcaption><\/figure>\n\n\n\n<p><p style=\"margin: 0px; font-style: normal; font-variant-caps: normal; font-stretch: normal; font-size: 21px; line-height: normal; font-family: &quot;.SF UI&quot;; font-size-adjust: none; font-kerning: auto; font-variant-alternates: normal; font-variant-ligatures: normal; font-variant-numeric: normal; font-variant-east-asian: normal; font-variant-position: normal; font-feature-settings: normal; font-optical-sizing: auto; font-variation-settings: normal; color: rgb(17, 17, 17);\"><span style=\"font-family: &quot;.SFUI-Bold&quot;; font-weight: bold;\">\u00bfQu\u00e9 te inspira m\u00e1s all\u00e1 de la moda?<\/span><\/p><br><p style=\"margin: 0px; font-style: normal; font-variant-caps: normal; font-stretch: normal; font-size: 21px; line-height: normal; font-family: &quot;.SF UI&quot;; font-size-adjust: none; font-kerning: auto; font-variant-alternates: normal; font-variant-ligatures: normal; font-variant-numeric: normal; font-variant-east-asian: normal; font-variant-position: normal; font-feature-settings: normal; font-optical-sizing: auto; font-variation-settings: normal; color: rgb(17, 17, 17);\"><span style=\"font-family: &quot;.SFUI-Regular&quot;;\">La arquitectura. Me gusta mucho el dise\u00f1o de interiores, que es lo que estudio. Y creo que se conecta con la moda: armar un outfit o decorar un espacio es contar algo sobre ti.<\/span><\/p><\/p>\n\n\n\n<p><p style=\"margin: 0px; font-style: normal; font-variant-caps: normal; font-stretch: normal; font-size: 21px; line-height: normal; font-family: &quot;.SF UI&quot;; font-size-adjust: none; font-kerning: auto; font-variant-alternates: normal; font-variant-ligatures: normal; font-variant-numeric: normal; font-variant-east-asian: normal; font-variant-position: normal; font-feature-settings: normal; font-optical-sizing: auto; font-variation-settings: normal; color: rgb(17, 17, 17);\"><span style=\"font-family: &quot;.SFUI-Bold&quot;; font-weight: bold; background-color: rgb(255, 255, 255);\">\u00bfC\u00f3mo es tu d\u00eda creativo ideal? \u00bfTienes alg\u00fan ritual especial?<\/span><\/p><br><p style=\"margin: 0px; font-style: normal; font-variant-caps: normal; font-stretch: normal; font-size: 21px; line-height: normal; font-family: &quot;.SF UI&quot;; font-size-adjust: none; font-kerning: auto; font-variant-alternates: normal; font-variant-ligatures: normal; font-variant-numeric: normal; font-variant-east-asian: normal; font-variant-position: normal; font-feature-settings: normal; font-optical-sizing: auto; font-variation-settings: normal; color: rgb(17, 17, 17);\"><span style=\"font-family: &quot;.SFUI-Regular&quot;;\">Soy muy pr\u00e1ctico. Si tengo una idea, la grabo y la subo el mismo d\u00eda. No me tardo dos horas en grabar un video. Lo hago como salga, natural, sin complicaciones.<\/span><\/p><\/p>\n\n\n\n<figure class=\"wp-block-image size-full\"><img data-recalc-dims=\"1\" decoding=\"async\" width=\"1165\" height=\"1747\" src=\"https:\/\/i0.wp.com\/zeromagazine.mx\/wp-content\/uploads\/2025\/05\/IMG_4247-scaled.jpeg?resize=1165%2C1747&#038;ssl=1\" alt=\"\" class=\"wp-image-102916\" srcset=\"https:\/\/i0.wp.com\/zeromagazine.mx\/wp-content\/uploads\/2025\/05\/IMG_4247-scaled.jpeg?w=1707&amp;ssl=1 1707w, https:\/\/i0.wp.com\/zeromagazine.mx\/wp-content\/uploads\/2025\/05\/IMG_4247-scaled.jpeg?resize=200%2C300&amp;ssl=1 200w, https:\/\/i0.wp.com\/zeromagazine.mx\/wp-content\/uploads\/2025\/05\/IMG_4247-scaled.jpeg?resize=683%2C1024&amp;ssl=1 683w, https:\/\/i0.wp.com\/zeromagazine.mx\/wp-content\/uploads\/2025\/05\/IMG_4247-scaled.jpeg?resize=768%2C1152&amp;ssl=1 768w, https:\/\/i0.wp.com\/zeromagazine.mx\/wp-content\/uploads\/2025\/05\/IMG_4247-scaled.jpeg?resize=1024%2C1536&amp;ssl=1 1024w, https:\/\/i0.wp.com\/zeromagazine.mx\/wp-content\/uploads\/2025\/05\/IMG_4247-scaled.jpeg?resize=1365%2C2048&amp;ssl=1 1365w\" sizes=\"(max-width: 1165px) 100vw, 1165px\" \/><\/figure>\n\n\n\n<p><p style=\"margin: 0px; font-style: normal; font-variant-caps: normal; font-stretch: normal; font-size: 21px; line-height: normal; font-family: &quot;.SF UI&quot;; font-size-adjust: none; font-kerning: auto; font-variant-alternates: normal; font-variant-ligatures: normal; font-variant-numeric: normal; font-variant-east-asian: normal; font-variant-position: normal; font-feature-settings: normal; font-optical-sizing: auto; font-variation-settings: normal; color: rgb(17, 17, 17);\"><span style=\"font-family: &quot;.SFUI-Bold&quot;; font-weight: bold; background-color: rgb(255, 255, 255);\">\u00bfHay alguna tendencia que amas aunque no sea parte de tu estilo?<\/span><\/p><br><p style=\"margin: 0px; font-style: normal; font-variant-caps: normal; font-stretch: normal; font-size: 21px; line-height: normal; font-family: &quot;.SF UI&quot;; font-size-adjust: none; font-kerning: auto; font-variant-alternates: normal; font-variant-ligatures: normal; font-variant-numeric: normal; font-variant-east-asian: normal; font-variant-position: normal; font-feature-settings: normal; font-optical-sizing: auto; font-variation-settings: normal; color: rgb(17, 17, 17);\"><span style=\"font-family: &quot;.SFUI-Regular&quot;;\">S\u00ed, el estilo elegante. Me encanta, pero no tengo mucha ropa fancy. Es algo que me gustar\u00eda incorporar m\u00e1s en el futuro.<\/span><\/p><br><p style=\"margin: 0px; font-style: normal; font-variant-caps: normal; font-stretch: normal; font-size: 21px; line-height: normal; font-family: &quot;.SF UI&quot;; font-size-adjust: none; font-kerning: auto; font-variant-alternates: normal; font-variant-ligatures: normal; font-variant-numeric: normal; font-variant-east-asian: normal; font-variant-position: normal; font-feature-settings: normal; font-optical-sizing: auto; font-variation-settings: normal; color: rgb(17, 17, 17); min-height: 25.1px;\"><span style=\"font-family: &quot;.SFUI-Bold&quot;; font-weight: bold; background-color: rgb(255, 255, 255);\">\u00bfC\u00f3mo visualizas tu carrera a largo plazo?<\/span><\/p><br><p style=\"margin: 0px; font-style: normal; font-variant-caps: normal; font-stretch: normal; font-size: 21px; line-height: normal; font-family: &quot;.SF UI&quot;; font-size-adjust: none; font-kerning: auto; font-variant-alternates: normal; font-variant-ligatures: normal; font-variant-numeric: normal; font-variant-east-asian: normal; font-variant-position: normal; font-feature-settings: normal; font-optical-sizing: auto; font-variation-settings: normal; color: rgb(17, 17, 17);\"><span style=\"font-family: &quot;.SFUI-Regular&quot;;\">Quiero construir una marca personal. Tambi\u00e9n me gustar\u00eda integrar lo que estudio, como una l\u00ednea de muebles o una marca de ropa. Siento que es una forma de canalizar toda la creatividad que tengo ahora.<\/span><\/p><\/p>\n\n\n\n<figure class=\"wp-block-image size-full\"><img data-recalc-dims=\"1\" decoding=\"async\" width=\"1165\" height=\"1747\" src=\"https:\/\/i0.wp.com\/zeromagazine.mx\/wp-content\/uploads\/2025\/05\/IMG_4246-scaled.jpeg?resize=1165%2C1747&#038;ssl=1\" alt=\"\" class=\"wp-image-102915\" srcset=\"https:\/\/i0.wp.com\/zeromagazine.mx\/wp-content\/uploads\/2025\/05\/IMG_4246-scaled.jpeg?w=1707&amp;ssl=1 1707w, https:\/\/i0.wp.com\/zeromagazine.mx\/wp-content\/uploads\/2025\/05\/IMG_4246-scaled.jpeg?resize=200%2C300&amp;ssl=1 200w, https:\/\/i0.wp.com\/zeromagazine.mx\/wp-content\/uploads\/2025\/05\/IMG_4246-scaled.jpeg?resize=683%2C1024&amp;ssl=1 683w, https:\/\/i0.wp.com\/zeromagazine.mx\/wp-content\/uploads\/2025\/05\/IMG_4246-scaled.jpeg?resize=768%2C1152&amp;ssl=1 768w, https:\/\/i0.wp.com\/zeromagazine.mx\/wp-content\/uploads\/2025\/05\/IMG_4246-scaled.jpeg?resize=1024%2C1536&amp;ssl=1 1024w, https:\/\/i0.wp.com\/zeromagazine.mx\/wp-content\/uploads\/2025\/05\/IMG_4246-scaled.jpeg?resize=1365%2C2048&amp;ssl=1 1365w\" sizes=\"(max-width: 1165px) 100vw, 1165px\" \/><\/figure>\n\n\n\n<p><p style=\"margin: 0px; font-style: normal; font-variant-caps: normal; font-stretch: normal; font-size: 21px; line-height: normal; font-family: &quot;.SF UI&quot;; font-size-adjust: none; font-kerning: auto; font-variant-alternates: normal; font-variant-ligatures: normal; font-variant-numeric: normal; font-variant-east-asian: normal; font-variant-position: normal; font-feature-settings: normal; font-optical-sizing: auto; font-variation-settings: normal; color: rgb(17, 17, 17);\"><span style=\"font-family: &quot;.SFUI-Bold&quot;; font-weight: bold;\">\u00bfQu\u00e9 est\u00e1s desaprendiendo en este momento de tu vida?<\/span><\/p><br><p style=\"margin: 0px; font-style: normal; font-variant-caps: normal; font-stretch: normal; font-size: 21px; line-height: normal; font-family: &quot;.SF UI&quot;; font-size-adjust: none; font-kerning: auto; font-variant-alternates: normal; font-variant-ligatures: normal; font-variant-numeric: normal; font-variant-east-asian: normal; font-variant-position: normal; font-feature-settings: normal; font-optical-sizing: auto; font-variation-settings: normal; color: rgb(17, 17, 17);\"><span style=\"font-family: &quot;.SFUI-Regular&quot;;\">Estoy desaprendiendo esa idea de que solo hay un camino correcto. Que todo tiene que seguir una estructura. A veces nos dicen que debes tener un trabajo tradicional, pero tambi\u00e9n puedes hacer pan, subir videos, ser arquitecto\u2026 lo que sea. Lo importante es que te haga feliz y no hacerle da\u00f1o a nadie en el \u00a0proceso<\/span><\/p><\/p>\n\n\n\n<p>Porque al final, crecer no deber\u00eda significar dejar de jugar, sino aprender a jugar con prop\u00f3sito. Andrik lo hace desde su autenticidad, desde la ropa que elige, las historias que cuenta y la forma en la que inspira sin pretensiones. En un mundo donde muchos temen mostrarse, \u00e9l apuesta por ser, por crear y por recordar \u2014como buen ni\u00f1o que nunca deja de imaginar\u2014 que tambi\u00e9n se puede construir un futuro siendo fiel a uno mismo.<\/p>\n\n\n\n<figure class=\"wp-block-gallery has-nested-images columns-default is-cropped wp-block-gallery-1 is-layout-flex wp-block-gallery-is-layout-flex\">\n<figure class=\"wp-block-image size-large\"><img data-recalc-dims=\"1\" decoding=\"async\" width=\"683\" height=\"1024\" data-id=\"102930\" src=\"https:\/\/i0.wp.com\/zeromagazine.mx\/wp-content\/uploads\/2025\/05\/IMG_4258-683x1024.jpeg?resize=683%2C1024&#038;ssl=1\" alt=\"\" class=\"wp-image-102930\" srcset=\"https:\/\/i0.wp.com\/zeromagazine.mx\/wp-content\/uploads\/2025\/05\/IMG_4258-scaled.jpeg?resize=683%2C1024&amp;ssl=1 683w, https:\/\/i0.wp.com\/zeromagazine.mx\/wp-content\/uploads\/2025\/05\/IMG_4258-scaled.jpeg?resize=200%2C300&amp;ssl=1 200w, https:\/\/i0.wp.com\/zeromagazine.mx\/wp-content\/uploads\/2025\/05\/IMG_4258-scaled.jpeg?resize=768%2C1152&amp;ssl=1 768w, https:\/\/i0.wp.com\/zeromagazine.mx\/wp-content\/uploads\/2025\/05\/IMG_4258-scaled.jpeg?resize=1024%2C1536&amp;ssl=1 1024w, https:\/\/i0.wp.com\/zeromagazine.mx\/wp-content\/uploads\/2025\/05\/IMG_4258-scaled.jpeg?resize=1365%2C2048&amp;ssl=1 1365w, https:\/\/i0.wp.com\/zeromagazine.mx\/wp-content\/uploads\/2025\/05\/IMG_4258-scaled.jpeg?w=1707&amp;ssl=1 1707w\" sizes=\"(max-width: 683px) 100vw, 683px\" \/><\/figure>\n\n\n\n<figure class=\"wp-block-image size-large\"><img data-recalc-dims=\"1\" decoding=\"async\" width=\"683\" height=\"1024\" data-id=\"102929\" src=\"https:\/\/i0.wp.com\/zeromagazine.mx\/wp-content\/uploads\/2025\/05\/IMG_4255-1-683x1024.jpeg?resize=683%2C1024&#038;ssl=1\" alt=\"\" class=\"wp-image-102929\" srcset=\"https:\/\/i0.wp.com\/zeromagazine.mx\/wp-content\/uploads\/2025\/05\/IMG_4255-1-scaled.jpeg?resize=683%2C1024&amp;ssl=1 683w, https:\/\/i0.wp.com\/zeromagazine.mx\/wp-content\/uploads\/2025\/05\/IMG_4255-1-scaled.jpeg?resize=200%2C300&amp;ssl=1 200w, https:\/\/i0.wp.com\/zeromagazine.mx\/wp-content\/uploads\/2025\/05\/IMG_4255-1-scaled.jpeg?resize=768%2C1152&amp;ssl=1 768w, https:\/\/i0.wp.com\/zeromagazine.mx\/wp-content\/uploads\/2025\/05\/IMG_4255-1-scaled.jpeg?resize=1024%2C1536&amp;ssl=1 1024w, https:\/\/i0.wp.com\/zeromagazine.mx\/wp-content\/uploads\/2025\/05\/IMG_4255-1-scaled.jpeg?resize=1365%2C2048&amp;ssl=1 1365w, https:\/\/i0.wp.com\/zeromagazine.mx\/wp-content\/uploads\/2025\/05\/IMG_4255-1-scaled.jpeg?w=1707&amp;ssl=1 1707w\" sizes=\"(max-width: 683px) 100vw, 683px\" \/><\/figure>\n\n\n\n<figure class=\"wp-block-image size-large\"><img data-recalc-dims=\"1\" decoding=\"async\" width=\"683\" height=\"1024\" data-id=\"102933\" src=\"https:\/\/i0.wp.com\/zeromagazine.mx\/wp-content\/uploads\/2025\/05\/IMG_4254-683x1024.jpeg?resize=683%2C1024&#038;ssl=1\" alt=\"\" class=\"wp-image-102933\" srcset=\"https:\/\/i0.wp.com\/zeromagazine.mx\/wp-content\/uploads\/2025\/05\/IMG_4254-scaled.jpeg?resize=683%2C1024&amp;ssl=1 683w, https:\/\/i0.wp.com\/zeromagazine.mx\/wp-content\/uploads\/2025\/05\/IMG_4254-scaled.jpeg?resize=200%2C300&amp;ssl=1 200w, https:\/\/i0.wp.com\/zeromagazine.mx\/wp-content\/uploads\/2025\/05\/IMG_4254-scaled.jpeg?resize=768%2C1152&amp;ssl=1 768w, https:\/\/i0.wp.com\/zeromagazine.mx\/wp-content\/uploads\/2025\/05\/IMG_4254-scaled.jpeg?resize=1024%2C1536&amp;ssl=1 1024w, https:\/\/i0.wp.com\/zeromagazine.mx\/wp-content\/uploads\/2025\/05\/IMG_4254-scaled.jpeg?resize=1365%2C2048&amp;ssl=1 1365w, https:\/\/i0.wp.com\/zeromagazine.mx\/wp-content\/uploads\/2025\/05\/IMG_4254-scaled.jpeg?w=1707&amp;ssl=1 1707w\" sizes=\"(max-width: 683px) 100vw, 683px\" \/><\/figure>\n\n\n\n<figure class=\"wp-block-image size-large\"><img data-recalc-dims=\"1\" decoding=\"async\" width=\"683\" height=\"1024\" data-id=\"102932\" src=\"https:\/\/i0.wp.com\/zeromagazine.mx\/wp-content\/uploads\/2025\/05\/IMG_4253-683x1024.jpeg?resize=683%2C1024&#038;ssl=1\" alt=\"\" class=\"wp-image-102932\" srcset=\"https:\/\/i0.wp.com\/zeromagazine.mx\/wp-content\/uploads\/2025\/05\/IMG_4253-scaled.jpeg?resize=683%2C1024&amp;ssl=1 683w, https:\/\/i0.wp.com\/zeromagazine.mx\/wp-content\/uploads\/2025\/05\/IMG_4253-scaled.jpeg?resize=200%2C300&amp;ssl=1 200w, https:\/\/i0.wp.com\/zeromagazine.mx\/wp-content\/uploads\/2025\/05\/IMG_4253-scaled.jpeg?resize=768%2C1152&amp;ssl=1 768w, https:\/\/i0.wp.com\/zeromagazine.mx\/wp-content\/uploads\/2025\/05\/IMG_4253-scaled.jpeg?resize=1024%2C1536&amp;ssl=1 1024w, https:\/\/i0.wp.com\/zeromagazine.mx\/wp-content\/uploads\/2025\/05\/IMG_4253-scaled.jpeg?resize=1365%2C2048&amp;ssl=1 1365w, https:\/\/i0.wp.com\/zeromagazine.mx\/wp-content\/uploads\/2025\/05\/IMG_4253-scaled.jpeg?w=1707&amp;ssl=1 1707w\" sizes=\"(max-width: 683px) 100vw, 683px\" \/><\/figure>\n\n\n\n<figure class=\"wp-block-image size-large\"><img data-recalc-dims=\"1\" decoding=\"async\" width=\"683\" height=\"1024\" data-id=\"102927\" src=\"https:\/\/i0.wp.com\/zeromagazine.mx\/wp-content\/uploads\/2025\/05\/IMG_4250-683x1024.jpeg?resize=683%2C1024&#038;ssl=1\" alt=\"\" class=\"wp-image-102927\" srcset=\"https:\/\/i0.wp.com\/zeromagazine.mx\/wp-content\/uploads\/2025\/05\/IMG_4250-scaled.jpeg?resize=683%2C1024&amp;ssl=1 683w, https:\/\/i0.wp.com\/zeromagazine.mx\/wp-content\/uploads\/2025\/05\/IMG_4250-scaled.jpeg?resize=200%2C300&amp;ssl=1 200w, https:\/\/i0.wp.com\/zeromagazine.mx\/wp-content\/uploads\/2025\/05\/IMG_4250-scaled.jpeg?resize=768%2C1152&amp;ssl=1 768w, https:\/\/i0.wp.com\/zeromagazine.mx\/wp-content\/uploads\/2025\/05\/IMG_4250-scaled.jpeg?resize=1024%2C1536&amp;ssl=1 1024w, https:\/\/i0.wp.com\/zeromagazine.mx\/wp-content\/uploads\/2025\/05\/IMG_4250-scaled.jpeg?resize=1365%2C2048&amp;ssl=1 1365w, https:\/\/i0.wp.com\/zeromagazine.mx\/wp-content\/uploads\/2025\/05\/IMG_4250-scaled.jpeg?w=1707&amp;ssl=1 1707w\" sizes=\"(max-width: 683px) 100vw, 683px\" \/><\/figure>\n\n\n\n<figure class=\"wp-block-image size-large\"><img data-recalc-dims=\"1\" decoding=\"async\" width=\"683\" height=\"1024\" data-id=\"102928\" src=\"https:\/\/i0.wp.com\/zeromagazine.mx\/wp-content\/uploads\/2025\/05\/IMG_4249-683x1024.jpeg?resize=683%2C1024&#038;ssl=1\" alt=\"\" class=\"wp-image-102928\" srcset=\"https:\/\/i0.wp.com\/zeromagazine.mx\/wp-content\/uploads\/2025\/05\/IMG_4249-scaled.jpeg?resize=683%2C1024&amp;ssl=1 683w, https:\/\/i0.wp.com\/zeromagazine.mx\/wp-content\/uploads\/2025\/05\/IMG_4249-scaled.jpeg?resize=200%2C300&amp;ssl=1 200w, https:\/\/i0.wp.com\/zeromagazine.mx\/wp-content\/uploads\/2025\/05\/IMG_4249-scaled.jpeg?resize=768%2C1152&amp;ssl=1 768w, https:\/\/i0.wp.com\/zeromagazine.mx\/wp-content\/uploads\/2025\/05\/IMG_4249-scaled.jpeg?resize=1024%2C1536&amp;ssl=1 1024w, https:\/\/i0.wp.com\/zeromagazine.mx\/wp-content\/uploads\/2025\/05\/IMG_4249-scaled.jpeg?resize=1365%2C2048&amp;ssl=1 1365w, https:\/\/i0.wp.com\/zeromagazine.mx\/wp-content\/uploads\/2025\/05\/IMG_4249-scaled.jpeg?w=1707&amp;ssl=1 1707w\" sizes=\"(max-width: 683px) 100vw, 683px\" \/><\/figure>\n\n\n\n<figure class=\"wp-block-image size-large\"><img data-recalc-dims=\"1\" decoding=\"async\" width=\"683\" height=\"1024\" data-id=\"102925\" src=\"https:\/\/i0.wp.com\/zeromagazine.mx\/wp-content\/uploads\/2025\/05\/IMG_4248-683x1024.jpeg?resize=683%2C1024&#038;ssl=1\" alt=\"\" class=\"wp-image-102925\" srcset=\"https:\/\/i0.wp.com\/zeromagazine.mx\/wp-content\/uploads\/2025\/05\/IMG_4248-scaled.jpeg?resize=683%2C1024&amp;ssl=1 683w, https:\/\/i0.wp.com\/zeromagazine.mx\/wp-content\/uploads\/2025\/05\/IMG_4248-scaled.jpeg?resize=200%2C300&amp;ssl=1 200w, https:\/\/i0.wp.com\/zeromagazine.mx\/wp-content\/uploads\/2025\/05\/IMG_4248-scaled.jpeg?resize=768%2C1152&amp;ssl=1 768w, https:\/\/i0.wp.com\/zeromagazine.mx\/wp-content\/uploads\/2025\/05\/IMG_4248-scaled.jpeg?resize=1024%2C1536&amp;ssl=1 1024w, https:\/\/i0.wp.com\/zeromagazine.mx\/wp-content\/uploads\/2025\/05\/IMG_4248-scaled.jpeg?resize=1365%2C2048&amp;ssl=1 1365w, https:\/\/i0.wp.com\/zeromagazine.mx\/wp-content\/uploads\/2025\/05\/IMG_4248-scaled.jpeg?w=1707&amp;ssl=1 1707w\" sizes=\"(max-width: 683px) 100vw, 683px\" \/><\/figure>\n\n\n\n<figure class=\"wp-block-image size-large\"><img data-recalc-dims=\"1\" decoding=\"async\" width=\"683\" height=\"1024\" data-id=\"102931\" src=\"https:\/\/i0.wp.com\/zeromagazine.mx\/wp-content\/uploads\/2025\/05\/IMG_4243-683x1024.jpeg?resize=683%2C1024&#038;ssl=1\" alt=\"\" class=\"wp-image-102931\" srcset=\"https:\/\/i0.wp.com\/zeromagazine.mx\/wp-content\/uploads\/2025\/05\/IMG_4243-scaled.jpeg?resize=683%2C1024&amp;ssl=1 683w, https:\/\/i0.wp.com\/zeromagazine.mx\/wp-content\/uploads\/2025\/05\/IMG_4243-scaled.jpeg?resize=200%2C300&amp;ssl=1 200w, https:\/\/i0.wp.com\/zeromagazine.mx\/wp-content\/uploads\/2025\/05\/IMG_4243-scaled.jpeg?resize=768%2C1152&amp;ssl=1 768w, https:\/\/i0.wp.com\/zeromagazine.mx\/wp-content\/uploads\/2025\/05\/IMG_4243-scaled.jpeg?resize=1024%2C1536&amp;ssl=1 1024w, https:\/\/i0.wp.com\/zeromagazine.mx\/wp-content\/uploads\/2025\/05\/IMG_4243-scaled.jpeg?resize=1365%2C2048&amp;ssl=1 1365w, https:\/\/i0.wp.com\/zeromagazine.mx\/wp-content\/uploads\/2025\/05\/IMG_4243-scaled.jpeg?w=1707&amp;ssl=1 1707w\" sizes=\"(max-width: 683px) 100vw, 683px\" \/><\/figure>\n\n\n\n<figure class=\"wp-block-image size-large\"><img data-recalc-dims=\"1\" decoding=\"async\" width=\"683\" height=\"1024\" data-id=\"102926\" src=\"https:\/\/i0.wp.com\/zeromagazine.mx\/wp-content\/uploads\/2025\/05\/IMG_4242-683x1024.jpeg?resize=683%2C1024&#038;ssl=1\" alt=\"\" class=\"wp-image-102926\" srcset=\"https:\/\/i0.wp.com\/zeromagazine.mx\/wp-content\/uploads\/2025\/05\/IMG_4242-scaled.jpeg?resize=683%2C1024&amp;ssl=1 683w, https:\/\/i0.wp.com\/zeromagazine.mx\/wp-content\/uploads\/2025\/05\/IMG_4242-scaled.jpeg?resize=200%2C300&amp;ssl=1 200w, https:\/\/i0.wp.com\/zeromagazine.mx\/wp-content\/uploads\/2025\/05\/IMG_4242-scaled.jpeg?resize=768%2C1152&amp;ssl=1 768w, https:\/\/i0.wp.com\/zeromagazine.mx\/wp-content\/uploads\/2025\/05\/IMG_4242-scaled.jpeg?resize=1024%2C1536&amp;ssl=1 1024w, https:\/\/i0.wp.com\/zeromagazine.mx\/wp-content\/uploads\/2025\/05\/IMG_4242-scaled.jpeg?resize=1365%2C2048&amp;ssl=1 1365w, https:\/\/i0.wp.com\/zeromagazine.mx\/wp-content\/uploads\/2025\/05\/IMG_4242-scaled.jpeg?w=1707&amp;ssl=1 1707w\" sizes=\"(max-width: 683px) 100vw, 683px\" \/><\/figure>\n<\/figure>","protected":false},"excerpt":{"rendered":"<p>Hay quienes se visten, y hay quienes se expresan. Andrik \u00c1lvarez pertenece a la segunda categor\u00eda. Con una sensibilidad est\u00e9tica que combina moda, arquitectura y esencia personal, este joven creador de contenido ha convertido su estilo en una forma de hablarle al mundo sin decir una sola palabra. En esta edici\u00f3n especial del D\u00eda del [&hellip;]<\/p>\n","protected":false},"author":4,"featured_media":102841,"comment_status":"open","ping_status":"open","sticky":false,"template":"","format":"standard","meta":{"_jetpack_memberships_contains_paid_content":false,"footnotes":"","jetpack_publicize_message":"","jetpack_publicize_feature_enabled":true,"jetpack_social_post_already_shared":true,"jetpack_social_options":{"image_generator_settings":{"template":"highway","default_image_id":0,"font":"","enabled":false},"version":2}},"categories":[98],"tags":[],"class_list":["post-102840","post","type-post","status-publish","format-standard","has-post-thumbnail","hentry","category-portada","has-post-title","has-post-date","has-post-category","has-post-tag","has-post-comment","has-post-author",""],"yoast_head":"<!-- This site is optimized with the Yoast SEO plugin v27.5 - https:\/\/yoast.com\/product\/yoast-seo-wordpress\/ -->\n<title>ANDRIK \u00c1LVAREZ: THE COOLEST KID IN TOWN - Zero Magazine<\/title>\n<meta name=\"description\" content=\"Andrik \u00c1lvarez nos habla de estilo, autenticidad y creatividad en una entrevista inspirada en el D\u00eda del Ni\u00f1o.\" \/>\n<meta name=\"robots\" content=\"index, follow, max-snippet:-1, max-image-preview:large, max-video-preview:-1\" \/>\n<link rel=\"canonical\" href=\"https:\/\/zeromagazine.mx\/index.php\/2025\/05\/05\/andrik-alvarez-the-coolest-kid-in-town\/\" \/>\n<meta property=\"og:locale\" content=\"es_ES\" \/>\n<meta property=\"og:type\" content=\"article\" \/>\n<meta property=\"og:title\" content=\"ANDRIK \u00c1LVAREZ: THE COOLEST KID IN TOWN - Zero Magazine\" \/>\n<meta property=\"og:description\" content=\"Andrik \u00c1lvarez nos habla de estilo, autenticidad y creatividad en una entrevista inspirada en el D\u00eda del Ni\u00f1o.\" \/>\n<meta property=\"og:url\" content=\"https:\/\/zeromagazine.mx\/index.php\/2025\/05\/05\/andrik-alvarez-the-coolest-kid-in-town\/\" \/>\n<meta property=\"og:site_name\" content=\"Zero Magazine\" \/>\n<meta property=\"article:published_time\" content=\"2025-05-06T00:49:43+00:00\" \/>\n<meta property=\"article:modified_time\" content=\"2025-05-06T00:49:45+00:00\" \/>\n<meta property=\"og:image\" content=\"http:\/\/zeromagazine.mx\/wp-content\/uploads\/2025\/05\/IMG_4259-scaled.jpeg\" \/>\n\t<meta property=\"og:image:width\" content=\"1978\" \/>\n\t<meta property=\"og:image:height\" content=\"2560\" \/>\n\t<meta property=\"og:image:type\" content=\"image\/jpeg\" \/>\n<meta name=\"author\" content=\"David Morales\" \/>\n<meta name=\"twitter:card\" content=\"summary_large_image\" \/>\n<meta name=\"twitter:label1\" content=\"Escrito por\" \/>\n\t<meta name=\"twitter:data1\" content=\"David Morales\" \/>\n\t<meta name=\"twitter:label2\" content=\"Tiempo de lectura\" \/>\n\t<meta name=\"twitter:data2\" content=\"9 minutos\" \/>\n<script type=\"application\/ld+json\" class=\"yoast-schema-graph\">{\"@context\":\"https:\\\/\\\/schema.org\",\"@graph\":[{\"@type\":\"Article\",\"@id\":\"https:\\\/\\\/zeromagazine.mx\\\/index.php\\\/2025\\\/05\\\/05\\\/andrik-alvarez-the-coolest-kid-in-town\\\/#article\",\"isPartOf\":{\"@id\":\"https:\\\/\\\/zeromagazine.mx\\\/index.php\\\/2025\\\/05\\\/05\\\/andrik-alvarez-the-coolest-kid-in-town\\\/\"},\"author\":{\"name\":\"David Morales\",\"@id\":\"https:\\\/\\\/zeromagazine.mx\\\/#\\\/schema\\\/person\\\/9f7f1a17c60ba8e9980e3e6677aabe5a\"},\"headline\":\"ANDRIK \u00c1LVAREZ: THE COOLEST KID IN TOWN\",\"datePublished\":\"2025-05-06T00:49:43+00:00\",\"dateModified\":\"2025-05-06T00:49:45+00:00\",\"mainEntityOfPage\":{\"@id\":\"https:\\\/\\\/zeromagazine.mx\\\/index.php\\\/2025\\\/05\\\/05\\\/andrik-alvarez-the-coolest-kid-in-town\\\/\"},\"wordCount\":1046,\"commentCount\":0,\"publisher\":{\"@id\":\"https:\\\/\\\/zeromagazine.mx\\\/#organization\"},\"image\":{\"@id\":\"https:\\\/\\\/zeromagazine.mx\\\/index.php\\\/2025\\\/05\\\/05\\\/andrik-alvarez-the-coolest-kid-in-town\\\/#primaryimage\"},\"thumbnailUrl\":\"https:\\\/\\\/i0.wp.com\\\/zeromagazine.mx\\\/wp-content\\\/uploads\\\/2025\\\/05\\\/IMG_4259-scaled.jpeg?fit=1978%2C2560&ssl=1\",\"articleSection\":[\"Portada\"],\"inLanguage\":\"es\",\"potentialAction\":[{\"@type\":\"CommentAction\",\"name\":\"Comment\",\"target\":[\"https:\\\/\\\/zeromagazine.mx\\\/index.php\\\/2025\\\/05\\\/05\\\/andrik-alvarez-the-coolest-kid-in-town\\\/#respond\"]}]},{\"@type\":\"WebPage\",\"@id\":\"https:\\\/\\\/zeromagazine.mx\\\/index.php\\\/2025\\\/05\\\/05\\\/andrik-alvarez-the-coolest-kid-in-town\\\/\",\"url\":\"https:\\\/\\\/zeromagazine.mx\\\/index.php\\\/2025\\\/05\\\/05\\\/andrik-alvarez-the-coolest-kid-in-town\\\/\",\"name\":\"ANDRIK \u00c1LVAREZ: THE COOLEST KID IN TOWN - Zero Magazine\",\"isPartOf\":{\"@id\":\"https:\\\/\\\/zeromagazine.mx\\\/#website\"},\"primaryImageOfPage\":{\"@id\":\"https:\\\/\\\/zeromagazine.mx\\\/index.php\\\/2025\\\/05\\\/05\\\/andrik-alvarez-the-coolest-kid-in-town\\\/#primaryimage\"},\"image\":{\"@id\":\"https:\\\/\\\/zeromagazine.mx\\\/index.php\\\/2025\\\/05\\\/05\\\/andrik-alvarez-the-coolest-kid-in-town\\\/#primaryimage\"},\"thumbnailUrl\":\"https:\\\/\\\/i0.wp.com\\\/zeromagazine.mx\\\/wp-content\\\/uploads\\\/2025\\\/05\\\/IMG_4259-scaled.jpeg?fit=1978%2C2560&ssl=1\",\"datePublished\":\"2025-05-06T00:49:43+00:00\",\"dateModified\":\"2025-05-06T00:49:45+00:00\",\"description\":\"Andrik \u00c1lvarez nos habla de estilo, autenticidad y creatividad en una entrevista inspirada en el D\u00eda del Ni\u00f1o.\",\"breadcrumb\":{\"@id\":\"https:\\\/\\\/zeromagazine.mx\\\/index.php\\\/2025\\\/05\\\/05\\\/andrik-alvarez-the-coolest-kid-in-town\\\/#breadcrumb\"},\"inLanguage\":\"es\",\"potentialAction\":[{\"@type\":\"ReadAction\",\"target\":[\"https:\\\/\\\/zeromagazine.mx\\\/index.php\\\/2025\\\/05\\\/05\\\/andrik-alvarez-the-coolest-kid-in-town\\\/\"]}]},{\"@type\":\"ImageObject\",\"inLanguage\":\"es\",\"@id\":\"https:\\\/\\\/zeromagazine.mx\\\/index.php\\\/2025\\\/05\\\/05\\\/andrik-alvarez-the-coolest-kid-in-town\\\/#primaryimage\",\"url\":\"https:\\\/\\\/i0.wp.com\\\/zeromagazine.mx\\\/wp-content\\\/uploads\\\/2025\\\/05\\\/IMG_4259-scaled.jpeg?fit=1978%2C2560&ssl=1\",\"contentUrl\":\"https:\\\/\\\/i0.wp.com\\\/zeromagazine.mx\\\/wp-content\\\/uploads\\\/2025\\\/05\\\/IMG_4259-scaled.jpeg?fit=1978%2C2560&ssl=1\",\"width\":1978,\"height\":2560},{\"@type\":\"BreadcrumbList\",\"@id\":\"https:\\\/\\\/zeromagazine.mx\\\/index.php\\\/2025\\\/05\\\/05\\\/andrik-alvarez-the-coolest-kid-in-town\\\/#breadcrumb\",\"itemListElement\":[{\"@type\":\"ListItem\",\"position\":1,\"name\":\"Portada\",\"item\":\"https:\\\/\\\/zeromagazine.mx\\\/\"},{\"@type\":\"ListItem\",\"position\":2,\"name\":\"ANDRIK \u00c1LVAREZ: THE COOLEST KID IN TOWN\"}]},{\"@type\":\"WebSite\",\"@id\":\"https:\\\/\\\/zeromagazine.mx\\\/#website\",\"url\":\"https:\\\/\\\/zeromagazine.mx\\\/\",\"name\":\"Zero Magazine\",\"description\":\"\",\"publisher\":{\"@id\":\"https:\\\/\\\/zeromagazine.mx\\\/#organization\"},\"potentialAction\":[{\"@type\":\"SearchAction\",\"target\":{\"@type\":\"EntryPoint\",\"urlTemplate\":\"https:\\\/\\\/zeromagazine.mx\\\/?s={search_term_string}\"},\"query-input\":{\"@type\":\"PropertyValueSpecification\",\"valueRequired\":true,\"valueName\":\"search_term_string\"}}],\"inLanguage\":\"es\"},{\"@type\":\"Organization\",\"@id\":\"https:\\\/\\\/zeromagazine.mx\\\/#organization\",\"name\":\"Zero Magazine\",\"url\":\"https:\\\/\\\/zeromagazine.mx\\\/\",\"logo\":{\"@type\":\"ImageObject\",\"inLanguage\":\"es\",\"@id\":\"https:\\\/\\\/zeromagazine.mx\\\/#\\\/schema\\\/logo\\\/image\\\/\",\"url\":\"https:\\\/\\\/i0.wp.com\\\/zeromagazine.mx\\\/wp-content\\\/uploads\\\/2025\\\/11\\\/1.jpeg?fit=1000%2C1000&ssl=1\",\"contentUrl\":\"https:\\\/\\\/i0.wp.com\\\/zeromagazine.mx\\\/wp-content\\\/uploads\\\/2025\\\/11\\\/1.jpeg?fit=1000%2C1000&ssl=1\",\"width\":1000,\"height\":1000,\"caption\":\"Zero Magazine\"},\"image\":{\"@id\":\"https:\\\/\\\/zeromagazine.mx\\\/#\\\/schema\\\/logo\\\/image\\\/\"},\"sameAs\":[\"https:\\\/\\\/instagram.com\\\/zeromagazinemx\"]},{\"@type\":\"Person\",\"@id\":\"https:\\\/\\\/zeromagazine.mx\\\/#\\\/schema\\\/person\\\/9f7f1a17c60ba8e9980e3e6677aabe5a\",\"name\":\"David Morales\",\"image\":{\"@type\":\"ImageObject\",\"inLanguage\":\"es\",\"@id\":\"https:\\\/\\\/zeromagazine.mx\\\/wp-content\\\/litespeed\\\/avatar\\\/76069d2136bfc1c37dc34815bb67ca42.jpg?ver=1776966186\",\"url\":\"https:\\\/\\\/zeromagazine.mx\\\/wp-content\\\/litespeed\\\/avatar\\\/76069d2136bfc1c37dc34815bb67ca42.jpg?ver=1776966186\",\"contentUrl\":\"https:\\\/\\\/zeromagazine.mx\\\/wp-content\\\/litespeed\\\/avatar\\\/76069d2136bfc1c37dc34815bb67ca42.jpg?ver=1776966186\",\"caption\":\"David Morales\"},\"url\":\"https:\\\/\\\/zeromagazine.mx\\\/index.php\\\/author\\\/david\\\/\"}]}<\/script>\n<!-- \/ Yoast SEO plugin. -->","yoast_head_json":{"title":"ANDRIK \u00c1LVAREZ: THE COOLEST KID IN TOWN - Zero Magazine","description":"Andrik \u00c1lvarez nos habla de estilo, autenticidad y creatividad en una entrevista inspirada en el D\u00eda del Ni\u00f1o.","robots":{"index":"index","follow":"follow","max-snippet":"max-snippet:-1","max-image-preview":"max-image-preview:large","max-video-preview":"max-video-preview:-1"},"canonical":"https:\/\/zeromagazine.mx\/index.php\/2025\/05\/05\/andrik-alvarez-the-coolest-kid-in-town\/","og_locale":"es_ES","og_type":"article","og_title":"ANDRIK \u00c1LVAREZ: THE COOLEST KID IN TOWN - Zero Magazine","og_description":"Andrik \u00c1lvarez nos habla de estilo, autenticidad y creatividad en una entrevista inspirada en el D\u00eda del Ni\u00f1o.","og_url":"https:\/\/zeromagazine.mx\/index.php\/2025\/05\/05\/andrik-alvarez-the-coolest-kid-in-town\/","og_site_name":"Zero Magazine","article_published_time":"2025-05-06T00:49:43+00:00","article_modified_time":"2025-05-06T00:49:45+00:00","og_image":[{"width":1978,"height":2560,"url":"http:\/\/zeromagazine.mx\/wp-content\/uploads\/2025\/05\/IMG_4259-scaled.jpeg","type":"image\/jpeg"}],"author":"David Morales","twitter_card":"summary_large_image","twitter_misc":{"Escrito por":"David Morales","Tiempo de lectura":"9 minutos"},"schema":{"@context":"https:\/\/schema.org","@graph":[{"@type":"Article","@id":"https:\/\/zeromagazine.mx\/index.php\/2025\/05\/05\/andrik-alvarez-the-coolest-kid-in-town\/#article","isPartOf":{"@id":"https:\/\/zeromagazine.mx\/index.php\/2025\/05\/05\/andrik-alvarez-the-coolest-kid-in-town\/"},"author":{"name":"David Morales","@id":"https:\/\/zeromagazine.mx\/#\/schema\/person\/9f7f1a17c60ba8e9980e3e6677aabe5a"},"headline":"ANDRIK \u00c1LVAREZ: THE COOLEST KID IN TOWN","datePublished":"2025-05-06T00:49:43+00:00","dateModified":"2025-05-06T00:49:45+00:00","mainEntityOfPage":{"@id":"https:\/\/zeromagazine.mx\/index.php\/2025\/05\/05\/andrik-alvarez-the-coolest-kid-in-town\/"},"wordCount":1046,"commentCount":0,"publisher":{"@id":"https:\/\/zeromagazine.mx\/#organization"},"image":{"@id":"https:\/\/zeromagazine.mx\/index.php\/2025\/05\/05\/andrik-alvarez-the-coolest-kid-in-town\/#primaryimage"},"thumbnailUrl":"https:\/\/i0.wp.com\/zeromagazine.mx\/wp-content\/uploads\/2025\/05\/IMG_4259-scaled.jpeg?fit=1978%2C2560&ssl=1","articleSection":["Portada"],"inLanguage":"es","potentialAction":[{"@type":"CommentAction","name":"Comment","target":["https:\/\/zeromagazine.mx\/index.php\/2025\/05\/05\/andrik-alvarez-the-coolest-kid-in-town\/#respond"]}]},{"@type":"WebPage","@id":"https:\/\/zeromagazine.mx\/index.php\/2025\/05\/05\/andrik-alvarez-the-coolest-kid-in-town\/","url":"https:\/\/zeromagazine.mx\/index.php\/2025\/05\/05\/andrik-alvarez-the-coolest-kid-in-town\/","name":"ANDRIK \u00c1LVAREZ: THE COOLEST KID IN TOWN - Zero Magazine","isPartOf":{"@id":"https:\/\/zeromagazine.mx\/#website"},"primaryImageOfPage":{"@id":"https:\/\/zeromagazine.mx\/index.php\/2025\/05\/05\/andrik-alvarez-the-coolest-kid-in-town\/#primaryimage"},"image":{"@id":"https:\/\/zeromagazine.mx\/index.php\/2025\/05\/05\/andrik-alvarez-the-coolest-kid-in-town\/#primaryimage"},"thumbnailUrl":"https:\/\/i0.wp.com\/zeromagazine.mx\/wp-content\/uploads\/2025\/05\/IMG_4259-scaled.jpeg?fit=1978%2C2560&ssl=1","datePublished":"2025-05-06T00:49:43+00:00","dateModified":"2025-05-06T00:49:45+00:00","description":"Andrik \u00c1lvarez nos habla de estilo, autenticidad y creatividad en una entrevista inspirada en el D\u00eda del Ni\u00f1o.","breadcrumb":{"@id":"https:\/\/zeromagazine.mx\/index.php\/2025\/05\/05\/andrik-alvarez-the-coolest-kid-in-town\/#breadcrumb"},"inLanguage":"es","potentialAction":[{"@type":"ReadAction","target":["https:\/\/zeromagazine.mx\/index.php\/2025\/05\/05\/andrik-alvarez-the-coolest-kid-in-town\/"]}]},{"@type":"ImageObject","inLanguage":"es","@id":"https:\/\/zeromagazine.mx\/index.php\/2025\/05\/05\/andrik-alvarez-the-coolest-kid-in-town\/#primaryimage","url":"https:\/\/i0.wp.com\/zeromagazine.mx\/wp-content\/uploads\/2025\/05\/IMG_4259-scaled.jpeg?fit=1978%2C2560&ssl=1","contentUrl":"https:\/\/i0.wp.com\/zeromagazine.mx\/wp-content\/uploads\/2025\/05\/IMG_4259-scaled.jpeg?fit=1978%2C2560&ssl=1","width":1978,"height":2560},{"@type":"BreadcrumbList","@id":"https:\/\/zeromagazine.mx\/index.php\/2025\/05\/05\/andrik-alvarez-the-coolest-kid-in-town\/#breadcrumb","itemListElement":[{"@type":"ListItem","position":1,"name":"Portada","item":"https:\/\/zeromagazine.mx\/"},{"@type":"ListItem","position":2,"name":"ANDRIK \u00c1LVAREZ: THE COOLEST KID IN TOWN"}]},{"@type":"WebSite","@id":"https:\/\/zeromagazine.mx\/#website","url":"https:\/\/zeromagazine.mx\/","name":"Zero Magazine","description":"","publisher":{"@id":"https:\/\/zeromagazine.mx\/#organization"},"potentialAction":[{"@type":"SearchAction","target":{"@type":"EntryPoint","urlTemplate":"https:\/\/zeromagazine.mx\/?s={search_term_string}"},"query-input":{"@type":"PropertyValueSpecification","valueRequired":true,"valueName":"search_term_string"}}],"inLanguage":"es"},{"@type":"Organization","@id":"https:\/\/zeromagazine.mx\/#organization","name":"Zero Magazine","url":"https:\/\/zeromagazine.mx\/","logo":{"@type":"ImageObject","inLanguage":"es","@id":"https:\/\/zeromagazine.mx\/#\/schema\/logo\/image\/","url":"https:\/\/i0.wp.com\/zeromagazine.mx\/wp-content\/uploads\/2025\/11\/1.jpeg?fit=1000%2C1000&ssl=1","contentUrl":"https:\/\/i0.wp.com\/zeromagazine.mx\/wp-content\/uploads\/2025\/11\/1.jpeg?fit=1000%2C1000&ssl=1","width":1000,"height":1000,"caption":"Zero Magazine"},"image":{"@id":"https:\/\/zeromagazine.mx\/#\/schema\/logo\/image\/"},"sameAs":["https:\/\/instagram.com\/zeromagazinemx"]},{"@type":"Person","@id":"https:\/\/zeromagazine.mx\/#\/schema\/person\/9f7f1a17c60ba8e9980e3e6677aabe5a","name":"David Morales","image":{"@type":"ImageObject","inLanguage":"es","@id":"https:\/\/zeromagazine.mx\/wp-content\/litespeed\/avatar\/76069d2136bfc1c37dc34815bb67ca42.jpg?ver=1776966186","url":"https:\/\/zeromagazine.mx\/wp-content\/litespeed\/avatar\/76069d2136bfc1c37dc34815bb67ca42.jpg?ver=1776966186","contentUrl":"https:\/\/zeromagazine.mx\/wp-content\/litespeed\/avatar\/76069d2136bfc1c37dc34815bb67ca42.jpg?ver=1776966186","caption":"David Morales"},"url":"https:\/\/zeromagazine.mx\/index.php\/author\/david\/"}]}},"jetpack_publicize_connections":[],"jetpack_featured_media_url":"https:\/\/i0.wp.com\/zeromagazine.mx\/wp-content\/uploads\/2025\/05\/IMG_4259-scaled.jpeg?fit=1978%2C2560&ssl=1","jetpack-related-posts":[{"id":55810,"url":"https:\/\/zeromagazine.mx\/index.php\/2021\/10\/12\/viridiana-alvarez-la-nueva-embajadora-de-flexi-country\/","url_meta":{"origin":102840,"position":0},"title":"Viridiana \u00c1lvarez, la nueva embajadora de Flexi Country","author":"zeromagazinemx","date":"12 de octubre de 2021","format":false,"excerpt":"Flexi Country es una l\u00ednea especializada para realizar diferentes actividades outdoor y que actualmente es una de las marcas 100% mexicanas m\u00e1s reconocida en el mercado, y ahora, la alpinista Viridiana \u00c1lvarez porta con orgullo Flexi Country. Por Luis Lechuga Viridiana no solamente es una mujer preparada como licenciada de\u2026","rel":"","context":"En \u00abLifestyle\u00bb","block_context":{"text":"Lifestyle","link":"https:\/\/zeromagazine.mx\/index.php\/category\/lifestyle\/"},"img":{"alt_text":"","src":"https:\/\/i0.wp.com\/zeromagazinemx.wpcomstaging.com\/wp-content\/uploads\/2022\/02\/703a7-viridiana-alvarez.jpg?resize=350%2C200&ssl=1","width":350,"height":200,"srcset":"https:\/\/i0.wp.com\/zeromagazinemx.wpcomstaging.com\/wp-content\/uploads\/2022\/02\/703a7-viridiana-alvarez.jpg?resize=350%2C200&ssl=1 1x, https:\/\/i0.wp.com\/zeromagazinemx.wpcomstaging.com\/wp-content\/uploads\/2022\/02\/703a7-viridiana-alvarez.jpg?resize=525%2C300&ssl=1 1.5x, https:\/\/i0.wp.com\/zeromagazinemx.wpcomstaging.com\/wp-content\/uploads\/2022\/02\/703a7-viridiana-alvarez.jpg?resize=700%2C400&ssl=1 2x"},"classes":[]},{"id":75495,"url":"https:\/\/zeromagazine.mx\/index.php\/2024\/05\/06\/luis-alvares-a-tiktok-y-mas-alla\/","url_meta":{"origin":102840,"position":1},"title":"LUIS \u00c1LVAREZ: A TIKTOK Y M\u00c1S ALL\u00c1","author":"David Morales","date":"6 de mayo de 2024","format":false,"excerpt":"Luis \u00c1lvarez, el tiktoker mpas tierno y hot llega a encender nuestra portada.","rel":"","context":"En \u00abPortada\u00bb","block_context":{"text":"Portada","link":"https:\/\/zeromagazine.mx\/index.php\/category\/portada\/"},"img":{"alt_text":"","src":"https:\/\/i0.wp.com\/zeromagazine.mx\/wp-content\/uploads\/2024\/05\/IMG_0751-scaled.jpeg?fit=927%2C1200&ssl=1&resize=350%2C200","width":350,"height":200,"srcset":"https:\/\/i0.wp.com\/zeromagazine.mx\/wp-content\/uploads\/2024\/05\/IMG_0751-scaled.jpeg?fit=927%2C1200&ssl=1&resize=350%2C200 1x, https:\/\/i0.wp.com\/zeromagazine.mx\/wp-content\/uploads\/2024\/05\/IMG_0751-scaled.jpeg?fit=927%2C1200&ssl=1&resize=525%2C300 1.5x, https:\/\/i0.wp.com\/zeromagazine.mx\/wp-content\/uploads\/2024\/05\/IMG_0751-scaled.jpeg?fit=927%2C1200&ssl=1&resize=700%2C400 2x"},"classes":[]},{"id":56377,"url":"https:\/\/zeromagazine.mx\/index.php\/2021\/10\/21\/la-compania-idiotas-teatro-lleva-a-escena-a-golpe-de-calcetin-del-cuentista-mexicano-francisco-hinojosa\/","url_meta":{"origin":102840,"position":2},"title":"La compa\u00f1\u00eda Idiotas Teatro lleva a escena: A golpe de calcet\u00edn, del cuentista mexicano Francisco Hinojosa","author":"zeromagazinemx","date":"21 de octubre de 2021","format":false,"excerpt":"Del 23 de octubre al 19 de diciembre de 2021 (no hay funciones el d\u00eda 4 y 5 de diciembre) y del 8 al 16 de enero de 2022. 50% de descuento hasta el 23 de octubre. Por Marian Ricco La compa\u00f1\u00eda Idiotas Teatro, en colaboraci\u00f3n con 25 Producci\u00f3n, celebra\u2026","rel":"","context":"En \u00abEntretenimiento\u00bb","block_context":{"text":"Entretenimiento","link":"https:\/\/zeromagazine.mx\/index.php\/category\/entretenimiento\/"},"img":{"alt_text":"","src":"https:\/\/i0.wp.com\/zeromagazinemx.wpcomstaging.com\/wp-content\/uploads\/2022\/02\/a1c38-a-golpe-de-calcetin.jpg?resize=350%2C200&ssl=1","width":350,"height":200,"srcset":"https:\/\/i0.wp.com\/zeromagazinemx.wpcomstaging.com\/wp-content\/uploads\/2022\/02\/a1c38-a-golpe-de-calcetin.jpg?resize=350%2C200&ssl=1 1x, https:\/\/i0.wp.com\/zeromagazinemx.wpcomstaging.com\/wp-content\/uploads\/2022\/02\/a1c38-a-golpe-de-calcetin.jpg?resize=525%2C300&ssl=1 1.5x, https:\/\/i0.wp.com\/zeromagazinemx.wpcomstaging.com\/wp-content\/uploads\/2022\/02\/a1c38-a-golpe-de-calcetin.jpg?resize=700%2C400&ssl=1 2x"},"classes":[]},{"id":50267,"url":"https:\/\/zeromagazine.mx\/index.php\/2021\/07\/17\/galeria-de-arte-que-celebra-su-tercer-aniversario-con-la-exposicion-colectiva-esencias\/","url_meta":{"origin":102840,"position":3},"title":"GALER\u00cdA DE ARTE QUE CELEBRA SU TERCER ANIVERSARIO CON LA EXPOSICI\u00d3N COLECTIVA \u201cESENCIAS\u201d","author":"zeromagazinemx","date":"17 de julio de 2021","format":false,"excerpt":"Con motivo de su tercer aniversario, la galer\u00eda de arte Baga 06 presenta la muestra colectiva ESENCIAS, en la que participan tres de los artistas m\u00e1s representativos de este espacio: David Guzm\u00e1n, Herminia \u00c1lvarez y Musal\u00e1n, adem\u00e1s de tres invitados: Armando Romero, Miguel Mill\u00f3 y Nora Adame. Por Michelle Rodr\u00edguez\u2026","rel":"","context":"En \u00abLifestyle\u00bb","block_context":{"text":"Lifestyle","link":"https:\/\/zeromagazine.mx\/index.php\/category\/lifestyle\/"},"img":{"alt_text":"","src":"https:\/\/i0.wp.com\/atomic-temporary-84115225.wpcomstaging.com\/wp-content\/uploads\/2021\/07\/DSC_0218-685x1024.jpg?resize=350%2C200&ssl=1","width":350,"height":200,"srcset":"https:\/\/i0.wp.com\/atomic-temporary-84115225.wpcomstaging.com\/wp-content\/uploads\/2021\/07\/DSC_0218-685x1024.jpg?resize=350%2C200&ssl=1 1x, https:\/\/i0.wp.com\/atomic-temporary-84115225.wpcomstaging.com\/wp-content\/uploads\/2021\/07\/DSC_0218-685x1024.jpg?resize=525%2C300&ssl=1 1.5x"},"classes":[]},{"id":76215,"url":"https:\/\/zeromagazine.mx\/index.php\/2024\/05\/20\/primeros-premios-lideres-de-america\/","url_meta":{"origin":102840,"position":4},"title":"Primeros Premios L\u00edderes de Am\u00e9rica","author":"zeromagazinemx","date":"20 de mayo de 2024","format":false,"excerpt":"El 17 de mayo marc\u00f3 la primera edici\u00f3n en M\u00e9xico de los premios L\u00edderes de Am\u00e9rica, un evento alucinante que reconoci\u00f3 a mujeres exitosas en varios campos profesionales, y s\u00ed, \u00a1fue una noche llena de talento y celebraci\u00f3n en grande! Ahora, d\u00e9jame decirte que este evento estuvo lleno de momentos\u2026","rel":"","context":"En \u00abEntretenimiento\u00bb","block_context":{"text":"Entretenimiento","link":"https:\/\/zeromagazine.mx\/index.php\/category\/entretenimiento\/"},"img":{"alt_text":"","src":"https:\/\/i0.wp.com\/zeromagazine.mx\/wp-content\/uploads\/2024\/05\/WhatsApp-Image-2024-05-20-at-11.30.55.jpeg?fit=1200%2C900&ssl=1&resize=350%2C200","width":350,"height":200,"srcset":"https:\/\/i0.wp.com\/zeromagazine.mx\/wp-content\/uploads\/2024\/05\/WhatsApp-Image-2024-05-20-at-11.30.55.jpeg?fit=1200%2C900&ssl=1&resize=350%2C200 1x, https:\/\/i0.wp.com\/zeromagazine.mx\/wp-content\/uploads\/2024\/05\/WhatsApp-Image-2024-05-20-at-11.30.55.jpeg?fit=1200%2C900&ssl=1&resize=525%2C300 1.5x, https:\/\/i0.wp.com\/zeromagazine.mx\/wp-content\/uploads\/2024\/05\/WhatsApp-Image-2024-05-20-at-11.30.55.jpeg?fit=1200%2C900&ssl=1&resize=700%2C400 2x, https:\/\/i0.wp.com\/zeromagazine.mx\/wp-content\/uploads\/2024\/05\/WhatsApp-Image-2024-05-20-at-11.30.55.jpeg?fit=1200%2C900&ssl=1&resize=1050%2C600 3x"},"classes":[]},{"id":51938,"url":"https:\/\/zeromagazine.mx\/index.php\/2021\/08\/12\/clases-de-historia-del-director-marcelino-isla-hernandez-se-estrena-en-cines-el-9-de-septiembre-de-este-ano\/","url_meta":{"origin":102840,"position":5},"title":"\u201cClases de Historia\u201d del director Marcelino Isla Hern\u00e1ndez se estrena en cines el 9 de septiembre de este a\u00f1o","author":"zeromagazinemx","date":"12 de agosto de 2021","format":false,"excerpt":"Una nueva cinta mexicana protagonizada por Ver\u00f3nica Langer y Renata Vaca que ser\u00e1 estrenada en septiembre bajo la distribuci\u00f3n de Alfhaville Cinema. Por Moises Kushelevich En esta pel\u00edcula seguiremos la historia de Ver\u00f3nica, maestra de historia en una escuela secundaria y tiene c\u00e1ncer terminal. Su vida se vuelve mon\u00f3tona, con\u2026","rel":"","context":"En \u00abCine\u00bb","block_context":{"text":"Cine","link":"https:\/\/zeromagazine.mx\/index.php\/category\/entretenimiento\/cine\/"},"img":{"alt_text":"","src":"https:\/\/i0.wp.com\/img.youtube.com\/vi\/BAhE0khHWsI\/0.jpg?resize=350%2C200","width":350,"height":200},"classes":[]}],"jetpack_sharing_enabled":true,"builder_content":"","_links":{"self":[{"href":"https:\/\/zeromagazine.mx\/index.php\/wp-json\/wp\/v2\/posts\/102840","targetHints":{"allow":["GET"]}}],"collection":[{"href":"https:\/\/zeromagazine.mx\/index.php\/wp-json\/wp\/v2\/posts"}],"about":[{"href":"https:\/\/zeromagazine.mx\/index.php\/wp-json\/wp\/v2\/types\/post"}],"author":[{"embeddable":true,"href":"https:\/\/zeromagazine.mx\/index.php\/wp-json\/wp\/v2\/users\/4"}],"replies":[{"embeddable":true,"href":"https:\/\/zeromagazine.mx\/index.php\/wp-json\/wp\/v2\/comments?post=102840"}],"version-history":[{"count":2,"href":"https:\/\/zeromagazine.mx\/index.php\/wp-json\/wp\/v2\/posts\/102840\/revisions"}],"predecessor-version":[{"id":102936,"href":"https:\/\/zeromagazine.mx\/index.php\/wp-json\/wp\/v2\/posts\/102840\/revisions\/102936"}],"wp:featuredmedia":[{"embeddable":true,"href":"https:\/\/zeromagazine.mx\/index.php\/wp-json\/wp\/v2\/media\/102841"}],"wp:attachment":[{"href":"https:\/\/zeromagazine.mx\/index.php\/wp-json\/wp\/v2\/media?parent=102840"}],"wp:term":[{"taxonomy":"category","embeddable":true,"href":"https:\/\/zeromagazine.mx\/index.php\/wp-json\/wp\/v2\/categories?post=102840"},{"taxonomy":"post_tag","embeddable":true,"href":"https:\/\/zeromagazine.mx\/index.php\/wp-json\/wp\/v2\/tags?post=102840"}],"curies":[{"name":"wp","href":"https:\/\/api.w.org\/{rel}","templated":true}]}}