{"id":103080,"date":"2025-05-06T15:18:22","date_gmt":"2025-05-06T21:18:22","guid":{"rendered":"https:\/\/zeromagazine.mx\/?p=103080"},"modified":"2025-05-06T15:18:23","modified_gmt":"2025-05-06T21:18:23","slug":"ram-ram-te-invita-a-celebrar-el-dia-de-las-madres","status":"publish","type":"post","link":"https:\/\/zeromagazine.mx\/index.php\/2025\/05\/06\/ram-ram-te-invita-a-celebrar-el-dia-de-las-madres\/","title":{"rendered":"Ram Ram Te Invita A Celebrar EL D\u00eda De Las Madres"},"content":{"rendered":"<p>Amix, \u00bfya est\u00e1s hartx del skincare de mil pasos y productos que solo te marean? Por eso hoy te vengo a contar del nuevo lanzamiento de <strong>Ram Ram<\/strong>, una marca mexicana que est\u00e1 cambiando la narrativa de \u201cm\u00e1s es m\u00e1s\u201d por una visi\u00f3n mucho m\u00e1s simple, pero poderosa. Su filosof\u00eda <strong>Back to Basics<\/strong> nos invita a crear una <strong>rutina con intenci\u00f3n<\/strong>, usando productos limpios, naturales y sin complicaciones. O sea, menos drama, m\u00e1s autocuidado real. Y adem\u00e1s acercandose el <strong>10 de mayo<\/strong>, este es un regalo perfecto. As\u00ed es amix, <strong>Ram Ram <\/strong>te invita a celebrar el <strong>D\u00eda De La Madres<\/strong> con su nueva colecci\u00f3n, y a ti te cuento como.<\/p>\n\n\n\n<h3 class=\"wp-block-heading\">Cuatro b\u00e1sicos que lo cambian todo<\/h3>\n\n\n\n<figure class=\"wp-block-gallery has-nested-images columns-default is-cropped wp-block-gallery-1 is-layout-flex wp-block-gallery-is-layout-flex\">\n<figure class=\"wp-block-image size-large\"><img data-recalc-dims=\"1\" decoding=\"async\" width=\"819\" height=\"1024\" data-id=\"103083\" src=\"https:\/\/i0.wp.com\/zeromagazine.mx\/wp-content\/uploads\/2025\/05\/Pistachelle-Fotografia-05824-IG-819x1024.png?resize=819%2C1024&#038;ssl=1\" alt=\"\" class=\"wp-image-103083\" srcset=\"https:\/\/i0.wp.com\/zeromagazine.mx\/wp-content\/uploads\/2025\/05\/Pistachelle-Fotografia-05824-IG.png?resize=819%2C1024&amp;ssl=1 819w, https:\/\/i0.wp.com\/zeromagazine.mx\/wp-content\/uploads\/2025\/05\/Pistachelle-Fotografia-05824-IG.png?resize=240%2C300&amp;ssl=1 240w, https:\/\/i0.wp.com\/zeromagazine.mx\/wp-content\/uploads\/2025\/05\/Pistachelle-Fotografia-05824-IG.png?resize=768%2C960&amp;ssl=1 768w, https:\/\/i0.wp.com\/zeromagazine.mx\/wp-content\/uploads\/2025\/05\/Pistachelle-Fotografia-05824-IG.png?w=1080&amp;ssl=1 1080w\" sizes=\"(max-width: 819px) 100vw, 819px\" \/><\/figure>\n\n\n\n<figure class=\"wp-block-image size-large\"><img data-recalc-dims=\"1\" decoding=\"async\" width=\"919\" height=\"1024\" data-id=\"103081\" src=\"https:\/\/i0.wp.com\/zeromagazine.mx\/wp-content\/uploads\/2025\/05\/dm0010-919x1024.png?resize=919%2C1024&#038;ssl=1\" alt=\"\" class=\"wp-image-103081\" srcset=\"https:\/\/i0.wp.com\/zeromagazine.mx\/wp-content\/uploads\/2025\/05\/dm0010.png?resize=919%2C1024&amp;ssl=1 919w, https:\/\/i0.wp.com\/zeromagazine.mx\/wp-content\/uploads\/2025\/05\/dm0010.png?resize=269%2C300&amp;ssl=1 269w, https:\/\/i0.wp.com\/zeromagazine.mx\/wp-content\/uploads\/2025\/05\/dm0010.png?resize=768%2C855&amp;ssl=1 768w, https:\/\/i0.wp.com\/zeromagazine.mx\/wp-content\/uploads\/2025\/05\/dm0010.png?w=1020&amp;ssl=1 1020w\" sizes=\"(max-width: 919px) 100vw, 919px\" \/><\/figure>\n\n\n\n<figure class=\"wp-block-image size-large\"><img data-recalc-dims=\"1\" decoding=\"async\" width=\"1022\" height=\"1024\" data-id=\"103082\" src=\"https:\/\/i0.wp.com\/zeromagazine.mx\/wp-content\/uploads\/2025\/05\/dm0009-1022x1024.png?resize=1022%2C1024&#038;ssl=1\" alt=\"\" class=\"wp-image-103082\" srcset=\"https:\/\/i0.wp.com\/zeromagazine.mx\/wp-content\/uploads\/2025\/05\/dm0009.png?resize=1022%2C1024&amp;ssl=1 1022w, https:\/\/i0.wp.com\/zeromagazine.mx\/wp-content\/uploads\/2025\/05\/dm0009.png?resize=300%2C300&amp;ssl=1 300w, https:\/\/i0.wp.com\/zeromagazine.mx\/wp-content\/uploads\/2025\/05\/dm0009.png?resize=150%2C150&amp;ssl=1 150w, https:\/\/i0.wp.com\/zeromagazine.mx\/wp-content\/uploads\/2025\/05\/dm0009.png?resize=768%2C769&amp;ssl=1 768w, https:\/\/i0.wp.com\/zeromagazine.mx\/wp-content\/uploads\/2025\/05\/dm0009.png?w=1196&amp;ssl=1 1196w\" sizes=\"(max-width: 1022px) 100vw, 1022px\" \/><\/figure>\n<\/figure>\n\n\n\n<p>La c<strong>olecci\u00f3n Ram Ram<\/strong>  incluye cuatro esenciales: shampoo, acondicionador, gel corporal y loci\u00f3n. Todos est\u00e1n hechos con <strong>aloe vera, aceites esenciales (romero, menta, lavanda) y vitamina E<\/strong>. Nada de ingredientes raros ni procesos t\u00f3xicos. Todo lo contrario: texturas suaves, aromas relajantes y f\u00f3rmulas que s\u00ed nutren. Tambi\u00e9n, lo m\u00e1s top es que son productos <strong>cruelty-free<\/strong>, sin pl\u00e1sticos y con un compromiso social real: el 10% de la producci\u00f3n de jab\u00f3n se dona. Literal, belleza con conciencia.<\/p>\n\n\n\n<script async src=\"https:\/\/pagead2.googlesyndication.com\/pagead\/js\/adsbygoogle.js?client=ca-pub-5499304793904745\"\n     crossorigin=\"anonymous\"><\/script>\n<ins class=\"adsbygoogle\"\n     style=\"display:block; text-align:center;\"\n     data-ad-layout=\"in-article\"\n     data-ad-format=\"fluid\"\n     data-ad-client=\"ca-pub-5499304793904745\"\n     data-ad-slot=\"5994863093\"><\/ins>\n<script>\n     (adsbygoogle = window.adsbygoogle || []).push({});\n<\/script>\n\n\n\n<h3 class=\"wp-block-heading\">Ritual sensorial y \u00e9tico<\/h3>\n\n\n\n<figure class=\"wp-block-gallery has-nested-images columns-default is-cropped wp-block-gallery-2 is-layout-flex wp-block-gallery-is-layout-flex\">\n<figure class=\"wp-block-image size-large\"><img data-recalc-dims=\"1\" decoding=\"async\" width=\"776\" height=\"1024\" data-id=\"103087\" src=\"https:\/\/i0.wp.com\/zeromagazine.mx\/wp-content\/uploads\/2025\/05\/IMG_1979-776x1024.jpg?resize=776%2C1024&#038;ssl=1\" alt=\"\" class=\"wp-image-103087\" srcset=\"https:\/\/i0.wp.com\/zeromagazine.mx\/wp-content\/uploads\/2025\/05\/IMG_1979.jpg?resize=776%2C1024&amp;ssl=1 776w, https:\/\/i0.wp.com\/zeromagazine.mx\/wp-content\/uploads\/2025\/05\/IMG_1979.jpg?resize=227%2C300&amp;ssl=1 227w, https:\/\/i0.wp.com\/zeromagazine.mx\/wp-content\/uploads\/2025\/05\/IMG_1979.jpg?resize=768%2C1013&amp;ssl=1 768w, https:\/\/i0.wp.com\/zeromagazine.mx\/wp-content\/uploads\/2025\/05\/IMG_1979.jpg?resize=1165%2C1536&amp;ssl=1 1165w, https:\/\/i0.wp.com\/zeromagazine.mx\/wp-content\/uploads\/2025\/05\/IMG_1979.jpg?w=1170&amp;ssl=1 1170w\" sizes=\"(max-width: 776px) 100vw, 776px\" \/><\/figure>\n\n\n\n<figure class=\"wp-block-image size-large\"><img data-recalc-dims=\"1\" decoding=\"async\" width=\"819\" height=\"1024\" data-id=\"103086\" src=\"https:\/\/i0.wp.com\/zeromagazine.mx\/wp-content\/uploads\/2025\/05\/Pistachelle-Fotografia-08123-IG-819x1024.png?resize=819%2C1024&#038;ssl=1\" alt=\"\" class=\"wp-image-103086\" srcset=\"https:\/\/i0.wp.com\/zeromagazine.mx\/wp-content\/uploads\/2025\/05\/Pistachelle-Fotografia-08123-IG.png?resize=819%2C1024&amp;ssl=1 819w, https:\/\/i0.wp.com\/zeromagazine.mx\/wp-content\/uploads\/2025\/05\/Pistachelle-Fotografia-08123-IG.png?resize=240%2C300&amp;ssl=1 240w, https:\/\/i0.wp.com\/zeromagazine.mx\/wp-content\/uploads\/2025\/05\/Pistachelle-Fotografia-08123-IG.png?resize=768%2C960&amp;ssl=1 768w, https:\/\/i0.wp.com\/zeromagazine.mx\/wp-content\/uploads\/2025\/05\/Pistachelle-Fotografia-08123-IG.png?w=1080&amp;ssl=1 1080w\" sizes=\"(max-width: 819px) 100vw, 819px\" \/><\/figure>\n\n\n\n<figure class=\"wp-block-image size-large\"><img data-recalc-dims=\"1\" decoding=\"async\" width=\"819\" height=\"1024\" data-id=\"103085\" src=\"https:\/\/i0.wp.com\/zeromagazine.mx\/wp-content\/uploads\/2025\/05\/Pistachelle-Fotografia-05756-IG-819x1024.png?resize=819%2C1024&#038;ssl=1\" alt=\"\" class=\"wp-image-103085\" srcset=\"https:\/\/i0.wp.com\/zeromagazine.mx\/wp-content\/uploads\/2025\/05\/Pistachelle-Fotografia-05756-IG.png?resize=819%2C1024&amp;ssl=1 819w, https:\/\/i0.wp.com\/zeromagazine.mx\/wp-content\/uploads\/2025\/05\/Pistachelle-Fotografia-05756-IG.png?resize=240%2C300&amp;ssl=1 240w, https:\/\/i0.wp.com\/zeromagazine.mx\/wp-content\/uploads\/2025\/05\/Pistachelle-Fotografia-05756-IG.png?resize=768%2C960&amp;ssl=1 768w, https:\/\/i0.wp.com\/zeromagazine.mx\/wp-content\/uploads\/2025\/05\/Pistachelle-Fotografia-05756-IG.png?w=1080&amp;ssl=1 1080w\" sizes=\"(max-width: 819px) 100vw, 819px\" \/><\/figure>\n<\/figure>\n\n\n\n<p>Cada frasco de <strong>Ram Ram<\/strong> te regala un momento: un break del caos diario para reconectar. Desde el aroma hasta la textura; en pocas palabras<strong> Ram Ram<\/strong> Te Invita a celebrar el <strong>D\u00eda de las Madres <\/strong>con amor y frescura. Pues sus productos no son solo para lavarte el cabello o ponerte crema; son tambi\u00e9n para cuidar con cari\u00f1o, sin presi\u00f3n, sin prisa.Y si tu mam\u00e1 es de las que aman lo natural o necesita simplificar su rutina, este regalito le va a caer perfecto.<\/p>\n\n\n\n<script async src=\"https:\/\/pagead2.googlesyndication.com\/pagead\/js\/adsbygoogle.js?client=ca-pub-5499304793904745\"\n     crossorigin=\"anonymous\"><\/script>\n<ins class=\"adsbygoogle\"\n     style=\"display:block; text-align:center;\"\n     data-ad-layout=\"in-article\"\n     data-ad-format=\"fluid\"\n     data-ad-client=\"ca-pub-5499304793904745\"\n     data-ad-slot=\"5994863093\"><\/ins>\n<script>\n     (adsbygoogle = window.adsbygoogle || []).push({});\n<\/script>\n\n\n\n<h3 class=\"wp-block-heading\">Regala calma, no solo cosas<\/h3>\n\n\n<div class=\"wp-block-image\">\n<figure class=\"aligncenter size-large\"><img data-recalc-dims=\"1\" decoding=\"async\" width=\"1024\" height=\"856\" src=\"https:\/\/i0.wp.com\/zeromagazine.mx\/wp-content\/uploads\/2025\/05\/Copia-de-IMG_8467-1024x856.jpg?resize=1024%2C856&#038;ssl=1\" alt=\"\" class=\"wp-image-103088\" srcset=\"https:\/\/i0.wp.com\/zeromagazine.mx\/wp-content\/uploads\/2025\/05\/Copia-de-IMG_8467-scaled.jpg?resize=1024%2C856&amp;ssl=1 1024w, https:\/\/i0.wp.com\/zeromagazine.mx\/wp-content\/uploads\/2025\/05\/Copia-de-IMG_8467-scaled.jpg?resize=300%2C251&amp;ssl=1 300w, https:\/\/i0.wp.com\/zeromagazine.mx\/wp-content\/uploads\/2025\/05\/Copia-de-IMG_8467-scaled.jpg?resize=768%2C642&amp;ssl=1 768w, https:\/\/i0.wp.com\/zeromagazine.mx\/wp-content\/uploads\/2025\/05\/Copia-de-IMG_8467-scaled.jpg?resize=1536%2C1283&amp;ssl=1 1536w, https:\/\/i0.wp.com\/zeromagazine.mx\/wp-content\/uploads\/2025\/05\/Copia-de-IMG_8467-scaled.jpg?resize=2048%2C1711&amp;ssl=1 2048w, https:\/\/i0.wp.com\/zeromagazine.mx\/wp-content\/uploads\/2025\/05\/Copia-de-IMG_8467-scaled.jpg?w=2330 2330w\" sizes=\"(max-width: 1024px) 100vw, 1024px\" \/><\/figure>\n<\/div>\n\n\n<p>Finalmente,<strong> Ram Ram <\/strong>te invita a relebrar el <strong>D\u00eda De Las Madres<\/strong> con regalos que apuesten por el bienestar y el cuidado. Adem\u00e1s una rutina con intenci\u00f3n puede ser justo lo que ella (o t\u00fa) necesita para reconectar este <strong>10 de mayo.<\/strong> Si te interesa, puedes comprar alg\u00fan producto de la l\u00ednea en: <a class=\"\" href=\"https:\/\/www.ramram.mx\">www.ramram.mx<\/a>\ud83c\udf3f<\/p>\n\n\n\n<script async src=\"https:\/\/pagead2.googlesyndication.com\/pagead\/js\/adsbygoogle.js?client=ca-pub-5499304793904745\"\n     crossorigin=\"anonymous\"><\/script>\n<ins class=\"adsbygoogle\"\n     style=\"display:block; text-align:center;\"\n     data-ad-layout=\"in-article\"\n     data-ad-format=\"fluid\"\n     data-ad-client=\"ca-pub-5499304793904745\"\n     data-ad-slot=\"5994863093\"><\/ins>\n<script>\n     (adsbygoogle = window.adsbygoogle || []).push({});\n<\/script>\n\n<!--themify_builder_content-->\n<div id=\"themify_builder_content-103080\" data-postid=\"103080\" class=\"themify_builder_content themify_builder_content-103080 themify_builder tf_clear\">\n    <\/div>\n<!--\/themify_builder_content-->","protected":false},"excerpt":{"rendered":"<p>Amix, \u00bfya est\u00e1s hartx del skincare de mil pasos y productos que solo te marean? Por eso hoy te vengo a contar del nuevo lanzamiento de Ram Ram, una marca mexicana que est\u00e1 cambiando la narrativa de \u201cm\u00e1s es m\u00e1s\u201d por una visi\u00f3n mucho m\u00e1s simple, pero poderosa. Su filosof\u00eda Back to Basics nos invita [&hellip;]<\/p>\n","protected":false},"author":4,"featured_media":103089,"comment_status":"open","ping_status":"open","sticky":false,"template":"","format":"standard","meta":{"_jetpack_memberships_contains_paid_content":false,"footnotes":"","jetpack_publicize_message":"","jetpack_publicize_feature_enabled":true,"jetpack_social_post_already_shared":true,"jetpack_social_options":{"image_generator_settings":{"template":"highway","default_image_id":0,"font":"","enabled":false},"version":2}},"categories":[9858],"tags":[7369,13572,13571,13018,88],"class_list":["post-103080","post","type-post","status-publish","format-standard","has-post-thumbnail","hentry","category-beauty","tag-dia-de-las-madres","tag-ducha","tag-ram-ram","tag-regalos-para-mama","tag-skincare","has-post-title","has-post-date","has-post-category","has-post-tag","has-post-comment","has-post-author",""],"yoast_head":"<!-- This site is optimized with the Yoast SEO plugin v27.5 - https:\/\/yoast.com\/product\/yoast-seo-wordpress\/ -->\n<title>Ram Ram Te Invita A Celebrar EL D\u00eda De Las Madres - Zero Magazine<\/title>\n<meta name=\"description\" content=\"Ram Ram Te Invita A Celebrar EL D\u00eda De Las Madres con su nueva colecci\u00f3n &quot;Back to to The Basic&quot;, que dar\u00e1 un bienestar a la piel de tu mam\u00e1\" \/>\n<meta name=\"robots\" content=\"index, follow, max-snippet:-1, max-image-preview:large, max-video-preview:-1\" \/>\n<link rel=\"canonical\" href=\"https:\/\/zeromagazine.mx\/index.php\/2025\/05\/06\/ram-ram-te-invita-a-celebrar-el-dia-de-las-madres\/\" \/>\n<meta property=\"og:locale\" content=\"es_ES\" \/>\n<meta property=\"og:type\" content=\"article\" \/>\n<meta property=\"og:title\" content=\"Ram Ram Te Invita A Celebrar EL D\u00eda De Las Madres - Zero Magazine\" \/>\n<meta property=\"og:description\" content=\"Ram Ram Te Invita A Celebrar EL D\u00eda De Las Madres con su nueva colecci\u00f3n &quot;Back to to The Basic&quot;, que dar\u00e1 un bienestar a la piel de tu mam\u00e1\" \/>\n<meta property=\"og:url\" content=\"https:\/\/zeromagazine.mx\/index.php\/2025\/05\/06\/ram-ram-te-invita-a-celebrar-el-dia-de-las-madres\/\" \/>\n<meta property=\"og:site_name\" content=\"Zero Magazine\" \/>\n<meta property=\"article:published_time\" content=\"2025-05-06T21:18:22+00:00\" \/>\n<meta property=\"article:modified_time\" content=\"2025-05-06T21:18:23+00:00\" \/>\n<meta property=\"og:image\" content=\"http:\/\/zeromagazine.mx\/wp-content\/uploads\/2025\/05\/Copia-de-IMG_8483.jpg\" \/>\n\t<meta property=\"og:image:width\" content=\"1792\" \/>\n\t<meta property=\"og:image:height\" content=\"1195\" \/>\n\t<meta property=\"og:image:type\" content=\"image\/jpeg\" \/>\n<meta name=\"author\" content=\"David Morales\" \/>\n<meta name=\"twitter:card\" content=\"summary_large_image\" \/>\n<meta name=\"twitter:label1\" content=\"Escrito por\" \/>\n\t<meta name=\"twitter:data1\" content=\"David Morales\" \/>\n\t<meta name=\"twitter:label2\" content=\"Tiempo de lectura\" \/>\n\t<meta name=\"twitter:data2\" content=\"4 minutos\" \/>\n<script type=\"application\/ld+json\" class=\"yoast-schema-graph\">{\"@context\":\"https:\\\/\\\/schema.org\",\"@graph\":[{\"@type\":\"Article\",\"@id\":\"https:\\\/\\\/zeromagazine.mx\\\/index.php\\\/2025\\\/05\\\/06\\\/ram-ram-te-invita-a-celebrar-el-dia-de-las-madres\\\/#article\",\"isPartOf\":{\"@id\":\"https:\\\/\\\/zeromagazine.mx\\\/index.php\\\/2025\\\/05\\\/06\\\/ram-ram-te-invita-a-celebrar-el-dia-de-las-madres\\\/\"},\"author\":{\"name\":\"David Morales\",\"@id\":\"https:\\\/\\\/zeromagazine.mx\\\/#\\\/schema\\\/person\\\/9f7f1a17c60ba8e9980e3e6677aabe5a\"},\"headline\":\"Ram Ram Te Invita A Celebrar EL D\u00eda De Las Madres\",\"datePublished\":\"2025-05-06T21:18:22+00:00\",\"dateModified\":\"2025-05-06T21:18:23+00:00\",\"mainEntityOfPage\":{\"@id\":\"https:\\\/\\\/zeromagazine.mx\\\/index.php\\\/2025\\\/05\\\/06\\\/ram-ram-te-invita-a-celebrar-el-dia-de-las-madres\\\/\"},\"wordCount\":384,\"commentCount\":0,\"publisher\":{\"@id\":\"https:\\\/\\\/zeromagazine.mx\\\/#organization\"},\"image\":{\"@id\":\"https:\\\/\\\/zeromagazine.mx\\\/index.php\\\/2025\\\/05\\\/06\\\/ram-ram-te-invita-a-celebrar-el-dia-de-las-madres\\\/#primaryimage\"},\"thumbnailUrl\":\"https:\\\/\\\/i0.wp.com\\\/zeromagazine.mx\\\/wp-content\\\/uploads\\\/2025\\\/05\\\/Copia-de-IMG_8483.jpg?fit=1792%2C1195&ssl=1\",\"keywords\":[\"D\u00eda de las Madres\",\"Ducha\",\"Ram Ram\",\"Regalos para mam\u00e1\",\"skincare\"],\"articleSection\":[\"Beauty\"],\"inLanguage\":\"es\",\"potentialAction\":[{\"@type\":\"CommentAction\",\"name\":\"Comment\",\"target\":[\"https:\\\/\\\/zeromagazine.mx\\\/index.php\\\/2025\\\/05\\\/06\\\/ram-ram-te-invita-a-celebrar-el-dia-de-las-madres\\\/#respond\"]}]},{\"@type\":\"WebPage\",\"@id\":\"https:\\\/\\\/zeromagazine.mx\\\/index.php\\\/2025\\\/05\\\/06\\\/ram-ram-te-invita-a-celebrar-el-dia-de-las-madres\\\/\",\"url\":\"https:\\\/\\\/zeromagazine.mx\\\/index.php\\\/2025\\\/05\\\/06\\\/ram-ram-te-invita-a-celebrar-el-dia-de-las-madres\\\/\",\"name\":\"Ram Ram Te Invita A Celebrar EL D\u00eda De Las Madres - Zero Magazine\",\"isPartOf\":{\"@id\":\"https:\\\/\\\/zeromagazine.mx\\\/#website\"},\"primaryImageOfPage\":{\"@id\":\"https:\\\/\\\/zeromagazine.mx\\\/index.php\\\/2025\\\/05\\\/06\\\/ram-ram-te-invita-a-celebrar-el-dia-de-las-madres\\\/#primaryimage\"},\"image\":{\"@id\":\"https:\\\/\\\/zeromagazine.mx\\\/index.php\\\/2025\\\/05\\\/06\\\/ram-ram-te-invita-a-celebrar-el-dia-de-las-madres\\\/#primaryimage\"},\"thumbnailUrl\":\"https:\\\/\\\/i0.wp.com\\\/zeromagazine.mx\\\/wp-content\\\/uploads\\\/2025\\\/05\\\/Copia-de-IMG_8483.jpg?fit=1792%2C1195&ssl=1\",\"datePublished\":\"2025-05-06T21:18:22+00:00\",\"dateModified\":\"2025-05-06T21:18:23+00:00\",\"description\":\"Ram Ram Te Invita A Celebrar EL D\u00eda De Las Madres con su nueva colecci\u00f3n \\\"Back to to The Basic\\\", que dar\u00e1 un bienestar a la piel de tu mam\u00e1\",\"breadcrumb\":{\"@id\":\"https:\\\/\\\/zeromagazine.mx\\\/index.php\\\/2025\\\/05\\\/06\\\/ram-ram-te-invita-a-celebrar-el-dia-de-las-madres\\\/#breadcrumb\"},\"inLanguage\":\"es\",\"potentialAction\":[{\"@type\":\"ReadAction\",\"target\":[\"https:\\\/\\\/zeromagazine.mx\\\/index.php\\\/2025\\\/05\\\/06\\\/ram-ram-te-invita-a-celebrar-el-dia-de-las-madres\\\/\"]}]},{\"@type\":\"ImageObject\",\"inLanguage\":\"es\",\"@id\":\"https:\\\/\\\/zeromagazine.mx\\\/index.php\\\/2025\\\/05\\\/06\\\/ram-ram-te-invita-a-celebrar-el-dia-de-las-madres\\\/#primaryimage\",\"url\":\"https:\\\/\\\/i0.wp.com\\\/zeromagazine.mx\\\/wp-content\\\/uploads\\\/2025\\\/05\\\/Copia-de-IMG_8483.jpg?fit=1792%2C1195&ssl=1\",\"contentUrl\":\"https:\\\/\\\/i0.wp.com\\\/zeromagazine.mx\\\/wp-content\\\/uploads\\\/2025\\\/05\\\/Copia-de-IMG_8483.jpg?fit=1792%2C1195&ssl=1\",\"width\":1792,\"height\":1195,\"caption\":\"Processed with VSCO with a6 preset\"},{\"@type\":\"BreadcrumbList\",\"@id\":\"https:\\\/\\\/zeromagazine.mx\\\/index.php\\\/2025\\\/05\\\/06\\\/ram-ram-te-invita-a-celebrar-el-dia-de-las-madres\\\/#breadcrumb\",\"itemListElement\":[{\"@type\":\"ListItem\",\"position\":1,\"name\":\"Portada\",\"item\":\"https:\\\/\\\/zeromagazine.mx\\\/\"},{\"@type\":\"ListItem\",\"position\":2,\"name\":\"Ram Ram Te Invita A Celebrar EL D\u00eda De Las Madres\"}]},{\"@type\":\"WebSite\",\"@id\":\"https:\\\/\\\/zeromagazine.mx\\\/#website\",\"url\":\"https:\\\/\\\/zeromagazine.mx\\\/\",\"name\":\"Zero Magazine\",\"description\":\"\",\"publisher\":{\"@id\":\"https:\\\/\\\/zeromagazine.mx\\\/#organization\"},\"potentialAction\":[{\"@type\":\"SearchAction\",\"target\":{\"@type\":\"EntryPoint\",\"urlTemplate\":\"https:\\\/\\\/zeromagazine.mx\\\/?s={search_term_string}\"},\"query-input\":{\"@type\":\"PropertyValueSpecification\",\"valueRequired\":true,\"valueName\":\"search_term_string\"}}],\"inLanguage\":\"es\"},{\"@type\":\"Organization\",\"@id\":\"https:\\\/\\\/zeromagazine.mx\\\/#organization\",\"name\":\"Zero Magazine\",\"url\":\"https:\\\/\\\/zeromagazine.mx\\\/\",\"logo\":{\"@type\":\"ImageObject\",\"inLanguage\":\"es\",\"@id\":\"https:\\\/\\\/zeromagazine.mx\\\/#\\\/schema\\\/logo\\\/image\\\/\",\"url\":\"https:\\\/\\\/i0.wp.com\\\/zeromagazine.mx\\\/wp-content\\\/uploads\\\/2025\\\/11\\\/1.jpeg?fit=1000%2C1000&ssl=1\",\"contentUrl\":\"https:\\\/\\\/i0.wp.com\\\/zeromagazine.mx\\\/wp-content\\\/uploads\\\/2025\\\/11\\\/1.jpeg?fit=1000%2C1000&ssl=1\",\"width\":1000,\"height\":1000,\"caption\":\"Zero Magazine\"},\"image\":{\"@id\":\"https:\\\/\\\/zeromagazine.mx\\\/#\\\/schema\\\/logo\\\/image\\\/\"},\"sameAs\":[\"https:\\\/\\\/instagram.com\\\/zeromagazinemx\"]},{\"@type\":\"Person\",\"@id\":\"https:\\\/\\\/zeromagazine.mx\\\/#\\\/schema\\\/person\\\/9f7f1a17c60ba8e9980e3e6677aabe5a\",\"name\":\"David Morales\",\"image\":{\"@type\":\"ImageObject\",\"inLanguage\":\"es\",\"@id\":\"https:\\\/\\\/zeromagazine.mx\\\/wp-content\\\/litespeed\\\/avatar\\\/76069d2136bfc1c37dc34815bb67ca42.jpg?ver=1777571067\",\"url\":\"https:\\\/\\\/zeromagazine.mx\\\/wp-content\\\/litespeed\\\/avatar\\\/76069d2136bfc1c37dc34815bb67ca42.jpg?ver=1777571067\",\"contentUrl\":\"https:\\\/\\\/zeromagazine.mx\\\/wp-content\\\/litespeed\\\/avatar\\\/76069d2136bfc1c37dc34815bb67ca42.jpg?ver=1777571067\",\"caption\":\"David Morales\"},\"url\":\"https:\\\/\\\/zeromagazine.mx\\\/index.php\\\/author\\\/david\\\/\"}]}<\/script>\n<!-- \/ Yoast SEO plugin. -->","yoast_head_json":{"title":"Ram Ram Te Invita A Celebrar EL D\u00eda De Las Madres - Zero Magazine","description":"Ram Ram Te Invita A Celebrar EL D\u00eda De Las Madres con su nueva colecci\u00f3n \"Back to to The Basic\", que dar\u00e1 un bienestar a la piel de tu mam\u00e1","robots":{"index":"index","follow":"follow","max-snippet":"max-snippet:-1","max-image-preview":"max-image-preview:large","max-video-preview":"max-video-preview:-1"},"canonical":"https:\/\/zeromagazine.mx\/index.php\/2025\/05\/06\/ram-ram-te-invita-a-celebrar-el-dia-de-las-madres\/","og_locale":"es_ES","og_type":"article","og_title":"Ram Ram Te Invita A Celebrar EL D\u00eda De Las Madres - Zero Magazine","og_description":"Ram Ram Te Invita A Celebrar EL D\u00eda De Las Madres con su nueva colecci\u00f3n \"Back to to The Basic\", que dar\u00e1 un bienestar a la piel de tu mam\u00e1","og_url":"https:\/\/zeromagazine.mx\/index.php\/2025\/05\/06\/ram-ram-te-invita-a-celebrar-el-dia-de-las-madres\/","og_site_name":"Zero Magazine","article_published_time":"2025-05-06T21:18:22+00:00","article_modified_time":"2025-05-06T21:18:23+00:00","og_image":[{"width":1792,"height":1195,"url":"http:\/\/zeromagazine.mx\/wp-content\/uploads\/2025\/05\/Copia-de-IMG_8483.jpg","type":"image\/jpeg"}],"author":"David Morales","twitter_card":"summary_large_image","twitter_misc":{"Escrito por":"David Morales","Tiempo de lectura":"4 minutos"},"schema":{"@context":"https:\/\/schema.org","@graph":[{"@type":"Article","@id":"https:\/\/zeromagazine.mx\/index.php\/2025\/05\/06\/ram-ram-te-invita-a-celebrar-el-dia-de-las-madres\/#article","isPartOf":{"@id":"https:\/\/zeromagazine.mx\/index.php\/2025\/05\/06\/ram-ram-te-invita-a-celebrar-el-dia-de-las-madres\/"},"author":{"name":"David Morales","@id":"https:\/\/zeromagazine.mx\/#\/schema\/person\/9f7f1a17c60ba8e9980e3e6677aabe5a"},"headline":"Ram Ram Te Invita A Celebrar EL D\u00eda De Las Madres","datePublished":"2025-05-06T21:18:22+00:00","dateModified":"2025-05-06T21:18:23+00:00","mainEntityOfPage":{"@id":"https:\/\/zeromagazine.mx\/index.php\/2025\/05\/06\/ram-ram-te-invita-a-celebrar-el-dia-de-las-madres\/"},"wordCount":384,"commentCount":0,"publisher":{"@id":"https:\/\/zeromagazine.mx\/#organization"},"image":{"@id":"https:\/\/zeromagazine.mx\/index.php\/2025\/05\/06\/ram-ram-te-invita-a-celebrar-el-dia-de-las-madres\/#primaryimage"},"thumbnailUrl":"https:\/\/i0.wp.com\/zeromagazine.mx\/wp-content\/uploads\/2025\/05\/Copia-de-IMG_8483.jpg?fit=1792%2C1195&ssl=1","keywords":["D\u00eda de las Madres","Ducha","Ram Ram","Regalos para mam\u00e1","skincare"],"articleSection":["Beauty"],"inLanguage":"es","potentialAction":[{"@type":"CommentAction","name":"Comment","target":["https:\/\/zeromagazine.mx\/index.php\/2025\/05\/06\/ram-ram-te-invita-a-celebrar-el-dia-de-las-madres\/#respond"]}]},{"@type":"WebPage","@id":"https:\/\/zeromagazine.mx\/index.php\/2025\/05\/06\/ram-ram-te-invita-a-celebrar-el-dia-de-las-madres\/","url":"https:\/\/zeromagazine.mx\/index.php\/2025\/05\/06\/ram-ram-te-invita-a-celebrar-el-dia-de-las-madres\/","name":"Ram Ram Te Invita A Celebrar EL D\u00eda De Las Madres - Zero Magazine","isPartOf":{"@id":"https:\/\/zeromagazine.mx\/#website"},"primaryImageOfPage":{"@id":"https:\/\/zeromagazine.mx\/index.php\/2025\/05\/06\/ram-ram-te-invita-a-celebrar-el-dia-de-las-madres\/#primaryimage"},"image":{"@id":"https:\/\/zeromagazine.mx\/index.php\/2025\/05\/06\/ram-ram-te-invita-a-celebrar-el-dia-de-las-madres\/#primaryimage"},"thumbnailUrl":"https:\/\/i0.wp.com\/zeromagazine.mx\/wp-content\/uploads\/2025\/05\/Copia-de-IMG_8483.jpg?fit=1792%2C1195&ssl=1","datePublished":"2025-05-06T21:18:22+00:00","dateModified":"2025-05-06T21:18:23+00:00","description":"Ram Ram Te Invita A Celebrar EL D\u00eda De Las Madres con su nueva colecci\u00f3n \"Back to to The Basic\", que dar\u00e1 un bienestar a la piel de tu mam\u00e1","breadcrumb":{"@id":"https:\/\/zeromagazine.mx\/index.php\/2025\/05\/06\/ram-ram-te-invita-a-celebrar-el-dia-de-las-madres\/#breadcrumb"},"inLanguage":"es","potentialAction":[{"@type":"ReadAction","target":["https:\/\/zeromagazine.mx\/index.php\/2025\/05\/06\/ram-ram-te-invita-a-celebrar-el-dia-de-las-madres\/"]}]},{"@type":"ImageObject","inLanguage":"es","@id":"https:\/\/zeromagazine.mx\/index.php\/2025\/05\/06\/ram-ram-te-invita-a-celebrar-el-dia-de-las-madres\/#primaryimage","url":"https:\/\/i0.wp.com\/zeromagazine.mx\/wp-content\/uploads\/2025\/05\/Copia-de-IMG_8483.jpg?fit=1792%2C1195&ssl=1","contentUrl":"https:\/\/i0.wp.com\/zeromagazine.mx\/wp-content\/uploads\/2025\/05\/Copia-de-IMG_8483.jpg?fit=1792%2C1195&ssl=1","width":1792,"height":1195,"caption":"Processed with VSCO with a6 preset"},{"@type":"BreadcrumbList","@id":"https:\/\/zeromagazine.mx\/index.php\/2025\/05\/06\/ram-ram-te-invita-a-celebrar-el-dia-de-las-madres\/#breadcrumb","itemListElement":[{"@type":"ListItem","position":1,"name":"Portada","item":"https:\/\/zeromagazine.mx\/"},{"@type":"ListItem","position":2,"name":"Ram Ram Te Invita A Celebrar EL D\u00eda De Las Madres"}]},{"@type":"WebSite","@id":"https:\/\/zeromagazine.mx\/#website","url":"https:\/\/zeromagazine.mx\/","name":"Zero Magazine","description":"","publisher":{"@id":"https:\/\/zeromagazine.mx\/#organization"},"potentialAction":[{"@type":"SearchAction","target":{"@type":"EntryPoint","urlTemplate":"https:\/\/zeromagazine.mx\/?s={search_term_string}"},"query-input":{"@type":"PropertyValueSpecification","valueRequired":true,"valueName":"search_term_string"}}],"inLanguage":"es"},{"@type":"Organization","@id":"https:\/\/zeromagazine.mx\/#organization","name":"Zero Magazine","url":"https:\/\/zeromagazine.mx\/","logo":{"@type":"ImageObject","inLanguage":"es","@id":"https:\/\/zeromagazine.mx\/#\/schema\/logo\/image\/","url":"https:\/\/i0.wp.com\/zeromagazine.mx\/wp-content\/uploads\/2025\/11\/1.jpeg?fit=1000%2C1000&ssl=1","contentUrl":"https:\/\/i0.wp.com\/zeromagazine.mx\/wp-content\/uploads\/2025\/11\/1.jpeg?fit=1000%2C1000&ssl=1","width":1000,"height":1000,"caption":"Zero Magazine"},"image":{"@id":"https:\/\/zeromagazine.mx\/#\/schema\/logo\/image\/"},"sameAs":["https:\/\/instagram.com\/zeromagazinemx"]},{"@type":"Person","@id":"https:\/\/zeromagazine.mx\/#\/schema\/person\/9f7f1a17c60ba8e9980e3e6677aabe5a","name":"David Morales","image":{"@type":"ImageObject","inLanguage":"es","@id":"https:\/\/zeromagazine.mx\/wp-content\/litespeed\/avatar\/76069d2136bfc1c37dc34815bb67ca42.jpg?ver=1777571067","url":"https:\/\/zeromagazine.mx\/wp-content\/litespeed\/avatar\/76069d2136bfc1c37dc34815bb67ca42.jpg?ver=1777571067","contentUrl":"https:\/\/zeromagazine.mx\/wp-content\/litespeed\/avatar\/76069d2136bfc1c37dc34815bb67ca42.jpg?ver=1777571067","caption":"David Morales"},"url":"https:\/\/zeromagazine.mx\/index.php\/author\/david\/"}]}},"jetpack_publicize_connections":[],"jetpack_featured_media_url":"https:\/\/i0.wp.com\/zeromagazine.mx\/wp-content\/uploads\/2025\/05\/Copia-de-IMG_8483.jpg?fit=1792%2C1195&ssl=1","jetpack-related-posts":[{"id":98324,"url":"https:\/\/zeromagazine.mx\/index.php\/2025\/03\/01\/date-un-autocuidado-magico-con-slow-beauty\/","url_meta":{"origin":103080,"position":0},"title":"La Magia de Slow Beauty","author":"David Morales","date":"1 de marzo de 2025","format":false,"excerpt":"Amix, vivimos en friega todo el tiempo y hasta nuestro skin care parece una carrera. Pero, \u00bfy si les digo que la belleza tambi\u00e9n se trata de pausar, sentir y conectar? Ah\u00ed entra el Slow Beauty, un enfoque que nos invita a cuidar nuestra piel sin prisas y con intenci\u00f3n.\u2026","rel":"","context":"En \u00abBlog\u00bb","block_context":{"text":"Blog","link":"https:\/\/zeromagazine.mx\/index.php\/category\/blog\/"},"img":{"alt_text":"","src":"https:\/\/i0.wp.com\/zeromagazine.mx\/wp-content\/uploads\/2025\/03\/Pistachelle-Fotografia-05919-IG.png?fit=960%2C1200&ssl=1&resize=350%2C200","width":350,"height":200,"srcset":"https:\/\/i0.wp.com\/zeromagazine.mx\/wp-content\/uploads\/2025\/03\/Pistachelle-Fotografia-05919-IG.png?fit=960%2C1200&ssl=1&resize=350%2C200 1x, https:\/\/i0.wp.com\/zeromagazine.mx\/wp-content\/uploads\/2025\/03\/Pistachelle-Fotografia-05919-IG.png?fit=960%2C1200&ssl=1&resize=525%2C300 1.5x, https:\/\/i0.wp.com\/zeromagazine.mx\/wp-content\/uploads\/2025\/03\/Pistachelle-Fotografia-05919-IG.png?fit=960%2C1200&ssl=1&resize=700%2C400 2x"},"classes":[]},{"id":91818,"url":"https:\/\/zeromagazine.mx\/index.php\/2024\/11\/26\/ramen-mexa-sabor-y-fusion\/","url_meta":{"origin":103080,"position":1},"title":"\u00abRamen Mexa: Sabor y Fusion\u00bb","author":"zeromagazinemx","date":"26 de noviembre de 2024","format":false,"excerpt":"\u00a1Amig@s! \u00bfHan escuchado de Japi Ramen? Si no, prep\u00e1rense para algo s\u00faper cool que est\u00e1 dando de qu\u00e9 hablar en el coraz\u00f3n de la colonia Del Valle. Este lugar tiene un twist mega innovador que mezcla lo mejor de dos mundos: la deliciosa cocina japonesa con la potencia de los\u2026","rel":"","context":"En \u00abFoodie\u00bb","block_context":{"text":"Foodie","link":"https:\/\/zeromagazine.mx\/index.php\/category\/lifestyle\/foodie\/"},"img":{"alt_text":"","src":"https:\/\/i0.wp.com\/zeromagazine.mx\/wp-content\/uploads\/2024\/11\/IMG_6819.jpeg?resize=350%2C200&ssl=1","width":350,"height":200},"classes":[]},{"id":75563,"url":"https:\/\/zeromagazine.mx\/index.php\/2024\/05\/07\/regalos-lego-para-mama\/","url_meta":{"origin":103080,"position":2},"title":"Regalos LEGO para Mam\u00e1","author":"zeromagazinemx","date":"7 de mayo de 2024","format":false,"excerpt":"Se acerca un d\u00eda mega especial para celebrar a nuestras mamis, esas guerreras que lo dan todo por nosotrxs. Y qu\u00e9 mejor manera de honrarlas que con un regalo s\u00faper cool de Grupo LEGO que nos permitir\u00e1 pasar un momento inolvidable juntxs, lleno de creatividad y diversi\u00f3n. Ahora, checa esto:\u2026","rel":"","context":"En \u00abBlog\u00bb","block_context":{"text":"Blog","link":"https:\/\/zeromagazine.mx\/index.php\/category\/blog\/"},"img":{"alt_text":"","src":"https:\/\/i0.wp.com\/zeromagazine.mx\/wp-content\/uploads\/2024\/05\/image004-2.png?resize=350%2C200&ssl=1","width":350,"height":200},"classes":[]},{"id":93199,"url":"https:\/\/zeromagazine.mx\/index.php\/2024\/12\/16\/la-resistencia-antimicrobiana\/","url_meta":{"origin":103080,"position":3},"title":"La resistencia antimicrobiana","author":"zeromagazinemx","date":"16 de diciembre de 2024","format":false,"excerpt":"La resistencia antimicrobiana Amix, La resistencia antimicrobiana viene con todo, qu\u00e9date que te doy un poco de contexto.\u00bfsab\u00edan que hay una amenaza silenciosa que podr\u00eda cambiar la forma en que nos tratamos enfermedades? Se llama resistencia antimicrobiana (RAM), y b\u00e1sicamente es cuando las bacterias, virus y hongos se hacen s\u00faper\u2026","rel":"","context":"En \u00abEntretenimiento\u00bb","block_context":{"text":"Entretenimiento","link":"https:\/\/zeromagazine.mx\/index.php\/category\/entretenimiento\/"},"img":{"alt_text":"","src":"https:\/\/i0.wp.com\/zeromagazine.mx\/wp-content\/uploads\/2024\/12\/RAM-2024_Graneodin.jpeg?fit=1200%2C867&ssl=1&resize=350%2C200","width":350,"height":200,"srcset":"https:\/\/i0.wp.com\/zeromagazine.mx\/wp-content\/uploads\/2024\/12\/RAM-2024_Graneodin.jpeg?fit=1200%2C867&ssl=1&resize=350%2C200 1x, https:\/\/i0.wp.com\/zeromagazine.mx\/wp-content\/uploads\/2024\/12\/RAM-2024_Graneodin.jpeg?fit=1200%2C867&ssl=1&resize=525%2C300 1.5x, https:\/\/i0.wp.com\/zeromagazine.mx\/wp-content\/uploads\/2024\/12\/RAM-2024_Graneodin.jpeg?fit=1200%2C867&ssl=1&resize=700%2C400 2x, https:\/\/i0.wp.com\/zeromagazine.mx\/wp-content\/uploads\/2024\/12\/RAM-2024_Graneodin.jpeg?fit=1200%2C867&ssl=1&resize=1050%2C600 3x"},"classes":[]},{"id":110277,"url":"https:\/\/zeromagazine.mx\/index.php\/2025\/11\/06\/belleza-consciente-ritual-ramram\/","url_meta":{"origin":103080,"position":4},"title":"Belleza consciente: el nuevo ritual que necesitas","author":"zeromagazinemx","date":"6 de noviembre de 2025","format":false,"excerpt":"\u00bfY si cuidar tu piel fuera m\u00e1s que solo una rutina? Con RAM RAM, la nueva marca mexicana que est\u00e1 redefiniendo la belleza consciente, el skincare deja de ser una lista de pasos y se convierte en un ritual para reconectar contigo mismx. Su propuesta no busca transformar tu piel\u2026","rel":"","context":"En \u00abBlog\u00bb","block_context":{"text":"Blog","link":"https:\/\/zeromagazine.mx\/index.php\/category\/blog\/"},"img":{"alt_text":"","src":"https:\/\/i0.wp.com\/zeromagazine.mx\/wp-content\/uploads\/2025\/11\/1000039115.png?fit=1200%2C1200&ssl=1&resize=350%2C200","width":350,"height":200,"srcset":"https:\/\/i0.wp.com\/zeromagazine.mx\/wp-content\/uploads\/2025\/11\/1000039115.png?fit=1200%2C1200&ssl=1&resize=350%2C200 1x, https:\/\/i0.wp.com\/zeromagazine.mx\/wp-content\/uploads\/2025\/11\/1000039115.png?fit=1200%2C1200&ssl=1&resize=525%2C300 1.5x, https:\/\/i0.wp.com\/zeromagazine.mx\/wp-content\/uploads\/2025\/11\/1000039115.png?fit=1200%2C1200&ssl=1&resize=700%2C400 2x, https:\/\/i0.wp.com\/zeromagazine.mx\/wp-content\/uploads\/2025\/11\/1000039115.png?fit=1200%2C1200&ssl=1&resize=1050%2C600 3x"},"classes":[]},{"id":96821,"url":"https:\/\/zeromagazine.mx\/index.php\/2025\/02\/14\/bromance-tecate\/","url_meta":{"origin":103080,"position":5},"title":"Bromance Tecate","author":"David Morales","date":"14 de febrero de 2025","format":false,"excerpt":"Si alguna vez perdiste a tu mejor amix por culpa del amor, este 14 de febrero podr\u00eda ser la oportunidad perfecta para recuperar esa conexi\u00f3n especial. Tecate acaba de lanzar \"Bromance\", una campa\u00f1a que deja de lado los clich\u00e9s rom\u00e1nticos y se enfoca en lo realmente importante: la amistad. Porque,\u2026","rel":"","context":"En \u00abBlog\u00bb","block_context":{"text":"Blog","link":"https:\/\/zeromagazine.mx\/index.php\/category\/blog\/"},"img":{"alt_text":"","src":"https:\/\/i0.wp.com\/zeromagazine.mx\/wp-content\/uploads\/2025\/02\/Bromance-2-2.jpg?resize=350%2C200","width":350,"height":200,"srcset":"https:\/\/i0.wp.com\/zeromagazine.mx\/wp-content\/uploads\/2025\/02\/Bromance-2-2.jpg?resize=350%2C200 1x, https:\/\/i0.wp.com\/zeromagazine.mx\/wp-content\/uploads\/2025\/02\/Bromance-2-2.jpg?resize=525%2C300 1.5x"},"classes":[]}],"jetpack_sharing_enabled":true,"builder_content":"","_links":{"self":[{"href":"https:\/\/zeromagazine.mx\/index.php\/wp-json\/wp\/v2\/posts\/103080","targetHints":{"allow":["GET"]}}],"collection":[{"href":"https:\/\/zeromagazine.mx\/index.php\/wp-json\/wp\/v2\/posts"}],"about":[{"href":"https:\/\/zeromagazine.mx\/index.php\/wp-json\/wp\/v2\/types\/post"}],"author":[{"embeddable":true,"href":"https:\/\/zeromagazine.mx\/index.php\/wp-json\/wp\/v2\/users\/4"}],"replies":[{"embeddable":true,"href":"https:\/\/zeromagazine.mx\/index.php\/wp-json\/wp\/v2\/comments?post=103080"}],"version-history":[{"count":3,"href":"https:\/\/zeromagazine.mx\/index.php\/wp-json\/wp\/v2\/posts\/103080\/revisions"}],"predecessor-version":[{"id":103092,"href":"https:\/\/zeromagazine.mx\/index.php\/wp-json\/wp\/v2\/posts\/103080\/revisions\/103092"}],"wp:featuredmedia":[{"embeddable":true,"href":"https:\/\/zeromagazine.mx\/index.php\/wp-json\/wp\/v2\/media\/103089"}],"wp:attachment":[{"href":"https:\/\/zeromagazine.mx\/index.php\/wp-json\/wp\/v2\/media?parent=103080"}],"wp:term":[{"taxonomy":"category","embeddable":true,"href":"https:\/\/zeromagazine.mx\/index.php\/wp-json\/wp\/v2\/categories?post=103080"},{"taxonomy":"post_tag","embeddable":true,"href":"https:\/\/zeromagazine.mx\/index.php\/wp-json\/wp\/v2\/tags?post=103080"}],"curies":[{"name":"wp","href":"https:\/\/api.w.org\/{rel}","templated":true}]}}