{"id":103129,"date":"2025-05-06T17:38:56","date_gmt":"2025-05-06T23:38:56","guid":{"rendered":"https:\/\/zeromagazine.mx\/?p=103129"},"modified":"2025-05-06T17:38:57","modified_gmt":"2025-05-06T23:38:57","slug":"quirelli-nos-presenta-los-zapatos-que-marcaron-la-historia","status":"publish","type":"post","link":"https:\/\/zeromagazine.mx\/index.php\/2025\/05\/06\/quirelli-nos-presenta-los-zapatos-que-marcaron-la-historia\/","title":{"rendered":"Quirelli Nos Presenta Los Zapatos Que Marcaron La Historia"},"content":{"rendered":"<p>Amix, sabemos que un par de <strong>zapatos<\/strong> puede ser mucho m\u00e1s que solo eso. A veces son statement, otras son seguridad y, muchas veces, son historia. Por eso <strong>Quierelli <\/strong>nos lleva a revisar los <strong>modelos del calzado m\u00e1s ic\u00f3nicos<\/strong> que han marcado el rumbo de la moda a lo largo de las d\u00e9cadas, desde <strong>stilettos hasta mocasines.<\/strong> Porque s\u00ed, detr\u00e1s de cada dise\u00f1o legendario hay una historia que conecta con personas poderosas, \u00edconos del cine y momentos que se quedaron en la cultura pop para siempre. As\u00ed que si amas la moda, pero sobre todo los <strong>zapatos,<\/strong> pues qu\u00e9date a recontar estos modelos ic\u00f3nicos,.<\/p>\n\n\n\n<h3 class=\"wp-block-heading\">Los zapatos cl\u00e1sicos<\/h3>\n\n\n\n<figure class=\"wp-block-gallery has-nested-images columns-default is-cropped wp-block-gallery-1 is-layout-flex wp-block-gallery-is-layout-flex\">\n<figure class=\"wp-block-image size-full\"><img data-recalc-dims=\"1\" decoding=\"async\" width=\"736\" height=\"1132\" data-id=\"103132\" src=\"https:\/\/i0.wp.com\/zeromagazine.mx\/wp-content\/uploads\/2025\/05\/descargar-1-1.jpg?resize=736%2C1132\" alt=\"\" class=\"wp-image-103132\" srcset=\"https:\/\/i0.wp.com\/zeromagazine.mx\/wp-content\/uploads\/2025\/05\/descargar-1-1.jpg?w=736&amp;ssl=1 736w, https:\/\/i0.wp.com\/zeromagazine.mx\/wp-content\/uploads\/2025\/05\/descargar-1-1.jpg?resize=195%2C300&amp;ssl=1 195w, https:\/\/i0.wp.com\/zeromagazine.mx\/wp-content\/uploads\/2025\/05\/descargar-1-1.jpg?resize=666%2C1024&amp;ssl=1 666w\" sizes=\"(max-width: 736px) 100vw, 736px\" \/><\/figure>\n\n\n\n<figure class=\"wp-block-image size-full\"><img data-recalc-dims=\"1\" decoding=\"async\" width=\"634\" height=\"936\" data-id=\"103134\" src=\"https:\/\/i0.wp.com\/zeromagazine.mx\/wp-content\/uploads\/2025\/05\/Sarah-Jessica-Parker-has-a-classic-Carrie-moment-with-her-heels.jpg?resize=634%2C936&#038;ssl=1\" alt=\"\" class=\"wp-image-103134\" srcset=\"https:\/\/i0.wp.com\/zeromagazine.mx\/wp-content\/uploads\/2025\/05\/Sarah-Jessica-Parker-has-a-classic-Carrie-moment-with-her-heels.jpg?w=634&amp;ssl=1 634w, https:\/\/i0.wp.com\/zeromagazine.mx\/wp-content\/uploads\/2025\/05\/Sarah-Jessica-Parker-has-a-classic-Carrie-moment-with-her-heels.jpg?resize=203%2C300&amp;ssl=1 203w\" sizes=\"(max-width: 634px) 100vw, 634px\" \/><\/figure>\n<\/figure>\n\n\n\n<p>En los modelos cl\u00e1sicos tenemos a los infalibles <strong>stilettos<\/strong>, que se hicieron famosos en los 50\u2019s con<strong> Marilyn Monroe, <\/strong>y que luego <strong>Carrie Bradshaw<\/strong> se encarg\u00f3 de inmortalizar con su colecci\u00f3n infinita en <em>Sex and the City<\/em>. A pesar de los altibajos fashion, hoy siguen siendo esenciales en cualquier closet.<\/p>\n\n\n\n<p>Tambi\u00e9n est\u00e1n las <strong>balerinas<\/strong>, creadas por <strong>Coco Chanel <\/strong>en 1957, que tomaron lo mejor del ballet para llevarlo a la vida real. C\u00f3modas, vers\u00e1tiles y siempre cute, siguen reinvent\u00e1ndose a\u00f1o con a\u00f1o.<\/p>\n\n\n\n<figure class=\"wp-block-gallery has-nested-images columns-default is-cropped wp-block-gallery-2 is-layout-flex wp-block-gallery-is-layout-flex\">\n<figure class=\"wp-block-image size-large\"><img data-recalc-dims=\"1\" decoding=\"async\" width=\"668\" height=\"1024\" data-id=\"103136\" src=\"https:\/\/i0.wp.com\/zeromagazine.mx\/wp-content\/uploads\/2025\/05\/In-the-Mood-For%E2%80%A6-Gucci-Loafers-668x1024.jpg?resize=668%2C1024&#038;ssl=1\" alt=\"\" class=\"wp-image-103136\" srcset=\"https:\/\/i0.wp.com\/zeromagazine.mx\/wp-content\/uploads\/2025\/05\/In-the-Mood-For%E2%80%A6-Gucci-Loafers.jpg?resize=668%2C1024&amp;ssl=1 668w, https:\/\/i0.wp.com\/zeromagazine.mx\/wp-content\/uploads\/2025\/05\/In-the-Mood-For%E2%80%A6-Gucci-Loafers.jpg?resize=196%2C300&amp;ssl=1 196w, https:\/\/i0.wp.com\/zeromagazine.mx\/wp-content\/uploads\/2025\/05\/In-the-Mood-For%E2%80%A6-Gucci-Loafers.jpg?w=736&amp;ssl=1 736w\" sizes=\"(max-width: 668px) 100vw, 668px\" \/><\/figure>\n\n\n\n<figure class=\"wp-block-image size-large\"><img data-recalc-dims=\"1\" decoding=\"async\" width=\"600\" height=\"741\" data-id=\"103135\" src=\"https:\/\/i0.wp.com\/zeromagazine.mx\/wp-content\/uploads\/2025\/05\/70-Elevated-Mary-Jane-Shoes-Outfit-Ideas-To-Rock-The-Iconic-Shoes.jpg?resize=600%2C741&#038;ssl=1\" alt=\"\" class=\"wp-image-103135\" srcset=\"https:\/\/i0.wp.com\/zeromagazine.mx\/wp-content\/uploads\/2025\/05\/70-Elevated-Mary-Jane-Shoes-Outfit-Ideas-To-Rock-The-Iconic-Shoes.jpg?w=600&amp;ssl=1 600w, https:\/\/i0.wp.com\/zeromagazine.mx\/wp-content\/uploads\/2025\/05\/70-Elevated-Mary-Jane-Shoes-Outfit-Ideas-To-Rock-The-Iconic-Shoes.jpg?resize=243%2C300&amp;ssl=1 243w\" sizes=\"(max-width: 600px) 100vw, 600px\" \/><\/figure>\n<\/figure>\n\n\n\n<p>Y claro, no podemos olvidar los <strong>mocasines<\/strong>, esos zapatos que desde 1953 (gracias a <strong>Aldo Gucc<\/strong>i) se volvieron el must de los looks formales y relajados. Pero<strong> Jane Birkin y Jackie Kennedy <\/strong>ya los llevaban con ese toque effortless que todes so\u00f1amos.<\/p>\n\n\n\n<script async src=\"https:\/\/pagead2.googlesyndication.com\/pagead\/js\/adsbygoogle.js?client=ca-pub-5499304793904745\"\n     crossorigin=\"anonymous\"><\/script>\n<ins class=\"adsbygoogle\"\n     style=\"display:block; text-align:center;\"\n     data-ad-layout=\"in-article\"\n     data-ad-format=\"fluid\"\n     data-ad-client=\"ca-pub-5499304793904745\"\n     data-ad-slot=\"5994863093\"><\/ins>\n<script>\n     (adsbygoogle = window.adsbygoogle || []).push({});\n<\/script>\n\n\n\n<h3 class=\"wp-block-heading\">Un legado en cada dise\u00f1o<\/h3>\n\n\n\n<figure class=\"wp-block-gallery has-nested-images columns-default is-cropped wp-block-gallery-3 is-layout-flex wp-block-gallery-is-layout-flex\">\n<figure class=\"wp-block-image size-large\"><img data-recalc-dims=\"1\" decoding=\"async\" width=\"446\" height=\"700\" data-id=\"103137\" src=\"https:\/\/i0.wp.com\/zeromagazine.mx\/wp-content\/uploads\/2025\/05\/descargar-2.jpg?resize=446%2C700&#038;ssl=1\" alt=\"\" class=\"wp-image-103137\" srcset=\"https:\/\/i0.wp.com\/zeromagazine.mx\/wp-content\/uploads\/2025\/05\/descargar-2.jpg?w=446&amp;ssl=1 446w, https:\/\/i0.wp.com\/zeromagazine.mx\/wp-content\/uploads\/2025\/05\/descargar-2.jpg?resize=191%2C300&amp;ssl=1 191w\" sizes=\"(max-width: 446px) 100vw, 446px\" \/><\/figure>\n\n\n\n<figure class=\"wp-block-image size-large\"><img data-recalc-dims=\"1\" decoding=\"async\" width=\"569\" height=\"852\" data-id=\"103138\" src=\"https:\/\/i0.wp.com\/zeromagazine.mx\/wp-content\/uploads\/2025\/05\/From-the-Archives_-Fashion-and-Footwear-of-the-1960s.jpg?resize=569%2C852&#038;ssl=1\" alt=\"\" class=\"wp-image-103138\" srcset=\"https:\/\/i0.wp.com\/zeromagazine.mx\/wp-content\/uploads\/2025\/05\/From-the-Archives_-Fashion-and-Footwear-of-the-1960s.jpg?w=569&amp;ssl=1 569w, https:\/\/i0.wp.com\/zeromagazine.mx\/wp-content\/uploads\/2025\/05\/From-the-Archives_-Fashion-and-Footwear-of-the-1960s.jpg?resize=200%2C300&amp;ssl=1 200w\" sizes=\"(max-width: 569px) 100vw, 569px\" \/><\/figure>\n<\/figure>\n\n\n\n<p>Asimismo, para quienes buscan elegancia sin dolor, est\u00e1n los <strong>kitten heels<\/strong>, los favoritos de <strong>Audrey Hepburn. <\/strong>Tac\u00f3n bajito, delicado y full glam. Son ideales para andar ic\u00f3nique sin sufrir por horas.<\/p>\n\n\n\n<p>Y si te est\u00e1s preguntando d\u00f3nde puedes encontrar reinterpretaciones de estos estilos hoy, la respuesta es <strong>Quirelli<\/strong>. Marca mexicana, con materiales premium, manufactura artesanal y un enfoque en comodidad que te abraza el pie. Porque s\u00ed, <strong>cada paso importa<\/strong> cuando vas caminando con historia.<\/p>\n\n\n\n<script async src=\"https:\/\/pagead2.googlesyndication.com\/pagead\/js\/adsbygoogle.js?client=ca-pub-5499304793904745\"\n     crossorigin=\"anonymous\"><\/script>\n<ins class=\"adsbygoogle\"\n     style=\"display:block; text-align:center;\"\n     data-ad-layout=\"in-article\"\n     data-ad-format=\"fluid\"\n     data-ad-client=\"ca-pub-5499304793904745\"\n     data-ad-slot=\"5994863093\"><\/ins>\n<script>\n     (adsbygoogle = window.adsbygoogle || []).push({});\n<\/script>\n\n\n\n<h3 class=\"wp-block-heading\">Pies con prop\u00f3sito<\/h3>\n\n\n\n<div class=\"wp-block-jetpack-slideshow aligncenter\" data-effect=\"slide\"><div class=\"wp-block-jetpack-slideshow_container swiper-container\"><ul class=\"wp-block-jetpack-slideshow_swiper-wrapper swiper-wrapper\"><li class=\"wp-block-jetpack-slideshow_slide swiper-slide\"><figure><img data-recalc-dims=\"1\" decoding=\"async\" alt=\"\" class=\"wp-block-jetpack-slideshow_image wp-image-103142\" data-id=\"103142\" src=\"https:\/\/i0.wp.com\/zeromagazine.mx\/wp-content\/uploads\/2025\/05\/302401_NUDE_DER-1.jpg?w=1165\"\/><\/figure><\/li><li class=\"wp-block-jetpack-slideshow_slide swiper-slide\"><figure><img data-recalc-dims=\"1\" decoding=\"async\" alt=\"\" class=\"wp-block-jetpack-slideshow_image wp-image-103141\" data-id=\"103141\" src=\"https:\/\/i0.wp.com\/zeromagazine.mx\/wp-content\/uploads\/2025\/05\/304402_NEGRO_DER.jpg?w=1165\"\/><\/figure><\/li><li class=\"wp-block-jetpack-slideshow_slide swiper-slide\"><figure><img data-recalc-dims=\"1\" decoding=\"async\" width=\"1024\" height=\"1024\" alt=\"\" class=\"wp-block-jetpack-slideshow_image wp-image-103139\" data-id=\"103139\" src=\"https:\/\/i0.wp.com\/zeromagazine.mx\/wp-content\/uploads\/2025\/05\/300801_NUDE_DER-1-1024x1024.jpg?resize=1024%2C1024\" srcset=\"https:\/\/i0.wp.com\/zeromagazine.mx\/wp-content\/uploads\/2025\/05\/300801_NUDE_DER-1-scaled.jpg?resize=1024%2C1024&amp;ssl=1 1024w, https:\/\/i0.wp.com\/zeromagazine.mx\/wp-content\/uploads\/2025\/05\/300801_NUDE_DER-1-scaled.jpg?resize=300%2C300&amp;ssl=1 300w, https:\/\/i0.wp.com\/zeromagazine.mx\/wp-content\/uploads\/2025\/05\/300801_NUDE_DER-1-scaled.jpg?resize=150%2C150&amp;ssl=1 150w, https:\/\/i0.wp.com\/zeromagazine.mx\/wp-content\/uploads\/2025\/05\/300801_NUDE_DER-1-scaled.jpg?resize=768%2C768&amp;ssl=1 768w, https:\/\/i0.wp.com\/zeromagazine.mx\/wp-content\/uploads\/2025\/05\/300801_NUDE_DER-1-scaled.jpg?resize=1536%2C1536&amp;ssl=1 1536w, https:\/\/i0.wp.com\/zeromagazine.mx\/wp-content\/uploads\/2025\/05\/300801_NUDE_DER-1-scaled.jpg?w=2330 2330w\" sizes=\"(max-width: 1024px) 100vw, 1024px\" \/><\/figure><\/li><li class=\"wp-block-jetpack-slideshow_slide swiper-slide\"><figure><img data-recalc-dims=\"1\" decoding=\"async\" alt=\"\" class=\"wp-block-jetpack-slideshow_image wp-image-103143\" data-id=\"103143\" src=\"https:\/\/i0.wp.com\/zeromagazine.mx\/wp-content\/uploads\/2025\/05\/304704_ORO_DER.jpg?w=1165\"\/><\/figure><\/li><li class=\"wp-block-jetpack-slideshow_slide swiper-slide\"><figure><img data-recalc-dims=\"1\" decoding=\"async\" width=\"1024\" height=\"1024\" alt=\"\" class=\"wp-block-jetpack-slideshow_image wp-image-103140\" data-id=\"103140\" src=\"https:\/\/i0.wp.com\/zeromagazine.mx\/wp-content\/uploads\/2025\/05\/303702_LATTE_DER-1024x1024.jpg?resize=1024%2C1024\" srcset=\"https:\/\/i0.wp.com\/zeromagazine.mx\/wp-content\/uploads\/2025\/05\/303702_LATTE_DER-scaled.jpg?resize=1024%2C1024&amp;ssl=1 1024w, https:\/\/i0.wp.com\/zeromagazine.mx\/wp-content\/uploads\/2025\/05\/303702_LATTE_DER-scaled.jpg?resize=300%2C300&amp;ssl=1 300w, https:\/\/i0.wp.com\/zeromagazine.mx\/wp-content\/uploads\/2025\/05\/303702_LATTE_DER-scaled.jpg?resize=150%2C150&amp;ssl=1 150w, https:\/\/i0.wp.com\/zeromagazine.mx\/wp-content\/uploads\/2025\/05\/303702_LATTE_DER-scaled.jpg?resize=768%2C768&amp;ssl=1 768w, https:\/\/i0.wp.com\/zeromagazine.mx\/wp-content\/uploads\/2025\/05\/303702_LATTE_DER-scaled.jpg?resize=1536%2C1536&amp;ssl=1 1536w, https:\/\/i0.wp.com\/zeromagazine.mx\/wp-content\/uploads\/2025\/05\/303702_LATTE_DER-scaled.jpg?resize=2048%2C2048&amp;ssl=1 2048w, https:\/\/i0.wp.com\/zeromagazine.mx\/wp-content\/uploads\/2025\/05\/303702_LATTE_DER-scaled.jpg?w=2330 2330w\" sizes=\"(max-width: 1024px) 100vw, 1024px\" \/><\/figure><\/li><\/ul><a class=\"wp-block-jetpack-slideshow_button-prev swiper-button-prev swiper-button-white\" role=\"button\"><\/a><a class=\"wp-block-jetpack-slideshow_button-next swiper-button-next swiper-button-white\" role=\"button\"><\/a><a aria-label=\"Pause Slideshow\" class=\"wp-block-jetpack-slideshow_button-pause\" role=\"button\"><\/a><div class=\"wp-block-jetpack-slideshow_pagination swiper-pagination swiper-pagination-white\"><\/div><\/div><\/div>\n\n\n\n<p>Finalmente, no importa si eres m\u00e1s balerina<strong> chill, stiletto power o mocas\u00edn genderless.<\/strong> Lo importante es elegir piezas que te hagan sentir bien y se vean a\u00fan mejor. Porque en la moda, como en la vida, cada paso importa. As\u00ed que encuentra tu pr\u00f3ximo par de zapatos  en: <a class=\"\" href=\"https:\/\/quirelli.com\">quirelli.com<\/a><\/p>\n\n\n\n<script async src=\"https:\/\/pagead2.googlesyndication.com\/pagead\/js\/adsbygoogle.js?client=ca-pub-5499304793904745\"\n     crossorigin=\"anonymous\"><\/script>\n<ins class=\"adsbygoogle\"\n     style=\"display:block; text-align:center;\"\n     data-ad-layout=\"in-article\"\n     data-ad-format=\"fluid\"\n     data-ad-client=\"ca-pub-5499304793904745\"\n     data-ad-slot=\"5994863093\"><\/ins>\n<script>\n     (adsbygoogle = window.adsbygoogle || []).push({});\n<\/script>\n\n<!--themify_builder_content-->\n<div id=\"themify_builder_content-103129\" data-postid=\"103129\" class=\"themify_builder_content themify_builder_content-103129 themify_builder tf_clear\">\n    <\/div>\n<!--\/themify_builder_content-->","protected":false},"excerpt":{"rendered":"<p>Amix, sabemos que un par de zapatos puede ser mucho m\u00e1s que solo eso. A veces son statement, otras son seguridad y, muchas veces, son historia. Por eso Quierelli nos lleva a revisar los modelos del calzado m\u00e1s ic\u00f3nicos que han marcado el rumbo de la moda a lo largo de las d\u00e9cadas, desde stilettos [&hellip;]<\/p>\n","protected":false},"author":4,"featured_media":103144,"comment_status":"open","ping_status":"open","sticky":false,"template":"","format":"standard","meta":{"_jetpack_memberships_contains_paid_content":false,"footnotes":"","jetpack_publicize_message":"","jetpack_publicize_feature_enabled":true,"jetpack_social_post_already_shared":true,"jetpack_social_options":{"image_generator_settings":{"template":"highway","default_image_id":0,"font":"","enabled":false},"version":2}},"categories":[67],"tags":[6970,13580,11551,8770],"class_list":["post-103129","post","type-post","status-publish","format-standard","has-post-thumbnail","hentry","category-moda","tag-calzado","tag-historia-de-la-moda","tag-quirelli","tag-zapatos","has-post-title","has-post-date","has-post-category","has-post-tag","has-post-comment","has-post-author",""],"yoast_head":"<!-- This site is optimized with the Yoast SEO plugin v27.5 - https:\/\/yoast.com\/product\/yoast-seo-wordpress\/ -->\n<title>Quirelli Nos Presenta Los Zapatos Que Marcaron La Historia - Zero Magazine<\/title>\n<meta name=\"description\" content=\"Entra y descubre como Quirelli nos trae los zapatos m\u00e1s ic\u00f3nicos que han marcado la historia y la moda del calzado\" \/>\n<meta name=\"robots\" content=\"index, follow, max-snippet:-1, max-image-preview:large, max-video-preview:-1\" \/>\n<link rel=\"canonical\" href=\"https:\/\/zeromagazine.mx\/index.php\/2025\/05\/06\/quirelli-nos-presenta-los-zapatos-que-marcaron-la-historia\/\" \/>\n<meta property=\"og:locale\" content=\"es_ES\" \/>\n<meta property=\"og:type\" content=\"article\" \/>\n<meta property=\"og:title\" content=\"Quirelli Nos Presenta Los Zapatos Que Marcaron La Historia - Zero Magazine\" \/>\n<meta property=\"og:description\" content=\"Entra y descubre como Quirelli nos trae los zapatos m\u00e1s ic\u00f3nicos que han marcado la historia y la moda del calzado\" \/>\n<meta property=\"og:url\" content=\"https:\/\/zeromagazine.mx\/index.php\/2025\/05\/06\/quirelli-nos-presenta-los-zapatos-que-marcaron-la-historia\/\" \/>\n<meta property=\"og:site_name\" content=\"Zero Magazine\" \/>\n<meta property=\"article:published_time\" content=\"2025-05-06T23:38:56+00:00\" \/>\n<meta property=\"article:modified_time\" content=\"2025-05-06T23:38:57+00:00\" \/>\n<meta property=\"og:image\" content=\"http:\/\/zeromagazine.mx\/wp-content\/uploads\/2025\/05\/303701_ANTIMONIO_DER.jpg\" \/>\n\t<meta property=\"og:image:width\" content=\"1\" \/>\n\t<meta property=\"og:image:height\" content=\"1\" \/>\n\t<meta property=\"og:image:type\" content=\"image\/jpeg\" \/>\n<meta name=\"author\" content=\"David Morales\" \/>\n<meta name=\"twitter:card\" content=\"summary_large_image\" \/>\n<meta name=\"twitter:label1\" content=\"Escrito por\" \/>\n\t<meta name=\"twitter:data1\" content=\"David Morales\" \/>\n\t<meta name=\"twitter:label2\" content=\"Tiempo de lectura\" \/>\n\t<meta name=\"twitter:data2\" content=\"5 minutos\" \/>\n<script type=\"application\/ld+json\" class=\"yoast-schema-graph\">{\"@context\":\"https:\\\/\\\/schema.org\",\"@graph\":[{\"@type\":\"Article\",\"@id\":\"https:\\\/\\\/zeromagazine.mx\\\/index.php\\\/2025\\\/05\\\/06\\\/quirelli-nos-presenta-los-zapatos-que-marcaron-la-historia\\\/#article\",\"isPartOf\":{\"@id\":\"https:\\\/\\\/zeromagazine.mx\\\/index.php\\\/2025\\\/05\\\/06\\\/quirelli-nos-presenta-los-zapatos-que-marcaron-la-historia\\\/\"},\"author\":{\"name\":\"David Morales\",\"@id\":\"https:\\\/\\\/zeromagazine.mx\\\/#\\\/schema\\\/person\\\/9f7f1a17c60ba8e9980e3e6677aabe5a\"},\"headline\":\"Quirelli Nos Presenta Los Zapatos Que Marcaron La Historia\",\"datePublished\":\"2025-05-06T23:38:56+00:00\",\"dateModified\":\"2025-05-06T23:38:57+00:00\",\"mainEntityOfPage\":{\"@id\":\"https:\\\/\\\/zeromagazine.mx\\\/index.php\\\/2025\\\/05\\\/06\\\/quirelli-nos-presenta-los-zapatos-que-marcaron-la-historia\\\/\"},\"wordCount\":401,\"commentCount\":0,\"publisher\":{\"@id\":\"https:\\\/\\\/zeromagazine.mx\\\/#organization\"},\"image\":{\"@id\":\"https:\\\/\\\/zeromagazine.mx\\\/index.php\\\/2025\\\/05\\\/06\\\/quirelli-nos-presenta-los-zapatos-que-marcaron-la-historia\\\/#primaryimage\"},\"thumbnailUrl\":\"https:\\\/\\\/i0.wp.com\\\/zeromagazine.mx\\\/wp-content\\\/uploads\\\/2025\\\/05\\\/303701_ANTIMONIO_DER.jpg?fit=%2C&ssl=1\",\"keywords\":[\"Calzado\",\"Historia de la moda\",\"Quirelli\",\"Zapatos\"],\"articleSection\":[\"Moda\"],\"inLanguage\":\"es\",\"potentialAction\":[{\"@type\":\"CommentAction\",\"name\":\"Comment\",\"target\":[\"https:\\\/\\\/zeromagazine.mx\\\/index.php\\\/2025\\\/05\\\/06\\\/quirelli-nos-presenta-los-zapatos-que-marcaron-la-historia\\\/#respond\"]}]},{\"@type\":\"WebPage\",\"@id\":\"https:\\\/\\\/zeromagazine.mx\\\/index.php\\\/2025\\\/05\\\/06\\\/quirelli-nos-presenta-los-zapatos-que-marcaron-la-historia\\\/\",\"url\":\"https:\\\/\\\/zeromagazine.mx\\\/index.php\\\/2025\\\/05\\\/06\\\/quirelli-nos-presenta-los-zapatos-que-marcaron-la-historia\\\/\",\"name\":\"Quirelli Nos Presenta Los Zapatos Que Marcaron La Historia - Zero Magazine\",\"isPartOf\":{\"@id\":\"https:\\\/\\\/zeromagazine.mx\\\/#website\"},\"primaryImageOfPage\":{\"@id\":\"https:\\\/\\\/zeromagazine.mx\\\/index.php\\\/2025\\\/05\\\/06\\\/quirelli-nos-presenta-los-zapatos-que-marcaron-la-historia\\\/#primaryimage\"},\"image\":{\"@id\":\"https:\\\/\\\/zeromagazine.mx\\\/index.php\\\/2025\\\/05\\\/06\\\/quirelli-nos-presenta-los-zapatos-que-marcaron-la-historia\\\/#primaryimage\"},\"thumbnailUrl\":\"https:\\\/\\\/i0.wp.com\\\/zeromagazine.mx\\\/wp-content\\\/uploads\\\/2025\\\/05\\\/303701_ANTIMONIO_DER.jpg?fit=%2C&ssl=1\",\"datePublished\":\"2025-05-06T23:38:56+00:00\",\"dateModified\":\"2025-05-06T23:38:57+00:00\",\"description\":\"Entra y descubre como Quirelli nos trae los zapatos m\u00e1s ic\u00f3nicos que han marcado la historia y la moda del calzado\",\"breadcrumb\":{\"@id\":\"https:\\\/\\\/zeromagazine.mx\\\/index.php\\\/2025\\\/05\\\/06\\\/quirelli-nos-presenta-los-zapatos-que-marcaron-la-historia\\\/#breadcrumb\"},\"inLanguage\":\"es\",\"potentialAction\":[{\"@type\":\"ReadAction\",\"target\":[\"https:\\\/\\\/zeromagazine.mx\\\/index.php\\\/2025\\\/05\\\/06\\\/quirelli-nos-presenta-los-zapatos-que-marcaron-la-historia\\\/\"]}]},{\"@type\":\"ImageObject\",\"inLanguage\":\"es\",\"@id\":\"https:\\\/\\\/zeromagazine.mx\\\/index.php\\\/2025\\\/05\\\/06\\\/quirelli-nos-presenta-los-zapatos-que-marcaron-la-historia\\\/#primaryimage\",\"url\":\"https:\\\/\\\/i0.wp.com\\\/zeromagazine.mx\\\/wp-content\\\/uploads\\\/2025\\\/05\\\/303701_ANTIMONIO_DER.jpg?fit=%2C&ssl=1\",\"contentUrl\":\"https:\\\/\\\/i0.wp.com\\\/zeromagazine.mx\\\/wp-content\\\/uploads\\\/2025\\\/05\\\/303701_ANTIMONIO_DER.jpg?fit=%2C&ssl=1\"},{\"@type\":\"BreadcrumbList\",\"@id\":\"https:\\\/\\\/zeromagazine.mx\\\/index.php\\\/2025\\\/05\\\/06\\\/quirelli-nos-presenta-los-zapatos-que-marcaron-la-historia\\\/#breadcrumb\",\"itemListElement\":[{\"@type\":\"ListItem\",\"position\":1,\"name\":\"Portada\",\"item\":\"https:\\\/\\\/zeromagazine.mx\\\/\"},{\"@type\":\"ListItem\",\"position\":2,\"name\":\"Quirelli Nos Presenta Los Zapatos Que Marcaron La Historia\"}]},{\"@type\":\"WebSite\",\"@id\":\"https:\\\/\\\/zeromagazine.mx\\\/#website\",\"url\":\"https:\\\/\\\/zeromagazine.mx\\\/\",\"name\":\"Zero Magazine\",\"description\":\"\",\"publisher\":{\"@id\":\"https:\\\/\\\/zeromagazine.mx\\\/#organization\"},\"potentialAction\":[{\"@type\":\"SearchAction\",\"target\":{\"@type\":\"EntryPoint\",\"urlTemplate\":\"https:\\\/\\\/zeromagazine.mx\\\/?s={search_term_string}\"},\"query-input\":{\"@type\":\"PropertyValueSpecification\",\"valueRequired\":true,\"valueName\":\"search_term_string\"}}],\"inLanguage\":\"es\"},{\"@type\":\"Organization\",\"@id\":\"https:\\\/\\\/zeromagazine.mx\\\/#organization\",\"name\":\"Zero Magazine\",\"url\":\"https:\\\/\\\/zeromagazine.mx\\\/\",\"logo\":{\"@type\":\"ImageObject\",\"inLanguage\":\"es\",\"@id\":\"https:\\\/\\\/zeromagazine.mx\\\/#\\\/schema\\\/logo\\\/image\\\/\",\"url\":\"https:\\\/\\\/i0.wp.com\\\/zeromagazine.mx\\\/wp-content\\\/uploads\\\/2025\\\/11\\\/1.jpeg?fit=1000%2C1000&ssl=1\",\"contentUrl\":\"https:\\\/\\\/i0.wp.com\\\/zeromagazine.mx\\\/wp-content\\\/uploads\\\/2025\\\/11\\\/1.jpeg?fit=1000%2C1000&ssl=1\",\"width\":1000,\"height\":1000,\"caption\":\"Zero Magazine\"},\"image\":{\"@id\":\"https:\\\/\\\/zeromagazine.mx\\\/#\\\/schema\\\/logo\\\/image\\\/\"},\"sameAs\":[\"https:\\\/\\\/instagram.com\\\/zeromagazinemx\"]},{\"@type\":\"Person\",\"@id\":\"https:\\\/\\\/zeromagazine.mx\\\/#\\\/schema\\\/person\\\/9f7f1a17c60ba8e9980e3e6677aabe5a\",\"name\":\"David Morales\",\"image\":{\"@type\":\"ImageObject\",\"inLanguage\":\"es\",\"@id\":\"https:\\\/\\\/zeromagazine.mx\\\/wp-content\\\/litespeed\\\/avatar\\\/76069d2136bfc1c37dc34815bb67ca42.jpg?ver=1777571067\",\"url\":\"https:\\\/\\\/zeromagazine.mx\\\/wp-content\\\/litespeed\\\/avatar\\\/76069d2136bfc1c37dc34815bb67ca42.jpg?ver=1777571067\",\"contentUrl\":\"https:\\\/\\\/zeromagazine.mx\\\/wp-content\\\/litespeed\\\/avatar\\\/76069d2136bfc1c37dc34815bb67ca42.jpg?ver=1777571067\",\"caption\":\"David Morales\"},\"url\":\"https:\\\/\\\/zeromagazine.mx\\\/index.php\\\/author\\\/david\\\/\"}]}<\/script>\n<!-- \/ Yoast SEO plugin. -->","yoast_head_json":{"title":"Quirelli Nos Presenta Los Zapatos Que Marcaron La Historia - Zero Magazine","description":"Entra y descubre como Quirelli nos trae los zapatos m\u00e1s ic\u00f3nicos que han marcado la historia y la moda del calzado","robots":{"index":"index","follow":"follow","max-snippet":"max-snippet:-1","max-image-preview":"max-image-preview:large","max-video-preview":"max-video-preview:-1"},"canonical":"https:\/\/zeromagazine.mx\/index.php\/2025\/05\/06\/quirelli-nos-presenta-los-zapatos-que-marcaron-la-historia\/","og_locale":"es_ES","og_type":"article","og_title":"Quirelli Nos Presenta Los Zapatos Que Marcaron La Historia - Zero Magazine","og_description":"Entra y descubre como Quirelli nos trae los zapatos m\u00e1s ic\u00f3nicos que han marcado la historia y la moda del calzado","og_url":"https:\/\/zeromagazine.mx\/index.php\/2025\/05\/06\/quirelli-nos-presenta-los-zapatos-que-marcaron-la-historia\/","og_site_name":"Zero Magazine","article_published_time":"2025-05-06T23:38:56+00:00","article_modified_time":"2025-05-06T23:38:57+00:00","og_image":[{"url":"http:\/\/zeromagazine.mx\/wp-content\/uploads\/2025\/05\/303701_ANTIMONIO_DER.jpg","width":1,"height":1,"type":"image\/jpeg"}],"author":"David Morales","twitter_card":"summary_large_image","twitter_misc":{"Escrito por":"David Morales","Tiempo de lectura":"5 minutos"},"schema":{"@context":"https:\/\/schema.org","@graph":[{"@type":"Article","@id":"https:\/\/zeromagazine.mx\/index.php\/2025\/05\/06\/quirelli-nos-presenta-los-zapatos-que-marcaron-la-historia\/#article","isPartOf":{"@id":"https:\/\/zeromagazine.mx\/index.php\/2025\/05\/06\/quirelli-nos-presenta-los-zapatos-que-marcaron-la-historia\/"},"author":{"name":"David Morales","@id":"https:\/\/zeromagazine.mx\/#\/schema\/person\/9f7f1a17c60ba8e9980e3e6677aabe5a"},"headline":"Quirelli Nos Presenta Los Zapatos Que Marcaron La Historia","datePublished":"2025-05-06T23:38:56+00:00","dateModified":"2025-05-06T23:38:57+00:00","mainEntityOfPage":{"@id":"https:\/\/zeromagazine.mx\/index.php\/2025\/05\/06\/quirelli-nos-presenta-los-zapatos-que-marcaron-la-historia\/"},"wordCount":401,"commentCount":0,"publisher":{"@id":"https:\/\/zeromagazine.mx\/#organization"},"image":{"@id":"https:\/\/zeromagazine.mx\/index.php\/2025\/05\/06\/quirelli-nos-presenta-los-zapatos-que-marcaron-la-historia\/#primaryimage"},"thumbnailUrl":"https:\/\/i0.wp.com\/zeromagazine.mx\/wp-content\/uploads\/2025\/05\/303701_ANTIMONIO_DER.jpg?fit=%2C&ssl=1","keywords":["Calzado","Historia de la moda","Quirelli","Zapatos"],"articleSection":["Moda"],"inLanguage":"es","potentialAction":[{"@type":"CommentAction","name":"Comment","target":["https:\/\/zeromagazine.mx\/index.php\/2025\/05\/06\/quirelli-nos-presenta-los-zapatos-que-marcaron-la-historia\/#respond"]}]},{"@type":"WebPage","@id":"https:\/\/zeromagazine.mx\/index.php\/2025\/05\/06\/quirelli-nos-presenta-los-zapatos-que-marcaron-la-historia\/","url":"https:\/\/zeromagazine.mx\/index.php\/2025\/05\/06\/quirelli-nos-presenta-los-zapatos-que-marcaron-la-historia\/","name":"Quirelli Nos Presenta Los Zapatos Que Marcaron La Historia - Zero Magazine","isPartOf":{"@id":"https:\/\/zeromagazine.mx\/#website"},"primaryImageOfPage":{"@id":"https:\/\/zeromagazine.mx\/index.php\/2025\/05\/06\/quirelli-nos-presenta-los-zapatos-que-marcaron-la-historia\/#primaryimage"},"image":{"@id":"https:\/\/zeromagazine.mx\/index.php\/2025\/05\/06\/quirelli-nos-presenta-los-zapatos-que-marcaron-la-historia\/#primaryimage"},"thumbnailUrl":"https:\/\/i0.wp.com\/zeromagazine.mx\/wp-content\/uploads\/2025\/05\/303701_ANTIMONIO_DER.jpg?fit=%2C&ssl=1","datePublished":"2025-05-06T23:38:56+00:00","dateModified":"2025-05-06T23:38:57+00:00","description":"Entra y descubre como Quirelli nos trae los zapatos m\u00e1s ic\u00f3nicos que han marcado la historia y la moda del calzado","breadcrumb":{"@id":"https:\/\/zeromagazine.mx\/index.php\/2025\/05\/06\/quirelli-nos-presenta-los-zapatos-que-marcaron-la-historia\/#breadcrumb"},"inLanguage":"es","potentialAction":[{"@type":"ReadAction","target":["https:\/\/zeromagazine.mx\/index.php\/2025\/05\/06\/quirelli-nos-presenta-los-zapatos-que-marcaron-la-historia\/"]}]},{"@type":"ImageObject","inLanguage":"es","@id":"https:\/\/zeromagazine.mx\/index.php\/2025\/05\/06\/quirelli-nos-presenta-los-zapatos-que-marcaron-la-historia\/#primaryimage","url":"https:\/\/i0.wp.com\/zeromagazine.mx\/wp-content\/uploads\/2025\/05\/303701_ANTIMONIO_DER.jpg?fit=%2C&ssl=1","contentUrl":"https:\/\/i0.wp.com\/zeromagazine.mx\/wp-content\/uploads\/2025\/05\/303701_ANTIMONIO_DER.jpg?fit=%2C&ssl=1"},{"@type":"BreadcrumbList","@id":"https:\/\/zeromagazine.mx\/index.php\/2025\/05\/06\/quirelli-nos-presenta-los-zapatos-que-marcaron-la-historia\/#breadcrumb","itemListElement":[{"@type":"ListItem","position":1,"name":"Portada","item":"https:\/\/zeromagazine.mx\/"},{"@type":"ListItem","position":2,"name":"Quirelli Nos Presenta Los Zapatos Que Marcaron La Historia"}]},{"@type":"WebSite","@id":"https:\/\/zeromagazine.mx\/#website","url":"https:\/\/zeromagazine.mx\/","name":"Zero Magazine","description":"","publisher":{"@id":"https:\/\/zeromagazine.mx\/#organization"},"potentialAction":[{"@type":"SearchAction","target":{"@type":"EntryPoint","urlTemplate":"https:\/\/zeromagazine.mx\/?s={search_term_string}"},"query-input":{"@type":"PropertyValueSpecification","valueRequired":true,"valueName":"search_term_string"}}],"inLanguage":"es"},{"@type":"Organization","@id":"https:\/\/zeromagazine.mx\/#organization","name":"Zero Magazine","url":"https:\/\/zeromagazine.mx\/","logo":{"@type":"ImageObject","inLanguage":"es","@id":"https:\/\/zeromagazine.mx\/#\/schema\/logo\/image\/","url":"https:\/\/i0.wp.com\/zeromagazine.mx\/wp-content\/uploads\/2025\/11\/1.jpeg?fit=1000%2C1000&ssl=1","contentUrl":"https:\/\/i0.wp.com\/zeromagazine.mx\/wp-content\/uploads\/2025\/11\/1.jpeg?fit=1000%2C1000&ssl=1","width":1000,"height":1000,"caption":"Zero Magazine"},"image":{"@id":"https:\/\/zeromagazine.mx\/#\/schema\/logo\/image\/"},"sameAs":["https:\/\/instagram.com\/zeromagazinemx"]},{"@type":"Person","@id":"https:\/\/zeromagazine.mx\/#\/schema\/person\/9f7f1a17c60ba8e9980e3e6677aabe5a","name":"David Morales","image":{"@type":"ImageObject","inLanguage":"es","@id":"https:\/\/zeromagazine.mx\/wp-content\/litespeed\/avatar\/76069d2136bfc1c37dc34815bb67ca42.jpg?ver=1777571067","url":"https:\/\/zeromagazine.mx\/wp-content\/litespeed\/avatar\/76069d2136bfc1c37dc34815bb67ca42.jpg?ver=1777571067","contentUrl":"https:\/\/zeromagazine.mx\/wp-content\/litespeed\/avatar\/76069d2136bfc1c37dc34815bb67ca42.jpg?ver=1777571067","caption":"David Morales"},"url":"https:\/\/zeromagazine.mx\/index.php\/author\/david\/"}]}},"jetpack_publicize_connections":[],"jetpack_featured_media_url":"https:\/\/i0.wp.com\/zeromagazine.mx\/wp-content\/uploads\/2025\/05\/303701_ANTIMONIO_DER.jpg?fit=%2C&ssl=1","jetpack-related-posts":[{"id":91780,"url":"https:\/\/zeromagazine.mx\/index.php\/2024\/11\/26\/cat-footwear-x-batman\/","url_meta":{"origin":103129,"position":0},"title":"Cat Footwear x Batman","author":"zeromagazinemx","date":"26 de noviembre de 2024","format":false,"excerpt":"\u00bfTe imaginas ser el tipo de persona que lleva en los pies algo tan poderoso que no solo se ve bien, sino que tambi\u00e9n te hace sentir imparable? Pues prep\u00e1rate, porque Cat\u00ae Footwear, la marca de calzado que siempre ha sido sin\u00f3nimo de resistencia y durabilidad, acaba de lanzar una\u2026","rel":"","context":"En \u00abModa\u00bb","block_context":{"text":"Moda","link":"https:\/\/zeromagazine.mx\/index.php\/category\/moda\/"},"img":{"alt_text":"","src":"https:\/\/i0.wp.com\/zeromagazine.mx\/wp-content\/uploads\/2024\/11\/unnamed-29.jpg?fit=623%2C680&ssl=1&resize=350%2C200","width":350,"height":200,"srcset":"https:\/\/i0.wp.com\/zeromagazine.mx\/wp-content\/uploads\/2024\/11\/unnamed-29.jpg?fit=623%2C680&ssl=1&resize=350%2C200 1x, https:\/\/i0.wp.com\/zeromagazine.mx\/wp-content\/uploads\/2024\/11\/unnamed-29.jpg?fit=623%2C680&ssl=1&resize=525%2C300 1.5x"},"classes":[]},{"id":73241,"url":"https:\/\/zeromagazine.mx\/index.php\/2024\/04\/04\/domina-el-arte-de-combinar-zapatos\/","url_meta":{"origin":103129,"position":1},"title":"Domina el Arte de Combinar Zapatos","author":"zeromagazinemx","date":"4 de abril de 2024","format":false,"excerpt":"Si eres de los que piensan que el calzado no es importante en un outfit, \u00a1pi\u00e9nsalo de nuevo! En el emocionante mundo de la moda, cada zapato tiene su propia historia que contar y saber c\u00f3mo combinarlos puede llevar tu estilo al siguiente nivel. As\u00ed que aqu\u00ed, gracias a Michel\u2026","rel":"","context":"En \u00abBlog\u00bb","block_context":{"text":"Blog","link":"https:\/\/zeromagazine.mx\/index.php\/category\/blog\/"},"img":{"alt_text":"","src":"https:\/\/i0.wp.com\/zeromagazine.mx\/wp-content\/uploads\/2024\/04\/Captura-de-pantalla-563.png?fit=512%2C517&ssl=1&resize=350%2C200","width":350,"height":200},"classes":[]},{"id":79807,"url":"https:\/\/zeromagazine.mx\/index.php\/2024\/07\/02\/llega-a-mexico-la-nueva-colaboracion-de-calzado-entre-reebok-y-adsum\/","url_meta":{"origin":103129,"position":2},"title":"Reebok x Adsum la Colaboraci\u00f3n M\u00e1s Top del Mes","author":"zeromagazinemx","date":"2 de julio de 2024","format":false,"excerpt":"Hoy les traigo una noticia que les va a encantar, especialmente si son fans de los sneakers. La ic\u00f3nica marca de cultura deportiva, Reebok, se ha unido con la marca neoyorquina Adsum para traernos una colaboraci\u00f3n \u00e9pica: el nuevo modelo Adsum Reebok Club C Revenge. Les prometo que este par\u2026","rel":"","context":"En \u00abModa\u00bb","block_context":{"text":"Moda","link":"https:\/\/zeromagazine.mx\/index.php\/category\/moda\/"},"img":{"alt_text":"","src":"https:\/\/i0.wp.com\/zeromagazine.mx\/wp-content\/uploads\/2024\/07\/SS24_ADSUM_PHOTO-LIBRARY_2-scaled.jpg?fit=960%2C1200&ssl=1&resize=350%2C200","width":350,"height":200,"srcset":"https:\/\/i0.wp.com\/zeromagazine.mx\/wp-content\/uploads\/2024\/07\/SS24_ADSUM_PHOTO-LIBRARY_2-scaled.jpg?fit=960%2C1200&ssl=1&resize=350%2C200 1x, https:\/\/i0.wp.com\/zeromagazine.mx\/wp-content\/uploads\/2024\/07\/SS24_ADSUM_PHOTO-LIBRARY_2-scaled.jpg?fit=960%2C1200&ssl=1&resize=525%2C300 1.5x, https:\/\/i0.wp.com\/zeromagazine.mx\/wp-content\/uploads\/2024\/07\/SS24_ADSUM_PHOTO-LIBRARY_2-scaled.jpg?fit=960%2C1200&ssl=1&resize=700%2C400 2x"},"classes":[]},{"id":79457,"url":"https:\/\/zeromagazine.mx\/index.php\/2024\/06\/27\/camper-x-sunnei\/","url_meta":{"origin":103129,"position":3},"title":"Camper x SUNNEI","author":"zeromagazinemx","date":"27 de junio de 2024","format":false,"excerpt":"Hoy quiero compartirles algo que va a sacudir el mundo del calzado como nunca antes: la colaboraci\u00f3n entre Camper y SUNNEI. \u00bfListes para algo cool? Este proyecto, llamado FORONE, no es solo otro par de zapatos. Es una declaraci\u00f3n de creatividad y libertad expresiva. Disruptivo en su dise\u00f1o, FORONE rompe\u2026","rel":"","context":"En \u00abModa\u00bb","block_context":{"text":"Moda","link":"https:\/\/zeromagazine.mx\/index.php\/category\/moda\/"},"img":{"alt_text":"","src":"https:\/\/i0.wp.com\/zeromagazine.mx\/wp-content\/uploads\/2024\/06\/unnamed-15-2.jpg?fit=1200%2C886&ssl=1&resize=350%2C200","width":350,"height":200,"srcset":"https:\/\/i0.wp.com\/zeromagazine.mx\/wp-content\/uploads\/2024\/06\/unnamed-15-2.jpg?fit=1200%2C886&ssl=1&resize=350%2C200 1x, https:\/\/i0.wp.com\/zeromagazine.mx\/wp-content\/uploads\/2024\/06\/unnamed-15-2.jpg?fit=1200%2C886&ssl=1&resize=525%2C300 1.5x, https:\/\/i0.wp.com\/zeromagazine.mx\/wp-content\/uploads\/2024\/06\/unnamed-15-2.jpg?fit=1200%2C886&ssl=1&resize=700%2C400 2x, https:\/\/i0.wp.com\/zeromagazine.mx\/wp-content\/uploads\/2024\/06\/unnamed-15-2.jpg?fit=1200%2C886&ssl=1&resize=1050%2C600 3x"},"classes":[]},{"id":88219,"url":"https:\/\/zeromagazine.mx\/index.php\/2024\/10\/23\/boston-zuecos-con-estilo\/","url_meta":{"origin":103129,"position":4},"title":"\u00abBoston: Zuecos con Estilo\u00bb","author":"zeromagazinemx","date":"23 de octubre de 2024","format":false,"excerpt":"Chicxs si les dijera que el calzado que llevaban sus abuelitos para andar c\u00f3modos por la casa ahora es lo m\u00e1s trendy, maybe no me lo creer\u00edas, pero gracias al 2024 estamos en una era donde la moda no solo se trata de vernos bien, sino de sentirnos bien, y\u2026","rel":"","context":"En \u00abModa\u00bb","block_context":{"text":"Moda","link":"https:\/\/zeromagazine.mx\/index.php\/category\/moda\/"},"img":{"alt_text":"","src":"https:\/\/i0.wp.com\/zeromagazine.mx\/wp-content\/uploads\/2024\/10\/24AW_Clogs_PI_1028067_13-scaled.jpg?fit=1200%2C800&ssl=1&resize=350%2C200","width":350,"height":200,"srcset":"https:\/\/i0.wp.com\/zeromagazine.mx\/wp-content\/uploads\/2024\/10\/24AW_Clogs_PI_1028067_13-scaled.jpg?fit=1200%2C800&ssl=1&resize=350%2C200 1x, https:\/\/i0.wp.com\/zeromagazine.mx\/wp-content\/uploads\/2024\/10\/24AW_Clogs_PI_1028067_13-scaled.jpg?fit=1200%2C800&ssl=1&resize=525%2C300 1.5x, https:\/\/i0.wp.com\/zeromagazine.mx\/wp-content\/uploads\/2024\/10\/24AW_Clogs_PI_1028067_13-scaled.jpg?fit=1200%2C800&ssl=1&resize=700%2C400 2x, https:\/\/i0.wp.com\/zeromagazine.mx\/wp-content\/uploads\/2024\/10\/24AW_Clogs_PI_1028067_13-scaled.jpg?fit=1200%2C800&ssl=1&resize=1050%2C600 3x"},"classes":[]},{"id":84431,"url":"https:\/\/zeromagazine.mx\/index.php\/2024\/09\/24\/calzado-trendy-para-este-otono\/","url_meta":{"origin":103129,"position":5},"title":"\u00abCalzado Trendy para Este Oto\u00f1o\u00bb","author":"zeromagazinemx","date":"24 de septiembre de 2024","format":false,"excerpt":"\u00a1Ya lleg\u00f3 la temporada Oto\u00f1o-Invierno 2024! Es esa \u00e9poca del a\u00f1o en la que las hojas caen, el clima se vuelve m\u00e1s fresquito y nos preparamos para lucir lo mejor de nuestro closet. Y, aunque el clima puede estar un poco tricky, eso no significa que tengamos que sacrificar nuestro\u2026","rel":"","context":"En \u00abModa\u00bb","block_context":{"text":"Moda","link":"https:\/\/zeromagazine.mx\/index.php\/category\/moda\/"},"img":{"alt_text":"","src":"https:\/\/i0.wp.com\/zeromagazine.mx\/wp-content\/uploads\/2024\/09\/303803-negro-derecha-1200x1200-1.jpg?fit=1200%2C1200&ssl=1&resize=350%2C200","width":350,"height":200,"srcset":"https:\/\/i0.wp.com\/zeromagazine.mx\/wp-content\/uploads\/2024\/09\/303803-negro-derecha-1200x1200-1.jpg?fit=1200%2C1200&ssl=1&resize=350%2C200 1x, https:\/\/i0.wp.com\/zeromagazine.mx\/wp-content\/uploads\/2024\/09\/303803-negro-derecha-1200x1200-1.jpg?fit=1200%2C1200&ssl=1&resize=525%2C300 1.5x, https:\/\/i0.wp.com\/zeromagazine.mx\/wp-content\/uploads\/2024\/09\/303803-negro-derecha-1200x1200-1.jpg?fit=1200%2C1200&ssl=1&resize=700%2C400 2x, https:\/\/i0.wp.com\/zeromagazine.mx\/wp-content\/uploads\/2024\/09\/303803-negro-derecha-1200x1200-1.jpg?fit=1200%2C1200&ssl=1&resize=1050%2C600 3x"},"classes":[]}],"jetpack_sharing_enabled":true,"builder_content":"","_links":{"self":[{"href":"https:\/\/zeromagazine.mx\/index.php\/wp-json\/wp\/v2\/posts\/103129","targetHints":{"allow":["GET"]}}],"collection":[{"href":"https:\/\/zeromagazine.mx\/index.php\/wp-json\/wp\/v2\/posts"}],"about":[{"href":"https:\/\/zeromagazine.mx\/index.php\/wp-json\/wp\/v2\/types\/post"}],"author":[{"embeddable":true,"href":"https:\/\/zeromagazine.mx\/index.php\/wp-json\/wp\/v2\/users\/4"}],"replies":[{"embeddable":true,"href":"https:\/\/zeromagazine.mx\/index.php\/wp-json\/wp\/v2\/comments?post=103129"}],"version-history":[{"count":2,"href":"https:\/\/zeromagazine.mx\/index.php\/wp-json\/wp\/v2\/posts\/103129\/revisions"}],"predecessor-version":[{"id":103147,"href":"https:\/\/zeromagazine.mx\/index.php\/wp-json\/wp\/v2\/posts\/103129\/revisions\/103147"}],"wp:featuredmedia":[{"embeddable":true,"href":"https:\/\/zeromagazine.mx\/index.php\/wp-json\/wp\/v2\/media\/103144"}],"wp:attachment":[{"href":"https:\/\/zeromagazine.mx\/index.php\/wp-json\/wp\/v2\/media?parent=103129"}],"wp:term":[{"taxonomy":"category","embeddable":true,"href":"https:\/\/zeromagazine.mx\/index.php\/wp-json\/wp\/v2\/categories?post=103129"},{"taxonomy":"post_tag","embeddable":true,"href":"https:\/\/zeromagazine.mx\/index.php\/wp-json\/wp\/v2\/tags?post=103129"}],"curies":[{"name":"wp","href":"https:\/\/api.w.org\/{rel}","templated":true}]}}