{"id":103353,"date":"2025-05-07T20:05:41","date_gmt":"2025-05-08T02:05:41","guid":{"rendered":"https:\/\/zeromagazine.mx\/?p=103353"},"modified":"2025-05-07T20:08:22","modified_gmt":"2025-05-08T02:08:22","slug":"indian-motorcycle-celebra-a-la-mujeres-al-volante","status":"publish","type":"post","link":"https:\/\/zeromagazine.mx\/index.php\/2025\/05\/07\/indian-motorcycle-celebra-a-la-mujeres-al-volante\/","title":{"rendered":"Indian Motorcycle Celebra A Las Mujeres Al Volante"},"content":{"rendered":"<p>Amix, este mayo no solo celebramos a las mam\u00e1s, tambi\u00e9n a las mujeres que est\u00e1n tomando el volante\u2014o mejor dicho, el manubrio\u2014y revolucionando el motociclismo en M\u00e9xico. Cada primer s\u00e1bado de mayo se celebra el <strong>International Female Ride Day (IFRD)<\/strong>, y este a\u00f1o<strong> Indian Motorcycle <\/strong>lo celebr\u00f3 en grande. Y es que s\u00ed, cuando las motos suenan, tambi\u00e9n hacen <em>ruido con prop\u00f3sito<\/em>.<\/p>\n\n\n\n<h4 class=\"wp-block-heading\">M\u00e1s que una rodada<\/h4>\n\n\n<div class=\"wp-block-image\">\n<figure class=\"aligncenter size-large\"><img data-recalc-dims=\"1\" decoding=\"async\" width=\"1024\" height=\"577\" src=\"https:\/\/i0.wp.com\/zeromagazine.mx\/wp-content\/uploads\/2025\/05\/1746476300576-1024x577.jpg?resize=1024%2C577&#038;ssl=1\" alt=\"\" class=\"wp-image-103355\" srcset=\"https:\/\/i0.wp.com\/zeromagazine.mx\/wp-content\/uploads\/2025\/05\/1746476300576-scaled.jpg?resize=1024%2C577&amp;ssl=1 1024w, https:\/\/i0.wp.com\/zeromagazine.mx\/wp-content\/uploads\/2025\/05\/1746476300576-scaled.jpg?resize=300%2C169&amp;ssl=1 300w, https:\/\/i0.wp.com\/zeromagazine.mx\/wp-content\/uploads\/2025\/05\/1746476300576-scaled.jpg?resize=768%2C432&amp;ssl=1 768w, https:\/\/i0.wp.com\/zeromagazine.mx\/wp-content\/uploads\/2025\/05\/1746476300576-scaled.jpg?resize=1536%2C865&amp;ssl=1 1536w, https:\/\/i0.wp.com\/zeromagazine.mx\/wp-content\/uploads\/2025\/05\/1746476300576-scaled.jpg?resize=2048%2C1153&amp;ssl=1 2048w, https:\/\/i0.wp.com\/zeromagazine.mx\/wp-content\/uploads\/2025\/05\/1746476300576-scaled.jpg?w=2330 2330w\" sizes=\"(max-width: 1024px) 100vw, 1024px\" \/><\/figure>\n<\/div>\n\n\n<p>Adem\u00e1s, no fue solo un paseo dominguero.<strong> Indian Motorcycle <\/strong>arm\u00f3 una rodada desde CDMX hasta Toluca, con eventos en todo el pa\u00eds: Guadalajara, Monterrey, Puebla, Quer\u00e9taro y m\u00e1s. El mood fue claro: comunidad, seguridad y pasi\u00f3n por andar sobre dos ruedas sin importar el g\u00e9nero. Porque andar en moto no es cosa de machos, es cosa de quien quiera libertad, adrenalina y estilo.<\/p>\n\n\n\n<script async src=\"https:\/\/pagead2.googlesyndication.com\/pagead\/js\/adsbygoogle.js?client=ca-pub-5499304793904745\"\n     crossorigin=\"anonymous\"><\/script>\n<ins class=\"adsbygoogle\"\n     style=\"display:block; text-align:center;\"\n     data-ad-layout=\"in-article\"\n     data-ad-format=\"fluid\"\n     data-ad-client=\"ca-pub-5499304793904745\"\n     data-ad-slot=\"5994863093\"><\/ins>\n<script>\n     (adsbygoogle = window.adsbygoogle || []).push({});\n<\/script>\n\n\n\n<h4 class=\"wp-block-heading\">Datos que rompen mitos<\/h4>\n\n\n\n<p>Igualmente, ya no es raro ver a una mujer sobre una moto. En CDMX, casi el 20% de lxs motociclistas son mujeres; en Guadalajara, el 24%. Esto no es una moda: es un movimiento. Indian lo sabe y por eso lanza modelos como la <strong>Scout 2025<\/strong>, con dise\u00f1o pensado para adaptarse a diferentes cuerpos sin caer en clich\u00e9s de \u201cproducto para mujeres\u201d. Solo motos accesibles y con actitud.<\/p>\n\n\n<div class=\"wp-block-image\">\n<figure class=\"aligncenter size-large\"><img data-recalc-dims=\"1\" decoding=\"async\" width=\"1024\" height=\"577\" src=\"https:\/\/i0.wp.com\/zeromagazine.mx\/wp-content\/uploads\/2025\/05\/1746476300362-1024x577.jpg?resize=1024%2C577&#038;ssl=1\" alt=\"\" class=\"wp-image-103356\" srcset=\"https:\/\/i0.wp.com\/zeromagazine.mx\/wp-content\/uploads\/2025\/05\/1746476300362-scaled.jpg?resize=1024%2C577&amp;ssl=1 1024w, https:\/\/i0.wp.com\/zeromagazine.mx\/wp-content\/uploads\/2025\/05\/1746476300362-scaled.jpg?resize=300%2C169&amp;ssl=1 300w, https:\/\/i0.wp.com\/zeromagazine.mx\/wp-content\/uploads\/2025\/05\/1746476300362-scaled.jpg?resize=768%2C432&amp;ssl=1 768w, https:\/\/i0.wp.com\/zeromagazine.mx\/wp-content\/uploads\/2025\/05\/1746476300362-scaled.jpg?resize=1536%2C865&amp;ssl=1 1536w, https:\/\/i0.wp.com\/zeromagazine.mx\/wp-content\/uploads\/2025\/05\/1746476300362-scaled.jpg?resize=2048%2C1153&amp;ssl=1 2048w, https:\/\/i0.wp.com\/zeromagazine.mx\/wp-content\/uploads\/2025\/05\/1746476300362-scaled.jpg?w=2330 2330w\" sizes=\"(max-width: 1024px) 100vw, 1024px\" \/><\/figure>\n<\/div>\n\n\n<h4 class=\"wp-block-heading\">Comunidad que crece<\/h4>\n\n\n\n<p>Por si fuera poco, tambi\u00e9n han armado cursos de mec\u00e1nica b\u00e1sica, rutas seguras y talleres para aprender a manejar con confianza. Porque <em>ruido con prop\u00f3sito<\/em> tambi\u00e9n es crear espacios seguros y abrir camino para nuevas generaciones de motociclistas. Incluso en 2024, m\u00e1s de 500 mujeres rodaron por Paseo de la Reforma. O sea, esto ya es historia sobre ruedas.<\/p>\n\n\n\n<script async src=\"https:\/\/pagead2.googlesyndication.com\/pagead\/js\/adsbygoogle.js?client=ca-pub-5499304793904745\"\n     crossorigin=\"anonymous\"><\/script>\n<ins class=\"adsbygoogle\"\n     style=\"display:block; text-align:center;\"\n     data-ad-layout=\"in-article\"\n     data-ad-format=\"fluid\"\n     data-ad-client=\"ca-pub-5499304793904745\"\n     data-ad-slot=\"5994863093\"><\/ins>\n<script>\n     (adsbygoogle = window.adsbygoogle || []).push({});\n<\/script>\n\n\n\n<h4 class=\"wp-block-heading\">No es moda, es revoluci\u00f3n<\/h4>\n\n\n<div class=\"wp-block-image\">\n<figure class=\"aligncenter size-large\"><img data-recalc-dims=\"1\" decoding=\"async\" width=\"577\" height=\"1024\" src=\"https:\/\/i0.wp.com\/zeromagazine.mx\/wp-content\/uploads\/2025\/05\/1746476302924-577x1024.jpg?resize=577%2C1024&#038;ssl=1\" alt=\"\" class=\"wp-image-103354\" srcset=\"https:\/\/i0.wp.com\/zeromagazine.mx\/wp-content\/uploads\/2025\/05\/1746476302924-scaled.jpg?resize=577%2C1024&amp;ssl=1 577w, https:\/\/i0.wp.com\/zeromagazine.mx\/wp-content\/uploads\/2025\/05\/1746476302924-scaled.jpg?resize=169%2C300&amp;ssl=1 169w, https:\/\/i0.wp.com\/zeromagazine.mx\/wp-content\/uploads\/2025\/05\/1746476302924-scaled.jpg?resize=768%2C1364&amp;ssl=1 768w, https:\/\/i0.wp.com\/zeromagazine.mx\/wp-content\/uploads\/2025\/05\/1746476302924-scaled.jpg?resize=865%2C1536&amp;ssl=1 865w, https:\/\/i0.wp.com\/zeromagazine.mx\/wp-content\/uploads\/2025\/05\/1746476302924-scaled.jpg?resize=1153%2C2048&amp;ssl=1 1153w, https:\/\/i0.wp.com\/zeromagazine.mx\/wp-content\/uploads\/2025\/05\/1746476302924-scaled.jpg?w=1441&amp;ssl=1 1441w\" sizes=\"(max-width: 577px) 100vw, 577px\" \/><\/figure>\n<\/div>\n\n\n<p>Finalmente, el IFRD no es solo una fecha bonita: es un llamado a cuestionar estereotipos, impulsar representaci\u00f3n real y hacer del motociclismo un espacio m\u00e1s inclusivo. Si te pica la curiosidad de rodar, este es tu se\u00f1al. L\u00e1nzate a conocer m\u00e1s en <a class=\"\" href=\"https:\/\/www.indianmotorcyclemexico.com\">indianmotorcyclemexico.com<\/a> y que nadie te diga que no puedes..<\/p>\n\n\n\n<script async src=\"https:\/\/pagead2.googlesyndication.com\/pagead\/js\/adsbygoogle.js?client=ca-pub-5499304793904745\"\n     crossorigin=\"anonymous\"><\/script>\n<ins class=\"adsbygoogle\"\n     style=\"display:block; text-align:center;\"\n     data-ad-layout=\"in-article\"\n     data-ad-format=\"fluid\"\n     data-ad-client=\"ca-pub-5499304793904745\"\n     data-ad-slot=\"5994863093\"><\/ins>\n<script>\n     (adsbygoogle = window.adsbygoogle || []).push({});\n<\/script>\n\n<!--themify_builder_content-->\n<div id=\"themify_builder_content-103353\" data-postid=\"103353\" class=\"themify_builder_content themify_builder_content-103353 themify_builder tf_clear\">\n    <\/div>\n<!--\/themify_builder_content-->","protected":false},"excerpt":{"rendered":"<p>Amix, este mayo no solo celebramos a las mam\u00e1s, tambi\u00e9n a las mujeres que est\u00e1n tomando el volante\u2014o mejor dicho, el manubrio\u2014y revolucionando el motociclismo en M\u00e9xico. Cada primer s\u00e1bado de mayo se celebra el International Female Ride Day (IFRD), y este a\u00f1o Indian Motorcycle lo celebr\u00f3 en grande. Y es que s\u00ed, cuando las [&hellip;]<\/p>\n","protected":false},"author":4,"featured_media":103357,"comment_status":"open","ping_status":"open","sticky":false,"template":"","format":"standard","meta":{"_jetpack_memberships_contains_paid_content":false,"footnotes":"","jetpack_publicize_message":"","jetpack_publicize_feature_enabled":true,"jetpack_social_post_already_shared":true,"jetpack_social_options":{"image_generator_settings":{"template":"highway","default_image_id":0,"font":"","enabled":false},"version":2}},"categories":[63],"tags":[13605,8042,13079,13604,13606],"class_list":["post-103353","post","type-post","status-publish","format-standard","has-post-thumbnail","hentry","category-lifestyle","tag-diveridad","tag-inclusion","tag-indian-motorcycle","tag-international-female-ride-day","tag-motociclismo","has-post-title","has-post-date","has-post-category","has-post-tag","has-post-comment","has-post-author",""],"yoast_head":"<!-- This site is optimized with the Yoast SEO plugin v27.4 - https:\/\/yoast.com\/product\/yoast-seo-wordpress\/ -->\n<title>Indian Motorcycle Celebra A Las Mujeres Al Volante - Zero Magazine<\/title>\n<meta name=\"description\" content=\"Indian Motorcycle conmemora el Internacional Female Ride Day, el cual celebra la inclusi\u00f3n en el mundo del motociclismo\" \/>\n<meta name=\"robots\" content=\"index, follow, max-snippet:-1, max-image-preview:large, max-video-preview:-1\" \/>\n<link rel=\"canonical\" href=\"https:\/\/zeromagazine.mx\/index.php\/2025\/05\/07\/indian-motorcycle-celebra-a-la-mujeres-al-volante\/\" \/>\n<meta property=\"og:locale\" content=\"es_ES\" \/>\n<meta property=\"og:type\" content=\"article\" \/>\n<meta property=\"og:title\" content=\"Indian Motorcycle Celebra A Las Mujeres Al Volante - Zero Magazine\" \/>\n<meta property=\"og:description\" content=\"Indian Motorcycle conmemora el Internacional Female Ride Day, el cual celebra la inclusi\u00f3n en el mundo del motociclismo\" \/>\n<meta property=\"og:url\" content=\"https:\/\/zeromagazine.mx\/index.php\/2025\/05\/07\/indian-motorcycle-celebra-a-la-mujeres-al-volante\/\" \/>\n<meta property=\"og:site_name\" content=\"Zero Magazine\" \/>\n<meta property=\"article:published_time\" content=\"2025-05-08T02:05:41+00:00\" \/>\n<meta property=\"article:modified_time\" content=\"2025-05-08T02:08:22+00:00\" \/>\n<meta property=\"og:image\" content=\"http:\/\/zeromagazine.mx\/wp-content\/uploads\/2025\/05\/1746476300307-scaled.jpg\" \/>\n\t<meta property=\"og:image:width\" content=\"2560\" \/>\n\t<meta property=\"og:image:height\" content=\"1441\" \/>\n\t<meta property=\"og:image:type\" content=\"image\/jpeg\" \/>\n<meta name=\"author\" content=\"David Morales\" \/>\n<meta name=\"twitter:card\" content=\"summary_large_image\" \/>\n<meta name=\"twitter:label1\" content=\"Escrito por\" \/>\n\t<meta name=\"twitter:data1\" content=\"David Morales\" \/>\n\t<meta name=\"twitter:label2\" content=\"Tiempo de lectura\" \/>\n\t<meta name=\"twitter:data2\" content=\"3 minutos\" \/>\n<script type=\"application\/ld+json\" class=\"yoast-schema-graph\">{\"@context\":\"https:\\\/\\\/schema.org\",\"@graph\":[{\"@type\":\"Article\",\"@id\":\"https:\\\/\\\/zeromagazine.mx\\\/index.php\\\/2025\\\/05\\\/07\\\/indian-motorcycle-celebra-a-la-mujeres-al-volante\\\/#article\",\"isPartOf\":{\"@id\":\"https:\\\/\\\/zeromagazine.mx\\\/index.php\\\/2025\\\/05\\\/07\\\/indian-motorcycle-celebra-a-la-mujeres-al-volante\\\/\"},\"author\":{\"name\":\"David Morales\",\"@id\":\"https:\\\/\\\/zeromagazine.mx\\\/#\\\/schema\\\/person\\\/9f7f1a17c60ba8e9980e3e6677aabe5a\"},\"headline\":\"Indian Motorcycle Celebra A Las Mujeres Al Volante\",\"datePublished\":\"2025-05-08T02:05:41+00:00\",\"dateModified\":\"2025-05-08T02:08:22+00:00\",\"mainEntityOfPage\":{\"@id\":\"https:\\\/\\\/zeromagazine.mx\\\/index.php\\\/2025\\\/05\\\/07\\\/indian-motorcycle-celebra-a-la-mujeres-al-volante\\\/\"},\"wordCount\":354,\"commentCount\":0,\"publisher\":{\"@id\":\"https:\\\/\\\/zeromagazine.mx\\\/#organization\"},\"image\":{\"@id\":\"https:\\\/\\\/zeromagazine.mx\\\/index.php\\\/2025\\\/05\\\/07\\\/indian-motorcycle-celebra-a-la-mujeres-al-volante\\\/#primaryimage\"},\"thumbnailUrl\":\"https:\\\/\\\/i0.wp.com\\\/zeromagazine.mx\\\/wp-content\\\/uploads\\\/2025\\\/05\\\/1746476300307-scaled.jpg?fit=2560%2C1441&ssl=1\",\"keywords\":[\"Diveridad\",\"Inclusi\u00f3n\",\"Indian Motorcycle\",\"International Female Ride Day\",\"Motociclismo\"],\"articleSection\":[\"Lifestyle\"],\"inLanguage\":\"es\",\"potentialAction\":[{\"@type\":\"CommentAction\",\"name\":\"Comment\",\"target\":[\"https:\\\/\\\/zeromagazine.mx\\\/index.php\\\/2025\\\/05\\\/07\\\/indian-motorcycle-celebra-a-la-mujeres-al-volante\\\/#respond\"]}]},{\"@type\":\"WebPage\",\"@id\":\"https:\\\/\\\/zeromagazine.mx\\\/index.php\\\/2025\\\/05\\\/07\\\/indian-motorcycle-celebra-a-la-mujeres-al-volante\\\/\",\"url\":\"https:\\\/\\\/zeromagazine.mx\\\/index.php\\\/2025\\\/05\\\/07\\\/indian-motorcycle-celebra-a-la-mujeres-al-volante\\\/\",\"name\":\"Indian Motorcycle Celebra A Las Mujeres Al Volante - Zero Magazine\",\"isPartOf\":{\"@id\":\"https:\\\/\\\/zeromagazine.mx\\\/#website\"},\"primaryImageOfPage\":{\"@id\":\"https:\\\/\\\/zeromagazine.mx\\\/index.php\\\/2025\\\/05\\\/07\\\/indian-motorcycle-celebra-a-la-mujeres-al-volante\\\/#primaryimage\"},\"image\":{\"@id\":\"https:\\\/\\\/zeromagazine.mx\\\/index.php\\\/2025\\\/05\\\/07\\\/indian-motorcycle-celebra-a-la-mujeres-al-volante\\\/#primaryimage\"},\"thumbnailUrl\":\"https:\\\/\\\/i0.wp.com\\\/zeromagazine.mx\\\/wp-content\\\/uploads\\\/2025\\\/05\\\/1746476300307-scaled.jpg?fit=2560%2C1441&ssl=1\",\"datePublished\":\"2025-05-08T02:05:41+00:00\",\"dateModified\":\"2025-05-08T02:08:22+00:00\",\"description\":\"Indian Motorcycle conmemora el Internacional Female Ride Day, el cual celebra la inclusi\u00f3n en el mundo del motociclismo\",\"breadcrumb\":{\"@id\":\"https:\\\/\\\/zeromagazine.mx\\\/index.php\\\/2025\\\/05\\\/07\\\/indian-motorcycle-celebra-a-la-mujeres-al-volante\\\/#breadcrumb\"},\"inLanguage\":\"es\",\"potentialAction\":[{\"@type\":\"ReadAction\",\"target\":[\"https:\\\/\\\/zeromagazine.mx\\\/index.php\\\/2025\\\/05\\\/07\\\/indian-motorcycle-celebra-a-la-mujeres-al-volante\\\/\"]}]},{\"@type\":\"ImageObject\",\"inLanguage\":\"es\",\"@id\":\"https:\\\/\\\/zeromagazine.mx\\\/index.php\\\/2025\\\/05\\\/07\\\/indian-motorcycle-celebra-a-la-mujeres-al-volante\\\/#primaryimage\",\"url\":\"https:\\\/\\\/i0.wp.com\\\/zeromagazine.mx\\\/wp-content\\\/uploads\\\/2025\\\/05\\\/1746476300307-scaled.jpg?fit=2560%2C1441&ssl=1\",\"contentUrl\":\"https:\\\/\\\/i0.wp.com\\\/zeromagazine.mx\\\/wp-content\\\/uploads\\\/2025\\\/05\\\/1746476300307-scaled.jpg?fit=2560%2C1441&ssl=1\",\"width\":2560,\"height\":1441},{\"@type\":\"BreadcrumbList\",\"@id\":\"https:\\\/\\\/zeromagazine.mx\\\/index.php\\\/2025\\\/05\\\/07\\\/indian-motorcycle-celebra-a-la-mujeres-al-volante\\\/#breadcrumb\",\"itemListElement\":[{\"@type\":\"ListItem\",\"position\":1,\"name\":\"Portada\",\"item\":\"https:\\\/\\\/zeromagazine.mx\\\/\"},{\"@type\":\"ListItem\",\"position\":2,\"name\":\"Indian Motorcycle Celebra A Las Mujeres Al Volante\"}]},{\"@type\":\"WebSite\",\"@id\":\"https:\\\/\\\/zeromagazine.mx\\\/#website\",\"url\":\"https:\\\/\\\/zeromagazine.mx\\\/\",\"name\":\"Zero Magazine\",\"description\":\"\",\"publisher\":{\"@id\":\"https:\\\/\\\/zeromagazine.mx\\\/#organization\"},\"potentialAction\":[{\"@type\":\"SearchAction\",\"target\":{\"@type\":\"EntryPoint\",\"urlTemplate\":\"https:\\\/\\\/zeromagazine.mx\\\/?s={search_term_string}\"},\"query-input\":{\"@type\":\"PropertyValueSpecification\",\"valueRequired\":true,\"valueName\":\"search_term_string\"}}],\"inLanguage\":\"es\"},{\"@type\":\"Organization\",\"@id\":\"https:\\\/\\\/zeromagazine.mx\\\/#organization\",\"name\":\"Zero Magazine\",\"url\":\"https:\\\/\\\/zeromagazine.mx\\\/\",\"logo\":{\"@type\":\"ImageObject\",\"inLanguage\":\"es\",\"@id\":\"https:\\\/\\\/zeromagazine.mx\\\/#\\\/schema\\\/logo\\\/image\\\/\",\"url\":\"https:\\\/\\\/i0.wp.com\\\/zeromagazine.mx\\\/wp-content\\\/uploads\\\/2025\\\/11\\\/1.jpeg?fit=1000%2C1000&ssl=1\",\"contentUrl\":\"https:\\\/\\\/i0.wp.com\\\/zeromagazine.mx\\\/wp-content\\\/uploads\\\/2025\\\/11\\\/1.jpeg?fit=1000%2C1000&ssl=1\",\"width\":1000,\"height\":1000,\"caption\":\"Zero Magazine\"},\"image\":{\"@id\":\"https:\\\/\\\/zeromagazine.mx\\\/#\\\/schema\\\/logo\\\/image\\\/\"},\"sameAs\":[\"https:\\\/\\\/instagram.com\\\/zeromagazinemx\"]},{\"@type\":\"Person\",\"@id\":\"https:\\\/\\\/zeromagazine.mx\\\/#\\\/schema\\\/person\\\/9f7f1a17c60ba8e9980e3e6677aabe5a\",\"name\":\"David Morales\",\"image\":{\"@type\":\"ImageObject\",\"inLanguage\":\"es\",\"@id\":\"https:\\\/\\\/zeromagazine.mx\\\/wp-content\\\/litespeed\\\/avatar\\\/76069d2136bfc1c37dc34815bb67ca42.jpg?ver=1776966186\",\"url\":\"https:\\\/\\\/zeromagazine.mx\\\/wp-content\\\/litespeed\\\/avatar\\\/76069d2136bfc1c37dc34815bb67ca42.jpg?ver=1776966186\",\"contentUrl\":\"https:\\\/\\\/zeromagazine.mx\\\/wp-content\\\/litespeed\\\/avatar\\\/76069d2136bfc1c37dc34815bb67ca42.jpg?ver=1776966186\",\"caption\":\"David Morales\"},\"url\":\"https:\\\/\\\/zeromagazine.mx\\\/index.php\\\/author\\\/david\\\/\"}]}<\/script>\n<!-- \/ Yoast SEO plugin. -->","yoast_head_json":{"title":"Indian Motorcycle Celebra A Las Mujeres Al Volante - Zero Magazine","description":"Indian Motorcycle conmemora el Internacional Female Ride Day, el cual celebra la inclusi\u00f3n en el mundo del motociclismo","robots":{"index":"index","follow":"follow","max-snippet":"max-snippet:-1","max-image-preview":"max-image-preview:large","max-video-preview":"max-video-preview:-1"},"canonical":"https:\/\/zeromagazine.mx\/index.php\/2025\/05\/07\/indian-motorcycle-celebra-a-la-mujeres-al-volante\/","og_locale":"es_ES","og_type":"article","og_title":"Indian Motorcycle Celebra A Las Mujeres Al Volante - Zero Magazine","og_description":"Indian Motorcycle conmemora el Internacional Female Ride Day, el cual celebra la inclusi\u00f3n en el mundo del motociclismo","og_url":"https:\/\/zeromagazine.mx\/index.php\/2025\/05\/07\/indian-motorcycle-celebra-a-la-mujeres-al-volante\/","og_site_name":"Zero Magazine","article_published_time":"2025-05-08T02:05:41+00:00","article_modified_time":"2025-05-08T02:08:22+00:00","og_image":[{"width":2560,"height":1441,"url":"http:\/\/zeromagazine.mx\/wp-content\/uploads\/2025\/05\/1746476300307-scaled.jpg","type":"image\/jpeg"}],"author":"David Morales","twitter_card":"summary_large_image","twitter_misc":{"Escrito por":"David Morales","Tiempo de lectura":"3 minutos"},"schema":{"@context":"https:\/\/schema.org","@graph":[{"@type":"Article","@id":"https:\/\/zeromagazine.mx\/index.php\/2025\/05\/07\/indian-motorcycle-celebra-a-la-mujeres-al-volante\/#article","isPartOf":{"@id":"https:\/\/zeromagazine.mx\/index.php\/2025\/05\/07\/indian-motorcycle-celebra-a-la-mujeres-al-volante\/"},"author":{"name":"David Morales","@id":"https:\/\/zeromagazine.mx\/#\/schema\/person\/9f7f1a17c60ba8e9980e3e6677aabe5a"},"headline":"Indian Motorcycle Celebra A Las Mujeres Al Volante","datePublished":"2025-05-08T02:05:41+00:00","dateModified":"2025-05-08T02:08:22+00:00","mainEntityOfPage":{"@id":"https:\/\/zeromagazine.mx\/index.php\/2025\/05\/07\/indian-motorcycle-celebra-a-la-mujeres-al-volante\/"},"wordCount":354,"commentCount":0,"publisher":{"@id":"https:\/\/zeromagazine.mx\/#organization"},"image":{"@id":"https:\/\/zeromagazine.mx\/index.php\/2025\/05\/07\/indian-motorcycle-celebra-a-la-mujeres-al-volante\/#primaryimage"},"thumbnailUrl":"https:\/\/i0.wp.com\/zeromagazine.mx\/wp-content\/uploads\/2025\/05\/1746476300307-scaled.jpg?fit=2560%2C1441&ssl=1","keywords":["Diveridad","Inclusi\u00f3n","Indian Motorcycle","International Female Ride Day","Motociclismo"],"articleSection":["Lifestyle"],"inLanguage":"es","potentialAction":[{"@type":"CommentAction","name":"Comment","target":["https:\/\/zeromagazine.mx\/index.php\/2025\/05\/07\/indian-motorcycle-celebra-a-la-mujeres-al-volante\/#respond"]}]},{"@type":"WebPage","@id":"https:\/\/zeromagazine.mx\/index.php\/2025\/05\/07\/indian-motorcycle-celebra-a-la-mujeres-al-volante\/","url":"https:\/\/zeromagazine.mx\/index.php\/2025\/05\/07\/indian-motorcycle-celebra-a-la-mujeres-al-volante\/","name":"Indian Motorcycle Celebra A Las Mujeres Al Volante - Zero Magazine","isPartOf":{"@id":"https:\/\/zeromagazine.mx\/#website"},"primaryImageOfPage":{"@id":"https:\/\/zeromagazine.mx\/index.php\/2025\/05\/07\/indian-motorcycle-celebra-a-la-mujeres-al-volante\/#primaryimage"},"image":{"@id":"https:\/\/zeromagazine.mx\/index.php\/2025\/05\/07\/indian-motorcycle-celebra-a-la-mujeres-al-volante\/#primaryimage"},"thumbnailUrl":"https:\/\/i0.wp.com\/zeromagazine.mx\/wp-content\/uploads\/2025\/05\/1746476300307-scaled.jpg?fit=2560%2C1441&ssl=1","datePublished":"2025-05-08T02:05:41+00:00","dateModified":"2025-05-08T02:08:22+00:00","description":"Indian Motorcycle conmemora el Internacional Female Ride Day, el cual celebra la inclusi\u00f3n en el mundo del motociclismo","breadcrumb":{"@id":"https:\/\/zeromagazine.mx\/index.php\/2025\/05\/07\/indian-motorcycle-celebra-a-la-mujeres-al-volante\/#breadcrumb"},"inLanguage":"es","potentialAction":[{"@type":"ReadAction","target":["https:\/\/zeromagazine.mx\/index.php\/2025\/05\/07\/indian-motorcycle-celebra-a-la-mujeres-al-volante\/"]}]},{"@type":"ImageObject","inLanguage":"es","@id":"https:\/\/zeromagazine.mx\/index.php\/2025\/05\/07\/indian-motorcycle-celebra-a-la-mujeres-al-volante\/#primaryimage","url":"https:\/\/i0.wp.com\/zeromagazine.mx\/wp-content\/uploads\/2025\/05\/1746476300307-scaled.jpg?fit=2560%2C1441&ssl=1","contentUrl":"https:\/\/i0.wp.com\/zeromagazine.mx\/wp-content\/uploads\/2025\/05\/1746476300307-scaled.jpg?fit=2560%2C1441&ssl=1","width":2560,"height":1441},{"@type":"BreadcrumbList","@id":"https:\/\/zeromagazine.mx\/index.php\/2025\/05\/07\/indian-motorcycle-celebra-a-la-mujeres-al-volante\/#breadcrumb","itemListElement":[{"@type":"ListItem","position":1,"name":"Portada","item":"https:\/\/zeromagazine.mx\/"},{"@type":"ListItem","position":2,"name":"Indian Motorcycle Celebra A Las Mujeres Al Volante"}]},{"@type":"WebSite","@id":"https:\/\/zeromagazine.mx\/#website","url":"https:\/\/zeromagazine.mx\/","name":"Zero Magazine","description":"","publisher":{"@id":"https:\/\/zeromagazine.mx\/#organization"},"potentialAction":[{"@type":"SearchAction","target":{"@type":"EntryPoint","urlTemplate":"https:\/\/zeromagazine.mx\/?s={search_term_string}"},"query-input":{"@type":"PropertyValueSpecification","valueRequired":true,"valueName":"search_term_string"}}],"inLanguage":"es"},{"@type":"Organization","@id":"https:\/\/zeromagazine.mx\/#organization","name":"Zero Magazine","url":"https:\/\/zeromagazine.mx\/","logo":{"@type":"ImageObject","inLanguage":"es","@id":"https:\/\/zeromagazine.mx\/#\/schema\/logo\/image\/","url":"https:\/\/i0.wp.com\/zeromagazine.mx\/wp-content\/uploads\/2025\/11\/1.jpeg?fit=1000%2C1000&ssl=1","contentUrl":"https:\/\/i0.wp.com\/zeromagazine.mx\/wp-content\/uploads\/2025\/11\/1.jpeg?fit=1000%2C1000&ssl=1","width":1000,"height":1000,"caption":"Zero Magazine"},"image":{"@id":"https:\/\/zeromagazine.mx\/#\/schema\/logo\/image\/"},"sameAs":["https:\/\/instagram.com\/zeromagazinemx"]},{"@type":"Person","@id":"https:\/\/zeromagazine.mx\/#\/schema\/person\/9f7f1a17c60ba8e9980e3e6677aabe5a","name":"David Morales","image":{"@type":"ImageObject","inLanguage":"es","@id":"https:\/\/zeromagazine.mx\/wp-content\/litespeed\/avatar\/76069d2136bfc1c37dc34815bb67ca42.jpg?ver=1776966186","url":"https:\/\/zeromagazine.mx\/wp-content\/litespeed\/avatar\/76069d2136bfc1c37dc34815bb67ca42.jpg?ver=1776966186","contentUrl":"https:\/\/zeromagazine.mx\/wp-content\/litespeed\/avatar\/76069d2136bfc1c37dc34815bb67ca42.jpg?ver=1776966186","caption":"David Morales"},"url":"https:\/\/zeromagazine.mx\/index.php\/author\/david\/"}]}},"jetpack_publicize_connections":[],"jetpack_featured_media_url":"https:\/\/i0.wp.com\/zeromagazine.mx\/wp-content\/uploads\/2025\/05\/1746476300307-scaled.jpg?fit=2560%2C1441&ssl=1","jetpack-related-posts":[{"id":99982,"url":"https:\/\/zeromagazine.mx\/index.php\/2025\/03\/27\/felicidad-sobre-dos-ruedas\/","url_meta":{"origin":103353,"position":0},"title":"Felicidad Sobre Dos Ruedas","author":"David Morales","date":"27 de marzo de 2025","format":false,"excerpt":"Amix, si alguna vez has sentido que el d\u00eda te pesa o que la rutina te est\u00e1 comiendo vivo, d\u00e9jame decirte que hay una forma brutal de romper con todo eso: \u00a1andar en moto! No es solo moverte de un lado a otro, es una experiencia que te conecta con\u2026","rel":"","context":"En \u00abLifestyle\u00bb","block_context":{"text":"Lifestyle","link":"https:\/\/zeromagazine.mx\/index.php\/category\/lifestyle\/"},"img":{"alt_text":"","src":"https:\/\/i0.wp.com\/zeromagazine.mx\/wp-content\/uploads\/2025\/03\/EmailBanner-2025-na-imc-indian-roadmaster-powerplus-black-metallic-pursuit-dark-horse-sunset-red-blacksmoke-lifestyle-273.jpg?fit=1200%2C800&ssl=1&resize=350%2C200","width":350,"height":200,"srcset":"https:\/\/i0.wp.com\/zeromagazine.mx\/wp-content\/uploads\/2025\/03\/EmailBanner-2025-na-imc-indian-roadmaster-powerplus-black-metallic-pursuit-dark-horse-sunset-red-blacksmoke-lifestyle-273.jpg?fit=1200%2C800&ssl=1&resize=350%2C200 1x, https:\/\/i0.wp.com\/zeromagazine.mx\/wp-content\/uploads\/2025\/03\/EmailBanner-2025-na-imc-indian-roadmaster-powerplus-black-metallic-pursuit-dark-horse-sunset-red-blacksmoke-lifestyle-273.jpg?fit=1200%2C800&ssl=1&resize=525%2C300 1.5x, https:\/\/i0.wp.com\/zeromagazine.mx\/wp-content\/uploads\/2025\/03\/EmailBanner-2025-na-imc-indian-roadmaster-powerplus-black-metallic-pursuit-dark-horse-sunset-red-blacksmoke-lifestyle-273.jpg?fit=1200%2C800&ssl=1&resize=700%2C400 2x, https:\/\/i0.wp.com\/zeromagazine.mx\/wp-content\/uploads\/2025\/03\/EmailBanner-2025-na-imc-indian-roadmaster-powerplus-black-metallic-pursuit-dark-horse-sunset-red-blacksmoke-lifestyle-273.jpg?fit=1200%2C800&ssl=1&resize=1050%2C600 3x"},"classes":[]},{"id":104893,"url":"https:\/\/zeromagazine.mx\/index.php\/2025\/05\/16\/royal-enfield-te-invita-a-rodar-a-rodar-con-proposito-en-la-dgr\/","url_meta":{"origin":103353,"position":1},"title":"Royal Enfield Te Invita A Rodar Con Prop\u00f3sito En La DGR","author":"David Morales","date":"16 de mayo de 2025","format":false,"excerpt":"Amix, este 18 de mayo no se trata solo de sacar tu moto m\u00e1s facherita o ponerte el blazer m\u00e1s aesthetic. Se trata de algo m\u00e1s grande: unirte a la Distinguished Gentleman\u2019s Ride (DGR), una rodada global que mezcla estilo, comunidad y salud masculina. Porque s\u00ed, se puede rodar con\u2026","rel":"","context":"En \u00abBlog\u00bb","block_context":{"text":"Blog","link":"https:\/\/zeromagazine.mx\/index.php\/category\/blog\/"},"img":{"alt_text":"","src":"https:\/\/i0.wp.com\/zeromagazine.mx\/wp-content\/uploads\/2025\/05\/ROYAL-ENFIELD-DAY-1_DESERT-1_0330-scaled.jpg?fit=1200%2C801&ssl=1&resize=350%2C200","width":350,"height":200,"srcset":"https:\/\/i0.wp.com\/zeromagazine.mx\/wp-content\/uploads\/2025\/05\/ROYAL-ENFIELD-DAY-1_DESERT-1_0330-scaled.jpg?fit=1200%2C801&ssl=1&resize=350%2C200 1x, https:\/\/i0.wp.com\/zeromagazine.mx\/wp-content\/uploads\/2025\/05\/ROYAL-ENFIELD-DAY-1_DESERT-1_0330-scaled.jpg?fit=1200%2C801&ssl=1&resize=525%2C300 1.5x, https:\/\/i0.wp.com\/zeromagazine.mx\/wp-content\/uploads\/2025\/05\/ROYAL-ENFIELD-DAY-1_DESERT-1_0330-scaled.jpg?fit=1200%2C801&ssl=1&resize=700%2C400 2x, https:\/\/i0.wp.com\/zeromagazine.mx\/wp-content\/uploads\/2025\/05\/ROYAL-ENFIELD-DAY-1_DESERT-1_0330-scaled.jpg?fit=1200%2C801&ssl=1&resize=1050%2C600 3x"},"classes":[]},{"id":90951,"url":"https:\/\/zeromagazine.mx\/index.php\/2024\/11\/15\/codigo-indio-cultura-urbana-on-point\/","url_meta":{"origin":103353,"position":2},"title":"\u00abC\u00f3digo Indio: Cultura Urbana On Point\u00bb","author":"zeromagazinemx","date":"15 de noviembre de 2024","format":false,"excerpt":"Hola a\u00a0tod@s\u00a0esta semana Cerveza Indio lanza una serie documental que celebra las ra\u00edces de nuestra cultura urbana, llamada \u00a0\u00a0\"C\u00f3digo Indio\". Cuenta con\u00a010 cap\u00edtulos. Nos llevar\u00e1 por un recorrido que explora a fondo la identidad cultural.\u00a0Esta joyita llega gracias a Cerveza Indio, Bola 8 Producciones y Dentsu Creative, que decidieron armar\u2026","rel":"","context":"En \u00abEntretenimiento\u00bb","block_context":{"text":"Entretenimiento","link":"https:\/\/zeromagazine.mx\/index.php\/category\/entretenimiento\/"},"img":{"alt_text":"","src":"https:\/\/i0.wp.com\/zeromagazine.mx\/wp-content\/uploads\/2024\/11\/Codigo-Indio.jpeg?fit=1200%2C675&ssl=1&resize=350%2C200","width":350,"height":200,"srcset":"https:\/\/i0.wp.com\/zeromagazine.mx\/wp-content\/uploads\/2024\/11\/Codigo-Indio.jpeg?fit=1200%2C675&ssl=1&resize=350%2C200 1x, https:\/\/i0.wp.com\/zeromagazine.mx\/wp-content\/uploads\/2024\/11\/Codigo-Indio.jpeg?fit=1200%2C675&ssl=1&resize=525%2C300 1.5x, https:\/\/i0.wp.com\/zeromagazine.mx\/wp-content\/uploads\/2024\/11\/Codigo-Indio.jpeg?fit=1200%2C675&ssl=1&resize=700%2C400 2x, https:\/\/i0.wp.com\/zeromagazine.mx\/wp-content\/uploads\/2024\/11\/Codigo-Indio.jpeg?fit=1200%2C675&ssl=1&resize=1050%2C600 3x"},"classes":[]},{"id":77540,"url":"https:\/\/zeromagazine.mx\/index.php\/2024\/06\/11\/la-familia-chronomat-crece-con-la-incorporacion-de-dos-nuevos-modelos\/","url_meta":{"origin":103353,"position":3},"title":"La familia Chronomat crece con la incorporaci\u00f3n de dos nuevos modelos","author":"David Morales","date":"11 de junio de 2024","format":false,"excerpt":"\u00bfListes para adentrarnos en el fascinante mundo de la moda y el deporte con una colaboraci\u00f3n que est\u00e1 dando mucho de qu\u00e9 hablar? Breitling, el ic\u00f3nico fabricante suizo de relojes de lujo, ha dado en el clavo al unir fuerzas con el imponente Giannis Antetokounmpo, la estrella de la NBA.\u2026","rel":"","context":"En \u00abBlog\u00bb","block_context":{"text":"Blog","link":"https:\/\/zeromagazine.mx\/index.php\/category\/blog\/"},"img":{"alt_text":"","src":"https:\/\/i0.wp.com\/zeromagazine.mx\/wp-content\/uploads\/2024\/06\/PRO00005421_BREITLING-CHRONOMAT_SHOT_03_1090_F1A_COLOUR_RVB-scaled.jpg?fit=1200%2C801&ssl=1&resize=350%2C200","width":350,"height":200,"srcset":"https:\/\/i0.wp.com\/zeromagazine.mx\/wp-content\/uploads\/2024\/06\/PRO00005421_BREITLING-CHRONOMAT_SHOT_03_1090_F1A_COLOUR_RVB-scaled.jpg?fit=1200%2C801&ssl=1&resize=350%2C200 1x, https:\/\/i0.wp.com\/zeromagazine.mx\/wp-content\/uploads\/2024\/06\/PRO00005421_BREITLING-CHRONOMAT_SHOT_03_1090_F1A_COLOUR_RVB-scaled.jpg?fit=1200%2C801&ssl=1&resize=525%2C300 1.5x, https:\/\/i0.wp.com\/zeromagazine.mx\/wp-content\/uploads\/2024\/06\/PRO00005421_BREITLING-CHRONOMAT_SHOT_03_1090_F1A_COLOUR_RVB-scaled.jpg?fit=1200%2C801&ssl=1&resize=700%2C400 2x, https:\/\/i0.wp.com\/zeromagazine.mx\/wp-content\/uploads\/2024\/06\/PRO00005421_BREITLING-CHRONOMAT_SHOT_03_1090_F1A_COLOUR_RVB-scaled.jpg?fit=1200%2C801&ssl=1&resize=1050%2C600 3x"},"classes":[]},{"id":117938,"url":"https:\/\/zeromagazine.mx\/index.php\/2026\/04\/08\/explorer-rides-mexico-oceano-a-oceano\/","url_meta":{"origin":103353,"position":4},"title":"De oc\u00e9ano a oc\u00e9ano &#8211; la ruta de Explorer Rides que invita a rodar del Golfo de M\u00e9xico a las olas de Pac\u00edfico.","author":"David Morales","date":"8 de abril de 2026","format":false,"excerpt":"Del Golfo al Pac\u00edfico, 758 km de paisajes, adrenalina y comunidad biker que se sienten como una pel\u00edcula en movimiento. Hay viajes\u2026 y luego est\u00e1n los que se convierten en historia. Este abril,\u00a0Bajaj\u00a0lleva su comunidad a otro nivel con una experiencia que suena tan \u00e9pica como se vive: cruzar M\u00e9xico\u2026","rel":"","context":"En \u00abViajes\u00bb","block_context":{"text":"Viajes","link":"https:\/\/zeromagazine.mx\/index.php\/category\/lugares\/"},"img":{"alt_text":"","src":"https:\/\/i0.wp.com\/zeromagazine.mx\/wp-content\/uploads\/2026\/04\/IMG_2004.png?fit=1200%2C675&ssl=1&resize=350%2C200","width":350,"height":200,"srcset":"https:\/\/i0.wp.com\/zeromagazine.mx\/wp-content\/uploads\/2026\/04\/IMG_2004.png?fit=1200%2C675&ssl=1&resize=350%2C200 1x, https:\/\/i0.wp.com\/zeromagazine.mx\/wp-content\/uploads\/2026\/04\/IMG_2004.png?fit=1200%2C675&ssl=1&resize=525%2C300 1.5x, https:\/\/i0.wp.com\/zeromagazine.mx\/wp-content\/uploads\/2026\/04\/IMG_2004.png?fit=1200%2C675&ssl=1&resize=700%2C400 2x, https:\/\/i0.wp.com\/zeromagazine.mx\/wp-content\/uploads\/2026\/04\/IMG_2004.png?fit=1200%2C675&ssl=1&resize=1050%2C600 3x"},"classes":[]},{"id":78690,"url":"https:\/\/zeromagazine.mx\/index.php\/2024\/06\/18\/radio-morras-celebrando-la-diversidad-musical\/","url_meta":{"origin":103353,"position":5},"title":"RADIO MORRAS: Celebrando la Diversidad Musical","author":"zeromagazinemx","date":"18 de junio de 2024","format":false,"excerpt":"El pr\u00f3ximo 20 de junio se llevar\u00e1 a cabo un evento que promete no solo buena m\u00fasica, sino tambi\u00e9n un mensaje de amor, diversidad y empoderamiento. RADIO MORRAS, un proyecto que re\u00fane a cuatro mujeres excepcionales de la escena musical independiente, tomar\u00e1 el escenario para celebrar su fuerza y talento.\u2026","rel":"","context":"En \u00abBlog\u00bb","block_context":{"text":"Blog","link":"https:\/\/zeromagazine.mx\/index.php\/category\/blog\/"},"img":{"alt_text":"","src":"https:\/\/i0.wp.com\/zeromagazine.mx\/wp-content\/uploads\/2024\/06\/Chao-Radio-Morras.jpg?fit=899%2C899&ssl=1&resize=350%2C200","width":350,"height":200,"srcset":"https:\/\/i0.wp.com\/zeromagazine.mx\/wp-content\/uploads\/2024\/06\/Chao-Radio-Morras.jpg?fit=899%2C899&ssl=1&resize=350%2C200 1x, https:\/\/i0.wp.com\/zeromagazine.mx\/wp-content\/uploads\/2024\/06\/Chao-Radio-Morras.jpg?fit=899%2C899&ssl=1&resize=525%2C300 1.5x, https:\/\/i0.wp.com\/zeromagazine.mx\/wp-content\/uploads\/2024\/06\/Chao-Radio-Morras.jpg?fit=899%2C899&ssl=1&resize=700%2C400 2x"},"classes":[]}],"jetpack_sharing_enabled":true,"builder_content":"","_links":{"self":[{"href":"https:\/\/zeromagazine.mx\/index.php\/wp-json\/wp\/v2\/posts\/103353","targetHints":{"allow":["GET"]}}],"collection":[{"href":"https:\/\/zeromagazine.mx\/index.php\/wp-json\/wp\/v2\/posts"}],"about":[{"href":"https:\/\/zeromagazine.mx\/index.php\/wp-json\/wp\/v2\/types\/post"}],"author":[{"embeddable":true,"href":"https:\/\/zeromagazine.mx\/index.php\/wp-json\/wp\/v2\/users\/4"}],"replies":[{"embeddable":true,"href":"https:\/\/zeromagazine.mx\/index.php\/wp-json\/wp\/v2\/comments?post=103353"}],"version-history":[{"count":8,"href":"https:\/\/zeromagazine.mx\/index.php\/wp-json\/wp\/v2\/posts\/103353\/revisions"}],"predecessor-version":[{"id":103365,"href":"https:\/\/zeromagazine.mx\/index.php\/wp-json\/wp\/v2\/posts\/103353\/revisions\/103365"}],"wp:featuredmedia":[{"embeddable":true,"href":"https:\/\/zeromagazine.mx\/index.php\/wp-json\/wp\/v2\/media\/103357"}],"wp:attachment":[{"href":"https:\/\/zeromagazine.mx\/index.php\/wp-json\/wp\/v2\/media?parent=103353"}],"wp:term":[{"taxonomy":"category","embeddable":true,"href":"https:\/\/zeromagazine.mx\/index.php\/wp-json\/wp\/v2\/categories?post=103353"},{"taxonomy":"post_tag","embeddable":true,"href":"https:\/\/zeromagazine.mx\/index.php\/wp-json\/wp\/v2\/tags?post=103353"}],"curies":[{"name":"wp","href":"https:\/\/api.w.org\/{rel}","templated":true}]}}