{"id":103437,"date":"2025-05-08T14:44:59","date_gmt":"2025-05-08T20:44:59","guid":{"rendered":"https:\/\/zeromagazine.mx\/?p=103437"},"modified":"2025-05-08T14:46:02","modified_gmt":"2025-05-08T20:46:02","slug":"cuida-tu-color-con-pravana-care","status":"publish","type":"post","link":"https:\/\/zeromagazine.mx\/index.php\/2025\/05\/08\/cuida-tu-color-con-pravana-care\/","title":{"rendered":"Cuida Tu Color Con  PRAVANA CARE"},"content":{"rendered":"<p>Amix, ya no basta con pintarte el cabello en tonos cool, tambi\u00e9n hay que cuidarlo como se merece. Y justo en esa vibra llega la nueva l\u00ednea de <strong>PRAVANA <strong>CARE<\/strong>,<\/strong> lanzada por Henkel, que est\u00e1 revolucionando el juego del cuidado capilar. Esta colecci\u00f3n fue pensada para quienes amamos experimentar con el color, pero tambi\u00e9n queremos mantenerlo brillante, sano y con vida. Porque s\u00ed, <em>cuida tu color<\/em> tambi\u00e9n significa respetar tu cabello.<\/p>\n\n\n\n<h4 class=\"wp-block-heading\">Tecnolog\u00eda que s\u00ed funciona<\/h4>\n\n\n\n<figure class=\"wp-block-embed is-type-video is-provider-youtube wp-block-embed-youtube wp-embed-aspect-16-9 wp-has-aspect-ratio\"><div class=\"wp-block-embed__wrapper\">\n<div class=\"post-video\"><iframe title=\"\u00bfPor qu\u00e9 nuestro Pravana ChromaSilk es nuestro sistema de coloraci\u00f3n estrella? Te lo explicamos.\" width=\"1165\" height=\"655\" src=\"https:\/\/www.youtube.com\/embed\/Kj9XM7arU-0?feature=oembed\" frameborder=\"0\" allow=\"accelerometer; autoplay; clipboard-write; encrypted-media; gyroscope; picture-in-picture; web-share\" referrerpolicy=\"strict-origin-when-cross-origin\" allowfullscreen><\/iframe><\/div>\n<\/div><\/figure>\n\n\n\n<p>Adem\u00e1s, la l\u00ednea <strong><strong>PRAVANA <strong>CARE<\/strong>,<\/strong><\/strong> se cre\u00f3 con ciencia real y no promesas vac\u00edas. Con su tech <strong>CHROMASILK Color Shine Complex<\/strong>, est\u00e1 formulada para mantener tu color vibrante mientras nutre el cabello desde la ra\u00edz hasta las puntas. Incluye omega 9, AHA, \u00e1cidos c\u00edtrico y l\u00e1ctico, y s\u00ed, eso suena a skincare, pero es para tu melena. Lo m\u00e1s cool es que regula el pH, cierra la cut\u00edcula y deja el pelo ultra manejable.<\/p>\n\n\n\n<script async src=\"https:\/\/pagead2.googlesyndication.com\/pagead\/js\/adsbygoogle.js?client=ca-pub-5499304793904745\"\n     crossorigin=\"anonymous\"><\/script>\n<ins class=\"adsbygoogle\"\n     style=\"display:block; text-align:center;\"\n     data-ad-layout=\"in-article\"\n     data-ad-format=\"fluid\"\n     data-ad-client=\"ca-pub-5499304793904745\"\n     data-ad-slot=\"5994863093\"><\/ins>\n<script>\n     (adsbygoogle = window.adsbygoogle || []).push({});\n<\/script>\n\n\n\n<h4 class=\"wp-block-heading\">Dise\u00f1ada para todxs<\/h4>\n\n\n\n<p>Igualmente, <strong><strong>PRAVANA <strong>CARE<\/strong>,<\/strong> <\/strong>tiene opciones para cada necesidad: shampoos matizantes, clarificadores, protectores de color y aromas que te van a dar ganas de comerte el cabello (spoiler: no lo hagas). Huele a lima, albahaca tailandesa, c\u00edtricos, jazm\u00edn y ar\u00e1ndanos. Todo en empaques reciclables, con marcadores t\u00e1ctiles para personas con discapacidad visual, y obvio sin parabenos, SLS ni pruebas en animales. Porque <em>cuida tu color<\/em> tambi\u00e9n es cuidar el planeta.<\/p>\n\n\n\n<figure class=\"wp-block-embed aligncenter is-type-rich is-provider-instagram wp-block-embed-instagram\"><div class=\"wp-block-embed__wrapper\">\n<blockquote class=\"instagram-media\" data-instgrm-captioned data-instgrm-permalink=\"https:\/\/www.instagram.com\/reel\/DH6uakZzEad\/?utm_source=ig_embed&amp;utm_campaign=loading\" data-instgrm-version=\"14\" style=\" background:#FFF; border:0; border-radius:3px; box-shadow:0 0 1px 0 rgba(0,0,0,0.5),0 1px 10px 0 rgba(0,0,0,0.15); margin: 1px; max-width:658px; min-width:326px; padding:0; width:99.375%; width:-webkit-calc(100% - 2px); width:calc(100% - 2px);\"><div style=\"padding:16px;\"> <a href=\"https:\/\/www.instagram.com\/reel\/DH6uakZzEad\/?utm_source=ig_embed&amp;utm_campaign=loading\" style=\" background:#FFFFFF; line-height:0; padding:0 0; text-align:center; text-decoration:none; width:100%;\" target=\"_blank\"> <div style=\" display: flex; flex-direction: row; align-items: center;\"> <div style=\"background-color: #F4F4F4; border-radius: 50%; flex-grow: 0; height: 40px; margin-right: 14px; width: 40px;\"><\/div> <div style=\"display: flex; flex-direction: column; flex-grow: 1; justify-content: center;\"> <div style=\" background-color: #F4F4F4; border-radius: 4px; flex-grow: 0; height: 14px; margin-bottom: 6px; width: 100px;\"><\/div> <div style=\" background-color: #F4F4F4; border-radius: 4px; flex-grow: 0; height: 14px; width: 60px;\"><\/div><\/div><\/div><div style=\"padding: 19% 0;\"><\/div> <div style=\"display:block; height:50px; margin:0 auto 12px; width:50px;\"><svg width=\"50px\" height=\"50px\" viewBox=\"0 0 60 60\" version=\"1.1\" xmlns=\"https:\/\/www.w3.org\/2000\/svg\" xmlns:xlink=\"https:\/\/www.w3.org\/1999\/xlink\"><g stroke=\"none\" stroke-width=\"1\" fill=\"none\" fill-rule=\"evenodd\"><g transform=\"translate(-511.000000, -20.000000)\" fill=\"#000000\"><g><path d=\"M556.869,30.41 C554.814,30.41 553.148,32.076 553.148,34.131 C553.148,36.186 554.814,37.852 556.869,37.852 C558.924,37.852 560.59,36.186 560.59,34.131 C560.59,32.076 558.924,30.41 556.869,30.41 M541,60.657 C535.114,60.657 530.342,55.887 530.342,50 C530.342,44.114 535.114,39.342 541,39.342 C546.887,39.342 551.658,44.114 551.658,50 C551.658,55.887 546.887,60.657 541,60.657 M541,33.886 C532.1,33.886 524.886,41.1 524.886,50 C524.886,58.899 532.1,66.113 541,66.113 C549.9,66.113 557.115,58.899 557.115,50 C557.115,41.1 549.9,33.886 541,33.886 M565.378,62.101 C565.244,65.022 564.756,66.606 564.346,67.663 C563.803,69.06 563.154,70.057 562.106,71.106 C561.058,72.155 560.06,72.803 558.662,73.347 C557.607,73.757 556.021,74.244 553.102,74.378 C549.944,74.521 548.997,74.552 541,74.552 C533.003,74.552 532.056,74.521 528.898,74.378 C525.979,74.244 524.393,73.757 523.338,73.347 C521.94,72.803 520.942,72.155 519.894,71.106 C518.846,70.057 518.197,69.06 517.654,67.663 C517.244,66.606 516.755,65.022 516.623,62.101 C516.479,58.943 516.448,57.996 516.448,50 C516.448,42.003 516.479,41.056 516.623,37.899 C516.755,34.978 517.244,33.391 517.654,32.338 C518.197,30.938 518.846,29.942 519.894,28.894 C520.942,27.846 521.94,27.196 523.338,26.654 C524.393,26.244 525.979,25.756 528.898,25.623 C532.057,25.479 533.004,25.448 541,25.448 C548.997,25.448 549.943,25.479 553.102,25.623 C556.021,25.756 557.607,26.244 558.662,26.654 C560.06,27.196 561.058,27.846 562.106,28.894 C563.154,29.942 563.803,30.938 564.346,32.338 C564.756,33.391 565.244,34.978 565.378,37.899 C565.522,41.056 565.552,42.003 565.552,50 C565.552,57.996 565.522,58.943 565.378,62.101 M570.82,37.631 C570.674,34.438 570.167,32.258 569.425,30.349 C568.659,28.377 567.633,26.702 565.965,25.035 C564.297,23.368 562.623,22.342 560.652,21.575 C558.743,20.834 556.562,20.326 553.369,20.18 C550.169,20.033 549.148,20 541,20 C532.853,20 531.831,20.033 528.631,20.18 C525.438,20.326 523.257,20.834 521.349,21.575 C519.376,22.342 517.703,23.368 516.035,25.035 C514.368,26.702 513.342,28.377 512.574,30.349 C511.834,32.258 511.326,34.438 511.181,37.631 C511.035,40.831 511,41.851 511,50 C511,58.147 511.035,59.17 511.181,62.369 C511.326,65.562 511.834,67.743 512.574,69.651 C513.342,71.625 514.368,73.296 516.035,74.965 C517.703,76.634 519.376,77.658 521.349,78.425 C523.257,79.167 525.438,79.673 528.631,79.82 C531.831,79.965 532.853,80.001 541,80.001 C549.148,80.001 550.169,79.965 553.369,79.82 C556.562,79.673 558.743,79.167 560.652,78.425 C562.623,77.658 564.297,76.634 565.965,74.965 C567.633,73.296 568.659,71.625 569.425,69.651 C570.167,67.743 570.674,65.562 570.82,62.369 C570.966,59.17 571,58.147 571,50 C571,41.851 570.966,40.831 570.82,37.631\"><\/path><\/g><\/g><\/g><\/svg><\/div><div style=\"padding-top: 8px;\"> <div style=\" color:#3897f0; font-family:Arial,sans-serif; font-size:14px; font-style:normal; font-weight:550; line-height:18px;\">View this post on Instagram<\/div><\/div><div style=\"padding: 12.5% 0;\"><\/div> <div style=\"display: flex; flex-direction: row; margin-bottom: 14px; align-items: center;\"><div> <div style=\"background-color: #F4F4F4; border-radius: 50%; height: 12.5px; width: 12.5px; transform: translateX(0px) translateY(7px);\"><\/div> <div style=\"background-color: #F4F4F4; height: 12.5px; transform: rotate(-45deg) translateX(3px) translateY(1px); width: 12.5px; flex-grow: 0; margin-right: 14px; margin-left: 2px;\"><\/div> <div style=\"background-color: #F4F4F4; border-radius: 50%; height: 12.5px; width: 12.5px; transform: translateX(9px) translateY(-18px);\"><\/div><\/div><div style=\"margin-left: 8px;\"> <div style=\" background-color: #F4F4F4; border-radius: 50%; flex-grow: 0; height: 20px; width: 20px;\"><\/div> <div style=\" width: 0; height: 0; border-top: 2px solid transparent; border-left: 6px solid #f4f4f4; border-bottom: 2px solid transparent; transform: translateX(16px) translateY(-4px) rotate(30deg)\"><\/div><\/div><div style=\"margin-left: auto;\"> <div style=\" width: 0px; border-top: 8px solid #F4F4F4; border-right: 8px solid transparent; transform: translateY(16px);\"><\/div> <div style=\" background-color: #F4F4F4; flex-grow: 0; height: 12px; width: 16px; transform: translateY(-4px);\"><\/div> <div style=\" width: 0; height: 0; border-top: 8px solid #F4F4F4; border-left: 8px solid transparent; transform: translateY(-4px) translateX(8px);\"><\/div><\/div><\/div> <div style=\"display: flex; flex-direction: column; flex-grow: 1; justify-content: center; margin-bottom: 24px;\"> <div style=\" background-color: #F4F4F4; border-radius: 4px; flex-grow: 0; height: 14px; margin-bottom: 6px; width: 224px;\"><\/div> <div style=\" background-color: #F4F4F4; border-radius: 4px; flex-grow: 0; height: 14px; width: 144px;\"><\/div><\/div><\/a><p style=\" color:#c9c8cd; font-family:Arial,sans-serif; font-size:14px; line-height:17px; margin-bottom:0; margin-top:8px; overflow:hidden; padding:8px 0 7px; text-align:center; text-overflow:ellipsis; white-space:nowrap;\"><a href=\"https:\/\/www.instagram.com\/reel\/DH6uakZzEad\/?utm_source=ig_embed&amp;utm_campaign=loading\" style=\" color:#c9c8cd; font-family:Arial,sans-serif; font-size:14px; font-style:normal; font-weight:normal; line-height:17px; text-decoration:none;\" target=\"_blank\">A post shared by PRAVANA (@pravana)<\/a><\/p><\/div><\/blockquote><script async src=\"\/\/platform.instagram.com\/en_US\/embeds.js\"><\/script>\n<\/div><\/figure>\n\n\n\n<h4 class=\"wp-block-heading\">M\u00e1s que productos, comunidad<\/h4>\n\n\n\n<p>Por otro lado, la campa\u00f1a \u201c<strong>The Power of PRAVANA<\/strong>\u201d est\u00e1 pensada para empoderar a estilistas y consumidorxs con educaci\u00f3n real, herramientas pro y dise\u00f1o disruptivo.<strong> PRAVANA<\/strong> lleva 21 a\u00f1os haciendo historia en el color, desde los tonos fantas\u00eda hasta las f\u00f3rmulas m\u00e1s conscientes. Y lo mejor es que apenas est\u00e1n calentando motores.<\/p>\n\n\n\n<script async src=\"https:\/\/pagead2.googlesyndication.com\/pagead\/js\/adsbygoogle.js?client=ca-pub-5499304793904745\"\n     crossorigin=\"anonymous\"><\/script>\n<ins class=\"adsbygoogle\"\n     style=\"display:block; text-align:center;\"\n     data-ad-layout=\"in-article\"\n     data-ad-format=\"fluid\"\n     data-ad-client=\"ca-pub-5499304793904745\"\n     data-ad-slot=\"5994863093\"><\/ins>\n<script>\n     (adsbygoogle = window.adsbygoogle || []).push({});\n<\/script>\n\n\n\n<h4 class=\"wp-block-heading\">S\u00e9 parte del cambio<\/h4>\n\n\n<div class=\"wp-block-image\">\n<figure class=\"aligncenter size-full\"><img data-recalc-dims=\"1\" decoding=\"async\" width=\"756\" height=\"945\" src=\"https:\/\/i0.wp.com\/zeromagazine.mx\/wp-content\/uploads\/2025\/05\/unnamed-4.jpg?resize=756%2C945&#038;ssl=1\" alt=\"\" class=\"wp-image-103440\" srcset=\"https:\/\/i0.wp.com\/zeromagazine.mx\/wp-content\/uploads\/2025\/05\/unnamed-4.jpg?w=756&amp;ssl=1 756w, https:\/\/i0.wp.com\/zeromagazine.mx\/wp-content\/uploads\/2025\/05\/unnamed-4.jpg?resize=240%2C300&amp;ssl=1 240w\" sizes=\"(max-width: 756px) 100vw, 756px\" \/><\/figure>\n<\/div>\n\n\n<p>Finalmente, si est\u00e1s listx para una rutina de haircare que respeta tu estilo y tu planeta, l\u00e1nzate a conocer m\u00e1s en <a class=\"\" href=\"https:\/\/www.henkel.mx\">www.henkel.mx<\/a> , <a href=\"https:\/\/www.instagram.com\/pravana\/\">@pravana<\/a> o preg\u00fantale a tu estilista de confianza por la l\u00ednea  <strong>PRAVANA <strong>CARE<\/strong>,<\/strong> Porque s\u00ed, amix, <em>cuida tu color<\/em> y deja que tu pelo hable por ti.<\/p>\n\n\n\n<script async src=\"https:\/\/pagead2.googlesyndication.com\/pagead\/js\/adsbygoogle.js?client=ca-pub-5499304793904745\"\n     crossorigin=\"anonymous\"><\/script>\n<ins class=\"adsbygoogle\"\n     style=\"display:block; text-align:center;\"\n     data-ad-layout=\"in-article\"\n     data-ad-format=\"fluid\"\n     data-ad-client=\"ca-pub-5499304793904745\"\n     data-ad-slot=\"5994863093\"><\/ins>\n<script>\n     (adsbygoogle = window.adsbygoogle || []).push({});\n<\/script>\n\n<!--themify_builder_content-->\n<div id=\"themify_builder_content-103437\" data-postid=\"103437\" class=\"themify_builder_content themify_builder_content-103437 themify_builder tf_clear\">\n    <\/div>\n<!--\/themify_builder_content-->","protected":false},"excerpt":{"rendered":"<p>Amix, ya no basta con pintarte el cabello en tonos cool, tambi\u00e9n hay que cuidarlo como se merece. Y justo en esa vibra llega la nueva l\u00ednea de PRAVANA CARE, lanzada por Henkel, que est\u00e1 revolucionando el juego del cuidado capilar. Esta colecci\u00f3n fue pensada para quienes amamos experimentar con el color, pero tambi\u00e9n queremos [&hellip;]<\/p>\n","protected":false},"author":4,"featured_media":103439,"comment_status":"open","ping_status":"open","sticky":false,"template":"","format":"standard","meta":{"_jetpack_memberships_contains_paid_content":false,"footnotes":"","jetpack_publicize_message":"","jetpack_publicize_feature_enabled":true,"jetpack_social_post_already_shared":true,"jetpack_social_options":{"image_generator_settings":{"template":"highway","default_image_id":0,"font":"","enabled":false},"version":2}},"categories":[9858],"tags":[7756,13617,13618,13616,13619],"class_list":["post-103437","post","type-post","status-publish","format-standard","has-post-thumbnail","hentry","category-beauty","tag-cabello","tag-care","tag-chromasilk","tag-pravana","tag-tinte","has-post-title","has-post-date","has-post-category","has-post-tag","has-post-comment","has-post-author",""],"yoast_head":"<!-- This site is optimized with the Yoast SEO plugin v27.5 - https:\/\/yoast.com\/product\/yoast-seo-wordpress\/ -->\n<title>Cuida Tu Color Con PRAVANA CARE - Zero Magazine<\/title>\n<meta name=\"description\" content=\"La l\u00ednea PRAVANA Care trae una f\u00f3rmula especial y segura que protege y repara el color de tu cabello sin da\u00f1ar tu melena o el planeta\" \/>\n<meta name=\"robots\" content=\"index, follow, max-snippet:-1, max-image-preview:large, max-video-preview:-1\" \/>\n<link rel=\"canonical\" href=\"https:\/\/zeromagazine.mx\/index.php\/2025\/05\/08\/cuida-tu-color-con-pravana-care\/\" \/>\n<meta property=\"og:locale\" content=\"es_ES\" \/>\n<meta property=\"og:type\" content=\"article\" \/>\n<meta property=\"og:title\" content=\"Cuida Tu Color Con PRAVANA CARE - Zero Magazine\" \/>\n<meta property=\"og:description\" content=\"La l\u00ednea PRAVANA Care trae una f\u00f3rmula especial y segura que protege y repara el color de tu cabello sin da\u00f1ar tu melena o el planeta\" \/>\n<meta property=\"og:url\" content=\"https:\/\/zeromagazine.mx\/index.php\/2025\/05\/08\/cuida-tu-color-con-pravana-care\/\" \/>\n<meta property=\"og:site_name\" content=\"Zero Magazine\" \/>\n<meta property=\"article:published_time\" content=\"2025-05-08T20:44:59+00:00\" \/>\n<meta property=\"article:modified_time\" content=\"2025-05-08T20:46:02+00:00\" \/>\n<meta property=\"og:image\" content=\"http:\/\/zeromagazine.mx\/wp-content\/uploads\/2025\/05\/Imagen-Pravana-Henkel.jpg\" \/>\n\t<meta property=\"og:image:width\" content=\"815\" \/>\n\t<meta property=\"og:image:height\" content=\"748\" \/>\n\t<meta property=\"og:image:type\" content=\"image\/jpeg\" \/>\n<meta name=\"author\" content=\"David Morales\" \/>\n<meta name=\"twitter:card\" content=\"summary_large_image\" \/>\n<meta name=\"twitter:label1\" content=\"Escrito por\" \/>\n\t<meta name=\"twitter:data1\" content=\"David Morales\" \/>\n\t<meta name=\"twitter:label2\" content=\"Tiempo de lectura\" \/>\n\t<meta name=\"twitter:data2\" content=\"2 minutos\" \/>\n<script type=\"application\/ld+json\" class=\"yoast-schema-graph\">{\"@context\":\"https:\\\/\\\/schema.org\",\"@graph\":[{\"@type\":\"Article\",\"@id\":\"https:\\\/\\\/zeromagazine.mx\\\/index.php\\\/2025\\\/05\\\/08\\\/cuida-tu-color-con-pravana-care\\\/#article\",\"isPartOf\":{\"@id\":\"https:\\\/\\\/zeromagazine.mx\\\/index.php\\\/2025\\\/05\\\/08\\\/cuida-tu-color-con-pravana-care\\\/\"},\"author\":{\"name\":\"David Morales\",\"@id\":\"https:\\\/\\\/zeromagazine.mx\\\/#\\\/schema\\\/person\\\/9f7f1a17c60ba8e9980e3e6677aabe5a\"},\"headline\":\"Cuida Tu Color Con PRAVANA CARE\",\"datePublished\":\"2025-05-08T20:44:59+00:00\",\"dateModified\":\"2025-05-08T20:46:02+00:00\",\"mainEntityOfPage\":{\"@id\":\"https:\\\/\\\/zeromagazine.mx\\\/index.php\\\/2025\\\/05\\\/08\\\/cuida-tu-color-con-pravana-care\\\/\"},\"wordCount\":385,\"commentCount\":0,\"publisher\":{\"@id\":\"https:\\\/\\\/zeromagazine.mx\\\/#organization\"},\"image\":{\"@id\":\"https:\\\/\\\/zeromagazine.mx\\\/index.php\\\/2025\\\/05\\\/08\\\/cuida-tu-color-con-pravana-care\\\/#primaryimage\"},\"thumbnailUrl\":\"https:\\\/\\\/i0.wp.com\\\/zeromagazine.mx\\\/wp-content\\\/uploads\\\/2025\\\/05\\\/Imagen-Pravana-Henkel.jpg?fit=815%2C748&ssl=1\",\"keywords\":[\"Cabello\",\"care\",\"chromasilk\",\"pravana\",\"tinte\"],\"articleSection\":[\"Beauty\"],\"inLanguage\":\"es\",\"potentialAction\":[{\"@type\":\"CommentAction\",\"name\":\"Comment\",\"target\":[\"https:\\\/\\\/zeromagazine.mx\\\/index.php\\\/2025\\\/05\\\/08\\\/cuida-tu-color-con-pravana-care\\\/#respond\"]}]},{\"@type\":\"WebPage\",\"@id\":\"https:\\\/\\\/zeromagazine.mx\\\/index.php\\\/2025\\\/05\\\/08\\\/cuida-tu-color-con-pravana-care\\\/\",\"url\":\"https:\\\/\\\/zeromagazine.mx\\\/index.php\\\/2025\\\/05\\\/08\\\/cuida-tu-color-con-pravana-care\\\/\",\"name\":\"Cuida Tu Color Con PRAVANA CARE - Zero Magazine\",\"isPartOf\":{\"@id\":\"https:\\\/\\\/zeromagazine.mx\\\/#website\"},\"primaryImageOfPage\":{\"@id\":\"https:\\\/\\\/zeromagazine.mx\\\/index.php\\\/2025\\\/05\\\/08\\\/cuida-tu-color-con-pravana-care\\\/#primaryimage\"},\"image\":{\"@id\":\"https:\\\/\\\/zeromagazine.mx\\\/index.php\\\/2025\\\/05\\\/08\\\/cuida-tu-color-con-pravana-care\\\/#primaryimage\"},\"thumbnailUrl\":\"https:\\\/\\\/i0.wp.com\\\/zeromagazine.mx\\\/wp-content\\\/uploads\\\/2025\\\/05\\\/Imagen-Pravana-Henkel.jpg?fit=815%2C748&ssl=1\",\"datePublished\":\"2025-05-08T20:44:59+00:00\",\"dateModified\":\"2025-05-08T20:46:02+00:00\",\"description\":\"La l\u00ednea PRAVANA Care trae una f\u00f3rmula especial y segura que protege y repara el color de tu cabello sin da\u00f1ar tu melena o el planeta\",\"breadcrumb\":{\"@id\":\"https:\\\/\\\/zeromagazine.mx\\\/index.php\\\/2025\\\/05\\\/08\\\/cuida-tu-color-con-pravana-care\\\/#breadcrumb\"},\"inLanguage\":\"es\",\"potentialAction\":[{\"@type\":\"ReadAction\",\"target\":[\"https:\\\/\\\/zeromagazine.mx\\\/index.php\\\/2025\\\/05\\\/08\\\/cuida-tu-color-con-pravana-care\\\/\"]}]},{\"@type\":\"ImageObject\",\"inLanguage\":\"es\",\"@id\":\"https:\\\/\\\/zeromagazine.mx\\\/index.php\\\/2025\\\/05\\\/08\\\/cuida-tu-color-con-pravana-care\\\/#primaryimage\",\"url\":\"https:\\\/\\\/i0.wp.com\\\/zeromagazine.mx\\\/wp-content\\\/uploads\\\/2025\\\/05\\\/Imagen-Pravana-Henkel.jpg?fit=815%2C748&ssl=1\",\"contentUrl\":\"https:\\\/\\\/i0.wp.com\\\/zeromagazine.mx\\\/wp-content\\\/uploads\\\/2025\\\/05\\\/Imagen-Pravana-Henkel.jpg?fit=815%2C748&ssl=1\",\"width\":815,\"height\":748},{\"@type\":\"BreadcrumbList\",\"@id\":\"https:\\\/\\\/zeromagazine.mx\\\/index.php\\\/2025\\\/05\\\/08\\\/cuida-tu-color-con-pravana-care\\\/#breadcrumb\",\"itemListElement\":[{\"@type\":\"ListItem\",\"position\":1,\"name\":\"Portada\",\"item\":\"https:\\\/\\\/zeromagazine.mx\\\/\"},{\"@type\":\"ListItem\",\"position\":2,\"name\":\"Cuida Tu Color Con PRAVANA CARE\"}]},{\"@type\":\"WebSite\",\"@id\":\"https:\\\/\\\/zeromagazine.mx\\\/#website\",\"url\":\"https:\\\/\\\/zeromagazine.mx\\\/\",\"name\":\"Zero Magazine\",\"description\":\"\",\"publisher\":{\"@id\":\"https:\\\/\\\/zeromagazine.mx\\\/#organization\"},\"potentialAction\":[{\"@type\":\"SearchAction\",\"target\":{\"@type\":\"EntryPoint\",\"urlTemplate\":\"https:\\\/\\\/zeromagazine.mx\\\/?s={search_term_string}\"},\"query-input\":{\"@type\":\"PropertyValueSpecification\",\"valueRequired\":true,\"valueName\":\"search_term_string\"}}],\"inLanguage\":\"es\"},{\"@type\":\"Organization\",\"@id\":\"https:\\\/\\\/zeromagazine.mx\\\/#organization\",\"name\":\"Zero Magazine\",\"url\":\"https:\\\/\\\/zeromagazine.mx\\\/\",\"logo\":{\"@type\":\"ImageObject\",\"inLanguage\":\"es\",\"@id\":\"https:\\\/\\\/zeromagazine.mx\\\/#\\\/schema\\\/logo\\\/image\\\/\",\"url\":\"https:\\\/\\\/i0.wp.com\\\/zeromagazine.mx\\\/wp-content\\\/uploads\\\/2025\\\/11\\\/1.jpeg?fit=1000%2C1000&ssl=1\",\"contentUrl\":\"https:\\\/\\\/i0.wp.com\\\/zeromagazine.mx\\\/wp-content\\\/uploads\\\/2025\\\/11\\\/1.jpeg?fit=1000%2C1000&ssl=1\",\"width\":1000,\"height\":1000,\"caption\":\"Zero Magazine\"},\"image\":{\"@id\":\"https:\\\/\\\/zeromagazine.mx\\\/#\\\/schema\\\/logo\\\/image\\\/\"},\"sameAs\":[\"https:\\\/\\\/instagram.com\\\/zeromagazinemx\"]},{\"@type\":\"Person\",\"@id\":\"https:\\\/\\\/zeromagazine.mx\\\/#\\\/schema\\\/person\\\/9f7f1a17c60ba8e9980e3e6677aabe5a\",\"name\":\"David Morales\",\"image\":{\"@type\":\"ImageObject\",\"inLanguage\":\"es\",\"@id\":\"https:\\\/\\\/zeromagazine.mx\\\/wp-content\\\/litespeed\\\/avatar\\\/76069d2136bfc1c37dc34815bb67ca42.jpg?ver=1776966186\",\"url\":\"https:\\\/\\\/zeromagazine.mx\\\/wp-content\\\/litespeed\\\/avatar\\\/76069d2136bfc1c37dc34815bb67ca42.jpg?ver=1776966186\",\"contentUrl\":\"https:\\\/\\\/zeromagazine.mx\\\/wp-content\\\/litespeed\\\/avatar\\\/76069d2136bfc1c37dc34815bb67ca42.jpg?ver=1776966186\",\"caption\":\"David Morales\"},\"url\":\"https:\\\/\\\/zeromagazine.mx\\\/index.php\\\/author\\\/david\\\/\"}]}<\/script>\n<!-- \/ Yoast SEO plugin. -->","yoast_head_json":{"title":"Cuida Tu Color Con PRAVANA CARE - Zero Magazine","description":"La l\u00ednea PRAVANA Care trae una f\u00f3rmula especial y segura que protege y repara el color de tu cabello sin da\u00f1ar tu melena o el planeta","robots":{"index":"index","follow":"follow","max-snippet":"max-snippet:-1","max-image-preview":"max-image-preview:large","max-video-preview":"max-video-preview:-1"},"canonical":"https:\/\/zeromagazine.mx\/index.php\/2025\/05\/08\/cuida-tu-color-con-pravana-care\/","og_locale":"es_ES","og_type":"article","og_title":"Cuida Tu Color Con PRAVANA CARE - Zero Magazine","og_description":"La l\u00ednea PRAVANA Care trae una f\u00f3rmula especial y segura que protege y repara el color de tu cabello sin da\u00f1ar tu melena o el planeta","og_url":"https:\/\/zeromagazine.mx\/index.php\/2025\/05\/08\/cuida-tu-color-con-pravana-care\/","og_site_name":"Zero Magazine","article_published_time":"2025-05-08T20:44:59+00:00","article_modified_time":"2025-05-08T20:46:02+00:00","og_image":[{"width":815,"height":748,"url":"http:\/\/zeromagazine.mx\/wp-content\/uploads\/2025\/05\/Imagen-Pravana-Henkel.jpg","type":"image\/jpeg"}],"author":"David Morales","twitter_card":"summary_large_image","twitter_misc":{"Escrito por":"David Morales","Tiempo de lectura":"2 minutos"},"schema":{"@context":"https:\/\/schema.org","@graph":[{"@type":"Article","@id":"https:\/\/zeromagazine.mx\/index.php\/2025\/05\/08\/cuida-tu-color-con-pravana-care\/#article","isPartOf":{"@id":"https:\/\/zeromagazine.mx\/index.php\/2025\/05\/08\/cuida-tu-color-con-pravana-care\/"},"author":{"name":"David Morales","@id":"https:\/\/zeromagazine.mx\/#\/schema\/person\/9f7f1a17c60ba8e9980e3e6677aabe5a"},"headline":"Cuida Tu Color Con PRAVANA CARE","datePublished":"2025-05-08T20:44:59+00:00","dateModified":"2025-05-08T20:46:02+00:00","mainEntityOfPage":{"@id":"https:\/\/zeromagazine.mx\/index.php\/2025\/05\/08\/cuida-tu-color-con-pravana-care\/"},"wordCount":385,"commentCount":0,"publisher":{"@id":"https:\/\/zeromagazine.mx\/#organization"},"image":{"@id":"https:\/\/zeromagazine.mx\/index.php\/2025\/05\/08\/cuida-tu-color-con-pravana-care\/#primaryimage"},"thumbnailUrl":"https:\/\/i0.wp.com\/zeromagazine.mx\/wp-content\/uploads\/2025\/05\/Imagen-Pravana-Henkel.jpg?fit=815%2C748&ssl=1","keywords":["Cabello","care","chromasilk","pravana","tinte"],"articleSection":["Beauty"],"inLanguage":"es","potentialAction":[{"@type":"CommentAction","name":"Comment","target":["https:\/\/zeromagazine.mx\/index.php\/2025\/05\/08\/cuida-tu-color-con-pravana-care\/#respond"]}]},{"@type":"WebPage","@id":"https:\/\/zeromagazine.mx\/index.php\/2025\/05\/08\/cuida-tu-color-con-pravana-care\/","url":"https:\/\/zeromagazine.mx\/index.php\/2025\/05\/08\/cuida-tu-color-con-pravana-care\/","name":"Cuida Tu Color Con PRAVANA CARE - Zero Magazine","isPartOf":{"@id":"https:\/\/zeromagazine.mx\/#website"},"primaryImageOfPage":{"@id":"https:\/\/zeromagazine.mx\/index.php\/2025\/05\/08\/cuida-tu-color-con-pravana-care\/#primaryimage"},"image":{"@id":"https:\/\/zeromagazine.mx\/index.php\/2025\/05\/08\/cuida-tu-color-con-pravana-care\/#primaryimage"},"thumbnailUrl":"https:\/\/i0.wp.com\/zeromagazine.mx\/wp-content\/uploads\/2025\/05\/Imagen-Pravana-Henkel.jpg?fit=815%2C748&ssl=1","datePublished":"2025-05-08T20:44:59+00:00","dateModified":"2025-05-08T20:46:02+00:00","description":"La l\u00ednea PRAVANA Care trae una f\u00f3rmula especial y segura que protege y repara el color de tu cabello sin da\u00f1ar tu melena o el planeta","breadcrumb":{"@id":"https:\/\/zeromagazine.mx\/index.php\/2025\/05\/08\/cuida-tu-color-con-pravana-care\/#breadcrumb"},"inLanguage":"es","potentialAction":[{"@type":"ReadAction","target":["https:\/\/zeromagazine.mx\/index.php\/2025\/05\/08\/cuida-tu-color-con-pravana-care\/"]}]},{"@type":"ImageObject","inLanguage":"es","@id":"https:\/\/zeromagazine.mx\/index.php\/2025\/05\/08\/cuida-tu-color-con-pravana-care\/#primaryimage","url":"https:\/\/i0.wp.com\/zeromagazine.mx\/wp-content\/uploads\/2025\/05\/Imagen-Pravana-Henkel.jpg?fit=815%2C748&ssl=1","contentUrl":"https:\/\/i0.wp.com\/zeromagazine.mx\/wp-content\/uploads\/2025\/05\/Imagen-Pravana-Henkel.jpg?fit=815%2C748&ssl=1","width":815,"height":748},{"@type":"BreadcrumbList","@id":"https:\/\/zeromagazine.mx\/index.php\/2025\/05\/08\/cuida-tu-color-con-pravana-care\/#breadcrumb","itemListElement":[{"@type":"ListItem","position":1,"name":"Portada","item":"https:\/\/zeromagazine.mx\/"},{"@type":"ListItem","position":2,"name":"Cuida Tu Color Con PRAVANA CARE"}]},{"@type":"WebSite","@id":"https:\/\/zeromagazine.mx\/#website","url":"https:\/\/zeromagazine.mx\/","name":"Zero Magazine","description":"","publisher":{"@id":"https:\/\/zeromagazine.mx\/#organization"},"potentialAction":[{"@type":"SearchAction","target":{"@type":"EntryPoint","urlTemplate":"https:\/\/zeromagazine.mx\/?s={search_term_string}"},"query-input":{"@type":"PropertyValueSpecification","valueRequired":true,"valueName":"search_term_string"}}],"inLanguage":"es"},{"@type":"Organization","@id":"https:\/\/zeromagazine.mx\/#organization","name":"Zero Magazine","url":"https:\/\/zeromagazine.mx\/","logo":{"@type":"ImageObject","inLanguage":"es","@id":"https:\/\/zeromagazine.mx\/#\/schema\/logo\/image\/","url":"https:\/\/i0.wp.com\/zeromagazine.mx\/wp-content\/uploads\/2025\/11\/1.jpeg?fit=1000%2C1000&ssl=1","contentUrl":"https:\/\/i0.wp.com\/zeromagazine.mx\/wp-content\/uploads\/2025\/11\/1.jpeg?fit=1000%2C1000&ssl=1","width":1000,"height":1000,"caption":"Zero Magazine"},"image":{"@id":"https:\/\/zeromagazine.mx\/#\/schema\/logo\/image\/"},"sameAs":["https:\/\/instagram.com\/zeromagazinemx"]},{"@type":"Person","@id":"https:\/\/zeromagazine.mx\/#\/schema\/person\/9f7f1a17c60ba8e9980e3e6677aabe5a","name":"David Morales","image":{"@type":"ImageObject","inLanguage":"es","@id":"https:\/\/zeromagazine.mx\/wp-content\/litespeed\/avatar\/76069d2136bfc1c37dc34815bb67ca42.jpg?ver=1776966186","url":"https:\/\/zeromagazine.mx\/wp-content\/litespeed\/avatar\/76069d2136bfc1c37dc34815bb67ca42.jpg?ver=1776966186","contentUrl":"https:\/\/zeromagazine.mx\/wp-content\/litespeed\/avatar\/76069d2136bfc1c37dc34815bb67ca42.jpg?ver=1776966186","caption":"David Morales"},"url":"https:\/\/zeromagazine.mx\/index.php\/author\/david\/"}]}},"jetpack_publicize_connections":[],"jetpack_featured_media_url":"https:\/\/i0.wp.com\/zeromagazine.mx\/wp-content\/uploads\/2025\/05\/Imagen-Pravana-Henkel.jpg?fit=815%2C748&ssl=1","jetpack-related-posts":[{"id":87657,"url":"https:\/\/zeromagazine.mx\/index.php\/2024\/10\/21\/rubio-perfecto-el-secreto-hask\/","url_meta":{"origin":103437,"position":0},"title":"Rubio Perfecto: El Secreto HASK","author":"zeromagazinemx","date":"21 de octubre de 2024","format":false,"excerpt":"Amig@s, s\u00e9 que todas hemos pasado por esa fase de querer tener un cabello rubio radiante, pero, plot twist, los rubios no siempre son tan f\u00e1ciles de mantener. Ya saben, la vida de un rubio es m\u00e1s complicada de lo que parece. La falta de pigmento en el cabello rubio\u2026","rel":"","context":"En \u00abBeauty\u00bb","block_context":{"text":"Beauty","link":"https:\/\/zeromagazine.mx\/index.php\/category\/beauty\/"},"img":{"alt_text":"","src":"https:\/\/i0.wp.com\/zeromagazine.mx\/wp-content\/uploads\/2024\/10\/06_HASK_BlondeCare_BeforeAfter.jpg?fit=1200%2C1200&ssl=1&resize=350%2C200","width":350,"height":200,"srcset":"https:\/\/i0.wp.com\/zeromagazine.mx\/wp-content\/uploads\/2024\/10\/06_HASK_BlondeCare_BeforeAfter.jpg?fit=1200%2C1200&ssl=1&resize=350%2C200 1x, https:\/\/i0.wp.com\/zeromagazine.mx\/wp-content\/uploads\/2024\/10\/06_HASK_BlondeCare_BeforeAfter.jpg?fit=1200%2C1200&ssl=1&resize=525%2C300 1.5x, https:\/\/i0.wp.com\/zeromagazine.mx\/wp-content\/uploads\/2024\/10\/06_HASK_BlondeCare_BeforeAfter.jpg?fit=1200%2C1200&ssl=1&resize=700%2C400 2x, https:\/\/i0.wp.com\/zeromagazine.mx\/wp-content\/uploads\/2024\/10\/06_HASK_BlondeCare_BeforeAfter.jpg?fit=1200%2C1200&ssl=1&resize=1050%2C600 3x"},"classes":[]},{"id":102649,"url":"https:\/\/zeromagazine.mx\/index.php\/2025\/04\/29\/cuida-tu-cabello-y-deja-huella-con-yellow-professional\/","url_meta":{"origin":103437,"position":1},"title":"Cuida Tu Cabello Y Deja Huella Con Yellow Professional","author":"David Morales","date":"29 de abril de 2025","format":false,"excerpt":"Amix, ya sabemos que hoy en d\u00eda no basta con verse bien: tambi\u00e9n queremos consumir cosas que respeten el planeta y que tengan valores detr\u00e1s. Por eso, este 2025, Yellow Professional se avent\u00f3 un rebranding brutal que combina dise\u00f1o fresh, f\u00f3rmulas veganas y un compromiso real con la sostenibilidad. S\u00ed,\u2026","rel":"","context":"En \u00abBeauty\u00bb","block_context":{"text":"Beauty","link":"https:\/\/zeromagazine.mx\/index.php\/category\/beauty\/"},"img":{"alt_text":"","src":"https:\/\/i0.wp.com\/zeromagazine.mx\/wp-content\/uploads\/2025\/04\/Yellow_NUTRITIVE_Mask_PF028293_Vas_300ml_2024-e1745946815953.png?fit=1200%2C735&ssl=1&resize=350%2C200","width":350,"height":200,"srcset":"https:\/\/i0.wp.com\/zeromagazine.mx\/wp-content\/uploads\/2025\/04\/Yellow_NUTRITIVE_Mask_PF028293_Vas_300ml_2024-e1745946815953.png?fit=1200%2C735&ssl=1&resize=350%2C200 1x, https:\/\/i0.wp.com\/zeromagazine.mx\/wp-content\/uploads\/2025\/04\/Yellow_NUTRITIVE_Mask_PF028293_Vas_300ml_2024-e1745946815953.png?fit=1200%2C735&ssl=1&resize=525%2C300 1.5x, https:\/\/i0.wp.com\/zeromagazine.mx\/wp-content\/uploads\/2025\/04\/Yellow_NUTRITIVE_Mask_PF028293_Vas_300ml_2024-e1745946815953.png?fit=1200%2C735&ssl=1&resize=700%2C400 2x, https:\/\/i0.wp.com\/zeromagazine.mx\/wp-content\/uploads\/2025\/04\/Yellow_NUTRITIVE_Mask_PF028293_Vas_300ml_2024-e1745946815953.png?fit=1200%2C735&ssl=1&resize=1050%2C600 3x"},"classes":[]},{"id":114972,"url":"https:\/\/zeromagazine.mx\/index.php\/2026\/02\/09\/cabello-como-extension-estilo-cuidado-capilar\/","url_meta":{"origin":103437,"position":2},"title":"El cabello como extensi\u00f3n de tu estilo","author":"David Morales","date":"9 de febrero de 2026","format":false,"excerpt":"Para quienes sue\u00f1an con longitud nivel diosa, pero sin sacrificar salud, la l\u00ednea Grow Long se vuelve un must. Aqu\u00ed, la meta no es solo que el cabello crezca, sino que crezca fuerte. Porque s\u00ed, tenerlo largo est\u00e1 cool\u2026 pero tenerlo largo y sano, es otro nivel. Adem\u00e1s, f\u00f3rmulas enfocadas\u2026","rel":"","context":"En \u00abBeauty\u00bb","block_context":{"text":"Beauty","link":"https:\/\/zeromagazine.mx\/index.php\/category\/beauty\/"},"img":{"alt_text":"","src":"https:\/\/i0.wp.com\/zeromagazine.mx\/wp-content\/uploads\/2026\/02\/a39a04ba-ba1a-472e-be36-934a3dca82c6.jpeg?fit=1200%2C1200&ssl=1&resize=350%2C200","width":350,"height":200,"srcset":"https:\/\/i0.wp.com\/zeromagazine.mx\/wp-content\/uploads\/2026\/02\/a39a04ba-ba1a-472e-be36-934a3dca82c6.jpeg?fit=1200%2C1200&ssl=1&resize=350%2C200 1x, https:\/\/i0.wp.com\/zeromagazine.mx\/wp-content\/uploads\/2026\/02\/a39a04ba-ba1a-472e-be36-934a3dca82c6.jpeg?fit=1200%2C1200&ssl=1&resize=525%2C300 1.5x, https:\/\/i0.wp.com\/zeromagazine.mx\/wp-content\/uploads\/2026\/02\/a39a04ba-ba1a-472e-be36-934a3dca82c6.jpeg?fit=1200%2C1200&ssl=1&resize=700%2C400 2x, https:\/\/i0.wp.com\/zeromagazine.mx\/wp-content\/uploads\/2026\/02\/a39a04ba-ba1a-472e-be36-934a3dca82c6.jpeg?fit=1200%2C1200&ssl=1&resize=1050%2C600 3x"},"classes":[]},{"id":86735,"url":"https:\/\/zeromagazine.mx\/index.php\/2024\/10\/15\/cabello-on-point-con-american-crew\/","url_meta":{"origin":103437,"position":3},"title":"\u00abCabello On Point con American Crew\u00bb","author":"zeromagazinemx","date":"15 de octubre de 2024","format":false,"excerpt":"\u00a1Ya s\u00e9 que cuando hablamos de self-care, el cuidado del cabello es clave! Y si eres de los que buscan tenerlo on point sin complicarte la vida,\u00a0American Crew\u00a0es tu mejor aliado. Lleva m\u00e1s de 30 a\u00f1os en el mercado, y cr\u00e9eme, sabe lo que hace. Esta marca, que siempre ha\u2026","rel":"","context":"En \u00abBeauty\u00bb","block_context":{"text":"Beauty","link":"https:\/\/zeromagazine.mx\/index.php\/category\/beauty\/"},"img":{"alt_text":"","src":"https:\/\/i0.wp.com\/zeromagazine.mx\/wp-content\/uploads\/2024\/10\/ProductCategory_HairBody-Small.jpg?fit=436%2C272&ssl=1&resize=350%2C200","width":350,"height":200},"classes":[]},{"id":50070,"url":"https:\/\/zeromagazine.mx\/index.php\/2021\/07\/13\/como-cuidar-tu-melena-en-verano\/","url_meta":{"origin":103437,"position":4},"title":"Como cuidar tu melena en verano","author":"zeromagazinemx","date":"13 de julio de 2021","format":false,"excerpt":"Todos amamos la \u00e9poca donde nos reunimos con los amigos, vamos a la playa y pasamos m\u00e1s tiempo fuera de nuestras casas, sobre todo en estos tiempos donde el confinamiento ha sido el pan de todos los d\u00edas. Por Leddy Tania Padilla Jaber. Pero no todo es risa y diversi\u00f3n\u2026\u2026","rel":"","context":"En \u00abLifestyle\u00bb","block_context":{"text":"Lifestyle","link":"https:\/\/zeromagazine.mx\/index.php\/category\/lifestyle\/"},"img":{"alt_text":"","src":"","width":0,"height":0},"classes":[]},{"id":84408,"url":"https:\/\/zeromagazine.mx\/index.php\/2024\/09\/23\/por-que-tu-cabello-cae-en-otono\/","url_meta":{"origin":103437,"position":5},"title":"\u00bfPor Qu\u00e9 Tu Cabello Cae en Oto\u00f1o?","author":"zeromagazinemx","date":"23 de septiembre de 2024","format":false,"excerpt":"\u00a1Hey, chicxs! \u00bfQui\u00e9n m\u00e1s ha notado que su cabello se est\u00e1 cayendo a lo loco \u00faltimamente? A m\u00ed me ha pasado, y como soy bien curiosx, me puse a investigar. Les cuento que hay una raz\u00f3n cient\u00edfica detr\u00e1s de lo que muchos consideramos una ca\u00edda rara: el efluvio tel\u00f3geno estacional.\u2026","rel":"","context":"En \u00abBeauty\u00bb","block_context":{"text":"Beauty","link":"https:\/\/zeromagazine.mx\/index.php\/category\/beauty\/"},"img":{"alt_text":"","src":"https:\/\/i0.wp.com\/zeromagazine.mx\/wp-content\/uploads\/2024\/09\/unnamed-29.jpg?fit=1200%2C655&ssl=1&resize=350%2C200","width":350,"height":200,"srcset":"https:\/\/i0.wp.com\/zeromagazine.mx\/wp-content\/uploads\/2024\/09\/unnamed-29.jpg?fit=1200%2C655&ssl=1&resize=350%2C200 1x, https:\/\/i0.wp.com\/zeromagazine.mx\/wp-content\/uploads\/2024\/09\/unnamed-29.jpg?fit=1200%2C655&ssl=1&resize=525%2C300 1.5x, https:\/\/i0.wp.com\/zeromagazine.mx\/wp-content\/uploads\/2024\/09\/unnamed-29.jpg?fit=1200%2C655&ssl=1&resize=700%2C400 2x, https:\/\/i0.wp.com\/zeromagazine.mx\/wp-content\/uploads\/2024\/09\/unnamed-29.jpg?fit=1200%2C655&ssl=1&resize=1050%2C600 3x"},"classes":[]}],"jetpack_sharing_enabled":true,"builder_content":"","_links":{"self":[{"href":"https:\/\/zeromagazine.mx\/index.php\/wp-json\/wp\/v2\/posts\/103437","targetHints":{"allow":["GET"]}}],"collection":[{"href":"https:\/\/zeromagazine.mx\/index.php\/wp-json\/wp\/v2\/posts"}],"about":[{"href":"https:\/\/zeromagazine.mx\/index.php\/wp-json\/wp\/v2\/types\/post"}],"author":[{"embeddable":true,"href":"https:\/\/zeromagazine.mx\/index.php\/wp-json\/wp\/v2\/users\/4"}],"replies":[{"embeddable":true,"href":"https:\/\/zeromagazine.mx\/index.php\/wp-json\/wp\/v2\/comments?post=103437"}],"version-history":[{"count":4,"href":"https:\/\/zeromagazine.mx\/index.php\/wp-json\/wp\/v2\/posts\/103437\/revisions"}],"predecessor-version":[{"id":103444,"href":"https:\/\/zeromagazine.mx\/index.php\/wp-json\/wp\/v2\/posts\/103437\/revisions\/103444"}],"wp:featuredmedia":[{"embeddable":true,"href":"https:\/\/zeromagazine.mx\/index.php\/wp-json\/wp\/v2\/media\/103439"}],"wp:attachment":[{"href":"https:\/\/zeromagazine.mx\/index.php\/wp-json\/wp\/v2\/media?parent=103437"}],"wp:term":[{"taxonomy":"category","embeddable":true,"href":"https:\/\/zeromagazine.mx\/index.php\/wp-json\/wp\/v2\/categories?post=103437"},{"taxonomy":"post_tag","embeddable":true,"href":"https:\/\/zeromagazine.mx\/index.php\/wp-json\/wp\/v2\/tags?post=103437"}],"curies":[{"name":"wp","href":"https:\/\/api.w.org\/{rel}","templated":true}]}}