{"id":103734,"date":"2025-05-12T13:44:29","date_gmt":"2025-05-12T19:44:29","guid":{"rendered":"https:\/\/zeromagazine.mx\/?p=103734"},"modified":"2025-05-12T16:42:41","modified_gmt":"2025-05-12T22:42:41","slug":"paco-de-miguel-portada","status":"publish","type":"post","link":"https:\/\/zeromagazine.mx\/index.php\/2025\/05\/12\/paco-de-miguel-portada\/","title":{"rendered":"Paco de Miguel: El humor es mi manera de conectar con la vida."},"content":{"rendered":"<!--themify_builder_content-->\n<div id=\"themify_builder_content-103734\" data-postid=\"103734\" class=\"themify_builder_content themify_builder_content-103734 themify_builder tf_clear\">\n    <\/div>\n<!--\/themify_builder_content-->\n\n\n<p>Desde hace a\u00f1os, Paco de Miguel nos ha sacado carcajadas con sus personajes, sus parodias de la vida escolar y esa manera tan \u00fanica de ver el mundo. Pero detr\u00e1s del uniforme de Miss Letty y los TikToks virales, hay un creativo con los pies en la tierra, ideas claras y muchas historias por contar. En esta entrevista para Zero Magazine Mx, Paco nos habla sobre su estilo de humor, su proceso creativo, la experiencia surreal de conocer a Katy Perry, su relaci\u00f3n con las redes sociales y c\u00f3mo logra mantenerse fiel a s\u00ed mismo en un medio que cambia a la velocidad de un trending topic.<\/p>\n\n\n\n<figure class=\"wp-block-image size-full\"><img data-recalc-dims=\"1\" decoding=\"async\" width=\"1165\" height=\"1508\" src=\"https:\/\/i0.wp.com\/zeromagazine.mx\/wp-content\/uploads\/2025\/05\/Ilustracion_sin_titulo-scaled.jpeg?resize=1165%2C1508&#038;ssl=1\" alt=\"\" class=\"wp-image-103735\" srcset=\"https:\/\/i0.wp.com\/zeromagazine.mx\/wp-content\/uploads\/2025\/05\/Ilustracion_sin_titulo-scaled.jpeg?w=1978&amp;ssl=1 1978w, https:\/\/i0.wp.com\/zeromagazine.mx\/wp-content\/uploads\/2025\/05\/Ilustracion_sin_titulo-scaled.jpeg?resize=232%2C300&amp;ssl=1 232w, https:\/\/i0.wp.com\/zeromagazine.mx\/wp-content\/uploads\/2025\/05\/Ilustracion_sin_titulo-scaled.jpeg?resize=791%2C1024&amp;ssl=1 791w, https:\/\/i0.wp.com\/zeromagazine.mx\/wp-content\/uploads\/2025\/05\/Ilustracion_sin_titulo-scaled.jpeg?resize=768%2C994&amp;ssl=1 768w, https:\/\/i0.wp.com\/zeromagazine.mx\/wp-content\/uploads\/2025\/05\/Ilustracion_sin_titulo-scaled.jpeg?resize=1187%2C1536&amp;ssl=1 1187w, https:\/\/i0.wp.com\/zeromagazine.mx\/wp-content\/uploads\/2025\/05\/Ilustracion_sin_titulo-scaled.jpeg?resize=1583%2C2048&amp;ssl=1 1583w\" sizes=\"(max-width: 1165px) 100vw, 1165px\" \/><\/figure>\n\n\n\n<p>Por: El Poderoso Dave<br>Foto: Juan Castillo<br>Grooming: Julio C\u00e9sar Le\u00f3n<br>Styling: El Poderoso Dave<br>Asistente de Styling: Arturo Falc\u00f3n<br>Locaci\u00f3n: Hotel City Centro by Marriot Ciudad de M\u00e9xico.<\/p>\n\n\n\n<p><\/p>\n\n\n\n<figure class=\"wp-block-image size-full\"><img data-recalc-dims=\"1\" decoding=\"async\" width=\"1165\" height=\"1883\" src=\"https:\/\/i0.wp.com\/zeromagazine.mx\/wp-content\/uploads\/2025\/05\/IMG_4282-scaled.jpeg?resize=1165%2C1883&#038;ssl=1\" alt=\"\" class=\"wp-image-103736\" srcset=\"https:\/\/i0.wp.com\/zeromagazine.mx\/wp-content\/uploads\/2025\/05\/IMG_4282-scaled.jpeg?w=1584&amp;ssl=1 1584w, https:\/\/i0.wp.com\/zeromagazine.mx\/wp-content\/uploads\/2025\/05\/IMG_4282-scaled.jpeg?resize=186%2C300&amp;ssl=1 186w, https:\/\/i0.wp.com\/zeromagazine.mx\/wp-content\/uploads\/2025\/05\/IMG_4282-scaled.jpeg?resize=634%2C1024&amp;ssl=1 634w, https:\/\/i0.wp.com\/zeromagazine.mx\/wp-content\/uploads\/2025\/05\/IMG_4282-scaled.jpeg?resize=768%2C1241&amp;ssl=1 768w, https:\/\/i0.wp.com\/zeromagazine.mx\/wp-content\/uploads\/2025\/05\/IMG_4282-scaled.jpeg?resize=950%2C1536&amp;ssl=1 950w, https:\/\/i0.wp.com\/zeromagazine.mx\/wp-content\/uploads\/2025\/05\/IMG_4282-scaled.jpeg?resize=1267%2C2048&amp;ssl=1 1267w\" sizes=\"(max-width: 1165px) 100vw, 1165px\" \/><figcaption class=\"wp-element-caption\">Saco: Shein \/ Playera: Puma x TAF \/ Pantal\u00f3n: American Eagle \/ Calzado: Nike x TAF<\/figcaption><\/figure>\n\n\n\n<script async src=\"https:\/\/pagead2.googlesyndication.com\/pagead\/js\/adsbygoogle.js?client=ca-pub-5499304793904745\"\n     crossorigin=\"anonymous\"><\/script>\n<ins class=\"adsbygoogle\"\n     style=\"display:block\"\n     data-ad-format=\"fluid\"\n     data-ad-layout-key=\"+2b+s2+1m-5w+4a\"\n     data-ad-client=\"ca-pub-5499304793904745\"\n     data-ad-slot=\"5300592430\"><\/ins>\n<script>\n     (adsbygoogle = window.adsbygoogle || []).push({});\n<\/script>\n\n\n\n<p><strong>Si esta entrevista fuera uno de tus sketches, \u00bfqu\u00e9 personaje la conducir\u00eda y c\u00f3mo empezar\u00eda?<\/strong><\/p>\n\n\n\n<p>Creo que en este momento ser\u00eda Regina, porque le hicieron un shooting incre\u00edble, su amigo de la Uni.<\/p>\n\n\n\n<p><strong>\u00bfC\u00f3mo se describe Paco de Miguel a alguien que nunca ha usado redes sociales?<\/strong><\/p>\n\n\n\n<p>Una persona simpaticona. Dir\u00eda yo\u2026 una persona fragmentada, que le encanta hacer personajes. Creo que hago re\u00edr. S\u00ed, as\u00ed describir\u00eda a Paco de Miguel. \u00a1S\u00edguelo en redes!<\/p>\n\n\n\n<p><strong>Dijiste que hacer personajes es lo tuyo. \u00bfDesde cu\u00e1ndo?<\/strong><\/p>\n\n\n\n<p>\u00a1Ay, no! Es que eso es algo bien chistoso porque yo toda la vida he imitado. Imitaba a los profesores, a las maestras, a mis compa\u00f1eros. Siempre me ha encantado observar e imitar a la gente a mi alrededor. Desde ni\u00f1o, siempre.<\/p>\n\n\n\n<figure class=\"wp-block-image size-full\"><img data-recalc-dims=\"1\" decoding=\"async\" width=\"1165\" height=\"1747\" src=\"https:\/\/i0.wp.com\/zeromagazine.mx\/wp-content\/uploads\/2025\/05\/IMG_4287-scaled.jpeg?resize=1165%2C1747&#038;ssl=1\" alt=\"\" class=\"wp-image-103737\" srcset=\"https:\/\/i0.wp.com\/zeromagazine.mx\/wp-content\/uploads\/2025\/05\/IMG_4287-scaled.jpeg?w=1707&amp;ssl=1 1707w, https:\/\/i0.wp.com\/zeromagazine.mx\/wp-content\/uploads\/2025\/05\/IMG_4287-scaled.jpeg?resize=200%2C300&amp;ssl=1 200w, https:\/\/i0.wp.com\/zeromagazine.mx\/wp-content\/uploads\/2025\/05\/IMG_4287-scaled.jpeg?resize=683%2C1024&amp;ssl=1 683w, https:\/\/i0.wp.com\/zeromagazine.mx\/wp-content\/uploads\/2025\/05\/IMG_4287-scaled.jpeg?resize=768%2C1152&amp;ssl=1 768w, https:\/\/i0.wp.com\/zeromagazine.mx\/wp-content\/uploads\/2025\/05\/IMG_4287-scaled.jpeg?resize=1024%2C1536&amp;ssl=1 1024w, https:\/\/i0.wp.com\/zeromagazine.mx\/wp-content\/uploads\/2025\/05\/IMG_4287-scaled.jpeg?resize=1365%2C2048&amp;ssl=1 1365w\" sizes=\"(max-width: 1165px) 100vw, 1165px\" \/><figcaption class=\"wp-element-caption\">Bomber Jacket: Yollotl Cacheaux x Ophelia Showroom \/ Playera: SHEIN \/ Pantal\u00f3n: Puma x TAF \/ Calzado: Puma x TAF<\/figcaption><\/figure>\n\n\n\n<script async src=\"https:\/\/pagead2.googlesyndication.com\/pagead\/js\/adsbygoogle.js?client=ca-pub-5499304793904745\"\n     crossorigin=\"anonymous\"><\/script>\n<ins class=\"adsbygoogle\"\n     style=\"display:block\"\n     data-ad-format=\"fluid\"\n     data-ad-layout-key=\"+2b+s2+1m-5w+4a\"\n     data-ad-client=\"ca-pub-5499304793904745\"\n     data-ad-slot=\"5300592430\"><\/ins>\n<script>\n     (adsbygoogle = window.adsbygoogle || []).push({});\n<\/script>\n\n\n\n<p><strong>\u00bfY qui\u00e9n es Paco cuando no est\u00e1 haciendo re\u00edr?<\/strong><\/p>\n\n\n\n<p>Cuando no estoy en redes soy una persona que ama escuchar m\u00fasica, pasar tiempo solo. Antes no lo era, pero me volv\u00ed solitario. Me encanta mi espacio. Aunque cuando convivo con amigos tambi\u00e9n la paso muy bien. Me considero una persona creativa y s\u00faper observadora. Siempre estoy viendo qu\u00e9 anotar o de d\u00f3nde sacar ideas para tonter\u00edas o locuras.<\/p>\n\n\n\n<p><strong>Esa observaci\u00f3n constante se nota, es una habilidad poco com\u00fan\u2026<\/strong><\/p>\n\n\n\n<p>Yo creo que es d\u00e9ficit de atenci\u00f3n, \u00bfeh? Porque mi mente se enfoca en c\u00f3mo es la persona, no en lo que me est\u00e1 diciendo. \u00a1Qu\u00e9 horror! Soy esa persona que dice: \u201cAj\u00e1, s\u00ed, s\u00ed, okay, s\u00faper\u201d, pero no estoy procesando lo que me dicen. \u00a1Horrible! El peor amigo que puede existir.<\/p>\n\n\n\n<p><strong>Has llevado tus personajes de redes a la televisi\u00f3n, como en&nbsp;<em>Vecinos<\/em>, o realities como&nbsp;<em>Bake Off<\/em>. \u00bfCu\u00e1l ha sido el mayor reto de adaptar tu comedia?<\/strong><\/p>\n\n\n\n<p>En los realities no voy con personajes, soy yo, Paco de Miguel. A veces quieren que vaya como la mam\u00e1, pero tambi\u00e9n tengo mucho que contar como yo. Cuando participo con personajes, me gusta que siempre lleven mi toque. No me gusta que me cambien, porque eso es lo que la gente conoce y si ya me ven en algo muy fabricado\u2026 pierde esencia.<\/p>\n\n\n\n<figure class=\"wp-block-image size-full\"><img data-recalc-dims=\"1\" decoding=\"async\" width=\"1165\" height=\"1747\" src=\"https:\/\/i0.wp.com\/zeromagazine.mx\/wp-content\/uploads\/2025\/05\/IMG_4292-scaled.jpeg?resize=1165%2C1747\" alt=\"\" class=\"wp-image-103748\" srcset=\"https:\/\/i0.wp.com\/zeromagazine.mx\/wp-content\/uploads\/2025\/05\/IMG_4292-scaled.jpeg?w=1707&amp;ssl=1 1707w, https:\/\/i0.wp.com\/zeromagazine.mx\/wp-content\/uploads\/2025\/05\/IMG_4292-scaled.jpeg?resize=200%2C300&amp;ssl=1 200w, https:\/\/i0.wp.com\/zeromagazine.mx\/wp-content\/uploads\/2025\/05\/IMG_4292-scaled.jpeg?resize=683%2C1024&amp;ssl=1 683w, https:\/\/i0.wp.com\/zeromagazine.mx\/wp-content\/uploads\/2025\/05\/IMG_4292-scaled.jpeg?resize=768%2C1152&amp;ssl=1 768w, https:\/\/i0.wp.com\/zeromagazine.mx\/wp-content\/uploads\/2025\/05\/IMG_4292-scaled.jpeg?resize=1024%2C1536&amp;ssl=1 1024w, https:\/\/i0.wp.com\/zeromagazine.mx\/wp-content\/uploads\/2025\/05\/IMG_4292-scaled.jpeg?resize=1365%2C2048&amp;ssl=1 1365w\" sizes=\"(max-width: 1165px) 100vw, 1165px\" \/><figcaption class=\"wp-element-caption\">Abrigo: Adriana Arias x Ophelia Showroom <\/figcaption><\/figure>\n\n\n\n<script async src=\"https:\/\/pagead2.googlesyndication.com\/pagead\/js\/adsbygoogle.js?client=ca-pub-5499304793904745\"\n     crossorigin=\"anonymous\"><\/script>\n<ins class=\"adsbygoogle\"\n     style=\"display:block\"\n     data-ad-format=\"fluid\"\n     data-ad-layout-key=\"+2b+s2+1m-5w+4a\"\n     data-ad-client=\"ca-pub-5499304793904745\"\n     data-ad-slot=\"5300592430\"><\/ins>\n<script>\n     (adsbygoogle = window.adsbygoogle || []).push({});\n<\/script>\n\n\n\n<p><strong>Mencionas que tu inspiraci\u00f3n viene de lo cotidiano y de tu TDA. \u00bfTienes alguna an\u00e9cdota reciente que te haya inspirado?<\/strong><\/p>\n\n\n\n<p>S\u00ed, en la calle me di cuenta que los godines y las godines siempre cargan su carterita a la hora de la comida. Van en grupo, contando alg\u00fan chisme, con su cartera y celular en la mano. Y el gafete. El pantal\u00f3n kaki, cintur\u00f3n caf\u00e9, camisa azul con cuadros\u2026 y pel\u00f3n. As\u00ed van caminando buscando d\u00f3nde comer. De ah\u00ed nacen muchos sketches.<\/p>\n\n\n\n<p><strong>Recientemente colaboraste con Katy Perry. \u00bfC\u00f3mo surgi\u00f3 eso y c\u00f3mo lo viviste?<\/strong><\/p>\n\n\n\n<p>\u00a1No sabes! A\u00fan lo veo y digo \u201csiento que no es ella\u201d. Me dijeron: \u201c\u00bfTe puedes tomar una foto r\u00e1pido?\u201d Y yo dije, \u201cva\u201d, pero le ped\u00ed hacer un video. Le dije qui\u00e9n era, lo que hac\u00eda, y me dijo que me parec\u00eda a un amigo suyo. Se ri\u00f3, lo entendi\u00f3 todo. Grabamos con mi celular, y luego sub\u00ed el video. No esperaba que lo viera, pero \u00a1me coment\u00f3 en TikTok y en Instagram! Me puso: \u201cTe amo, mami\u201d y \u201chermosa\u201d, \u00a1hasta en espa\u00f1ol! Fue como un \u201cc\u00e1llense\u201d a quienes dec\u00edan que tuvo mala actitud en M\u00e9xico. Yo siempre la sent\u00ed s\u00faper buena onda.<\/p>\n\n\n\n<p><strong>\u00bfTienes alg\u00fan personaje favorito o con el que m\u00e1s te identificas?<\/strong><\/p>\n\n\n\n<p>La mam\u00e1. Poco a poco me he convertido en ella. Me da mucha risa hacerla. Es como mi mam\u00e1, muy de se\u00f1ora. Tambi\u00e9n Miss Leti, porque fue con la que empec\u00e9 oficialmente. Le tengo mucho cari\u00f1o porque ya son a\u00f1os haci\u00e9ndola. Es parte de mi d\u00eda a d\u00eda.<\/p>\n\n\n\n<figure class=\"wp-block-image size-full\"><img data-recalc-dims=\"1\" decoding=\"async\" width=\"1165\" height=\"1748\" src=\"https:\/\/i0.wp.com\/zeromagazine.mx\/wp-content\/uploads\/2025\/05\/IMG_4286-scaled.jpeg?resize=1165%2C1748&#038;ssl=1\" alt=\"\" class=\"wp-image-103739\" srcset=\"https:\/\/i0.wp.com\/zeromagazine.mx\/wp-content\/uploads\/2025\/05\/IMG_4286-scaled.jpeg?w=1706&amp;ssl=1 1706w, https:\/\/i0.wp.com\/zeromagazine.mx\/wp-content\/uploads\/2025\/05\/IMG_4286-scaled.jpeg?resize=200%2C300&amp;ssl=1 200w, https:\/\/i0.wp.com\/zeromagazine.mx\/wp-content\/uploads\/2025\/05\/IMG_4286-scaled.jpeg?resize=683%2C1024&amp;ssl=1 683w, https:\/\/i0.wp.com\/zeromagazine.mx\/wp-content\/uploads\/2025\/05\/IMG_4286-scaled.jpeg?resize=768%2C1152&amp;ssl=1 768w, https:\/\/i0.wp.com\/zeromagazine.mx\/wp-content\/uploads\/2025\/05\/IMG_4286-scaled.jpeg?resize=1024%2C1536&amp;ssl=1 1024w, https:\/\/i0.wp.com\/zeromagazine.mx\/wp-content\/uploads\/2025\/05\/IMG_4286-scaled.jpeg?resize=1365%2C2048&amp;ssl=1 1365w\" sizes=\"(max-width: 1165px) 100vw, 1165px\" \/><\/figure>\n\n\n\n<script async src=\"https:\/\/pagead2.googlesyndication.com\/pagead\/js\/adsbygoogle.js?client=ca-pub-5499304793904745\"\n     crossorigin=\"anonymous\"><\/script>\n<ins class=\"adsbygoogle\"\n     style=\"display:block\"\n     data-ad-format=\"fluid\"\n     data-ad-layout-key=\"+2b+s2+1m-5w+4a\"\n     data-ad-client=\"ca-pub-5499304793904745\"\n     data-ad-slot=\"5300592430\"><\/ins>\n<script>\n     (adsbygoogle = window.adsbygoogle || []).push({});\n<\/script>\n\n\n\n<p><strong>Cuando se te ocurre una nueva idea, \u00bfc\u00f3mo es tu proceso desde que la piensas hasta que la subes?<\/strong><\/p>\n\n\n\n<p>Las ideas pueden llegar o no. A veces pienso en una situaci\u00f3n alrededor de un personaje y hago un sondeo con amigos: \u201c\u00bfTe ha pasado esto?\u201d Si me dicen que s\u00ed, lo escribo, veo qu\u00e9 personajes van, lo grabo, lo edito y lo subo. \u00daltimamente me gusta que salgan varios pacos en la misma escena. Puede ser un video de 50 segundos, \u00a1pero tardo tres horas editando!<\/p>\n\n\n\n<p><strong>Justo, \u00a1amo cuando sale la abuela!<\/strong><\/p>\n\n\n\n<p>\u00a1Ay, es un pedo! Pero me encanta. Cuando es contenido para alguna marca, siempre quiero meter diez personajes. Y me dicen, \u201c\u00bfseguro?\u201d Y yo: \u201cs\u00ed\u201d\u2026 Tal vez no hay tiempo, pero s\u00ed.<\/p>\n\n\n\n<p><strong>Mi mam\u00e1 pensaba que la abuela era real\u2026<\/strong><\/p>\n\n\n\n<p>\u00a1Es un filtro de Snapchat! Si me lo quitan, no s\u00e9 qu\u00e9 voy a hacer. Me han preguntado, \u201c\u00bfQui\u00e9n es la abuelita que sale con Paco?\u201d \u00a1Soy yo! Hay gente que cree que es otra persona. Est\u00e1 muy bien hecho el filtro, pero s\u00ed se nota tantito el pelo\u2026 al menos que sea una se\u00f1ora barbuda.<\/p>\n\n\n\n<figure class=\"wp-block-image size-full\"><img data-recalc-dims=\"1\" decoding=\"async\" width=\"1165\" height=\"1819\" src=\"https:\/\/i0.wp.com\/zeromagazine.mx\/wp-content\/uploads\/2025\/05\/IMG_4289-scaled.jpeg?resize=1165%2C1819&#038;ssl=1\" alt=\"\" class=\"wp-image-103740\" srcset=\"https:\/\/i0.wp.com\/zeromagazine.mx\/wp-content\/uploads\/2025\/05\/IMG_4289-scaled.jpeg?w=1640&amp;ssl=1 1640w, https:\/\/i0.wp.com\/zeromagazine.mx\/wp-content\/uploads\/2025\/05\/IMG_4289-scaled.jpeg?resize=192%2C300&amp;ssl=1 192w, https:\/\/i0.wp.com\/zeromagazine.mx\/wp-content\/uploads\/2025\/05\/IMG_4289-scaled.jpeg?resize=656%2C1024&amp;ssl=1 656w, https:\/\/i0.wp.com\/zeromagazine.mx\/wp-content\/uploads\/2025\/05\/IMG_4289-scaled.jpeg?resize=768%2C1199&amp;ssl=1 768w, https:\/\/i0.wp.com\/zeromagazine.mx\/wp-content\/uploads\/2025\/05\/IMG_4289-scaled.jpeg?resize=984%2C1536&amp;ssl=1 984w, https:\/\/i0.wp.com\/zeromagazine.mx\/wp-content\/uploads\/2025\/05\/IMG_4289-scaled.jpeg?resize=1312%2C2048&amp;ssl=1 1312w\" sizes=\"(max-width: 1165px) 100vw, 1165px\" \/><\/figure>\n\n\n\n<script async src=\"https:\/\/pagead2.googlesyndication.com\/pagead\/js\/adsbygoogle.js?client=ca-pub-5499304793904745\"\n     crossorigin=\"anonymous\"><\/script>\n<ins class=\"adsbygoogle\"\n     style=\"display:block\"\n     data-ad-format=\"fluid\"\n     data-ad-layout-key=\"+2b+s2+1m-5w+4a\"\n     data-ad-client=\"ca-pub-5499304793904745\"\n     data-ad-slot=\"5300592430\"><\/ins>\n<script>\n     (adsbygoogle = window.adsbygoogle || []).push({});\n<\/script>\n\n\n\n<p><strong>\u00bfConsideras que tu humor tiene un componente de cr\u00edtica social o es m\u00e1s que nada diversi\u00f3n en general?<\/strong><\/p>\n\n\n\n<p>No creo que sea una cr\u00edtica social como tal. Bueno, podr\u00eda serlo en algunos casos, por ejemplo, con el personaje de la mam\u00e1. A veces hace comentarios que podr\u00edan ser vistos como cordof\u00f3bicos, clasistas o racistas, cosas que claramente est\u00e1n mal vistas hoy en d\u00eda. Entonces, s\u00ed puede tomarse como una especie de cr\u00edtica en ciertas situaciones, pero el objetivo principal siempre ha sido hacer re\u00edr y recordarte momentos que viviste. Si alguien lo ve como una cr\u00edtica, tambi\u00e9n est\u00e1 bien. Hay veces que el personaje puede dejarte pensando: \u201cNo seas as\u00ed\u201d.<\/p>\n\n\n\n<p><strong>\u00bfCu\u00e1l ha sido la reacci\u00f3n m\u00e1s inesperada o emotiva que has recibido de un fan respecto a tu trabajo?<\/strong><\/p>\n\n\n\n<p>Cuando me detienen en la calle y me dicen: \u201cGracias a ti sal\u00ed de una depresi\u00f3n\u201d, o \u201cgracias por ser mi escapatoria\u201d. Es fuert\u00edsimo. Te das cuenta hasta d\u00f3nde puedes llegar con lo que haces. Uno piensa que solo est\u00e1s haciendo re\u00edr, pero terminas tocando fibras muy profundas en las personas. Me han dicho: \u201cGracias a ti estoy mejor\u201d, y eso es impresionante.<\/p>\n\n\n\n<p><strong>Los algoritmos en redes cambian todo el tiempo. \u00bfC\u00f3mo te adaptas para seguir conectando con tu audiencia?<\/strong><\/p>\n\n\n\n<p>\u00a1Ay s\u00ed! El algoritmo cambia diario, ya ni sabes. Yo lo que he hecho es mantenerme fiel a lo que me hizo crecer en redes, a lo que la gente reconoce en m\u00ed. Pero tambi\u00e9n me gusta probar nuevos formatos. Por ejemplo, que ahora no sea un solo personaje en un video, sino diez. Eso hace los videos m\u00e1s ricos, m\u00e1s compartibles, y permite que gente nueva me descubra. Me ha funcionado mucho conectar desde lo cotidiano, desde nuestras mam\u00e1s, nuestras situaciones, nuestros traumas\u2026 hay que re\u00edrnos de nuestros traumas.<\/p>\n\n\n\n<figure class=\"wp-block-image size-full\"><img data-recalc-dims=\"1\" decoding=\"async\" width=\"1165\" height=\"1747\" src=\"https:\/\/i0.wp.com\/zeromagazine.mx\/wp-content\/uploads\/2025\/05\/IMG_4293-scaled.jpeg?resize=1165%2C1747&#038;ssl=1\" alt=\"\" class=\"wp-image-103741\" srcset=\"https:\/\/i0.wp.com\/zeromagazine.mx\/wp-content\/uploads\/2025\/05\/IMG_4293-scaled.jpeg?w=1707&amp;ssl=1 1707w, https:\/\/i0.wp.com\/zeromagazine.mx\/wp-content\/uploads\/2025\/05\/IMG_4293-scaled.jpeg?resize=200%2C300&amp;ssl=1 200w, https:\/\/i0.wp.com\/zeromagazine.mx\/wp-content\/uploads\/2025\/05\/IMG_4293-scaled.jpeg?resize=683%2C1024&amp;ssl=1 683w, https:\/\/i0.wp.com\/zeromagazine.mx\/wp-content\/uploads\/2025\/05\/IMG_4293-scaled.jpeg?resize=768%2C1152&amp;ssl=1 768w, https:\/\/i0.wp.com\/zeromagazine.mx\/wp-content\/uploads\/2025\/05\/IMG_4293-scaled.jpeg?resize=1024%2C1536&amp;ssl=1 1024w, https:\/\/i0.wp.com\/zeromagazine.mx\/wp-content\/uploads\/2025\/05\/IMG_4293-scaled.jpeg?resize=1365%2C2048&amp;ssl=1 1365w\" sizes=\"(max-width: 1165px) 100vw, 1165px\" \/><figcaption class=\"wp-element-caption\">Reloj: Versace<\/figcaption><\/figure>\n\n\n\n<script async src=\"https:\/\/pagead2.googlesyndication.com\/pagead\/js\/adsbygoogle.js?client=ca-pub-5499304793904745\"\n     crossorigin=\"anonymous\"><\/script>\n<ins class=\"adsbygoogle\"\n     style=\"display:block\"\n     data-ad-format=\"fluid\"\n     data-ad-layout-key=\"+2b+s2+1m-5w+4a\"\n     data-ad-client=\"ca-pub-5499304793904745\"\n     data-ad-slot=\"5300592430\"><\/ins>\n<script>\n     (adsbygoogle = window.adsbygoogle || []).push({});\n<\/script>\n\n\n\n<p><strong>Mencionas que Miss Leti es de tus personajes favoritos. \u00bfQu\u00e9 consejo le dar\u00eda Miss Leti a Paco si lo tuviera enfrente?<\/strong><\/p>\n\n\n\n<p>\u00a1Uy! Miss Leti es bien estricta. Me dir\u00eda que preste m\u00e1s atenci\u00f3n, que sea m\u00e1s cumplido, m\u00e1s receptivo\u2026 Me dir\u00eda algo como: \u201cYo s\u00e9 que puedes, no me defraudes\u201d. Algo que te dec\u00edan en la escuela, pero con cari\u00f1o. Me recordar\u00eda mi potencial, aunque tambi\u00e9n me rega\u00f1ar\u00eda por distra\u00eddo.<\/p>\n\n\n\n<p><strong>\u00bfQu\u00e9 te gustar\u00eda que la gente se lleve de ti m\u00e1s all\u00e1 de las risas?<\/strong><\/p>\n\n\n\n<p>Me encantar\u00eda que se lleven momentos. Que mis personajes les recuerden a alguien que aman, que admiran o que ya no est\u00e1. Muchos me escriben que les recuerdo a su mam\u00e1 o su abuela, y eso me parece hermoso. Que a trav\u00e9s de lo que hago conecten con la gente que quieren.<\/p>\n\n\n\n<p><strong>\u00bfQu\u00e9 sigue para ti? \u00bfHay alg\u00fan proyecto que te emocione?<\/strong><\/p>\n\n\n\n<p>Acaba de estrenarse&nbsp;<em>Valiendo Madres<\/em>&nbsp;en Amazon Prime, una serie muy divertida donde interpreto al mejor amigo de Paloma, el personaje de Marcela Guirado. Ya est\u00e1 disponible para que la vean. Tambi\u00e9n viene un libro, una gu\u00eda de estilo divertida: c\u00f3mo tratar a ciertos invitados, c\u00f3mo identificar al novio de tu hija, recetas para cuando tienes visitas, y hasta tests tipo \u201c\u00bfqu\u00e9 tan se\u00f1ora eres?\u201d. Va a estar muy divertido y pensado para que toda la familia se identifique.<\/p>\n\n\n\n<figure class=\"wp-block-image size-full\"><img data-recalc-dims=\"1\" decoding=\"async\" width=\"1165\" height=\"1747\" src=\"https:\/\/i0.wp.com\/zeromagazine.mx\/wp-content\/uploads\/2025\/05\/IMG_4283-scaled.jpeg?resize=1165%2C1747&#038;ssl=1\" alt=\"\" class=\"wp-image-103742\" srcset=\"https:\/\/i0.wp.com\/zeromagazine.mx\/wp-content\/uploads\/2025\/05\/IMG_4283-scaled.jpeg?w=1707&amp;ssl=1 1707w, https:\/\/i0.wp.com\/zeromagazine.mx\/wp-content\/uploads\/2025\/05\/IMG_4283-scaled.jpeg?resize=200%2C300&amp;ssl=1 200w, https:\/\/i0.wp.com\/zeromagazine.mx\/wp-content\/uploads\/2025\/05\/IMG_4283-scaled.jpeg?resize=683%2C1024&amp;ssl=1 683w, https:\/\/i0.wp.com\/zeromagazine.mx\/wp-content\/uploads\/2025\/05\/IMG_4283-scaled.jpeg?resize=768%2C1152&amp;ssl=1 768w, https:\/\/i0.wp.com\/zeromagazine.mx\/wp-content\/uploads\/2025\/05\/IMG_4283-scaled.jpeg?resize=1024%2C1536&amp;ssl=1 1024w, https:\/\/i0.wp.com\/zeromagazine.mx\/wp-content\/uploads\/2025\/05\/IMG_4283-scaled.jpeg?resize=1365%2C2048&amp;ssl=1 1365w\" sizes=\"(max-width: 1165px) 100vw, 1165px\" \/><\/figure>\n\n\n\n<script async src=\"https:\/\/pagead2.googlesyndication.com\/pagead\/js\/adsbygoogle.js?client=ca-pub-5499304793904745\"\n     crossorigin=\"anonymous\"><\/script>\n<ins class=\"adsbygoogle\"\n     style=\"display:block\"\n     data-ad-format=\"fluid\"\n     data-ad-layout-key=\"+2b+s2+1m-5w+4a\"\n     data-ad-client=\"ca-pub-5499304793904745\"\n     data-ad-slot=\"5300592430\"><\/ins>\n<script>\n     (adsbygoogle = window.adsbygoogle || []).push({});\n<\/script>\n\n\n\n<p><strong>Si esta entrevista quedara guardada en una c\u00e1psula del tiempo, \u00bfqu\u00e9 frase tuya pondr\u00edas para que alguien la leyera dentro de 100 a\u00f1os?<\/strong><\/p>\n\n\n\n<p>\u00a1Ay, no s\u00e9! Pero capaz que dir\u00eda:&nbsp;<em>Paco se volvi\u00f3 loco<\/em>. O algo as\u00ed como&nbsp;<em>Las mil y un caras de Paco de Miguel<\/em>. Y en 100 a\u00f1os alguien dir\u00eda: \u201c\u00bfQui\u00e9n era ese pendejo?\u201d. Espero haber dejado al menos un legado en alguna se\u00f1ora.<\/p>\n\n\n\n<p><strong>Por \u00faltimo, si tuvieras que despedirte del p\u00fablico con una l\u00ednea final, como si fueras uno de tus personajes, \u00bfcu\u00e1l ser\u00eda?<\/strong><\/p>\n\n\n\n<p>Gracias por todo, chavos. Gracias por leerme, por escucharme. Esta es mi historia. Tengo muchas cosas que contar todav\u00eda.<\/p>\n\n\n\n<p>Entre carcajadas, observaciones filosas y una autenticidad que atraviesa la pantalla, Paco de Miguel demuestra que la comedia no solo se trata de hacer re\u00edr, sino de conectar con lo cotidiano, con lo que somos y con lo que vivimos. Ya sea interpretando a la mam\u00e1, a Miss Leti o a la inolvidable abuela con filtro de Snapchat, Paco nos recuerda que en lo simple tambi\u00e9n hay magia\u2026 y much\u00edsima risa.<\/p>\n\n\n\n<p>Y mientras sigue creando personajes, editando hasta altas horas y conquistando hasta a Katy Perry, en&nbsp;<em>Zero Magazine Mx<\/em>&nbsp;nos quedamos con la certeza de que detr\u00e1s de cada sketch hay un talento enorme, pero sobre todo, un ser humano divertido, sensible y muy real. Qu\u00e9 fortuna tenerlo en nuestras pantallas, y qu\u00e9 gusto haberlo tenido en esta entrevista.<\/p>\n\n\n\n<figure class=\"wp-block-gallery has-nested-images columns-default is-cropped wp-block-gallery-1 is-layout-flex wp-block-gallery-is-layout-flex\">\n<figure class=\"wp-block-image size-large\"><img data-recalc-dims=\"1\" decoding=\"async\" width=\"683\" height=\"1024\" data-id=\"103743\" src=\"https:\/\/i0.wp.com\/zeromagazine.mx\/wp-content\/uploads\/2025\/05\/IMG_4297-683x1024.jpeg?resize=683%2C1024&#038;ssl=1\" alt=\"\" class=\"wp-image-103743\" srcset=\"https:\/\/i0.wp.com\/zeromagazine.mx\/wp-content\/uploads\/2025\/05\/IMG_4297-scaled.jpeg?resize=683%2C1024&amp;ssl=1 683w, https:\/\/i0.wp.com\/zeromagazine.mx\/wp-content\/uploads\/2025\/05\/IMG_4297-scaled.jpeg?resize=200%2C300&amp;ssl=1 200w, https:\/\/i0.wp.com\/zeromagazine.mx\/wp-content\/uploads\/2025\/05\/IMG_4297-scaled.jpeg?resize=768%2C1152&amp;ssl=1 768w, https:\/\/i0.wp.com\/zeromagazine.mx\/wp-content\/uploads\/2025\/05\/IMG_4297-scaled.jpeg?resize=1024%2C1536&amp;ssl=1 1024w, https:\/\/i0.wp.com\/zeromagazine.mx\/wp-content\/uploads\/2025\/05\/IMG_4297-scaled.jpeg?resize=1365%2C2048&amp;ssl=1 1365w, https:\/\/i0.wp.com\/zeromagazine.mx\/wp-content\/uploads\/2025\/05\/IMG_4297-scaled.jpeg?w=1707&amp;ssl=1 1707w\" sizes=\"(max-width: 683px) 100vw, 683px\" \/><\/figure>\n\n\n\n<figure class=\"wp-block-image size-large\"><img data-recalc-dims=\"1\" decoding=\"async\" width=\"683\" height=\"1024\" data-id=\"103747\" src=\"https:\/\/i0.wp.com\/zeromagazine.mx\/wp-content\/uploads\/2025\/05\/IMG_4295-683x1024.jpeg?resize=683%2C1024&#038;ssl=1\" alt=\"\" class=\"wp-image-103747\" srcset=\"https:\/\/i0.wp.com\/zeromagazine.mx\/wp-content\/uploads\/2025\/05\/IMG_4295-scaled.jpeg?resize=683%2C1024&amp;ssl=1 683w, https:\/\/i0.wp.com\/zeromagazine.mx\/wp-content\/uploads\/2025\/05\/IMG_4295-scaled.jpeg?resize=200%2C300&amp;ssl=1 200w, https:\/\/i0.wp.com\/zeromagazine.mx\/wp-content\/uploads\/2025\/05\/IMG_4295-scaled.jpeg?resize=768%2C1152&amp;ssl=1 768w, https:\/\/i0.wp.com\/zeromagazine.mx\/wp-content\/uploads\/2025\/05\/IMG_4295-scaled.jpeg?resize=1024%2C1536&amp;ssl=1 1024w, https:\/\/i0.wp.com\/zeromagazine.mx\/wp-content\/uploads\/2025\/05\/IMG_4295-scaled.jpeg?resize=1365%2C2048&amp;ssl=1 1365w, https:\/\/i0.wp.com\/zeromagazine.mx\/wp-content\/uploads\/2025\/05\/IMG_4295-scaled.jpeg?w=1707&amp;ssl=1 1707w\" sizes=\"(max-width: 683px) 100vw, 683px\" \/><\/figure>\n\n\n\n<figure class=\"wp-block-image size-large\"><img data-recalc-dims=\"1\" decoding=\"async\" width=\"683\" height=\"1024\" data-id=\"103738\" src=\"https:\/\/i0.wp.com\/zeromagazine.mx\/wp-content\/uploads\/2025\/05\/IMG_4294-683x1024.jpeg?resize=683%2C1024\" alt=\"\" class=\"wp-image-103738\" srcset=\"https:\/\/i0.wp.com\/zeromagazine.mx\/wp-content\/uploads\/2025\/05\/IMG_4294-scaled.jpeg?resize=683%2C1024&amp;ssl=1 683w, https:\/\/i0.wp.com\/zeromagazine.mx\/wp-content\/uploads\/2025\/05\/IMG_4294-scaled.jpeg?resize=200%2C300&amp;ssl=1 200w, https:\/\/i0.wp.com\/zeromagazine.mx\/wp-content\/uploads\/2025\/05\/IMG_4294-scaled.jpeg?resize=768%2C1152&amp;ssl=1 768w, https:\/\/i0.wp.com\/zeromagazine.mx\/wp-content\/uploads\/2025\/05\/IMG_4294-scaled.jpeg?resize=1024%2C1536&amp;ssl=1 1024w, https:\/\/i0.wp.com\/zeromagazine.mx\/wp-content\/uploads\/2025\/05\/IMG_4294-scaled.jpeg?resize=1365%2C2048&amp;ssl=1 1365w, https:\/\/i0.wp.com\/zeromagazine.mx\/wp-content\/uploads\/2025\/05\/IMG_4294-scaled.jpeg?w=1707&amp;ssl=1 1707w\" sizes=\"(max-width: 683px) 100vw, 683px\" \/><\/figure>\n\n\n\n<figure class=\"wp-block-image size-large\"><img data-recalc-dims=\"1\" decoding=\"async\" width=\"683\" height=\"1024\" data-id=\"103744\" src=\"https:\/\/i0.wp.com\/zeromagazine.mx\/wp-content\/uploads\/2025\/05\/IMG_4291-683x1024.jpeg?resize=683%2C1024&#038;ssl=1\" alt=\"\" class=\"wp-image-103744\" srcset=\"https:\/\/i0.wp.com\/zeromagazine.mx\/wp-content\/uploads\/2025\/05\/IMG_4291-scaled.jpeg?resize=683%2C1024&amp;ssl=1 683w, https:\/\/i0.wp.com\/zeromagazine.mx\/wp-content\/uploads\/2025\/05\/IMG_4291-scaled.jpeg?resize=200%2C300&amp;ssl=1 200w, https:\/\/i0.wp.com\/zeromagazine.mx\/wp-content\/uploads\/2025\/05\/IMG_4291-scaled.jpeg?resize=768%2C1152&amp;ssl=1 768w, https:\/\/i0.wp.com\/zeromagazine.mx\/wp-content\/uploads\/2025\/05\/IMG_4291-scaled.jpeg?resize=1024%2C1536&amp;ssl=1 1024w, https:\/\/i0.wp.com\/zeromagazine.mx\/wp-content\/uploads\/2025\/05\/IMG_4291-scaled.jpeg?resize=1365%2C2048&amp;ssl=1 1365w, https:\/\/i0.wp.com\/zeromagazine.mx\/wp-content\/uploads\/2025\/05\/IMG_4291-scaled.jpeg?w=1707&amp;ssl=1 1707w\" sizes=\"(max-width: 683px) 100vw, 683px\" \/><\/figure>\n\n\n\n<figure class=\"wp-block-image size-large\"><img data-recalc-dims=\"1\" decoding=\"async\" width=\"683\" height=\"1024\" data-id=\"103746\" src=\"https:\/\/i0.wp.com\/zeromagazine.mx\/wp-content\/uploads\/2025\/05\/IMG_4290-683x1024.jpeg?resize=683%2C1024&#038;ssl=1\" alt=\"\" class=\"wp-image-103746\" srcset=\"https:\/\/i0.wp.com\/zeromagazine.mx\/wp-content\/uploads\/2025\/05\/IMG_4290-scaled.jpeg?resize=683%2C1024&amp;ssl=1 683w, https:\/\/i0.wp.com\/zeromagazine.mx\/wp-content\/uploads\/2025\/05\/IMG_4290-scaled.jpeg?resize=200%2C300&amp;ssl=1 200w, https:\/\/i0.wp.com\/zeromagazine.mx\/wp-content\/uploads\/2025\/05\/IMG_4290-scaled.jpeg?resize=768%2C1152&amp;ssl=1 768w, https:\/\/i0.wp.com\/zeromagazine.mx\/wp-content\/uploads\/2025\/05\/IMG_4290-scaled.jpeg?resize=1024%2C1536&amp;ssl=1 1024w, https:\/\/i0.wp.com\/zeromagazine.mx\/wp-content\/uploads\/2025\/05\/IMG_4290-scaled.jpeg?resize=1365%2C2048&amp;ssl=1 1365w, https:\/\/i0.wp.com\/zeromagazine.mx\/wp-content\/uploads\/2025\/05\/IMG_4290-scaled.jpeg?w=1706&amp;ssl=1 1706w\" sizes=\"(max-width: 683px) 100vw, 683px\" \/><\/figure>\n\n\n\n<figure class=\"wp-block-image size-large\"><img data-recalc-dims=\"1\" decoding=\"async\" width=\"683\" height=\"1024\" data-id=\"103745\" src=\"https:\/\/i0.wp.com\/zeromagazine.mx\/wp-content\/uploads\/2025\/05\/IMG_4281-683x1024.jpeg?resize=683%2C1024&#038;ssl=1\" alt=\"\" class=\"wp-image-103745\" srcset=\"https:\/\/i0.wp.com\/zeromagazine.mx\/wp-content\/uploads\/2025\/05\/IMG_4281-scaled.jpeg?resize=683%2C1024&amp;ssl=1 683w, https:\/\/i0.wp.com\/zeromagazine.mx\/wp-content\/uploads\/2025\/05\/IMG_4281-scaled.jpeg?resize=200%2C300&amp;ssl=1 200w, https:\/\/i0.wp.com\/zeromagazine.mx\/wp-content\/uploads\/2025\/05\/IMG_4281-scaled.jpeg?resize=768%2C1152&amp;ssl=1 768w, https:\/\/i0.wp.com\/zeromagazine.mx\/wp-content\/uploads\/2025\/05\/IMG_4281-scaled.jpeg?resize=1024%2C1536&amp;ssl=1 1024w, https:\/\/i0.wp.com\/zeromagazine.mx\/wp-content\/uploads\/2025\/05\/IMG_4281-scaled.jpeg?resize=1365%2C2048&amp;ssl=1 1365w, https:\/\/i0.wp.com\/zeromagazine.mx\/wp-content\/uploads\/2025\/05\/IMG_4281-scaled.jpeg?w=1707&amp;ssl=1 1707w\" sizes=\"(max-width: 683px) 100vw, 683px\" \/><\/figure>\n<\/figure>","protected":false},"excerpt":{"rendered":"<p>Desde hace a\u00f1os, Paco de Miguel nos ha sacado carcajadas con sus personajes, sus parodias de la vida escolar y esa manera tan \u00fanica de ver el mundo. Pero detr\u00e1s del uniforme de Miss Letty y los TikToks virales, hay un creativo con los pies en la tierra, ideas claras y muchas historias por contar. [&hellip;]<\/p>\n","protected":false},"author":4,"featured_media":103735,"comment_status":"open","ping_status":"open","sticky":false,"template":"","format":"standard","meta":{"_jetpack_memberships_contains_paid_content":false,"footnotes":"","jetpack_publicize_message":"","jetpack_publicize_feature_enabled":true,"jetpack_social_post_already_shared":true,"jetpack_social_options":{"image_generator_settings":{"template":"highway","default_image_id":0,"font":"","enabled":false},"version":2}},"categories":[98],"tags":[13654,3815],"class_list":["post-103734","post","type-post","status-publish","format-standard","has-post-thumbnail","hentry","category-portada","tag-paco-de-miguel","tag-portada","has-post-title","has-post-date","has-post-category","has-post-tag","has-post-comment","has-post-author",""],"yoast_head":"<!-- This site is optimized with the Yoast SEO plugin v27.5 - https:\/\/yoast.com\/product\/yoast-seo-wordpress\/ -->\n<title>Paco de Miguel: El humor es mi manera de conectar con la vida. - Zero Magazine<\/title>\n<meta name=\"description\" content=\"Paco de Miguel llega a nuestra portada y nos revela al Paco detras de todos los Pacos en esta emotiva y divertida entrevista exclusiva.\" \/>\n<meta name=\"robots\" content=\"index, follow, max-snippet:-1, max-image-preview:large, max-video-preview:-1\" \/>\n<link rel=\"canonical\" href=\"https:\/\/zeromagazine.mx\/index.php\/2025\/05\/12\/paco-de-miguel-portada\/\" \/>\n<meta property=\"og:locale\" content=\"es_ES\" \/>\n<meta property=\"og:type\" content=\"article\" \/>\n<meta property=\"og:title\" content=\"Paco de Miguel: El humor es mi manera de conectar con la vida. - Zero Magazine\" \/>\n<meta property=\"og:description\" content=\"Paco de Miguel llega a nuestra portada y nos revela al Paco detras de todos los Pacos en esta emotiva y divertida entrevista exclusiva.\" \/>\n<meta property=\"og:url\" content=\"https:\/\/zeromagazine.mx\/index.php\/2025\/05\/12\/paco-de-miguel-portada\/\" \/>\n<meta property=\"og:site_name\" content=\"Zero Magazine\" \/>\n<meta property=\"article:published_time\" content=\"2025-05-12T19:44:29+00:00\" \/>\n<meta property=\"article:modified_time\" content=\"2025-05-12T22:42:41+00:00\" \/>\n<meta property=\"og:image\" content=\"http:\/\/zeromagazine.mx\/wp-content\/uploads\/2025\/05\/Ilustracion_sin_titulo-scaled.jpeg\" \/>\n\t<meta property=\"og:image:width\" content=\"1978\" \/>\n\t<meta property=\"og:image:height\" content=\"2560\" \/>\n\t<meta property=\"og:image:type\" content=\"image\/jpeg\" \/>\n<meta name=\"author\" content=\"David Morales\" \/>\n<meta name=\"twitter:card\" content=\"summary_large_image\" \/>\n<meta name=\"twitter:label1\" content=\"Escrito por\" \/>\n\t<meta name=\"twitter:data1\" content=\"David Morales\" \/>\n\t<meta name=\"twitter:label2\" content=\"Tiempo de lectura\" \/>\n\t<meta name=\"twitter:data2\" content=\"11 minutos\" \/>\n<script type=\"application\/ld+json\" class=\"yoast-schema-graph\">{\"@context\":\"https:\\\/\\\/schema.org\",\"@graph\":[{\"@type\":\"Article\",\"@id\":\"https:\\\/\\\/zeromagazine.mx\\\/index.php\\\/2025\\\/05\\\/12\\\/paco-de-miguel-portada\\\/#article\",\"isPartOf\":{\"@id\":\"https:\\\/\\\/zeromagazine.mx\\\/index.php\\\/2025\\\/05\\\/12\\\/paco-de-miguel-portada\\\/\"},\"author\":{\"name\":\"David Morales\",\"@id\":\"https:\\\/\\\/zeromagazine.mx\\\/#\\\/schema\\\/person\\\/9f7f1a17c60ba8e9980e3e6677aabe5a\"},\"headline\":\"Paco de Miguel: El humor es mi manera de conectar con la vida.\",\"datePublished\":\"2025-05-12T19:44:29+00:00\",\"dateModified\":\"2025-05-12T22:42:41+00:00\",\"mainEntityOfPage\":{\"@id\":\"https:\\\/\\\/zeromagazine.mx\\\/index.php\\\/2025\\\/05\\\/12\\\/paco-de-miguel-portada\\\/\"},\"wordCount\":1880,\"commentCount\":0,\"publisher\":{\"@id\":\"https:\\\/\\\/zeromagazine.mx\\\/#organization\"},\"image\":{\"@id\":\"https:\\\/\\\/zeromagazine.mx\\\/index.php\\\/2025\\\/05\\\/12\\\/paco-de-miguel-portada\\\/#primaryimage\"},\"thumbnailUrl\":\"https:\\\/\\\/i0.wp.com\\\/zeromagazine.mx\\\/wp-content\\\/uploads\\\/2025\\\/05\\\/Ilustracion_sin_titulo-scaled.jpeg?fit=1978%2C2560&ssl=1\",\"keywords\":[\"Paco de Miguel\",\"Portada\"],\"articleSection\":[\"Portada\"],\"inLanguage\":\"es\",\"potentialAction\":[{\"@type\":\"CommentAction\",\"name\":\"Comment\",\"target\":[\"https:\\\/\\\/zeromagazine.mx\\\/index.php\\\/2025\\\/05\\\/12\\\/paco-de-miguel-portada\\\/#respond\"]}]},{\"@type\":\"WebPage\",\"@id\":\"https:\\\/\\\/zeromagazine.mx\\\/index.php\\\/2025\\\/05\\\/12\\\/paco-de-miguel-portada\\\/\",\"url\":\"https:\\\/\\\/zeromagazine.mx\\\/index.php\\\/2025\\\/05\\\/12\\\/paco-de-miguel-portada\\\/\",\"name\":\"Paco de Miguel: El humor es mi manera de conectar con la vida. - Zero Magazine\",\"isPartOf\":{\"@id\":\"https:\\\/\\\/zeromagazine.mx\\\/#website\"},\"primaryImageOfPage\":{\"@id\":\"https:\\\/\\\/zeromagazine.mx\\\/index.php\\\/2025\\\/05\\\/12\\\/paco-de-miguel-portada\\\/#primaryimage\"},\"image\":{\"@id\":\"https:\\\/\\\/zeromagazine.mx\\\/index.php\\\/2025\\\/05\\\/12\\\/paco-de-miguel-portada\\\/#primaryimage\"},\"thumbnailUrl\":\"https:\\\/\\\/i0.wp.com\\\/zeromagazine.mx\\\/wp-content\\\/uploads\\\/2025\\\/05\\\/Ilustracion_sin_titulo-scaled.jpeg?fit=1978%2C2560&ssl=1\",\"datePublished\":\"2025-05-12T19:44:29+00:00\",\"dateModified\":\"2025-05-12T22:42:41+00:00\",\"description\":\"Paco de Miguel llega a nuestra portada y nos revela al Paco detras de todos los Pacos en esta emotiva y divertida entrevista exclusiva.\",\"breadcrumb\":{\"@id\":\"https:\\\/\\\/zeromagazine.mx\\\/index.php\\\/2025\\\/05\\\/12\\\/paco-de-miguel-portada\\\/#breadcrumb\"},\"inLanguage\":\"es\",\"potentialAction\":[{\"@type\":\"ReadAction\",\"target\":[\"https:\\\/\\\/zeromagazine.mx\\\/index.php\\\/2025\\\/05\\\/12\\\/paco-de-miguel-portada\\\/\"]}]},{\"@type\":\"ImageObject\",\"inLanguage\":\"es\",\"@id\":\"https:\\\/\\\/zeromagazine.mx\\\/index.php\\\/2025\\\/05\\\/12\\\/paco-de-miguel-portada\\\/#primaryimage\",\"url\":\"https:\\\/\\\/i0.wp.com\\\/zeromagazine.mx\\\/wp-content\\\/uploads\\\/2025\\\/05\\\/Ilustracion_sin_titulo-scaled.jpeg?fit=1978%2C2560&ssl=1\",\"contentUrl\":\"https:\\\/\\\/i0.wp.com\\\/zeromagazine.mx\\\/wp-content\\\/uploads\\\/2025\\\/05\\\/Ilustracion_sin_titulo-scaled.jpeg?fit=1978%2C2560&ssl=1\",\"width\":1978,\"height\":2560},{\"@type\":\"BreadcrumbList\",\"@id\":\"https:\\\/\\\/zeromagazine.mx\\\/index.php\\\/2025\\\/05\\\/12\\\/paco-de-miguel-portada\\\/#breadcrumb\",\"itemListElement\":[{\"@type\":\"ListItem\",\"position\":1,\"name\":\"Portada\",\"item\":\"https:\\\/\\\/zeromagazine.mx\\\/\"},{\"@type\":\"ListItem\",\"position\":2,\"name\":\"Paco de Miguel: El humor es mi manera de conectar con la vida.\"}]},{\"@type\":\"WebSite\",\"@id\":\"https:\\\/\\\/zeromagazine.mx\\\/#website\",\"url\":\"https:\\\/\\\/zeromagazine.mx\\\/\",\"name\":\"Zero Magazine\",\"description\":\"\",\"publisher\":{\"@id\":\"https:\\\/\\\/zeromagazine.mx\\\/#organization\"},\"potentialAction\":[{\"@type\":\"SearchAction\",\"target\":{\"@type\":\"EntryPoint\",\"urlTemplate\":\"https:\\\/\\\/zeromagazine.mx\\\/?s={search_term_string}\"},\"query-input\":{\"@type\":\"PropertyValueSpecification\",\"valueRequired\":true,\"valueName\":\"search_term_string\"}}],\"inLanguage\":\"es\"},{\"@type\":\"Organization\",\"@id\":\"https:\\\/\\\/zeromagazine.mx\\\/#organization\",\"name\":\"Zero Magazine\",\"url\":\"https:\\\/\\\/zeromagazine.mx\\\/\",\"logo\":{\"@type\":\"ImageObject\",\"inLanguage\":\"es\",\"@id\":\"https:\\\/\\\/zeromagazine.mx\\\/#\\\/schema\\\/logo\\\/image\\\/\",\"url\":\"https:\\\/\\\/i0.wp.com\\\/zeromagazine.mx\\\/wp-content\\\/uploads\\\/2025\\\/11\\\/1.jpeg?fit=1000%2C1000&ssl=1\",\"contentUrl\":\"https:\\\/\\\/i0.wp.com\\\/zeromagazine.mx\\\/wp-content\\\/uploads\\\/2025\\\/11\\\/1.jpeg?fit=1000%2C1000&ssl=1\",\"width\":1000,\"height\":1000,\"caption\":\"Zero Magazine\"},\"image\":{\"@id\":\"https:\\\/\\\/zeromagazine.mx\\\/#\\\/schema\\\/logo\\\/image\\\/\"},\"sameAs\":[\"https:\\\/\\\/instagram.com\\\/zeromagazinemx\"]},{\"@type\":\"Person\",\"@id\":\"https:\\\/\\\/zeromagazine.mx\\\/#\\\/schema\\\/person\\\/9f7f1a17c60ba8e9980e3e6677aabe5a\",\"name\":\"David Morales\",\"image\":{\"@type\":\"ImageObject\",\"inLanguage\":\"es\",\"@id\":\"https:\\\/\\\/zeromagazine.mx\\\/wp-content\\\/litespeed\\\/avatar\\\/76069d2136bfc1c37dc34815bb67ca42.jpg?ver=1777571067\",\"url\":\"https:\\\/\\\/zeromagazine.mx\\\/wp-content\\\/litespeed\\\/avatar\\\/76069d2136bfc1c37dc34815bb67ca42.jpg?ver=1777571067\",\"contentUrl\":\"https:\\\/\\\/zeromagazine.mx\\\/wp-content\\\/litespeed\\\/avatar\\\/76069d2136bfc1c37dc34815bb67ca42.jpg?ver=1777571067\",\"caption\":\"David Morales\"},\"url\":\"https:\\\/\\\/zeromagazine.mx\\\/index.php\\\/author\\\/david\\\/\"}]}<\/script>\n<!-- \/ Yoast SEO plugin. -->","yoast_head_json":{"title":"Paco de Miguel: El humor es mi manera de conectar con la vida. - Zero Magazine","description":"Paco de Miguel llega a nuestra portada y nos revela al Paco detras de todos los Pacos en esta emotiva y divertida entrevista exclusiva.","robots":{"index":"index","follow":"follow","max-snippet":"max-snippet:-1","max-image-preview":"max-image-preview:large","max-video-preview":"max-video-preview:-1"},"canonical":"https:\/\/zeromagazine.mx\/index.php\/2025\/05\/12\/paco-de-miguel-portada\/","og_locale":"es_ES","og_type":"article","og_title":"Paco de Miguel: El humor es mi manera de conectar con la vida. - Zero Magazine","og_description":"Paco de Miguel llega a nuestra portada y nos revela al Paco detras de todos los Pacos en esta emotiva y divertida entrevista exclusiva.","og_url":"https:\/\/zeromagazine.mx\/index.php\/2025\/05\/12\/paco-de-miguel-portada\/","og_site_name":"Zero Magazine","article_published_time":"2025-05-12T19:44:29+00:00","article_modified_time":"2025-05-12T22:42:41+00:00","og_image":[{"width":1978,"height":2560,"url":"http:\/\/zeromagazine.mx\/wp-content\/uploads\/2025\/05\/Ilustracion_sin_titulo-scaled.jpeg","type":"image\/jpeg"}],"author":"David Morales","twitter_card":"summary_large_image","twitter_misc":{"Escrito por":"David Morales","Tiempo de lectura":"11 minutos"},"schema":{"@context":"https:\/\/schema.org","@graph":[{"@type":"Article","@id":"https:\/\/zeromagazine.mx\/index.php\/2025\/05\/12\/paco-de-miguel-portada\/#article","isPartOf":{"@id":"https:\/\/zeromagazine.mx\/index.php\/2025\/05\/12\/paco-de-miguel-portada\/"},"author":{"name":"David Morales","@id":"https:\/\/zeromagazine.mx\/#\/schema\/person\/9f7f1a17c60ba8e9980e3e6677aabe5a"},"headline":"Paco de Miguel: El humor es mi manera de conectar con la vida.","datePublished":"2025-05-12T19:44:29+00:00","dateModified":"2025-05-12T22:42:41+00:00","mainEntityOfPage":{"@id":"https:\/\/zeromagazine.mx\/index.php\/2025\/05\/12\/paco-de-miguel-portada\/"},"wordCount":1880,"commentCount":0,"publisher":{"@id":"https:\/\/zeromagazine.mx\/#organization"},"image":{"@id":"https:\/\/zeromagazine.mx\/index.php\/2025\/05\/12\/paco-de-miguel-portada\/#primaryimage"},"thumbnailUrl":"https:\/\/i0.wp.com\/zeromagazine.mx\/wp-content\/uploads\/2025\/05\/Ilustracion_sin_titulo-scaled.jpeg?fit=1978%2C2560&ssl=1","keywords":["Paco de Miguel","Portada"],"articleSection":["Portada"],"inLanguage":"es","potentialAction":[{"@type":"CommentAction","name":"Comment","target":["https:\/\/zeromagazine.mx\/index.php\/2025\/05\/12\/paco-de-miguel-portada\/#respond"]}]},{"@type":"WebPage","@id":"https:\/\/zeromagazine.mx\/index.php\/2025\/05\/12\/paco-de-miguel-portada\/","url":"https:\/\/zeromagazine.mx\/index.php\/2025\/05\/12\/paco-de-miguel-portada\/","name":"Paco de Miguel: El humor es mi manera de conectar con la vida. - Zero Magazine","isPartOf":{"@id":"https:\/\/zeromagazine.mx\/#website"},"primaryImageOfPage":{"@id":"https:\/\/zeromagazine.mx\/index.php\/2025\/05\/12\/paco-de-miguel-portada\/#primaryimage"},"image":{"@id":"https:\/\/zeromagazine.mx\/index.php\/2025\/05\/12\/paco-de-miguel-portada\/#primaryimage"},"thumbnailUrl":"https:\/\/i0.wp.com\/zeromagazine.mx\/wp-content\/uploads\/2025\/05\/Ilustracion_sin_titulo-scaled.jpeg?fit=1978%2C2560&ssl=1","datePublished":"2025-05-12T19:44:29+00:00","dateModified":"2025-05-12T22:42:41+00:00","description":"Paco de Miguel llega a nuestra portada y nos revela al Paco detras de todos los Pacos en esta emotiva y divertida entrevista exclusiva.","breadcrumb":{"@id":"https:\/\/zeromagazine.mx\/index.php\/2025\/05\/12\/paco-de-miguel-portada\/#breadcrumb"},"inLanguage":"es","potentialAction":[{"@type":"ReadAction","target":["https:\/\/zeromagazine.mx\/index.php\/2025\/05\/12\/paco-de-miguel-portada\/"]}]},{"@type":"ImageObject","inLanguage":"es","@id":"https:\/\/zeromagazine.mx\/index.php\/2025\/05\/12\/paco-de-miguel-portada\/#primaryimage","url":"https:\/\/i0.wp.com\/zeromagazine.mx\/wp-content\/uploads\/2025\/05\/Ilustracion_sin_titulo-scaled.jpeg?fit=1978%2C2560&ssl=1","contentUrl":"https:\/\/i0.wp.com\/zeromagazine.mx\/wp-content\/uploads\/2025\/05\/Ilustracion_sin_titulo-scaled.jpeg?fit=1978%2C2560&ssl=1","width":1978,"height":2560},{"@type":"BreadcrumbList","@id":"https:\/\/zeromagazine.mx\/index.php\/2025\/05\/12\/paco-de-miguel-portada\/#breadcrumb","itemListElement":[{"@type":"ListItem","position":1,"name":"Portada","item":"https:\/\/zeromagazine.mx\/"},{"@type":"ListItem","position":2,"name":"Paco de Miguel: El humor es mi manera de conectar con la vida."}]},{"@type":"WebSite","@id":"https:\/\/zeromagazine.mx\/#website","url":"https:\/\/zeromagazine.mx\/","name":"Zero Magazine","description":"","publisher":{"@id":"https:\/\/zeromagazine.mx\/#organization"},"potentialAction":[{"@type":"SearchAction","target":{"@type":"EntryPoint","urlTemplate":"https:\/\/zeromagazine.mx\/?s={search_term_string}"},"query-input":{"@type":"PropertyValueSpecification","valueRequired":true,"valueName":"search_term_string"}}],"inLanguage":"es"},{"@type":"Organization","@id":"https:\/\/zeromagazine.mx\/#organization","name":"Zero Magazine","url":"https:\/\/zeromagazine.mx\/","logo":{"@type":"ImageObject","inLanguage":"es","@id":"https:\/\/zeromagazine.mx\/#\/schema\/logo\/image\/","url":"https:\/\/i0.wp.com\/zeromagazine.mx\/wp-content\/uploads\/2025\/11\/1.jpeg?fit=1000%2C1000&ssl=1","contentUrl":"https:\/\/i0.wp.com\/zeromagazine.mx\/wp-content\/uploads\/2025\/11\/1.jpeg?fit=1000%2C1000&ssl=1","width":1000,"height":1000,"caption":"Zero Magazine"},"image":{"@id":"https:\/\/zeromagazine.mx\/#\/schema\/logo\/image\/"},"sameAs":["https:\/\/instagram.com\/zeromagazinemx"]},{"@type":"Person","@id":"https:\/\/zeromagazine.mx\/#\/schema\/person\/9f7f1a17c60ba8e9980e3e6677aabe5a","name":"David Morales","image":{"@type":"ImageObject","inLanguage":"es","@id":"https:\/\/zeromagazine.mx\/wp-content\/litespeed\/avatar\/76069d2136bfc1c37dc34815bb67ca42.jpg?ver=1777571067","url":"https:\/\/zeromagazine.mx\/wp-content\/litespeed\/avatar\/76069d2136bfc1c37dc34815bb67ca42.jpg?ver=1777571067","contentUrl":"https:\/\/zeromagazine.mx\/wp-content\/litespeed\/avatar\/76069d2136bfc1c37dc34815bb67ca42.jpg?ver=1777571067","caption":"David Morales"},"url":"https:\/\/zeromagazine.mx\/index.php\/author\/david\/"}]}},"jetpack_publicize_connections":[],"jetpack_featured_media_url":"https:\/\/i0.wp.com\/zeromagazine.mx\/wp-content\/uploads\/2025\/05\/Ilustracion_sin_titulo-scaled.jpeg?fit=1978%2C2560&ssl=1","jetpack-related-posts":[{"id":110847,"url":"https:\/\/zeromagazine.mx\/index.php\/2025\/11\/18\/nuevo-sencillo-ca7riel-paco-amoroso\/","url_meta":{"origin":103734,"position":0},"title":"Nuevo sencillo, nuevas alturas","author":"David Morales","date":"18 de noviembre de 2025","format":false,"excerpt":"Cuando un d\u00fao llega a un punto donde cada movimiento genera un mini-terremoto cultural, sabes que algo grande se viene. Eso es justo lo que est\u00e1 pasando con CA7RIEL y Paco Amoroso, quienes despu\u00e9s de arrasar en los Latin GRAMMYs regresan con un nuevo sencillo que promete romper m\u00e1s esquemas:\u2026","rel":"","context":"En \u00abEntretenimiento\u00bb","block_context":{"text":"Entretenimiento","link":"https:\/\/zeromagazine.mx\/index.php\/category\/entretenimiento\/"},"img":{"alt_text":"","src":"https:\/\/i0.wp.com\/zeromagazine.mx\/wp-content\/uploads\/2025\/11\/41aa62df-0e6b-4d02-b1c4-8febc82e7531.jpeg?fit=1200%2C1200&ssl=1&resize=350%2C200","width":350,"height":200,"srcset":"https:\/\/i0.wp.com\/zeromagazine.mx\/wp-content\/uploads\/2025\/11\/41aa62df-0e6b-4d02-b1c4-8febc82e7531.jpeg?fit=1200%2C1200&ssl=1&resize=350%2C200 1x, https:\/\/i0.wp.com\/zeromagazine.mx\/wp-content\/uploads\/2025\/11\/41aa62df-0e6b-4d02-b1c4-8febc82e7531.jpeg?fit=1200%2C1200&ssl=1&resize=525%2C300 1.5x, https:\/\/i0.wp.com\/zeromagazine.mx\/wp-content\/uploads\/2025\/11\/41aa62df-0e6b-4d02-b1c4-8febc82e7531.jpeg?fit=1200%2C1200&ssl=1&resize=700%2C400 2x, https:\/\/i0.wp.com\/zeromagazine.mx\/wp-content\/uploads\/2025\/11\/41aa62df-0e6b-4d02-b1c4-8febc82e7531.jpeg?fit=1200%2C1200&ssl=1&resize=1050%2C600 3x"},"classes":[]},{"id":55872,"url":"https:\/\/zeromagazine.mx\/index.php\/2021\/10\/13\/casio-pac-man-se-unen-en-una-edicion-nostalgica\/","url_meta":{"origin":103734,"position":1},"title":"CASIO &amp; PAC-MAN se unen en una edici\u00f3n nost\u00e1lgica","author":"zeromagazinemx","date":"13 de octubre de 2021","format":false,"excerpt":"Pac - Man es uno de los videojuegos m\u00e1s famosos de todos los tiempos y donde no solamente les es muy memorable para los que lo vivieron en su mayor \u00e9poca de auge, sino para los no tan grandes que supieron de su existencia hace un par de a\u00f1os y\u2026","rel":"","context":"En \u00abGadgets\u00bb","block_context":{"text":"Gadgets","link":"https:\/\/zeromagazine.mx\/index.php\/category\/tech\/gadgets\/"},"img":{"alt_text":"","src":"","width":0,"height":0},"classes":[]},{"id":53345,"url":"https:\/\/zeromagazine.mx\/index.php\/2021\/09\/01\/el-nuevo-modelo-de-casio-y-pac-man\/","url_meta":{"origin":103734,"position":2},"title":"El nuevo modelo de Casio y PAC-MAN","author":"zeromagazinemx","date":"1 de septiembre de 2021","format":false,"excerpt":"Casio Vintage anunci\u00f3 el lanzamiento de su nuevo modelo en colaboraci\u00f3n con el ic\u00f3nico y popular videojuego PAC-MAN. Por Gisela P\u00e9rez Rodr\u00edguez El nuevo modelo de Casio Vintage y PAC-MAN se basa en la reciente reedici\u00f3n del reloj digital F-100, lanzado originalmente en 1978. Este estilo busca conmemorar el aspecto\u2026","rel":"","context":"En \u00abEntretenimiento\u00bb","block_context":{"text":"Entretenimiento","link":"https:\/\/zeromagazine.mx\/index.php\/category\/entretenimiento\/"},"img":{"alt_text":"","src":"","width":0,"height":0},"classes":[]},{"id":82323,"url":"https:\/\/zeromagazine.mx\/index.php\/2024\/08\/22\/bose-renacido-leyenda-que-sigue-viva\/","url_meta":{"origin":103734,"position":3},"title":"\u00abBos\u00e9 Renacido: Leyenda Que Sigue Viva\u00bb","author":"zeromagazinemx","date":"22 de agosto de 2024","format":false,"excerpt":"\u00bfQui\u00e9n no ha escuchado alguna vez \"Amante Bandido\" o \"Morena M\u00eda\"? Miguel Bos\u00e9 es una leyenda viviente del pop en espa\u00f1ol, un \u00edcono que lleva d\u00e9cadas desafiando lo convencional y rompiendo barreras. Y esa esencia es lo que captura la serie\u00a0\u201cBos\u00e9 Renacido\u201d\u00a0de Movistar Plus+ y Shine Iberia, una producci\u00f3n que\u2026","rel":"","context":"En \u00abEntretenimiento\u00bb","block_context":{"text":"Entretenimiento","link":"https:\/\/zeromagazine.mx\/index.php\/category\/entretenimiento\/"},"img":{"alt_text":"","src":"https:\/\/i0.wp.com\/zeromagazine.mx\/wp-content\/uploads\/2024\/08\/37A66262-494E-4A80-8178-89B527D271B8-scaled.jpeg?fit=960%2C1200&ssl=1&resize=350%2C200","width":350,"height":200,"srcset":"https:\/\/i0.wp.com\/zeromagazine.mx\/wp-content\/uploads\/2024\/08\/37A66262-494E-4A80-8178-89B527D271B8-scaled.jpeg?fit=960%2C1200&ssl=1&resize=350%2C200 1x, https:\/\/i0.wp.com\/zeromagazine.mx\/wp-content\/uploads\/2024\/08\/37A66262-494E-4A80-8178-89B527D271B8-scaled.jpeg?fit=960%2C1200&ssl=1&resize=525%2C300 1.5x, https:\/\/i0.wp.com\/zeromagazine.mx\/wp-content\/uploads\/2024\/08\/37A66262-494E-4A80-8178-89B527D271B8-scaled.jpeg?fit=960%2C1200&ssl=1&resize=700%2C400 2x"},"classes":[]},{"id":51650,"url":"https:\/\/zeromagazine.mx\/index.php\/2021\/08\/05\/jungle-cruise-8-datos-imprescindibles-para-conocer-antes-del-estreno\/","url_meta":{"origin":103734,"position":4},"title":"Jungle Cruise: 8 datos imprescindibles para conocer antes del estreno","author":"zeromagazinemx","date":"5 de agosto de 2021","format":false,"excerpt":"Con el estreno de la nueva pel\u00edcula de Disney \u201cJungle Cruise\u201d en cines y Disney+ a trav\u00e9s de Premier Access te dejamos 8 datos impresionantes que no te puedes perder. Por Moises Kushelevich \u201cJungle Cruise\u201d es la nueva pel\u00edcula de Disney ya disponible en cines y Disney+ trata sobre la\u2026","rel":"","context":"En \u00abCine\u00bb","block_context":{"text":"Cine","link":"https:\/\/zeromagazine.mx\/index.php\/category\/entretenimiento\/cine\/"},"img":{"alt_text":"","src":"","width":0,"height":0},"classes":[]},{"id":106548,"url":"https:\/\/zeromagazine.mx\/index.php\/2025\/06\/30\/oscuridad-que-revela-todo\/","url_meta":{"origin":103734,"position":5},"title":"Oscuridad que revela todo","author":"David Morales","date":"30 de junio de 2025","format":false,"excerpt":"A veces, el blackout m\u00e1s fuerte no viene del cielo, sino de adentro. Y eso justo es lo que pasa en Se fue la luz en el pueblo, una puesta en escena que se mete con humor, verdad y sensibilidad en lo que no siempre nos atrevemos a decir, especialmente\u2026","rel":"","context":"En \u00abEntretenimiento\u00bb","block_context":{"text":"Entretenimiento","link":"https:\/\/zeromagazine.mx\/index.php\/category\/entretenimiento\/"},"img":{"alt_text":"","src":"https:\/\/i0.wp.com\/zeromagazine.mx\/wp-content\/uploads\/2025\/06\/dsc00019-2-1.jpg?fit=1200%2C800&ssl=1&resize=350%2C200","width":350,"height":200,"srcset":"https:\/\/i0.wp.com\/zeromagazine.mx\/wp-content\/uploads\/2025\/06\/dsc00019-2-1.jpg?fit=1200%2C800&ssl=1&resize=350%2C200 1x, https:\/\/i0.wp.com\/zeromagazine.mx\/wp-content\/uploads\/2025\/06\/dsc00019-2-1.jpg?fit=1200%2C800&ssl=1&resize=525%2C300 1.5x, https:\/\/i0.wp.com\/zeromagazine.mx\/wp-content\/uploads\/2025\/06\/dsc00019-2-1.jpg?fit=1200%2C800&ssl=1&resize=700%2C400 2x, https:\/\/i0.wp.com\/zeromagazine.mx\/wp-content\/uploads\/2025\/06\/dsc00019-2-1.jpg?fit=1200%2C800&ssl=1&resize=1050%2C600 3x"},"classes":[]}],"jetpack_sharing_enabled":true,"builder_content":"","_links":{"self":[{"href":"https:\/\/zeromagazine.mx\/index.php\/wp-json\/wp\/v2\/posts\/103734","targetHints":{"allow":["GET"]}}],"collection":[{"href":"https:\/\/zeromagazine.mx\/index.php\/wp-json\/wp\/v2\/posts"}],"about":[{"href":"https:\/\/zeromagazine.mx\/index.php\/wp-json\/wp\/v2\/types\/post"}],"author":[{"embeddable":true,"href":"https:\/\/zeromagazine.mx\/index.php\/wp-json\/wp\/v2\/users\/4"}],"replies":[{"embeddable":true,"href":"https:\/\/zeromagazine.mx\/index.php\/wp-json\/wp\/v2\/comments?post=103734"}],"version-history":[{"count":3,"href":"https:\/\/zeromagazine.mx\/index.php\/wp-json\/wp\/v2\/posts\/103734\/revisions"}],"predecessor-version":[{"id":103768,"href":"https:\/\/zeromagazine.mx\/index.php\/wp-json\/wp\/v2\/posts\/103734\/revisions\/103768"}],"wp:featuredmedia":[{"embeddable":true,"href":"https:\/\/zeromagazine.mx\/index.php\/wp-json\/wp\/v2\/media\/103735"}],"wp:attachment":[{"href":"https:\/\/zeromagazine.mx\/index.php\/wp-json\/wp\/v2\/media?parent=103734"}],"wp:term":[{"taxonomy":"category","embeddable":true,"href":"https:\/\/zeromagazine.mx\/index.php\/wp-json\/wp\/v2\/categories?post=103734"},{"taxonomy":"post_tag","embeddable":true,"href":"https:\/\/zeromagazine.mx\/index.php\/wp-json\/wp\/v2\/tags?post=103734"}],"curies":[{"name":"wp","href":"https:\/\/api.w.org\/{rel}","templated":true}]}}