{"id":103992,"date":"2025-05-15T08:00:00","date_gmt":"2025-05-15T14:00:00","guid":{"rendered":"https:\/\/zeromagazine.mx\/?p=103992"},"modified":"2025-05-14T22:20:47","modified_gmt":"2025-05-15T04:20:47","slug":"valentino-revive-el-estilo-bohemio","status":"publish","type":"post","link":"https:\/\/zeromagazine.mx\/index.php\/2025\/05\/15\/valentino-revive-el-estilo-bohemio\/","title":{"rendered":"Valentino Revive El Estilo Bohemio"},"content":{"rendered":"<p>Amix, \u00bfse acuerdan cuando so\u00f1\u00e1bamos con ese bolso que no fuera ni demasiado cl\u00e1sico ni full Y2K exagerado? Pues ya lleg\u00f3 y viene directo de la mente visionaria de Valentino. El <strong>Valentino Garavani Nellc\u00f4te<\/strong> es la definici\u00f3n perfecta de lujo bohemio mezclando vibes relajadas con detalles fancy que gritan: \u201cs\u00ed tengo estilo, pero no me esfuerzo\u201d.<\/p>\n\n\n\n<h3 class=\"wp-block-heading\">Dise\u00f1o Valentino<\/h3>\n\n\n\n<figure class=\"wp-block-gallery has-nested-images columns-default is-cropped wp-block-gallery-1 is-layout-flex wp-block-gallery-is-layout-flex\">\n<figure class=\"wp-block-image size-large\"><img data-recalc-dims=\"1\" decoding=\"async\" width=\"809\" height=\"1024\" data-id=\"103994\" src=\"https:\/\/i0.wp.com\/zeromagazine.mx\/wp-content\/uploads\/2025\/05\/VALENTINO-GARAVANI-NELLCOTE-SUEDE-SHOULDER-BAG-WITH-FRINGES-809x1024.webp?resize=809%2C1024&#038;ssl=1\" alt=\"\" class=\"wp-image-103994\" srcset=\"https:\/\/i0.wp.com\/zeromagazine.mx\/wp-content\/uploads\/2025\/05\/VALENTINO-GARAVANI-NELLCOTE-SUEDE-SHOULDER-BAG-WITH-FRINGES.webp?resize=809%2C1024&amp;ssl=1 809w, https:\/\/i0.wp.com\/zeromagazine.mx\/wp-content\/uploads\/2025\/05\/VALENTINO-GARAVANI-NELLCOTE-SUEDE-SHOULDER-BAG-WITH-FRINGES.webp?resize=237%2C300&amp;ssl=1 237w, https:\/\/i0.wp.com\/zeromagazine.mx\/wp-content\/uploads\/2025\/05\/VALENTINO-GARAVANI-NELLCOTE-SUEDE-SHOULDER-BAG-WITH-FRINGES.webp?resize=768%2C972&amp;ssl=1 768w, https:\/\/i0.wp.com\/zeromagazine.mx\/wp-content\/uploads\/2025\/05\/VALENTINO-GARAVANI-NELLCOTE-SUEDE-SHOULDER-BAG-WITH-FRINGES.webp?resize=1214%2C1536&amp;ssl=1 1214w, https:\/\/i0.wp.com\/zeromagazine.mx\/wp-content\/uploads\/2025\/05\/VALENTINO-GARAVANI-NELLCOTE-SUEDE-SHOULDER-BAG-WITH-FRINGES.webp?w=1570&amp;ssl=1 1570w\" sizes=\"(max-width: 809px) 100vw, 809px\" \/><\/figure>\n\n\n\n<figure class=\"wp-block-image size-large\"><img data-recalc-dims=\"1\" decoding=\"async\" width=\"809\" height=\"1024\" data-id=\"103993\" src=\"https:\/\/i0.wp.com\/zeromagazine.mx\/wp-content\/uploads\/2025\/05\/VALENTINO-GARAVANI-NELLCOTE-SUEDE-SHOULDER-BAG-WITH-FRINGES-2-809x1024.webp?resize=809%2C1024&#038;ssl=1\" alt=\"\" class=\"wp-image-103993\" srcset=\"https:\/\/i0.wp.com\/zeromagazine.mx\/wp-content\/uploads\/2025\/05\/VALENTINO-GARAVANI-NELLCOTE-SUEDE-SHOULDER-BAG-WITH-FRINGES-2.webp?resize=809%2C1024&amp;ssl=1 809w, https:\/\/i0.wp.com\/zeromagazine.mx\/wp-content\/uploads\/2025\/05\/VALENTINO-GARAVANI-NELLCOTE-SUEDE-SHOULDER-BAG-WITH-FRINGES-2.webp?resize=237%2C300&amp;ssl=1 237w, https:\/\/i0.wp.com\/zeromagazine.mx\/wp-content\/uploads\/2025\/05\/VALENTINO-GARAVANI-NELLCOTE-SUEDE-SHOULDER-BAG-WITH-FRINGES-2.webp?resize=768%2C972&amp;ssl=1 768w, https:\/\/i0.wp.com\/zeromagazine.mx\/wp-content\/uploads\/2025\/05\/VALENTINO-GARAVANI-NELLCOTE-SUEDE-SHOULDER-BAG-WITH-FRINGES-2.webp?resize=1214%2C1536&amp;ssl=1 1214w, https:\/\/i0.wp.com\/zeromagazine.mx\/wp-content\/uploads\/2025\/05\/VALENTINO-GARAVANI-NELLCOTE-SUEDE-SHOULDER-BAG-WITH-FRINGES-2.webp?w=1570&amp;ssl=1 1570w\" sizes=\"(max-width: 809px) 100vw, 809px\" \/><\/figure>\n<\/figure>\n\n\n\n<p><strong>Valentino Garavani <strong>Nellc\u00f4te<\/strong>,<\/strong> no es  cualquier accesorio. Pues este bolso, est\u00e1 hecho con piel de becerro suave y herrajes met\u00e1licos envejecidos que le dan ese toque vintage-chic que nos hace suspirar. Obvio, lleva el ic\u00f3nico <strong>VLogo<\/strong> que da status sin gritarlo. Es como si Bella Hadid, Alexa Chung y el rock setentero se fusionaran en forma de bolso.<\/p>\n\n\n\n<script async src=\"https:\/\/pagead2.googlesyndication.com\/pagead\/js\/adsbygoogle.js?client=ca-pub-5499304793904745\"\n     crossorigin=\"anonymous\"><\/script>\n<ins class=\"adsbygoogle\"\n     style=\"display:block; text-align:center;\"\n     data-ad-layout=\"in-article\"\n     data-ad-format=\"fluid\"\n     data-ad-client=\"ca-pub-5499304793904745\"\n     data-ad-slot=\"5994863093\"><\/ins>\n<script>\n     (adsbygoogle = window.adsbygoogle || []).push({});\n<\/script>\n\n\n\n<h3 class=\"wp-block-heading\">La inspiraci\u00f3n lo es todo<\/h3>\n\n\n<div class=\"wp-block-image\">\n<figure class=\"aligncenter size-large\"><img data-recalc-dims=\"1\" decoding=\"async\" width=\"809\" height=\"1024\" src=\"https:\/\/i0.wp.com\/zeromagazine.mx\/wp-content\/uploads\/2025\/05\/VALENTINO-GARAVANI-NELLCOTE-SUEDE-SHOULDER-BAG-WITH-FRINGES-4-809x1024.webp?resize=809%2C1024&#038;ssl=1\" alt=\"\" class=\"wp-image-103997\" srcset=\"https:\/\/i0.wp.com\/zeromagazine.mx\/wp-content\/uploads\/2025\/05\/VALENTINO-GARAVANI-NELLCOTE-SUEDE-SHOULDER-BAG-WITH-FRINGES-4.webp?resize=809%2C1024&amp;ssl=1 809w, https:\/\/i0.wp.com\/zeromagazine.mx\/wp-content\/uploads\/2025\/05\/VALENTINO-GARAVANI-NELLCOTE-SUEDE-SHOULDER-BAG-WITH-FRINGES-4.webp?resize=237%2C300&amp;ssl=1 237w, https:\/\/i0.wp.com\/zeromagazine.mx\/wp-content\/uploads\/2025\/05\/VALENTINO-GARAVANI-NELLCOTE-SUEDE-SHOULDER-BAG-WITH-FRINGES-4.webp?resize=768%2C972&amp;ssl=1 768w, https:\/\/i0.wp.com\/zeromagazine.mx\/wp-content\/uploads\/2025\/05\/VALENTINO-GARAVANI-NELLCOTE-SUEDE-SHOULDER-BAG-WITH-FRINGES-4.webp?resize=1214%2C1536&amp;ssl=1 1214w, https:\/\/i0.wp.com\/zeromagazine.mx\/wp-content\/uploads\/2025\/05\/VALENTINO-GARAVANI-NELLCOTE-SUEDE-SHOULDER-BAG-WITH-FRINGES-4.webp?w=1570&amp;ssl=1 1570w\" sizes=\"(max-width: 809px) 100vw, 809px\" \/><\/figure>\n<\/div>\n\n\n<p>El nombre de este modelo viene de <strong>Nellc\u00f4te<\/strong>, una villa m\u00edtica en Francia donde artistas y m\u00fasicos se perd\u00edan en creatividad y hedonismo. Literal, este bolso canaliza toda esa energ\u00eda de libertad, arte y desenfado. Es como si la bohemia se hubiera tatuado en cuero y ahora pudiera acompa\u00f1arte en tu day-to-day de Condesa a Coyoac\u00e1n.<\/p>\n\n\n\n<script async src=\"https:\/\/pagead2.googlesyndication.com\/pagead\/js\/adsbygoogle.js?client=ca-pub-5499304793904745\"\n     crossorigin=\"anonymous\"><\/script>\n<ins class=\"adsbygoogle\"\n     style=\"display:block; text-align:center;\"\n     data-ad-layout=\"in-article\"\n     data-ad-format=\"fluid\"\n     data-ad-client=\"ca-pub-5499304793904745\"\n     data-ad-slot=\"5994863093\"><\/ins>\n<script>\n     (adsbygoogle = window.adsbygoogle || []).push({});\n<\/script>\n\n\n\n<h3 class=\"wp-block-heading\">Una pieza para todes<\/h3>\n\n\n\n<p>El <strong>Valentino Gravani Nellc\u00f4te<\/strong> est\u00e1 disponible en tonos tierra, borgo\u00f1a y negro. O sea, colores que combinan con tu guardarropa c\u00e1psula, tu playlist retro y hasta tu mood existencial de domingo. Si eres de les que no siguen la moda, sino que la crean, este bolso es para ti. Pues como ves se acopla a cualquier vibe y estilo.<\/p>\n\n\n\n<figure class=\"wp-block-gallery has-nested-images columns-default is-cropped wp-block-gallery-2 is-layout-flex wp-block-gallery-is-layout-flex\">\n<figure class=\"wp-block-image size-large\"><img data-recalc-dims=\"1\" decoding=\"async\" width=\"683\" height=\"1024\" data-id=\"103995\" src=\"https:\/\/i0.wp.com\/zeromagazine.mx\/wp-content\/uploads\/2025\/05\/BELLA-HADID_2-683x1024.jpg?resize=683%2C1024&#038;ssl=1\" alt=\"\" class=\"wp-image-103995\" srcset=\"https:\/\/i0.wp.com\/zeromagazine.mx\/wp-content\/uploads\/2025\/05\/BELLA-HADID_2.jpg?resize=683%2C1024&amp;ssl=1 683w, https:\/\/i0.wp.com\/zeromagazine.mx\/wp-content\/uploads\/2025\/05\/BELLA-HADID_2.jpg?resize=200%2C300&amp;ssl=1 200w, https:\/\/i0.wp.com\/zeromagazine.mx\/wp-content\/uploads\/2025\/05\/BELLA-HADID_2.jpg?resize=768%2C1152&amp;ssl=1 768w, https:\/\/i0.wp.com\/zeromagazine.mx\/wp-content\/uploads\/2025\/05\/BELLA-HADID_2.jpg?resize=1024%2C1536&amp;ssl=1 1024w, https:\/\/i0.wp.com\/zeromagazine.mx\/wp-content\/uploads\/2025\/05\/BELLA-HADID_2.jpg?resize=1366%2C2048&amp;ssl=1 1366w, https:\/\/i0.wp.com\/zeromagazine.mx\/wp-content\/uploads\/2025\/05\/BELLA-HADID_2.jpg?w=1467&amp;ssl=1 1467w\" sizes=\"(max-width: 683px) 100vw, 683px\" \/><\/figure>\n\n\n\n<figure class=\"wp-block-image size-large\"><img data-recalc-dims=\"1\" decoding=\"async\" width=\"774\" height=\"1024\" data-id=\"103996\" src=\"https:\/\/i0.wp.com\/zeromagazine.mx\/wp-content\/uploads\/2025\/05\/ALEXA-CHUNG-774x1024.jpg?resize=774%2C1024&#038;ssl=1\" alt=\"\" class=\"wp-image-103996\" srcset=\"https:\/\/i0.wp.com\/zeromagazine.mx\/wp-content\/uploads\/2025\/05\/ALEXA-CHUNG.jpg?resize=774%2C1024&amp;ssl=1 774w, https:\/\/i0.wp.com\/zeromagazine.mx\/wp-content\/uploads\/2025\/05\/ALEXA-CHUNG.jpg?resize=227%2C300&amp;ssl=1 227w, https:\/\/i0.wp.com\/zeromagazine.mx\/wp-content\/uploads\/2025\/05\/ALEXA-CHUNG.jpg?resize=768%2C1016&amp;ssl=1 768w, https:\/\/i0.wp.com\/zeromagazine.mx\/wp-content\/uploads\/2025\/05\/ALEXA-CHUNG.jpg?resize=1161%2C1536&amp;ssl=1 1161w, https:\/\/i0.wp.com\/zeromagazine.mx\/wp-content\/uploads\/2025\/05\/ALEXA-CHUNG.jpg?resize=1548%2C2048&amp;ssl=1 1548w, https:\/\/i0.wp.com\/zeromagazine.mx\/wp-content\/uploads\/2025\/05\/ALEXA-CHUNG.jpg?w=1667&amp;ssl=1 1667w\" sizes=\"(max-width: 774px) 100vw, 774px\" \/><\/figure>\n<\/figure>\n\n\n\n<h3 class=\"wp-block-heading\">Consigue tu Valentino<\/h3>\n\n\n\n<p>Amix,<strong> Valentino Gravani Nellc\u00f4te<\/strong> es una pieza que revive la vibra bohemia; y que una vez marca tendencia.  Vale la pena tenerlo. Pero s\u00ed solo quieres verlo m\u00e1s de cerca y manifestarlo para t\u00fa closet,  o simplemente babearlo sin culpa, checa el sitio oficial de <a class=\"\" href=\"https:\/\/www.valentino.com\">Valentino<\/a>. Porque s\u00ed, amix, el lujo bohemio es lo que merecemos este 2025.<\/p>\n\n\n\n<script async src=\"https:\/\/pagead2.googlesyndication.com\/pagead\/js\/adsbygoogle.js?client=ca-pub-5499304793904745\"\n     crossorigin=\"anonymous\"><\/script>\n<ins class=\"adsbygoogle\"\n     style=\"display:block; text-align:center;\"\n     data-ad-layout=\"in-article\"\n     data-ad-format=\"fluid\"\n     data-ad-client=\"ca-pub-5499304793904745\"\n     data-ad-slot=\"5994863093\"><\/ins>\n<script>\n     (adsbygoogle = window.adsbygoogle || []).push({});\n<\/script>\n\n<!--themify_builder_content-->\n<div id=\"themify_builder_content-103992\" data-postid=\"103992\" class=\"themify_builder_content themify_builder_content-103992 themify_builder tf_clear\">\n    <\/div>\n<!--\/themify_builder_content-->","protected":false},"excerpt":{"rendered":"<p>Amix, \u00bfse acuerdan cuando so\u00f1\u00e1bamos con ese bolso que no fuera ni demasiado cl\u00e1sico ni full Y2K exagerado? Pues ya lleg\u00f3 y viene directo de la mente visionaria de Valentino. El Valentino Garavani Nellc\u00f4te es la definici\u00f3n perfecta de lujo bohemio mezclando vibes relajadas con detalles fancy que gritan: \u201cs\u00ed tengo estilo, pero no me [&hellip;]<\/p>\n","protected":false},"author":4,"featured_media":103998,"comment_status":"open","ping_status":"open","sticky":false,"template":"","format":"standard","meta":{"_jetpack_memberships_contains_paid_content":false,"footnotes":"","jetpack_publicize_message":"","jetpack_publicize_feature_enabled":true,"jetpack_social_post_already_shared":true,"jetpack_social_options":{"image_generator_settings":{"template":"highway","default_image_id":0,"font":"","enabled":false},"version":2}},"categories":[67],"tags":[1997,7029,9338,6811,13702],"class_list":["post-103992","post","type-post","status-publish","format-standard","has-post-thumbnail","hentry","category-moda","tag-accesorios","tag-bolsos","tag-estilo-bohemio","tag-valentino","tag-velentino-garavani-nellcote","has-post-title","has-post-date","has-post-category","has-post-tag","has-post-comment","has-post-author",""],"yoast_head":"<!-- This site is optimized with the Yoast SEO plugin v27.4 - https:\/\/yoast.com\/product\/yoast-seo-wordpress\/ -->\n<title>Valentino Revive El Estilo Bohemio - Zero Magazine<\/title>\n<meta name=\"description\" content=\"Descubre los detalles de Valentino Garavani Nellc\u00f4te, un modelo que revive el lujo y la vibra bohemia en este 2025\" \/>\n<meta name=\"robots\" content=\"index, follow, max-snippet:-1, max-image-preview:large, max-video-preview:-1\" \/>\n<link rel=\"canonical\" href=\"https:\/\/zeromagazine.mx\/index.php\/2025\/05\/15\/valentino-revive-el-estilo-bohemio\/\" \/>\n<meta property=\"og:locale\" content=\"es_ES\" \/>\n<meta property=\"og:type\" content=\"article\" \/>\n<meta property=\"og:title\" content=\"Valentino Revive El Estilo Bohemio - Zero Magazine\" \/>\n<meta property=\"og:description\" content=\"Descubre los detalles de Valentino Garavani Nellc\u00f4te, un modelo que revive el lujo y la vibra bohemia en este 2025\" \/>\n<meta property=\"og:url\" content=\"https:\/\/zeromagazine.mx\/index.php\/2025\/05\/15\/valentino-revive-el-estilo-bohemio\/\" \/>\n<meta property=\"og:site_name\" content=\"Zero Magazine\" \/>\n<meta property=\"article:published_time\" content=\"2025-05-15T14:00:00+00:00\" \/>\n<meta property=\"og:image\" content=\"https:\/\/i0.wp.com\/zeromagazine.mx\/wp-content\/uploads\/2025\/05\/VALENTINO-GARAVANI-NELLCOTE-SUEDE-SHOULDER-BAG-WITH-FRINGES-3.webp?fit=1570%2C1987&ssl=1\" \/>\n\t<meta property=\"og:image:width\" content=\"1570\" \/>\n\t<meta property=\"og:image:height\" content=\"1987\" \/>\n\t<meta property=\"og:image:type\" content=\"image\/webp\" \/>\n<meta name=\"author\" content=\"David Morales\" \/>\n<meta name=\"twitter:card\" content=\"summary_large_image\" \/>\n<meta name=\"twitter:label1\" content=\"Escrito por\" \/>\n\t<meta name=\"twitter:data1\" content=\"David Morales\" \/>\n\t<meta name=\"twitter:label2\" content=\"Tiempo de lectura\" \/>\n\t<meta name=\"twitter:data2\" content=\"3 minutos\" \/>\n<script type=\"application\/ld+json\" class=\"yoast-schema-graph\">{\"@context\":\"https:\\\/\\\/schema.org\",\"@graph\":[{\"@type\":\"Article\",\"@id\":\"https:\\\/\\\/zeromagazine.mx\\\/index.php\\\/2025\\\/05\\\/15\\\/valentino-revive-el-estilo-bohemio\\\/#article\",\"isPartOf\":{\"@id\":\"https:\\\/\\\/zeromagazine.mx\\\/index.php\\\/2025\\\/05\\\/15\\\/valentino-revive-el-estilo-bohemio\\\/\"},\"author\":{\"name\":\"David Morales\",\"@id\":\"https:\\\/\\\/zeromagazine.mx\\\/#\\\/schema\\\/person\\\/9f7f1a17c60ba8e9980e3e6677aabe5a\"},\"headline\":\"Valentino Revive El Estilo Bohemio\",\"datePublished\":\"2025-05-15T14:00:00+00:00\",\"mainEntityOfPage\":{\"@id\":\"https:\\\/\\\/zeromagazine.mx\\\/index.php\\\/2025\\\/05\\\/15\\\/valentino-revive-el-estilo-bohemio\\\/\"},\"wordCount\":327,\"commentCount\":0,\"publisher\":{\"@id\":\"https:\\\/\\\/zeromagazine.mx\\\/#organization\"},\"image\":{\"@id\":\"https:\\\/\\\/zeromagazine.mx\\\/index.php\\\/2025\\\/05\\\/15\\\/valentino-revive-el-estilo-bohemio\\\/#primaryimage\"},\"thumbnailUrl\":\"https:\\\/\\\/i0.wp.com\\\/zeromagazine.mx\\\/wp-content\\\/uploads\\\/2025\\\/05\\\/VALENTINO-GARAVANI-NELLCOTE-SUEDE-SHOULDER-BAG-WITH-FRINGES-3.webp?fit=1570%2C1987&ssl=1\",\"keywords\":[\"Accesorios\",\"Bolsos\",\"Estilo Bohemio\",\"Valentino\",\"Velentino Garavani Nellc\u00f4te\"],\"articleSection\":[\"Moda\"],\"inLanguage\":\"es\",\"potentialAction\":[{\"@type\":\"CommentAction\",\"name\":\"Comment\",\"target\":[\"https:\\\/\\\/zeromagazine.mx\\\/index.php\\\/2025\\\/05\\\/15\\\/valentino-revive-el-estilo-bohemio\\\/#respond\"]}]},{\"@type\":\"WebPage\",\"@id\":\"https:\\\/\\\/zeromagazine.mx\\\/index.php\\\/2025\\\/05\\\/15\\\/valentino-revive-el-estilo-bohemio\\\/\",\"url\":\"https:\\\/\\\/zeromagazine.mx\\\/index.php\\\/2025\\\/05\\\/15\\\/valentino-revive-el-estilo-bohemio\\\/\",\"name\":\"Valentino Revive El Estilo Bohemio - Zero Magazine\",\"isPartOf\":{\"@id\":\"https:\\\/\\\/zeromagazine.mx\\\/#website\"},\"primaryImageOfPage\":{\"@id\":\"https:\\\/\\\/zeromagazine.mx\\\/index.php\\\/2025\\\/05\\\/15\\\/valentino-revive-el-estilo-bohemio\\\/#primaryimage\"},\"image\":{\"@id\":\"https:\\\/\\\/zeromagazine.mx\\\/index.php\\\/2025\\\/05\\\/15\\\/valentino-revive-el-estilo-bohemio\\\/#primaryimage\"},\"thumbnailUrl\":\"https:\\\/\\\/i0.wp.com\\\/zeromagazine.mx\\\/wp-content\\\/uploads\\\/2025\\\/05\\\/VALENTINO-GARAVANI-NELLCOTE-SUEDE-SHOULDER-BAG-WITH-FRINGES-3.webp?fit=1570%2C1987&ssl=1\",\"datePublished\":\"2025-05-15T14:00:00+00:00\",\"description\":\"Descubre los detalles de Valentino Garavani Nellc\u00f4te, un modelo que revive el lujo y la vibra bohemia en este 2025\",\"breadcrumb\":{\"@id\":\"https:\\\/\\\/zeromagazine.mx\\\/index.php\\\/2025\\\/05\\\/15\\\/valentino-revive-el-estilo-bohemio\\\/#breadcrumb\"},\"inLanguage\":\"es\",\"potentialAction\":[{\"@type\":\"ReadAction\",\"target\":[\"https:\\\/\\\/zeromagazine.mx\\\/index.php\\\/2025\\\/05\\\/15\\\/valentino-revive-el-estilo-bohemio\\\/\"]}]},{\"@type\":\"ImageObject\",\"inLanguage\":\"es\",\"@id\":\"https:\\\/\\\/zeromagazine.mx\\\/index.php\\\/2025\\\/05\\\/15\\\/valentino-revive-el-estilo-bohemio\\\/#primaryimage\",\"url\":\"https:\\\/\\\/i0.wp.com\\\/zeromagazine.mx\\\/wp-content\\\/uploads\\\/2025\\\/05\\\/VALENTINO-GARAVANI-NELLCOTE-SUEDE-SHOULDER-BAG-WITH-FRINGES-3.webp?fit=1570%2C1987&ssl=1\",\"contentUrl\":\"https:\\\/\\\/i0.wp.com\\\/zeromagazine.mx\\\/wp-content\\\/uploads\\\/2025\\\/05\\\/VALENTINO-GARAVANI-NELLCOTE-SUEDE-SHOULDER-BAG-WITH-FRINGES-3.webp?fit=1570%2C1987&ssl=1\",\"width\":1570,\"height\":1987},{\"@type\":\"BreadcrumbList\",\"@id\":\"https:\\\/\\\/zeromagazine.mx\\\/index.php\\\/2025\\\/05\\\/15\\\/valentino-revive-el-estilo-bohemio\\\/#breadcrumb\",\"itemListElement\":[{\"@type\":\"ListItem\",\"position\":1,\"name\":\"Portada\",\"item\":\"https:\\\/\\\/zeromagazine.mx\\\/\"},{\"@type\":\"ListItem\",\"position\":2,\"name\":\"Valentino Revive El Estilo Bohemio\"}]},{\"@type\":\"WebSite\",\"@id\":\"https:\\\/\\\/zeromagazine.mx\\\/#website\",\"url\":\"https:\\\/\\\/zeromagazine.mx\\\/\",\"name\":\"Zero Magazine\",\"description\":\"\",\"publisher\":{\"@id\":\"https:\\\/\\\/zeromagazine.mx\\\/#organization\"},\"potentialAction\":[{\"@type\":\"SearchAction\",\"target\":{\"@type\":\"EntryPoint\",\"urlTemplate\":\"https:\\\/\\\/zeromagazine.mx\\\/?s={search_term_string}\"},\"query-input\":{\"@type\":\"PropertyValueSpecification\",\"valueRequired\":true,\"valueName\":\"search_term_string\"}}],\"inLanguage\":\"es\"},{\"@type\":\"Organization\",\"@id\":\"https:\\\/\\\/zeromagazine.mx\\\/#organization\",\"name\":\"Zero Magazine\",\"url\":\"https:\\\/\\\/zeromagazine.mx\\\/\",\"logo\":{\"@type\":\"ImageObject\",\"inLanguage\":\"es\",\"@id\":\"https:\\\/\\\/zeromagazine.mx\\\/#\\\/schema\\\/logo\\\/image\\\/\",\"url\":\"https:\\\/\\\/i0.wp.com\\\/zeromagazine.mx\\\/wp-content\\\/uploads\\\/2025\\\/11\\\/1.jpeg?fit=1000%2C1000&ssl=1\",\"contentUrl\":\"https:\\\/\\\/i0.wp.com\\\/zeromagazine.mx\\\/wp-content\\\/uploads\\\/2025\\\/11\\\/1.jpeg?fit=1000%2C1000&ssl=1\",\"width\":1000,\"height\":1000,\"caption\":\"Zero Magazine\"},\"image\":{\"@id\":\"https:\\\/\\\/zeromagazine.mx\\\/#\\\/schema\\\/logo\\\/image\\\/\"},\"sameAs\":[\"https:\\\/\\\/instagram.com\\\/zeromagazinemx\"]},{\"@type\":\"Person\",\"@id\":\"https:\\\/\\\/zeromagazine.mx\\\/#\\\/schema\\\/person\\\/9f7f1a17c60ba8e9980e3e6677aabe5a\",\"name\":\"David Morales\",\"image\":{\"@type\":\"ImageObject\",\"inLanguage\":\"es\",\"@id\":\"https:\\\/\\\/zeromagazine.mx\\\/wp-content\\\/litespeed\\\/avatar\\\/76069d2136bfc1c37dc34815bb67ca42.jpg?ver=1776966186\",\"url\":\"https:\\\/\\\/zeromagazine.mx\\\/wp-content\\\/litespeed\\\/avatar\\\/76069d2136bfc1c37dc34815bb67ca42.jpg?ver=1776966186\",\"contentUrl\":\"https:\\\/\\\/zeromagazine.mx\\\/wp-content\\\/litespeed\\\/avatar\\\/76069d2136bfc1c37dc34815bb67ca42.jpg?ver=1776966186\",\"caption\":\"David Morales\"},\"url\":\"https:\\\/\\\/zeromagazine.mx\\\/index.php\\\/author\\\/david\\\/\"}]}<\/script>\n<!-- \/ Yoast SEO plugin. -->","yoast_head_json":{"title":"Valentino Revive El Estilo Bohemio - Zero Magazine","description":"Descubre los detalles de Valentino Garavani Nellc\u00f4te, un modelo que revive el lujo y la vibra bohemia en este 2025","robots":{"index":"index","follow":"follow","max-snippet":"max-snippet:-1","max-image-preview":"max-image-preview:large","max-video-preview":"max-video-preview:-1"},"canonical":"https:\/\/zeromagazine.mx\/index.php\/2025\/05\/15\/valentino-revive-el-estilo-bohemio\/","og_locale":"es_ES","og_type":"article","og_title":"Valentino Revive El Estilo Bohemio - Zero Magazine","og_description":"Descubre los detalles de Valentino Garavani Nellc\u00f4te, un modelo que revive el lujo y la vibra bohemia en este 2025","og_url":"https:\/\/zeromagazine.mx\/index.php\/2025\/05\/15\/valentino-revive-el-estilo-bohemio\/","og_site_name":"Zero Magazine","article_published_time":"2025-05-15T14:00:00+00:00","og_image":[{"width":1570,"height":1987,"url":"https:\/\/i0.wp.com\/zeromagazine.mx\/wp-content\/uploads\/2025\/05\/VALENTINO-GARAVANI-NELLCOTE-SUEDE-SHOULDER-BAG-WITH-FRINGES-3.webp?fit=1570%2C1987&ssl=1","type":"image\/webp"}],"author":"David Morales","twitter_card":"summary_large_image","twitter_misc":{"Escrito por":"David Morales","Tiempo de lectura":"3 minutos"},"schema":{"@context":"https:\/\/schema.org","@graph":[{"@type":"Article","@id":"https:\/\/zeromagazine.mx\/index.php\/2025\/05\/15\/valentino-revive-el-estilo-bohemio\/#article","isPartOf":{"@id":"https:\/\/zeromagazine.mx\/index.php\/2025\/05\/15\/valentino-revive-el-estilo-bohemio\/"},"author":{"name":"David Morales","@id":"https:\/\/zeromagazine.mx\/#\/schema\/person\/9f7f1a17c60ba8e9980e3e6677aabe5a"},"headline":"Valentino Revive El Estilo Bohemio","datePublished":"2025-05-15T14:00:00+00:00","mainEntityOfPage":{"@id":"https:\/\/zeromagazine.mx\/index.php\/2025\/05\/15\/valentino-revive-el-estilo-bohemio\/"},"wordCount":327,"commentCount":0,"publisher":{"@id":"https:\/\/zeromagazine.mx\/#organization"},"image":{"@id":"https:\/\/zeromagazine.mx\/index.php\/2025\/05\/15\/valentino-revive-el-estilo-bohemio\/#primaryimage"},"thumbnailUrl":"https:\/\/i0.wp.com\/zeromagazine.mx\/wp-content\/uploads\/2025\/05\/VALENTINO-GARAVANI-NELLCOTE-SUEDE-SHOULDER-BAG-WITH-FRINGES-3.webp?fit=1570%2C1987&ssl=1","keywords":["Accesorios","Bolsos","Estilo Bohemio","Valentino","Velentino Garavani Nellc\u00f4te"],"articleSection":["Moda"],"inLanguage":"es","potentialAction":[{"@type":"CommentAction","name":"Comment","target":["https:\/\/zeromagazine.mx\/index.php\/2025\/05\/15\/valentino-revive-el-estilo-bohemio\/#respond"]}]},{"@type":"WebPage","@id":"https:\/\/zeromagazine.mx\/index.php\/2025\/05\/15\/valentino-revive-el-estilo-bohemio\/","url":"https:\/\/zeromagazine.mx\/index.php\/2025\/05\/15\/valentino-revive-el-estilo-bohemio\/","name":"Valentino Revive El Estilo Bohemio - Zero Magazine","isPartOf":{"@id":"https:\/\/zeromagazine.mx\/#website"},"primaryImageOfPage":{"@id":"https:\/\/zeromagazine.mx\/index.php\/2025\/05\/15\/valentino-revive-el-estilo-bohemio\/#primaryimage"},"image":{"@id":"https:\/\/zeromagazine.mx\/index.php\/2025\/05\/15\/valentino-revive-el-estilo-bohemio\/#primaryimage"},"thumbnailUrl":"https:\/\/i0.wp.com\/zeromagazine.mx\/wp-content\/uploads\/2025\/05\/VALENTINO-GARAVANI-NELLCOTE-SUEDE-SHOULDER-BAG-WITH-FRINGES-3.webp?fit=1570%2C1987&ssl=1","datePublished":"2025-05-15T14:00:00+00:00","description":"Descubre los detalles de Valentino Garavani Nellc\u00f4te, un modelo que revive el lujo y la vibra bohemia en este 2025","breadcrumb":{"@id":"https:\/\/zeromagazine.mx\/index.php\/2025\/05\/15\/valentino-revive-el-estilo-bohemio\/#breadcrumb"},"inLanguage":"es","potentialAction":[{"@type":"ReadAction","target":["https:\/\/zeromagazine.mx\/index.php\/2025\/05\/15\/valentino-revive-el-estilo-bohemio\/"]}]},{"@type":"ImageObject","inLanguage":"es","@id":"https:\/\/zeromagazine.mx\/index.php\/2025\/05\/15\/valentino-revive-el-estilo-bohemio\/#primaryimage","url":"https:\/\/i0.wp.com\/zeromagazine.mx\/wp-content\/uploads\/2025\/05\/VALENTINO-GARAVANI-NELLCOTE-SUEDE-SHOULDER-BAG-WITH-FRINGES-3.webp?fit=1570%2C1987&ssl=1","contentUrl":"https:\/\/i0.wp.com\/zeromagazine.mx\/wp-content\/uploads\/2025\/05\/VALENTINO-GARAVANI-NELLCOTE-SUEDE-SHOULDER-BAG-WITH-FRINGES-3.webp?fit=1570%2C1987&ssl=1","width":1570,"height":1987},{"@type":"BreadcrumbList","@id":"https:\/\/zeromagazine.mx\/index.php\/2025\/05\/15\/valentino-revive-el-estilo-bohemio\/#breadcrumb","itemListElement":[{"@type":"ListItem","position":1,"name":"Portada","item":"https:\/\/zeromagazine.mx\/"},{"@type":"ListItem","position":2,"name":"Valentino Revive El Estilo Bohemio"}]},{"@type":"WebSite","@id":"https:\/\/zeromagazine.mx\/#website","url":"https:\/\/zeromagazine.mx\/","name":"Zero Magazine","description":"","publisher":{"@id":"https:\/\/zeromagazine.mx\/#organization"},"potentialAction":[{"@type":"SearchAction","target":{"@type":"EntryPoint","urlTemplate":"https:\/\/zeromagazine.mx\/?s={search_term_string}"},"query-input":{"@type":"PropertyValueSpecification","valueRequired":true,"valueName":"search_term_string"}}],"inLanguage":"es"},{"@type":"Organization","@id":"https:\/\/zeromagazine.mx\/#organization","name":"Zero Magazine","url":"https:\/\/zeromagazine.mx\/","logo":{"@type":"ImageObject","inLanguage":"es","@id":"https:\/\/zeromagazine.mx\/#\/schema\/logo\/image\/","url":"https:\/\/i0.wp.com\/zeromagazine.mx\/wp-content\/uploads\/2025\/11\/1.jpeg?fit=1000%2C1000&ssl=1","contentUrl":"https:\/\/i0.wp.com\/zeromagazine.mx\/wp-content\/uploads\/2025\/11\/1.jpeg?fit=1000%2C1000&ssl=1","width":1000,"height":1000,"caption":"Zero Magazine"},"image":{"@id":"https:\/\/zeromagazine.mx\/#\/schema\/logo\/image\/"},"sameAs":["https:\/\/instagram.com\/zeromagazinemx"]},{"@type":"Person","@id":"https:\/\/zeromagazine.mx\/#\/schema\/person\/9f7f1a17c60ba8e9980e3e6677aabe5a","name":"David Morales","image":{"@type":"ImageObject","inLanguage":"es","@id":"https:\/\/zeromagazine.mx\/wp-content\/litespeed\/avatar\/76069d2136bfc1c37dc34815bb67ca42.jpg?ver=1776966186","url":"https:\/\/zeromagazine.mx\/wp-content\/litespeed\/avatar\/76069d2136bfc1c37dc34815bb67ca42.jpg?ver=1776966186","contentUrl":"https:\/\/zeromagazine.mx\/wp-content\/litespeed\/avatar\/76069d2136bfc1c37dc34815bb67ca42.jpg?ver=1776966186","caption":"David Morales"},"url":"https:\/\/zeromagazine.mx\/index.php\/author\/david\/"}]}},"jetpack_publicize_connections":[],"jetpack_featured_media_url":"https:\/\/i0.wp.com\/zeromagazine.mx\/wp-content\/uploads\/2025\/05\/VALENTINO-GARAVANI-NELLCOTE-SUEDE-SHOULDER-BAG-WITH-FRINGES-3.webp?fit=1570%2C1987&ssl=1","jetpack-related-posts":[{"id":77118,"url":"https:\/\/zeromagazine.mx\/index.php\/2024\/06\/04\/valentino-garavani-descubre-las-mejores-opciones-para-el-dia-del-padre\/","url_meta":{"origin":103992,"position":0},"title":"Valentino Garavani: Descubre las Mejores Opciones para el D\u00eda del Padre","author":"David Morales","date":"4 de junio de 2024","format":false,"excerpt":"Este D\u00eda del Padre, tenemos algo s\u00faper especial para pap\u00e1: la selecci\u00f3n de piezas de Valentino Garavani. Ya saben que cuando se trata de estilo y sofisticaci\u00f3n, Valentino nunca decepciona, y esta colecci\u00f3n lo demuestra. Comencemos con los sneakers. \u00bfSe imaginan a pap\u00e1 luciendo unos Valentino Garavani Freedots? \u00a1Son lo\u2026","rel":"","context":"En \u00abModa\u00bb","block_context":{"text":"Moda","link":"https:\/\/zeromagazine.mx\/index.php\/category\/moda\/"},"img":{"alt_text":"","src":"https:\/\/i0.wp.com\/zeromagazine.mx\/wp-content\/uploads\/2024\/06\/5V3MG13AA8C0NO-ecommerce-4.jpg?fit=949%2C1200&ssl=1&resize=350%2C200","width":350,"height":200,"srcset":"https:\/\/i0.wp.com\/zeromagazine.mx\/wp-content\/uploads\/2024\/06\/5V3MG13AA8C0NO-ecommerce-4.jpg?fit=949%2C1200&ssl=1&resize=350%2C200 1x, https:\/\/i0.wp.com\/zeromagazine.mx\/wp-content\/uploads\/2024\/06\/5V3MG13AA8C0NO-ecommerce-4.jpg?fit=949%2C1200&ssl=1&resize=525%2C300 1.5x, https:\/\/i0.wp.com\/zeromagazine.mx\/wp-content\/uploads\/2024\/06\/5V3MG13AA8C0NO-ecommerce-4.jpg?fit=949%2C1200&ssl=1&resize=700%2C400 2x"},"classes":[]},{"id":72689,"url":"https:\/\/zeromagazine.mx\/index.php\/2024\/03\/28\/regalos-de-lujo-para-mama-las-exquisitas-propuestas-de-valentino-garavani\/","url_meta":{"origin":103992,"position":1},"title":"Regalos de lujo para mam\u00e1: Las exquisitas propuestas de Valentino Garavani","author":"zeromagazinemx","date":"28 de marzo de 2024","format":false,"excerpt":"Este D\u00eda de las Madres, quiero compartir con ustedes una selecci\u00f3n de opciones que simplemente no pueden dejar pasar. Valentino Garavani nos sorprende una vez m\u00e1s con una colecci\u00f3n curada pensada especialmente para celebrar a esas reinas que nos dieron la vida. As\u00ed que prep\u00e1rense para descubrir algunas joyitas que\u2026","rel":"","context":"En \u00abDise\u00f1o\u00bb","block_context":{"text":"Dise\u00f1o","link":"https:\/\/zeromagazine.mx\/index.php\/category\/diseno\/"},"img":{"alt_text":"","src":"https:\/\/i0.wp.com\/zeromagazine.mx\/wp-content\/uploads\/2024\/03\/5W2B0N86WNR_39L-scaled.jpg?resize=350%2C200&ssl=1","width":350,"height":200,"srcset":"https:\/\/i0.wp.com\/zeromagazine.mx\/wp-content\/uploads\/2024\/03\/5W2B0N86WNR_39L-scaled.jpg?resize=350%2C200&ssl=1 1x, https:\/\/i0.wp.com\/zeromagazine.mx\/wp-content\/uploads\/2024\/03\/5W2B0N86WNR_39L-scaled.jpg?resize=525%2C300&ssl=1 1.5x, https:\/\/i0.wp.com\/zeromagazine.mx\/wp-content\/uploads\/2024\/03\/5W2B0N86WNR_39L-scaled.jpg?resize=700%2C400&ssl=1 2x, https:\/\/i0.wp.com\/zeromagazine.mx\/wp-content\/uploads\/2024\/03\/5W2B0N86WNR_39L-scaled.jpg?resize=1050%2C600&ssl=1 3x, https:\/\/i0.wp.com\/zeromagazine.mx\/wp-content\/uploads\/2024\/03\/5W2B0N86WNR_39L-scaled.jpg?resize=1400%2C800&ssl=1 4x"},"classes":[]},{"id":87823,"url":"https:\/\/zeromagazine.mx\/index.php\/2024\/10\/21\/bolsos-valentino-tu-estilo-tu-historia\/","url_meta":{"origin":103992,"position":2},"title":"\u00abBolsos Valentino: Tu Estilo, Tu Historia\u00bb","author":"zeromagazinemx","date":"21 de octubre de 2024","format":false,"excerpt":"\u00a1Hola, fashionistas! Si eres de los que siempre est\u00e1 buscando las \u00faltimas tendencias en la moda, hoy les traigo las novedades m\u00e1s chic de Maison Valentino, que ha lanzado dos bolsos irresistibles: el\u00a0Valentino Garavani 9to5\u00a0y el\u00a0Valentino Garavani Viva Superstar. Estos bolsos son parte de la colecci\u00f3n\u00a0Valentino Avant Les D\u00e9buts Primavera\u2026","rel":"","context":"En \u00abModa\u00bb","block_context":{"text":"Moda","link":"https:\/\/zeromagazine.mx\/index.php\/category\/moda\/"},"img":{"alt_text":"","src":"https:\/\/i0.wp.com\/zeromagazine.mx\/wp-content\/uploads\/2024\/10\/Valentino-Garavani-Viva-Superstar-bag-4.jpg?fit=800%2C1200&ssl=1&resize=350%2C200","width":350,"height":200,"srcset":"https:\/\/i0.wp.com\/zeromagazine.mx\/wp-content\/uploads\/2024\/10\/Valentino-Garavani-Viva-Superstar-bag-4.jpg?fit=800%2C1200&ssl=1&resize=350%2C200 1x, https:\/\/i0.wp.com\/zeromagazine.mx\/wp-content\/uploads\/2024\/10\/Valentino-Garavani-Viva-Superstar-bag-4.jpg?fit=800%2C1200&ssl=1&resize=525%2C300 1.5x, https:\/\/i0.wp.com\/zeromagazine.mx\/wp-content\/uploads\/2024\/10\/Valentino-Garavani-Viva-Superstar-bag-4.jpg?fit=800%2C1200&ssl=1&resize=700%2C400 2x"},"classes":[]},{"id":74525,"url":"https:\/\/zeromagazine.mx\/index.php\/2024\/04\/22\/regalos-de-valentino-para-papa\/","url_meta":{"origin":103992,"position":3},"title":"Regalos de Valentino para Pap\u00e1","author":"zeromagazinemx","date":"22 de abril de 2024","format":false,"excerpt":"Este D\u00eda del Padre, d\u00e9jenme contarles algo incre\u00edble: Valentino Garavani tiene todo lo que necesitamos para hacer de este d\u00eda una celebraci\u00f3n verdaderamente especial para nuestros pap\u00e1s. Con piezas que combinan la sofisticaci\u00f3n con el dise\u00f1o innovador y el detalle artesanal, estamos ante la oportunidad perfecta para sorprender a nuestros\u2026","rel":"","context":"En \u00abModa\u00bb","block_context":{"text":"Moda","link":"https:\/\/zeromagazine.mx\/index.php\/category\/moda\/"},"img":{"alt_text":"","src":"https:\/\/i0.wp.com\/zeromagazine.mx\/wp-content\/uploads\/2024\/04\/5Y2B0C62CSHY20-preshooting-0-scaled.jpg?fit=800%2C1200&ssl=1&resize=350%2C200","width":350,"height":200,"srcset":"https:\/\/i0.wp.com\/zeromagazine.mx\/wp-content\/uploads\/2024\/04\/5Y2B0C62CSHY20-preshooting-0-scaled.jpg?fit=800%2C1200&ssl=1&resize=350%2C200 1x, https:\/\/i0.wp.com\/zeromagazine.mx\/wp-content\/uploads\/2024\/04\/5Y2B0C62CSHY20-preshooting-0-scaled.jpg?fit=800%2C1200&ssl=1&resize=525%2C300 1.5x, https:\/\/i0.wp.com\/zeromagazine.mx\/wp-content\/uploads\/2024\/04\/5Y2B0C62CSHY20-preshooting-0-scaled.jpg?fit=800%2C1200&ssl=1&resize=700%2C400 2x"},"classes":[]},{"id":88897,"url":"https:\/\/zeromagazine.mx\/index.php\/2024\/10\/31\/valentino-vibes-para-esta-temporada\/","url_meta":{"origin":103992,"position":4},"title":"\u00abValentino Vibes para Esta Temporada\u00bb","author":"zeromagazinemx","date":"31 de octubre de 2024","format":false,"excerpt":"La temporada de fiestas, eventos y regalos cool est\u00e1 aqu\u00ed, y \u00bfguess what? Valentino nos trae un game-changer con su colecci\u00f3n Avant Les D\u00e9buts Primavera 2025. Dise\u00f1ada por el mega-talented Alessandro Michele, esta colecci\u00f3n tiene piezas que combinan vibes boho chic con un toque de elegancia cl\u00e1sica. Ya sea que\u2026","rel":"","context":"En \u00abModa\u00bb","block_context":{"text":"Moda","link":"https:\/\/zeromagazine.mx\/index.php\/category\/moda\/"},"img":{"alt_text":"","src":"https:\/\/i0.wp.com\/zeromagazine.mx\/wp-content\/uploads\/2024\/10\/014_VALENTINO-SPRING-25_DETAILS-scaled.jpg?fit=801%2C1200&ssl=1&resize=350%2C200","width":350,"height":200,"srcset":"https:\/\/i0.wp.com\/zeromagazine.mx\/wp-content\/uploads\/2024\/10\/014_VALENTINO-SPRING-25_DETAILS-scaled.jpg?fit=801%2C1200&ssl=1&resize=350%2C200 1x, https:\/\/i0.wp.com\/zeromagazine.mx\/wp-content\/uploads\/2024\/10\/014_VALENTINO-SPRING-25_DETAILS-scaled.jpg?fit=801%2C1200&ssl=1&resize=525%2C300 1.5x, https:\/\/i0.wp.com\/zeromagazine.mx\/wp-content\/uploads\/2024\/10\/014_VALENTINO-SPRING-25_DETAILS-scaled.jpg?fit=801%2C1200&ssl=1&resize=700%2C400 2x"},"classes":[]},{"id":70220,"url":"https:\/\/zeromagazine.mx\/index.php\/2024\/01\/05\/valentino-x-porter-fusion-de-estilos-moda-explosiva\/","url_meta":{"origin":103992,"position":5},"title":"Valentino x PORTER: Fusi\u00f3n de Estilos, Moda Explosiva","author":"David Morales","date":"5 de enero de 2024","format":false,"excerpt":"\u00bfQui\u00e9n dijo que la moda no pod\u00eda ser una conversaci\u00f3n entre mundos distintos? Checa esta nueva colaboraci\u00f3n que se avent\u00f3 Valentino Garavani con PORTER, \u00a1y es todo un viaje estiloso! O sea, imag\u00ednate, la onda de la refinada artesan\u00eda japonesa mezclada con la est\u00e9tica de la Maison Valentino. Es como\u2026","rel":"","context":"En \u00abLifestyle\u00bb","block_context":{"text":"Lifestyle","link":"https:\/\/zeromagazine.mx\/index.php\/category\/lifestyle\/"},"img":{"alt_text":"","src":"https:\/\/i0.wp.com\/zeromagazine.mx\/wp-content\/uploads\/2024\/01\/imagen_2024-01-04_184015442.png?fit=1080%2C1080&ssl=1&resize=350%2C200","width":350,"height":200,"srcset":"https:\/\/i0.wp.com\/zeromagazine.mx\/wp-content\/uploads\/2024\/01\/imagen_2024-01-04_184015442.png?fit=1080%2C1080&ssl=1&resize=350%2C200 1x, https:\/\/i0.wp.com\/zeromagazine.mx\/wp-content\/uploads\/2024\/01\/imagen_2024-01-04_184015442.png?fit=1080%2C1080&ssl=1&resize=525%2C300 1.5x, https:\/\/i0.wp.com\/zeromagazine.mx\/wp-content\/uploads\/2024\/01\/imagen_2024-01-04_184015442.png?fit=1080%2C1080&ssl=1&resize=700%2C400 2x, https:\/\/i0.wp.com\/zeromagazine.mx\/wp-content\/uploads\/2024\/01\/imagen_2024-01-04_184015442.png?fit=1080%2C1080&ssl=1&resize=1050%2C600 3x"},"classes":[]}],"jetpack_sharing_enabled":true,"builder_content":"","_links":{"self":[{"href":"https:\/\/zeromagazine.mx\/index.php\/wp-json\/wp\/v2\/posts\/103992","targetHints":{"allow":["GET"]}}],"collection":[{"href":"https:\/\/zeromagazine.mx\/index.php\/wp-json\/wp\/v2\/posts"}],"about":[{"href":"https:\/\/zeromagazine.mx\/index.php\/wp-json\/wp\/v2\/types\/post"}],"author":[{"embeddable":true,"href":"https:\/\/zeromagazine.mx\/index.php\/wp-json\/wp\/v2\/users\/4"}],"replies":[{"embeddable":true,"href":"https:\/\/zeromagazine.mx\/index.php\/wp-json\/wp\/v2\/comments?post=103992"}],"version-history":[{"count":3,"href":"https:\/\/zeromagazine.mx\/index.php\/wp-json\/wp\/v2\/posts\/103992\/revisions"}],"predecessor-version":[{"id":104002,"href":"https:\/\/zeromagazine.mx\/index.php\/wp-json\/wp\/v2\/posts\/103992\/revisions\/104002"}],"wp:featuredmedia":[{"embeddable":true,"href":"https:\/\/zeromagazine.mx\/index.php\/wp-json\/wp\/v2\/media\/103998"}],"wp:attachment":[{"href":"https:\/\/zeromagazine.mx\/index.php\/wp-json\/wp\/v2\/media?parent=103992"}],"wp:term":[{"taxonomy":"category","embeddable":true,"href":"https:\/\/zeromagazine.mx\/index.php\/wp-json\/wp\/v2\/categories?post=103992"},{"taxonomy":"post_tag","embeddable":true,"href":"https:\/\/zeromagazine.mx\/index.php\/wp-json\/wp\/v2\/tags?post=103992"}],"curies":[{"name":"wp","href":"https:\/\/api.w.org\/{rel}","templated":true}]}}