{"id":104150,"date":"2025-05-15T13:20:52","date_gmt":"2025-05-15T19:20:52","guid":{"rendered":"https:\/\/zeromagazine.mx\/?p=104150"},"modified":"2025-05-15T13:21:26","modified_gmt":"2025-05-15T19:21:26","slug":"el-cielo-llora-conmigo-y-amor-espera-la-voz-sincera-de-yey-r","status":"publish","type":"post","link":"https:\/\/zeromagazine.mx\/index.php\/2025\/05\/15\/el-cielo-llora-conmigo-y-amor-espera-la-voz-sincera-de-yey-r\/","title":{"rendered":"El Cielo llora Conmigo y Amor Espera: la voz sincera de Yey-R"},"content":{"rendered":"<p><strong>Yey-R<\/strong> es un artista emergente que promete consolidarse dentro del mundo del pop en espa\u00f1ol. Tras el lanzamiento de sus dos \u00faltimos sencillos, <em>\u00abEl cielo llora conmigo\u00bb<\/em> y <em>\u00abAmor espera\u00bb<\/em> \u2014una emotiva colaboraci\u00f3n con Belinda Ur\u00edas\u2014, el cantautor nos invita a conocer el trasfondo emocional, creativo y personal que da vida a su m\u00fasica. En esta conversaci\u00f3n \u00edntima, Yey-R nos habla sobre su proceso art\u00edstico, la importancia de conectar con el p\u00fablico, la influencia de su mentor Juan Solo, y el sue\u00f1o de salir de gira para compartir su universo musical con m\u00e1s personas.<\/p>\n\n\n\n<h3 class=\"wp-block-heading\"><strong>1. Tus dos \u00faltimos lanzamientos, \u201cEl cielo llora conmigo\u201d y \u201cAmor espera\u201d junto a Belinda Ur\u00edas, tienen una carga emocional muy fuerte, pero distinta. \u00bfQu\u00e9 representa cada una en tu vida?<\/strong><\/h3>\n\n\n\n<p>Yey-R menciona que <em>\u201cEl cielo llora conmigo\u201d<\/em> fue su segundo sencillo, una balada que escribi\u00f3 junto con Juan Solo. Recuerda el proceso como algo muy especial y significativo. Por otro lado, cuenta que <em>\u201cAmor espera\u201d<\/em> naci\u00f3 originalmente como una canci\u00f3n en ingl\u00e9s titulada <em>Better<\/em>. \u00c9l sent\u00eda que ten\u00eda mucho potencial, por lo que intent\u00f3 traducirla al espa\u00f1ol, pero no qued\u00f3 como esperaba. Entonces decidi\u00f3 mostr\u00e1rsela a Juan Solo, quien le ayud\u00f3 a adaptarla, d\u00e1ndole libertad interpretativa. Lo \u00fanico que Yey-R pidi\u00f3 fue que la canci\u00f3n se titulara <em>Amor espera<\/em>. Al grabarla, sinti\u00f3 que algo faltaba: una voz femenina. Pens\u00f3 inmediatamente en Belinda Ur\u00edas, y al integrarla, la conexi\u00f3n entre ambas voces le dio a la canci\u00f3n una sensaci\u00f3n m\u00e1s org\u00e1nica y emotiva.<\/p>\n\n\n\n<h3 class=\"wp-block-heading\"><strong>2. \u201cAmor espera\u201d tiene m\u00e1s de un mes de haber salido. \u00bfC\u00f3mo naci\u00f3 esta colaboraci\u00f3n con Belinda Ur\u00edas y qu\u00e9 fue lo que m\u00e1s te gust\u00f3 de trabajar con ella?<\/strong><\/h3>\n\n\n\n<p>La colaboraci\u00f3n surgi\u00f3 del deseo de hacer un dueto. Aunque Juan Solo le propuso lanzar una convocatoria, \u00e9l ten\u00eda muy claro que quer\u00eda que fuera Belinda Ur\u00edas quien lo acompa\u00f1ara. A pesar de que Belinda no hab\u00eda grabado en estudio antes, acept\u00f3 la propuesta. El cantante comenta que el resultado super\u00f3 todas sus expectativas<\/p>\n\n\n\n<h3 class=\"wp-block-heading\"><strong>3. En \u201cAmor espera\u201d se siente el dolor de una ruptura que a\u00fan duele. \u00bfQu\u00e9 tan dif\u00edcil fue para ti revivir esa emoci\u00f3n al escribirla o cantarla?<\/strong><\/h3>\n\n\n\n<p>\u00c9l no suele forzarse a revivir emociones para interpretar una canci\u00f3n. M\u00e1s bien, se deja llevar por c\u00f3mo se siente al cantarla. Como compositor, cuando la letra y la m\u00fasica conectan de forma natural, las emociones fluyen solas y dan lugar a temas tan \u00edntimos como este. Explica que disfruta profundamente estar en un escenario, y esas emociones lo acompa\u00f1an en cada presentaci\u00f3n.<\/p>\n\n\n\n<h3 class=\"wp-block-heading\"><strong>4. Volviendo a \u201cEl cielo llora conmigo\u201d, \u00bfc\u00f3mo viviste ese momento en el showcase en CDMX donde todos coreaban la canci\u00f3n contigo?<\/strong><\/h3>\n\n\n\n<p>El cantante menciona que fue una experiencia inolvidable, ya que no se esperaba esa respuesta del p\u00fablico. Nunca hab\u00eda vivido algo as\u00ed y lo describe como una sensaci\u00f3n de alivio y validaci\u00f3n. Sentir esa aceptaci\u00f3n lo reconfirm\u00f3 en su prop\u00f3sito: llevar alegr\u00eda a las personas a trav\u00e9s de su m\u00fasica.<\/p>\n\n\n\n<h3 class=\"wp-block-heading\"><strong>5. Juan Solo ha sido clave en este camino musical contigo. \u00bfC\u00f3mo ha influido su presencia en tu forma de escribir y componer?<\/strong><\/h3>\n\n\n\n<p>Yey-R menciona que Juan Solo ha sido una figura fundamental en su crecimiento como artista. Siempre hab\u00eda so\u00f1ado con tener un mentor con quien escribir canciones, y lo encontr\u00f3 en \u00e9l. Juan le habla con honestidad, sin adornar las cosas, y eso lo ha hecho crecer mucho como compositor. Ese aprendizaje se refleja en canciones como <em>Nadie<\/em>, <em>El cielo llora conmigo<\/em> y <em>Amor espera<\/em>.<\/p>\n\n\n\n<figure class=\"wp-block-gallery has-nested-images columns-default is-cropped wp-block-gallery-1 is-layout-flex wp-block-gallery-is-layout-flex\">\n<figure class=\"wp-block-image size-large\"><img data-recalc-dims=\"1\" decoding=\"async\" width=\"683\" height=\"1024\" data-id=\"104151\" src=\"https:\/\/i0.wp.com\/zeromagazine.mx\/wp-content\/uploads\/2025\/05\/IMG_7022-683x1024.jpg?resize=683%2C1024&#038;ssl=1\" alt=\"\" class=\"wp-image-104151\" srcset=\"https:\/\/i0.wp.com\/zeromagazine.mx\/wp-content\/uploads\/2025\/05\/IMG_7022-scaled.jpg?resize=683%2C1024&amp;ssl=1 683w, https:\/\/i0.wp.com\/zeromagazine.mx\/wp-content\/uploads\/2025\/05\/IMG_7022-scaled.jpg?resize=200%2C300&amp;ssl=1 200w, https:\/\/i0.wp.com\/zeromagazine.mx\/wp-content\/uploads\/2025\/05\/IMG_7022-scaled.jpg?resize=768%2C1152&amp;ssl=1 768w, https:\/\/i0.wp.com\/zeromagazine.mx\/wp-content\/uploads\/2025\/05\/IMG_7022-scaled.jpg?resize=1024%2C1536&amp;ssl=1 1024w, https:\/\/i0.wp.com\/zeromagazine.mx\/wp-content\/uploads\/2025\/05\/IMG_7022-scaled.jpg?resize=1366%2C2048&amp;ssl=1 1366w, https:\/\/i0.wp.com\/zeromagazine.mx\/wp-content\/uploads\/2025\/05\/IMG_7022-scaled.jpg?w=1707&amp;ssl=1 1707w\" sizes=\"(max-width: 683px) 100vw, 683px\" \/><\/figure>\n\n\n\n<figure class=\"wp-block-image size-large\"><img data-recalc-dims=\"1\" decoding=\"async\" width=\"683\" height=\"1024\" data-id=\"104152\" src=\"https:\/\/i0.wp.com\/zeromagazine.mx\/wp-content\/uploads\/2025\/05\/IMG_7021-683x1024.jpg?resize=683%2C1024&#038;ssl=1\" alt=\"\" class=\"wp-image-104152\" srcset=\"https:\/\/i0.wp.com\/zeromagazine.mx\/wp-content\/uploads\/2025\/05\/IMG_7021-scaled.jpg?resize=683%2C1024&amp;ssl=1 683w, https:\/\/i0.wp.com\/zeromagazine.mx\/wp-content\/uploads\/2025\/05\/IMG_7021-scaled.jpg?resize=200%2C300&amp;ssl=1 200w, https:\/\/i0.wp.com\/zeromagazine.mx\/wp-content\/uploads\/2025\/05\/IMG_7021-scaled.jpg?resize=768%2C1152&amp;ssl=1 768w, https:\/\/i0.wp.com\/zeromagazine.mx\/wp-content\/uploads\/2025\/05\/IMG_7021-scaled.jpg?resize=1024%2C1536&amp;ssl=1 1024w, https:\/\/i0.wp.com\/zeromagazine.mx\/wp-content\/uploads\/2025\/05\/IMG_7021-scaled.jpg?resize=1366%2C2048&amp;ssl=1 1366w, https:\/\/i0.wp.com\/zeromagazine.mx\/wp-content\/uploads\/2025\/05\/IMG_7021-scaled.jpg?w=1707&amp;ssl=1 1707w\" sizes=\"(max-width: 683px) 100vw, 683px\" \/><\/figure>\n<\/figure>\n\n\n\n<h3 class=\"wp-block-heading\"><strong>6. Cuando est\u00e1s escribiendo una balada, \u00bfpiensas en ti, en alguien m\u00e1s o en todos los que pueden estar pasando por esa situaci\u00f3n?<\/strong><\/h3>\n\n\n\n<p>No le gusta controlar demasiado el proceso creativo. Su estado de \u00e1nimo influye directamente en lo que escribe, ya sean baladas o canciones m\u00e1s movidas. Para \u00e9l, dejar que todo fluya es parte esencial de su forma de componer.<\/p>\n\n\n\n<h3 class=\"wp-block-heading\"><strong>7. Has dicho que quieres salir de gira pronto. \u00bfC\u00f3mo imaginas esa primera gira? \u00bfQu\u00e9 emociones te gustar\u00eda que vivan tus fans en esos conciertos?<\/strong><\/h3>\n\n\n\n<p>Su objetivo principal como artista es llevar alegr\u00eda a las personas. M\u00e1s all\u00e1 de que las canciones sean tristes o alegres, busca generar una conexi\u00f3n emocional real con el p\u00fablico. Quiere que quienes lo escuchen se sientan vivos y acompa\u00f1ados por su m\u00fasica.<\/p>\n\n\n\n<h3 class=\"wp-block-heading\"><strong>8. Entre baladas desgarradoras y colaboraciones con artistas sensibles como Belinda Ur\u00edas, parece que est\u00e1s creando una identidad muy clara. \u00bfTe sientes m\u00e1s libre en este estilo o te gustar\u00eda sorprender con algo totalmente distinto?<\/strong><\/h3>\n\n\n\n<p>\u00c9l menciona que aunque se identifica como artista pop, le entusiasma la posibilidad de experimentar con distintos estilos. No le gusta seguir reglas y est\u00e1 abierto a explorar sonidos m\u00e1s movidos como la cumbia u otros g\u00e9neros. Para \u00e9l, la libertad art\u00edstica es esencial.<\/p>\n\n\n\n<h3 class=\"wp-block-heading\"><strong>9. Tus canciones est\u00e1n construyendo una historia muy personal. Si el impacto en las personas sigue creciendo, \u00bfte animar\u00edas a compartir ese universo completo en un EP muy pronto?<\/strong><\/h3>\n\n\n\n<p>El cantante menciona que le gusta m\u00e1s trabajar sencillo por sencillo, ya que le permite disfrutar del proceso y construir un \u00e1lbum de forma org\u00e1nica. Aunque antes no estaba convencido de esta din\u00e1mica, con el tiempo le ha tomado cari\u00f1o. Planea lanzar un EP, pero quiere hacerlo poco a poc<\/p>\n\n\n\n<h3 class=\"wp-block-heading\"><strong>10. \u00bfQu\u00e9 legado te gustar\u00eda dejar con la m\u00fasica que est\u00e1s creando en este momento de tu vida?<\/strong><\/h3>\n\n\n\n<p><strong>Yey-R<\/strong> menciona que su deseo es que sus canciones sean recordadas, incluso si \u00e9l no lo es. Quiere ser visto como un artista que transmite alegr\u00eda y logra conectar con las personas a trav\u00e9s de su m\u00fasica. Para \u00e9l, su legado son sus canciones.<\/p>\n\n\n\n<h3 class=\"wp-block-heading\"><strong>Un artista que conecta<\/strong><\/h3>\n\n\n\n<p>La m\u00fasica de <strong>Yey-r<\/strong> no solo cuenta historias, sino que crea puentes emocionales entre quien la canta y quien la escucha. Su honestidad al componer, la libertad con la que explora g\u00e9neros y su deseo constante de conectar desde el coraz\u00f3n hacen de \u00e9l un artista aut\u00e9ntico y en constante evoluci\u00f3n. Mientras su repertorio sigue creciendo sencillo a sencillo, queda claro que su mayor legado ser\u00e1 ese: canciones que acompa\u00f1an, que sanan, que alegran\u2026 y que permanecer\u00e1n incluso cuando \u00e9l no est\u00e9. Asi que si no te quieres perder de este gran artista, siguelo en <a href=\"https:\/\/www.instagram.com\/yeyr_music\/\">@yeyr_music<\/a>.<\/p>\n\n\n\n<script async src=\"https:\/\/pagead2.googlesyndication.com\/pagead\/js\/adsbygoogle.js?client=ca-pub-5499304793904745\"\n     crossorigin=\"anonymous\"><\/script>\n<ins class=\"adsbygoogle\"\n     style=\"display:block; text-align:center;\"\n     data-ad-layout=\"in-article\"\n     data-ad-format=\"fluid\"\n     data-ad-client=\"ca-pub-5499304793904745\"\n     data-ad-slot=\"5994863093\"><\/ins>\n<script>\n     (adsbygoogle = window.adsbygoogle || []).push({});\n<\/script>\n\n<!--themify_builder_content-->\n<div id=\"themify_builder_content-104150\" data-postid=\"104150\" class=\"themify_builder_content themify_builder_content-104150 themify_builder tf_clear\">\n    <\/div>\n<!--\/themify_builder_content-->","protected":false},"excerpt":{"rendered":"<p>Yey-R es un artista emergente que promete consolidarse dentro del mundo del pop en espa\u00f1ol. Tras el lanzamiento de sus dos \u00faltimos sencillos, \u00abEl cielo llora conmigo\u00bb y \u00abAmor espera\u00bb \u2014una emotiva colaboraci\u00f3n con Belinda Ur\u00edas\u2014, el cantautor nos invita a conocer el trasfondo emocional, creativo y personal que da vida a su m\u00fasica. En [&hellip;]<\/p>\n","protected":false},"author":2,"featured_media":104153,"comment_status":"open","ping_status":"open","sticky":false,"template":"","format":"standard","meta":{"_jetpack_memberships_contains_paid_content":false,"footnotes":"","jetpack_publicize_message":"","jetpack_publicize_feature_enabled":true,"jetpack_social_post_already_shared":true,"jetpack_social_options":{"image_generator_settings":{"template":"highway","default_image_id":0,"font":"","enabled":false},"version":2}},"categories":[117],"tags":[13732,13733,10953],"class_list":["post-104150","post","type-post","status-publish","format-standard","has-post-thumbnail","hentry","category-entretenimiento","tag-amor-espera","tag-el-cielo-llora-conmigo","tag-yey-r","has-post-title","has-post-date","has-post-category","has-post-tag","has-post-comment","has-post-author",""],"yoast_head":"<!-- This site is optimized with the Yoast SEO plugin v27.5 - https:\/\/yoast.com\/product\/yoast-seo-wordpress\/ -->\n<title>El Cielo llora Conmigo y Amor Espera: la voz sincera de Yey-R - Zero Magazine<\/title>\n<meta name=\"description\" content=\"En esta entrevista Yey-R, nos cuenta del proceso creativo y emocional detr\u00e1s de sus nuevos sencilllos musicales.\" \/>\n<meta name=\"robots\" content=\"index, follow, max-snippet:-1, max-image-preview:large, max-video-preview:-1\" \/>\n<link rel=\"canonical\" href=\"https:\/\/zeromagazine.mx\/index.php\/2025\/05\/15\/el-cielo-llora-conmigo-y-amor-espera-la-voz-sincera-de-yey-r\/\" \/>\n<meta property=\"og:locale\" content=\"es_ES\" \/>\n<meta property=\"og:type\" content=\"article\" \/>\n<meta property=\"og:title\" content=\"El Cielo llora Conmigo y Amor Espera: la voz sincera de Yey-R - Zero Magazine\" \/>\n<meta property=\"og:description\" content=\"En esta entrevista Yey-R, nos cuenta del proceso creativo y emocional detr\u00e1s de sus nuevos sencilllos musicales.\" \/>\n<meta property=\"og:url\" content=\"https:\/\/zeromagazine.mx\/index.php\/2025\/05\/15\/el-cielo-llora-conmigo-y-amor-espera-la-voz-sincera-de-yey-r\/\" \/>\n<meta property=\"og:site_name\" content=\"Zero Magazine\" \/>\n<meta property=\"article:published_time\" content=\"2025-05-15T19:20:52+00:00\" \/>\n<meta property=\"article:modified_time\" content=\"2025-05-15T19:21:26+00:00\" \/>\n<meta property=\"og:image\" content=\"http:\/\/zeromagazine.mx\/wp-content\/uploads\/2025\/05\/IMG_7023-scaled.jpg\" \/>\n\t<meta property=\"og:image:width\" content=\"1707\" \/>\n\t<meta property=\"og:image:height\" content=\"2560\" \/>\n\t<meta property=\"og:image:type\" content=\"image\/jpeg\" \/>\n<meta name=\"author\" content=\"zeromagazinemx\" \/>\n<meta name=\"twitter:card\" content=\"summary_large_image\" \/>\n<meta name=\"twitter:label1\" content=\"Escrito por\" \/>\n\t<meta name=\"twitter:data1\" content=\"zeromagazinemx\" \/>\n\t<meta name=\"twitter:label2\" content=\"Tiempo de lectura\" \/>\n\t<meta name=\"twitter:data2\" content=\"6 minutos\" \/>\n<script type=\"application\/ld+json\" class=\"yoast-schema-graph\">{\"@context\":\"https:\\\/\\\/schema.org\",\"@graph\":[{\"@type\":\"Article\",\"@id\":\"https:\\\/\\\/zeromagazine.mx\\\/index.php\\\/2025\\\/05\\\/15\\\/el-cielo-llora-conmigo-y-amor-espera-la-voz-sincera-de-yey-r\\\/#article\",\"isPartOf\":{\"@id\":\"https:\\\/\\\/zeromagazine.mx\\\/index.php\\\/2025\\\/05\\\/15\\\/el-cielo-llora-conmigo-y-amor-espera-la-voz-sincera-de-yey-r\\\/\"},\"author\":{\"name\":\"zeromagazinemx\",\"@id\":\"https:\\\/\\\/zeromagazine.mx\\\/#\\\/schema\\\/person\\\/9aed9f33a7c39af3a348b86d723f7773\"},\"headline\":\"El Cielo llora Conmigo y Amor Espera: la voz sincera de Yey-R\",\"datePublished\":\"2025-05-15T19:20:52+00:00\",\"dateModified\":\"2025-05-15T19:21:26+00:00\",\"mainEntityOfPage\":{\"@id\":\"https:\\\/\\\/zeromagazine.mx\\\/index.php\\\/2025\\\/05\\\/15\\\/el-cielo-llora-conmigo-y-amor-espera-la-voz-sincera-de-yey-r\\\/\"},\"wordCount\":1129,\"commentCount\":0,\"publisher\":{\"@id\":\"https:\\\/\\\/zeromagazine.mx\\\/#organization\"},\"image\":{\"@id\":\"https:\\\/\\\/zeromagazine.mx\\\/index.php\\\/2025\\\/05\\\/15\\\/el-cielo-llora-conmigo-y-amor-espera-la-voz-sincera-de-yey-r\\\/#primaryimage\"},\"thumbnailUrl\":\"https:\\\/\\\/i0.wp.com\\\/zeromagazine.mx\\\/wp-content\\\/uploads\\\/2025\\\/05\\\/IMG_7023-scaled.jpg?fit=1707%2C2560&ssl=1\",\"keywords\":[\"Amor Espera\",\"El Cielo Llora Conmigo\",\"YEY-R\"],\"articleSection\":[\"Entretenimiento\"],\"inLanguage\":\"es\",\"potentialAction\":[{\"@type\":\"CommentAction\",\"name\":\"Comment\",\"target\":[\"https:\\\/\\\/zeromagazine.mx\\\/index.php\\\/2025\\\/05\\\/15\\\/el-cielo-llora-conmigo-y-amor-espera-la-voz-sincera-de-yey-r\\\/#respond\"]}]},{\"@type\":\"WebPage\",\"@id\":\"https:\\\/\\\/zeromagazine.mx\\\/index.php\\\/2025\\\/05\\\/15\\\/el-cielo-llora-conmigo-y-amor-espera-la-voz-sincera-de-yey-r\\\/\",\"url\":\"https:\\\/\\\/zeromagazine.mx\\\/index.php\\\/2025\\\/05\\\/15\\\/el-cielo-llora-conmigo-y-amor-espera-la-voz-sincera-de-yey-r\\\/\",\"name\":\"El Cielo llora Conmigo y Amor Espera: la voz sincera de Yey-R - Zero Magazine\",\"isPartOf\":{\"@id\":\"https:\\\/\\\/zeromagazine.mx\\\/#website\"},\"primaryImageOfPage\":{\"@id\":\"https:\\\/\\\/zeromagazine.mx\\\/index.php\\\/2025\\\/05\\\/15\\\/el-cielo-llora-conmigo-y-amor-espera-la-voz-sincera-de-yey-r\\\/#primaryimage\"},\"image\":{\"@id\":\"https:\\\/\\\/zeromagazine.mx\\\/index.php\\\/2025\\\/05\\\/15\\\/el-cielo-llora-conmigo-y-amor-espera-la-voz-sincera-de-yey-r\\\/#primaryimage\"},\"thumbnailUrl\":\"https:\\\/\\\/i0.wp.com\\\/zeromagazine.mx\\\/wp-content\\\/uploads\\\/2025\\\/05\\\/IMG_7023-scaled.jpg?fit=1707%2C2560&ssl=1\",\"datePublished\":\"2025-05-15T19:20:52+00:00\",\"dateModified\":\"2025-05-15T19:21:26+00:00\",\"description\":\"En esta entrevista Yey-R, nos cuenta del proceso creativo y emocional detr\u00e1s de sus nuevos sencilllos musicales.\",\"breadcrumb\":{\"@id\":\"https:\\\/\\\/zeromagazine.mx\\\/index.php\\\/2025\\\/05\\\/15\\\/el-cielo-llora-conmigo-y-amor-espera-la-voz-sincera-de-yey-r\\\/#breadcrumb\"},\"inLanguage\":\"es\",\"potentialAction\":[{\"@type\":\"ReadAction\",\"target\":[\"https:\\\/\\\/zeromagazine.mx\\\/index.php\\\/2025\\\/05\\\/15\\\/el-cielo-llora-conmigo-y-amor-espera-la-voz-sincera-de-yey-r\\\/\"]}]},{\"@type\":\"ImageObject\",\"inLanguage\":\"es\",\"@id\":\"https:\\\/\\\/zeromagazine.mx\\\/index.php\\\/2025\\\/05\\\/15\\\/el-cielo-llora-conmigo-y-amor-espera-la-voz-sincera-de-yey-r\\\/#primaryimage\",\"url\":\"https:\\\/\\\/i0.wp.com\\\/zeromagazine.mx\\\/wp-content\\\/uploads\\\/2025\\\/05\\\/IMG_7023-scaled.jpg?fit=1707%2C2560&ssl=1\",\"contentUrl\":\"https:\\\/\\\/i0.wp.com\\\/zeromagazine.mx\\\/wp-content\\\/uploads\\\/2025\\\/05\\\/IMG_7023-scaled.jpg?fit=1707%2C2560&ssl=1\",\"width\":1707,\"height\":2560},{\"@type\":\"BreadcrumbList\",\"@id\":\"https:\\\/\\\/zeromagazine.mx\\\/index.php\\\/2025\\\/05\\\/15\\\/el-cielo-llora-conmigo-y-amor-espera-la-voz-sincera-de-yey-r\\\/#breadcrumb\",\"itemListElement\":[{\"@type\":\"ListItem\",\"position\":1,\"name\":\"Portada\",\"item\":\"https:\\\/\\\/zeromagazine.mx\\\/\"},{\"@type\":\"ListItem\",\"position\":2,\"name\":\"El Cielo llora Conmigo y Amor Espera: la voz sincera de Yey-R\"}]},{\"@type\":\"WebSite\",\"@id\":\"https:\\\/\\\/zeromagazine.mx\\\/#website\",\"url\":\"https:\\\/\\\/zeromagazine.mx\\\/\",\"name\":\"Zero Magazine\",\"description\":\"\",\"publisher\":{\"@id\":\"https:\\\/\\\/zeromagazine.mx\\\/#organization\"},\"potentialAction\":[{\"@type\":\"SearchAction\",\"target\":{\"@type\":\"EntryPoint\",\"urlTemplate\":\"https:\\\/\\\/zeromagazine.mx\\\/?s={search_term_string}\"},\"query-input\":{\"@type\":\"PropertyValueSpecification\",\"valueRequired\":true,\"valueName\":\"search_term_string\"}}],\"inLanguage\":\"es\"},{\"@type\":\"Organization\",\"@id\":\"https:\\\/\\\/zeromagazine.mx\\\/#organization\",\"name\":\"Zero Magazine\",\"url\":\"https:\\\/\\\/zeromagazine.mx\\\/\",\"logo\":{\"@type\":\"ImageObject\",\"inLanguage\":\"es\",\"@id\":\"https:\\\/\\\/zeromagazine.mx\\\/#\\\/schema\\\/logo\\\/image\\\/\",\"url\":\"https:\\\/\\\/i0.wp.com\\\/zeromagazine.mx\\\/wp-content\\\/uploads\\\/2025\\\/11\\\/1.jpeg?fit=1000%2C1000&ssl=1\",\"contentUrl\":\"https:\\\/\\\/i0.wp.com\\\/zeromagazine.mx\\\/wp-content\\\/uploads\\\/2025\\\/11\\\/1.jpeg?fit=1000%2C1000&ssl=1\",\"width\":1000,\"height\":1000,\"caption\":\"Zero Magazine\"},\"image\":{\"@id\":\"https:\\\/\\\/zeromagazine.mx\\\/#\\\/schema\\\/logo\\\/image\\\/\"},\"sameAs\":[\"https:\\\/\\\/instagram.com\\\/zeromagazinemx\"]},{\"@type\":\"Person\",\"@id\":\"https:\\\/\\\/zeromagazine.mx\\\/#\\\/schema\\\/person\\\/9aed9f33a7c39af3a348b86d723f7773\",\"name\":\"zeromagazinemx\",\"image\":{\"@type\":\"ImageObject\",\"inLanguage\":\"es\",\"@id\":\"https:\\\/\\\/zeromagazine.mx\\\/wp-content\\\/litespeed\\\/avatar\\\/f91dfe5410d5dcb1a576bf8c45983896.jpg?ver=1777571230\",\"url\":\"https:\\\/\\\/zeromagazine.mx\\\/wp-content\\\/litespeed\\\/avatar\\\/f91dfe5410d5dcb1a576bf8c45983896.jpg?ver=1777571230\",\"contentUrl\":\"https:\\\/\\\/zeromagazine.mx\\\/wp-content\\\/litespeed\\\/avatar\\\/f91dfe5410d5dcb1a576bf8c45983896.jpg?ver=1777571230\",\"caption\":\"zeromagazinemx\"},\"url\":\"https:\\\/\\\/zeromagazine.mx\\\/index.php\\\/author\\\/zeromagazinemx\\\/\"}]}<\/script>\n<!-- \/ Yoast SEO plugin. -->","yoast_head_json":{"title":"El Cielo llora Conmigo y Amor Espera: la voz sincera de Yey-R - Zero Magazine","description":"En esta entrevista Yey-R, nos cuenta del proceso creativo y emocional detr\u00e1s de sus nuevos sencilllos musicales.","robots":{"index":"index","follow":"follow","max-snippet":"max-snippet:-1","max-image-preview":"max-image-preview:large","max-video-preview":"max-video-preview:-1"},"canonical":"https:\/\/zeromagazine.mx\/index.php\/2025\/05\/15\/el-cielo-llora-conmigo-y-amor-espera-la-voz-sincera-de-yey-r\/","og_locale":"es_ES","og_type":"article","og_title":"El Cielo llora Conmigo y Amor Espera: la voz sincera de Yey-R - Zero Magazine","og_description":"En esta entrevista Yey-R, nos cuenta del proceso creativo y emocional detr\u00e1s de sus nuevos sencilllos musicales.","og_url":"https:\/\/zeromagazine.mx\/index.php\/2025\/05\/15\/el-cielo-llora-conmigo-y-amor-espera-la-voz-sincera-de-yey-r\/","og_site_name":"Zero Magazine","article_published_time":"2025-05-15T19:20:52+00:00","article_modified_time":"2025-05-15T19:21:26+00:00","og_image":[{"width":1707,"height":2560,"url":"http:\/\/zeromagazine.mx\/wp-content\/uploads\/2025\/05\/IMG_7023-scaled.jpg","type":"image\/jpeg"}],"author":"zeromagazinemx","twitter_card":"summary_large_image","twitter_misc":{"Escrito por":"zeromagazinemx","Tiempo de lectura":"6 minutos"},"schema":{"@context":"https:\/\/schema.org","@graph":[{"@type":"Article","@id":"https:\/\/zeromagazine.mx\/index.php\/2025\/05\/15\/el-cielo-llora-conmigo-y-amor-espera-la-voz-sincera-de-yey-r\/#article","isPartOf":{"@id":"https:\/\/zeromagazine.mx\/index.php\/2025\/05\/15\/el-cielo-llora-conmigo-y-amor-espera-la-voz-sincera-de-yey-r\/"},"author":{"name":"zeromagazinemx","@id":"https:\/\/zeromagazine.mx\/#\/schema\/person\/9aed9f33a7c39af3a348b86d723f7773"},"headline":"El Cielo llora Conmigo y Amor Espera: la voz sincera de Yey-R","datePublished":"2025-05-15T19:20:52+00:00","dateModified":"2025-05-15T19:21:26+00:00","mainEntityOfPage":{"@id":"https:\/\/zeromagazine.mx\/index.php\/2025\/05\/15\/el-cielo-llora-conmigo-y-amor-espera-la-voz-sincera-de-yey-r\/"},"wordCount":1129,"commentCount":0,"publisher":{"@id":"https:\/\/zeromagazine.mx\/#organization"},"image":{"@id":"https:\/\/zeromagazine.mx\/index.php\/2025\/05\/15\/el-cielo-llora-conmigo-y-amor-espera-la-voz-sincera-de-yey-r\/#primaryimage"},"thumbnailUrl":"https:\/\/i0.wp.com\/zeromagazine.mx\/wp-content\/uploads\/2025\/05\/IMG_7023-scaled.jpg?fit=1707%2C2560&ssl=1","keywords":["Amor Espera","El Cielo Llora Conmigo","YEY-R"],"articleSection":["Entretenimiento"],"inLanguage":"es","potentialAction":[{"@type":"CommentAction","name":"Comment","target":["https:\/\/zeromagazine.mx\/index.php\/2025\/05\/15\/el-cielo-llora-conmigo-y-amor-espera-la-voz-sincera-de-yey-r\/#respond"]}]},{"@type":"WebPage","@id":"https:\/\/zeromagazine.mx\/index.php\/2025\/05\/15\/el-cielo-llora-conmigo-y-amor-espera-la-voz-sincera-de-yey-r\/","url":"https:\/\/zeromagazine.mx\/index.php\/2025\/05\/15\/el-cielo-llora-conmigo-y-amor-espera-la-voz-sincera-de-yey-r\/","name":"El Cielo llora Conmigo y Amor Espera: la voz sincera de Yey-R - Zero Magazine","isPartOf":{"@id":"https:\/\/zeromagazine.mx\/#website"},"primaryImageOfPage":{"@id":"https:\/\/zeromagazine.mx\/index.php\/2025\/05\/15\/el-cielo-llora-conmigo-y-amor-espera-la-voz-sincera-de-yey-r\/#primaryimage"},"image":{"@id":"https:\/\/zeromagazine.mx\/index.php\/2025\/05\/15\/el-cielo-llora-conmigo-y-amor-espera-la-voz-sincera-de-yey-r\/#primaryimage"},"thumbnailUrl":"https:\/\/i0.wp.com\/zeromagazine.mx\/wp-content\/uploads\/2025\/05\/IMG_7023-scaled.jpg?fit=1707%2C2560&ssl=1","datePublished":"2025-05-15T19:20:52+00:00","dateModified":"2025-05-15T19:21:26+00:00","description":"En esta entrevista Yey-R, nos cuenta del proceso creativo y emocional detr\u00e1s de sus nuevos sencilllos musicales.","breadcrumb":{"@id":"https:\/\/zeromagazine.mx\/index.php\/2025\/05\/15\/el-cielo-llora-conmigo-y-amor-espera-la-voz-sincera-de-yey-r\/#breadcrumb"},"inLanguage":"es","potentialAction":[{"@type":"ReadAction","target":["https:\/\/zeromagazine.mx\/index.php\/2025\/05\/15\/el-cielo-llora-conmigo-y-amor-espera-la-voz-sincera-de-yey-r\/"]}]},{"@type":"ImageObject","inLanguage":"es","@id":"https:\/\/zeromagazine.mx\/index.php\/2025\/05\/15\/el-cielo-llora-conmigo-y-amor-espera-la-voz-sincera-de-yey-r\/#primaryimage","url":"https:\/\/i0.wp.com\/zeromagazine.mx\/wp-content\/uploads\/2025\/05\/IMG_7023-scaled.jpg?fit=1707%2C2560&ssl=1","contentUrl":"https:\/\/i0.wp.com\/zeromagazine.mx\/wp-content\/uploads\/2025\/05\/IMG_7023-scaled.jpg?fit=1707%2C2560&ssl=1","width":1707,"height":2560},{"@type":"BreadcrumbList","@id":"https:\/\/zeromagazine.mx\/index.php\/2025\/05\/15\/el-cielo-llora-conmigo-y-amor-espera-la-voz-sincera-de-yey-r\/#breadcrumb","itemListElement":[{"@type":"ListItem","position":1,"name":"Portada","item":"https:\/\/zeromagazine.mx\/"},{"@type":"ListItem","position":2,"name":"El Cielo llora Conmigo y Amor Espera: la voz sincera de Yey-R"}]},{"@type":"WebSite","@id":"https:\/\/zeromagazine.mx\/#website","url":"https:\/\/zeromagazine.mx\/","name":"Zero Magazine","description":"","publisher":{"@id":"https:\/\/zeromagazine.mx\/#organization"},"potentialAction":[{"@type":"SearchAction","target":{"@type":"EntryPoint","urlTemplate":"https:\/\/zeromagazine.mx\/?s={search_term_string}"},"query-input":{"@type":"PropertyValueSpecification","valueRequired":true,"valueName":"search_term_string"}}],"inLanguage":"es"},{"@type":"Organization","@id":"https:\/\/zeromagazine.mx\/#organization","name":"Zero Magazine","url":"https:\/\/zeromagazine.mx\/","logo":{"@type":"ImageObject","inLanguage":"es","@id":"https:\/\/zeromagazine.mx\/#\/schema\/logo\/image\/","url":"https:\/\/i0.wp.com\/zeromagazine.mx\/wp-content\/uploads\/2025\/11\/1.jpeg?fit=1000%2C1000&ssl=1","contentUrl":"https:\/\/i0.wp.com\/zeromagazine.mx\/wp-content\/uploads\/2025\/11\/1.jpeg?fit=1000%2C1000&ssl=1","width":1000,"height":1000,"caption":"Zero Magazine"},"image":{"@id":"https:\/\/zeromagazine.mx\/#\/schema\/logo\/image\/"},"sameAs":["https:\/\/instagram.com\/zeromagazinemx"]},{"@type":"Person","@id":"https:\/\/zeromagazine.mx\/#\/schema\/person\/9aed9f33a7c39af3a348b86d723f7773","name":"zeromagazinemx","image":{"@type":"ImageObject","inLanguage":"es","@id":"https:\/\/zeromagazine.mx\/wp-content\/litespeed\/avatar\/f91dfe5410d5dcb1a576bf8c45983896.jpg?ver=1777571230","url":"https:\/\/zeromagazine.mx\/wp-content\/litespeed\/avatar\/f91dfe5410d5dcb1a576bf8c45983896.jpg?ver=1777571230","contentUrl":"https:\/\/zeromagazine.mx\/wp-content\/litespeed\/avatar\/f91dfe5410d5dcb1a576bf8c45983896.jpg?ver=1777571230","caption":"zeromagazinemx"},"url":"https:\/\/zeromagazine.mx\/index.php\/author\/zeromagazinemx\/"}]}},"jetpack_publicize_connections":[],"jetpack_featured_media_url":"https:\/\/i0.wp.com\/zeromagazine.mx\/wp-content\/uploads\/2025\/05\/IMG_7023-scaled.jpg?fit=1707%2C2560&ssl=1","jetpack-related-posts":[{"id":87271,"url":"https:\/\/zeromagazine.mx\/index.php\/2024\/10\/17\/yey-r-desamor-con-vibes-country\/","url_meta":{"origin":104150,"position":0},"title":"\u00abYEY-R: Desamor con Vibes Country\u00bb","author":"zeromagazinemx","date":"17 de octubre de 2024","format":false,"excerpt":"\u00bfQu\u00e9 onda con YEY-R? Seguro que ya escuchaste el nombre o te topaste con su nuevo sencillo \"NADIE\" en alguna playlist, y si no, prep\u00e1rate para agregarlo. YEY-R, este cantante y compositor de San Mateo, California, es la nueva promesa latina que est\u00e1 mezclando ritmos pop con un twist country,\u2026","rel":"","context":"En \u00abEntretenimiento\u00bb","block_context":{"text":"Entretenimiento","link":"https:\/\/zeromagazine.mx\/index.php\/category\/entretenimiento\/"},"img":{"alt_text":"","src":"https:\/\/i0.wp.com\/zeromagazine.mx\/wp-content\/uploads\/2024\/10\/PORTADA-NADIE.jpeg?fit=1200%2C1200&ssl=1&resize=350%2C200","width":350,"height":200,"srcset":"https:\/\/i0.wp.com\/zeromagazine.mx\/wp-content\/uploads\/2024\/10\/PORTADA-NADIE.jpeg?fit=1200%2C1200&ssl=1&resize=350%2C200 1x, https:\/\/i0.wp.com\/zeromagazine.mx\/wp-content\/uploads\/2024\/10\/PORTADA-NADIE.jpeg?fit=1200%2C1200&ssl=1&resize=525%2C300 1.5x, https:\/\/i0.wp.com\/zeromagazine.mx\/wp-content\/uploads\/2024\/10\/PORTADA-NADIE.jpeg?fit=1200%2C1200&ssl=1&resize=700%2C400 2x, https:\/\/i0.wp.com\/zeromagazine.mx\/wp-content\/uploads\/2024\/10\/PORTADA-NADIE.jpeg?fit=1200%2C1200&ssl=1&resize=1050%2C600 3x"},"classes":[]},{"id":69862,"url":"https:\/\/zeromagazine.mx\/index.php\/2023\/12\/22\/b-de-bellako-el-reggaeton-explosivo-de-el-malilla-y-yeyo\/","url_meta":{"origin":104150,"position":1},"title":"\u00a1\u00bbB de Bellako\u00bb: El Reggaet\u00f3n Explosivo de El Malilla y YeYo!","author":"David Morales","date":"22 de diciembre de 2023","format":false,"excerpt":"\u00bfYa escucharon la \u00faltima bomba musical que solt\u00f3 El Malilla con YeYo? Si no, prep\u00e1rense para mover el esqueleto porque esto es algo que no se pueden perder. El carism\u00e1tico reggaetonero mexicano El Malilla se uni\u00f3 con YeYo para traernos \"B de Bellako\", y d\u00e9jenme decirles, \u00a1es una locura total!\u2026","rel":"","context":"En \u00abBlog\u00bb","block_context":{"text":"Blog","link":"https:\/\/zeromagazine.mx\/index.php\/category\/blog\/"},"img":{"alt_text":"","src":"https:\/\/i0.wp.com\/zeromagazine.mx\/wp-content\/uploads\/2023\/12\/image-3.png?resize=350%2C200&ssl=1","width":350,"height":200},"classes":[]},{"id":82897,"url":"https:\/\/zeromagazine.mx\/index.php\/2024\/08\/31\/cine-imperdible-drama-y-nostalgia\/","url_meta":{"origin":104150,"position":2},"title":"\u00abCine Imperdible: Drama y Nostalgia\u00bb","author":"zeromagazinemx","date":"31 de agosto de 2024","format":false,"excerpt":"Este septiembre, la Sala de Arte Cin\u00e9polis\u00ae nos tiene dos estrenos que est\u00e1n incre\u00edbles que no querr\u00e1s perder. Prep\u00e1rate para un rollercoaster emocional con\u00a0Cielo Rojo\u00a0y un paseo\u00a0con Madeleine. Estas pelis est\u00e1n llenas de drama, conexiones profundas y momentos que van a dejarte pensando por d\u00edas. As\u00ed que, si est\u00e1s buscando\u2026","rel":"","context":"En \u00abCultura\u00bb","block_context":{"text":"Cultura","link":"https:\/\/zeromagazine.mx\/index.php\/category\/cultura\/"},"img":{"alt_text":"","src":"https:\/\/i0.wp.com\/zeromagazine.mx\/wp-content\/uploads\/2024\/08\/image002.png?resize=350%2C200&ssl=1","width":350,"height":200},"classes":[]},{"id":85656,"url":"https:\/\/zeromagazine.mx\/index.php\/2024\/10\/07\/plomo-al-corazon-amor-y-perdida\/","url_meta":{"origin":104150,"position":3},"title":"\u00abPlomo al Coraz\u00f3n: Amor y P\u00e9rdida\u00bb","author":"zeromagazinemx","date":"7 de octubre de 2024","format":false,"excerpt":"Hablemos de algo que nos mueve, algo que realmente hace vibrar las emociones: la m\u00fasica. Y no, no estoy hablando de cualquier canci\u00f3n de TikTok que se hace viral en un d\u00eda. Estoy hablando de\u00a0\"Plomo al Coraz\u00f3n\", el nuevo sencillo de\u00a0MEDINNA, que viene a revolucionar la forma en que vemos\u2026","rel":"","context":"En \u00abEntretenimiento\u00bb","block_context":{"text":"Entretenimiento","link":"https:\/\/zeromagazine.mx\/index.php\/category\/entretenimiento\/"},"img":{"alt_text":"","src":"https:\/\/i0.wp.com\/zeromagazine.mx\/wp-content\/uploads\/2024\/10\/MEDINNA-by-RCSHOOTING-17-scaled.jpg?fit=681%2C1200&ssl=1&resize=350%2C200","width":350,"height":200,"srcset":"https:\/\/i0.wp.com\/zeromagazine.mx\/wp-content\/uploads\/2024\/10\/MEDINNA-by-RCSHOOTING-17-scaled.jpg?fit=681%2C1200&ssl=1&resize=350%2C200 1x, https:\/\/i0.wp.com\/zeromagazine.mx\/wp-content\/uploads\/2024\/10\/MEDINNA-by-RCSHOOTING-17-scaled.jpg?fit=681%2C1200&ssl=1&resize=525%2C300 1.5x"},"classes":[]},{"id":93854,"url":"https:\/\/zeromagazine.mx\/index.php\/2024\/11\/25\/jonathan-morales-y-belinda-se-unen-con-shein\/","url_meta":{"origin":104150,"position":4},"title":"Jonathan Morales y Belinda crean magia con SHEIN","author":"David Morales","date":"25 de noviembre de 2024","format":false,"excerpt":"La moda es un lenguaje que comunica emociones, estilos y visiones \u00fanicas. Jonathan Morales, dise\u00f1ador detr\u00e1s de la marca NoName, ha logrado capturar esa esencia al colaborar con una de las artistas m\u00e1s ic\u00f3nicas de M\u00e9xico, Belinda, para una colecci\u00f3n especial con SHEIN. En esta entrevista exclusiva para\u00a0Zero Magazine Mx,\u2026","rel":"","context":"En \u00abModa\u00bb","block_context":{"text":"Moda","link":"https:\/\/zeromagazine.mx\/index.php\/category\/moda\/"},"img":{"alt_text":"","src":"https:\/\/i0.wp.com\/zeromagazine.mx\/wp-content\/uploads\/2024\/12\/IMG_9392-scaled.jpeg?fit=677%2C1200&ssl=1&resize=350%2C200","width":350,"height":200,"srcset":"https:\/\/i0.wp.com\/zeromagazine.mx\/wp-content\/uploads\/2024\/12\/IMG_9392-scaled.jpeg?fit=677%2C1200&ssl=1&resize=350%2C200 1x, https:\/\/i0.wp.com\/zeromagazine.mx\/wp-content\/uploads\/2024\/12\/IMG_9392-scaled.jpeg?fit=677%2C1200&ssl=1&resize=525%2C300 1.5x"},"classes":[]},{"id":115528,"url":"https:\/\/zeromagazine.mx\/index.php\/2026\/02\/17\/siete-veces-adios-protagonistas\/","url_meta":{"origin":104150,"position":5},"title":"Esmeralda Pimentel y Osvaldo Benavides, los nuevos protagonistas de Siete Veces Adi\u00f3s.","author":"David Morales","date":"17 de febrero de 2026","format":false,"excerpt":"El fen\u00f3meno teatral que convirti\u00f3 las rupturas amorosas en catarsis colectiva est\u00e1 de regreso con nueva energ\u00eda sobre el escenario.\u00a0Siete Veces Adi\u00f3s protagonistas\u00a0se renueva con la llegada de dos figuras querid\u00edsimas del cine y la TV mexicana:\u00a0Esmeralda Pimentel\u00a0y\u00a0Osvaldo Benavides, quienes toman el mando de esta historia que ha hecho llorar\u2026","rel":"","context":"En \u00abTeatro\u00bb","block_context":{"text":"Teatro","link":"https:\/\/zeromagazine.mx\/index.php\/category\/cultura\/teatro\/"},"img":{"alt_text":"","src":"https:\/\/i0.wp.com\/zeromagazine.mx\/wp-content\/uploads\/2026\/02\/IMG_1500-2.jpeg?fit=1200%2C866&ssl=1&resize=350%2C200","width":350,"height":200,"srcset":"https:\/\/i0.wp.com\/zeromagazine.mx\/wp-content\/uploads\/2026\/02\/IMG_1500-2.jpeg?fit=1200%2C866&ssl=1&resize=350%2C200 1x, https:\/\/i0.wp.com\/zeromagazine.mx\/wp-content\/uploads\/2026\/02\/IMG_1500-2.jpeg?fit=1200%2C866&ssl=1&resize=525%2C300 1.5x, https:\/\/i0.wp.com\/zeromagazine.mx\/wp-content\/uploads\/2026\/02\/IMG_1500-2.jpeg?fit=1200%2C866&ssl=1&resize=700%2C400 2x, https:\/\/i0.wp.com\/zeromagazine.mx\/wp-content\/uploads\/2026\/02\/IMG_1500-2.jpeg?fit=1200%2C866&ssl=1&resize=1050%2C600 3x"},"classes":[]}],"jetpack_sharing_enabled":true,"builder_content":"","_links":{"self":[{"href":"https:\/\/zeromagazine.mx\/index.php\/wp-json\/wp\/v2\/posts\/104150","targetHints":{"allow":["GET"]}}],"collection":[{"href":"https:\/\/zeromagazine.mx\/index.php\/wp-json\/wp\/v2\/posts"}],"about":[{"href":"https:\/\/zeromagazine.mx\/index.php\/wp-json\/wp\/v2\/types\/post"}],"author":[{"embeddable":true,"href":"https:\/\/zeromagazine.mx\/index.php\/wp-json\/wp\/v2\/users\/2"}],"replies":[{"embeddable":true,"href":"https:\/\/zeromagazine.mx\/index.php\/wp-json\/wp\/v2\/comments?post=104150"}],"version-history":[{"count":3,"href":"https:\/\/zeromagazine.mx\/index.php\/wp-json\/wp\/v2\/posts\/104150\/revisions"}],"predecessor-version":[{"id":104156,"href":"https:\/\/zeromagazine.mx\/index.php\/wp-json\/wp\/v2\/posts\/104150\/revisions\/104156"}],"wp:featuredmedia":[{"embeddable":true,"href":"https:\/\/zeromagazine.mx\/index.php\/wp-json\/wp\/v2\/media\/104153"}],"wp:attachment":[{"href":"https:\/\/zeromagazine.mx\/index.php\/wp-json\/wp\/v2\/media?parent=104150"}],"wp:term":[{"taxonomy":"category","embeddable":true,"href":"https:\/\/zeromagazine.mx\/index.php\/wp-json\/wp\/v2\/categories?post=104150"},{"taxonomy":"post_tag","embeddable":true,"href":"https:\/\/zeromagazine.mx\/index.php\/wp-json\/wp\/v2\/tags?post=104150"}],"curies":[{"name":"wp","href":"https:\/\/api.w.org\/{rel}","templated":true}]}}