{"id":104247,"date":"2025-05-01T08:00:00","date_gmt":"2025-05-01T14:00:00","guid":{"rendered":"https:\/\/zeromagazine.mx\/?p=104247"},"modified":"2025-05-16T09:05:49","modified_gmt":"2025-05-16T15:05:49","slug":"holanda-su-helado-moka-cafe","status":"publish","type":"post","link":"https:\/\/zeromagazine.mx\/index.php\/2025\/05\/01\/holanda-su-helado-moka-cafe\/","title":{"rendered":"Holanda &amp; Su Helado Moka Caf\u00e9"},"content":{"rendered":"<p>Amix, ya lleg\u00f3 la \u00e9poca de calor, y con ella, las ganas de algo rico que te baje la temperatura y te suba el \u00e1nimo. Por eso,<strong> Helados Holanda<\/strong> acaba de lanzar su nuevo helado sabor <strong>Moka Caf\u00e9<\/strong>, que literalmente es <em>sabor que despierta sonrisas<\/em>. Y s\u00ed, es justo lo que parece: caf\u00e9 + chispas + chocolate + una textura cremosa que te hace decir \u201cuna cucharada m\u00e1s\u201d hasta que se acaba.<\/p>\n\n\n\n<h4 class=\"wp-block-heading\">Helado dulce e intenso<\/h4>\n\n\n\n<p>Adem\u00e1s, este nuevo sabor mezcla helado cremoso de caf\u00e9 con un swirl de jarabe de chocolate y chispas que se derriten como tus ganas de seguir en la cama. Es una fusi\u00f3n intensa pero balanceada que pega justo en el centro del antojo. Perfecto para lxs que aman el caf\u00e9, pero tambi\u00e9n necesitan algo fr\u00edo y delicioso para sobrevivir la primavera chilangue.<\/p>\n\n\n\n<p>\ud83d\udc49 <a class=\"\" href=\"https:\/\/www.heladosholanda.com.mx\">Desc\u00fabrelo en el sitio de Helados Holanda<\/a><\/p>\n\n\n\n<h4 class=\"wp-block-heading\">Es para compartir<\/h4>\n\n\n\n<p>Este bote de helado viene con toda la actitud de \u201capapacho compartido\u201d. Va perfecto para armar el postre en la comida familiar, el marat\u00f3n de pelis con tus amix o simplemente para darte un momento indulgente en soledad con cucharita directa del bote (sin culpa, obvio).<\/p>\n\n\n\n<h4 class=\"wp-block-heading\">Dale sabor a todo<\/h4>\n\n\n\n<p>Por \u00faltimo, como todos los helados de <strong>Holanda,<\/strong> puedes usar helado <strong>Moka Caf\u00e9<\/strong> en recetas: desde malteadas, brownies con helado o tu desayuno aesthetic con waffles. Porque <em>sabor que despierta sonrisas<\/em> no solo se come, tambi\u00e9n se comparte y se reinventa.<\/p>\n\n\n\n<p>Si quieres saber m\u00e1s o ver ideas de recetas, date una vuelta por el IG de <a href=\"https:\/\/www.instagram.com\/heladosholandamx\/\">@heladosholanda.mx<\/a> o por su web oficial. Porque s\u00ed, el cafecito ya no solo se toma\u2026 tambi\u00e9n se disfruta en cucharadas.<\/p>\n\n\n\n<script async src=\"https:\/\/pagead2.googlesyndication.com\/pagead\/js\/adsbygoogle.js?client=ca-pub-5499304793904745\"\n     crossorigin=\"anonymous\"><\/script>\n<ins class=\"adsbygoogle\"\n     style=\"display:block; text-align:center;\"\n     data-ad-layout=\"in-article\"\n     data-ad-format=\"fluid\"\n     data-ad-client=\"ca-pub-5499304793904745\"\n     data-ad-slot=\"5994863093\"><\/ins>\n<script>\n     (adsbygoogle = window.adsbygoogle || []).push({});\n<\/script>\n\n<!--themify_builder_content-->\n<div id=\"themify_builder_content-104247\" data-postid=\"104247\" class=\"themify_builder_content themify_builder_content-104247 themify_builder tf_clear\">\n    <\/div>\n<!--\/themify_builder_content-->","protected":false},"excerpt":{"rendered":"<p>Amix, ya lleg\u00f3 la \u00e9poca de calor, y con ella, las ganas de algo rico que te baje la temperatura y te suba el \u00e1nimo. Por eso, Helados Holanda acaba de lanzar su nuevo helado sabor Moka Caf\u00e9, que literalmente es sabor que despierta sonrisas. Y s\u00ed, es justo lo que parece: caf\u00e9 + chispas [&hellip;]<\/p>\n","protected":false},"author":4,"featured_media":104248,"comment_status":"open","ping_status":"open","sticky":false,"template":"","format":"standard","meta":{"_jetpack_memberships_contains_paid_content":false,"footnotes":"","jetpack_publicize_message":"","jetpack_publicize_feature_enabled":true,"jetpack_social_post_already_shared":true,"jetpack_social_options":{"image_generator_settings":{"template":"highway","default_image_id":0,"font":"","enabled":false},"version":2}},"categories":[6870],"tags":[7281,12314,13752,6779],"class_list":["post-104247","post","type-post","status-publish","format-standard","has-post-thumbnail","hentry","category-foodie","tag-helado","tag-helados-holanda","tag-moka-cafe","tag-postres","has-post-title","has-post-date","has-post-category","has-post-tag","has-post-comment","has-post-author",""],"yoast_head":"<!-- This site is optimized with the Yoast SEO plugin v27.5 - https:\/\/yoast.com\/product\/yoast-seo-wordpress\/ -->\n<title>Holanda &amp; Su Helado Moka Caf\u00e9 - Zero Magazine<\/title>\n<meta name=\"description\" content=\"Helados Holanda lanza su nuevo helado Moka Caf\u00e9, que tiene un sabor \u00fanico y varias recetas para hacer en este primavera\" \/>\n<meta name=\"robots\" content=\"index, follow, max-snippet:-1, max-image-preview:large, max-video-preview:-1\" \/>\n<link rel=\"canonical\" href=\"https:\/\/zeromagazine.mx\/index.php\/2025\/05\/01\/holanda-su-helado-moka-cafe\/\" \/>\n<meta property=\"og:locale\" content=\"es_ES\" \/>\n<meta property=\"og:type\" content=\"article\" \/>\n<meta property=\"og:title\" content=\"Holanda &amp; Su Helado Moka Caf\u00e9 - Zero Magazine\" \/>\n<meta property=\"og:description\" content=\"Helados Holanda lanza su nuevo helado Moka Caf\u00e9, que tiene un sabor \u00fanico y varias recetas para hacer en este primavera\" \/>\n<meta property=\"og:url\" content=\"https:\/\/zeromagazine.mx\/index.php\/2025\/05\/01\/holanda-su-helado-moka-cafe\/\" \/>\n<meta property=\"og:site_name\" content=\"Zero Magazine\" \/>\n<meta property=\"article:published_time\" content=\"2025-05-01T14:00:00+00:00\" \/>\n<meta property=\"article:modified_time\" content=\"2025-05-16T15:05:49+00:00\" \/>\n<meta property=\"og:image\" content=\"http:\/\/zeromagazine.mx\/wp-content\/uploads\/2025\/05\/Captura-de-pantalla-2025-05-16-081731.png\" \/>\n\t<meta property=\"og:image:width\" content=\"748\" \/>\n\t<meta property=\"og:image:height\" content=\"406\" \/>\n\t<meta property=\"og:image:type\" content=\"image\/png\" \/>\n<meta name=\"author\" content=\"David Morales\" \/>\n<meta name=\"twitter:card\" content=\"summary_large_image\" \/>\n<meta name=\"twitter:label1\" content=\"Escrito por\" \/>\n\t<meta name=\"twitter:data1\" content=\"David Morales\" \/>\n\t<meta name=\"twitter:label2\" content=\"Tiempo de lectura\" \/>\n\t<meta name=\"twitter:data2\" content=\"2 minutos\" \/>\n<script type=\"application\/ld+json\" class=\"yoast-schema-graph\">{\"@context\":\"https:\\\/\\\/schema.org\",\"@graph\":[{\"@type\":\"Article\",\"@id\":\"https:\\\/\\\/zeromagazine.mx\\\/index.php\\\/2025\\\/05\\\/01\\\/holanda-su-helado-moka-cafe\\\/#article\",\"isPartOf\":{\"@id\":\"https:\\\/\\\/zeromagazine.mx\\\/index.php\\\/2025\\\/05\\\/01\\\/holanda-su-helado-moka-cafe\\\/\"},\"author\":{\"name\":\"David Morales\",\"@id\":\"https:\\\/\\\/zeromagazine.mx\\\/#\\\/schema\\\/person\\\/9f7f1a17c60ba8e9980e3e6677aabe5a\"},\"headline\":\"Holanda &amp; Su Helado Moka Caf\u00e9\",\"datePublished\":\"2025-05-01T14:00:00+00:00\",\"dateModified\":\"2025-05-16T15:05:49+00:00\",\"mainEntityOfPage\":{\"@id\":\"https:\\\/\\\/zeromagazine.mx\\\/index.php\\\/2025\\\/05\\\/01\\\/holanda-su-helado-moka-cafe\\\/\"},\"wordCount\":289,\"commentCount\":0,\"publisher\":{\"@id\":\"https:\\\/\\\/zeromagazine.mx\\\/#organization\"},\"image\":{\"@id\":\"https:\\\/\\\/zeromagazine.mx\\\/index.php\\\/2025\\\/05\\\/01\\\/holanda-su-helado-moka-cafe\\\/#primaryimage\"},\"thumbnailUrl\":\"https:\\\/\\\/i0.wp.com\\\/zeromagazine.mx\\\/wp-content\\\/uploads\\\/2025\\\/05\\\/Captura-de-pantalla-2025-05-16-081731.png?fit=748%2C406&ssl=1\",\"keywords\":[\"Helado\",\"Helados Holanda\",\"Moka Caf\u00e9\",\"Postres\"],\"articleSection\":[\"Foodie\"],\"inLanguage\":\"es\",\"potentialAction\":[{\"@type\":\"CommentAction\",\"name\":\"Comment\",\"target\":[\"https:\\\/\\\/zeromagazine.mx\\\/index.php\\\/2025\\\/05\\\/01\\\/holanda-su-helado-moka-cafe\\\/#respond\"]}]},{\"@type\":\"WebPage\",\"@id\":\"https:\\\/\\\/zeromagazine.mx\\\/index.php\\\/2025\\\/05\\\/01\\\/holanda-su-helado-moka-cafe\\\/\",\"url\":\"https:\\\/\\\/zeromagazine.mx\\\/index.php\\\/2025\\\/05\\\/01\\\/holanda-su-helado-moka-cafe\\\/\",\"name\":\"Holanda &amp; Su Helado Moka Caf\u00e9 - Zero Magazine\",\"isPartOf\":{\"@id\":\"https:\\\/\\\/zeromagazine.mx\\\/#website\"},\"primaryImageOfPage\":{\"@id\":\"https:\\\/\\\/zeromagazine.mx\\\/index.php\\\/2025\\\/05\\\/01\\\/holanda-su-helado-moka-cafe\\\/#primaryimage\"},\"image\":{\"@id\":\"https:\\\/\\\/zeromagazine.mx\\\/index.php\\\/2025\\\/05\\\/01\\\/holanda-su-helado-moka-cafe\\\/#primaryimage\"},\"thumbnailUrl\":\"https:\\\/\\\/i0.wp.com\\\/zeromagazine.mx\\\/wp-content\\\/uploads\\\/2025\\\/05\\\/Captura-de-pantalla-2025-05-16-081731.png?fit=748%2C406&ssl=1\",\"datePublished\":\"2025-05-01T14:00:00+00:00\",\"dateModified\":\"2025-05-16T15:05:49+00:00\",\"description\":\"Helados Holanda lanza su nuevo helado Moka Caf\u00e9, que tiene un sabor \u00fanico y varias recetas para hacer en este primavera\",\"breadcrumb\":{\"@id\":\"https:\\\/\\\/zeromagazine.mx\\\/index.php\\\/2025\\\/05\\\/01\\\/holanda-su-helado-moka-cafe\\\/#breadcrumb\"},\"inLanguage\":\"es\",\"potentialAction\":[{\"@type\":\"ReadAction\",\"target\":[\"https:\\\/\\\/zeromagazine.mx\\\/index.php\\\/2025\\\/05\\\/01\\\/holanda-su-helado-moka-cafe\\\/\"]}]},{\"@type\":\"ImageObject\",\"inLanguage\":\"es\",\"@id\":\"https:\\\/\\\/zeromagazine.mx\\\/index.php\\\/2025\\\/05\\\/01\\\/holanda-su-helado-moka-cafe\\\/#primaryimage\",\"url\":\"https:\\\/\\\/i0.wp.com\\\/zeromagazine.mx\\\/wp-content\\\/uploads\\\/2025\\\/05\\\/Captura-de-pantalla-2025-05-16-081731.png?fit=748%2C406&ssl=1\",\"contentUrl\":\"https:\\\/\\\/i0.wp.com\\\/zeromagazine.mx\\\/wp-content\\\/uploads\\\/2025\\\/05\\\/Captura-de-pantalla-2025-05-16-081731.png?fit=748%2C406&ssl=1\",\"width\":748,\"height\":406},{\"@type\":\"BreadcrumbList\",\"@id\":\"https:\\\/\\\/zeromagazine.mx\\\/index.php\\\/2025\\\/05\\\/01\\\/holanda-su-helado-moka-cafe\\\/#breadcrumb\",\"itemListElement\":[{\"@type\":\"ListItem\",\"position\":1,\"name\":\"Portada\",\"item\":\"https:\\\/\\\/zeromagazine.mx\\\/\"},{\"@type\":\"ListItem\",\"position\":2,\"name\":\"Holanda &amp; Su Helado Moka Caf\u00e9\"}]},{\"@type\":\"WebSite\",\"@id\":\"https:\\\/\\\/zeromagazine.mx\\\/#website\",\"url\":\"https:\\\/\\\/zeromagazine.mx\\\/\",\"name\":\"Zero Magazine\",\"description\":\"\",\"publisher\":{\"@id\":\"https:\\\/\\\/zeromagazine.mx\\\/#organization\"},\"potentialAction\":[{\"@type\":\"SearchAction\",\"target\":{\"@type\":\"EntryPoint\",\"urlTemplate\":\"https:\\\/\\\/zeromagazine.mx\\\/?s={search_term_string}\"},\"query-input\":{\"@type\":\"PropertyValueSpecification\",\"valueRequired\":true,\"valueName\":\"search_term_string\"}}],\"inLanguage\":\"es\"},{\"@type\":\"Organization\",\"@id\":\"https:\\\/\\\/zeromagazine.mx\\\/#organization\",\"name\":\"Zero Magazine\",\"url\":\"https:\\\/\\\/zeromagazine.mx\\\/\",\"logo\":{\"@type\":\"ImageObject\",\"inLanguage\":\"es\",\"@id\":\"https:\\\/\\\/zeromagazine.mx\\\/#\\\/schema\\\/logo\\\/image\\\/\",\"url\":\"https:\\\/\\\/i0.wp.com\\\/zeromagazine.mx\\\/wp-content\\\/uploads\\\/2025\\\/11\\\/1.jpeg?fit=1000%2C1000&ssl=1\",\"contentUrl\":\"https:\\\/\\\/i0.wp.com\\\/zeromagazine.mx\\\/wp-content\\\/uploads\\\/2025\\\/11\\\/1.jpeg?fit=1000%2C1000&ssl=1\",\"width\":1000,\"height\":1000,\"caption\":\"Zero Magazine\"},\"image\":{\"@id\":\"https:\\\/\\\/zeromagazine.mx\\\/#\\\/schema\\\/logo\\\/image\\\/\"},\"sameAs\":[\"https:\\\/\\\/instagram.com\\\/zeromagazinemx\"]},{\"@type\":\"Person\",\"@id\":\"https:\\\/\\\/zeromagazine.mx\\\/#\\\/schema\\\/person\\\/9f7f1a17c60ba8e9980e3e6677aabe5a\",\"name\":\"David Morales\",\"image\":{\"@type\":\"ImageObject\",\"inLanguage\":\"es\",\"@id\":\"https:\\\/\\\/zeromagazine.mx\\\/wp-content\\\/litespeed\\\/avatar\\\/76069d2136bfc1c37dc34815bb67ca42.jpg?ver=1777571067\",\"url\":\"https:\\\/\\\/zeromagazine.mx\\\/wp-content\\\/litespeed\\\/avatar\\\/76069d2136bfc1c37dc34815bb67ca42.jpg?ver=1777571067\",\"contentUrl\":\"https:\\\/\\\/zeromagazine.mx\\\/wp-content\\\/litespeed\\\/avatar\\\/76069d2136bfc1c37dc34815bb67ca42.jpg?ver=1777571067\",\"caption\":\"David Morales\"},\"url\":\"https:\\\/\\\/zeromagazine.mx\\\/index.php\\\/author\\\/david\\\/\"}]}<\/script>\n<!-- \/ Yoast SEO plugin. -->","yoast_head_json":{"title":"Holanda &amp; Su Helado Moka Caf\u00e9 - Zero Magazine","description":"Helados Holanda lanza su nuevo helado Moka Caf\u00e9, que tiene un sabor \u00fanico y varias recetas para hacer en este primavera","robots":{"index":"index","follow":"follow","max-snippet":"max-snippet:-1","max-image-preview":"max-image-preview:large","max-video-preview":"max-video-preview:-1"},"canonical":"https:\/\/zeromagazine.mx\/index.php\/2025\/05\/01\/holanda-su-helado-moka-cafe\/","og_locale":"es_ES","og_type":"article","og_title":"Holanda &amp; Su Helado Moka Caf\u00e9 - Zero Magazine","og_description":"Helados Holanda lanza su nuevo helado Moka Caf\u00e9, que tiene un sabor \u00fanico y varias recetas para hacer en este primavera","og_url":"https:\/\/zeromagazine.mx\/index.php\/2025\/05\/01\/holanda-su-helado-moka-cafe\/","og_site_name":"Zero Magazine","article_published_time":"2025-05-01T14:00:00+00:00","article_modified_time":"2025-05-16T15:05:49+00:00","og_image":[{"width":748,"height":406,"url":"http:\/\/zeromagazine.mx\/wp-content\/uploads\/2025\/05\/Captura-de-pantalla-2025-05-16-081731.png","type":"image\/png"}],"author":"David Morales","twitter_card":"summary_large_image","twitter_misc":{"Escrito por":"David Morales","Tiempo de lectura":"2 minutos"},"schema":{"@context":"https:\/\/schema.org","@graph":[{"@type":"Article","@id":"https:\/\/zeromagazine.mx\/index.php\/2025\/05\/01\/holanda-su-helado-moka-cafe\/#article","isPartOf":{"@id":"https:\/\/zeromagazine.mx\/index.php\/2025\/05\/01\/holanda-su-helado-moka-cafe\/"},"author":{"name":"David Morales","@id":"https:\/\/zeromagazine.mx\/#\/schema\/person\/9f7f1a17c60ba8e9980e3e6677aabe5a"},"headline":"Holanda &amp; Su Helado Moka Caf\u00e9","datePublished":"2025-05-01T14:00:00+00:00","dateModified":"2025-05-16T15:05:49+00:00","mainEntityOfPage":{"@id":"https:\/\/zeromagazine.mx\/index.php\/2025\/05\/01\/holanda-su-helado-moka-cafe\/"},"wordCount":289,"commentCount":0,"publisher":{"@id":"https:\/\/zeromagazine.mx\/#organization"},"image":{"@id":"https:\/\/zeromagazine.mx\/index.php\/2025\/05\/01\/holanda-su-helado-moka-cafe\/#primaryimage"},"thumbnailUrl":"https:\/\/i0.wp.com\/zeromagazine.mx\/wp-content\/uploads\/2025\/05\/Captura-de-pantalla-2025-05-16-081731.png?fit=748%2C406&ssl=1","keywords":["Helado","Helados Holanda","Moka Caf\u00e9","Postres"],"articleSection":["Foodie"],"inLanguage":"es","potentialAction":[{"@type":"CommentAction","name":"Comment","target":["https:\/\/zeromagazine.mx\/index.php\/2025\/05\/01\/holanda-su-helado-moka-cafe\/#respond"]}]},{"@type":"WebPage","@id":"https:\/\/zeromagazine.mx\/index.php\/2025\/05\/01\/holanda-su-helado-moka-cafe\/","url":"https:\/\/zeromagazine.mx\/index.php\/2025\/05\/01\/holanda-su-helado-moka-cafe\/","name":"Holanda &amp; Su Helado Moka Caf\u00e9 - Zero Magazine","isPartOf":{"@id":"https:\/\/zeromagazine.mx\/#website"},"primaryImageOfPage":{"@id":"https:\/\/zeromagazine.mx\/index.php\/2025\/05\/01\/holanda-su-helado-moka-cafe\/#primaryimage"},"image":{"@id":"https:\/\/zeromagazine.mx\/index.php\/2025\/05\/01\/holanda-su-helado-moka-cafe\/#primaryimage"},"thumbnailUrl":"https:\/\/i0.wp.com\/zeromagazine.mx\/wp-content\/uploads\/2025\/05\/Captura-de-pantalla-2025-05-16-081731.png?fit=748%2C406&ssl=1","datePublished":"2025-05-01T14:00:00+00:00","dateModified":"2025-05-16T15:05:49+00:00","description":"Helados Holanda lanza su nuevo helado Moka Caf\u00e9, que tiene un sabor \u00fanico y varias recetas para hacer en este primavera","breadcrumb":{"@id":"https:\/\/zeromagazine.mx\/index.php\/2025\/05\/01\/holanda-su-helado-moka-cafe\/#breadcrumb"},"inLanguage":"es","potentialAction":[{"@type":"ReadAction","target":["https:\/\/zeromagazine.mx\/index.php\/2025\/05\/01\/holanda-su-helado-moka-cafe\/"]}]},{"@type":"ImageObject","inLanguage":"es","@id":"https:\/\/zeromagazine.mx\/index.php\/2025\/05\/01\/holanda-su-helado-moka-cafe\/#primaryimage","url":"https:\/\/i0.wp.com\/zeromagazine.mx\/wp-content\/uploads\/2025\/05\/Captura-de-pantalla-2025-05-16-081731.png?fit=748%2C406&ssl=1","contentUrl":"https:\/\/i0.wp.com\/zeromagazine.mx\/wp-content\/uploads\/2025\/05\/Captura-de-pantalla-2025-05-16-081731.png?fit=748%2C406&ssl=1","width":748,"height":406},{"@type":"BreadcrumbList","@id":"https:\/\/zeromagazine.mx\/index.php\/2025\/05\/01\/holanda-su-helado-moka-cafe\/#breadcrumb","itemListElement":[{"@type":"ListItem","position":1,"name":"Portada","item":"https:\/\/zeromagazine.mx\/"},{"@type":"ListItem","position":2,"name":"Holanda &amp; Su Helado Moka Caf\u00e9"}]},{"@type":"WebSite","@id":"https:\/\/zeromagazine.mx\/#website","url":"https:\/\/zeromagazine.mx\/","name":"Zero Magazine","description":"","publisher":{"@id":"https:\/\/zeromagazine.mx\/#organization"},"potentialAction":[{"@type":"SearchAction","target":{"@type":"EntryPoint","urlTemplate":"https:\/\/zeromagazine.mx\/?s={search_term_string}"},"query-input":{"@type":"PropertyValueSpecification","valueRequired":true,"valueName":"search_term_string"}}],"inLanguage":"es"},{"@type":"Organization","@id":"https:\/\/zeromagazine.mx\/#organization","name":"Zero Magazine","url":"https:\/\/zeromagazine.mx\/","logo":{"@type":"ImageObject","inLanguage":"es","@id":"https:\/\/zeromagazine.mx\/#\/schema\/logo\/image\/","url":"https:\/\/i0.wp.com\/zeromagazine.mx\/wp-content\/uploads\/2025\/11\/1.jpeg?fit=1000%2C1000&ssl=1","contentUrl":"https:\/\/i0.wp.com\/zeromagazine.mx\/wp-content\/uploads\/2025\/11\/1.jpeg?fit=1000%2C1000&ssl=1","width":1000,"height":1000,"caption":"Zero Magazine"},"image":{"@id":"https:\/\/zeromagazine.mx\/#\/schema\/logo\/image\/"},"sameAs":["https:\/\/instagram.com\/zeromagazinemx"]},{"@type":"Person","@id":"https:\/\/zeromagazine.mx\/#\/schema\/person\/9f7f1a17c60ba8e9980e3e6677aabe5a","name":"David Morales","image":{"@type":"ImageObject","inLanguage":"es","@id":"https:\/\/zeromagazine.mx\/wp-content\/litespeed\/avatar\/76069d2136bfc1c37dc34815bb67ca42.jpg?ver=1777571067","url":"https:\/\/zeromagazine.mx\/wp-content\/litespeed\/avatar\/76069d2136bfc1c37dc34815bb67ca42.jpg?ver=1777571067","contentUrl":"https:\/\/zeromagazine.mx\/wp-content\/litespeed\/avatar\/76069d2136bfc1c37dc34815bb67ca42.jpg?ver=1777571067","caption":"David Morales"},"url":"https:\/\/zeromagazine.mx\/index.php\/author\/david\/"}]}},"jetpack_publicize_connections":[],"jetpack_featured_media_url":"https:\/\/i0.wp.com\/zeromagazine.mx\/wp-content\/uploads\/2025\/05\/Captura-de-pantalla-2025-05-16-081731.png?fit=748%2C406&ssl=1","jetpack-related-posts":[{"id":101368,"url":"https:\/\/zeromagazine.mx\/index.php\/2025\/04\/12\/helado-que-conecta\/","url_meta":{"origin":104247,"position":0},"title":"Helado Que Conecta","author":"David Morales","date":"12 de abril de 2025","format":false,"excerpt":"Amix, ya lleg\u00f3 esa \u00e9poca deliciosa del a\u00f1o donde el mood es chill, la cuchara es reina y el helado se convierte en el main character. Porque s\u00ed, este 12 de abril se celebra el D\u00eda Internacional del Helado, y si alguien sabe c\u00f3mo hacerlo bien es Helados Holanda, que\u2026","rel":"","context":"En \u00abFoodie\u00bb","block_context":{"text":"Foodie","link":"https:\/\/zeromagazine.mx\/index.php\/category\/lifestyle\/foodie\/"},"img":{"alt_text":"","src":"https:\/\/i0.wp.com\/zeromagazine.mx\/wp-content\/uploads\/2025\/04\/Captura-de-pantalla-2025-04-12-113854.png?fit=1200%2C273&ssl=1&resize=350%2C200","width":350,"height":200,"srcset":"https:\/\/i0.wp.com\/zeromagazine.mx\/wp-content\/uploads\/2025\/04\/Captura-de-pantalla-2025-04-12-113854.png?fit=1200%2C273&ssl=1&resize=350%2C200 1x, https:\/\/i0.wp.com\/zeromagazine.mx\/wp-content\/uploads\/2025\/04\/Captura-de-pantalla-2025-04-12-113854.png?fit=1200%2C273&ssl=1&resize=525%2C300 1.5x, https:\/\/i0.wp.com\/zeromagazine.mx\/wp-content\/uploads\/2025\/04\/Captura-de-pantalla-2025-04-12-113854.png?fit=1200%2C273&ssl=1&resize=700%2C400 2x, https:\/\/i0.wp.com\/zeromagazine.mx\/wp-content\/uploads\/2025\/04\/Captura-de-pantalla-2025-04-12-113854.png?fit=1200%2C273&ssl=1&resize=1050%2C600 3x"},"classes":[]},{"id":118108,"url":"https:\/\/zeromagazine.mx\/index.php\/2026\/04\/10\/dia-del-helado-con-baileys\/","url_meta":{"origin":104247,"position":1},"title":"D\u00eda Internacional del Helado: Baileys le da un toque cremoso de sabor \u00a1Desc\u00fabre las recetas!","author":"David Morales","date":"10 de abril de 2026","format":false,"excerpt":"Cuando se trata de placeres simples, el helado siempre gana. Pero este 12 de abril \u2014en pleno\u00a0D\u00eda del Helado\u2014 la idea no es solo disfrutarlo, sino llevarlo a otro nivel. Porque s\u00ed, el cl\u00e1sico cono sigue siendo infalible, pero hay formas de hacerlo m\u00e1s interesante, m\u00e1s indulgente y, sobre todo,\u2026","rel":"","context":"En \u00abBlog\u00bb","block_context":{"text":"Blog","link":"https:\/\/zeromagazine.mx\/index.php\/category\/blog\/"},"img":{"alt_text":"","src":"https:\/\/i0.wp.com\/zeromagazine.mx\/wp-content\/uploads\/2026\/04\/IMG_2037.jpeg?fit=553%2C733&ssl=1&resize=350%2C200","width":350,"height":200,"srcset":"https:\/\/i0.wp.com\/zeromagazine.mx\/wp-content\/uploads\/2026\/04\/IMG_2037.jpeg?fit=553%2C733&ssl=1&resize=350%2C200 1x, https:\/\/i0.wp.com\/zeromagazine.mx\/wp-content\/uploads\/2026\/04\/IMG_2037.jpeg?fit=553%2C733&ssl=1&resize=525%2C300 1.5x"},"classes":[]},{"id":90329,"url":"https:\/\/zeromagazine.mx\/index.php\/2024\/11\/12\/90329\/","url_meta":{"origin":104247,"position":2},"title":"\u00ab\u00a1Sabe a Stranger Things, prueba!\u00bb","author":"zeromagazinemx","date":"12 de noviembre de 2024","format":false,"excerpt":"\u00a1Paren todo! Helados Holanda acaba de lanzar una colaboraci\u00f3n que va a poner a todos los fan\u00e1ticos de\u00a0Stranger Thingsy los amantes de los helados a gritar de emoci\u00f3n. \u00bfSe imaginan disfrutar de un helado inspirado en una de las series m\u00e1s ic\u00f3nicas de Netflix? Pues s\u00ed, Holanda lo ha hecho\u2026","rel":"","context":"En \u00abFoodie\u00bb","block_context":{"text":"Foodie","link":"https:\/\/zeromagazine.mx\/index.php\/category\/lifestyle\/foodie\/"},"img":{"alt_text":"","src":"https:\/\/i0.wp.com\/zeromagazine.mx\/wp-content\/uploads\/2024\/11\/Holanda-STRANGER-THINGS-scaled.jpg?fit=800%2C1200&ssl=1&resize=350%2C200","width":350,"height":200,"srcset":"https:\/\/i0.wp.com\/zeromagazine.mx\/wp-content\/uploads\/2024\/11\/Holanda-STRANGER-THINGS-scaled.jpg?fit=800%2C1200&ssl=1&resize=350%2C200 1x, https:\/\/i0.wp.com\/zeromagazine.mx\/wp-content\/uploads\/2024\/11\/Holanda-STRANGER-THINGS-scaled.jpg?fit=800%2C1200&ssl=1&resize=525%2C300 1.5x, https:\/\/i0.wp.com\/zeromagazine.mx\/wp-content\/uploads\/2024\/11\/Holanda-STRANGER-THINGS-scaled.jpg?fit=800%2C1200&ssl=1&resize=700%2C400 2x"},"classes":[]},{"id":100941,"url":"https:\/\/zeromagazine.mx\/index.php\/2025\/04\/10\/sabor-que-cuenta-historia\/","url_meta":{"origin":104247,"position":3},"title":"Sabor Que Cuenta Hisotria","author":"David Morales","date":"10 de abril de 2025","format":false,"excerpt":"Amix, si andas buscando el spot m\u00e1s aesthetic y sabroso para pasar esta primavera, Don Nino Polanco acaba de aterrizar en Lamartine 300 y est\u00e1 para gritar \u201cmamma mia\u201d. Entre gelatos de autor, cannoli sicilianos y caf\u00e9 con blends exclusivos, esta nueva sucursal trae sabor que cuenta historia directo desde\u2026","rel":"","context":"En \u00abFoodie\u00bb","block_context":{"text":"Foodie","link":"https:\/\/zeromagazine.mx\/index.php\/category\/lifestyle\/foodie\/"},"img":{"alt_text":"","src":"https:\/\/i0.wp.com\/zeromagazine.mx\/wp-content\/uploads\/2025\/04\/Captura-de-pantalla-2025-04-10-123040.png?fit=760%2C890&ssl=1&resize=350%2C200","width":350,"height":200,"srcset":"https:\/\/i0.wp.com\/zeromagazine.mx\/wp-content\/uploads\/2025\/04\/Captura-de-pantalla-2025-04-10-123040.png?fit=760%2C890&ssl=1&resize=350%2C200 1x, https:\/\/i0.wp.com\/zeromagazine.mx\/wp-content\/uploads\/2025\/04\/Captura-de-pantalla-2025-04-10-123040.png?fit=760%2C890&ssl=1&resize=525%2C300 1.5x, https:\/\/i0.wp.com\/zeromagazine.mx\/wp-content\/uploads\/2025\/04\/Captura-de-pantalla-2025-04-10-123040.png?fit=760%2C890&ssl=1&resize=700%2C400 2x"},"classes":[]},{"id":113072,"url":"https:\/\/zeromagazine.mx\/index.php\/2026\/01\/12\/sabores-reconfortantes-starbucks-invierno-2026\/","url_meta":{"origin":104247,"position":4},"title":"Sabores que reconfortan: Starbucks\u00ae presenta sus nuevas bebidas esta temporada de invierno","author":"David Morales","date":"12 de enero de 2026","format":false,"excerpt":"El invierno tiene ese talento especial para pedir pausas. Pausas para bajar el ritmo, para reconectar y, claro, para tomar algo que se sienta como un abrazo en taza. En ese mood, Starbucks arranca la temporada con una propuesta que combina nostalgia, novedad y mucha vibra cozy: nuevas bebidas de\u2026","rel":"","context":"En \u00abFoodie\u00bb","block_context":{"text":"Foodie","link":"https:\/\/zeromagazine.mx\/index.php\/category\/lifestyle\/foodie\/"},"img":{"alt_text":"","src":"https:\/\/i0.wp.com\/zeromagazine.mx\/wp-content\/uploads\/2026\/01\/Stb-dia-10898-scaled.jpeg?fit=1200%2C800&ssl=1&resize=350%2C200","width":350,"height":200,"srcset":"https:\/\/i0.wp.com\/zeromagazine.mx\/wp-content\/uploads\/2026\/01\/Stb-dia-10898-scaled.jpeg?fit=1200%2C800&ssl=1&resize=350%2C200 1x, https:\/\/i0.wp.com\/zeromagazine.mx\/wp-content\/uploads\/2026\/01\/Stb-dia-10898-scaled.jpeg?fit=1200%2C800&ssl=1&resize=525%2C300 1.5x, https:\/\/i0.wp.com\/zeromagazine.mx\/wp-content\/uploads\/2026\/01\/Stb-dia-10898-scaled.jpeg?fit=1200%2C800&ssl=1&resize=700%2C400 2x, https:\/\/i0.wp.com\/zeromagazine.mx\/wp-content\/uploads\/2026\/01\/Stb-dia-10898-scaled.jpeg?fit=1200%2C800&ssl=1&resize=1050%2C600 3x"},"classes":[]},{"id":116938,"url":"https:\/\/zeromagazine.mx\/index.php\/2026\/03\/18\/starbucks-proteina-bebidas-mexico\/","url_meta":{"origin":104247,"position":5},"title":"Starbucks M\u00e9xico presenta su nueva l\u00ednea de bebidas con prote\u00edna","author":"David Morales","date":"18 de marzo de 2026","format":false,"excerpt":"El mundo del caf\u00e9 est\u00e1 cambiando, y no solo por nuevos sabores, sino por la forma en que se adapta a los estilos de vida actuales. La tendencia de consumir m\u00e1s prote\u00edna en el d\u00eda ya no es exclusiva del gimnasio, ahora tambi\u00e9n forma parte de lo que tomas en\u2026","rel":"","context":"En \u00abBlog\u00bb","block_context":{"text":"Blog","link":"https:\/\/zeromagazine.mx\/index.php\/category\/blog\/"},"img":{"alt_text":"","src":"https:\/\/i0.wp.com\/zeromagazine.mx\/wp-content\/uploads\/2026\/03\/Protein-Latte-1128-scaled.jpeg?fit=1200%2C800&ssl=1&resize=350%2C200","width":350,"height":200,"srcset":"https:\/\/i0.wp.com\/zeromagazine.mx\/wp-content\/uploads\/2026\/03\/Protein-Latte-1128-scaled.jpeg?fit=1200%2C800&ssl=1&resize=350%2C200 1x, https:\/\/i0.wp.com\/zeromagazine.mx\/wp-content\/uploads\/2026\/03\/Protein-Latte-1128-scaled.jpeg?fit=1200%2C800&ssl=1&resize=525%2C300 1.5x, https:\/\/i0.wp.com\/zeromagazine.mx\/wp-content\/uploads\/2026\/03\/Protein-Latte-1128-scaled.jpeg?fit=1200%2C800&ssl=1&resize=700%2C400 2x, https:\/\/i0.wp.com\/zeromagazine.mx\/wp-content\/uploads\/2026\/03\/Protein-Latte-1128-scaled.jpeg?fit=1200%2C800&ssl=1&resize=1050%2C600 3x"},"classes":[]}],"jetpack_sharing_enabled":true,"builder_content":"","_links":{"self":[{"href":"https:\/\/zeromagazine.mx\/index.php\/wp-json\/wp\/v2\/posts\/104247","targetHints":{"allow":["GET"]}}],"collection":[{"href":"https:\/\/zeromagazine.mx\/index.php\/wp-json\/wp\/v2\/posts"}],"about":[{"href":"https:\/\/zeromagazine.mx\/index.php\/wp-json\/wp\/v2\/types\/post"}],"author":[{"embeddable":true,"href":"https:\/\/zeromagazine.mx\/index.php\/wp-json\/wp\/v2\/users\/4"}],"replies":[{"embeddable":true,"href":"https:\/\/zeromagazine.mx\/index.php\/wp-json\/wp\/v2\/comments?post=104247"}],"version-history":[{"count":2,"href":"https:\/\/zeromagazine.mx\/index.php\/wp-json\/wp\/v2\/posts\/104247\/revisions"}],"predecessor-version":[{"id":104250,"href":"https:\/\/zeromagazine.mx\/index.php\/wp-json\/wp\/v2\/posts\/104247\/revisions\/104250"}],"wp:featuredmedia":[{"embeddable":true,"href":"https:\/\/zeromagazine.mx\/index.php\/wp-json\/wp\/v2\/media\/104248"}],"wp:attachment":[{"href":"https:\/\/zeromagazine.mx\/index.php\/wp-json\/wp\/v2\/media?parent=104247"}],"wp:term":[{"taxonomy":"category","embeddable":true,"href":"https:\/\/zeromagazine.mx\/index.php\/wp-json\/wp\/v2\/categories?post=104247"},{"taxonomy":"post_tag","embeddable":true,"href":"https:\/\/zeromagazine.mx\/index.php\/wp-json\/wp\/v2\/tags?post=104247"}],"curies":[{"name":"wp","href":"https:\/\/api.w.org\/{rel}","templated":true}]}}