{"id":104706,"date":"2025-05-20T17:41:26","date_gmt":"2025-05-20T23:41:26","guid":{"rendered":"https:\/\/zeromagazine.mx\/?p=104706"},"modified":"2025-05-20T17:41:28","modified_gmt":"2025-05-20T23:41:28","slug":"el-soundtrack-del-musiclal-de-el-rey-leon-ya-esta-disponible","status":"publish","type":"post","link":"https:\/\/zeromagazine.mx\/index.php\/2025\/05\/20\/el-soundtrack-del-musiclal-de-el-rey-leon-ya-esta-disponible\/","title":{"rendered":"El Soundtrack Del Musical \u00abEl Rey Le\u00f3n\u00bb Ya Esta Disponible"},"content":{"rendered":"<p>Amix, si tambi\u00e9n creciste chillando con \u201c\u00c9l vive en ti\u201d o gritando \u201c\u00a1Hakuna matata!\u201d como si no tuvieras tareas, prep\u00e1rate porque <strong>el soundtrack en espa\u00f1ol del musical El Rey Le\u00f3n<\/strong> acaba de volver a plataformas digitales y est\u00e1 que arde. Despu\u00e9s de a\u00f1os de estar perdido del internet, por fin podemos volver a cantar esas joyas que marcaron nuestra infancia\u2026 pero con ese twist teatral que <strong>canta con el coraz\u00f3n<\/strong>.<\/p>\n\n\n\n<h3 class=\"wp-block-heading\">La historia de El Rey Leon<\/h3>\n\n\n<div class=\"wp-block-image\">\n<figure class=\"aligncenter size-full\"><img data-recalc-dims=\"1\" decoding=\"async\" width=\"923\" height=\"616\" src=\"https:\/\/i0.wp.com\/zeromagazine.mx\/wp-content\/uploads\/2025\/05\/Screenshot-2025-05-20-173815.png?resize=923%2C616&#038;ssl=1\" alt=\"\" class=\"wp-image-104707\" srcset=\"https:\/\/i0.wp.com\/zeromagazine.mx\/wp-content\/uploads\/2025\/05\/Screenshot-2025-05-20-173815.png?w=923&amp;ssl=1 923w, https:\/\/i0.wp.com\/zeromagazine.mx\/wp-content\/uploads\/2025\/05\/Screenshot-2025-05-20-173815.png?resize=300%2C200&amp;ssl=1 300w, https:\/\/i0.wp.com\/zeromagazine.mx\/wp-content\/uploads\/2025\/05\/Screenshot-2025-05-20-173815.png?resize=768%2C513&amp;ssl=1 768w\" sizes=\"(max-width: 923px) 100vw, 923px\" \/><\/figure>\n<\/div>\n\n\n<p>El \u00e1lbum de <strong>El Rey Le\u00f3n <\/strong>en espa\u00f1ol, fue grabado en 2015 con puro talento mexicano y producido por <strong>OCESA y Seitrack<\/strong>, con licencia exclusiva de<strong> Disney.<\/strong> Entre las voces legendarias est\u00e1n <strong>Carlos Rivera como Simba<\/strong>, <strong>Fela Dom\u00ednguez como Nala<\/strong>, <strong>Flavio Medina como Scar<\/strong> y <strong>Sergio Carranza como Pumba<\/strong>, quien \u2014dato que da nostalgia\u2014 vuelve a interpretar ese personaje 10 a\u00f1os despu\u00e9s, en la nueva puesta en escena. Y si te gusta el chisme cultural, incluye un momentazo con \u201cLa Bamba\u201d en versi\u00f3n sabana, porque s\u00ed, en M\u00e9xico tropicalizamos hasta los musicales m\u00e1s ic\u00f3nicos y lo hacemos espectacular.<\/p>\n\n\n\n<script async src=\"https:\/\/pagead2.googlesyndication.com\/pagead\/js\/adsbygoogle.js?client=ca-pub-5499304793904745\"\n     crossorigin=\"anonymous\"><\/script>\n<ins class=\"adsbygoogle\"\n     style=\"display:block; text-align:center;\"\n     data-ad-layout=\"in-article\"\n     data-ad-format=\"fluid\"\n     data-ad-client=\"ca-pub-5499304793904745\"\n     data-ad-slot=\"5994863093\"><\/ins>\n<script>\n     (adsbygoogle = window.adsbygoogle || []).push({});\n<\/script>\n\n\n\n<h3 class=\"wp-block-heading\">Puro orgullo latino<\/h3>\n\n\n<div class=\"wp-block-image\">\n<figure class=\"aligncenter size-full\"><img data-recalc-dims=\"1\" decoding=\"async\" width=\"925\" height=\"612\" src=\"https:\/\/i0.wp.com\/zeromagazine.mx\/wp-content\/uploads\/2025\/05\/Screenshot-2025-05-20-173751.png?resize=925%2C612&#038;ssl=1\" alt=\"\" class=\"wp-image-104708\" srcset=\"https:\/\/i0.wp.com\/zeromagazine.mx\/wp-content\/uploads\/2025\/05\/Screenshot-2025-05-20-173751.png?w=925&amp;ssl=1 925w, https:\/\/i0.wp.com\/zeromagazine.mx\/wp-content\/uploads\/2025\/05\/Screenshot-2025-05-20-173751.png?resize=300%2C198&amp;ssl=1 300w, https:\/\/i0.wp.com\/zeromagazine.mx\/wp-content\/uploads\/2025\/05\/Screenshot-2025-05-20-173751.png?resize=768%2C508&amp;ssl=1 768w\" sizes=\"(max-width: 925px) 100vw, 925px\" \/><\/figure>\n<\/div>\n\n\n<p>Igualmente, este no es solo un musical. Es la producci\u00f3n n\u00famero <strong>30 de El Rey Le\u00f3n en el mundo<\/strong>, y sigue en cartelera en el <strong>Teatro Telcel<\/strong> con funciones toda la semana. La nueva generaci\u00f3n de talentos incluye a <strong>Pierre Louis, Majo Dom\u00ednguez, Nokulunga, Carlos Quezada y m\u00e1s<\/strong>, que siguen d\u00e1ndole vida a esta historia que no pasa de moda. Y como dijo Flavio Medina: el teatro vive en el momento, pero el soundtrack lo hace eterno. Esta versi\u00f3n recibi\u00f3 <strong>disco de oro<\/strong> y ahora regresa para conquistar nuevos corazones.<\/p>\n\n\n\n<script async src=\"https:\/\/pagead2.googlesyndication.com\/pagead\/js\/adsbygoogle.js?client=ca-pub-5499304793904745\"\n     crossorigin=\"anonymous\"><\/script>\n<ins class=\"adsbygoogle\"\n     style=\"display:block; text-align:center;\"\n     data-ad-layout=\"in-article\"\n     data-ad-format=\"fluid\"\n     data-ad-client=\"ca-pub-5499304793904745\"\n     data-ad-slot=\"5994863093\"><\/ins>\n<script>\n     (adsbygoogle = window.adsbygoogle || []).push({});\n<\/script>\n\n\n\n<h3 class=\"wp-block-heading\">Revive la emoci\u00f3n con El Rey Leon<\/h3>\n\n\n<div class=\"wp-block-image\">\n<figure class=\"aligncenter size-full\"><img data-recalc-dims=\"1\" decoding=\"async\" width=\"918\" height=\"605\" src=\"https:\/\/i0.wp.com\/zeromagazine.mx\/wp-content\/uploads\/2025\/05\/Screenshot-2025-05-20-173759.png?resize=918%2C605&#038;ssl=1\" alt=\"\" class=\"wp-image-104709\" srcset=\"https:\/\/i0.wp.com\/zeromagazine.mx\/wp-content\/uploads\/2025\/05\/Screenshot-2025-05-20-173759.png?w=918&amp;ssl=1 918w, https:\/\/i0.wp.com\/zeromagazine.mx\/wp-content\/uploads\/2025\/05\/Screenshot-2025-05-20-173759.png?resize=300%2C198&amp;ssl=1 300w, https:\/\/i0.wp.com\/zeromagazine.mx\/wp-content\/uploads\/2025\/05\/Screenshot-2025-05-20-173759.png?resize=768%2C506&amp;ssl=1 768w\" sizes=\"(max-width: 918px) 100vw, 918px\" \/><\/figure>\n<\/div>\n\n\n<p>Por lo tanto, ya no hay excusa para no volver a sentir todo con \u201c\u00bfPuedes sentir el amor?\u201d o \u201cEl ciclo vital\u201d en espa\u00f1ol. Ya est\u00e1 en <strong>todas las plataformas digitales<\/strong>, listo para que lo cantes, lo bailes y lo revivas. Porque no importa si ten\u00edas 7 a\u00f1os o 17, estas canciones tienen magia real. Pero igual no te pierdas en este gran musical y compra tus boletos en <a href=\"https:\/\/www.ticketmaster.com.mx\">ticketmaster<\/a>.<\/p>\n\n\n\n<script async src=\"https:\/\/pagead2.googlesyndication.com\/pagead\/js\/adsbygoogle.js?client=ca-pub-5499304793904745\"\n     crossorigin=\"anonymous\"><\/script>\n<ins class=\"adsbygoogle\"\n     style=\"display:block; text-align:center;\"\n     data-ad-layout=\"in-article\"\n     data-ad-format=\"fluid\"\n     data-ad-client=\"ca-pub-5499304793904745\"\n     data-ad-slot=\"5994863093\"><\/ins>\n<script>\n     (adsbygoogle = window.adsbygoogle || []).push({});\n<\/script>\n\n<!--themify_builder_content-->\n<div id=\"themify_builder_content-104706\" data-postid=\"104706\" class=\"themify_builder_content themify_builder_content-104706 themify_builder tf_clear\">\n    <\/div>\n<!--\/themify_builder_content-->","protected":false},"excerpt":{"rendered":"<p>Amix, si tambi\u00e9n creciste chillando con \u201c\u00c9l vive en ti\u201d o gritando \u201c\u00a1Hakuna matata!\u201d como si no tuvieras tareas, prep\u00e1rate porque el soundtrack en espa\u00f1ol del musical El Rey Le\u00f3n acaba de volver a plataformas digitales y est\u00e1 que arde. Despu\u00e9s de a\u00f1os de estar perdido del internet, por fin podemos volver a cantar esas [&hellip;]<\/p>\n","protected":false},"author":4,"featured_media":104711,"comment_status":"open","ping_status":"open","sticky":false,"template":"","format":"standard","meta":{"_jetpack_memberships_contains_paid_content":false,"footnotes":"","jetpack_publicize_message":"","jetpack_publicize_feature_enabled":true,"jetpack_social_post_already_shared":true,"jetpack_social_options":{"image_generator_settings":{"template":"highway","default_image_id":0,"font":"","enabled":false},"version":2}},"categories":[791],"tags":[6693,13815,13117,303,13817,13816,12710],"class_list":["post-104706","post","type-post","status-publish","format-standard","has-post-thumbnail","hentry","category-cultura","tag-disney","tag-el-rey-leon-2","tag-musicales","tag-ocesa","tag-seitrack","tag-soundtracks","tag-teatro-telcel","has-post-title","has-post-date","has-post-category","has-post-tag","has-post-comment","has-post-author",""],"yoast_head":"<!-- This site is optimized with the Yoast SEO plugin v27.5 - https:\/\/yoast.com\/product\/yoast-seo-wordpress\/ -->\n<title>El Soundtrack Del Musical &quot;El Rey Le\u00f3n&quot; Ya Esta Disponible - Zero Magazine<\/title>\n<meta name=\"description\" content=\"El \u00e1lbum del musical de El Rey Le\u00f3n en espa\u00f1ol ya esta disponible en todas las plataformas digitales para que lo escuches a gusto\" \/>\n<meta name=\"robots\" content=\"index, follow, max-snippet:-1, max-image-preview:large, max-video-preview:-1\" \/>\n<link rel=\"canonical\" href=\"https:\/\/zeromagazine.mx\/index.php\/2025\/05\/20\/el-soundtrack-del-musiclal-de-el-rey-leon-ya-esta-disponible\/\" \/>\n<meta property=\"og:locale\" content=\"es_ES\" \/>\n<meta property=\"og:type\" content=\"article\" \/>\n<meta property=\"og:title\" content=\"El Soundtrack Del Musical &quot;El Rey Le\u00f3n&quot; Ya Esta Disponible - Zero Magazine\" \/>\n<meta property=\"og:description\" content=\"El \u00e1lbum del musical de El Rey Le\u00f3n en espa\u00f1ol ya esta disponible en todas las plataformas digitales para que lo escuches a gusto\" \/>\n<meta property=\"og:url\" content=\"https:\/\/zeromagazine.mx\/index.php\/2025\/05\/20\/el-soundtrack-del-musiclal-de-el-rey-leon-ya-esta-disponible\/\" \/>\n<meta property=\"og:site_name\" content=\"Zero Magazine\" \/>\n<meta property=\"article:published_time\" content=\"2025-05-20T23:41:26+00:00\" \/>\n<meta property=\"article:modified_time\" content=\"2025-05-20T23:41:28+00:00\" \/>\n<meta property=\"og:image\" content=\"http:\/\/zeromagazine.mx\/wp-content\/uploads\/2025\/05\/Screenshot-2025-05-20-173744.png\" \/>\n\t<meta property=\"og:image:width\" content=\"998\" \/>\n\t<meta property=\"og:image:height\" content=\"610\" \/>\n\t<meta property=\"og:image:type\" content=\"image\/png\" \/>\n<meta name=\"author\" content=\"David Morales\" \/>\n<meta name=\"twitter:card\" content=\"summary_large_image\" \/>\n<meta name=\"twitter:label1\" content=\"Escrito por\" \/>\n\t<meta name=\"twitter:data1\" content=\"David Morales\" \/>\n\t<meta name=\"twitter:label2\" content=\"Tiempo de lectura\" \/>\n\t<meta name=\"twitter:data2\" content=\"3 minutos\" \/>\n<script type=\"application\/ld+json\" class=\"yoast-schema-graph\">{\"@context\":\"https:\\\/\\\/schema.org\",\"@graph\":[{\"@type\":\"Article\",\"@id\":\"https:\\\/\\\/zeromagazine.mx\\\/index.php\\\/2025\\\/05\\\/20\\\/el-soundtrack-del-musiclal-de-el-rey-leon-ya-esta-disponible\\\/#article\",\"isPartOf\":{\"@id\":\"https:\\\/\\\/zeromagazine.mx\\\/index.php\\\/2025\\\/05\\\/20\\\/el-soundtrack-del-musiclal-de-el-rey-leon-ya-esta-disponible\\\/\"},\"author\":{\"name\":\"David Morales\",\"@id\":\"https:\\\/\\\/zeromagazine.mx\\\/#\\\/schema\\\/person\\\/9f7f1a17c60ba8e9980e3e6677aabe5a\"},\"headline\":\"El Soundtrack Del Musical \u00abEl Rey Le\u00f3n\u00bb Ya Esta Disponible\",\"datePublished\":\"2025-05-20T23:41:26+00:00\",\"dateModified\":\"2025-05-20T23:41:28+00:00\",\"mainEntityOfPage\":{\"@id\":\"https:\\\/\\\/zeromagazine.mx\\\/index.php\\\/2025\\\/05\\\/20\\\/el-soundtrack-del-musiclal-de-el-rey-leon-ya-esta-disponible\\\/\"},\"wordCount\":379,\"commentCount\":0,\"publisher\":{\"@id\":\"https:\\\/\\\/zeromagazine.mx\\\/#organization\"},\"image\":{\"@id\":\"https:\\\/\\\/zeromagazine.mx\\\/index.php\\\/2025\\\/05\\\/20\\\/el-soundtrack-del-musiclal-de-el-rey-leon-ya-esta-disponible\\\/#primaryimage\"},\"thumbnailUrl\":\"https:\\\/\\\/i0.wp.com\\\/zeromagazine.mx\\\/wp-content\\\/uploads\\\/2025\\\/05\\\/Screenshot-2025-05-20-173744.png?fit=998%2C610&ssl=1\",\"keywords\":[\"Disney\",\"El Rey Leon\",\"Musicales\",\"OCESA\",\"Seitrack\",\"Soundtracks\",\"Teatro Telcel\"],\"articleSection\":[\"Cultura\"],\"inLanguage\":\"es\",\"potentialAction\":[{\"@type\":\"CommentAction\",\"name\":\"Comment\",\"target\":[\"https:\\\/\\\/zeromagazine.mx\\\/index.php\\\/2025\\\/05\\\/20\\\/el-soundtrack-del-musiclal-de-el-rey-leon-ya-esta-disponible\\\/#respond\"]}]},{\"@type\":\"WebPage\",\"@id\":\"https:\\\/\\\/zeromagazine.mx\\\/index.php\\\/2025\\\/05\\\/20\\\/el-soundtrack-del-musiclal-de-el-rey-leon-ya-esta-disponible\\\/\",\"url\":\"https:\\\/\\\/zeromagazine.mx\\\/index.php\\\/2025\\\/05\\\/20\\\/el-soundtrack-del-musiclal-de-el-rey-leon-ya-esta-disponible\\\/\",\"name\":\"El Soundtrack Del Musical \\\"El Rey Le\u00f3n\\\" Ya Esta Disponible - Zero Magazine\",\"isPartOf\":{\"@id\":\"https:\\\/\\\/zeromagazine.mx\\\/#website\"},\"primaryImageOfPage\":{\"@id\":\"https:\\\/\\\/zeromagazine.mx\\\/index.php\\\/2025\\\/05\\\/20\\\/el-soundtrack-del-musiclal-de-el-rey-leon-ya-esta-disponible\\\/#primaryimage\"},\"image\":{\"@id\":\"https:\\\/\\\/zeromagazine.mx\\\/index.php\\\/2025\\\/05\\\/20\\\/el-soundtrack-del-musiclal-de-el-rey-leon-ya-esta-disponible\\\/#primaryimage\"},\"thumbnailUrl\":\"https:\\\/\\\/i0.wp.com\\\/zeromagazine.mx\\\/wp-content\\\/uploads\\\/2025\\\/05\\\/Screenshot-2025-05-20-173744.png?fit=998%2C610&ssl=1\",\"datePublished\":\"2025-05-20T23:41:26+00:00\",\"dateModified\":\"2025-05-20T23:41:28+00:00\",\"description\":\"El \u00e1lbum del musical de El Rey Le\u00f3n en espa\u00f1ol ya esta disponible en todas las plataformas digitales para que lo escuches a gusto\",\"breadcrumb\":{\"@id\":\"https:\\\/\\\/zeromagazine.mx\\\/index.php\\\/2025\\\/05\\\/20\\\/el-soundtrack-del-musiclal-de-el-rey-leon-ya-esta-disponible\\\/#breadcrumb\"},\"inLanguage\":\"es\",\"potentialAction\":[{\"@type\":\"ReadAction\",\"target\":[\"https:\\\/\\\/zeromagazine.mx\\\/index.php\\\/2025\\\/05\\\/20\\\/el-soundtrack-del-musiclal-de-el-rey-leon-ya-esta-disponible\\\/\"]}]},{\"@type\":\"ImageObject\",\"inLanguage\":\"es\",\"@id\":\"https:\\\/\\\/zeromagazine.mx\\\/index.php\\\/2025\\\/05\\\/20\\\/el-soundtrack-del-musiclal-de-el-rey-leon-ya-esta-disponible\\\/#primaryimage\",\"url\":\"https:\\\/\\\/i0.wp.com\\\/zeromagazine.mx\\\/wp-content\\\/uploads\\\/2025\\\/05\\\/Screenshot-2025-05-20-173744.png?fit=998%2C610&ssl=1\",\"contentUrl\":\"https:\\\/\\\/i0.wp.com\\\/zeromagazine.mx\\\/wp-content\\\/uploads\\\/2025\\\/05\\\/Screenshot-2025-05-20-173744.png?fit=998%2C610&ssl=1\",\"width\":998,\"height\":610},{\"@type\":\"BreadcrumbList\",\"@id\":\"https:\\\/\\\/zeromagazine.mx\\\/index.php\\\/2025\\\/05\\\/20\\\/el-soundtrack-del-musiclal-de-el-rey-leon-ya-esta-disponible\\\/#breadcrumb\",\"itemListElement\":[{\"@type\":\"ListItem\",\"position\":1,\"name\":\"Portada\",\"item\":\"https:\\\/\\\/zeromagazine.mx\\\/\"},{\"@type\":\"ListItem\",\"position\":2,\"name\":\"El Soundtrack Del Musical \u00abEl Rey Le\u00f3n\u00bb Ya Esta Disponible\"}]},{\"@type\":\"WebSite\",\"@id\":\"https:\\\/\\\/zeromagazine.mx\\\/#website\",\"url\":\"https:\\\/\\\/zeromagazine.mx\\\/\",\"name\":\"Zero Magazine\",\"description\":\"\",\"publisher\":{\"@id\":\"https:\\\/\\\/zeromagazine.mx\\\/#organization\"},\"potentialAction\":[{\"@type\":\"SearchAction\",\"target\":{\"@type\":\"EntryPoint\",\"urlTemplate\":\"https:\\\/\\\/zeromagazine.mx\\\/?s={search_term_string}\"},\"query-input\":{\"@type\":\"PropertyValueSpecification\",\"valueRequired\":true,\"valueName\":\"search_term_string\"}}],\"inLanguage\":\"es\"},{\"@type\":\"Organization\",\"@id\":\"https:\\\/\\\/zeromagazine.mx\\\/#organization\",\"name\":\"Zero Magazine\",\"url\":\"https:\\\/\\\/zeromagazine.mx\\\/\",\"logo\":{\"@type\":\"ImageObject\",\"inLanguage\":\"es\",\"@id\":\"https:\\\/\\\/zeromagazine.mx\\\/#\\\/schema\\\/logo\\\/image\\\/\",\"url\":\"https:\\\/\\\/i0.wp.com\\\/zeromagazine.mx\\\/wp-content\\\/uploads\\\/2025\\\/11\\\/1.jpeg?fit=1000%2C1000&ssl=1\",\"contentUrl\":\"https:\\\/\\\/i0.wp.com\\\/zeromagazine.mx\\\/wp-content\\\/uploads\\\/2025\\\/11\\\/1.jpeg?fit=1000%2C1000&ssl=1\",\"width\":1000,\"height\":1000,\"caption\":\"Zero Magazine\"},\"image\":{\"@id\":\"https:\\\/\\\/zeromagazine.mx\\\/#\\\/schema\\\/logo\\\/image\\\/\"},\"sameAs\":[\"https:\\\/\\\/instagram.com\\\/zeromagazinemx\"]},{\"@type\":\"Person\",\"@id\":\"https:\\\/\\\/zeromagazine.mx\\\/#\\\/schema\\\/person\\\/9f7f1a17c60ba8e9980e3e6677aabe5a\",\"name\":\"David Morales\",\"image\":{\"@type\":\"ImageObject\",\"inLanguage\":\"es\",\"@id\":\"https:\\\/\\\/zeromagazine.mx\\\/wp-content\\\/litespeed\\\/avatar\\\/76069d2136bfc1c37dc34815bb67ca42.jpg?ver=1777571067\",\"url\":\"https:\\\/\\\/zeromagazine.mx\\\/wp-content\\\/litespeed\\\/avatar\\\/76069d2136bfc1c37dc34815bb67ca42.jpg?ver=1777571067\",\"contentUrl\":\"https:\\\/\\\/zeromagazine.mx\\\/wp-content\\\/litespeed\\\/avatar\\\/76069d2136bfc1c37dc34815bb67ca42.jpg?ver=1777571067\",\"caption\":\"David Morales\"},\"url\":\"https:\\\/\\\/zeromagazine.mx\\\/index.php\\\/author\\\/david\\\/\"}]}<\/script>\n<!-- \/ Yoast SEO plugin. -->","yoast_head_json":{"title":"El Soundtrack Del Musical \"El Rey Le\u00f3n\" Ya Esta Disponible - Zero Magazine","description":"El \u00e1lbum del musical de El Rey Le\u00f3n en espa\u00f1ol ya esta disponible en todas las plataformas digitales para que lo escuches a gusto","robots":{"index":"index","follow":"follow","max-snippet":"max-snippet:-1","max-image-preview":"max-image-preview:large","max-video-preview":"max-video-preview:-1"},"canonical":"https:\/\/zeromagazine.mx\/index.php\/2025\/05\/20\/el-soundtrack-del-musiclal-de-el-rey-leon-ya-esta-disponible\/","og_locale":"es_ES","og_type":"article","og_title":"El Soundtrack Del Musical \"El Rey Le\u00f3n\" Ya Esta Disponible - Zero Magazine","og_description":"El \u00e1lbum del musical de El Rey Le\u00f3n en espa\u00f1ol ya esta disponible en todas las plataformas digitales para que lo escuches a gusto","og_url":"https:\/\/zeromagazine.mx\/index.php\/2025\/05\/20\/el-soundtrack-del-musiclal-de-el-rey-leon-ya-esta-disponible\/","og_site_name":"Zero Magazine","article_published_time":"2025-05-20T23:41:26+00:00","article_modified_time":"2025-05-20T23:41:28+00:00","og_image":[{"width":998,"height":610,"url":"http:\/\/zeromagazine.mx\/wp-content\/uploads\/2025\/05\/Screenshot-2025-05-20-173744.png","type":"image\/png"}],"author":"David Morales","twitter_card":"summary_large_image","twitter_misc":{"Escrito por":"David Morales","Tiempo de lectura":"3 minutos"},"schema":{"@context":"https:\/\/schema.org","@graph":[{"@type":"Article","@id":"https:\/\/zeromagazine.mx\/index.php\/2025\/05\/20\/el-soundtrack-del-musiclal-de-el-rey-leon-ya-esta-disponible\/#article","isPartOf":{"@id":"https:\/\/zeromagazine.mx\/index.php\/2025\/05\/20\/el-soundtrack-del-musiclal-de-el-rey-leon-ya-esta-disponible\/"},"author":{"name":"David Morales","@id":"https:\/\/zeromagazine.mx\/#\/schema\/person\/9f7f1a17c60ba8e9980e3e6677aabe5a"},"headline":"El Soundtrack Del Musical \u00abEl Rey Le\u00f3n\u00bb Ya Esta Disponible","datePublished":"2025-05-20T23:41:26+00:00","dateModified":"2025-05-20T23:41:28+00:00","mainEntityOfPage":{"@id":"https:\/\/zeromagazine.mx\/index.php\/2025\/05\/20\/el-soundtrack-del-musiclal-de-el-rey-leon-ya-esta-disponible\/"},"wordCount":379,"commentCount":0,"publisher":{"@id":"https:\/\/zeromagazine.mx\/#organization"},"image":{"@id":"https:\/\/zeromagazine.mx\/index.php\/2025\/05\/20\/el-soundtrack-del-musiclal-de-el-rey-leon-ya-esta-disponible\/#primaryimage"},"thumbnailUrl":"https:\/\/i0.wp.com\/zeromagazine.mx\/wp-content\/uploads\/2025\/05\/Screenshot-2025-05-20-173744.png?fit=998%2C610&ssl=1","keywords":["Disney","El Rey Leon","Musicales","OCESA","Seitrack","Soundtracks","Teatro Telcel"],"articleSection":["Cultura"],"inLanguage":"es","potentialAction":[{"@type":"CommentAction","name":"Comment","target":["https:\/\/zeromagazine.mx\/index.php\/2025\/05\/20\/el-soundtrack-del-musiclal-de-el-rey-leon-ya-esta-disponible\/#respond"]}]},{"@type":"WebPage","@id":"https:\/\/zeromagazine.mx\/index.php\/2025\/05\/20\/el-soundtrack-del-musiclal-de-el-rey-leon-ya-esta-disponible\/","url":"https:\/\/zeromagazine.mx\/index.php\/2025\/05\/20\/el-soundtrack-del-musiclal-de-el-rey-leon-ya-esta-disponible\/","name":"El Soundtrack Del Musical \"El Rey Le\u00f3n\" Ya Esta Disponible - Zero Magazine","isPartOf":{"@id":"https:\/\/zeromagazine.mx\/#website"},"primaryImageOfPage":{"@id":"https:\/\/zeromagazine.mx\/index.php\/2025\/05\/20\/el-soundtrack-del-musiclal-de-el-rey-leon-ya-esta-disponible\/#primaryimage"},"image":{"@id":"https:\/\/zeromagazine.mx\/index.php\/2025\/05\/20\/el-soundtrack-del-musiclal-de-el-rey-leon-ya-esta-disponible\/#primaryimage"},"thumbnailUrl":"https:\/\/i0.wp.com\/zeromagazine.mx\/wp-content\/uploads\/2025\/05\/Screenshot-2025-05-20-173744.png?fit=998%2C610&ssl=1","datePublished":"2025-05-20T23:41:26+00:00","dateModified":"2025-05-20T23:41:28+00:00","description":"El \u00e1lbum del musical de El Rey Le\u00f3n en espa\u00f1ol ya esta disponible en todas las plataformas digitales para que lo escuches a gusto","breadcrumb":{"@id":"https:\/\/zeromagazine.mx\/index.php\/2025\/05\/20\/el-soundtrack-del-musiclal-de-el-rey-leon-ya-esta-disponible\/#breadcrumb"},"inLanguage":"es","potentialAction":[{"@type":"ReadAction","target":["https:\/\/zeromagazine.mx\/index.php\/2025\/05\/20\/el-soundtrack-del-musiclal-de-el-rey-leon-ya-esta-disponible\/"]}]},{"@type":"ImageObject","inLanguage":"es","@id":"https:\/\/zeromagazine.mx\/index.php\/2025\/05\/20\/el-soundtrack-del-musiclal-de-el-rey-leon-ya-esta-disponible\/#primaryimage","url":"https:\/\/i0.wp.com\/zeromagazine.mx\/wp-content\/uploads\/2025\/05\/Screenshot-2025-05-20-173744.png?fit=998%2C610&ssl=1","contentUrl":"https:\/\/i0.wp.com\/zeromagazine.mx\/wp-content\/uploads\/2025\/05\/Screenshot-2025-05-20-173744.png?fit=998%2C610&ssl=1","width":998,"height":610},{"@type":"BreadcrumbList","@id":"https:\/\/zeromagazine.mx\/index.php\/2025\/05\/20\/el-soundtrack-del-musiclal-de-el-rey-leon-ya-esta-disponible\/#breadcrumb","itemListElement":[{"@type":"ListItem","position":1,"name":"Portada","item":"https:\/\/zeromagazine.mx\/"},{"@type":"ListItem","position":2,"name":"El Soundtrack Del Musical \u00abEl Rey Le\u00f3n\u00bb Ya Esta Disponible"}]},{"@type":"WebSite","@id":"https:\/\/zeromagazine.mx\/#website","url":"https:\/\/zeromagazine.mx\/","name":"Zero Magazine","description":"","publisher":{"@id":"https:\/\/zeromagazine.mx\/#organization"},"potentialAction":[{"@type":"SearchAction","target":{"@type":"EntryPoint","urlTemplate":"https:\/\/zeromagazine.mx\/?s={search_term_string}"},"query-input":{"@type":"PropertyValueSpecification","valueRequired":true,"valueName":"search_term_string"}}],"inLanguage":"es"},{"@type":"Organization","@id":"https:\/\/zeromagazine.mx\/#organization","name":"Zero Magazine","url":"https:\/\/zeromagazine.mx\/","logo":{"@type":"ImageObject","inLanguage":"es","@id":"https:\/\/zeromagazine.mx\/#\/schema\/logo\/image\/","url":"https:\/\/i0.wp.com\/zeromagazine.mx\/wp-content\/uploads\/2025\/11\/1.jpeg?fit=1000%2C1000&ssl=1","contentUrl":"https:\/\/i0.wp.com\/zeromagazine.mx\/wp-content\/uploads\/2025\/11\/1.jpeg?fit=1000%2C1000&ssl=1","width":1000,"height":1000,"caption":"Zero Magazine"},"image":{"@id":"https:\/\/zeromagazine.mx\/#\/schema\/logo\/image\/"},"sameAs":["https:\/\/instagram.com\/zeromagazinemx"]},{"@type":"Person","@id":"https:\/\/zeromagazine.mx\/#\/schema\/person\/9f7f1a17c60ba8e9980e3e6677aabe5a","name":"David Morales","image":{"@type":"ImageObject","inLanguage":"es","@id":"https:\/\/zeromagazine.mx\/wp-content\/litespeed\/avatar\/76069d2136bfc1c37dc34815bb67ca42.jpg?ver=1777571067","url":"https:\/\/zeromagazine.mx\/wp-content\/litespeed\/avatar\/76069d2136bfc1c37dc34815bb67ca42.jpg?ver=1777571067","contentUrl":"https:\/\/zeromagazine.mx\/wp-content\/litespeed\/avatar\/76069d2136bfc1c37dc34815bb67ca42.jpg?ver=1777571067","caption":"David Morales"},"url":"https:\/\/zeromagazine.mx\/index.php\/author\/david\/"}]}},"jetpack_publicize_connections":[],"jetpack_featured_media_url":"https:\/\/i0.wp.com\/zeromagazine.mx\/wp-content\/uploads\/2025\/05\/Screenshot-2025-05-20-173744.png?fit=998%2C610&ssl=1","jetpack-related-posts":[{"id":97277,"url":"https:\/\/zeromagazine.mx\/index.php\/2025\/02\/17\/canta-con-el-rey-leon\/","url_meta":{"origin":104706,"position":0},"title":"Canta con El Rey Le\u00f3n","author":"David Morales","date":"17 de febrero de 2025","format":false,"excerpt":"El fandom de los musicales est\u00e1 viviendo un momentazo porque El Rey Le\u00f3n regresa a la CDMX y trae una sorpresa que nos hizo vibrar. Pierre Louis y Majo Dom\u00ednguez, quienes dan vida a Simba y Nala en esta nueva etapa del musical, nos regalaron una versi\u00f3n ac\u00fastica de \"\u00bfPuedes\u2026","rel":"","context":"En \u00abCultura\u00bb","block_context":{"text":"Cultura","link":"https:\/\/zeromagazine.mx\/index.php\/category\/cultura\/"},"img":{"alt_text":"","src":"https:\/\/i0.wp.com\/zeromagazine.mx\/wp-content\/uploads\/2025\/02\/d56e7674-64ea-47ad-b85f-b283cdda4963.webp?fit=1200%2C675&ssl=1&resize=350%2C200","width":350,"height":200,"srcset":"https:\/\/i0.wp.com\/zeromagazine.mx\/wp-content\/uploads\/2025\/02\/d56e7674-64ea-47ad-b85f-b283cdda4963.webp?fit=1200%2C675&ssl=1&resize=350%2C200 1x, https:\/\/i0.wp.com\/zeromagazine.mx\/wp-content\/uploads\/2025\/02\/d56e7674-64ea-47ad-b85f-b283cdda4963.webp?fit=1200%2C675&ssl=1&resize=525%2C300 1.5x, https:\/\/i0.wp.com\/zeromagazine.mx\/wp-content\/uploads\/2025\/02\/d56e7674-64ea-47ad-b85f-b283cdda4963.webp?fit=1200%2C675&ssl=1&resize=700%2C400 2x, https:\/\/i0.wp.com\/zeromagazine.mx\/wp-content\/uploads\/2025\/02\/d56e7674-64ea-47ad-b85f-b283cdda4963.webp?fit=1200%2C675&ssl=1&resize=1050%2C600 3x"},"classes":[]},{"id":92891,"url":"https:\/\/zeromagazine.mx\/index.php\/2024\/12\/11\/mufasa-el-legado-musical\/","url_meta":{"origin":104706,"position":1},"title":"Mufasa: El Legado Musical","author":"zeromagazinemx","date":"11 de diciembre de 2024","format":false,"excerpt":"La verdad, amix, si alguien me hubiera dicho que el 2024 cerrar\u00eda con una noticia tan emocionante, no les hubiera cre\u00eddo. Hoy, Disney anunci\u00f3 que el pr\u00f3ximo 13 de diciembre lanzan el \u00e1lbum de la banda sonora de Mufasa: El Rey Le\u00f3n. Y aunque la peli se estrena el 19\u2026","rel":"","context":"En \u00abCultura\u00bb","block_context":{"text":"Cultura","link":"https:\/\/zeromagazine.mx\/index.php\/category\/cultura\/"},"img":{"alt_text":"","src":"https:\/\/i0.wp.com\/zeromagazine.mx\/wp-content\/uploads\/2024\/12\/image002-1.jpg?fit=652%2C815&ssl=1&resize=350%2C200","width":350,"height":200,"srcset":"https:\/\/i0.wp.com\/zeromagazine.mx\/wp-content\/uploads\/2024\/12\/image002-1.jpg?fit=652%2C815&ssl=1&resize=350%2C200 1x, https:\/\/i0.wp.com\/zeromagazine.mx\/wp-content\/uploads\/2024\/12\/image002-1.jpg?fit=652%2C815&ssl=1&resize=525%2C300 1.5x"},"classes":[]},{"id":95251,"url":"https:\/\/zeromagazine.mx\/index.php\/2025\/01\/22\/el-rey-leon-regresa-a-la-ciudad-de-mexico\/","url_meta":{"origin":104706,"position":2},"title":"\u00a1El Rey Le\u00f3n regresa a la Ciudad de M\u00e9xico!","author":"zeromagazinemx","date":"22 de enero de 2025","format":false,"excerpt":"\u00a1El Rey Le\u00f3n regresa a la Ciudad de M\u00e9xico! Por Alheelina Un Cl\u00e1sico Renace en 2025 El \u00e9xito internacional \u201cEl Rey Le\u00f3n\u201d, despu\u00e9s de diez a\u00f1os de su estreno en Ciudad de M\u00e9xico, est\u00e1 de vuelta este 2025 con mucha m\u00e1s fuerza. Este musical ha sido uno de los \u00e9xitos\u2026","rel":"","context":"En \u00abCultura\u00bb","block_context":{"text":"Cultura","link":"https:\/\/zeromagazine.mx\/index.php\/category\/cultura\/"},"img":{"alt_text":"","src":"https:\/\/i0.wp.com\/zeromagazine.mx\/wp-content\/uploads\/2025\/01\/Circle-of-Life-Cheetah-and-Giraffes.-Photo-by-Joan-Marcus-c-Disney.jpg?fit=1200%2C783&ssl=1&resize=350%2C200","width":350,"height":200,"srcset":"https:\/\/i0.wp.com\/zeromagazine.mx\/wp-content\/uploads\/2025\/01\/Circle-of-Life-Cheetah-and-Giraffes.-Photo-by-Joan-Marcus-c-Disney.jpg?fit=1200%2C783&ssl=1&resize=350%2C200 1x, https:\/\/i0.wp.com\/zeromagazine.mx\/wp-content\/uploads\/2025\/01\/Circle-of-Life-Cheetah-and-Giraffes.-Photo-by-Joan-Marcus-c-Disney.jpg?fit=1200%2C783&ssl=1&resize=525%2C300 1.5x, https:\/\/i0.wp.com\/zeromagazine.mx\/wp-content\/uploads\/2025\/01\/Circle-of-Life-Cheetah-and-Giraffes.-Photo-by-Joan-Marcus-c-Disney.jpg?fit=1200%2C783&ssl=1&resize=700%2C400 2x, https:\/\/i0.wp.com\/zeromagazine.mx\/wp-content\/uploads\/2025\/01\/Circle-of-Life-Cheetah-and-Giraffes.-Photo-by-Joan-Marcus-c-Disney.jpg?fit=1200%2C783&ssl=1&resize=1050%2C600 3x"},"classes":[]},{"id":99288,"url":"https:\/\/zeromagazine.mx\/index.php\/2025\/03\/21\/la-magia-de-broadway-ruge-en-cdmx\/","url_meta":{"origin":104706,"position":3},"title":"Broadway Ruge en CDMX","author":"David Morales","date":"21 de marzo de 2025","format":false,"excerpt":"Amix, si pensaban que ya hab\u00edan visto todo en cuanto a musicales, prep\u00e1rense porque El Rey Le\u00f3n est\u00e1 de regreso en la Ciudad de M\u00e9xico, \u00a1y viene m\u00e1s espectacular que nunca! Este cl\u00e1sico de Broadway, producido por Disney Theatrical Group y tra\u00eddo a nosotros por OCESA, volvi\u00f3 a rugir en\u2026","rel":"","context":"En \u00abEntretenimiento\u00bb","block_context":{"text":"Entretenimiento","link":"https:\/\/zeromagazine.mx\/index.php\/category\/entretenimiento\/"},"img":{"alt_text":"","src":"https:\/\/i0.wp.com\/zeromagazine.mx\/wp-content\/uploads\/2025\/03\/El-vive-en-ti-EReyLeon2025_0628-Edit.png?fit=1200%2C800&ssl=1&resize=350%2C200","width":350,"height":200,"srcset":"https:\/\/i0.wp.com\/zeromagazine.mx\/wp-content\/uploads\/2025\/03\/El-vive-en-ti-EReyLeon2025_0628-Edit.png?fit=1200%2C800&ssl=1&resize=350%2C200 1x, https:\/\/i0.wp.com\/zeromagazine.mx\/wp-content\/uploads\/2025\/03\/El-vive-en-ti-EReyLeon2025_0628-Edit.png?fit=1200%2C800&ssl=1&resize=525%2C300 1.5x, https:\/\/i0.wp.com\/zeromagazine.mx\/wp-content\/uploads\/2025\/03\/El-vive-en-ti-EReyLeon2025_0628-Edit.png?fit=1200%2C800&ssl=1&resize=700%2C400 2x, https:\/\/i0.wp.com\/zeromagazine.mx\/wp-content\/uploads\/2025\/03\/El-vive-en-ti-EReyLeon2025_0628-Edit.png?fit=1200%2C800&ssl=1&resize=1050%2C600 3x"},"classes":[]},{"id":77931,"url":"https:\/\/zeromagazine.mx\/index.php\/2024\/06\/13\/30-anos-de-el-rey-leon-una-fiesta-epica-para-el-rey-del-hogar-junto-a-pandora\/","url_meta":{"origin":104706,"position":4},"title":"30 A\u00f1os de El Rey Le\u00f3n: Una Fiesta \u00c9pica para el Rey del Hogar, junto a Pandora","author":"zeromagazinemx","date":"13 de junio de 2024","format":false,"excerpt":"Este a\u00f1o estamos celebrando algo mega especial: \u00a130 a\u00f1os de El Rey Le\u00f3n! \u00bfRecuerdas la primera vez que viste esa pel\u00edcula? Para muchos de nosotres, fue una experiencia que nos marc\u00f3 profundamente. Desde Simba aprendiendo sobre el ciclo de la vida hasta la filosof\u00eda de \"Hakuna Matata\", la historia nos\u2026","rel":"","context":"En \u00abBlog\u00bb","block_context":{"text":"Blog","link":"https:\/\/zeromagazine.mx\/index.php\/category\/blog\/"},"img":{"alt_text":"","src":"https:\/\/i0.wp.com\/zeromagazine.mx\/wp-content\/uploads\/2024\/06\/unnamed-5-2.jpg?fit=1080%2C1080&ssl=1&resize=350%2C200","width":350,"height":200,"srcset":"https:\/\/i0.wp.com\/zeromagazine.mx\/wp-content\/uploads\/2024\/06\/unnamed-5-2.jpg?fit=1080%2C1080&ssl=1&resize=350%2C200 1x, https:\/\/i0.wp.com\/zeromagazine.mx\/wp-content\/uploads\/2024\/06\/unnamed-5-2.jpg?fit=1080%2C1080&ssl=1&resize=525%2C300 1.5x, https:\/\/i0.wp.com\/zeromagazine.mx\/wp-content\/uploads\/2024\/06\/unnamed-5-2.jpg?fit=1080%2C1080&ssl=1&resize=700%2C400 2x, https:\/\/i0.wp.com\/zeromagazine.mx\/wp-content\/uploads\/2024\/06\/unnamed-5-2.jpg?fit=1080%2C1080&ssl=1&resize=1050%2C600 3x"},"classes":[]},{"id":119561,"url":"https:\/\/zeromagazine.mx\/index.php\/2026\/04\/27\/el-rey-leon-ccxp-mexico-2026\/","url_meta":{"origin":104706,"position":5},"title":"El Rey Le\u00f3n rugi\u00f3 en CCXP M\u00e9xico 2026: un momento que se sinti\u00f3 en vivo.","author":"David Morales","date":"27 de abril de 2026","format":false,"excerpt":"El musical m\u00e1s ic\u00f3nico del teatro hizo una parada especial en la convenci\u00f3n y convirti\u00f3 el Thunder Stage en pura emoci\u00f3n colectiva. Hay experiencias que no necesitan presentaci\u00f3n, solo presencia. Y eso fue exactamente lo que pas\u00f3 cuando\u00a0El Rey Le\u00f3n, el musical\u00a0lleg\u00f3 a\u00a0CCXP M\u00e9xico 2026: un encuentro entre nostalgia, talento\u2026","rel":"","context":"En \u00abBlog\u00bb","block_context":{"text":"Blog","link":"https:\/\/zeromagazine.mx\/index.php\/category\/blog\/"},"img":{"alt_text":"","src":"https:\/\/i0.wp.com\/zeromagazine.mx\/wp-content\/uploads\/2026\/04\/IMG_2407.png?fit=1008%2C618&ssl=1&resize=350%2C200","width":350,"height":200,"srcset":"https:\/\/i0.wp.com\/zeromagazine.mx\/wp-content\/uploads\/2026\/04\/IMG_2407.png?fit=1008%2C618&ssl=1&resize=350%2C200 1x, https:\/\/i0.wp.com\/zeromagazine.mx\/wp-content\/uploads\/2026\/04\/IMG_2407.png?fit=1008%2C618&ssl=1&resize=525%2C300 1.5x, https:\/\/i0.wp.com\/zeromagazine.mx\/wp-content\/uploads\/2026\/04\/IMG_2407.png?fit=1008%2C618&ssl=1&resize=700%2C400 2x"},"classes":[]}],"jetpack_sharing_enabled":true,"builder_content":"","_links":{"self":[{"href":"https:\/\/zeromagazine.mx\/index.php\/wp-json\/wp\/v2\/posts\/104706","targetHints":{"allow":["GET"]}}],"collection":[{"href":"https:\/\/zeromagazine.mx\/index.php\/wp-json\/wp\/v2\/posts"}],"about":[{"href":"https:\/\/zeromagazine.mx\/index.php\/wp-json\/wp\/v2\/types\/post"}],"author":[{"embeddable":true,"href":"https:\/\/zeromagazine.mx\/index.php\/wp-json\/wp\/v2\/users\/4"}],"replies":[{"embeddable":true,"href":"https:\/\/zeromagazine.mx\/index.php\/wp-json\/wp\/v2\/comments?post=104706"}],"version-history":[{"count":2,"href":"https:\/\/zeromagazine.mx\/index.php\/wp-json\/wp\/v2\/posts\/104706\/revisions"}],"predecessor-version":[{"id":104713,"href":"https:\/\/zeromagazine.mx\/index.php\/wp-json\/wp\/v2\/posts\/104706\/revisions\/104713"}],"wp:featuredmedia":[{"embeddable":true,"href":"https:\/\/zeromagazine.mx\/index.php\/wp-json\/wp\/v2\/media\/104711"}],"wp:attachment":[{"href":"https:\/\/zeromagazine.mx\/index.php\/wp-json\/wp\/v2\/media?parent=104706"}],"wp:term":[{"taxonomy":"category","embeddable":true,"href":"https:\/\/zeromagazine.mx\/index.php\/wp-json\/wp\/v2\/categories?post=104706"},{"taxonomy":"post_tag","embeddable":true,"href":"https:\/\/zeromagazine.mx\/index.php\/wp-json\/wp\/v2\/tags?post=104706"}],"curies":[{"name":"wp","href":"https:\/\/api.w.org\/{rel}","templated":true}]}}