{"id":104853,"date":"2025-05-21T19:24:11","date_gmt":"2025-05-22T01:24:11","guid":{"rendered":"https:\/\/zeromagazine.mx\/?p=104853"},"modified":"2025-05-21T19:26:06","modified_gmt":"2025-05-22T01:26:06","slug":"lounge-fernando-y-sus-desayunos-con-estilo","status":"publish","type":"post","link":"https:\/\/zeromagazine.mx\/index.php\/2025\/05\/21\/lounge-fernando-y-sus-desayunos-con-estilo\/","title":{"rendered":"Lounge Fernando &amp; Sus Desayunos Con Estilo"},"content":{"rendered":"<p>Amix, si aman la Condesa tanto como yo, seguro ya tienen su top de lugares favoritos para ver gente bonita, tomar caf\u00e9 fancy y fingir que la vida no est\u00e1 tan ca\u00f3tica. Bueno, aqu\u00ed les va uno m\u00e1s para su lista: <strong>Lounge Fernando<\/strong>. Este spot, ubicado a unos pasos del Parque M\u00e9xico, acaba de estrenar <strong>un men\u00fa de desayunos<\/strong> que grita vibra aesthetic y comida deliciosa. As\u00ed que si te gusta desayunar con estilo o con sabor, esta es una gran opci\u00f3n y aqu\u00ed te doy los detalles.<\/p>\n\n\n\n<h3 class=\"wp-block-heading\">El men\u00fa es puro apapacho<\/h3>\n\n\n<div class=\"wp-block-image\">\n<figure class=\"aligncenter size-large\"><img data-recalc-dims=\"1\" decoding=\"async\" width=\"1024\" height=\"683\" src=\"https:\/\/i0.wp.com\/zeromagazine.mx\/wp-content\/uploads\/2025\/05\/JessicaAttie_Hotel-San-Fernando_IMG_8941-1024x683.jpg?resize=1024%2C683&#038;ssl=1\" alt=\"\" class=\"wp-image-104854\" srcset=\"https:\/\/i0.wp.com\/zeromagazine.mx\/wp-content\/uploads\/2025\/05\/JessicaAttie_Hotel-San-Fernando_IMG_8941-scaled.jpg?resize=1024%2C683&amp;ssl=1 1024w, https:\/\/i0.wp.com\/zeromagazine.mx\/wp-content\/uploads\/2025\/05\/JessicaAttie_Hotel-San-Fernando_IMG_8941-scaled.jpg?resize=300%2C200&amp;ssl=1 300w, https:\/\/i0.wp.com\/zeromagazine.mx\/wp-content\/uploads\/2025\/05\/JessicaAttie_Hotel-San-Fernando_IMG_8941-scaled.jpg?resize=768%2C512&amp;ssl=1 768w, https:\/\/i0.wp.com\/zeromagazine.mx\/wp-content\/uploads\/2025\/05\/JessicaAttie_Hotel-San-Fernando_IMG_8941-scaled.jpg?resize=1536%2C1025&amp;ssl=1 1536w, https:\/\/i0.wp.com\/zeromagazine.mx\/wp-content\/uploads\/2025\/05\/JessicaAttie_Hotel-San-Fernando_IMG_8941-scaled.jpg?resize=2048%2C1366&amp;ssl=1 2048w, https:\/\/i0.wp.com\/zeromagazine.mx\/wp-content\/uploads\/2025\/05\/JessicaAttie_Hotel-San-Fernando_IMG_8941-scaled.jpg?w=2330 2330w\" sizes=\"(max-width: 1024px) 100vw, 1024px\" \/><\/figure>\n<\/div>\n\n\n<p>Entonces, \u00bfqu\u00e9 puedes pedir? Desde una ensalada de manzana asada con queso de cabra hasta hot cakes con tocino o croquetas de huauzontle con mole oaxaque\u00f1o. Tambi\u00e9n hay joyitas locales como el nopal en salsa roja con queso fresco, tosta de aguacate, fruta con yogurt y granola, chilaquiles, enchiladas y molletes, pa\u2019 quienes aman lo tradicional pero con un twist. \u00bfLo mejor? Todo se acompa\u00f1a con jugos frescos, caf\u00e9s bien hechos (flat white, macchiato, americano) y t\u00e9s para quienes necesitan empezar el d\u00eda con calma y ternura l\u00edquida.<\/p>\n\n\n\n<script async src=\"https:\/\/pagead2.googlesyndication.com\/pagead\/js\/adsbygoogle.js?client=ca-pub-5499304793904745\"\n     crossorigin=\"anonymous\"><\/script>\n<ins class=\"adsbygoogle\"\n     style=\"display:block; text-align:center;\"\n     data-ad-layout=\"in-article\"\n     data-ad-format=\"fluid\"\n     data-ad-client=\"ca-pub-5499304793904745\"\n     data-ad-slot=\"5994863093\"><\/ins>\n<script>\n     (adsbygoogle = window.adsbygoogle || []).push({});\n<\/script>\n\n\n\n<h3 class=\"wp-block-heading\">Vibra para todes <\/h3>\n\n\n\n<figure class=\"wp-block-gallery has-nested-images columns-default is-cropped wp-block-gallery-1 is-layout-flex wp-block-gallery-is-layout-flex\">\n<figure class=\"wp-block-image size-large\"><img data-recalc-dims=\"1\" decoding=\"async\" width=\"750\" height=\"1024\" data-id=\"104858\" src=\"https:\/\/i0.wp.com\/zeromagazine.mx\/wp-content\/uploads\/2025\/05\/SanFernando_Opening_000013330010-Cortesia-750x1024.jpg?resize=750%2C1024&#038;ssl=1\" alt=\"\" class=\"wp-image-104858\" srcset=\"https:\/\/i0.wp.com\/zeromagazine.mx\/wp-content\/uploads\/2025\/05\/SanFernando_Opening_000013330010-Cortesia-scaled.jpg?resize=750%2C1024&amp;ssl=1 750w, https:\/\/i0.wp.com\/zeromagazine.mx\/wp-content\/uploads\/2025\/05\/SanFernando_Opening_000013330010-Cortesia-scaled.jpg?resize=220%2C300&amp;ssl=1 220w, https:\/\/i0.wp.com\/zeromagazine.mx\/wp-content\/uploads\/2025\/05\/SanFernando_Opening_000013330010-Cortesia-scaled.jpg?resize=768%2C1049&amp;ssl=1 768w, https:\/\/i0.wp.com\/zeromagazine.mx\/wp-content\/uploads\/2025\/05\/SanFernando_Opening_000013330010-Cortesia-scaled.jpg?resize=1125%2C1536&amp;ssl=1 1125w, https:\/\/i0.wp.com\/zeromagazine.mx\/wp-content\/uploads\/2025\/05\/SanFernando_Opening_000013330010-Cortesia-scaled.jpg?resize=1500%2C2048&amp;ssl=1 1500w, https:\/\/i0.wp.com\/zeromagazine.mx\/wp-content\/uploads\/2025\/05\/SanFernando_Opening_000013330010-Cortesia-scaled.jpg?w=1875&amp;ssl=1 1875w\" sizes=\"(max-width: 750px) 100vw, 750px\" \/><\/figure>\n\n\n\n<figure class=\"wp-block-image size-large\"><img data-recalc-dims=\"1\" decoding=\"async\" width=\"969\" height=\"1024\" data-id=\"104855\" src=\"https:\/\/i0.wp.com\/zeromagazine.mx\/wp-content\/uploads\/2025\/05\/SanFernando_Opening_DSC06360-Cortesia-969x1024.jpg?resize=969%2C1024&#038;ssl=1\" alt=\"\" class=\"wp-image-104855\" srcset=\"https:\/\/i0.wp.com\/zeromagazine.mx\/wp-content\/uploads\/2025\/05\/SanFernando_Opening_DSC06360-Cortesia.jpg?resize=969%2C1024&amp;ssl=1 969w, https:\/\/i0.wp.com\/zeromagazine.mx\/wp-content\/uploads\/2025\/05\/SanFernando_Opening_DSC06360-Cortesia.jpg?resize=284%2C300&amp;ssl=1 284w, https:\/\/i0.wp.com\/zeromagazine.mx\/wp-content\/uploads\/2025\/05\/SanFernando_Opening_DSC06360-Cortesia.jpg?resize=768%2C811&amp;ssl=1 768w, https:\/\/i0.wp.com\/zeromagazine.mx\/wp-content\/uploads\/2025\/05\/SanFernando_Opening_DSC06360-Cortesia.jpg?resize=1454%2C1536&amp;ssl=1 1454w, https:\/\/i0.wp.com\/zeromagazine.mx\/wp-content\/uploads\/2025\/05\/SanFernando_Opening_DSC06360-Cortesia.jpg?resize=1939%2C2048&amp;ssl=1 1939w, https:\/\/i0.wp.com\/zeromagazine.mx\/wp-content\/uploads\/2025\/05\/SanFernando_Opening_DSC06360-Cortesia.jpg?w=2045&amp;ssl=1 2045w\" sizes=\"(max-width: 969px) 100vw, 969px\" \/><\/figure>\n\n\n\n<figure class=\"wp-block-image size-large\"><img data-recalc-dims=\"1\" decoding=\"async\" width=\"683\" height=\"1024\" data-id=\"104857\" src=\"https:\/\/i0.wp.com\/zeromagazine.mx\/wp-content\/uploads\/2025\/05\/SanFernando_Opening_DSC06374-Cortesia-683x1024.jpg?resize=683%2C1024&#038;ssl=1\" alt=\"\" class=\"wp-image-104857\" srcset=\"https:\/\/i0.wp.com\/zeromagazine.mx\/wp-content\/uploads\/2025\/05\/SanFernando_Opening_DSC06374-Cortesia-scaled.jpg?resize=683%2C1024&amp;ssl=1 683w, https:\/\/i0.wp.com\/zeromagazine.mx\/wp-content\/uploads\/2025\/05\/SanFernando_Opening_DSC06374-Cortesia-scaled.jpg?resize=200%2C300&amp;ssl=1 200w, https:\/\/i0.wp.com\/zeromagazine.mx\/wp-content\/uploads\/2025\/05\/SanFernando_Opening_DSC06374-Cortesia-scaled.jpg?resize=768%2C1152&amp;ssl=1 768w, https:\/\/i0.wp.com\/zeromagazine.mx\/wp-content\/uploads\/2025\/05\/SanFernando_Opening_DSC06374-Cortesia-scaled.jpg?resize=1024%2C1536&amp;ssl=1 1024w, https:\/\/i0.wp.com\/zeromagazine.mx\/wp-content\/uploads\/2025\/05\/SanFernando_Opening_DSC06374-Cortesia-scaled.jpg?resize=1365%2C2048&amp;ssl=1 1365w, https:\/\/i0.wp.com\/zeromagazine.mx\/wp-content\/uploads\/2025\/05\/SanFernando_Opening_DSC06374-Cortesia-scaled.jpg?w=1707&amp;ssl=1 1707w\" sizes=\"(max-width: 683px) 100vw, 683px\" \/><\/figure>\n<\/figure>\n\n\n\n<p>Igualmente, <strong>Lounge Fernando<\/strong> tiene ese mood que se siente como abrazo. El lugar est\u00e1 lleno de colorcito bien curado, con una terraza donde puedes llevar a tu perritx y ver pasar la vida con cafecito en mano. Adem\u00e1s, su horario de <strong>7:00 AM a 12:00 PM<\/strong>, es ideal tanto si eres team early bird como si te gusta amanecer tarde y desayunar a la hora de la comida. Adem\u00e1s, si est\u00e1s qued\u00e1ndote en el <strong>Hotel San Fernando<\/strong>, hay un men\u00fa especial con caf\u00e9, pan dulce, jugo o fruta incluida.<\/p>\n\n\n\n<script async src=\"https:\/\/pagead2.googlesyndication.com\/pagead\/js\/adsbygoogle.js?client=ca-pub-5499304793904745\"\n     crossorigin=\"anonymous\"><\/script>\n<ins class=\"adsbygoogle\"\n     style=\"display:block; text-align:center;\"\n     data-ad-layout=\"in-article\"\n     data-ad-format=\"fluid\"\n     data-ad-client=\"ca-pub-5499304793904745\"\n     data-ad-slot=\"5994863093\"><\/ins>\n<script>\n     (adsbygoogle = window.adsbygoogle || []).push({});\n<\/script>\n\n\n\n<h3 class=\"wp-block-heading\">El mood importa<\/h3>\n\n\n<div class=\"wp-block-image\">\n<figure class=\"aligncenter size-large\"><img data-recalc-dims=\"1\" decoding=\"async\" width=\"1024\" height=\"683\" src=\"https:\/\/i0.wp.com\/zeromagazine.mx\/wp-content\/uploads\/2025\/05\/IMG_9352-copy-1024x683.jpg?resize=1024%2C683&#038;ssl=1\" alt=\"\" class=\"wp-image-104856\" srcset=\"https:\/\/i0.wp.com\/zeromagazine.mx\/wp-content\/uploads\/2025\/05\/IMG_9352-copy-scaled.jpg?resize=1024%2C683&amp;ssl=1 1024w, https:\/\/i0.wp.com\/zeromagazine.mx\/wp-content\/uploads\/2025\/05\/IMG_9352-copy-scaled.jpg?resize=300%2C200&amp;ssl=1 300w, https:\/\/i0.wp.com\/zeromagazine.mx\/wp-content\/uploads\/2025\/05\/IMG_9352-copy-scaled.jpg?resize=768%2C512&amp;ssl=1 768w, https:\/\/i0.wp.com\/zeromagazine.mx\/wp-content\/uploads\/2025\/05\/IMG_9352-copy-scaled.jpg?resize=1536%2C1024&amp;ssl=1 1536w, https:\/\/i0.wp.com\/zeromagazine.mx\/wp-content\/uploads\/2025\/05\/IMG_9352-copy-scaled.jpg?resize=2048%2C1366&amp;ssl=1 2048w, https:\/\/i0.wp.com\/zeromagazine.mx\/wp-content\/uploads\/2025\/05\/IMG_9352-copy-scaled.jpg?w=2330 2330w\" sizes=\"(max-width: 1024px) 100vw, 1024px\" \/><\/figure>\n<\/div>\n\n\n<p>Por lo tanto, si buscas un desayuno que sepa rico, se vea bonito y te d\u00e9 paz mental,<strong> Lounge Fernando <\/strong>es el spot ideal para agregar a tu lista. Pues es ese lugar donde puedes ir solx, con tu amix, tu date o tu perro, y salir con el coraz\u00f3n lleno. As\u00ed que, checa el instagrama de <a href=\"https:\/\/www.instagram.com\/hotelsanfernandocdmx\/\">Hotel San Fernando<\/a>, planea tu ida y date una ma\u00f1ana chill en uno de los rincones m\u00e1s lindos de la Condesa. <\/p>\n\n\n\n<script async src=\"https:\/\/pagead2.googlesyndication.com\/pagead\/js\/adsbygoogle.js?client=ca-pub-5499304793904745\"\n     crossorigin=\"anonymous\"><\/script>\n<ins class=\"adsbygoogle\"\n     style=\"display:block; text-align:center;\"\n     data-ad-layout=\"in-article\"\n     data-ad-format=\"fluid\"\n     data-ad-client=\"ca-pub-5499304793904745\"\n     data-ad-slot=\"5994863093\"><\/ins>\n<script>\n     (adsbygoogle = window.adsbygoogle || []).push({});\n<\/script>\n\n<!--themify_builder_content-->\n<div id=\"themify_builder_content-104853\" data-postid=\"104853\" class=\"themify_builder_content themify_builder_content-104853 themify_builder tf_clear\">\n    <\/div>\n<!--\/themify_builder_content-->","protected":false},"excerpt":{"rendered":"<p>Amix, si aman la Condesa tanto como yo, seguro ya tienen su top de lugares favoritos para ver gente bonita, tomar caf\u00e9 fancy y fingir que la vida no est\u00e1 tan ca\u00f3tica. Bueno, aqu\u00ed les va uno m\u00e1s para su lista: Lounge Fernando. Este spot, ubicado a unos pasos del Parque M\u00e9xico, acaba de estrenar [&hellip;]<\/p>\n","protected":false},"author":4,"featured_media":104859,"comment_status":"open","ping_status":"open","sticky":false,"template":"","format":"standard","meta":{"_jetpack_memberships_contains_paid_content":false,"footnotes":"","jetpack_publicize_message":"","jetpack_publicize_feature_enabled":true,"jetpack_social_post_already_shared":true,"jetpack_social_options":{"image_generator_settings":{"template":"highway","default_image_id":0,"font":"","enabled":false},"version":2}},"categories":[322],"tags":[1598,1599,11759,13834,8303,13835,7540],"class_list":["post-104853","post","type-post","status-publish","format-standard","has-post-thumbnail","hentry","category-lugares","tag-cdmx","tag-condesa","tag-desayunos","tag-hotel-san-fernando","tag-lounge-fernando","tag-parque-mexico","tag-restaurantes","has-post-title","has-post-date","has-post-category","has-post-tag","has-post-comment","has-post-author",""],"yoast_head":"<!-- This site is optimized with the Yoast SEO plugin v27.5 - https:\/\/yoast.com\/product\/yoast-seo-wordpress\/ -->\n<title>Lounge Fernando &amp; Sus Desayunos Con Estilo - Zero Magazine<\/title>\n<meta name=\"description\" content=\"Lounge Fernando reinventa su men\u00fa, para que todes puedan disfrutar un desayuno con estilo en los rincones de la condensa.\" \/>\n<meta name=\"robots\" content=\"index, follow, max-snippet:-1, max-image-preview:large, max-video-preview:-1\" \/>\n<link rel=\"canonical\" href=\"https:\/\/zeromagazine.mx\/index.php\/2025\/05\/21\/lounge-fernando-y-sus-desayunos-con-estilo\/\" \/>\n<meta property=\"og:locale\" content=\"es_ES\" \/>\n<meta property=\"og:type\" content=\"article\" \/>\n<meta property=\"og:title\" content=\"Lounge Fernando &amp; Sus Desayunos Con Estilo - Zero Magazine\" \/>\n<meta property=\"og:description\" content=\"Lounge Fernando reinventa su men\u00fa, para que todes puedan disfrutar un desayuno con estilo en los rincones de la condensa.\" \/>\n<meta property=\"og:url\" content=\"https:\/\/zeromagazine.mx\/index.php\/2025\/05\/21\/lounge-fernando-y-sus-desayunos-con-estilo\/\" \/>\n<meta property=\"og:site_name\" content=\"Zero Magazine\" \/>\n<meta property=\"article:published_time\" content=\"2025-05-22T01:24:11+00:00\" \/>\n<meta property=\"article:modified_time\" content=\"2025-05-22T01:26:06+00:00\" \/>\n<meta property=\"og:image\" content=\"http:\/\/zeromagazine.mx\/wp-content\/uploads\/2025\/05\/JessicaAttie_Hotel-San-Fernando_IMG_8916-scaled.jpg\" \/>\n\t<meta property=\"og:image:width\" content=\"2560\" \/>\n\t<meta property=\"og:image:height\" content=\"1708\" \/>\n\t<meta property=\"og:image:type\" content=\"image\/jpeg\" \/>\n<meta name=\"author\" content=\"David Morales\" \/>\n<meta name=\"twitter:card\" content=\"summary_large_image\" \/>\n<meta name=\"twitter:label1\" content=\"Escrito por\" \/>\n\t<meta name=\"twitter:data1\" content=\"David Morales\" \/>\n\t<meta name=\"twitter:label2\" content=\"Tiempo de lectura\" \/>\n\t<meta name=\"twitter:data2\" content=\"3 minutos\" \/>\n<script type=\"application\/ld+json\" class=\"yoast-schema-graph\">{\"@context\":\"https:\\\/\\\/schema.org\",\"@graph\":[{\"@type\":\"Article\",\"@id\":\"https:\\\/\\\/zeromagazine.mx\\\/index.php\\\/2025\\\/05\\\/21\\\/lounge-fernando-y-sus-desayunos-con-estilo\\\/#article\",\"isPartOf\":{\"@id\":\"https:\\\/\\\/zeromagazine.mx\\\/index.php\\\/2025\\\/05\\\/21\\\/lounge-fernando-y-sus-desayunos-con-estilo\\\/\"},\"author\":{\"name\":\"David Morales\",\"@id\":\"https:\\\/\\\/zeromagazine.mx\\\/#\\\/schema\\\/person\\\/9f7f1a17c60ba8e9980e3e6677aabe5a\"},\"headline\":\"Lounge Fernando &amp; Sus Desayunos Con Estilo\",\"datePublished\":\"2025-05-22T01:24:11+00:00\",\"dateModified\":\"2025-05-22T01:26:06+00:00\",\"mainEntityOfPage\":{\"@id\":\"https:\\\/\\\/zeromagazine.mx\\\/index.php\\\/2025\\\/05\\\/21\\\/lounge-fernando-y-sus-desayunos-con-estilo\\\/\"},\"wordCount\":377,\"commentCount\":0,\"publisher\":{\"@id\":\"https:\\\/\\\/zeromagazine.mx\\\/#organization\"},\"image\":{\"@id\":\"https:\\\/\\\/zeromagazine.mx\\\/index.php\\\/2025\\\/05\\\/21\\\/lounge-fernando-y-sus-desayunos-con-estilo\\\/#primaryimage\"},\"thumbnailUrl\":\"https:\\\/\\\/i0.wp.com\\\/zeromagazine.mx\\\/wp-content\\\/uploads\\\/2025\\\/05\\\/JessicaAttie_Hotel-San-Fernando_IMG_8916-scaled.jpg?fit=2560%2C1708&ssl=1\",\"keywords\":[\"CDMX\",\"Condesa\",\"Desayunos\",\"Hotel San Fernando\",\"Lounge Fernando\",\"Parque M\u00e9xico\",\"Restaurantes\"],\"articleSection\":[\"Viajes\"],\"inLanguage\":\"es\",\"potentialAction\":[{\"@type\":\"CommentAction\",\"name\":\"Comment\",\"target\":[\"https:\\\/\\\/zeromagazine.mx\\\/index.php\\\/2025\\\/05\\\/21\\\/lounge-fernando-y-sus-desayunos-con-estilo\\\/#respond\"]}]},{\"@type\":\"WebPage\",\"@id\":\"https:\\\/\\\/zeromagazine.mx\\\/index.php\\\/2025\\\/05\\\/21\\\/lounge-fernando-y-sus-desayunos-con-estilo\\\/\",\"url\":\"https:\\\/\\\/zeromagazine.mx\\\/index.php\\\/2025\\\/05\\\/21\\\/lounge-fernando-y-sus-desayunos-con-estilo\\\/\",\"name\":\"Lounge Fernando &amp; Sus Desayunos Con Estilo - Zero Magazine\",\"isPartOf\":{\"@id\":\"https:\\\/\\\/zeromagazine.mx\\\/#website\"},\"primaryImageOfPage\":{\"@id\":\"https:\\\/\\\/zeromagazine.mx\\\/index.php\\\/2025\\\/05\\\/21\\\/lounge-fernando-y-sus-desayunos-con-estilo\\\/#primaryimage\"},\"image\":{\"@id\":\"https:\\\/\\\/zeromagazine.mx\\\/index.php\\\/2025\\\/05\\\/21\\\/lounge-fernando-y-sus-desayunos-con-estilo\\\/#primaryimage\"},\"thumbnailUrl\":\"https:\\\/\\\/i0.wp.com\\\/zeromagazine.mx\\\/wp-content\\\/uploads\\\/2025\\\/05\\\/JessicaAttie_Hotel-San-Fernando_IMG_8916-scaled.jpg?fit=2560%2C1708&ssl=1\",\"datePublished\":\"2025-05-22T01:24:11+00:00\",\"dateModified\":\"2025-05-22T01:26:06+00:00\",\"description\":\"Lounge Fernando reinventa su men\u00fa, para que todes puedan disfrutar un desayuno con estilo en los rincones de la condensa.\",\"breadcrumb\":{\"@id\":\"https:\\\/\\\/zeromagazine.mx\\\/index.php\\\/2025\\\/05\\\/21\\\/lounge-fernando-y-sus-desayunos-con-estilo\\\/#breadcrumb\"},\"inLanguage\":\"es\",\"potentialAction\":[{\"@type\":\"ReadAction\",\"target\":[\"https:\\\/\\\/zeromagazine.mx\\\/index.php\\\/2025\\\/05\\\/21\\\/lounge-fernando-y-sus-desayunos-con-estilo\\\/\"]}]},{\"@type\":\"ImageObject\",\"inLanguage\":\"es\",\"@id\":\"https:\\\/\\\/zeromagazine.mx\\\/index.php\\\/2025\\\/05\\\/21\\\/lounge-fernando-y-sus-desayunos-con-estilo\\\/#primaryimage\",\"url\":\"https:\\\/\\\/i0.wp.com\\\/zeromagazine.mx\\\/wp-content\\\/uploads\\\/2025\\\/05\\\/JessicaAttie_Hotel-San-Fernando_IMG_8916-scaled.jpg?fit=2560%2C1708&ssl=1\",\"contentUrl\":\"https:\\\/\\\/i0.wp.com\\\/zeromagazine.mx\\\/wp-content\\\/uploads\\\/2025\\\/05\\\/JessicaAttie_Hotel-San-Fernando_IMG_8916-scaled.jpg?fit=2560%2C1708&ssl=1\",\"width\":2560,\"height\":1708},{\"@type\":\"BreadcrumbList\",\"@id\":\"https:\\\/\\\/zeromagazine.mx\\\/index.php\\\/2025\\\/05\\\/21\\\/lounge-fernando-y-sus-desayunos-con-estilo\\\/#breadcrumb\",\"itemListElement\":[{\"@type\":\"ListItem\",\"position\":1,\"name\":\"Portada\",\"item\":\"https:\\\/\\\/zeromagazine.mx\\\/\"},{\"@type\":\"ListItem\",\"position\":2,\"name\":\"Lounge Fernando &amp; Sus Desayunos Con Estilo\"}]},{\"@type\":\"WebSite\",\"@id\":\"https:\\\/\\\/zeromagazine.mx\\\/#website\",\"url\":\"https:\\\/\\\/zeromagazine.mx\\\/\",\"name\":\"Zero Magazine\",\"description\":\"\",\"publisher\":{\"@id\":\"https:\\\/\\\/zeromagazine.mx\\\/#organization\"},\"potentialAction\":[{\"@type\":\"SearchAction\",\"target\":{\"@type\":\"EntryPoint\",\"urlTemplate\":\"https:\\\/\\\/zeromagazine.mx\\\/?s={search_term_string}\"},\"query-input\":{\"@type\":\"PropertyValueSpecification\",\"valueRequired\":true,\"valueName\":\"search_term_string\"}}],\"inLanguage\":\"es\"},{\"@type\":\"Organization\",\"@id\":\"https:\\\/\\\/zeromagazine.mx\\\/#organization\",\"name\":\"Zero Magazine\",\"url\":\"https:\\\/\\\/zeromagazine.mx\\\/\",\"logo\":{\"@type\":\"ImageObject\",\"inLanguage\":\"es\",\"@id\":\"https:\\\/\\\/zeromagazine.mx\\\/#\\\/schema\\\/logo\\\/image\\\/\",\"url\":\"https:\\\/\\\/i0.wp.com\\\/zeromagazine.mx\\\/wp-content\\\/uploads\\\/2025\\\/11\\\/1.jpeg?fit=1000%2C1000&ssl=1\",\"contentUrl\":\"https:\\\/\\\/i0.wp.com\\\/zeromagazine.mx\\\/wp-content\\\/uploads\\\/2025\\\/11\\\/1.jpeg?fit=1000%2C1000&ssl=1\",\"width\":1000,\"height\":1000,\"caption\":\"Zero Magazine\"},\"image\":{\"@id\":\"https:\\\/\\\/zeromagazine.mx\\\/#\\\/schema\\\/logo\\\/image\\\/\"},\"sameAs\":[\"https:\\\/\\\/instagram.com\\\/zeromagazinemx\"]},{\"@type\":\"Person\",\"@id\":\"https:\\\/\\\/zeromagazine.mx\\\/#\\\/schema\\\/person\\\/9f7f1a17c60ba8e9980e3e6677aabe5a\",\"name\":\"David Morales\",\"image\":{\"@type\":\"ImageObject\",\"inLanguage\":\"es\",\"@id\":\"https:\\\/\\\/zeromagazine.mx\\\/wp-content\\\/litespeed\\\/avatar\\\/76069d2136bfc1c37dc34815bb67ca42.jpg?ver=1777571067\",\"url\":\"https:\\\/\\\/zeromagazine.mx\\\/wp-content\\\/litespeed\\\/avatar\\\/76069d2136bfc1c37dc34815bb67ca42.jpg?ver=1777571067\",\"contentUrl\":\"https:\\\/\\\/zeromagazine.mx\\\/wp-content\\\/litespeed\\\/avatar\\\/76069d2136bfc1c37dc34815bb67ca42.jpg?ver=1777571067\",\"caption\":\"David Morales\"},\"url\":\"https:\\\/\\\/zeromagazine.mx\\\/index.php\\\/author\\\/david\\\/\"}]}<\/script>\n<!-- \/ Yoast SEO plugin. -->","yoast_head_json":{"title":"Lounge Fernando &amp; Sus Desayunos Con Estilo - Zero Magazine","description":"Lounge Fernando reinventa su men\u00fa, para que todes puedan disfrutar un desayuno con estilo en los rincones de la condensa.","robots":{"index":"index","follow":"follow","max-snippet":"max-snippet:-1","max-image-preview":"max-image-preview:large","max-video-preview":"max-video-preview:-1"},"canonical":"https:\/\/zeromagazine.mx\/index.php\/2025\/05\/21\/lounge-fernando-y-sus-desayunos-con-estilo\/","og_locale":"es_ES","og_type":"article","og_title":"Lounge Fernando &amp; Sus Desayunos Con Estilo - Zero Magazine","og_description":"Lounge Fernando reinventa su men\u00fa, para que todes puedan disfrutar un desayuno con estilo en los rincones de la condensa.","og_url":"https:\/\/zeromagazine.mx\/index.php\/2025\/05\/21\/lounge-fernando-y-sus-desayunos-con-estilo\/","og_site_name":"Zero Magazine","article_published_time":"2025-05-22T01:24:11+00:00","article_modified_time":"2025-05-22T01:26:06+00:00","og_image":[{"width":2560,"height":1708,"url":"http:\/\/zeromagazine.mx\/wp-content\/uploads\/2025\/05\/JessicaAttie_Hotel-San-Fernando_IMG_8916-scaled.jpg","type":"image\/jpeg"}],"author":"David Morales","twitter_card":"summary_large_image","twitter_misc":{"Escrito por":"David Morales","Tiempo de lectura":"3 minutos"},"schema":{"@context":"https:\/\/schema.org","@graph":[{"@type":"Article","@id":"https:\/\/zeromagazine.mx\/index.php\/2025\/05\/21\/lounge-fernando-y-sus-desayunos-con-estilo\/#article","isPartOf":{"@id":"https:\/\/zeromagazine.mx\/index.php\/2025\/05\/21\/lounge-fernando-y-sus-desayunos-con-estilo\/"},"author":{"name":"David Morales","@id":"https:\/\/zeromagazine.mx\/#\/schema\/person\/9f7f1a17c60ba8e9980e3e6677aabe5a"},"headline":"Lounge Fernando &amp; Sus Desayunos Con Estilo","datePublished":"2025-05-22T01:24:11+00:00","dateModified":"2025-05-22T01:26:06+00:00","mainEntityOfPage":{"@id":"https:\/\/zeromagazine.mx\/index.php\/2025\/05\/21\/lounge-fernando-y-sus-desayunos-con-estilo\/"},"wordCount":377,"commentCount":0,"publisher":{"@id":"https:\/\/zeromagazine.mx\/#organization"},"image":{"@id":"https:\/\/zeromagazine.mx\/index.php\/2025\/05\/21\/lounge-fernando-y-sus-desayunos-con-estilo\/#primaryimage"},"thumbnailUrl":"https:\/\/i0.wp.com\/zeromagazine.mx\/wp-content\/uploads\/2025\/05\/JessicaAttie_Hotel-San-Fernando_IMG_8916-scaled.jpg?fit=2560%2C1708&ssl=1","keywords":["CDMX","Condesa","Desayunos","Hotel San Fernando","Lounge Fernando","Parque M\u00e9xico","Restaurantes"],"articleSection":["Viajes"],"inLanguage":"es","potentialAction":[{"@type":"CommentAction","name":"Comment","target":["https:\/\/zeromagazine.mx\/index.php\/2025\/05\/21\/lounge-fernando-y-sus-desayunos-con-estilo\/#respond"]}]},{"@type":"WebPage","@id":"https:\/\/zeromagazine.mx\/index.php\/2025\/05\/21\/lounge-fernando-y-sus-desayunos-con-estilo\/","url":"https:\/\/zeromagazine.mx\/index.php\/2025\/05\/21\/lounge-fernando-y-sus-desayunos-con-estilo\/","name":"Lounge Fernando &amp; Sus Desayunos Con Estilo - Zero Magazine","isPartOf":{"@id":"https:\/\/zeromagazine.mx\/#website"},"primaryImageOfPage":{"@id":"https:\/\/zeromagazine.mx\/index.php\/2025\/05\/21\/lounge-fernando-y-sus-desayunos-con-estilo\/#primaryimage"},"image":{"@id":"https:\/\/zeromagazine.mx\/index.php\/2025\/05\/21\/lounge-fernando-y-sus-desayunos-con-estilo\/#primaryimage"},"thumbnailUrl":"https:\/\/i0.wp.com\/zeromagazine.mx\/wp-content\/uploads\/2025\/05\/JessicaAttie_Hotel-San-Fernando_IMG_8916-scaled.jpg?fit=2560%2C1708&ssl=1","datePublished":"2025-05-22T01:24:11+00:00","dateModified":"2025-05-22T01:26:06+00:00","description":"Lounge Fernando reinventa su men\u00fa, para que todes puedan disfrutar un desayuno con estilo en los rincones de la condensa.","breadcrumb":{"@id":"https:\/\/zeromagazine.mx\/index.php\/2025\/05\/21\/lounge-fernando-y-sus-desayunos-con-estilo\/#breadcrumb"},"inLanguage":"es","potentialAction":[{"@type":"ReadAction","target":["https:\/\/zeromagazine.mx\/index.php\/2025\/05\/21\/lounge-fernando-y-sus-desayunos-con-estilo\/"]}]},{"@type":"ImageObject","inLanguage":"es","@id":"https:\/\/zeromagazine.mx\/index.php\/2025\/05\/21\/lounge-fernando-y-sus-desayunos-con-estilo\/#primaryimage","url":"https:\/\/i0.wp.com\/zeromagazine.mx\/wp-content\/uploads\/2025\/05\/JessicaAttie_Hotel-San-Fernando_IMG_8916-scaled.jpg?fit=2560%2C1708&ssl=1","contentUrl":"https:\/\/i0.wp.com\/zeromagazine.mx\/wp-content\/uploads\/2025\/05\/JessicaAttie_Hotel-San-Fernando_IMG_8916-scaled.jpg?fit=2560%2C1708&ssl=1","width":2560,"height":1708},{"@type":"BreadcrumbList","@id":"https:\/\/zeromagazine.mx\/index.php\/2025\/05\/21\/lounge-fernando-y-sus-desayunos-con-estilo\/#breadcrumb","itemListElement":[{"@type":"ListItem","position":1,"name":"Portada","item":"https:\/\/zeromagazine.mx\/"},{"@type":"ListItem","position":2,"name":"Lounge Fernando &amp; Sus Desayunos Con Estilo"}]},{"@type":"WebSite","@id":"https:\/\/zeromagazine.mx\/#website","url":"https:\/\/zeromagazine.mx\/","name":"Zero Magazine","description":"","publisher":{"@id":"https:\/\/zeromagazine.mx\/#organization"},"potentialAction":[{"@type":"SearchAction","target":{"@type":"EntryPoint","urlTemplate":"https:\/\/zeromagazine.mx\/?s={search_term_string}"},"query-input":{"@type":"PropertyValueSpecification","valueRequired":true,"valueName":"search_term_string"}}],"inLanguage":"es"},{"@type":"Organization","@id":"https:\/\/zeromagazine.mx\/#organization","name":"Zero Magazine","url":"https:\/\/zeromagazine.mx\/","logo":{"@type":"ImageObject","inLanguage":"es","@id":"https:\/\/zeromagazine.mx\/#\/schema\/logo\/image\/","url":"https:\/\/i0.wp.com\/zeromagazine.mx\/wp-content\/uploads\/2025\/11\/1.jpeg?fit=1000%2C1000&ssl=1","contentUrl":"https:\/\/i0.wp.com\/zeromagazine.mx\/wp-content\/uploads\/2025\/11\/1.jpeg?fit=1000%2C1000&ssl=1","width":1000,"height":1000,"caption":"Zero Magazine"},"image":{"@id":"https:\/\/zeromagazine.mx\/#\/schema\/logo\/image\/"},"sameAs":["https:\/\/instagram.com\/zeromagazinemx"]},{"@type":"Person","@id":"https:\/\/zeromagazine.mx\/#\/schema\/person\/9f7f1a17c60ba8e9980e3e6677aabe5a","name":"David Morales","image":{"@type":"ImageObject","inLanguage":"es","@id":"https:\/\/zeromagazine.mx\/wp-content\/litespeed\/avatar\/76069d2136bfc1c37dc34815bb67ca42.jpg?ver=1777571067","url":"https:\/\/zeromagazine.mx\/wp-content\/litespeed\/avatar\/76069d2136bfc1c37dc34815bb67ca42.jpg?ver=1777571067","contentUrl":"https:\/\/zeromagazine.mx\/wp-content\/litespeed\/avatar\/76069d2136bfc1c37dc34815bb67ca42.jpg?ver=1777571067","caption":"David Morales"},"url":"https:\/\/zeromagazine.mx\/index.php\/author\/david\/"}]}},"jetpack_publicize_connections":[],"jetpack_featured_media_url":"https:\/\/i0.wp.com\/zeromagazine.mx\/wp-content\/uploads\/2025\/05\/JessicaAttie_Hotel-San-Fernando_IMG_8916-scaled.jpg?fit=2560%2C1708&ssl=1","jetpack-related-posts":[{"id":101966,"url":"https:\/\/zeromagazine.mx\/index.php\/2025\/04\/21\/desayuno-con-proposito\/","url_meta":{"origin":104853,"position":0},"title":"Desayuno Con Prop\u00f3sito","author":"David Morales","date":"21 de abril de 2025","format":false,"excerpt":"Amix, sabemos que el desayuno es m\u00e1s que \u201cla comida m\u00e1s importante del d\u00eda\u201d, es un mood. Por eso hoy les traigo un tour gourmet con alma y saz\u00f3n local. \u00bfListxs para descubrir lugares que hacen del desayuno una experiencia consciente, bonita y brutalmente sabrosa? Les juro que estos spots\u2026","rel":"","context":"En \u00abViajes\u00bb","block_context":{"text":"Viajes","link":"https:\/\/zeromagazine.mx\/index.php\/category\/lugares\/"},"img":{"alt_text":"","src":"https:\/\/i0.wp.com\/zeromagazine.mx\/wp-content\/uploads\/2025\/04\/Copy-of-Fiamma-Piacenteni_SIEMBRA_3773-scaled.jpg?fit=1200%2C800&ssl=1&resize=350%2C200","width":350,"height":200,"srcset":"https:\/\/i0.wp.com\/zeromagazine.mx\/wp-content\/uploads\/2025\/04\/Copy-of-Fiamma-Piacenteni_SIEMBRA_3773-scaled.jpg?fit=1200%2C800&ssl=1&resize=350%2C200 1x, https:\/\/i0.wp.com\/zeromagazine.mx\/wp-content\/uploads\/2025\/04\/Copy-of-Fiamma-Piacenteni_SIEMBRA_3773-scaled.jpg?fit=1200%2C800&ssl=1&resize=525%2C300 1.5x, https:\/\/i0.wp.com\/zeromagazine.mx\/wp-content\/uploads\/2025\/04\/Copy-of-Fiamma-Piacenteni_SIEMBRA_3773-scaled.jpg?fit=1200%2C800&ssl=1&resize=700%2C400 2x, https:\/\/i0.wp.com\/zeromagazine.mx\/wp-content\/uploads\/2025\/04\/Copy-of-Fiamma-Piacenteni_SIEMBRA_3773-scaled.jpg?fit=1200%2C800&ssl=1&resize=1050%2C600 3x"},"classes":[]},{"id":115048,"url":"https:\/\/zeromagazine.mx\/index.php\/2026\/01\/19\/theo-lounge-bar-casa-mali-la-condesa\/","url_meta":{"origin":104853,"position":1},"title":"Theo Lounge Bar en Casa Mal\u00ed","author":"David Morales","date":"19 de enero de 2026","format":false,"excerpt":"Theo Lounge Bar, la nueva joyita de Hotel Casa Mal\u00ed by Dominion, ubicada en pleno coraz\u00f3n de La Condesa, Ciudad de M\u00e9xico. Desde que cruc\u00e9 la puerta, supe que este no era solo otro lounge bonito para Instagram, sino un espacio con alma, historia y una vibra que te hace\u2026","rel":"","context":"En \u00abBlog\u00bb","block_context":{"text":"Blog","link":"https:\/\/zeromagazine.mx\/index.php\/category\/blog\/"},"img":{"alt_text":"","src":"https:\/\/i0.wp.com\/zeromagazine.mx\/wp-content\/uploads\/2026\/02\/bar-mali_alta_erdlc_0-18-1.jpg?fit=1200%2C800&ssl=1&resize=350%2C200","width":350,"height":200,"srcset":"https:\/\/i0.wp.com\/zeromagazine.mx\/wp-content\/uploads\/2026\/02\/bar-mali_alta_erdlc_0-18-1.jpg?fit=1200%2C800&ssl=1&resize=350%2C200 1x, https:\/\/i0.wp.com\/zeromagazine.mx\/wp-content\/uploads\/2026\/02\/bar-mali_alta_erdlc_0-18-1.jpg?fit=1200%2C800&ssl=1&resize=525%2C300 1.5x, https:\/\/i0.wp.com\/zeromagazine.mx\/wp-content\/uploads\/2026\/02\/bar-mali_alta_erdlc_0-18-1.jpg?fit=1200%2C800&ssl=1&resize=700%2C400 2x, https:\/\/i0.wp.com\/zeromagazine.mx\/wp-content\/uploads\/2026\/02\/bar-mali_alta_erdlc_0-18-1.jpg?fit=1200%2C800&ssl=1&resize=1050%2C600 3x"},"classes":[]},{"id":76615,"url":"https:\/\/zeromagazine.mx\/index.php\/2024\/05\/30\/lounge-fernando-un-viaje-culinario-y-sensorial-en-el-corazon-de-la-condesa\/","url_meta":{"origin":104853,"position":2},"title":"Lounge Fernando: Un viaje culinario y sensorial en el coraz\u00f3n de la Condesa","author":"David Morales","date":"30 de mayo de 2024","format":false,"excerpt":"Les quiero contar sobre un lugar que acabo de descubrir y que est\u00e1 s\u00faper nice: Lounge Fernando, un espacio vibrante en la colonia Condesa que fusiona lo mejor de nuestra herencia gastron\u00f3mica ancestral con un toque moderno y fresco. Primero que nada, Lounge Fernando se destaca por su ambiente vibrante\u2026","rel":"","context":"En \u00abViajes\u00bb","block_context":{"text":"Viajes","link":"https:\/\/zeromagazine.mx\/index.php\/category\/lugares\/"},"img":{"alt_text":"","src":"https:\/\/i0.wp.com\/zeromagazine.mx\/wp-content\/uploads\/2024\/05\/Captura-de-pantalla-2024-05-30-113825.png?fit=711%2C463&ssl=1&resize=350%2C200","width":350,"height":200,"srcset":"https:\/\/i0.wp.com\/zeromagazine.mx\/wp-content\/uploads\/2024\/05\/Captura-de-pantalla-2024-05-30-113825.png?fit=711%2C463&ssl=1&resize=350%2C200 1x, https:\/\/i0.wp.com\/zeromagazine.mx\/wp-content\/uploads\/2024\/05\/Captura-de-pantalla-2024-05-30-113825.png?fit=711%2C463&ssl=1&resize=525%2C300 1.5x, https:\/\/i0.wp.com\/zeromagazine.mx\/wp-content\/uploads\/2024\/05\/Captura-de-pantalla-2024-05-30-113825.png?fit=711%2C463&ssl=1&resize=700%2C400 2x"},"classes":[]},{"id":107904,"url":"https:\/\/zeromagazine.mx\/index.php\/2025\/09\/12\/lounge-fernando-fiestas-patrias\/","url_meta":{"origin":104853,"position":3},"title":"Lounge Fernando: Fiestas Patrias con Sabor y Estilo","author":"David Morales","date":"12 de septiembre de 2025","format":false,"excerpt":"\u00a1Empieza hoy! Del 12 al 16 de septiembre, Lounge Fernando en la Condesa se convierte en el epicentro del sabor, la m\u00fasica y la tradici\u00f3n. Un men\u00fa exclusivo y sofisticado que celebra la gastronom\u00eda mexicana y las experiencias premium est\u00e1 listo para ti. Men\u00fa que combina tradici\u00f3n y elegancia \ud83c\udf74\u2026","rel":"","context":"En \u00abFoodie\u00bb","block_context":{"text":"Foodie","link":"https:\/\/zeromagazine.mx\/index.php\/category\/lifestyle\/foodie\/"},"img":{"alt_text":"","src":"https:\/\/i0.wp.com\/zeromagazine.mx\/wp-content\/uploads\/2025\/09\/fiestas-patrias-lf-1.jpg?fit=792%2C957&ssl=1&resize=350%2C200","width":350,"height":200,"srcset":"https:\/\/i0.wp.com\/zeromagazine.mx\/wp-content\/uploads\/2025\/09\/fiestas-patrias-lf-1.jpg?fit=792%2C957&ssl=1&resize=350%2C200 1x, https:\/\/i0.wp.com\/zeromagazine.mx\/wp-content\/uploads\/2025\/09\/fiestas-patrias-lf-1.jpg?fit=792%2C957&ssl=1&resize=525%2C300 1.5x, https:\/\/i0.wp.com\/zeromagazine.mx\/wp-content\/uploads\/2025\/09\/fiestas-patrias-lf-1.jpg?fit=792%2C957&ssl=1&resize=700%2C400 2x"},"classes":[]},{"id":81075,"url":"https:\/\/zeromagazine.mx\/index.php\/2024\/07\/30\/amistad-vibes-top-spots-en-cdmx\/","url_meta":{"origin":104853,"position":4},"title":"Amistad Vibes: Top Spots en CDMX","author":"zeromagazinemx","date":"30 de julio de 2024","format":false,"excerpt":"\u00a1Hey, chiques! El 30 de julio es el D\u00eda Internacional de la Amistad, y es el momento ideal para dejarle saber a nuestras amistades cu\u00e1nto las queremos. Desde los compas de siempre hasta los nuevos amigues, todxs merecen una celebraci\u00f3n chida. Por eso, este a\u00f1o te propongo que lo celebres\u2026","rel":"","context":"En \u00abFoodie\u00bb","block_context":{"text":"Foodie","link":"https:\/\/zeromagazine.mx\/index.php\/category\/lifestyle\/foodie\/"},"img":{"alt_text":"","src":"https:\/\/i0.wp.com\/zeromagazine.mx\/wp-content\/uploads\/2024\/07\/SanFernando_Opening_DSC06374-scaled.jpg?fit=800%2C1200&ssl=1&resize=350%2C200","width":350,"height":200,"srcset":"https:\/\/i0.wp.com\/zeromagazine.mx\/wp-content\/uploads\/2024\/07\/SanFernando_Opening_DSC06374-scaled.jpg?fit=800%2C1200&ssl=1&resize=350%2C200 1x, https:\/\/i0.wp.com\/zeromagazine.mx\/wp-content\/uploads\/2024\/07\/SanFernando_Opening_DSC06374-scaled.jpg?fit=800%2C1200&ssl=1&resize=525%2C300 1.5x, https:\/\/i0.wp.com\/zeromagazine.mx\/wp-content\/uploads\/2024\/07\/SanFernando_Opening_DSC06374-scaled.jpg?fit=800%2C1200&ssl=1&resize=700%2C400 2x"},"classes":[]},{"id":94966,"url":"https:\/\/zeromagazine.mx\/index.php\/2025\/01\/17\/3-restaurantes-para-celebrar-san-valentin\/","url_meta":{"origin":104853,"position":5},"title":"3 Restaurantes para Celebrar San Valent\u00edn","author":"zeromagazinemx","date":"17 de enero de 2025","format":false,"excerpt":"\u00a1Holi, amix! Ya se siente el mood de San Valent\u00edn en el aire, y en una ciudad tan chida como la CDMX, celebrar el amor en todas sus formas es un vibe que no puedes dejar pasar. Desde una cenita super rom\u00e1ntica hasta un plan cool con tu squad, hay\u2026","rel":"","context":"En \u00abFoodie\u00bb","block_context":{"text":"Foodie","link":"https:\/\/zeromagazine.mx\/index.php\/category\/lifestyle\/foodie\/"},"img":{"alt_text":"","src":"https:\/\/i0.wp.com\/zeromagazine.mx\/wp-content\/uploads\/2025\/01\/KatieJuneBurton_Lina-61-scaled.jpg?fit=800%2C1200&ssl=1&resize=350%2C200","width":350,"height":200,"srcset":"https:\/\/i0.wp.com\/zeromagazine.mx\/wp-content\/uploads\/2025\/01\/KatieJuneBurton_Lina-61-scaled.jpg?fit=800%2C1200&ssl=1&resize=350%2C200 1x, https:\/\/i0.wp.com\/zeromagazine.mx\/wp-content\/uploads\/2025\/01\/KatieJuneBurton_Lina-61-scaled.jpg?fit=800%2C1200&ssl=1&resize=525%2C300 1.5x, https:\/\/i0.wp.com\/zeromagazine.mx\/wp-content\/uploads\/2025\/01\/KatieJuneBurton_Lina-61-scaled.jpg?fit=800%2C1200&ssl=1&resize=700%2C400 2x"},"classes":[]}],"jetpack_sharing_enabled":true,"builder_content":"","_links":{"self":[{"href":"https:\/\/zeromagazine.mx\/index.php\/wp-json\/wp\/v2\/posts\/104853","targetHints":{"allow":["GET"]}}],"collection":[{"href":"https:\/\/zeromagazine.mx\/index.php\/wp-json\/wp\/v2\/posts"}],"about":[{"href":"https:\/\/zeromagazine.mx\/index.php\/wp-json\/wp\/v2\/types\/post"}],"author":[{"embeddable":true,"href":"https:\/\/zeromagazine.mx\/index.php\/wp-json\/wp\/v2\/users\/4"}],"replies":[{"embeddable":true,"href":"https:\/\/zeromagazine.mx\/index.php\/wp-json\/wp\/v2\/comments?post=104853"}],"version-history":[{"count":3,"href":"https:\/\/zeromagazine.mx\/index.php\/wp-json\/wp\/v2\/posts\/104853\/revisions"}],"predecessor-version":[{"id":104862,"href":"https:\/\/zeromagazine.mx\/index.php\/wp-json\/wp\/v2\/posts\/104853\/revisions\/104862"}],"wp:featuredmedia":[{"embeddable":true,"href":"https:\/\/zeromagazine.mx\/index.php\/wp-json\/wp\/v2\/media\/104859"}],"wp:attachment":[{"href":"https:\/\/zeromagazine.mx\/index.php\/wp-json\/wp\/v2\/media?parent=104853"}],"wp:term":[{"taxonomy":"category","embeddable":true,"href":"https:\/\/zeromagazine.mx\/index.php\/wp-json\/wp\/v2\/categories?post=104853"},{"taxonomy":"post_tag","embeddable":true,"href":"https:\/\/zeromagazine.mx\/index.php\/wp-json\/wp\/v2\/tags?post=104853"}],"curies":[{"name":"wp","href":"https:\/\/api.w.org\/{rel}","templated":true}]}}