{"id":104981,"date":"2025-05-22T16:02:40","date_gmt":"2025-05-22T22:02:40","guid":{"rendered":"https:\/\/zeromagazine.mx\/?p=104981"},"modified":"2025-05-22T16:02:42","modified_gmt":"2025-05-22T22:02:42","slug":"solar-energy-el-lujo-recargable-de-festina","status":"publish","type":"post","link":"https:\/\/zeromagazine.mx\/index.php\/2025\/05\/22\/solar-energy-el-lujo-recargable-de-festina\/","title":{"rendered":"Solar Energy: EL Lujo Recargable de Festina"},"content":{"rendered":"<p>Amix, si t\u00fa tambi\u00e9n crees que el estilo y la sostenibilidad no tienen que pelearse, prep\u00e1rate porque la marca <strong>Festina<\/strong> acaba de lanzar su nueva colecci\u00f3n <strong>Solar Energy<\/strong> y ee un lujo que se recarga. Pues estos relojes se alimentan de luz natural y artificial, y se olvidan del cl\u00e1sico \u201cya se le acab\u00f3 la pila\u201d en pleno date o entrevista. <\/p>\n\n\n\n<p>Adem\u00e1s, con este lanzamiento<strong>, Festina <\/strong>mezcla<strong> <\/strong>tecnolog\u00eda japonesa, dise\u00f1o suizo y ese flow europeo que no falla. \u00bfEl resultado? Relojes elegantes que duran hasta seis meses sin luz, sin tener que cambiarles bater\u00eda, y con est\u00e9tica digna de portada de revista. As\u00ed que si andabas buscando un nuevo accesorio que no s\u00f3lo se vea bien pero tambi\u00e9n funcional, este reloj te va a encantar y aqu\u00ed te doy los detalles.<\/p>\n\n\n\n<figure class=\"wp-block-gallery has-nested-images columns-default is-cropped wp-block-gallery-1 is-layout-flex wp-block-gallery-is-layout-flex\">\n<figure class=\"wp-block-image size-large\"><img data-recalc-dims=\"1\" decoding=\"async\" width=\"683\" height=\"1024\" data-id=\"104985\" src=\"https:\/\/i0.wp.com\/zeromagazine.mx\/wp-content\/uploads\/2025\/05\/f20655_3-683x1024.jpg?resize=683%2C1024&#038;ssl=1\" alt=\"\" class=\"wp-image-104985\" srcset=\"https:\/\/i0.wp.com\/zeromagazine.mx\/wp-content\/uploads\/2025\/05\/f20655_3-scaled.jpg?resize=683%2C1024&amp;ssl=1 683w, https:\/\/i0.wp.com\/zeromagazine.mx\/wp-content\/uploads\/2025\/05\/f20655_3-scaled.jpg?resize=200%2C300&amp;ssl=1 200w, https:\/\/i0.wp.com\/zeromagazine.mx\/wp-content\/uploads\/2025\/05\/f20655_3-scaled.jpg?resize=768%2C1152&amp;ssl=1 768w, https:\/\/i0.wp.com\/zeromagazine.mx\/wp-content\/uploads\/2025\/05\/f20655_3-scaled.jpg?resize=1024%2C1536&amp;ssl=1 1024w, https:\/\/i0.wp.com\/zeromagazine.mx\/wp-content\/uploads\/2025\/05\/f20655_3-scaled.jpg?resize=1365%2C2048&amp;ssl=1 1365w, https:\/\/i0.wp.com\/zeromagazine.mx\/wp-content\/uploads\/2025\/05\/f20655_3-scaled.jpg?w=1707&amp;ssl=1 1707w\" sizes=\"(max-width: 683px) 100vw, 683px\" \/><\/figure>\n\n\n\n<figure class=\"wp-block-image size-large\"><img data-recalc-dims=\"1\" decoding=\"async\" width=\"683\" height=\"1024\" data-id=\"104984\" src=\"https:\/\/i0.wp.com\/zeromagazine.mx\/wp-content\/uploads\/2025\/05\/f20654_2-683x1024.jpg?resize=683%2C1024\" alt=\"\" class=\"wp-image-104984\" srcset=\"https:\/\/i0.wp.com\/zeromagazine.mx\/wp-content\/uploads\/2025\/05\/f20654_2-scaled.jpg?resize=683%2C1024&amp;ssl=1 683w, https:\/\/i0.wp.com\/zeromagazine.mx\/wp-content\/uploads\/2025\/05\/f20654_2-scaled.jpg?resize=200%2C300&amp;ssl=1 200w, https:\/\/i0.wp.com\/zeromagazine.mx\/wp-content\/uploads\/2025\/05\/f20654_2-scaled.jpg?resize=768%2C1152&amp;ssl=1 768w, https:\/\/i0.wp.com\/zeromagazine.mx\/wp-content\/uploads\/2025\/05\/f20654_2-scaled.jpg?resize=1024%2C1536&amp;ssl=1 1024w, https:\/\/i0.wp.com\/zeromagazine.mx\/wp-content\/uploads\/2025\/05\/f20654_2-scaled.jpg?resize=1365%2C2048&amp;ssl=1 1365w, https:\/\/i0.wp.com\/zeromagazine.mx\/wp-content\/uploads\/2025\/05\/f20654_2-scaled.jpg?w=1707&amp;ssl=1 1707w\" sizes=\"(max-width: 683px) 100vw, 683px\" \/><\/figure>\n<\/figure>\n\n\n\n<h3 class=\"wp-block-heading\">Son bellos y funcionales<\/h3>\n\n\n\n<p>Entonces, vamos por partes: hay modelos para todxs. <\/p>\n\n\n\n<ul class=\"wp-block-list\">\n<li>Para ellos, piezas como el <strong>F20656<\/strong> de acero inoxidable o el <strong>F20660<\/strong> con correa de cuero que te hacen sentir CEO aunque solo vayas por el pan<\/li>\n\n\n\n<li>Para ellas, el glow se nota con el <strong>F20654<\/strong> y el <strong>F20655<\/strong>, que traen esfera de n\u00e1car y detalles en circonita que brillan como tu ex no lo hizo. <\/li>\n\n\n\n<li>Y si buscas algo unisex y discreto, est\u00e1n los modelos de 35mm como el <strong>F20658<\/strong> y el <strong>F20659<\/strong>, ideales para dar un toque de elegancia sin esfuerzo.<\/li>\n<\/ul>\n\n\n\n<script async src=\"https:\/\/pagead2.googlesyndication.com\/pagead\/js\/adsbygoogle.js?client=ca-pub-5499304793904745\"\n     crossorigin=\"anonymous\"><\/script>\n<ins class=\"adsbygoogle\"\n     style=\"display:block; text-align:center;\"\n     data-ad-layout=\"in-article\"\n     data-ad-format=\"fluid\"\n     data-ad-client=\"ca-pub-5499304793904745\"\n     data-ad-slot=\"5994863093\"><\/ins>\n<script>\n     (adsbygoogle = window.adsbygoogle || []).push({});\n<\/script>\n\n\n\n<h3 class=\"wp-block-heading\">Es sostenibilidad real<\/h3>\n\n\n\n<p>Igualmente, lo m\u00e1s cool es que esta colecci\u00f3n <strong>elimina la necesidad de cambiar bater\u00edas<\/strong>, lo cual reduce desechos y ayuda al medio ambiente. O sea, te ves chic y de paso salvas el planeta (bueno, al menos un poquito).Adem\u00e1s, todos est\u00e1n hechos con <strong>acero inoxidable 316L y cristal mineral<\/strong>, materiales duraderos que aguantan el ritmo de nuestra vida multitask.<\/p>\n\n\n\n<figure class=\"wp-block-gallery has-nested-images columns-default is-cropped wp-block-gallery-2 is-layout-flex wp-block-gallery-is-layout-flex\">\n<figure class=\"wp-block-image size-large\"><img data-recalc-dims=\"1\" decoding=\"async\" width=\"825\" height=\"1024\" data-id=\"104983\" src=\"https:\/\/i0.wp.com\/zeromagazine.mx\/wp-content\/uploads\/2025\/05\/f20656_2-825x1024.jpg?resize=825%2C1024&#038;ssl=1\" alt=\"\" class=\"wp-image-104983\" srcset=\"https:\/\/i0.wp.com\/zeromagazine.mx\/wp-content\/uploads\/2025\/05\/f20656_2.jpg?resize=825%2C1024&amp;ssl=1 825w, https:\/\/i0.wp.com\/zeromagazine.mx\/wp-content\/uploads\/2025\/05\/f20656_2.jpg?resize=242%2C300&amp;ssl=1 242w, https:\/\/i0.wp.com\/zeromagazine.mx\/wp-content\/uploads\/2025\/05\/f20656_2.jpg?resize=768%2C953&amp;ssl=1 768w, https:\/\/i0.wp.com\/zeromagazine.mx\/wp-content\/uploads\/2025\/05\/f20656_2.jpg?w=967&amp;ssl=1 967w\" sizes=\"(max-width: 825px) 100vw, 825px\" \/><\/figure>\n\n\n\n<figure class=\"wp-block-image size-large\"><img data-recalc-dims=\"1\" decoding=\"async\" width=\"1024\" height=\"1024\" data-id=\"104982\" src=\"https:\/\/i0.wp.com\/zeromagazine.mx\/wp-content\/uploads\/2025\/05\/f20657_2-1024x1024.jpg?resize=1024%2C1024&#038;ssl=1\" alt=\"\" class=\"wp-image-104982\" srcset=\"https:\/\/i0.wp.com\/zeromagazine.mx\/wp-content\/uploads\/2025\/05\/f20657_2.jpg?resize=1024%2C1024&amp;ssl=1 1024w, https:\/\/i0.wp.com\/zeromagazine.mx\/wp-content\/uploads\/2025\/05\/f20657_2.jpg?resize=300%2C300&amp;ssl=1 300w, https:\/\/i0.wp.com\/zeromagazine.mx\/wp-content\/uploads\/2025\/05\/f20657_2.jpg?resize=150%2C150&amp;ssl=1 150w, https:\/\/i0.wp.com\/zeromagazine.mx\/wp-content\/uploads\/2025\/05\/f20657_2.jpg?resize=768%2C768&amp;ssl=1 768w, https:\/\/i0.wp.com\/zeromagazine.mx\/wp-content\/uploads\/2025\/05\/f20657_2.jpg?w=1200&amp;ssl=1 1200w\" sizes=\"(max-width: 1024px) 100vw, 1024px\" \/><\/figure>\n<\/figure>\n\n\n\n<h3 class=\"wp-block-heading\">Festina &amp; el futuro solar<\/h3>\n\n\n\n<p>Por lo tanto, si est\u00e1s buscando renovar tu look con algo m\u00e1s que moda r\u00e1pida, este es el momento. <strong>Festina Solar Energy<\/strong> te da un accesorio que combina dise\u00f1o, innovaci\u00f3n y conciencia ecol\u00f3gica. Porque s\u00ed, ya es hora de tener un reloj que no solo se vea bien, sino que tambi\u00e9n piense en el ma\u00f1ana. As\u00ed que si quieres darte un capricho con prop\u00f3sito,  entra a <a href=\"https:\/\/festinagroup.mx\/\">Festina<\/a>, compra tu reloj  y s\u00famate al lado solar del fashion.<\/p>\n\n\n\n<script async src=\"https:\/\/pagead2.googlesyndication.com\/pagead\/js\/adsbygoogle.js?client=ca-pub-5499304793904745\"\n     crossorigin=\"anonymous\"><\/script>\n<ins class=\"adsbygoogle\"\n     style=\"display:block; text-align:center;\"\n     data-ad-layout=\"in-article\"\n     data-ad-format=\"fluid\"\n     data-ad-client=\"ca-pub-5499304793904745\"\n     data-ad-slot=\"5994863093\"><\/ins>\n<script>\n     (adsbygoogle = window.adsbygoogle || []).push({});\n<\/script>\n\n<!--themify_builder_content-->\n<div id=\"themify_builder_content-104981\" data-postid=\"104981\" class=\"themify_builder_content themify_builder_content-104981 themify_builder tf_clear\">\n    <\/div>\n<!--\/themify_builder_content-->","protected":false},"excerpt":{"rendered":"<p>Amix, si t\u00fa tambi\u00e9n crees que el estilo y la sostenibilidad no tienen que pelearse, prep\u00e1rate porque la marca Festina acaba de lanzar su nueva colecci\u00f3n Solar Energy y ee un lujo que se recarga. Pues estos relojes se alimentan de luz natural y artificial, y se olvidan del cl\u00e1sico \u201cya se le acab\u00f3 la [&hellip;]<\/p>\n","protected":false},"author":4,"featured_media":104986,"comment_status":"open","ping_status":"open","sticky":false,"template":"","format":"standard","meta":{"_jetpack_memberships_contains_paid_content":false,"footnotes":"","jetpack_publicize_message":"","jetpack_publicize_feature_enabled":true,"jetpack_social_post_already_shared":true,"jetpack_social_options":{"image_generator_settings":{"template":"highway","default_image_id":0,"font":"","enabled":false},"version":2}},"categories":[67],"tags":[1997,13859,12826,7684,13858],"class_list":["post-104981","post","type-post","status-publish","format-standard","has-post-thumbnail","hentry","category-moda","tag-accesorios","tag-festina","tag-moda-sustentable","tag-reloj","tag-solar-energy","has-post-title","has-post-date","has-post-category","has-post-tag","has-post-comment","has-post-author",""],"yoast_head":"<!-- This site is optimized with the Yoast SEO plugin v27.5 - https:\/\/yoast.com\/product\/yoast-seo-wordpress\/ -->\n<title>Solar Energy: EL Lujo Recargable de Festina - Zero Magazine<\/title>\n<meta name=\"description\" content=\"Festina se pone a la vanguardia con el nuevo lanzamiento de su colecci\u00f3n Solar Energy, un reloj de lujo que se recarga con energ\u00eda solar\" \/>\n<meta name=\"robots\" content=\"index, follow, max-snippet:-1, max-image-preview:large, max-video-preview:-1\" \/>\n<link rel=\"canonical\" href=\"https:\/\/zeromagazine.mx\/index.php\/2025\/05\/22\/solar-energy-el-lujo-recargable-de-festina\/\" \/>\n<meta property=\"og:locale\" content=\"es_ES\" \/>\n<meta property=\"og:type\" content=\"article\" \/>\n<meta property=\"og:title\" content=\"Solar Energy: EL Lujo Recargable de Festina - Zero Magazine\" \/>\n<meta property=\"og:description\" content=\"Festina se pone a la vanguardia con el nuevo lanzamiento de su colecci\u00f3n Solar Energy, un reloj de lujo que se recarga con energ\u00eda solar\" \/>\n<meta property=\"og:url\" content=\"https:\/\/zeromagazine.mx\/index.php\/2025\/05\/22\/solar-energy-el-lujo-recargable-de-festina\/\" \/>\n<meta property=\"og:site_name\" content=\"Zero Magazine\" \/>\n<meta property=\"article:published_time\" content=\"2025-05-22T22:02:40+00:00\" \/>\n<meta property=\"article:modified_time\" content=\"2025-05-22T22:02:42+00:00\" \/>\n<meta property=\"og:image\" content=\"http:\/\/zeromagazine.mx\/wp-content\/uploads\/2025\/05\/f20656_2_2-scaled.jpg\" \/>\n\t<meta property=\"og:image:width\" content=\"2560\" \/>\n\t<meta property=\"og:image:height\" content=\"1707\" \/>\n\t<meta property=\"og:image:type\" content=\"image\/jpeg\" \/>\n<meta name=\"author\" content=\"David Morales\" \/>\n<meta name=\"twitter:card\" content=\"summary_large_image\" \/>\n<meta name=\"twitter:label1\" content=\"Escrito por\" \/>\n\t<meta name=\"twitter:data1\" content=\"David Morales\" \/>\n\t<meta name=\"twitter:label2\" content=\"Tiempo de lectura\" \/>\n\t<meta name=\"twitter:data2\" content=\"3 minutos\" \/>\n<script type=\"application\/ld+json\" class=\"yoast-schema-graph\">{\"@context\":\"https:\\\/\\\/schema.org\",\"@graph\":[{\"@type\":\"Article\",\"@id\":\"https:\\\/\\\/zeromagazine.mx\\\/index.php\\\/2025\\\/05\\\/22\\\/solar-energy-el-lujo-recargable-de-festina\\\/#article\",\"isPartOf\":{\"@id\":\"https:\\\/\\\/zeromagazine.mx\\\/index.php\\\/2025\\\/05\\\/22\\\/solar-energy-el-lujo-recargable-de-festina\\\/\"},\"author\":{\"name\":\"David Morales\",\"@id\":\"https:\\\/\\\/zeromagazine.mx\\\/#\\\/schema\\\/person\\\/9f7f1a17c60ba8e9980e3e6677aabe5a\"},\"headline\":\"Solar Energy: EL Lujo Recargable de Festina\",\"datePublished\":\"2025-05-22T22:02:40+00:00\",\"dateModified\":\"2025-05-22T22:02:42+00:00\",\"mainEntityOfPage\":{\"@id\":\"https:\\\/\\\/zeromagazine.mx\\\/index.php\\\/2025\\\/05\\\/22\\\/solar-energy-el-lujo-recargable-de-festina\\\/\"},\"wordCount\":406,\"commentCount\":0,\"publisher\":{\"@id\":\"https:\\\/\\\/zeromagazine.mx\\\/#organization\"},\"image\":{\"@id\":\"https:\\\/\\\/zeromagazine.mx\\\/index.php\\\/2025\\\/05\\\/22\\\/solar-energy-el-lujo-recargable-de-festina\\\/#primaryimage\"},\"thumbnailUrl\":\"https:\\\/\\\/i0.wp.com\\\/zeromagazine.mx\\\/wp-content\\\/uploads\\\/2025\\\/05\\\/f20656_2_2-scaled.jpg?fit=2560%2C1707&ssl=1\",\"keywords\":[\"Accesorios\",\"Festina\",\"Moda sustentable\",\"Reloj\",\"Solar Energy\"],\"articleSection\":[\"Moda\"],\"inLanguage\":\"es\",\"potentialAction\":[{\"@type\":\"CommentAction\",\"name\":\"Comment\",\"target\":[\"https:\\\/\\\/zeromagazine.mx\\\/index.php\\\/2025\\\/05\\\/22\\\/solar-energy-el-lujo-recargable-de-festina\\\/#respond\"]}]},{\"@type\":\"WebPage\",\"@id\":\"https:\\\/\\\/zeromagazine.mx\\\/index.php\\\/2025\\\/05\\\/22\\\/solar-energy-el-lujo-recargable-de-festina\\\/\",\"url\":\"https:\\\/\\\/zeromagazine.mx\\\/index.php\\\/2025\\\/05\\\/22\\\/solar-energy-el-lujo-recargable-de-festina\\\/\",\"name\":\"Solar Energy: EL Lujo Recargable de Festina - Zero Magazine\",\"isPartOf\":{\"@id\":\"https:\\\/\\\/zeromagazine.mx\\\/#website\"},\"primaryImageOfPage\":{\"@id\":\"https:\\\/\\\/zeromagazine.mx\\\/index.php\\\/2025\\\/05\\\/22\\\/solar-energy-el-lujo-recargable-de-festina\\\/#primaryimage\"},\"image\":{\"@id\":\"https:\\\/\\\/zeromagazine.mx\\\/index.php\\\/2025\\\/05\\\/22\\\/solar-energy-el-lujo-recargable-de-festina\\\/#primaryimage\"},\"thumbnailUrl\":\"https:\\\/\\\/i0.wp.com\\\/zeromagazine.mx\\\/wp-content\\\/uploads\\\/2025\\\/05\\\/f20656_2_2-scaled.jpg?fit=2560%2C1707&ssl=1\",\"datePublished\":\"2025-05-22T22:02:40+00:00\",\"dateModified\":\"2025-05-22T22:02:42+00:00\",\"description\":\"Festina se pone a la vanguardia con el nuevo lanzamiento de su colecci\u00f3n Solar Energy, un reloj de lujo que se recarga con energ\u00eda solar\",\"breadcrumb\":{\"@id\":\"https:\\\/\\\/zeromagazine.mx\\\/index.php\\\/2025\\\/05\\\/22\\\/solar-energy-el-lujo-recargable-de-festina\\\/#breadcrumb\"},\"inLanguage\":\"es\",\"potentialAction\":[{\"@type\":\"ReadAction\",\"target\":[\"https:\\\/\\\/zeromagazine.mx\\\/index.php\\\/2025\\\/05\\\/22\\\/solar-energy-el-lujo-recargable-de-festina\\\/\"]}]},{\"@type\":\"ImageObject\",\"inLanguage\":\"es\",\"@id\":\"https:\\\/\\\/zeromagazine.mx\\\/index.php\\\/2025\\\/05\\\/22\\\/solar-energy-el-lujo-recargable-de-festina\\\/#primaryimage\",\"url\":\"https:\\\/\\\/i0.wp.com\\\/zeromagazine.mx\\\/wp-content\\\/uploads\\\/2025\\\/05\\\/f20656_2_2-scaled.jpg?fit=2560%2C1707&ssl=1\",\"contentUrl\":\"https:\\\/\\\/i0.wp.com\\\/zeromagazine.mx\\\/wp-content\\\/uploads\\\/2025\\\/05\\\/f20656_2_2-scaled.jpg?fit=2560%2C1707&ssl=1\",\"width\":2560,\"height\":1707},{\"@type\":\"BreadcrumbList\",\"@id\":\"https:\\\/\\\/zeromagazine.mx\\\/index.php\\\/2025\\\/05\\\/22\\\/solar-energy-el-lujo-recargable-de-festina\\\/#breadcrumb\",\"itemListElement\":[{\"@type\":\"ListItem\",\"position\":1,\"name\":\"Portada\",\"item\":\"https:\\\/\\\/zeromagazine.mx\\\/\"},{\"@type\":\"ListItem\",\"position\":2,\"name\":\"Solar Energy: EL Lujo Recargable de Festina\"}]},{\"@type\":\"WebSite\",\"@id\":\"https:\\\/\\\/zeromagazine.mx\\\/#website\",\"url\":\"https:\\\/\\\/zeromagazine.mx\\\/\",\"name\":\"Zero Magazine\",\"description\":\"\",\"publisher\":{\"@id\":\"https:\\\/\\\/zeromagazine.mx\\\/#organization\"},\"potentialAction\":[{\"@type\":\"SearchAction\",\"target\":{\"@type\":\"EntryPoint\",\"urlTemplate\":\"https:\\\/\\\/zeromagazine.mx\\\/?s={search_term_string}\"},\"query-input\":{\"@type\":\"PropertyValueSpecification\",\"valueRequired\":true,\"valueName\":\"search_term_string\"}}],\"inLanguage\":\"es\"},{\"@type\":\"Organization\",\"@id\":\"https:\\\/\\\/zeromagazine.mx\\\/#organization\",\"name\":\"Zero Magazine\",\"url\":\"https:\\\/\\\/zeromagazine.mx\\\/\",\"logo\":{\"@type\":\"ImageObject\",\"inLanguage\":\"es\",\"@id\":\"https:\\\/\\\/zeromagazine.mx\\\/#\\\/schema\\\/logo\\\/image\\\/\",\"url\":\"https:\\\/\\\/i0.wp.com\\\/zeromagazine.mx\\\/wp-content\\\/uploads\\\/2025\\\/11\\\/1.jpeg?fit=1000%2C1000&ssl=1\",\"contentUrl\":\"https:\\\/\\\/i0.wp.com\\\/zeromagazine.mx\\\/wp-content\\\/uploads\\\/2025\\\/11\\\/1.jpeg?fit=1000%2C1000&ssl=1\",\"width\":1000,\"height\":1000,\"caption\":\"Zero Magazine\"},\"image\":{\"@id\":\"https:\\\/\\\/zeromagazine.mx\\\/#\\\/schema\\\/logo\\\/image\\\/\"},\"sameAs\":[\"https:\\\/\\\/instagram.com\\\/zeromagazinemx\"]},{\"@type\":\"Person\",\"@id\":\"https:\\\/\\\/zeromagazine.mx\\\/#\\\/schema\\\/person\\\/9f7f1a17c60ba8e9980e3e6677aabe5a\",\"name\":\"David Morales\",\"image\":{\"@type\":\"ImageObject\",\"inLanguage\":\"es\",\"@id\":\"https:\\\/\\\/zeromagazine.mx\\\/wp-content\\\/litespeed\\\/avatar\\\/76069d2136bfc1c37dc34815bb67ca42.jpg?ver=1777571067\",\"url\":\"https:\\\/\\\/zeromagazine.mx\\\/wp-content\\\/litespeed\\\/avatar\\\/76069d2136bfc1c37dc34815bb67ca42.jpg?ver=1777571067\",\"contentUrl\":\"https:\\\/\\\/zeromagazine.mx\\\/wp-content\\\/litespeed\\\/avatar\\\/76069d2136bfc1c37dc34815bb67ca42.jpg?ver=1777571067\",\"caption\":\"David Morales\"},\"url\":\"https:\\\/\\\/zeromagazine.mx\\\/index.php\\\/author\\\/david\\\/\"}]}<\/script>\n<!-- \/ Yoast SEO plugin. -->","yoast_head_json":{"title":"Solar Energy: EL Lujo Recargable de Festina - Zero Magazine","description":"Festina se pone a la vanguardia con el nuevo lanzamiento de su colecci\u00f3n Solar Energy, un reloj de lujo que se recarga con energ\u00eda solar","robots":{"index":"index","follow":"follow","max-snippet":"max-snippet:-1","max-image-preview":"max-image-preview:large","max-video-preview":"max-video-preview:-1"},"canonical":"https:\/\/zeromagazine.mx\/index.php\/2025\/05\/22\/solar-energy-el-lujo-recargable-de-festina\/","og_locale":"es_ES","og_type":"article","og_title":"Solar Energy: EL Lujo Recargable de Festina - Zero Magazine","og_description":"Festina se pone a la vanguardia con el nuevo lanzamiento de su colecci\u00f3n Solar Energy, un reloj de lujo que se recarga con energ\u00eda solar","og_url":"https:\/\/zeromagazine.mx\/index.php\/2025\/05\/22\/solar-energy-el-lujo-recargable-de-festina\/","og_site_name":"Zero Magazine","article_published_time":"2025-05-22T22:02:40+00:00","article_modified_time":"2025-05-22T22:02:42+00:00","og_image":[{"width":2560,"height":1707,"url":"http:\/\/zeromagazine.mx\/wp-content\/uploads\/2025\/05\/f20656_2_2-scaled.jpg","type":"image\/jpeg"}],"author":"David Morales","twitter_card":"summary_large_image","twitter_misc":{"Escrito por":"David Morales","Tiempo de lectura":"3 minutos"},"schema":{"@context":"https:\/\/schema.org","@graph":[{"@type":"Article","@id":"https:\/\/zeromagazine.mx\/index.php\/2025\/05\/22\/solar-energy-el-lujo-recargable-de-festina\/#article","isPartOf":{"@id":"https:\/\/zeromagazine.mx\/index.php\/2025\/05\/22\/solar-energy-el-lujo-recargable-de-festina\/"},"author":{"name":"David Morales","@id":"https:\/\/zeromagazine.mx\/#\/schema\/person\/9f7f1a17c60ba8e9980e3e6677aabe5a"},"headline":"Solar Energy: EL Lujo Recargable de Festina","datePublished":"2025-05-22T22:02:40+00:00","dateModified":"2025-05-22T22:02:42+00:00","mainEntityOfPage":{"@id":"https:\/\/zeromagazine.mx\/index.php\/2025\/05\/22\/solar-energy-el-lujo-recargable-de-festina\/"},"wordCount":406,"commentCount":0,"publisher":{"@id":"https:\/\/zeromagazine.mx\/#organization"},"image":{"@id":"https:\/\/zeromagazine.mx\/index.php\/2025\/05\/22\/solar-energy-el-lujo-recargable-de-festina\/#primaryimage"},"thumbnailUrl":"https:\/\/i0.wp.com\/zeromagazine.mx\/wp-content\/uploads\/2025\/05\/f20656_2_2-scaled.jpg?fit=2560%2C1707&ssl=1","keywords":["Accesorios","Festina","Moda sustentable","Reloj","Solar Energy"],"articleSection":["Moda"],"inLanguage":"es","potentialAction":[{"@type":"CommentAction","name":"Comment","target":["https:\/\/zeromagazine.mx\/index.php\/2025\/05\/22\/solar-energy-el-lujo-recargable-de-festina\/#respond"]}]},{"@type":"WebPage","@id":"https:\/\/zeromagazine.mx\/index.php\/2025\/05\/22\/solar-energy-el-lujo-recargable-de-festina\/","url":"https:\/\/zeromagazine.mx\/index.php\/2025\/05\/22\/solar-energy-el-lujo-recargable-de-festina\/","name":"Solar Energy: EL Lujo Recargable de Festina - Zero Magazine","isPartOf":{"@id":"https:\/\/zeromagazine.mx\/#website"},"primaryImageOfPage":{"@id":"https:\/\/zeromagazine.mx\/index.php\/2025\/05\/22\/solar-energy-el-lujo-recargable-de-festina\/#primaryimage"},"image":{"@id":"https:\/\/zeromagazine.mx\/index.php\/2025\/05\/22\/solar-energy-el-lujo-recargable-de-festina\/#primaryimage"},"thumbnailUrl":"https:\/\/i0.wp.com\/zeromagazine.mx\/wp-content\/uploads\/2025\/05\/f20656_2_2-scaled.jpg?fit=2560%2C1707&ssl=1","datePublished":"2025-05-22T22:02:40+00:00","dateModified":"2025-05-22T22:02:42+00:00","description":"Festina se pone a la vanguardia con el nuevo lanzamiento de su colecci\u00f3n Solar Energy, un reloj de lujo que se recarga con energ\u00eda solar","breadcrumb":{"@id":"https:\/\/zeromagazine.mx\/index.php\/2025\/05\/22\/solar-energy-el-lujo-recargable-de-festina\/#breadcrumb"},"inLanguage":"es","potentialAction":[{"@type":"ReadAction","target":["https:\/\/zeromagazine.mx\/index.php\/2025\/05\/22\/solar-energy-el-lujo-recargable-de-festina\/"]}]},{"@type":"ImageObject","inLanguage":"es","@id":"https:\/\/zeromagazine.mx\/index.php\/2025\/05\/22\/solar-energy-el-lujo-recargable-de-festina\/#primaryimage","url":"https:\/\/i0.wp.com\/zeromagazine.mx\/wp-content\/uploads\/2025\/05\/f20656_2_2-scaled.jpg?fit=2560%2C1707&ssl=1","contentUrl":"https:\/\/i0.wp.com\/zeromagazine.mx\/wp-content\/uploads\/2025\/05\/f20656_2_2-scaled.jpg?fit=2560%2C1707&ssl=1","width":2560,"height":1707},{"@type":"BreadcrumbList","@id":"https:\/\/zeromagazine.mx\/index.php\/2025\/05\/22\/solar-energy-el-lujo-recargable-de-festina\/#breadcrumb","itemListElement":[{"@type":"ListItem","position":1,"name":"Portada","item":"https:\/\/zeromagazine.mx\/"},{"@type":"ListItem","position":2,"name":"Solar Energy: EL Lujo Recargable de Festina"}]},{"@type":"WebSite","@id":"https:\/\/zeromagazine.mx\/#website","url":"https:\/\/zeromagazine.mx\/","name":"Zero Magazine","description":"","publisher":{"@id":"https:\/\/zeromagazine.mx\/#organization"},"potentialAction":[{"@type":"SearchAction","target":{"@type":"EntryPoint","urlTemplate":"https:\/\/zeromagazine.mx\/?s={search_term_string}"},"query-input":{"@type":"PropertyValueSpecification","valueRequired":true,"valueName":"search_term_string"}}],"inLanguage":"es"},{"@type":"Organization","@id":"https:\/\/zeromagazine.mx\/#organization","name":"Zero Magazine","url":"https:\/\/zeromagazine.mx\/","logo":{"@type":"ImageObject","inLanguage":"es","@id":"https:\/\/zeromagazine.mx\/#\/schema\/logo\/image\/","url":"https:\/\/i0.wp.com\/zeromagazine.mx\/wp-content\/uploads\/2025\/11\/1.jpeg?fit=1000%2C1000&ssl=1","contentUrl":"https:\/\/i0.wp.com\/zeromagazine.mx\/wp-content\/uploads\/2025\/11\/1.jpeg?fit=1000%2C1000&ssl=1","width":1000,"height":1000,"caption":"Zero Magazine"},"image":{"@id":"https:\/\/zeromagazine.mx\/#\/schema\/logo\/image\/"},"sameAs":["https:\/\/instagram.com\/zeromagazinemx"]},{"@type":"Person","@id":"https:\/\/zeromagazine.mx\/#\/schema\/person\/9f7f1a17c60ba8e9980e3e6677aabe5a","name":"David Morales","image":{"@type":"ImageObject","inLanguage":"es","@id":"https:\/\/zeromagazine.mx\/wp-content\/litespeed\/avatar\/76069d2136bfc1c37dc34815bb67ca42.jpg?ver=1777571067","url":"https:\/\/zeromagazine.mx\/wp-content\/litespeed\/avatar\/76069d2136bfc1c37dc34815bb67ca42.jpg?ver=1777571067","contentUrl":"https:\/\/zeromagazine.mx\/wp-content\/litespeed\/avatar\/76069d2136bfc1c37dc34815bb67ca42.jpg?ver=1777571067","caption":"David Morales"},"url":"https:\/\/zeromagazine.mx\/index.php\/author\/david\/"}]}},"jetpack_publicize_connections":[],"jetpack_featured_media_url":"https:\/\/i0.wp.com\/zeromagazine.mx\/wp-content\/uploads\/2025\/05\/f20656_2_2-scaled.jpg?fit=2560%2C1707&ssl=1","jetpack-related-posts":[{"id":87516,"url":"https:\/\/zeromagazine.mx\/index.php\/2024\/10\/20\/festina-swiss-made\/","url_meta":{"origin":104981,"position":0},"title":"Swiss Made: Elegancia y Precisi\u00f3n con Festina","author":"David Morales","date":"20 de octubre de 2024","format":false,"excerpt":"Amix, si hay algo que nunca pasa de moda es un buen reloj. Y cuando hablamos de alta relojer\u00eda, hay un pa\u00eds que se lleva la corona: Suiza. Los relojes fabricados all\u00e1 son sin\u00f3nimo de elegancia, lujo y una calidad que, neta, no tiene competencia. Bajo esta idea, Festina, la\u2026","rel":"","context":"En \u00abModa\u00bb","block_context":{"text":"Moda","link":"https:\/\/zeromagazine.mx\/index.php\/category\/moda\/"},"img":{"alt_text":"","src":"https:\/\/i0.wp.com\/zeromagazine.mx\/wp-content\/uploads\/2024\/10\/IMG_1965-1.png?fit=1200%2C449&ssl=1&resize=350%2C200","width":350,"height":200,"srcset":"https:\/\/i0.wp.com\/zeromagazine.mx\/wp-content\/uploads\/2024\/10\/IMG_1965-1.png?fit=1200%2C449&ssl=1&resize=350%2C200 1x, https:\/\/i0.wp.com\/zeromagazine.mx\/wp-content\/uploads\/2024\/10\/IMG_1965-1.png?fit=1200%2C449&ssl=1&resize=525%2C300 1.5x, https:\/\/i0.wp.com\/zeromagazine.mx\/wp-content\/uploads\/2024\/10\/IMG_1965-1.png?fit=1200%2C449&ssl=1&resize=700%2C400 2x, https:\/\/i0.wp.com\/zeromagazine.mx\/wp-content\/uploads\/2024\/10\/IMG_1965-1.png?fit=1200%2C449&ssl=1&resize=1050%2C600 3x"},"classes":[]},{"id":84426,"url":"https:\/\/zeromagazine.mx\/index.php\/2024\/09\/23\/tissot-relojes-para-tu-vibe\/","url_meta":{"origin":104981,"position":1},"title":"\u00abTissot: Relojes para tu Vibe\u00bb","author":"zeromagazinemx","date":"23 de septiembre de 2024","format":false,"excerpt":"\u00a1Hola a tod@s! Si pensabas que los relojes eran solo para saber la hora, pi\u00e9nsalo de nuevo. En 2024, Tissot ha lanzado una l\u00ednea de relojes que no solo son super cool, sino que tambi\u00e9n reflejan tu personalidad y tu estilo. As\u00ed que, si buscas algo que combine con tu\u2026","rel":"","context":"En \u00abModa\u00bb","block_context":{"text":"Moda","link":"https:\/\/zeromagazine.mx\/index.php\/category\/moda\/"},"img":{"alt_text":"","src":"https:\/\/i0.wp.com\/zeromagazine.mx\/wp-content\/uploads\/2024\/09\/Tis-Adv-Seastar40AutoSeastar_Ambiance_Duo-scaled.jpg?fit=1198%2C1200&ssl=1&resize=350%2C200","width":350,"height":200,"srcset":"https:\/\/i0.wp.com\/zeromagazine.mx\/wp-content\/uploads\/2024\/09\/Tis-Adv-Seastar40AutoSeastar_Ambiance_Duo-scaled.jpg?fit=1198%2C1200&ssl=1&resize=350%2C200 1x, https:\/\/i0.wp.com\/zeromagazine.mx\/wp-content\/uploads\/2024\/09\/Tis-Adv-Seastar40AutoSeastar_Ambiance_Duo-scaled.jpg?fit=1198%2C1200&ssl=1&resize=525%2C300 1.5x, https:\/\/i0.wp.com\/zeromagazine.mx\/wp-content\/uploads\/2024\/09\/Tis-Adv-Seastar40AutoSeastar_Ambiance_Duo-scaled.jpg?fit=1198%2C1200&ssl=1&resize=700%2C400 2x, https:\/\/i0.wp.com\/zeromagazine.mx\/wp-content\/uploads\/2024\/09\/Tis-Adv-Seastar40AutoSeastar_Ambiance_Duo-scaled.jpg?fit=1198%2C1200&ssl=1&resize=1050%2C600 3x"},"classes":[]},{"id":88592,"url":"https:\/\/zeromagazine.mx\/index.php\/2024\/10\/28\/joyas-para-momentos-especiales\/","url_meta":{"origin":104981,"position":2},"title":"\u00abJoyas para Momentos Especiales\u00bb","author":"zeromagazinemx","date":"28 de octubre de 2024","format":false,"excerpt":"\u00bfAlguna vez has so\u00f1ado con llevar una joya que no solo sea hermosa, sino que tambi\u00e9n cuente una historia? Pues d\u00e9jame decirte que Van Cleef & Arpels ha logrado eso y mucho m\u00e1s con su \u00faltima colecci\u00f3n. Desde piezas que evocan la belleza de la naturaleza hasta joyas que traen\u2026","rel":"","context":"En \u00abModa\u00bb","block_context":{"text":"Moda","link":"https:\/\/zeromagazine.mx\/index.php\/category\/moda\/"},"img":{"alt_text":"","src":"https:\/\/i0.wp.com\/zeromagazine.mx\/wp-content\/uploads\/2024\/10\/PERLEE_CORPORATE_2024_WORN_05_1920x1080_300_SRGB-scaled.jpg?fit=1200%2C675&ssl=1&resize=350%2C200","width":350,"height":200,"srcset":"https:\/\/i0.wp.com\/zeromagazine.mx\/wp-content\/uploads\/2024\/10\/PERLEE_CORPORATE_2024_WORN_05_1920x1080_300_SRGB-scaled.jpg?fit=1200%2C675&ssl=1&resize=350%2C200 1x, https:\/\/i0.wp.com\/zeromagazine.mx\/wp-content\/uploads\/2024\/10\/PERLEE_CORPORATE_2024_WORN_05_1920x1080_300_SRGB-scaled.jpg?fit=1200%2C675&ssl=1&resize=525%2C300 1.5x, https:\/\/i0.wp.com\/zeromagazine.mx\/wp-content\/uploads\/2024\/10\/PERLEE_CORPORATE_2024_WORN_05_1920x1080_300_SRGB-scaled.jpg?fit=1200%2C675&ssl=1&resize=700%2C400 2x, https:\/\/i0.wp.com\/zeromagazine.mx\/wp-content\/uploads\/2024\/10\/PERLEE_CORPORATE_2024_WORN_05_1920x1080_300_SRGB-scaled.jpg?fit=1200%2C675&ssl=1&resize=1050%2C600 3x"},"classes":[]},{"id":83150,"url":"https:\/\/zeromagazine.mx\/index.php\/2024\/09\/04\/tissot-t-touch-rinde-y-brilla\/","url_meta":{"origin":104981,"position":3},"title":"\u00abTissot T-Touch: \u00a1Rinde y Brilla!\u00bb","author":"zeromagazinemx","date":"4 de septiembre de 2024","format":false,"excerpt":"\u00bfListos para un update en el mundo de los smartwatches? Porque Tissot acaba de lanzar su nuevo\u00a0T-Touch Connect Sport\u00a0y, let me tell you, es todo un game changer. Este reloj no solo es un gadget s\u00faper cool, sino que tambi\u00e9n est\u00e1 dise\u00f1ado para los que viven la vida al m\u00e1ximo\u2026","rel":"","context":"En \u00abModa\u00bb","block_context":{"text":"Moda","link":"https:\/\/zeromagazine.mx\/index.php\/category\/moda\/"},"img":{"alt_text":"","src":"https:\/\/i0.wp.com\/zeromagazine.mx\/wp-content\/uploads\/2024\/09\/DSC1779-scaled.jpg?fit=1200%2C800&ssl=1&resize=350%2C200","width":350,"height":200,"srcset":"https:\/\/i0.wp.com\/zeromagazine.mx\/wp-content\/uploads\/2024\/09\/DSC1779-scaled.jpg?fit=1200%2C800&ssl=1&resize=350%2C200 1x, https:\/\/i0.wp.com\/zeromagazine.mx\/wp-content\/uploads\/2024\/09\/DSC1779-scaled.jpg?fit=1200%2C800&ssl=1&resize=525%2C300 1.5x, https:\/\/i0.wp.com\/zeromagazine.mx\/wp-content\/uploads\/2024\/09\/DSC1779-scaled.jpg?fit=1200%2C800&ssl=1&resize=700%2C400 2x, https:\/\/i0.wp.com\/zeromagazine.mx\/wp-content\/uploads\/2024\/09\/DSC1779-scaled.jpg?fit=1200%2C800&ssl=1&resize=1050%2C600 3x"},"classes":[]},{"id":88736,"url":"https:\/\/zeromagazine.mx\/index.php\/2024\/10\/29\/relojes-breitling-regalos-que-impresionan\/","url_meta":{"origin":104981,"position":4},"title":"\u00abRelojes Breitling: Regalos que Impresionan\u00bb","author":"zeromagazinemx","date":"29 de octubre de 2024","format":false,"excerpt":"Hey, fam! \u00bfListos para hablar de algo que no solo es trendy, sino que tambi\u00e9n es un statement? \u00a1S\u00ed, estamos hablando de relojes! Esta temporada, Breitling se lanza con unos modelos que son m\u00e1s que accesorios: son verdaderas obras de arte que le van a dar un upgrade a tu\u2026","rel":"","context":"En \u00abModa\u00bb","block_context":{"text":"Moda","link":"https:\/\/zeromagazine.mx\/index.php\/category\/moda\/"},"img":{"alt_text":"","src":"https:\/\/i0.wp.com\/zeromagazine.mx\/wp-content\/uploads\/2024\/10\/01_Breitling-Endurance-Pro-4438_RGB-scaled.jpg?fit=1200%2C671&ssl=1&resize=350%2C200","width":350,"height":200,"srcset":"https:\/\/i0.wp.com\/zeromagazine.mx\/wp-content\/uploads\/2024\/10\/01_Breitling-Endurance-Pro-4438_RGB-scaled.jpg?fit=1200%2C671&ssl=1&resize=350%2C200 1x, https:\/\/i0.wp.com\/zeromagazine.mx\/wp-content\/uploads\/2024\/10\/01_Breitling-Endurance-Pro-4438_RGB-scaled.jpg?fit=1200%2C671&ssl=1&resize=525%2C300 1.5x, https:\/\/i0.wp.com\/zeromagazine.mx\/wp-content\/uploads\/2024\/10\/01_Breitling-Endurance-Pro-4438_RGB-scaled.jpg?fit=1200%2C671&ssl=1&resize=700%2C400 2x, https:\/\/i0.wp.com\/zeromagazine.mx\/wp-content\/uploads\/2024\/10\/01_Breitling-Endurance-Pro-4438_RGB-scaled.jpg?fit=1200%2C671&ssl=1&resize=1050%2C600 3x"},"classes":[]},{"id":110615,"url":"https:\/\/zeromagazine.mx\/index.php\/2025\/11\/15\/relojes-ferragamo-lujo-silencioso\/","url_meta":{"origin":104981,"position":5},"title":"RELOJES FERRAGAMO: Elegancia Que Habla","author":"Luis Trujano","date":"15 de noviembre de 2025","format":false,"excerpt":"El lujo del 2025 ya no grita: susurra. Y pocas marcas entienden este mood tan bien como Ferragamo, que llega este oto\u00f1o con relojes que parecen joyas y joyas que marcan el tiempo. Es el tipo de accesorio que no necesitas justificar; solo lo llevas, brilla y listo. En una\u2026","rel":"","context":"En \u00abModa\u00bb","block_context":{"text":"Moda","link":"https:\/\/zeromagazine.mx\/index.php\/category\/moda\/"},"img":{"alt_text":"","src":"https:\/\/i0.wp.com\/zeromagazine.mx\/wp-content\/uploads\/2025\/11\/IMG_5853-1.gif?fit=1200%2C500&ssl=1&resize=350%2C200","width":350,"height":200,"srcset":"https:\/\/i0.wp.com\/zeromagazine.mx\/wp-content\/uploads\/2025\/11\/IMG_5853-1.gif?fit=1200%2C500&ssl=1&resize=350%2C200 1x, https:\/\/i0.wp.com\/zeromagazine.mx\/wp-content\/uploads\/2025\/11\/IMG_5853-1.gif?fit=1200%2C500&ssl=1&resize=525%2C300 1.5x, https:\/\/i0.wp.com\/zeromagazine.mx\/wp-content\/uploads\/2025\/11\/IMG_5853-1.gif?fit=1200%2C500&ssl=1&resize=700%2C400 2x, https:\/\/i0.wp.com\/zeromagazine.mx\/wp-content\/uploads\/2025\/11\/IMG_5853-1.gif?fit=1200%2C500&ssl=1&resize=1050%2C600 3x"},"classes":[]}],"jetpack_sharing_enabled":true,"builder_content":"","_links":{"self":[{"href":"https:\/\/zeromagazine.mx\/index.php\/wp-json\/wp\/v2\/posts\/104981","targetHints":{"allow":["GET"]}}],"collection":[{"href":"https:\/\/zeromagazine.mx\/index.php\/wp-json\/wp\/v2\/posts"}],"about":[{"href":"https:\/\/zeromagazine.mx\/index.php\/wp-json\/wp\/v2\/types\/post"}],"author":[{"embeddable":true,"href":"https:\/\/zeromagazine.mx\/index.php\/wp-json\/wp\/v2\/users\/4"}],"replies":[{"embeddable":true,"href":"https:\/\/zeromagazine.mx\/index.php\/wp-json\/wp\/v2\/comments?post=104981"}],"version-history":[{"count":2,"href":"https:\/\/zeromagazine.mx\/index.php\/wp-json\/wp\/v2\/posts\/104981\/revisions"}],"predecessor-version":[{"id":104988,"href":"https:\/\/zeromagazine.mx\/index.php\/wp-json\/wp\/v2\/posts\/104981\/revisions\/104988"}],"wp:featuredmedia":[{"embeddable":true,"href":"https:\/\/zeromagazine.mx\/index.php\/wp-json\/wp\/v2\/media\/104986"}],"wp:attachment":[{"href":"https:\/\/zeromagazine.mx\/index.php\/wp-json\/wp\/v2\/media?parent=104981"}],"wp:term":[{"taxonomy":"category","embeddable":true,"href":"https:\/\/zeromagazine.mx\/index.php\/wp-json\/wp\/v2\/categories?post=104981"},{"taxonomy":"post_tag","embeddable":true,"href":"https:\/\/zeromagazine.mx\/index.php\/wp-json\/wp\/v2\/tags?post=104981"}],"curies":[{"name":"wp","href":"https:\/\/api.w.org\/{rel}","templated":true}]}}