{"id":105408,"date":"2025-06-03T12:23:43","date_gmt":"2025-06-03T18:23:43","guid":{"rendered":"https:\/\/zeromagazine.mx\/?p=105408"},"modified":"2025-06-03T12:26:40","modified_gmt":"2025-06-03T18:26:40","slug":"robert-coronel-y-su-homenaje-a-idolos-de-la-balada","status":"publish","type":"post","link":"https:\/\/zeromagazine.mx\/index.php\/2025\/06\/03\/robert-coronel-y-su-homenaje-a-idolos-de-la-balada\/","title":{"rendered":"Robert Coronel &amp; su homenaje a los \u00eddolos de la balada"},"content":{"rendered":"<p class=\"wp-block-paragraph\">Amix, cuando el talento, la emoci\u00f3n y la historia se juntan, se nota. Y eso justo es lo que est\u00e1 pasando con <strong>Robert Coronel<\/strong>, quien est\u00e1 celebrando 20 a\u00f1os de carrera art\u00edstica con su nueva gira: <strong>\u201c\u00cdDOLOS 2025\u201d<\/strong>. Este show no solo es m\u00fasica, es pura pasi\u00f3n que inspira. Y lo mejor es que viene con un tributo \u00e9pico a los grandes que marcaron su vida y la de muchxs de nosotrxs. As\u00ed que si andas buscando old music y un gran artista, pues esta noticia te va encantar.<\/p>\n\n\n\n<h3 class=\"wp-block-heading\">Una noche de leyendas<\/h3>\n\n\n\n<p class=\"wp-block-paragraph\">Para empezar, la gira arranca este <strong>4 de junio<\/strong> en el <em><strong>Antisocial Rooftop de Galer\u00edas Insurgentes (CDMX) <\/strong><\/em>y es un planazo. Coronel le canta a los \u00eddolos que lo inspiraron: <strong>Jos\u00e9 Jos\u00e9, Juan Gabriel, Miguel Bos\u00e9, LuisMi, Raphael, Frank Sinatra y m\u00e1s<\/strong>. Todo con banda en vivo y su voz de bar\u00edtono que te enchina la piel. O sea, s\u00ed vas a llorar un poquito, pero con elegancia y buen sonido.<\/p>\n\n\n\n<figure class=\"wp-block-gallery has-nested-images columns-default is-cropped wp-block-gallery-1 is-layout-flex wp-block-gallery-is-layout-flex\">\n<figure class=\"wp-block-image size-large\"><img data-recalc-dims=\"1\" decoding=\"async\" width=\"630\" height=\"810\" data-id=\"105409\" src=\"https:\/\/i0.wp.com\/zeromagazine.mx\/wp-content\/uploads\/2025\/06\/Screenshot-2025-06-03-121302.png?resize=630%2C810&#038;ssl=1\" alt=\"\" class=\"wp-image-105409\" srcset=\"https:\/\/i0.wp.com\/zeromagazine.mx\/wp-content\/uploads\/2025\/06\/Screenshot-2025-06-03-121302.png?w=630&amp;ssl=1 630w, https:\/\/i0.wp.com\/zeromagazine.mx\/wp-content\/uploads\/2025\/06\/Screenshot-2025-06-03-121302.png?resize=233%2C300&amp;ssl=1 233w\" sizes=\"(max-width: 630px) 100vw, 630px\" \/><\/figure>\n\n\n\n<figure class=\"wp-block-image size-large\"><img data-recalc-dims=\"1\" decoding=\"async\" width=\"736\" height=\"833\" data-id=\"105410\" src=\"https:\/\/i0.wp.com\/zeromagazine.mx\/wp-content\/uploads\/2025\/06\/Screenshot-2025-06-03-121233.png?resize=736%2C833&#038;ssl=1\" alt=\"\" class=\"wp-image-105410\" srcset=\"https:\/\/i0.wp.com\/zeromagazine.mx\/wp-content\/uploads\/2025\/06\/Screenshot-2025-06-03-121233.png?w=736&amp;ssl=1 736w, https:\/\/i0.wp.com\/zeromagazine.mx\/wp-content\/uploads\/2025\/06\/Screenshot-2025-06-03-121233.png?resize=265%2C300&amp;ssl=1 265w\" sizes=\"(max-width: 736px) 100vw, 736px\" \/><\/figure>\n<\/figure>\n\n\n\n<h3 class=\"wp-block-heading\">Robert Coronel &amp; su talento que conecta<\/h3>\n\n\n\n<p class=\"wp-block-paragraph\"><strong>Robert Cornone<\/strong>l no es nuevo en esto. Es cantante, actor, compositor, y ha estado en musicales como<em> \u201cMentiras\u201d <\/em>y series como \u00ab<em>Like, la leyenda<\/em>}2. Tiene dos discos y rolas como <em>\u201cMi bella doncella\u201d y \u201cToa mi alma\u201d<\/em> que han pegado fuerte. Y ojo, fue la voz principal del show mundial de <em>Juan Gabriel con OCESA y Cirque Music.<\/em> Literal, no cualquier cosa Adem\u00e1s,  lo m\u00e1s chido es que su propuesta no solo es para nost\u00e1lgicxs. Es m\u00fasica rom\u00e1ntica con esencia, con historia y con el sello de alguien que realmente siente lo que canta. Pues estilo de <em>balada pop<\/em> es elegante, cl\u00e1sico pero actual y accesible a la vez.<\/p>\n\n\n\n<h3 class=\"wp-block-heading\">Pasi\u00f3n con Robert Coronel<\/h3>\n\n\n\n<p class=\"wp-block-paragraph\">En resumen, <strong>Robert Coronel <\/strong>es pasi\u00f3n que inspira y su gira <strong>\u201c\u00cdDOLOS 2025\u201d<\/strong> es m\u00e1s que un show: es una carta de amor a la m\u00fasica que nos marc\u00f3.  Y si buscas un concierto que te deje algo en el alma, este es una graci\u00f3n opci\u00f3n.  As\u00ed que, compra tus entradas en <a class=\"\" href=\"https:\/\/www.redaccess.com\">redaccess.com<\/a> y prep\u00e1rate para cantar, vibrar y llorar bonito. Porque si hay algo que se siente bien, es rendir homenaje con el coraz\u00f3n en la mano. \ud83c\udfb6\u2764\ufe0f<\/p>\n\n\n\n<p class=\"wp-block-paragraph\">Y si quieres conocer m\u00e1s de lo \u00faltimo en m\u00fasica y entretenimiento entra a<a href=\"https:\/\/zeromagazine.mx\/\"> zeromagazine.mx<\/a> o s\u00edguenos en <a href=\"https:\/\/www.instagram.com\/zeromagazinemx\/\">@zeromagazinemx<\/a><\/p>\n\n\n\n<script async src=\"https:\/\/pagead2.googlesyndication.com\/pagead\/js\/adsbygoogle.js?client=ca-pub-5499304793904745\"\n     crossorigin=\"anonymous\"><\/script>\n<ins class=\"adsbygoogle\"\n     style=\"display:block; text-align:center;\"\n     data-ad-layout=\"in-article\"\n     data-ad-format=\"fluid\"\n     data-ad-client=\"ca-pub-5499304793904745\"\n     data-ad-slot=\"5994863093\"><\/ins>\n<script>\n     (adsbygoogle = window.adsbygoogle || []).push({});\n<\/script>\n\n<!--themify_builder_content-->\n<div id=\"themify_builder_content-105408\" data-postid=\"105408\" class=\"themify_builder_content themify_builder_content-105408 themify_builder tf_clear\">\n    <\/div>\n<!--\/themify_builder_content-->","protected":false},"excerpt":{"rendered":"<p>Amix, cuando el talento, la emoci\u00f3n y la historia se juntan, se nota. Y eso justo es lo que est\u00e1 pasando con Robert Coronel, quien est\u00e1 celebrando 20 a\u00f1os de carrera art\u00edstica con su nueva gira: \u201c\u00cdDOLOS 2025\u201d. Este show no solo es m\u00fasica, es pura pasi\u00f3n que inspira. Y lo mejor es que viene [&hellip;]<\/p>\n","protected":false},"author":4,"featured_media":105411,"comment_status":"open","ping_status":"open","sticky":false,"template":"","format":"standard","meta":{"_jetpack_newsletter_access":"","_jetpack_dont_email_post_to_subs":false,"_jetpack_newsletter_tier_id":0,"_jetpack_memberships_contains_paywalled_content":false,"_jetpack_feature_clip_id":0,"_jetpack_memberships_contains_paid_content":false,"footnotes":"","jetpack_publicize_message":"","jetpack_publicize_feature_enabled":true,"jetpack_social_post_already_shared":true,"jetpack_social_options":{"image_generator_settings":{"template":"highway","default_image_id":0,"font":"","enabled":false},"version":2},"jetpack_post_was_ever_published":false},"categories":[117],"tags":[8488,1598,13923,303,13922],"class_list":["post-105408","post","type-post","status-publish","format-standard","has-post-thumbnail","hentry","category-entretenimiento-cine-tv-teatro","tag-balada","tag-cdmx","tag-idolos-2025","tag-ocesa","tag-roberto-coronel","has-post-title","has-post-date","has-post-category","has-post-tag","has-post-comment","has-post-author",""],"yoast_head":"<!-- This site is optimized with the Yoast SEO plugin v28.4 - https:\/\/yoast.com\/product\/yoast-seo-wordpress\/ -->\n<title>Robert Coronel &amp; su homenaje a los \u00eddolos de la balada - Zero Magazine<\/title>\n<meta name=\"description\" content=\"\u00bfCreciste escuchando a Jos\u00e9 Jos\u00e9, Juan Gabriel o Frank Sanatra? Pues puedes revivir la experiencia con la gira que nos trae Robert Coronel\" \/>\n<meta name=\"robots\" content=\"index, follow, max-snippet:-1, max-image-preview:large, max-video-preview:-1\" \/>\n<link rel=\"canonical\" href=\"https:\/\/zeromagazine.mx\/index.php\/2025\/06\/03\/robert-coronel-y-su-homenaje-a-idolos-de-la-balada\/\" \/>\n<meta property=\"og:locale\" content=\"es_ES\" \/>\n<meta property=\"og:type\" content=\"article\" \/>\n<meta property=\"og:title\" content=\"Robert Coronel &amp; su homenaje a los \u00eddolos de la balada - Zero Magazine\" \/>\n<meta property=\"og:description\" content=\"\u00bfCreciste escuchando a Jos\u00e9 Jos\u00e9, Juan Gabriel o Frank Sanatra? Pues puedes revivir la experiencia con la gira que nos trae Robert Coronel\" \/>\n<meta property=\"og:url\" content=\"https:\/\/zeromagazine.mx\/index.php\/2025\/06\/03\/robert-coronel-y-su-homenaje-a-idolos-de-la-balada\/\" \/>\n<meta property=\"og:site_name\" content=\"Zero Magazine\" \/>\n<meta property=\"article:published_time\" content=\"2025-06-03T18:23:43+00:00\" \/>\n<meta property=\"article:modified_time\" content=\"2025-06-03T18:26:40+00:00\" \/>\n<meta property=\"og:image\" content=\"http:\/\/zeromagazine.mx\/wp-content\/uploads\/2025\/06\/Screenshot-2025-06-03-121113.png\" \/>\n\t<meta property=\"og:image:width\" content=\"695\" \/>\n\t<meta property=\"og:image:height\" content=\"812\" \/>\n\t<meta property=\"og:image:type\" content=\"image\/png\" \/>\n<meta name=\"author\" content=\"David Morales\" \/>\n<meta name=\"twitter:card\" content=\"summary_large_image\" \/>\n<meta name=\"twitter:label1\" content=\"Escrito por\" \/>\n\t<meta name=\"twitter:data1\" content=\"David Morales\" \/>\n\t<meta name=\"twitter:label2\" content=\"Tiempo de lectura\" \/>\n\t<meta name=\"twitter:data2\" content=\"3 minutos\" \/>\n<script type=\"application\/ld+json\" class=\"yoast-schema-graph\">{\"@context\":\"https:\\\/\\\/schema.org\",\"@graph\":[{\"@type\":\"Article\",\"@id\":\"https:\\\/\\\/zeromagazine.mx\\\/index.php\\\/2025\\\/06\\\/03\\\/robert-coronel-y-su-homenaje-a-idolos-de-la-balada\\\/#article\",\"isPartOf\":{\"@id\":\"https:\\\/\\\/zeromagazine.mx\\\/index.php\\\/2025\\\/06\\\/03\\\/robert-coronel-y-su-homenaje-a-idolos-de-la-balada\\\/\"},\"author\":{\"name\":\"David Morales\",\"@id\":\"https:\\\/\\\/zeromagazine.mx\\\/#\\\/schema\\\/person\\\/9f7f1a17c60ba8e9980e3e6677aabe5a\"},\"headline\":\"Robert Coronel &amp; su homenaje a los \u00eddolos de la balada\",\"datePublished\":\"2025-06-03T18:23:43+00:00\",\"dateModified\":\"2025-06-03T18:26:40+00:00\",\"mainEntityOfPage\":{\"@id\":\"https:\\\/\\\/zeromagazine.mx\\\/index.php\\\/2025\\\/06\\\/03\\\/robert-coronel-y-su-homenaje-a-idolos-de-la-balada\\\/\"},\"wordCount\":415,\"commentCount\":0,\"publisher\":{\"@id\":\"https:\\\/\\\/zeromagazine.mx\\\/#organization\"},\"image\":{\"@id\":\"https:\\\/\\\/zeromagazine.mx\\\/index.php\\\/2025\\\/06\\\/03\\\/robert-coronel-y-su-homenaje-a-idolos-de-la-balada\\\/#primaryimage\"},\"thumbnailUrl\":\"https:\\\/\\\/i0.wp.com\\\/zeromagazine.mx\\\/wp-content\\\/uploads\\\/2025\\\/06\\\/Screenshot-2025-06-03-121113.png?fit=695%2C812&ssl=1\",\"keywords\":[\"Balada\",\"CDMX\",\"IDOLOS 2025\",\"OCESA\",\"Roberto Coronel\"],\"articleSection\":[\"Entretenimiento\"],\"inLanguage\":\"es\",\"potentialAction\":[{\"@type\":\"CommentAction\",\"name\":\"Comment\",\"target\":[\"https:\\\/\\\/zeromagazine.mx\\\/index.php\\\/2025\\\/06\\\/03\\\/robert-coronel-y-su-homenaje-a-idolos-de-la-balada\\\/#respond\"]}]},{\"@type\":\"WebPage\",\"@id\":\"https:\\\/\\\/zeromagazine.mx\\\/index.php\\\/2025\\\/06\\\/03\\\/robert-coronel-y-su-homenaje-a-idolos-de-la-balada\\\/\",\"url\":\"https:\\\/\\\/zeromagazine.mx\\\/index.php\\\/2025\\\/06\\\/03\\\/robert-coronel-y-su-homenaje-a-idolos-de-la-balada\\\/\",\"name\":\"Robert Coronel &amp; su homenaje a los \u00eddolos de la balada - Zero Magazine\",\"isPartOf\":{\"@id\":\"https:\\\/\\\/zeromagazine.mx\\\/#website\"},\"primaryImageOfPage\":{\"@id\":\"https:\\\/\\\/zeromagazine.mx\\\/index.php\\\/2025\\\/06\\\/03\\\/robert-coronel-y-su-homenaje-a-idolos-de-la-balada\\\/#primaryimage\"},\"image\":{\"@id\":\"https:\\\/\\\/zeromagazine.mx\\\/index.php\\\/2025\\\/06\\\/03\\\/robert-coronel-y-su-homenaje-a-idolos-de-la-balada\\\/#primaryimage\"},\"thumbnailUrl\":\"https:\\\/\\\/i0.wp.com\\\/zeromagazine.mx\\\/wp-content\\\/uploads\\\/2025\\\/06\\\/Screenshot-2025-06-03-121113.png?fit=695%2C812&ssl=1\",\"datePublished\":\"2025-06-03T18:23:43+00:00\",\"dateModified\":\"2025-06-03T18:26:40+00:00\",\"description\":\"\u00bfCreciste escuchando a Jos\u00e9 Jos\u00e9, Juan Gabriel o Frank Sanatra? Pues puedes revivir la experiencia con la gira que nos trae Robert Coronel\",\"breadcrumb\":{\"@id\":\"https:\\\/\\\/zeromagazine.mx\\\/index.php\\\/2025\\\/06\\\/03\\\/robert-coronel-y-su-homenaje-a-idolos-de-la-balada\\\/#breadcrumb\"},\"inLanguage\":\"es\",\"potentialAction\":[{\"@type\":\"ReadAction\",\"target\":[\"https:\\\/\\\/zeromagazine.mx\\\/index.php\\\/2025\\\/06\\\/03\\\/robert-coronel-y-su-homenaje-a-idolos-de-la-balada\\\/\"]}]},{\"@type\":\"ImageObject\",\"inLanguage\":\"es\",\"@id\":\"https:\\\/\\\/zeromagazine.mx\\\/index.php\\\/2025\\\/06\\\/03\\\/robert-coronel-y-su-homenaje-a-idolos-de-la-balada\\\/#primaryimage\",\"url\":\"https:\\\/\\\/i0.wp.com\\\/zeromagazine.mx\\\/wp-content\\\/uploads\\\/2025\\\/06\\\/Screenshot-2025-06-03-121113.png?fit=695%2C812&ssl=1\",\"contentUrl\":\"https:\\\/\\\/i0.wp.com\\\/zeromagazine.mx\\\/wp-content\\\/uploads\\\/2025\\\/06\\\/Screenshot-2025-06-03-121113.png?fit=695%2C812&ssl=1\",\"width\":695,\"height\":812},{\"@type\":\"BreadcrumbList\",\"@id\":\"https:\\\/\\\/zeromagazine.mx\\\/index.php\\\/2025\\\/06\\\/03\\\/robert-coronel-y-su-homenaje-a-idolos-de-la-balada\\\/#breadcrumb\",\"itemListElement\":[{\"@type\":\"ListItem\",\"position\":1,\"name\":\"Portada\",\"item\":\"https:\\\/\\\/zeromagazine.mx\\\/\"},{\"@type\":\"ListItem\",\"position\":2,\"name\":\"Robert Coronel &amp; su homenaje a los \u00eddolos de la balada\"}]},{\"@type\":\"WebSite\",\"@id\":\"https:\\\/\\\/zeromagazine.mx\\\/#website\",\"url\":\"https:\\\/\\\/zeromagazine.mx\\\/\",\"name\":\"Zero Magazine\",\"description\":\"\",\"publisher\":{\"@id\":\"https:\\\/\\\/zeromagazine.mx\\\/#organization\"},\"potentialAction\":[{\"@type\":\"SearchAction\",\"target\":{\"@type\":\"EntryPoint\",\"urlTemplate\":\"https:\\\/\\\/zeromagazine.mx\\\/?s={search_term_string}\"},\"query-input\":{\"@type\":\"PropertyValueSpecification\",\"valueRequired\":true,\"valueName\":\"search_term_string\"}}],\"inLanguage\":\"es\"},{\"@type\":\"Organization\",\"@id\":\"https:\\\/\\\/zeromagazine.mx\\\/#organization\",\"name\":\"Zero Magazine\",\"url\":\"https:\\\/\\\/zeromagazine.mx\\\/\",\"logo\":{\"@type\":\"ImageObject\",\"inLanguage\":\"es\",\"@id\":\"https:\\\/\\\/zeromagazine.mx\\\/#\\\/schema\\\/logo\\\/image\\\/\",\"url\":\"https:\\\/\\\/i0.wp.com\\\/zeromagazine.mx\\\/wp-content\\\/uploads\\\/2025\\\/11\\\/1.jpeg?fit=1000%2C1000&ssl=1\",\"contentUrl\":\"https:\\\/\\\/i0.wp.com\\\/zeromagazine.mx\\\/wp-content\\\/uploads\\\/2025\\\/11\\\/1.jpeg?fit=1000%2C1000&ssl=1\",\"width\":1000,\"height\":1000,\"caption\":\"Zero Magazine\"},\"image\":{\"@id\":\"https:\\\/\\\/zeromagazine.mx\\\/#\\\/schema\\\/logo\\\/image\\\/\"},\"sameAs\":[\"https:\\\/\\\/instagram.com\\\/zeromagazinemx\"]},{\"@type\":\"Person\",\"@id\":\"https:\\\/\\\/zeromagazine.mx\\\/#\\\/schema\\\/person\\\/9f7f1a17c60ba8e9980e3e6677aabe5a\",\"name\":\"David Morales\",\"image\":{\"@type\":\"ImageObject\",\"inLanguage\":\"es\",\"@id\":\"https:\\\/\\\/zeromagazine.mx\\\/wp-content\\\/litespeed\\\/avatar\\\/76069d2136bfc1c37dc34815bb67ca42.jpg?ver=1788459147\",\"url\":\"https:\\\/\\\/zeromagazine.mx\\\/wp-content\\\/litespeed\\\/avatar\\\/76069d2136bfc1c37dc34815bb67ca42.jpg?ver=1788459147\",\"contentUrl\":\"https:\\\/\\\/zeromagazine.mx\\\/wp-content\\\/litespeed\\\/avatar\\\/76069d2136bfc1c37dc34815bb67ca42.jpg?ver=1788459147\",\"caption\":\"David Morales\"},\"url\":\"https:\\\/\\\/zeromagazine.mx\\\/index.php\\\/author\\\/david\\\/\"}]}<\/script>\n<!-- \/ Yoast SEO plugin. -->","yoast_head_json":{"title":"Robert Coronel &amp; su homenaje a los \u00eddolos de la balada - Zero Magazine","description":"\u00bfCreciste escuchando a Jos\u00e9 Jos\u00e9, Juan Gabriel o Frank Sanatra? Pues puedes revivir la experiencia con la gira que nos trae Robert Coronel","robots":{"index":"index","follow":"follow","max-snippet":"max-snippet:-1","max-image-preview":"max-image-preview:large","max-video-preview":"max-video-preview:-1"},"canonical":"https:\/\/zeromagazine.mx\/index.php\/2025\/06\/03\/robert-coronel-y-su-homenaje-a-idolos-de-la-balada\/","og_locale":"es_ES","og_type":"article","og_title":"Robert Coronel &amp; su homenaje a los \u00eddolos de la balada - Zero Magazine","og_description":"\u00bfCreciste escuchando a Jos\u00e9 Jos\u00e9, Juan Gabriel o Frank Sanatra? Pues puedes revivir la experiencia con la gira que nos trae Robert Coronel","og_url":"https:\/\/zeromagazine.mx\/index.php\/2025\/06\/03\/robert-coronel-y-su-homenaje-a-idolos-de-la-balada\/","og_site_name":"Zero Magazine","article_published_time":"2025-06-03T18:23:43+00:00","article_modified_time":"2025-06-03T18:26:40+00:00","og_image":[{"width":695,"height":812,"url":"http:\/\/zeromagazine.mx\/wp-content\/uploads\/2025\/06\/Screenshot-2025-06-03-121113.png","type":"image\/png"}],"author":"David Morales","twitter_card":"summary_large_image","twitter_misc":{"Escrito por":"David Morales","Tiempo de lectura":"3 minutos"},"schema":{"@context":"https:\/\/schema.org","@graph":[{"@type":"Article","@id":"https:\/\/zeromagazine.mx\/index.php\/2025\/06\/03\/robert-coronel-y-su-homenaje-a-idolos-de-la-balada\/#article","isPartOf":{"@id":"https:\/\/zeromagazine.mx\/index.php\/2025\/06\/03\/robert-coronel-y-su-homenaje-a-idolos-de-la-balada\/"},"author":{"name":"David Morales","@id":"https:\/\/zeromagazine.mx\/#\/schema\/person\/9f7f1a17c60ba8e9980e3e6677aabe5a"},"headline":"Robert Coronel &amp; su homenaje a los \u00eddolos de la balada","datePublished":"2025-06-03T18:23:43+00:00","dateModified":"2025-06-03T18:26:40+00:00","mainEntityOfPage":{"@id":"https:\/\/zeromagazine.mx\/index.php\/2025\/06\/03\/robert-coronel-y-su-homenaje-a-idolos-de-la-balada\/"},"wordCount":415,"commentCount":0,"publisher":{"@id":"https:\/\/zeromagazine.mx\/#organization"},"image":{"@id":"https:\/\/zeromagazine.mx\/index.php\/2025\/06\/03\/robert-coronel-y-su-homenaje-a-idolos-de-la-balada\/#primaryimage"},"thumbnailUrl":"https:\/\/i0.wp.com\/zeromagazine.mx\/wp-content\/uploads\/2025\/06\/Screenshot-2025-06-03-121113.png?fit=695%2C812&ssl=1","keywords":["Balada","CDMX","IDOLOS 2025","OCESA","Roberto Coronel"],"articleSection":["Entretenimiento"],"inLanguage":"es","potentialAction":[{"@type":"CommentAction","name":"Comment","target":["https:\/\/zeromagazine.mx\/index.php\/2025\/06\/03\/robert-coronel-y-su-homenaje-a-idolos-de-la-balada\/#respond"]}]},{"@type":"WebPage","@id":"https:\/\/zeromagazine.mx\/index.php\/2025\/06\/03\/robert-coronel-y-su-homenaje-a-idolos-de-la-balada\/","url":"https:\/\/zeromagazine.mx\/index.php\/2025\/06\/03\/robert-coronel-y-su-homenaje-a-idolos-de-la-balada\/","name":"Robert Coronel &amp; su homenaje a los \u00eddolos de la balada - Zero Magazine","isPartOf":{"@id":"https:\/\/zeromagazine.mx\/#website"},"primaryImageOfPage":{"@id":"https:\/\/zeromagazine.mx\/index.php\/2025\/06\/03\/robert-coronel-y-su-homenaje-a-idolos-de-la-balada\/#primaryimage"},"image":{"@id":"https:\/\/zeromagazine.mx\/index.php\/2025\/06\/03\/robert-coronel-y-su-homenaje-a-idolos-de-la-balada\/#primaryimage"},"thumbnailUrl":"https:\/\/i0.wp.com\/zeromagazine.mx\/wp-content\/uploads\/2025\/06\/Screenshot-2025-06-03-121113.png?fit=695%2C812&ssl=1","datePublished":"2025-06-03T18:23:43+00:00","dateModified":"2025-06-03T18:26:40+00:00","description":"\u00bfCreciste escuchando a Jos\u00e9 Jos\u00e9, Juan Gabriel o Frank Sanatra? Pues puedes revivir la experiencia con la gira que nos trae Robert Coronel","breadcrumb":{"@id":"https:\/\/zeromagazine.mx\/index.php\/2025\/06\/03\/robert-coronel-y-su-homenaje-a-idolos-de-la-balada\/#breadcrumb"},"inLanguage":"es","potentialAction":[{"@type":"ReadAction","target":["https:\/\/zeromagazine.mx\/index.php\/2025\/06\/03\/robert-coronel-y-su-homenaje-a-idolos-de-la-balada\/"]}]},{"@type":"ImageObject","inLanguage":"es","@id":"https:\/\/zeromagazine.mx\/index.php\/2025\/06\/03\/robert-coronel-y-su-homenaje-a-idolos-de-la-balada\/#primaryimage","url":"https:\/\/i0.wp.com\/zeromagazine.mx\/wp-content\/uploads\/2025\/06\/Screenshot-2025-06-03-121113.png?fit=695%2C812&ssl=1","contentUrl":"https:\/\/i0.wp.com\/zeromagazine.mx\/wp-content\/uploads\/2025\/06\/Screenshot-2025-06-03-121113.png?fit=695%2C812&ssl=1","width":695,"height":812},{"@type":"BreadcrumbList","@id":"https:\/\/zeromagazine.mx\/index.php\/2025\/06\/03\/robert-coronel-y-su-homenaje-a-idolos-de-la-balada\/#breadcrumb","itemListElement":[{"@type":"ListItem","position":1,"name":"Portada","item":"https:\/\/zeromagazine.mx\/"},{"@type":"ListItem","position":2,"name":"Robert Coronel &amp; su homenaje a los \u00eddolos de la balada"}]},{"@type":"WebSite","@id":"https:\/\/zeromagazine.mx\/#website","url":"https:\/\/zeromagazine.mx\/","name":"Zero Magazine","description":"","publisher":{"@id":"https:\/\/zeromagazine.mx\/#organization"},"potentialAction":[{"@type":"SearchAction","target":{"@type":"EntryPoint","urlTemplate":"https:\/\/zeromagazine.mx\/?s={search_term_string}"},"query-input":{"@type":"PropertyValueSpecification","valueRequired":true,"valueName":"search_term_string"}}],"inLanguage":"es"},{"@type":"Organization","@id":"https:\/\/zeromagazine.mx\/#organization","name":"Zero Magazine","url":"https:\/\/zeromagazine.mx\/","logo":{"@type":"ImageObject","inLanguage":"es","@id":"https:\/\/zeromagazine.mx\/#\/schema\/logo\/image\/","url":"https:\/\/i0.wp.com\/zeromagazine.mx\/wp-content\/uploads\/2025\/11\/1.jpeg?fit=1000%2C1000&ssl=1","contentUrl":"https:\/\/i0.wp.com\/zeromagazine.mx\/wp-content\/uploads\/2025\/11\/1.jpeg?fit=1000%2C1000&ssl=1","width":1000,"height":1000,"caption":"Zero Magazine"},"image":{"@id":"https:\/\/zeromagazine.mx\/#\/schema\/logo\/image\/"},"sameAs":["https:\/\/instagram.com\/zeromagazinemx"]},{"@type":"Person","@id":"https:\/\/zeromagazine.mx\/#\/schema\/person\/9f7f1a17c60ba8e9980e3e6677aabe5a","name":"David Morales","image":{"@type":"ImageObject","inLanguage":"es","@id":"https:\/\/zeromagazine.mx\/wp-content\/litespeed\/avatar\/76069d2136bfc1c37dc34815bb67ca42.jpg?ver=1788459147","url":"https:\/\/zeromagazine.mx\/wp-content\/litespeed\/avatar\/76069d2136bfc1c37dc34815bb67ca42.jpg?ver=1788459147","contentUrl":"https:\/\/zeromagazine.mx\/wp-content\/litespeed\/avatar\/76069d2136bfc1c37dc34815bb67ca42.jpg?ver=1788459147","caption":"David Morales"},"url":"https:\/\/zeromagazine.mx\/index.php\/author\/david\/"}]}},"jetpack_publicize_connections":[],"jetpack-related-posts":[{"id":103867,"url":"https:\/\/zeromagazine.mx\/index.php\/2025\/04\/02\/coleccion-my-melody-de-idol-beauty\/","url_meta":{"origin":105408,"position":0},"title":"Colecci\u00f3n My Melody de Idol Beauty","author":"David Morales","date":"2 de abril de 2025","format":false,"excerpt":"Amix, si est\u00e1s buscando un glow up est\u00e9tico que grite ternura y primavera, Kawaii Garden es lo tuyo. Esta nueva colecci\u00f3n de Idol Beauty inspirada en My Melody no solo est\u00e1 preciosa, sino que viene a recordarnos que s\u00ed se puede vivir con magia kawaii diaria incluso en esta ciudad\u2026","rel":"","context":"En \u00abModa\u00bb","block_context":{"text":"Moda","link":"https:\/\/zeromagazine.mx\/index.php\/category\/moda\/"},"img":{"alt_text":"","src":"https:\/\/i0.wp.com\/zeromagazine.mx\/wp-content\/uploads\/2025\/05\/Banner-3.png?fit=1200%2C636&ssl=1&resize=350%2C200","width":350,"height":200,"srcset":"https:\/\/i0.wp.com\/zeromagazine.mx\/wp-content\/uploads\/2025\/05\/Banner-3.png?fit=1200%2C636&ssl=1&resize=350%2C200 1x, https:\/\/i0.wp.com\/zeromagazine.mx\/wp-content\/uploads\/2025\/05\/Banner-3.png?fit=1200%2C636&ssl=1&resize=525%2C300 1.5x, https:\/\/i0.wp.com\/zeromagazine.mx\/wp-content\/uploads\/2025\/05\/Banner-3.png?fit=1200%2C636&ssl=1&resize=700%2C400 2x, https:\/\/i0.wp.com\/zeromagazine.mx\/wp-content\/uploads\/2025\/05\/Banner-3.png?fit=1200%2C636&ssl=1&resize=1050%2C600 3x"},"classes":[]},{"id":95333,"url":"https:\/\/zeromagazine.mx\/index.php\/2025\/01\/22\/conexion-a-otro-nivel-overview\/","url_meta":{"origin":105408,"position":1},"title":"Conexi\u00f3n a otro nivel: Overview","author":"zeromagazinemx","date":"22 de enero de 2025","format":false,"excerpt":"Conexi\u00f3n a otro nivel: Overview Conexi\u00f3n a otro nivel: Overview. Amix, \u00bfles late un plan donde el arte, la m\u00fasica y las vibras humanas se mezclen en algo \u00e9pico? Pues ag\u00e1rrense, porque The Overview Effect vuelve a la CDMX para cerrar con broche de oro la Art Week 2025. Este\u2026","rel":"","context":"En \u00abEntretenimiento\u00bb","block_context":{"text":"Entretenimiento","link":"https:\/\/zeromagazine.mx\/index.php\/category\/entretenimiento-cine-tv-teatro\/"},"img":{"alt_text":"","src":"https:\/\/i0.wp.com\/zeromagazine.mx\/wp-content\/uploads\/2025\/01\/CC-OVERVIEW-2024_0211_222636-8364_TATAN-1.jpg?fit=1200%2C800&ssl=1&resize=350%2C200","width":350,"height":200,"srcset":"https:\/\/i0.wp.com\/zeromagazine.mx\/wp-content\/uploads\/2025\/01\/CC-OVERVIEW-2024_0211_222636-8364_TATAN-1.jpg?fit=1200%2C800&ssl=1&resize=350%2C200 1x, https:\/\/i0.wp.com\/zeromagazine.mx\/wp-content\/uploads\/2025\/01\/CC-OVERVIEW-2024_0211_222636-8364_TATAN-1.jpg?fit=1200%2C800&ssl=1&resize=525%2C300 1.5x, https:\/\/i0.wp.com\/zeromagazine.mx\/wp-content\/uploads\/2025\/01\/CC-OVERVIEW-2024_0211_222636-8364_TATAN-1.jpg?fit=1200%2C800&ssl=1&resize=700%2C400 2x, https:\/\/i0.wp.com\/zeromagazine.mx\/wp-content\/uploads\/2025\/01\/CC-OVERVIEW-2024_0211_222636-8364_TATAN-1.jpg?fit=1200%2C800&ssl=1&resize=1050%2C600 3x"},"classes":[]},{"id":76167,"url":"https:\/\/zeromagazine.mx\/index.php\/2024\/05\/17\/idolos-caidos-la-verdad-detras-de-los-carter\/","url_meta":{"origin":105408,"position":2},"title":"\u00cddolos Ca\u00eddos: La Verdad Detr\u00e1s de los Carter","author":"zeromagazinemx","date":"17 de mayo de 2024","format":false,"excerpt":"Max y Discovery est\u00e1n por lanzar una docuserie que nos va a dejar a todos boquiabiertos. Se trata de \"Nick y Aaron Carter: \u00cddolos Ca\u00eddos\". S\u00ed, as\u00ed como lo est\u00e1n leyendo. Estoy hablando de esos famosos hermanos que marcaron nuestra infancia y adolescencia con su m\u00fasica y su carisma. Para\u2026","rel":"","context":"En \u00abEntretenimiento\u00bb","block_context":{"text":"Entretenimiento","link":"https:\/\/zeromagazine.mx\/index.php\/category\/entretenimiento-cine-tv-teatro\/"},"img":{"alt_text":"","src":"https:\/\/i0.wp.com\/zeromagazine.mx\/wp-content\/uploads\/2024\/05\/unnamed-59-scaled.jpg?fit=1200%2C675&ssl=1&resize=350%2C200","width":350,"height":200,"srcset":"https:\/\/i0.wp.com\/zeromagazine.mx\/wp-content\/uploads\/2024\/05\/unnamed-59-scaled.jpg?fit=1200%2C675&ssl=1&resize=350%2C200 1x, https:\/\/i0.wp.com\/zeromagazine.mx\/wp-content\/uploads\/2024\/05\/unnamed-59-scaled.jpg?fit=1200%2C675&ssl=1&resize=525%2C300 1.5x, https:\/\/i0.wp.com\/zeromagazine.mx\/wp-content\/uploads\/2024\/05\/unnamed-59-scaled.jpg?fit=1200%2C675&ssl=1&resize=700%2C400 2x, https:\/\/i0.wp.com\/zeromagazine.mx\/wp-content\/uploads\/2024\/05\/unnamed-59-scaled.jpg?fit=1200%2C675&ssl=1&resize=1050%2C600 3x"},"classes":[]},{"id":58687,"url":"https:\/\/zeromagazine.mx\/index.php\/2021\/11\/19\/carolina-blanco-presenta-camino-hacia-algun-lado-un-ep-cargado-de-elegante-feminidad\/","url_meta":{"origin":105408,"position":3},"title":"Carolina Blanco presenta\u00a0Camino hacia alg\u00fan lado, un EP cargado de elegante feminidad","author":"zeromagazinemx","date":"19 de noviembre de 2021","format":false,"excerpt":"Por medio de delicadeza, la feminidad y una voz deslumbrante, Carolina Blanco construye canciones emocionantes con su expresividad como artista. A su corta edad ha logrado concretar sus ideas en un proyecto musical delicado, original, cargado de sentido en sus melod\u00edas y letras. https:\/\/www.instagram.com\/p\/CWKizf_goQ1\/?utm_medium=copy_link Por Kirya Hery Despu\u00e9s de presentar\u2026","rel":"","context":"En \u00abEntretenimiento\u00bb","block_context":{"text":"Entretenimiento","link":"https:\/\/zeromagazine.mx\/index.php\/category\/entretenimiento-cine-tv-teatro\/"},"img":{"alt_text":"","src":"","width":0,"height":0},"classes":[]},{"id":89434,"url":"https:\/\/zeromagazine.mx\/index.php\/2024\/11\/06\/preparate-para-ccxp-mexico-2025\/","url_meta":{"origin":105408,"position":4},"title":"\u00ab\u00a1Prep\u00e1rate para CCXP M\u00e9xico 2025!\u00bb","author":"zeromagazinemx","date":"6 de noviembre de 2024","format":false,"excerpt":"Oye amix, si eres de los que gritan \u201cwow\u201d cada vez que ves una peli \u00e9pica, una serie que te atrapa, o un c\u00f3mic que te hace flipar, entonces ya debes estar planeando tu agenda para el 2025. Porque el CCXP M\u00e9xico, el festival de cultura pop m\u00e1s chido de\u2026","rel":"","context":"En \u00abEntretenimiento\u00bb","block_context":{"text":"Entretenimiento","link":"https:\/\/zeromagazine.mx\/index.php\/category\/entretenimiento-cine-tv-teatro\/"},"img":{"alt_text":"","src":"https:\/\/i0.wp.com\/zeromagazine.mx\/wp-content\/uploads\/2024\/11\/image_processing20241105-9-3ssbte.jpg?fit=719%2C719&ssl=1&resize=350%2C200","width":350,"height":200,"srcset":"https:\/\/i0.wp.com\/zeromagazine.mx\/wp-content\/uploads\/2024\/11\/image_processing20241105-9-3ssbte.jpg?fit=719%2C719&ssl=1&resize=350%2C200 1x, https:\/\/i0.wp.com\/zeromagazine.mx\/wp-content\/uploads\/2024\/11\/image_processing20241105-9-3ssbte.jpg?fit=719%2C719&ssl=1&resize=525%2C300 1.5x, https:\/\/i0.wp.com\/zeromagazine.mx\/wp-content\/uploads\/2024\/11\/image_processing20241105-9-3ssbte.jpg?fit=719%2C719&ssl=1&resize=700%2C400 2x"},"classes":[]},{"id":72860,"url":"https:\/\/zeromagazine.mx\/index.php\/2024\/04\/02\/ozuna-regresa-a-mexico-el-ritmo-llega-a-cdmx-y-mas\/","url_meta":{"origin":105408,"position":5},"title":"Ozuna regresa a M\u00e9xico: \u00a1El ritmo llega a CDMX y m\u00e1s!","author":"zeromagazinemx","date":"2 de abril de 2024","format":false,"excerpt":"\u00a1Ozuna est\u00e1 de vuelta en M\u00e9xico! Prep\u00e1rense para una experiencia musical \u00e9pica porque el \u00edcono de la m\u00fasica urbana regresa con un espect\u00e1culo que nos dejar\u00e1 sin aliento en cada ciudad que visite. \u00a1Wow, qu\u00e9 emoci\u00f3n! \u00bfQui\u00e9n se apunta para vibrar con la energ\u00eda de Ozuna? Las fechas ya est\u00e1n\u2026","rel":"","context":"En \u00abBlog\u00bb","block_context":{"text":"Blog","link":"https:\/\/zeromagazine.mx\/index.php\/category\/blog\/"},"img":{"alt_text":"","src":"https:\/\/i0.wp.com\/zeromagazine.mx\/wp-content\/uploads\/2024\/04\/unnamed-scaled.jpg?fit=960%2C1200&ssl=1&resize=350%2C200","width":350,"height":200,"srcset":"https:\/\/i0.wp.com\/zeromagazine.mx\/wp-content\/uploads\/2024\/04\/unnamed-scaled.jpg?fit=960%2C1200&ssl=1&resize=350%2C200 1x, https:\/\/i0.wp.com\/zeromagazine.mx\/wp-content\/uploads\/2024\/04\/unnamed-scaled.jpg?fit=960%2C1200&ssl=1&resize=525%2C300 1.5x, https:\/\/i0.wp.com\/zeromagazine.mx\/wp-content\/uploads\/2024\/04\/unnamed-scaled.jpg?fit=960%2C1200&ssl=1&resize=700%2C400 2x"},"classes":[]}],"jetpack_sharing_enabled":true,"builder_content":"","jetpack_featured_media_url":"https:\/\/i0.wp.com\/zeromagazine.mx\/wp-content\/uploads\/2025\/06\/Screenshot-2025-06-03-121113.png?fit=695%2C812&ssl=1","_links":{"self":[{"href":"https:\/\/zeromagazine.mx\/index.php\/wp-json\/wp\/v2\/posts\/105408","targetHints":{"allow":["GET"]}}],"collection":[{"href":"https:\/\/zeromagazine.mx\/index.php\/wp-json\/wp\/v2\/posts"}],"about":[{"href":"https:\/\/zeromagazine.mx\/index.php\/wp-json\/wp\/v2\/types\/post"}],"author":[{"embeddable":true,"href":"https:\/\/zeromagazine.mx\/index.php\/wp-json\/wp\/v2\/users\/4"}],"replies":[{"embeddable":true,"href":"https:\/\/zeromagazine.mx\/index.php\/wp-json\/wp\/v2\/comments?post=105408"}],"version-history":[{"count":14,"href":"https:\/\/zeromagazine.mx\/index.php\/wp-json\/wp\/v2\/posts\/105408\/revisions"}],"predecessor-version":[{"id":105426,"href":"https:\/\/zeromagazine.mx\/index.php\/wp-json\/wp\/v2\/posts\/105408\/revisions\/105426"}],"wp:featuredmedia":[{"embeddable":true,"href":"https:\/\/zeromagazine.mx\/index.php\/wp-json\/wp\/v2\/media\/105411"}],"wp:attachment":[{"href":"https:\/\/zeromagazine.mx\/index.php\/wp-json\/wp\/v2\/media?parent=105408"}],"wp:term":[{"taxonomy":"category","embeddable":true,"href":"https:\/\/zeromagazine.mx\/index.php\/wp-json\/wp\/v2\/categories?post=105408"},{"taxonomy":"post_tag","embeddable":true,"href":"https:\/\/zeromagazine.mx\/index.php\/wp-json\/wp\/v2\/tags?post=105408"}],"curies":[{"name":"wp","href":"https:\/\/api.w.org\/{rel}","templated":true}]}}