{"id":105892,"date":"2025-06-11T12:47:03","date_gmt":"2025-06-11T18:47:03","guid":{"rendered":"https:\/\/zeromagazine.mx\/?p=105892"},"modified":"2025-06-11T12:47:05","modified_gmt":"2025-06-11T18:47:05","slug":"pride-togheter-en-hotel-reforma-una-fiesta-de-libertad","status":"publish","type":"post","link":"https:\/\/zeromagazine.mx\/index.php\/2025\/06\/11\/pride-togheter-en-hotel-reforma-una-fiesta-de-libertad\/","title":{"rendered":"PRIDE TOGETHER en Hotel Reforma: Una fiesta de libertad"},"content":{"rendered":"<p>Amix, estamos en junio y no solo el calor se viene intensos, pues tambi\u00e9n el <strong> Pride 2025<\/strong> viene con todo y no es cualquier plan improvisado: es la cita m\u00e1s electrizante del mes \ud83c\udf08. Y por eso este a\u00f1o, despu\u00e9s de la <strong>Marcha del Orgullo<\/strong> en CDMX, <strong>el Antiguo Hotel Reforma<\/strong> se convierte en el coraz\u00f3n palpitante de la diversidad con el ic\u00f3nico evento <strong>Pride Together en Hotel Reforma<\/strong>. Literal, aqu\u00ed podr\u00e1s cerrar el s\u00e1bado y conmemorar el d\u00eda con todo el flow, la libertad y el amor radical. Y por esta raz\u00f3n te traigo todos los detalles.<\/p>\n\n\n\n<h3 class=\"wp-block-heading\">Entonces\u2026 \u00bfde qu\u00e9 va PRIDE TOGHETER en Hotel Reforma?<\/h3>\n\n\n\n<p>Pues no es solo una fiesta, es una experiencia inmersiva y transformadora. Organizado por <em><strong>Grupo OLAMOR<\/strong><\/em>, que llevan tiempo dando los mejores eventos y <strong>Pride Together en Hotel Reforma<\/strong> se ha posicionado como una plataforma para celebrar todas las formas de existir. Bajo el lema \u201cCelebrando juntxs lxs distintxs cuerpxs, m\u00fasicas, edades e identidades\u201d, esta edici\u00f3n fusiona lo mejor de SHHHHH!, Disco Dust y NIX, tres eventos que han revolucionado la escena queer en la ciudad.<\/p>\n\n\n<div class=\"wp-block-image\">\n<figure class=\"aligncenter size-large\"><img data-recalc-dims=\"1\" decoding=\"async\" width=\"1024\" height=\"649\" src=\"https:\/\/i0.wp.com\/zeromagazine.mx\/wp-content\/uploads\/2025\/06\/image-1-1024x649.png?resize=1024%2C649&#038;ssl=1\" alt=\"\" class=\"wp-image-105894\" srcset=\"https:\/\/i0.wp.com\/zeromagazine.mx\/wp-content\/uploads\/2025\/06\/image-1.png?resize=1024%2C649&amp;ssl=1 1024w, https:\/\/i0.wp.com\/zeromagazine.mx\/wp-content\/uploads\/2025\/06\/image-1.png?resize=300%2C190&amp;ssl=1 300w, https:\/\/i0.wp.com\/zeromagazine.mx\/wp-content\/uploads\/2025\/06\/image-1.png?resize=768%2C487&amp;ssl=1 768w, https:\/\/i0.wp.com\/zeromagazine.mx\/wp-content\/uploads\/2025\/06\/image-1.png?w=1474&amp;ssl=1 1474w\" sizes=\"(max-width: 1024px) 100vw, 1024px\" \/><\/figure>\n<\/div>\n\n\n<h3 class=\"wp-block-heading\">La m\u00fasica electrizante del PRIDE TOGETHER<\/h3>\n\n\n\n<p>Igualmente, la m\u00fasica se viene potente. Con Hercules &amp; Love Affair como headliners y sets de Eli Escobar, Larry Tee, Mystery Affair y un mont\u00f3n de talento local como Portugal, Bruja Prieta, Victoria Volkova y Ver\u00f3nica Picazo b2b Mami Pistola. D\u00e1ndonos una pista llena de poder y ritmo. Pues te har\u00e1 bailar con  house, techno, disco, vogue y mucho perreo consciente.<\/p>\n\n\n\n<script async src=\"https:\/\/pagead2.googlesyndication.com\/pagead\/js\/adsbygoogle.js?client=ca-pub-5499304793904745\"\n     crossorigin=\"anonymous\"><\/script>\n<ins class=\"adsbygoogle\"\n     style=\"display:block; text-align:center;\"\n     data-ad-layout=\"in-article\"\n     data-ad-format=\"fluid\"\n     data-ad-client=\"ca-pub-5499304793904745\"\n     data-ad-slot=\"5994863093\"><\/ins>\n<script>\n     (adsbygoogle = window.adsbygoogle || []).push({});\n<\/script>\n\n\n\n<h3 class=\"wp-block-heading\">M\u00e1s que beats: arte, comida y comunidad<\/h3>\n\n\n\n<p>Por otro lado, habr\u00e1 espacios para complementar la experiencia y para cualquier vibes e inter\u00e9s, entre ellos estar\u00e1n: <\/p>\n\n\n\n<ul class=\"wp-block-list\">\n<li>Arte contempor\u00e1neo LGBTQIA+ con Anal Magazine<\/li>\n\n\n\n<li>Zona de comida deliciosa, experiencias sensoriales con Sensual Collective, <\/li>\n\n\n\n<li>Photo spots por cortes\u00eda de FLUX M\u00e9xico.<\/li>\n<\/ul>\n\n\n\n<p> Todo esto acompa\u00f1ado de anfitrionxs incre\u00edbles como La Teacher, Amatista y Kaleido que te van a guiar durante esta noche libre de etiquetas.<\/p>\n\n\n<div class=\"wp-block-image\">\n<figure class=\"aligncenter size-large\"><img data-recalc-dims=\"1\" decoding=\"async\" width=\"1024\" height=\"1020\" src=\"https:\/\/i0.wp.com\/zeromagazine.mx\/wp-content\/uploads\/2025\/06\/image-2-1024x1020.png?resize=1024%2C1020&#038;ssl=1\" alt=\"\" class=\"wp-image-105893\" srcset=\"https:\/\/i0.wp.com\/zeromagazine.mx\/wp-content\/uploads\/2025\/06\/image-2.png?resize=1024%2C1020&amp;ssl=1 1024w, https:\/\/i0.wp.com\/zeromagazine.mx\/wp-content\/uploads\/2025\/06\/image-2.png?resize=300%2C300&amp;ssl=1 300w, https:\/\/i0.wp.com\/zeromagazine.mx\/wp-content\/uploads\/2025\/06\/image-2.png?resize=150%2C150&amp;ssl=1 150w, https:\/\/i0.wp.com\/zeromagazine.mx\/wp-content\/uploads\/2025\/06\/image-2.png?resize=768%2C765&amp;ssl=1 768w, https:\/\/i0.wp.com\/zeromagazine.mx\/wp-content\/uploads\/2025\/06\/image-2.png?w=1086&amp;ssl=1 1086w\" sizes=\"(max-width: 1024px) 100vw, 1024px\" \/><\/figure>\n<\/div>\n\n\n<h3 class=\"wp-block-heading\">Porque no es solo fiesta, es resistencia<\/h3>\n\n\n\n<p>Finalmente, <strong>Pride Together en Hotel Reforma<\/strong> importa porque es m\u00e1s que una celebraci\u00f3n. Es un espacio seguro, pol\u00edtico y poderoso donde nuestras identidades se celebran sin miedo. Porque todxs cabemos cuando bailamos juntxs. As\u00ed que no te pierdas de esta gran experiencia, <a class=\"\" href=\"https:\/\/www.passline.com\">Compra tus entradas en Passline<\/a> y revisa la promo \u00abBeso de Tres\u00bb. \u00a1Bueno, no vemos el 2<strong>8 de junio<\/strong> amix; con glitter, bandera, amor y todo tu ser!<\/p>\n\n\n\n<p>Y si quieres conocer m\u00e1s novedades de eventos y cultura entra <a href=\"https:\/\/zeromagazine.mx\/\">zeromagazine.mx<\/a> o s\u00edguenos en <a href=\"https:\/\/www.instagram.com\/zeromagazinemx\/\">@zeromagazinemx<\/a><\/p>\n\n\n\n<script async src=\"https:\/\/pagead2.googlesyndication.com\/pagead\/js\/adsbygoogle.js?client=ca-pub-5499304793904745\"\n     crossorigin=\"anonymous\"><\/script>\n<ins class=\"adsbygoogle\"\n     style=\"display:block; text-align:center;\"\n     data-ad-layout=\"in-article\"\n     data-ad-format=\"fluid\"\n     data-ad-client=\"ca-pub-5499304793904745\"\n     data-ad-slot=\"5994863093\"><\/ins>\n<script>\n     (adsbygoogle = window.adsbygoogle || []).push({});\n<\/script>\n\n<!--themify_builder_content-->\n<div id=\"themify_builder_content-105892\" data-postid=\"105892\" class=\"themify_builder_content themify_builder_content-105892 themify_builder tf_clear\">\n    <\/div>\n<!--\/themify_builder_content-->","protected":false},"excerpt":{"rendered":"<p>Amix, estamos en junio y no solo el calor se viene intensos, pues tambi\u00e9n el Pride 2025 viene con todo y no es cualquier plan improvisado: es la cita m\u00e1s electrizante del mes \ud83c\udf08. Y por eso este a\u00f1o, despu\u00e9s de la Marcha del Orgullo en CDMX, el Antiguo Hotel Reforma se convierte en el [&hellip;]<\/p>\n","protected":false},"author":4,"featured_media":105895,"comment_status":"open","ping_status":"open","sticky":false,"template":"","format":"standard","meta":{"_jetpack_memberships_contains_paid_content":false,"footnotes":"","jetpack_publicize_message":"","jetpack_publicize_feature_enabled":true,"jetpack_social_post_already_shared":true,"jetpack_social_options":{"image_generator_settings":{"template":"highway","default_image_id":0,"font":"","enabled":false},"version":2}},"categories":[791],"tags":[1598,13986,48,13985,8815],"class_list":["post-105892","post","type-post","status-publish","format-standard","has-post-thumbnail","hentry","category-cultura","tag-cdmx","tag-hotel-reforma","tag-lgbtq","tag-marcha-de-orgullo","tag-pride-together","has-post-title","has-post-date","has-post-category","has-post-tag","has-post-comment","has-post-author",""],"yoast_head":"<!-- This site is optimized with the Yoast SEO plugin v27.5 - https:\/\/yoast.com\/product\/yoast-seo-wordpress\/ -->\n<title>PRIDE TOGETHER en Hotel Reforma: Una fiesta de libertad - Zero Magazine<\/title>\n<meta name=\"description\" content=\"Descubre los detalles PRIDE TOGETHER en Hotel Reforma. Y vive la mejor fiesta de glitter, amor, beats y libertad.\" \/>\n<meta name=\"robots\" content=\"index, follow, max-snippet:-1, max-image-preview:large, max-video-preview:-1\" \/>\n<link rel=\"canonical\" href=\"https:\/\/zeromagazine.mx\/index.php\/2025\/06\/11\/pride-togheter-en-hotel-reforma-una-fiesta-de-libertad\/\" \/>\n<meta property=\"og:locale\" content=\"es_ES\" \/>\n<meta property=\"og:type\" content=\"article\" \/>\n<meta property=\"og:title\" content=\"PRIDE TOGETHER en Hotel Reforma: Una fiesta de libertad - Zero Magazine\" \/>\n<meta property=\"og:description\" content=\"Descubre los detalles PRIDE TOGETHER en Hotel Reforma. Y vive la mejor fiesta de glitter, amor, beats y libertad.\" \/>\n<meta property=\"og:url\" content=\"https:\/\/zeromagazine.mx\/index.php\/2025\/06\/11\/pride-togheter-en-hotel-reforma-una-fiesta-de-libertad\/\" \/>\n<meta property=\"og:site_name\" content=\"Zero Magazine\" \/>\n<meta property=\"article:published_time\" content=\"2025-06-11T18:47:03+00:00\" \/>\n<meta property=\"article:modified_time\" content=\"2025-06-11T18:47:05+00:00\" \/>\n<meta property=\"og:image\" content=\"http:\/\/zeromagazine.mx\/wp-content\/uploads\/2025\/06\/image.png\" \/>\n\t<meta property=\"og:image:width\" content=\"1070\" \/>\n\t<meta property=\"og:image:height\" content=\"874\" \/>\n\t<meta property=\"og:image:type\" content=\"image\/png\" \/>\n<meta name=\"author\" content=\"David Morales\" \/>\n<meta name=\"twitter:card\" content=\"summary_large_image\" \/>\n<meta name=\"twitter:label1\" content=\"Escrito por\" \/>\n\t<meta name=\"twitter:data1\" content=\"David Morales\" \/>\n\t<meta name=\"twitter:label2\" content=\"Tiempo de lectura\" \/>\n\t<meta name=\"twitter:data2\" content=\"3 minutos\" \/>\n<script type=\"application\/ld+json\" class=\"yoast-schema-graph\">{\"@context\":\"https:\\\/\\\/schema.org\",\"@graph\":[{\"@type\":\"Article\",\"@id\":\"https:\\\/\\\/zeromagazine.mx\\\/index.php\\\/2025\\\/06\\\/11\\\/pride-togheter-en-hotel-reforma-una-fiesta-de-libertad\\\/#article\",\"isPartOf\":{\"@id\":\"https:\\\/\\\/zeromagazine.mx\\\/index.php\\\/2025\\\/06\\\/11\\\/pride-togheter-en-hotel-reforma-una-fiesta-de-libertad\\\/\"},\"author\":{\"name\":\"David Morales\",\"@id\":\"https:\\\/\\\/zeromagazine.mx\\\/#\\\/schema\\\/person\\\/9f7f1a17c60ba8e9980e3e6677aabe5a\"},\"headline\":\"PRIDE TOGETHER en Hotel Reforma: Una fiesta de libertad\",\"datePublished\":\"2025-06-11T18:47:03+00:00\",\"dateModified\":\"2025-06-11T18:47:05+00:00\",\"mainEntityOfPage\":{\"@id\":\"https:\\\/\\\/zeromagazine.mx\\\/index.php\\\/2025\\\/06\\\/11\\\/pride-togheter-en-hotel-reforma-una-fiesta-de-libertad\\\/\"},\"wordCount\":451,\"commentCount\":0,\"publisher\":{\"@id\":\"https:\\\/\\\/zeromagazine.mx\\\/#organization\"},\"image\":{\"@id\":\"https:\\\/\\\/zeromagazine.mx\\\/index.php\\\/2025\\\/06\\\/11\\\/pride-togheter-en-hotel-reforma-una-fiesta-de-libertad\\\/#primaryimage\"},\"thumbnailUrl\":\"https:\\\/\\\/i0.wp.com\\\/zeromagazine.mx\\\/wp-content\\\/uploads\\\/2025\\\/06\\\/image.png?fit=1070%2C874&ssl=1\",\"keywords\":[\"CDMX\",\"Hotel Reforma\",\"LGBTQ+\",\"Marcha de Orgullo\",\"PRIDE TOGETHER\"],\"articleSection\":[\"Cultura\"],\"inLanguage\":\"es\",\"potentialAction\":[{\"@type\":\"CommentAction\",\"name\":\"Comment\",\"target\":[\"https:\\\/\\\/zeromagazine.mx\\\/index.php\\\/2025\\\/06\\\/11\\\/pride-togheter-en-hotel-reforma-una-fiesta-de-libertad\\\/#respond\"]}]},{\"@type\":\"WebPage\",\"@id\":\"https:\\\/\\\/zeromagazine.mx\\\/index.php\\\/2025\\\/06\\\/11\\\/pride-togheter-en-hotel-reforma-una-fiesta-de-libertad\\\/\",\"url\":\"https:\\\/\\\/zeromagazine.mx\\\/index.php\\\/2025\\\/06\\\/11\\\/pride-togheter-en-hotel-reforma-una-fiesta-de-libertad\\\/\",\"name\":\"PRIDE TOGETHER en Hotel Reforma: Una fiesta de libertad - Zero Magazine\",\"isPartOf\":{\"@id\":\"https:\\\/\\\/zeromagazine.mx\\\/#website\"},\"primaryImageOfPage\":{\"@id\":\"https:\\\/\\\/zeromagazine.mx\\\/index.php\\\/2025\\\/06\\\/11\\\/pride-togheter-en-hotel-reforma-una-fiesta-de-libertad\\\/#primaryimage\"},\"image\":{\"@id\":\"https:\\\/\\\/zeromagazine.mx\\\/index.php\\\/2025\\\/06\\\/11\\\/pride-togheter-en-hotel-reforma-una-fiesta-de-libertad\\\/#primaryimage\"},\"thumbnailUrl\":\"https:\\\/\\\/i0.wp.com\\\/zeromagazine.mx\\\/wp-content\\\/uploads\\\/2025\\\/06\\\/image.png?fit=1070%2C874&ssl=1\",\"datePublished\":\"2025-06-11T18:47:03+00:00\",\"dateModified\":\"2025-06-11T18:47:05+00:00\",\"description\":\"Descubre los detalles PRIDE TOGETHER en Hotel Reforma. Y vive la mejor fiesta de glitter, amor, beats y libertad.\",\"breadcrumb\":{\"@id\":\"https:\\\/\\\/zeromagazine.mx\\\/index.php\\\/2025\\\/06\\\/11\\\/pride-togheter-en-hotel-reforma-una-fiesta-de-libertad\\\/#breadcrumb\"},\"inLanguage\":\"es\",\"potentialAction\":[{\"@type\":\"ReadAction\",\"target\":[\"https:\\\/\\\/zeromagazine.mx\\\/index.php\\\/2025\\\/06\\\/11\\\/pride-togheter-en-hotel-reforma-una-fiesta-de-libertad\\\/\"]}]},{\"@type\":\"ImageObject\",\"inLanguage\":\"es\",\"@id\":\"https:\\\/\\\/zeromagazine.mx\\\/index.php\\\/2025\\\/06\\\/11\\\/pride-togheter-en-hotel-reforma-una-fiesta-de-libertad\\\/#primaryimage\",\"url\":\"https:\\\/\\\/i0.wp.com\\\/zeromagazine.mx\\\/wp-content\\\/uploads\\\/2025\\\/06\\\/image.png?fit=1070%2C874&ssl=1\",\"contentUrl\":\"https:\\\/\\\/i0.wp.com\\\/zeromagazine.mx\\\/wp-content\\\/uploads\\\/2025\\\/06\\\/image.png?fit=1070%2C874&ssl=1\",\"width\":1070,\"height\":874},{\"@type\":\"BreadcrumbList\",\"@id\":\"https:\\\/\\\/zeromagazine.mx\\\/index.php\\\/2025\\\/06\\\/11\\\/pride-togheter-en-hotel-reforma-una-fiesta-de-libertad\\\/#breadcrumb\",\"itemListElement\":[{\"@type\":\"ListItem\",\"position\":1,\"name\":\"Portada\",\"item\":\"https:\\\/\\\/zeromagazine.mx\\\/\"},{\"@type\":\"ListItem\",\"position\":2,\"name\":\"PRIDE TOGETHER en Hotel Reforma: Una fiesta de libertad\"}]},{\"@type\":\"WebSite\",\"@id\":\"https:\\\/\\\/zeromagazine.mx\\\/#website\",\"url\":\"https:\\\/\\\/zeromagazine.mx\\\/\",\"name\":\"Zero Magazine\",\"description\":\"\",\"publisher\":{\"@id\":\"https:\\\/\\\/zeromagazine.mx\\\/#organization\"},\"potentialAction\":[{\"@type\":\"SearchAction\",\"target\":{\"@type\":\"EntryPoint\",\"urlTemplate\":\"https:\\\/\\\/zeromagazine.mx\\\/?s={search_term_string}\"},\"query-input\":{\"@type\":\"PropertyValueSpecification\",\"valueRequired\":true,\"valueName\":\"search_term_string\"}}],\"inLanguage\":\"es\"},{\"@type\":\"Organization\",\"@id\":\"https:\\\/\\\/zeromagazine.mx\\\/#organization\",\"name\":\"Zero Magazine\",\"url\":\"https:\\\/\\\/zeromagazine.mx\\\/\",\"logo\":{\"@type\":\"ImageObject\",\"inLanguage\":\"es\",\"@id\":\"https:\\\/\\\/zeromagazine.mx\\\/#\\\/schema\\\/logo\\\/image\\\/\",\"url\":\"https:\\\/\\\/i0.wp.com\\\/zeromagazine.mx\\\/wp-content\\\/uploads\\\/2025\\\/11\\\/1.jpeg?fit=1000%2C1000&ssl=1\",\"contentUrl\":\"https:\\\/\\\/i0.wp.com\\\/zeromagazine.mx\\\/wp-content\\\/uploads\\\/2025\\\/11\\\/1.jpeg?fit=1000%2C1000&ssl=1\",\"width\":1000,\"height\":1000,\"caption\":\"Zero Magazine\"},\"image\":{\"@id\":\"https:\\\/\\\/zeromagazine.mx\\\/#\\\/schema\\\/logo\\\/image\\\/\"},\"sameAs\":[\"https:\\\/\\\/instagram.com\\\/zeromagazinemx\"]},{\"@type\":\"Person\",\"@id\":\"https:\\\/\\\/zeromagazine.mx\\\/#\\\/schema\\\/person\\\/9f7f1a17c60ba8e9980e3e6677aabe5a\",\"name\":\"David Morales\",\"image\":{\"@type\":\"ImageObject\",\"inLanguage\":\"es\",\"@id\":\"https:\\\/\\\/zeromagazine.mx\\\/wp-content\\\/litespeed\\\/avatar\\\/76069d2136bfc1c37dc34815bb67ca42.jpg?ver=1776966186\",\"url\":\"https:\\\/\\\/zeromagazine.mx\\\/wp-content\\\/litespeed\\\/avatar\\\/76069d2136bfc1c37dc34815bb67ca42.jpg?ver=1776966186\",\"contentUrl\":\"https:\\\/\\\/zeromagazine.mx\\\/wp-content\\\/litespeed\\\/avatar\\\/76069d2136bfc1c37dc34815bb67ca42.jpg?ver=1776966186\",\"caption\":\"David Morales\"},\"url\":\"https:\\\/\\\/zeromagazine.mx\\\/index.php\\\/author\\\/david\\\/\"}]}<\/script>\n<!-- \/ Yoast SEO plugin. -->","yoast_head_json":{"title":"PRIDE TOGETHER en Hotel Reforma: Una fiesta de libertad - Zero Magazine","description":"Descubre los detalles PRIDE TOGETHER en Hotel Reforma. Y vive la mejor fiesta de glitter, amor, beats y libertad.","robots":{"index":"index","follow":"follow","max-snippet":"max-snippet:-1","max-image-preview":"max-image-preview:large","max-video-preview":"max-video-preview:-1"},"canonical":"https:\/\/zeromagazine.mx\/index.php\/2025\/06\/11\/pride-togheter-en-hotel-reforma-una-fiesta-de-libertad\/","og_locale":"es_ES","og_type":"article","og_title":"PRIDE TOGETHER en Hotel Reforma: Una fiesta de libertad - Zero Magazine","og_description":"Descubre los detalles PRIDE TOGETHER en Hotel Reforma. Y vive la mejor fiesta de glitter, amor, beats y libertad.","og_url":"https:\/\/zeromagazine.mx\/index.php\/2025\/06\/11\/pride-togheter-en-hotel-reforma-una-fiesta-de-libertad\/","og_site_name":"Zero Magazine","article_published_time":"2025-06-11T18:47:03+00:00","article_modified_time":"2025-06-11T18:47:05+00:00","og_image":[{"width":1070,"height":874,"url":"http:\/\/zeromagazine.mx\/wp-content\/uploads\/2025\/06\/image.png","type":"image\/png"}],"author":"David Morales","twitter_card":"summary_large_image","twitter_misc":{"Escrito por":"David Morales","Tiempo de lectura":"3 minutos"},"schema":{"@context":"https:\/\/schema.org","@graph":[{"@type":"Article","@id":"https:\/\/zeromagazine.mx\/index.php\/2025\/06\/11\/pride-togheter-en-hotel-reforma-una-fiesta-de-libertad\/#article","isPartOf":{"@id":"https:\/\/zeromagazine.mx\/index.php\/2025\/06\/11\/pride-togheter-en-hotel-reforma-una-fiesta-de-libertad\/"},"author":{"name":"David Morales","@id":"https:\/\/zeromagazine.mx\/#\/schema\/person\/9f7f1a17c60ba8e9980e3e6677aabe5a"},"headline":"PRIDE TOGETHER en Hotel Reforma: Una fiesta de libertad","datePublished":"2025-06-11T18:47:03+00:00","dateModified":"2025-06-11T18:47:05+00:00","mainEntityOfPage":{"@id":"https:\/\/zeromagazine.mx\/index.php\/2025\/06\/11\/pride-togheter-en-hotel-reforma-una-fiesta-de-libertad\/"},"wordCount":451,"commentCount":0,"publisher":{"@id":"https:\/\/zeromagazine.mx\/#organization"},"image":{"@id":"https:\/\/zeromagazine.mx\/index.php\/2025\/06\/11\/pride-togheter-en-hotel-reforma-una-fiesta-de-libertad\/#primaryimage"},"thumbnailUrl":"https:\/\/i0.wp.com\/zeromagazine.mx\/wp-content\/uploads\/2025\/06\/image.png?fit=1070%2C874&ssl=1","keywords":["CDMX","Hotel Reforma","LGBTQ+","Marcha de Orgullo","PRIDE TOGETHER"],"articleSection":["Cultura"],"inLanguage":"es","potentialAction":[{"@type":"CommentAction","name":"Comment","target":["https:\/\/zeromagazine.mx\/index.php\/2025\/06\/11\/pride-togheter-en-hotel-reforma-una-fiesta-de-libertad\/#respond"]}]},{"@type":"WebPage","@id":"https:\/\/zeromagazine.mx\/index.php\/2025\/06\/11\/pride-togheter-en-hotel-reforma-una-fiesta-de-libertad\/","url":"https:\/\/zeromagazine.mx\/index.php\/2025\/06\/11\/pride-togheter-en-hotel-reforma-una-fiesta-de-libertad\/","name":"PRIDE TOGETHER en Hotel Reforma: Una fiesta de libertad - Zero Magazine","isPartOf":{"@id":"https:\/\/zeromagazine.mx\/#website"},"primaryImageOfPage":{"@id":"https:\/\/zeromagazine.mx\/index.php\/2025\/06\/11\/pride-togheter-en-hotel-reforma-una-fiesta-de-libertad\/#primaryimage"},"image":{"@id":"https:\/\/zeromagazine.mx\/index.php\/2025\/06\/11\/pride-togheter-en-hotel-reforma-una-fiesta-de-libertad\/#primaryimage"},"thumbnailUrl":"https:\/\/i0.wp.com\/zeromagazine.mx\/wp-content\/uploads\/2025\/06\/image.png?fit=1070%2C874&ssl=1","datePublished":"2025-06-11T18:47:03+00:00","dateModified":"2025-06-11T18:47:05+00:00","description":"Descubre los detalles PRIDE TOGETHER en Hotel Reforma. Y vive la mejor fiesta de glitter, amor, beats y libertad.","breadcrumb":{"@id":"https:\/\/zeromagazine.mx\/index.php\/2025\/06\/11\/pride-togheter-en-hotel-reforma-una-fiesta-de-libertad\/#breadcrumb"},"inLanguage":"es","potentialAction":[{"@type":"ReadAction","target":["https:\/\/zeromagazine.mx\/index.php\/2025\/06\/11\/pride-togheter-en-hotel-reforma-una-fiesta-de-libertad\/"]}]},{"@type":"ImageObject","inLanguage":"es","@id":"https:\/\/zeromagazine.mx\/index.php\/2025\/06\/11\/pride-togheter-en-hotel-reforma-una-fiesta-de-libertad\/#primaryimage","url":"https:\/\/i0.wp.com\/zeromagazine.mx\/wp-content\/uploads\/2025\/06\/image.png?fit=1070%2C874&ssl=1","contentUrl":"https:\/\/i0.wp.com\/zeromagazine.mx\/wp-content\/uploads\/2025\/06\/image.png?fit=1070%2C874&ssl=1","width":1070,"height":874},{"@type":"BreadcrumbList","@id":"https:\/\/zeromagazine.mx\/index.php\/2025\/06\/11\/pride-togheter-en-hotel-reforma-una-fiesta-de-libertad\/#breadcrumb","itemListElement":[{"@type":"ListItem","position":1,"name":"Portada","item":"https:\/\/zeromagazine.mx\/"},{"@type":"ListItem","position":2,"name":"PRIDE TOGETHER en Hotel Reforma: Una fiesta de libertad"}]},{"@type":"WebSite","@id":"https:\/\/zeromagazine.mx\/#website","url":"https:\/\/zeromagazine.mx\/","name":"Zero Magazine","description":"","publisher":{"@id":"https:\/\/zeromagazine.mx\/#organization"},"potentialAction":[{"@type":"SearchAction","target":{"@type":"EntryPoint","urlTemplate":"https:\/\/zeromagazine.mx\/?s={search_term_string}"},"query-input":{"@type":"PropertyValueSpecification","valueRequired":true,"valueName":"search_term_string"}}],"inLanguage":"es"},{"@type":"Organization","@id":"https:\/\/zeromagazine.mx\/#organization","name":"Zero Magazine","url":"https:\/\/zeromagazine.mx\/","logo":{"@type":"ImageObject","inLanguage":"es","@id":"https:\/\/zeromagazine.mx\/#\/schema\/logo\/image\/","url":"https:\/\/i0.wp.com\/zeromagazine.mx\/wp-content\/uploads\/2025\/11\/1.jpeg?fit=1000%2C1000&ssl=1","contentUrl":"https:\/\/i0.wp.com\/zeromagazine.mx\/wp-content\/uploads\/2025\/11\/1.jpeg?fit=1000%2C1000&ssl=1","width":1000,"height":1000,"caption":"Zero Magazine"},"image":{"@id":"https:\/\/zeromagazine.mx\/#\/schema\/logo\/image\/"},"sameAs":["https:\/\/instagram.com\/zeromagazinemx"]},{"@type":"Person","@id":"https:\/\/zeromagazine.mx\/#\/schema\/person\/9f7f1a17c60ba8e9980e3e6677aabe5a","name":"David Morales","image":{"@type":"ImageObject","inLanguage":"es","@id":"https:\/\/zeromagazine.mx\/wp-content\/litespeed\/avatar\/76069d2136bfc1c37dc34815bb67ca42.jpg?ver=1776966186","url":"https:\/\/zeromagazine.mx\/wp-content\/litespeed\/avatar\/76069d2136bfc1c37dc34815bb67ca42.jpg?ver=1776966186","contentUrl":"https:\/\/zeromagazine.mx\/wp-content\/litespeed\/avatar\/76069d2136bfc1c37dc34815bb67ca42.jpg?ver=1776966186","caption":"David Morales"},"url":"https:\/\/zeromagazine.mx\/index.php\/author\/david\/"}]}},"jetpack_publicize_connections":[],"jetpack_featured_media_url":"https:\/\/i0.wp.com\/zeromagazine.mx\/wp-content\/uploads\/2025\/06\/image.png?fit=1070%2C874&ssl=1","jetpack-related-posts":[{"id":106318,"url":"https:\/\/zeromagazine.mx\/index.php\/2025\/06\/26\/adios-amor-pride\/","url_meta":{"origin":105892,"position":0},"title":"Adi\u00f3s Amor Pride: una drag night para soltar el drama con glitter","author":"David Morales","date":"26 de junio de 2025","format":false,"excerpt":"Amix, prep\u00e1rate para una noche de esas que sanan con glitter y m\u00fasica intensa. Si alguna vez lloraste por amor mientras sonaba Dulce, Amanda Miguel o Jos\u00e9 Jos\u00e9, esta es tu se\u00f1al para transformar esas l\u00e1grimas en brillo. \u201cAdi\u00f3s mi Amor\u201d se pone en modo Pride y trae una experiencia\u2026","rel":"","context":"En \u00abCultura\u00bb","block_context":{"text":"Cultura","link":"https:\/\/zeromagazine.mx\/index.php\/category\/cultura\/"},"img":{"alt_text":"","src":"https:\/\/i0.wp.com\/zeromagazine.mx\/wp-content\/uploads\/2025\/06\/Poster-Vertical.jpg?fit=960%2C1200&ssl=1&resize=350%2C200","width":350,"height":200,"srcset":"https:\/\/i0.wp.com\/zeromagazine.mx\/wp-content\/uploads\/2025\/06\/Poster-Vertical.jpg?fit=960%2C1200&ssl=1&resize=350%2C200 1x, https:\/\/i0.wp.com\/zeromagazine.mx\/wp-content\/uploads\/2025\/06\/Poster-Vertical.jpg?fit=960%2C1200&ssl=1&resize=525%2C300 1.5x, https:\/\/i0.wp.com\/zeromagazine.mx\/wp-content\/uploads\/2025\/06\/Poster-Vertical.jpg?fit=960%2C1200&ssl=1&resize=700%2C400 2x"},"classes":[]},{"id":78571,"url":"https:\/\/zeromagazine.mx\/index.php\/2024\/06\/18\/orgullo-en-comunidad-celebrando-todxs-lxs-cuerpxs-musicxs-edades-e-identidades\/","url_meta":{"origin":105892,"position":1},"title":"\u00a1Orgullo en Comunidad: Celebrando Todxs lxs Cuerpxs, M\u00fasicxs, Edades e Identidades!","author":"zeromagazinemx","date":"18 de junio de 2024","format":false,"excerpt":"El pr\u00f3ximo 29 de junio vamos a celebrar juntxs el Orgullo LGBTQIA+ en uno de los eventos m\u00e1s esperados del a\u00f1o: PRIDE TOGETHER CDMX. Este ser\u00e1 un espacio libre de discriminaci\u00f3n y completamente seguro para disfrutar de la diversidad y la m\u00fasica en Expo Reforma. Para comenzar, PRIDE TOGETHER CDMX\u2026","rel":"","context":"En \u00abBlog\u00bb","block_context":{"text":"Blog","link":"https:\/\/zeromagazine.mx\/index.php\/category\/blog\/"},"img":{"alt_text":"","src":"https:\/\/i0.wp.com\/zeromagazine.mx\/wp-content\/uploads\/2024\/06\/CUADRO_PRIDE_TOGETHER_2024.png?fit=1200%2C1200&ssl=1&resize=350%2C200","width":350,"height":200,"srcset":"https:\/\/i0.wp.com\/zeromagazine.mx\/wp-content\/uploads\/2024\/06\/CUADRO_PRIDE_TOGETHER_2024.png?fit=1200%2C1200&ssl=1&resize=350%2C200 1x, https:\/\/i0.wp.com\/zeromagazine.mx\/wp-content\/uploads\/2024\/06\/CUADRO_PRIDE_TOGETHER_2024.png?fit=1200%2C1200&ssl=1&resize=525%2C300 1.5x, https:\/\/i0.wp.com\/zeromagazine.mx\/wp-content\/uploads\/2024\/06\/CUADRO_PRIDE_TOGETHER_2024.png?fit=1200%2C1200&ssl=1&resize=700%2C400 2x, https:\/\/i0.wp.com\/zeromagazine.mx\/wp-content\/uploads\/2024\/06\/CUADRO_PRIDE_TOGETHER_2024.png?fit=1200%2C1200&ssl=1&resize=1050%2C600 3x"},"classes":[]},{"id":106222,"url":"https:\/\/zeromagazine.mx\/index.php\/2025\/06\/24\/vallarta-pride-el-pride-de-mexico\/","url_meta":{"origin":105892,"position":2},"title":"Vallarta Pride: El Pride de M\u00e9xico","author":"David Morales","date":"24 de junio de 2025","format":false,"excerpt":"Puerto Vallarta Pride 2025 fue mi primera marcha del orgullo. S\u00ed, lo le\u00edste bien: a mis 37 a\u00f1os, despu\u00e9s de dos d\u00e9cadas fuera del cl\u00f3set, jam\u00e1s hab\u00eda asistido a una. No fue en Ciudad de M\u00e9xico, ni en Guadalajara, ni en otro destino \u201cpopular\u201d. Fue en Puerto Vallarta, un lugar\u2026","rel":"","context":"En \u00abCultura\u00bb","block_context":{"text":"Cultura","link":"https:\/\/zeromagazine.mx\/index.php\/category\/cultura\/"},"img":{"alt_text":"","src":"https:\/\/i0.wp.com\/zeromagazine.mx\/wp-content\/uploads\/2025\/06\/IMG_4699-scaled.jpeg?fit=625%2C1200&ssl=1&resize=350%2C200","width":350,"height":200,"srcset":"https:\/\/i0.wp.com\/zeromagazine.mx\/wp-content\/uploads\/2025\/06\/IMG_4699-scaled.jpeg?fit=625%2C1200&ssl=1&resize=350%2C200 1x, https:\/\/i0.wp.com\/zeromagazine.mx\/wp-content\/uploads\/2025\/06\/IMG_4699-scaled.jpeg?fit=625%2C1200&ssl=1&resize=525%2C300 1.5x"},"classes":[]},{"id":106291,"url":"https:\/\/zeromagazine.mx\/index.php\/2025\/06\/26\/alive-pride-la-fiesta-que-ilumina-el-cielo\/","url_meta":{"origin":105892,"position":3},"title":"Alive Pride, la fiesta que ilumina el cielo de la CDMX","author":"David Morales","date":"26 de junio de 2025","format":false,"excerpt":"Amix la neta, no hay nada m\u00e1s ic\u00f3nico que celebrar el orgullo siendo t\u00fa misme, libre, amando sin miedo y gritando qui\u00e9n eres al universo. Y si encima lo haces desde el piso 25 con la CDMX iluminada a tus pies\u2026 \u00a1uff! Entonces llegaste a Alive Pride, la fiesta m\u00e1s\u2026","rel":"","context":"En \u00abCultura\u00bb","block_context":{"text":"Cultura","link":"https:\/\/zeromagazine.mx\/index.php\/category\/cultura\/"},"img":{"alt_text":"","src":"https:\/\/i0.wp.com\/zeromagazine.mx\/wp-content\/uploads\/2025\/06\/ALIVE-6.png?fit=1200%2C800&ssl=1&resize=350%2C200","width":350,"height":200,"srcset":"https:\/\/i0.wp.com\/zeromagazine.mx\/wp-content\/uploads\/2025\/06\/ALIVE-6.png?fit=1200%2C800&ssl=1&resize=350%2C200 1x, https:\/\/i0.wp.com\/zeromagazine.mx\/wp-content\/uploads\/2025\/06\/ALIVE-6.png?fit=1200%2C800&ssl=1&resize=525%2C300 1.5x, https:\/\/i0.wp.com\/zeromagazine.mx\/wp-content\/uploads\/2025\/06\/ALIVE-6.png?fit=1200%2C800&ssl=1&resize=700%2C400 2x, https:\/\/i0.wp.com\/zeromagazine.mx\/wp-content\/uploads\/2025\/06\/ALIVE-6.png?fit=1200%2C800&ssl=1&resize=1050%2C600 3x"},"classes":[]},{"id":106408,"url":"https:\/\/zeromagazine.mx\/index.php\/2025\/06\/23\/celebra-el-pride-en-fifty-mils-con-coctelles\/","url_meta":{"origin":105892,"position":4},"title":"Pride en Fifty Mils: cocteles, libertad y flow","author":"David Morales","date":"23 de junio de 2025","format":false,"excerpt":"Amix, si est\u00e1s buscando un plan con glamour, vibra queer y cocteles top para cerrar junio como se debe, esto te interesa: Pride en Fifty Mils ya est\u00e1 aqu\u00ed. El pr\u00f3ximo 27 de junio, de 8:00 p.m. a 2:00 a.m., este ic\u00f3nico bar dentro del Four Seasons CDMX se va\u2026","rel":"","context":"En \u00abViajes\u00bb","block_context":{"text":"Viajes","link":"https:\/\/zeromagazine.mx\/index.php\/category\/lugares\/"},"img":{"alt_text":"","src":"https:\/\/i0.wp.com\/zeromagazine.mx\/wp-content\/uploads\/2025\/06\/Captura-de-pantalla-2023-02-22-a-las-11.02.36.png?fit=1200%2C669&ssl=1&resize=350%2C200","width":350,"height":200,"srcset":"https:\/\/i0.wp.com\/zeromagazine.mx\/wp-content\/uploads\/2025\/06\/Captura-de-pantalla-2023-02-22-a-las-11.02.36.png?fit=1200%2C669&ssl=1&resize=350%2C200 1x, https:\/\/i0.wp.com\/zeromagazine.mx\/wp-content\/uploads\/2025\/06\/Captura-de-pantalla-2023-02-22-a-las-11.02.36.png?fit=1200%2C669&ssl=1&resize=525%2C300 1.5x, https:\/\/i0.wp.com\/zeromagazine.mx\/wp-content\/uploads\/2025\/06\/Captura-de-pantalla-2023-02-22-a-las-11.02.36.png?fit=1200%2C669&ssl=1&resize=700%2C400 2x, https:\/\/i0.wp.com\/zeromagazine.mx\/wp-content\/uploads\/2025\/06\/Captura-de-pantalla-2023-02-22-a-las-11.02.36.png?fit=1200%2C669&ssl=1&resize=1050%2C600 3x"},"classes":[]},{"id":78356,"url":"https:\/\/zeromagazine.mx\/index.php\/2024\/06\/17\/vive-el-pride-month-en-mondrian-cdmx\/","url_meta":{"origin":105892,"position":5},"title":"\u00a1Vive el Pride Month en Mondrian CDMX!","author":"zeromagazinemx","date":"17 de junio de 2024","format":false,"excerpt":"Hoy les traigo una propuesta incre\u00edble para celebrar el Pride Month en grande y sin salir de nuestra amada Ciudad de M\u00e9xico. El Mondrian Mexico City Condesa tiene una oferta que no se pueden perder: un 25% de descuento por dos noches en un cuarto \u201cdeluxe\u201d o \u201csuite\u201d. Imag\u00ednense tener\u2026","rel":"","context":"En \u00abViajes\u00bb","block_context":{"text":"Viajes","link":"https:\/\/zeromagazine.mx\/index.php\/category\/lugares\/"},"img":{"alt_text":"","src":"https:\/\/i0.wp.com\/zeromagazine.mx\/wp-content\/uploads\/2024\/06\/Mondrian-Condesa-Pride-scaled.jpg?fit=1200%2C801&ssl=1&resize=350%2C200","width":350,"height":200,"srcset":"https:\/\/i0.wp.com\/zeromagazine.mx\/wp-content\/uploads\/2024\/06\/Mondrian-Condesa-Pride-scaled.jpg?fit=1200%2C801&ssl=1&resize=350%2C200 1x, https:\/\/i0.wp.com\/zeromagazine.mx\/wp-content\/uploads\/2024\/06\/Mondrian-Condesa-Pride-scaled.jpg?fit=1200%2C801&ssl=1&resize=525%2C300 1.5x, https:\/\/i0.wp.com\/zeromagazine.mx\/wp-content\/uploads\/2024\/06\/Mondrian-Condesa-Pride-scaled.jpg?fit=1200%2C801&ssl=1&resize=700%2C400 2x, https:\/\/i0.wp.com\/zeromagazine.mx\/wp-content\/uploads\/2024\/06\/Mondrian-Condesa-Pride-scaled.jpg?fit=1200%2C801&ssl=1&resize=1050%2C600 3x"},"classes":[]}],"jetpack_sharing_enabled":true,"builder_content":"","_links":{"self":[{"href":"https:\/\/zeromagazine.mx\/index.php\/wp-json\/wp\/v2\/posts\/105892","targetHints":{"allow":["GET"]}}],"collection":[{"href":"https:\/\/zeromagazine.mx\/index.php\/wp-json\/wp\/v2\/posts"}],"about":[{"href":"https:\/\/zeromagazine.mx\/index.php\/wp-json\/wp\/v2\/types\/post"}],"author":[{"embeddable":true,"href":"https:\/\/zeromagazine.mx\/index.php\/wp-json\/wp\/v2\/users\/4"}],"replies":[{"embeddable":true,"href":"https:\/\/zeromagazine.mx\/index.php\/wp-json\/wp\/v2\/comments?post=105892"}],"version-history":[{"count":1,"href":"https:\/\/zeromagazine.mx\/index.php\/wp-json\/wp\/v2\/posts\/105892\/revisions"}],"predecessor-version":[{"id":105896,"href":"https:\/\/zeromagazine.mx\/index.php\/wp-json\/wp\/v2\/posts\/105892\/revisions\/105896"}],"wp:featuredmedia":[{"embeddable":true,"href":"https:\/\/zeromagazine.mx\/index.php\/wp-json\/wp\/v2\/media\/105895"}],"wp:attachment":[{"href":"https:\/\/zeromagazine.mx\/index.php\/wp-json\/wp\/v2\/media?parent=105892"}],"wp:term":[{"taxonomy":"category","embeddable":true,"href":"https:\/\/zeromagazine.mx\/index.php\/wp-json\/wp\/v2\/categories?post=105892"},{"taxonomy":"post_tag","embeddable":true,"href":"https:\/\/zeromagazine.mx\/index.php\/wp-json\/wp\/v2\/tags?post=105892"}],"curies":[{"name":"wp","href":"https:\/\/api.w.org\/{rel}","templated":true}]}}