{"id":105919,"date":"2025-06-11T17:21:46","date_gmt":"2025-06-11T23:21:46","guid":{"rendered":"https:\/\/zeromagazine.mx\/?p=105919"},"modified":"2025-06-11T17:21:48","modified_gmt":"2025-06-11T23:21:48","slug":"dia-del-padre-en-destileria-san-patricio-es-experiencia-de-calidad","status":"publish","type":"post","link":"https:\/\/zeromagazine.mx\/index.php\/2025\/06\/11\/dia-del-padre-en-destileria-san-patricio-es-experiencia-de-calidad\/","title":{"rendered":"D\u00eda del Padre en Destiler\u00eda San Patricio es experiencia de calidad"},"content":{"rendered":"<p>Amix, este <strong>15 de junio<\/strong> olv\u00eddate del t\u00edpico regalo de \u00faltimo minuto, porque se viene una experiencia que lo tiene todo: tragos, naturaleza, historia y flow irland\u00e9s. As\u00ed es, el <strong>D\u00eda del Padre en Destiler\u00eda San Patricio<\/strong> es \u00abEl Plan\u00bb si quieren sorprender a tu pap\u00e1 con algo fuera de lo com\u00fan. Pues este lugar esta lleno de vibes m\u00e1gicas, paisajes \u00e9picos y mucho sabor. Literal, es el mix perfecto entre aventura, chill y un homenaje de coraz\u00f3n. As\u00ed que si quieres pasar tiempo de calidad en un lugar incre\u00edble, la <strong>Destiler\u00eda<\/strong> <strong>San Patricio<\/strong> es una gran opci\u00f3n y aqu\u00ed te traigo los detalles.<\/p>\n\n\n<div class=\"wp-block-image\">\n<figure class=\"aligncenter size-large\"><img data-recalc-dims=\"1\" decoding=\"async\" width=\"1024\" height=\"768\" src=\"https:\/\/i0.wp.com\/zeromagazine.mx\/wp-content\/uploads\/2025\/06\/SALA-DE-BARRICAS-1-1024x768.jpeg?resize=1024%2C768&#038;ssl=1\" alt=\"\" class=\"wp-image-105921\" srcset=\"https:\/\/i0.wp.com\/zeromagazine.mx\/wp-content\/uploads\/2025\/06\/SALA-DE-BARRICAS-1-scaled.jpeg?resize=1024%2C768&amp;ssl=1 1024w, https:\/\/i0.wp.com\/zeromagazine.mx\/wp-content\/uploads\/2025\/06\/SALA-DE-BARRICAS-1-scaled.jpeg?resize=300%2C225&amp;ssl=1 300w, https:\/\/i0.wp.com\/zeromagazine.mx\/wp-content\/uploads\/2025\/06\/SALA-DE-BARRICAS-1-scaled.jpeg?resize=768%2C576&amp;ssl=1 768w, https:\/\/i0.wp.com\/zeromagazine.mx\/wp-content\/uploads\/2025\/06\/SALA-DE-BARRICAS-1-scaled.jpeg?resize=1536%2C1152&amp;ssl=1 1536w, https:\/\/i0.wp.com\/zeromagazine.mx\/wp-content\/uploads\/2025\/06\/SALA-DE-BARRICAS-1-scaled.jpeg?resize=2048%2C1536&amp;ssl=1 2048w, https:\/\/i0.wp.com\/zeromagazine.mx\/wp-content\/uploads\/2025\/06\/SALA-DE-BARRICAS-1-scaled.jpeg?w=2330 2330w\" sizes=\"(max-width: 1024px) 100vw, 1024px\" \/><\/figure>\n<\/div>\n\n\n<h3 class=\"wp-block-heading\">El D\u00eda del Padre en Destiler\u00eda San Patricio se vive con historia<\/h3>\n\n\n\n<p>Primero, este tour no es cualquier paseo. Aqu\u00ed se rinde homenaje a la tradici\u00f3n y se celebra la conexi\u00f3n entre pap\u00e1 y la tierra (literalmente). Pues el recorrido incluye una visita al Parque Dos Aguas \u2014donde nace el agua pura que da vida a sus destilados\u2014, un desayuno en plena naturaleza con cebada especial, y una degustaci\u00f3n que se siente como un abrazo l\u00edquido al alma. Todo esto acompa\u00f1ado de gaitas, folk y danza irlandesa que le dan ese toque \u00fanico y memorable.<\/p>\n\n\n\n<script async src=\"https:\/\/pagead2.googlesyndication.com\/pagead\/js\/adsbygoogle.js?client=ca-pub-5499304793904745\"\n     crossorigin=\"anonymous\"><\/script>\n<ins class=\"adsbygoogle\"\n     style=\"display:block; text-align:center;\"\n     data-ad-layout=\"in-article\"\n     data-ad-format=\"fluid\"\n     data-ad-client=\"ca-pub-5499304793904745\"\n     data-ad-slot=\"5994863093\"><\/ins>\n<script>\n     (adsbygoogle = window.adsbygoogle || []).push({});\n<\/script>\n\n\n\n<h3 class=\"wp-block-heading\">Whiskies, gins y vodkas con alma<\/h3>\n\n\n\n<p>Igualmente, el <strong>D\u00eda del Padre en Destiler\u00eda San Patricio<\/strong>,  incluye a pap\u00e1 la oportunidad de conocer tres joyitas: su whisky 100% Single Malt (orgullo nacional), el Gin Claddagh con triple destilaci\u00f3n y bot\u00e1nicos elegidos con amor, y Paddy, su vodka artesanal con alma de bosque. Todos elaborados con procesos detallados y mucho coraz\u00f3n, en un edificio hist\u00f3rico del siglo XIX, rodeado por los volcanes m\u00e1s impresionantes del Valle de M\u00e9xico.<\/p>\n\n\n<div class=\"wp-block-image\">\n<figure class=\"aligncenter size-large\"><img data-recalc-dims=\"1\" decoding=\"async\" width=\"1024\" height=\"683\" src=\"https:\/\/i0.wp.com\/zeromagazine.mx\/wp-content\/uploads\/2025\/06\/MANTEL-DE-CATA-1024x683.jpg?resize=1024%2C683&#038;ssl=1\" alt=\"\" class=\"wp-image-105922\" srcset=\"https:\/\/i0.wp.com\/zeromagazine.mx\/wp-content\/uploads\/2025\/06\/MANTEL-DE-CATA-scaled.jpg?resize=1024%2C683&amp;ssl=1 1024w, https:\/\/i0.wp.com\/zeromagazine.mx\/wp-content\/uploads\/2025\/06\/MANTEL-DE-CATA-scaled.jpg?resize=300%2C200&amp;ssl=1 300w, https:\/\/i0.wp.com\/zeromagazine.mx\/wp-content\/uploads\/2025\/06\/MANTEL-DE-CATA-scaled.jpg?resize=768%2C512&amp;ssl=1 768w, https:\/\/i0.wp.com\/zeromagazine.mx\/wp-content\/uploads\/2025\/06\/MANTEL-DE-CATA-scaled.jpg?resize=1536%2C1024&amp;ssl=1 1536w, https:\/\/i0.wp.com\/zeromagazine.mx\/wp-content\/uploads\/2025\/06\/MANTEL-DE-CATA-scaled.jpg?resize=2048%2C1365&amp;ssl=1 2048w, https:\/\/i0.wp.com\/zeromagazine.mx\/wp-content\/uploads\/2025\/06\/MANTEL-DE-CATA-scaled.jpg?w=2330 2330w\" sizes=\"(max-width: 1024px) 100vw, 1024px\" \/><\/figure>\n<\/div>\n\n\n<h3 class=\"wp-block-heading\">Un brindis con significado<\/h3>\n\n\n\n<p>Finalmente, m\u00e1s all\u00e1 del tour, este plan es un momento para compartir, agradecer y crear recuerdos reales. Porque el <strong>D\u00eda del Padre en Destiler\u00eda San Patricio<\/strong> es una celebraci\u00f3n sensorial que conecta sabores, paisajes y emociones. Es el tipo de plan que no solo se disfruta ese d\u00eda, sino que se queda guardado en la memoria. As\u00ed que ya sabes, si quieren quieres pasar un momento memorable y de calidad con tu padre, puedes ir  armando la reserva en <a href=\"https:\/\/destileriasanpatricio.com.mx\/\">destileriasanpatricio.com.mx<\/a>. Porque pap\u00e1 y tu se merece una experiencia inolvidable que lo haga conectar y valorar su v\u00ednculo.<\/p>\n\n\n\n<p>Y si quieres conocer m\u00e1s recomendaciones de lugares, visita<a href=\"https:\/\/zeromagazine.mx\/\"> zeromagazine.mx<\/a> o s\u00edguenos en <a href=\"https:\/\/www.instagram.com\/zeromagazinemx\/\">@zeromagazinemx.<\/a><\/p>\n\n\n\n<script async src=\"https:\/\/pagead2.googlesyndication.com\/pagead\/js\/adsbygoogle.js?client=ca-pub-5499304793904745\"\n     crossorigin=\"anonymous\"><\/script>\n<ins class=\"adsbygoogle\"\n     style=\"display:block; text-align:center;\"\n     data-ad-layout=\"in-article\"\n     data-ad-format=\"fluid\"\n     data-ad-client=\"ca-pub-5499304793904745\"\n     data-ad-slot=\"5994863093\"><\/ins>\n<script>\n     (adsbygoogle = window.adsbygoogle || []).push({});\n<\/script>\n\n<!--themify_builder_content-->\n<div id=\"themify_builder_content-105919\" data-postid=\"105919\" class=\"themify_builder_content themify_builder_content-105919 themify_builder tf_clear\">\n    <\/div>\n<!--\/themify_builder_content-->","protected":false},"excerpt":{"rendered":"<p>Amix, este 15 de junio olv\u00eddate del t\u00edpico regalo de \u00faltimo minuto, porque se viene una experiencia que lo tiene todo: tragos, naturaleza, historia y flow irland\u00e9s. As\u00ed es, el D\u00eda del Padre en Destiler\u00eda San Patricio es \u00abEl Plan\u00bb si quieren sorprender a tu pap\u00e1 con algo fuera de lo com\u00fan. Pues este lugar [&hellip;]<\/p>\n","protected":false},"author":4,"featured_media":105923,"comment_status":"open","ping_status":"open","sticky":false,"template":"","format":"standard","meta":{"_jetpack_memberships_contains_paid_content":false,"footnotes":"","jetpack_publicize_message":"","jetpack_publicize_feature_enabled":true,"jetpack_social_post_already_shared":true,"jetpack_social_options":{"image_generator_settings":{"template":"highway","default_image_id":0,"font":"","enabled":false},"version":2}},"categories":[322],"tags":[8469,401,403,13971,4911],"class_list":["post-105919","post","type-post","status-publish","format-standard","has-post-thumbnail","hentry","category-lugares","tag-destileria-san-patricio","tag-dia-del-padre","tag-regalos-para-el-dia-del-padre","tag-regalos-para-papa","tag-whisky","has-post-title","has-post-date","has-post-category","has-post-tag","has-post-comment","has-post-author",""],"yoast_head":"<!-- This site is optimized with the Yoast SEO plugin v27.5 - https:\/\/yoast.com\/product\/yoast-seo-wordpress\/ -->\n<title>D\u00eda del Padre en Destiler\u00eda San Patricio es experiencia de calidad - Zero Magazine<\/title>\n<meta name=\"description\" content=\"Si buscas conectar y tener un momento memorable con pap\u00e1; ven a vivir un tour irland\u00e9s este D\u00eda Del Padre en Destiler\u00eda San Patricio\" \/>\n<meta name=\"robots\" content=\"index, follow, max-snippet:-1, max-image-preview:large, max-video-preview:-1\" \/>\n<link rel=\"canonical\" href=\"https:\/\/zeromagazine.mx\/index.php\/2025\/06\/11\/dia-del-padre-en-destileria-san-patricio-es-experiencia-de-calidad\/\" \/>\n<meta property=\"og:locale\" content=\"es_ES\" \/>\n<meta property=\"og:type\" content=\"article\" \/>\n<meta property=\"og:title\" content=\"D\u00eda del Padre en Destiler\u00eda San Patricio es experiencia de calidad - Zero Magazine\" \/>\n<meta property=\"og:description\" content=\"Si buscas conectar y tener un momento memorable con pap\u00e1; ven a vivir un tour irland\u00e9s este D\u00eda Del Padre en Destiler\u00eda San Patricio\" \/>\n<meta property=\"og:url\" content=\"https:\/\/zeromagazine.mx\/index.php\/2025\/06\/11\/dia-del-padre-en-destileria-san-patricio-es-experiencia-de-calidad\/\" \/>\n<meta property=\"og:site_name\" content=\"Zero Magazine\" \/>\n<meta property=\"article:published_time\" content=\"2025-06-11T23:21:46+00:00\" \/>\n<meta property=\"article:modified_time\" content=\"2025-06-11T23:21:48+00:00\" \/>\n<meta property=\"og:image\" content=\"http:\/\/zeromagazine.mx\/wp-content\/uploads\/2025\/06\/PHOTO-2024-05-17-08-25-59.jpg\" \/>\n\t<meta property=\"og:image:width\" content=\"1417\" \/>\n\t<meta property=\"og:image:height\" content=\"945\" \/>\n\t<meta property=\"og:image:type\" content=\"image\/jpeg\" \/>\n<meta name=\"author\" content=\"David Morales\" \/>\n<meta name=\"twitter:card\" content=\"summary_large_image\" \/>\n<meta name=\"twitter:label1\" content=\"Escrito por\" \/>\n\t<meta name=\"twitter:data1\" content=\"David Morales\" \/>\n\t<meta name=\"twitter:label2\" content=\"Tiempo de lectura\" \/>\n\t<meta name=\"twitter:data2\" content=\"3 minutos\" \/>\n<script type=\"application\/ld+json\" class=\"yoast-schema-graph\">{\"@context\":\"https:\\\/\\\/schema.org\",\"@graph\":[{\"@type\":\"Article\",\"@id\":\"https:\\\/\\\/zeromagazine.mx\\\/index.php\\\/2025\\\/06\\\/11\\\/dia-del-padre-en-destileria-san-patricio-es-experiencia-de-calidad\\\/#article\",\"isPartOf\":{\"@id\":\"https:\\\/\\\/zeromagazine.mx\\\/index.php\\\/2025\\\/06\\\/11\\\/dia-del-padre-en-destileria-san-patricio-es-experiencia-de-calidad\\\/\"},\"author\":{\"name\":\"David Morales\",\"@id\":\"https:\\\/\\\/zeromagazine.mx\\\/#\\\/schema\\\/person\\\/9f7f1a17c60ba8e9980e3e6677aabe5a\"},\"headline\":\"D\u00eda del Padre en Destiler\u00eda San Patricio es experiencia de calidad\",\"datePublished\":\"2025-06-11T23:21:46+00:00\",\"dateModified\":\"2025-06-11T23:21:48+00:00\",\"mainEntityOfPage\":{\"@id\":\"https:\\\/\\\/zeromagazine.mx\\\/index.php\\\/2025\\\/06\\\/11\\\/dia-del-padre-en-destileria-san-patricio-es-experiencia-de-calidad\\\/\"},\"wordCount\":438,\"commentCount\":0,\"publisher\":{\"@id\":\"https:\\\/\\\/zeromagazine.mx\\\/#organization\"},\"image\":{\"@id\":\"https:\\\/\\\/zeromagazine.mx\\\/index.php\\\/2025\\\/06\\\/11\\\/dia-del-padre-en-destileria-san-patricio-es-experiencia-de-calidad\\\/#primaryimage\"},\"thumbnailUrl\":\"https:\\\/\\\/i0.wp.com\\\/zeromagazine.mx\\\/wp-content\\\/uploads\\\/2025\\\/06\\\/PHOTO-2024-05-17-08-25-59.jpg?fit=1417%2C945&ssl=1\",\"keywords\":[\"Destiler\u00eda San Patricio\",\"D\u00eda del padre\",\"regalos para el d\u00eda del padre\",\"Regalos para pap\u00e1\",\"whisky\"],\"articleSection\":[\"Viajes\"],\"inLanguage\":\"es\",\"potentialAction\":[{\"@type\":\"CommentAction\",\"name\":\"Comment\",\"target\":[\"https:\\\/\\\/zeromagazine.mx\\\/index.php\\\/2025\\\/06\\\/11\\\/dia-del-padre-en-destileria-san-patricio-es-experiencia-de-calidad\\\/#respond\"]}]},{\"@type\":\"WebPage\",\"@id\":\"https:\\\/\\\/zeromagazine.mx\\\/index.php\\\/2025\\\/06\\\/11\\\/dia-del-padre-en-destileria-san-patricio-es-experiencia-de-calidad\\\/\",\"url\":\"https:\\\/\\\/zeromagazine.mx\\\/index.php\\\/2025\\\/06\\\/11\\\/dia-del-padre-en-destileria-san-patricio-es-experiencia-de-calidad\\\/\",\"name\":\"D\u00eda del Padre en Destiler\u00eda San Patricio es experiencia de calidad - Zero Magazine\",\"isPartOf\":{\"@id\":\"https:\\\/\\\/zeromagazine.mx\\\/#website\"},\"primaryImageOfPage\":{\"@id\":\"https:\\\/\\\/zeromagazine.mx\\\/index.php\\\/2025\\\/06\\\/11\\\/dia-del-padre-en-destileria-san-patricio-es-experiencia-de-calidad\\\/#primaryimage\"},\"image\":{\"@id\":\"https:\\\/\\\/zeromagazine.mx\\\/index.php\\\/2025\\\/06\\\/11\\\/dia-del-padre-en-destileria-san-patricio-es-experiencia-de-calidad\\\/#primaryimage\"},\"thumbnailUrl\":\"https:\\\/\\\/i0.wp.com\\\/zeromagazine.mx\\\/wp-content\\\/uploads\\\/2025\\\/06\\\/PHOTO-2024-05-17-08-25-59.jpg?fit=1417%2C945&ssl=1\",\"datePublished\":\"2025-06-11T23:21:46+00:00\",\"dateModified\":\"2025-06-11T23:21:48+00:00\",\"description\":\"Si buscas conectar y tener un momento memorable con pap\u00e1; ven a vivir un tour irland\u00e9s este D\u00eda Del Padre en Destiler\u00eda San Patricio\",\"breadcrumb\":{\"@id\":\"https:\\\/\\\/zeromagazine.mx\\\/index.php\\\/2025\\\/06\\\/11\\\/dia-del-padre-en-destileria-san-patricio-es-experiencia-de-calidad\\\/#breadcrumb\"},\"inLanguage\":\"es\",\"potentialAction\":[{\"@type\":\"ReadAction\",\"target\":[\"https:\\\/\\\/zeromagazine.mx\\\/index.php\\\/2025\\\/06\\\/11\\\/dia-del-padre-en-destileria-san-patricio-es-experiencia-de-calidad\\\/\"]}]},{\"@type\":\"ImageObject\",\"inLanguage\":\"es\",\"@id\":\"https:\\\/\\\/zeromagazine.mx\\\/index.php\\\/2025\\\/06\\\/11\\\/dia-del-padre-en-destileria-san-patricio-es-experiencia-de-calidad\\\/#primaryimage\",\"url\":\"https:\\\/\\\/i0.wp.com\\\/zeromagazine.mx\\\/wp-content\\\/uploads\\\/2025\\\/06\\\/PHOTO-2024-05-17-08-25-59.jpg?fit=1417%2C945&ssl=1\",\"contentUrl\":\"https:\\\/\\\/i0.wp.com\\\/zeromagazine.mx\\\/wp-content\\\/uploads\\\/2025\\\/06\\\/PHOTO-2024-05-17-08-25-59.jpg?fit=1417%2C945&ssl=1\",\"width\":1417,\"height\":945},{\"@type\":\"BreadcrumbList\",\"@id\":\"https:\\\/\\\/zeromagazine.mx\\\/index.php\\\/2025\\\/06\\\/11\\\/dia-del-padre-en-destileria-san-patricio-es-experiencia-de-calidad\\\/#breadcrumb\",\"itemListElement\":[{\"@type\":\"ListItem\",\"position\":1,\"name\":\"Portada\",\"item\":\"https:\\\/\\\/zeromagazine.mx\\\/\"},{\"@type\":\"ListItem\",\"position\":2,\"name\":\"D\u00eda del Padre en Destiler\u00eda San Patricio es experiencia de calidad\"}]},{\"@type\":\"WebSite\",\"@id\":\"https:\\\/\\\/zeromagazine.mx\\\/#website\",\"url\":\"https:\\\/\\\/zeromagazine.mx\\\/\",\"name\":\"Zero Magazine\",\"description\":\"\",\"publisher\":{\"@id\":\"https:\\\/\\\/zeromagazine.mx\\\/#organization\"},\"potentialAction\":[{\"@type\":\"SearchAction\",\"target\":{\"@type\":\"EntryPoint\",\"urlTemplate\":\"https:\\\/\\\/zeromagazine.mx\\\/?s={search_term_string}\"},\"query-input\":{\"@type\":\"PropertyValueSpecification\",\"valueRequired\":true,\"valueName\":\"search_term_string\"}}],\"inLanguage\":\"es\"},{\"@type\":\"Organization\",\"@id\":\"https:\\\/\\\/zeromagazine.mx\\\/#organization\",\"name\":\"Zero Magazine\",\"url\":\"https:\\\/\\\/zeromagazine.mx\\\/\",\"logo\":{\"@type\":\"ImageObject\",\"inLanguage\":\"es\",\"@id\":\"https:\\\/\\\/zeromagazine.mx\\\/#\\\/schema\\\/logo\\\/image\\\/\",\"url\":\"https:\\\/\\\/i0.wp.com\\\/zeromagazine.mx\\\/wp-content\\\/uploads\\\/2025\\\/11\\\/1.jpeg?fit=1000%2C1000&ssl=1\",\"contentUrl\":\"https:\\\/\\\/i0.wp.com\\\/zeromagazine.mx\\\/wp-content\\\/uploads\\\/2025\\\/11\\\/1.jpeg?fit=1000%2C1000&ssl=1\",\"width\":1000,\"height\":1000,\"caption\":\"Zero Magazine\"},\"image\":{\"@id\":\"https:\\\/\\\/zeromagazine.mx\\\/#\\\/schema\\\/logo\\\/image\\\/\"},\"sameAs\":[\"https:\\\/\\\/instagram.com\\\/zeromagazinemx\"]},{\"@type\":\"Person\",\"@id\":\"https:\\\/\\\/zeromagazine.mx\\\/#\\\/schema\\\/person\\\/9f7f1a17c60ba8e9980e3e6677aabe5a\",\"name\":\"David Morales\",\"image\":{\"@type\":\"ImageObject\",\"inLanguage\":\"es\",\"@id\":\"https:\\\/\\\/zeromagazine.mx\\\/wp-content\\\/litespeed\\\/avatar\\\/76069d2136bfc1c37dc34815bb67ca42.jpg?ver=1777571067\",\"url\":\"https:\\\/\\\/zeromagazine.mx\\\/wp-content\\\/litespeed\\\/avatar\\\/76069d2136bfc1c37dc34815bb67ca42.jpg?ver=1777571067\",\"contentUrl\":\"https:\\\/\\\/zeromagazine.mx\\\/wp-content\\\/litespeed\\\/avatar\\\/76069d2136bfc1c37dc34815bb67ca42.jpg?ver=1777571067\",\"caption\":\"David Morales\"},\"url\":\"https:\\\/\\\/zeromagazine.mx\\\/index.php\\\/author\\\/david\\\/\"}]}<\/script>\n<!-- \/ Yoast SEO plugin. -->","yoast_head_json":{"title":"D\u00eda del Padre en Destiler\u00eda San Patricio es experiencia de calidad - Zero Magazine","description":"Si buscas conectar y tener un momento memorable con pap\u00e1; ven a vivir un tour irland\u00e9s este D\u00eda Del Padre en Destiler\u00eda San Patricio","robots":{"index":"index","follow":"follow","max-snippet":"max-snippet:-1","max-image-preview":"max-image-preview:large","max-video-preview":"max-video-preview:-1"},"canonical":"https:\/\/zeromagazine.mx\/index.php\/2025\/06\/11\/dia-del-padre-en-destileria-san-patricio-es-experiencia-de-calidad\/","og_locale":"es_ES","og_type":"article","og_title":"D\u00eda del Padre en Destiler\u00eda San Patricio es experiencia de calidad - Zero Magazine","og_description":"Si buscas conectar y tener un momento memorable con pap\u00e1; ven a vivir un tour irland\u00e9s este D\u00eda Del Padre en Destiler\u00eda San Patricio","og_url":"https:\/\/zeromagazine.mx\/index.php\/2025\/06\/11\/dia-del-padre-en-destileria-san-patricio-es-experiencia-de-calidad\/","og_site_name":"Zero Magazine","article_published_time":"2025-06-11T23:21:46+00:00","article_modified_time":"2025-06-11T23:21:48+00:00","og_image":[{"width":1417,"height":945,"url":"http:\/\/zeromagazine.mx\/wp-content\/uploads\/2025\/06\/PHOTO-2024-05-17-08-25-59.jpg","type":"image\/jpeg"}],"author":"David Morales","twitter_card":"summary_large_image","twitter_misc":{"Escrito por":"David Morales","Tiempo de lectura":"3 minutos"},"schema":{"@context":"https:\/\/schema.org","@graph":[{"@type":"Article","@id":"https:\/\/zeromagazine.mx\/index.php\/2025\/06\/11\/dia-del-padre-en-destileria-san-patricio-es-experiencia-de-calidad\/#article","isPartOf":{"@id":"https:\/\/zeromagazine.mx\/index.php\/2025\/06\/11\/dia-del-padre-en-destileria-san-patricio-es-experiencia-de-calidad\/"},"author":{"name":"David Morales","@id":"https:\/\/zeromagazine.mx\/#\/schema\/person\/9f7f1a17c60ba8e9980e3e6677aabe5a"},"headline":"D\u00eda del Padre en Destiler\u00eda San Patricio es experiencia de calidad","datePublished":"2025-06-11T23:21:46+00:00","dateModified":"2025-06-11T23:21:48+00:00","mainEntityOfPage":{"@id":"https:\/\/zeromagazine.mx\/index.php\/2025\/06\/11\/dia-del-padre-en-destileria-san-patricio-es-experiencia-de-calidad\/"},"wordCount":438,"commentCount":0,"publisher":{"@id":"https:\/\/zeromagazine.mx\/#organization"},"image":{"@id":"https:\/\/zeromagazine.mx\/index.php\/2025\/06\/11\/dia-del-padre-en-destileria-san-patricio-es-experiencia-de-calidad\/#primaryimage"},"thumbnailUrl":"https:\/\/i0.wp.com\/zeromagazine.mx\/wp-content\/uploads\/2025\/06\/PHOTO-2024-05-17-08-25-59.jpg?fit=1417%2C945&ssl=1","keywords":["Destiler\u00eda San Patricio","D\u00eda del padre","regalos para el d\u00eda del padre","Regalos para pap\u00e1","whisky"],"articleSection":["Viajes"],"inLanguage":"es","potentialAction":[{"@type":"CommentAction","name":"Comment","target":["https:\/\/zeromagazine.mx\/index.php\/2025\/06\/11\/dia-del-padre-en-destileria-san-patricio-es-experiencia-de-calidad\/#respond"]}]},{"@type":"WebPage","@id":"https:\/\/zeromagazine.mx\/index.php\/2025\/06\/11\/dia-del-padre-en-destileria-san-patricio-es-experiencia-de-calidad\/","url":"https:\/\/zeromagazine.mx\/index.php\/2025\/06\/11\/dia-del-padre-en-destileria-san-patricio-es-experiencia-de-calidad\/","name":"D\u00eda del Padre en Destiler\u00eda San Patricio es experiencia de calidad - Zero Magazine","isPartOf":{"@id":"https:\/\/zeromagazine.mx\/#website"},"primaryImageOfPage":{"@id":"https:\/\/zeromagazine.mx\/index.php\/2025\/06\/11\/dia-del-padre-en-destileria-san-patricio-es-experiencia-de-calidad\/#primaryimage"},"image":{"@id":"https:\/\/zeromagazine.mx\/index.php\/2025\/06\/11\/dia-del-padre-en-destileria-san-patricio-es-experiencia-de-calidad\/#primaryimage"},"thumbnailUrl":"https:\/\/i0.wp.com\/zeromagazine.mx\/wp-content\/uploads\/2025\/06\/PHOTO-2024-05-17-08-25-59.jpg?fit=1417%2C945&ssl=1","datePublished":"2025-06-11T23:21:46+00:00","dateModified":"2025-06-11T23:21:48+00:00","description":"Si buscas conectar y tener un momento memorable con pap\u00e1; ven a vivir un tour irland\u00e9s este D\u00eda Del Padre en Destiler\u00eda San Patricio","breadcrumb":{"@id":"https:\/\/zeromagazine.mx\/index.php\/2025\/06\/11\/dia-del-padre-en-destileria-san-patricio-es-experiencia-de-calidad\/#breadcrumb"},"inLanguage":"es","potentialAction":[{"@type":"ReadAction","target":["https:\/\/zeromagazine.mx\/index.php\/2025\/06\/11\/dia-del-padre-en-destileria-san-patricio-es-experiencia-de-calidad\/"]}]},{"@type":"ImageObject","inLanguage":"es","@id":"https:\/\/zeromagazine.mx\/index.php\/2025\/06\/11\/dia-del-padre-en-destileria-san-patricio-es-experiencia-de-calidad\/#primaryimage","url":"https:\/\/i0.wp.com\/zeromagazine.mx\/wp-content\/uploads\/2025\/06\/PHOTO-2024-05-17-08-25-59.jpg?fit=1417%2C945&ssl=1","contentUrl":"https:\/\/i0.wp.com\/zeromagazine.mx\/wp-content\/uploads\/2025\/06\/PHOTO-2024-05-17-08-25-59.jpg?fit=1417%2C945&ssl=1","width":1417,"height":945},{"@type":"BreadcrumbList","@id":"https:\/\/zeromagazine.mx\/index.php\/2025\/06\/11\/dia-del-padre-en-destileria-san-patricio-es-experiencia-de-calidad\/#breadcrumb","itemListElement":[{"@type":"ListItem","position":1,"name":"Portada","item":"https:\/\/zeromagazine.mx\/"},{"@type":"ListItem","position":2,"name":"D\u00eda del Padre en Destiler\u00eda San Patricio es experiencia de calidad"}]},{"@type":"WebSite","@id":"https:\/\/zeromagazine.mx\/#website","url":"https:\/\/zeromagazine.mx\/","name":"Zero Magazine","description":"","publisher":{"@id":"https:\/\/zeromagazine.mx\/#organization"},"potentialAction":[{"@type":"SearchAction","target":{"@type":"EntryPoint","urlTemplate":"https:\/\/zeromagazine.mx\/?s={search_term_string}"},"query-input":{"@type":"PropertyValueSpecification","valueRequired":true,"valueName":"search_term_string"}}],"inLanguage":"es"},{"@type":"Organization","@id":"https:\/\/zeromagazine.mx\/#organization","name":"Zero Magazine","url":"https:\/\/zeromagazine.mx\/","logo":{"@type":"ImageObject","inLanguage":"es","@id":"https:\/\/zeromagazine.mx\/#\/schema\/logo\/image\/","url":"https:\/\/i0.wp.com\/zeromagazine.mx\/wp-content\/uploads\/2025\/11\/1.jpeg?fit=1000%2C1000&ssl=1","contentUrl":"https:\/\/i0.wp.com\/zeromagazine.mx\/wp-content\/uploads\/2025\/11\/1.jpeg?fit=1000%2C1000&ssl=1","width":1000,"height":1000,"caption":"Zero Magazine"},"image":{"@id":"https:\/\/zeromagazine.mx\/#\/schema\/logo\/image\/"},"sameAs":["https:\/\/instagram.com\/zeromagazinemx"]},{"@type":"Person","@id":"https:\/\/zeromagazine.mx\/#\/schema\/person\/9f7f1a17c60ba8e9980e3e6677aabe5a","name":"David Morales","image":{"@type":"ImageObject","inLanguage":"es","@id":"https:\/\/zeromagazine.mx\/wp-content\/litespeed\/avatar\/76069d2136bfc1c37dc34815bb67ca42.jpg?ver=1777571067","url":"https:\/\/zeromagazine.mx\/wp-content\/litespeed\/avatar\/76069d2136bfc1c37dc34815bb67ca42.jpg?ver=1777571067","contentUrl":"https:\/\/zeromagazine.mx\/wp-content\/litespeed\/avatar\/76069d2136bfc1c37dc34815bb67ca42.jpg?ver=1777571067","caption":"David Morales"},"url":"https:\/\/zeromagazine.mx\/index.php\/author\/david\/"}]}},"jetpack_publicize_connections":[],"jetpack_featured_media_url":"https:\/\/i0.wp.com\/zeromagazine.mx\/wp-content\/uploads\/2025\/06\/PHOTO-2024-05-17-08-25-59.jpg?fit=1417%2C945&ssl=1","jetpack-related-posts":[{"id":77410,"url":"https:\/\/zeromagazine.mx\/index.php\/2024\/06\/07\/vive-el-dia-del-padre-como-nunca-en-destileria-san-patricio-una-experiencia-unica-y-memorable\/","url_meta":{"origin":105919,"position":0},"title":"Vive el D\u00eda del Padre como nunca en Destiler\u00eda San Patricio: una experiencia \u00fanica y memorable","author":"David Morales","date":"7 de junio de 2024","format":false,"excerpt":"Se viene el D\u00eda del Padre y, si andas buscando un plan nice y diferente, d\u00e9jame contarte de una joyita que encontr\u00e9: Destiler\u00eda San Patricio. Este lugar est\u00e1 en las faldas de los impresionantes volcanes del Valle de M\u00e9xico y ofrece una experiencia que no tiene comparaci\u00f3n. Imag\u00ednate combinar la\u2026","rel":"","context":"En \u00abBlog\u00bb","block_context":{"text":"Blog","link":"https:\/\/zeromagazine.mx\/index.php\/category\/blog\/"},"img":{"alt_text":"","src":"https:\/\/i0.wp.com\/zeromagazine.mx\/wp-content\/uploads\/2024\/06\/9V6A5614-1-scaled.jpg?fit=1200%2C800&ssl=1&resize=350%2C200","width":350,"height":200,"srcset":"https:\/\/i0.wp.com\/zeromagazine.mx\/wp-content\/uploads\/2024\/06\/9V6A5614-1-scaled.jpg?fit=1200%2C800&ssl=1&resize=350%2C200 1x, https:\/\/i0.wp.com\/zeromagazine.mx\/wp-content\/uploads\/2024\/06\/9V6A5614-1-scaled.jpg?fit=1200%2C800&ssl=1&resize=525%2C300 1.5x, https:\/\/i0.wp.com\/zeromagazine.mx\/wp-content\/uploads\/2024\/06\/9V6A5614-1-scaled.jpg?fit=1200%2C800&ssl=1&resize=700%2C400 2x, https:\/\/i0.wp.com\/zeromagazine.mx\/wp-content\/uploads\/2024\/06\/9V6A5614-1-scaled.jpg?fit=1200%2C800&ssl=1&resize=1050%2C600 3x"},"classes":[]},{"id":89280,"url":"https:\/\/zeromagazine.mx\/index.php\/2024\/11\/04\/atrevete-a-visitar-destileria-san-patricio\/","url_meta":{"origin":105919,"position":1},"title":"\u00abAtr\u00e9vete a Visitar Destiler\u00eda San Patricio\u00bb","author":"zeromagazinemx","date":"4 de noviembre de 2024","format":false,"excerpt":"\u00bfAlguna vez pensaste que podr\u00edas ir a un evento donde se mezclaran historia, cultura, ofrendas de D\u00eda de Muertos y hasta un whiskey con inspiraci\u00f3n irlandesa? Pues en plena CDMX, en la hermosa delegaci\u00f3n de Coyoac\u00e1n, la Destiler\u00eda San Patricio arm\u00f3 una presentaci\u00f3n \u00e9pica de sus destilados en Casa Coahuila.\u2026","rel":"","context":"En \u00abFoodie\u00bb","block_context":{"text":"Foodie","link":"https:\/\/zeromagazine.mx\/index.php\/category\/lifestyle\/foodie\/"},"img":{"alt_text":"","src":"https:\/\/i0.wp.com\/zeromagazine.mx\/wp-content\/uploads\/2024\/11\/botella_etiqueta_nueva_3-scaled.jpg?fit=1200%2C800&ssl=1&resize=350%2C200","width":350,"height":200,"srcset":"https:\/\/i0.wp.com\/zeromagazine.mx\/wp-content\/uploads\/2024\/11\/botella_etiqueta_nueva_3-scaled.jpg?fit=1200%2C800&ssl=1&resize=350%2C200 1x, https:\/\/i0.wp.com\/zeromagazine.mx\/wp-content\/uploads\/2024\/11\/botella_etiqueta_nueva_3-scaled.jpg?fit=1200%2C800&ssl=1&resize=525%2C300 1.5x, https:\/\/i0.wp.com\/zeromagazine.mx\/wp-content\/uploads\/2024\/11\/botella_etiqueta_nueva_3-scaled.jpg?fit=1200%2C800&ssl=1&resize=700%2C400 2x, https:\/\/i0.wp.com\/zeromagazine.mx\/wp-content\/uploads\/2024\/11\/botella_etiqueta_nueva_3-scaled.jpg?fit=1200%2C800&ssl=1&resize=1050%2C600 3x"},"classes":[]},{"id":93784,"url":"https:\/\/zeromagazine.mx\/index.php\/2024\/12\/20\/destileria-san-patricio-brinda-con-tradicion\/","url_meta":{"origin":105919,"position":2},"title":"Destiler\u00eda San Patricio: Brinda con Tradici\u00f3n","author":"zeromagazinemx","date":"20 de diciembre de 2024","format":false,"excerpt":"\u00a1Amix! Esta temporada navide\u00f1a, si quieres que tu celebraci\u00f3n sea algo realmente especial, no hay nada mejor que brindar con productos aut\u00e9nticos y llenos de historia. Y si de calidad se trata, no puedo dejar de hablarte de los destilados de Destiler\u00eda San Patricio, una marca que ha sabido combinar\u2026","rel":"","context":"En \u00abFoodie\u00bb","block_context":{"text":"Foodie","link":"https:\/\/zeromagazine.mx\/index.php\/category\/lifestyle\/foodie\/"},"img":{"alt_text":"","src":"https:\/\/i0.wp.com\/zeromagazine.mx\/wp-content\/uploads\/2024\/12\/unnamed-12.jpg?fit=1200%2C800&ssl=1&resize=350%2C200","width":350,"height":200,"srcset":"https:\/\/i0.wp.com\/zeromagazine.mx\/wp-content\/uploads\/2024\/12\/unnamed-12.jpg?fit=1200%2C800&ssl=1&resize=350%2C200 1x, https:\/\/i0.wp.com\/zeromagazine.mx\/wp-content\/uploads\/2024\/12\/unnamed-12.jpg?fit=1200%2C800&ssl=1&resize=525%2C300 1.5x, https:\/\/i0.wp.com\/zeromagazine.mx\/wp-content\/uploads\/2024\/12\/unnamed-12.jpg?fit=1200%2C800&ssl=1&resize=700%2C400 2x, https:\/\/i0.wp.com\/zeromagazine.mx\/wp-content\/uploads\/2024\/12\/unnamed-12.jpg?fit=1200%2C800&ssl=1&resize=1050%2C600 3x"},"classes":[]},{"id":71403,"url":"https:\/\/zeromagazine.mx\/index.php\/2024\/03\/04\/destileria-san-patricio-trasladando-el-encanto-de-irlanda-a-mexico-con-sabores-y-tradiciones\/","url_meta":{"origin":105919,"position":3},"title":"Destiler\u00eda San Patricio: Trasladando el encanto de Irlanda a M\u00e9xico con sabores y tradiciones","author":"zeromagazinemx","date":"4 de marzo de 2024","format":false,"excerpt":"Les cuento que acabo de descubrir un lugar que est\u00e1 rompiendo esquemas aqu\u00ed en el Valle de M\u00e9xico. Se trata de la Destiler\u00eda San Patricio, y d\u00e9jenme decirles que es toda una experiencia de sabores y tradiciones de Irlanda que llegan directo a nuestras tierras. En estas fechas de San\u2026","rel":"","context":"En \u00abCultura\u00bb","block_context":{"text":"Cultura","link":"https:\/\/zeromagazine.mx\/index.php\/category\/cultura\/"},"img":{"alt_text":"","src":"https:\/\/i0.wp.com\/zeromagazine.mx\/wp-content\/uploads\/2024\/03\/PADDY-VODKA-scaled.jpg?fit=1200%2C800&ssl=1&resize=350%2C200","width":350,"height":200,"srcset":"https:\/\/i0.wp.com\/zeromagazine.mx\/wp-content\/uploads\/2024\/03\/PADDY-VODKA-scaled.jpg?fit=1200%2C800&ssl=1&resize=350%2C200 1x, https:\/\/i0.wp.com\/zeromagazine.mx\/wp-content\/uploads\/2024\/03\/PADDY-VODKA-scaled.jpg?fit=1200%2C800&ssl=1&resize=525%2C300 1.5x, https:\/\/i0.wp.com\/zeromagazine.mx\/wp-content\/uploads\/2024\/03\/PADDY-VODKA-scaled.jpg?fit=1200%2C800&ssl=1&resize=700%2C400 2x, https:\/\/i0.wp.com\/zeromagazine.mx\/wp-content\/uploads\/2024\/03\/PADDY-VODKA-scaled.jpg?fit=1200%2C800&ssl=1&resize=1050%2C600 3x"},"classes":[]},{"id":106484,"url":"https:\/\/zeromagazine.mx\/index.php\/2025\/06\/23\/expo-gastronomica-irlandesa\/","url_meta":{"origin":105919,"position":4},"title":"Expo gastron\u00f3mica irlandesa de la Destiler\u00eda San Patricio","author":"David Morales","date":"23 de junio de 2025","format":false,"excerpt":"Amix, si andas en mood foodie y con sed de la buena, pues te traigo un plan que debes de agendar; ya que del 25 al 27 de junio llega la Expo gastron\u00f3mica de la Destiler\u00eda San Patricio, un evento que no solo celebra la cocina chida, sino tambi\u00e9n la\u2026","rel":"","context":"En \u00abViajes\u00bb","block_context":{"text":"Viajes","link":"https:\/\/zeromagazine.mx\/index.php\/category\/lugares\/"},"img":{"alt_text":"","src":"https:\/\/i0.wp.com\/zeromagazine.mx\/wp-content\/uploads\/2025\/06\/MANTEL-DE-CATA-1-scaled.jpg?fit=1200%2C800&ssl=1&resize=350%2C200","width":350,"height":200,"srcset":"https:\/\/i0.wp.com\/zeromagazine.mx\/wp-content\/uploads\/2025\/06\/MANTEL-DE-CATA-1-scaled.jpg?fit=1200%2C800&ssl=1&resize=350%2C200 1x, https:\/\/i0.wp.com\/zeromagazine.mx\/wp-content\/uploads\/2025\/06\/MANTEL-DE-CATA-1-scaled.jpg?fit=1200%2C800&ssl=1&resize=525%2C300 1.5x, https:\/\/i0.wp.com\/zeromagazine.mx\/wp-content\/uploads\/2025\/06\/MANTEL-DE-CATA-1-scaled.jpg?fit=1200%2C800&ssl=1&resize=700%2C400 2x, https:\/\/i0.wp.com\/zeromagazine.mx\/wp-content\/uploads\/2025\/06\/MANTEL-DE-CATA-1-scaled.jpg?fit=1200%2C800&ssl=1&resize=1050%2C600 3x"},"classes":[]},{"id":91073,"url":"https:\/\/zeromagazine.mx\/index.php\/2024\/11\/19\/the-macallan-el-paraiso-del-whisky\/","url_meta":{"origin":105919,"position":5},"title":"The Macallan: El Para\u00edso del Whisky","author":"zeromagazinemx","date":"19 de noviembre de 2024","format":false,"excerpt":"\u00bfQui\u00e9n dijo que el whisky es solo para los \"viejitos\" que se sientan en un club a hablar de negocios? Si alguna vez pensaste que el whisky era solo una bebida de generaciones pasadas, prep\u00e1rate para cambiar de idea. The Macallan, la marca que ha dominado el juego del whisky\u2026","rel":"","context":"En \u00abFoodie\u00bb","block_context":{"text":"Foodie","link":"https:\/\/zeromagazine.mx\/index.php\/category\/lifestyle\/foodie\/"},"img":{"alt_text":"","src":"https:\/\/i0.wp.com\/zeromagazine.mx\/wp-content\/uploads\/2024\/11\/Print_Commercial_flat_large-MAC-2020-US-Double-Cask-18-Years-Old-Lifestyle-JPG.jpg?fit=1200%2C800&ssl=1&resize=350%2C200","width":350,"height":200,"srcset":"https:\/\/i0.wp.com\/zeromagazine.mx\/wp-content\/uploads\/2024\/11\/Print_Commercial_flat_large-MAC-2020-US-Double-Cask-18-Years-Old-Lifestyle-JPG.jpg?fit=1200%2C800&ssl=1&resize=350%2C200 1x, https:\/\/i0.wp.com\/zeromagazine.mx\/wp-content\/uploads\/2024\/11\/Print_Commercial_flat_large-MAC-2020-US-Double-Cask-18-Years-Old-Lifestyle-JPG.jpg?fit=1200%2C800&ssl=1&resize=525%2C300 1.5x, https:\/\/i0.wp.com\/zeromagazine.mx\/wp-content\/uploads\/2024\/11\/Print_Commercial_flat_large-MAC-2020-US-Double-Cask-18-Years-Old-Lifestyle-JPG.jpg?fit=1200%2C800&ssl=1&resize=700%2C400 2x, https:\/\/i0.wp.com\/zeromagazine.mx\/wp-content\/uploads\/2024\/11\/Print_Commercial_flat_large-MAC-2020-US-Double-Cask-18-Years-Old-Lifestyle-JPG.jpg?fit=1200%2C800&ssl=1&resize=1050%2C600 3x"},"classes":[]}],"jetpack_sharing_enabled":true,"builder_content":"","_links":{"self":[{"href":"https:\/\/zeromagazine.mx\/index.php\/wp-json\/wp\/v2\/posts\/105919","targetHints":{"allow":["GET"]}}],"collection":[{"href":"https:\/\/zeromagazine.mx\/index.php\/wp-json\/wp\/v2\/posts"}],"about":[{"href":"https:\/\/zeromagazine.mx\/index.php\/wp-json\/wp\/v2\/types\/post"}],"author":[{"embeddable":true,"href":"https:\/\/zeromagazine.mx\/index.php\/wp-json\/wp\/v2\/users\/4"}],"replies":[{"embeddable":true,"href":"https:\/\/zeromagazine.mx\/index.php\/wp-json\/wp\/v2\/comments?post=105919"}],"version-history":[{"count":2,"href":"https:\/\/zeromagazine.mx\/index.php\/wp-json\/wp\/v2\/posts\/105919\/revisions"}],"predecessor-version":[{"id":105925,"href":"https:\/\/zeromagazine.mx\/index.php\/wp-json\/wp\/v2\/posts\/105919\/revisions\/105925"}],"wp:featuredmedia":[{"embeddable":true,"href":"https:\/\/zeromagazine.mx\/index.php\/wp-json\/wp\/v2\/media\/105923"}],"wp:attachment":[{"href":"https:\/\/zeromagazine.mx\/index.php\/wp-json\/wp\/v2\/media?parent=105919"}],"wp:term":[{"taxonomy":"category","embeddable":true,"href":"https:\/\/zeromagazine.mx\/index.php\/wp-json\/wp\/v2\/categories?post=105919"},{"taxonomy":"post_tag","embeddable":true,"href":"https:\/\/zeromagazine.mx\/index.php\/wp-json\/wp\/v2\/tags?post=105919"}],"curies":[{"name":"wp","href":"https:\/\/api.w.org\/{rel}","templated":true}]}}