{"id":106122,"date":"2025-06-17T16:30:00","date_gmt":"2025-06-17T22:30:00","guid":{"rendered":"https:\/\/zeromagazine.mx\/?p=106122"},"modified":"2025-06-17T19:32:51","modified_gmt":"2025-06-18T01:32:51","slug":"the-trevor-project-pride-lleva-orgullo-desde-casa","status":"publish","type":"post","link":"https:\/\/zeromagazine.mx\/index.php\/2025\/06\/17\/the-trevor-project-pride-lleva-orgullo-desde-casa\/","title":{"rendered":"The Trevor Project Pride lleva el orgullo desde casa"},"content":{"rendered":"<p>Amix, ya sabemos que junio es para sacar las plumas, los glitterazos y la playlist queer m\u00e1s ic\u00f3nica, pero tambi\u00e9n es momento de hablar de lo que duele y lo que sana. Y justo ah\u00ed entra <strong>The Trevor Project Pride<\/strong>, una iniciativa que no solo pone foco en el amor propio, sino tambi\u00e9n en c\u00f3mo nos llevamos con la banda m\u00e1s cercana: la familia. Porque aunque muchas veces sea nuestro espacio seguro, otras tantas es donde empieza el rechazo. Ser visible no siempre es f\u00e1cil, especialmente cuando las personas m\u00e1s cercanas no entienden tu identidad. Y es por eso que en este art\u00edculo, hablamos de este tema.<\/p>\n\n\n\n<figure class=\"wp-block-gallery has-nested-images columns-default is-cropped wp-block-gallery-1 is-layout-flex wp-block-gallery-is-layout-flex\">\n<figure class=\"wp-block-image size-large\"><img data-recalc-dims=\"1\" decoding=\"async\" width=\"576\" height=\"1024\" data-id=\"106124\" src=\"https:\/\/i0.wp.com\/zeromagazine.mx\/wp-content\/uploads\/2025\/06\/CERCA4-576x1024.jpg?resize=576%2C1024&#038;ssl=1\" alt=\"\" class=\"wp-image-106124\" srcset=\"https:\/\/i0.wp.com\/zeromagazine.mx\/wp-content\/uploads\/2025\/06\/CERCA4.jpg?resize=576%2C1024&amp;ssl=1 576w, https:\/\/i0.wp.com\/zeromagazine.mx\/wp-content\/uploads\/2025\/06\/CERCA4.jpg?resize=169%2C300&amp;ssl=1 169w, https:\/\/i0.wp.com\/zeromagazine.mx\/wp-content\/uploads\/2025\/06\/CERCA4.jpg?resize=768%2C1365&amp;ssl=1 768w, https:\/\/i0.wp.com\/zeromagazine.mx\/wp-content\/uploads\/2025\/06\/CERCA4.jpg?resize=864%2C1536&amp;ssl=1 864w, https:\/\/i0.wp.com\/zeromagazine.mx\/wp-content\/uploads\/2025\/06\/CERCA4.jpg?w=1080&amp;ssl=1 1080w\" sizes=\"(max-width: 576px) 100vw, 576px\" \/><\/figure>\n\n\n\n<figure class=\"wp-block-image size-large\"><img data-recalc-dims=\"1\" decoding=\"async\" width=\"576\" height=\"1024\" data-id=\"106123\" src=\"https:\/\/i0.wp.com\/zeromagazine.mx\/wp-content\/uploads\/2025\/06\/CERCA2-576x1024.jpg?resize=576%2C1024&#038;ssl=1\" alt=\"\" class=\"wp-image-106123\" srcset=\"https:\/\/i0.wp.com\/zeromagazine.mx\/wp-content\/uploads\/2025\/06\/CERCA2.jpg?resize=576%2C1024&amp;ssl=1 576w, https:\/\/i0.wp.com\/zeromagazine.mx\/wp-content\/uploads\/2025\/06\/CERCA2.jpg?resize=169%2C300&amp;ssl=1 169w, https:\/\/i0.wp.com\/zeromagazine.mx\/wp-content\/uploads\/2025\/06\/CERCA2.jpg?resize=768%2C1365&amp;ssl=1 768w, https:\/\/i0.wp.com\/zeromagazine.mx\/wp-content\/uploads\/2025\/06\/CERCA2.jpg?resize=864%2C1536&amp;ssl=1 864w, https:\/\/i0.wp.com\/zeromagazine.mx\/wp-content\/uploads\/2025\/06\/CERCA2.jpg?w=1080&amp;ssl=1 1080w\" sizes=\"(max-width: 576px) 100vw, 576px\" \/><\/figure>\n<\/figure>\n\n\n\n<h3 class=\"wp-block-heading\">Di\u00e1logos que abrazan y transforman<\/h3>\n\n\n\n<p>Adem\u00e1s, este a\u00f1o <strong>The Trevor Project Pride<\/strong> lanza la segunda temporada de <em>M\u00e1s Cerca<\/em>, con la serie <em>Reescribamos la Historia<\/em>. En ella, vemos conversaciones reales entre personas LGBTQ+ y sus madres, hablando sin filtros de identidad, orientaci\u00f3n, heridas y amor. Se trata de abrir di\u00e1logos que antes se evitaban, pero que ahora pueden sanar. Y s\u00ed, est\u00e1 fuert\u00edsimo pero tambi\u00e9n necesario. Porque cuando una mam\u00e1 se toma el tiempo de escuchar, entender y acompa\u00f1ar, se abre la posibilidad de un cambio real.<\/p>\n\n\n\n<p>\ud83d\udc49 Puedes ver los episodios ac\u00e1: <a class=\"\" href=\"https:\/\/www.youtube.com\/@TheTrevorProjectLatinoamerica\">The Trevor Project Latinoam\u00e9rica YouTube<\/a><\/p>\n\n\n\n<script async src=\"https:\/\/pagead2.googlesyndication.com\/pagead\/js\/adsbygoogle.js?client=ca-pub-5499304793904745\"\n     crossorigin=\"anonymous\"><\/script>\n<ins class=\"adsbygoogle\"\n     style=\"display:block; text-align:center;\"\n     data-ad-layout=\"in-article\"\n     data-ad-format=\"fluid\"\n     data-ad-client=\"ca-pub-5499304793904745\"\n     data-ad-slot=\"5994863093\"><\/ins>\n<script>\n     (adsbygoogle = window.adsbygoogle || []).push({});\n<\/script>\n\n\n\n<h3 class=\"wp-block-heading\">Escuchar sin juzgar, amar sin condiciones<\/h3>\n\n\n\n<p>Tambi\u00e9n, los datos no mienten: seg\u00fan su encuesta, el 59% de las juventudes diversas sufre discriminaci\u00f3n en casa y el 45% ha considerado el suicidio. Por eso esta serie no es solo \u201ccontenido\u201d, es una herramienta real para entender, acompa\u00f1ar y amar mejor. Con materiales gratuitos y una narrativa s\u00faper emp\u00e1tica, se busca que las familias dejen de ser parte del problema y se vuelvan parte del abrazo. Estas charlas pueden inspirar incluso a quienes nunca pensaron que pod\u00edan aceptar o amar algo que no comprend\u00edan del todo.<\/p>\n\n\n\n<figure class=\"wp-block-gallery has-nested-images columns-default is-cropped wp-block-gallery-2 is-layout-flex wp-block-gallery-is-layout-flex\">\n<figure class=\"wp-block-image size-large is-style-default\"><img data-recalc-dims=\"1\" decoding=\"async\" width=\"576\" height=\"1024\" data-id=\"106125\" src=\"https:\/\/i0.wp.com\/zeromagazine.mx\/wp-content\/uploads\/2025\/06\/CERCA3-576x1024.jpg?resize=576%2C1024&#038;ssl=1\" alt=\"\" class=\"wp-image-106125\" srcset=\"https:\/\/i0.wp.com\/zeromagazine.mx\/wp-content\/uploads\/2025\/06\/CERCA3.jpg?resize=576%2C1024&amp;ssl=1 576w, https:\/\/i0.wp.com\/zeromagazine.mx\/wp-content\/uploads\/2025\/06\/CERCA3.jpg?resize=169%2C300&amp;ssl=1 169w, https:\/\/i0.wp.com\/zeromagazine.mx\/wp-content\/uploads\/2025\/06\/CERCA3.jpg?resize=768%2C1365&amp;ssl=1 768w, https:\/\/i0.wp.com\/zeromagazine.mx\/wp-content\/uploads\/2025\/06\/CERCA3.jpg?resize=864%2C1536&amp;ssl=1 864w, https:\/\/i0.wp.com\/zeromagazine.mx\/wp-content\/uploads\/2025\/06\/CERCA3.jpg?w=1080&amp;ssl=1 1080w\" sizes=\"(max-width: 576px) 100vw, 576px\" \/><\/figure>\n\n\n\n<figure class=\"wp-block-image size-large\"><img data-recalc-dims=\"1\" decoding=\"async\" width=\"576\" height=\"1024\" data-id=\"106126\" src=\"https:\/\/i0.wp.com\/zeromagazine.mx\/wp-content\/uploads\/2025\/06\/CERCA5-576x1024.jpg?resize=576%2C1024&#038;ssl=1\" alt=\"\" class=\"wp-image-106126\" srcset=\"https:\/\/i0.wp.com\/zeromagazine.mx\/wp-content\/uploads\/2025\/06\/CERCA5.jpg?resize=576%2C1024&amp;ssl=1 576w, https:\/\/i0.wp.com\/zeromagazine.mx\/wp-content\/uploads\/2025\/06\/CERCA5.jpg?resize=169%2C300&amp;ssl=1 169w, https:\/\/i0.wp.com\/zeromagazine.mx\/wp-content\/uploads\/2025\/06\/CERCA5.jpg?resize=768%2C1365&amp;ssl=1 768w, https:\/\/i0.wp.com\/zeromagazine.mx\/wp-content\/uploads\/2025\/06\/CERCA5.jpg?resize=864%2C1536&amp;ssl=1 864w, https:\/\/i0.wp.com\/zeromagazine.mx\/wp-content\/uploads\/2025\/06\/CERCA5.jpg?w=1080&amp;ssl=1 1080w\" sizes=\"(max-width: 576px) 100vw, 576px\" \/><\/figure>\n<\/figure>\n\n\n\n<h3 class=\"wp-block-heading\">Orgullo con prop\u00f3sito<\/h3>\n\n\n\n<p>Finalmente, <strong>The Trevor Project Pride<\/strong> nos recuerda que el Orgullo va m\u00e1s all\u00e1 del festejo. Es lucha, es sanaci\u00f3n, es comunidad. Y s\u00ed, tambi\u00e9n es darnos chance de mirar al otro con m\u00e1s amor. Si a\u00fan no conoc\u00edas esta iniciativa, l\u00e1nzate ya a su p\u00e1gina web: <a class=\"\" href=\"https:\/\/www.thetrevorproject.mx\">www.thetrevorproject.mx<\/a> y comp\u00e1rtelo con quien lo necesite. Porque aunque no tengamos todas las respuestas, siempre podemos comenzar con una conversaci\u00f3n honesta. Porque amar salva, escuchar transforma y entender puede sanar lo que parec\u00eda roto.<\/p>\n\n\n\n<p>Y si quieres conocer m\u00e1s sobre temas sobre bienestar entra a <a href=\"https:\/\/zeromagazine.mx\/\">zeromagazine.mx<\/a> o s\u00edguenos en <a href=\"https:\/\/www.instagram.com\/zeromagazinemx\/\">@zeromagazinemx<\/a><\/p>\n\n\n\n<script async src=\"https:\/\/pagead2.googlesyndication.com\/pagead\/js\/adsbygoogle.js?client=ca-pub-5499304793904745\"\n     crossorigin=\"anonymous\"><\/script>\n<ins class=\"adsbygoogle\"\n     style=\"display:block; text-align:center;\"\n     data-ad-layout=\"in-article\"\n     data-ad-format=\"fluid\"\n     data-ad-client=\"ca-pub-5499304793904745\"\n     data-ad-slot=\"5994863093\"><\/ins>\n<script>\n     (adsbygoogle = window.adsbygoogle || []).push({});\n<\/script>\n\n<!--themify_builder_content-->\n<div id=\"themify_builder_content-106122\" data-postid=\"106122\" class=\"themify_builder_content themify_builder_content-106122 themify_builder tf_clear\">\n    <\/div>\n<!--\/themify_builder_content-->","protected":false},"excerpt":{"rendered":"<p>Amix, ya sabemos que junio es para sacar las plumas, los glitterazos y la playlist queer m\u00e1s ic\u00f3nica, pero tambi\u00e9n es momento de hablar de lo que duele y lo que sana. Y justo ah\u00ed entra The Trevor Project Pride, una iniciativa que no solo pone foco en el amor propio, sino tambi\u00e9n en c\u00f3mo [&hellip;]<\/p>\n","protected":false},"author":4,"featured_media":106127,"comment_status":"open","ping_status":"open","sticky":false,"template":"","format":"standard","meta":{"_jetpack_memberships_contains_paid_content":false,"footnotes":"","jetpack_publicize_message":"","jetpack_publicize_feature_enabled":true,"jetpack_social_post_already_shared":true,"jetpack_social_options":{"image_generator_settings":{"template":"highway","default_image_id":0,"font":"","enabled":false},"version":2}},"categories":[45],"tags":[48,13914,11772],"class_list":["post-106122","post","type-post","status-publish","format-standard","has-post-thumbnail","hentry","category-bienestar","tag-lgbtq","tag-pride-2025","tag-the-trevor-project","has-post-title","has-post-date","has-post-category","has-post-tag","has-post-comment","has-post-author",""],"yoast_head":"<!-- This site is optimized with the Yoast SEO plugin v27.5 - https:\/\/yoast.com\/product\/yoast-seo-wordpress\/ -->\n<title>The Trevor Project Pride lleva el orgullo desde casa - Zero Magazine<\/title>\n<meta name=\"description\" content=\"\u00bfSab\u00edas que el 59% de las juventudes diversas sufre discriminaci\u00f3n en casa? The Trevor Project lo sabe y ha encontrado soluciones importantes\" \/>\n<meta name=\"robots\" content=\"index, follow, max-snippet:-1, max-image-preview:large, max-video-preview:-1\" \/>\n<link rel=\"canonical\" href=\"https:\/\/zeromagazine.mx\/index.php\/2025\/06\/17\/the-trevor-project-pride-lleva-orgullo-desde-casa\/\" \/>\n<meta property=\"og:locale\" content=\"es_ES\" \/>\n<meta property=\"og:type\" content=\"article\" \/>\n<meta property=\"og:title\" content=\"The Trevor Project Pride lleva el orgullo desde casa - Zero Magazine\" \/>\n<meta property=\"og:description\" content=\"\u00bfSab\u00edas que el 59% de las juventudes diversas sufre discriminaci\u00f3n en casa? The Trevor Project lo sabe y ha encontrado soluciones importantes\" \/>\n<meta property=\"og:url\" content=\"https:\/\/zeromagazine.mx\/index.php\/2025\/06\/17\/the-trevor-project-pride-lleva-orgullo-desde-casa\/\" \/>\n<meta property=\"og:site_name\" content=\"Zero Magazine\" \/>\n<meta property=\"article:published_time\" content=\"2025-06-17T22:30:00+00:00\" \/>\n<meta property=\"article:modified_time\" content=\"2025-06-18T01:32:51+00:00\" \/>\n<meta property=\"og:image\" content=\"http:\/\/zeromagazine.mx\/wp-content\/uploads\/2025\/06\/PORTADA.jpg\" \/>\n\t<meta property=\"og:image:width\" content=\"1920\" \/>\n\t<meta property=\"og:image:height\" content=\"1080\" \/>\n\t<meta property=\"og:image:type\" content=\"image\/jpeg\" \/>\n<meta name=\"author\" content=\"David Morales\" \/>\n<meta name=\"twitter:card\" content=\"summary_large_image\" \/>\n<meta name=\"twitter:label1\" content=\"Escrito por\" \/>\n\t<meta name=\"twitter:data1\" content=\"David Morales\" \/>\n\t<meta name=\"twitter:label2\" content=\"Tiempo de lectura\" \/>\n\t<meta name=\"twitter:data2\" content=\"3 minutos\" \/>\n<script type=\"application\/ld+json\" class=\"yoast-schema-graph\">{\"@context\":\"https:\\\/\\\/schema.org\",\"@graph\":[{\"@type\":\"Article\",\"@id\":\"https:\\\/\\\/zeromagazine.mx\\\/index.php\\\/2025\\\/06\\\/17\\\/the-trevor-project-pride-lleva-orgullo-desde-casa\\\/#article\",\"isPartOf\":{\"@id\":\"https:\\\/\\\/zeromagazine.mx\\\/index.php\\\/2025\\\/06\\\/17\\\/the-trevor-project-pride-lleva-orgullo-desde-casa\\\/\"},\"author\":{\"name\":\"David Morales\",\"@id\":\"https:\\\/\\\/zeromagazine.mx\\\/#\\\/schema\\\/person\\\/9f7f1a17c60ba8e9980e3e6677aabe5a\"},\"headline\":\"The Trevor Project Pride lleva el orgullo desde casa\",\"datePublished\":\"2025-06-17T22:30:00+00:00\",\"dateModified\":\"2025-06-18T01:32:51+00:00\",\"mainEntityOfPage\":{\"@id\":\"https:\\\/\\\/zeromagazine.mx\\\/index.php\\\/2025\\\/06\\\/17\\\/the-trevor-project-pride-lleva-orgullo-desde-casa\\\/\"},\"wordCount\":448,\"commentCount\":0,\"publisher\":{\"@id\":\"https:\\\/\\\/zeromagazine.mx\\\/#organization\"},\"image\":{\"@id\":\"https:\\\/\\\/zeromagazine.mx\\\/index.php\\\/2025\\\/06\\\/17\\\/the-trevor-project-pride-lleva-orgullo-desde-casa\\\/#primaryimage\"},\"thumbnailUrl\":\"https:\\\/\\\/i0.wp.com\\\/zeromagazine.mx\\\/wp-content\\\/uploads\\\/2025\\\/06\\\/PORTADA.jpg?fit=1920%2C1080&ssl=1\",\"keywords\":[\"LGBTQ+\",\"Pride 2025\",\"The Trevor Project\"],\"articleSection\":[\"Bienestar\"],\"inLanguage\":\"es\",\"potentialAction\":[{\"@type\":\"CommentAction\",\"name\":\"Comment\",\"target\":[\"https:\\\/\\\/zeromagazine.mx\\\/index.php\\\/2025\\\/06\\\/17\\\/the-trevor-project-pride-lleva-orgullo-desde-casa\\\/#respond\"]}]},{\"@type\":\"WebPage\",\"@id\":\"https:\\\/\\\/zeromagazine.mx\\\/index.php\\\/2025\\\/06\\\/17\\\/the-trevor-project-pride-lleva-orgullo-desde-casa\\\/\",\"url\":\"https:\\\/\\\/zeromagazine.mx\\\/index.php\\\/2025\\\/06\\\/17\\\/the-trevor-project-pride-lleva-orgullo-desde-casa\\\/\",\"name\":\"The Trevor Project Pride lleva el orgullo desde casa - Zero Magazine\",\"isPartOf\":{\"@id\":\"https:\\\/\\\/zeromagazine.mx\\\/#website\"},\"primaryImageOfPage\":{\"@id\":\"https:\\\/\\\/zeromagazine.mx\\\/index.php\\\/2025\\\/06\\\/17\\\/the-trevor-project-pride-lleva-orgullo-desde-casa\\\/#primaryimage\"},\"image\":{\"@id\":\"https:\\\/\\\/zeromagazine.mx\\\/index.php\\\/2025\\\/06\\\/17\\\/the-trevor-project-pride-lleva-orgullo-desde-casa\\\/#primaryimage\"},\"thumbnailUrl\":\"https:\\\/\\\/i0.wp.com\\\/zeromagazine.mx\\\/wp-content\\\/uploads\\\/2025\\\/06\\\/PORTADA.jpg?fit=1920%2C1080&ssl=1\",\"datePublished\":\"2025-06-17T22:30:00+00:00\",\"dateModified\":\"2025-06-18T01:32:51+00:00\",\"description\":\"\u00bfSab\u00edas que el 59% de las juventudes diversas sufre discriminaci\u00f3n en casa? The Trevor Project lo sabe y ha encontrado soluciones importantes\",\"breadcrumb\":{\"@id\":\"https:\\\/\\\/zeromagazine.mx\\\/index.php\\\/2025\\\/06\\\/17\\\/the-trevor-project-pride-lleva-orgullo-desde-casa\\\/#breadcrumb\"},\"inLanguage\":\"es\",\"potentialAction\":[{\"@type\":\"ReadAction\",\"target\":[\"https:\\\/\\\/zeromagazine.mx\\\/index.php\\\/2025\\\/06\\\/17\\\/the-trevor-project-pride-lleva-orgullo-desde-casa\\\/\"]}]},{\"@type\":\"ImageObject\",\"inLanguage\":\"es\",\"@id\":\"https:\\\/\\\/zeromagazine.mx\\\/index.php\\\/2025\\\/06\\\/17\\\/the-trevor-project-pride-lleva-orgullo-desde-casa\\\/#primaryimage\",\"url\":\"https:\\\/\\\/i0.wp.com\\\/zeromagazine.mx\\\/wp-content\\\/uploads\\\/2025\\\/06\\\/PORTADA.jpg?fit=1920%2C1080&ssl=1\",\"contentUrl\":\"https:\\\/\\\/i0.wp.com\\\/zeromagazine.mx\\\/wp-content\\\/uploads\\\/2025\\\/06\\\/PORTADA.jpg?fit=1920%2C1080&ssl=1\",\"width\":1920,\"height\":1080},{\"@type\":\"BreadcrumbList\",\"@id\":\"https:\\\/\\\/zeromagazine.mx\\\/index.php\\\/2025\\\/06\\\/17\\\/the-trevor-project-pride-lleva-orgullo-desde-casa\\\/#breadcrumb\",\"itemListElement\":[{\"@type\":\"ListItem\",\"position\":1,\"name\":\"Portada\",\"item\":\"https:\\\/\\\/zeromagazine.mx\\\/\"},{\"@type\":\"ListItem\",\"position\":2,\"name\":\"The Trevor Project Pride lleva el orgullo desde casa\"}]},{\"@type\":\"WebSite\",\"@id\":\"https:\\\/\\\/zeromagazine.mx\\\/#website\",\"url\":\"https:\\\/\\\/zeromagazine.mx\\\/\",\"name\":\"Zero Magazine\",\"description\":\"\",\"publisher\":{\"@id\":\"https:\\\/\\\/zeromagazine.mx\\\/#organization\"},\"potentialAction\":[{\"@type\":\"SearchAction\",\"target\":{\"@type\":\"EntryPoint\",\"urlTemplate\":\"https:\\\/\\\/zeromagazine.mx\\\/?s={search_term_string}\"},\"query-input\":{\"@type\":\"PropertyValueSpecification\",\"valueRequired\":true,\"valueName\":\"search_term_string\"}}],\"inLanguage\":\"es\"},{\"@type\":\"Organization\",\"@id\":\"https:\\\/\\\/zeromagazine.mx\\\/#organization\",\"name\":\"Zero Magazine\",\"url\":\"https:\\\/\\\/zeromagazine.mx\\\/\",\"logo\":{\"@type\":\"ImageObject\",\"inLanguage\":\"es\",\"@id\":\"https:\\\/\\\/zeromagazine.mx\\\/#\\\/schema\\\/logo\\\/image\\\/\",\"url\":\"https:\\\/\\\/i0.wp.com\\\/zeromagazine.mx\\\/wp-content\\\/uploads\\\/2025\\\/11\\\/1.jpeg?fit=1000%2C1000&ssl=1\",\"contentUrl\":\"https:\\\/\\\/i0.wp.com\\\/zeromagazine.mx\\\/wp-content\\\/uploads\\\/2025\\\/11\\\/1.jpeg?fit=1000%2C1000&ssl=1\",\"width\":1000,\"height\":1000,\"caption\":\"Zero Magazine\"},\"image\":{\"@id\":\"https:\\\/\\\/zeromagazine.mx\\\/#\\\/schema\\\/logo\\\/image\\\/\"},\"sameAs\":[\"https:\\\/\\\/instagram.com\\\/zeromagazinemx\"]},{\"@type\":\"Person\",\"@id\":\"https:\\\/\\\/zeromagazine.mx\\\/#\\\/schema\\\/person\\\/9f7f1a17c60ba8e9980e3e6677aabe5a\",\"name\":\"David Morales\",\"image\":{\"@type\":\"ImageObject\",\"inLanguage\":\"es\",\"@id\":\"https:\\\/\\\/zeromagazine.mx\\\/wp-content\\\/litespeed\\\/avatar\\\/76069d2136bfc1c37dc34815bb67ca42.jpg?ver=1777571067\",\"url\":\"https:\\\/\\\/zeromagazine.mx\\\/wp-content\\\/litespeed\\\/avatar\\\/76069d2136bfc1c37dc34815bb67ca42.jpg?ver=1777571067\",\"contentUrl\":\"https:\\\/\\\/zeromagazine.mx\\\/wp-content\\\/litespeed\\\/avatar\\\/76069d2136bfc1c37dc34815bb67ca42.jpg?ver=1777571067\",\"caption\":\"David Morales\"},\"url\":\"https:\\\/\\\/zeromagazine.mx\\\/index.php\\\/author\\\/david\\\/\"}]}<\/script>\n<!-- \/ Yoast SEO plugin. -->","yoast_head_json":{"title":"The Trevor Project Pride lleva el orgullo desde casa - Zero Magazine","description":"\u00bfSab\u00edas que el 59% de las juventudes diversas sufre discriminaci\u00f3n en casa? The Trevor Project lo sabe y ha encontrado soluciones importantes","robots":{"index":"index","follow":"follow","max-snippet":"max-snippet:-1","max-image-preview":"max-image-preview:large","max-video-preview":"max-video-preview:-1"},"canonical":"https:\/\/zeromagazine.mx\/index.php\/2025\/06\/17\/the-trevor-project-pride-lleva-orgullo-desde-casa\/","og_locale":"es_ES","og_type":"article","og_title":"The Trevor Project Pride lleva el orgullo desde casa - Zero Magazine","og_description":"\u00bfSab\u00edas que el 59% de las juventudes diversas sufre discriminaci\u00f3n en casa? The Trevor Project lo sabe y ha encontrado soluciones importantes","og_url":"https:\/\/zeromagazine.mx\/index.php\/2025\/06\/17\/the-trevor-project-pride-lleva-orgullo-desde-casa\/","og_site_name":"Zero Magazine","article_published_time":"2025-06-17T22:30:00+00:00","article_modified_time":"2025-06-18T01:32:51+00:00","og_image":[{"width":1920,"height":1080,"url":"http:\/\/zeromagazine.mx\/wp-content\/uploads\/2025\/06\/PORTADA.jpg","type":"image\/jpeg"}],"author":"David Morales","twitter_card":"summary_large_image","twitter_misc":{"Escrito por":"David Morales","Tiempo de lectura":"3 minutos"},"schema":{"@context":"https:\/\/schema.org","@graph":[{"@type":"Article","@id":"https:\/\/zeromagazine.mx\/index.php\/2025\/06\/17\/the-trevor-project-pride-lleva-orgullo-desde-casa\/#article","isPartOf":{"@id":"https:\/\/zeromagazine.mx\/index.php\/2025\/06\/17\/the-trevor-project-pride-lleva-orgullo-desde-casa\/"},"author":{"name":"David Morales","@id":"https:\/\/zeromagazine.mx\/#\/schema\/person\/9f7f1a17c60ba8e9980e3e6677aabe5a"},"headline":"The Trevor Project Pride lleva el orgullo desde casa","datePublished":"2025-06-17T22:30:00+00:00","dateModified":"2025-06-18T01:32:51+00:00","mainEntityOfPage":{"@id":"https:\/\/zeromagazine.mx\/index.php\/2025\/06\/17\/the-trevor-project-pride-lleva-orgullo-desde-casa\/"},"wordCount":448,"commentCount":0,"publisher":{"@id":"https:\/\/zeromagazine.mx\/#organization"},"image":{"@id":"https:\/\/zeromagazine.mx\/index.php\/2025\/06\/17\/the-trevor-project-pride-lleva-orgullo-desde-casa\/#primaryimage"},"thumbnailUrl":"https:\/\/i0.wp.com\/zeromagazine.mx\/wp-content\/uploads\/2025\/06\/PORTADA.jpg?fit=1920%2C1080&ssl=1","keywords":["LGBTQ+","Pride 2025","The Trevor Project"],"articleSection":["Bienestar"],"inLanguage":"es","potentialAction":[{"@type":"CommentAction","name":"Comment","target":["https:\/\/zeromagazine.mx\/index.php\/2025\/06\/17\/the-trevor-project-pride-lleva-orgullo-desde-casa\/#respond"]}]},{"@type":"WebPage","@id":"https:\/\/zeromagazine.mx\/index.php\/2025\/06\/17\/the-trevor-project-pride-lleva-orgullo-desde-casa\/","url":"https:\/\/zeromagazine.mx\/index.php\/2025\/06\/17\/the-trevor-project-pride-lleva-orgullo-desde-casa\/","name":"The Trevor Project Pride lleva el orgullo desde casa - Zero Magazine","isPartOf":{"@id":"https:\/\/zeromagazine.mx\/#website"},"primaryImageOfPage":{"@id":"https:\/\/zeromagazine.mx\/index.php\/2025\/06\/17\/the-trevor-project-pride-lleva-orgullo-desde-casa\/#primaryimage"},"image":{"@id":"https:\/\/zeromagazine.mx\/index.php\/2025\/06\/17\/the-trevor-project-pride-lleva-orgullo-desde-casa\/#primaryimage"},"thumbnailUrl":"https:\/\/i0.wp.com\/zeromagazine.mx\/wp-content\/uploads\/2025\/06\/PORTADA.jpg?fit=1920%2C1080&ssl=1","datePublished":"2025-06-17T22:30:00+00:00","dateModified":"2025-06-18T01:32:51+00:00","description":"\u00bfSab\u00edas que el 59% de las juventudes diversas sufre discriminaci\u00f3n en casa? The Trevor Project lo sabe y ha encontrado soluciones importantes","breadcrumb":{"@id":"https:\/\/zeromagazine.mx\/index.php\/2025\/06\/17\/the-trevor-project-pride-lleva-orgullo-desde-casa\/#breadcrumb"},"inLanguage":"es","potentialAction":[{"@type":"ReadAction","target":["https:\/\/zeromagazine.mx\/index.php\/2025\/06\/17\/the-trevor-project-pride-lleva-orgullo-desde-casa\/"]}]},{"@type":"ImageObject","inLanguage":"es","@id":"https:\/\/zeromagazine.mx\/index.php\/2025\/06\/17\/the-trevor-project-pride-lleva-orgullo-desde-casa\/#primaryimage","url":"https:\/\/i0.wp.com\/zeromagazine.mx\/wp-content\/uploads\/2025\/06\/PORTADA.jpg?fit=1920%2C1080&ssl=1","contentUrl":"https:\/\/i0.wp.com\/zeromagazine.mx\/wp-content\/uploads\/2025\/06\/PORTADA.jpg?fit=1920%2C1080&ssl=1","width":1920,"height":1080},{"@type":"BreadcrumbList","@id":"https:\/\/zeromagazine.mx\/index.php\/2025\/06\/17\/the-trevor-project-pride-lleva-orgullo-desde-casa\/#breadcrumb","itemListElement":[{"@type":"ListItem","position":1,"name":"Portada","item":"https:\/\/zeromagazine.mx\/"},{"@type":"ListItem","position":2,"name":"The Trevor Project Pride lleva el orgullo desde casa"}]},{"@type":"WebSite","@id":"https:\/\/zeromagazine.mx\/#website","url":"https:\/\/zeromagazine.mx\/","name":"Zero Magazine","description":"","publisher":{"@id":"https:\/\/zeromagazine.mx\/#organization"},"potentialAction":[{"@type":"SearchAction","target":{"@type":"EntryPoint","urlTemplate":"https:\/\/zeromagazine.mx\/?s={search_term_string}"},"query-input":{"@type":"PropertyValueSpecification","valueRequired":true,"valueName":"search_term_string"}}],"inLanguage":"es"},{"@type":"Organization","@id":"https:\/\/zeromagazine.mx\/#organization","name":"Zero Magazine","url":"https:\/\/zeromagazine.mx\/","logo":{"@type":"ImageObject","inLanguage":"es","@id":"https:\/\/zeromagazine.mx\/#\/schema\/logo\/image\/","url":"https:\/\/i0.wp.com\/zeromagazine.mx\/wp-content\/uploads\/2025\/11\/1.jpeg?fit=1000%2C1000&ssl=1","contentUrl":"https:\/\/i0.wp.com\/zeromagazine.mx\/wp-content\/uploads\/2025\/11\/1.jpeg?fit=1000%2C1000&ssl=1","width":1000,"height":1000,"caption":"Zero Magazine"},"image":{"@id":"https:\/\/zeromagazine.mx\/#\/schema\/logo\/image\/"},"sameAs":["https:\/\/instagram.com\/zeromagazinemx"]},{"@type":"Person","@id":"https:\/\/zeromagazine.mx\/#\/schema\/person\/9f7f1a17c60ba8e9980e3e6677aabe5a","name":"David Morales","image":{"@type":"ImageObject","inLanguage":"es","@id":"https:\/\/zeromagazine.mx\/wp-content\/litespeed\/avatar\/76069d2136bfc1c37dc34815bb67ca42.jpg?ver=1777571067","url":"https:\/\/zeromagazine.mx\/wp-content\/litespeed\/avatar\/76069d2136bfc1c37dc34815bb67ca42.jpg?ver=1777571067","contentUrl":"https:\/\/zeromagazine.mx\/wp-content\/litespeed\/avatar\/76069d2136bfc1c37dc34815bb67ca42.jpg?ver=1777571067","caption":"David Morales"},"url":"https:\/\/zeromagazine.mx\/index.php\/author\/david\/"}]}},"jetpack_publicize_connections":[],"jetpack_featured_media_url":"https:\/\/i0.wp.com\/zeromagazine.mx\/wp-content\/uploads\/2025\/06\/PORTADA.jpg?fit=1920%2C1080&ssl=1","jetpack-related-posts":[{"id":106105,"url":"https:\/\/zeromagazine.mx\/index.php\/2025\/06\/17\/worn-with-pride-guess-te-da-tiempo-con-orgullo\/","url_meta":{"origin":106122,"position":0},"title":"Worn With Pride Guess te da tiempo con orgullo","author":"David Morales","date":"17 de junio de 2025","format":false,"excerpt":"Amix, sabemos que el Pride no es solo una fecha, es todo un mood que se vive, se siente y se expresa. Y si t\u00fa tambi\u00e9n quieres que hasta el tiempo que usas hable de qui\u00e9n eres, checa esto: Worn With Pride Guess, la colecci\u00f3n que convierte un simple reloj\u2026","rel":"","context":"En \u00abModa\u00bb","block_context":{"text":"Moda","link":"https:\/\/zeromagazine.mx\/index.php\/category\/moda\/"},"img":{"alt_text":"","src":"https:\/\/i0.wp.com\/zeromagazine.mx\/wp-content\/uploads\/2025\/06\/GW_SS25_PRIDE_1_GW0881L2-GW0908G3_rgb-scaled.jpg?fit=1200%2C800&ssl=1&resize=350%2C200","width":350,"height":200,"srcset":"https:\/\/i0.wp.com\/zeromagazine.mx\/wp-content\/uploads\/2025\/06\/GW_SS25_PRIDE_1_GW0881L2-GW0908G3_rgb-scaled.jpg?fit=1200%2C800&ssl=1&resize=350%2C200 1x, https:\/\/i0.wp.com\/zeromagazine.mx\/wp-content\/uploads\/2025\/06\/GW_SS25_PRIDE_1_GW0881L2-GW0908G3_rgb-scaled.jpg?fit=1200%2C800&ssl=1&resize=525%2C300 1.5x, https:\/\/i0.wp.com\/zeromagazine.mx\/wp-content\/uploads\/2025\/06\/GW_SS25_PRIDE_1_GW0881L2-GW0908G3_rgb-scaled.jpg?fit=1200%2C800&ssl=1&resize=700%2C400 2x, https:\/\/i0.wp.com\/zeromagazine.mx\/wp-content\/uploads\/2025\/06\/GW_SS25_PRIDE_1_GW0881L2-GW0908G3_rgb-scaled.jpg?fit=1200%2C800&ssl=1&resize=1050%2C600 3x"},"classes":[]},{"id":91644,"url":"https:\/\/zeromagazine.mx\/index.php\/2024\/11\/25\/doritos-inclusion-que-brilla-siempre\/","url_meta":{"origin":106122,"position":1},"title":"\u00abDoritos: Inclusi\u00f3n que brilla siempre\u00bb","author":"zeromagazinemx","date":"25 de noviembre de 2024","format":false,"excerpt":"Okay, fam, let\u2019s talk about c\u00f3mo una marca de snacks se est\u00e1 convirtiendo en un \u00edcono del cambio social. S\u00ed, estamos hablando de\u00a0Doritos\u00ae\u00a0y su \u00faltima movida para apoyar a la comunidad LGBTIQ+. Spoiler alert: \u00a1es much\u00edsimo m\u00e1s que marketing! Esta vez, Doritos nos trae su iniciativa\u00a0\u201cQue el arco\u00edris nunca deje\u2026","rel":"","context":"En \u00abEntretenimiento\u00bb","block_context":{"text":"Entretenimiento","link":"https:\/\/zeromagazine.mx\/index.php\/category\/entretenimiento\/"},"img":{"alt_text":"","src":"https:\/\/i0.wp.com\/zeromagazine.mx\/wp-content\/uploads\/2024\/11\/Foto-Doritos-Pride-1.jpg?resize=350%2C200&ssl=1","width":350,"height":200},"classes":[]},{"id":79156,"url":"https:\/\/zeromagazine.mx\/index.php\/2024\/06\/21\/guess-watches-orgullo-y-solidaridad\/","url_meta":{"origin":106122,"position":2},"title":"GUESS Watches: Orgullo y Solidaridad","author":"zeromagazinemx","date":"21 de junio de 2024","format":false,"excerpt":"GUESS Watches est\u00e1 celebrando el Mes del Orgullo de una manera incre\u00edble y no puedo esperar para compartirles todos los detalles. Primero que nada, GUESS Watches ha hecho una donaci\u00f3n muy generosa a The Trevor Project, una organizaci\u00f3n que se dedica a la prevenci\u00f3n del suicidio y la intervenci\u00f3n en\u2026","rel":"","context":"En \u00abBlog\u00bb","block_context":{"text":"Blog","link":"https:\/\/zeromagazine.mx\/index.php\/category\/blog\/"},"img":{"alt_text":"","src":"https:\/\/i0.wp.com\/zeromagazine.mx\/wp-content\/uploads\/2024\/06\/GW_SS24_PRIDE_1080x1080_5.jpg?fit=1080%2C1080&ssl=1&resize=350%2C200","width":350,"height":200,"srcset":"https:\/\/i0.wp.com\/zeromagazine.mx\/wp-content\/uploads\/2024\/06\/GW_SS24_PRIDE_1080x1080_5.jpg?fit=1080%2C1080&ssl=1&resize=350%2C200 1x, https:\/\/i0.wp.com\/zeromagazine.mx\/wp-content\/uploads\/2024\/06\/GW_SS24_PRIDE_1080x1080_5.jpg?fit=1080%2C1080&ssl=1&resize=525%2C300 1.5x, https:\/\/i0.wp.com\/zeromagazine.mx\/wp-content\/uploads\/2024\/06\/GW_SS24_PRIDE_1080x1080_5.jpg?fit=1080%2C1080&ssl=1&resize=700%2C400 2x, https:\/\/i0.wp.com\/zeromagazine.mx\/wp-content\/uploads\/2024\/06\/GW_SS24_PRIDE_1080x1080_5.jpg?fit=1080%2C1080&ssl=1&resize=1050%2C600 3x"},"classes":[]},{"id":78464,"url":"https:\/\/zeromagazine.mx\/index.php\/2024\/06\/18\/unidxs-por-la-salud-mental-lgbtq\/","url_meta":{"origin":106122,"position":3},"title":"Unidxs por la Salud Mental LGBTQ+","author":"zeromagazinemx","date":"18 de junio de 2024","format":false,"excerpt":"Les quiero contar sobre una noticia que me llena de esperanza y emoci\u00f3n. RappiCard ha decidido unirse a The Trevor Project M\u00e9xico para trabajar juntes en algo super importante: la salud mental de las juventudes LGBTQ+. S\u00ed, justo lo que necesitamos para que nuestras voces sean escuchadas y nuestros problemas\u2026","rel":"","context":"En \u00abBienestar\u00bb","block_context":{"text":"Bienestar","link":"https:\/\/zeromagazine.mx\/index.php\/category\/lifestyle\/bienestar\/"},"img":{"alt_text":"","src":"https:\/\/i0.wp.com\/zeromagazine.mx\/wp-content\/uploads\/2024\/06\/Captura-de-pantalla-675.png?fit=944%2C533&ssl=1&resize=350%2C200","width":350,"height":200,"srcset":"https:\/\/i0.wp.com\/zeromagazine.mx\/wp-content\/uploads\/2024\/06\/Captura-de-pantalla-675.png?fit=944%2C533&ssl=1&resize=350%2C200 1x, https:\/\/i0.wp.com\/zeromagazine.mx\/wp-content\/uploads\/2024\/06\/Captura-de-pantalla-675.png?fit=944%2C533&ssl=1&resize=525%2C300 1.5x, https:\/\/i0.wp.com\/zeromagazine.mx\/wp-content\/uploads\/2024\/06\/Captura-de-pantalla-675.png?fit=944%2C533&ssl=1&resize=700%2C400 2x"},"classes":[]},{"id":94738,"url":"https:\/\/zeromagazine.mx\/index.php\/2025\/01\/14\/sal-del-closet-se-libre\/","url_meta":{"origin":106122,"position":4},"title":"Sal del Cl\u00f3set, S\u00e9 Libre","author":"zeromagazinemx","date":"14 de enero de 2025","format":false,"excerpt":"Sal del Cl\u00f3set Sal del Cl\u00f3set. Amigx, salir del cl\u00f3set es un viaje personal que a veces puede sentirse largo y complicado. Todos tenemos dudas, miedos y mucha incertidumbre sobre c\u00f3mo enfrentarlo, especialmente cuando no sabemos si estamos listxs para contarles a quienes m\u00e1s queremos sobre nuestra identidad. Pero, d\u00e9jame\u2026","rel":"","context":"En \u00abBienestar\u00bb","block_context":{"text":"Bienestar","link":"https:\/\/zeromagazine.mx\/index.php\/category\/lifestyle\/bienestar\/"},"img":{"alt_text":"","src":"https:\/\/i0.wp.com\/zeromagazine.mx\/wp-content\/uploads\/2025\/01\/Manual.jpg?resize=350%2C200&ssl=1","width":350,"height":200},"classes":[]},{"id":79884,"url":"https:\/\/zeromagazine.mx\/index.php\/2024\/07\/04\/actividades-que-debes-de-hacer-en-el-mes-del-orgullo\/","url_meta":{"origin":106122,"position":5},"title":"Actividades que Debes de Hacer para Celebrar el Pride","author":"zeromagazinemx","date":"4 de julio de 2024","format":false,"excerpt":"Primero quiero contarles, que la igualdad de g\u00e9nero y racial no puede alcanzarse sin atender a las necesidades de les persones LGBTIQ+. Por eso, se hizo un llamado a colaboradores y aliades para unirse a una causa importante. As\u00ed que, \u00a1prep\u00e1rense! #ORGULLO&PRIDE 2024 nxs invita a formar parte de las\u2026","rel":"","context":"En \u00abBlog\u00bb","block_context":{"text":"Blog","link":"https:\/\/zeromagazine.mx\/index.php\/category\/blog\/"},"img":{"alt_text":"","src":"https:\/\/i0.wp.com\/zeromagazine.mx\/wp-content\/uploads\/2024\/07\/PRIDEHIP.jpeg?fit=767%2C780&ssl=1&resize=350%2C200","width":350,"height":200,"srcset":"https:\/\/i0.wp.com\/zeromagazine.mx\/wp-content\/uploads\/2024\/07\/PRIDEHIP.jpeg?fit=767%2C780&ssl=1&resize=350%2C200 1x, https:\/\/i0.wp.com\/zeromagazine.mx\/wp-content\/uploads\/2024\/07\/PRIDEHIP.jpeg?fit=767%2C780&ssl=1&resize=525%2C300 1.5x, https:\/\/i0.wp.com\/zeromagazine.mx\/wp-content\/uploads\/2024\/07\/PRIDEHIP.jpeg?fit=767%2C780&ssl=1&resize=700%2C400 2x"},"classes":[]}],"jetpack_sharing_enabled":true,"builder_content":"","_links":{"self":[{"href":"https:\/\/zeromagazine.mx\/index.php\/wp-json\/wp\/v2\/posts\/106122","targetHints":{"allow":["GET"]}}],"collection":[{"href":"https:\/\/zeromagazine.mx\/index.php\/wp-json\/wp\/v2\/posts"}],"about":[{"href":"https:\/\/zeromagazine.mx\/index.php\/wp-json\/wp\/v2\/types\/post"}],"author":[{"embeddable":true,"href":"https:\/\/zeromagazine.mx\/index.php\/wp-json\/wp\/v2\/users\/4"}],"replies":[{"embeddable":true,"href":"https:\/\/zeromagazine.mx\/index.php\/wp-json\/wp\/v2\/comments?post=106122"}],"version-history":[{"count":2,"href":"https:\/\/zeromagazine.mx\/index.php\/wp-json\/wp\/v2\/posts\/106122\/revisions"}],"predecessor-version":[{"id":106129,"href":"https:\/\/zeromagazine.mx\/index.php\/wp-json\/wp\/v2\/posts\/106122\/revisions\/106129"}],"wp:featuredmedia":[{"embeddable":true,"href":"https:\/\/zeromagazine.mx\/index.php\/wp-json\/wp\/v2\/media\/106127"}],"wp:attachment":[{"href":"https:\/\/zeromagazine.mx\/index.php\/wp-json\/wp\/v2\/media?parent=106122"}],"wp:term":[{"taxonomy":"category","embeddable":true,"href":"https:\/\/zeromagazine.mx\/index.php\/wp-json\/wp\/v2\/categories?post=106122"},{"taxonomy":"post_tag","embeddable":true,"href":"https:\/\/zeromagazine.mx\/index.php\/wp-json\/wp\/v2\/tags?post=106122"}],"curies":[{"name":"wp","href":"https:\/\/api.w.org\/{rel}","templated":true}]}}