{"id":106146,"date":"2025-06-17T19:55:00","date_gmt":"2025-06-18T01:55:00","guid":{"rendered":"https:\/\/zeromagazine.mx\/?p=106146"},"modified":"2025-06-18T00:39:39","modified_gmt":"2025-06-18T06:39:39","slug":"pride-max-empodera-la-visibilidad","status":"publish","type":"post","link":"https:\/\/zeromagazine.mx\/index.php\/2025\/06\/17\/pride-max-empodera-la-visibilidad\/","title":{"rendered":"Pride Max, empodera la visibilidad"},"content":{"rendered":"<p>Amix, si t\u00fa tambi\u00e9n sientes que junio es tu mes para brillar, liberarse y empoderarse sin pedir perd\u00f3n, pues <strong>Pride MAX<\/strong> llega con todo el poder de las historias queer m\u00e1s ic\u00f3nicas. Desde leyendas como RuPaul y Pedro Pascal, hasta nuevas voces que est\u00e1n cambiando el game, MAX se pone la bandera en el pecho (y en el stream) para que nosotres nos veamos y celebremos como merecemos. No es solo entretenimiento: es validaci\u00f3n, visibilidad y amor propio en forma de marat\u00f3n.<\/p>\n\n\n\n<h3 class=\"wp-block-heading\">Leyendas que marcan historia<\/h3>\n\n\n\n<p>Primero, este a\u00f1o el cat\u00e1logo de <strong>Pride MAX<\/strong> trae vibes de todo tipo: dramas, docs, reality shows, series retro, pelis de culto y estrenos que abrazan la diversidad desde todas las letras del LGBTQIA+. Porque s\u00ed, vernos representades importa y m\u00e1s si es en series como <em>Veneno<\/em>, <em>We\u2019re Here<\/em>, o <em>Legendary<\/em>, que nos hacen gritar: \u201c\u00a1eso me pas\u00f3 a m\u00ed!\u201d.<\/p>\n\n\n<div class=\"wp-block-image\">\n<figure class=\"aligncenter size-full\"><img data-recalc-dims=\"1\" decoding=\"async\" width=\"564\" height=\"376\" src=\"https:\/\/i0.wp.com\/zeromagazine.mx\/wp-content\/uploads\/2025\/06\/bella-ramsey-isabela-merced.jpg?resize=564%2C376&#038;ssl=1\" alt=\"\" class=\"wp-image-106147\" srcset=\"https:\/\/i0.wp.com\/zeromagazine.mx\/wp-content\/uploads\/2025\/06\/bella-ramsey-isabela-merced.jpg?w=564&amp;ssl=1 564w, https:\/\/i0.wp.com\/zeromagazine.mx\/wp-content\/uploads\/2025\/06\/bella-ramsey-isabela-merced.jpg?resize=300%2C200&amp;ssl=1 300w\" sizes=\"(max-width: 564px) 100vw, 564px\" \/><\/figure>\n<\/div>\n\n\n<p>Asimismo, MAX no solo est\u00e1 curando contenido LGBTQIA+ para el mes del orgullo. Tambi\u00e9n est\u00e1 visibilizando las voces de la comunidad dentro y fuera de la industria del entretenimiento. Es un homenaje a quienes han abierto camino con arte, resistencia, autenticidad y mucha, much\u00edsima actitud.<\/p>\n\n\n\n<script async src=\"https:\/\/pagead2.googlesyndication.com\/pagead\/js\/adsbygoogle.js?client=ca-pub-5499304793904745\"\n     crossorigin=\"anonymous\"><\/script>\n<ins class=\"adsbygoogle\"\n     style=\"display:block; text-align:center;\"\n     data-ad-layout=\"in-article\"\n     data-ad-format=\"fluid\"\n     data-ad-client=\"ca-pub-5499304793904745\"\n     data-ad-slot=\"5994863093\"><\/ins>\n<script>\n     (adsbygoogle = window.adsbygoogle || []).push({});\n<\/script>\n\n\n\n<h3 class=\"wp-block-heading\">Orgullo tambi\u00e9n es visibilidad<\/h3>\n\n\n\n<p>Por otro lado, <strong>Pride MAX<\/strong> tambi\u00e9n se lanza en redes como TikTok, X, Instagram y YouTube con contenido para que armes el watch party con tus amix, compartas recomendaciones, reacciones, edits o simplemente celebres tu existencia. Y si quieres conocer toda la programaci\u00f3n y lanzamientos especiales, date una vuelta por <a class=\"\" href=\"https:\/\/play.max.com\/editorial\/lgbtq-pride\">este link<\/a>.<\/p>\n\n\n<div class=\"wp-block-image\">\n<figure class=\"aligncenter size-full\"><img data-recalc-dims=\"1\" decoding=\"async\" width=\"564\" height=\"318\" src=\"https:\/\/i0.wp.com\/zeromagazine.mx\/wp-content\/uploads\/2025\/06\/eup_108_05112019_ec_00991_14256.jpg?resize=564%2C318&#038;ssl=1\" alt=\"\" class=\"wp-image-106148\" srcset=\"https:\/\/i0.wp.com\/zeromagazine.mx\/wp-content\/uploads\/2025\/06\/eup_108_05112019_ec_00991_14256.jpg?w=564&amp;ssl=1 564w, https:\/\/i0.wp.com\/zeromagazine.mx\/wp-content\/uploads\/2025\/06\/eup_108_05112019_ec_00991_14256.jpg?resize=300%2C169&amp;ssl=1 300w\" sizes=\"(max-width: 564px) 100vw, 564px\" \/><\/figure>\n<\/div>\n\n\n<p>Finalmente, el orgullo no se vive solo en las calles o en la marcha, tambi\u00e9n se disfruta desde casa con historias que abrazan nuestra identidad y nos hacen sentir parte de algo m\u00e1s grande. As\u00ed que ya sabes, prende tu MAX, acom\u00f3date bien y deja que cada historia te recuerde lo mucho que vales. Porque este mes y todos, <strong>Pride MAX<\/strong> nos une, nos empodera y nos celebra como la familia diversa que somos.<\/p>\n\n\n\n<p>Y si quieres conocer m\u00e1s novedades de entretenimiento entra en<a href=\"https:\/\/zeromagazine.mx\/\"> zeromagazine.mx<\/a> o s\u00edguenos en <a href=\"https:\/\/www.instagram.com\/zeromagazinemx\/\">@zeromagazinemx<\/a><\/p>\n\n\n\n<script async src=\"https:\/\/pagead2.googlesyndication.com\/pagead\/js\/adsbygoogle.js?client=ca-pub-5499304793904745\"\n     crossorigin=\"anonymous\"><\/script>\n<ins class=\"adsbygoogle\"\n     style=\"display:block; text-align:center;\"\n     data-ad-layout=\"in-article\"\n     data-ad-format=\"fluid\"\n     data-ad-client=\"ca-pub-5499304793904745\"\n     data-ad-slot=\"5994863093\"><\/ins>\n<script>\n     (adsbygoogle = window.adsbygoogle || []).push({});\n<\/script>\n\n<!--themify_builder_content-->\n<div id=\"themify_builder_content-106146\" data-postid=\"106146\" class=\"themify_builder_content themify_builder_content-106146 themify_builder tf_clear\">\n    <\/div>\n<!--\/themify_builder_content-->","protected":false},"excerpt":{"rendered":"<p>Amix, si t\u00fa tambi\u00e9n sientes que junio es tu mes para brillar, liberarse y empoderarse sin pedir perd\u00f3n, pues Pride MAX llega con todo el poder de las historias queer m\u00e1s ic\u00f3nicas. Desde leyendas como RuPaul y Pedro Pascal, hasta nuevas voces que est\u00e1n cambiando el game, MAX se pone la bandera en el pecho [&hellip;]<\/p>\n","protected":false},"author":4,"featured_media":106149,"comment_status":"open","ping_status":"open","sticky":false,"template":"","format":"standard","meta":{"_jetpack_memberships_contains_paid_content":false,"footnotes":"","jetpack_publicize_message":"","jetpack_publicize_feature_enabled":true,"jetpack_social_post_already_shared":true,"jetpack_social_options":{"image_generator_settings":{"template":"highway","default_image_id":0,"font":"","enabled":false},"version":2}},"categories":[117],"tags":[48,7048,13914,1280,1331],"class_list":["post-106146","post","type-post","status-publish","format-standard","has-post-thumbnail","hentry","category-entretenimiento","tag-lgbtq","tag-max","tag-pride-2025","tag-series","tag-streaming","has-post-title","has-post-date","has-post-category","has-post-tag","has-post-comment","has-post-author",""],"yoast_head":"<!-- This site is optimized with the Yoast SEO plugin v27.5 - https:\/\/yoast.com\/product\/yoast-seo-wordpress\/ -->\n<title>Pride Max, empodera la visibilidad - Zero Magazine<\/title>\n<meta name=\"description\" content=\"En este mes de orgullo disfruta de ver grandes contenidos que dan voz a la comunidad LGBTQ+ con Pride Max. \u00a1Descubre los detalles!\" \/>\n<meta name=\"robots\" content=\"index, follow, max-snippet:-1, max-image-preview:large, max-video-preview:-1\" \/>\n<link rel=\"canonical\" href=\"https:\/\/zeromagazine.mx\/index.php\/2025\/06\/17\/pride-max-empodera-la-visibilidad\/\" \/>\n<meta property=\"og:locale\" content=\"es_ES\" \/>\n<meta property=\"og:type\" content=\"article\" \/>\n<meta property=\"og:title\" content=\"Pride Max, empodera la visibilidad - Zero Magazine\" \/>\n<meta property=\"og:description\" content=\"En este mes de orgullo disfruta de ver grandes contenidos que dan voz a la comunidad LGBTQ+ con Pride Max. \u00a1Descubre los detalles!\" \/>\n<meta property=\"og:url\" content=\"https:\/\/zeromagazine.mx\/index.php\/2025\/06\/17\/pride-max-empodera-la-visibilidad\/\" \/>\n<meta property=\"og:site_name\" content=\"Zero Magazine\" \/>\n<meta property=\"article:published_time\" content=\"2025-06-18T01:55:00+00:00\" \/>\n<meta property=\"article:modified_time\" content=\"2025-06-18T06:39:39+00:00\" \/>\n<meta property=\"og:image\" content=\"http:\/\/zeromagazine.mx\/wp-content\/uploads\/2025\/06\/image-1.jpg\" \/>\n\t<meta property=\"og:image:width\" content=\"590\" \/>\n\t<meta property=\"og:image:height\" content=\"332\" \/>\n\t<meta property=\"og:image:type\" content=\"image\/jpeg\" \/>\n<meta name=\"author\" content=\"David Morales\" \/>\n<meta name=\"twitter:card\" content=\"summary_large_image\" \/>\n<meta name=\"twitter:label1\" content=\"Escrito por\" \/>\n\t<meta name=\"twitter:data1\" content=\"David Morales\" \/>\n\t<meta name=\"twitter:label2\" content=\"Tiempo de lectura\" \/>\n\t<meta name=\"twitter:data2\" content=\"3 minutos\" \/>\n<script type=\"application\/ld+json\" class=\"yoast-schema-graph\">{\"@context\":\"https:\\\/\\\/schema.org\",\"@graph\":[{\"@type\":\"Article\",\"@id\":\"https:\\\/\\\/zeromagazine.mx\\\/index.php\\\/2025\\\/06\\\/17\\\/pride-max-empodera-la-visibilidad\\\/#article\",\"isPartOf\":{\"@id\":\"https:\\\/\\\/zeromagazine.mx\\\/index.php\\\/2025\\\/06\\\/17\\\/pride-max-empodera-la-visibilidad\\\/\"},\"author\":{\"name\":\"David Morales\",\"@id\":\"https:\\\/\\\/zeromagazine.mx\\\/#\\\/schema\\\/person\\\/9f7f1a17c60ba8e9980e3e6677aabe5a\"},\"headline\":\"Pride Max, empodera la visibilidad\",\"datePublished\":\"2025-06-18T01:55:00+00:00\",\"dateModified\":\"2025-06-18T06:39:39+00:00\",\"mainEntityOfPage\":{\"@id\":\"https:\\\/\\\/zeromagazine.mx\\\/index.php\\\/2025\\\/06\\\/17\\\/pride-max-empodera-la-visibilidad\\\/\"},\"wordCount\":363,\"commentCount\":0,\"publisher\":{\"@id\":\"https:\\\/\\\/zeromagazine.mx\\\/#organization\"},\"image\":{\"@id\":\"https:\\\/\\\/zeromagazine.mx\\\/index.php\\\/2025\\\/06\\\/17\\\/pride-max-empodera-la-visibilidad\\\/#primaryimage\"},\"thumbnailUrl\":\"https:\\\/\\\/i0.wp.com\\\/zeromagazine.mx\\\/wp-content\\\/uploads\\\/2025\\\/06\\\/image-1.jpg?fit=590%2C332&ssl=1\",\"keywords\":[\"LGBTQ+\",\"MAX\",\"Pride 2025\",\"Series\",\"streaming\"],\"articleSection\":[\"Entretenimiento\"],\"inLanguage\":\"es\",\"potentialAction\":[{\"@type\":\"CommentAction\",\"name\":\"Comment\",\"target\":[\"https:\\\/\\\/zeromagazine.mx\\\/index.php\\\/2025\\\/06\\\/17\\\/pride-max-empodera-la-visibilidad\\\/#respond\"]}]},{\"@type\":\"WebPage\",\"@id\":\"https:\\\/\\\/zeromagazine.mx\\\/index.php\\\/2025\\\/06\\\/17\\\/pride-max-empodera-la-visibilidad\\\/\",\"url\":\"https:\\\/\\\/zeromagazine.mx\\\/index.php\\\/2025\\\/06\\\/17\\\/pride-max-empodera-la-visibilidad\\\/\",\"name\":\"Pride Max, empodera la visibilidad - Zero Magazine\",\"isPartOf\":{\"@id\":\"https:\\\/\\\/zeromagazine.mx\\\/#website\"},\"primaryImageOfPage\":{\"@id\":\"https:\\\/\\\/zeromagazine.mx\\\/index.php\\\/2025\\\/06\\\/17\\\/pride-max-empodera-la-visibilidad\\\/#primaryimage\"},\"image\":{\"@id\":\"https:\\\/\\\/zeromagazine.mx\\\/index.php\\\/2025\\\/06\\\/17\\\/pride-max-empodera-la-visibilidad\\\/#primaryimage\"},\"thumbnailUrl\":\"https:\\\/\\\/i0.wp.com\\\/zeromagazine.mx\\\/wp-content\\\/uploads\\\/2025\\\/06\\\/image-1.jpg?fit=590%2C332&ssl=1\",\"datePublished\":\"2025-06-18T01:55:00+00:00\",\"dateModified\":\"2025-06-18T06:39:39+00:00\",\"description\":\"En este mes de orgullo disfruta de ver grandes contenidos que dan voz a la comunidad LGBTQ+ con Pride Max. \u00a1Descubre los detalles!\",\"breadcrumb\":{\"@id\":\"https:\\\/\\\/zeromagazine.mx\\\/index.php\\\/2025\\\/06\\\/17\\\/pride-max-empodera-la-visibilidad\\\/#breadcrumb\"},\"inLanguage\":\"es\",\"potentialAction\":[{\"@type\":\"ReadAction\",\"target\":[\"https:\\\/\\\/zeromagazine.mx\\\/index.php\\\/2025\\\/06\\\/17\\\/pride-max-empodera-la-visibilidad\\\/\"]}]},{\"@type\":\"ImageObject\",\"inLanguage\":\"es\",\"@id\":\"https:\\\/\\\/zeromagazine.mx\\\/index.php\\\/2025\\\/06\\\/17\\\/pride-max-empodera-la-visibilidad\\\/#primaryimage\",\"url\":\"https:\\\/\\\/i0.wp.com\\\/zeromagazine.mx\\\/wp-content\\\/uploads\\\/2025\\\/06\\\/image-1.jpg?fit=590%2C332&ssl=1\",\"contentUrl\":\"https:\\\/\\\/i0.wp.com\\\/zeromagazine.mx\\\/wp-content\\\/uploads\\\/2025\\\/06\\\/image-1.jpg?fit=590%2C332&ssl=1\",\"width\":590,\"height\":332},{\"@type\":\"BreadcrumbList\",\"@id\":\"https:\\\/\\\/zeromagazine.mx\\\/index.php\\\/2025\\\/06\\\/17\\\/pride-max-empodera-la-visibilidad\\\/#breadcrumb\",\"itemListElement\":[{\"@type\":\"ListItem\",\"position\":1,\"name\":\"Portada\",\"item\":\"https:\\\/\\\/zeromagazine.mx\\\/\"},{\"@type\":\"ListItem\",\"position\":2,\"name\":\"Pride Max, empodera la visibilidad\"}]},{\"@type\":\"WebSite\",\"@id\":\"https:\\\/\\\/zeromagazine.mx\\\/#website\",\"url\":\"https:\\\/\\\/zeromagazine.mx\\\/\",\"name\":\"Zero Magazine\",\"description\":\"\",\"publisher\":{\"@id\":\"https:\\\/\\\/zeromagazine.mx\\\/#organization\"},\"potentialAction\":[{\"@type\":\"SearchAction\",\"target\":{\"@type\":\"EntryPoint\",\"urlTemplate\":\"https:\\\/\\\/zeromagazine.mx\\\/?s={search_term_string}\"},\"query-input\":{\"@type\":\"PropertyValueSpecification\",\"valueRequired\":true,\"valueName\":\"search_term_string\"}}],\"inLanguage\":\"es\"},{\"@type\":\"Organization\",\"@id\":\"https:\\\/\\\/zeromagazine.mx\\\/#organization\",\"name\":\"Zero Magazine\",\"url\":\"https:\\\/\\\/zeromagazine.mx\\\/\",\"logo\":{\"@type\":\"ImageObject\",\"inLanguage\":\"es\",\"@id\":\"https:\\\/\\\/zeromagazine.mx\\\/#\\\/schema\\\/logo\\\/image\\\/\",\"url\":\"https:\\\/\\\/i0.wp.com\\\/zeromagazine.mx\\\/wp-content\\\/uploads\\\/2025\\\/11\\\/1.jpeg?fit=1000%2C1000&ssl=1\",\"contentUrl\":\"https:\\\/\\\/i0.wp.com\\\/zeromagazine.mx\\\/wp-content\\\/uploads\\\/2025\\\/11\\\/1.jpeg?fit=1000%2C1000&ssl=1\",\"width\":1000,\"height\":1000,\"caption\":\"Zero Magazine\"},\"image\":{\"@id\":\"https:\\\/\\\/zeromagazine.mx\\\/#\\\/schema\\\/logo\\\/image\\\/\"},\"sameAs\":[\"https:\\\/\\\/instagram.com\\\/zeromagazinemx\"]},{\"@type\":\"Person\",\"@id\":\"https:\\\/\\\/zeromagazine.mx\\\/#\\\/schema\\\/person\\\/9f7f1a17c60ba8e9980e3e6677aabe5a\",\"name\":\"David Morales\",\"image\":{\"@type\":\"ImageObject\",\"inLanguage\":\"es\",\"@id\":\"https:\\\/\\\/zeromagazine.mx\\\/wp-content\\\/litespeed\\\/avatar\\\/76069d2136bfc1c37dc34815bb67ca42.jpg?ver=1777571067\",\"url\":\"https:\\\/\\\/zeromagazine.mx\\\/wp-content\\\/litespeed\\\/avatar\\\/76069d2136bfc1c37dc34815bb67ca42.jpg?ver=1777571067\",\"contentUrl\":\"https:\\\/\\\/zeromagazine.mx\\\/wp-content\\\/litespeed\\\/avatar\\\/76069d2136bfc1c37dc34815bb67ca42.jpg?ver=1777571067\",\"caption\":\"David Morales\"},\"url\":\"https:\\\/\\\/zeromagazine.mx\\\/index.php\\\/author\\\/david\\\/\"}]}<\/script>\n<!-- \/ Yoast SEO plugin. -->","yoast_head_json":{"title":"Pride Max, empodera la visibilidad - Zero Magazine","description":"En este mes de orgullo disfruta de ver grandes contenidos que dan voz a la comunidad LGBTQ+ con Pride Max. \u00a1Descubre los detalles!","robots":{"index":"index","follow":"follow","max-snippet":"max-snippet:-1","max-image-preview":"max-image-preview:large","max-video-preview":"max-video-preview:-1"},"canonical":"https:\/\/zeromagazine.mx\/index.php\/2025\/06\/17\/pride-max-empodera-la-visibilidad\/","og_locale":"es_ES","og_type":"article","og_title":"Pride Max, empodera la visibilidad - Zero Magazine","og_description":"En este mes de orgullo disfruta de ver grandes contenidos que dan voz a la comunidad LGBTQ+ con Pride Max. \u00a1Descubre los detalles!","og_url":"https:\/\/zeromagazine.mx\/index.php\/2025\/06\/17\/pride-max-empodera-la-visibilidad\/","og_site_name":"Zero Magazine","article_published_time":"2025-06-18T01:55:00+00:00","article_modified_time":"2025-06-18T06:39:39+00:00","og_image":[{"width":590,"height":332,"url":"http:\/\/zeromagazine.mx\/wp-content\/uploads\/2025\/06\/image-1.jpg","type":"image\/jpeg"}],"author":"David Morales","twitter_card":"summary_large_image","twitter_misc":{"Escrito por":"David Morales","Tiempo de lectura":"3 minutos"},"schema":{"@context":"https:\/\/schema.org","@graph":[{"@type":"Article","@id":"https:\/\/zeromagazine.mx\/index.php\/2025\/06\/17\/pride-max-empodera-la-visibilidad\/#article","isPartOf":{"@id":"https:\/\/zeromagazine.mx\/index.php\/2025\/06\/17\/pride-max-empodera-la-visibilidad\/"},"author":{"name":"David Morales","@id":"https:\/\/zeromagazine.mx\/#\/schema\/person\/9f7f1a17c60ba8e9980e3e6677aabe5a"},"headline":"Pride Max, empodera la visibilidad","datePublished":"2025-06-18T01:55:00+00:00","dateModified":"2025-06-18T06:39:39+00:00","mainEntityOfPage":{"@id":"https:\/\/zeromagazine.mx\/index.php\/2025\/06\/17\/pride-max-empodera-la-visibilidad\/"},"wordCount":363,"commentCount":0,"publisher":{"@id":"https:\/\/zeromagazine.mx\/#organization"},"image":{"@id":"https:\/\/zeromagazine.mx\/index.php\/2025\/06\/17\/pride-max-empodera-la-visibilidad\/#primaryimage"},"thumbnailUrl":"https:\/\/i0.wp.com\/zeromagazine.mx\/wp-content\/uploads\/2025\/06\/image-1.jpg?fit=590%2C332&ssl=1","keywords":["LGBTQ+","MAX","Pride 2025","Series","streaming"],"articleSection":["Entretenimiento"],"inLanguage":"es","potentialAction":[{"@type":"CommentAction","name":"Comment","target":["https:\/\/zeromagazine.mx\/index.php\/2025\/06\/17\/pride-max-empodera-la-visibilidad\/#respond"]}]},{"@type":"WebPage","@id":"https:\/\/zeromagazine.mx\/index.php\/2025\/06\/17\/pride-max-empodera-la-visibilidad\/","url":"https:\/\/zeromagazine.mx\/index.php\/2025\/06\/17\/pride-max-empodera-la-visibilidad\/","name":"Pride Max, empodera la visibilidad - Zero Magazine","isPartOf":{"@id":"https:\/\/zeromagazine.mx\/#website"},"primaryImageOfPage":{"@id":"https:\/\/zeromagazine.mx\/index.php\/2025\/06\/17\/pride-max-empodera-la-visibilidad\/#primaryimage"},"image":{"@id":"https:\/\/zeromagazine.mx\/index.php\/2025\/06\/17\/pride-max-empodera-la-visibilidad\/#primaryimage"},"thumbnailUrl":"https:\/\/i0.wp.com\/zeromagazine.mx\/wp-content\/uploads\/2025\/06\/image-1.jpg?fit=590%2C332&ssl=1","datePublished":"2025-06-18T01:55:00+00:00","dateModified":"2025-06-18T06:39:39+00:00","description":"En este mes de orgullo disfruta de ver grandes contenidos que dan voz a la comunidad LGBTQ+ con Pride Max. \u00a1Descubre los detalles!","breadcrumb":{"@id":"https:\/\/zeromagazine.mx\/index.php\/2025\/06\/17\/pride-max-empodera-la-visibilidad\/#breadcrumb"},"inLanguage":"es","potentialAction":[{"@type":"ReadAction","target":["https:\/\/zeromagazine.mx\/index.php\/2025\/06\/17\/pride-max-empodera-la-visibilidad\/"]}]},{"@type":"ImageObject","inLanguage":"es","@id":"https:\/\/zeromagazine.mx\/index.php\/2025\/06\/17\/pride-max-empodera-la-visibilidad\/#primaryimage","url":"https:\/\/i0.wp.com\/zeromagazine.mx\/wp-content\/uploads\/2025\/06\/image-1.jpg?fit=590%2C332&ssl=1","contentUrl":"https:\/\/i0.wp.com\/zeromagazine.mx\/wp-content\/uploads\/2025\/06\/image-1.jpg?fit=590%2C332&ssl=1","width":590,"height":332},{"@type":"BreadcrumbList","@id":"https:\/\/zeromagazine.mx\/index.php\/2025\/06\/17\/pride-max-empodera-la-visibilidad\/#breadcrumb","itemListElement":[{"@type":"ListItem","position":1,"name":"Portada","item":"https:\/\/zeromagazine.mx\/"},{"@type":"ListItem","position":2,"name":"Pride Max, empodera la visibilidad"}]},{"@type":"WebSite","@id":"https:\/\/zeromagazine.mx\/#website","url":"https:\/\/zeromagazine.mx\/","name":"Zero Magazine","description":"","publisher":{"@id":"https:\/\/zeromagazine.mx\/#organization"},"potentialAction":[{"@type":"SearchAction","target":{"@type":"EntryPoint","urlTemplate":"https:\/\/zeromagazine.mx\/?s={search_term_string}"},"query-input":{"@type":"PropertyValueSpecification","valueRequired":true,"valueName":"search_term_string"}}],"inLanguage":"es"},{"@type":"Organization","@id":"https:\/\/zeromagazine.mx\/#organization","name":"Zero Magazine","url":"https:\/\/zeromagazine.mx\/","logo":{"@type":"ImageObject","inLanguage":"es","@id":"https:\/\/zeromagazine.mx\/#\/schema\/logo\/image\/","url":"https:\/\/i0.wp.com\/zeromagazine.mx\/wp-content\/uploads\/2025\/11\/1.jpeg?fit=1000%2C1000&ssl=1","contentUrl":"https:\/\/i0.wp.com\/zeromagazine.mx\/wp-content\/uploads\/2025\/11\/1.jpeg?fit=1000%2C1000&ssl=1","width":1000,"height":1000,"caption":"Zero Magazine"},"image":{"@id":"https:\/\/zeromagazine.mx\/#\/schema\/logo\/image\/"},"sameAs":["https:\/\/instagram.com\/zeromagazinemx"]},{"@type":"Person","@id":"https:\/\/zeromagazine.mx\/#\/schema\/person\/9f7f1a17c60ba8e9980e3e6677aabe5a","name":"David Morales","image":{"@type":"ImageObject","inLanguage":"es","@id":"https:\/\/zeromagazine.mx\/wp-content\/litespeed\/avatar\/76069d2136bfc1c37dc34815bb67ca42.jpg?ver=1777571067","url":"https:\/\/zeromagazine.mx\/wp-content\/litespeed\/avatar\/76069d2136bfc1c37dc34815bb67ca42.jpg?ver=1777571067","contentUrl":"https:\/\/zeromagazine.mx\/wp-content\/litespeed\/avatar\/76069d2136bfc1c37dc34815bb67ca42.jpg?ver=1777571067","caption":"David Morales"},"url":"https:\/\/zeromagazine.mx\/index.php\/author\/david\/"}]}},"jetpack_publicize_connections":[],"jetpack_featured_media_url":"https:\/\/i0.wp.com\/zeromagazine.mx\/wp-content\/uploads\/2025\/06\/image-1.jpg?fit=590%2C332&ssl=1","jetpack-related-posts":[{"id":106105,"url":"https:\/\/zeromagazine.mx\/index.php\/2025\/06\/17\/worn-with-pride-guess-te-da-tiempo-con-orgullo\/","url_meta":{"origin":106146,"position":0},"title":"Worn With Pride Guess te da tiempo con orgullo","author":"David Morales","date":"17 de junio de 2025","format":false,"excerpt":"Amix, sabemos que el Pride no es solo una fecha, es todo un mood que se vive, se siente y se expresa. Y si t\u00fa tambi\u00e9n quieres que hasta el tiempo que usas hable de qui\u00e9n eres, checa esto: Worn With Pride Guess, la colecci\u00f3n que convierte un simple reloj\u2026","rel":"","context":"En \u00abModa\u00bb","block_context":{"text":"Moda","link":"https:\/\/zeromagazine.mx\/index.php\/category\/moda\/"},"img":{"alt_text":"","src":"https:\/\/i0.wp.com\/zeromagazine.mx\/wp-content\/uploads\/2025\/06\/GW_SS25_PRIDE_1_GW0881L2-GW0908G3_rgb-scaled.jpg?fit=1200%2C800&ssl=1&resize=350%2C200","width":350,"height":200,"srcset":"https:\/\/i0.wp.com\/zeromagazine.mx\/wp-content\/uploads\/2025\/06\/GW_SS25_PRIDE_1_GW0881L2-GW0908G3_rgb-scaled.jpg?fit=1200%2C800&ssl=1&resize=350%2C200 1x, https:\/\/i0.wp.com\/zeromagazine.mx\/wp-content\/uploads\/2025\/06\/GW_SS25_PRIDE_1_GW0881L2-GW0908G3_rgb-scaled.jpg?fit=1200%2C800&ssl=1&resize=525%2C300 1.5x, https:\/\/i0.wp.com\/zeromagazine.mx\/wp-content\/uploads\/2025\/06\/GW_SS25_PRIDE_1_GW0881L2-GW0908G3_rgb-scaled.jpg?fit=1200%2C800&ssl=1&resize=700%2C400 2x, https:\/\/i0.wp.com\/zeromagazine.mx\/wp-content\/uploads\/2025\/06\/GW_SS25_PRIDE_1_GW0881L2-GW0908G3_rgb-scaled.jpg?fit=1200%2C800&ssl=1&resize=1050%2C600 3x"},"classes":[]},{"id":106115,"url":"https:\/\/zeromagazine.mx\/index.php\/2025\/06\/17\/el-pride-de-aribnb-vibra-en-cdmx\/","url_meta":{"origin":106146,"position":1},"title":"El Pride de Airbnb vibra en CDMX","author":"David Morales","date":"17 de junio de 2025","format":false,"excerpt":"Amix, ya se acerca el Pride y obvio no solo estamos pensando en el outfit m\u00e1s glitteroso para la marcha, sino tambi\u00e9n en c\u00f3mo hacer de este momento algo m\u00e1s grande. Y si t\u00fa y tu crew quieren armar el viaje m\u00e1s \u00e9pico de su vida, la neta es que\u2026","rel":"","context":"En \u00abViajes\u00bb","block_context":{"text":"Viajes","link":"https:\/\/zeromagazine.mx\/index.php\/category\/lugares\/"},"img":{"alt_text":"","src":"https:\/\/i0.wp.com\/zeromagazine.mx\/wp-content\/uploads\/2025\/06\/Airbnb2_250609.jpg?fit=960%2C625&ssl=1&resize=350%2C200","width":350,"height":200,"srcset":"https:\/\/i0.wp.com\/zeromagazine.mx\/wp-content\/uploads\/2025\/06\/Airbnb2_250609.jpg?fit=960%2C625&ssl=1&resize=350%2C200 1x, https:\/\/i0.wp.com\/zeromagazine.mx\/wp-content\/uploads\/2025\/06\/Airbnb2_250609.jpg?fit=960%2C625&ssl=1&resize=525%2C300 1.5x, https:\/\/i0.wp.com\/zeromagazine.mx\/wp-content\/uploads\/2025\/06\/Airbnb2_250609.jpg?fit=960%2C625&ssl=1&resize=700%2C400 2x"},"classes":[]},{"id":106339,"url":"https:\/\/zeromagazine.mx\/index.php\/2025\/06\/26\/pride-con-color-se-celebra-con-autenticidad\/","url_meta":{"origin":106146,"position":2},"title":"Pride con color, se celebra con autenticidad","author":"David Morales","date":"26 de junio de 2025","format":false,"excerpt":"Ser t\u00fa nunca hab\u00eda sido tan chic. Este Pride, toca vivir con fuerza, color y prop\u00f3sito gracias a una curadur\u00eda de productos que celebran la expresi\u00f3n individual, la diversidad y el dise\u00f1o con intenci\u00f3n. Desde la CDMX, con glitter en los ojos y power en el coraz\u00f3n, llega \u201cPride con\u2026","rel":"","context":"En \u00abLifestyle\u00bb","block_context":{"text":"Lifestyle","link":"https:\/\/zeromagazine.mx\/index.php\/category\/lifestyle\/"},"img":{"alt_text":"","src":"https:\/\/i0.wp.com\/zeromagazine.mx\/wp-content\/uploads\/2025\/06\/FALDA-VERDE-S036365-1.webp?fit=1000%2C1071&ssl=1&resize=350%2C200","width":350,"height":200,"srcset":"https:\/\/i0.wp.com\/zeromagazine.mx\/wp-content\/uploads\/2025\/06\/FALDA-VERDE-S036365-1.webp?fit=1000%2C1071&ssl=1&resize=350%2C200 1x, https:\/\/i0.wp.com\/zeromagazine.mx\/wp-content\/uploads\/2025\/06\/FALDA-VERDE-S036365-1.webp?fit=1000%2C1071&ssl=1&resize=525%2C300 1.5x, https:\/\/i0.wp.com\/zeromagazine.mx\/wp-content\/uploads\/2025\/06\/FALDA-VERDE-S036365-1.webp?fit=1000%2C1071&ssl=1&resize=700%2C400 2x"},"classes":[]},{"id":105614,"url":"https:\/\/zeromagazine.mx\/index.php\/2025\/06\/04\/mubi-pride-cine-con-orgullo\/","url_meta":{"origin":106146,"position":3},"title":"MUBI Pride: Cine Con Orgullo","author":"David Morales","date":"4 de junio de 2025","format":false,"excerpt":"Amix, junio lleg\u00f3 con todo y no solo hablamos de calor y chelitas fr\u00edas, tambi\u00e9n es el mes del Pride, y MUBI lo sabe. Esta plataforma que ya es fav entre cin\u00e9filxs alternativos, se puso las pilas y arm\u00f3 una curadur\u00eda brutal de historias que gritan libertad, diversidad y rebeld\u00eda.\u2026","rel":"","context":"En \u00abCine\u00bb","block_context":{"text":"Cine","link":"https:\/\/zeromagazine.mx\/index.php\/category\/entretenimiento\/cine\/"},"img":{"alt_text":"","src":"https:\/\/i0.wp.com\/zeromagazine.mx\/wp-content\/uploads\/2025\/06\/Luca-Guadagnino2024QUEER-1.jpg?fit=856%2C482&ssl=1&resize=350%2C200","width":350,"height":200,"srcset":"https:\/\/i0.wp.com\/zeromagazine.mx\/wp-content\/uploads\/2025\/06\/Luca-Guadagnino2024QUEER-1.jpg?fit=856%2C482&ssl=1&resize=350%2C200 1x, https:\/\/i0.wp.com\/zeromagazine.mx\/wp-content\/uploads\/2025\/06\/Luca-Guadagnino2024QUEER-1.jpg?fit=856%2C482&ssl=1&resize=525%2C300 1.5x, https:\/\/i0.wp.com\/zeromagazine.mx\/wp-content\/uploads\/2025\/06\/Luca-Guadagnino2024QUEER-1.jpg?fit=856%2C482&ssl=1&resize=700%2C400 2x"},"classes":[]},{"id":106318,"url":"https:\/\/zeromagazine.mx\/index.php\/2025\/06\/26\/adios-amor-pride\/","url_meta":{"origin":106146,"position":4},"title":"Adi\u00f3s Amor Pride: una drag night para soltar el drama con glitter","author":"David Morales","date":"26 de junio de 2025","format":false,"excerpt":"Amix, prep\u00e1rate para una noche de esas que sanan con glitter y m\u00fasica intensa. Si alguna vez lloraste por amor mientras sonaba Dulce, Amanda Miguel o Jos\u00e9 Jos\u00e9, esta es tu se\u00f1al para transformar esas l\u00e1grimas en brillo. \u201cAdi\u00f3s mi Amor\u201d se pone en modo Pride y trae una experiencia\u2026","rel":"","context":"En \u00abCultura\u00bb","block_context":{"text":"Cultura","link":"https:\/\/zeromagazine.mx\/index.php\/category\/cultura\/"},"img":{"alt_text":"","src":"https:\/\/i0.wp.com\/zeromagazine.mx\/wp-content\/uploads\/2025\/06\/Poster-Vertical.jpg?fit=960%2C1200&ssl=1&resize=350%2C200","width":350,"height":200,"srcset":"https:\/\/i0.wp.com\/zeromagazine.mx\/wp-content\/uploads\/2025\/06\/Poster-Vertical.jpg?fit=960%2C1200&ssl=1&resize=350%2C200 1x, https:\/\/i0.wp.com\/zeromagazine.mx\/wp-content\/uploads\/2025\/06\/Poster-Vertical.jpg?fit=960%2C1200&ssl=1&resize=525%2C300 1.5x, https:\/\/i0.wp.com\/zeromagazine.mx\/wp-content\/uploads\/2025\/06\/Poster-Vertical.jpg?fit=960%2C1200&ssl=1&resize=700%2C400 2x"},"classes":[]},{"id":106092,"url":"https:\/\/zeromagazine.mx\/index.php\/2025\/06\/17\/tinder-y-willy-chavarria-pride-moda-y-amor-sin-filtros\/","url_meta":{"origin":106146,"position":5},"title":"Tinder y Willy Chavarria: Pride, moda y amor sin filtros","author":"David Morales","date":"17 de junio de 2025","format":false,"excerpt":"Amix, junio lleg\u00f3 y obvio estamos vibrando alto con cada color del arco\u00edris. Pero este a\u00f1o hay una collab que se est\u00e1 llevando todas las miradas y corazones; pues Tinder y Willy Chavarria lanzaron la campa\u00f1a How We Love Is Who We Are, una joyita que une moda, visibilidad y\u2026","rel":"","context":"En \u00abModa\u00bb","block_context":{"text":"Moda","link":"https:\/\/zeromagazine.mx\/index.php\/category\/moda\/"},"img":{"alt_text":"","src":"https:\/\/i0.wp.com\/zeromagazine.mx\/wp-content\/uploads\/2025\/06\/Colaboracion-Tinder-Willy-Chavarria-y-HRC.png?fit=1200%2C635&ssl=1&resize=350%2C200","width":350,"height":200,"srcset":"https:\/\/i0.wp.com\/zeromagazine.mx\/wp-content\/uploads\/2025\/06\/Colaboracion-Tinder-Willy-Chavarria-y-HRC.png?fit=1200%2C635&ssl=1&resize=350%2C200 1x, https:\/\/i0.wp.com\/zeromagazine.mx\/wp-content\/uploads\/2025\/06\/Colaboracion-Tinder-Willy-Chavarria-y-HRC.png?fit=1200%2C635&ssl=1&resize=525%2C300 1.5x, https:\/\/i0.wp.com\/zeromagazine.mx\/wp-content\/uploads\/2025\/06\/Colaboracion-Tinder-Willy-Chavarria-y-HRC.png?fit=1200%2C635&ssl=1&resize=700%2C400 2x, https:\/\/i0.wp.com\/zeromagazine.mx\/wp-content\/uploads\/2025\/06\/Colaboracion-Tinder-Willy-Chavarria-y-HRC.png?fit=1200%2C635&ssl=1&resize=1050%2C600 3x"},"classes":[]}],"jetpack_sharing_enabled":true,"builder_content":"","_links":{"self":[{"href":"https:\/\/zeromagazine.mx\/index.php\/wp-json\/wp\/v2\/posts\/106146","targetHints":{"allow":["GET"]}}],"collection":[{"href":"https:\/\/zeromagazine.mx\/index.php\/wp-json\/wp\/v2\/posts"}],"about":[{"href":"https:\/\/zeromagazine.mx\/index.php\/wp-json\/wp\/v2\/types\/post"}],"author":[{"embeddable":true,"href":"https:\/\/zeromagazine.mx\/index.php\/wp-json\/wp\/v2\/users\/4"}],"replies":[{"embeddable":true,"href":"https:\/\/zeromagazine.mx\/index.php\/wp-json\/wp\/v2\/comments?post=106146"}],"version-history":[{"count":2,"href":"https:\/\/zeromagazine.mx\/index.php\/wp-json\/wp\/v2\/posts\/106146\/revisions"}],"predecessor-version":[{"id":106151,"href":"https:\/\/zeromagazine.mx\/index.php\/wp-json\/wp\/v2\/posts\/106146\/revisions\/106151"}],"wp:featuredmedia":[{"embeddable":true,"href":"https:\/\/zeromagazine.mx\/index.php\/wp-json\/wp\/v2\/media\/106149"}],"wp:attachment":[{"href":"https:\/\/zeromagazine.mx\/index.php\/wp-json\/wp\/v2\/media?parent=106146"}],"wp:term":[{"taxonomy":"category","embeddable":true,"href":"https:\/\/zeromagazine.mx\/index.php\/wp-json\/wp\/v2\/categories?post=106146"},{"taxonomy":"post_tag","embeddable":true,"href":"https:\/\/zeromagazine.mx\/index.php\/wp-json\/wp\/v2\/tags?post=106146"}],"curies":[{"name":"wp","href":"https:\/\/api.w.org\/{rel}","templated":true}]}}