{"id":106152,"date":"2025-06-19T12:16:13","date_gmt":"2025-06-19T18:16:13","guid":{"rendered":"https:\/\/zeromagazine.mx\/?p=106152"},"modified":"2025-06-23T18:03:46","modified_gmt":"2025-06-24T00:03:46","slug":"calvin-klein-y-cooper-koch-es-pride-con-actitud","status":"publish","type":"post","link":"https:\/\/zeromagazine.mx\/index.php\/2025\/06\/19\/calvin-klein-y-cooper-koch-es-pride-con-actitud\/","title":{"rendered":"Calvin Klein y Cooper Koch es Pride con actitud"},"content":{"rendered":"<p>Amix, ya lleg\u00f3 esa temporada donde brillamos m\u00e1s que el sol y Calvin Klein lo sabe. Por eso, esta vez se lanz\u00f3 con una campa\u00f1a que est\u00e1 causando suspiros en redes: <strong>Calvin Klein y Cooper Koch<\/strong> unen fuerzas para darle vida a una colecci\u00f3n de edici\u00f3n limitada que es puro fuego. Las fotos muestran al actor nominado al Globo de Oro disfrutando del sol, el verano y la libertad, con looks que gritan orgullo a todo color. Y para que no te pierdas de esta gran colecci\u00f3n te traigo los detalles.<\/p>\n\n\n\n<figure class=\"wp-block-gallery has-nested-images columns-default is-cropped wp-block-gallery-1 is-layout-flex wp-block-gallery-is-layout-flex\">\n<figure class=\"wp-block-image size-large\"><img data-recalc-dims=\"1\" decoding=\"async\" width=\"819\" height=\"1024\" data-id=\"106188\" src=\"https:\/\/i0.wp.com\/zeromagazine.mx\/wp-content\/uploads\/2025\/06\/SU25_June_Pride_PR_No_Logo_3-819x1024.jpg?resize=819%2C1024&#038;ssl=1\" alt=\"\" class=\"wp-image-106188\" srcset=\"https:\/\/i0.wp.com\/zeromagazine.mx\/wp-content\/uploads\/2025\/06\/SU25_June_Pride_PR_No_Logo_3-scaled.jpg?resize=819%2C1024&amp;ssl=1 819w, https:\/\/i0.wp.com\/zeromagazine.mx\/wp-content\/uploads\/2025\/06\/SU25_June_Pride_PR_No_Logo_3-scaled.jpg?resize=240%2C300&amp;ssl=1 240w, https:\/\/i0.wp.com\/zeromagazine.mx\/wp-content\/uploads\/2025\/06\/SU25_June_Pride_PR_No_Logo_3-scaled.jpg?resize=768%2C960&amp;ssl=1 768w, https:\/\/i0.wp.com\/zeromagazine.mx\/wp-content\/uploads\/2025\/06\/SU25_June_Pride_PR_No_Logo_3-scaled.jpg?resize=1229%2C1536&amp;ssl=1 1229w, https:\/\/i0.wp.com\/zeromagazine.mx\/wp-content\/uploads\/2025\/06\/SU25_June_Pride_PR_No_Logo_3-scaled.jpg?resize=1638%2C2048&amp;ssl=1 1638w, https:\/\/i0.wp.com\/zeromagazine.mx\/wp-content\/uploads\/2025\/06\/SU25_June_Pride_PR_No_Logo_3-scaled.jpg?w=2048&amp;ssl=1 2048w\" sizes=\"(max-width: 819px) 100vw, 819px\" \/><\/figure>\n\n\n\n<figure class=\"wp-block-image size-large\"><img data-recalc-dims=\"1\" decoding=\"async\" width=\"819\" height=\"1024\" data-id=\"106187\" src=\"https:\/\/i0.wp.com\/zeromagazine.mx\/wp-content\/uploads\/2025\/06\/SU25_June_Pride_PR_No_Logo_6-819x1024.jpg?resize=819%2C1024&#038;ssl=1\" alt=\"\" class=\"wp-image-106187\" srcset=\"https:\/\/i0.wp.com\/zeromagazine.mx\/wp-content\/uploads\/2025\/06\/SU25_June_Pride_PR_No_Logo_6-scaled.jpg?resize=819%2C1024&amp;ssl=1 819w, https:\/\/i0.wp.com\/zeromagazine.mx\/wp-content\/uploads\/2025\/06\/SU25_June_Pride_PR_No_Logo_6-scaled.jpg?resize=240%2C300&amp;ssl=1 240w, https:\/\/i0.wp.com\/zeromagazine.mx\/wp-content\/uploads\/2025\/06\/SU25_June_Pride_PR_No_Logo_6-scaled.jpg?resize=768%2C960&amp;ssl=1 768w, https:\/\/i0.wp.com\/zeromagazine.mx\/wp-content\/uploads\/2025\/06\/SU25_June_Pride_PR_No_Logo_6-scaled.jpg?resize=1229%2C1536&amp;ssl=1 1229w, https:\/\/i0.wp.com\/zeromagazine.mx\/wp-content\/uploads\/2025\/06\/SU25_June_Pride_PR_No_Logo_6-scaled.jpg?resize=1638%2C2048&amp;ssl=1 1638w, https:\/\/i0.wp.com\/zeromagazine.mx\/wp-content\/uploads\/2025\/06\/SU25_June_Pride_PR_No_Logo_6-scaled.jpg?w=2048&amp;ssl=1 2048w\" sizes=\"(max-width: 819px) 100vw, 819px\" \/><\/figure>\n<\/figure>\n\n\n\n<h3 class=\"wp-block-heading\">Calvin Klein y Cooper Koch son actitud con estilo<\/h3>\n\n\n\n<p>Primero, la nueva l\u00ednea se inspira en una est\u00e9tica retro fitness \u2014s\u00ed, esa de los 80s que nos encanta por lo dram\u00e1tica y sexy\u2014, pero con ese twist contempor\u00e1neo que la vuelve a\u00fan m\u00e1s ic\u00f3nica. Pues hay camisetas, tops, shorts y ropa interior que no solo se ven bien, tambi\u00e9n se sienten c\u00f3modas y poderosas. De igual forma, <strong>Calvin Klein y Cooper Koch<\/strong> no vinieron solos. Tambi\u00e9n se sum\u00f3 el artista Marc Hundley, quien le meti\u00f3 su toque con gr\u00e1ficos audaces que reflejan el poder del orgullo y la autenticidad. Literal, cada prenda parece un mini manifiesto queer de estilo y resistencia.<\/p>\n\n\n\n<script async src=\"https:\/\/pagead2.googlesyndication.com\/pagead\/js\/adsbygoogle.js?client=ca-pub-5499304793904745\"\n     crossorigin=\"anonymous\"><\/script>\n<ins class=\"adsbygoogle\"\n     style=\"display:block; text-align:center;\"\n     data-ad-layout=\"in-article\"\n     data-ad-format=\"fluid\"\n     data-ad-client=\"ca-pub-5499304793904745\"\n     data-ad-slot=\"5994863093\"><\/ins>\n<script>\n     (adsbygoogle = window.adsbygoogle || []).push({});\n<\/script>\n\n\n\n<h3 class=\"wp-block-heading\">M\u00e1s que moda, es activismo<\/h3>\n\n\n\n<p>Amix,  y por si fuera poco esta campa\u00f1a no es solo para las selfies. Pues <strong>Calvin Klei<\/strong>n tambi\u00e9n apoya econ\u00f3micamente a organizaciones que luchan por los derechos de la comunidad <strong>LGBTQIA+,<\/strong> as\u00ed que cada compra tiene doble impacto: te ves brutal y apoyas causas reales. \u00bfLo mejor? Es que puedes conseguir ya esta colecci\u00f3n en tiendas f\u00edsicas o darle click a <a class=\"\" href=\"https:\/\/www.calvinklein.com\">calvinklein.com<\/a> para que te llegue directo a casa y armes el outfit m\u00e1s hot del Pride Porque ser queer tambi\u00e9n es expresarse con orgullo desde lo que usamos, y <strong>Calvin Klein y Cooper Koch<\/strong> nos recuerdan que cada prenda es una forma de decir: aqu\u00ed estoy, existo y brillo. Y s\u00ed, lo hacemos con mucho estilo.<\/p>\n\n\n\n<figure class=\"wp-block-embed is-type-video is-provider-youtube wp-block-embed-youtube wp-embed-aspect-16-9 wp-has-aspect-ratio\"><div class=\"wp-block-embed__wrapper\">\n<div class=\"post-video\"><iframe title=\"Cooper Koch Soaks Up Pride | Calvin Klein\" width=\"1165\" height=\"655\" src=\"https:\/\/www.youtube.com\/embed\/XT155Q8NehY?feature=oembed\" frameborder=\"0\" allow=\"accelerometer; autoplay; clipboard-write; encrypted-media; gyroscope; picture-in-picture; web-share\" referrerpolicy=\"strict-origin-when-cross-origin\" allowfullscreen><\/iframe><\/div>\n<\/div><\/figure>\n\n\n\n<p>Y si quieres conocer m\u00e1s novedades en moda entra a <a href=\"https:\/\/zeromagazine.mx\/\">zeromagazine.mx<\/a> o s\u00edguenos <a href=\"https:\/\/www.instagram.com\/zeromagazinemx\/\">@zeromagazinemx<\/a><\/p>\n\n\n\n<script async src=\"https:\/\/pagead2.googlesyndication.com\/pagead\/js\/adsbygoogle.js?client=ca-pub-5499304793904745\"\n     crossorigin=\"anonymous\"><\/script>\n<ins class=\"adsbygoogle\"\n     style=\"display:block; text-align:center;\"\n     data-ad-layout=\"in-article\"\n     data-ad-format=\"fluid\"\n     data-ad-client=\"ca-pub-5499304793904745\"\n     data-ad-slot=\"5994863093\"><\/ins>\n<script>\n     (adsbygoogle = window.adsbygoogle || []).push({});\n<\/script>\n\n<!--themify_builder_content-->\n<div id=\"themify_builder_content-106152\" data-postid=\"106152\" class=\"themify_builder_content themify_builder_content-106152 themify_builder tf_clear\">\n    <\/div>\n<!--\/themify_builder_content-->","protected":false},"excerpt":{"rendered":"<p>Amix, ya lleg\u00f3 esa temporada donde brillamos m\u00e1s que el sol y Calvin Klein lo sabe. Por eso, esta vez se lanz\u00f3 con una campa\u00f1a que est\u00e1 causando suspiros en redes: Calvin Klein y Cooper Koch unen fuerzas para darle vida a una colecci\u00f3n de edici\u00f3n limitada que es puro fuego. Las fotos muestran al [&hellip;]<\/p>\n","protected":false},"author":4,"featured_media":106189,"comment_status":"open","ping_status":"open","sticky":false,"template":"","format":"standard","meta":{"_jetpack_memberships_contains_paid_content":false,"footnotes":"","jetpack_publicize_message":"","jetpack_publicize_feature_enabled":true,"jetpack_social_post_already_shared":true,"jetpack_social_options":{"image_generator_settings":{"template":"highway","default_image_id":0,"font":"","enabled":false},"version":2}},"categories":[67],"tags":[546,14032,48,13914],"class_list":["post-106152","post","type-post","status-publish","format-standard","has-post-thumbnail","hentry","category-moda","tag-calvin-klein","tag-cooper-koch","tag-lgbtq","tag-pride-2025","has-post-title","has-post-date","has-post-category","has-post-tag","has-post-comment","has-post-author",""],"yoast_head":"<!-- This site is optimized with the Yoast SEO plugin v27.5 - https:\/\/yoast.com\/product\/yoast-seo-wordpress\/ -->\n<title>Calvin Klein y Cooper Koch es Pride con actitud - Zero Magazine<\/title>\n<meta name=\"robots\" content=\"index, follow, max-snippet:-1, max-image-preview:large, max-video-preview:-1\" \/>\n<link rel=\"canonical\" href=\"https:\/\/zeromagazine.mx\/index.php\/2025\/06\/19\/calvin-klein-y-cooper-koch-es-pride-con-actitud\/\" \/>\n<meta property=\"og:locale\" content=\"es_ES\" \/>\n<meta property=\"og:type\" content=\"article\" \/>\n<meta property=\"og:title\" content=\"Calvin Klein y Cooper Koch es Pride con actitud - Zero Magazine\" \/>\n<meta property=\"og:description\" content=\"Amix, ya lleg\u00f3 esa temporada donde brillamos m\u00e1s que el sol y Calvin Klein lo sabe. Por eso, esta vez se lanz\u00f3 con una campa\u00f1a que est\u00e1 causando suspiros en redes: Calvin Klein y Cooper Koch unen fuerzas para darle vida a una colecci\u00f3n de edici\u00f3n limitada que es puro fuego. Las fotos muestran al [&hellip;]\" \/>\n<meta property=\"og:url\" content=\"https:\/\/zeromagazine.mx\/index.php\/2025\/06\/19\/calvin-klein-y-cooper-koch-es-pride-con-actitud\/\" \/>\n<meta property=\"og:site_name\" content=\"Zero Magazine\" \/>\n<meta property=\"article:published_time\" content=\"2025-06-19T18:16:13+00:00\" \/>\n<meta property=\"article:modified_time\" content=\"2025-06-24T00:03:46+00:00\" \/>\n<meta property=\"og:image\" content=\"http:\/\/zeromagazine.mx\/wp-content\/uploads\/2025\/06\/SU25_June_Pride_PR_No_Logo_1-scaled.jpg\" \/>\n\t<meta property=\"og:image:width\" content=\"2048\" \/>\n\t<meta property=\"og:image:height\" content=\"2560\" \/>\n\t<meta property=\"og:image:type\" content=\"image\/jpeg\" \/>\n<meta name=\"author\" content=\"David Morales\" \/>\n<meta name=\"twitter:card\" content=\"summary_large_image\" \/>\n<meta name=\"twitter:label1\" content=\"Escrito por\" \/>\n\t<meta name=\"twitter:data1\" content=\"David Morales\" \/>\n\t<meta name=\"twitter:label2\" content=\"Tiempo de lectura\" \/>\n\t<meta name=\"twitter:data2\" content=\"3 minutos\" \/>\n<script type=\"application\/ld+json\" class=\"yoast-schema-graph\">{\"@context\":\"https:\\\/\\\/schema.org\",\"@graph\":[{\"@type\":\"Article\",\"@id\":\"https:\\\/\\\/zeromagazine.mx\\\/index.php\\\/2025\\\/06\\\/19\\\/calvin-klein-y-cooper-koch-es-pride-con-actitud\\\/#article\",\"isPartOf\":{\"@id\":\"https:\\\/\\\/zeromagazine.mx\\\/index.php\\\/2025\\\/06\\\/19\\\/calvin-klein-y-cooper-koch-es-pride-con-actitud\\\/\"},\"author\":{\"name\":\"David Morales\",\"@id\":\"https:\\\/\\\/zeromagazine.mx\\\/#\\\/schema\\\/person\\\/9f7f1a17c60ba8e9980e3e6677aabe5a\"},\"headline\":\"Calvin Klein y Cooper Koch es Pride con actitud\",\"datePublished\":\"2025-06-19T18:16:13+00:00\",\"dateModified\":\"2025-06-24T00:03:46+00:00\",\"mainEntityOfPage\":{\"@id\":\"https:\\\/\\\/zeromagazine.mx\\\/index.php\\\/2025\\\/06\\\/19\\\/calvin-klein-y-cooper-koch-es-pride-con-actitud\\\/\"},\"wordCount\":384,\"commentCount\":0,\"publisher\":{\"@id\":\"https:\\\/\\\/zeromagazine.mx\\\/#organization\"},\"image\":{\"@id\":\"https:\\\/\\\/zeromagazine.mx\\\/index.php\\\/2025\\\/06\\\/19\\\/calvin-klein-y-cooper-koch-es-pride-con-actitud\\\/#primaryimage\"},\"thumbnailUrl\":\"https:\\\/\\\/i0.wp.com\\\/zeromagazine.mx\\\/wp-content\\\/uploads\\\/2025\\\/06\\\/SU25_June_Pride_PR_No_Logo_1-scaled.jpg?fit=2048%2C2560&ssl=1\",\"keywords\":[\"Calvin klein\",\"Cooper Koch\",\"LGBTQ+\",\"Pride 2025\"],\"articleSection\":[\"Moda\"],\"inLanguage\":\"es\",\"potentialAction\":[{\"@type\":\"CommentAction\",\"name\":\"Comment\",\"target\":[\"https:\\\/\\\/zeromagazine.mx\\\/index.php\\\/2025\\\/06\\\/19\\\/calvin-klein-y-cooper-koch-es-pride-con-actitud\\\/#respond\"]}]},{\"@type\":\"WebPage\",\"@id\":\"https:\\\/\\\/zeromagazine.mx\\\/index.php\\\/2025\\\/06\\\/19\\\/calvin-klein-y-cooper-koch-es-pride-con-actitud\\\/\",\"url\":\"https:\\\/\\\/zeromagazine.mx\\\/index.php\\\/2025\\\/06\\\/19\\\/calvin-klein-y-cooper-koch-es-pride-con-actitud\\\/\",\"name\":\"Calvin Klein y Cooper Koch es Pride con actitud - Zero Magazine\",\"isPartOf\":{\"@id\":\"https:\\\/\\\/zeromagazine.mx\\\/#website\"},\"primaryImageOfPage\":{\"@id\":\"https:\\\/\\\/zeromagazine.mx\\\/index.php\\\/2025\\\/06\\\/19\\\/calvin-klein-y-cooper-koch-es-pride-con-actitud\\\/#primaryimage\"},\"image\":{\"@id\":\"https:\\\/\\\/zeromagazine.mx\\\/index.php\\\/2025\\\/06\\\/19\\\/calvin-klein-y-cooper-koch-es-pride-con-actitud\\\/#primaryimage\"},\"thumbnailUrl\":\"https:\\\/\\\/i0.wp.com\\\/zeromagazine.mx\\\/wp-content\\\/uploads\\\/2025\\\/06\\\/SU25_June_Pride_PR_No_Logo_1-scaled.jpg?fit=2048%2C2560&ssl=1\",\"datePublished\":\"2025-06-19T18:16:13+00:00\",\"dateModified\":\"2025-06-24T00:03:46+00:00\",\"breadcrumb\":{\"@id\":\"https:\\\/\\\/zeromagazine.mx\\\/index.php\\\/2025\\\/06\\\/19\\\/calvin-klein-y-cooper-koch-es-pride-con-actitud\\\/#breadcrumb\"},\"inLanguage\":\"es\",\"potentialAction\":[{\"@type\":\"ReadAction\",\"target\":[\"https:\\\/\\\/zeromagazine.mx\\\/index.php\\\/2025\\\/06\\\/19\\\/calvin-klein-y-cooper-koch-es-pride-con-actitud\\\/\"]}]},{\"@type\":\"ImageObject\",\"inLanguage\":\"es\",\"@id\":\"https:\\\/\\\/zeromagazine.mx\\\/index.php\\\/2025\\\/06\\\/19\\\/calvin-klein-y-cooper-koch-es-pride-con-actitud\\\/#primaryimage\",\"url\":\"https:\\\/\\\/i0.wp.com\\\/zeromagazine.mx\\\/wp-content\\\/uploads\\\/2025\\\/06\\\/SU25_June_Pride_PR_No_Logo_1-scaled.jpg?fit=2048%2C2560&ssl=1\",\"contentUrl\":\"https:\\\/\\\/i0.wp.com\\\/zeromagazine.mx\\\/wp-content\\\/uploads\\\/2025\\\/06\\\/SU25_June_Pride_PR_No_Logo_1-scaled.jpg?fit=2048%2C2560&ssl=1\",\"width\":2048,\"height\":2560},{\"@type\":\"BreadcrumbList\",\"@id\":\"https:\\\/\\\/zeromagazine.mx\\\/index.php\\\/2025\\\/06\\\/19\\\/calvin-klein-y-cooper-koch-es-pride-con-actitud\\\/#breadcrumb\",\"itemListElement\":[{\"@type\":\"ListItem\",\"position\":1,\"name\":\"Portada\",\"item\":\"https:\\\/\\\/zeromagazine.mx\\\/\"},{\"@type\":\"ListItem\",\"position\":2,\"name\":\"Calvin Klein y Cooper Koch es Pride con actitud\"}]},{\"@type\":\"WebSite\",\"@id\":\"https:\\\/\\\/zeromagazine.mx\\\/#website\",\"url\":\"https:\\\/\\\/zeromagazine.mx\\\/\",\"name\":\"Zero Magazine\",\"description\":\"\",\"publisher\":{\"@id\":\"https:\\\/\\\/zeromagazine.mx\\\/#organization\"},\"potentialAction\":[{\"@type\":\"SearchAction\",\"target\":{\"@type\":\"EntryPoint\",\"urlTemplate\":\"https:\\\/\\\/zeromagazine.mx\\\/?s={search_term_string}\"},\"query-input\":{\"@type\":\"PropertyValueSpecification\",\"valueRequired\":true,\"valueName\":\"search_term_string\"}}],\"inLanguage\":\"es\"},{\"@type\":\"Organization\",\"@id\":\"https:\\\/\\\/zeromagazine.mx\\\/#organization\",\"name\":\"Zero Magazine\",\"url\":\"https:\\\/\\\/zeromagazine.mx\\\/\",\"logo\":{\"@type\":\"ImageObject\",\"inLanguage\":\"es\",\"@id\":\"https:\\\/\\\/zeromagazine.mx\\\/#\\\/schema\\\/logo\\\/image\\\/\",\"url\":\"https:\\\/\\\/i0.wp.com\\\/zeromagazine.mx\\\/wp-content\\\/uploads\\\/2025\\\/11\\\/1.jpeg?fit=1000%2C1000&ssl=1\",\"contentUrl\":\"https:\\\/\\\/i0.wp.com\\\/zeromagazine.mx\\\/wp-content\\\/uploads\\\/2025\\\/11\\\/1.jpeg?fit=1000%2C1000&ssl=1\",\"width\":1000,\"height\":1000,\"caption\":\"Zero Magazine\"},\"image\":{\"@id\":\"https:\\\/\\\/zeromagazine.mx\\\/#\\\/schema\\\/logo\\\/image\\\/\"},\"sameAs\":[\"https:\\\/\\\/instagram.com\\\/zeromagazinemx\"]},{\"@type\":\"Person\",\"@id\":\"https:\\\/\\\/zeromagazine.mx\\\/#\\\/schema\\\/person\\\/9f7f1a17c60ba8e9980e3e6677aabe5a\",\"name\":\"David Morales\",\"image\":{\"@type\":\"ImageObject\",\"inLanguage\":\"es\",\"@id\":\"https:\\\/\\\/zeromagazine.mx\\\/wp-content\\\/litespeed\\\/avatar\\\/76069d2136bfc1c37dc34815bb67ca42.jpg?ver=1777571067\",\"url\":\"https:\\\/\\\/zeromagazine.mx\\\/wp-content\\\/litespeed\\\/avatar\\\/76069d2136bfc1c37dc34815bb67ca42.jpg?ver=1777571067\",\"contentUrl\":\"https:\\\/\\\/zeromagazine.mx\\\/wp-content\\\/litespeed\\\/avatar\\\/76069d2136bfc1c37dc34815bb67ca42.jpg?ver=1777571067\",\"caption\":\"David Morales\"},\"url\":\"https:\\\/\\\/zeromagazine.mx\\\/index.php\\\/author\\\/david\\\/\"}]}<\/script>\n<!-- \/ Yoast SEO plugin. -->","yoast_head_json":{"title":"Calvin Klein y Cooper Koch es Pride con actitud - Zero Magazine","robots":{"index":"index","follow":"follow","max-snippet":"max-snippet:-1","max-image-preview":"max-image-preview:large","max-video-preview":"max-video-preview:-1"},"canonical":"https:\/\/zeromagazine.mx\/index.php\/2025\/06\/19\/calvin-klein-y-cooper-koch-es-pride-con-actitud\/","og_locale":"es_ES","og_type":"article","og_title":"Calvin Klein y Cooper Koch es Pride con actitud - Zero Magazine","og_description":"Amix, ya lleg\u00f3 esa temporada donde brillamos m\u00e1s que el sol y Calvin Klein lo sabe. Por eso, esta vez se lanz\u00f3 con una campa\u00f1a que est\u00e1 causando suspiros en redes: Calvin Klein y Cooper Koch unen fuerzas para darle vida a una colecci\u00f3n de edici\u00f3n limitada que es puro fuego. Las fotos muestran al [&hellip;]","og_url":"https:\/\/zeromagazine.mx\/index.php\/2025\/06\/19\/calvin-klein-y-cooper-koch-es-pride-con-actitud\/","og_site_name":"Zero Magazine","article_published_time":"2025-06-19T18:16:13+00:00","article_modified_time":"2025-06-24T00:03:46+00:00","og_image":[{"width":2048,"height":2560,"url":"http:\/\/zeromagazine.mx\/wp-content\/uploads\/2025\/06\/SU25_June_Pride_PR_No_Logo_1-scaled.jpg","type":"image\/jpeg"}],"author":"David Morales","twitter_card":"summary_large_image","twitter_misc":{"Escrito por":"David Morales","Tiempo de lectura":"3 minutos"},"schema":{"@context":"https:\/\/schema.org","@graph":[{"@type":"Article","@id":"https:\/\/zeromagazine.mx\/index.php\/2025\/06\/19\/calvin-klein-y-cooper-koch-es-pride-con-actitud\/#article","isPartOf":{"@id":"https:\/\/zeromagazine.mx\/index.php\/2025\/06\/19\/calvin-klein-y-cooper-koch-es-pride-con-actitud\/"},"author":{"name":"David Morales","@id":"https:\/\/zeromagazine.mx\/#\/schema\/person\/9f7f1a17c60ba8e9980e3e6677aabe5a"},"headline":"Calvin Klein y Cooper Koch es Pride con actitud","datePublished":"2025-06-19T18:16:13+00:00","dateModified":"2025-06-24T00:03:46+00:00","mainEntityOfPage":{"@id":"https:\/\/zeromagazine.mx\/index.php\/2025\/06\/19\/calvin-klein-y-cooper-koch-es-pride-con-actitud\/"},"wordCount":384,"commentCount":0,"publisher":{"@id":"https:\/\/zeromagazine.mx\/#organization"},"image":{"@id":"https:\/\/zeromagazine.mx\/index.php\/2025\/06\/19\/calvin-klein-y-cooper-koch-es-pride-con-actitud\/#primaryimage"},"thumbnailUrl":"https:\/\/i0.wp.com\/zeromagazine.mx\/wp-content\/uploads\/2025\/06\/SU25_June_Pride_PR_No_Logo_1-scaled.jpg?fit=2048%2C2560&ssl=1","keywords":["Calvin klein","Cooper Koch","LGBTQ+","Pride 2025"],"articleSection":["Moda"],"inLanguage":"es","potentialAction":[{"@type":"CommentAction","name":"Comment","target":["https:\/\/zeromagazine.mx\/index.php\/2025\/06\/19\/calvin-klein-y-cooper-koch-es-pride-con-actitud\/#respond"]}]},{"@type":"WebPage","@id":"https:\/\/zeromagazine.mx\/index.php\/2025\/06\/19\/calvin-klein-y-cooper-koch-es-pride-con-actitud\/","url":"https:\/\/zeromagazine.mx\/index.php\/2025\/06\/19\/calvin-klein-y-cooper-koch-es-pride-con-actitud\/","name":"Calvin Klein y Cooper Koch es Pride con actitud - Zero Magazine","isPartOf":{"@id":"https:\/\/zeromagazine.mx\/#website"},"primaryImageOfPage":{"@id":"https:\/\/zeromagazine.mx\/index.php\/2025\/06\/19\/calvin-klein-y-cooper-koch-es-pride-con-actitud\/#primaryimage"},"image":{"@id":"https:\/\/zeromagazine.mx\/index.php\/2025\/06\/19\/calvin-klein-y-cooper-koch-es-pride-con-actitud\/#primaryimage"},"thumbnailUrl":"https:\/\/i0.wp.com\/zeromagazine.mx\/wp-content\/uploads\/2025\/06\/SU25_June_Pride_PR_No_Logo_1-scaled.jpg?fit=2048%2C2560&ssl=1","datePublished":"2025-06-19T18:16:13+00:00","dateModified":"2025-06-24T00:03:46+00:00","breadcrumb":{"@id":"https:\/\/zeromagazine.mx\/index.php\/2025\/06\/19\/calvin-klein-y-cooper-koch-es-pride-con-actitud\/#breadcrumb"},"inLanguage":"es","potentialAction":[{"@type":"ReadAction","target":["https:\/\/zeromagazine.mx\/index.php\/2025\/06\/19\/calvin-klein-y-cooper-koch-es-pride-con-actitud\/"]}]},{"@type":"ImageObject","inLanguage":"es","@id":"https:\/\/zeromagazine.mx\/index.php\/2025\/06\/19\/calvin-klein-y-cooper-koch-es-pride-con-actitud\/#primaryimage","url":"https:\/\/i0.wp.com\/zeromagazine.mx\/wp-content\/uploads\/2025\/06\/SU25_June_Pride_PR_No_Logo_1-scaled.jpg?fit=2048%2C2560&ssl=1","contentUrl":"https:\/\/i0.wp.com\/zeromagazine.mx\/wp-content\/uploads\/2025\/06\/SU25_June_Pride_PR_No_Logo_1-scaled.jpg?fit=2048%2C2560&ssl=1","width":2048,"height":2560},{"@type":"BreadcrumbList","@id":"https:\/\/zeromagazine.mx\/index.php\/2025\/06\/19\/calvin-klein-y-cooper-koch-es-pride-con-actitud\/#breadcrumb","itemListElement":[{"@type":"ListItem","position":1,"name":"Portada","item":"https:\/\/zeromagazine.mx\/"},{"@type":"ListItem","position":2,"name":"Calvin Klein y Cooper Koch es Pride con actitud"}]},{"@type":"WebSite","@id":"https:\/\/zeromagazine.mx\/#website","url":"https:\/\/zeromagazine.mx\/","name":"Zero Magazine","description":"","publisher":{"@id":"https:\/\/zeromagazine.mx\/#organization"},"potentialAction":[{"@type":"SearchAction","target":{"@type":"EntryPoint","urlTemplate":"https:\/\/zeromagazine.mx\/?s={search_term_string}"},"query-input":{"@type":"PropertyValueSpecification","valueRequired":true,"valueName":"search_term_string"}}],"inLanguage":"es"},{"@type":"Organization","@id":"https:\/\/zeromagazine.mx\/#organization","name":"Zero Magazine","url":"https:\/\/zeromagazine.mx\/","logo":{"@type":"ImageObject","inLanguage":"es","@id":"https:\/\/zeromagazine.mx\/#\/schema\/logo\/image\/","url":"https:\/\/i0.wp.com\/zeromagazine.mx\/wp-content\/uploads\/2025\/11\/1.jpeg?fit=1000%2C1000&ssl=1","contentUrl":"https:\/\/i0.wp.com\/zeromagazine.mx\/wp-content\/uploads\/2025\/11\/1.jpeg?fit=1000%2C1000&ssl=1","width":1000,"height":1000,"caption":"Zero Magazine"},"image":{"@id":"https:\/\/zeromagazine.mx\/#\/schema\/logo\/image\/"},"sameAs":["https:\/\/instagram.com\/zeromagazinemx"]},{"@type":"Person","@id":"https:\/\/zeromagazine.mx\/#\/schema\/person\/9f7f1a17c60ba8e9980e3e6677aabe5a","name":"David Morales","image":{"@type":"ImageObject","inLanguage":"es","@id":"https:\/\/zeromagazine.mx\/wp-content\/litespeed\/avatar\/76069d2136bfc1c37dc34815bb67ca42.jpg?ver=1777571067","url":"https:\/\/zeromagazine.mx\/wp-content\/litespeed\/avatar\/76069d2136bfc1c37dc34815bb67ca42.jpg?ver=1777571067","contentUrl":"https:\/\/zeromagazine.mx\/wp-content\/litespeed\/avatar\/76069d2136bfc1c37dc34815bb67ca42.jpg?ver=1777571067","caption":"David Morales"},"url":"https:\/\/zeromagazine.mx\/index.php\/author\/david\/"}]}},"jetpack_publicize_connections":[],"jetpack_featured_media_url":"https:\/\/i0.wp.com\/zeromagazine.mx\/wp-content\/uploads\/2025\/06\/SU25_June_Pride_PR_No_Logo_1-scaled.jpg?fit=2048%2C2560&ssl=1","jetpack-related-posts":[{"id":76731,"url":"https:\/\/zeromagazine.mx\/index.php\/2024\/05\/30\/calvin-klein-celebra-el-amor-y-el-orgullo\/","url_meta":{"origin":106152,"position":0},"title":"Calvin Klein Celebra el Amor y el Orgullo","author":"zeromagazinemx","date":"30 de mayo de 2024","format":false,"excerpt":"La nueva campa\u00f1a de Calvin Klein est\u00e1 que arde. Este a\u00f1o, la marca lanz\u00f3 su campa\u00f1a 2024 \"This Is Love\" protagonizada por Cara Delevingne y Jeremy Pope. Y d\u00e9jenme decirles, es todo un espect\u00e1culo de amor y orgullo. Adem\u00e1s, echando un vistazo m\u00e1s de cerca, las fotos de la campa\u00f1a\u2026","rel":"","context":"En \u00abModa\u00bb","block_context":{"text":"Moda","link":"https:\/\/zeromagazine.mx\/index.php\/category\/moda\/"},"img":{"alt_text":"","src":"https:\/\/i0.wp.com\/zeromagazine.mx\/wp-content\/uploads\/2024\/05\/S24_PRIDE_PR_logo_1080x1350_8.jpg?fit=1200%2C960&ssl=1&resize=350%2C200","width":350,"height":200,"srcset":"https:\/\/i0.wp.com\/zeromagazine.mx\/wp-content\/uploads\/2024\/05\/S24_PRIDE_PR_logo_1080x1350_8.jpg?fit=1200%2C960&ssl=1&resize=350%2C200 1x, https:\/\/i0.wp.com\/zeromagazine.mx\/wp-content\/uploads\/2024\/05\/S24_PRIDE_PR_logo_1080x1350_8.jpg?fit=1200%2C960&ssl=1&resize=525%2C300 1.5x, https:\/\/i0.wp.com\/zeromagazine.mx\/wp-content\/uploads\/2024\/05\/S24_PRIDE_PR_logo_1080x1350_8.jpg?fit=1200%2C960&ssl=1&resize=700%2C400 2x, https:\/\/i0.wp.com\/zeromagazine.mx\/wp-content\/uploads\/2024\/05\/S24_PRIDE_PR_logo_1080x1350_8.jpg?fit=1200%2C960&ssl=1&resize=1050%2C600 3x"},"classes":[]},{"id":76632,"url":"https:\/\/zeromagazine.mx\/index.php\/2024\/05\/30\/veronica-leoni-la-nueva-directora-de-ck\/","url_meta":{"origin":106152,"position":1},"title":"Ver\u00f3nica Leoni: La Nueva Directora de CK","author":"zeromagazinemx","date":"30 de mayo de 2024","format":false,"excerpt":"Calvin Klein acaba de nombrar a Ver\u00f3nica Leoni como su nueva Directora Creativa de Collection, y esto promete ser un cambio \u00e9pico en el mundo de la moda. Para empezar, Ver\u00f3nica Leoni no es cualquier persona en la industria. Fue finalista del LVMH Prize en 2023 y fundadora de QUIRA,\u2026","rel":"","context":"En \u00abModa\u00bb","block_context":{"text":"Moda","link":"https:\/\/zeromagazine.mx\/index.php\/category\/moda\/"},"img":{"alt_text":"","src":"https:\/\/i0.wp.com\/zeromagazine.mx\/wp-content\/uploads\/2024\/05\/unnamed-63-1.jpg?fit=949%2C1200&ssl=1&resize=350%2C200","width":350,"height":200,"srcset":"https:\/\/i0.wp.com\/zeromagazine.mx\/wp-content\/uploads\/2024\/05\/unnamed-63-1.jpg?fit=949%2C1200&ssl=1&resize=350%2C200 1x, https:\/\/i0.wp.com\/zeromagazine.mx\/wp-content\/uploads\/2024\/05\/unnamed-63-1.jpg?fit=949%2C1200&ssl=1&resize=525%2C300 1.5x, https:\/\/i0.wp.com\/zeromagazine.mx\/wp-content\/uploads\/2024\/05\/unnamed-63-1.jpg?fit=949%2C1200&ssl=1&resize=700%2C400 2x"},"classes":[]},{"id":70706,"url":"https:\/\/zeromagazine.mx\/index.php\/2024\/02\/16\/jung-kook-irradia-estilo-en-la-nueva-campana-de-calvin-klein-jeans-para-la-primavera-2024\/","url_meta":{"origin":106152,"position":2},"title":"\u00a1Jung Kook irradia estilo en la nueva campa\u00f1a de Calvin Klein Jeans para la Primavera 2024!","author":"zeromagazinemx","date":"16 de febrero de 2024","format":false,"excerpt":"Calvin Klein ha lanzado su campa\u00f1a Primavera 2024 y nos ha dejado con las bocas abiertas al presentar a Jung Kook como el embajador global de la marca, \u00a1qu\u00e9 locura! La nueva campa\u00f1a est\u00e1 capturada por Mert Alas, y muestra al artista de K-pop en todo su esplendor, dominando la\u2026","rel":"","context":"En \u00abBlog\u00bb","block_context":{"text":"Blog","link":"https:\/\/zeromagazine.mx\/index.php\/category\/blog\/"},"img":{"alt_text":"","src":"https:\/\/i0.wp.com\/zeromagazine.mx\/wp-content\/uploads\/2024\/02\/S24_JK_PR_nologo_1080x1350_3.jpg?fit=960%2C1200&ssl=1&resize=350%2C200","width":350,"height":200,"srcset":"https:\/\/i0.wp.com\/zeromagazine.mx\/wp-content\/uploads\/2024\/02\/S24_JK_PR_nologo_1080x1350_3.jpg?fit=960%2C1200&ssl=1&resize=350%2C200 1x, https:\/\/i0.wp.com\/zeromagazine.mx\/wp-content\/uploads\/2024\/02\/S24_JK_PR_nologo_1080x1350_3.jpg?fit=960%2C1200&ssl=1&resize=525%2C300 1.5x, https:\/\/i0.wp.com\/zeromagazine.mx\/wp-content\/uploads\/2024\/02\/S24_JK_PR_nologo_1080x1350_3.jpg?fit=960%2C1200&ssl=1&resize=700%2C400 2x"},"classes":[]},{"id":99077,"url":"https:\/\/zeromagazine.mx\/index.php\/2025\/03\/17\/la-nueva-coleccion-primavera-calvin-klein-bad-bunny\/","url_meta":{"origin":106152,"position":3},"title":"Bad Bunny &amp; Calvin Klein","author":"David Morales","date":"17 de marzo de 2025","format":false,"excerpt":"Amix, \u00bfqui\u00e9n dijo que la ropa interior no puede ser un statement de confianza y sensualidad? Bad Bunny lo demuestra en su debut con Calvin Klein en la campa\u00f1a Primavera 2025, donde el artista rompe esquemas y redefine el concepto de autenticidad. As\u00ed, que si quieres saber m\u00e1s de la\u2026","rel":"","context":"En \u00abModa\u00bb","block_context":{"text":"Moda","link":"https:\/\/zeromagazine.mx\/index.php\/category\/moda\/"},"img":{"alt_text":"","src":"https:\/\/i0.wp.com\/zeromagazine.mx\/wp-content\/uploads\/2025\/03\/SP25_BAD_BUNNY_PR_logo_9.jpg?fit=1200%2C960&ssl=1&resize=350%2C200","width":350,"height":200,"srcset":"https:\/\/i0.wp.com\/zeromagazine.mx\/wp-content\/uploads\/2025\/03\/SP25_BAD_BUNNY_PR_logo_9.jpg?fit=1200%2C960&ssl=1&resize=350%2C200 1x, https:\/\/i0.wp.com\/zeromagazine.mx\/wp-content\/uploads\/2025\/03\/SP25_BAD_BUNNY_PR_logo_9.jpg?fit=1200%2C960&ssl=1&resize=525%2C300 1.5x, https:\/\/i0.wp.com\/zeromagazine.mx\/wp-content\/uploads\/2025\/03\/SP25_BAD_BUNNY_PR_logo_9.jpg?fit=1200%2C960&ssl=1&resize=700%2C400 2x, https:\/\/i0.wp.com\/zeromagazine.mx\/wp-content\/uploads\/2025\/03\/SP25_BAD_BUNNY_PR_logo_9.jpg?fit=1200%2C960&ssl=1&resize=1050%2C600 3x"},"classes":[]},{"id":76069,"url":"https:\/\/zeromagazine.mx\/index.php\/2024\/05\/16\/monochromatic-summer-de-calvin-klein\/","url_meta":{"origin":106152,"position":4},"title":"Monochromatic Summer de Calvin Klein","author":"zeromagazinemx","date":"16 de mayo de 2024","format":false,"excerpt":"\u00a1Calvin Klein acaba de lanzar su nueva colecci\u00f3n Monochromatic Summer! Es todo sobre ese minimalismo chic que tanto amamos. \u00a1Y la campa\u00f1a es un fuego! \u00bfQui\u00e9nes son los protagonistas? Nada m\u00e1s y nada menos que Micheal Ward y Vittoria Ceretti. \u00bfListes para conocer m\u00e1s detalles? Entonces, imag\u00ednate, est\u00e1s caminando por\u2026","rel":"","context":"En \u00abDise\u00f1o\u00bb","block_context":{"text":"Dise\u00f1o","link":"https:\/\/zeromagazine.mx\/index.php\/category\/diseno\/"},"img":{"alt_text":"","src":"https:\/\/i0.wp.com\/zeromagazine.mx\/wp-content\/uploads\/2024\/05\/S24_PR_logo_1080x1350_1.jpg?fit=1200%2C960&ssl=1&resize=350%2C200","width":350,"height":200,"srcset":"https:\/\/i0.wp.com\/zeromagazine.mx\/wp-content\/uploads\/2024\/05\/S24_PR_logo_1080x1350_1.jpg?fit=1200%2C960&ssl=1&resize=350%2C200 1x, https:\/\/i0.wp.com\/zeromagazine.mx\/wp-content\/uploads\/2024\/05\/S24_PR_logo_1080x1350_1.jpg?fit=1200%2C960&ssl=1&resize=525%2C300 1.5x, https:\/\/i0.wp.com\/zeromagazine.mx\/wp-content\/uploads\/2024\/05\/S24_PR_logo_1080x1350_1.jpg?fit=1200%2C960&ssl=1&resize=700%2C400 2x, https:\/\/i0.wp.com\/zeromagazine.mx\/wp-content\/uploads\/2024\/05\/S24_PR_logo_1080x1350_1.jpg?fit=1200%2C960&ssl=1&resize=1050%2C600 3x"},"classes":[]},{"id":83740,"url":"https:\/\/zeromagazine.mx\/index.php\/2024\/09\/12\/cha-eun-woo-x-ck-otono-chic\/","url_meta":{"origin":106152,"position":5},"title":"Cha Eun-Woo x CK: Oto\u00f1o Chic","author":"zeromagazinemx","date":"12 de septiembre de 2024","format":false,"excerpt":"\u00a1Holiii, Arohas! Hoy les traigo el scoop m\u00e1s \u00e9pico del mundo de la moda y el K-pop que no se van a querer perder. Adivinen qui\u00e9n est\u00e1 dominando el spotlight ahora: nuestro querido \"CHA EUN-WOO\" El cantante y actor surcoreano que est\u00e1 rompiendo corazones en todo el planeta es la\u2026","rel":"","context":"En \u00abModa\u00bb","block_context":{"text":"Moda","link":"https:\/\/zeromagazine.mx\/index.php\/category\/moda\/"},"img":{"alt_text":"","src":"https:\/\/i0.wp.com\/zeromagazine.mx\/wp-content\/uploads\/2024\/09\/F24_CHA_PR_logo_1.jpg?fit=960%2C1200&ssl=1&resize=350%2C200","width":350,"height":200,"srcset":"https:\/\/i0.wp.com\/zeromagazine.mx\/wp-content\/uploads\/2024\/09\/F24_CHA_PR_logo_1.jpg?fit=960%2C1200&ssl=1&resize=350%2C200 1x, https:\/\/i0.wp.com\/zeromagazine.mx\/wp-content\/uploads\/2024\/09\/F24_CHA_PR_logo_1.jpg?fit=960%2C1200&ssl=1&resize=525%2C300 1.5x, https:\/\/i0.wp.com\/zeromagazine.mx\/wp-content\/uploads\/2024\/09\/F24_CHA_PR_logo_1.jpg?fit=960%2C1200&ssl=1&resize=700%2C400 2x"},"classes":[]}],"jetpack_sharing_enabled":true,"builder_content":"","_links":{"self":[{"href":"https:\/\/zeromagazine.mx\/index.php\/wp-json\/wp\/v2\/posts\/106152","targetHints":{"allow":["GET"]}}],"collection":[{"href":"https:\/\/zeromagazine.mx\/index.php\/wp-json\/wp\/v2\/posts"}],"about":[{"href":"https:\/\/zeromagazine.mx\/index.php\/wp-json\/wp\/v2\/types\/post"}],"author":[{"embeddable":true,"href":"https:\/\/zeromagazine.mx\/index.php\/wp-json\/wp\/v2\/users\/4"}],"replies":[{"embeddable":true,"href":"https:\/\/zeromagazine.mx\/index.php\/wp-json\/wp\/v2\/comments?post=106152"}],"version-history":[{"count":2,"href":"https:\/\/zeromagazine.mx\/index.php\/wp-json\/wp\/v2\/posts\/106152\/revisions"}],"predecessor-version":[{"id":106211,"href":"https:\/\/zeromagazine.mx\/index.php\/wp-json\/wp\/v2\/posts\/106152\/revisions\/106211"}],"wp:featuredmedia":[{"embeddable":true,"href":"https:\/\/zeromagazine.mx\/index.php\/wp-json\/wp\/v2\/media\/106189"}],"wp:attachment":[{"href":"https:\/\/zeromagazine.mx\/index.php\/wp-json\/wp\/v2\/media?parent=106152"}],"wp:term":[{"taxonomy":"category","embeddable":true,"href":"https:\/\/zeromagazine.mx\/index.php\/wp-json\/wp\/v2\/categories?post=106152"},{"taxonomy":"post_tag","embeddable":true,"href":"https:\/\/zeromagazine.mx\/index.php\/wp-json\/wp\/v2\/tags?post=106152"}],"curies":[{"name":"wp","href":"https:\/\/api.w.org\/{rel}","templated":true}]}}