{"id":106195,"date":"2025-06-22T17:06:21","date_gmt":"2025-06-22T23:06:21","guid":{"rendered":"https:\/\/zeromagazine.mx\/?p=106195"},"modified":"2025-06-22T17:06:22","modified_gmt":"2025-06-22T23:06:22","slug":"matias-ferreira-mi-bandera-candombe-pop","status":"publish","type":"post","link":"https:\/\/zeromagazine.mx\/index.php\/2025\/06\/22\/matias-ferreira-mi-bandera-candombe-pop\/","title":{"rendered":"Mi Bandera, Mi Voz: El Regreso de Mat\u00edas Ferreira"},"content":{"rendered":"<!--themify_builder_content-->\n<div id=\"themify_builder_content-106195\" data-postid=\"106195\" class=\"themify_builder_content themify_builder_content-106195 themify_builder tf_clear\">\n    <\/div>\n<!--\/themify_builder_content-->\n\n\n<p>Amix, \u00bfya escucharon <em>\u201cMi Bandera\u201d<\/em> de Mat\u00edas Ferreira? Si no, corran a ponerlo en repeat porque este rol\u00f3n no solo se baila, se siente. Mat\u00edas, que naci\u00f3 en Uruguay y ahora vive en Madrid, est\u00e1 rompiendo con todo al mezclar el Candombe \u2014ese ritmo con alma africana s\u00faper arraigado en la cultura uruguaya\u2014 con sonidos Afro y Pop s\u00faper modernos. Lo que hace es <em>mi bandera, mi voz<\/em>, literal. Cada beat es un statement, cada letra, un reflejo.<\/p>\n\n\n\n<figure class=\"wp-block-image size-full\"><img data-recalc-dims=\"1\" decoding=\"async\" width=\"1165\" height=\"657\" src=\"https:\/\/i0.wp.com\/zeromagazine.mx\/wp-content\/uploads\/2025\/06\/PHOTO-2025-06-20-10-14-22.jpeg?resize=1165%2C657&#038;ssl=1\" alt=\"\" class=\"wp-image-106196\" srcset=\"https:\/\/i0.wp.com\/zeromagazine.mx\/wp-content\/uploads\/2025\/06\/PHOTO-2025-06-20-10-14-22.jpeg?w=1210&amp;ssl=1 1210w, https:\/\/i0.wp.com\/zeromagazine.mx\/wp-content\/uploads\/2025\/06\/PHOTO-2025-06-20-10-14-22.jpeg?resize=300%2C169&amp;ssl=1 300w, https:\/\/i0.wp.com\/zeromagazine.mx\/wp-content\/uploads\/2025\/06\/PHOTO-2025-06-20-10-14-22.jpeg?resize=1024%2C577&amp;ssl=1 1024w, https:\/\/i0.wp.com\/zeromagazine.mx\/wp-content\/uploads\/2025\/06\/PHOTO-2025-06-20-10-14-22.jpeg?resize=768%2C433&amp;ssl=1 768w\" sizes=\"(max-width: 1165px) 100vw, 1165px\" \/><\/figure>\n\n\n\n<p><strong>Una historia que se canta<\/strong><\/p>\n\n\n\n<p>Adem\u00e1s, no es cualquier artista. Mat\u00edas tiene toda una propuesta visual y narrativa que lo distingue. Cada videoclip conecta con el anterior, como si sus canciones fueran cap\u00edtulos de una historia de amor libre y real que te atrapa. As\u00ed que no es solo un tema cool para mover el cuerpo, es una experiencia que se sigue, que evoluciona, que emociona.<\/p>\n\n\n\n<p><strong>De escenarios top al coraz\u00f3n de la m\u00fasica<\/strong><\/p>\n\n\n\n<p>Por otra parte, este chique no es nuev@ en la industria. Mat\u00edas ha hecho de todo: fue presentador en el reality <em>Secretos de Villanas<\/em>, actu\u00f3 en musicales como <em>Cabaret<\/em>, y hasta present\u00f3 la Loter\u00eda Nacional de M\u00e9xico (\u00a1iconic!). Tambi\u00e9n abri\u00f3 un show de Reik como solista por primera vez. Ha brillado en pa\u00edses como Francia, Argentina, Italia, Uruguay, Estados Unidos y m\u00e1s. \u00bfY saben qu\u00e9? Ha ganado premios como el Jaguar de Oro y un Globo de Oro en Dubai. O sea, <em>mi bandera, mi voz<\/em> tiene historia, talento y reconocimiento global.<\/p>\n\n\n\n<p><strong>Un regreso con fuego<\/strong><\/p>\n\n\n\n<p>Despu\u00e9s de una pausa musical, Mat\u00edas volvi\u00f3 m\u00e1s fuerte que nunca y ya est\u00e1 sonando en tendencia en Spotify. <em>\u201cMi Bandera\u201d<\/em> es ese tema que te dan ganas de poner cuando quieres recordar qui\u00e9n eres, sentirte libre o simplemente bailar sin culpa. Si quieren saber de qu\u00e9 va, esc\u00fachenlo <a href=\"https:\/\/open.spotify.com\/album\/1DzePMpUB9gulc8gJ7vlwi?si=Q1Dy9HGjTaCdGvlV0JfG2w\">ac\u00e1 en Spotify<\/a>. Spoiler: les va a encantar.<\/p>\n\n\n\n<p><strong>Orgullo que vibra<\/strong><\/p>\n\n\n\n<p>Finalmente, lo m\u00e1s cool de Mat\u00edas es que no solo canta por cantar: lo hace con causa, con emoci\u00f3n, con todo el flow de alguien que entiende que el arte puede ser activismo, y que <em>mi bandera, mi voz<\/em> no es solo una frase, es una declaraci\u00f3n. As\u00ed que si t\u00fa tambi\u00e9n est\u00e1s en esa vibra de reconectar con lo que te representa, esta canci\u00f3n es para ti.<\/p>\n\n\n\n<p><strong>\u00bfYa la escuchaste? \u00bfQu\u00e9 esperas? Comparte con tus amix y no te pierdas lo que viene en esta historia musical que apenas comienza<\/strong><\/p>","protected":false},"excerpt":{"rendered":"<p>Amix, \u00bfya escucharon \u201cMi Bandera\u201d de Mat\u00edas Ferreira? Si no, corran a ponerlo en repeat porque este rol\u00f3n no solo se baila, se siente. Mat\u00edas, que naci\u00f3 en Uruguay y ahora vive en Madrid, est\u00e1 rompiendo con todo al mezclar el Candombe \u2014ese ritmo con alma africana s\u00faper arraigado en la cultura uruguaya\u2014 con sonidos [&hellip;]<\/p>\n","protected":false},"author":4,"featured_media":106196,"comment_status":"open","ping_status":"open","sticky":false,"template":"","format":"standard","meta":{"_jetpack_memberships_contains_paid_content":false,"footnotes":"","jetpack_publicize_message":"","jetpack_publicize_feature_enabled":true,"jetpack_social_post_already_shared":true,"jetpack_social_options":{"image_generator_settings":{"template":"highway","default_image_id":0,"font":"","enabled":false},"version":2}},"categories":[1],"tags":[],"class_list":["post-106195","post","type-post","status-publish","format-standard","has-post-thumbnail","hentry","category-blog","has-post-title","has-post-date","has-post-category","has-post-tag","has-post-comment","has-post-author",""],"yoast_head":"<!-- This site is optimized with the Yoast SEO plugin v27.5 - https:\/\/yoast.com\/product\/yoast-seo-wordpress\/ -->\n<title>Mi Bandera, Mi Voz: El Regreso de Mat\u00edas Ferreira - Zero Magazine<\/title>\n<meta name=\"description\" content=\"Mat\u00edas Ferreira lanza \u201cMi Bandera\u201d, un himno moderno que mezcla Candombe, Afro y Pop con emoci\u00f3n y autenticidad. \u00a1Esc\u00fachalo ya en Spotify!\" \/>\n<meta name=\"robots\" content=\"index, follow, max-snippet:-1, max-image-preview:large, max-video-preview:-1\" \/>\n<link rel=\"canonical\" href=\"https:\/\/zeromagazine.mx\/index.php\/2025\/06\/22\/matias-ferreira-mi-bandera-candombe-pop\/\" \/>\n<meta property=\"og:locale\" content=\"es_ES\" \/>\n<meta property=\"og:type\" content=\"article\" \/>\n<meta property=\"og:title\" content=\"Mi Bandera, Mi Voz: El Regreso de Mat\u00edas Ferreira - Zero Magazine\" \/>\n<meta property=\"og:description\" content=\"Mat\u00edas Ferreira lanza \u201cMi Bandera\u201d, un himno moderno que mezcla Candombe, Afro y Pop con emoci\u00f3n y autenticidad. \u00a1Esc\u00fachalo ya en Spotify!\" \/>\n<meta property=\"og:url\" content=\"https:\/\/zeromagazine.mx\/index.php\/2025\/06\/22\/matias-ferreira-mi-bandera-candombe-pop\/\" \/>\n<meta property=\"og:site_name\" content=\"Zero Magazine\" \/>\n<meta property=\"article:published_time\" content=\"2025-06-22T23:06:21+00:00\" \/>\n<meta property=\"article:modified_time\" content=\"2025-06-22T23:06:22+00:00\" \/>\n<meta property=\"og:image\" content=\"http:\/\/zeromagazine.mx\/wp-content\/uploads\/2025\/06\/PHOTO-2025-06-20-10-14-22.jpeg\" \/>\n\t<meta property=\"og:image:width\" content=\"1210\" \/>\n\t<meta property=\"og:image:height\" content=\"682\" \/>\n\t<meta property=\"og:image:type\" content=\"image\/jpeg\" \/>\n<meta name=\"author\" content=\"David Morales\" \/>\n<meta name=\"twitter:card\" content=\"summary_large_image\" \/>\n<meta name=\"twitter:label1\" content=\"Escrito por\" \/>\n\t<meta name=\"twitter:data1\" content=\"David Morales\" \/>\n\t<meta name=\"twitter:label2\" content=\"Tiempo de lectura\" \/>\n\t<meta name=\"twitter:data2\" content=\"3 minutos\" \/>\n<script type=\"application\/ld+json\" class=\"yoast-schema-graph\">{\"@context\":\"https:\\\/\\\/schema.org\",\"@graph\":[{\"@type\":\"Article\",\"@id\":\"https:\\\/\\\/zeromagazine.mx\\\/index.php\\\/2025\\\/06\\\/22\\\/matias-ferreira-mi-bandera-candombe-pop\\\/#article\",\"isPartOf\":{\"@id\":\"https:\\\/\\\/zeromagazine.mx\\\/index.php\\\/2025\\\/06\\\/22\\\/matias-ferreira-mi-bandera-candombe-pop\\\/\"},\"author\":{\"name\":\"David Morales\",\"@id\":\"https:\\\/\\\/zeromagazine.mx\\\/#\\\/schema\\\/person\\\/9f7f1a17c60ba8e9980e3e6677aabe5a\"},\"headline\":\"Mi Bandera, Mi Voz: El Regreso de Mat\u00edas Ferreira\",\"datePublished\":\"2025-06-22T23:06:21+00:00\",\"dateModified\":\"2025-06-22T23:06:22+00:00\",\"mainEntityOfPage\":{\"@id\":\"https:\\\/\\\/zeromagazine.mx\\\/index.php\\\/2025\\\/06\\\/22\\\/matias-ferreira-mi-bandera-candombe-pop\\\/\"},\"wordCount\":437,\"commentCount\":0,\"publisher\":{\"@id\":\"https:\\\/\\\/zeromagazine.mx\\\/#organization\"},\"image\":{\"@id\":\"https:\\\/\\\/zeromagazine.mx\\\/index.php\\\/2025\\\/06\\\/22\\\/matias-ferreira-mi-bandera-candombe-pop\\\/#primaryimage\"},\"thumbnailUrl\":\"https:\\\/\\\/i0.wp.com\\\/zeromagazine.mx\\\/wp-content\\\/uploads\\\/2025\\\/06\\\/PHOTO-2025-06-20-10-14-22.jpeg?fit=1210%2C682&ssl=1\",\"articleSection\":[\"Blog\"],\"inLanguage\":\"es\",\"potentialAction\":[{\"@type\":\"CommentAction\",\"name\":\"Comment\",\"target\":[\"https:\\\/\\\/zeromagazine.mx\\\/index.php\\\/2025\\\/06\\\/22\\\/matias-ferreira-mi-bandera-candombe-pop\\\/#respond\"]}]},{\"@type\":\"WebPage\",\"@id\":\"https:\\\/\\\/zeromagazine.mx\\\/index.php\\\/2025\\\/06\\\/22\\\/matias-ferreira-mi-bandera-candombe-pop\\\/\",\"url\":\"https:\\\/\\\/zeromagazine.mx\\\/index.php\\\/2025\\\/06\\\/22\\\/matias-ferreira-mi-bandera-candombe-pop\\\/\",\"name\":\"Mi Bandera, Mi Voz: El Regreso de Mat\u00edas Ferreira - Zero Magazine\",\"isPartOf\":{\"@id\":\"https:\\\/\\\/zeromagazine.mx\\\/#website\"},\"primaryImageOfPage\":{\"@id\":\"https:\\\/\\\/zeromagazine.mx\\\/index.php\\\/2025\\\/06\\\/22\\\/matias-ferreira-mi-bandera-candombe-pop\\\/#primaryimage\"},\"image\":{\"@id\":\"https:\\\/\\\/zeromagazine.mx\\\/index.php\\\/2025\\\/06\\\/22\\\/matias-ferreira-mi-bandera-candombe-pop\\\/#primaryimage\"},\"thumbnailUrl\":\"https:\\\/\\\/i0.wp.com\\\/zeromagazine.mx\\\/wp-content\\\/uploads\\\/2025\\\/06\\\/PHOTO-2025-06-20-10-14-22.jpeg?fit=1210%2C682&ssl=1\",\"datePublished\":\"2025-06-22T23:06:21+00:00\",\"dateModified\":\"2025-06-22T23:06:22+00:00\",\"description\":\"Mat\u00edas Ferreira lanza \u201cMi Bandera\u201d, un himno moderno que mezcla Candombe, Afro y Pop con emoci\u00f3n y autenticidad. \u00a1Esc\u00fachalo ya en Spotify!\",\"breadcrumb\":{\"@id\":\"https:\\\/\\\/zeromagazine.mx\\\/index.php\\\/2025\\\/06\\\/22\\\/matias-ferreira-mi-bandera-candombe-pop\\\/#breadcrumb\"},\"inLanguage\":\"es\",\"potentialAction\":[{\"@type\":\"ReadAction\",\"target\":[\"https:\\\/\\\/zeromagazine.mx\\\/index.php\\\/2025\\\/06\\\/22\\\/matias-ferreira-mi-bandera-candombe-pop\\\/\"]}]},{\"@type\":\"ImageObject\",\"inLanguage\":\"es\",\"@id\":\"https:\\\/\\\/zeromagazine.mx\\\/index.php\\\/2025\\\/06\\\/22\\\/matias-ferreira-mi-bandera-candombe-pop\\\/#primaryimage\",\"url\":\"https:\\\/\\\/i0.wp.com\\\/zeromagazine.mx\\\/wp-content\\\/uploads\\\/2025\\\/06\\\/PHOTO-2025-06-20-10-14-22.jpeg?fit=1210%2C682&ssl=1\",\"contentUrl\":\"https:\\\/\\\/i0.wp.com\\\/zeromagazine.mx\\\/wp-content\\\/uploads\\\/2025\\\/06\\\/PHOTO-2025-06-20-10-14-22.jpeg?fit=1210%2C682&ssl=1\",\"width\":1210,\"height\":682},{\"@type\":\"BreadcrumbList\",\"@id\":\"https:\\\/\\\/zeromagazine.mx\\\/index.php\\\/2025\\\/06\\\/22\\\/matias-ferreira-mi-bandera-candombe-pop\\\/#breadcrumb\",\"itemListElement\":[{\"@type\":\"ListItem\",\"position\":1,\"name\":\"Portada\",\"item\":\"https:\\\/\\\/zeromagazine.mx\\\/\"},{\"@type\":\"ListItem\",\"position\":2,\"name\":\"Mi Bandera, Mi Voz: El Regreso de Mat\u00edas Ferreira\"}]},{\"@type\":\"WebSite\",\"@id\":\"https:\\\/\\\/zeromagazine.mx\\\/#website\",\"url\":\"https:\\\/\\\/zeromagazine.mx\\\/\",\"name\":\"Zero Magazine\",\"description\":\"\",\"publisher\":{\"@id\":\"https:\\\/\\\/zeromagazine.mx\\\/#organization\"},\"potentialAction\":[{\"@type\":\"SearchAction\",\"target\":{\"@type\":\"EntryPoint\",\"urlTemplate\":\"https:\\\/\\\/zeromagazine.mx\\\/?s={search_term_string}\"},\"query-input\":{\"@type\":\"PropertyValueSpecification\",\"valueRequired\":true,\"valueName\":\"search_term_string\"}}],\"inLanguage\":\"es\"},{\"@type\":\"Organization\",\"@id\":\"https:\\\/\\\/zeromagazine.mx\\\/#organization\",\"name\":\"Zero Magazine\",\"url\":\"https:\\\/\\\/zeromagazine.mx\\\/\",\"logo\":{\"@type\":\"ImageObject\",\"inLanguage\":\"es\",\"@id\":\"https:\\\/\\\/zeromagazine.mx\\\/#\\\/schema\\\/logo\\\/image\\\/\",\"url\":\"https:\\\/\\\/i0.wp.com\\\/zeromagazine.mx\\\/wp-content\\\/uploads\\\/2025\\\/11\\\/1.jpeg?fit=1000%2C1000&ssl=1\",\"contentUrl\":\"https:\\\/\\\/i0.wp.com\\\/zeromagazine.mx\\\/wp-content\\\/uploads\\\/2025\\\/11\\\/1.jpeg?fit=1000%2C1000&ssl=1\",\"width\":1000,\"height\":1000,\"caption\":\"Zero Magazine\"},\"image\":{\"@id\":\"https:\\\/\\\/zeromagazine.mx\\\/#\\\/schema\\\/logo\\\/image\\\/\"},\"sameAs\":[\"https:\\\/\\\/instagram.com\\\/zeromagazinemx\"]},{\"@type\":\"Person\",\"@id\":\"https:\\\/\\\/zeromagazine.mx\\\/#\\\/schema\\\/person\\\/9f7f1a17c60ba8e9980e3e6677aabe5a\",\"name\":\"David Morales\",\"image\":{\"@type\":\"ImageObject\",\"inLanguage\":\"es\",\"@id\":\"https:\\\/\\\/zeromagazine.mx\\\/wp-content\\\/litespeed\\\/avatar\\\/76069d2136bfc1c37dc34815bb67ca42.jpg?ver=1777571067\",\"url\":\"https:\\\/\\\/zeromagazine.mx\\\/wp-content\\\/litespeed\\\/avatar\\\/76069d2136bfc1c37dc34815bb67ca42.jpg?ver=1777571067\",\"contentUrl\":\"https:\\\/\\\/zeromagazine.mx\\\/wp-content\\\/litespeed\\\/avatar\\\/76069d2136bfc1c37dc34815bb67ca42.jpg?ver=1777571067\",\"caption\":\"David Morales\"},\"url\":\"https:\\\/\\\/zeromagazine.mx\\\/index.php\\\/author\\\/david\\\/\"}]}<\/script>\n<!-- \/ Yoast SEO plugin. -->","yoast_head_json":{"title":"Mi Bandera, Mi Voz: El Regreso de Mat\u00edas Ferreira - Zero Magazine","description":"Mat\u00edas Ferreira lanza \u201cMi Bandera\u201d, un himno moderno que mezcla Candombe, Afro y Pop con emoci\u00f3n y autenticidad. \u00a1Esc\u00fachalo ya en Spotify!","robots":{"index":"index","follow":"follow","max-snippet":"max-snippet:-1","max-image-preview":"max-image-preview:large","max-video-preview":"max-video-preview:-1"},"canonical":"https:\/\/zeromagazine.mx\/index.php\/2025\/06\/22\/matias-ferreira-mi-bandera-candombe-pop\/","og_locale":"es_ES","og_type":"article","og_title":"Mi Bandera, Mi Voz: El Regreso de Mat\u00edas Ferreira - Zero Magazine","og_description":"Mat\u00edas Ferreira lanza \u201cMi Bandera\u201d, un himno moderno que mezcla Candombe, Afro y Pop con emoci\u00f3n y autenticidad. \u00a1Esc\u00fachalo ya en Spotify!","og_url":"https:\/\/zeromagazine.mx\/index.php\/2025\/06\/22\/matias-ferreira-mi-bandera-candombe-pop\/","og_site_name":"Zero Magazine","article_published_time":"2025-06-22T23:06:21+00:00","article_modified_time":"2025-06-22T23:06:22+00:00","og_image":[{"width":1210,"height":682,"url":"http:\/\/zeromagazine.mx\/wp-content\/uploads\/2025\/06\/PHOTO-2025-06-20-10-14-22.jpeg","type":"image\/jpeg"}],"author":"David Morales","twitter_card":"summary_large_image","twitter_misc":{"Escrito por":"David Morales","Tiempo de lectura":"3 minutos"},"schema":{"@context":"https:\/\/schema.org","@graph":[{"@type":"Article","@id":"https:\/\/zeromagazine.mx\/index.php\/2025\/06\/22\/matias-ferreira-mi-bandera-candombe-pop\/#article","isPartOf":{"@id":"https:\/\/zeromagazine.mx\/index.php\/2025\/06\/22\/matias-ferreira-mi-bandera-candombe-pop\/"},"author":{"name":"David Morales","@id":"https:\/\/zeromagazine.mx\/#\/schema\/person\/9f7f1a17c60ba8e9980e3e6677aabe5a"},"headline":"Mi Bandera, Mi Voz: El Regreso de Mat\u00edas Ferreira","datePublished":"2025-06-22T23:06:21+00:00","dateModified":"2025-06-22T23:06:22+00:00","mainEntityOfPage":{"@id":"https:\/\/zeromagazine.mx\/index.php\/2025\/06\/22\/matias-ferreira-mi-bandera-candombe-pop\/"},"wordCount":437,"commentCount":0,"publisher":{"@id":"https:\/\/zeromagazine.mx\/#organization"},"image":{"@id":"https:\/\/zeromagazine.mx\/index.php\/2025\/06\/22\/matias-ferreira-mi-bandera-candombe-pop\/#primaryimage"},"thumbnailUrl":"https:\/\/i0.wp.com\/zeromagazine.mx\/wp-content\/uploads\/2025\/06\/PHOTO-2025-06-20-10-14-22.jpeg?fit=1210%2C682&ssl=1","articleSection":["Blog"],"inLanguage":"es","potentialAction":[{"@type":"CommentAction","name":"Comment","target":["https:\/\/zeromagazine.mx\/index.php\/2025\/06\/22\/matias-ferreira-mi-bandera-candombe-pop\/#respond"]}]},{"@type":"WebPage","@id":"https:\/\/zeromagazine.mx\/index.php\/2025\/06\/22\/matias-ferreira-mi-bandera-candombe-pop\/","url":"https:\/\/zeromagazine.mx\/index.php\/2025\/06\/22\/matias-ferreira-mi-bandera-candombe-pop\/","name":"Mi Bandera, Mi Voz: El Regreso de Mat\u00edas Ferreira - Zero Magazine","isPartOf":{"@id":"https:\/\/zeromagazine.mx\/#website"},"primaryImageOfPage":{"@id":"https:\/\/zeromagazine.mx\/index.php\/2025\/06\/22\/matias-ferreira-mi-bandera-candombe-pop\/#primaryimage"},"image":{"@id":"https:\/\/zeromagazine.mx\/index.php\/2025\/06\/22\/matias-ferreira-mi-bandera-candombe-pop\/#primaryimage"},"thumbnailUrl":"https:\/\/i0.wp.com\/zeromagazine.mx\/wp-content\/uploads\/2025\/06\/PHOTO-2025-06-20-10-14-22.jpeg?fit=1210%2C682&ssl=1","datePublished":"2025-06-22T23:06:21+00:00","dateModified":"2025-06-22T23:06:22+00:00","description":"Mat\u00edas Ferreira lanza \u201cMi Bandera\u201d, un himno moderno que mezcla Candombe, Afro y Pop con emoci\u00f3n y autenticidad. \u00a1Esc\u00fachalo ya en Spotify!","breadcrumb":{"@id":"https:\/\/zeromagazine.mx\/index.php\/2025\/06\/22\/matias-ferreira-mi-bandera-candombe-pop\/#breadcrumb"},"inLanguage":"es","potentialAction":[{"@type":"ReadAction","target":["https:\/\/zeromagazine.mx\/index.php\/2025\/06\/22\/matias-ferreira-mi-bandera-candombe-pop\/"]}]},{"@type":"ImageObject","inLanguage":"es","@id":"https:\/\/zeromagazine.mx\/index.php\/2025\/06\/22\/matias-ferreira-mi-bandera-candombe-pop\/#primaryimage","url":"https:\/\/i0.wp.com\/zeromagazine.mx\/wp-content\/uploads\/2025\/06\/PHOTO-2025-06-20-10-14-22.jpeg?fit=1210%2C682&ssl=1","contentUrl":"https:\/\/i0.wp.com\/zeromagazine.mx\/wp-content\/uploads\/2025\/06\/PHOTO-2025-06-20-10-14-22.jpeg?fit=1210%2C682&ssl=1","width":1210,"height":682},{"@type":"BreadcrumbList","@id":"https:\/\/zeromagazine.mx\/index.php\/2025\/06\/22\/matias-ferreira-mi-bandera-candombe-pop\/#breadcrumb","itemListElement":[{"@type":"ListItem","position":1,"name":"Portada","item":"https:\/\/zeromagazine.mx\/"},{"@type":"ListItem","position":2,"name":"Mi Bandera, Mi Voz: El Regreso de Mat\u00edas Ferreira"}]},{"@type":"WebSite","@id":"https:\/\/zeromagazine.mx\/#website","url":"https:\/\/zeromagazine.mx\/","name":"Zero Magazine","description":"","publisher":{"@id":"https:\/\/zeromagazine.mx\/#organization"},"potentialAction":[{"@type":"SearchAction","target":{"@type":"EntryPoint","urlTemplate":"https:\/\/zeromagazine.mx\/?s={search_term_string}"},"query-input":{"@type":"PropertyValueSpecification","valueRequired":true,"valueName":"search_term_string"}}],"inLanguage":"es"},{"@type":"Organization","@id":"https:\/\/zeromagazine.mx\/#organization","name":"Zero Magazine","url":"https:\/\/zeromagazine.mx\/","logo":{"@type":"ImageObject","inLanguage":"es","@id":"https:\/\/zeromagazine.mx\/#\/schema\/logo\/image\/","url":"https:\/\/i0.wp.com\/zeromagazine.mx\/wp-content\/uploads\/2025\/11\/1.jpeg?fit=1000%2C1000&ssl=1","contentUrl":"https:\/\/i0.wp.com\/zeromagazine.mx\/wp-content\/uploads\/2025\/11\/1.jpeg?fit=1000%2C1000&ssl=1","width":1000,"height":1000,"caption":"Zero Magazine"},"image":{"@id":"https:\/\/zeromagazine.mx\/#\/schema\/logo\/image\/"},"sameAs":["https:\/\/instagram.com\/zeromagazinemx"]},{"@type":"Person","@id":"https:\/\/zeromagazine.mx\/#\/schema\/person\/9f7f1a17c60ba8e9980e3e6677aabe5a","name":"David Morales","image":{"@type":"ImageObject","inLanguage":"es","@id":"https:\/\/zeromagazine.mx\/wp-content\/litespeed\/avatar\/76069d2136bfc1c37dc34815bb67ca42.jpg?ver=1777571067","url":"https:\/\/zeromagazine.mx\/wp-content\/litespeed\/avatar\/76069d2136bfc1c37dc34815bb67ca42.jpg?ver=1777571067","contentUrl":"https:\/\/zeromagazine.mx\/wp-content\/litespeed\/avatar\/76069d2136bfc1c37dc34815bb67ca42.jpg?ver=1777571067","caption":"David Morales"},"url":"https:\/\/zeromagazine.mx\/index.php\/author\/david\/"}]}},"jetpack_publicize_connections":[],"jetpack_featured_media_url":"https:\/\/i0.wp.com\/zeromagazine.mx\/wp-content\/uploads\/2025\/06\/PHOTO-2025-06-20-10-14-22.jpeg?fit=1210%2C682&ssl=1","jetpack-related-posts":[{"id":95107,"url":"https:\/\/zeromagazine.mx\/index.php\/2025\/01\/21\/la-filosofia-de-matias-fit\/","url_meta":{"origin":106195,"position":0},"title":"Rompe Tus L\u00edmites: La Filosof\u00eda Fitness de Mat\u00edas Fit","author":"David Morales","date":"21 de enero de 2025","format":false,"excerpt":"El camino hacia un cuerpo y mente saludables est\u00e1 lleno de desaf\u00edos, pero tambi\u00e9n de recompensas. Mat\u00edas Fit, coach de fitness y motivador incansable, comparte su experiencia y filosof\u00eda para inspirarte a romper barreras y superar tus propios l\u00edmites. Desde sus comienzos en el fitness hasta sus proyectos para 2025,\u2026","rel":"","context":"En \u00abBienestar\u00bb","block_context":{"text":"Bienestar","link":"https:\/\/zeromagazine.mx\/index.php\/category\/lifestyle\/bienestar\/"},"img":{"alt_text":"","src":"https:\/\/i0.wp.com\/zeromagazine.mx\/wp-content\/uploads\/2025\/01\/Zero-05-scaled.jpg?fit=1200%2C675&ssl=1&resize=350%2C200","width":350,"height":200,"srcset":"https:\/\/i0.wp.com\/zeromagazine.mx\/wp-content\/uploads\/2025\/01\/Zero-05-scaled.jpg?fit=1200%2C675&ssl=1&resize=350%2C200 1x, https:\/\/i0.wp.com\/zeromagazine.mx\/wp-content\/uploads\/2025\/01\/Zero-05-scaled.jpg?fit=1200%2C675&ssl=1&resize=525%2C300 1.5x, https:\/\/i0.wp.com\/zeromagazine.mx\/wp-content\/uploads\/2025\/01\/Zero-05-scaled.jpg?fit=1200%2C675&ssl=1&resize=700%2C400 2x, https:\/\/i0.wp.com\/zeromagazine.mx\/wp-content\/uploads\/2025\/01\/Zero-05-scaled.jpg?fit=1200%2C675&ssl=1&resize=1050%2C600 3x"},"classes":[]},{"id":91346,"url":"https:\/\/zeromagazine.mx\/index.php\/2024\/11\/22\/transforma-tu-vida-con-matias\/","url_meta":{"origin":106195,"position":1},"title":"\u00abTransforma tu vida con Mat\u00edas\u00bb","author":"zeromagazinemx","date":"22 de noviembre de 2024","format":false,"excerpt":"Si est\u00e1s buscando motivaci\u00f3n para transformar tu vida, este es el momento. Mat\u00edas Fit, el crack del fitness y la nutrici\u00f3n, viene a ense\u00f1arte que el bienestar va m\u00e1s all\u00e1 del ejercicio: se trata de cuidar tu cuerpo, mente y esp\u00edritu.\u00a0Con su enfoque \u00fanico y lleno de energ\u00eda, Mat\u00edas no\u2026","rel":"","context":"En \u00abBienestar\u00bb","block_context":{"text":"Bienestar","link":"https:\/\/zeromagazine.mx\/index.php\/category\/lifestyle\/bienestar\/"},"img":{"alt_text":"","src":"https:\/\/i0.wp.com\/zeromagazine.mx\/wp-content\/uploads\/2024\/11\/matias-11-scaled.jpeg?fit=1200%2C800&ssl=1&resize=350%2C200","width":350,"height":200,"srcset":"https:\/\/i0.wp.com\/zeromagazine.mx\/wp-content\/uploads\/2024\/11\/matias-11-scaled.jpeg?fit=1200%2C800&ssl=1&resize=350%2C200 1x, https:\/\/i0.wp.com\/zeromagazine.mx\/wp-content\/uploads\/2024\/11\/matias-11-scaled.jpeg?fit=1200%2C800&ssl=1&resize=525%2C300 1.5x, https:\/\/i0.wp.com\/zeromagazine.mx\/wp-content\/uploads\/2024\/11\/matias-11-scaled.jpeg?fit=1200%2C800&ssl=1&resize=700%2C400 2x, https:\/\/i0.wp.com\/zeromagazine.mx\/wp-content\/uploads\/2024\/11\/matias-11-scaled.jpeg?fit=1200%2C800&ssl=1&resize=1050%2C600 3x"},"classes":[]},{"id":98366,"url":"https:\/\/zeromagazine.mx\/index.php\/2025\/03\/07\/matias-fit-lanza-su-linea-de-ropa-deportiva\/","url_meta":{"origin":106195,"position":2},"title":"RAYA: Entrena con estilo y comodidad","author":"David Morales","date":"7 de marzo de 2025","format":false,"excerpt":"En el gym, como en la vida, la actitud lo es todo. Y s\u00ed, entrenar es para sudar, para darlo todo, para romper l\u00edmites, pero\u2026 \u00bfpor qu\u00e9 hacerlo con ropa vieja, deslavada o que no te hace sentir incre\u00edble? La ropa deportiva ya no es solo funcional, es una extensi\u00f3n\u2026","rel":"","context":"En \u00abModa\u00bb","block_context":{"text":"Moda","link":"https:\/\/zeromagazine.mx\/index.php\/category\/moda\/"},"img":{"alt_text":"","src":"https:\/\/i0.wp.com\/zeromagazine.mx\/wp-content\/uploads\/2025\/03\/image4-scaled.jpeg?fit=1167%2C1200&ssl=1&resize=350%2C200","width":350,"height":200,"srcset":"https:\/\/i0.wp.com\/zeromagazine.mx\/wp-content\/uploads\/2025\/03\/image4-scaled.jpeg?fit=1167%2C1200&ssl=1&resize=350%2C200 1x, https:\/\/i0.wp.com\/zeromagazine.mx\/wp-content\/uploads\/2025\/03\/image4-scaled.jpeg?fit=1167%2C1200&ssl=1&resize=525%2C300 1.5x, https:\/\/i0.wp.com\/zeromagazine.mx\/wp-content\/uploads\/2025\/03\/image4-scaled.jpeg?fit=1167%2C1200&ssl=1&resize=700%2C400 2x, https:\/\/i0.wp.com\/zeromagazine.mx\/wp-content\/uploads\/2025\/03\/image4-scaled.jpeg?fit=1167%2C1200&ssl=1&resize=1050%2C600 3x"},"classes":[]},{"id":93940,"url":"https:\/\/zeromagazine.mx\/index.php\/2024\/12\/27\/consejos-practicos-y-motivadores-para-iniciar-un-2025-fitness-con-matias-fit\/","url_meta":{"origin":106195,"position":3},"title":"Consejos de Mat\u00edas Fit para que 2025 sea tu Mejor A\u00f1o.","author":"David Morales","date":"27 de diciembre de 2024","format":false,"excerpt":"El inicio de un nuevo a\u00f1o es el momento perfecto para trazarte metas y transformar tu vida. Si uno de tus prop\u00f3sitos es cuidar tu cuerpo y comenzar con un estilo de vida saludable, Mat\u00edas Fit, coach de bienestar y referente del fitness, tiene los mejores consejos para que este\u2026","rel":"","context":"En \u00abPortada\u00bb","block_context":{"text":"Portada","link":"https:\/\/zeromagazine.mx\/index.php\/category\/portada\/"},"img":{"alt_text":"","src":"https:\/\/i0.wp.com\/zeromagazine.mx\/wp-content\/uploads\/2024\/12\/Ilustracion_sin_titulo-scaled.jpeg?fit=927%2C1200&ssl=1&resize=350%2C200","width":350,"height":200,"srcset":"https:\/\/i0.wp.com\/zeromagazine.mx\/wp-content\/uploads\/2024\/12\/Ilustracion_sin_titulo-scaled.jpeg?fit=927%2C1200&ssl=1&resize=350%2C200 1x, https:\/\/i0.wp.com\/zeromagazine.mx\/wp-content\/uploads\/2024\/12\/Ilustracion_sin_titulo-scaled.jpeg?fit=927%2C1200&ssl=1&resize=525%2C300 1.5x, https:\/\/i0.wp.com\/zeromagazine.mx\/wp-content\/uploads\/2024\/12\/Ilustracion_sin_titulo-scaled.jpeg?fit=927%2C1200&ssl=1&resize=700%2C400 2x"},"classes":[]},{"id":81165,"url":"https:\/\/zeromagazine.mx\/index.php\/2024\/08\/05\/matias-fit-enegia-y-pasion\/","url_meta":{"origin":106195,"position":4},"title":"Mat\u00edas Fit: Eneg\u00eda y Pasi\u00f3n","author":"David Morales","date":"5 de agosto de 2024","format":false,"excerpt":"Mat\u00edas Fit, un reconocido coach de fitness y nutrici\u00f3n que ha logrado destacarse no solo por su impresionante f\u00edsico, sino tambi\u00e9n por su pasi\u00f3n y dedicaci\u00f3n a mejorar la vida de quienes lo rodean.","rel":"","context":"En \u00abPortada\u00bb","block_context":{"text":"Portada","link":"https:\/\/zeromagazine.mx\/index.php\/category\/portada\/"},"img":{"alt_text":"","src":"https:\/\/i0.wp.com\/zeromagazine.mx\/wp-content\/uploads\/2024\/07\/IMG_1369.png?fit=927%2C1200&ssl=1&resize=350%2C200","width":350,"height":200,"srcset":"https:\/\/i0.wp.com\/zeromagazine.mx\/wp-content\/uploads\/2024\/07\/IMG_1369.png?fit=927%2C1200&ssl=1&resize=350%2C200 1x, https:\/\/i0.wp.com\/zeromagazine.mx\/wp-content\/uploads\/2024\/07\/IMG_1369.png?fit=927%2C1200&ssl=1&resize=525%2C300 1.5x, https:\/\/i0.wp.com\/zeromagazine.mx\/wp-content\/uploads\/2024\/07\/IMG_1369.png?fit=927%2C1200&ssl=1&resize=700%2C400 2x"},"classes":[]},{"id":77267,"url":"https:\/\/zeromagazine.mx\/index.php\/2024\/06\/05\/corre-hacia-la-diversidad-celebra-y-alcanza-la-meta-con-el-love-marathon-de-puma\/","url_meta":{"origin":106195,"position":5},"title":"Corre hacia la diversidad: \u00a1Celebra y alcanza la meta con el Love Marathon de Puma\u00ae!","author":"David Morales","date":"5 de junio de 2024","format":false,"excerpt":"Hoy quiero hablarles sobre algo que me tiene s\u00faper emocionade: la nueva colecci\u00f3n LOVE MARATHON de PUMA. \u00bfPor qu\u00e9? \u00a1Porque es una verdadera celebraci\u00f3n de la autenticidad y el amor propio en el deporte! Primero que nada, d\u00e9jenme contarles que esta colecci\u00f3n est\u00e1 inspirada en el club San Francisco Front\u2026","rel":"","context":"En \u00abBlog\u00bb","block_context":{"text":"Blog","link":"https:\/\/zeromagazine.mx\/index.php\/category\/blog\/"},"img":{"alt_text":"","src":"https:\/\/i0.wp.com\/zeromagazine.mx\/wp-content\/uploads\/2024\/06\/PUMALove_Emilio_Vallejo_Entrega24Enero_7-scaled.jpg?fit=1200%2C800&ssl=1&resize=350%2C200","width":350,"height":200,"srcset":"https:\/\/i0.wp.com\/zeromagazine.mx\/wp-content\/uploads\/2024\/06\/PUMALove_Emilio_Vallejo_Entrega24Enero_7-scaled.jpg?fit=1200%2C800&ssl=1&resize=350%2C200 1x, https:\/\/i0.wp.com\/zeromagazine.mx\/wp-content\/uploads\/2024\/06\/PUMALove_Emilio_Vallejo_Entrega24Enero_7-scaled.jpg?fit=1200%2C800&ssl=1&resize=525%2C300 1.5x, https:\/\/i0.wp.com\/zeromagazine.mx\/wp-content\/uploads\/2024\/06\/PUMALove_Emilio_Vallejo_Entrega24Enero_7-scaled.jpg?fit=1200%2C800&ssl=1&resize=700%2C400 2x, https:\/\/i0.wp.com\/zeromagazine.mx\/wp-content\/uploads\/2024\/06\/PUMALove_Emilio_Vallejo_Entrega24Enero_7-scaled.jpg?fit=1200%2C800&ssl=1&resize=1050%2C600 3x"},"classes":[]}],"jetpack_sharing_enabled":true,"builder_content":"","_links":{"self":[{"href":"https:\/\/zeromagazine.mx\/index.php\/wp-json\/wp\/v2\/posts\/106195","targetHints":{"allow":["GET"]}}],"collection":[{"href":"https:\/\/zeromagazine.mx\/index.php\/wp-json\/wp\/v2\/posts"}],"about":[{"href":"https:\/\/zeromagazine.mx\/index.php\/wp-json\/wp\/v2\/types\/post"}],"author":[{"embeddable":true,"href":"https:\/\/zeromagazine.mx\/index.php\/wp-json\/wp\/v2\/users\/4"}],"replies":[{"embeddable":true,"href":"https:\/\/zeromagazine.mx\/index.php\/wp-json\/wp\/v2\/comments?post=106195"}],"version-history":[{"count":4,"href":"https:\/\/zeromagazine.mx\/index.php\/wp-json\/wp\/v2\/posts\/106195\/revisions"}],"predecessor-version":[{"id":106200,"href":"https:\/\/zeromagazine.mx\/index.php\/wp-json\/wp\/v2\/posts\/106195\/revisions\/106200"}],"wp:featuredmedia":[{"embeddable":true,"href":"https:\/\/zeromagazine.mx\/index.php\/wp-json\/wp\/v2\/media\/106196"}],"wp:attachment":[{"href":"https:\/\/zeromagazine.mx\/index.php\/wp-json\/wp\/v2\/media?parent=106195"}],"wp:term":[{"taxonomy":"category","embeddable":true,"href":"https:\/\/zeromagazine.mx\/index.php\/wp-json\/wp\/v2\/categories?post=106195"},{"taxonomy":"post_tag","embeddable":true,"href":"https:\/\/zeromagazine.mx\/index.php\/wp-json\/wp\/v2\/tags?post=106195"}],"curies":[{"name":"wp","href":"https:\/\/api.w.org\/{rel}","templated":true}]}}