{"id":106202,"date":"2025-06-24T15:48:45","date_gmt":"2025-06-24T21:48:45","guid":{"rendered":"https:\/\/zeromagazine.mx\/?p=106202"},"modified":"2025-06-24T15:48:47","modified_gmt":"2025-06-24T21:48:47","slug":"christian-chavez-orgullo-resiliencia-entrevista-zero","status":"publish","type":"post","link":"https:\/\/zeromagazine.mx\/index.php\/2025\/06\/24\/christian-chavez-orgullo-resiliencia-entrevista-zero\/","title":{"rendered":"Christian Ch\u00e1vez: Ser feliz es un acto de resistencia"},"content":{"rendered":"<!--themify_builder_content-->\n<div id=\"themify_builder_content-106202\" data-postid=\"106202\" class=\"themify_builder_content themify_builder_content-106202 themify_builder tf_clear\">\n    <\/div>\n<!--\/themify_builder_content-->\n\n\n<p>ma con <em>Rebelde<\/em> y RBD, ha sido una figura que ha sabido crecer frente al ojo p\u00fablico, navegando entre los reflectores de la m\u00fasica y la actuaci\u00f3n, pero tambi\u00e9n entre los desaf\u00edos de una sociedad que no siempre ha sabido aceptar lo diferente. Su proceso no ha sido f\u00e1cil: fue sacado del cl\u00f3set en un tiempo donde ser abiertamente gay pod\u00eda costarte la carrera. Pero en lugar de rendirse, Christian transform\u00f3 el dolor en prop\u00f3sito, y hoy no solo sigue brillando como artista, sino que tambi\u00e9n se ha convertido en un referente para la comunidad LGBTIQ+, levantando la voz con autenticidad y orgullo.<\/p>\n\n\n\n<p>En esta entrevista \u00edntima, Christian deja a un lado las luces del escenario para hablar con el coraz\u00f3n abierto sobre madurez, amor propio, visibilidad queer y su compromiso con las nuevas generaciones.<\/p>\n\n\n\n<p>Entrevista: El Poderoso Dave<br>Foto: Juan Castillo<br>Grooming: Julio Cesar Le\u00f3n<br>Styling: Cuauht\u00e9moc<\/p>\n\n\n\n<p><br><\/p>\n\n\n\n<figure class=\"wp-block-image size-full\"><img data-recalc-dims=\"1\" decoding=\"async\" width=\"1165\" height=\"1508\" src=\"https:\/\/i0.wp.com\/zeromagazine.mx\/wp-content\/uploads\/2025\/06\/IMG_4513-scaled.jpeg?resize=1165%2C1508&#038;ssl=1\" alt=\"\" class=\"wp-image-106204\" srcset=\"https:\/\/i0.wp.com\/zeromagazine.mx\/wp-content\/uploads\/2025\/06\/IMG_4513-scaled.jpeg?w=1978&amp;ssl=1 1978w, https:\/\/i0.wp.com\/zeromagazine.mx\/wp-content\/uploads\/2025\/06\/IMG_4513-scaled.jpeg?resize=232%2C300&amp;ssl=1 232w, https:\/\/i0.wp.com\/zeromagazine.mx\/wp-content\/uploads\/2025\/06\/IMG_4513-scaled.jpeg?resize=791%2C1024&amp;ssl=1 791w, https:\/\/i0.wp.com\/zeromagazine.mx\/wp-content\/uploads\/2025\/06\/IMG_4513-scaled.jpeg?resize=768%2C994&amp;ssl=1 768w, https:\/\/i0.wp.com\/zeromagazine.mx\/wp-content\/uploads\/2025\/06\/IMG_4513-scaled.jpeg?resize=1187%2C1536&amp;ssl=1 1187w, https:\/\/i0.wp.com\/zeromagazine.mx\/wp-content\/uploads\/2025\/06\/IMG_4513-scaled.jpeg?resize=1583%2C2048&amp;ssl=1 1583w\" sizes=\"(max-width: 1165px) 100vw, 1165px\" \/><\/figure>\n\n\n\n<p><strong>\u00bfC\u00f3mo es para ti ser hoy un hombre de 41 a\u00f1os que vive una vida plena y libre?<\/strong><\/p>\n\n\n\n<p>Estoy en un momento en el que me he trabajado mucho en terapia. Me conozco m\u00e1s, me amo, me respeto y tengo m\u00e1s claro lo que quiero y lo que no quiero. Los 40 te dan eso: hacer las paces con cosas que antes te dol\u00edan o no entend\u00edas.<\/p>\n\n\n\n<p><strong>\u00bfAlguna vez sentiste que no estabas logrando nada con tu vida?<\/strong><\/p>\n\n\n\n<p>S\u00ed, claro. Ha habido muchos momentos en los que me pregunt\u00e9: \u201c\u00bfQu\u00e9 estoy haciendo con mi vida?\u201d. Es una condici\u00f3n humana. A veces nos deprimimos o nos desencantamos, pero eso tambi\u00e9n es parte de la vida. Las expectativas de que todo va a ir mejorando y se va a quedar as\u00ed no son reales. La vida es cambio constante.<\/p>\n\n\n\n<figure class=\"wp-block-image size-full\"><img data-recalc-dims=\"1\" decoding=\"async\" width=\"1165\" height=\"2073\" src=\"https:\/\/i0.wp.com\/zeromagazine.mx\/wp-content\/uploads\/2025\/06\/IMG_4516-scaled.jpeg?resize=1165%2C2073&#038;ssl=1\" alt=\"\" class=\"wp-image-106205\" srcset=\"https:\/\/i0.wp.com\/zeromagazine.mx\/wp-content\/uploads\/2025\/06\/IMG_4516-scaled.jpeg?w=1439&amp;ssl=1 1439w, https:\/\/i0.wp.com\/zeromagazine.mx\/wp-content\/uploads\/2025\/06\/IMG_4516-scaled.jpeg?resize=169%2C300&amp;ssl=1 169w, https:\/\/i0.wp.com\/zeromagazine.mx\/wp-content\/uploads\/2025\/06\/IMG_4516-scaled.jpeg?resize=576%2C1024&amp;ssl=1 576w, https:\/\/i0.wp.com\/zeromagazine.mx\/wp-content\/uploads\/2025\/06\/IMG_4516-scaled.jpeg?resize=768%2C1366&amp;ssl=1 768w, https:\/\/i0.wp.com\/zeromagazine.mx\/wp-content\/uploads\/2025\/06\/IMG_4516-scaled.jpeg?resize=864%2C1536&amp;ssl=1 864w, https:\/\/i0.wp.com\/zeromagazine.mx\/wp-content\/uploads\/2025\/06\/IMG_4516-scaled.jpeg?resize=1152%2C2048&amp;ssl=1 1152w\" sizes=\"(max-width: 1165px) 100vw, 1165px\" \/><figcaption class=\"wp-element-caption\">Body: Angel Grave para Colectivo Creativo de Moda<\/figcaption><\/figure>\n\n\n\n<p><strong>\u00bfQu\u00e9 tan complicado es encontrar pareja a esta edad?<\/strong><\/p>\n\n\n\n<p>Creo que s\u00ed es m\u00e1s complicado. Cuando te haces m\u00e1s grande toleras menos. Ya tienes tus tiempos, tu espacio. De joven aceptas muchas cosas que hoy ya no. Adem\u00e1s, crecimos con esta idea del amor rom\u00e1ntico de telenovela, y eso no aplica del todo en la vida real, menos en la comunidad. Somos personas heridas y aunque estemos en terapia, muchas veces reaccionamos desde esas heridas. Por eso primero hay que amarse uno mismo.<\/p>\n\n\n\n<p><strong>\u00bfHoy te sientes una persona plena?<\/strong><\/p>\n\n\n\n<p>S\u00ed. Pero s\u00e9 que no es algo permanente. La plenitud viene y va. No hay que vivir en el pasado ni en el futuro, sino en el presente. Agradecer lo que tienes y aceptar lo que no. Eso me lo ha ense\u00f1ado mucho la terapia.<\/p>\n\n\n\n<figure class=\"wp-block-image size-full\"><img data-recalc-dims=\"1\" decoding=\"async\" width=\"1165\" height=\"2073\" src=\"https:\/\/i0.wp.com\/zeromagazine.mx\/wp-content\/uploads\/2025\/06\/IMG_4510-scaled.jpeg?resize=1165%2C2073&#038;ssl=1\" alt=\"\" class=\"wp-image-106206\" srcset=\"https:\/\/i0.wp.com\/zeromagazine.mx\/wp-content\/uploads\/2025\/06\/IMG_4510-scaled.jpeg?w=1439&amp;ssl=1 1439w, https:\/\/i0.wp.com\/zeromagazine.mx\/wp-content\/uploads\/2025\/06\/IMG_4510-scaled.jpeg?resize=169%2C300&amp;ssl=1 169w, https:\/\/i0.wp.com\/zeromagazine.mx\/wp-content\/uploads\/2025\/06\/IMG_4510-scaled.jpeg?resize=576%2C1024&amp;ssl=1 576w, https:\/\/i0.wp.com\/zeromagazine.mx\/wp-content\/uploads\/2025\/06\/IMG_4510-scaled.jpeg?resize=768%2C1366&amp;ssl=1 768w, https:\/\/i0.wp.com\/zeromagazine.mx\/wp-content\/uploads\/2025\/06\/IMG_4510-scaled.jpeg?resize=864%2C1536&amp;ssl=1 864w, https:\/\/i0.wp.com\/zeromagazine.mx\/wp-content\/uploads\/2025\/06\/IMG_4510-scaled.jpeg?resize=1152%2C2048&amp;ssl=1 1152w\" sizes=\"(max-width: 1165px) 100vw, 1165px\" \/><figcaption class=\"wp-element-caption\">Saco: Farfalla x Ophelia Showroom \/ Pantl\u00f3n: x Ophelia Showroom \/ Calzado: SHEIN<\/figcaption><\/figure>\n\n\n\n<p><strong>Antes no aceptabas tantos papeles LGBT. \u00bfQu\u00e9 importancia le das ahora a estas historias?<\/strong><\/p>\n\n\n\n<p>Es fundamental la representaci\u00f3n. Por mucho tiempo, las historias LGBT eran tr\u00e1gicas. Hoy existen series como <em>Heartstopper<\/em>, que muestran una realidad distinta. Si yo hubiera visto algo as\u00ed de adolescente, me habr\u00eda sentido m\u00e1s en paz conmigo mismo. Y m\u00e1s ahora, que el mundo est\u00e1 girando hacia posturas conservadoras y extremas, es vital seguir contando nuestras historias y alzar la voz.<\/p>\n\n\n\n<p><strong>\u00bfCu\u00e1l es tu responsabilidad como actor en todo esto?<\/strong><\/p>\n\n\n\n<p>M\u00e1s que una responsabilidad, lo veo como una misi\u00f3n: interpretar personajes con un mensaje positivo. Ya sean LGBT o no, lo importante es que conecten conmigo. Tambi\u00e9n me interesa mantener un equilibrio y no encasillarme. Me gusta interpretar personajes heterosexuales de vez en cuando para no limitarme como actor.<\/p>\n\n\n\n<figure class=\"wp-block-image size-full\"><img data-recalc-dims=\"1\" decoding=\"async\" width=\"1165\" height=\"2047\" src=\"https:\/\/i0.wp.com\/zeromagazine.mx\/wp-content\/uploads\/2025\/06\/IMG_4512-scaled.jpeg?resize=1165%2C2047&#038;ssl=1\" alt=\"\" class=\"wp-image-106207\" srcset=\"https:\/\/i0.wp.com\/zeromagazine.mx\/wp-content\/uploads\/2025\/06\/IMG_4512-scaled.jpeg?w=1457&amp;ssl=1 1457w, https:\/\/i0.wp.com\/zeromagazine.mx\/wp-content\/uploads\/2025\/06\/IMG_4512-scaled.jpeg?resize=171%2C300&amp;ssl=1 171w, https:\/\/i0.wp.com\/zeromagazine.mx\/wp-content\/uploads\/2025\/06\/IMG_4512-scaled.jpeg?resize=583%2C1024&amp;ssl=1 583w, https:\/\/i0.wp.com\/zeromagazine.mx\/wp-content\/uploads\/2025\/06\/IMG_4512-scaled.jpeg?resize=768%2C1350&amp;ssl=1 768w, https:\/\/i0.wp.com\/zeromagazine.mx\/wp-content\/uploads\/2025\/06\/IMG_4512-scaled.jpeg?resize=874%2C1536&amp;ssl=1 874w, https:\/\/i0.wp.com\/zeromagazine.mx\/wp-content\/uploads\/2025\/06\/IMG_4512-scaled.jpeg?resize=1165%2C2048&amp;ssl=1 1165w\" sizes=\"(max-width: 1165px) 100vw, 1165px\" \/><figcaption class=\"wp-element-caption\">Top y Cintur\u00f3n: Dise\u00f1ados por el stylist \/ Pantal\u00f3n: Guillermo Jester x Colectivo Creativo de Moda<\/figcaption><\/figure>\n\n\n\n<p><strong>Christian \u00bfQu\u00e9 significa para ti el Pride?<\/strong><\/p>\n\n\n\n<p>Es recordar por qu\u00e9 luchamos. No solo es una fiesta, es una conmemoraci\u00f3n. Hay que recordar a quienes empezaron todo esto: nuestras hermanas trans, las primeras marchas, personas como Juan Jacobo Hern\u00e1ndez. Celebrar el Pride es un acto de memoria y resistencia.<\/p>\n\n\n\n<p><strong>\u00bfSientes que a veces se olvida su verdadero significado?<\/strong><\/p>\n\n\n\n<p>S\u00ed. A veces se convierte en una simple fiesta y se olvida la ra\u00edz pol\u00edtica. Sobre todo las nuevas generaciones, que nacieron con m\u00e1s apertura, deben saber que los derechos pueden perderse en cualquier momento. Por eso es importante recordar y seguir luchando.<\/p>\n\n\n\n<figure class=\"wp-block-image size-full\"><img data-recalc-dims=\"1\" decoding=\"async\" width=\"1165\" height=\"2073\" src=\"https:\/\/i0.wp.com\/zeromagazine.mx\/wp-content\/uploads\/2025\/06\/IMG_4706-scaled.jpeg?resize=1165%2C2073&#038;ssl=1\" alt=\"\" class=\"wp-image-106245\" srcset=\"https:\/\/i0.wp.com\/zeromagazine.mx\/wp-content\/uploads\/2025\/06\/IMG_4706-scaled.jpeg?w=1439&amp;ssl=1 1439w, https:\/\/i0.wp.com\/zeromagazine.mx\/wp-content\/uploads\/2025\/06\/IMG_4706-scaled.jpeg?resize=169%2C300&amp;ssl=1 169w, https:\/\/i0.wp.com\/zeromagazine.mx\/wp-content\/uploads\/2025\/06\/IMG_4706-scaled.jpeg?resize=576%2C1024&amp;ssl=1 576w, https:\/\/i0.wp.com\/zeromagazine.mx\/wp-content\/uploads\/2025\/06\/IMG_4706-scaled.jpeg?resize=768%2C1366&amp;ssl=1 768w, https:\/\/i0.wp.com\/zeromagazine.mx\/wp-content\/uploads\/2025\/06\/IMG_4706-scaled.jpeg?resize=864%2C1536&amp;ssl=1 864w, https:\/\/i0.wp.com\/zeromagazine.mx\/wp-content\/uploads\/2025\/06\/IMG_4706-scaled.jpeg?resize=1152%2C2048&amp;ssl=1 1152w\" sizes=\"(max-width: 1165px) 100vw, 1165px\" \/><figcaption class=\"wp-element-caption\">Corset: Monizen Creaciones \/ Pantal\u00f3n: Amnesia<\/figcaption><\/figure>\n\n\n\n<p><strong>\u00bfCrees que exista discriminaci\u00f3n dentro de la misma comunidad?<\/strong><\/p>\n\n\n\n<p>Definitivamente. Hay divisiones internas que tambi\u00e9n son peligrosas. Pensamos que si atacan a un sector \u2014como a las personas trans o a los m\u00e1s afeminados\u2014 no nos afecta a todos. Pero s\u00ed nos afecta. Nadie quiere volver a ser ciudadano de segunda.<\/p>\n\n\n\n<p><strong>\u00bfChristian hay algo que hoy disfrutes y antes no pod\u00edas?<\/strong><\/p>\n\n\n\n<p>S\u00ed. Poder vivir mi vida con libertad, aprender del lenguaje inclusivo, respetar y escuchar a las nuevas generaciones. Me gusta aprender de todas las expresiones dentro de nuestra comunidad.<\/p>\n\n\n\n<figure class=\"wp-block-image size-full is-resized\"><img data-recalc-dims=\"1\" decoding=\"async\" width=\"1165\" height=\"2073\" src=\"https:\/\/i0.wp.com\/zeromagazine.mx\/wp-content\/uploads\/2025\/06\/IMG_4715-scaled.jpeg?resize=1165%2C2073&#038;ssl=1\" alt=\"\" class=\"wp-image-106246\" style=\"width:840px;height:auto\" srcset=\"https:\/\/i0.wp.com\/zeromagazine.mx\/wp-content\/uploads\/2025\/06\/IMG_4715-scaled.jpeg?w=1439&amp;ssl=1 1439w, https:\/\/i0.wp.com\/zeromagazine.mx\/wp-content\/uploads\/2025\/06\/IMG_4715-scaled.jpeg?resize=169%2C300&amp;ssl=1 169w, https:\/\/i0.wp.com\/zeromagazine.mx\/wp-content\/uploads\/2025\/06\/IMG_4715-scaled.jpeg?resize=576%2C1024&amp;ssl=1 576w, https:\/\/i0.wp.com\/zeromagazine.mx\/wp-content\/uploads\/2025\/06\/IMG_4715-scaled.jpeg?resize=768%2C1366&amp;ssl=1 768w, https:\/\/i0.wp.com\/zeromagazine.mx\/wp-content\/uploads\/2025\/06\/IMG_4715-scaled.jpeg?resize=864%2C1536&amp;ssl=1 864w, https:\/\/i0.wp.com\/zeromagazine.mx\/wp-content\/uploads\/2025\/06\/IMG_4715-scaled.jpeg?resize=1152%2C2048&amp;ssl=1 1152w\" sizes=\"(max-width: 1165px) 100vw, 1165px\" \/><\/figure>\n\n\n\n<p><strong>\u00bfQu\u00e9 te parece lo m\u00e1s dif\u00edcil actualmente?<\/strong><\/p>\n\n\n\n<p>El lenguaje inclusivo. A veces me cuesta trabajo por costumbre, pero trato de ser honesto. Siempre aviso que estoy aprendiendo, que si me equivoco no es por ofender. Es parte del proceso.<\/p>\n\n\n\n<p><strong>\u00bfQu\u00e9 opinas de actores hetero interpretando personajes LGBT?<\/strong><\/p>\n\n\n\n<p>No me parece malo si hay un balance. Si una historia tiene dos protagonistas, uno podr\u00eda ser un aliado y otro alguien de la comunidad. Lo importante es no quitarle espacio a quienes han vivido esas historias en carne propia.<\/p>\n\n\n\n<figure class=\"wp-block-image size-full\"><img data-recalc-dims=\"1\" decoding=\"async\" width=\"1165\" height=\"2012\" src=\"https:\/\/i0.wp.com\/zeromagazine.mx\/wp-content\/uploads\/2025\/06\/IMG_4509-scaled.jpeg?resize=1165%2C2012&#038;ssl=1\" alt=\"\" class=\"wp-image-106247\" srcset=\"https:\/\/i0.wp.com\/zeromagazine.mx\/wp-content\/uploads\/2025\/06\/IMG_4509-scaled.jpeg?w=1482&amp;ssl=1 1482w, https:\/\/i0.wp.com\/zeromagazine.mx\/wp-content\/uploads\/2025\/06\/IMG_4509-scaled.jpeg?resize=174%2C300&amp;ssl=1 174w, https:\/\/i0.wp.com\/zeromagazine.mx\/wp-content\/uploads\/2025\/06\/IMG_4509-scaled.jpeg?resize=593%2C1024&amp;ssl=1 593w, https:\/\/i0.wp.com\/zeromagazine.mx\/wp-content\/uploads\/2025\/06\/IMG_4509-scaled.jpeg?resize=768%2C1327&amp;ssl=1 768w, https:\/\/i0.wp.com\/zeromagazine.mx\/wp-content\/uploads\/2025\/06\/IMG_4509-scaled.jpeg?resize=889%2C1536&amp;ssl=1 889w, https:\/\/i0.wp.com\/zeromagazine.mx\/wp-content\/uploads\/2025\/06\/IMG_4509-scaled.jpeg?resize=1185%2C2048&amp;ssl=1 1185w\" sizes=\"(max-width: 1165px) 100vw, 1165px\" \/><\/figure>\n\n\n\n<p><strong>\u00bfQu\u00e9 proyectos tienes actualmente?<\/strong><\/p>\n\n\n\n<p>Viene una serie llamada <em>Bodas<\/em>, una comedia sobre wedding planners que se transmitir\u00e1 por VIX. Mi personaje se llama Maximiliano, es el antagonista y est\u00e1 inspirado en varios planners de la vida real. Tambi\u00e9n estar\u00e9 en Sacramento recibiendo un reconocimiento del Caucus LGBT del estado de California, luego voy al Reclusorio Norte para celebrar el Pride con personas privadas de su libertad, y despu\u00e9s cantar\u00e9 en el Pride de Madrid.<\/p>\n\n\n\n<p><strong>\u00bfChristian Planeas sacar m\u00e1s m\u00fasica?<\/strong><\/p>\n\n\n\n<p>El 6 de mayo lanc\u00e9 un EP llamado <em>S\u00ed<\/em>, inspirado en una carta que me escrib\u00ed a m\u00ed mismo, al Cristian ni\u00f1o. Es un ejercicio terap\u00e9utico que convert\u00ed en canciones. Me ha ayudado a sanar muchas cosas.<\/p>\n\n\n\n<figure class=\"wp-block-image size-full\"><img data-recalc-dims=\"1\" decoding=\"async\" width=\"1165\" height=\"2073\" src=\"https:\/\/i0.wp.com\/zeromagazine.mx\/wp-content\/uploads\/2025\/06\/IMG_4722-scaled.jpeg?resize=1165%2C2073&#038;ssl=1\" alt=\"\" class=\"wp-image-106248\" srcset=\"https:\/\/i0.wp.com\/zeromagazine.mx\/wp-content\/uploads\/2025\/06\/IMG_4722-scaled.jpeg?w=1439&amp;ssl=1 1439w, https:\/\/i0.wp.com\/zeromagazine.mx\/wp-content\/uploads\/2025\/06\/IMG_4722-scaled.jpeg?resize=169%2C300&amp;ssl=1 169w, https:\/\/i0.wp.com\/zeromagazine.mx\/wp-content\/uploads\/2025\/06\/IMG_4722-scaled.jpeg?resize=576%2C1024&amp;ssl=1 576w, https:\/\/i0.wp.com\/zeromagazine.mx\/wp-content\/uploads\/2025\/06\/IMG_4722-scaled.jpeg?resize=768%2C1366&amp;ssl=1 768w, https:\/\/i0.wp.com\/zeromagazine.mx\/wp-content\/uploads\/2025\/06\/IMG_4722-scaled.jpeg?resize=864%2C1536&amp;ssl=1 864w, https:\/\/i0.wp.com\/zeromagazine.mx\/wp-content\/uploads\/2025\/06\/IMG_4722-scaled.jpeg?resize=1152%2C2048&amp;ssl=1 1152w\" sizes=\"(max-width: 1165px) 100vw, 1165px\" \/><\/figure>\n\n\n\n<p><strong>\u00bfSentiste que tu carrera cambi\u00f3 cuando saliste del cl\u00f3set?<\/strong><\/p>\n\n\n\n<p>Me sacaron del cl\u00f3set hace 18 a\u00f1os. Era otra \u00e9poca, mucho m\u00e1s violenta emocionalmente. Pero ya no quiero hacerme la v\u00edctima. Lo importante ahora es que ning\u00fan ni\u00f1e tenga que pasar por lo mismo. Que puedan crecer sabiendo que lo que sienten est\u00e1 bien.<\/p>\n\n\n\n<p><strong>\u00bfCrees que las nuevas generaciones tienen una madurez emocional distinta?<\/strong><\/p>\n\n\n\n<p>S\u00ed. Ellos vivieron una aceptaci\u00f3n m\u00e1s temprana, comenzaron sus vidas reales antes que nosotros. Pero tambi\u00e9n es cierto que muchas de nuestras heridas siguen ah\u00ed. Por eso debemos seguir trabajando en nosotros mismos y sanar.<\/p>\n\n\n\n<figure class=\"wp-block-image size-full\"><img data-recalc-dims=\"1\" decoding=\"async\" width=\"1165\" height=\"2075\" src=\"https:\/\/i0.wp.com\/zeromagazine.mx\/wp-content\/uploads\/2025\/06\/IMG_4707-scaled.jpeg?resize=1165%2C2075&#038;ssl=1\" alt=\"\" class=\"wp-image-106249\" srcset=\"https:\/\/i0.wp.com\/zeromagazine.mx\/wp-content\/uploads\/2025\/06\/IMG_4707-scaled.jpeg?w=1437&amp;ssl=1 1437w, https:\/\/i0.wp.com\/zeromagazine.mx\/wp-content\/uploads\/2025\/06\/IMG_4707-scaled.jpeg?resize=168%2C300&amp;ssl=1 168w, https:\/\/i0.wp.com\/zeromagazine.mx\/wp-content\/uploads\/2025\/06\/IMG_4707-scaled.jpeg?resize=575%2C1024&amp;ssl=1 575w, https:\/\/i0.wp.com\/zeromagazine.mx\/wp-content\/uploads\/2025\/06\/IMG_4707-scaled.jpeg?resize=768%2C1368&amp;ssl=1 768w, https:\/\/i0.wp.com\/zeromagazine.mx\/wp-content\/uploads\/2025\/06\/IMG_4707-scaled.jpeg?resize=862%2C1536&amp;ssl=1 862w, https:\/\/i0.wp.com\/zeromagazine.mx\/wp-content\/uploads\/2025\/06\/IMG_4707-scaled.jpeg?resize=1150%2C2048&amp;ssl=1 1150w\" sizes=\"(max-width: 1165px) 100vw, 1165px\" \/><\/figure>\n\n\n\n<p><strong>Christian \u00bfDe qu\u00e9 te sientes m\u00e1s orgulloso de ti?<\/strong><\/p>\n\n\n\n<p>De mi resiliencia. Me he ca\u00eddo muchas veces, pero me vuelvo a levantar. Busco todos los d\u00edas estar m\u00e1s cerca de mi mejor versi\u00f3n.<\/p>\n\n\n\n<p><strong>\u00bfQu\u00e9 mensaje le das a nuestra generaci\u00f3n y a las nuevas?<\/strong><\/p>\n\n\n\n<p>Que sean ustedes mismos. Que no duden de su valor, que no dejen de alzar la voz y que no olviden que la mejor venganza es ser felices.<\/p>\n\n\n\n<figure class=\"wp-block-image size-full\"><img data-recalc-dims=\"1\" decoding=\"async\" width=\"1165\" height=\"2073\" src=\"https:\/\/i0.wp.com\/zeromagazine.mx\/wp-content\/uploads\/2025\/06\/IMG_4708-scaled.jpeg?resize=1165%2C2073&#038;ssl=1\" alt=\"\" class=\"wp-image-106250\" srcset=\"https:\/\/i0.wp.com\/zeromagazine.mx\/wp-content\/uploads\/2025\/06\/IMG_4708-scaled.jpeg?w=1439&amp;ssl=1 1439w, https:\/\/i0.wp.com\/zeromagazine.mx\/wp-content\/uploads\/2025\/06\/IMG_4708-scaled.jpeg?resize=169%2C300&amp;ssl=1 169w, https:\/\/i0.wp.com\/zeromagazine.mx\/wp-content\/uploads\/2025\/06\/IMG_4708-scaled.jpeg?resize=576%2C1024&amp;ssl=1 576w, https:\/\/i0.wp.com\/zeromagazine.mx\/wp-content\/uploads\/2025\/06\/IMG_4708-scaled.jpeg?resize=768%2C1366&amp;ssl=1 768w, https:\/\/i0.wp.com\/zeromagazine.mx\/wp-content\/uploads\/2025\/06\/IMG_4708-scaled.jpeg?resize=864%2C1536&amp;ssl=1 864w, https:\/\/i0.wp.com\/zeromagazine.mx\/wp-content\/uploads\/2025\/06\/IMG_4708-scaled.jpeg?resize=1152%2C2048&amp;ssl=1 1152w\" sizes=\"(max-width: 1165px) 100vw, 1165px\" \/><\/figure>\n\n\n\n<p><strong>Un legado que trasciende<\/strong><\/p>\n\n\n\n<p>Christian no solo ha resistido; ha florecido. Su voz no se limita al escenario ni a la pantalla, sino que resuena en los corazones de quienes han tenido que esconderse, callarse o adaptarse. \u00c9l es la prueba viva de que la libertad es posible y de que el orgullo, m\u00e1s all\u00e1 de una fecha, es una forma de habitar el mundo. En tiempos donde el amor propio puede ser un acto revolucionario, Christian Ch\u00e1vez se ha convertido en un estandarte que nos recuerda que nunca es tarde para empezar a sanar.<\/p>","protected":false},"excerpt":{"rendered":"<p>ma con Rebelde y RBD, ha sido una figura que ha sabido crecer frente al ojo p\u00fablico, navegando entre los reflectores de la m\u00fasica y la actuaci\u00f3n, pero tambi\u00e9n entre los desaf\u00edos de una sociedad que no siempre ha sabido aceptar lo diferente. Su proceso no ha sido f\u00e1cil: fue sacado del cl\u00f3set en un [&hellip;]<\/p>\n","protected":false},"author":4,"featured_media":106204,"comment_status":"open","ping_status":"open","sticky":false,"template":"","format":"standard","meta":{"_jetpack_memberships_contains_paid_content":false,"footnotes":"","jetpack_publicize_message":"","jetpack_publicize_feature_enabled":true,"jetpack_social_post_already_shared":true,"jetpack_social_options":{"image_generator_settings":{"template":"highway","default_image_id":0,"font":"","enabled":false},"version":2}},"categories":[98],"tags":[],"class_list":["post-106202","post","type-post","status-publish","format-standard","has-post-thumbnail","hentry","category-portada","has-post-title","has-post-date","has-post-category","has-post-tag","has-post-comment","has-post-author",""],"yoast_head":"<!-- This site is optimized with the Yoast SEO plugin v27.5 - https:\/\/yoast.com\/product\/yoast-seo-wordpress\/ -->\n<title>Christian Ch\u00e1vez: Ser feliz es un acto de resistencia - Zero Magazine<\/title>\n<meta name=\"description\" content=\"Christian Ch\u00e1vez habla con el coraz\u00f3n sobre amor propio, orgullo LGBT+, sanaci\u00f3n y nuevos proyectos. Una entrevista \u00edntima e inspiradora.\" \/>\n<meta name=\"robots\" content=\"index, follow, max-snippet:-1, max-image-preview:large, max-video-preview:-1\" \/>\n<link rel=\"canonical\" href=\"https:\/\/zeromagazine.mx\/index.php\/2025\/06\/24\/christian-chavez-orgullo-resiliencia-entrevista-zero\/\" \/>\n<meta property=\"og:locale\" content=\"es_ES\" \/>\n<meta property=\"og:type\" content=\"article\" \/>\n<meta property=\"og:title\" content=\"Christian Ch\u00e1vez: Ser feliz es un acto de resistencia - Zero Magazine\" \/>\n<meta property=\"og:description\" content=\"Christian Ch\u00e1vez habla con el coraz\u00f3n sobre amor propio, orgullo LGBT+, sanaci\u00f3n y nuevos proyectos. Una entrevista \u00edntima e inspiradora.\" \/>\n<meta property=\"og:url\" content=\"https:\/\/zeromagazine.mx\/index.php\/2025\/06\/24\/christian-chavez-orgullo-resiliencia-entrevista-zero\/\" \/>\n<meta property=\"og:site_name\" content=\"Zero Magazine\" \/>\n<meta property=\"article:published_time\" content=\"2025-06-24T21:48:45+00:00\" \/>\n<meta property=\"article:modified_time\" content=\"2025-06-24T21:48:47+00:00\" \/>\n<meta property=\"og:image\" content=\"http:\/\/zeromagazine.mx\/wp-content\/uploads\/2025\/06\/IMG_4513-scaled.jpeg\" \/>\n\t<meta property=\"og:image:width\" content=\"1978\" \/>\n\t<meta property=\"og:image:height\" content=\"2560\" \/>\n\t<meta property=\"og:image:type\" content=\"image\/jpeg\" \/>\n<meta name=\"author\" content=\"David Morales\" \/>\n<meta name=\"twitter:card\" content=\"summary_large_image\" \/>\n<meta name=\"twitter:label1\" content=\"Escrito por\" \/>\n\t<meta name=\"twitter:data1\" content=\"David Morales\" \/>\n\t<meta name=\"twitter:label2\" content=\"Tiempo de lectura\" \/>\n\t<meta name=\"twitter:data2\" content=\"8 minutos\" \/>\n<script type=\"application\/ld+json\" class=\"yoast-schema-graph\">{\"@context\":\"https:\\\/\\\/schema.org\",\"@graph\":[{\"@type\":\"Article\",\"@id\":\"https:\\\/\\\/zeromagazine.mx\\\/index.php\\\/2025\\\/06\\\/24\\\/christian-chavez-orgullo-resiliencia-entrevista-zero\\\/#article\",\"isPartOf\":{\"@id\":\"https:\\\/\\\/zeromagazine.mx\\\/index.php\\\/2025\\\/06\\\/24\\\/christian-chavez-orgullo-resiliencia-entrevista-zero\\\/\"},\"author\":{\"name\":\"David Morales\",\"@id\":\"https:\\\/\\\/zeromagazine.mx\\\/#\\\/schema\\\/person\\\/9f7f1a17c60ba8e9980e3e6677aabe5a\"},\"headline\":\"Christian Ch\u00e1vez: Ser feliz es un acto de resistencia\",\"datePublished\":\"2025-06-24T21:48:45+00:00\",\"dateModified\":\"2025-06-24T21:48:47+00:00\",\"mainEntityOfPage\":{\"@id\":\"https:\\\/\\\/zeromagazine.mx\\\/index.php\\\/2025\\\/06\\\/24\\\/christian-chavez-orgullo-resiliencia-entrevista-zero\\\/\"},\"wordCount\":1329,\"commentCount\":0,\"publisher\":{\"@id\":\"https:\\\/\\\/zeromagazine.mx\\\/#organization\"},\"image\":{\"@id\":\"https:\\\/\\\/zeromagazine.mx\\\/index.php\\\/2025\\\/06\\\/24\\\/christian-chavez-orgullo-resiliencia-entrevista-zero\\\/#primaryimage\"},\"thumbnailUrl\":\"https:\\\/\\\/i0.wp.com\\\/zeromagazine.mx\\\/wp-content\\\/uploads\\\/2025\\\/06\\\/IMG_4513-scaled.jpeg?fit=1978%2C2560&ssl=1\",\"articleSection\":[\"Portada\"],\"inLanguage\":\"es\",\"potentialAction\":[{\"@type\":\"CommentAction\",\"name\":\"Comment\",\"target\":[\"https:\\\/\\\/zeromagazine.mx\\\/index.php\\\/2025\\\/06\\\/24\\\/christian-chavez-orgullo-resiliencia-entrevista-zero\\\/#respond\"]}]},{\"@type\":\"WebPage\",\"@id\":\"https:\\\/\\\/zeromagazine.mx\\\/index.php\\\/2025\\\/06\\\/24\\\/christian-chavez-orgullo-resiliencia-entrevista-zero\\\/\",\"url\":\"https:\\\/\\\/zeromagazine.mx\\\/index.php\\\/2025\\\/06\\\/24\\\/christian-chavez-orgullo-resiliencia-entrevista-zero\\\/\",\"name\":\"Christian Ch\u00e1vez: Ser feliz es un acto de resistencia - Zero Magazine\",\"isPartOf\":{\"@id\":\"https:\\\/\\\/zeromagazine.mx\\\/#website\"},\"primaryImageOfPage\":{\"@id\":\"https:\\\/\\\/zeromagazine.mx\\\/index.php\\\/2025\\\/06\\\/24\\\/christian-chavez-orgullo-resiliencia-entrevista-zero\\\/#primaryimage\"},\"image\":{\"@id\":\"https:\\\/\\\/zeromagazine.mx\\\/index.php\\\/2025\\\/06\\\/24\\\/christian-chavez-orgullo-resiliencia-entrevista-zero\\\/#primaryimage\"},\"thumbnailUrl\":\"https:\\\/\\\/i0.wp.com\\\/zeromagazine.mx\\\/wp-content\\\/uploads\\\/2025\\\/06\\\/IMG_4513-scaled.jpeg?fit=1978%2C2560&ssl=1\",\"datePublished\":\"2025-06-24T21:48:45+00:00\",\"dateModified\":\"2025-06-24T21:48:47+00:00\",\"description\":\"Christian Ch\u00e1vez habla con el coraz\u00f3n sobre amor propio, orgullo LGBT+, sanaci\u00f3n y nuevos proyectos. Una entrevista \u00edntima e inspiradora.\",\"breadcrumb\":{\"@id\":\"https:\\\/\\\/zeromagazine.mx\\\/index.php\\\/2025\\\/06\\\/24\\\/christian-chavez-orgullo-resiliencia-entrevista-zero\\\/#breadcrumb\"},\"inLanguage\":\"es\",\"potentialAction\":[{\"@type\":\"ReadAction\",\"target\":[\"https:\\\/\\\/zeromagazine.mx\\\/index.php\\\/2025\\\/06\\\/24\\\/christian-chavez-orgullo-resiliencia-entrevista-zero\\\/\"]}]},{\"@type\":\"ImageObject\",\"inLanguage\":\"es\",\"@id\":\"https:\\\/\\\/zeromagazine.mx\\\/index.php\\\/2025\\\/06\\\/24\\\/christian-chavez-orgullo-resiliencia-entrevista-zero\\\/#primaryimage\",\"url\":\"https:\\\/\\\/i0.wp.com\\\/zeromagazine.mx\\\/wp-content\\\/uploads\\\/2025\\\/06\\\/IMG_4513-scaled.jpeg?fit=1978%2C2560&ssl=1\",\"contentUrl\":\"https:\\\/\\\/i0.wp.com\\\/zeromagazine.mx\\\/wp-content\\\/uploads\\\/2025\\\/06\\\/IMG_4513-scaled.jpeg?fit=1978%2C2560&ssl=1\",\"width\":1978,\"height\":2560},{\"@type\":\"BreadcrumbList\",\"@id\":\"https:\\\/\\\/zeromagazine.mx\\\/index.php\\\/2025\\\/06\\\/24\\\/christian-chavez-orgullo-resiliencia-entrevista-zero\\\/#breadcrumb\",\"itemListElement\":[{\"@type\":\"ListItem\",\"position\":1,\"name\":\"Portada\",\"item\":\"https:\\\/\\\/zeromagazine.mx\\\/\"},{\"@type\":\"ListItem\",\"position\":2,\"name\":\"Christian Ch\u00e1vez: Ser feliz es un acto de resistencia\"}]},{\"@type\":\"WebSite\",\"@id\":\"https:\\\/\\\/zeromagazine.mx\\\/#website\",\"url\":\"https:\\\/\\\/zeromagazine.mx\\\/\",\"name\":\"Zero Magazine\",\"description\":\"\",\"publisher\":{\"@id\":\"https:\\\/\\\/zeromagazine.mx\\\/#organization\"},\"potentialAction\":[{\"@type\":\"SearchAction\",\"target\":{\"@type\":\"EntryPoint\",\"urlTemplate\":\"https:\\\/\\\/zeromagazine.mx\\\/?s={search_term_string}\"},\"query-input\":{\"@type\":\"PropertyValueSpecification\",\"valueRequired\":true,\"valueName\":\"search_term_string\"}}],\"inLanguage\":\"es\"},{\"@type\":\"Organization\",\"@id\":\"https:\\\/\\\/zeromagazine.mx\\\/#organization\",\"name\":\"Zero Magazine\",\"url\":\"https:\\\/\\\/zeromagazine.mx\\\/\",\"logo\":{\"@type\":\"ImageObject\",\"inLanguage\":\"es\",\"@id\":\"https:\\\/\\\/zeromagazine.mx\\\/#\\\/schema\\\/logo\\\/image\\\/\",\"url\":\"https:\\\/\\\/i0.wp.com\\\/zeromagazine.mx\\\/wp-content\\\/uploads\\\/2025\\\/11\\\/1.jpeg?fit=1000%2C1000&ssl=1\",\"contentUrl\":\"https:\\\/\\\/i0.wp.com\\\/zeromagazine.mx\\\/wp-content\\\/uploads\\\/2025\\\/11\\\/1.jpeg?fit=1000%2C1000&ssl=1\",\"width\":1000,\"height\":1000,\"caption\":\"Zero Magazine\"},\"image\":{\"@id\":\"https:\\\/\\\/zeromagazine.mx\\\/#\\\/schema\\\/logo\\\/image\\\/\"},\"sameAs\":[\"https:\\\/\\\/instagram.com\\\/zeromagazinemx\"]},{\"@type\":\"Person\",\"@id\":\"https:\\\/\\\/zeromagazine.mx\\\/#\\\/schema\\\/person\\\/9f7f1a17c60ba8e9980e3e6677aabe5a\",\"name\":\"David Morales\",\"image\":{\"@type\":\"ImageObject\",\"inLanguage\":\"es\",\"@id\":\"https:\\\/\\\/zeromagazine.mx\\\/wp-content\\\/litespeed\\\/avatar\\\/76069d2136bfc1c37dc34815bb67ca42.jpg?ver=1777571067\",\"url\":\"https:\\\/\\\/zeromagazine.mx\\\/wp-content\\\/litespeed\\\/avatar\\\/76069d2136bfc1c37dc34815bb67ca42.jpg?ver=1777571067\",\"contentUrl\":\"https:\\\/\\\/zeromagazine.mx\\\/wp-content\\\/litespeed\\\/avatar\\\/76069d2136bfc1c37dc34815bb67ca42.jpg?ver=1777571067\",\"caption\":\"David Morales\"},\"url\":\"https:\\\/\\\/zeromagazine.mx\\\/index.php\\\/author\\\/david\\\/\"}]}<\/script>\n<!-- \/ Yoast SEO plugin. -->","yoast_head_json":{"title":"Christian Ch\u00e1vez: Ser feliz es un acto de resistencia - Zero Magazine","description":"Christian Ch\u00e1vez habla con el coraz\u00f3n sobre amor propio, orgullo LGBT+, sanaci\u00f3n y nuevos proyectos. Una entrevista \u00edntima e inspiradora.","robots":{"index":"index","follow":"follow","max-snippet":"max-snippet:-1","max-image-preview":"max-image-preview:large","max-video-preview":"max-video-preview:-1"},"canonical":"https:\/\/zeromagazine.mx\/index.php\/2025\/06\/24\/christian-chavez-orgullo-resiliencia-entrevista-zero\/","og_locale":"es_ES","og_type":"article","og_title":"Christian Ch\u00e1vez: Ser feliz es un acto de resistencia - Zero Magazine","og_description":"Christian Ch\u00e1vez habla con el coraz\u00f3n sobre amor propio, orgullo LGBT+, sanaci\u00f3n y nuevos proyectos. Una entrevista \u00edntima e inspiradora.","og_url":"https:\/\/zeromagazine.mx\/index.php\/2025\/06\/24\/christian-chavez-orgullo-resiliencia-entrevista-zero\/","og_site_name":"Zero Magazine","article_published_time":"2025-06-24T21:48:45+00:00","article_modified_time":"2025-06-24T21:48:47+00:00","og_image":[{"width":1978,"height":2560,"url":"http:\/\/zeromagazine.mx\/wp-content\/uploads\/2025\/06\/IMG_4513-scaled.jpeg","type":"image\/jpeg"}],"author":"David Morales","twitter_card":"summary_large_image","twitter_misc":{"Escrito por":"David Morales","Tiempo de lectura":"8 minutos"},"schema":{"@context":"https:\/\/schema.org","@graph":[{"@type":"Article","@id":"https:\/\/zeromagazine.mx\/index.php\/2025\/06\/24\/christian-chavez-orgullo-resiliencia-entrevista-zero\/#article","isPartOf":{"@id":"https:\/\/zeromagazine.mx\/index.php\/2025\/06\/24\/christian-chavez-orgullo-resiliencia-entrevista-zero\/"},"author":{"name":"David Morales","@id":"https:\/\/zeromagazine.mx\/#\/schema\/person\/9f7f1a17c60ba8e9980e3e6677aabe5a"},"headline":"Christian Ch\u00e1vez: Ser feliz es un acto de resistencia","datePublished":"2025-06-24T21:48:45+00:00","dateModified":"2025-06-24T21:48:47+00:00","mainEntityOfPage":{"@id":"https:\/\/zeromagazine.mx\/index.php\/2025\/06\/24\/christian-chavez-orgullo-resiliencia-entrevista-zero\/"},"wordCount":1329,"commentCount":0,"publisher":{"@id":"https:\/\/zeromagazine.mx\/#organization"},"image":{"@id":"https:\/\/zeromagazine.mx\/index.php\/2025\/06\/24\/christian-chavez-orgullo-resiliencia-entrevista-zero\/#primaryimage"},"thumbnailUrl":"https:\/\/i0.wp.com\/zeromagazine.mx\/wp-content\/uploads\/2025\/06\/IMG_4513-scaled.jpeg?fit=1978%2C2560&ssl=1","articleSection":["Portada"],"inLanguage":"es","potentialAction":[{"@type":"CommentAction","name":"Comment","target":["https:\/\/zeromagazine.mx\/index.php\/2025\/06\/24\/christian-chavez-orgullo-resiliencia-entrevista-zero\/#respond"]}]},{"@type":"WebPage","@id":"https:\/\/zeromagazine.mx\/index.php\/2025\/06\/24\/christian-chavez-orgullo-resiliencia-entrevista-zero\/","url":"https:\/\/zeromagazine.mx\/index.php\/2025\/06\/24\/christian-chavez-orgullo-resiliencia-entrevista-zero\/","name":"Christian Ch\u00e1vez: Ser feliz es un acto de resistencia - Zero Magazine","isPartOf":{"@id":"https:\/\/zeromagazine.mx\/#website"},"primaryImageOfPage":{"@id":"https:\/\/zeromagazine.mx\/index.php\/2025\/06\/24\/christian-chavez-orgullo-resiliencia-entrevista-zero\/#primaryimage"},"image":{"@id":"https:\/\/zeromagazine.mx\/index.php\/2025\/06\/24\/christian-chavez-orgullo-resiliencia-entrevista-zero\/#primaryimage"},"thumbnailUrl":"https:\/\/i0.wp.com\/zeromagazine.mx\/wp-content\/uploads\/2025\/06\/IMG_4513-scaled.jpeg?fit=1978%2C2560&ssl=1","datePublished":"2025-06-24T21:48:45+00:00","dateModified":"2025-06-24T21:48:47+00:00","description":"Christian Ch\u00e1vez habla con el coraz\u00f3n sobre amor propio, orgullo LGBT+, sanaci\u00f3n y nuevos proyectos. Una entrevista \u00edntima e inspiradora.","breadcrumb":{"@id":"https:\/\/zeromagazine.mx\/index.php\/2025\/06\/24\/christian-chavez-orgullo-resiliencia-entrevista-zero\/#breadcrumb"},"inLanguage":"es","potentialAction":[{"@type":"ReadAction","target":["https:\/\/zeromagazine.mx\/index.php\/2025\/06\/24\/christian-chavez-orgullo-resiliencia-entrevista-zero\/"]}]},{"@type":"ImageObject","inLanguage":"es","@id":"https:\/\/zeromagazine.mx\/index.php\/2025\/06\/24\/christian-chavez-orgullo-resiliencia-entrevista-zero\/#primaryimage","url":"https:\/\/i0.wp.com\/zeromagazine.mx\/wp-content\/uploads\/2025\/06\/IMG_4513-scaled.jpeg?fit=1978%2C2560&ssl=1","contentUrl":"https:\/\/i0.wp.com\/zeromagazine.mx\/wp-content\/uploads\/2025\/06\/IMG_4513-scaled.jpeg?fit=1978%2C2560&ssl=1","width":1978,"height":2560},{"@type":"BreadcrumbList","@id":"https:\/\/zeromagazine.mx\/index.php\/2025\/06\/24\/christian-chavez-orgullo-resiliencia-entrevista-zero\/#breadcrumb","itemListElement":[{"@type":"ListItem","position":1,"name":"Portada","item":"https:\/\/zeromagazine.mx\/"},{"@type":"ListItem","position":2,"name":"Christian Ch\u00e1vez: Ser feliz es un acto de resistencia"}]},{"@type":"WebSite","@id":"https:\/\/zeromagazine.mx\/#website","url":"https:\/\/zeromagazine.mx\/","name":"Zero Magazine","description":"","publisher":{"@id":"https:\/\/zeromagazine.mx\/#organization"},"potentialAction":[{"@type":"SearchAction","target":{"@type":"EntryPoint","urlTemplate":"https:\/\/zeromagazine.mx\/?s={search_term_string}"},"query-input":{"@type":"PropertyValueSpecification","valueRequired":true,"valueName":"search_term_string"}}],"inLanguage":"es"},{"@type":"Organization","@id":"https:\/\/zeromagazine.mx\/#organization","name":"Zero Magazine","url":"https:\/\/zeromagazine.mx\/","logo":{"@type":"ImageObject","inLanguage":"es","@id":"https:\/\/zeromagazine.mx\/#\/schema\/logo\/image\/","url":"https:\/\/i0.wp.com\/zeromagazine.mx\/wp-content\/uploads\/2025\/11\/1.jpeg?fit=1000%2C1000&ssl=1","contentUrl":"https:\/\/i0.wp.com\/zeromagazine.mx\/wp-content\/uploads\/2025\/11\/1.jpeg?fit=1000%2C1000&ssl=1","width":1000,"height":1000,"caption":"Zero Magazine"},"image":{"@id":"https:\/\/zeromagazine.mx\/#\/schema\/logo\/image\/"},"sameAs":["https:\/\/instagram.com\/zeromagazinemx"]},{"@type":"Person","@id":"https:\/\/zeromagazine.mx\/#\/schema\/person\/9f7f1a17c60ba8e9980e3e6677aabe5a","name":"David Morales","image":{"@type":"ImageObject","inLanguage":"es","@id":"https:\/\/zeromagazine.mx\/wp-content\/litespeed\/avatar\/76069d2136bfc1c37dc34815bb67ca42.jpg?ver=1777571067","url":"https:\/\/zeromagazine.mx\/wp-content\/litespeed\/avatar\/76069d2136bfc1c37dc34815bb67ca42.jpg?ver=1777571067","contentUrl":"https:\/\/zeromagazine.mx\/wp-content\/litespeed\/avatar\/76069d2136bfc1c37dc34815bb67ca42.jpg?ver=1777571067","caption":"David Morales"},"url":"https:\/\/zeromagazine.mx\/index.php\/author\/david\/"}]}},"jetpack_publicize_connections":[],"jetpack_featured_media_url":"https:\/\/i0.wp.com\/zeromagazine.mx\/wp-content\/uploads\/2025\/06\/IMG_4513-scaled.jpeg?fit=1978%2C2560&ssl=1","jetpack-related-posts":[{"id":58342,"url":"https:\/\/zeromagazine.mx\/index.php\/2021\/11\/16\/christian-ramos-y-su-gran-trayectoria-actoral\/","url_meta":{"origin":106202,"position":0},"title":"Christian Ramos y su gran trayectoria actoral","author":"zeromagazinemx","date":"16 de noviembre de 2021","format":false,"excerpt":"Christian Ramos, actor y triatleta. Naci\u00f3 en Guadalajara, Jalisco, estudi\u00f3 la carrera de Ciencias de la Comunicaci\u00f3n y a la par estuvo en distintos talleres de actuaci\u00f3n, los cuales le permitieron incursionar en el mundo actoral y sobre todo cumplir uno de sus m\u00e1s grandes sue\u00f1os; oficialmente iniciando su carrera\u2026","rel":"","context":"En \u00abEntretenimiento\u00bb","block_context":{"text":"Entretenimiento","link":"https:\/\/zeromagazine.mx\/index.php\/category\/entretenimiento\/"},"img":{"alt_text":"","src":"","width":0,"height":0},"classes":[]},{"id":50747,"url":"https:\/\/zeromagazine.mx\/index.php\/2021\/07\/23\/entrevista-a-hiroshi-arikado\/","url_meta":{"origin":106202,"position":1},"title":"Entrevista a Hiroshi Arikado","author":"zeromagazinemx","date":"23 de julio de 2021","format":false,"excerpt":"Hiroshi Arikado, cantante, actor, modelo, conductor, compositor e influencer\u00a0Mexicano originario de Chihuahua,\u00a0de seguro lo recuerdas por su participaci\u00f3n en la primera edici\u00f3n del reality Peque\u00f1os Gigantes en 2011 donde obtuvo el segundo lugar y el cari\u00f1o del p\u00fablico por su carisma y gran talento, igualmente Hiroshi\u00a0ha tenido grandes giras y\u2026","rel":"","context":"En \u00abEntretenimiento\u00bb","block_context":{"text":"Entretenimiento","link":"https:\/\/zeromagazine.mx\/index.php\/category\/entretenimiento\/"},"img":{"alt_text":"","src":"https:\/\/i0.wp.com\/zeromagazinemx.wpcomstaging.com\/wp-content\/uploads\/2022\/02\/fbd94-logo_hiroshi_arikado-1.png?resize=350%2C200&ssl=1","width":350,"height":200},"classes":[]},{"id":79758,"url":"https:\/\/zeromagazine.mx\/index.php\/2024\/06\/29\/christian-chavez-y-su-impactante-documental\/","url_meta":{"origin":106202,"position":2},"title":"Christian Ch\u00e1vez y su Impactante Documental","author":"zeromagazinemx","date":"29 de junio de 2024","format":false,"excerpt":"\u00bfYa escucharon del evento s\u00faper exclusivo donde Christian Ch\u00e1vez lanz\u00f3 el cartel de su nuevo documental \"Puto\"? \u00a1Fue una noche que marc\u00f3 historia en la comunidad LGBTIQ+! Aqu\u00ed te cuento todos los detalles. Para empezar, la galer\u00eda de fotos de David Lachapelle fue el escenario perfecto para esta presentaci\u00f3n organizada\u2026","rel":"","context":"En \u00abBlog\u00bb","block_context":{"text":"Blog","link":"https:\/\/zeromagazine.mx\/index.php\/category\/blog\/"},"img":{"alt_text":"","src":"https:\/\/i0.wp.com\/zeromagazine.mx\/wp-content\/uploads\/2024\/06\/LJcTQHkG-scaled.jpeg?fit=800%2C1200&ssl=1&resize=350%2C200","width":350,"height":200,"srcset":"https:\/\/i0.wp.com\/zeromagazine.mx\/wp-content\/uploads\/2024\/06\/LJcTQHkG-scaled.jpeg?fit=800%2C1200&ssl=1&resize=350%2C200 1x, https:\/\/i0.wp.com\/zeromagazine.mx\/wp-content\/uploads\/2024\/06\/LJcTQHkG-scaled.jpeg?fit=800%2C1200&ssl=1&resize=525%2C300 1.5x, https:\/\/i0.wp.com\/zeromagazine.mx\/wp-content\/uploads\/2024\/06\/LJcTQHkG-scaled.jpeg?fit=800%2C1200&ssl=1&resize=700%2C400 2x"},"classes":[]},{"id":51242,"url":"https:\/\/zeromagazine.mx\/index.php\/2021\/07\/31\/elsa-ortiz-y-los-proyectos-que-han-marcado-su-carrera-artistica-como-actriz\/","url_meta":{"origin":106202,"position":3},"title":"Elsa Ortiz y los proyectos que han marcado su carrera art\u00edstica como actriz","author":"zeromagazinemx","date":"31 de julio de 2021","format":false,"excerpt":"Ella es Elsa Ortiz, actriz Mexicana la cual recordamos por su participaci\u00f3n en distintos proyectos fabulosos como Las Malcriadas, La fiscal de hierro, La Do\u00f1a y ahora la podremos ver en la serie \u201c40 Y 20\u201d de Televisa y en la pel\u00edcula Guerra de Likes. Fot\u00f3grafo:\u00a0Daniel Garc\u00eda\u00a0(@heydaniel_garcia)Maquillaje: Hugo Qui\u00f1onesStyling:\u00a0David Morales\u2026","rel":"","context":"En \u00abEntrevistas\u00bb","block_context":{"text":"Entrevistas","link":"https:\/\/zeromagazine.mx\/index.php\/category\/entretenimiento\/entrevistas\/"},"img":{"alt_text":"","src":"https:\/\/i0.wp.com\/zeromagazinemx.wpcomstaging.com\/wp-content\/uploads\/2022\/02\/329ed-2-2.jpg-2-683x1024.jpg?resize=350%2C200&ssl=1","width":350,"height":200,"srcset":"https:\/\/i0.wp.com\/zeromagazinemx.wpcomstaging.com\/wp-content\/uploads\/2022\/02\/329ed-2-2.jpg-2-683x1024.jpg?resize=350%2C200&ssl=1 1x, https:\/\/i0.wp.com\/zeromagazinemx.wpcomstaging.com\/wp-content\/uploads\/2022\/02\/329ed-2-2.jpg-2-683x1024.jpg?resize=525%2C300&ssl=1 1.5x"},"classes":[]},{"id":52392,"url":"https:\/\/zeromagazine.mx\/index.php\/2021\/08\/18\/llega-el-nuevo-tenorio-comico-al-centro-cultural-teatro-1\/","url_meta":{"origin":106202,"position":4},"title":"Llega el Nuevo Tenorio C\u00f3mico al Centro Cultural Teatro 1","author":"zeromagazinemx","date":"18 de agosto de 2021","format":false,"excerpt":"El Nuevo Tenorio C\u00f3mico llega a los escenarios acompa\u00f1ado de una dosis perfecta de risas y carcajadas. Por Mayra Torres El Nuevo Tenorio C\u00f3mico llega al Centro Cultural Teatro 1, con uno de los elencos m\u00e1s importantes de M\u00e9xico encabezado por Los Mascabrothers, Ariel Miramontes, Maribel Guardia, Arath de la\u2026","rel":"","context":"En \u00abEntretenimiento\u00bb","block_context":{"text":"Entretenimiento","link":"https:\/\/zeromagazine.mx\/index.php\/category\/entretenimiento\/"},"img":{"alt_text":"","src":"","width":0,"height":0},"classes":[]},{"id":48172,"url":"https:\/\/zeromagazine.mx\/index.php\/2021\/06\/18\/mtv-revela-las-nominaciones-a-los-premios-mtv-miaw-2021\/","url_meta":{"origin":106202,"position":5},"title":"MTV revela las nominaciones a los premios MTV MIAW 2021","author":"zeromagazinemx","date":"18 de junio de 2021","format":false,"excerpt":"\u00a1Los premios MTV MIAW! est\u00e1n de regreso, aqu\u00ed te presentamos los nominados a la premiaci\u00f3n juvenil m\u00e1s importante de Latinoam\u00e9rica. Por Mayra Torres Los premios MTV MIAW es la celebraci\u00f3n m\u00e1s grande de la cultura pop en Latinoam\u00e9rica, donde los fans eligen a lo m\u00e1s hot y compartido del a\u00f1o\u2026","rel":"","context":"En \u00abEntretenimiento\u00bb","block_context":{"text":"Entretenimiento","link":"https:\/\/zeromagazine.mx\/index.php\/category\/entretenimiento\/"},"img":{"alt_text":"","src":"","width":0,"height":0},"classes":[]}],"jetpack_sharing_enabled":true,"builder_content":"","_links":{"self":[{"href":"https:\/\/zeromagazine.mx\/index.php\/wp-json\/wp\/v2\/posts\/106202","targetHints":{"allow":["GET"]}}],"collection":[{"href":"https:\/\/zeromagazine.mx\/index.php\/wp-json\/wp\/v2\/posts"}],"about":[{"href":"https:\/\/zeromagazine.mx\/index.php\/wp-json\/wp\/v2\/types\/post"}],"author":[{"embeddable":true,"href":"https:\/\/zeromagazine.mx\/index.php\/wp-json\/wp\/v2\/users\/4"}],"replies":[{"embeddable":true,"href":"https:\/\/zeromagazine.mx\/index.php\/wp-json\/wp\/v2\/comments?post=106202"}],"version-history":[{"count":3,"href":"https:\/\/zeromagazine.mx\/index.php\/wp-json\/wp\/v2\/posts\/106202\/revisions"}],"predecessor-version":[{"id":106251,"href":"https:\/\/zeromagazine.mx\/index.php\/wp-json\/wp\/v2\/posts\/106202\/revisions\/106251"}],"wp:featuredmedia":[{"embeddable":true,"href":"https:\/\/zeromagazine.mx\/index.php\/wp-json\/wp\/v2\/media\/106204"}],"wp:attachment":[{"href":"https:\/\/zeromagazine.mx\/index.php\/wp-json\/wp\/v2\/media?parent=106202"}],"wp:term":[{"taxonomy":"category","embeddable":true,"href":"https:\/\/zeromagazine.mx\/index.php\/wp-json\/wp\/v2\/categories?post=106202"},{"taxonomy":"post_tag","embeddable":true,"href":"https:\/\/zeromagazine.mx\/index.php\/wp-json\/wp\/v2\/tags?post=106202"}],"curies":[{"name":"wp","href":"https:\/\/api.w.org\/{rel}","templated":true}]}}