{"id":106216,"date":"2025-06-23T18:51:41","date_gmt":"2025-06-24T00:51:41","guid":{"rendered":"https:\/\/zeromagazine.mx\/?p=106216"},"modified":"2025-06-23T18:51:43","modified_gmt":"2025-06-24T00:51:43","slug":"alicia-jaziz-la-princesa-moderna-de-la-tiera-de-santa-agueda","status":"publish","type":"post","link":"https:\/\/zeromagazine.mx\/index.php\/2025\/06\/23\/alicia-jaziz-la-princesa-moderna-de-la-tiera-de-santa-agueda\/","title":{"rendered":"Alicia Jaziz, la princesa moderna de La Tiara de Santa \u00c1gueda"},"content":{"rendered":"<p>Alicia Jaziz regresa a la pantalla con un personaje que marca un giro refrescante en su carrera. Acostumbrada a papeles intensos y dram\u00e1ticos, esta vez interpreta a Luc\u00eda, una joven enamorada que vive su historia como en un cuento de hadas, ajena a la trama de intriga que la rodea. En esta entrevista, la actriz comparte c\u00f3mo fue darle vida a un personaje tan luminoso, los desaf\u00edos de moverse en la comedia rom\u00e1ntica y lo que signific\u00f3 para ella ponerse, literalmente, la corona en <em>Ladrones: La Tiara de Santa \u00c1gueda<\/em>.<\/p>\n\n\n\n<h2 class=\"wp-block-heading\">1. Alicia, interpretas a Luc\u00eda, una joven enamorada y aparentemente ingenua. \u00bfC\u00f3mo fue preparar un personaje que vive en una burbuja mientras a su alrededor se planea un robo millonario?<\/h2>\n\n\n\n<p>La actriz menciona que preferir\u00eda no definir a Luc\u00eda como ingenua, ya que su intenci\u00f3n fue darle una esencia completamente pura en lo que respecta al amor. El v\u00ednculo entre Luc\u00eda y Jaume, seg\u00fan explica, est\u00e1 cargado de luz, confianza y ternura, lo cual genera un fuerte contraste con el universo de los ladrones, que ella describe con un aire casi de cuento, como sacado de Disney. Alicia comparte que esta relaci\u00f3n tan ideal seguramente har\u00e1 que el p\u00fablico anhele una historia de amor como la suya. A\u00f1ade que, habiendo hecho principalmente personajes dram\u00e1ticos en su carrera, este cambio hacia un papel m\u00e1s rom\u00e1ntico ha sido muy gratificante.<\/p>\n\n\n\n<h2 class=\"wp-block-heading\">2. \u00bfQu\u00e9 elementos de Luc\u00eda te resultaron m\u00e1s desafiantes o diferentes a otros papeles que has interpretado?<\/h2>\n\n\n\n<p>Alicia menciona que el reto principal fue trabajar dentro del g\u00e9nero de la comedia rom\u00e1ntica, algo nuevo para ella. Afortunadamente, cuenta con entusiasmo que el equipo desde los guionistas hasta sus compa\u00f1eros de reparto fue incre\u00edble, lo que le permiti\u00f3 confiar plenamente en el proceso. Adem\u00e1s, destaca que le gusta mucho el estilo de trabajo de los espa\u00f1oles, aunque reconoce que fue un reto adaptarse a los c\u00f3digos del humor, diferentes a los de Latinoam\u00e9rica. Lo m\u00e1s desafiante, dice, fue lograr una interpretaci\u00f3n c\u00f3mica sin convertir al personaje en una caricatura. Tambi\u00e9n a\u00f1ade que el mantener una sonrisa constante durante toda la serie, incluso en situaciones complejas, fue tanto divertido como exigente.<\/p>\n\n\n\n<h2 class=\"wp-block-heading\">3. La historia se desarrolla en un lugar paradis\u00edaco pero lleno de tensi\u00f3n. \u00bfC\u00f3mo influy\u00f3 el entorno en tu interpretaci\u00f3n?<\/h2>\n\n\n\n<p>La actriz relata que, durante el rodaje en pleno verano en Madrid, sus compa\u00f1eros que interpretaban a los ladrones la pasaron peor, ya que grababan en espacios cerrados como b\u00fankeres. En cambio, a ella le toc\u00f3 filmar en Rep\u00fablica Dominicana, lo que describe como una experiencia sumamente divertida. Alicia menciona que el ambiente tan disfrutable y el gran equipo humano le permitieron entregarse por completo a su personaje.<\/p>\n\n\n\n<h2 class=\"wp-block-heading\">4. La serie combina acci\u00f3n, romance y thriller. \u00bfC\u00f3mo fue para ti moverte en ese cruce de g\u00e9neros?<\/h2>\n\n\n\n<p>Alicia explica que era como vivir dos historias paralelas: por un lado, el universo de la boda entre Luc\u00eda y Jaume; por otro, el plan de los ladrones para ejecutar el robo de la corona. Su personaje, enfatiza, nunca llega a enterarse del crimen. En cuanto a las escenas de acci\u00f3n, cuenta que hubo un proceso de ensayos muy detallado, especialmente para la secuencia del robo, la cual implicaba una coreograf\u00eda que disfrut\u00f3 mucho, ya que le encanta bailar.<\/p>\n\n\n\n<h2 class=\"wp-block-heading\">5. Luc\u00eda planea su boda so\u00f1ada sin saber que es parte de un golpe maestro. \u00bfC\u00f3mo se construye un personaje que ama con los ojos cerrados, sin que el p\u00fablico pierda empat\u00eda con ella?<\/h2>\n\n\n\n<p>La actriz se\u00f1ala que lo fundamental es construir al personaje desde la verdad. Cuando esa verdad est\u00e1 presente, dice, la empat\u00eda surge naturalmente. Crear a una Luc\u00eda tan amorosa fue, en parte, un regreso a ese romanticismo idealizado que muchas veces hemos dejado de lado. Resalta que la historia de amor que se cuenta en la serie es muy valiosa, porque presenta a una pareja so\u00f1ada y aut\u00e9ntica. Para ella, este proyecto rompi\u00f3 con lo convencional y le dio un toque m\u00e1gico a toda la producci\u00f3n.<\/p>\n\n\n\n<figure class=\"wp-block-gallery has-nested-images columns-default is-cropped wp-block-gallery-1 is-layout-flex wp-block-gallery-is-layout-flex\">\n<figure class=\"wp-block-image size-large\"><img data-recalc-dims=\"1\" decoding=\"async\" width=\"683\" height=\"1024\" data-id=\"106217\" src=\"https:\/\/i0.wp.com\/zeromagazine.mx\/wp-content\/uploads\/2025\/06\/Alicia-3-683x1024.jpeg?resize=683%2C1024&#038;ssl=1\" alt=\"\" class=\"wp-image-106217\" srcset=\"https:\/\/i0.wp.com\/zeromagazine.mx\/wp-content\/uploads\/2025\/06\/Alicia-3-scaled.jpeg?resize=683%2C1024&amp;ssl=1 683w, https:\/\/i0.wp.com\/zeromagazine.mx\/wp-content\/uploads\/2025\/06\/Alicia-3-scaled.jpeg?resize=200%2C300&amp;ssl=1 200w, https:\/\/i0.wp.com\/zeromagazine.mx\/wp-content\/uploads\/2025\/06\/Alicia-3-scaled.jpeg?resize=768%2C1152&amp;ssl=1 768w, https:\/\/i0.wp.com\/zeromagazine.mx\/wp-content\/uploads\/2025\/06\/Alicia-3-scaled.jpeg?resize=1024%2C1536&amp;ssl=1 1024w, https:\/\/i0.wp.com\/zeromagazine.mx\/wp-content\/uploads\/2025\/06\/Alicia-3-scaled.jpeg?resize=1366%2C2048&amp;ssl=1 1366w, https:\/\/i0.wp.com\/zeromagazine.mx\/wp-content\/uploads\/2025\/06\/Alicia-3-scaled.jpeg?w=1707&amp;ssl=1 1707w\" sizes=\"(max-width: 683px) 100vw, 683px\" \/><\/figure>\n\n\n\n<figure class=\"wp-block-image size-large\"><img data-recalc-dims=\"1\" decoding=\"async\" width=\"683\" height=\"1024\" data-id=\"106218\" src=\"https:\/\/i0.wp.com\/zeromagazine.mx\/wp-content\/uploads\/2025\/06\/Alicia-2-683x1024.jpeg?resize=683%2C1024&#038;ssl=1\" alt=\"\" class=\"wp-image-106218\" srcset=\"https:\/\/i0.wp.com\/zeromagazine.mx\/wp-content\/uploads\/2025\/06\/Alicia-2-scaled.jpeg?resize=683%2C1024&amp;ssl=1 683w, https:\/\/i0.wp.com\/zeromagazine.mx\/wp-content\/uploads\/2025\/06\/Alicia-2-scaled.jpeg?resize=200%2C300&amp;ssl=1 200w, https:\/\/i0.wp.com\/zeromagazine.mx\/wp-content\/uploads\/2025\/06\/Alicia-2-scaled.jpeg?resize=768%2C1152&amp;ssl=1 768w, https:\/\/i0.wp.com\/zeromagazine.mx\/wp-content\/uploads\/2025\/06\/Alicia-2-scaled.jpeg?resize=1024%2C1536&amp;ssl=1 1024w, https:\/\/i0.wp.com\/zeromagazine.mx\/wp-content\/uploads\/2025\/06\/Alicia-2-scaled.jpeg?resize=1366%2C2048&amp;ssl=1 1366w, https:\/\/i0.wp.com\/zeromagazine.mx\/wp-content\/uploads\/2025\/06\/Alicia-2-scaled.jpeg?w=1707&amp;ssl=1 1707w\" sizes=\"(max-width: 683px) 100vw, 683px\" \/><\/figure>\n<\/figure>\n\n\n\n<h2 class=\"wp-block-heading\">6. Rodaron en Rep\u00fablica Dominicana, M\u00e1laga y Madrid. \u00bfQu\u00e9 recuerdo te llevas de esas locaciones?<\/h2>\n\n\n\n<p>Alicia recuerda especialmente el calor, pero tambi\u00e9n destaca que durante el primer mes de rodaje convivieron todos en el mismo hotel, lo cual ayud\u00f3 mucho a fortalecer la qu\u00edmica del equipo. Menciona con cari\u00f1o que la coreograf\u00eda que aparece en la serie se volvi\u00f3 parte de su d\u00eda a d\u00eda, ya que la bailaban incluso en sus ratos libres, ya fuera de fiesta o en el hotel.<\/p>\n\n\n\n<h2 class=\"wp-block-heading\">7. \u00bfC\u00f3mo fue el trabajo con el resto del elenco, especialmente en escenas de alta carga emocional o tensi\u00f3n?<\/h2>\n\n\n\n<p>La actriz menciona que el ambiente fue muy amoroso y colaborativo. Explica que para lograr la energ\u00eda necesaria en una serie como esta, todos deb\u00edan estar muy involucrados emocionalmente. Agradece que sus compa\u00f1eros fueran tan generosos y que siempre se tomaran el tiempo para construir el momento justo antes de entrar a escena.<\/p>\n\n\n\n<h2 class=\"wp-block-heading\"><strong>8. En el \u00faltimo a\u00f1o has estado muy activa con proyectos diversos. \u00bfQu\u00e9 significa para ti cerrar este cap\u00edtulo con <em>Ladrones<\/em>? \u00bfQu\u00e9 te llevas de Luc\u00eda?<\/strong><\/h2>\n\n\n\n<p>Alicia confiesa que se lleva las ganas de enamorarse como lo hace Luc\u00eda. El personaje, dice, le devolvi\u00f3 esa sensaci\u00f3n de amor puro e inocente. Comenta que le encanta filmar en Madrid y que disfruta mucho trabajar fuera de M\u00e9xico, ya que le permite descubrir nuevas formas de producci\u00f3n y enriquecer su experiencia profesional. Adem\u00e1s, revela que usar el vestido y la corona fue un sue\u00f1o hecho realidad, como convertirse en una princesa de Disney.<\/p>\n\n\n\n<h2 class=\"wp-block-heading\">9. Despu\u00e9s de trabajar en un thriller rom\u00e1ntico de acci\u00f3n, \u00bfte ves explorando g\u00e9neros m\u00e1s oscuros, m\u00e1s fant\u00e1sticos, o quiz\u00e1s algo completamente diferente?<\/h2>\n\n\n\n<p>La actriz admite que le encantar\u00eda incursionar en la fantas\u00eda, un g\u00e9nero que a\u00fan no ha tenido oportunidad de explorar.<\/p>\n\n\n\n<h2 class=\"wp-block-heading\">10. Por \u00faltimo, \u00bfqu\u00e9 le dir\u00edas al p\u00fablico que est\u00e1 por ver la serie? \u00bfQu\u00e9 hace \u00fanica a <em>Ladrones: La Tiara de Santa \u00c1gueda<\/em> frente a otras propuestas del g\u00e9nero?<\/h2>\n\n\n\n<p>Alicia menciona que la serie cuenta con un gran elenco, un guion s\u00f3lido y una historia original que logra combinar acci\u00f3n, romance y comedia de una manera fresca y entretenida. Asegura que es una propuesta diferente dentro del g\u00e9nero.<\/p>\n\n\n\n<h2 class=\"wp-block-heading\">Disfruta al m\u00e1ximo<\/h2>\n\n\n\n<p><em>Ladrones: La Tiara de Santa \u00c1gueda<\/em> es una historia donde el amor y el peligro conviven en escenarios de ensue\u00f1o. Alicia Jaziz brilla en un papel distinto, encantador y lleno de matices. Ya puedes disfrutar la serie completa en<a href=\"https:\/\/www.disneyplus.com\/es-mx?CID=DSS-Social-TikTok-1827757353280514-1827757353282562-1827757358142562&amp;ttclid=E_C_P_Cs8BnCouNarmzjzwpMm2H9Mz5fFZBM0-TZE7DdG-xhTj2hp_8HBr36TKdEaAzbvKum7xGgRP3dE3cpKxL1ApoEmy9rfVH1stYQAlsfY94tAcJ6TfEHpC4s9GNOoYv-DyCcsgbTXH3ORZfSE0hXc6j7X6hQUeoi_KQ-OweRX5zQskEdxdFAVw7dUcTXZUmNAr0By_iKX2KkSMvHzANMPn401d-F9CNpuPwbXmnY-Bo8r0qT6AcpJTxKx3Fnnp0RbWfhtxHEWcdhzGTGoc7fLibodPEgR2Mi4w\"> Disney+<\/a>, y dejarte sorprender por esta aventura que lo tiene todo: romance, comedia y un gran robo en puerta.<\/p>\n\n\n\n<p>Y si quieres conocer m\u00e1s novedades de entretenimiento entra a<a href=\"https:\/\/zeromagazine.mx\/\"> zeromagazine.mx<\/a> o s\u00edguenos en <a href=\"https:\/\/www.instagram.com\/zeromagazinemx\/\">@zeromagazinemx<\/a><\/p>\n\n\n\n<script async src=\"https:\/\/pagead2.googlesyndication.com\/pagead\/js\/adsbygoogle.js?client=ca-pub-5499304793904745\"\n     crossorigin=\"anonymous\"><\/script>\n<ins class=\"adsbygoogle\"\n     style=\"display:block; text-align:center;\"\n     data-ad-layout=\"in-article\"\n     data-ad-format=\"fluid\"\n     data-ad-client=\"ca-pub-5499304793904745\"\n     data-ad-slot=\"5994863093\"><\/ins>\n<script>\n     (adsbygoogle = window.adsbygoogle || []).push({});\n<\/script>\n\n<!--themify_builder_content-->\n<div id=\"themify_builder_content-106216\" data-postid=\"106216\" class=\"themify_builder_content themify_builder_content-106216 themify_builder tf_clear\">\n    <\/div>\n<!--\/themify_builder_content-->","protected":false},"excerpt":{"rendered":"<p>Alicia Jaziz regresa a la pantalla con un personaje que marca un giro refrescante en su carrera. Acostumbrada a papeles intensos y dram\u00e1ticos, esta vez interpreta a Luc\u00eda, una joven enamorada que vive su historia como en un cuento de hadas, ajena a la trama de intriga que la rodea. En esta entrevista, la actriz [&hellip;]<\/p>\n","protected":false},"author":4,"featured_media":106219,"comment_status":"open","ping_status":"open","sticky":false,"template":"","format":"standard","meta":{"_jetpack_memberships_contains_paid_content":false,"footnotes":"","jetpack_publicize_message":"","jetpack_publicize_feature_enabled":true,"jetpack_social_post_already_shared":true,"jetpack_social_options":{"image_generator_settings":{"template":"highway","default_image_id":0,"font":"","enabled":false},"version":2}},"categories":[117],"tags":[5202,7479,14040,14041],"class_list":["post-106216","post","type-post","status-publish","format-standard","has-post-thumbnail","hentry","category-entretenimiento","tag-alicia-jaziz","tag-disney-2","tag-ladrones-la-tiara-de-santa-agueda","tag-sieres2025","has-post-title","has-post-date","has-post-category","has-post-tag","has-post-comment","has-post-author",""],"yoast_head":"<!-- This site is optimized with the Yoast SEO plugin v27.5 - https:\/\/yoast.com\/product\/yoast-seo-wordpress\/ -->\n<title>Alicia Jaziz, la princesa moderna de La Tiara de Santa \u00c1gueda - Zero Magazine<\/title>\n<meta name=\"description\" content=\"Alicia Jaziz, la princesa moderna de Disney+ de &quot;Ladrones: La Tiara de Santa \u00c1gueda&quot;, te da detalles en esta entrevista exclusiva.\" \/>\n<meta name=\"robots\" content=\"index, follow, max-snippet:-1, max-image-preview:large, max-video-preview:-1\" \/>\n<link rel=\"canonical\" href=\"https:\/\/zeromagazine.mx\/index.php\/2025\/06\/23\/alicia-jaziz-la-princesa-moderna-de-la-tiera-de-santa-agueda\/\" \/>\n<meta property=\"og:locale\" content=\"es_ES\" \/>\n<meta property=\"og:type\" content=\"article\" \/>\n<meta property=\"og:title\" content=\"Alicia Jaziz, la princesa moderna de La Tiara de Santa \u00c1gueda - Zero Magazine\" \/>\n<meta property=\"og:description\" content=\"Alicia Jaziz, la princesa moderna de Disney+ de &quot;Ladrones: La Tiara de Santa \u00c1gueda&quot;, te da detalles en esta entrevista exclusiva.\" \/>\n<meta property=\"og:url\" content=\"https:\/\/zeromagazine.mx\/index.php\/2025\/06\/23\/alicia-jaziz-la-princesa-moderna-de-la-tiera-de-santa-agueda\/\" \/>\n<meta property=\"og:site_name\" content=\"Zero Magazine\" \/>\n<meta property=\"article:published_time\" content=\"2025-06-24T00:51:41+00:00\" \/>\n<meta property=\"article:modified_time\" content=\"2025-06-24T00:51:43+00:00\" \/>\n<meta property=\"og:image\" content=\"http:\/\/zeromagazine.mx\/wp-content\/uploads\/2025\/06\/Alicia-1-scaled.jpeg\" \/>\n\t<meta property=\"og:image:width\" content=\"2560\" \/>\n\t<meta property=\"og:image:height\" content=\"1707\" \/>\n\t<meta property=\"og:image:type\" content=\"image\/jpeg\" \/>\n<meta name=\"author\" content=\"David Morales\" \/>\n<meta name=\"twitter:card\" content=\"summary_large_image\" \/>\n<meta name=\"twitter:label1\" content=\"Escrito por\" \/>\n\t<meta name=\"twitter:data1\" content=\"David Morales\" \/>\n\t<meta name=\"twitter:label2\" content=\"Tiempo de lectura\" \/>\n\t<meta name=\"twitter:data2\" content=\"6 minutos\" \/>\n<script type=\"application\/ld+json\" class=\"yoast-schema-graph\">{\"@context\":\"https:\\\/\\\/schema.org\",\"@graph\":[{\"@type\":\"Article\",\"@id\":\"https:\\\/\\\/zeromagazine.mx\\\/index.php\\\/2025\\\/06\\\/23\\\/alicia-jaziz-la-princesa-moderna-de-la-tiera-de-santa-agueda\\\/#article\",\"isPartOf\":{\"@id\":\"https:\\\/\\\/zeromagazine.mx\\\/index.php\\\/2025\\\/06\\\/23\\\/alicia-jaziz-la-princesa-moderna-de-la-tiera-de-santa-agueda\\\/\"},\"author\":{\"name\":\"David Morales\",\"@id\":\"https:\\\/\\\/zeromagazine.mx\\\/#\\\/schema\\\/person\\\/9f7f1a17c60ba8e9980e3e6677aabe5a\"},\"headline\":\"Alicia Jaziz, la princesa moderna de La Tiara de Santa \u00c1gueda\",\"datePublished\":\"2025-06-24T00:51:41+00:00\",\"dateModified\":\"2025-06-24T00:51:43+00:00\",\"mainEntityOfPage\":{\"@id\":\"https:\\\/\\\/zeromagazine.mx\\\/index.php\\\/2025\\\/06\\\/23\\\/alicia-jaziz-la-princesa-moderna-de-la-tiera-de-santa-agueda\\\/\"},\"wordCount\":1210,\"commentCount\":0,\"publisher\":{\"@id\":\"https:\\\/\\\/zeromagazine.mx\\\/#organization\"},\"image\":{\"@id\":\"https:\\\/\\\/zeromagazine.mx\\\/index.php\\\/2025\\\/06\\\/23\\\/alicia-jaziz-la-princesa-moderna-de-la-tiera-de-santa-agueda\\\/#primaryimage\"},\"thumbnailUrl\":\"https:\\\/\\\/i0.wp.com\\\/zeromagazine.mx\\\/wp-content\\\/uploads\\\/2025\\\/06\\\/Alicia-1-scaled.jpeg?fit=2560%2C1707&ssl=1\",\"keywords\":[\"Alicia Jaziz\",\"Disney +\",\"Ladrones La Tiara de Santa \u00e1gueda\",\"Sieres2025.\"],\"articleSection\":[\"Entretenimiento\"],\"inLanguage\":\"es\",\"potentialAction\":[{\"@type\":\"CommentAction\",\"name\":\"Comment\",\"target\":[\"https:\\\/\\\/zeromagazine.mx\\\/index.php\\\/2025\\\/06\\\/23\\\/alicia-jaziz-la-princesa-moderna-de-la-tiera-de-santa-agueda\\\/#respond\"]}]},{\"@type\":\"WebPage\",\"@id\":\"https:\\\/\\\/zeromagazine.mx\\\/index.php\\\/2025\\\/06\\\/23\\\/alicia-jaziz-la-princesa-moderna-de-la-tiera-de-santa-agueda\\\/\",\"url\":\"https:\\\/\\\/zeromagazine.mx\\\/index.php\\\/2025\\\/06\\\/23\\\/alicia-jaziz-la-princesa-moderna-de-la-tiera-de-santa-agueda\\\/\",\"name\":\"Alicia Jaziz, la princesa moderna de La Tiara de Santa \u00c1gueda - Zero Magazine\",\"isPartOf\":{\"@id\":\"https:\\\/\\\/zeromagazine.mx\\\/#website\"},\"primaryImageOfPage\":{\"@id\":\"https:\\\/\\\/zeromagazine.mx\\\/index.php\\\/2025\\\/06\\\/23\\\/alicia-jaziz-la-princesa-moderna-de-la-tiera-de-santa-agueda\\\/#primaryimage\"},\"image\":{\"@id\":\"https:\\\/\\\/zeromagazine.mx\\\/index.php\\\/2025\\\/06\\\/23\\\/alicia-jaziz-la-princesa-moderna-de-la-tiera-de-santa-agueda\\\/#primaryimage\"},\"thumbnailUrl\":\"https:\\\/\\\/i0.wp.com\\\/zeromagazine.mx\\\/wp-content\\\/uploads\\\/2025\\\/06\\\/Alicia-1-scaled.jpeg?fit=2560%2C1707&ssl=1\",\"datePublished\":\"2025-06-24T00:51:41+00:00\",\"dateModified\":\"2025-06-24T00:51:43+00:00\",\"description\":\"Alicia Jaziz, la princesa moderna de Disney+ de \\\"Ladrones: La Tiara de Santa \u00c1gueda\\\", te da detalles en esta entrevista exclusiva.\",\"breadcrumb\":{\"@id\":\"https:\\\/\\\/zeromagazine.mx\\\/index.php\\\/2025\\\/06\\\/23\\\/alicia-jaziz-la-princesa-moderna-de-la-tiera-de-santa-agueda\\\/#breadcrumb\"},\"inLanguage\":\"es\",\"potentialAction\":[{\"@type\":\"ReadAction\",\"target\":[\"https:\\\/\\\/zeromagazine.mx\\\/index.php\\\/2025\\\/06\\\/23\\\/alicia-jaziz-la-princesa-moderna-de-la-tiera-de-santa-agueda\\\/\"]}]},{\"@type\":\"ImageObject\",\"inLanguage\":\"es\",\"@id\":\"https:\\\/\\\/zeromagazine.mx\\\/index.php\\\/2025\\\/06\\\/23\\\/alicia-jaziz-la-princesa-moderna-de-la-tiera-de-santa-agueda\\\/#primaryimage\",\"url\":\"https:\\\/\\\/i0.wp.com\\\/zeromagazine.mx\\\/wp-content\\\/uploads\\\/2025\\\/06\\\/Alicia-1-scaled.jpeg?fit=2560%2C1707&ssl=1\",\"contentUrl\":\"https:\\\/\\\/i0.wp.com\\\/zeromagazine.mx\\\/wp-content\\\/uploads\\\/2025\\\/06\\\/Alicia-1-scaled.jpeg?fit=2560%2C1707&ssl=1\",\"width\":2560,\"height\":1707},{\"@type\":\"BreadcrumbList\",\"@id\":\"https:\\\/\\\/zeromagazine.mx\\\/index.php\\\/2025\\\/06\\\/23\\\/alicia-jaziz-la-princesa-moderna-de-la-tiera-de-santa-agueda\\\/#breadcrumb\",\"itemListElement\":[{\"@type\":\"ListItem\",\"position\":1,\"name\":\"Portada\",\"item\":\"https:\\\/\\\/zeromagazine.mx\\\/\"},{\"@type\":\"ListItem\",\"position\":2,\"name\":\"Alicia Jaziz, la princesa moderna de La Tiara de Santa \u00c1gueda\"}]},{\"@type\":\"WebSite\",\"@id\":\"https:\\\/\\\/zeromagazine.mx\\\/#website\",\"url\":\"https:\\\/\\\/zeromagazine.mx\\\/\",\"name\":\"Zero Magazine\",\"description\":\"\",\"publisher\":{\"@id\":\"https:\\\/\\\/zeromagazine.mx\\\/#organization\"},\"potentialAction\":[{\"@type\":\"SearchAction\",\"target\":{\"@type\":\"EntryPoint\",\"urlTemplate\":\"https:\\\/\\\/zeromagazine.mx\\\/?s={search_term_string}\"},\"query-input\":{\"@type\":\"PropertyValueSpecification\",\"valueRequired\":true,\"valueName\":\"search_term_string\"}}],\"inLanguage\":\"es\"},{\"@type\":\"Organization\",\"@id\":\"https:\\\/\\\/zeromagazine.mx\\\/#organization\",\"name\":\"Zero Magazine\",\"url\":\"https:\\\/\\\/zeromagazine.mx\\\/\",\"logo\":{\"@type\":\"ImageObject\",\"inLanguage\":\"es\",\"@id\":\"https:\\\/\\\/zeromagazine.mx\\\/#\\\/schema\\\/logo\\\/image\\\/\",\"url\":\"https:\\\/\\\/i0.wp.com\\\/zeromagazine.mx\\\/wp-content\\\/uploads\\\/2025\\\/11\\\/1.jpeg?fit=1000%2C1000&ssl=1\",\"contentUrl\":\"https:\\\/\\\/i0.wp.com\\\/zeromagazine.mx\\\/wp-content\\\/uploads\\\/2025\\\/11\\\/1.jpeg?fit=1000%2C1000&ssl=1\",\"width\":1000,\"height\":1000,\"caption\":\"Zero Magazine\"},\"image\":{\"@id\":\"https:\\\/\\\/zeromagazine.mx\\\/#\\\/schema\\\/logo\\\/image\\\/\"},\"sameAs\":[\"https:\\\/\\\/instagram.com\\\/zeromagazinemx\"]},{\"@type\":\"Person\",\"@id\":\"https:\\\/\\\/zeromagazine.mx\\\/#\\\/schema\\\/person\\\/9f7f1a17c60ba8e9980e3e6677aabe5a\",\"name\":\"David Morales\",\"image\":{\"@type\":\"ImageObject\",\"inLanguage\":\"es\",\"@id\":\"https:\\\/\\\/zeromagazine.mx\\\/wp-content\\\/litespeed\\\/avatar\\\/76069d2136bfc1c37dc34815bb67ca42.jpg?ver=1777571067\",\"url\":\"https:\\\/\\\/zeromagazine.mx\\\/wp-content\\\/litespeed\\\/avatar\\\/76069d2136bfc1c37dc34815bb67ca42.jpg?ver=1777571067\",\"contentUrl\":\"https:\\\/\\\/zeromagazine.mx\\\/wp-content\\\/litespeed\\\/avatar\\\/76069d2136bfc1c37dc34815bb67ca42.jpg?ver=1777571067\",\"caption\":\"David Morales\"},\"url\":\"https:\\\/\\\/zeromagazine.mx\\\/index.php\\\/author\\\/david\\\/\"}]}<\/script>\n<!-- \/ Yoast SEO plugin. -->","yoast_head_json":{"title":"Alicia Jaziz, la princesa moderna de La Tiara de Santa \u00c1gueda - Zero Magazine","description":"Alicia Jaziz, la princesa moderna de Disney+ de \"Ladrones: La Tiara de Santa \u00c1gueda\", te da detalles en esta entrevista exclusiva.","robots":{"index":"index","follow":"follow","max-snippet":"max-snippet:-1","max-image-preview":"max-image-preview:large","max-video-preview":"max-video-preview:-1"},"canonical":"https:\/\/zeromagazine.mx\/index.php\/2025\/06\/23\/alicia-jaziz-la-princesa-moderna-de-la-tiera-de-santa-agueda\/","og_locale":"es_ES","og_type":"article","og_title":"Alicia Jaziz, la princesa moderna de La Tiara de Santa \u00c1gueda - Zero Magazine","og_description":"Alicia Jaziz, la princesa moderna de Disney+ de \"Ladrones: La Tiara de Santa \u00c1gueda\", te da detalles en esta entrevista exclusiva.","og_url":"https:\/\/zeromagazine.mx\/index.php\/2025\/06\/23\/alicia-jaziz-la-princesa-moderna-de-la-tiera-de-santa-agueda\/","og_site_name":"Zero Magazine","article_published_time":"2025-06-24T00:51:41+00:00","article_modified_time":"2025-06-24T00:51:43+00:00","og_image":[{"width":2560,"height":1707,"url":"http:\/\/zeromagazine.mx\/wp-content\/uploads\/2025\/06\/Alicia-1-scaled.jpeg","type":"image\/jpeg"}],"author":"David Morales","twitter_card":"summary_large_image","twitter_misc":{"Escrito por":"David Morales","Tiempo de lectura":"6 minutos"},"schema":{"@context":"https:\/\/schema.org","@graph":[{"@type":"Article","@id":"https:\/\/zeromagazine.mx\/index.php\/2025\/06\/23\/alicia-jaziz-la-princesa-moderna-de-la-tiera-de-santa-agueda\/#article","isPartOf":{"@id":"https:\/\/zeromagazine.mx\/index.php\/2025\/06\/23\/alicia-jaziz-la-princesa-moderna-de-la-tiera-de-santa-agueda\/"},"author":{"name":"David Morales","@id":"https:\/\/zeromagazine.mx\/#\/schema\/person\/9f7f1a17c60ba8e9980e3e6677aabe5a"},"headline":"Alicia Jaziz, la princesa moderna de La Tiara de Santa \u00c1gueda","datePublished":"2025-06-24T00:51:41+00:00","dateModified":"2025-06-24T00:51:43+00:00","mainEntityOfPage":{"@id":"https:\/\/zeromagazine.mx\/index.php\/2025\/06\/23\/alicia-jaziz-la-princesa-moderna-de-la-tiera-de-santa-agueda\/"},"wordCount":1210,"commentCount":0,"publisher":{"@id":"https:\/\/zeromagazine.mx\/#organization"},"image":{"@id":"https:\/\/zeromagazine.mx\/index.php\/2025\/06\/23\/alicia-jaziz-la-princesa-moderna-de-la-tiera-de-santa-agueda\/#primaryimage"},"thumbnailUrl":"https:\/\/i0.wp.com\/zeromagazine.mx\/wp-content\/uploads\/2025\/06\/Alicia-1-scaled.jpeg?fit=2560%2C1707&ssl=1","keywords":["Alicia Jaziz","Disney +","Ladrones La Tiara de Santa \u00e1gueda","Sieres2025."],"articleSection":["Entretenimiento"],"inLanguage":"es","potentialAction":[{"@type":"CommentAction","name":"Comment","target":["https:\/\/zeromagazine.mx\/index.php\/2025\/06\/23\/alicia-jaziz-la-princesa-moderna-de-la-tiera-de-santa-agueda\/#respond"]}]},{"@type":"WebPage","@id":"https:\/\/zeromagazine.mx\/index.php\/2025\/06\/23\/alicia-jaziz-la-princesa-moderna-de-la-tiera-de-santa-agueda\/","url":"https:\/\/zeromagazine.mx\/index.php\/2025\/06\/23\/alicia-jaziz-la-princesa-moderna-de-la-tiera-de-santa-agueda\/","name":"Alicia Jaziz, la princesa moderna de La Tiara de Santa \u00c1gueda - Zero Magazine","isPartOf":{"@id":"https:\/\/zeromagazine.mx\/#website"},"primaryImageOfPage":{"@id":"https:\/\/zeromagazine.mx\/index.php\/2025\/06\/23\/alicia-jaziz-la-princesa-moderna-de-la-tiera-de-santa-agueda\/#primaryimage"},"image":{"@id":"https:\/\/zeromagazine.mx\/index.php\/2025\/06\/23\/alicia-jaziz-la-princesa-moderna-de-la-tiera-de-santa-agueda\/#primaryimage"},"thumbnailUrl":"https:\/\/i0.wp.com\/zeromagazine.mx\/wp-content\/uploads\/2025\/06\/Alicia-1-scaled.jpeg?fit=2560%2C1707&ssl=1","datePublished":"2025-06-24T00:51:41+00:00","dateModified":"2025-06-24T00:51:43+00:00","description":"Alicia Jaziz, la princesa moderna de Disney+ de \"Ladrones: La Tiara de Santa \u00c1gueda\", te da detalles en esta entrevista exclusiva.","breadcrumb":{"@id":"https:\/\/zeromagazine.mx\/index.php\/2025\/06\/23\/alicia-jaziz-la-princesa-moderna-de-la-tiera-de-santa-agueda\/#breadcrumb"},"inLanguage":"es","potentialAction":[{"@type":"ReadAction","target":["https:\/\/zeromagazine.mx\/index.php\/2025\/06\/23\/alicia-jaziz-la-princesa-moderna-de-la-tiera-de-santa-agueda\/"]}]},{"@type":"ImageObject","inLanguage":"es","@id":"https:\/\/zeromagazine.mx\/index.php\/2025\/06\/23\/alicia-jaziz-la-princesa-moderna-de-la-tiera-de-santa-agueda\/#primaryimage","url":"https:\/\/i0.wp.com\/zeromagazine.mx\/wp-content\/uploads\/2025\/06\/Alicia-1-scaled.jpeg?fit=2560%2C1707&ssl=1","contentUrl":"https:\/\/i0.wp.com\/zeromagazine.mx\/wp-content\/uploads\/2025\/06\/Alicia-1-scaled.jpeg?fit=2560%2C1707&ssl=1","width":2560,"height":1707},{"@type":"BreadcrumbList","@id":"https:\/\/zeromagazine.mx\/index.php\/2025\/06\/23\/alicia-jaziz-la-princesa-moderna-de-la-tiera-de-santa-agueda\/#breadcrumb","itemListElement":[{"@type":"ListItem","position":1,"name":"Portada","item":"https:\/\/zeromagazine.mx\/"},{"@type":"ListItem","position":2,"name":"Alicia Jaziz, la princesa moderna de La Tiara de Santa \u00c1gueda"}]},{"@type":"WebSite","@id":"https:\/\/zeromagazine.mx\/#website","url":"https:\/\/zeromagazine.mx\/","name":"Zero Magazine","description":"","publisher":{"@id":"https:\/\/zeromagazine.mx\/#organization"},"potentialAction":[{"@type":"SearchAction","target":{"@type":"EntryPoint","urlTemplate":"https:\/\/zeromagazine.mx\/?s={search_term_string}"},"query-input":{"@type":"PropertyValueSpecification","valueRequired":true,"valueName":"search_term_string"}}],"inLanguage":"es"},{"@type":"Organization","@id":"https:\/\/zeromagazine.mx\/#organization","name":"Zero Magazine","url":"https:\/\/zeromagazine.mx\/","logo":{"@type":"ImageObject","inLanguage":"es","@id":"https:\/\/zeromagazine.mx\/#\/schema\/logo\/image\/","url":"https:\/\/i0.wp.com\/zeromagazine.mx\/wp-content\/uploads\/2025\/11\/1.jpeg?fit=1000%2C1000&ssl=1","contentUrl":"https:\/\/i0.wp.com\/zeromagazine.mx\/wp-content\/uploads\/2025\/11\/1.jpeg?fit=1000%2C1000&ssl=1","width":1000,"height":1000,"caption":"Zero Magazine"},"image":{"@id":"https:\/\/zeromagazine.mx\/#\/schema\/logo\/image\/"},"sameAs":["https:\/\/instagram.com\/zeromagazinemx"]},{"@type":"Person","@id":"https:\/\/zeromagazine.mx\/#\/schema\/person\/9f7f1a17c60ba8e9980e3e6677aabe5a","name":"David Morales","image":{"@type":"ImageObject","inLanguage":"es","@id":"https:\/\/zeromagazine.mx\/wp-content\/litespeed\/avatar\/76069d2136bfc1c37dc34815bb67ca42.jpg?ver=1777571067","url":"https:\/\/zeromagazine.mx\/wp-content\/litespeed\/avatar\/76069d2136bfc1c37dc34815bb67ca42.jpg?ver=1777571067","contentUrl":"https:\/\/zeromagazine.mx\/wp-content\/litespeed\/avatar\/76069d2136bfc1c37dc34815bb67ca42.jpg?ver=1777571067","caption":"David Morales"},"url":"https:\/\/zeromagazine.mx\/index.php\/author\/david\/"}]}},"jetpack_publicize_connections":[],"jetpack_featured_media_url":"https:\/\/i0.wp.com\/zeromagazine.mx\/wp-content\/uploads\/2025\/06\/Alicia-1-scaled.jpeg?fit=2560%2C1707&ssl=1","jetpack-related-posts":[{"id":56388,"url":"https:\/\/zeromagazine.mx\/index.php\/2021\/10\/21\/alicia-jaziz-y-el-reto-que-significo-misfit\/","url_meta":{"origin":106216,"position":0},"title":"Alicia Jaziz y el reto que significo su papel en Misfit","author":"zeromagazinemx","date":"21 de octubre de 2021","format":false,"excerpt":"El pasado viernes 8 de octubre tuve el placer de entrevistar a la talentosa actriz y cantante Alicia Jaziz, ella es la protagonista de la pel\u00edcula Misfit la cual se estren\u00f3 en cines el pasado 14 de octubre. Debo decir que es una mujer bastante profesional respecto a su trabajo,\u2026","rel":"","context":"En \u00abCine\u00bb","block_context":{"text":"Cine","link":"https:\/\/zeromagazine.mx\/index.php\/category\/entretenimiento\/cine\/"},"img":{"alt_text":"","src":"https:\/\/i0.wp.com\/zeromagazinemx.wpcomstaging.com\/wp-content\/uploads\/2022\/02\/a51f3-misfit.jpg?resize=350%2C200&ssl=1","width":350,"height":200,"srcset":"https:\/\/i0.wp.com\/zeromagazinemx.wpcomstaging.com\/wp-content\/uploads\/2022\/02\/a51f3-misfit.jpg?resize=350%2C200&ssl=1 1x, https:\/\/i0.wp.com\/zeromagazinemx.wpcomstaging.com\/wp-content\/uploads\/2022\/02\/a51f3-misfit.jpg?resize=525%2C300&ssl=1 1.5x, https:\/\/i0.wp.com\/zeromagazinemx.wpcomstaging.com\/wp-content\/uploads\/2022\/02\/a51f3-misfit.jpg?resize=700%2C400&ssl=1 2x"},"classes":[]},{"id":105651,"url":"https:\/\/zeromagazine.mx\/index.php\/2025\/06\/06\/estrenos-disney-plu-que-emocionan-en-junio\/","url_meta":{"origin":106216,"position":1},"title":"Estrenos Disney Plus de Junio que emocionan","author":"David Morales","date":"6 de junio de 2025","format":false,"excerpt":"Amix, ya lleg\u00f3 ese momento del mes en el que checamos qu\u00e9 joyitas se vienen a nuestra plataforma fav. Porque s\u00ed, los estrenos Disney Plus de junio est\u00e1n m\u00e1s que emocionantes, intensos y hasta creepy, en el mejor sentido. Pues nos trae desde dramas hist\u00f3ricos con vikingas sanguinarias, hasta lo\u2026","rel":"","context":"En \u00abEntretenimiento\u00bb","block_context":{"text":"Entretenimiento","link":"https:\/\/zeromagazine.mx\/index.php\/category\/entretenimiento\/"},"img":{"alt_text":"","src":"https:\/\/i0.wp.com\/zeromagazine.mx\/wp-content\/uploads\/2025\/06\/predator_killer_of_killers_trlrframes_02_b3d1261f-scaled.jpeg?fit=1200%2C492&ssl=1&resize=350%2C200","width":350,"height":200,"srcset":"https:\/\/i0.wp.com\/zeromagazine.mx\/wp-content\/uploads\/2025\/06\/predator_killer_of_killers_trlrframes_02_b3d1261f-scaled.jpeg?fit=1200%2C492&ssl=1&resize=350%2C200 1x, https:\/\/i0.wp.com\/zeromagazine.mx\/wp-content\/uploads\/2025\/06\/predator_killer_of_killers_trlrframes_02_b3d1261f-scaled.jpeg?fit=1200%2C492&ssl=1&resize=525%2C300 1.5x, https:\/\/i0.wp.com\/zeromagazine.mx\/wp-content\/uploads\/2025\/06\/predator_killer_of_killers_trlrframes_02_b3d1261f-scaled.jpeg?fit=1200%2C492&ssl=1&resize=700%2C400 2x, https:\/\/i0.wp.com\/zeromagazine.mx\/wp-content\/uploads\/2025\/06\/predator_killer_of_killers_trlrframes_02_b3d1261f-scaled.jpeg?fit=1200%2C492&ssl=1&resize=1050%2C600 3x"},"classes":[]},{"id":56696,"url":"https:\/\/zeromagazine.mx\/index.php\/2021\/10\/25\/gaby-mellado\/","url_meta":{"origin":106216,"position":2},"title":"GABY MELLADO","author":"zeromagazinemx","date":"25 de octubre de 2021","format":false,"excerpt":"El carisma y talento que caracteriza a la joven actriz de Orizaba Veracruz, quien, con tan solo 29 a\u00f1os, sobrepasa las pantallas, adentr\u00e1ndose en los corazones de sus fan\u00e1ticos. Con una participaci\u00f3n en m\u00e1s de 6 telenovelas bajo la cabecera de Televisa, nos ha brindado temas y principalmente personajes que\u2026","rel":"","context":"En \u00abEntrevistas\u00bb","block_context":{"text":"Entrevistas","link":"https:\/\/zeromagazine.mx\/index.php\/category\/entretenimiento\/entrevistas\/"},"img":{"alt_text":"","src":"","width":0,"height":0},"classes":[]},{"id":103858,"url":"https:\/\/zeromagazine.mx\/index.php\/2025\/05\/13\/mar-sordo-de-promesa-juvenil-a-protagonista-consolidada\/","url_meta":{"origin":106216,"position":3},"title":"Mar Sordo de promesa juvenil a protagonista consolidada","author":"David Morales","date":"13 de mayo de 2025","format":false,"excerpt":"Mar Sordo es una actriz en ascenso que ha demostrado su versatilidad en producciones como Te quiero y me duele, Isla Brava y Mujeres Asesinas. Con proyectos nuevos como Polen y una agenda en constante crecimiento, hablamos con ella sobre su proceso actoral, sus retos m\u00e1s recientes y hacia d\u00f3nde\u2026","rel":"","context":"En \u00abCultura\u00bb","block_context":{"text":"Cultura","link":"https:\/\/zeromagazine.mx\/index.php\/category\/cultura\/"},"img":{"alt_text":"","src":"https:\/\/i0.wp.com\/zeromagazine.mx\/wp-content\/uploads\/2025\/05\/Mar-1.jpeg?fit=878%2C1200&ssl=1&resize=350%2C200","width":350,"height":200,"srcset":"https:\/\/i0.wp.com\/zeromagazine.mx\/wp-content\/uploads\/2025\/05\/Mar-1.jpeg?fit=878%2C1200&ssl=1&resize=350%2C200 1x, https:\/\/i0.wp.com\/zeromagazine.mx\/wp-content\/uploads\/2025\/05\/Mar-1.jpeg?fit=878%2C1200&ssl=1&resize=525%2C300 1.5x, https:\/\/i0.wp.com\/zeromagazine.mx\/wp-content\/uploads\/2025\/05\/Mar-1.jpeg?fit=878%2C1200&ssl=1&resize=700%2C400 2x"},"classes":[]},{"id":51242,"url":"https:\/\/zeromagazine.mx\/index.php\/2021\/07\/31\/elsa-ortiz-y-los-proyectos-que-han-marcado-su-carrera-artistica-como-actriz\/","url_meta":{"origin":106216,"position":4},"title":"Elsa Ortiz y los proyectos que han marcado su carrera art\u00edstica como actriz","author":"zeromagazinemx","date":"31 de julio de 2021","format":false,"excerpt":"Ella es Elsa Ortiz, actriz Mexicana la cual recordamos por su participaci\u00f3n en distintos proyectos fabulosos como Las Malcriadas, La fiscal de hierro, La Do\u00f1a y ahora la podremos ver en la serie \u201c40 Y 20\u201d de Televisa y en la pel\u00edcula Guerra de Likes. Fot\u00f3grafo:\u00a0Daniel Garc\u00eda\u00a0(@heydaniel_garcia)Maquillaje: Hugo Qui\u00f1onesStyling:\u00a0David Morales\u2026","rel":"","context":"En \u00abEntrevistas\u00bb","block_context":{"text":"Entrevistas","link":"https:\/\/zeromagazine.mx\/index.php\/category\/entretenimiento\/entrevistas\/"},"img":{"alt_text":"","src":"https:\/\/i0.wp.com\/zeromagazinemx.wpcomstaging.com\/wp-content\/uploads\/2022\/02\/329ed-2-2.jpg-2-683x1024.jpg?resize=350%2C200&ssl=1","width":350,"height":200,"srcset":"https:\/\/i0.wp.com\/zeromagazinemx.wpcomstaging.com\/wp-content\/uploads\/2022\/02\/329ed-2-2.jpg-2-683x1024.jpg?resize=350%2C200&ssl=1 1x, https:\/\/i0.wp.com\/zeromagazinemx.wpcomstaging.com\/wp-content\/uploads\/2022\/02\/329ed-2-2.jpg-2-683x1024.jpg?resize=525%2C300&ssl=1 1.5x"},"classes":[]},{"id":117061,"url":"https:\/\/zeromagazine.mx\/index.php\/2026\/03\/20\/andrea-torre-corazon-oro\/","url_meta":{"origin":106216,"position":5},"title":"ANDREA TORRE SE TRANSFORMA EN TERESA ARANGO-NOVA, LA ANTAGONISTA CLAVE DE CORAZ\u00d3N DE ORO","author":"David Morales","date":"20 de marzo de 2026","format":false,"excerpt":"La televisi\u00f3n mexicana sigue apostando por historias intensas, pero tambi\u00e9n por personajes femeninos con m\u00e1s profundidad. Con\u00a0Andrea Torre en Coraz\u00f3n de Oro, la actriz entra en una etapa completamente distinta de su carrera, dejando atr\u00e1s el humor que la hizo famosa para interpretar a una de las antagonistas m\u00e1s complejas\u2026","rel":"","context":"En \u00abBlog\u00bb","block_context":{"text":"Blog","link":"https:\/\/zeromagazine.mx\/index.php\/category\/blog\/"},"img":{"alt_text":"","src":"https:\/\/i0.wp.com\/zeromagazine.mx\/wp-content\/uploads\/2026\/03\/45b3d935-bcff-4bf7-b5e3-119e542c4c7f.jpeg?fit=1079%2C1055&ssl=1&resize=350%2C200","width":350,"height":200,"srcset":"https:\/\/i0.wp.com\/zeromagazine.mx\/wp-content\/uploads\/2026\/03\/45b3d935-bcff-4bf7-b5e3-119e542c4c7f.jpeg?fit=1079%2C1055&ssl=1&resize=350%2C200 1x, https:\/\/i0.wp.com\/zeromagazine.mx\/wp-content\/uploads\/2026\/03\/45b3d935-bcff-4bf7-b5e3-119e542c4c7f.jpeg?fit=1079%2C1055&ssl=1&resize=525%2C300 1.5x, https:\/\/i0.wp.com\/zeromagazine.mx\/wp-content\/uploads\/2026\/03\/45b3d935-bcff-4bf7-b5e3-119e542c4c7f.jpeg?fit=1079%2C1055&ssl=1&resize=700%2C400 2x, https:\/\/i0.wp.com\/zeromagazine.mx\/wp-content\/uploads\/2026\/03\/45b3d935-bcff-4bf7-b5e3-119e542c4c7f.jpeg?fit=1079%2C1055&ssl=1&resize=1050%2C600 3x"},"classes":[]}],"jetpack_sharing_enabled":true,"builder_content":"","_links":{"self":[{"href":"https:\/\/zeromagazine.mx\/index.php\/wp-json\/wp\/v2\/posts\/106216","targetHints":{"allow":["GET"]}}],"collection":[{"href":"https:\/\/zeromagazine.mx\/index.php\/wp-json\/wp\/v2\/posts"}],"about":[{"href":"https:\/\/zeromagazine.mx\/index.php\/wp-json\/wp\/v2\/types\/post"}],"author":[{"embeddable":true,"href":"https:\/\/zeromagazine.mx\/index.php\/wp-json\/wp\/v2\/users\/4"}],"replies":[{"embeddable":true,"href":"https:\/\/zeromagazine.mx\/index.php\/wp-json\/wp\/v2\/comments?post=106216"}],"version-history":[{"count":2,"href":"https:\/\/zeromagazine.mx\/index.php\/wp-json\/wp\/v2\/posts\/106216\/revisions"}],"predecessor-version":[{"id":106221,"href":"https:\/\/zeromagazine.mx\/index.php\/wp-json\/wp\/v2\/posts\/106216\/revisions\/106221"}],"wp:featuredmedia":[{"embeddable":true,"href":"https:\/\/zeromagazine.mx\/index.php\/wp-json\/wp\/v2\/media\/106219"}],"wp:attachment":[{"href":"https:\/\/zeromagazine.mx\/index.php\/wp-json\/wp\/v2\/media?parent=106216"}],"wp:term":[{"taxonomy":"category","embeddable":true,"href":"https:\/\/zeromagazine.mx\/index.php\/wp-json\/wp\/v2\/categories?post=106216"},{"taxonomy":"post_tag","embeddable":true,"href":"https:\/\/zeromagazine.mx\/index.php\/wp-json\/wp\/v2\/tags?post=106216"}],"curies":[{"name":"wp","href":"https:\/\/api.w.org\/{rel}","templated":true}]}}