{"id":106222,"date":"2025-06-24T11:25:31","date_gmt":"2025-06-24T17:25:31","guid":{"rendered":"https:\/\/zeromagazine.mx\/?p=106222"},"modified":"2025-06-24T11:25:32","modified_gmt":"2025-06-24T17:25:32","slug":"vallarta-pride-el-pride-de-mexico","status":"publish","type":"post","link":"https:\/\/zeromagazine.mx\/index.php\/2025\/06\/24\/vallarta-pride-el-pride-de-mexico\/","title":{"rendered":"Vallarta Pride: El Pride de M\u00e9xico"},"content":{"rendered":"<!--themify_builder_content-->\n<div id=\"themify_builder_content-106222\" data-postid=\"106222\" class=\"themify_builder_content themify_builder_content-106222 themify_builder tf_clear\">\n    <\/div>\n<!--\/themify_builder_content-->\n\n\n<p>Puerto Vallarta Pride 2025 fue mi primera marcha del orgullo. S\u00ed, lo le\u00edste bien: a mis 37 a\u00f1os, despu\u00e9s de dos d\u00e9cadas fuera del cl\u00f3set, jam\u00e1s hab\u00eda asistido a una. No fue en Ciudad de M\u00e9xico, ni en Guadalajara, ni en otro destino \u201cpopular\u201d. Fue en Puerto Vallarta, un lugar que no solo me recibi\u00f3 con los brazos abiertos, sino que me abraz\u00f3 el alma.<\/p>\n\n\n\n<p>Por David Morales Ram\u00edrez \/ @elpoderosodave<br><strong><em>Todas las fotos fueron tomadas con el nuevo VIVO 50<\/em><\/strong><\/p>\n\n\n\n<figure class=\"wp-block-image size-full\"><img data-recalc-dims=\"1\" decoding=\"async\" width=\"1165\" height=\"2237\" src=\"https:\/\/i0.wp.com\/zeromagazine.mx\/wp-content\/uploads\/2025\/06\/IMG_4704-scaled.jpeg?resize=1165%2C2237&#038;ssl=1\" alt=\"\" class=\"wp-image-106223\" srcset=\"https:\/\/i0.wp.com\/zeromagazine.mx\/wp-content\/uploads\/2025\/06\/IMG_4704-scaled.jpeg?w=1333&amp;ssl=1 1333w, https:\/\/i0.wp.com\/zeromagazine.mx\/wp-content\/uploads\/2025\/06\/IMG_4704-scaled.jpeg?resize=156%2C300&amp;ssl=1 156w, https:\/\/i0.wp.com\/zeromagazine.mx\/wp-content\/uploads\/2025\/06\/IMG_4704-scaled.jpeg?resize=533%2C1024&amp;ssl=1 533w, https:\/\/i0.wp.com\/zeromagazine.mx\/wp-content\/uploads\/2025\/06\/IMG_4704-scaled.jpeg?resize=768%2C1475&amp;ssl=1 768w, https:\/\/i0.wp.com\/zeromagazine.mx\/wp-content\/uploads\/2025\/06\/IMG_4704-scaled.jpeg?resize=800%2C1536&amp;ssl=1 800w, https:\/\/i0.wp.com\/zeromagazine.mx\/wp-content\/uploads\/2025\/06\/IMG_4704-scaled.jpeg?resize=1067%2C2048&amp;ssl=1 1067w\" sizes=\"(max-width: 1165px) 100vw, 1165px\" \/><\/figure>\n\n\n\n<h2 class=\"wp-block-heading\">Un destino que se volvi\u00f3 refugio<\/h2>\n\n\n\n<p>Hablar del Pride de Vallarta es hablar de historia, resistencia y celebraci\u00f3n. En los a\u00f1os 70, cuando Puerto Vallarta apenas emerg\u00eda como destino tur\u00edstico, la comunidad LGBTTTIQ+ comenz\u00f3 a encontrar ah\u00ed un espacio seguro lejos de miradas inquisidoras. A lo largo del tiempo, lo que inici\u00f3 como un rinc\u00f3n oculto se transform\u00f3 en un santuario de libertad, diversidad y progreso.<\/p>\n\n\n\n<p>Hoy en d\u00eda, Puerto Vallarta es uno de los destinos LGBTQ+ m\u00e1s importantes de Am\u00e9rica Latina, con una vida nocturna vibrante, pol\u00edticas inclusivas y una comunidad local que no solo acepta, sino que celebra la diferencia. No es casualidad que aqu\u00ed se celebre uno de los Pride m\u00e1s aut\u00e9nticos y conmovedores del pa\u00eds.<\/p>\n\n\n\n<figure class=\"wp-block-image size-full\"><img data-recalc-dims=\"1\" decoding=\"async\" width=\"1165\" height=\"2237\" src=\"https:\/\/i0.wp.com\/zeromagazine.mx\/wp-content\/uploads\/2025\/06\/IMG_4696-scaled.jpeg?resize=1165%2C2237&#038;ssl=1\" alt=\"\" class=\"wp-image-106225\" srcset=\"https:\/\/i0.wp.com\/zeromagazine.mx\/wp-content\/uploads\/2025\/06\/IMG_4696-scaled.jpeg?w=1333&amp;ssl=1 1333w, https:\/\/i0.wp.com\/zeromagazine.mx\/wp-content\/uploads\/2025\/06\/IMG_4696-scaled.jpeg?resize=156%2C300&amp;ssl=1 156w, https:\/\/i0.wp.com\/zeromagazine.mx\/wp-content\/uploads\/2025\/06\/IMG_4696-scaled.jpeg?resize=533%2C1024&amp;ssl=1 533w, https:\/\/i0.wp.com\/zeromagazine.mx\/wp-content\/uploads\/2025\/06\/IMG_4696-scaled.jpeg?resize=768%2C1475&amp;ssl=1 768w, https:\/\/i0.wp.com\/zeromagazine.mx\/wp-content\/uploads\/2025\/06\/IMG_4696-scaled.jpeg?resize=800%2C1536&amp;ssl=1 800w, https:\/\/i0.wp.com\/zeromagazine.mx\/wp-content\/uploads\/2025\/06\/IMG_4696-scaled.jpeg?resize=1067%2C2048&amp;ssl=1 1067w\" sizes=\"(max-width: 1165px) 100vw, 1165px\" \/><\/figure>\n\n\n\n<h2 class=\"wp-block-heading\">Veinte a\u00f1os despu\u00e9s\u2026<\/h2>\n\n\n\n<p>Sal\u00ed del cl\u00f3set a los 17. Pero durante mucho tiempo, me cost\u00f3 asumirme dentro de la comunidad. \u201cSoy gay, pero no soy de ambiente\u201d, dec\u00eda, sin entender que esa frase ven\u00eda cargada de homofobia internalizada. Intent\u00e9 ir al Pride de la CDMX dos veces, pero algo se interpon\u00eda: miedo, incomodidad\u2026 o simplemente no me sent\u00eda \u201cparte de\u201d.<\/p>\n\n\n\n<p>Y es que durante a\u00f1os sent\u00ed que las marchas eran m\u00e1s bien desfiles comerciales de marcas que, con suerte, ondeaban una bandera arco\u00edris una vez al a\u00f1o. Hoy s\u00e9 que muchas s\u00ed apoyan genuinamente, pero tambi\u00e9n s\u00e9 que el orgullo no es una estrategia de marketing, es una herramienta de visibilidad, protesta, memoria y celebraci\u00f3n.<\/p>\n\n\n\n<figure class=\"wp-block-image size-full\"><img data-recalc-dims=\"1\" decoding=\"async\" width=\"1165\" height=\"2237\" src=\"https:\/\/i0.wp.com\/zeromagazine.mx\/wp-content\/uploads\/2025\/06\/IMG_4694-scaled.jpeg?resize=1165%2C2237&#038;ssl=1\" alt=\"\" class=\"wp-image-106226\" srcset=\"https:\/\/i0.wp.com\/zeromagazine.mx\/wp-content\/uploads\/2025\/06\/IMG_4694-scaled.jpeg?w=1333&amp;ssl=1 1333w, https:\/\/i0.wp.com\/zeromagazine.mx\/wp-content\/uploads\/2025\/06\/IMG_4694-scaled.jpeg?resize=156%2C300&amp;ssl=1 156w, https:\/\/i0.wp.com\/zeromagazine.mx\/wp-content\/uploads\/2025\/06\/IMG_4694-scaled.jpeg?resize=533%2C1024&amp;ssl=1 533w, https:\/\/i0.wp.com\/zeromagazine.mx\/wp-content\/uploads\/2025\/06\/IMG_4694-scaled.jpeg?resize=768%2C1475&amp;ssl=1 768w, https:\/\/i0.wp.com\/zeromagazine.mx\/wp-content\/uploads\/2025\/06\/IMG_4694-scaled.jpeg?resize=800%2C1536&amp;ssl=1 800w, https:\/\/i0.wp.com\/zeromagazine.mx\/wp-content\/uploads\/2025\/06\/IMG_4694-scaled.jpeg?resize=1067%2C2048&amp;ssl=1 1067w\" sizes=\"(max-width: 1165px) 100vw, 1165px\" \/><\/figure>\n\n\n\n<h2 class=\"wp-block-heading\">El Pride m\u00e1s c\u00e1lido del mundo (y no solo por el clima)<\/h2>\n\n\n\n<p>Llegu\u00e9 a Puerto Vallarta sin expectativas\u2026 y me fui con el coraz\u00f3n desbordado. Lo que viv\u00ed durante esa semana fue una manifestaci\u00f3n de comunidad real, no solo un evento. Desde nuestra llegada al Hotel Westin, donde el personal no solo nos trat\u00f3 con respeto sino con orgullo (porque muchos de ellos pertenecen a la comunidad), hasta el trato c\u00e1lido y consciente en VivaAerobus, todo me hizo sentir parte de algo m\u00e1s grande.<\/p>\n\n\n\n<figure class=\"wp-block-pullquote has-medium-font-size\"><blockquote><p>Mi primer Pride fue en Puerto Vallarta y cambi\u00f3 mi manera de ver la vida<\/p><cite>@elpoderosodave<\/cite><\/blockquote><\/figure>\n\n\n\n<p>El Pride comenz\u00f3 con una imagen que me conmovi\u00f3: una pareja de lesbianas abriendo la marcha. Detr\u00e1s de ellas, Kenya Cuevas, una de las activistas trans m\u00e1s influyentes de M\u00e9xico. Y luego, s\u00ed, el gobierno local marchando codo a codo con nosotros, con un contingente de trabajadores LGBT visibles, orgullosos y respaldados.<\/p>\n\n\n\n<figure class=\"wp-block-image size-full\"><img data-recalc-dims=\"1\" decoding=\"async\" width=\"1165\" height=\"2237\" src=\"https:\/\/i0.wp.com\/zeromagazine.mx\/wp-content\/uploads\/2025\/06\/IMG_4699-scaled.jpeg?resize=1165%2C2237&#038;ssl=1\" alt=\"\" class=\"wp-image-106227\" srcset=\"https:\/\/i0.wp.com\/zeromagazine.mx\/wp-content\/uploads\/2025\/06\/IMG_4699-scaled.jpeg?w=1333&amp;ssl=1 1333w, https:\/\/i0.wp.com\/zeromagazine.mx\/wp-content\/uploads\/2025\/06\/IMG_4699-scaled.jpeg?resize=156%2C300&amp;ssl=1 156w, https:\/\/i0.wp.com\/zeromagazine.mx\/wp-content\/uploads\/2025\/06\/IMG_4699-scaled.jpeg?resize=533%2C1024&amp;ssl=1 533w, https:\/\/i0.wp.com\/zeromagazine.mx\/wp-content\/uploads\/2025\/06\/IMG_4699-scaled.jpeg?resize=768%2C1475&amp;ssl=1 768w, https:\/\/i0.wp.com\/zeromagazine.mx\/wp-content\/uploads\/2025\/06\/IMG_4699-scaled.jpeg?resize=800%2C1536&amp;ssl=1 800w, https:\/\/i0.wp.com\/zeromagazine.mx\/wp-content\/uploads\/2025\/06\/IMG_4699-scaled.jpeg?resize=1067%2C2048&amp;ssl=1 1067w\" sizes=\"(max-width: 1165px) 100vw, 1165px\" \/><\/figure>\n\n\n\n<p>No era solo una fiesta: era una declaraci\u00f3n de principios. Era ver c\u00f3mo el Fideicomiso de Turismo, empresarios locales, colectivos y organizaciones trabajaban en conjunto para impulsar la econom\u00eda LGBTQ+, no lucrando con ella, sino fortaleci\u00e9ndola desde adentro.<\/p>\n\n\n\n<h2 class=\"wp-block-heading\">Vallarta es Comunidad, no solo diversi\u00f3n<\/h2>\n\n\n\n<p>Los carros aleg\u00f3ricos eran locales: bares, restaurantes, agencias de bienes ra\u00edces, tiendas de ropa, todos con presencia en la marcha, todos visiblemente comprometidos con la comunidad. Y despu\u00e9s de la marcha, la cereza del pastel: la block party.<\/p>\n\n\n\n<figure class=\"wp-block-image size-full\"><img data-recalc-dims=\"1\" decoding=\"async\" width=\"1080\" height=\"1920\" src=\"https:\/\/i0.wp.com\/zeromagazine.mx\/wp-content\/uploads\/2025\/06\/IMG_4690.jpeg?resize=1080%2C1920&#038;ssl=1\" alt=\"\" class=\"wp-image-106228\" srcset=\"https:\/\/i0.wp.com\/zeromagazine.mx\/wp-content\/uploads\/2025\/06\/IMG_4690.jpeg?w=1080&amp;ssl=1 1080w, https:\/\/i0.wp.com\/zeromagazine.mx\/wp-content\/uploads\/2025\/06\/IMG_4690.jpeg?resize=169%2C300&amp;ssl=1 169w, https:\/\/i0.wp.com\/zeromagazine.mx\/wp-content\/uploads\/2025\/06\/IMG_4690.jpeg?resize=576%2C1024&amp;ssl=1 576w, https:\/\/i0.wp.com\/zeromagazine.mx\/wp-content\/uploads\/2025\/06\/IMG_4690.jpeg?resize=768%2C1365&amp;ssl=1 768w, https:\/\/i0.wp.com\/zeromagazine.mx\/wp-content\/uploads\/2025\/06\/IMG_4690.jpeg?resize=864%2C1536&amp;ssl=1 864w\" sizes=\"(max-width: 1080px) 100vw, 1080px\" \/><\/figure>\n\n\n\n<p>Un escenario donde desfilaron To\u00f1ita, talentosos bailarines drag, el colectivo Revolution y una imitadora de Karol G que prendi\u00f3 la noche. El cierre fue glorioso: JNS. Jam\u00e1s imagin\u00e9 ver tantas banderas, tantas voces coreando, tanta piel vibrando al un\u00edsono. Fue, sin exagerar, una noche m\u00e1gica.<\/p>\n\n\n\n<figure class=\"wp-block-image size-full\"><img data-recalc-dims=\"1\" decoding=\"async\" width=\"1165\" height=\"2237\" src=\"https:\/\/i0.wp.com\/zeromagazine.mx\/wp-content\/uploads\/2025\/06\/IMG_4688-scaled.jpeg?resize=1165%2C2237&#038;ssl=1\" alt=\"\" class=\"wp-image-106229\" srcset=\"https:\/\/i0.wp.com\/zeromagazine.mx\/wp-content\/uploads\/2025\/06\/IMG_4688-scaled.jpeg?w=1333&amp;ssl=1 1333w, https:\/\/i0.wp.com\/zeromagazine.mx\/wp-content\/uploads\/2025\/06\/IMG_4688-scaled.jpeg?resize=156%2C300&amp;ssl=1 156w, https:\/\/i0.wp.com\/zeromagazine.mx\/wp-content\/uploads\/2025\/06\/IMG_4688-scaled.jpeg?resize=533%2C1024&amp;ssl=1 533w, https:\/\/i0.wp.com\/zeromagazine.mx\/wp-content\/uploads\/2025\/06\/IMG_4688-scaled.jpeg?resize=768%2C1475&amp;ssl=1 768w, https:\/\/i0.wp.com\/zeromagazine.mx\/wp-content\/uploads\/2025\/06\/IMG_4688-scaled.jpeg?resize=800%2C1536&amp;ssl=1 800w, https:\/\/i0.wp.com\/zeromagazine.mx\/wp-content\/uploads\/2025\/06\/IMG_4688-scaled.jpeg?resize=1067%2C2048&amp;ssl=1 1067w\" sizes=\"(max-width: 1165px) 100vw, 1165px\" \/><\/figure>\n\n\n\n<p>Y aunque no conoc\u00eda a nadie, me sent\u00ed acompa\u00f1ado. En Vallarta nadie te juzga, nadie te observa raro, todos te celebran. Y aunque hay muchos turistas, el lugar no se siente invadido. Al contrario, hay una sensaci\u00f3n de armon\u00eda, de respeto, de pertenencia que rara vez he sentido en otro sitio.<\/p>\n\n\n\n<figure class=\"wp-block-image size-full\"><img data-recalc-dims=\"1\" decoding=\"async\" width=\"1165\" height=\"749\" src=\"https:\/\/i0.wp.com\/zeromagazine.mx\/wp-content\/uploads\/2025\/06\/IMG_4686-scaled.jpeg?resize=1165%2C749&#038;ssl=1\" alt=\"\" class=\"wp-image-106230\" srcset=\"https:\/\/i0.wp.com\/zeromagazine.mx\/wp-content\/uploads\/2025\/06\/IMG_4686-scaled.jpeg?w=2560&amp;ssl=1 2560w, https:\/\/i0.wp.com\/zeromagazine.mx\/wp-content\/uploads\/2025\/06\/IMG_4686-scaled.jpeg?resize=300%2C193&amp;ssl=1 300w, https:\/\/i0.wp.com\/zeromagazine.mx\/wp-content\/uploads\/2025\/06\/IMG_4686-scaled.jpeg?resize=1024%2C658&amp;ssl=1 1024w, https:\/\/i0.wp.com\/zeromagazine.mx\/wp-content\/uploads\/2025\/06\/IMG_4686-scaled.jpeg?resize=768%2C494&amp;ssl=1 768w, https:\/\/i0.wp.com\/zeromagazine.mx\/wp-content\/uploads\/2025\/06\/IMG_4686-scaled.jpeg?resize=1536%2C987&amp;ssl=1 1536w, https:\/\/i0.wp.com\/zeromagazine.mx\/wp-content\/uploads\/2025\/06\/IMG_4686-scaled.jpeg?resize=2048%2C1316&amp;ssl=1 2048w, https:\/\/i0.wp.com\/zeromagazine.mx\/wp-content\/uploads\/2025\/06\/IMG_4686-scaled.jpeg?w=2330 2330w\" sizes=\"(max-width: 1165px) 100vw, 1165px\" \/><\/figure>\n\n\n\n<h2 class=\"wp-block-heading\">Lo que se vive en Vallarta, se queda en el alma<\/h2>\n\n\n\n<p>No s\u00e9 si este a\u00f1o logre ir a la marcha en CDMX. Pero algo es seguro: Puerto Vallarta Pride se ha ganado un lugar en mi vida y en mi coraz\u00f3n. No solo porque fue mi primera vez marchando, sino porque me hizo sentir orgulloso de ser quien soy, de pertenecer, de vivir.<\/p>\n\n\n\n<figure class=\"wp-block-image size-full\"><img data-recalc-dims=\"1\" decoding=\"async\" width=\"1165\" height=\"749\" src=\"https:\/\/i0.wp.com\/zeromagazine.mx\/wp-content\/uploads\/2025\/06\/IMG_4684-scaled.jpeg?resize=1165%2C749&#038;ssl=1\" alt=\"\" class=\"wp-image-106233\" srcset=\"https:\/\/i0.wp.com\/zeromagazine.mx\/wp-content\/uploads\/2025\/06\/IMG_4684-scaled.jpeg?w=2560&amp;ssl=1 2560w, https:\/\/i0.wp.com\/zeromagazine.mx\/wp-content\/uploads\/2025\/06\/IMG_4684-scaled.jpeg?resize=300%2C193&amp;ssl=1 300w, https:\/\/i0.wp.com\/zeromagazine.mx\/wp-content\/uploads\/2025\/06\/IMG_4684-scaled.jpeg?resize=1024%2C658&amp;ssl=1 1024w, https:\/\/i0.wp.com\/zeromagazine.mx\/wp-content\/uploads\/2025\/06\/IMG_4684-scaled.jpeg?resize=768%2C494&amp;ssl=1 768w, https:\/\/i0.wp.com\/zeromagazine.mx\/wp-content\/uploads\/2025\/06\/IMG_4684-scaled.jpeg?resize=1536%2C987&amp;ssl=1 1536w, https:\/\/i0.wp.com\/zeromagazine.mx\/wp-content\/uploads\/2025\/06\/IMG_4684-scaled.jpeg?resize=2048%2C1316&amp;ssl=1 2048w, https:\/\/i0.wp.com\/zeromagazine.mx\/wp-content\/uploads\/2025\/06\/IMG_4684-scaled.jpeg?w=2330 2330w\" sizes=\"(max-width: 1165px) 100vw, 1165px\" \/><\/figure>\n\n\n\n<p>Y por eso quiero invitarte a que el pr\u00f3ximo a\u00f1o no solo marques la fecha. Quiero que te des la oportunidad de vivir el Pride de Puerto Vallarta en carne propia. De volar con VivaAerobus y descubrir una aerol\u00ednea donde realmente se respira inclusi\u00f3n. De hospedarte en el Westin y encontrar un lugar donde la bandera no es decoraci\u00f3n, sino compromiso.<\/p>\n\n\n\n<figure class=\"wp-block-image size-full\"><img data-recalc-dims=\"1\" decoding=\"async\" width=\"1165\" height=\"2237\" src=\"https:\/\/i0.wp.com\/zeromagazine.mx\/wp-content\/uploads\/2025\/06\/IMG_4531-scaled.jpeg?resize=1165%2C2237&#038;ssl=1\" alt=\"\" class=\"wp-image-106234\" srcset=\"https:\/\/i0.wp.com\/zeromagazine.mx\/wp-content\/uploads\/2025\/06\/IMG_4531-scaled.jpeg?w=1333&amp;ssl=1 1333w, https:\/\/i0.wp.com\/zeromagazine.mx\/wp-content\/uploads\/2025\/06\/IMG_4531-scaled.jpeg?resize=156%2C300&amp;ssl=1 156w, https:\/\/i0.wp.com\/zeromagazine.mx\/wp-content\/uploads\/2025\/06\/IMG_4531-scaled.jpeg?resize=533%2C1024&amp;ssl=1 533w, https:\/\/i0.wp.com\/zeromagazine.mx\/wp-content\/uploads\/2025\/06\/IMG_4531-scaled.jpeg?resize=768%2C1475&amp;ssl=1 768w, https:\/\/i0.wp.com\/zeromagazine.mx\/wp-content\/uploads\/2025\/06\/IMG_4531-scaled.jpeg?resize=800%2C1536&amp;ssl=1 800w, https:\/\/i0.wp.com\/zeromagazine.mx\/wp-content\/uploads\/2025\/06\/IMG_4531-scaled.jpeg?resize=1067%2C2048&amp;ssl=1 1067w\" sizes=\"(max-width: 1165px) 100vw, 1165px\" \/><\/figure>\n\n\n\n<p>Porque el Pride no es solo una fiesta. Es una promesa. Una marcha por los que no est\u00e1n. Un espacio seguro para los que no lo han tenido. Y un recordatorio de que ser visibles es tambi\u00e9n ser valientes.<\/p>\n\n\n\n<p>Nos vemos en Puerto Vallarta Pride 2026. Y esta vez, marcharemos juntos.<\/p>","protected":false},"excerpt":{"rendered":"<p>Puerto Vallarta Pride 2025 fue mi primera marcha del orgullo. S\u00ed, lo le\u00edste bien: a mis 37 a\u00f1os, despu\u00e9s de dos d\u00e9cadas fuera del cl\u00f3set, jam\u00e1s hab\u00eda asistido a una. No fue en Ciudad de M\u00e9xico, ni en Guadalajara, ni en otro destino \u201cpopular\u201d. Fue en Puerto Vallarta, un lugar que no solo me recibi\u00f3 [&hellip;]<\/p>\n","protected":false},"author":4,"featured_media":106227,"comment_status":"open","ping_status":"open","sticky":false,"template":"","format":"standard","meta":{"_jetpack_memberships_contains_paid_content":false,"footnotes":"","jetpack_publicize_message":"","jetpack_publicize_feature_enabled":true,"jetpack_social_post_already_shared":true,"jetpack_social_options":{"image_generator_settings":{"template":"highway","default_image_id":0,"font":"","enabled":false},"version":2}},"categories":[791],"tags":[],"class_list":["post-106222","post","type-post","status-publish","format-standard","has-post-thumbnail","hentry","category-cultura","has-post-title","has-post-date","has-post-category","has-post-tag","has-post-comment","has-post-author",""],"yoast_head":"<!-- This site is optimized with the Yoast SEO plugin v27.5 - https:\/\/yoast.com\/product\/yoast-seo-wordpress\/ -->\n<title>Vallarta Pride: El Pride de M\u00e9xico - Zero Magazine<\/title>\n<meta name=\"description\" content=\"Descubre la emotiva cr\u00f3nica de mi primer Pride en Puerto Vallarta: una celebraci\u00f3n de comunidad, lucha y orgullo que transform\u00f3 mi vida.\" \/>\n<meta name=\"robots\" content=\"index, follow, max-snippet:-1, max-image-preview:large, max-video-preview:-1\" \/>\n<link rel=\"canonical\" href=\"https:\/\/zeromagazine.mx\/index.php\/2025\/06\/24\/vallarta-pride-el-pride-de-mexico\/\" \/>\n<meta property=\"og:locale\" content=\"es_ES\" \/>\n<meta property=\"og:type\" content=\"article\" \/>\n<meta property=\"og:title\" content=\"Vallarta Pride: El Pride de M\u00e9xico - Zero Magazine\" \/>\n<meta property=\"og:description\" content=\"Descubre la emotiva cr\u00f3nica de mi primer Pride en Puerto Vallarta: una celebraci\u00f3n de comunidad, lucha y orgullo que transform\u00f3 mi vida.\" \/>\n<meta property=\"og:url\" content=\"https:\/\/zeromagazine.mx\/index.php\/2025\/06\/24\/vallarta-pride-el-pride-de-mexico\/\" \/>\n<meta property=\"og:site_name\" content=\"Zero Magazine\" \/>\n<meta property=\"article:published_time\" content=\"2025-06-24T17:25:31+00:00\" \/>\n<meta property=\"article:modified_time\" content=\"2025-06-24T17:25:32+00:00\" \/>\n<meta property=\"og:image\" content=\"http:\/\/zeromagazine.mx\/wp-content\/uploads\/2025\/06\/IMG_4699-scaled.jpeg\" \/>\n\t<meta property=\"og:image:width\" content=\"1333\" \/>\n\t<meta property=\"og:image:height\" content=\"2560\" \/>\n\t<meta property=\"og:image:type\" content=\"image\/jpeg\" \/>\n<meta name=\"author\" content=\"David Morales\" \/>\n<meta name=\"twitter:card\" content=\"summary_large_image\" \/>\n<meta name=\"twitter:label1\" content=\"Escrito por\" \/>\n\t<meta name=\"twitter:data1\" content=\"David Morales\" \/>\n\t<meta name=\"twitter:label2\" content=\"Tiempo de lectura\" \/>\n\t<meta name=\"twitter:data2\" content=\"6 minutos\" \/>\n<script type=\"application\/ld+json\" class=\"yoast-schema-graph\">{\"@context\":\"https:\\\/\\\/schema.org\",\"@graph\":[{\"@type\":\"Article\",\"@id\":\"https:\\\/\\\/zeromagazine.mx\\\/index.php\\\/2025\\\/06\\\/24\\\/vallarta-pride-el-pride-de-mexico\\\/#article\",\"isPartOf\":{\"@id\":\"https:\\\/\\\/zeromagazine.mx\\\/index.php\\\/2025\\\/06\\\/24\\\/vallarta-pride-el-pride-de-mexico\\\/\"},\"author\":{\"name\":\"David Morales\",\"@id\":\"https:\\\/\\\/zeromagazine.mx\\\/#\\\/schema\\\/person\\\/9f7f1a17c60ba8e9980e3e6677aabe5a\"},\"headline\":\"Vallarta Pride: El Pride de M\u00e9xico\",\"datePublished\":\"2025-06-24T17:25:31+00:00\",\"dateModified\":\"2025-06-24T17:25:32+00:00\",\"mainEntityOfPage\":{\"@id\":\"https:\\\/\\\/zeromagazine.mx\\\/index.php\\\/2025\\\/06\\\/24\\\/vallarta-pride-el-pride-de-mexico\\\/\"},\"wordCount\":889,\"commentCount\":0,\"publisher\":{\"@id\":\"https:\\\/\\\/zeromagazine.mx\\\/#organization\"},\"image\":{\"@id\":\"https:\\\/\\\/zeromagazine.mx\\\/index.php\\\/2025\\\/06\\\/24\\\/vallarta-pride-el-pride-de-mexico\\\/#primaryimage\"},\"thumbnailUrl\":\"https:\\\/\\\/i0.wp.com\\\/zeromagazine.mx\\\/wp-content\\\/uploads\\\/2025\\\/06\\\/IMG_4699-scaled.jpeg?fit=1333%2C2560&ssl=1\",\"articleSection\":[\"Cultura\"],\"inLanguage\":\"es\",\"potentialAction\":[{\"@type\":\"CommentAction\",\"name\":\"Comment\",\"target\":[\"https:\\\/\\\/zeromagazine.mx\\\/index.php\\\/2025\\\/06\\\/24\\\/vallarta-pride-el-pride-de-mexico\\\/#respond\"]}]},{\"@type\":\"WebPage\",\"@id\":\"https:\\\/\\\/zeromagazine.mx\\\/index.php\\\/2025\\\/06\\\/24\\\/vallarta-pride-el-pride-de-mexico\\\/\",\"url\":\"https:\\\/\\\/zeromagazine.mx\\\/index.php\\\/2025\\\/06\\\/24\\\/vallarta-pride-el-pride-de-mexico\\\/\",\"name\":\"Vallarta Pride: El Pride de M\u00e9xico - Zero Magazine\",\"isPartOf\":{\"@id\":\"https:\\\/\\\/zeromagazine.mx\\\/#website\"},\"primaryImageOfPage\":{\"@id\":\"https:\\\/\\\/zeromagazine.mx\\\/index.php\\\/2025\\\/06\\\/24\\\/vallarta-pride-el-pride-de-mexico\\\/#primaryimage\"},\"image\":{\"@id\":\"https:\\\/\\\/zeromagazine.mx\\\/index.php\\\/2025\\\/06\\\/24\\\/vallarta-pride-el-pride-de-mexico\\\/#primaryimage\"},\"thumbnailUrl\":\"https:\\\/\\\/i0.wp.com\\\/zeromagazine.mx\\\/wp-content\\\/uploads\\\/2025\\\/06\\\/IMG_4699-scaled.jpeg?fit=1333%2C2560&ssl=1\",\"datePublished\":\"2025-06-24T17:25:31+00:00\",\"dateModified\":\"2025-06-24T17:25:32+00:00\",\"description\":\"Descubre la emotiva cr\u00f3nica de mi primer Pride en Puerto Vallarta: una celebraci\u00f3n de comunidad, lucha y orgullo que transform\u00f3 mi vida.\",\"breadcrumb\":{\"@id\":\"https:\\\/\\\/zeromagazine.mx\\\/index.php\\\/2025\\\/06\\\/24\\\/vallarta-pride-el-pride-de-mexico\\\/#breadcrumb\"},\"inLanguage\":\"es\",\"potentialAction\":[{\"@type\":\"ReadAction\",\"target\":[\"https:\\\/\\\/zeromagazine.mx\\\/index.php\\\/2025\\\/06\\\/24\\\/vallarta-pride-el-pride-de-mexico\\\/\"]}]},{\"@type\":\"ImageObject\",\"inLanguage\":\"es\",\"@id\":\"https:\\\/\\\/zeromagazine.mx\\\/index.php\\\/2025\\\/06\\\/24\\\/vallarta-pride-el-pride-de-mexico\\\/#primaryimage\",\"url\":\"https:\\\/\\\/i0.wp.com\\\/zeromagazine.mx\\\/wp-content\\\/uploads\\\/2025\\\/06\\\/IMG_4699-scaled.jpeg?fit=1333%2C2560&ssl=1\",\"contentUrl\":\"https:\\\/\\\/i0.wp.com\\\/zeromagazine.mx\\\/wp-content\\\/uploads\\\/2025\\\/06\\\/IMG_4699-scaled.jpeg?fit=1333%2C2560&ssl=1\",\"width\":1333,\"height\":2560,\"caption\":\"filter: 0; fileterIntensity: 0.0; filterMask: 0; captureOrientation: 90; algolist: 0; multi-frame: 1; brp_mask:8; brp_del_th:0.0503,0.0000; brp_del_sen:0.1000,0.0000; motionR: 65537; delta:1; bokeh:1; module: photo;hw-remosaic: false;touch: (-1.0, -1.0);sceneMode: 8388608;cct_value: 0;AI_Scene: (-1, -1);aec_lux: 210.52554;aec_lux_index: 0;albedo: ;confidence: ;motionLevel: -1;weatherinfo: null;temperature: 39;\"},{\"@type\":\"BreadcrumbList\",\"@id\":\"https:\\\/\\\/zeromagazine.mx\\\/index.php\\\/2025\\\/06\\\/24\\\/vallarta-pride-el-pride-de-mexico\\\/#breadcrumb\",\"itemListElement\":[{\"@type\":\"ListItem\",\"position\":1,\"name\":\"Portada\",\"item\":\"https:\\\/\\\/zeromagazine.mx\\\/\"},{\"@type\":\"ListItem\",\"position\":2,\"name\":\"Vallarta Pride: El Pride de M\u00e9xico\"}]},{\"@type\":\"WebSite\",\"@id\":\"https:\\\/\\\/zeromagazine.mx\\\/#website\",\"url\":\"https:\\\/\\\/zeromagazine.mx\\\/\",\"name\":\"Zero Magazine\",\"description\":\"\",\"publisher\":{\"@id\":\"https:\\\/\\\/zeromagazine.mx\\\/#organization\"},\"potentialAction\":[{\"@type\":\"SearchAction\",\"target\":{\"@type\":\"EntryPoint\",\"urlTemplate\":\"https:\\\/\\\/zeromagazine.mx\\\/?s={search_term_string}\"},\"query-input\":{\"@type\":\"PropertyValueSpecification\",\"valueRequired\":true,\"valueName\":\"search_term_string\"}}],\"inLanguage\":\"es\"},{\"@type\":\"Organization\",\"@id\":\"https:\\\/\\\/zeromagazine.mx\\\/#organization\",\"name\":\"Zero Magazine\",\"url\":\"https:\\\/\\\/zeromagazine.mx\\\/\",\"logo\":{\"@type\":\"ImageObject\",\"inLanguage\":\"es\",\"@id\":\"https:\\\/\\\/zeromagazine.mx\\\/#\\\/schema\\\/logo\\\/image\\\/\",\"url\":\"https:\\\/\\\/i0.wp.com\\\/zeromagazine.mx\\\/wp-content\\\/uploads\\\/2025\\\/11\\\/1.jpeg?fit=1000%2C1000&ssl=1\",\"contentUrl\":\"https:\\\/\\\/i0.wp.com\\\/zeromagazine.mx\\\/wp-content\\\/uploads\\\/2025\\\/11\\\/1.jpeg?fit=1000%2C1000&ssl=1\",\"width\":1000,\"height\":1000,\"caption\":\"Zero Magazine\"},\"image\":{\"@id\":\"https:\\\/\\\/zeromagazine.mx\\\/#\\\/schema\\\/logo\\\/image\\\/\"},\"sameAs\":[\"https:\\\/\\\/instagram.com\\\/zeromagazinemx\"]},{\"@type\":\"Person\",\"@id\":\"https:\\\/\\\/zeromagazine.mx\\\/#\\\/schema\\\/person\\\/9f7f1a17c60ba8e9980e3e6677aabe5a\",\"name\":\"David Morales\",\"image\":{\"@type\":\"ImageObject\",\"inLanguage\":\"es\",\"@id\":\"https:\\\/\\\/zeromagazine.mx\\\/wp-content\\\/litespeed\\\/avatar\\\/76069d2136bfc1c37dc34815bb67ca42.jpg?ver=1777571067\",\"url\":\"https:\\\/\\\/zeromagazine.mx\\\/wp-content\\\/litespeed\\\/avatar\\\/76069d2136bfc1c37dc34815bb67ca42.jpg?ver=1777571067\",\"contentUrl\":\"https:\\\/\\\/zeromagazine.mx\\\/wp-content\\\/litespeed\\\/avatar\\\/76069d2136bfc1c37dc34815bb67ca42.jpg?ver=1777571067\",\"caption\":\"David Morales\"},\"url\":\"https:\\\/\\\/zeromagazine.mx\\\/index.php\\\/author\\\/david\\\/\"}]}<\/script>\n<!-- \/ Yoast SEO plugin. -->","yoast_head_json":{"title":"Vallarta Pride: El Pride de M\u00e9xico - Zero Magazine","description":"Descubre la emotiva cr\u00f3nica de mi primer Pride en Puerto Vallarta: una celebraci\u00f3n de comunidad, lucha y orgullo que transform\u00f3 mi vida.","robots":{"index":"index","follow":"follow","max-snippet":"max-snippet:-1","max-image-preview":"max-image-preview:large","max-video-preview":"max-video-preview:-1"},"canonical":"https:\/\/zeromagazine.mx\/index.php\/2025\/06\/24\/vallarta-pride-el-pride-de-mexico\/","og_locale":"es_ES","og_type":"article","og_title":"Vallarta Pride: El Pride de M\u00e9xico - Zero Magazine","og_description":"Descubre la emotiva cr\u00f3nica de mi primer Pride en Puerto Vallarta: una celebraci\u00f3n de comunidad, lucha y orgullo que transform\u00f3 mi vida.","og_url":"https:\/\/zeromagazine.mx\/index.php\/2025\/06\/24\/vallarta-pride-el-pride-de-mexico\/","og_site_name":"Zero Magazine","article_published_time":"2025-06-24T17:25:31+00:00","article_modified_time":"2025-06-24T17:25:32+00:00","og_image":[{"width":1333,"height":2560,"url":"http:\/\/zeromagazine.mx\/wp-content\/uploads\/2025\/06\/IMG_4699-scaled.jpeg","type":"image\/jpeg"}],"author":"David Morales","twitter_card":"summary_large_image","twitter_misc":{"Escrito por":"David Morales","Tiempo de lectura":"6 minutos"},"schema":{"@context":"https:\/\/schema.org","@graph":[{"@type":"Article","@id":"https:\/\/zeromagazine.mx\/index.php\/2025\/06\/24\/vallarta-pride-el-pride-de-mexico\/#article","isPartOf":{"@id":"https:\/\/zeromagazine.mx\/index.php\/2025\/06\/24\/vallarta-pride-el-pride-de-mexico\/"},"author":{"name":"David Morales","@id":"https:\/\/zeromagazine.mx\/#\/schema\/person\/9f7f1a17c60ba8e9980e3e6677aabe5a"},"headline":"Vallarta Pride: El Pride de M\u00e9xico","datePublished":"2025-06-24T17:25:31+00:00","dateModified":"2025-06-24T17:25:32+00:00","mainEntityOfPage":{"@id":"https:\/\/zeromagazine.mx\/index.php\/2025\/06\/24\/vallarta-pride-el-pride-de-mexico\/"},"wordCount":889,"commentCount":0,"publisher":{"@id":"https:\/\/zeromagazine.mx\/#organization"},"image":{"@id":"https:\/\/zeromagazine.mx\/index.php\/2025\/06\/24\/vallarta-pride-el-pride-de-mexico\/#primaryimage"},"thumbnailUrl":"https:\/\/i0.wp.com\/zeromagazine.mx\/wp-content\/uploads\/2025\/06\/IMG_4699-scaled.jpeg?fit=1333%2C2560&ssl=1","articleSection":["Cultura"],"inLanguage":"es","potentialAction":[{"@type":"CommentAction","name":"Comment","target":["https:\/\/zeromagazine.mx\/index.php\/2025\/06\/24\/vallarta-pride-el-pride-de-mexico\/#respond"]}]},{"@type":"WebPage","@id":"https:\/\/zeromagazine.mx\/index.php\/2025\/06\/24\/vallarta-pride-el-pride-de-mexico\/","url":"https:\/\/zeromagazine.mx\/index.php\/2025\/06\/24\/vallarta-pride-el-pride-de-mexico\/","name":"Vallarta Pride: El Pride de M\u00e9xico - Zero Magazine","isPartOf":{"@id":"https:\/\/zeromagazine.mx\/#website"},"primaryImageOfPage":{"@id":"https:\/\/zeromagazine.mx\/index.php\/2025\/06\/24\/vallarta-pride-el-pride-de-mexico\/#primaryimage"},"image":{"@id":"https:\/\/zeromagazine.mx\/index.php\/2025\/06\/24\/vallarta-pride-el-pride-de-mexico\/#primaryimage"},"thumbnailUrl":"https:\/\/i0.wp.com\/zeromagazine.mx\/wp-content\/uploads\/2025\/06\/IMG_4699-scaled.jpeg?fit=1333%2C2560&ssl=1","datePublished":"2025-06-24T17:25:31+00:00","dateModified":"2025-06-24T17:25:32+00:00","description":"Descubre la emotiva cr\u00f3nica de mi primer Pride en Puerto Vallarta: una celebraci\u00f3n de comunidad, lucha y orgullo que transform\u00f3 mi vida.","breadcrumb":{"@id":"https:\/\/zeromagazine.mx\/index.php\/2025\/06\/24\/vallarta-pride-el-pride-de-mexico\/#breadcrumb"},"inLanguage":"es","potentialAction":[{"@type":"ReadAction","target":["https:\/\/zeromagazine.mx\/index.php\/2025\/06\/24\/vallarta-pride-el-pride-de-mexico\/"]}]},{"@type":"ImageObject","inLanguage":"es","@id":"https:\/\/zeromagazine.mx\/index.php\/2025\/06\/24\/vallarta-pride-el-pride-de-mexico\/#primaryimage","url":"https:\/\/i0.wp.com\/zeromagazine.mx\/wp-content\/uploads\/2025\/06\/IMG_4699-scaled.jpeg?fit=1333%2C2560&ssl=1","contentUrl":"https:\/\/i0.wp.com\/zeromagazine.mx\/wp-content\/uploads\/2025\/06\/IMG_4699-scaled.jpeg?fit=1333%2C2560&ssl=1","width":1333,"height":2560,"caption":"filter: 0; fileterIntensity: 0.0; filterMask: 0; captureOrientation: 90; algolist: 0; multi-frame: 1; brp_mask:8; brp_del_th:0.0503,0.0000; brp_del_sen:0.1000,0.0000; motionR: 65537; delta:1; bokeh:1; module: photo;hw-remosaic: false;touch: (-1.0, -1.0);sceneMode: 8388608;cct_value: 0;AI_Scene: (-1, -1);aec_lux: 210.52554;aec_lux_index: 0;albedo: ;confidence: ;motionLevel: -1;weatherinfo: null;temperature: 39;"},{"@type":"BreadcrumbList","@id":"https:\/\/zeromagazine.mx\/index.php\/2025\/06\/24\/vallarta-pride-el-pride-de-mexico\/#breadcrumb","itemListElement":[{"@type":"ListItem","position":1,"name":"Portada","item":"https:\/\/zeromagazine.mx\/"},{"@type":"ListItem","position":2,"name":"Vallarta Pride: El Pride de M\u00e9xico"}]},{"@type":"WebSite","@id":"https:\/\/zeromagazine.mx\/#website","url":"https:\/\/zeromagazine.mx\/","name":"Zero Magazine","description":"","publisher":{"@id":"https:\/\/zeromagazine.mx\/#organization"},"potentialAction":[{"@type":"SearchAction","target":{"@type":"EntryPoint","urlTemplate":"https:\/\/zeromagazine.mx\/?s={search_term_string}"},"query-input":{"@type":"PropertyValueSpecification","valueRequired":true,"valueName":"search_term_string"}}],"inLanguage":"es"},{"@type":"Organization","@id":"https:\/\/zeromagazine.mx\/#organization","name":"Zero Magazine","url":"https:\/\/zeromagazine.mx\/","logo":{"@type":"ImageObject","inLanguage":"es","@id":"https:\/\/zeromagazine.mx\/#\/schema\/logo\/image\/","url":"https:\/\/i0.wp.com\/zeromagazine.mx\/wp-content\/uploads\/2025\/11\/1.jpeg?fit=1000%2C1000&ssl=1","contentUrl":"https:\/\/i0.wp.com\/zeromagazine.mx\/wp-content\/uploads\/2025\/11\/1.jpeg?fit=1000%2C1000&ssl=1","width":1000,"height":1000,"caption":"Zero Magazine"},"image":{"@id":"https:\/\/zeromagazine.mx\/#\/schema\/logo\/image\/"},"sameAs":["https:\/\/instagram.com\/zeromagazinemx"]},{"@type":"Person","@id":"https:\/\/zeromagazine.mx\/#\/schema\/person\/9f7f1a17c60ba8e9980e3e6677aabe5a","name":"David Morales","image":{"@type":"ImageObject","inLanguage":"es","@id":"https:\/\/zeromagazine.mx\/wp-content\/litespeed\/avatar\/76069d2136bfc1c37dc34815bb67ca42.jpg?ver=1777571067","url":"https:\/\/zeromagazine.mx\/wp-content\/litespeed\/avatar\/76069d2136bfc1c37dc34815bb67ca42.jpg?ver=1777571067","contentUrl":"https:\/\/zeromagazine.mx\/wp-content\/litespeed\/avatar\/76069d2136bfc1c37dc34815bb67ca42.jpg?ver=1777571067","caption":"David Morales"},"url":"https:\/\/zeromagazine.mx\/index.php\/author\/david\/"}]}},"jetpack_publicize_connections":[],"jetpack_featured_media_url":"https:\/\/i0.wp.com\/zeromagazine.mx\/wp-content\/uploads\/2025\/06\/IMG_4699-scaled.jpeg?fit=1333%2C2560&ssl=1","jetpack-related-posts":[{"id":75632,"url":"https:\/\/zeromagazine.mx\/index.php\/2024\/05\/07\/vallarta-pride-orgullo-lgbt-y-turismo-rosa\/","url_meta":{"origin":106222,"position":0},"title":"Vallarta Pride: Orgullo LGBT+ y Turismo Rosa","author":"zeromagazinemx","date":"7 de mayo de 2024","format":false,"excerpt":"Se estima que Vallarta Pride est\u00e1 esperando recibir a m\u00e1s de 22 mil turistas durante la Semana del Orgullo LGBT+ en Puerto Vallarta. Este evento, que representa una importante fuente de ingresos para el destino de playa, es una celebraci\u00f3n emblem\u00e1tica que conmemora la diversidad y la inclusi\u00f3n. Adem\u00e1s, Puerto\u2026","rel":"","context":"En \u00abCultura\u00bb","block_context":{"text":"Cultura","link":"https:\/\/zeromagazine.mx\/index.php\/category\/cultura\/"},"img":{"alt_text":"","src":"https:\/\/i0.wp.com\/zeromagazine.mx\/wp-content\/uploads\/2024\/05\/gaypv52-scaled.jpg?fit=1200%2C800&ssl=1&resize=350%2C200","width":350,"height":200,"srcset":"https:\/\/i0.wp.com\/zeromagazine.mx\/wp-content\/uploads\/2024\/05\/gaypv52-scaled.jpg?fit=1200%2C800&ssl=1&resize=350%2C200 1x, https:\/\/i0.wp.com\/zeromagazine.mx\/wp-content\/uploads\/2024\/05\/gaypv52-scaled.jpg?fit=1200%2C800&ssl=1&resize=525%2C300 1.5x, https:\/\/i0.wp.com\/zeromagazine.mx\/wp-content\/uploads\/2024\/05\/gaypv52-scaled.jpg?fit=1200%2C800&ssl=1&resize=700%2C400 2x, https:\/\/i0.wp.com\/zeromagazine.mx\/wp-content\/uploads\/2024\/05\/gaypv52-scaled.jpg?fit=1200%2C800&ssl=1&resize=1050%2C600 3x"},"classes":[]},{"id":75577,"url":"https:\/\/zeromagazine.mx\/index.php\/2024\/05\/07\/vallarta-pride-con-scruff\/","url_meta":{"origin":106222,"position":1},"title":"Vallarta Pride con SCRUFF","author":"zeromagazinemx","date":"7 de mayo de 2024","format":false,"excerpt":"Les traigo una s\u00faper noticia que no se pueden perder. Resulta que durante la semana del orgullo LGBTQ+, Vallarta estar\u00e1 m\u00e1s brillante y colorido que nunca. SCRUFF, s\u00ed, la app que sabemos que muchos de nosotres usamos, va a estar s\u00faper presente en este evento que promete ser espectacular. Ahora,\u2026","rel":"","context":"En \u00abCultura\u00bb","block_context":{"text":"Cultura","link":"https:\/\/zeromagazine.mx\/index.php\/category\/cultura\/"},"img":{"alt_text":"","src":"https:\/\/i0.wp.com\/zeromagazine.mx\/wp-content\/uploads\/2024\/05\/K9A8522-1.jpg?fit=1200%2C800&ssl=1&resize=350%2C200","width":350,"height":200,"srcset":"https:\/\/i0.wp.com\/zeromagazine.mx\/wp-content\/uploads\/2024\/05\/K9A8522-1.jpg?fit=1200%2C800&ssl=1&resize=350%2C200 1x, https:\/\/i0.wp.com\/zeromagazine.mx\/wp-content\/uploads\/2024\/05\/K9A8522-1.jpg?fit=1200%2C800&ssl=1&resize=525%2C300 1.5x, https:\/\/i0.wp.com\/zeromagazine.mx\/wp-content\/uploads\/2024\/05\/K9A8522-1.jpg?fit=1200%2C800&ssl=1&resize=700%2C400 2x, https:\/\/i0.wp.com\/zeromagazine.mx\/wp-content\/uploads\/2024\/05\/K9A8522-1.jpg?fit=1200%2C800&ssl=1&resize=1050%2C600 3x"},"classes":[]},{"id":100711,"url":"https:\/\/zeromagazine.mx\/index.php\/2025\/04\/07\/orgullo-que-impulsa-turismo\/","url_meta":{"origin":106222,"position":2},"title":"Orgullo que Impulsa Turismo","author":"David Morales","date":"7 de abril de 2025","format":false,"excerpt":"Amix, si algo tenemos clar\u00edsimo es que viajar siendo parte de la comunidad no siempre fue (ni es) tan f\u00e1cil. Pero las cosas est\u00e1n cambiando, y M\u00e9xico est\u00e1 tomando el liderazgo. En abril, la IGLTA (aka la International LGBTQ+ Travel Association) celebr\u00f3 por primera vez un simposio en nuestro pa\u00eds,\u2026","rel":"","context":"En \u00abViajes\u00bb","block_context":{"text":"Viajes","link":"https:\/\/zeromagazine.mx\/index.php\/category\/lugares\/"},"img":{"alt_text":"","src":"https:\/\/i0.wp.com\/zeromagazine.mx\/wp-content\/uploads\/2025\/04\/Captura-de-pantalla-2025-04-07-144750.png?fit=756%2C628&ssl=1&resize=350%2C200","width":350,"height":200,"srcset":"https:\/\/i0.wp.com\/zeromagazine.mx\/wp-content\/uploads\/2025\/04\/Captura-de-pantalla-2025-04-07-144750.png?fit=756%2C628&ssl=1&resize=350%2C200 1x, https:\/\/i0.wp.com\/zeromagazine.mx\/wp-content\/uploads\/2025\/04\/Captura-de-pantalla-2025-04-07-144750.png?fit=756%2C628&ssl=1&resize=525%2C300 1.5x, https:\/\/i0.wp.com\/zeromagazine.mx\/wp-content\/uploads\/2025\/04\/Captura-de-pantalla-2025-04-07-144750.png?fit=756%2C628&ssl=1&resize=700%2C400 2x"},"classes":[]},{"id":106115,"url":"https:\/\/zeromagazine.mx\/index.php\/2025\/06\/17\/el-pride-de-aribnb-vibra-en-cdmx\/","url_meta":{"origin":106222,"position":3},"title":"El Pride de Airbnb vibra en CDMX","author":"David Morales","date":"17 de junio de 2025","format":false,"excerpt":"Amix, ya se acerca el Pride y obvio no solo estamos pensando en el outfit m\u00e1s glitteroso para la marcha, sino tambi\u00e9n en c\u00f3mo hacer de este momento algo m\u00e1s grande. Y si t\u00fa y tu crew quieren armar el viaje m\u00e1s \u00e9pico de su vida, la neta es que\u2026","rel":"","context":"En \u00abViajes\u00bb","block_context":{"text":"Viajes","link":"https:\/\/zeromagazine.mx\/index.php\/category\/lugares\/"},"img":{"alt_text":"","src":"https:\/\/i0.wp.com\/zeromagazine.mx\/wp-content\/uploads\/2025\/06\/Airbnb2_250609.jpg?fit=960%2C625&ssl=1&resize=350%2C200","width":350,"height":200,"srcset":"https:\/\/i0.wp.com\/zeromagazine.mx\/wp-content\/uploads\/2025\/06\/Airbnb2_250609.jpg?fit=960%2C625&ssl=1&resize=350%2C200 1x, https:\/\/i0.wp.com\/zeromagazine.mx\/wp-content\/uploads\/2025\/06\/Airbnb2_250609.jpg?fit=960%2C625&ssl=1&resize=525%2C300 1.5x, https:\/\/i0.wp.com\/zeromagazine.mx\/wp-content\/uploads\/2025\/06\/Airbnb2_250609.jpg?fit=960%2C625&ssl=1&resize=700%2C400 2x"},"classes":[]},{"id":84768,"url":"https:\/\/zeromagazine.mx\/index.php\/2024\/09\/27\/puerto-vallarta-sol-playa-y-sazon\/","url_meta":{"origin":106222,"position":4},"title":"\u00abPuerto Vallarta: Sol, Playa y Saz\u00f3n\u00bb","author":"zeromagazinemx","date":"27 de septiembre de 2024","format":false,"excerpt":"\u00bfEst\u00e1s en busca de un lugar que combine vibes playeras, gastronom\u00eda deliciosa y un ambiente acogedor? Puerto Vallarta, Jalisco, es el destino perfecto. Este rinc\u00f3n del Pac\u00edfico mexicano no es solo un hotspot tur\u00edstico; se ha convertido en el hogar ideal para inversionistas y familias que quieren disfrutar de una\u2026","rel":"","context":"En \u00abViajes\u00bb","block_context":{"text":"Viajes","link":"https:\/\/zeromagazine.mx\/index.php\/category\/lugares\/"},"img":{"alt_text":"","src":"https:\/\/i0.wp.com\/zeromagazine.mx\/wp-content\/uploads\/2024\/09\/ZR-8-Disfrutar-el-Atardecer.jpg?fit=720%2C480&ssl=1&resize=350%2C200","width":350,"height":200,"srcset":"https:\/\/i0.wp.com\/zeromagazine.mx\/wp-content\/uploads\/2024\/09\/ZR-8-Disfrutar-el-Atardecer.jpg?fit=720%2C480&ssl=1&resize=350%2C200 1x, https:\/\/i0.wp.com\/zeromagazine.mx\/wp-content\/uploads\/2024\/09\/ZR-8-Disfrutar-el-Atardecer.jpg?fit=720%2C480&ssl=1&resize=525%2C300 1.5x, https:\/\/i0.wp.com\/zeromagazine.mx\/wp-content\/uploads\/2024\/09\/ZR-8-Disfrutar-el-Atardecer.jpg?fit=720%2C480&ssl=1&resize=700%2C400 2x"},"classes":[]},{"id":99469,"url":"https:\/\/zeromagazine.mx\/index.php\/2025\/03\/25\/vive-vallarta-sin-salir-de-cdmx-con-hilton\/","url_meta":{"origin":106222,"position":5},"title":"Vive Vallarta Sin Salir De CDMX","author":"David Morales","date":"25 de marzo de 2025","format":false,"excerpt":"Amix, si est\u00e1s so\u00f1ando con la playa pero la rutina no te deja escapar, \u00a1tengo la soluci\u00f3n perfecta! El Hilton Vallarta Riviera All-Inclusive Resort trajo la vibra de la costa directamente a la CDMX con su evento The Hilton Vallarta Riviera Experience en CDMX. \u00bfQu\u00e9 significa esto? B\u00e1sicamente, sentirte en\u2026","rel":"","context":"En \u00abViajes\u00bb","block_context":{"text":"Viajes","link":"https:\/\/zeromagazine.mx\/index.php\/category\/lugares\/"},"img":{"alt_text":"","src":"https:\/\/i0.wp.com\/zeromagazine.mx\/wp-content\/uploads\/2025\/03\/HILTON_VR_AI_1.jpg?fit=980%2C600&ssl=1&resize=350%2C200","width":350,"height":200,"srcset":"https:\/\/i0.wp.com\/zeromagazine.mx\/wp-content\/uploads\/2025\/03\/HILTON_VR_AI_1.jpg?fit=980%2C600&ssl=1&resize=350%2C200 1x, https:\/\/i0.wp.com\/zeromagazine.mx\/wp-content\/uploads\/2025\/03\/HILTON_VR_AI_1.jpg?fit=980%2C600&ssl=1&resize=525%2C300 1.5x, https:\/\/i0.wp.com\/zeromagazine.mx\/wp-content\/uploads\/2025\/03\/HILTON_VR_AI_1.jpg?fit=980%2C600&ssl=1&resize=700%2C400 2x"},"classes":[]}],"jetpack_sharing_enabled":true,"builder_content":"","_links":{"self":[{"href":"https:\/\/zeromagazine.mx\/index.php\/wp-json\/wp\/v2\/posts\/106222","targetHints":{"allow":["GET"]}}],"collection":[{"href":"https:\/\/zeromagazine.mx\/index.php\/wp-json\/wp\/v2\/posts"}],"about":[{"href":"https:\/\/zeromagazine.mx\/index.php\/wp-json\/wp\/v2\/types\/post"}],"author":[{"embeddable":true,"href":"https:\/\/zeromagazine.mx\/index.php\/wp-json\/wp\/v2\/users\/4"}],"replies":[{"embeddable":true,"href":"https:\/\/zeromagazine.mx\/index.php\/wp-json\/wp\/v2\/comments?post=106222"}],"version-history":[{"count":5,"href":"https:\/\/zeromagazine.mx\/index.php\/wp-json\/wp\/v2\/posts\/106222\/revisions"}],"predecessor-version":[{"id":106237,"href":"https:\/\/zeromagazine.mx\/index.php\/wp-json\/wp\/v2\/posts\/106222\/revisions\/106237"}],"wp:featuredmedia":[{"embeddable":true,"href":"https:\/\/zeromagazine.mx\/index.php\/wp-json\/wp\/v2\/media\/106227"}],"wp:attachment":[{"href":"https:\/\/zeromagazine.mx\/index.php\/wp-json\/wp\/v2\/media?parent=106222"}],"wp:term":[{"taxonomy":"category","embeddable":true,"href":"https:\/\/zeromagazine.mx\/index.php\/wp-json\/wp\/v2\/categories?post=106222"},{"taxonomy":"post_tag","embeddable":true,"href":"https:\/\/zeromagazine.mx\/index.php\/wp-json\/wp\/v2\/tags?post=106222"}],"curies":[{"name":"wp","href":"https:\/\/api.w.org\/{rel}","templated":true}]}}