{"id":106287,"date":"2025-06-26T13:43:30","date_gmt":"2025-06-26T19:43:30","guid":{"rendered":"https:\/\/zeromagazine.mx\/?p=106287"},"modified":"2025-06-26T13:43:32","modified_gmt":"2025-06-26T19:43:32","slug":"luis-alberti-en-rosario-tijeras-y-su-poder-de-contar-historias","status":"publish","type":"post","link":"https:\/\/zeromagazine.mx\/index.php\/2025\/06\/26\/luis-alberti-en-rosario-tijeras-y-su-poder-de-contar-historias\/","title":{"rendered":"Luis Alberti en Rosario Tijeras y su poder de contar historias"},"content":{"rendered":"<p>Luis Alberti vuelve a interpretar a Brandon en la cuarta temporada de <em>Rosario Tijeras<\/em>, uno de los personajes m\u00e1s entra\u00f1ables y complejos de la serie. En esta entrevista, el actor reflexiona sobre lo que significa regresar a este universo narrativo, la responsabilidad de representar a un sicario desde una mirada humana, y c\u00f3mo el cine puede ser una herramienta poderosa para hablar de identidad, memoria y dignidad. Con honestidad y compromiso, Luis comparte tambi\u00e9n su visi\u00f3n del cine mexicano actual, su trayectoria y los desaf\u00edos de actuar en un pa\u00eds lleno de contrastes.<\/p>\n\n\n\n<h2 class=\"wp-block-heading\"><strong>1. Luis, regresas como Brandon L\u00f3pez Morales en la cuarta temporada de <em>Rosario Tijeras<\/em>. \u00bfC\u00f3mo fue reencontrarte con un personaje que interpretaste hace varios a\u00f1os?<\/strong><\/h2>\n\n\n\n<p>Luis comenta que se dio la oportunidad de reaparecer. Son varias participaciones breves, pero significativas, que para \u00e9l representan un gui\u00f1o para todos los fans de la serie que llevan a este personaje tan emblem\u00e1tico y querido en el coraz\u00f3n.<br>Adem\u00e1s, se\u00f1ala que durante el desarrollo de esta \u00faltima temporada se reafirma el cari\u00f1o tanto de Rosario como de Brandon. Sin embargo, destaca que se retrat\u00f3 a un sicario encantador, y lo que menos quer\u00eda era volverlo \u00abinmortal\u00bb, por la carga moral que eso implica, especialmente considerando que la serie fue muy consumida por menores de edad.<\/p>\n\n\n\n<figure class=\"wp-block-gallery has-nested-images columns-default is-cropped wp-block-gallery-1 is-layout-flex wp-block-gallery-is-layout-flex\">\n<figure class=\"wp-block-image size-large\"><img data-recalc-dims=\"1\" decoding=\"async\" width=\"683\" height=\"1024\" data-id=\"106288\" src=\"https:\/\/i0.wp.com\/zeromagazine.mx\/wp-content\/uploads\/2025\/06\/LUIS-ALBERTI0066-1-copia-683x1024.jpeg?resize=683%2C1024\" alt=\"\" class=\"wp-image-106288\" srcset=\"https:\/\/i0.wp.com\/zeromagazine.mx\/wp-content\/uploads\/2025\/06\/LUIS-ALBERTI0066-1-copia-scaled.jpeg?resize=683%2C1024&amp;ssl=1 683w, https:\/\/i0.wp.com\/zeromagazine.mx\/wp-content\/uploads\/2025\/06\/LUIS-ALBERTI0066-1-copia-scaled.jpeg?resize=200%2C300&amp;ssl=1 200w, https:\/\/i0.wp.com\/zeromagazine.mx\/wp-content\/uploads\/2025\/06\/LUIS-ALBERTI0066-1-copia-scaled.jpeg?w=1707&amp;ssl=1 1707w\" sizes=\"(max-width: 683px) 100vw, 683px\" \/><\/figure>\n\n\n\n<figure class=\"wp-block-image size-large\"><img data-recalc-dims=\"1\" decoding=\"async\" width=\"680\" height=\"1024\" data-id=\"106309\" src=\"https:\/\/i0.wp.com\/zeromagazine.mx\/wp-content\/uploads\/2025\/06\/Screenshot-2025-06-26-134118-680x1024.png?resize=680%2C1024&#038;ssl=1\" alt=\"\" class=\"wp-image-106309\" srcset=\"https:\/\/i0.wp.com\/zeromagazine.mx\/wp-content\/uploads\/2025\/06\/Screenshot-2025-06-26-134118.png?resize=680%2C1024&amp;ssl=1 680w, https:\/\/i0.wp.com\/zeromagazine.mx\/wp-content\/uploads\/2025\/06\/Screenshot-2025-06-26-134118.png?resize=199%2C300&amp;ssl=1 199w, https:\/\/i0.wp.com\/zeromagazine.mx\/wp-content\/uploads\/2025\/06\/Screenshot-2025-06-26-134118.png?w=713&amp;ssl=1 713w\" sizes=\"(max-width: 680px) 100vw, 680px\" \/><\/figure>\n<\/figure>\n\n\n\n<h2 class=\"wp-block-heading\"><strong>2. Despu\u00e9s de interpretar personajes tan diversos en cine y teatro, \u00bfc\u00f3mo percibes hoy a Brandon en tu trayectoria? \u00bfQu\u00e9 tiene este personaje que lo hace especial para ti?<\/strong><\/h2>\n\n\n\n<p>Para \u00e9l, Brandon es un gesto de amor. Amor incondicional hacia su hermana, pero tambi\u00e9n un homenaje a sus amigos, su barrio, su origen y a M\u00e9xico.<br>Aunque actualmente vivimos un contexto de violencia y crimen, tambi\u00e9n somos personas con nobleza y principios. Brandon representa eso. A pesar de estar atrapado en ese entorno, es un joven que aspira a una vida mejor para su hermana. No lo logra, y eso lo vuelve tr\u00e1gico, pero tambi\u00e9n humano. Es un reflejo de tantos j\u00f3venes mexicanos que son v\u00edctimas del contexto.<\/p>\n\n\n\n<h2 class=\"wp-block-heading\"><strong>3. Recibiste el Ariel a Mejor Actor por <em>Mano de obra<\/em>, un reconocimiento muy importante. \u00bfQu\u00e9 impacto tuvo ese premio en tu carrera y en las decisiones que tomas como actor?<\/strong><\/h2>\n\n\n\n<p>Para \u00e9l, ese reconocimiento refuerza la responsabilidad que tienen los actores y todos los que hacen cine o televisi\u00f3n con la sociedad.<br>Cada vez es m\u00e1s claro el impacto que tienen las producciones en la forma en que nos vemos como pa\u00eds. Con <em>Contraataque<\/em>, por ejemplo, se est\u00e1 generando un impacto positivo al retratar a los mexicanos de una forma distinta. Menciona que el cine construye identidad, y que, si constantemente mostramos a los mexicanos como criminales, corruptos o sin escr\u00fapulos, se normaliza una imagen que no refleja nuestros valores reales.<br>Luis considera muy honroso que existan personajes que van en sentido contrario, que muestran valores, principios y la posibilidad de salvarnos a nosotros mismos como sociedad.<\/p>\n\n\n\n<h2 class=\"wp-block-heading\"><strong>4. En tu opini\u00f3n, \u00bfqu\u00e9 diferencia al cine mexicano actual del de hace una o dos d\u00e9cadas? \u00bfQu\u00e9 te entusiasma o te preocupa del rumbo que est\u00e1 tomando?<\/strong><\/h2>\n\n\n\n<p>Luis menciona que las narrativas est\u00e1n cambiando, que se est\u00e1n generando contenidos distintos y que ha habido avances importantes. El cine mexicano ocupa hoy un buen lugar en el mundo, pero hace falta acercarlo al p\u00fablico.<br>Menciona que a\u00fan persiste la idea de que el cine mexicano es \u201cmalo\u201d, pero hay pel\u00edculas como <em>Contraataque<\/em> que muestran otra realidad y abren la posibilidad a un cambio.<br>Tambi\u00e9n se\u00f1ala que el contexto actual ha hecho que producir cine en M\u00e9xico sea m\u00e1s dif\u00edcil. Lamenta que se relegue el arte desde el gobierno con la intenci\u00f3n de mantener a la gente en la ignorancia.<br>Cuenta que incluso hablaron con instituciones militares sobre <em>Contraataque<\/em>, y que ellos se sintieron agradecidos y conmovidos. Porque salir todos los d\u00edas a dar la vida por una sociedad que no cree en ti, inevitablemente genera corrupci\u00f3n, pero al ver esa pel\u00edcula, muchos cambiaron su perspectiva. Eso, dice, ya es un primer granito de arena para cambiar realidades.<\/p>\n\n\n\n<script async src=\"https:\/\/pagead2.googlesyndication.com\/pagead\/js\/adsbygoogle.js?client=ca-pub-5499304793904745\"\n     crossorigin=\"anonymous\"><\/script>\n<ins class=\"adsbygoogle\"\n     style=\"display:block; text-align:center;\"\n     data-ad-layout=\"in-article\"\n     data-ad-format=\"fluid\"\n     data-ad-client=\"ca-pub-5499304793904745\"\n     data-ad-slot=\"5994863093\"><\/ins>\n<script>\n     (adsbygoogle = window.adsbygoogle || []).push({});\n<\/script>\n\n\n\n<h2 class=\"wp-block-heading\"><strong>5. \u00bfC\u00f3mo ha sido tu evoluci\u00f3n personal y profesional desde tus inicios en La Casa del Teatro A.C. hasta convertirte en un referente de la actuaci\u00f3n en M\u00e9xico?<\/strong><\/h2>\n\n\n\n<p>\u00c9l lo define como una locura hermosa. Ve su carrera como un camino paso a paso, siempre siendo consciente de lo que retrata en pantalla y de c\u00f3mo eso dialoga con la sociedad.<br>Reconoce que como actores muchas veces no pueden elegir el rumbo general de un proyecto, pero s\u00ed pueden decidir c\u00f3mo hacer sus personajes. Brandon, por ejemplo, es un sicario, pero tambi\u00e9n es un joven con principios. Lo m\u00ednimo que pod\u00eda hacer era cuidar a su hermana y a su familia hasta el final. Y eso, para \u00e9l, ya significa mucho.<\/p>\n\n\n\n<h2 class=\"wp-block-heading\"><strong>6. Has trabajado tanto en proyectos internacionales como nacionales. \u00bfC\u00f3mo es el proceso para elegir cada uno de ellos y qu\u00e9 significan para ti?<\/strong><\/h2>\n\n\n\n<p>Luis dice que muchas veces los eligen a ellos, pero que cuando eso pasa, \u00e9l intenta dar lo mejor en su representaci\u00f3n. A veces s\u00ed puede elegir, y cuando eso ocurre, lo disfruta a\u00fan m\u00e1s.<br>Se siente afortunado de haber podido trabajar en proyectos muy distintos y lo considera un reto enorme. Habla tambi\u00e9n de la responsabilidad que implica c\u00f3mo representamos a los mexicanos, y lo dif\u00edcil que ha sido romper con los estereotipos que vienen desde los a\u00f1os 70\u2019s, 80\u2019s y 90\u2019s, donde los actores que aparec\u00edan en pantalla ni siquiera parec\u00edan mexicanos.<br>\u00c9l celebra que hoy est\u00e9n cambiando los criterios, que nuevos rostros ocupen esos espacios, y le llena de orgullo ser parte de esa evoluci\u00f3n que apenas empieza, pero que abrir\u00e1 camino para las nuevas generaciones.<\/p>\n\n\n\n<figure class=\"wp-block-gallery has-nested-images columns-default is-cropped wp-block-gallery-2 is-layout-flex wp-block-gallery-is-layout-flex\">\n<figure class=\"wp-block-image size-large\"><img data-recalc-dims=\"1\" decoding=\"async\" width=\"678\" height=\"1024\" data-id=\"106312\" src=\"https:\/\/i0.wp.com\/zeromagazine.mx\/wp-content\/uploads\/2025\/06\/Screenshot-2025-06-26-134051-678x1024.png?resize=678%2C1024&#038;ssl=1\" alt=\"\" class=\"wp-image-106312\" srcset=\"https:\/\/i0.wp.com\/zeromagazine.mx\/wp-content\/uploads\/2025\/06\/Screenshot-2025-06-26-134051.png?resize=678%2C1024&amp;ssl=1 678w, https:\/\/i0.wp.com\/zeromagazine.mx\/wp-content\/uploads\/2025\/06\/Screenshot-2025-06-26-134051.png?resize=199%2C300&amp;ssl=1 199w, https:\/\/i0.wp.com\/zeromagazine.mx\/wp-content\/uploads\/2025\/06\/Screenshot-2025-06-26-134051.png?w=705&amp;ssl=1 705w\" sizes=\"(max-width: 678px) 100vw, 678px\" \/><\/figure>\n\n\n\n<figure class=\"wp-block-image size-large\"><img data-recalc-dims=\"1\" decoding=\"async\" width=\"794\" height=\"1024\" data-id=\"106313\" src=\"https:\/\/i0.wp.com\/zeromagazine.mx\/wp-content\/uploads\/2025\/06\/Screenshot-2025-06-26-134102-794x1024.png?resize=794%2C1024&#038;ssl=1\" alt=\"\" class=\"wp-image-106313\" srcset=\"https:\/\/i0.wp.com\/zeromagazine.mx\/wp-content\/uploads\/2025\/06\/Screenshot-2025-06-26-134102.png?resize=794%2C1024&amp;ssl=1 794w, https:\/\/i0.wp.com\/zeromagazine.mx\/wp-content\/uploads\/2025\/06\/Screenshot-2025-06-26-134102.png?resize=233%2C300&amp;ssl=1 233w, https:\/\/i0.wp.com\/zeromagazine.mx\/wp-content\/uploads\/2025\/06\/Screenshot-2025-06-26-134102.png?resize=768%2C990&amp;ssl=1 768w, https:\/\/i0.wp.com\/zeromagazine.mx\/wp-content\/uploads\/2025\/06\/Screenshot-2025-06-26-134102.png?w=826&amp;ssl=1 826w\" sizes=\"(max-width: 794px) 100vw, 794px\" \/><\/figure>\n<\/figure>\n\n\n\n<h2 class=\"wp-block-heading\"><strong>7. Has colaborado con directores de gran prestigio. \u00bfQu\u00e9 has aprendido de ellos y c\u00f3mo esas experiencias han influido en tu manera de actuar?<\/strong><\/h2>\n\n\n\n<p>Dice que mientras m\u00e1s ha avanzado en su carrera, se ha encontrado con gente m\u00e1s preparada, m\u00e1s libre y con m\u00e1s coraz\u00f3n. Ha aprendido a hacer su trabajo con m\u00e1s cari\u00f1o, humildad y disfrute.<br>Reconoce que aunque parezca glamoroso, es un trabajo extenuante, que exige mucho y donde se pierde el anonimato, la intimidad, la identidad. Aun as\u00ed, le ha regalado cosas hermosas.<br>A nivel personal, ha crecido mucho: en lo espiritual, en la empat\u00eda, en la forma de comunicarse. Los d\u00edas de rodaje son largos y duros, pero para \u00e9l es un trabajo noble, una forma de hacerle frente al derrumbe de la humanidad, de cambiar la perspectiva a trav\u00e9s del arte.<\/p>\n\n\n\n<h2 class=\"wp-block-heading\"><strong>8. Con una carrera tan vers\u00e1til y reconocida, \u00bfhacia d\u00f3nde te gustar\u00eda llevar tu trabajo actoral en los pr\u00f3ximos a\u00f1os?<\/strong><\/h2>\n\n\n\n<p>Le gustar\u00eda mucho trabajar en otros pa\u00edses. Aunque lo que m\u00e1s disfruta es trabajar para su pa\u00eds, siente que tambi\u00e9n es necesario diversificarse, ampliar sus horizontes, aprender, y llevar el discurso de que M\u00e9xico es fuerte y digno a otros lugares del mundo.<\/p>\n\n\n\n<h2 class=\"wp-block-heading\"><strong> Actuaciones imperdibles<\/strong><\/h2>\n\n\n\n<p>Luis Alberti nos recuerda que el cine y las series tambi\u00e9n pueden ser un espejo honesto de la realidad y una forma de imaginar algo distinto. No te pierdas su regreso como Brandon en la cuarta temporada de <em>Rosario Tijeras<\/em>, y su poderosa interpretaci\u00f3n en <em>Contraataque<\/em>, ambas disponibles en <a href=\"https:\/\/www.netflix.com\/mx\/\">Netflix<\/a>.<\/p>\n\n\n\n<p>Y si quieres conocer m\u00e1s de entretenimiento entra a <a href=\"https:\/\/zeromagazine.mx\/\">zeromagazine.mx<\/a> o s\u00edguenos en<a href=\"https:\/\/www.instagram.com\/zeromagazinemx\/\"> zeromagazine.mx<\/a><\/p>\n\n\n\n<script async src=\"https:\/\/pagead2.googlesyndication.com\/pagead\/js\/adsbygoogle.js?client=ca-pub-5499304793904745\"\n     crossorigin=\"anonymous\"><\/script>\n<ins class=\"adsbygoogle\"\n     style=\"display:block; text-align:center;\"\n     data-ad-layout=\"in-article\"\n     data-ad-format=\"fluid\"\n     data-ad-client=\"ca-pub-5499304793904745\"\n     data-ad-slot=\"5994863093\"><\/ins>\n<script>\n     (adsbygoogle = window.adsbygoogle || []).push({});\n<\/script>\n\n<!--themify_builder_content-->\n<div id=\"themify_builder_content-106287\" data-postid=\"106287\" class=\"themify_builder_content themify_builder_content-106287 themify_builder tf_clear\">\n    <\/div>\n<!--\/themify_builder_content-->","protected":false},"excerpt":{"rendered":"<p>Luis Alberti vuelve a interpretar a Brandon en la cuarta temporada de Rosario Tijeras, uno de los personajes m\u00e1s entra\u00f1ables y complejos de la serie. En esta entrevista, el actor reflexiona sobre lo que significa regresar a este universo narrativo, la responsabilidad de representar a un sicario desde una mirada humana, y c\u00f3mo el cine [&hellip;]<\/p>\n","protected":false},"author":4,"featured_media":106308,"comment_status":"open","ping_status":"open","sticky":false,"template":"","format":"standard","meta":{"_jetpack_memberships_contains_paid_content":false,"footnotes":"","jetpack_publicize_message":"","jetpack_publicize_feature_enabled":true,"jetpack_social_post_already_shared":true,"jetpack_social_options":{"image_generator_settings":{"template":"highway","default_image_id":0,"font":"","enabled":false},"version":2}},"categories":[117],"tags":[5339,1373,3821],"class_list":["post-106287","post","type-post","status-publish","format-standard","has-post-thumbnail","hentry","category-entretenimiento","tag-luis-alberti","tag-netflix","tag-rosario-tijeras","has-post-title","has-post-date","has-post-category","has-post-tag","has-post-comment","has-post-author",""],"yoast_head":"<!-- This site is optimized with the Yoast SEO plugin v27.5 - https:\/\/yoast.com\/product\/yoast-seo-wordpress\/ -->\n<title>Luis Alberti en Rosario Tijeras y su poder de contar historias - Zero Magazine<\/title>\n<meta name=\"description\" content=\"Descubre el talento actoral en esta exclusiva con Luis Alberti, actor de Rosario Tijeras y con valiosa trayectoria en cine y TV\" \/>\n<meta name=\"robots\" content=\"index, follow, max-snippet:-1, max-image-preview:large, max-video-preview:-1\" \/>\n<link rel=\"canonical\" href=\"https:\/\/zeromagazine.mx\/index.php\/2025\/06\/26\/luis-alberti-en-rosario-tijeras-y-su-poder-de-contar-historias\/\" \/>\n<meta property=\"og:locale\" content=\"es_ES\" \/>\n<meta property=\"og:type\" content=\"article\" \/>\n<meta property=\"og:title\" content=\"Luis Alberti en Rosario Tijeras y su poder de contar historias - Zero Magazine\" \/>\n<meta property=\"og:description\" content=\"Descubre el talento actoral en esta exclusiva con Luis Alberti, actor de Rosario Tijeras y con valiosa trayectoria en cine y TV\" \/>\n<meta property=\"og:url\" content=\"https:\/\/zeromagazine.mx\/index.php\/2025\/06\/26\/luis-alberti-en-rosario-tijeras-y-su-poder-de-contar-historias\/\" \/>\n<meta property=\"og:site_name\" content=\"Zero Magazine\" \/>\n<meta property=\"article:published_time\" content=\"2025-06-26T19:43:30+00:00\" \/>\n<meta property=\"article:modified_time\" content=\"2025-06-26T19:43:32+00:00\" \/>\n<meta property=\"og:image\" content=\"http:\/\/zeromagazine.mx\/wp-content\/uploads\/2025\/06\/LUIS-ALBERTI0048-1-copia-scaled.jpeg\" \/>\n\t<meta property=\"og:image:width\" content=\"2560\" \/>\n\t<meta property=\"og:image:height\" content=\"1707\" \/>\n\t<meta property=\"og:image:type\" content=\"image\/jpeg\" \/>\n<meta name=\"author\" content=\"David Morales\" \/>\n<meta name=\"twitter:card\" content=\"summary_large_image\" \/>\n<meta name=\"twitter:label1\" content=\"Escrito por\" \/>\n\t<meta name=\"twitter:data1\" content=\"David Morales\" \/>\n\t<meta name=\"twitter:label2\" content=\"Tiempo de lectura\" \/>\n\t<meta name=\"twitter:data2\" content=\"7 minutos\" \/>\n<script type=\"application\/ld+json\" class=\"yoast-schema-graph\">{\"@context\":\"https:\\\/\\\/schema.org\",\"@graph\":[{\"@type\":\"Article\",\"@id\":\"https:\\\/\\\/zeromagazine.mx\\\/index.php\\\/2025\\\/06\\\/26\\\/luis-alberti-en-rosario-tijeras-y-su-poder-de-contar-historias\\\/#article\",\"isPartOf\":{\"@id\":\"https:\\\/\\\/zeromagazine.mx\\\/index.php\\\/2025\\\/06\\\/26\\\/luis-alberti-en-rosario-tijeras-y-su-poder-de-contar-historias\\\/\"},\"author\":{\"name\":\"David Morales\",\"@id\":\"https:\\\/\\\/zeromagazine.mx\\\/#\\\/schema\\\/person\\\/9f7f1a17c60ba8e9980e3e6677aabe5a\"},\"headline\":\"Luis Alberti en Rosario Tijeras y su poder de contar historias\",\"datePublished\":\"2025-06-26T19:43:30+00:00\",\"dateModified\":\"2025-06-26T19:43:32+00:00\",\"mainEntityOfPage\":{\"@id\":\"https:\\\/\\\/zeromagazine.mx\\\/index.php\\\/2025\\\/06\\\/26\\\/luis-alberti-en-rosario-tijeras-y-su-poder-de-contar-historias\\\/\"},\"wordCount\":1307,\"commentCount\":0,\"publisher\":{\"@id\":\"https:\\\/\\\/zeromagazine.mx\\\/#organization\"},\"image\":{\"@id\":\"https:\\\/\\\/zeromagazine.mx\\\/index.php\\\/2025\\\/06\\\/26\\\/luis-alberti-en-rosario-tijeras-y-su-poder-de-contar-historias\\\/#primaryimage\"},\"thumbnailUrl\":\"https:\\\/\\\/i0.wp.com\\\/zeromagazine.mx\\\/wp-content\\\/uploads\\\/2025\\\/06\\\/LUIS-ALBERTI0048-1-copia-scaled.jpeg?fit=2560%2C1707&ssl=1\",\"keywords\":[\"LUIS ALBERTI\",\"Netflix\",\"Rosario Tijeras\"],\"articleSection\":[\"Entretenimiento\"],\"inLanguage\":\"es\",\"potentialAction\":[{\"@type\":\"CommentAction\",\"name\":\"Comment\",\"target\":[\"https:\\\/\\\/zeromagazine.mx\\\/index.php\\\/2025\\\/06\\\/26\\\/luis-alberti-en-rosario-tijeras-y-su-poder-de-contar-historias\\\/#respond\"]}]},{\"@type\":\"WebPage\",\"@id\":\"https:\\\/\\\/zeromagazine.mx\\\/index.php\\\/2025\\\/06\\\/26\\\/luis-alberti-en-rosario-tijeras-y-su-poder-de-contar-historias\\\/\",\"url\":\"https:\\\/\\\/zeromagazine.mx\\\/index.php\\\/2025\\\/06\\\/26\\\/luis-alberti-en-rosario-tijeras-y-su-poder-de-contar-historias\\\/\",\"name\":\"Luis Alberti en Rosario Tijeras y su poder de contar historias - Zero Magazine\",\"isPartOf\":{\"@id\":\"https:\\\/\\\/zeromagazine.mx\\\/#website\"},\"primaryImageOfPage\":{\"@id\":\"https:\\\/\\\/zeromagazine.mx\\\/index.php\\\/2025\\\/06\\\/26\\\/luis-alberti-en-rosario-tijeras-y-su-poder-de-contar-historias\\\/#primaryimage\"},\"image\":{\"@id\":\"https:\\\/\\\/zeromagazine.mx\\\/index.php\\\/2025\\\/06\\\/26\\\/luis-alberti-en-rosario-tijeras-y-su-poder-de-contar-historias\\\/#primaryimage\"},\"thumbnailUrl\":\"https:\\\/\\\/i0.wp.com\\\/zeromagazine.mx\\\/wp-content\\\/uploads\\\/2025\\\/06\\\/LUIS-ALBERTI0048-1-copia-scaled.jpeg?fit=2560%2C1707&ssl=1\",\"datePublished\":\"2025-06-26T19:43:30+00:00\",\"dateModified\":\"2025-06-26T19:43:32+00:00\",\"description\":\"Descubre el talento actoral en esta exclusiva con Luis Alberti, actor de Rosario Tijeras y con valiosa trayectoria en cine y TV\",\"breadcrumb\":{\"@id\":\"https:\\\/\\\/zeromagazine.mx\\\/index.php\\\/2025\\\/06\\\/26\\\/luis-alberti-en-rosario-tijeras-y-su-poder-de-contar-historias\\\/#breadcrumb\"},\"inLanguage\":\"es\",\"potentialAction\":[{\"@type\":\"ReadAction\",\"target\":[\"https:\\\/\\\/zeromagazine.mx\\\/index.php\\\/2025\\\/06\\\/26\\\/luis-alberti-en-rosario-tijeras-y-su-poder-de-contar-historias\\\/\"]}]},{\"@type\":\"ImageObject\",\"inLanguage\":\"es\",\"@id\":\"https:\\\/\\\/zeromagazine.mx\\\/index.php\\\/2025\\\/06\\\/26\\\/luis-alberti-en-rosario-tijeras-y-su-poder-de-contar-historias\\\/#primaryimage\",\"url\":\"https:\\\/\\\/i0.wp.com\\\/zeromagazine.mx\\\/wp-content\\\/uploads\\\/2025\\\/06\\\/LUIS-ALBERTI0048-1-copia-scaled.jpeg?fit=2560%2C1707&ssl=1\",\"contentUrl\":\"https:\\\/\\\/i0.wp.com\\\/zeromagazine.mx\\\/wp-content\\\/uploads\\\/2025\\\/06\\\/LUIS-ALBERTI0048-1-copia-scaled.jpeg?fit=2560%2C1707&ssl=1\",\"width\":2560,\"height\":1707},{\"@type\":\"BreadcrumbList\",\"@id\":\"https:\\\/\\\/zeromagazine.mx\\\/index.php\\\/2025\\\/06\\\/26\\\/luis-alberti-en-rosario-tijeras-y-su-poder-de-contar-historias\\\/#breadcrumb\",\"itemListElement\":[{\"@type\":\"ListItem\",\"position\":1,\"name\":\"Portada\",\"item\":\"https:\\\/\\\/zeromagazine.mx\\\/\"},{\"@type\":\"ListItem\",\"position\":2,\"name\":\"Luis Alberti en Rosario Tijeras y su poder de contar historias\"}]},{\"@type\":\"WebSite\",\"@id\":\"https:\\\/\\\/zeromagazine.mx\\\/#website\",\"url\":\"https:\\\/\\\/zeromagazine.mx\\\/\",\"name\":\"Zero Magazine\",\"description\":\"\",\"publisher\":{\"@id\":\"https:\\\/\\\/zeromagazine.mx\\\/#organization\"},\"potentialAction\":[{\"@type\":\"SearchAction\",\"target\":{\"@type\":\"EntryPoint\",\"urlTemplate\":\"https:\\\/\\\/zeromagazine.mx\\\/?s={search_term_string}\"},\"query-input\":{\"@type\":\"PropertyValueSpecification\",\"valueRequired\":true,\"valueName\":\"search_term_string\"}}],\"inLanguage\":\"es\"},{\"@type\":\"Organization\",\"@id\":\"https:\\\/\\\/zeromagazine.mx\\\/#organization\",\"name\":\"Zero Magazine\",\"url\":\"https:\\\/\\\/zeromagazine.mx\\\/\",\"logo\":{\"@type\":\"ImageObject\",\"inLanguage\":\"es\",\"@id\":\"https:\\\/\\\/zeromagazine.mx\\\/#\\\/schema\\\/logo\\\/image\\\/\",\"url\":\"https:\\\/\\\/i0.wp.com\\\/zeromagazine.mx\\\/wp-content\\\/uploads\\\/2025\\\/11\\\/1.jpeg?fit=1000%2C1000&ssl=1\",\"contentUrl\":\"https:\\\/\\\/i0.wp.com\\\/zeromagazine.mx\\\/wp-content\\\/uploads\\\/2025\\\/11\\\/1.jpeg?fit=1000%2C1000&ssl=1\",\"width\":1000,\"height\":1000,\"caption\":\"Zero Magazine\"},\"image\":{\"@id\":\"https:\\\/\\\/zeromagazine.mx\\\/#\\\/schema\\\/logo\\\/image\\\/\"},\"sameAs\":[\"https:\\\/\\\/instagram.com\\\/zeromagazinemx\"]},{\"@type\":\"Person\",\"@id\":\"https:\\\/\\\/zeromagazine.mx\\\/#\\\/schema\\\/person\\\/9f7f1a17c60ba8e9980e3e6677aabe5a\",\"name\":\"David Morales\",\"image\":{\"@type\":\"ImageObject\",\"inLanguage\":\"es\",\"@id\":\"https:\\\/\\\/zeromagazine.mx\\\/wp-content\\\/litespeed\\\/avatar\\\/76069d2136bfc1c37dc34815bb67ca42.jpg?ver=1777571067\",\"url\":\"https:\\\/\\\/zeromagazine.mx\\\/wp-content\\\/litespeed\\\/avatar\\\/76069d2136bfc1c37dc34815bb67ca42.jpg?ver=1777571067\",\"contentUrl\":\"https:\\\/\\\/zeromagazine.mx\\\/wp-content\\\/litespeed\\\/avatar\\\/76069d2136bfc1c37dc34815bb67ca42.jpg?ver=1777571067\",\"caption\":\"David Morales\"},\"url\":\"https:\\\/\\\/zeromagazine.mx\\\/index.php\\\/author\\\/david\\\/\"}]}<\/script>\n<!-- \/ Yoast SEO plugin. -->","yoast_head_json":{"title":"Luis Alberti en Rosario Tijeras y su poder de contar historias - Zero Magazine","description":"Descubre el talento actoral en esta exclusiva con Luis Alberti, actor de Rosario Tijeras y con valiosa trayectoria en cine y TV","robots":{"index":"index","follow":"follow","max-snippet":"max-snippet:-1","max-image-preview":"max-image-preview:large","max-video-preview":"max-video-preview:-1"},"canonical":"https:\/\/zeromagazine.mx\/index.php\/2025\/06\/26\/luis-alberti-en-rosario-tijeras-y-su-poder-de-contar-historias\/","og_locale":"es_ES","og_type":"article","og_title":"Luis Alberti en Rosario Tijeras y su poder de contar historias - Zero Magazine","og_description":"Descubre el talento actoral en esta exclusiva con Luis Alberti, actor de Rosario Tijeras y con valiosa trayectoria en cine y TV","og_url":"https:\/\/zeromagazine.mx\/index.php\/2025\/06\/26\/luis-alberti-en-rosario-tijeras-y-su-poder-de-contar-historias\/","og_site_name":"Zero Magazine","article_published_time":"2025-06-26T19:43:30+00:00","article_modified_time":"2025-06-26T19:43:32+00:00","og_image":[{"width":2560,"height":1707,"url":"http:\/\/zeromagazine.mx\/wp-content\/uploads\/2025\/06\/LUIS-ALBERTI0048-1-copia-scaled.jpeg","type":"image\/jpeg"}],"author":"David Morales","twitter_card":"summary_large_image","twitter_misc":{"Escrito por":"David Morales","Tiempo de lectura":"7 minutos"},"schema":{"@context":"https:\/\/schema.org","@graph":[{"@type":"Article","@id":"https:\/\/zeromagazine.mx\/index.php\/2025\/06\/26\/luis-alberti-en-rosario-tijeras-y-su-poder-de-contar-historias\/#article","isPartOf":{"@id":"https:\/\/zeromagazine.mx\/index.php\/2025\/06\/26\/luis-alberti-en-rosario-tijeras-y-su-poder-de-contar-historias\/"},"author":{"name":"David Morales","@id":"https:\/\/zeromagazine.mx\/#\/schema\/person\/9f7f1a17c60ba8e9980e3e6677aabe5a"},"headline":"Luis Alberti en Rosario Tijeras y su poder de contar historias","datePublished":"2025-06-26T19:43:30+00:00","dateModified":"2025-06-26T19:43:32+00:00","mainEntityOfPage":{"@id":"https:\/\/zeromagazine.mx\/index.php\/2025\/06\/26\/luis-alberti-en-rosario-tijeras-y-su-poder-de-contar-historias\/"},"wordCount":1307,"commentCount":0,"publisher":{"@id":"https:\/\/zeromagazine.mx\/#organization"},"image":{"@id":"https:\/\/zeromagazine.mx\/index.php\/2025\/06\/26\/luis-alberti-en-rosario-tijeras-y-su-poder-de-contar-historias\/#primaryimage"},"thumbnailUrl":"https:\/\/i0.wp.com\/zeromagazine.mx\/wp-content\/uploads\/2025\/06\/LUIS-ALBERTI0048-1-copia-scaled.jpeg?fit=2560%2C1707&ssl=1","keywords":["LUIS ALBERTI","Netflix","Rosario Tijeras"],"articleSection":["Entretenimiento"],"inLanguage":"es","potentialAction":[{"@type":"CommentAction","name":"Comment","target":["https:\/\/zeromagazine.mx\/index.php\/2025\/06\/26\/luis-alberti-en-rosario-tijeras-y-su-poder-de-contar-historias\/#respond"]}]},{"@type":"WebPage","@id":"https:\/\/zeromagazine.mx\/index.php\/2025\/06\/26\/luis-alberti-en-rosario-tijeras-y-su-poder-de-contar-historias\/","url":"https:\/\/zeromagazine.mx\/index.php\/2025\/06\/26\/luis-alberti-en-rosario-tijeras-y-su-poder-de-contar-historias\/","name":"Luis Alberti en Rosario Tijeras y su poder de contar historias - Zero Magazine","isPartOf":{"@id":"https:\/\/zeromagazine.mx\/#website"},"primaryImageOfPage":{"@id":"https:\/\/zeromagazine.mx\/index.php\/2025\/06\/26\/luis-alberti-en-rosario-tijeras-y-su-poder-de-contar-historias\/#primaryimage"},"image":{"@id":"https:\/\/zeromagazine.mx\/index.php\/2025\/06\/26\/luis-alberti-en-rosario-tijeras-y-su-poder-de-contar-historias\/#primaryimage"},"thumbnailUrl":"https:\/\/i0.wp.com\/zeromagazine.mx\/wp-content\/uploads\/2025\/06\/LUIS-ALBERTI0048-1-copia-scaled.jpeg?fit=2560%2C1707&ssl=1","datePublished":"2025-06-26T19:43:30+00:00","dateModified":"2025-06-26T19:43:32+00:00","description":"Descubre el talento actoral en esta exclusiva con Luis Alberti, actor de Rosario Tijeras y con valiosa trayectoria en cine y TV","breadcrumb":{"@id":"https:\/\/zeromagazine.mx\/index.php\/2025\/06\/26\/luis-alberti-en-rosario-tijeras-y-su-poder-de-contar-historias\/#breadcrumb"},"inLanguage":"es","potentialAction":[{"@type":"ReadAction","target":["https:\/\/zeromagazine.mx\/index.php\/2025\/06\/26\/luis-alberti-en-rosario-tijeras-y-su-poder-de-contar-historias\/"]}]},{"@type":"ImageObject","inLanguage":"es","@id":"https:\/\/zeromagazine.mx\/index.php\/2025\/06\/26\/luis-alberti-en-rosario-tijeras-y-su-poder-de-contar-historias\/#primaryimage","url":"https:\/\/i0.wp.com\/zeromagazine.mx\/wp-content\/uploads\/2025\/06\/LUIS-ALBERTI0048-1-copia-scaled.jpeg?fit=2560%2C1707&ssl=1","contentUrl":"https:\/\/i0.wp.com\/zeromagazine.mx\/wp-content\/uploads\/2025\/06\/LUIS-ALBERTI0048-1-copia-scaled.jpeg?fit=2560%2C1707&ssl=1","width":2560,"height":1707},{"@type":"BreadcrumbList","@id":"https:\/\/zeromagazine.mx\/index.php\/2025\/06\/26\/luis-alberti-en-rosario-tijeras-y-su-poder-de-contar-historias\/#breadcrumb","itemListElement":[{"@type":"ListItem","position":1,"name":"Portada","item":"https:\/\/zeromagazine.mx\/"},{"@type":"ListItem","position":2,"name":"Luis Alberti en Rosario Tijeras y su poder de contar historias"}]},{"@type":"WebSite","@id":"https:\/\/zeromagazine.mx\/#website","url":"https:\/\/zeromagazine.mx\/","name":"Zero Magazine","description":"","publisher":{"@id":"https:\/\/zeromagazine.mx\/#organization"},"potentialAction":[{"@type":"SearchAction","target":{"@type":"EntryPoint","urlTemplate":"https:\/\/zeromagazine.mx\/?s={search_term_string}"},"query-input":{"@type":"PropertyValueSpecification","valueRequired":true,"valueName":"search_term_string"}}],"inLanguage":"es"},{"@type":"Organization","@id":"https:\/\/zeromagazine.mx\/#organization","name":"Zero Magazine","url":"https:\/\/zeromagazine.mx\/","logo":{"@type":"ImageObject","inLanguage":"es","@id":"https:\/\/zeromagazine.mx\/#\/schema\/logo\/image\/","url":"https:\/\/i0.wp.com\/zeromagazine.mx\/wp-content\/uploads\/2025\/11\/1.jpeg?fit=1000%2C1000&ssl=1","contentUrl":"https:\/\/i0.wp.com\/zeromagazine.mx\/wp-content\/uploads\/2025\/11\/1.jpeg?fit=1000%2C1000&ssl=1","width":1000,"height":1000,"caption":"Zero Magazine"},"image":{"@id":"https:\/\/zeromagazine.mx\/#\/schema\/logo\/image\/"},"sameAs":["https:\/\/instagram.com\/zeromagazinemx"]},{"@type":"Person","@id":"https:\/\/zeromagazine.mx\/#\/schema\/person\/9f7f1a17c60ba8e9980e3e6677aabe5a","name":"David Morales","image":{"@type":"ImageObject","inLanguage":"es","@id":"https:\/\/zeromagazine.mx\/wp-content\/litespeed\/avatar\/76069d2136bfc1c37dc34815bb67ca42.jpg?ver=1777571067","url":"https:\/\/zeromagazine.mx\/wp-content\/litespeed\/avatar\/76069d2136bfc1c37dc34815bb67ca42.jpg?ver=1777571067","contentUrl":"https:\/\/zeromagazine.mx\/wp-content\/litespeed\/avatar\/76069d2136bfc1c37dc34815bb67ca42.jpg?ver=1777571067","caption":"David Morales"},"url":"https:\/\/zeromagazine.mx\/index.php\/author\/david\/"}]}},"jetpack_publicize_connections":[],"jetpack_featured_media_url":"https:\/\/i0.wp.com\/zeromagazine.mx\/wp-content\/uploads\/2025\/06\/LUIS-ALBERTI0048-1-copia-scaled.jpeg?fit=2560%2C1707&ssl=1","jetpack-related-posts":[{"id":51623,"url":"https:\/\/zeromagazine.mx\/index.php\/2021\/08\/05\/entrevista-a-marco-leon\/","url_meta":{"origin":106287,"position":0},"title":"Entrevista a Marco Le\u00f3n","author":"zeromagazinemx","date":"5 de agosto de 2021","format":false,"excerpt":"Marco Le\u00f3n es un actor y cantante mexicano, egresado del CEA Televisa; ha participado en televisi\u00f3n en diferentes proyectos como \u201cRosario Tijeras 3\u201d, \u201cAmar A Muerte\u201d, \u201cLa Taxista\u201d, \u201cTres Milagros\u201d, \u201cLa Rosa de Guadalupe\u201d, por mencionar algunos; en teatro tambi\u00e9n ha estado en diferentes puestas en escena, algunas de estas\u2026","rel":"","context":"En \u00abCine\u00bb","block_context":{"text":"Cine","link":"https:\/\/zeromagazine.mx\/index.php\/category\/entretenimiento\/cine\/"},"img":{"alt_text":"","src":"","width":0,"height":0},"classes":[]},{"id":78789,"url":"https:\/\/zeromagazine.mx\/index.php\/2024\/06\/19\/luis-vegas-un-viaje-de-suenos-lucha-y-exito\/","url_meta":{"origin":106287,"position":1},"title":"Luis Vegas: Un viaje de sue\u00f1os, lucha y \u00e9xito.","author":"David Morales","date":"19 de junio de 2024","format":false,"excerpt":"Luis Vegas, un talentoso actor venezolano radicado en M\u00e9xico, ha trazado una carrera fascinante en la actuaci\u00f3n, explorando diversos roles en cine y televisi\u00f3n. Su viaje desde Venezuela hasta M\u00e9xico no solo ha sido una b\u00fasqueda de oportunidades profesionales, sino tambi\u00e9n un camino de autodescubrimiento y crecimiento personal. En esta\u2026","rel":"","context":"En \u00abEntrevistas\u00bb","block_context":{"text":"Entrevistas","link":"https:\/\/zeromagazine.mx\/index.php\/category\/entretenimiento\/entrevistas\/"},"img":{"alt_text":"","src":"https:\/\/i0.wp.com\/zeromagazine.mx\/wp-content\/uploads\/2024\/06\/LVL16-scaled.jpg?fit=800%2C1200&ssl=1&resize=350%2C200","width":350,"height":200,"srcset":"https:\/\/i0.wp.com\/zeromagazine.mx\/wp-content\/uploads\/2024\/06\/LVL16-scaled.jpg?fit=800%2C1200&ssl=1&resize=350%2C200 1x, https:\/\/i0.wp.com\/zeromagazine.mx\/wp-content\/uploads\/2024\/06\/LVL16-scaled.jpg?fit=800%2C1200&ssl=1&resize=525%2C300 1.5x, https:\/\/i0.wp.com\/zeromagazine.mx\/wp-content\/uploads\/2024\/06\/LVL16-scaled.jpg?fit=800%2C1200&ssl=1&resize=700%2C400 2x"},"classes":[]},{"id":53141,"url":"https:\/\/zeromagazine.mx\/index.php\/2021\/08\/28\/entrevista-a-luis-curiel\/","url_meta":{"origin":106287,"position":2},"title":"Entrevista a Luis Curiel","author":"zeromagazinemx","date":"28 de agosto de 2021","format":false,"excerpt":"Luis Curiel, actor mexicano con experiencia en cine, teatro y televisi\u00f3n; Luis pl\u00e1stico para Zero Magazine un poco de lo que ha sido su carrera, tambi\u00e9n nos platica sobre \u201cControl Z\u201d donde le dio vida a Luis, personaje que lo llev\u00f3 a una nominaci\u00f3n a los premios \u201cPRODU\u201d 2020 como\u2026","rel":"","context":"En \u00abEntretenimiento\u00bb","block_context":{"text":"Entretenimiento","link":"https:\/\/zeromagazine.mx\/index.php\/category\/entretenimiento\/"},"img":{"alt_text":"","src":"https:\/\/i0.wp.com\/zeromagazinemx.wpcomstaging.com\/wp-content\/uploads\/2022\/02\/9467a-unnamed-1.png?resize=350%2C200&ssl=1","width":350,"height":200,"srcset":"https:\/\/i0.wp.com\/zeromagazinemx.wpcomstaging.com\/wp-content\/uploads\/2022\/02\/9467a-unnamed-1.png?resize=350%2C200&ssl=1 1x, https:\/\/i0.wp.com\/zeromagazinemx.wpcomstaging.com\/wp-content\/uploads\/2022\/02\/9467a-unnamed-1.png?resize=525%2C300&ssl=1 1.5x, https:\/\/i0.wp.com\/zeromagazinemx.wpcomstaging.com\/wp-content\/uploads\/2022\/02\/9467a-unnamed-1.png?resize=700%2C400&ssl=1 2x"},"classes":[]},{"id":52181,"url":"https:\/\/zeromagazine.mx\/index.php\/2021\/08\/16\/vanessa-bauche-celebra-30-anos-de-mostrar-su-dinamismo-en-la-actuacion-y-actualmente-en-labores-sociales\/","url_meta":{"origin":106287,"position":3},"title":"Vanessa Bauche celebra 30 a\u00f1os de mostrar su dinamismo en la actuaci\u00f3n y actualmente en labores sociales","author":"zeromagazinemx","date":"16 de agosto de 2021","format":false,"excerpt":"Ella es Vanessa Bauche, actriz, presentadora, productora, promotora cultural, activista social, escritora y cantante mexicana. Vanessa a lo largo de su carrera ha sido parte de excelentes largometrajes como Amores Perros, tambi\u00e9n telenovelas y series como Rosario Tijeras (primera temporada), Mujeres Asesinas, Luis Miguel: La Serie, Simplemente Mar\u00eda, La doble\u2026","rel":"","context":"En \u00abEntrevistas\u00bb","block_context":{"text":"Entrevistas","link":"https:\/\/zeromagazine.mx\/index.php\/category\/entretenimiento\/entrevistas\/"},"img":{"alt_text":"","src":"","width":0,"height":0},"classes":[]},{"id":47247,"url":"https:\/\/zeromagazine.mx\/index.php\/2021\/06\/09\/entrevista-a-antonio-de-la-vega\/","url_meta":{"origin":106287,"position":4},"title":"Entrevista a Antonio de la Vega","author":"zeromagazinemx","date":"9 de junio de 2021","format":false,"excerpt":"\u00c9l es Antonio De La Vega, gran actor Mexicano de Cine, Teatro y Televisi\u00f3n conocido por los memorables y queridos personajes a quienes ha dado vida como Rafael Reina en las cuatro temporadas de Club de Cuervos, Santiago Echeverr\u00eda en El Se\u00f1or de los Cielos, Arturo Bernal Leyda en El\u2026","rel":"","context":"En \u00abCine\u00bb","block_context":{"text":"Cine","link":"https:\/\/zeromagazine.mx\/index.php\/category\/entretenimiento\/cine\/"},"img":{"alt_text":"","src":"","width":0,"height":0},"classes":[]},{"id":83719,"url":"https:\/\/zeromagazine.mx\/index.php\/2024\/09\/11\/tomi-martinez-el-nuevo-icono\/","url_meta":{"origin":106287,"position":5},"title":"\u201cTomi Mart\u00ednez: El Nuevo \u00cdcono\u201d","author":"zeromagazinemx","date":"11 de septiembre de 2024","format":false,"excerpt":"Si est\u00e1s buscando entretenimiento de calidad, no busques m\u00e1s all\u00e1 de Tomi Mart\u00ednez. Este actor, bailar\u00edn y cantante argentino est\u00e1 en su prime y su carrera est\u00e1 en un nivel que todos deber\u00edamos estar observando. Desde su participaci\u00f3n en \"Cabaret\" en el Teatro de los Insurgentes hasta su debut en\u2026","rel":"","context":"En \u00abCultura\u00bb","block_context":{"text":"Cultura","link":"https:\/\/zeromagazine.mx\/index.php\/category\/cultura\/"},"img":{"alt_text":"","src":"https:\/\/i0.wp.com\/zeromagazine.mx\/wp-content\/uploads\/2024\/09\/Cabaret1.png?fit=1173%2C1200&ssl=1&resize=350%2C200","width":350,"height":200,"srcset":"https:\/\/i0.wp.com\/zeromagazine.mx\/wp-content\/uploads\/2024\/09\/Cabaret1.png?fit=1173%2C1200&ssl=1&resize=350%2C200 1x, https:\/\/i0.wp.com\/zeromagazine.mx\/wp-content\/uploads\/2024\/09\/Cabaret1.png?fit=1173%2C1200&ssl=1&resize=525%2C300 1.5x, https:\/\/i0.wp.com\/zeromagazine.mx\/wp-content\/uploads\/2024\/09\/Cabaret1.png?fit=1173%2C1200&ssl=1&resize=700%2C400 2x, https:\/\/i0.wp.com\/zeromagazine.mx\/wp-content\/uploads\/2024\/09\/Cabaret1.png?fit=1173%2C1200&ssl=1&resize=1050%2C600 3x"},"classes":[]}],"jetpack_sharing_enabled":true,"builder_content":"","_links":{"self":[{"href":"https:\/\/zeromagazine.mx\/index.php\/wp-json\/wp\/v2\/posts\/106287","targetHints":{"allow":["GET"]}}],"collection":[{"href":"https:\/\/zeromagazine.mx\/index.php\/wp-json\/wp\/v2\/posts"}],"about":[{"href":"https:\/\/zeromagazine.mx\/index.php\/wp-json\/wp\/v2\/types\/post"}],"author":[{"embeddable":true,"href":"https:\/\/zeromagazine.mx\/index.php\/wp-json\/wp\/v2\/users\/4"}],"replies":[{"embeddable":true,"href":"https:\/\/zeromagazine.mx\/index.php\/wp-json\/wp\/v2\/comments?post=106287"}],"version-history":[{"count":8,"href":"https:\/\/zeromagazine.mx\/index.php\/wp-json\/wp\/v2\/posts\/106287\/revisions"}],"predecessor-version":[{"id":106317,"href":"https:\/\/zeromagazine.mx\/index.php\/wp-json\/wp\/v2\/posts\/106287\/revisions\/106317"}],"wp:featuredmedia":[{"embeddable":true,"href":"https:\/\/zeromagazine.mx\/index.php\/wp-json\/wp\/v2\/media\/106308"}],"wp:attachment":[{"href":"https:\/\/zeromagazine.mx\/index.php\/wp-json\/wp\/v2\/media?parent=106287"}],"wp:term":[{"taxonomy":"category","embeddable":true,"href":"https:\/\/zeromagazine.mx\/index.php\/wp-json\/wp\/v2\/categories?post=106287"},{"taxonomy":"post_tag","embeddable":true,"href":"https:\/\/zeromagazine.mx\/index.php\/wp-json\/wp\/v2\/tags?post=106287"}],"curies":[{"name":"wp","href":"https:\/\/api.w.org\/{rel}","templated":true}]}}