{"id":106291,"date":"2025-06-26T13:29:54","date_gmt":"2025-06-26T19:29:54","guid":{"rendered":"https:\/\/zeromagazine.mx\/?p=106291"},"modified":"2025-06-26T13:29:56","modified_gmt":"2025-06-26T19:29:56","slug":"alive-pride-la-fiesta-que-ilumina-el-cielo","status":"publish","type":"post","link":"https:\/\/zeromagazine.mx\/index.php\/2025\/06\/26\/alive-pride-la-fiesta-que-ilumina-el-cielo\/","title":{"rendered":"Alive Pride, la fiesta que ilumina el cielo de la CDMX"},"content":{"rendered":"<p>Amix la neta, no hay nada m\u00e1s ic\u00f3nico que celebrar el orgullo siendo t\u00fa misme, libre, amando sin miedo y gritando qui\u00e9n eres al universo. Y si encima lo haces desde el <strong>piso 25 con la CDMX <\/strong>iluminada a tus pies\u2026 \u00a1uff! Entonces llegaste a <strong>Alive Pride<\/strong>, la fiesta m\u00e1s vibrante y diversa que se arma este mes del Pride, y s\u00ed, obvi, <em>la m\u00e1s IN<\/em>. Y si no quieres perd\u00e9rtela, qu\u00e9date porque te traigo detalles.<\/p>\n\n\n\n<figure class=\"wp-block-gallery has-nested-images columns-default is-cropped wp-block-gallery-1 is-layout-flex wp-block-gallery-is-layout-flex\">\n<figure class=\"wp-block-image size-large\"><img data-recalc-dims=\"1\" decoding=\"async\" width=\"1024\" height=\"1024\" data-id=\"106294\" src=\"https:\/\/i0.wp.com\/zeromagazine.mx\/wp-content\/uploads\/2025\/06\/ALIVE-4-1024x1024.png?resize=1024%2C1024&#038;ssl=1\" alt=\"\" class=\"wp-image-106294\" srcset=\"https:\/\/i0.wp.com\/zeromagazine.mx\/wp-content\/uploads\/2025\/06\/ALIVE-4.png?resize=1024%2C1024&amp;ssl=1 1024w, https:\/\/i0.wp.com\/zeromagazine.mx\/wp-content\/uploads\/2025\/06\/ALIVE-4.png?resize=300%2C300&amp;ssl=1 300w, https:\/\/i0.wp.com\/zeromagazine.mx\/wp-content\/uploads\/2025\/06\/ALIVE-4.png?resize=150%2C150&amp;ssl=1 150w, https:\/\/i0.wp.com\/zeromagazine.mx\/wp-content\/uploads\/2025\/06\/ALIVE-4.png?resize=768%2C768&amp;ssl=1 768w, https:\/\/i0.wp.com\/zeromagazine.mx\/wp-content\/uploads\/2025\/06\/ALIVE-4.png?w=1200&amp;ssl=1 1200w\" sizes=\"(max-width: 1024px) 100vw, 1024px\" \/><\/figure>\n\n\n\n<figure class=\"wp-block-image size-large\"><img data-recalc-dims=\"1\" decoding=\"async\" width=\"1024\" height=\"1024\" data-id=\"106293\" src=\"https:\/\/i0.wp.com\/zeromagazine.mx\/wp-content\/uploads\/2025\/06\/ALIVE-3-1024x1024.png?resize=1024%2C1024&#038;ssl=1\" alt=\"\" class=\"wp-image-106293\" srcset=\"https:\/\/i0.wp.com\/zeromagazine.mx\/wp-content\/uploads\/2025\/06\/ALIVE-3.png?resize=1024%2C1024&amp;ssl=1 1024w, https:\/\/i0.wp.com\/zeromagazine.mx\/wp-content\/uploads\/2025\/06\/ALIVE-3.png?resize=300%2C300&amp;ssl=1 300w, https:\/\/i0.wp.com\/zeromagazine.mx\/wp-content\/uploads\/2025\/06\/ALIVE-3.png?resize=150%2C150&amp;ssl=1 150w, https:\/\/i0.wp.com\/zeromagazine.mx\/wp-content\/uploads\/2025\/06\/ALIVE-3.png?resize=768%2C768&amp;ssl=1 768w, https:\/\/i0.wp.com\/zeromagazine.mx\/wp-content\/uploads\/2025\/06\/ALIVE-3.png?w=1200&amp;ssl=1 1200w\" sizes=\"(max-width: 1024px) 100vw, 1024px\" \/><\/figure>\n\n\n\n<figure class=\"wp-block-image size-large\"><img data-recalc-dims=\"1\" decoding=\"async\" width=\"683\" height=\"1024\" data-id=\"106295\" src=\"https:\/\/i0.wp.com\/zeromagazine.mx\/wp-content\/uploads\/2025\/06\/ALIVE-18-683x1024.png?resize=683%2C1024&#038;ssl=1\" alt=\"\" class=\"wp-image-106295\" srcset=\"https:\/\/i0.wp.com\/zeromagazine.mx\/wp-content\/uploads\/2025\/06\/ALIVE-18.png?resize=683%2C1024&amp;ssl=1 683w, https:\/\/i0.wp.com\/zeromagazine.mx\/wp-content\/uploads\/2025\/06\/ALIVE-18.png?resize=200%2C300&amp;ssl=1 200w, https:\/\/i0.wp.com\/zeromagazine.mx\/wp-content\/uploads\/2025\/06\/ALIVE-18.png?resize=768%2C1152&amp;ssl=1 768w, https:\/\/i0.wp.com\/zeromagazine.mx\/wp-content\/uploads\/2025\/06\/ALIVE-18.png?resize=1024%2C1536&amp;ssl=1 1024w, https:\/\/i0.wp.com\/zeromagazine.mx\/wp-content\/uploads\/2025\/06\/ALIVE-18.png?resize=1365%2C2048&amp;ssl=1 1365w, https:\/\/i0.wp.com\/zeromagazine.mx\/wp-content\/uploads\/2025\/06\/ALIVE-18.png?w=2330 2330w, https:\/\/i0.wp.com\/zeromagazine.mx\/wp-content\/uploads\/2025\/06\/ALIVE-18.png?w=3495 3495w\" sizes=\"(max-width: 683px) 100vw, 683px\" \/><\/figure>\n<\/figure>\n\n\n\n<h2 class=\"wp-block-heading\"><strong>Una noche para cantar con orgullo<\/strong><\/h2>\n\n\n\n<p>Adem\u00e1s, imagina un escenario en el ic\u00f3nico <em>Foro Stelaris<\/em> del Fiesta Americana Reforma donde vas a corear temazos de Karol G, The Beatles, Spice Girls, OV7, Lady Gaga y m\u00e1s, como si estuvieras en un karaoke de altura. Literal. Porque <strong>Alive Pride<\/strong> transforma una noche cualquiera en un show donde la m\u00fasica es el idioma del coraz\u00f3n queer.<\/p>\n\n\n\n<script async src=\"https:\/\/pagead2.googlesyndication.com\/pagead\/js\/adsbygoogle.js?client=ca-pub-5499304793904745\"\n     crossorigin=\"anonymous\"><\/script>\n<ins class=\"adsbygoogle\"\n     style=\"display:block; text-align:center;\"\n     data-ad-layout=\"in-article\"\n     data-ad-format=\"fluid\"\n     data-ad-client=\"ca-pub-5499304793904745\"\n     data-ad-slot=\"5994863093\"><\/ins>\n<script>\n     (adsbygoogle = window.adsbygoogle || []).push({});\n<\/script>\n\n\n\n<h2 class=\"wp-block-heading\"><strong>Vibra en las alturas<\/strong><\/h2>\n\n\n\n<p>Luego, este espacio no solo vibra, brilla. Con un ambiente iluminado por luces espectaculares y la energ\u00eda del p\u00fablico, <strong>Alive Pride<\/strong> promete una experiencia inmersiva que mezcla nostalgia, libertad y much\u00edsima fiesta. Cada show es \u00fanico, con artistas como Alejandra Mu\u00f1oz, Arturo Zurita, Regina Lozano o Davi Ulloa, haciendo de cada minuto algo inolvidable.<\/p>\n\n\n\n<figure class=\"wp-block-gallery has-nested-images columns-default is-cropped wp-block-gallery-2 is-layout-flex wp-block-gallery-is-layout-flex\">\n<figure class=\"wp-block-image size-full\"><img data-recalc-dims=\"1\" decoding=\"async\" width=\"1165\" height=\"777\" data-id=\"106297\" src=\"https:\/\/i0.wp.com\/zeromagazine.mx\/wp-content\/uploads\/2025\/06\/ALIVE-10.png?resize=1165%2C777\" alt=\"\" class=\"wp-image-106297\" srcset=\"https:\/\/i0.wp.com\/zeromagazine.mx\/wp-content\/uploads\/2025\/06\/ALIVE-10.png?w=6108&amp;ssl=1 6108w, https:\/\/i0.wp.com\/zeromagazine.mx\/wp-content\/uploads\/2025\/06\/ALIVE-10.png?resize=300%2C200&amp;ssl=1 300w, https:\/\/i0.wp.com\/zeromagazine.mx\/wp-content\/uploads\/2025\/06\/ALIVE-10.png?resize=1024%2C683&amp;ssl=1 1024w, https:\/\/i0.wp.com\/zeromagazine.mx\/wp-content\/uploads\/2025\/06\/ALIVE-10.png?resize=768%2C512&amp;ssl=1 768w, https:\/\/i0.wp.com\/zeromagazine.mx\/wp-content\/uploads\/2025\/06\/ALIVE-10.png?w=2330 2330w, https:\/\/i0.wp.com\/zeromagazine.mx\/wp-content\/uploads\/2025\/06\/ALIVE-10.png?w=3495 3495w\" sizes=\"(max-width: 1165px) 100vw, 1165px\" \/><\/figure>\n\n\n\n<figure class=\"wp-block-image size-large\"><img data-recalc-dims=\"1\" decoding=\"async\" width=\"1024\" height=\"1024\" data-id=\"106296\" src=\"https:\/\/i0.wp.com\/zeromagazine.mx\/wp-content\/uploads\/2025\/06\/ALIVE-5-1024x1024.png?resize=1024%2C1024&#038;ssl=1\" alt=\"\" class=\"wp-image-106296\" srcset=\"https:\/\/i0.wp.com\/zeromagazine.mx\/wp-content\/uploads\/2025\/06\/ALIVE-5.png?resize=1024%2C1024&amp;ssl=1 1024w, https:\/\/i0.wp.com\/zeromagazine.mx\/wp-content\/uploads\/2025\/06\/ALIVE-5.png?resize=300%2C300&amp;ssl=1 300w, https:\/\/i0.wp.com\/zeromagazine.mx\/wp-content\/uploads\/2025\/06\/ALIVE-5.png?resize=150%2C150&amp;ssl=1 150w, https:\/\/i0.wp.com\/zeromagazine.mx\/wp-content\/uploads\/2025\/06\/ALIVE-5.png?resize=768%2C768&amp;ssl=1 768w, https:\/\/i0.wp.com\/zeromagazine.mx\/wp-content\/uploads\/2025\/06\/ALIVE-5.png?w=1200&amp;ssl=1 1200w\" sizes=\"(max-width: 1024px) 100vw, 1024px\" \/><\/figure>\n<\/figure>\n\n\n\n<h2 class=\"wp-block-heading\"><strong>El team que hace magia<\/strong><\/h2>\n\n\n\n<p>Por otro lado, todo este flow est\u00e1 orquestado por un equipazo creativo liderado por Oscar Carapia, Ricky Berdichevsky y Nacho Carral. Gracias a su direcci\u00f3n, producci\u00f3n musical y dise\u00f1o visual, <strong>Alive Pride<\/strong> se ha convertido en uno de los eventos favoritos de la comunidad.<\/p>\n\n\n\n<script async src=\"https:\/\/pagead2.googlesyndication.com\/pagead\/js\/adsbygoogle.js?client=ca-pub-5499304793904745\"\n     crossorigin=\"anonymous\"><\/script>\n<ins class=\"adsbygoogle\"\n     style=\"display:block; text-align:center;\"\n     data-ad-layout=\"in-article\"\n     data-ad-format=\"fluid\"\n     data-ad-client=\"ca-pub-5499304793904745\"\n     data-ad-slot=\"5994863093\"><\/ins>\n<script>\n     (adsbygoogle = window.adsbygoogle || []).push({});\n<\/script>\n\n\n\n<h2 class=\"wp-block-heading\"><strong>As\u00ed que, \u00bfnos lanzamos?<\/strong><\/h2>\n\n\n\n<p>Finalmente, este <strong>27 de junio<\/strong> date una vuelta por esta celebraci\u00f3n que es m\u00e1s que una fiesta: es una declaraci\u00f3n. Vive el <strong>Alive Pride<\/strong> con tus amix, canta, baila, y recuerda que cada noche que te atreves a brillar, es una noche que vale la pena. Para mas info, s\u00edguelos en \ud83d\udd17 <a class=\"\" href=\"https:\/\/www.instagram.com\/aliveshowmx\/\">@aliveshowmx<\/a>.<\/p>\n\n\n\n<figure class=\"wp-block-video\"><video height=\"1080\" style=\"aspect-ratio: 1920 \/ 1080;\" width=\"1920\" controls src=\"https:\/\/zeromagazine.mx\/wp-content\/uploads\/2025\/06\/AL-PROMO-1-169-VF-1.mov\"><\/video><\/figure>\n\n\n\n<p>Y si quieres consultar saber m\u00e1s novedades de cultura y eventos entra a <a href=\"https:\/\/zeromagazine.mx\/\">zeromagazine.mx<\/a> o s\u00edguenos en <a href=\"https:\/\/www.instagram.com\/zeromagazinemx\/\">@zeromagazinemx<\/a><\/p>\n\n\n\n<script async src=\"https:\/\/pagead2.googlesyndication.com\/pagead\/js\/adsbygoogle.js?client=ca-pub-5499304793904745\"\n     crossorigin=\"anonymous\"><\/script>\n<ins class=\"adsbygoogle\"\n     style=\"display:block; text-align:center;\"\n     data-ad-layout=\"in-article\"\n     data-ad-format=\"fluid\"\n     data-ad-client=\"ca-pub-5499304793904745\"\n     data-ad-slot=\"5994863093\"><\/ins>\n<script>\n     (adsbygoogle = window.adsbygoogle || []).push({});\n<\/script>\n\n<!--themify_builder_content-->\n<div id=\"themify_builder_content-106291\" data-postid=\"106291\" class=\"themify_builder_content themify_builder_content-106291 themify_builder tf_clear\">\n    <\/div>\n<!--\/themify_builder_content-->","protected":false},"excerpt":{"rendered":"<p>Amix la neta, no hay nada m\u00e1s ic\u00f3nico que celebrar el orgullo siendo t\u00fa misme, libre, amando sin miedo y gritando qui\u00e9n eres al universo. Y si encima lo haces desde el piso 25 con la CDMX iluminada a tus pies\u2026 \u00a1uff! Entonces llegaste a Alive Pride, la fiesta m\u00e1s vibrante y diversa que se [&hellip;]<\/p>\n","protected":false},"author":4,"featured_media":106298,"comment_status":"open","ping_status":"open","sticky":false,"template":"","format":"standard","meta":{"_jetpack_memberships_contains_paid_content":false,"footnotes":"","jetpack_publicize_message":"","jetpack_publicize_feature_enabled":true,"jetpack_social_post_already_shared":true,"jetpack_social_options":{"image_generator_settings":{"template":"highway","default_image_id":0,"font":"","enabled":false},"version":2}},"categories":[791],"tags":[14053,48,13914],"class_list":["post-106291","post","type-post","status-publish","format-standard","has-post-thumbnail","hentry","category-cultura","tag-alive-pride","tag-lgbtq","tag-pride-2025","has-post-title","has-post-date","has-post-category","has-post-tag","has-post-comment","has-post-author",""],"yoast_head":"<!-- This site is optimized with the Yoast SEO plugin v27.5 - https:\/\/yoast.com\/product\/yoast-seo-wordpress\/ -->\n<title>Alive Pride, la fiesta que ilumina el cielo de la CDMX - Zero Magazine<\/title>\n<meta name=\"description\" content=\"Vive el Pride con m\u00fasica, luces y emoci\u00f3n desde lo m\u00e1s alto de Reforma, con el gran show que trae para ti Alive Pride\" \/>\n<meta name=\"robots\" content=\"index, follow, max-snippet:-1, max-image-preview:large, max-video-preview:-1\" \/>\n<link rel=\"canonical\" href=\"https:\/\/zeromagazine.mx\/index.php\/2025\/06\/26\/alive-pride-la-fiesta-que-ilumina-el-cielo\/\" \/>\n<meta property=\"og:locale\" content=\"es_ES\" \/>\n<meta property=\"og:type\" content=\"article\" \/>\n<meta property=\"og:title\" content=\"Alive Pride, la fiesta que ilumina el cielo de la CDMX - Zero Magazine\" \/>\n<meta property=\"og:description\" content=\"Vive el Pride con m\u00fasica, luces y emoci\u00f3n desde lo m\u00e1s alto de Reforma, con el gran show que trae para ti Alive Pride\" \/>\n<meta property=\"og:url\" content=\"https:\/\/zeromagazine.mx\/index.php\/2025\/06\/26\/alive-pride-la-fiesta-que-ilumina-el-cielo\/\" \/>\n<meta property=\"og:site_name\" content=\"Zero Magazine\" \/>\n<meta property=\"article:published_time\" content=\"2025-06-26T19:29:54+00:00\" \/>\n<meta property=\"article:modified_time\" content=\"2025-06-26T19:29:56+00:00\" \/>\n<meta property=\"og:image\" content=\"http:\/\/zeromagazine.mx\/wp-content\/uploads\/2025\/06\/ALIVE-6-1024x683.png\" \/>\n\t<meta property=\"og:image:width\" content=\"1024\" \/>\n\t<meta property=\"og:image:height\" content=\"683\" \/>\n\t<meta property=\"og:image:type\" content=\"image\/png\" \/>\n<meta name=\"author\" content=\"David Morales\" \/>\n<meta name=\"twitter:card\" content=\"summary_large_image\" \/>\n<meta name=\"twitter:label1\" content=\"Escrito por\" \/>\n\t<meta name=\"twitter:data1\" content=\"David Morales\" \/>\n\t<meta name=\"twitter:label2\" content=\"Tiempo de lectura\" \/>\n\t<meta name=\"twitter:data2\" content=\"3 minutos\" \/>\n<script type=\"application\/ld+json\" class=\"yoast-schema-graph\">{\"@context\":\"https:\\\/\\\/schema.org\",\"@graph\":[{\"@type\":\"Article\",\"@id\":\"https:\\\/\\\/zeromagazine.mx\\\/index.php\\\/2025\\\/06\\\/26\\\/alive-pride-la-fiesta-que-ilumina-el-cielo\\\/#article\",\"isPartOf\":{\"@id\":\"https:\\\/\\\/zeromagazine.mx\\\/index.php\\\/2025\\\/06\\\/26\\\/alive-pride-la-fiesta-que-ilumina-el-cielo\\\/\"},\"author\":{\"name\":\"David Morales\",\"@id\":\"https:\\\/\\\/zeromagazine.mx\\\/#\\\/schema\\\/person\\\/9f7f1a17c60ba8e9980e3e6677aabe5a\"},\"headline\":\"Alive Pride, la fiesta que ilumina el cielo de la CDMX\",\"datePublished\":\"2025-06-26T19:29:54+00:00\",\"dateModified\":\"2025-06-26T19:29:56+00:00\",\"mainEntityOfPage\":{\"@id\":\"https:\\\/\\\/zeromagazine.mx\\\/index.php\\\/2025\\\/06\\\/26\\\/alive-pride-la-fiesta-que-ilumina-el-cielo\\\/\"},\"wordCount\":356,\"commentCount\":0,\"publisher\":{\"@id\":\"https:\\\/\\\/zeromagazine.mx\\\/#organization\"},\"image\":{\"@id\":\"https:\\\/\\\/zeromagazine.mx\\\/index.php\\\/2025\\\/06\\\/26\\\/alive-pride-la-fiesta-que-ilumina-el-cielo\\\/#primaryimage\"},\"thumbnailUrl\":\"https:\\\/\\\/i0.wp.com\\\/zeromagazine.mx\\\/wp-content\\\/uploads\\\/2025\\\/06\\\/ALIVE-6.png?fit=6108%2C4072&ssl=1\",\"keywords\":[\"Alive Pride\",\"LGBTQ+\",\"Pride 2025\"],\"articleSection\":[\"Cultura\"],\"inLanguage\":\"es\",\"potentialAction\":[{\"@type\":\"CommentAction\",\"name\":\"Comment\",\"target\":[\"https:\\\/\\\/zeromagazine.mx\\\/index.php\\\/2025\\\/06\\\/26\\\/alive-pride-la-fiesta-que-ilumina-el-cielo\\\/#respond\"]}]},{\"@type\":\"WebPage\",\"@id\":\"https:\\\/\\\/zeromagazine.mx\\\/index.php\\\/2025\\\/06\\\/26\\\/alive-pride-la-fiesta-que-ilumina-el-cielo\\\/\",\"url\":\"https:\\\/\\\/zeromagazine.mx\\\/index.php\\\/2025\\\/06\\\/26\\\/alive-pride-la-fiesta-que-ilumina-el-cielo\\\/\",\"name\":\"Alive Pride, la fiesta que ilumina el cielo de la CDMX - Zero Magazine\",\"isPartOf\":{\"@id\":\"https:\\\/\\\/zeromagazine.mx\\\/#website\"},\"primaryImageOfPage\":{\"@id\":\"https:\\\/\\\/zeromagazine.mx\\\/index.php\\\/2025\\\/06\\\/26\\\/alive-pride-la-fiesta-que-ilumina-el-cielo\\\/#primaryimage\"},\"image\":{\"@id\":\"https:\\\/\\\/zeromagazine.mx\\\/index.php\\\/2025\\\/06\\\/26\\\/alive-pride-la-fiesta-que-ilumina-el-cielo\\\/#primaryimage\"},\"thumbnailUrl\":\"https:\\\/\\\/i0.wp.com\\\/zeromagazine.mx\\\/wp-content\\\/uploads\\\/2025\\\/06\\\/ALIVE-6.png?fit=6108%2C4072&ssl=1\",\"datePublished\":\"2025-06-26T19:29:54+00:00\",\"dateModified\":\"2025-06-26T19:29:56+00:00\",\"description\":\"Vive el Pride con m\u00fasica, luces y emoci\u00f3n desde lo m\u00e1s alto de Reforma, con el gran show que trae para ti Alive Pride\",\"breadcrumb\":{\"@id\":\"https:\\\/\\\/zeromagazine.mx\\\/index.php\\\/2025\\\/06\\\/26\\\/alive-pride-la-fiesta-que-ilumina-el-cielo\\\/#breadcrumb\"},\"inLanguage\":\"es\",\"potentialAction\":[{\"@type\":\"ReadAction\",\"target\":[\"https:\\\/\\\/zeromagazine.mx\\\/index.php\\\/2025\\\/06\\\/26\\\/alive-pride-la-fiesta-que-ilumina-el-cielo\\\/\"]}]},{\"@type\":\"ImageObject\",\"inLanguage\":\"es\",\"@id\":\"https:\\\/\\\/zeromagazine.mx\\\/index.php\\\/2025\\\/06\\\/26\\\/alive-pride-la-fiesta-que-ilumina-el-cielo\\\/#primaryimage\",\"url\":\"https:\\\/\\\/i0.wp.com\\\/zeromagazine.mx\\\/wp-content\\\/uploads\\\/2025\\\/06\\\/ALIVE-6.png?fit=6108%2C4072&ssl=1\",\"contentUrl\":\"https:\\\/\\\/i0.wp.com\\\/zeromagazine.mx\\\/wp-content\\\/uploads\\\/2025\\\/06\\\/ALIVE-6.png?fit=6108%2C4072&ssl=1\",\"width\":6108,\"height\":4072},{\"@type\":\"BreadcrumbList\",\"@id\":\"https:\\\/\\\/zeromagazine.mx\\\/index.php\\\/2025\\\/06\\\/26\\\/alive-pride-la-fiesta-que-ilumina-el-cielo\\\/#breadcrumb\",\"itemListElement\":[{\"@type\":\"ListItem\",\"position\":1,\"name\":\"Portada\",\"item\":\"https:\\\/\\\/zeromagazine.mx\\\/\"},{\"@type\":\"ListItem\",\"position\":2,\"name\":\"Alive Pride, la fiesta que ilumina el cielo de la CDMX\"}]},{\"@type\":\"WebSite\",\"@id\":\"https:\\\/\\\/zeromagazine.mx\\\/#website\",\"url\":\"https:\\\/\\\/zeromagazine.mx\\\/\",\"name\":\"Zero Magazine\",\"description\":\"\",\"publisher\":{\"@id\":\"https:\\\/\\\/zeromagazine.mx\\\/#organization\"},\"potentialAction\":[{\"@type\":\"SearchAction\",\"target\":{\"@type\":\"EntryPoint\",\"urlTemplate\":\"https:\\\/\\\/zeromagazine.mx\\\/?s={search_term_string}\"},\"query-input\":{\"@type\":\"PropertyValueSpecification\",\"valueRequired\":true,\"valueName\":\"search_term_string\"}}],\"inLanguage\":\"es\"},{\"@type\":\"Organization\",\"@id\":\"https:\\\/\\\/zeromagazine.mx\\\/#organization\",\"name\":\"Zero Magazine\",\"url\":\"https:\\\/\\\/zeromagazine.mx\\\/\",\"logo\":{\"@type\":\"ImageObject\",\"inLanguage\":\"es\",\"@id\":\"https:\\\/\\\/zeromagazine.mx\\\/#\\\/schema\\\/logo\\\/image\\\/\",\"url\":\"https:\\\/\\\/i0.wp.com\\\/zeromagazine.mx\\\/wp-content\\\/uploads\\\/2025\\\/11\\\/1.jpeg?fit=1000%2C1000&ssl=1\",\"contentUrl\":\"https:\\\/\\\/i0.wp.com\\\/zeromagazine.mx\\\/wp-content\\\/uploads\\\/2025\\\/11\\\/1.jpeg?fit=1000%2C1000&ssl=1\",\"width\":1000,\"height\":1000,\"caption\":\"Zero Magazine\"},\"image\":{\"@id\":\"https:\\\/\\\/zeromagazine.mx\\\/#\\\/schema\\\/logo\\\/image\\\/\"},\"sameAs\":[\"https:\\\/\\\/instagram.com\\\/zeromagazinemx\"]},{\"@type\":\"Person\",\"@id\":\"https:\\\/\\\/zeromagazine.mx\\\/#\\\/schema\\\/person\\\/9f7f1a17c60ba8e9980e3e6677aabe5a\",\"name\":\"David Morales\",\"image\":{\"@type\":\"ImageObject\",\"inLanguage\":\"es\",\"@id\":\"https:\\\/\\\/zeromagazine.mx\\\/wp-content\\\/litespeed\\\/avatar\\\/76069d2136bfc1c37dc34815bb67ca42.jpg?ver=1777571067\",\"url\":\"https:\\\/\\\/zeromagazine.mx\\\/wp-content\\\/litespeed\\\/avatar\\\/76069d2136bfc1c37dc34815bb67ca42.jpg?ver=1777571067\",\"contentUrl\":\"https:\\\/\\\/zeromagazine.mx\\\/wp-content\\\/litespeed\\\/avatar\\\/76069d2136bfc1c37dc34815bb67ca42.jpg?ver=1777571067\",\"caption\":\"David Morales\"},\"url\":\"https:\\\/\\\/zeromagazine.mx\\\/index.php\\\/author\\\/david\\\/\"}]}<\/script>\n<!-- \/ Yoast SEO plugin. -->","yoast_head_json":{"title":"Alive Pride, la fiesta que ilumina el cielo de la CDMX - Zero Magazine","description":"Vive el Pride con m\u00fasica, luces y emoci\u00f3n desde lo m\u00e1s alto de Reforma, con el gran show que trae para ti Alive Pride","robots":{"index":"index","follow":"follow","max-snippet":"max-snippet:-1","max-image-preview":"max-image-preview:large","max-video-preview":"max-video-preview:-1"},"canonical":"https:\/\/zeromagazine.mx\/index.php\/2025\/06\/26\/alive-pride-la-fiesta-que-ilumina-el-cielo\/","og_locale":"es_ES","og_type":"article","og_title":"Alive Pride, la fiesta que ilumina el cielo de la CDMX - Zero Magazine","og_description":"Vive el Pride con m\u00fasica, luces y emoci\u00f3n desde lo m\u00e1s alto de Reforma, con el gran show que trae para ti Alive Pride","og_url":"https:\/\/zeromagazine.mx\/index.php\/2025\/06\/26\/alive-pride-la-fiesta-que-ilumina-el-cielo\/","og_site_name":"Zero Magazine","article_published_time":"2025-06-26T19:29:54+00:00","article_modified_time":"2025-06-26T19:29:56+00:00","og_image":[{"width":1024,"height":683,"url":"http:\/\/zeromagazine.mx\/wp-content\/uploads\/2025\/06\/ALIVE-6-1024x683.png","type":"image\/png"}],"author":"David Morales","twitter_card":"summary_large_image","twitter_misc":{"Escrito por":"David Morales","Tiempo de lectura":"3 minutos"},"schema":{"@context":"https:\/\/schema.org","@graph":[{"@type":"Article","@id":"https:\/\/zeromagazine.mx\/index.php\/2025\/06\/26\/alive-pride-la-fiesta-que-ilumina-el-cielo\/#article","isPartOf":{"@id":"https:\/\/zeromagazine.mx\/index.php\/2025\/06\/26\/alive-pride-la-fiesta-que-ilumina-el-cielo\/"},"author":{"name":"David Morales","@id":"https:\/\/zeromagazine.mx\/#\/schema\/person\/9f7f1a17c60ba8e9980e3e6677aabe5a"},"headline":"Alive Pride, la fiesta que ilumina el cielo de la CDMX","datePublished":"2025-06-26T19:29:54+00:00","dateModified":"2025-06-26T19:29:56+00:00","mainEntityOfPage":{"@id":"https:\/\/zeromagazine.mx\/index.php\/2025\/06\/26\/alive-pride-la-fiesta-que-ilumina-el-cielo\/"},"wordCount":356,"commentCount":0,"publisher":{"@id":"https:\/\/zeromagazine.mx\/#organization"},"image":{"@id":"https:\/\/zeromagazine.mx\/index.php\/2025\/06\/26\/alive-pride-la-fiesta-que-ilumina-el-cielo\/#primaryimage"},"thumbnailUrl":"https:\/\/i0.wp.com\/zeromagazine.mx\/wp-content\/uploads\/2025\/06\/ALIVE-6.png?fit=6108%2C4072&ssl=1","keywords":["Alive Pride","LGBTQ+","Pride 2025"],"articleSection":["Cultura"],"inLanguage":"es","potentialAction":[{"@type":"CommentAction","name":"Comment","target":["https:\/\/zeromagazine.mx\/index.php\/2025\/06\/26\/alive-pride-la-fiesta-que-ilumina-el-cielo\/#respond"]}]},{"@type":"WebPage","@id":"https:\/\/zeromagazine.mx\/index.php\/2025\/06\/26\/alive-pride-la-fiesta-que-ilumina-el-cielo\/","url":"https:\/\/zeromagazine.mx\/index.php\/2025\/06\/26\/alive-pride-la-fiesta-que-ilumina-el-cielo\/","name":"Alive Pride, la fiesta que ilumina el cielo de la CDMX - Zero Magazine","isPartOf":{"@id":"https:\/\/zeromagazine.mx\/#website"},"primaryImageOfPage":{"@id":"https:\/\/zeromagazine.mx\/index.php\/2025\/06\/26\/alive-pride-la-fiesta-que-ilumina-el-cielo\/#primaryimage"},"image":{"@id":"https:\/\/zeromagazine.mx\/index.php\/2025\/06\/26\/alive-pride-la-fiesta-que-ilumina-el-cielo\/#primaryimage"},"thumbnailUrl":"https:\/\/i0.wp.com\/zeromagazine.mx\/wp-content\/uploads\/2025\/06\/ALIVE-6.png?fit=6108%2C4072&ssl=1","datePublished":"2025-06-26T19:29:54+00:00","dateModified":"2025-06-26T19:29:56+00:00","description":"Vive el Pride con m\u00fasica, luces y emoci\u00f3n desde lo m\u00e1s alto de Reforma, con el gran show que trae para ti Alive Pride","breadcrumb":{"@id":"https:\/\/zeromagazine.mx\/index.php\/2025\/06\/26\/alive-pride-la-fiesta-que-ilumina-el-cielo\/#breadcrumb"},"inLanguage":"es","potentialAction":[{"@type":"ReadAction","target":["https:\/\/zeromagazine.mx\/index.php\/2025\/06\/26\/alive-pride-la-fiesta-que-ilumina-el-cielo\/"]}]},{"@type":"ImageObject","inLanguage":"es","@id":"https:\/\/zeromagazine.mx\/index.php\/2025\/06\/26\/alive-pride-la-fiesta-que-ilumina-el-cielo\/#primaryimage","url":"https:\/\/i0.wp.com\/zeromagazine.mx\/wp-content\/uploads\/2025\/06\/ALIVE-6.png?fit=6108%2C4072&ssl=1","contentUrl":"https:\/\/i0.wp.com\/zeromagazine.mx\/wp-content\/uploads\/2025\/06\/ALIVE-6.png?fit=6108%2C4072&ssl=1","width":6108,"height":4072},{"@type":"BreadcrumbList","@id":"https:\/\/zeromagazine.mx\/index.php\/2025\/06\/26\/alive-pride-la-fiesta-que-ilumina-el-cielo\/#breadcrumb","itemListElement":[{"@type":"ListItem","position":1,"name":"Portada","item":"https:\/\/zeromagazine.mx\/"},{"@type":"ListItem","position":2,"name":"Alive Pride, la fiesta que ilumina el cielo de la CDMX"}]},{"@type":"WebSite","@id":"https:\/\/zeromagazine.mx\/#website","url":"https:\/\/zeromagazine.mx\/","name":"Zero Magazine","description":"","publisher":{"@id":"https:\/\/zeromagazine.mx\/#organization"},"potentialAction":[{"@type":"SearchAction","target":{"@type":"EntryPoint","urlTemplate":"https:\/\/zeromagazine.mx\/?s={search_term_string}"},"query-input":{"@type":"PropertyValueSpecification","valueRequired":true,"valueName":"search_term_string"}}],"inLanguage":"es"},{"@type":"Organization","@id":"https:\/\/zeromagazine.mx\/#organization","name":"Zero Magazine","url":"https:\/\/zeromagazine.mx\/","logo":{"@type":"ImageObject","inLanguage":"es","@id":"https:\/\/zeromagazine.mx\/#\/schema\/logo\/image\/","url":"https:\/\/i0.wp.com\/zeromagazine.mx\/wp-content\/uploads\/2025\/11\/1.jpeg?fit=1000%2C1000&ssl=1","contentUrl":"https:\/\/i0.wp.com\/zeromagazine.mx\/wp-content\/uploads\/2025\/11\/1.jpeg?fit=1000%2C1000&ssl=1","width":1000,"height":1000,"caption":"Zero Magazine"},"image":{"@id":"https:\/\/zeromagazine.mx\/#\/schema\/logo\/image\/"},"sameAs":["https:\/\/instagram.com\/zeromagazinemx"]},{"@type":"Person","@id":"https:\/\/zeromagazine.mx\/#\/schema\/person\/9f7f1a17c60ba8e9980e3e6677aabe5a","name":"David Morales","image":{"@type":"ImageObject","inLanguage":"es","@id":"https:\/\/zeromagazine.mx\/wp-content\/litespeed\/avatar\/76069d2136bfc1c37dc34815bb67ca42.jpg?ver=1777571067","url":"https:\/\/zeromagazine.mx\/wp-content\/litespeed\/avatar\/76069d2136bfc1c37dc34815bb67ca42.jpg?ver=1777571067","contentUrl":"https:\/\/zeromagazine.mx\/wp-content\/litespeed\/avatar\/76069d2136bfc1c37dc34815bb67ca42.jpg?ver=1777571067","caption":"David Morales"},"url":"https:\/\/zeromagazine.mx\/index.php\/author\/david\/"}]}},"jetpack_publicize_connections":[],"jetpack_featured_media_url":"https:\/\/i0.wp.com\/zeromagazine.mx\/wp-content\/uploads\/2025\/06\/ALIVE-6.png?fit=6108%2C4072&ssl=1","jetpack-related-posts":[{"id":106115,"url":"https:\/\/zeromagazine.mx\/index.php\/2025\/06\/17\/el-pride-de-aribnb-vibra-en-cdmx\/","url_meta":{"origin":106291,"position":0},"title":"El Pride de Airbnb vibra en CDMX","author":"David Morales","date":"17 de junio de 2025","format":false,"excerpt":"Amix, ya se acerca el Pride y obvio no solo estamos pensando en el outfit m\u00e1s glitteroso para la marcha, sino tambi\u00e9n en c\u00f3mo hacer de este momento algo m\u00e1s grande. Y si t\u00fa y tu crew quieren armar el viaje m\u00e1s \u00e9pico de su vida, la neta es que\u2026","rel":"","context":"En \u00abViajes\u00bb","block_context":{"text":"Viajes","link":"https:\/\/zeromagazine.mx\/index.php\/category\/lugares\/"},"img":{"alt_text":"","src":"https:\/\/i0.wp.com\/zeromagazine.mx\/wp-content\/uploads\/2025\/06\/Airbnb2_250609.jpg?fit=960%2C625&ssl=1&resize=350%2C200","width":350,"height":200,"srcset":"https:\/\/i0.wp.com\/zeromagazine.mx\/wp-content\/uploads\/2025\/06\/Airbnb2_250609.jpg?fit=960%2C625&ssl=1&resize=350%2C200 1x, https:\/\/i0.wp.com\/zeromagazine.mx\/wp-content\/uploads\/2025\/06\/Airbnb2_250609.jpg?fit=960%2C625&ssl=1&resize=525%2C300 1.5x, https:\/\/i0.wp.com\/zeromagazine.mx\/wp-content\/uploads\/2025\/06\/Airbnb2_250609.jpg?fit=960%2C625&ssl=1&resize=700%2C400 2x"},"classes":[]},{"id":105892,"url":"https:\/\/zeromagazine.mx\/index.php\/2025\/06\/11\/pride-togheter-en-hotel-reforma-una-fiesta-de-libertad\/","url_meta":{"origin":106291,"position":1},"title":"PRIDE TOGETHER en Hotel Reforma: Una fiesta de libertad","author":"David Morales","date":"11 de junio de 2025","format":false,"excerpt":"Amix, estamos en junio y no solo el calor se viene intensos, pues tambi\u00e9n el Pride 2025 viene con todo y no es cualquier plan improvisado: es la cita m\u00e1s electrizante del mes \ud83c\udf08. Y por eso este a\u00f1o, despu\u00e9s de la Marcha del Orgullo en CDMX, el Antiguo Hotel\u2026","rel":"","context":"En \u00abCultura\u00bb","block_context":{"text":"Cultura","link":"https:\/\/zeromagazine.mx\/index.php\/category\/cultura\/"},"img":{"alt_text":"","src":"https:\/\/i0.wp.com\/zeromagazine.mx\/wp-content\/uploads\/2025\/06\/image.png?fit=1070%2C874&ssl=1&resize=350%2C200","width":350,"height":200,"srcset":"https:\/\/i0.wp.com\/zeromagazine.mx\/wp-content\/uploads\/2025\/06\/image.png?fit=1070%2C874&ssl=1&resize=350%2C200 1x, https:\/\/i0.wp.com\/zeromagazine.mx\/wp-content\/uploads\/2025\/06\/image.png?fit=1070%2C874&ssl=1&resize=525%2C300 1.5x, https:\/\/i0.wp.com\/zeromagazine.mx\/wp-content\/uploads\/2025\/06\/image.png?fit=1070%2C874&ssl=1&resize=700%2C400 2x, https:\/\/i0.wp.com\/zeromagazine.mx\/wp-content\/uploads\/2025\/06\/image.png?fit=1070%2C874&ssl=1&resize=1050%2C600 3x"},"classes":[]},{"id":106408,"url":"https:\/\/zeromagazine.mx\/index.php\/2025\/06\/23\/celebra-el-pride-en-fifty-mils-con-coctelles\/","url_meta":{"origin":106291,"position":2},"title":"Pride en Fifty Mils: cocteles, libertad y flow","author":"David Morales","date":"23 de junio de 2025","format":false,"excerpt":"Amix, si est\u00e1s buscando un plan con glamour, vibra queer y cocteles top para cerrar junio como se debe, esto te interesa: Pride en Fifty Mils ya est\u00e1 aqu\u00ed. El pr\u00f3ximo 27 de junio, de 8:00 p.m. a 2:00 a.m., este ic\u00f3nico bar dentro del Four Seasons CDMX se va\u2026","rel":"","context":"En \u00abViajes\u00bb","block_context":{"text":"Viajes","link":"https:\/\/zeromagazine.mx\/index.php\/category\/lugares\/"},"img":{"alt_text":"","src":"https:\/\/i0.wp.com\/zeromagazine.mx\/wp-content\/uploads\/2025\/06\/Captura-de-pantalla-2023-02-22-a-las-11.02.36.png?fit=1200%2C669&ssl=1&resize=350%2C200","width":350,"height":200,"srcset":"https:\/\/i0.wp.com\/zeromagazine.mx\/wp-content\/uploads\/2025\/06\/Captura-de-pantalla-2023-02-22-a-las-11.02.36.png?fit=1200%2C669&ssl=1&resize=350%2C200 1x, https:\/\/i0.wp.com\/zeromagazine.mx\/wp-content\/uploads\/2025\/06\/Captura-de-pantalla-2023-02-22-a-las-11.02.36.png?fit=1200%2C669&ssl=1&resize=525%2C300 1.5x, https:\/\/i0.wp.com\/zeromagazine.mx\/wp-content\/uploads\/2025\/06\/Captura-de-pantalla-2023-02-22-a-las-11.02.36.png?fit=1200%2C669&ssl=1&resize=700%2C400 2x, https:\/\/i0.wp.com\/zeromagazine.mx\/wp-content\/uploads\/2025\/06\/Captura-de-pantalla-2023-02-22-a-las-11.02.36.png?fit=1200%2C669&ssl=1&resize=1050%2C600 3x"},"classes":[]},{"id":106359,"url":"https:\/\/zeromagazine.mx\/index.php\/2025\/06\/26\/pride-en-lounge-fernando\/","url_meta":{"origin":106291,"position":3},"title":"Pride en Lounge Fernando: cocteles con causa","author":"David Morales","date":"26 de junio de 2025","format":false,"excerpt":"Amix en junio, todo lo que queremos es vibrar alto, rodeades de gente incre\u00edble, m\u00fasica buena y sabores que nos hagan decir \u201c\u00a1wow!\u201d. Y s\u00ed, el Pride es justo ese momento para brillar m\u00e1s que nunca. Este a\u00f1o, hay un spot en la CDMX que la est\u00e1 rompiendo con su\u2026","rel":"","context":"En \u00abViajes\u00bb","block_context":{"text":"Viajes","link":"https:\/\/zeromagazine.mx\/index.php\/category\/lugares\/"},"img":{"alt_text":"","src":"https:\/\/i0.wp.com\/zeromagazine.mx\/wp-content\/uploads\/2025\/06\/LF-Pride-2-scaled.jpg?fit=1200%2C900&ssl=1&resize=350%2C200","width":350,"height":200,"srcset":"https:\/\/i0.wp.com\/zeromagazine.mx\/wp-content\/uploads\/2025\/06\/LF-Pride-2-scaled.jpg?fit=1200%2C900&ssl=1&resize=350%2C200 1x, https:\/\/i0.wp.com\/zeromagazine.mx\/wp-content\/uploads\/2025\/06\/LF-Pride-2-scaled.jpg?fit=1200%2C900&ssl=1&resize=525%2C300 1.5x, https:\/\/i0.wp.com\/zeromagazine.mx\/wp-content\/uploads\/2025\/06\/LF-Pride-2-scaled.jpg?fit=1200%2C900&ssl=1&resize=700%2C400 2x, https:\/\/i0.wp.com\/zeromagazine.mx\/wp-content\/uploads\/2025\/06\/LF-Pride-2-scaled.jpg?fit=1200%2C900&ssl=1&resize=1050%2C600 3x"},"classes":[]},{"id":105831,"url":"https:\/\/zeromagazine.mx\/index.php\/2025\/06\/10\/soho-house-pride-se-celebra-con-arte-historia-y-musica\/","url_meta":{"origin":106291,"position":4},"title":"Soho House Pride se celebra con arte, historia y m\u00fasica","author":"David Morales","date":"10 de junio de 2025","format":false,"excerpt":"Amix, ya lleg\u00f3 junio y con \u00e9l, una de las \u00e9pocas m\u00e1s ic\u00f3nicas para nuestra comunidad: el Pride. Pero si crees que todo se reduce a glitter y arco\u00edris, tienes que darte una vuelta por lo que est\u00e1 haciendo Soho House Ciudad de M\u00e9xico. Literal, Soho House celebra el Pride\u2026","rel":"","context":"En \u00abViajes\u00bb","block_context":{"text":"Viajes","link":"https:\/\/zeromagazine.mx\/index.php\/category\/lugares\/"},"img":{"alt_text":"","src":"https:\/\/i0.wp.com\/zeromagazine.mx\/wp-content\/uploads\/2025\/06\/medium_mexican_jihad.jpeg?fit=360%2C360&ssl=1&resize=350%2C200","width":350,"height":200},"classes":[]},{"id":106222,"url":"https:\/\/zeromagazine.mx\/index.php\/2025\/06\/24\/vallarta-pride-el-pride-de-mexico\/","url_meta":{"origin":106291,"position":5},"title":"Vallarta Pride: El Pride de M\u00e9xico","author":"David Morales","date":"24 de junio de 2025","format":false,"excerpt":"Puerto Vallarta Pride 2025 fue mi primera marcha del orgullo. S\u00ed, lo le\u00edste bien: a mis 37 a\u00f1os, despu\u00e9s de dos d\u00e9cadas fuera del cl\u00f3set, jam\u00e1s hab\u00eda asistido a una. No fue en Ciudad de M\u00e9xico, ni en Guadalajara, ni en otro destino \u201cpopular\u201d. Fue en Puerto Vallarta, un lugar\u2026","rel":"","context":"En \u00abCultura\u00bb","block_context":{"text":"Cultura","link":"https:\/\/zeromagazine.mx\/index.php\/category\/cultura\/"},"img":{"alt_text":"","src":"https:\/\/i0.wp.com\/zeromagazine.mx\/wp-content\/uploads\/2025\/06\/IMG_4699-scaled.jpeg?fit=625%2C1200&ssl=1&resize=350%2C200","width":350,"height":200,"srcset":"https:\/\/i0.wp.com\/zeromagazine.mx\/wp-content\/uploads\/2025\/06\/IMG_4699-scaled.jpeg?fit=625%2C1200&ssl=1&resize=350%2C200 1x, https:\/\/i0.wp.com\/zeromagazine.mx\/wp-content\/uploads\/2025\/06\/IMG_4699-scaled.jpeg?fit=625%2C1200&ssl=1&resize=525%2C300 1.5x"},"classes":[]}],"jetpack_sharing_enabled":true,"builder_content":"","_links":{"self":[{"href":"https:\/\/zeromagazine.mx\/index.php\/wp-json\/wp\/v2\/posts\/106291","targetHints":{"allow":["GET"]}}],"collection":[{"href":"https:\/\/zeromagazine.mx\/index.php\/wp-json\/wp\/v2\/posts"}],"about":[{"href":"https:\/\/zeromagazine.mx\/index.php\/wp-json\/wp\/v2\/types\/post"}],"author":[{"embeddable":true,"href":"https:\/\/zeromagazine.mx\/index.php\/wp-json\/wp\/v2\/users\/4"}],"replies":[{"embeddable":true,"href":"https:\/\/zeromagazine.mx\/index.php\/wp-json\/wp\/v2\/comments?post=106291"}],"version-history":[{"count":8,"href":"https:\/\/zeromagazine.mx\/index.php\/wp-json\/wp\/v2\/posts\/106291\/revisions"}],"predecessor-version":[{"id":106307,"href":"https:\/\/zeromagazine.mx\/index.php\/wp-json\/wp\/v2\/posts\/106291\/revisions\/106307"}],"wp:featuredmedia":[{"embeddable":true,"href":"https:\/\/zeromagazine.mx\/index.php\/wp-json\/wp\/v2\/media\/106298"}],"wp:attachment":[{"href":"https:\/\/zeromagazine.mx\/index.php\/wp-json\/wp\/v2\/media?parent=106291"}],"wp:term":[{"taxonomy":"category","embeddable":true,"href":"https:\/\/zeromagazine.mx\/index.php\/wp-json\/wp\/v2\/categories?post=106291"},{"taxonomy":"post_tag","embeddable":true,"href":"https:\/\/zeromagazine.mx\/index.php\/wp-json\/wp\/v2\/tags?post=106291"}],"curies":[{"name":"wp","href":"https:\/\/api.w.org\/{rel}","templated":true}]}}