{"id":106339,"date":"2025-06-26T14:53:59","date_gmt":"2025-06-26T20:53:59","guid":{"rendered":"https:\/\/zeromagazine.mx\/?p=106339"},"modified":"2025-06-26T14:54:00","modified_gmt":"2025-06-26T20:54:00","slug":"pride-con-color-se-celebra-con-autenticidad","status":"publish","type":"post","link":"https:\/\/zeromagazine.mx\/index.php\/2025\/06\/26\/pride-con-color-se-celebra-con-autenticidad\/","title":{"rendered":"Pride con color, se celebra con autenticidad"},"content":{"rendered":"<p>Ser t\u00fa nunca hab\u00eda sido tan chic. Este Pride, toca vivir con fuerza, color y prop\u00f3sito gracias a una curadur\u00eda de productos que celebran la expresi\u00f3n individual, la diversidad y el dise\u00f1o con intenci\u00f3n. Desde la CDMX, con glitter en los ojos y power en el coraz\u00f3n, llega \u201cPride con color\u201d, una experiencia sensorial que une autocuidado, estilo y statement. \u00bfCon cu\u00e1l vibra tu mood hoy?<\/p>\n\n\n\n<h4 class=\"wp-block-heading\">Primero: amor desde la ra\u00edz<\/h4>\n\n\n\n<p>Entonces, si lo tuyo es domar el frizz mientras abrazas tu flow, el <strong>LOVE Smoothing Shampoo<\/strong> es la opci\u00f3n. Este shampoo convierte cualquier d\u00eda gris en una escena de pel\u00edcula con cabello suave y manejable. B\u00e1sicamente, es la paz en formato l\u00edquido, y eso s\u00ed se celebra.<\/p>\n\n\n\n<figure class=\"wp-block-gallery has-nested-images columns-default is-cropped wp-block-gallery-1 is-layout-flex wp-block-gallery-is-layout-flex\">\n<figure class=\"wp-block-image size-large\"><img data-recalc-dims=\"1\" decoding=\"async\" width=\"600\" height=\"600\" data-id=\"106341\" src=\"https:\/\/i0.wp.com\/zeromagazine.mx\/wp-content\/uploads\/2025\/06\/wtdrkydg7mptgao5ssrg_600x.webp?resize=600%2C600&#038;ssl=1\" alt=\"\" class=\"wp-image-106341\" srcset=\"https:\/\/i0.wp.com\/zeromagazine.mx\/wp-content\/uploads\/2025\/06\/wtdrkydg7mptgao5ssrg_600x.webp?w=600&amp;ssl=1 600w, https:\/\/i0.wp.com\/zeromagazine.mx\/wp-content\/uploads\/2025\/06\/wtdrkydg7mptgao5ssrg_600x.webp?resize=300%2C300&amp;ssl=1 300w, https:\/\/i0.wp.com\/zeromagazine.mx\/wp-content\/uploads\/2025\/06\/wtdrkydg7mptgao5ssrg_600x.webp?resize=150%2C150&amp;ssl=1 150w\" sizes=\"(max-width: 600px) 100vw, 600px\" \/><\/figure>\n\n\n\n<figure class=\"wp-block-image size-large\"><img data-recalc-dims=\"1\" decoding=\"async\" width=\"458\" height=\"544\" data-id=\"106340\" src=\"https:\/\/i0.wp.com\/zeromagazine.mx\/wp-content\/uploads\/2025\/06\/orlane-b21-extraordinaire-soin-nuit-jeunesse-absolue-1-1.jpg?resize=458%2C544&#038;ssl=1\" alt=\"\" class=\"wp-image-106340\" srcset=\"https:\/\/i0.wp.com\/zeromagazine.mx\/wp-content\/uploads\/2025\/06\/orlane-b21-extraordinaire-soin-nuit-jeunesse-absolue-1-1.jpg?w=458&amp;ssl=1 458w, https:\/\/i0.wp.com\/zeromagazine.mx\/wp-content\/uploads\/2025\/06\/orlane-b21-extraordinaire-soin-nuit-jeunesse-absolue-1-1.jpg?resize=253%2C300&amp;ssl=1 253w\" sizes=\"(max-width: 458px) 100vw, 458px\" \/><\/figure>\n<\/figure>\n\n\n\n<h4 class=\"wp-block-heading\">Despu\u00e9s: piel renovada sin esfuerzo<\/h4>\n\n\n\n<p>Adem\u00e1s, el <strong>Orlane B21 Extraordinaire Soin Nuit<\/strong> te da el boost nocturno que tu piel necesita. Mientras t\u00fa sue\u00f1as con drags volando en arco\u00edris, esta joya trabaja en sincron\u00eda con tu piel para dejarte glowing. O sea, belleza y ciencia siendo BFFs.<\/p>\n\n\n\n<script async src=\"https:\/\/pagead2.googlesyndication.com\/pagead\/js\/adsbygoogle.js?client=ca-pub-5499304793904745\"\n     crossorigin=\"anonymous\"><\/script>\n<ins class=\"adsbygoogle\"\n     style=\"display:block; text-align:center;\"\n     data-ad-layout=\"in-article\"\n     data-ad-format=\"fluid\"\n     data-ad-client=\"ca-pub-5499304793904745\"\n     data-ad-slot=\"5994863093\"><\/ins>\n<script>\n     (adsbygoogle = window.adsbygoogle || []).push({});\n<\/script>\n\n\n\n<h4 class=\"wp-block-heading\">Ahora: ropa que habla por ti<\/h4>\n\n\n\n<p>Asimismo, <strong>Look Studio<\/strong> trae prendas que gritan libertad. \u00bfUn crop top con falda drapeada que puedes combinar como se te antoje? Yes, please. Aqu\u00ed, vestirte deja de ser rutina y se vuelve un statement. Fashion, pero con identidad.<\/p>\n\n\n\n<figure class=\"wp-block-gallery has-nested-images columns-default is-cropped wp-block-gallery-2 is-layout-flex wp-block-gallery-is-layout-flex\">\n<figure class=\"wp-block-image size-large\"><img data-recalc-dims=\"1\" decoding=\"async\" width=\"956\" height=\"1024\" data-id=\"106343\" src=\"https:\/\/i0.wp.com\/zeromagazine.mx\/wp-content\/uploads\/2025\/06\/FALDA-VERDE-S036365-1-956x1024.webp?resize=956%2C1024&#038;ssl=1\" alt=\"\" class=\"wp-image-106343\" srcset=\"https:\/\/i0.wp.com\/zeromagazine.mx\/wp-content\/uploads\/2025\/06\/FALDA-VERDE-S036365-1.webp?resize=956%2C1024&amp;ssl=1 956w, https:\/\/i0.wp.com\/zeromagazine.mx\/wp-content\/uploads\/2025\/06\/FALDA-VERDE-S036365-1.webp?resize=280%2C300&amp;ssl=1 280w, https:\/\/i0.wp.com\/zeromagazine.mx\/wp-content\/uploads\/2025\/06\/FALDA-VERDE-S036365-1.webp?resize=768%2C823&amp;ssl=1 768w, https:\/\/i0.wp.com\/zeromagazine.mx\/wp-content\/uploads\/2025\/06\/FALDA-VERDE-S036365-1.webp?w=1000&amp;ssl=1 1000w\" sizes=\"(max-width: 956px) 100vw, 956px\" \/><\/figure>\n\n\n\n<figure class=\"wp-block-image size-large\"><img data-recalc-dims=\"1\" decoding=\"async\" width=\"1024\" height=\"1024\" data-id=\"106342\" src=\"https:\/\/i0.wp.com\/zeromagazine.mx\/wp-content\/uploads\/2025\/06\/3701129803561-1024x1024.webp?resize=1024%2C1024&#038;ssl=1\" alt=\"\" class=\"wp-image-106342\" srcset=\"https:\/\/i0.wp.com\/zeromagazine.mx\/wp-content\/uploads\/2025\/06\/3701129803561.webp?resize=1024%2C1024&amp;ssl=1 1024w, https:\/\/i0.wp.com\/zeromagazine.mx\/wp-content\/uploads\/2025\/06\/3701129803561.webp?resize=300%2C300&amp;ssl=1 300w, https:\/\/i0.wp.com\/zeromagazine.mx\/wp-content\/uploads\/2025\/06\/3701129803561.webp?resize=150%2C150&amp;ssl=1 150w, https:\/\/i0.wp.com\/zeromagazine.mx\/wp-content\/uploads\/2025\/06\/3701129803561.webp?resize=768%2C768&amp;ssl=1 768w, https:\/\/i0.wp.com\/zeromagazine.mx\/wp-content\/uploads\/2025\/06\/3701129803561.webp?w=1200&amp;ssl=1 1200w\" sizes=\"(max-width: 1024px) 100vw, 1024px\" \/><\/figure>\n<\/figure>\n\n\n\n<h4 class=\"wp-block-heading\">Tambi\u00e9n: tu escudo solar<\/h4>\n\n\n\n<p>Por otro lado, si tu vibe es brillar pero sin miedo al sol, el <strong>Photoderm Fluide MAX SPF 100<\/strong> es todo lo que necesitas. Protecci\u00f3n alta, textura fluida, sin fragancias ni residuos. As\u00ed puedes salir a marchar sin preocuparte por nada m\u00e1s que gozar.<\/p>\n\n\n\n<script async src=\"https:\/\/pagead2.googlesyndication.com\/pagead\/js\/adsbygoogle.js?client=ca-pub-5499304793904745\"\n     crossorigin=\"anonymous\"><\/script>\n<ins class=\"adsbygoogle\"\n     style=\"display:block; text-align:center;\"\n     data-ad-layout=\"in-article\"\n     data-ad-format=\"fluid\"\n     data-ad-client=\"ca-pub-5499304793904745\"\n     data-ad-slot=\"5994863093\"><\/ins>\n<script>\n     (adsbygoogle = window.adsbygoogle || []).push({});\n<\/script>\n\n\n\n<h4 class=\"wp-block-heading\">Finalmente: tu estilo, tu ritmo<\/h4>\n\n\n\n<p>Y para cerrar, tenemos los aud\u00edfonos <strong>STF Sport One Pro<\/strong> y los relojes de <strong>Ferragamo<\/strong>. Son gadgets con actitud que gritan: \u201caqu\u00ed estoy, y me veo fab\u201d. Porque s\u00ed, hasta el tiempo puede tener color y orgullo. Es por eso que en este mes, <strong>Pride con color<\/strong> es m\u00e1s que productos: es una vibra, un mood, una forma de existir. Porque ser aut\u00e9ntique es el lujo m\u00e1s real que hay.<\/p>\n\n\n<div class=\"wp-block-image\">\n<figure class=\"aligncenter size-full\"><img data-recalc-dims=\"1\" decoding=\"async\" width=\"700\" height=\"700\" src=\"https:\/\/i0.wp.com\/zeromagazine.mx\/wp-content\/uploads\/2025\/06\/ST-E12476_Prod_4_1.webp?resize=700%2C700&#038;ssl=1\" alt=\"\" class=\"wp-image-106344\" srcset=\"https:\/\/i0.wp.com\/zeromagazine.mx\/wp-content\/uploads\/2025\/06\/ST-E12476_Prod_4_1.webp?w=700&amp;ssl=1 700w, https:\/\/i0.wp.com\/zeromagazine.mx\/wp-content\/uploads\/2025\/06\/ST-E12476_Prod_4_1.webp?resize=300%2C300&amp;ssl=1 300w, https:\/\/i0.wp.com\/zeromagazine.mx\/wp-content\/uploads\/2025\/06\/ST-E12476_Prod_4_1.webp?resize=150%2C150&amp;ssl=1 150w\" sizes=\"(max-width: 700px) 100vw, 700px\" \/><\/figure>\n<\/div>\n\n\n<p>Y si quieres conocer m\u00e1s novedades de lifestyle entra a <a href=\"https:\/\/zeromagazine.mx\/\">zeromagazine.mx <\/a>o s\u00edguenos en <a href=\"https:\/\/www.instagram.com\/zeromagazinemx\/\">@zeromagzinemx<\/a><\/p>\n\n\n\n<script async src=\"https:\/\/pagead2.googlesyndication.com\/pagead\/js\/adsbygoogle.js?client=ca-pub-5499304793904745\"\n     crossorigin=\"anonymous\"><\/script>\n<ins class=\"adsbygoogle\"\n     style=\"display:block; text-align:center;\"\n     data-ad-layout=\"in-article\"\n     data-ad-format=\"fluid\"\n     data-ad-client=\"ca-pub-5499304793904745\"\n     data-ad-slot=\"5994863093\"><\/ins>\n<script>\n     (adsbygoogle = window.adsbygoogle || []).push({});\n<\/script>\n\n<!--themify_builder_content-->\n<div id=\"themify_builder_content-106339\" data-postid=\"106339\" class=\"themify_builder_content themify_builder_content-106339 themify_builder tf_clear\">\n    <\/div>\n<!--\/themify_builder_content-->","protected":false},"excerpt":{"rendered":"<p>Ser t\u00fa nunca hab\u00eda sido tan chic. Este Pride, toca vivir con fuerza, color y prop\u00f3sito gracias a una curadur\u00eda de productos que celebran la expresi\u00f3n individual, la diversidad y el dise\u00f1o con intenci\u00f3n. Desde la CDMX, con glitter en los ojos y power en el coraz\u00f3n, llega \u201cPride con color\u201d, una experiencia sensorial que [&hellip;]<\/p>\n","protected":false},"author":4,"featured_media":106343,"comment_status":"open","ping_status":"open","sticky":false,"template":"","format":"standard","meta":{"_jetpack_memberships_contains_paid_content":false,"footnotes":"","jetpack_publicize_message":"","jetpack_publicize_feature_enabled":true,"jetpack_social_post_already_shared":true,"jetpack_social_options":{"image_generator_settings":{"template":"highway","default_image_id":0,"font":"","enabled":false},"version":2}},"categories":[63],"tags":[1997,5143,48,7484,13914],"class_list":["post-106339","post","type-post","status-publish","format-standard","has-post-thumbnail","hentry","category-lifestyle","tag-accesorios","tag-belleza","tag-lgbtq","tag-outfits","tag-pride-2025","has-post-title","has-post-date","has-post-category","has-post-tag","has-post-comment","has-post-author",""],"yoast_head":"<!-- This site is optimized with the Yoast SEO plugin v27.5 - https:\/\/yoast.com\/product\/yoast-seo-wordpress\/ -->\n<title>Pride con color, se celebra con autenticidad - Zero Magazine<\/title>\n<meta name=\"description\" content=\"Descubre como puedes lucir y sentir autentica con los productos que te trae el Pride de color. Celebra con orgullo y amor\" \/>\n<meta name=\"robots\" content=\"index, follow, max-snippet:-1, max-image-preview:large, max-video-preview:-1\" \/>\n<link rel=\"canonical\" href=\"https:\/\/zeromagazine.mx\/index.php\/2025\/06\/26\/pride-con-color-se-celebra-con-autenticidad\/\" \/>\n<meta property=\"og:locale\" content=\"es_ES\" \/>\n<meta property=\"og:type\" content=\"article\" \/>\n<meta property=\"og:title\" content=\"Pride con color, se celebra con autenticidad - Zero Magazine\" \/>\n<meta property=\"og:description\" content=\"Descubre como puedes lucir y sentir autentica con los productos que te trae el Pride de color. Celebra con orgullo y amor\" \/>\n<meta property=\"og:url\" content=\"https:\/\/zeromagazine.mx\/index.php\/2025\/06\/26\/pride-con-color-se-celebra-con-autenticidad\/\" \/>\n<meta property=\"og:site_name\" content=\"Zero Magazine\" \/>\n<meta property=\"article:published_time\" content=\"2025-06-26T20:53:59+00:00\" \/>\n<meta property=\"article:modified_time\" content=\"2025-06-26T20:54:00+00:00\" \/>\n<meta property=\"og:image\" content=\"http:\/\/zeromagazine.mx\/wp-content\/uploads\/2025\/06\/FALDA-VERDE-S036365-1.webp\" \/>\n\t<meta property=\"og:image:width\" content=\"1000\" \/>\n\t<meta property=\"og:image:height\" content=\"1071\" \/>\n\t<meta property=\"og:image:type\" content=\"image\/webp\" \/>\n<meta name=\"author\" content=\"David Morales\" \/>\n<meta name=\"twitter:card\" content=\"summary_large_image\" \/>\n<meta name=\"twitter:label1\" content=\"Escrito por\" \/>\n\t<meta name=\"twitter:data1\" content=\"David Morales\" \/>\n\t<meta name=\"twitter:label2\" content=\"Tiempo de lectura\" \/>\n\t<meta name=\"twitter:data2\" content=\"3 minutos\" \/>\n<script type=\"application\/ld+json\" class=\"yoast-schema-graph\">{\"@context\":\"https:\\\/\\\/schema.org\",\"@graph\":[{\"@type\":\"Article\",\"@id\":\"https:\\\/\\\/zeromagazine.mx\\\/index.php\\\/2025\\\/06\\\/26\\\/pride-con-color-se-celebra-con-autenticidad\\\/#article\",\"isPartOf\":{\"@id\":\"https:\\\/\\\/zeromagazine.mx\\\/index.php\\\/2025\\\/06\\\/26\\\/pride-con-color-se-celebra-con-autenticidad\\\/\"},\"author\":{\"name\":\"David Morales\",\"@id\":\"https:\\\/\\\/zeromagazine.mx\\\/#\\\/schema\\\/person\\\/9f7f1a17c60ba8e9980e3e6677aabe5a\"},\"headline\":\"Pride con color, se celebra con autenticidad\",\"datePublished\":\"2025-06-26T20:53:59+00:00\",\"dateModified\":\"2025-06-26T20:54:00+00:00\",\"mainEntityOfPage\":{\"@id\":\"https:\\\/\\\/zeromagazine.mx\\\/index.php\\\/2025\\\/06\\\/26\\\/pride-con-color-se-celebra-con-autenticidad\\\/\"},\"wordCount\":382,\"commentCount\":0,\"publisher\":{\"@id\":\"https:\\\/\\\/zeromagazine.mx\\\/#organization\"},\"image\":{\"@id\":\"https:\\\/\\\/zeromagazine.mx\\\/index.php\\\/2025\\\/06\\\/26\\\/pride-con-color-se-celebra-con-autenticidad\\\/#primaryimage\"},\"thumbnailUrl\":\"https:\\\/\\\/i0.wp.com\\\/zeromagazine.mx\\\/wp-content\\\/uploads\\\/2025\\\/06\\\/FALDA-VERDE-S036365-1.webp?fit=1000%2C1071&ssl=1\",\"keywords\":[\"Accesorios\",\"Belleza\",\"LGBTQ+\",\"Outfits\",\"Pride 2025\"],\"articleSection\":[\"Lifestyle\"],\"inLanguage\":\"es\",\"potentialAction\":[{\"@type\":\"CommentAction\",\"name\":\"Comment\",\"target\":[\"https:\\\/\\\/zeromagazine.mx\\\/index.php\\\/2025\\\/06\\\/26\\\/pride-con-color-se-celebra-con-autenticidad\\\/#respond\"]}]},{\"@type\":\"WebPage\",\"@id\":\"https:\\\/\\\/zeromagazine.mx\\\/index.php\\\/2025\\\/06\\\/26\\\/pride-con-color-se-celebra-con-autenticidad\\\/\",\"url\":\"https:\\\/\\\/zeromagazine.mx\\\/index.php\\\/2025\\\/06\\\/26\\\/pride-con-color-se-celebra-con-autenticidad\\\/\",\"name\":\"Pride con color, se celebra con autenticidad - Zero Magazine\",\"isPartOf\":{\"@id\":\"https:\\\/\\\/zeromagazine.mx\\\/#website\"},\"primaryImageOfPage\":{\"@id\":\"https:\\\/\\\/zeromagazine.mx\\\/index.php\\\/2025\\\/06\\\/26\\\/pride-con-color-se-celebra-con-autenticidad\\\/#primaryimage\"},\"image\":{\"@id\":\"https:\\\/\\\/zeromagazine.mx\\\/index.php\\\/2025\\\/06\\\/26\\\/pride-con-color-se-celebra-con-autenticidad\\\/#primaryimage\"},\"thumbnailUrl\":\"https:\\\/\\\/i0.wp.com\\\/zeromagazine.mx\\\/wp-content\\\/uploads\\\/2025\\\/06\\\/FALDA-VERDE-S036365-1.webp?fit=1000%2C1071&ssl=1\",\"datePublished\":\"2025-06-26T20:53:59+00:00\",\"dateModified\":\"2025-06-26T20:54:00+00:00\",\"description\":\"Descubre como puedes lucir y sentir autentica con los productos que te trae el Pride de color. Celebra con orgullo y amor\",\"breadcrumb\":{\"@id\":\"https:\\\/\\\/zeromagazine.mx\\\/index.php\\\/2025\\\/06\\\/26\\\/pride-con-color-se-celebra-con-autenticidad\\\/#breadcrumb\"},\"inLanguage\":\"es\",\"potentialAction\":[{\"@type\":\"ReadAction\",\"target\":[\"https:\\\/\\\/zeromagazine.mx\\\/index.php\\\/2025\\\/06\\\/26\\\/pride-con-color-se-celebra-con-autenticidad\\\/\"]}]},{\"@type\":\"ImageObject\",\"inLanguage\":\"es\",\"@id\":\"https:\\\/\\\/zeromagazine.mx\\\/index.php\\\/2025\\\/06\\\/26\\\/pride-con-color-se-celebra-con-autenticidad\\\/#primaryimage\",\"url\":\"https:\\\/\\\/i0.wp.com\\\/zeromagazine.mx\\\/wp-content\\\/uploads\\\/2025\\\/06\\\/FALDA-VERDE-S036365-1.webp?fit=1000%2C1071&ssl=1\",\"contentUrl\":\"https:\\\/\\\/i0.wp.com\\\/zeromagazine.mx\\\/wp-content\\\/uploads\\\/2025\\\/06\\\/FALDA-VERDE-S036365-1.webp?fit=1000%2C1071&ssl=1\",\"width\":1000,\"height\":1071},{\"@type\":\"BreadcrumbList\",\"@id\":\"https:\\\/\\\/zeromagazine.mx\\\/index.php\\\/2025\\\/06\\\/26\\\/pride-con-color-se-celebra-con-autenticidad\\\/#breadcrumb\",\"itemListElement\":[{\"@type\":\"ListItem\",\"position\":1,\"name\":\"Portada\",\"item\":\"https:\\\/\\\/zeromagazine.mx\\\/\"},{\"@type\":\"ListItem\",\"position\":2,\"name\":\"Pride con color, se celebra con autenticidad\"}]},{\"@type\":\"WebSite\",\"@id\":\"https:\\\/\\\/zeromagazine.mx\\\/#website\",\"url\":\"https:\\\/\\\/zeromagazine.mx\\\/\",\"name\":\"Zero Magazine\",\"description\":\"\",\"publisher\":{\"@id\":\"https:\\\/\\\/zeromagazine.mx\\\/#organization\"},\"potentialAction\":[{\"@type\":\"SearchAction\",\"target\":{\"@type\":\"EntryPoint\",\"urlTemplate\":\"https:\\\/\\\/zeromagazine.mx\\\/?s={search_term_string}\"},\"query-input\":{\"@type\":\"PropertyValueSpecification\",\"valueRequired\":true,\"valueName\":\"search_term_string\"}}],\"inLanguage\":\"es\"},{\"@type\":\"Organization\",\"@id\":\"https:\\\/\\\/zeromagazine.mx\\\/#organization\",\"name\":\"Zero Magazine\",\"url\":\"https:\\\/\\\/zeromagazine.mx\\\/\",\"logo\":{\"@type\":\"ImageObject\",\"inLanguage\":\"es\",\"@id\":\"https:\\\/\\\/zeromagazine.mx\\\/#\\\/schema\\\/logo\\\/image\\\/\",\"url\":\"https:\\\/\\\/i0.wp.com\\\/zeromagazine.mx\\\/wp-content\\\/uploads\\\/2025\\\/11\\\/1.jpeg?fit=1000%2C1000&ssl=1\",\"contentUrl\":\"https:\\\/\\\/i0.wp.com\\\/zeromagazine.mx\\\/wp-content\\\/uploads\\\/2025\\\/11\\\/1.jpeg?fit=1000%2C1000&ssl=1\",\"width\":1000,\"height\":1000,\"caption\":\"Zero Magazine\"},\"image\":{\"@id\":\"https:\\\/\\\/zeromagazine.mx\\\/#\\\/schema\\\/logo\\\/image\\\/\"},\"sameAs\":[\"https:\\\/\\\/instagram.com\\\/zeromagazinemx\"]},{\"@type\":\"Person\",\"@id\":\"https:\\\/\\\/zeromagazine.mx\\\/#\\\/schema\\\/person\\\/9f7f1a17c60ba8e9980e3e6677aabe5a\",\"name\":\"David Morales\",\"image\":{\"@type\":\"ImageObject\",\"inLanguage\":\"es\",\"@id\":\"https:\\\/\\\/zeromagazine.mx\\\/wp-content\\\/litespeed\\\/avatar\\\/76069d2136bfc1c37dc34815bb67ca42.jpg?ver=1777571067\",\"url\":\"https:\\\/\\\/zeromagazine.mx\\\/wp-content\\\/litespeed\\\/avatar\\\/76069d2136bfc1c37dc34815bb67ca42.jpg?ver=1777571067\",\"contentUrl\":\"https:\\\/\\\/zeromagazine.mx\\\/wp-content\\\/litespeed\\\/avatar\\\/76069d2136bfc1c37dc34815bb67ca42.jpg?ver=1777571067\",\"caption\":\"David Morales\"},\"url\":\"https:\\\/\\\/zeromagazine.mx\\\/index.php\\\/author\\\/david\\\/\"}]}<\/script>\n<!-- \/ Yoast SEO plugin. -->","yoast_head_json":{"title":"Pride con color, se celebra con autenticidad - Zero Magazine","description":"Descubre como puedes lucir y sentir autentica con los productos que te trae el Pride de color. Celebra con orgullo y amor","robots":{"index":"index","follow":"follow","max-snippet":"max-snippet:-1","max-image-preview":"max-image-preview:large","max-video-preview":"max-video-preview:-1"},"canonical":"https:\/\/zeromagazine.mx\/index.php\/2025\/06\/26\/pride-con-color-se-celebra-con-autenticidad\/","og_locale":"es_ES","og_type":"article","og_title":"Pride con color, se celebra con autenticidad - Zero Magazine","og_description":"Descubre como puedes lucir y sentir autentica con los productos que te trae el Pride de color. Celebra con orgullo y amor","og_url":"https:\/\/zeromagazine.mx\/index.php\/2025\/06\/26\/pride-con-color-se-celebra-con-autenticidad\/","og_site_name":"Zero Magazine","article_published_time":"2025-06-26T20:53:59+00:00","article_modified_time":"2025-06-26T20:54:00+00:00","og_image":[{"width":1000,"height":1071,"url":"http:\/\/zeromagazine.mx\/wp-content\/uploads\/2025\/06\/FALDA-VERDE-S036365-1.webp","type":"image\/webp"}],"author":"David Morales","twitter_card":"summary_large_image","twitter_misc":{"Escrito por":"David Morales","Tiempo de lectura":"3 minutos"},"schema":{"@context":"https:\/\/schema.org","@graph":[{"@type":"Article","@id":"https:\/\/zeromagazine.mx\/index.php\/2025\/06\/26\/pride-con-color-se-celebra-con-autenticidad\/#article","isPartOf":{"@id":"https:\/\/zeromagazine.mx\/index.php\/2025\/06\/26\/pride-con-color-se-celebra-con-autenticidad\/"},"author":{"name":"David Morales","@id":"https:\/\/zeromagazine.mx\/#\/schema\/person\/9f7f1a17c60ba8e9980e3e6677aabe5a"},"headline":"Pride con color, se celebra con autenticidad","datePublished":"2025-06-26T20:53:59+00:00","dateModified":"2025-06-26T20:54:00+00:00","mainEntityOfPage":{"@id":"https:\/\/zeromagazine.mx\/index.php\/2025\/06\/26\/pride-con-color-se-celebra-con-autenticidad\/"},"wordCount":382,"commentCount":0,"publisher":{"@id":"https:\/\/zeromagazine.mx\/#organization"},"image":{"@id":"https:\/\/zeromagazine.mx\/index.php\/2025\/06\/26\/pride-con-color-se-celebra-con-autenticidad\/#primaryimage"},"thumbnailUrl":"https:\/\/i0.wp.com\/zeromagazine.mx\/wp-content\/uploads\/2025\/06\/FALDA-VERDE-S036365-1.webp?fit=1000%2C1071&ssl=1","keywords":["Accesorios","Belleza","LGBTQ+","Outfits","Pride 2025"],"articleSection":["Lifestyle"],"inLanguage":"es","potentialAction":[{"@type":"CommentAction","name":"Comment","target":["https:\/\/zeromagazine.mx\/index.php\/2025\/06\/26\/pride-con-color-se-celebra-con-autenticidad\/#respond"]}]},{"@type":"WebPage","@id":"https:\/\/zeromagazine.mx\/index.php\/2025\/06\/26\/pride-con-color-se-celebra-con-autenticidad\/","url":"https:\/\/zeromagazine.mx\/index.php\/2025\/06\/26\/pride-con-color-se-celebra-con-autenticidad\/","name":"Pride con color, se celebra con autenticidad - Zero Magazine","isPartOf":{"@id":"https:\/\/zeromagazine.mx\/#website"},"primaryImageOfPage":{"@id":"https:\/\/zeromagazine.mx\/index.php\/2025\/06\/26\/pride-con-color-se-celebra-con-autenticidad\/#primaryimage"},"image":{"@id":"https:\/\/zeromagazine.mx\/index.php\/2025\/06\/26\/pride-con-color-se-celebra-con-autenticidad\/#primaryimage"},"thumbnailUrl":"https:\/\/i0.wp.com\/zeromagazine.mx\/wp-content\/uploads\/2025\/06\/FALDA-VERDE-S036365-1.webp?fit=1000%2C1071&ssl=1","datePublished":"2025-06-26T20:53:59+00:00","dateModified":"2025-06-26T20:54:00+00:00","description":"Descubre como puedes lucir y sentir autentica con los productos que te trae el Pride de color. Celebra con orgullo y amor","breadcrumb":{"@id":"https:\/\/zeromagazine.mx\/index.php\/2025\/06\/26\/pride-con-color-se-celebra-con-autenticidad\/#breadcrumb"},"inLanguage":"es","potentialAction":[{"@type":"ReadAction","target":["https:\/\/zeromagazine.mx\/index.php\/2025\/06\/26\/pride-con-color-se-celebra-con-autenticidad\/"]}]},{"@type":"ImageObject","inLanguage":"es","@id":"https:\/\/zeromagazine.mx\/index.php\/2025\/06\/26\/pride-con-color-se-celebra-con-autenticidad\/#primaryimage","url":"https:\/\/i0.wp.com\/zeromagazine.mx\/wp-content\/uploads\/2025\/06\/FALDA-VERDE-S036365-1.webp?fit=1000%2C1071&ssl=1","contentUrl":"https:\/\/i0.wp.com\/zeromagazine.mx\/wp-content\/uploads\/2025\/06\/FALDA-VERDE-S036365-1.webp?fit=1000%2C1071&ssl=1","width":1000,"height":1071},{"@type":"BreadcrumbList","@id":"https:\/\/zeromagazine.mx\/index.php\/2025\/06\/26\/pride-con-color-se-celebra-con-autenticidad\/#breadcrumb","itemListElement":[{"@type":"ListItem","position":1,"name":"Portada","item":"https:\/\/zeromagazine.mx\/"},{"@type":"ListItem","position":2,"name":"Pride con color, se celebra con autenticidad"}]},{"@type":"WebSite","@id":"https:\/\/zeromagazine.mx\/#website","url":"https:\/\/zeromagazine.mx\/","name":"Zero Magazine","description":"","publisher":{"@id":"https:\/\/zeromagazine.mx\/#organization"},"potentialAction":[{"@type":"SearchAction","target":{"@type":"EntryPoint","urlTemplate":"https:\/\/zeromagazine.mx\/?s={search_term_string}"},"query-input":{"@type":"PropertyValueSpecification","valueRequired":true,"valueName":"search_term_string"}}],"inLanguage":"es"},{"@type":"Organization","@id":"https:\/\/zeromagazine.mx\/#organization","name":"Zero Magazine","url":"https:\/\/zeromagazine.mx\/","logo":{"@type":"ImageObject","inLanguage":"es","@id":"https:\/\/zeromagazine.mx\/#\/schema\/logo\/image\/","url":"https:\/\/i0.wp.com\/zeromagazine.mx\/wp-content\/uploads\/2025\/11\/1.jpeg?fit=1000%2C1000&ssl=1","contentUrl":"https:\/\/i0.wp.com\/zeromagazine.mx\/wp-content\/uploads\/2025\/11\/1.jpeg?fit=1000%2C1000&ssl=1","width":1000,"height":1000,"caption":"Zero Magazine"},"image":{"@id":"https:\/\/zeromagazine.mx\/#\/schema\/logo\/image\/"},"sameAs":["https:\/\/instagram.com\/zeromagazinemx"]},{"@type":"Person","@id":"https:\/\/zeromagazine.mx\/#\/schema\/person\/9f7f1a17c60ba8e9980e3e6677aabe5a","name":"David Morales","image":{"@type":"ImageObject","inLanguage":"es","@id":"https:\/\/zeromagazine.mx\/wp-content\/litespeed\/avatar\/76069d2136bfc1c37dc34815bb67ca42.jpg?ver=1777571067","url":"https:\/\/zeromagazine.mx\/wp-content\/litespeed\/avatar\/76069d2136bfc1c37dc34815bb67ca42.jpg?ver=1777571067","contentUrl":"https:\/\/zeromagazine.mx\/wp-content\/litespeed\/avatar\/76069d2136bfc1c37dc34815bb67ca42.jpg?ver=1777571067","caption":"David Morales"},"url":"https:\/\/zeromagazine.mx\/index.php\/author\/david\/"}]}},"jetpack_publicize_connections":[],"jetpack_featured_media_url":"https:\/\/i0.wp.com\/zeromagazine.mx\/wp-content\/uploads\/2025\/06\/FALDA-VERDE-S036365-1.webp?fit=1000%2C1071&ssl=1","jetpack-related-posts":[{"id":106408,"url":"https:\/\/zeromagazine.mx\/index.php\/2025\/06\/23\/celebra-el-pride-en-fifty-mils-con-coctelles\/","url_meta":{"origin":106339,"position":0},"title":"Pride en Fifty Mils: cocteles, libertad y flow","author":"David Morales","date":"23 de junio de 2025","format":false,"excerpt":"Amix, si est\u00e1s buscando un plan con glamour, vibra queer y cocteles top para cerrar junio como se debe, esto te interesa: Pride en Fifty Mils ya est\u00e1 aqu\u00ed. El pr\u00f3ximo 27 de junio, de 8:00 p.m. a 2:00 a.m., este ic\u00f3nico bar dentro del Four Seasons CDMX se va\u2026","rel":"","context":"En \u00abViajes\u00bb","block_context":{"text":"Viajes","link":"https:\/\/zeromagazine.mx\/index.php\/category\/lugares\/"},"img":{"alt_text":"","src":"https:\/\/i0.wp.com\/zeromagazine.mx\/wp-content\/uploads\/2025\/06\/Captura-de-pantalla-2023-02-22-a-las-11.02.36.png?fit=1200%2C669&ssl=1&resize=350%2C200","width":350,"height":200,"srcset":"https:\/\/i0.wp.com\/zeromagazine.mx\/wp-content\/uploads\/2025\/06\/Captura-de-pantalla-2023-02-22-a-las-11.02.36.png?fit=1200%2C669&ssl=1&resize=350%2C200 1x, https:\/\/i0.wp.com\/zeromagazine.mx\/wp-content\/uploads\/2025\/06\/Captura-de-pantalla-2023-02-22-a-las-11.02.36.png?fit=1200%2C669&ssl=1&resize=525%2C300 1.5x, https:\/\/i0.wp.com\/zeromagazine.mx\/wp-content\/uploads\/2025\/06\/Captura-de-pantalla-2023-02-22-a-las-11.02.36.png?fit=1200%2C669&ssl=1&resize=700%2C400 2x, https:\/\/i0.wp.com\/zeromagazine.mx\/wp-content\/uploads\/2025\/06\/Captura-de-pantalla-2023-02-22-a-las-11.02.36.png?fit=1200%2C669&ssl=1&resize=1050%2C600 3x"},"classes":[]},{"id":106130,"url":"https:\/\/zeromagazine.mx\/index.php\/2025\/06\/17\/smirnoff-celebra-el-pride-con-amor-y-sabor\/","url_meta":{"origin":106339,"position":1},"title":"Smirnoff celebra el Pride con arte y sabor","author":"David Morales","date":"17 de junio de 2025","format":false,"excerpt":"Amix, ya se prendi\u00f3 la temporada m\u00e1s colorida del a\u00f1o y Smirnoff dijo s\u00ed soy. Este 2025, el vodka m\u00e1s ic\u00f3nico del mundo lanz\u00f3 una colecci\u00f3n de botellas edici\u00f3n limitada que est\u00e1n tan fabulosas como nuestras marchas. \u00bfEl twist? Cada dise\u00f1o fue intervenido por el artista mexicano \u00d3scar Torres, d\u00e1ndole\u2026","rel":"","context":"En \u00abFoodie\u00bb","block_context":{"text":"Foodie","link":"https:\/\/zeromagazine.mx\/index.php\/category\/lifestyle\/foodie\/"},"img":{"alt_text":"","src":"https:\/\/i0.wp.com\/zeromagazine.mx\/wp-content\/uploads\/2025\/06\/Copia-de-Captura-de-pantalla-2025-04-14-a-las-11.16.25.png?fit=1200%2C671&ssl=1&resize=350%2C200","width":350,"height":200,"srcset":"https:\/\/i0.wp.com\/zeromagazine.mx\/wp-content\/uploads\/2025\/06\/Copia-de-Captura-de-pantalla-2025-04-14-a-las-11.16.25.png?fit=1200%2C671&ssl=1&resize=350%2C200 1x, https:\/\/i0.wp.com\/zeromagazine.mx\/wp-content\/uploads\/2025\/06\/Copia-de-Captura-de-pantalla-2025-04-14-a-las-11.16.25.png?fit=1200%2C671&ssl=1&resize=525%2C300 1.5x, https:\/\/i0.wp.com\/zeromagazine.mx\/wp-content\/uploads\/2025\/06\/Copia-de-Captura-de-pantalla-2025-04-14-a-las-11.16.25.png?fit=1200%2C671&ssl=1&resize=700%2C400 2x, https:\/\/i0.wp.com\/zeromagazine.mx\/wp-content\/uploads\/2025\/06\/Copia-de-Captura-de-pantalla-2025-04-14-a-las-11.16.25.png?fit=1200%2C671&ssl=1&resize=1050%2C600 3x"},"classes":[]},{"id":106115,"url":"https:\/\/zeromagazine.mx\/index.php\/2025\/06\/17\/el-pride-de-aribnb-vibra-en-cdmx\/","url_meta":{"origin":106339,"position":2},"title":"El Pride de Airbnb vibra en CDMX","author":"David Morales","date":"17 de junio de 2025","format":false,"excerpt":"Amix, ya se acerca el Pride y obvio no solo estamos pensando en el outfit m\u00e1s glitteroso para la marcha, sino tambi\u00e9n en c\u00f3mo hacer de este momento algo m\u00e1s grande. Y si t\u00fa y tu crew quieren armar el viaje m\u00e1s \u00e9pico de su vida, la neta es que\u2026","rel":"","context":"En \u00abViajes\u00bb","block_context":{"text":"Viajes","link":"https:\/\/zeromagazine.mx\/index.php\/category\/lugares\/"},"img":{"alt_text":"","src":"https:\/\/i0.wp.com\/zeromagazine.mx\/wp-content\/uploads\/2025\/06\/Airbnb2_250609.jpg?fit=960%2C625&ssl=1&resize=350%2C200","width":350,"height":200,"srcset":"https:\/\/i0.wp.com\/zeromagazine.mx\/wp-content\/uploads\/2025\/06\/Airbnb2_250609.jpg?fit=960%2C625&ssl=1&resize=350%2C200 1x, https:\/\/i0.wp.com\/zeromagazine.mx\/wp-content\/uploads\/2025\/06\/Airbnb2_250609.jpg?fit=960%2C625&ssl=1&resize=525%2C300 1.5x, https:\/\/i0.wp.com\/zeromagazine.mx\/wp-content\/uploads\/2025\/06\/Airbnb2_250609.jpg?fit=960%2C625&ssl=1&resize=700%2C400 2x"},"classes":[]},{"id":105831,"url":"https:\/\/zeromagazine.mx\/index.php\/2025\/06\/10\/soho-house-pride-se-celebra-con-arte-historia-y-musica\/","url_meta":{"origin":106339,"position":3},"title":"Soho House Pride se celebra con arte, historia y m\u00fasica","author":"David Morales","date":"10 de junio de 2025","format":false,"excerpt":"Amix, ya lleg\u00f3 junio y con \u00e9l, una de las \u00e9pocas m\u00e1s ic\u00f3nicas para nuestra comunidad: el Pride. Pero si crees que todo se reduce a glitter y arco\u00edris, tienes que darte una vuelta por lo que est\u00e1 haciendo Soho House Ciudad de M\u00e9xico. Literal, Soho House celebra el Pride\u2026","rel":"","context":"En \u00abViajes\u00bb","block_context":{"text":"Viajes","link":"https:\/\/zeromagazine.mx\/index.php\/category\/lugares\/"},"img":{"alt_text":"","src":"https:\/\/i0.wp.com\/zeromagazine.mx\/wp-content\/uploads\/2025\/06\/medium_mexican_jihad.jpeg?fit=360%2C360&ssl=1&resize=350%2C200","width":350,"height":200},"classes":[]},{"id":106359,"url":"https:\/\/zeromagazine.mx\/index.php\/2025\/06\/26\/pride-en-lounge-fernando\/","url_meta":{"origin":106339,"position":4},"title":"Pride en Lounge Fernando: cocteles con causa","author":"David Morales","date":"26 de junio de 2025","format":false,"excerpt":"Amix en junio, todo lo que queremos es vibrar alto, rodeades de gente incre\u00edble, m\u00fasica buena y sabores que nos hagan decir \u201c\u00a1wow!\u201d. Y s\u00ed, el Pride es justo ese momento para brillar m\u00e1s que nunca. Este a\u00f1o, hay un spot en la CDMX que la est\u00e1 rompiendo con su\u2026","rel":"","context":"En \u00abViajes\u00bb","block_context":{"text":"Viajes","link":"https:\/\/zeromagazine.mx\/index.php\/category\/lugares\/"},"img":{"alt_text":"","src":"https:\/\/i0.wp.com\/zeromagazine.mx\/wp-content\/uploads\/2025\/06\/LF-Pride-2-scaled.jpg?fit=1200%2C900&ssl=1&resize=350%2C200","width":350,"height":200,"srcset":"https:\/\/i0.wp.com\/zeromagazine.mx\/wp-content\/uploads\/2025\/06\/LF-Pride-2-scaled.jpg?fit=1200%2C900&ssl=1&resize=350%2C200 1x, https:\/\/i0.wp.com\/zeromagazine.mx\/wp-content\/uploads\/2025\/06\/LF-Pride-2-scaled.jpg?fit=1200%2C900&ssl=1&resize=525%2C300 1.5x, https:\/\/i0.wp.com\/zeromagazine.mx\/wp-content\/uploads\/2025\/06\/LF-Pride-2-scaled.jpg?fit=1200%2C900&ssl=1&resize=700%2C400 2x, https:\/\/i0.wp.com\/zeromagazine.mx\/wp-content\/uploads\/2025\/06\/LF-Pride-2-scaled.jpg?fit=1200%2C900&ssl=1&resize=1050%2C600 3x"},"classes":[]},{"id":105351,"url":"https:\/\/zeromagazine.mx\/index.php\/2025\/05\/25\/converse-pride-camina-contigo\/","url_meta":{"origin":106339,"position":5},"title":"Converse Pride camina contigo","author":"David Morales","date":"25 de mayo de 2025","format":false,"excerpt":"Amix, si hay una marca que siempre ha estado del lado de quienes se expresan sin miedo, esa es Converse. Y este Pride 2025 lo reafirma con una campa\u00f1a que nos abraza fuerte: \u201cProud To Be\u201d, una oda a la diversidad, la memoria, la resistencia y la autoaceptaci\u00f3n. Porque s\u00ed,\u2026","rel":"","context":"En \u00abModa\u00bb","block_context":{"text":"Moda","link":"https:\/\/zeromagazine.mx\/index.php\/category\/moda\/"},"img":{"alt_text":"","src":"https:\/\/i0.wp.com\/zeromagazine.mx\/wp-content\/uploads\/2025\/06\/D-Converse-05-15-25-GBL-Pride-HP-P1-SU25-scaled.jpg?fit=1200%2C433&ssl=1&resize=350%2C200","width":350,"height":200,"srcset":"https:\/\/i0.wp.com\/zeromagazine.mx\/wp-content\/uploads\/2025\/06\/D-Converse-05-15-25-GBL-Pride-HP-P1-SU25-scaled.jpg?fit=1200%2C433&ssl=1&resize=350%2C200 1x, https:\/\/i0.wp.com\/zeromagazine.mx\/wp-content\/uploads\/2025\/06\/D-Converse-05-15-25-GBL-Pride-HP-P1-SU25-scaled.jpg?fit=1200%2C433&ssl=1&resize=525%2C300 1.5x, https:\/\/i0.wp.com\/zeromagazine.mx\/wp-content\/uploads\/2025\/06\/D-Converse-05-15-25-GBL-Pride-HP-P1-SU25-scaled.jpg?fit=1200%2C433&ssl=1&resize=700%2C400 2x, https:\/\/i0.wp.com\/zeromagazine.mx\/wp-content\/uploads\/2025\/06\/D-Converse-05-15-25-GBL-Pride-HP-P1-SU25-scaled.jpg?fit=1200%2C433&ssl=1&resize=1050%2C600 3x"},"classes":[]}],"jetpack_sharing_enabled":true,"builder_content":"","_links":{"self":[{"href":"https:\/\/zeromagazine.mx\/index.php\/wp-json\/wp\/v2\/posts\/106339","targetHints":{"allow":["GET"]}}],"collection":[{"href":"https:\/\/zeromagazine.mx\/index.php\/wp-json\/wp\/v2\/posts"}],"about":[{"href":"https:\/\/zeromagazine.mx\/index.php\/wp-json\/wp\/v2\/types\/post"}],"author":[{"embeddable":true,"href":"https:\/\/zeromagazine.mx\/index.php\/wp-json\/wp\/v2\/users\/4"}],"replies":[{"embeddable":true,"href":"https:\/\/zeromagazine.mx\/index.php\/wp-json\/wp\/v2\/comments?post=106339"}],"version-history":[{"count":2,"href":"https:\/\/zeromagazine.mx\/index.php\/wp-json\/wp\/v2\/posts\/106339\/revisions"}],"predecessor-version":[{"id":106346,"href":"https:\/\/zeromagazine.mx\/index.php\/wp-json\/wp\/v2\/posts\/106339\/revisions\/106346"}],"wp:featuredmedia":[{"embeddable":true,"href":"https:\/\/zeromagazine.mx\/index.php\/wp-json\/wp\/v2\/media\/106343"}],"wp:attachment":[{"href":"https:\/\/zeromagazine.mx\/index.php\/wp-json\/wp\/v2\/media?parent=106339"}],"wp:term":[{"taxonomy":"category","embeddable":true,"href":"https:\/\/zeromagazine.mx\/index.php\/wp-json\/wp\/v2\/categories?post=106339"},{"taxonomy":"post_tag","embeddable":true,"href":"https:\/\/zeromagazine.mx\/index.php\/wp-json\/wp\/v2\/tags?post=106339"}],"curies":[{"name":"wp","href":"https:\/\/api.w.org\/{rel}","templated":true}]}}