{"id":106371,"date":"2025-06-26T18:57:15","date_gmt":"2025-06-27T00:57:15","guid":{"rendered":"https:\/\/zeromagazine.mx\/?p=106371"},"modified":"2025-06-26T18:57:16","modified_gmt":"2025-06-27T00:57:16","slug":"alebrisuenos-y-minkus-gala-el-ballet-que-necesitas-ver","status":"publish","type":"post","link":"https:\/\/zeromagazine.mx\/index.php\/2025\/06\/26\/alebrisuenos-y-minkus-gala-el-ballet-que-necesitas-ver\/","title":{"rendered":"AlebriSue\u00f1os &amp; Minkus Gala: el ballet que necesitas ver"},"content":{"rendered":"<p>Con una mezcla fascinante de color, tradici\u00f3n y audacia, <em>AlebriSue\u00f1os &amp; Minkus Gala<\/em> llega a los escenarios mexicanos como una propuesta que rompe moldes. En esta entrevista, Tonatiuh comparte los retos, las emociones y los sue\u00f1os detr\u00e1s de una obra que pone en alto el arte, la diversidad y la cultura mexicana.<\/p>\n\n\n\n<h2 class=\"wp-block-heading\"><strong>1.Tonatiuh, \u00bfc\u00f3mo surgi\u00f3 la idea de unir dos mundos tan distintos como los alebrijes y el ballet cl\u00e1sico en esta producci\u00f3n?<\/strong><\/h2>\n\n\n\n<p>Esta obra, compuesta por <em>AlebriSue\u00f1os<\/em> y <em>Minkus Gala<\/em>, representa dos espect\u00e1culos en uno. Tonatiuh menciona que, anteriormente, ya hab\u00edan trabajado obras con hombres en zapatillas de punta y comedia, lo cual result\u00f3 muy din\u00e1mico para ellos. Combinar el ballet con su elegancia, figura y t\u00e9cnica con la comedia les permiti\u00f3 acercarse a nuevos p\u00fablicos.<br>Art\u00edsticamente, la obra es impresionante, extraordinaria y divertida, al ver a los bailarines hombres interpretar tanto roles femeninos como masculinos. Se deconstruyen los roles de g\u00e9nero y los estereotipos, y al hacerlo con alebrijes \u2014criaturas m\u00edsticas y fant\u00e1sticas\u2014 tambi\u00e9n se pone en alto el nombre de M\u00e9xico.<br>Tonatiuh comenta que escribi\u00f3 un libro desde su punto de vista, en el que visualiza a Pedro Linares entrando en un sue\u00f1o donde descubre a los alebrijes. Lo redact\u00f3 de una manera muy especial.<\/p>\n\n\n\n<p>En esa historia, Pedro entra en el sue\u00f1o y es aterrorizado por criaturas que lo empujan aun mundo fant\u00e1stico a trav\u00e9s de un portal. All\u00ed comienza a escuchar a estas criaturas llamadas alebrijes. A lo largo del recorrido va conociendo seres como ajolotes con medusas, un unicornio con caballito de mar, un venado con mariposa\u2026 Todos con analog\u00edas que intentan representar mensajes para todo p\u00fablico. La idea es transmitir procesos humanos y emociones reflejadas en esta traves\u00eda on\u00edrica.<br>V\u00edctor Trevi\u00f1o dirige art\u00edsticamente la coreograf\u00eda y, junto al equipo, lograron crear un ballet con mensajes profundos. Adem\u00e1s, trabajaron con dise\u00f1adoras como Eloise Kazan y Sara Salom\u00f3n, en colaboraci\u00f3n con la marca mexicana Pineda Coval\u00edn, que aporta una innovaci\u00f3n en la moda esc\u00e9nica. Los vestuarios son artesanales y dejan asombrado al p\u00fablico.<br>Parte del alma del proyecto viene de la m\u00fasica original compuesta por Abraham Urquiza. Tonatiuh dice que una buena m\u00fasica debe tocar el alma, y ver la reacci\u00f3n del p\u00fablico ha reafirmado lo bella que es esta composici\u00f3n.<br>Adem\u00e1s, est\u00e1n explorando el potencial de subir la m\u00fasica a plataformas digitales para que el p\u00fablico pueda seguir conectando con ella.<br>Era importante contar una historia que representara a M\u00e9xico, no solo para presentarla a nivel nacional, sino tambi\u00e9n internacionalmente.<\/p>\n\n\n<div class=\"wp-block-image\">\n<figure class=\"aligncenter size-large\"><img data-recalc-dims=\"1\" decoding=\"async\" width=\"1024\" height=\"647\" src=\"https:\/\/i0.wp.com\/zeromagazine.mx\/wp-content\/uploads\/2025\/06\/FMAlebrijes-1024x647.png?resize=1024%2C647&#038;ssl=1\" alt=\"\" class=\"wp-image-106374\" srcset=\"https:\/\/i0.wp.com\/zeromagazine.mx\/wp-content\/uploads\/2025\/06\/FMAlebrijes.png?resize=1024%2C647&amp;ssl=1 1024w, https:\/\/i0.wp.com\/zeromagazine.mx\/wp-content\/uploads\/2025\/06\/FMAlebrijes.png?resize=300%2C190&amp;ssl=1 300w, https:\/\/i0.wp.com\/zeromagazine.mx\/wp-content\/uploads\/2025\/06\/FMAlebrijes.png?resize=768%2C485&amp;ssl=1 768w, https:\/\/i0.wp.com\/zeromagazine.mx\/wp-content\/uploads\/2025\/06\/FMAlebrijes.png?resize=1536%2C971&amp;ssl=1 1536w, https:\/\/i0.wp.com\/zeromagazine.mx\/wp-content\/uploads\/2025\/06\/FMAlebrijes.png?resize=2048%2C1295&amp;ssl=1 2048w, https:\/\/i0.wp.com\/zeromagazine.mx\/wp-content\/uploads\/2025\/06\/FMAlebrijes.png?w=2330 2330w, https:\/\/i0.wp.com\/zeromagazine.mx\/wp-content\/uploads\/2025\/06\/FMAlebrijes.png?w=3495 3495w\" sizes=\"(max-width: 1024px) 100vw, 1024px\" \/><\/figure>\n<\/div>\n\n\n<h2 class=\"wp-block-heading\"><strong>2. \u00bfCu\u00e1l fue el mayor reto al crear una obra que mezcla fantas\u00eda, tradici\u00f3n, danza y tecnolog\u00eda esc\u00e9nica?<\/strong><\/h2>\n\n\n\n<p>Es un proceso que a\u00fan contin\u00faa, porque siempre se puede mejorar. Y es que Dennise G\u00f3mez, animadora, es la responsable de todo lo que se proyecta en escena, lo que logra crear una experiencia inmersiva ha sido un reto constante. Jugar entre vestuarios fant\u00e1sticos, videoproyecciones y cuidar que la iluminaci\u00f3n no se vea afectada requiere de un equipo creativo muy grande. Adem\u00e1s, el equipo est\u00e1 conformado por muchas personas: dos vestuaristas, la marca Pineda Coval\u00edn, Aurelio Palomino como ingeniero de iluminaci\u00f3n, Dennise en videoproyecci\u00f3n y animaci\u00f3n digital, el compositor, el director art\u00edstico, el core\u00f3grafo y, por supuesto, el elenco. Igualmente, Tonatiuh destaca que han trabajado en este proyecto durante m\u00e1s de ocho meses y la cohesi\u00f3n del equipo ha sido incre\u00edble.<\/p>\n\n\n\n<script async src=\"https:\/\/pagead2.googlesyndication.com\/pagead\/js\/adsbygoogle.js?client=ca-pub-5499304793904745\"\n     crossorigin=\"anonymous\"><\/script>\n<ins class=\"adsbygoogle\"\n     style=\"display:block; text-align:center;\"\n     data-ad-layout=\"in-article\"\n     data-ad-format=\"fluid\"\n     data-ad-client=\"ca-pub-5499304793904745\"\n     data-ad-slot=\"5994863093\"><\/ins>\n<script>\n     (adsbygoogle = window.adsbygoogle || []).push({});\n<\/script>\n\n\n\n<h2 class=\"wp-block-heading\"><strong>3. <em>Minkus Gala<\/em> explora la comedia y el absurdo en relatos cl\u00e1sicos. \u00bfPor qu\u00e9 decidieron integrar estos elementos y qu\u00e9 buscan provocar en el p\u00fablico con ellos?<\/strong><\/h2>\n\n\n\n<p>La comedia es una forma de arte y les permite acercarse a p\u00fablicos que normalmente no se sienten atra\u00eddos por el ballet. Existe la idea de que el ballet es solo para mujeres, y esa visi\u00f3n machista es algo que quieren romper. Pues  la misi\u00f3n es acercar nuevos p\u00fablicos, hacer crecer la danza y lograr que la gente se divierta. Asimismo, lo que buscan, en espec\u00edfico, es que el p\u00fablico conecte con la obra y se deje llevar por la experiencia; porque quieren que el p\u00fablico se desconecte de la realidad y se sumerja en este espect\u00e1culo que se siente como un sue\u00f1o. Y <em>Minkus Gala<\/em> ha tenido una excelente recepci\u00f3n internacional.<\/p>\n\n\n<div class=\"wp-block-image\">\n<figure class=\"aligncenter size-large\"><img data-recalc-dims=\"1\" decoding=\"async\" width=\"1024\" height=\"647\" src=\"https:\/\/i0.wp.com\/zeromagazine.mx\/wp-content\/uploads\/2025\/06\/bailarinconaguila-1-1024x647.png?resize=1024%2C647&#038;ssl=1\" alt=\"\" class=\"wp-image-106373\" srcset=\"https:\/\/i0.wp.com\/zeromagazine.mx\/wp-content\/uploads\/2025\/06\/bailarinconaguila-1.png?resize=1024%2C647&amp;ssl=1 1024w, https:\/\/i0.wp.com\/zeromagazine.mx\/wp-content\/uploads\/2025\/06\/bailarinconaguila-1.png?resize=300%2C190&amp;ssl=1 300w, https:\/\/i0.wp.com\/zeromagazine.mx\/wp-content\/uploads\/2025\/06\/bailarinconaguila-1.png?resize=768%2C485&amp;ssl=1 768w, https:\/\/i0.wp.com\/zeromagazine.mx\/wp-content\/uploads\/2025\/06\/bailarinconaguila-1.png?resize=1536%2C971&amp;ssl=1 1536w, https:\/\/i0.wp.com\/zeromagazine.mx\/wp-content\/uploads\/2025\/06\/bailarinconaguila-1.png?resize=2048%2C1295&amp;ssl=1 2048w, https:\/\/i0.wp.com\/zeromagazine.mx\/wp-content\/uploads\/2025\/06\/bailarinconaguila-1.png?w=2330 2330w, https:\/\/i0.wp.com\/zeromagazine.mx\/wp-content\/uploads\/2025\/06\/bailarinconaguila-1.png?w=3495 3495w\" sizes=\"(max-width: 1024px) 100vw, 1024px\" \/><\/figure>\n<\/div>\n\n\n<h2 class=\"wp-block-heading\"><strong>4.\u00bfC\u00f3mo crees que esta gala desaf\u00eda las ideas tradicionales de g\u00e9nero en la danza cl\u00e1sica y qu\u00e9 puertas abre para futuras generaciones de artistas?<\/strong><\/h2>\n\n\n\n<p>El espect\u00e1culo rompe con los estereotipos de g\u00e9nero: es una compa\u00f1\u00eda compuesta principalmente por hombres, y verlos bailando en puntas es algo que genera sorpresa. Pues en el ballet tradicional, solo las mujeres pueden usar zapatillas de punta, y adem\u00e1s existe una rigidez respecto a lo que pueden hacer los hombres. A lo que Tonatiuh menciona que en M\u00e9xico todav\u00eda se vive una cultura muy machista, y entrar al mundo del ballet como hombre es un enfrentamiento social. Incluso dentro del ballet existe una divisi\u00f3n estricta: las mujeres hacen una cosa y los hombres otra. Por eso, la idea de esta compa\u00f1\u00eda no es competir, sino proponer algo distinto, que cuestione esas ideas r\u00edgidas.<br>Males on Pointe no comenz\u00f3 como una compa\u00f1\u00eda de danza, sino como un espacio abierto durante la pandemia para dar clases a hombres, mujeres y personas de la comunidad LGBT+. Se convirti\u00f3 en un espacio seguro, m\u00e1s de 400 personas de diferentes pa\u00edses tomaron clases con ellos. Y es que colaborar con V\u00edctor Trevi\u00f1o, director de una compa\u00f1\u00eda en Nueva York, los motiv\u00f3 a fundar una compa\u00f1\u00eda que generara empleos y acercara la danza a distintas audiencias en M\u00e9xico. Enun sue\u00f1o hecho realidad.<br>Buscan convertirse en una de las organizaciones que mejor paga a los artistas en M\u00e9xico, y cada a\u00f1o se acercan m\u00e1s a esa meta gracias a apoyos fiscales y distintas instituciones.<br>Cuando Tonatiuh habla de diversidad, no solo se refiere a la sexualidad, sino tambi\u00e9n a la diversidad corporal. Muchas veces, artistas talentosos no encuentran oportunidades por no encajar en un estereotipo f\u00edsico, y esta compa\u00f1\u00eda les da un espacio real.<\/p>\n\n\n\n<script async src=\"https:\/\/pagead2.googlesyndication.com\/pagead\/js\/adsbygoogle.js?client=ca-pub-5499304793904745\"\n     crossorigin=\"anonymous\"><\/script>\n<ins class=\"adsbygoogle\"\n     style=\"display:block; text-align:center;\"\n     data-ad-layout=\"in-article\"\n     data-ad-format=\"fluid\"\n     data-ad-client=\"ca-pub-5499304793904745\"\n     data-ad-slot=\"5994863093\"><\/ins>\n<script>\n     (adsbygoogle = window.adsbygoogle || []).push({});\n<\/script>\n\n\n\n<h2 class=\"wp-block-heading\"><strong>5. <strong>\u00bfC\u00f3mo contribuyen los bailarines internacionales al esp\u00edritu de esta producci\u00f3n?<\/strong><\/strong><\/h2>\n\n\n\n<p>Encontrar bailarines fuertes y bien formados ha sido un reto, especialmente en un contexto como el de M\u00e9xico, donde a\u00fan existen muchas barreras sociales y culturales.<br>No es que en M\u00e9xico no haya talento, sino que las condiciones no son iguales para todos, y a los hombres les resulta especialmente dif\u00edcil formarse desde j\u00f3venes.<br>La mayor\u00eda de los artistas que tienen una formaci\u00f3n s\u00f3lida han venido del extranjero: Colombia, Argentina, Espa\u00f1a y Estados Unidos.<br>Esto ha enriquecido much\u00edsimo al equipo, porque trabajar con ellos eleva el nivel art\u00edstico de manera muy r\u00e1pida.<br>La meta es que cada vez haya m\u00e1s artistas mexicanos en el elenco, y que puedan formarse y crecer a ese nivel.<br>Esto impulsa tanto a los artistas como a los espectadores, quienes disfrutan de un espect\u00e1culo de alto nivel.<\/p>\n\n\n<div class=\"wp-block-image\">\n<figure class=\"aligncenter size-large\"><img data-recalc-dims=\"1\" decoding=\"async\" width=\"1024\" height=\"683\" src=\"https:\/\/i0.wp.com\/zeromagazine.mx\/wp-content\/uploads\/2025\/06\/Males_on_Pointe_foto_Emilio_Sabin2-1024x683.jpg?resize=1024%2C683\" alt=\"\" class=\"wp-image-106372\" srcset=\"https:\/\/i0.wp.com\/zeromagazine.mx\/wp-content\/uploads\/2025\/06\/Males_on_Pointe_foto_Emilio_Sabin2-scaled.jpg?resize=1024%2C683&amp;ssl=1 1024w, https:\/\/i0.wp.com\/zeromagazine.mx\/wp-content\/uploads\/2025\/06\/Males_on_Pointe_foto_Emilio_Sabin2-scaled.jpg?resize=300%2C200&amp;ssl=1 300w, https:\/\/i0.wp.com\/zeromagazine.mx\/wp-content\/uploads\/2025\/06\/Males_on_Pointe_foto_Emilio_Sabin2-scaled.jpg?resize=768%2C512&amp;ssl=1 768w, https:\/\/i0.wp.com\/zeromagazine.mx\/wp-content\/uploads\/2025\/06\/Males_on_Pointe_foto_Emilio_Sabin2-scaled.jpg?resize=1536%2C1024&amp;ssl=1 1536w, https:\/\/i0.wp.com\/zeromagazine.mx\/wp-content\/uploads\/2025\/06\/Males_on_Pointe_foto_Emilio_Sabin2-scaled.jpg?resize=2048%2C1365&amp;ssl=1 2048w, https:\/\/i0.wp.com\/zeromagazine.mx\/wp-content\/uploads\/2025\/06\/Males_on_Pointe_foto_Emilio_Sabin2-scaled.jpg?w=2330 2330w\" sizes=\"(max-width: 1024px) 100vw, 1024px\" \/><\/figure>\n<\/div>\n\n\n<h2 class=\"wp-block-heading\"><strong>6. <strong>La gira abarca varias ciudades de M\u00e9xico. \u00bfC\u00f3mo ha sido la experiencia de llevar este proyecto a escenarios tan diversos del pa\u00eds?<\/strong><\/strong><\/h2>\n\n\n\n<p>Al principio ten\u00edan miedo de c\u00f3mo ser\u00eda la recepci\u00f3n en ciertas ciudades por los estereotipos, pero al ver el cari\u00f1o del p\u00fablico, supieron que vali\u00f3 la pena arriesgarse.<br>Llevar el espect\u00e1culo m\u00e1s all\u00e1 de los centros habituales como Monterrey, Guadalajara y CDMX ha sido una experiencia muy linda.<br>Se ha creado una comunidad de seguidores que los esperan y los reciben con mucho amor. Para ellos, regresar a esas ciudades es ya un compromiso emocional.<br>La Secretar\u00eda de Cultura ha sido clave al brindarles espacios esc\u00e9nicos y abrirles las puertas<\/p>\n\n\n\n<script async src=\"https:\/\/pagead2.googlesyndication.com\/pagead\/js\/adsbygoogle.js?client=ca-pub-5499304793904745\"\n     crossorigin=\"anonymous\"><\/script>\n<ins class=\"adsbygoogle\"\n     style=\"display:block; text-align:center;\"\n     data-ad-layout=\"in-article\"\n     data-ad-format=\"fluid\"\n     data-ad-client=\"ca-pub-5499304793904745\"\n     data-ad-slot=\"5994863093\"><\/ins>\n<script>\n     (adsbygoogle = window.adsbygoogle || []).push({});\n<\/script>\n\n\n\n<h2 class=\"wp-block-heading\"><strong>7.Despu\u00e9s de tantos a\u00f1os en la danza, \u00bfqu\u00e9 te sigue emocionando como el primer d\u00eda?<\/strong><\/h2>\n\n\n\n<p>Tonatiuh responde que hay muchas razones por las que baila, pero hay una que no logra explicar del todo: es algo m\u00e1gico.<br>Justo antes de entrar al escenario, entra en un estado que llama \u201cel espacio cero\u201d. Es como una c\u00e1psula en el tiempo donde uno se siente como un superh\u00e9roe, con la capacidad de plasmar lo que sea con el cuerpo, la energ\u00eda y las emociones.<br>Para \u00e9l, la frase que lo gu\u00eda es:<br><strong>\u201cBaila la vida, baila en la vida y baila con la vida.\u201d<\/strong><br>El baile le parece maravilloso porque lo combina todo.<\/p>\n\n\n\n<figure class=\"wp-block-gallery has-nested-images columns-default is-cropped wp-block-gallery-1 is-layout-flex wp-block-gallery-is-layout-flex\">\n<figure class=\"wp-block-image size-large\"><img data-recalc-dims=\"1\" decoding=\"async\" width=\"683\" height=\"1024\" data-id=\"106377\" src=\"https:\/\/i0.wp.com\/zeromagazine.mx\/wp-content\/uploads\/2025\/06\/Males_on_Pointe_foto_Emilio_Sabin5-683x1024.jpg?resize=683%2C1024&#038;ssl=1\" alt=\"\" class=\"wp-image-106377\" srcset=\"https:\/\/i0.wp.com\/zeromagazine.mx\/wp-content\/uploads\/2025\/06\/Males_on_Pointe_foto_Emilio_Sabin5-scaled.jpg?resize=683%2C1024&amp;ssl=1 683w, https:\/\/i0.wp.com\/zeromagazine.mx\/wp-content\/uploads\/2025\/06\/Males_on_Pointe_foto_Emilio_Sabin5-scaled.jpg?resize=200%2C300&amp;ssl=1 200w, https:\/\/i0.wp.com\/zeromagazine.mx\/wp-content\/uploads\/2025\/06\/Males_on_Pointe_foto_Emilio_Sabin5-scaled.jpg?resize=768%2C1152&amp;ssl=1 768w, https:\/\/i0.wp.com\/zeromagazine.mx\/wp-content\/uploads\/2025\/06\/Males_on_Pointe_foto_Emilio_Sabin5-scaled.jpg?resize=1024%2C1536&amp;ssl=1 1024w, https:\/\/i0.wp.com\/zeromagazine.mx\/wp-content\/uploads\/2025\/06\/Males_on_Pointe_foto_Emilio_Sabin5-scaled.jpg?resize=1365%2C2048&amp;ssl=1 1365w, https:\/\/i0.wp.com\/zeromagazine.mx\/wp-content\/uploads\/2025\/06\/Males_on_Pointe_foto_Emilio_Sabin5-scaled.jpg?w=1707&amp;ssl=1 1707w\" sizes=\"(max-width: 683px) 100vw, 683px\" \/><\/figure>\n\n\n\n<figure class=\"wp-block-image size-large\"><img data-recalc-dims=\"1\" decoding=\"async\" width=\"683\" height=\"1024\" data-id=\"106375\" src=\"https:\/\/i0.wp.com\/zeromagazine.mx\/wp-content\/uploads\/2025\/06\/Imagen_Principal_Males_on_Pointe_foto_Emilio_Sabin-683x1024.jpg?resize=683%2C1024&#038;ssl=1\" alt=\"\" class=\"wp-image-106375\" srcset=\"https:\/\/i0.wp.com\/zeromagazine.mx\/wp-content\/uploads\/2025\/06\/Imagen_Principal_Males_on_Pointe_foto_Emilio_Sabin-scaled.jpg?resize=683%2C1024&amp;ssl=1 683w, https:\/\/i0.wp.com\/zeromagazine.mx\/wp-content\/uploads\/2025\/06\/Imagen_Principal_Males_on_Pointe_foto_Emilio_Sabin-scaled.jpg?resize=200%2C300&amp;ssl=1 200w, https:\/\/i0.wp.com\/zeromagazine.mx\/wp-content\/uploads\/2025\/06\/Imagen_Principal_Males_on_Pointe_foto_Emilio_Sabin-scaled.jpg?resize=768%2C1152&amp;ssl=1 768w, https:\/\/i0.wp.com\/zeromagazine.mx\/wp-content\/uploads\/2025\/06\/Imagen_Principal_Males_on_Pointe_foto_Emilio_Sabin-scaled.jpg?resize=1024%2C1536&amp;ssl=1 1024w, https:\/\/i0.wp.com\/zeromagazine.mx\/wp-content\/uploads\/2025\/06\/Imagen_Principal_Males_on_Pointe_foto_Emilio_Sabin-scaled.jpg?resize=1366%2C2048&amp;ssl=1 1366w, https:\/\/i0.wp.com\/zeromagazine.mx\/wp-content\/uploads\/2025\/06\/Imagen_Principal_Males_on_Pointe_foto_Emilio_Sabin-scaled.jpg?w=1707&amp;ssl=1 1707w\" sizes=\"(max-width: 683px) 100vw, 683px\" \/><\/figure>\n\n\n\n<figure class=\"wp-block-image size-large\"><img data-recalc-dims=\"1\" decoding=\"async\" width=\"683\" height=\"1024\" data-id=\"106376\" src=\"https:\/\/i0.wp.com\/zeromagazine.mx\/wp-content\/uploads\/2025\/06\/Males_on_Pointe_foto_Emilio_Sabin-683x1024.jpg?resize=683%2C1024&#038;ssl=1\" alt=\"\" class=\"wp-image-106376\" srcset=\"https:\/\/i0.wp.com\/zeromagazine.mx\/wp-content\/uploads\/2025\/06\/Males_on_Pointe_foto_Emilio_Sabin-scaled.jpg?resize=683%2C1024&amp;ssl=1 683w, https:\/\/i0.wp.com\/zeromagazine.mx\/wp-content\/uploads\/2025\/06\/Males_on_Pointe_foto_Emilio_Sabin-scaled.jpg?resize=200%2C300&amp;ssl=1 200w, https:\/\/i0.wp.com\/zeromagazine.mx\/wp-content\/uploads\/2025\/06\/Males_on_Pointe_foto_Emilio_Sabin-scaled.jpg?resize=768%2C1152&amp;ssl=1 768w, https:\/\/i0.wp.com\/zeromagazine.mx\/wp-content\/uploads\/2025\/06\/Males_on_Pointe_foto_Emilio_Sabin-scaled.jpg?resize=1024%2C1536&amp;ssl=1 1024w, https:\/\/i0.wp.com\/zeromagazine.mx\/wp-content\/uploads\/2025\/06\/Males_on_Pointe_foto_Emilio_Sabin-scaled.jpg?resize=1365%2C2048&amp;ssl=1 1365w, https:\/\/i0.wp.com\/zeromagazine.mx\/wp-content\/uploads\/2025\/06\/Males_on_Pointe_foto_Emilio_Sabin-scaled.jpg?w=1707&amp;ssl=1 1707w\" sizes=\"(max-width: 683px) 100vw, 683px\" \/><\/figure>\n<\/figure>\n\n\n\n<h2 class=\"wp-block-heading\"><strong>Una danza que te transporta<\/strong><\/h2>\n\n\n\n<p>AlebriSue\u00f1os &amp; Minkus Gala es una propuesta que mezcla ballet cl\u00e1sico, tradici\u00f3n mexicana y diversidad esc\u00e9nica. Y si a\u00fan no tienes plan para este fin de semana, es la oportunidad perfecta. Pues podr\u00e1s disfrutarla en el Teatro de la Danza Guillermina Bravo el 27 de junio a la 13:00 p.m. y 20:00 p.m., y el 28 de junio a la 13:00 p.m. y 19:00 p.m.<\/p>\n\n\n\n<p>Y si quieres conocer m\u00e1s novedades de cultura entra a <a href=\"https:\/\/zeromagazine.mx\/\">zeromagazine.mx<\/a><\/p>\n\n\n\n<script async src=\"https:\/\/pagead2.googlesyndication.com\/pagead\/js\/adsbygoogle.js?client=ca-pub-5499304793904745\"\n     crossorigin=\"anonymous\"><\/script>\n<ins class=\"adsbygoogle\"\n     style=\"display:block; text-align:center;\"\n     data-ad-layout=\"in-article\"\n     data-ad-format=\"fluid\"\n     data-ad-client=\"ca-pub-5499304793904745\"\n     data-ad-slot=\"5994863093\"><\/ins>\n<script>\n     (adsbygoogle = window.adsbygoogle || []).push({});\n<\/script>\n\n<!--themify_builder_content-->\n<div id=\"themify_builder_content-106371\" data-postid=\"106371\" class=\"themify_builder_content themify_builder_content-106371 themify_builder tf_clear\">\n    <\/div>\n<!--\/themify_builder_content-->","protected":false},"excerpt":{"rendered":"<p>Con una mezcla fascinante de color, tradici\u00f3n y audacia, AlebriSue\u00f1os &amp; Minkus Gala llega a los escenarios mexicanos como una propuesta que rompe moldes. En esta entrevista, Tonatiuh comparte los retos, las emociones y los sue\u00f1os detr\u00e1s de una obra que pone en alto el arte, la diversidad y la cultura mexicana. 1.Tonatiuh, \u00bfc\u00f3mo surgi\u00f3 [&hellip;]<\/p>\n","protected":false},"author":4,"featured_media":106378,"comment_status":"open","ping_status":"open","sticky":false,"template":"","format":"standard","meta":{"_jetpack_memberships_contains_paid_content":false,"footnotes":"","jetpack_publicize_message":"","jetpack_publicize_feature_enabled":true,"jetpack_social_post_already_shared":true,"jetpack_social_options":{"image_generator_settings":{"template":"highway","default_image_id":0,"font":"","enabled":false},"version":2}},"categories":[791],"tags":[14067,13699,14068,14069],"class_list":["post-106371","post","type-post","status-publish","format-standard","has-post-thumbnail","hentry","category-cultura","tag-alebrisuenos","tag-ballet","tag-minkus-galas","tag-teatro-de-danza-guillermina-bravo","has-post-title","has-post-date","has-post-category","has-post-tag","has-post-comment","has-post-author",""],"yoast_head":"<!-- This site is optimized with the Yoast SEO plugin v27.5 - https:\/\/yoast.com\/product\/yoast-seo-wordpress\/ -->\n<title>AlebriSue\u00f1os &amp; Minkus Gala: el ballet que necesitas ver - Zero Magazine<\/title>\n<meta name=\"description\" content=\"AlebriSue\u00f1os &amp; Minkus Gala, es un ballet novedoso y atrapante que no puedes perderte. Descubre los detalles en esta entrevista exclusiva\" \/>\n<meta name=\"robots\" content=\"index, follow, max-snippet:-1, max-image-preview:large, max-video-preview:-1\" \/>\n<link rel=\"canonical\" href=\"https:\/\/zeromagazine.mx\/index.php\/2025\/06\/26\/alebrisuenos-y-minkus-gala-el-ballet-que-necesitas-ver\/\" \/>\n<meta property=\"og:locale\" content=\"es_ES\" \/>\n<meta property=\"og:type\" content=\"article\" \/>\n<meta property=\"og:title\" content=\"AlebriSue\u00f1os &amp; Minkus Gala: el ballet que necesitas ver - Zero Magazine\" \/>\n<meta property=\"og:description\" content=\"AlebriSue\u00f1os &amp; Minkus Gala, es un ballet novedoso y atrapante que no puedes perderte. Descubre los detalles en esta entrevista exclusiva\" \/>\n<meta property=\"og:url\" content=\"https:\/\/zeromagazine.mx\/index.php\/2025\/06\/26\/alebrisuenos-y-minkus-gala-el-ballet-que-necesitas-ver\/\" \/>\n<meta property=\"og:site_name\" content=\"Zero Magazine\" \/>\n<meta property=\"article:published_time\" content=\"2025-06-27T00:57:15+00:00\" \/>\n<meta property=\"article:modified_time\" content=\"2025-06-27T00:57:16+00:00\" \/>\n<meta property=\"og:image\" content=\"http:\/\/zeromagazine.mx\/wp-content\/uploads\/2025\/06\/Males_on_Pointe_foto_Emilio_Sabin1-scaled.jpg\" \/>\n\t<meta property=\"og:image:width\" content=\"2560\" \/>\n\t<meta property=\"og:image:height\" content=\"1707\" \/>\n\t<meta property=\"og:image:type\" content=\"image\/jpeg\" \/>\n<meta name=\"author\" content=\"David Morales\" \/>\n<meta name=\"twitter:card\" content=\"summary_large_image\" \/>\n<meta name=\"twitter:label1\" content=\"Escrito por\" \/>\n\t<meta name=\"twitter:data1\" content=\"David Morales\" \/>\n\t<meta name=\"twitter:label2\" content=\"Tiempo de lectura\" \/>\n\t<meta name=\"twitter:data2\" content=\"8 minutos\" \/>\n<script type=\"application\/ld+json\" class=\"yoast-schema-graph\">{\"@context\":\"https:\\\/\\\/schema.org\",\"@graph\":[{\"@type\":\"Article\",\"@id\":\"https:\\\/\\\/zeromagazine.mx\\\/index.php\\\/2025\\\/06\\\/26\\\/alebrisuenos-y-minkus-gala-el-ballet-que-necesitas-ver\\\/#article\",\"isPartOf\":{\"@id\":\"https:\\\/\\\/zeromagazine.mx\\\/index.php\\\/2025\\\/06\\\/26\\\/alebrisuenos-y-minkus-gala-el-ballet-que-necesitas-ver\\\/\"},\"author\":{\"name\":\"David Morales\",\"@id\":\"https:\\\/\\\/zeromagazine.mx\\\/#\\\/schema\\\/person\\\/9f7f1a17c60ba8e9980e3e6677aabe5a\"},\"headline\":\"AlebriSue\u00f1os &amp; Minkus Gala: el ballet que necesitas ver\",\"datePublished\":\"2025-06-27T00:57:15+00:00\",\"dateModified\":\"2025-06-27T00:57:16+00:00\",\"mainEntityOfPage\":{\"@id\":\"https:\\\/\\\/zeromagazine.mx\\\/index.php\\\/2025\\\/06\\\/26\\\/alebrisuenos-y-minkus-gala-el-ballet-que-necesitas-ver\\\/\"},\"wordCount\":1594,\"commentCount\":0,\"publisher\":{\"@id\":\"https:\\\/\\\/zeromagazine.mx\\\/#organization\"},\"image\":{\"@id\":\"https:\\\/\\\/zeromagazine.mx\\\/index.php\\\/2025\\\/06\\\/26\\\/alebrisuenos-y-minkus-gala-el-ballet-que-necesitas-ver\\\/#primaryimage\"},\"thumbnailUrl\":\"https:\\\/\\\/i0.wp.com\\\/zeromagazine.mx\\\/wp-content\\\/uploads\\\/2025\\\/06\\\/Males_on_Pointe_foto_Emilio_Sabin1-scaled.jpg?fit=2560%2C1707&ssl=1\",\"keywords\":[\"AlebriSue\u00f1os\",\"Ballet\",\"Minkus Galas\",\"Teatro de Danza Guillermina Bravo\"],\"articleSection\":[\"Cultura\"],\"inLanguage\":\"es\",\"potentialAction\":[{\"@type\":\"CommentAction\",\"name\":\"Comment\",\"target\":[\"https:\\\/\\\/zeromagazine.mx\\\/index.php\\\/2025\\\/06\\\/26\\\/alebrisuenos-y-minkus-gala-el-ballet-que-necesitas-ver\\\/#respond\"]}]},{\"@type\":\"WebPage\",\"@id\":\"https:\\\/\\\/zeromagazine.mx\\\/index.php\\\/2025\\\/06\\\/26\\\/alebrisuenos-y-minkus-gala-el-ballet-que-necesitas-ver\\\/\",\"url\":\"https:\\\/\\\/zeromagazine.mx\\\/index.php\\\/2025\\\/06\\\/26\\\/alebrisuenos-y-minkus-gala-el-ballet-que-necesitas-ver\\\/\",\"name\":\"AlebriSue\u00f1os &amp; Minkus Gala: el ballet que necesitas ver - Zero Magazine\",\"isPartOf\":{\"@id\":\"https:\\\/\\\/zeromagazine.mx\\\/#website\"},\"primaryImageOfPage\":{\"@id\":\"https:\\\/\\\/zeromagazine.mx\\\/index.php\\\/2025\\\/06\\\/26\\\/alebrisuenos-y-minkus-gala-el-ballet-que-necesitas-ver\\\/#primaryimage\"},\"image\":{\"@id\":\"https:\\\/\\\/zeromagazine.mx\\\/index.php\\\/2025\\\/06\\\/26\\\/alebrisuenos-y-minkus-gala-el-ballet-que-necesitas-ver\\\/#primaryimage\"},\"thumbnailUrl\":\"https:\\\/\\\/i0.wp.com\\\/zeromagazine.mx\\\/wp-content\\\/uploads\\\/2025\\\/06\\\/Males_on_Pointe_foto_Emilio_Sabin1-scaled.jpg?fit=2560%2C1707&ssl=1\",\"datePublished\":\"2025-06-27T00:57:15+00:00\",\"dateModified\":\"2025-06-27T00:57:16+00:00\",\"description\":\"AlebriSue\u00f1os & Minkus Gala, es un ballet novedoso y atrapante que no puedes perderte. Descubre los detalles en esta entrevista exclusiva\",\"breadcrumb\":{\"@id\":\"https:\\\/\\\/zeromagazine.mx\\\/index.php\\\/2025\\\/06\\\/26\\\/alebrisuenos-y-minkus-gala-el-ballet-que-necesitas-ver\\\/#breadcrumb\"},\"inLanguage\":\"es\",\"potentialAction\":[{\"@type\":\"ReadAction\",\"target\":[\"https:\\\/\\\/zeromagazine.mx\\\/index.php\\\/2025\\\/06\\\/26\\\/alebrisuenos-y-minkus-gala-el-ballet-que-necesitas-ver\\\/\"]}]},{\"@type\":\"ImageObject\",\"inLanguage\":\"es\",\"@id\":\"https:\\\/\\\/zeromagazine.mx\\\/index.php\\\/2025\\\/06\\\/26\\\/alebrisuenos-y-minkus-gala-el-ballet-que-necesitas-ver\\\/#primaryimage\",\"url\":\"https:\\\/\\\/i0.wp.com\\\/zeromagazine.mx\\\/wp-content\\\/uploads\\\/2025\\\/06\\\/Males_on_Pointe_foto_Emilio_Sabin1-scaled.jpg?fit=2560%2C1707&ssl=1\",\"contentUrl\":\"https:\\\/\\\/i0.wp.com\\\/zeromagazine.mx\\\/wp-content\\\/uploads\\\/2025\\\/06\\\/Males_on_Pointe_foto_Emilio_Sabin1-scaled.jpg?fit=2560%2C1707&ssl=1\",\"width\":2560,\"height\":1707},{\"@type\":\"BreadcrumbList\",\"@id\":\"https:\\\/\\\/zeromagazine.mx\\\/index.php\\\/2025\\\/06\\\/26\\\/alebrisuenos-y-minkus-gala-el-ballet-que-necesitas-ver\\\/#breadcrumb\",\"itemListElement\":[{\"@type\":\"ListItem\",\"position\":1,\"name\":\"Portada\",\"item\":\"https:\\\/\\\/zeromagazine.mx\\\/\"},{\"@type\":\"ListItem\",\"position\":2,\"name\":\"AlebriSue\u00f1os &amp; Minkus Gala: el ballet que necesitas ver\"}]},{\"@type\":\"WebSite\",\"@id\":\"https:\\\/\\\/zeromagazine.mx\\\/#website\",\"url\":\"https:\\\/\\\/zeromagazine.mx\\\/\",\"name\":\"Zero Magazine\",\"description\":\"\",\"publisher\":{\"@id\":\"https:\\\/\\\/zeromagazine.mx\\\/#organization\"},\"potentialAction\":[{\"@type\":\"SearchAction\",\"target\":{\"@type\":\"EntryPoint\",\"urlTemplate\":\"https:\\\/\\\/zeromagazine.mx\\\/?s={search_term_string}\"},\"query-input\":{\"@type\":\"PropertyValueSpecification\",\"valueRequired\":true,\"valueName\":\"search_term_string\"}}],\"inLanguage\":\"es\"},{\"@type\":\"Organization\",\"@id\":\"https:\\\/\\\/zeromagazine.mx\\\/#organization\",\"name\":\"Zero Magazine\",\"url\":\"https:\\\/\\\/zeromagazine.mx\\\/\",\"logo\":{\"@type\":\"ImageObject\",\"inLanguage\":\"es\",\"@id\":\"https:\\\/\\\/zeromagazine.mx\\\/#\\\/schema\\\/logo\\\/image\\\/\",\"url\":\"https:\\\/\\\/i0.wp.com\\\/zeromagazine.mx\\\/wp-content\\\/uploads\\\/2025\\\/11\\\/1.jpeg?fit=1000%2C1000&ssl=1\",\"contentUrl\":\"https:\\\/\\\/i0.wp.com\\\/zeromagazine.mx\\\/wp-content\\\/uploads\\\/2025\\\/11\\\/1.jpeg?fit=1000%2C1000&ssl=1\",\"width\":1000,\"height\":1000,\"caption\":\"Zero Magazine\"},\"image\":{\"@id\":\"https:\\\/\\\/zeromagazine.mx\\\/#\\\/schema\\\/logo\\\/image\\\/\"},\"sameAs\":[\"https:\\\/\\\/instagram.com\\\/zeromagazinemx\"]},{\"@type\":\"Person\",\"@id\":\"https:\\\/\\\/zeromagazine.mx\\\/#\\\/schema\\\/person\\\/9f7f1a17c60ba8e9980e3e6677aabe5a\",\"name\":\"David Morales\",\"image\":{\"@type\":\"ImageObject\",\"inLanguage\":\"es\",\"@id\":\"https:\\\/\\\/zeromagazine.mx\\\/wp-content\\\/litespeed\\\/avatar\\\/76069d2136bfc1c37dc34815bb67ca42.jpg?ver=1777571067\",\"url\":\"https:\\\/\\\/zeromagazine.mx\\\/wp-content\\\/litespeed\\\/avatar\\\/76069d2136bfc1c37dc34815bb67ca42.jpg?ver=1777571067\",\"contentUrl\":\"https:\\\/\\\/zeromagazine.mx\\\/wp-content\\\/litespeed\\\/avatar\\\/76069d2136bfc1c37dc34815bb67ca42.jpg?ver=1777571067\",\"caption\":\"David Morales\"},\"url\":\"https:\\\/\\\/zeromagazine.mx\\\/index.php\\\/author\\\/david\\\/\"}]}<\/script>\n<!-- \/ Yoast SEO plugin. -->","yoast_head_json":{"title":"AlebriSue\u00f1os &amp; Minkus Gala: el ballet que necesitas ver - Zero Magazine","description":"AlebriSue\u00f1os & Minkus Gala, es un ballet novedoso y atrapante que no puedes perderte. Descubre los detalles en esta entrevista exclusiva","robots":{"index":"index","follow":"follow","max-snippet":"max-snippet:-1","max-image-preview":"max-image-preview:large","max-video-preview":"max-video-preview:-1"},"canonical":"https:\/\/zeromagazine.mx\/index.php\/2025\/06\/26\/alebrisuenos-y-minkus-gala-el-ballet-que-necesitas-ver\/","og_locale":"es_ES","og_type":"article","og_title":"AlebriSue\u00f1os &amp; Minkus Gala: el ballet que necesitas ver - Zero Magazine","og_description":"AlebriSue\u00f1os & Minkus Gala, es un ballet novedoso y atrapante que no puedes perderte. Descubre los detalles en esta entrevista exclusiva","og_url":"https:\/\/zeromagazine.mx\/index.php\/2025\/06\/26\/alebrisuenos-y-minkus-gala-el-ballet-que-necesitas-ver\/","og_site_name":"Zero Magazine","article_published_time":"2025-06-27T00:57:15+00:00","article_modified_time":"2025-06-27T00:57:16+00:00","og_image":[{"width":2560,"height":1707,"url":"http:\/\/zeromagazine.mx\/wp-content\/uploads\/2025\/06\/Males_on_Pointe_foto_Emilio_Sabin1-scaled.jpg","type":"image\/jpeg"}],"author":"David Morales","twitter_card":"summary_large_image","twitter_misc":{"Escrito por":"David Morales","Tiempo de lectura":"8 minutos"},"schema":{"@context":"https:\/\/schema.org","@graph":[{"@type":"Article","@id":"https:\/\/zeromagazine.mx\/index.php\/2025\/06\/26\/alebrisuenos-y-minkus-gala-el-ballet-que-necesitas-ver\/#article","isPartOf":{"@id":"https:\/\/zeromagazine.mx\/index.php\/2025\/06\/26\/alebrisuenos-y-minkus-gala-el-ballet-que-necesitas-ver\/"},"author":{"name":"David Morales","@id":"https:\/\/zeromagazine.mx\/#\/schema\/person\/9f7f1a17c60ba8e9980e3e6677aabe5a"},"headline":"AlebriSue\u00f1os &amp; Minkus Gala: el ballet que necesitas ver","datePublished":"2025-06-27T00:57:15+00:00","dateModified":"2025-06-27T00:57:16+00:00","mainEntityOfPage":{"@id":"https:\/\/zeromagazine.mx\/index.php\/2025\/06\/26\/alebrisuenos-y-minkus-gala-el-ballet-que-necesitas-ver\/"},"wordCount":1594,"commentCount":0,"publisher":{"@id":"https:\/\/zeromagazine.mx\/#organization"},"image":{"@id":"https:\/\/zeromagazine.mx\/index.php\/2025\/06\/26\/alebrisuenos-y-minkus-gala-el-ballet-que-necesitas-ver\/#primaryimage"},"thumbnailUrl":"https:\/\/i0.wp.com\/zeromagazine.mx\/wp-content\/uploads\/2025\/06\/Males_on_Pointe_foto_Emilio_Sabin1-scaled.jpg?fit=2560%2C1707&ssl=1","keywords":["AlebriSue\u00f1os","Ballet","Minkus Galas","Teatro de Danza Guillermina Bravo"],"articleSection":["Cultura"],"inLanguage":"es","potentialAction":[{"@type":"CommentAction","name":"Comment","target":["https:\/\/zeromagazine.mx\/index.php\/2025\/06\/26\/alebrisuenos-y-minkus-gala-el-ballet-que-necesitas-ver\/#respond"]}]},{"@type":"WebPage","@id":"https:\/\/zeromagazine.mx\/index.php\/2025\/06\/26\/alebrisuenos-y-minkus-gala-el-ballet-que-necesitas-ver\/","url":"https:\/\/zeromagazine.mx\/index.php\/2025\/06\/26\/alebrisuenos-y-minkus-gala-el-ballet-que-necesitas-ver\/","name":"AlebriSue\u00f1os &amp; Minkus Gala: el ballet que necesitas ver - Zero Magazine","isPartOf":{"@id":"https:\/\/zeromagazine.mx\/#website"},"primaryImageOfPage":{"@id":"https:\/\/zeromagazine.mx\/index.php\/2025\/06\/26\/alebrisuenos-y-minkus-gala-el-ballet-que-necesitas-ver\/#primaryimage"},"image":{"@id":"https:\/\/zeromagazine.mx\/index.php\/2025\/06\/26\/alebrisuenos-y-minkus-gala-el-ballet-que-necesitas-ver\/#primaryimage"},"thumbnailUrl":"https:\/\/i0.wp.com\/zeromagazine.mx\/wp-content\/uploads\/2025\/06\/Males_on_Pointe_foto_Emilio_Sabin1-scaled.jpg?fit=2560%2C1707&ssl=1","datePublished":"2025-06-27T00:57:15+00:00","dateModified":"2025-06-27T00:57:16+00:00","description":"AlebriSue\u00f1os & Minkus Gala, es un ballet novedoso y atrapante que no puedes perderte. Descubre los detalles en esta entrevista exclusiva","breadcrumb":{"@id":"https:\/\/zeromagazine.mx\/index.php\/2025\/06\/26\/alebrisuenos-y-minkus-gala-el-ballet-que-necesitas-ver\/#breadcrumb"},"inLanguage":"es","potentialAction":[{"@type":"ReadAction","target":["https:\/\/zeromagazine.mx\/index.php\/2025\/06\/26\/alebrisuenos-y-minkus-gala-el-ballet-que-necesitas-ver\/"]}]},{"@type":"ImageObject","inLanguage":"es","@id":"https:\/\/zeromagazine.mx\/index.php\/2025\/06\/26\/alebrisuenos-y-minkus-gala-el-ballet-que-necesitas-ver\/#primaryimage","url":"https:\/\/i0.wp.com\/zeromagazine.mx\/wp-content\/uploads\/2025\/06\/Males_on_Pointe_foto_Emilio_Sabin1-scaled.jpg?fit=2560%2C1707&ssl=1","contentUrl":"https:\/\/i0.wp.com\/zeromagazine.mx\/wp-content\/uploads\/2025\/06\/Males_on_Pointe_foto_Emilio_Sabin1-scaled.jpg?fit=2560%2C1707&ssl=1","width":2560,"height":1707},{"@type":"BreadcrumbList","@id":"https:\/\/zeromagazine.mx\/index.php\/2025\/06\/26\/alebrisuenos-y-minkus-gala-el-ballet-que-necesitas-ver\/#breadcrumb","itemListElement":[{"@type":"ListItem","position":1,"name":"Portada","item":"https:\/\/zeromagazine.mx\/"},{"@type":"ListItem","position":2,"name":"AlebriSue\u00f1os &amp; Minkus Gala: el ballet que necesitas ver"}]},{"@type":"WebSite","@id":"https:\/\/zeromagazine.mx\/#website","url":"https:\/\/zeromagazine.mx\/","name":"Zero Magazine","description":"","publisher":{"@id":"https:\/\/zeromagazine.mx\/#organization"},"potentialAction":[{"@type":"SearchAction","target":{"@type":"EntryPoint","urlTemplate":"https:\/\/zeromagazine.mx\/?s={search_term_string}"},"query-input":{"@type":"PropertyValueSpecification","valueRequired":true,"valueName":"search_term_string"}}],"inLanguage":"es"},{"@type":"Organization","@id":"https:\/\/zeromagazine.mx\/#organization","name":"Zero Magazine","url":"https:\/\/zeromagazine.mx\/","logo":{"@type":"ImageObject","inLanguage":"es","@id":"https:\/\/zeromagazine.mx\/#\/schema\/logo\/image\/","url":"https:\/\/i0.wp.com\/zeromagazine.mx\/wp-content\/uploads\/2025\/11\/1.jpeg?fit=1000%2C1000&ssl=1","contentUrl":"https:\/\/i0.wp.com\/zeromagazine.mx\/wp-content\/uploads\/2025\/11\/1.jpeg?fit=1000%2C1000&ssl=1","width":1000,"height":1000,"caption":"Zero Magazine"},"image":{"@id":"https:\/\/zeromagazine.mx\/#\/schema\/logo\/image\/"},"sameAs":["https:\/\/instagram.com\/zeromagazinemx"]},{"@type":"Person","@id":"https:\/\/zeromagazine.mx\/#\/schema\/person\/9f7f1a17c60ba8e9980e3e6677aabe5a","name":"David Morales","image":{"@type":"ImageObject","inLanguage":"es","@id":"https:\/\/zeromagazine.mx\/wp-content\/litespeed\/avatar\/76069d2136bfc1c37dc34815bb67ca42.jpg?ver=1777571067","url":"https:\/\/zeromagazine.mx\/wp-content\/litespeed\/avatar\/76069d2136bfc1c37dc34815bb67ca42.jpg?ver=1777571067","contentUrl":"https:\/\/zeromagazine.mx\/wp-content\/litespeed\/avatar\/76069d2136bfc1c37dc34815bb67ca42.jpg?ver=1777571067","caption":"David Morales"},"url":"https:\/\/zeromagazine.mx\/index.php\/author\/david\/"}]}},"jetpack_publicize_connections":[],"jetpack_featured_media_url":"https:\/\/i0.wp.com\/zeromagazine.mx\/wp-content\/uploads\/2025\/06\/Males_on_Pointe_foto_Emilio_Sabin1-scaled.jpg?fit=2560%2C1707&ssl=1","jetpack-related-posts":[{"id":103917,"url":"https:\/\/zeromagazine.mx\/index.php\/2025\/05\/13\/el-lago-de-los-cisnes-en-el-auditorio-nacional\/","url_meta":{"origin":106371,"position":0},"title":"El Lago De Los Cisnes En El Auditorio Nacional","author":"David Morales","date":"13 de mayo de 2025","format":false,"excerpt":"Amix, si pensabas que el ballet era cosa del pasado, prep\u00e1rate para vivir una experiencia m\u00e1gica que te har\u00e1 decir wow desde el primer tut\u00fa. B\u00e1ilame un cuento: El Lago de los Cisnes llega con una sola funci\u00f3n este domingo 18 de mayo a las 17:00 hrs en el Auditorio\u2026","rel":"","context":"En \u00abCultura\u00bb","block_context":{"text":"Cultura","link":"https:\/\/zeromagazine.mx\/index.php\/category\/cultura\/"},"img":{"alt_text":"","src":"https:\/\/i0.wp.com\/zeromagazine.mx\/wp-content\/uploads\/2025\/05\/poster.jpg?fit=1080%2C1080&ssl=1&resize=350%2C200","width":350,"height":200,"srcset":"https:\/\/i0.wp.com\/zeromagazine.mx\/wp-content\/uploads\/2025\/05\/poster.jpg?fit=1080%2C1080&ssl=1&resize=350%2C200 1x, https:\/\/i0.wp.com\/zeromagazine.mx\/wp-content\/uploads\/2025\/05\/poster.jpg?fit=1080%2C1080&ssl=1&resize=525%2C300 1.5x, https:\/\/i0.wp.com\/zeromagazine.mx\/wp-content\/uploads\/2025\/05\/poster.jpg?fit=1080%2C1080&ssl=1&resize=700%2C400 2x, https:\/\/i0.wp.com\/zeromagazine.mx\/wp-content\/uploads\/2025\/05\/poster.jpg?fit=1080%2C1080&ssl=1&resize=1050%2C600 3x"},"classes":[]},{"id":84055,"url":"https:\/\/zeromagazine.mx\/index.php\/2024\/09\/18\/fiesta-mexicana-de-lujo-inolvidable\/","url_meta":{"origin":106371,"position":1},"title":"\u00abFiesta Mexicana de Lujo Inolvidable\u00bb","author":"zeromagazinemx","date":"18 de septiembre de 2024","format":false,"excerpt":"El 14 de septiembre de 2024 fue una noche \u00e9pica en la CDMX, especialmente en el super fancy hotel Four Seasons. Why? Pero por segundo a\u00f1o consecutivo, el hotel se prendi\u00f3 con \"La Cena de Independencia\", un evento hosted por la famos\u00edsima Hacienda Zotoluca. Imag\u00ednate una noche llena de lo\u2026","rel":"","context":"En \u00abEntretenimiento\u00bb","block_context":{"text":"Entretenimiento","link":"https:\/\/zeromagazine.mx\/index.php\/category\/entretenimiento\/"},"img":{"alt_text":"","src":"https:\/\/i0.wp.com\/zeromagazine.mx\/wp-content\/uploads\/2024\/09\/6J8A9673-scaled.jpg?fit=1200%2C800&ssl=1&resize=350%2C200","width":350,"height":200,"srcset":"https:\/\/i0.wp.com\/zeromagazine.mx\/wp-content\/uploads\/2024\/09\/6J8A9673-scaled.jpg?fit=1200%2C800&ssl=1&resize=350%2C200 1x, https:\/\/i0.wp.com\/zeromagazine.mx\/wp-content\/uploads\/2024\/09\/6J8A9673-scaled.jpg?fit=1200%2C800&ssl=1&resize=525%2C300 1.5x, https:\/\/i0.wp.com\/zeromagazine.mx\/wp-content\/uploads\/2024\/09\/6J8A9673-scaled.jpg?fit=1200%2C800&ssl=1&resize=700%2C400 2x, https:\/\/i0.wp.com\/zeromagazine.mx\/wp-content\/uploads\/2024\/09\/6J8A9673-scaled.jpg?fit=1200%2C800&ssl=1&resize=1050%2C600 3x"},"classes":[]},{"id":71455,"url":"https:\/\/zeromagazine.mx\/index.php\/2024\/03\/06\/primavera-2024-en-el-palacio-de-hierro-la-gala-que-celebra-el-arte-de-rocca-luis-cesar\/","url_meta":{"origin":106371,"position":2},"title":"Primavera 2024 en El Palacio de Hierro: La gala que celebra el arte de Rocca Luis C\u00e9sar","author":"zeromagazinemx","date":"6 de marzo de 2024","format":false,"excerpt":"En El Palacio de Hierro estamos al tanto de lo m\u00e1s in del momento, y esta Gala de Primavera 2024 no es la excepci\u00f3n. Esta vez, nos sumergimos en un mundo lleno de magia y frescura con tres temas principales: Wonderland, Gymnasium y Tropicalia. \u00a1Vamos a echarle un vistazo! Comenzando\u2026","rel":"","context":"En \u00abBlog\u00bb","block_context":{"text":"Blog","link":"https:\/\/zeromagazine.mx\/index.php\/category\/blog\/"},"img":{"alt_text":"","src":"https:\/\/i0.wp.com\/zeromagazine.mx\/wp-content\/uploads\/2024\/03\/unnamed.jpg?fit=1200%2C800&ssl=1&resize=350%2C200","width":350,"height":200,"srcset":"https:\/\/i0.wp.com\/zeromagazine.mx\/wp-content\/uploads\/2024\/03\/unnamed.jpg?fit=1200%2C800&ssl=1&resize=350%2C200 1x, https:\/\/i0.wp.com\/zeromagazine.mx\/wp-content\/uploads\/2024\/03\/unnamed.jpg?fit=1200%2C800&ssl=1&resize=525%2C300 1.5x, https:\/\/i0.wp.com\/zeromagazine.mx\/wp-content\/uploads\/2024\/03\/unnamed.jpg?fit=1200%2C800&ssl=1&resize=700%2C400 2x, https:\/\/i0.wp.com\/zeromagazine.mx\/wp-content\/uploads\/2024\/03\/unnamed.jpg?fit=1200%2C800&ssl=1&resize=1050%2C600 3x"},"classes":[]},{"id":87847,"url":"https:\/\/zeromagazine.mx\/index.php\/2024\/10\/21\/cos-atelier-elegancia-que-inspira\/","url_meta":{"origin":106371,"position":3},"title":"\u00abCOS Atelier: Elegancia que Inspira\u00bb","author":"zeromagazinemx","date":"21 de octubre de 2024","format":false,"excerpt":"\u00a1Hey, fashion lovers! Hoy les traigo todo lo que necesitan saber sobre la nueva colecci\u00f3n Atelier de COS, que est\u00e1\u00a0fire\u00a0y es perfect para esta temporada. La marca londinense COS nos ha sorprendido una vez m\u00e1s con su \u00faltima c\u00e1psula, que marca la quinta temporada desde que se lanz\u00f3 en la\u2026","rel":"","context":"En \u00abModa\u00bb","block_context":{"text":"Moda","link":"https:\/\/zeromagazine.mx\/index.php\/category\/moda\/"},"img":{"alt_text":"","src":"https:\/\/i0.wp.com\/zeromagazine.mx\/wp-content\/uploads\/2024\/10\/COS-ATELIER_08-scaled.jpg?fit=900%2C1200&ssl=1&resize=350%2C200","width":350,"height":200,"srcset":"https:\/\/i0.wp.com\/zeromagazine.mx\/wp-content\/uploads\/2024\/10\/COS-ATELIER_08-scaled.jpg?fit=900%2C1200&ssl=1&resize=350%2C200 1x, https:\/\/i0.wp.com\/zeromagazine.mx\/wp-content\/uploads\/2024\/10\/COS-ATELIER_08-scaled.jpg?fit=900%2C1200&ssl=1&resize=525%2C300 1.5x, https:\/\/i0.wp.com\/zeromagazine.mx\/wp-content\/uploads\/2024\/10\/COS-ATELIER_08-scaled.jpg?fit=900%2C1200&ssl=1&resize=700%2C400 2x"},"classes":[]},{"id":80100,"url":"https:\/\/zeromagazine.mx\/index.php\/2024\/07\/10\/la-peli-que-promete-sacarnos-mas-de-una-carcajada\/","url_meta":{"origin":106371,"position":4},"title":"La Peli que Promete Sacarnos Carcajadas","author":"zeromagazinemx","date":"10 de julio de 2024","format":false,"excerpt":"\u00bfYa escucharon la noticia? El 8 de agosto llega a los cines de M\u00e9xico una peli que promete hacernos re\u00edr m\u00e1s de una vez. Se trata de \"El Candidato Honesto\", dirigida por Pipe Ybarra y con un elenco top que incluye a Adri\u00e1n Uribe. \u00bfDe qu\u00e9 trata la peli? Para\u2026","rel":"","context":"En \u00abCine\u00bb","block_context":{"text":"Cine","link":"https:\/\/zeromagazine.mx\/index.php\/category\/entretenimiento\/cine\/"},"img":{"alt_text":"","src":"https:\/\/i0.wp.com\/zeromagazine.mx\/wp-content\/uploads\/2024\/07\/vuSI_MOw.jpeg?fit=840%2C1200&ssl=1&resize=350%2C200","width":350,"height":200,"srcset":"https:\/\/i0.wp.com\/zeromagazine.mx\/wp-content\/uploads\/2024\/07\/vuSI_MOw.jpeg?fit=840%2C1200&ssl=1&resize=350%2C200 1x, https:\/\/i0.wp.com\/zeromagazine.mx\/wp-content\/uploads\/2024\/07\/vuSI_MOw.jpeg?fit=840%2C1200&ssl=1&resize=525%2C300 1.5x, https:\/\/i0.wp.com\/zeromagazine.mx\/wp-content\/uploads\/2024\/07\/vuSI_MOw.jpeg?fit=840%2C1200&ssl=1&resize=700%2C400 2x"},"classes":[]},{"id":56601,"url":"https:\/\/zeromagazine.mx\/index.php\/2021\/10\/23\/xochitl-y-huitzilin-una-tragica-historia-de-amor-y-el-nacimiento-de-la-flor-de-20-petalos-cempasuchil\/","url_meta":{"origin":106371,"position":5},"title":"X\u00f3chitl y Huitzilin: Una tr\u00e1gica historia de amor y el nacimiento de la flor de 20 p\u00e9talos cempas\u00fachil","author":"zeromagazinemx","date":"23 de octubre de 2021","format":false,"excerpt":"Cada a\u00f1o, en el mes de octubre nos preparamos para una celebraci\u00f3n tan importante, que es el d\u00eda de los muertos, que se celebra el 1 y 2 de noviembre, donde nosotros hacemos una gran celebraci\u00f3n para honrar a nuestros muertos, de reunirnos y poder recordar a todos nuestros seres\u2026","rel":"","context":"En \u00abCultura\u00bb","block_context":{"text":"Cultura","link":"https:\/\/zeromagazine.mx\/index.php\/category\/cultura\/"},"img":{"alt_text":"","src":"","width":0,"height":0},"classes":[]}],"jetpack_sharing_enabled":true,"builder_content":"","_links":{"self":[{"href":"https:\/\/zeromagazine.mx\/index.php\/wp-json\/wp\/v2\/posts\/106371","targetHints":{"allow":["GET"]}}],"collection":[{"href":"https:\/\/zeromagazine.mx\/index.php\/wp-json\/wp\/v2\/posts"}],"about":[{"href":"https:\/\/zeromagazine.mx\/index.php\/wp-json\/wp\/v2\/types\/post"}],"author":[{"embeddable":true,"href":"https:\/\/zeromagazine.mx\/index.php\/wp-json\/wp\/v2\/users\/4"}],"replies":[{"embeddable":true,"href":"https:\/\/zeromagazine.mx\/index.php\/wp-json\/wp\/v2\/comments?post=106371"}],"version-history":[{"count":1,"href":"https:\/\/zeromagazine.mx\/index.php\/wp-json\/wp\/v2\/posts\/106371\/revisions"}],"predecessor-version":[{"id":106379,"href":"https:\/\/zeromagazine.mx\/index.php\/wp-json\/wp\/v2\/posts\/106371\/revisions\/106379"}],"wp:featuredmedia":[{"embeddable":true,"href":"https:\/\/zeromagazine.mx\/index.php\/wp-json\/wp\/v2\/media\/106378"}],"wp:attachment":[{"href":"https:\/\/zeromagazine.mx\/index.php\/wp-json\/wp\/v2\/media?parent=106371"}],"wp:term":[{"taxonomy":"category","embeddable":true,"href":"https:\/\/zeromagazine.mx\/index.php\/wp-json\/wp\/v2\/categories?post=106371"},{"taxonomy":"post_tag","embeddable":true,"href":"https:\/\/zeromagazine.mx\/index.php\/wp-json\/wp\/v2\/tags?post=106371"}],"curies":[{"name":"wp","href":"https:\/\/api.w.org\/{rel}","templated":true}]}}