{"id":106380,"date":"2025-06-26T19:10:23","date_gmt":"2025-06-27T01:10:23","guid":{"rendered":"https:\/\/zeromagazine.mx\/?p=106380"},"modified":"2025-06-26T19:10:24","modified_gmt":"2025-06-27T01:10:24","slug":"cesar-porto-encuentra-su-vox-mas-autentica-en-pasado-pasado","status":"publish","type":"post","link":"https:\/\/zeromagazine.mx\/index.php\/2025\/06\/26\/cesar-porto-encuentra-su-vox-mas-autentica-en-pasado-pasado\/","title":{"rendered":"C\u00e9sar Porto encuentra su voz m\u00e1s aut\u00e9ntica en \u201cPasado Pasado\u201d"},"content":{"rendered":"<p>C\u00e9sar Porto inicia una nueva etapa como solista con <em>\u201cPasado Pasado\u201d<\/em>, una canci\u00f3n que marca su regreso tras un proceso de transformaci\u00f3n vocal y personal. Con m\u00e1s de 15 a\u00f1os de carrera, el cantante presenta un sonido aut\u00e9ntico que fusiona pop y regional, y un mensaje profundo sobre cerrar ciclos con dignidad.<\/p>\n\n\n\n<h2 class=\"wp-block-heading\"><strong>1. C\u00e9sar, tienes m\u00e1s de 15 a\u00f1os en la m\u00fasica y ahora inicias una etapa como solista. \u00bfQu\u00e9 te motiv\u00f3 a dar este giro tan personal en tu carrera?<\/strong><\/h2>\n\n\n\n<p>C\u00e9sar explic\u00f3 que esta nueva etapa como solista surgi\u00f3 como una oportunidad que se abri\u00f3 naturalmente. Aunque ya hab\u00eda participado en proyectos colectivos anteriormente, sent\u00eda que era el momento indicado para apropiarse de su m\u00fasica y lanzarse de forma independiente.<\/p>\n\n\n\n<h2 class=\"wp-block-heading\"><strong>2. Tu nuevo sencillo <em>\u201cPasado Pasado\u201d<\/em> habla de cerrar ciclos con madurez. \u00bfDe qu\u00e9 forma refleja esta canci\u00f3n tu propio proceso de transformaci\u00f3n?<\/strong><\/h2>\n\n\n\n<p>Para \u00e9l, <em>Pasado Pasado<\/em> representa la necesidad de soltar relaciones o ideas a las que uno suele aferrarse. La canci\u00f3n habla de cerrar ciclos desde un lugar emocionalmente sano, desde la paz y la gratitud.<\/p>\n\n\n\n<h2 class=\"wp-block-heading\"><strong>3. Este tema fue producido por Benjam\u00edn D\u00edaz, un nombre muy fuerte en la industria. \u00bfC\u00f3mo fue trabajar con \u00e9l y qu\u00e9 aport\u00f3 a esta nueva etapa sonora?<\/strong><\/h2>\n\n\n\n<p>C\u00e9sar comparti\u00f3 que trabajar con Benjam\u00edn fue determinante. Aunque el proyecto originalmente estaba m\u00e1s orientado al regional mexicano, \u00e9l no se sent\u00eda completamente identificado. Benjam\u00edn lo apoy\u00f3 y juntos encontraron un equilibrio que refleja mejor su esencia, fusionando el pop con lo regional de manera aut\u00e9ntica.<\/p>\n\n\n\n<h2 class=\"wp-block-heading\"><strong>4. Has sido parte de proyectos muy distintos entre s\u00ed: Kvork, Tierra Venus, Voyz Collective&#8230; \u00bfQu\u00e9 aprendiste de cada uno y c\u00f3mo influye eso hoy en tu identidad como artista?<\/strong><\/h2>\n\n\n\n<p>Seg\u00fan Porto, cada uno de esos proyectos fue una escuela en la que aprendi\u00f3 sobre composici\u00f3n, producci\u00f3n, distribuci\u00f3n y el funcionamiento de la industria musical. Esa experiencia ahora le permite tomar decisiones con mayor claridad sobre su propio camino.<\/p>\n\n\n\n<h2 class=\"wp-block-heading\"><strong>5. En tu trayectoria has entrenado a artistas reconocidos. \u00bfC\u00f3mo ha sido para ti pasar de vocal coach a estar al frente del escenario con un proyecto tan \u00edntimo?<\/strong><\/h2>\n\n\n\n<p>Aunque disfruta profundamente el trabajo de coach vocal y acompa\u00f1ar a otros en su desarrollo, C\u00e9sar admiti\u00f3 que nada se compara con estar al frente del escenario interpretando su propia m\u00fasica. Cantar sigue siendo su mayor pasi\u00f3n.<\/p>\n\n\n<div class=\"wp-block-image\">\n<figure class=\"aligncenter size-large\"><img data-recalc-dims=\"1\" decoding=\"async\" width=\"1024\" height=\"682\" src=\"https:\/\/i0.wp.com\/zeromagazine.mx\/wp-content\/uploads\/2025\/06\/WhatsApp-Image-2025-06-24-at-1.14.35-PM-1-1024x682.jpeg?resize=1024%2C682&#038;ssl=1\" alt=\"\" class=\"wp-image-106381\" srcset=\"https:\/\/i0.wp.com\/zeromagazine.mx\/wp-content\/uploads\/2025\/06\/WhatsApp-Image-2025-06-24-at-1.14.35-PM-1.jpeg?resize=1024%2C682&amp;ssl=1 1024w, https:\/\/i0.wp.com\/zeromagazine.mx\/wp-content\/uploads\/2025\/06\/WhatsApp-Image-2025-06-24-at-1.14.35-PM-1.jpeg?resize=300%2C200&amp;ssl=1 300w, https:\/\/i0.wp.com\/zeromagazine.mx\/wp-content\/uploads\/2025\/06\/WhatsApp-Image-2025-06-24-at-1.14.35-PM-1.jpeg?resize=768%2C512&amp;ssl=1 768w, https:\/\/i0.wp.com\/zeromagazine.mx\/wp-content\/uploads\/2025\/06\/WhatsApp-Image-2025-06-24-at-1.14.35-PM-1.jpeg?resize=1536%2C1023&amp;ssl=1 1536w, https:\/\/i0.wp.com\/zeromagazine.mx\/wp-content\/uploads\/2025\/06\/WhatsApp-Image-2025-06-24-at-1.14.35-PM-1.jpeg?w=1600&amp;ssl=1 1600w\" sizes=\"(max-width: 1024px) 100vw, 1024px\" \/><\/figure>\n<\/div>\n\n\n<h2 class=\"wp-block-heading\"><strong>6. \u00bfQu\u00e9 retos enfrentaste al atravesar un proceso de salud vocal y c\u00f3mo ese obst\u00e1culo te fortaleci\u00f3 creativamente?<\/strong><\/h2>\n\n\n\n<p>Relat\u00f3 que el proceso fue dif\u00edcil: tuvo que guardar silencio durante 21 d\u00edas y someterse a tratamientos m\u00e9dicos. Sin embargo, esa pausa lo ayud\u00f3 a reconocer que su valor va m\u00e1s all\u00e1 de la voz. Fue un proceso transformador que marc\u00f3 el inicio de esta nueva etapa.<\/p>\n\n\n\n<h2 class=\"wp-block-heading\"><strong>7. <em>Pasado Pasado<\/em> tiene un mensaje universal, tanto que cualquiera puede cantarlo. \u00bfC\u00f3mo lograste que una historia tan personal se volviera tan inclusiva?<\/strong><\/h2>\n\n\n\n<p>La canci\u00f3n fue escrita junto a Benjam\u00edn y San Juan con la intenci\u00f3n de que cualquier persona pudiera sentirse identificada, sin importar su g\u00e9nero o identidad. Para C\u00e9sar, la empat\u00eda y la madurez emocional fueron las claves para lograr esa universalidad.<\/p>\n\n\n\n<h2 class=\"wp-block-heading\"><strong>8. Visualmente tambi\u00e9n das un paso importante: el videoclip muestra una narrativa muy simb\u00f3lica. \u00bfQu\u00e9 quer\u00edas transmitir, especialmente con ese juego entre deseo, p\u00e9rdida y elecci\u00f3n?<\/strong><\/h2>\n\n\n\n<p>Explic\u00f3 que el video presenta tres escenarios simb\u00f3licos: el agua representa el recuerdo, el vapor la confusi\u00f3n emocional, y el bar las nuevas posibilidades que surgen despu\u00e9s de una ruptura. Sin embargo, el personaje del video elige no interactuar con esas nuevas opciones, reflejando el duelo y la nostalgia por un v\u00ednculo que no pudo ser.<\/p>\n\n\n\n<h2 class=\"wp-block-heading\"><strong>9. \u00bfQu\u00e9 representa para ti este cambio y crees que conecta m\u00e1s con el p\u00fablico actual?<\/strong><\/h2>\n\n\n\n<p>C\u00e9sar considera que este cambio representa liberarse de las expectativas ajenas para hacer, por fin, lo que realmente desea. Cree que esa honestidad y autenticidad conectan profundamente con el p\u00fablico, porque cuando se siente lo que se canta, se transmite con verdad.<\/p>\n\n\n\n<h2 class=\"wp-block-heading\"><strong>10. C\u00e9sar, si tu voz pudiera hablarle al \u201ct\u00fa\u201d del pasado que apenas so\u00f1aba con dedicarse a la m\u00fasica, \u00bfqu\u00e9 le dir\u00edas hoy?<\/strong><\/h2>\n\n\n\n<p>Con convicci\u00f3n, respondi\u00f3 que le dir\u00eda que, aunque el camino ser\u00eda complicado, las oportunidades llegar\u00edan. Y cuando eso ocurriera, habr\u00eda que tomarlas sin miedo y avanzar con decisi\u00f3n.<\/p>\n\n\n\n<h2 class=\"wp-block-heading\"><strong>M\u00e1s que m\u00fasica, es identidad<\/strong><\/h2>\n\n\n\n<p>Con <em>\u201cPasado Pasado\u201d<\/em>, C\u00e9sar Porto no solo presenta una canci\u00f3n, sino una declaraci\u00f3n de identidad y evoluci\u00f3n. Esc\u00fachala ya en todas las <a href=\"https:\/\/orcd.co\/pasadopasado\">plataformas digitales <\/a>y acompa\u00f1a este nuevo cap\u00edtulo de su carrera.<\/p>\n\n\n\n<p>Y si quieres conocer m\u00e1s novedades de entretenimiento entra a <a href=\"https:\/\/zeromagazine.mx\/\">zeromagazine.mx<\/a><\/p>\n\n\n\n<script async src=\"https:\/\/pagead2.googlesyndication.com\/pagead\/js\/adsbygoogle.js?client=ca-pub-5499304793904745\"\n     crossorigin=\"anonymous\"><\/script>\n<ins class=\"adsbygoogle\"\n     style=\"display:block; text-align:center;\"\n     data-ad-layout=\"in-article\"\n     data-ad-format=\"fluid\"\n     data-ad-client=\"ca-pub-5499304793904745\"\n     data-ad-slot=\"5994863093\"><\/ins>\n<script>\n     (adsbygoogle = window.adsbygoogle || []).push({});\n<\/script>\n\n<!--themify_builder_content-->\n<div id=\"themify_builder_content-106380\" data-postid=\"106380\" class=\"themify_builder_content themify_builder_content-106380 themify_builder tf_clear\">\n    <\/div>\n<!--\/themify_builder_content-->","protected":false},"excerpt":{"rendered":"<p>C\u00e9sar Porto inicia una nueva etapa como solista con \u201cPasado Pasado\u201d, una canci\u00f3n que marca su regreso tras un proceso de transformaci\u00f3n vocal y personal. Con m\u00e1s de 15 a\u00f1os de carrera, el cantante presenta un sonido aut\u00e9ntico que fusiona pop y regional, y un mensaje profundo sobre cerrar ciclos con dignidad. 1. C\u00e9sar, tienes [&hellip;]<\/p>\n","protected":false},"author":4,"featured_media":106382,"comment_status":"open","ping_status":"open","sticky":false,"template":"","format":"standard","meta":{"_jetpack_memberships_contains_paid_content":false,"footnotes":"","jetpack_publicize_message":"","jetpack_publicize_feature_enabled":true,"jetpack_social_post_already_shared":true,"jetpack_social_options":{"image_generator_settings":{"template":"highway","default_image_id":0,"font":"","enabled":false},"version":2}},"categories":[117],"tags":[14071,14070],"class_list":["post-106380","post","type-post","status-publish","format-standard","has-post-thumbnail","hentry","category-entretenimiento","tag-cesar-porto","tag-pasado-pasado","has-post-title","has-post-date","has-post-category","has-post-tag","has-post-comment","has-post-author",""],"yoast_head":"<!-- This site is optimized with the Yoast SEO plugin v27.5 - https:\/\/yoast.com\/product\/yoast-seo-wordpress\/ -->\n<title>C\u00e9sar Porto encuentra su voz m\u00e1s aut\u00e9ntica en \u201cPasado Pasado\u201d - Zero Magazine<\/title>\n<meta name=\"description\" content=\"C\u00e9sar Porto nos cuenta los detalles de su carrera y su nuevo sencillo &quot;Pasado, pasado&quot;. Descubre los detalles\" \/>\n<meta name=\"robots\" content=\"index, follow, max-snippet:-1, max-image-preview:large, max-video-preview:-1\" \/>\n<link rel=\"canonical\" href=\"https:\/\/zeromagazine.mx\/index.php\/2025\/06\/26\/cesar-porto-encuentra-su-vox-mas-autentica-en-pasado-pasado\/\" \/>\n<meta property=\"og:locale\" content=\"es_ES\" \/>\n<meta property=\"og:type\" content=\"article\" \/>\n<meta property=\"og:title\" content=\"C\u00e9sar Porto encuentra su voz m\u00e1s aut\u00e9ntica en \u201cPasado Pasado\u201d - Zero Magazine\" \/>\n<meta property=\"og:description\" content=\"C\u00e9sar Porto nos cuenta los detalles de su carrera y su nuevo sencillo &quot;Pasado, pasado&quot;. Descubre los detalles\" \/>\n<meta property=\"og:url\" content=\"https:\/\/zeromagazine.mx\/index.php\/2025\/06\/26\/cesar-porto-encuentra-su-vox-mas-autentica-en-pasado-pasado\/\" \/>\n<meta property=\"og:site_name\" content=\"Zero Magazine\" \/>\n<meta property=\"article:published_time\" content=\"2025-06-27T01:10:23+00:00\" \/>\n<meta property=\"article:modified_time\" content=\"2025-06-27T01:10:24+00:00\" \/>\n<meta property=\"og:image\" content=\"http:\/\/zeromagazine.mx\/wp-content\/uploads\/2025\/06\/WhatsApp-Image-2025-06-24-at-1.14.35-PM.jpeg\" \/>\n\t<meta property=\"og:image:width\" content=\"1600\" \/>\n\t<meta property=\"og:image:height\" content=\"1066\" \/>\n\t<meta property=\"og:image:type\" content=\"image\/jpeg\" \/>\n<meta name=\"author\" content=\"David Morales\" \/>\n<meta name=\"twitter:card\" content=\"summary_large_image\" \/>\n<meta name=\"twitter:label1\" content=\"Escrito por\" \/>\n\t<meta name=\"twitter:data1\" content=\"David Morales\" \/>\n\t<meta name=\"twitter:label2\" content=\"Tiempo de lectura\" \/>\n\t<meta name=\"twitter:data2\" content=\"4 minutos\" \/>\n<script type=\"application\/ld+json\" class=\"yoast-schema-graph\">{\"@context\":\"https:\\\/\\\/schema.org\",\"@graph\":[{\"@type\":\"Article\",\"@id\":\"https:\\\/\\\/zeromagazine.mx\\\/index.php\\\/2025\\\/06\\\/26\\\/cesar-porto-encuentra-su-vox-mas-autentica-en-pasado-pasado\\\/#article\",\"isPartOf\":{\"@id\":\"https:\\\/\\\/zeromagazine.mx\\\/index.php\\\/2025\\\/06\\\/26\\\/cesar-porto-encuentra-su-vox-mas-autentica-en-pasado-pasado\\\/\"},\"author\":{\"name\":\"David Morales\",\"@id\":\"https:\\\/\\\/zeromagazine.mx\\\/#\\\/schema\\\/person\\\/9f7f1a17c60ba8e9980e3e6677aabe5a\"},\"headline\":\"C\u00e9sar Porto encuentra su voz m\u00e1s aut\u00e9ntica en \u201cPasado Pasado\u201d\",\"datePublished\":\"2025-06-27T01:10:23+00:00\",\"dateModified\":\"2025-06-27T01:10:24+00:00\",\"mainEntityOfPage\":{\"@id\":\"https:\\\/\\\/zeromagazine.mx\\\/index.php\\\/2025\\\/06\\\/26\\\/cesar-porto-encuentra-su-vox-mas-autentica-en-pasado-pasado\\\/\"},\"wordCount\":839,\"commentCount\":0,\"publisher\":{\"@id\":\"https:\\\/\\\/zeromagazine.mx\\\/#organization\"},\"image\":{\"@id\":\"https:\\\/\\\/zeromagazine.mx\\\/index.php\\\/2025\\\/06\\\/26\\\/cesar-porto-encuentra-su-vox-mas-autentica-en-pasado-pasado\\\/#primaryimage\"},\"thumbnailUrl\":\"https:\\\/\\\/i0.wp.com\\\/zeromagazine.mx\\\/wp-content\\\/uploads\\\/2025\\\/06\\\/WhatsApp-Image-2025-06-24-at-1.14.35-PM.jpeg?fit=1600%2C1066&ssl=1\",\"keywords\":[\"C\u00e9sar Porto\",\"Pasado Pasado\"],\"articleSection\":[\"Entretenimiento\"],\"inLanguage\":\"es\",\"potentialAction\":[{\"@type\":\"CommentAction\",\"name\":\"Comment\",\"target\":[\"https:\\\/\\\/zeromagazine.mx\\\/index.php\\\/2025\\\/06\\\/26\\\/cesar-porto-encuentra-su-vox-mas-autentica-en-pasado-pasado\\\/#respond\"]}]},{\"@type\":\"WebPage\",\"@id\":\"https:\\\/\\\/zeromagazine.mx\\\/index.php\\\/2025\\\/06\\\/26\\\/cesar-porto-encuentra-su-vox-mas-autentica-en-pasado-pasado\\\/\",\"url\":\"https:\\\/\\\/zeromagazine.mx\\\/index.php\\\/2025\\\/06\\\/26\\\/cesar-porto-encuentra-su-vox-mas-autentica-en-pasado-pasado\\\/\",\"name\":\"C\u00e9sar Porto encuentra su voz m\u00e1s aut\u00e9ntica en \u201cPasado Pasado\u201d - Zero Magazine\",\"isPartOf\":{\"@id\":\"https:\\\/\\\/zeromagazine.mx\\\/#website\"},\"primaryImageOfPage\":{\"@id\":\"https:\\\/\\\/zeromagazine.mx\\\/index.php\\\/2025\\\/06\\\/26\\\/cesar-porto-encuentra-su-vox-mas-autentica-en-pasado-pasado\\\/#primaryimage\"},\"image\":{\"@id\":\"https:\\\/\\\/zeromagazine.mx\\\/index.php\\\/2025\\\/06\\\/26\\\/cesar-porto-encuentra-su-vox-mas-autentica-en-pasado-pasado\\\/#primaryimage\"},\"thumbnailUrl\":\"https:\\\/\\\/i0.wp.com\\\/zeromagazine.mx\\\/wp-content\\\/uploads\\\/2025\\\/06\\\/WhatsApp-Image-2025-06-24-at-1.14.35-PM.jpeg?fit=1600%2C1066&ssl=1\",\"datePublished\":\"2025-06-27T01:10:23+00:00\",\"dateModified\":\"2025-06-27T01:10:24+00:00\",\"description\":\"C\u00e9sar Porto nos cuenta los detalles de su carrera y su nuevo sencillo \\\"Pasado, pasado\\\". Descubre los detalles\",\"breadcrumb\":{\"@id\":\"https:\\\/\\\/zeromagazine.mx\\\/index.php\\\/2025\\\/06\\\/26\\\/cesar-porto-encuentra-su-vox-mas-autentica-en-pasado-pasado\\\/#breadcrumb\"},\"inLanguage\":\"es\",\"potentialAction\":[{\"@type\":\"ReadAction\",\"target\":[\"https:\\\/\\\/zeromagazine.mx\\\/index.php\\\/2025\\\/06\\\/26\\\/cesar-porto-encuentra-su-vox-mas-autentica-en-pasado-pasado\\\/\"]}]},{\"@type\":\"ImageObject\",\"inLanguage\":\"es\",\"@id\":\"https:\\\/\\\/zeromagazine.mx\\\/index.php\\\/2025\\\/06\\\/26\\\/cesar-porto-encuentra-su-vox-mas-autentica-en-pasado-pasado\\\/#primaryimage\",\"url\":\"https:\\\/\\\/i0.wp.com\\\/zeromagazine.mx\\\/wp-content\\\/uploads\\\/2025\\\/06\\\/WhatsApp-Image-2025-06-24-at-1.14.35-PM.jpeg?fit=1600%2C1066&ssl=1\",\"contentUrl\":\"https:\\\/\\\/i0.wp.com\\\/zeromagazine.mx\\\/wp-content\\\/uploads\\\/2025\\\/06\\\/WhatsApp-Image-2025-06-24-at-1.14.35-PM.jpeg?fit=1600%2C1066&ssl=1\",\"width\":1600,\"height\":1066},{\"@type\":\"BreadcrumbList\",\"@id\":\"https:\\\/\\\/zeromagazine.mx\\\/index.php\\\/2025\\\/06\\\/26\\\/cesar-porto-encuentra-su-vox-mas-autentica-en-pasado-pasado\\\/#breadcrumb\",\"itemListElement\":[{\"@type\":\"ListItem\",\"position\":1,\"name\":\"Portada\",\"item\":\"https:\\\/\\\/zeromagazine.mx\\\/\"},{\"@type\":\"ListItem\",\"position\":2,\"name\":\"C\u00e9sar Porto encuentra su voz m\u00e1s aut\u00e9ntica en \u201cPasado Pasado\u201d\"}]},{\"@type\":\"WebSite\",\"@id\":\"https:\\\/\\\/zeromagazine.mx\\\/#website\",\"url\":\"https:\\\/\\\/zeromagazine.mx\\\/\",\"name\":\"Zero Magazine\",\"description\":\"\",\"publisher\":{\"@id\":\"https:\\\/\\\/zeromagazine.mx\\\/#organization\"},\"potentialAction\":[{\"@type\":\"SearchAction\",\"target\":{\"@type\":\"EntryPoint\",\"urlTemplate\":\"https:\\\/\\\/zeromagazine.mx\\\/?s={search_term_string}\"},\"query-input\":{\"@type\":\"PropertyValueSpecification\",\"valueRequired\":true,\"valueName\":\"search_term_string\"}}],\"inLanguage\":\"es\"},{\"@type\":\"Organization\",\"@id\":\"https:\\\/\\\/zeromagazine.mx\\\/#organization\",\"name\":\"Zero Magazine\",\"url\":\"https:\\\/\\\/zeromagazine.mx\\\/\",\"logo\":{\"@type\":\"ImageObject\",\"inLanguage\":\"es\",\"@id\":\"https:\\\/\\\/zeromagazine.mx\\\/#\\\/schema\\\/logo\\\/image\\\/\",\"url\":\"https:\\\/\\\/i0.wp.com\\\/zeromagazine.mx\\\/wp-content\\\/uploads\\\/2025\\\/11\\\/1.jpeg?fit=1000%2C1000&ssl=1\",\"contentUrl\":\"https:\\\/\\\/i0.wp.com\\\/zeromagazine.mx\\\/wp-content\\\/uploads\\\/2025\\\/11\\\/1.jpeg?fit=1000%2C1000&ssl=1\",\"width\":1000,\"height\":1000,\"caption\":\"Zero Magazine\"},\"image\":{\"@id\":\"https:\\\/\\\/zeromagazine.mx\\\/#\\\/schema\\\/logo\\\/image\\\/\"},\"sameAs\":[\"https:\\\/\\\/instagram.com\\\/zeromagazinemx\"]},{\"@type\":\"Person\",\"@id\":\"https:\\\/\\\/zeromagazine.mx\\\/#\\\/schema\\\/person\\\/9f7f1a17c60ba8e9980e3e6677aabe5a\",\"name\":\"David Morales\",\"image\":{\"@type\":\"ImageObject\",\"inLanguage\":\"es\",\"@id\":\"https:\\\/\\\/zeromagazine.mx\\\/wp-content\\\/litespeed\\\/avatar\\\/76069d2136bfc1c37dc34815bb67ca42.jpg?ver=1777571067\",\"url\":\"https:\\\/\\\/zeromagazine.mx\\\/wp-content\\\/litespeed\\\/avatar\\\/76069d2136bfc1c37dc34815bb67ca42.jpg?ver=1777571067\",\"contentUrl\":\"https:\\\/\\\/zeromagazine.mx\\\/wp-content\\\/litespeed\\\/avatar\\\/76069d2136bfc1c37dc34815bb67ca42.jpg?ver=1777571067\",\"caption\":\"David Morales\"},\"url\":\"https:\\\/\\\/zeromagazine.mx\\\/index.php\\\/author\\\/david\\\/\"}]}<\/script>\n<!-- \/ Yoast SEO plugin. -->","yoast_head_json":{"title":"C\u00e9sar Porto encuentra su voz m\u00e1s aut\u00e9ntica en \u201cPasado Pasado\u201d - Zero Magazine","description":"C\u00e9sar Porto nos cuenta los detalles de su carrera y su nuevo sencillo \"Pasado, pasado\". Descubre los detalles","robots":{"index":"index","follow":"follow","max-snippet":"max-snippet:-1","max-image-preview":"max-image-preview:large","max-video-preview":"max-video-preview:-1"},"canonical":"https:\/\/zeromagazine.mx\/index.php\/2025\/06\/26\/cesar-porto-encuentra-su-vox-mas-autentica-en-pasado-pasado\/","og_locale":"es_ES","og_type":"article","og_title":"C\u00e9sar Porto encuentra su voz m\u00e1s aut\u00e9ntica en \u201cPasado Pasado\u201d - Zero Magazine","og_description":"C\u00e9sar Porto nos cuenta los detalles de su carrera y su nuevo sencillo \"Pasado, pasado\". Descubre los detalles","og_url":"https:\/\/zeromagazine.mx\/index.php\/2025\/06\/26\/cesar-porto-encuentra-su-vox-mas-autentica-en-pasado-pasado\/","og_site_name":"Zero Magazine","article_published_time":"2025-06-27T01:10:23+00:00","article_modified_time":"2025-06-27T01:10:24+00:00","og_image":[{"width":1600,"height":1066,"url":"http:\/\/zeromagazine.mx\/wp-content\/uploads\/2025\/06\/WhatsApp-Image-2025-06-24-at-1.14.35-PM.jpeg","type":"image\/jpeg"}],"author":"David Morales","twitter_card":"summary_large_image","twitter_misc":{"Escrito por":"David Morales","Tiempo de lectura":"4 minutos"},"schema":{"@context":"https:\/\/schema.org","@graph":[{"@type":"Article","@id":"https:\/\/zeromagazine.mx\/index.php\/2025\/06\/26\/cesar-porto-encuentra-su-vox-mas-autentica-en-pasado-pasado\/#article","isPartOf":{"@id":"https:\/\/zeromagazine.mx\/index.php\/2025\/06\/26\/cesar-porto-encuentra-su-vox-mas-autentica-en-pasado-pasado\/"},"author":{"name":"David Morales","@id":"https:\/\/zeromagazine.mx\/#\/schema\/person\/9f7f1a17c60ba8e9980e3e6677aabe5a"},"headline":"C\u00e9sar Porto encuentra su voz m\u00e1s aut\u00e9ntica en \u201cPasado Pasado\u201d","datePublished":"2025-06-27T01:10:23+00:00","dateModified":"2025-06-27T01:10:24+00:00","mainEntityOfPage":{"@id":"https:\/\/zeromagazine.mx\/index.php\/2025\/06\/26\/cesar-porto-encuentra-su-vox-mas-autentica-en-pasado-pasado\/"},"wordCount":839,"commentCount":0,"publisher":{"@id":"https:\/\/zeromagazine.mx\/#organization"},"image":{"@id":"https:\/\/zeromagazine.mx\/index.php\/2025\/06\/26\/cesar-porto-encuentra-su-vox-mas-autentica-en-pasado-pasado\/#primaryimage"},"thumbnailUrl":"https:\/\/i0.wp.com\/zeromagazine.mx\/wp-content\/uploads\/2025\/06\/WhatsApp-Image-2025-06-24-at-1.14.35-PM.jpeg?fit=1600%2C1066&ssl=1","keywords":["C\u00e9sar Porto","Pasado Pasado"],"articleSection":["Entretenimiento"],"inLanguage":"es","potentialAction":[{"@type":"CommentAction","name":"Comment","target":["https:\/\/zeromagazine.mx\/index.php\/2025\/06\/26\/cesar-porto-encuentra-su-vox-mas-autentica-en-pasado-pasado\/#respond"]}]},{"@type":"WebPage","@id":"https:\/\/zeromagazine.mx\/index.php\/2025\/06\/26\/cesar-porto-encuentra-su-vox-mas-autentica-en-pasado-pasado\/","url":"https:\/\/zeromagazine.mx\/index.php\/2025\/06\/26\/cesar-porto-encuentra-su-vox-mas-autentica-en-pasado-pasado\/","name":"C\u00e9sar Porto encuentra su voz m\u00e1s aut\u00e9ntica en \u201cPasado Pasado\u201d - Zero Magazine","isPartOf":{"@id":"https:\/\/zeromagazine.mx\/#website"},"primaryImageOfPage":{"@id":"https:\/\/zeromagazine.mx\/index.php\/2025\/06\/26\/cesar-porto-encuentra-su-vox-mas-autentica-en-pasado-pasado\/#primaryimage"},"image":{"@id":"https:\/\/zeromagazine.mx\/index.php\/2025\/06\/26\/cesar-porto-encuentra-su-vox-mas-autentica-en-pasado-pasado\/#primaryimage"},"thumbnailUrl":"https:\/\/i0.wp.com\/zeromagazine.mx\/wp-content\/uploads\/2025\/06\/WhatsApp-Image-2025-06-24-at-1.14.35-PM.jpeg?fit=1600%2C1066&ssl=1","datePublished":"2025-06-27T01:10:23+00:00","dateModified":"2025-06-27T01:10:24+00:00","description":"C\u00e9sar Porto nos cuenta los detalles de su carrera y su nuevo sencillo \"Pasado, pasado\". Descubre los detalles","breadcrumb":{"@id":"https:\/\/zeromagazine.mx\/index.php\/2025\/06\/26\/cesar-porto-encuentra-su-vox-mas-autentica-en-pasado-pasado\/#breadcrumb"},"inLanguage":"es","potentialAction":[{"@type":"ReadAction","target":["https:\/\/zeromagazine.mx\/index.php\/2025\/06\/26\/cesar-porto-encuentra-su-vox-mas-autentica-en-pasado-pasado\/"]}]},{"@type":"ImageObject","inLanguage":"es","@id":"https:\/\/zeromagazine.mx\/index.php\/2025\/06\/26\/cesar-porto-encuentra-su-vox-mas-autentica-en-pasado-pasado\/#primaryimage","url":"https:\/\/i0.wp.com\/zeromagazine.mx\/wp-content\/uploads\/2025\/06\/WhatsApp-Image-2025-06-24-at-1.14.35-PM.jpeg?fit=1600%2C1066&ssl=1","contentUrl":"https:\/\/i0.wp.com\/zeromagazine.mx\/wp-content\/uploads\/2025\/06\/WhatsApp-Image-2025-06-24-at-1.14.35-PM.jpeg?fit=1600%2C1066&ssl=1","width":1600,"height":1066},{"@type":"BreadcrumbList","@id":"https:\/\/zeromagazine.mx\/index.php\/2025\/06\/26\/cesar-porto-encuentra-su-vox-mas-autentica-en-pasado-pasado\/#breadcrumb","itemListElement":[{"@type":"ListItem","position":1,"name":"Portada","item":"https:\/\/zeromagazine.mx\/"},{"@type":"ListItem","position":2,"name":"C\u00e9sar Porto encuentra su voz m\u00e1s aut\u00e9ntica en \u201cPasado Pasado\u201d"}]},{"@type":"WebSite","@id":"https:\/\/zeromagazine.mx\/#website","url":"https:\/\/zeromagazine.mx\/","name":"Zero Magazine","description":"","publisher":{"@id":"https:\/\/zeromagazine.mx\/#organization"},"potentialAction":[{"@type":"SearchAction","target":{"@type":"EntryPoint","urlTemplate":"https:\/\/zeromagazine.mx\/?s={search_term_string}"},"query-input":{"@type":"PropertyValueSpecification","valueRequired":true,"valueName":"search_term_string"}}],"inLanguage":"es"},{"@type":"Organization","@id":"https:\/\/zeromagazine.mx\/#organization","name":"Zero Magazine","url":"https:\/\/zeromagazine.mx\/","logo":{"@type":"ImageObject","inLanguage":"es","@id":"https:\/\/zeromagazine.mx\/#\/schema\/logo\/image\/","url":"https:\/\/i0.wp.com\/zeromagazine.mx\/wp-content\/uploads\/2025\/11\/1.jpeg?fit=1000%2C1000&ssl=1","contentUrl":"https:\/\/i0.wp.com\/zeromagazine.mx\/wp-content\/uploads\/2025\/11\/1.jpeg?fit=1000%2C1000&ssl=1","width":1000,"height":1000,"caption":"Zero Magazine"},"image":{"@id":"https:\/\/zeromagazine.mx\/#\/schema\/logo\/image\/"},"sameAs":["https:\/\/instagram.com\/zeromagazinemx"]},{"@type":"Person","@id":"https:\/\/zeromagazine.mx\/#\/schema\/person\/9f7f1a17c60ba8e9980e3e6677aabe5a","name":"David Morales","image":{"@type":"ImageObject","inLanguage":"es","@id":"https:\/\/zeromagazine.mx\/wp-content\/litespeed\/avatar\/76069d2136bfc1c37dc34815bb67ca42.jpg?ver=1777571067","url":"https:\/\/zeromagazine.mx\/wp-content\/litespeed\/avatar\/76069d2136bfc1c37dc34815bb67ca42.jpg?ver=1777571067","contentUrl":"https:\/\/zeromagazine.mx\/wp-content\/litespeed\/avatar\/76069d2136bfc1c37dc34815bb67ca42.jpg?ver=1777571067","caption":"David Morales"},"url":"https:\/\/zeromagazine.mx\/index.php\/author\/david\/"}]}},"jetpack_publicize_connections":[],"jetpack_featured_media_url":"https:\/\/i0.wp.com\/zeromagazine.mx\/wp-content\/uploads\/2025\/06\/WhatsApp-Image-2025-06-24-at-1.14.35-PM.jpeg?fit=1600%2C1066&ssl=1","jetpack-related-posts":[{"id":106925,"url":"https:\/\/zeromagazine.mx\/index.php\/2025\/07\/21\/cesar-porto-encuentra-su-voz-mas-autentica-en-pasado-pasado\/","url_meta":{"origin":106380,"position":0},"title":"C\u00e9sar Porto encuentra su voz m\u00e1s aut\u00e9ntica en \u201cPasado\u00a0Pasado\u201d","author":"David Morales","date":"21 de julio de 2025","format":false,"excerpt":"C\u00e9sar Porto inicia una nueva etapa como solista con\u00a0\u201cPasado\u00a0Pasado\u201d, una canci\u00f3n que marca su regreso tras un proceso de transformaci\u00f3n vocal y personal. Con m\u00e1s de 15 a\u00f1os de carrera, el cantante presenta un sonido aut\u00e9ntico que fusiona pop y regional, y un mensaje profundo sobre cerrar ciclos con dignidad.\u2026","rel":"","context":"En \u00abBlog\u00bb","block_context":{"text":"Blog","link":"https:\/\/zeromagazine.mx\/index.php\/category\/blog\/"},"img":{"alt_text":"","src":"https:\/\/i0.wp.com\/zeromagazine.mx\/wp-content\/uploads\/2025\/07\/WhatsApp-Image-2025-06-24-at-1.14.35-PM.jpeg?fit=1200%2C800&ssl=1&resize=350%2C200","width":350,"height":200,"srcset":"https:\/\/i0.wp.com\/zeromagazine.mx\/wp-content\/uploads\/2025\/07\/WhatsApp-Image-2025-06-24-at-1.14.35-PM.jpeg?fit=1200%2C800&ssl=1&resize=350%2C200 1x, https:\/\/i0.wp.com\/zeromagazine.mx\/wp-content\/uploads\/2025\/07\/WhatsApp-Image-2025-06-24-at-1.14.35-PM.jpeg?fit=1200%2C800&ssl=1&resize=525%2C300 1.5x, https:\/\/i0.wp.com\/zeromagazine.mx\/wp-content\/uploads\/2025\/07\/WhatsApp-Image-2025-06-24-at-1.14.35-PM.jpeg?fit=1200%2C800&ssl=1&resize=700%2C400 2x, https:\/\/i0.wp.com\/zeromagazine.mx\/wp-content\/uploads\/2025\/07\/WhatsApp-Image-2025-06-24-at-1.14.35-PM.jpeg?fit=1200%2C800&ssl=1&resize=1050%2C600 3x"},"classes":[]},{"id":98810,"url":"https:\/\/zeromagazine.mx\/index.php\/2025\/03\/14\/massimo-ferrara-y-su-pasion-italiana-por-la-bachata\/","url_meta":{"origin":106380,"position":1},"title":"Massimo Ferrara: La pasi\u00f3n italiana a ritmo de bachata","author":"David Morales","date":"14 de marzo de 2025","format":false,"excerpt":"Desde su llegada a M\u00e9xico, el cantante y bailar\u00edn italiano Massimo Ferrara ha demostrado que la m\u00fasica no conoce fronteras. Con una formaci\u00f3n en teatro musical y una pasi\u00f3n inquebrantable por los ritmos latinos, Ferrara ha ido trazando su camino en la industria con un sonido fresco que fusiona lo\u2026","rel":"","context":"En \u00abPortada\u00bb","block_context":{"text":"Portada","link":"https:\/\/zeromagazine.mx\/index.php\/category\/portada\/"},"img":{"alt_text":"","src":"https:\/\/i0.wp.com\/zeromagazine.mx\/wp-content\/uploads\/2025\/03\/IMG_3777-scaled.jpeg?fit=927%2C1200&ssl=1&resize=350%2C200","width":350,"height":200,"srcset":"https:\/\/i0.wp.com\/zeromagazine.mx\/wp-content\/uploads\/2025\/03\/IMG_3777-scaled.jpeg?fit=927%2C1200&ssl=1&resize=350%2C200 1x, https:\/\/i0.wp.com\/zeromagazine.mx\/wp-content\/uploads\/2025\/03\/IMG_3777-scaled.jpeg?fit=927%2C1200&ssl=1&resize=525%2C300 1.5x, https:\/\/i0.wp.com\/zeromagazine.mx\/wp-content\/uploads\/2025\/03\/IMG_3777-scaled.jpeg?fit=927%2C1200&ssl=1&resize=700%2C400 2x"},"classes":[]},{"id":97807,"url":"https:\/\/zeromagazine.mx\/index.php\/2025\/02\/28\/jangel-un-nuevo-comienzo-una-nueva-voz\/","url_meta":{"origin":106380,"position":2},"title":"Jangel: Un nuevo comienzo, una nueva voz","author":"David Morales","date":"28 de febrero de 2025","format":false,"excerpt":"Desde peque\u00f1o, Jangel sinti\u00f3 que la m\u00fasica era su destino. Su camino ha estado marcado por concursos, presentaciones en escenarios ic\u00f3nicos y una etapa junto a SOMOS MIA que le dej\u00f3 grandes aprendizajes. Ahora, inicia un nuevo cap\u00edtulo como solista, donde busca conectar con su p\u00fablico a trav\u00e9s de letras\u2026","rel":"","context":"En \u00abPortada\u00bb","block_context":{"text":"Portada","link":"https:\/\/zeromagazine.mx\/index.php\/category\/portada\/"},"img":{"alt_text":"","src":"https:\/\/i0.wp.com\/zeromagazine.mx\/wp-content\/uploads\/2025\/02\/IMG_3568-scaled.jpeg?fit=927%2C1200&ssl=1&resize=350%2C200","width":350,"height":200,"srcset":"https:\/\/i0.wp.com\/zeromagazine.mx\/wp-content\/uploads\/2025\/02\/IMG_3568-scaled.jpeg?fit=927%2C1200&ssl=1&resize=350%2C200 1x, https:\/\/i0.wp.com\/zeromagazine.mx\/wp-content\/uploads\/2025\/02\/IMG_3568-scaled.jpeg?fit=927%2C1200&ssl=1&resize=525%2C300 1.5x, https:\/\/i0.wp.com\/zeromagazine.mx\/wp-content\/uploads\/2025\/02\/IMG_3568-scaled.jpeg?fit=927%2C1200&ssl=1&resize=700%2C400 2x"},"classes":[]},{"id":95945,"url":"https:\/\/zeromagazine.mx\/index.php\/2025\/02\/08\/jangel-sin-ti\/","url_meta":{"origin":106380,"position":3},"title":"JANGEL: Voz con Sentimiento","author":"David Morales","date":"8 de febrero de 2025","format":false,"excerpt":"Amix, si algo nos queda claro es que cuando alguien tiene talento y disciplina, nada lo detiene. Ese es el caso de Jos\u00e9 \u00c1ngel, un cantante mazatleco de 22 a\u00f1os que ha dedicado su vida a la m\u00fasica. Su voz, influenciada por el pop y el R&B, lo ha llevado\u2026","rel":"","context":"En \u00abBlog\u00bb","block_context":{"text":"Blog","link":"https:\/\/zeromagazine.mx\/index.php\/category\/blog\/"},"img":{"alt_text":"","src":"https:\/\/i0.wp.com\/zeromagazine.mx\/wp-content\/uploads\/2025\/02\/PHOTO-2025-02-08-11-52-06-1.jpeg?fit=675%2C1200&ssl=1&resize=350%2C200","width":350,"height":200,"srcset":"https:\/\/i0.wp.com\/zeromagazine.mx\/wp-content\/uploads\/2025\/02\/PHOTO-2025-02-08-11-52-06-1.jpeg?fit=675%2C1200&ssl=1&resize=350%2C200 1x, https:\/\/i0.wp.com\/zeromagazine.mx\/wp-content\/uploads\/2025\/02\/PHOTO-2025-02-08-11-52-06-1.jpeg?fit=675%2C1200&ssl=1&resize=525%2C300 1.5x"},"classes":[]},{"id":48353,"url":"https:\/\/zeromagazine.mx\/index.php\/2021\/06\/21\/entrevista-con-winder\/","url_meta":{"origin":106380,"position":4},"title":"Entrevista con Winder","author":"zeromagazinemx","date":"21 de junio de 2021","format":false,"excerpt":"Winder es un cantautor e int\u00e9rprete de nacionalidad mexicana que recientemente lanz\u00f3 su nuevo sencillo \u201cVali\u00f3 la pena\u201d, un tema que forma parte de su sexta placa discogr\u00e1fica que saldr\u00e1 en las pr\u00f3ximas semanas. Por C\u00e9sar Palomares Adem\u00e1s este tema est\u00e1 acompa\u00f1ado de un material visual, que fue grabado en\u2026","rel":"","context":"En \u00abEntretenimiento\u00bb","block_context":{"text":"Entretenimiento","link":"https:\/\/zeromagazine.mx\/index.php\/category\/entretenimiento\/"},"img":{"alt_text":"","src":"https:\/\/i0.wp.com\/img.youtube.com\/vi\/-74D4CgRcro\/0.jpg?resize=350%2C200","width":350,"height":200},"classes":[]},{"id":102410,"url":"https:\/\/zeromagazine.mx\/index.php\/2025\/04\/24\/dennise-guerrero-firma-con-universal-music-como-solista\/","url_meta":{"origin":106380,"position":5},"title":"Dennise Guerrero Firma Con Universal Music Como Solista","author":"David Morales","date":"24 de abril de 2025","format":false,"excerpt":"Amix, si fuiste ni\u00f1e emo, teen de MySpace o simplemente alma popera, seguro sabes lo que significa el nombre Denisse Guerrero. Su voz fue el eco de muchas noches de insomnio, de enamoramientos raros y de sue\u00f1os glitter. Y ahora, despu\u00e9s de a\u00f1os de espera, regresa m\u00e1s fuerte que nunca,\u2026","rel":"","context":"En \u00abEntretenimiento\u00bb","block_context":{"text":"Entretenimiento","link":"https:\/\/zeromagazine.mx\/index.php\/category\/entretenimiento\/"},"img":{"alt_text":"","src":"https:\/\/i0.wp.com\/zeromagazine.mx\/wp-content\/uploads\/2025\/04\/Imagen-de-WhatsApp-2025-04-23-a-las-16.20.56_bfffa380.jpg?fit=1200%2C802&ssl=1&resize=350%2C200","width":350,"height":200,"srcset":"https:\/\/i0.wp.com\/zeromagazine.mx\/wp-content\/uploads\/2025\/04\/Imagen-de-WhatsApp-2025-04-23-a-las-16.20.56_bfffa380.jpg?fit=1200%2C802&ssl=1&resize=350%2C200 1x, https:\/\/i0.wp.com\/zeromagazine.mx\/wp-content\/uploads\/2025\/04\/Imagen-de-WhatsApp-2025-04-23-a-las-16.20.56_bfffa380.jpg?fit=1200%2C802&ssl=1&resize=525%2C300 1.5x, https:\/\/i0.wp.com\/zeromagazine.mx\/wp-content\/uploads\/2025\/04\/Imagen-de-WhatsApp-2025-04-23-a-las-16.20.56_bfffa380.jpg?fit=1200%2C802&ssl=1&resize=700%2C400 2x, https:\/\/i0.wp.com\/zeromagazine.mx\/wp-content\/uploads\/2025\/04\/Imagen-de-WhatsApp-2025-04-23-a-las-16.20.56_bfffa380.jpg?fit=1200%2C802&ssl=1&resize=1050%2C600 3x"},"classes":[]}],"jetpack_sharing_enabled":true,"builder_content":"","_links":{"self":[{"href":"https:\/\/zeromagazine.mx\/index.php\/wp-json\/wp\/v2\/posts\/106380","targetHints":{"allow":["GET"]}}],"collection":[{"href":"https:\/\/zeromagazine.mx\/index.php\/wp-json\/wp\/v2\/posts"}],"about":[{"href":"https:\/\/zeromagazine.mx\/index.php\/wp-json\/wp\/v2\/types\/post"}],"author":[{"embeddable":true,"href":"https:\/\/zeromagazine.mx\/index.php\/wp-json\/wp\/v2\/users\/4"}],"replies":[{"embeddable":true,"href":"https:\/\/zeromagazine.mx\/index.php\/wp-json\/wp\/v2\/comments?post=106380"}],"version-history":[{"count":3,"href":"https:\/\/zeromagazine.mx\/index.php\/wp-json\/wp\/v2\/posts\/106380\/revisions"}],"predecessor-version":[{"id":106385,"href":"https:\/\/zeromagazine.mx\/index.php\/wp-json\/wp\/v2\/posts\/106380\/revisions\/106385"}],"wp:featuredmedia":[{"embeddable":true,"href":"https:\/\/zeromagazine.mx\/index.php\/wp-json\/wp\/v2\/media\/106382"}],"wp:attachment":[{"href":"https:\/\/zeromagazine.mx\/index.php\/wp-json\/wp\/v2\/media?parent=106380"}],"wp:term":[{"taxonomy":"category","embeddable":true,"href":"https:\/\/zeromagazine.mx\/index.php\/wp-json\/wp\/v2\/categories?post=106380"},{"taxonomy":"post_tag","embeddable":true,"href":"https:\/\/zeromagazine.mx\/index.php\/wp-json\/wp\/v2\/tags?post=106380"}],"curies":[{"name":"wp","href":"https:\/\/api.w.org\/{rel}","templated":true}]}}