{"id":106453,"date":"2025-06-23T09:25:00","date_gmt":"2025-06-23T15:25:00","guid":{"rendered":"https:\/\/zeromagazine.mx\/?p=106453"},"modified":"2025-06-26T22:08:45","modified_gmt":"2025-06-27T04:08:45","slug":"shein-y-karime-pindter-dan-estilo-urbano-clasico","status":"publish","type":"post","link":"https:\/\/zeromagazine.mx\/index.php\/2025\/06\/23\/shein-y-karime-pindter-dan-estilo-urbano-clasico\/","title":{"rendered":"Shein y Karime Pindter: urban y classy en una sola vibe"},"content":{"rendered":"<p>Amix, \u00bfya viste la nueva collab que est\u00e1 rompiendo el feed? Pue si no te la cuento: <em>Shein y Karime Pindter<\/em> se unieron para mostrarnos que s\u00ed se puede ser atrevidx, elegante y urbanx al mismo tiempo. Bajo la campa\u00f1a \u201cAtr\u00e9vete con estilo\u201d, Karime se convirti\u00f3 en la imagen principal de un mood que grita libertad, sensualidad y poder personal. Y obvio, si alguien sabe c\u00f3mo combinar lo urbano con lo classy sin perder el flow, es ella. Y para que andes en tendencia, te traigo los detalles de esta gran colaboraci\u00f3n.<\/p>\n\n\n\n<h2 class=\"wp-block-heading\">Shein y Karime Pindter nos dan marcas que hablan<\/h2>\n\n\n\n<p>Porque s\u00ed, Karime est\u00e1 usando piezas de <em>MISSGUIDED<\/em> y <em>MUSERA<\/em>, dos marcas dentro de Shein que van perfecto con su estilo: sexy, moderno y con toda la actitud. Lo m\u00e1s cool es que no importa si vas a una cena chic o a una peda tranqui, siempre hay una forma de adaptar los looks. Como dice la misma Karime: \u201clos looks son f\u00e1ciles de mezclar con accesorios cool y hacer combinaciones interesantes\u201d. Y 100% real, no fake.<\/p>\n\n\n\n<div class=\"wp-block-jetpack-tiled-gallery alignwide is-style-rectangular\"><div class=\"tiled-gallery__gallery\"><div class=\"tiled-gallery__row\"><div class=\"tiled-gallery__col\" style=\"flex-basis:25.00000%\"><figure class=\"tiled-gallery__item\"><img decoding=\"async\" srcset=\"https:\/\/i1.wp.com\/zeromagazine.mx\/wp-content\/uploads\/2025\/06\/MISSGUIDED-4-683x1024.jpg?strip=info&#038;w=600&#038;ssl=1 600w,https:\/\/i1.wp.com\/zeromagazine.mx\/wp-content\/uploads\/2025\/06\/MISSGUIDED-4-683x1024.jpg?strip=info&#038;w=900&#038;ssl=1 900w,https:\/\/i1.wp.com\/zeromagazine.mx\/wp-content\/uploads\/2025\/06\/MISSGUIDED-4-683x1024.jpg?strip=info&#038;w=1200&#038;ssl=1 1200w,https:\/\/i1.wp.com\/zeromagazine.mx\/wp-content\/uploads\/2025\/06\/MISSGUIDED-4-683x1024.jpg?strip=info&#038;w=1500&#038;ssl=1 1500w,https:\/\/i1.wp.com\/zeromagazine.mx\/wp-content\/uploads\/2025\/06\/MISSGUIDED-4-683x1024.jpg?strip=info&#038;w=1707&#038;ssl=1 1707w\" alt=\"\" data-height=\"2560\" data-id=\"106457\" data-link=\"https:\/\/zeromagazine.mx\/?attachment_id=106457\" data-url=\"https:\/\/zeromagazine.mx\/wp-content\/uploads\/2025\/06\/MISSGUIDED-4-683x1024.jpg\" data-width=\"1707\" src=\"https:\/\/i1.wp.com\/zeromagazine.mx\/wp-content\/uploads\/2025\/06\/MISSGUIDED-4-683x1024.jpg?ssl=1\" data-amp-layout=\"responsive\"\/><\/figure><\/div><div class=\"tiled-gallery__col\" style=\"flex-basis:25.00000%\"><figure class=\"tiled-gallery__item\"><img decoding=\"async\" srcset=\"https:\/\/i1.wp.com\/zeromagazine.mx\/wp-content\/uploads\/2025\/06\/MUSERA-2-683x1024.jpg?strip=info&#038;w=600&#038;ssl=1 600w,https:\/\/i1.wp.com\/zeromagazine.mx\/wp-content\/uploads\/2025\/06\/MUSERA-2-683x1024.jpg?strip=info&#038;w=900&#038;ssl=1 900w,https:\/\/i1.wp.com\/zeromagazine.mx\/wp-content\/uploads\/2025\/06\/MUSERA-2-683x1024.jpg?strip=info&#038;w=1200&#038;ssl=1 1200w,https:\/\/i1.wp.com\/zeromagazine.mx\/wp-content\/uploads\/2025\/06\/MUSERA-2-683x1024.jpg?strip=info&#038;w=1500&#038;ssl=1 1500w,https:\/\/i1.wp.com\/zeromagazine.mx\/wp-content\/uploads\/2025\/06\/MUSERA-2-683x1024.jpg?strip=info&#038;w=1707&#038;ssl=1 1707w\" alt=\"\" data-height=\"2560\" data-id=\"106455\" data-link=\"https:\/\/zeromagazine.mx\/?attachment_id=106455\" data-url=\"https:\/\/zeromagazine.mx\/wp-content\/uploads\/2025\/06\/MUSERA-2-683x1024.jpg\" data-width=\"1707\" src=\"https:\/\/i1.wp.com\/zeromagazine.mx\/wp-content\/uploads\/2025\/06\/MUSERA-2-683x1024.jpg?ssl=1\" data-amp-layout=\"responsive\"\/><\/figure><\/div><div class=\"tiled-gallery__col\" style=\"flex-basis:25.00000%\"><figure class=\"tiled-gallery__item\"><img decoding=\"async\" srcset=\"https:\/\/i1.wp.com\/zeromagazine.mx\/wp-content\/uploads\/2025\/06\/MISSGUIDED-3-683x1024.jpg?strip=info&#038;w=600&#038;ssl=1 600w,https:\/\/i1.wp.com\/zeromagazine.mx\/wp-content\/uploads\/2025\/06\/MISSGUIDED-3-683x1024.jpg?strip=info&#038;w=900&#038;ssl=1 900w,https:\/\/i1.wp.com\/zeromagazine.mx\/wp-content\/uploads\/2025\/06\/MISSGUIDED-3-683x1024.jpg?strip=info&#038;w=1200&#038;ssl=1 1200w,https:\/\/i1.wp.com\/zeromagazine.mx\/wp-content\/uploads\/2025\/06\/MISSGUIDED-3-683x1024.jpg?strip=info&#038;w=1500&#038;ssl=1 1500w,https:\/\/i1.wp.com\/zeromagazine.mx\/wp-content\/uploads\/2025\/06\/MISSGUIDED-3-683x1024.jpg?strip=info&#038;w=1707&#038;ssl=1 1707w\" alt=\"\" data-height=\"2560\" data-id=\"106456\" data-link=\"https:\/\/zeromagazine.mx\/?attachment_id=106456\" data-url=\"https:\/\/zeromagazine.mx\/wp-content\/uploads\/2025\/06\/MISSGUIDED-3-683x1024.jpg\" data-width=\"1707\" src=\"https:\/\/i1.wp.com\/zeromagazine.mx\/wp-content\/uploads\/2025\/06\/MISSGUIDED-3-683x1024.jpg?ssl=1\" data-amp-layout=\"responsive\"\/><\/figure><\/div><div class=\"tiled-gallery__col\" style=\"flex-basis:25.00000%\"><figure class=\"tiled-gallery__item\"><img decoding=\"async\" srcset=\"https:\/\/i0.wp.com\/zeromagazine.mx\/wp-content\/uploads\/2025\/06\/MUSERA-8-1-683x1024.jpg?strip=info&#038;w=600&#038;ssl=1 600w,https:\/\/i0.wp.com\/zeromagazine.mx\/wp-content\/uploads\/2025\/06\/MUSERA-8-1-683x1024.jpg?strip=info&#038;w=900&#038;ssl=1 900w,https:\/\/i0.wp.com\/zeromagazine.mx\/wp-content\/uploads\/2025\/06\/MUSERA-8-1-683x1024.jpg?strip=info&#038;w=1200&#038;ssl=1 1200w,https:\/\/i0.wp.com\/zeromagazine.mx\/wp-content\/uploads\/2025\/06\/MUSERA-8-1-683x1024.jpg?strip=info&#038;w=1500&#038;ssl=1 1500w,https:\/\/i0.wp.com\/zeromagazine.mx\/wp-content\/uploads\/2025\/06\/MUSERA-8-1-683x1024.jpg?strip=info&#038;w=1707&#038;ssl=1 1707w\" alt=\"\" data-height=\"2560\" data-id=\"106458\" data-link=\"https:\/\/zeromagazine.mx\/?attachment_id=106458\" data-url=\"https:\/\/zeromagazine.mx\/wp-content\/uploads\/2025\/06\/MUSERA-8-1-683x1024.jpg\" data-width=\"1707\" src=\"https:\/\/i0.wp.com\/zeromagazine.mx\/wp-content\/uploads\/2025\/06\/MUSERA-8-1-683x1024.jpg?ssl=1\" data-amp-layout=\"responsive\"\/><\/figure><\/div><\/div><\/div><\/div>\n\n\n\n<h2 class=\"wp-block-heading\">El look para romper reglas<\/h2>\n\n\n\n<p>Porque ya no se trata de encajar, sino de destacar. <em>Shein y Karime Pindter<\/em> nos demuestran que la clave est\u00e1 en c\u00f3mo llevas la ropa, no en seguir un manual de estilo. Si te vibra un blazer con cargo pants o un vestidazo con chunky sneakers, dale sin miedo. La moda es un juego, y t\u00fa decides las reglas.<\/p>\n\n\n\n<h2 class=\"wp-block-heading\">Shein y Karime te dan un look sin filtros<\/h2>\n\n\n\n<p>Esta campa\u00f1a de <em>Shein y Karime Pindter<\/em> no solo se trata de ropa, sino de actitud. De mezclar, probar, romper y volver a armar tu identidad desde lo que llevas puesto. As\u00ed que ya sabes, si buscabas una se\u00f1al para reinventarte este a\u00f1o, aqu\u00ed la tienes: el estilo se lleva con personalidad. Y t\u00fa, \u00bfya sabes qu\u00e9 combo te representa?<\/p>\n\n\n\n<p>Puedes checar todos los outfits en Shein M\u00e9xico y su cuenta de Insta <a class=\"\" href=\"https:\/\/www.instagram.com\/shein_mex\">@shein_mex<\/a>. Ah\u00ed encuentras desde lanzamientos exclusivos hasta tutoriales para elevar tu fit. Literal, una gu\u00eda visual para sacar tu mejor versi\u00f3n sin gastar de m\u00e1s.<\/p>\n\n\n\n<p>Y si quieres conocer m\u00e1s novedades de moda puedes entrar a <a href=\"https:\/\/zeromagazine.mx\/\">zeromagazine.mx<\/a><\/p>\n\n\n\n<script async src=\"https:\/\/pagead2.googlesyndication.com\/pagead\/js\/adsbygoogle.js?client=ca-pub-5499304793904745\"\n     crossorigin=\"anonymous\"><\/script>\n<ins class=\"adsbygoogle\"\n     style=\"display:block; text-align:center;\"\n     data-ad-layout=\"in-article\"\n     data-ad-format=\"fluid\"\n     data-ad-client=\"ca-pub-5499304793904745\"\n     data-ad-slot=\"5994863093\"><\/ins>\n<script>\n     (adsbygoogle = window.adsbygoogle || []).push({});\n<\/script>\n\n<!--themify_builder_content-->\n<div id=\"themify_builder_content-106453\" data-postid=\"106453\" class=\"themify_builder_content themify_builder_content-106453 themify_builder tf_clear\">\n    <\/div>\n<!--\/themify_builder_content-->","protected":false},"excerpt":{"rendered":"<p>Amix, \u00bfya viste la nueva collab que est\u00e1 rompiendo el feed? Pue si no te la cuento: Shein y Karime Pindter se unieron para mostrarnos que s\u00ed se puede ser atrevidx, elegante y urbanx al mismo tiempo. Bajo la campa\u00f1a \u201cAtr\u00e9vete con estilo\u201d, Karime se convirti\u00f3 en la imagen principal de un mood que grita [&hellip;]<\/p>\n","protected":false},"author":4,"featured_media":106459,"comment_status":"open","ping_status":"open","sticky":false,"template":"","format":"standard","meta":{"_jetpack_memberships_contains_paid_content":false,"footnotes":"","jetpack_publicize_message":"","jetpack_publicize_feature_enabled":true,"jetpack_social_post_already_shared":true,"jetpack_social_options":{"image_generator_settings":{"template":"highway","default_image_id":0,"font":"","enabled":false},"version":2}},"categories":[67],"tags":[14081,14080,14079,7484,6141],"class_list":["post-106453","post","type-post","status-publish","format-standard","has-post-thumbnail","hentry","category-moda","tag-karime-pindter","tag-missguided","tag-musera","tag-outfits","tag-shein","has-post-title","has-post-date","has-post-category","has-post-tag","has-post-comment","has-post-author",""],"yoast_head":"<!-- This site is optimized with the Yoast SEO plugin v27.5 - https:\/\/yoast.com\/product\/yoast-seo-wordpress\/ -->\n<title>Shein y Karime Pindter: urban y classy en una sola vibe - Zero Magazine<\/title>\n<meta name=\"description\" content=\"Karime y Shein se unen y nos traen la mezcla perfecta de estilo urban y classy. Descubre los detalles y forma tu propio outfit.\" \/>\n<meta name=\"robots\" content=\"index, follow, max-snippet:-1, max-image-preview:large, max-video-preview:-1\" \/>\n<link rel=\"canonical\" href=\"https:\/\/zeromagazine.mx\/index.php\/2025\/06\/23\/shein-y-karime-pindter-dan-estilo-urbano-clasico\/\" \/>\n<meta property=\"og:locale\" content=\"es_ES\" \/>\n<meta property=\"og:type\" content=\"article\" \/>\n<meta property=\"og:title\" content=\"Shein y Karime Pindter: urban y classy en una sola vibe - Zero Magazine\" \/>\n<meta property=\"og:description\" content=\"Karime y Shein se unen y nos traen la mezcla perfecta de estilo urban y classy. Descubre los detalles y forma tu propio outfit.\" \/>\n<meta property=\"og:url\" content=\"https:\/\/zeromagazine.mx\/index.php\/2025\/06\/23\/shein-y-karime-pindter-dan-estilo-urbano-clasico\/\" \/>\n<meta property=\"og:site_name\" content=\"Zero Magazine\" \/>\n<meta property=\"article:published_time\" content=\"2025-06-23T15:25:00+00:00\" \/>\n<meta property=\"article:modified_time\" content=\"2025-06-27T04:08:45+00:00\" \/>\n<meta property=\"og:image\" content=\"http:\/\/zeromagazine.mx\/wp-content\/uploads\/2025\/06\/MUSERA-4-scaled.jpg\" \/>\n\t<meta property=\"og:image:width\" content=\"2560\" \/>\n\t<meta property=\"og:image:height\" content=\"1707\" \/>\n\t<meta property=\"og:image:type\" content=\"image\/jpeg\" \/>\n<meta name=\"author\" content=\"David Morales\" \/>\n<meta name=\"twitter:card\" content=\"summary_large_image\" \/>\n<meta name=\"twitter:label1\" content=\"Escrito por\" \/>\n\t<meta name=\"twitter:data1\" content=\"David Morales\" \/>\n\t<meta name=\"twitter:label2\" content=\"Tiempo de lectura\" \/>\n\t<meta name=\"twitter:data2\" content=\"3 minutos\" \/>\n<script type=\"application\/ld+json\" class=\"yoast-schema-graph\">{\"@context\":\"https:\\\/\\\/schema.org\",\"@graph\":[{\"@type\":\"Article\",\"@id\":\"https:\\\/\\\/zeromagazine.mx\\\/index.php\\\/2025\\\/06\\\/23\\\/shein-y-karime-pindter-dan-estilo-urbano-clasico\\\/#article\",\"isPartOf\":{\"@id\":\"https:\\\/\\\/zeromagazine.mx\\\/index.php\\\/2025\\\/06\\\/23\\\/shein-y-karime-pindter-dan-estilo-urbano-clasico\\\/\"},\"author\":{\"name\":\"David Morales\",\"@id\":\"https:\\\/\\\/zeromagazine.mx\\\/#\\\/schema\\\/person\\\/9f7f1a17c60ba8e9980e3e6677aabe5a\"},\"headline\":\"Shein y Karime Pindter: urban y classy en una sola vibe\",\"datePublished\":\"2025-06-23T15:25:00+00:00\",\"dateModified\":\"2025-06-27T04:08:45+00:00\",\"mainEntityOfPage\":{\"@id\":\"https:\\\/\\\/zeromagazine.mx\\\/index.php\\\/2025\\\/06\\\/23\\\/shein-y-karime-pindter-dan-estilo-urbano-clasico\\\/\"},\"wordCount\":388,\"commentCount\":0,\"publisher\":{\"@id\":\"https:\\\/\\\/zeromagazine.mx\\\/#organization\"},\"image\":{\"@id\":\"https:\\\/\\\/zeromagazine.mx\\\/index.php\\\/2025\\\/06\\\/23\\\/shein-y-karime-pindter-dan-estilo-urbano-clasico\\\/#primaryimage\"},\"thumbnailUrl\":\"https:\\\/\\\/i0.wp.com\\\/zeromagazine.mx\\\/wp-content\\\/uploads\\\/2025\\\/06\\\/MUSERA-4-scaled.jpg?fit=2560%2C1707&ssl=1\",\"keywords\":[\"Karime Pindter\",\"MISSGUIDED\",\"MUSERA\",\"Outfits\",\"Shein\"],\"articleSection\":[\"Moda\"],\"inLanguage\":\"es\",\"potentialAction\":[{\"@type\":\"CommentAction\",\"name\":\"Comment\",\"target\":[\"https:\\\/\\\/zeromagazine.mx\\\/index.php\\\/2025\\\/06\\\/23\\\/shein-y-karime-pindter-dan-estilo-urbano-clasico\\\/#respond\"]}]},{\"@type\":\"WebPage\",\"@id\":\"https:\\\/\\\/zeromagazine.mx\\\/index.php\\\/2025\\\/06\\\/23\\\/shein-y-karime-pindter-dan-estilo-urbano-clasico\\\/\",\"url\":\"https:\\\/\\\/zeromagazine.mx\\\/index.php\\\/2025\\\/06\\\/23\\\/shein-y-karime-pindter-dan-estilo-urbano-clasico\\\/\",\"name\":\"Shein y Karime Pindter: urban y classy en una sola vibe - Zero Magazine\",\"isPartOf\":{\"@id\":\"https:\\\/\\\/zeromagazine.mx\\\/#website\"},\"primaryImageOfPage\":{\"@id\":\"https:\\\/\\\/zeromagazine.mx\\\/index.php\\\/2025\\\/06\\\/23\\\/shein-y-karime-pindter-dan-estilo-urbano-clasico\\\/#primaryimage\"},\"image\":{\"@id\":\"https:\\\/\\\/zeromagazine.mx\\\/index.php\\\/2025\\\/06\\\/23\\\/shein-y-karime-pindter-dan-estilo-urbano-clasico\\\/#primaryimage\"},\"thumbnailUrl\":\"https:\\\/\\\/i0.wp.com\\\/zeromagazine.mx\\\/wp-content\\\/uploads\\\/2025\\\/06\\\/MUSERA-4-scaled.jpg?fit=2560%2C1707&ssl=1\",\"datePublished\":\"2025-06-23T15:25:00+00:00\",\"dateModified\":\"2025-06-27T04:08:45+00:00\",\"description\":\"Karime y Shein se unen y nos traen la mezcla perfecta de estilo urban y classy. Descubre los detalles y forma tu propio outfit.\",\"breadcrumb\":{\"@id\":\"https:\\\/\\\/zeromagazine.mx\\\/index.php\\\/2025\\\/06\\\/23\\\/shein-y-karime-pindter-dan-estilo-urbano-clasico\\\/#breadcrumb\"},\"inLanguage\":\"es\",\"potentialAction\":[{\"@type\":\"ReadAction\",\"target\":[\"https:\\\/\\\/zeromagazine.mx\\\/index.php\\\/2025\\\/06\\\/23\\\/shein-y-karime-pindter-dan-estilo-urbano-clasico\\\/\"]}]},{\"@type\":\"ImageObject\",\"inLanguage\":\"es\",\"@id\":\"https:\\\/\\\/zeromagazine.mx\\\/index.php\\\/2025\\\/06\\\/23\\\/shein-y-karime-pindter-dan-estilo-urbano-clasico\\\/#primaryimage\",\"url\":\"https:\\\/\\\/i0.wp.com\\\/zeromagazine.mx\\\/wp-content\\\/uploads\\\/2025\\\/06\\\/MUSERA-4-scaled.jpg?fit=2560%2C1707&ssl=1\",\"contentUrl\":\"https:\\\/\\\/i0.wp.com\\\/zeromagazine.mx\\\/wp-content\\\/uploads\\\/2025\\\/06\\\/MUSERA-4-scaled.jpg?fit=2560%2C1707&ssl=1\",\"width\":2560,\"height\":1707},{\"@type\":\"BreadcrumbList\",\"@id\":\"https:\\\/\\\/zeromagazine.mx\\\/index.php\\\/2025\\\/06\\\/23\\\/shein-y-karime-pindter-dan-estilo-urbano-clasico\\\/#breadcrumb\",\"itemListElement\":[{\"@type\":\"ListItem\",\"position\":1,\"name\":\"Portada\",\"item\":\"https:\\\/\\\/zeromagazine.mx\\\/\"},{\"@type\":\"ListItem\",\"position\":2,\"name\":\"Shein y Karime Pindter: urban y classy en una sola vibe\"}]},{\"@type\":\"WebSite\",\"@id\":\"https:\\\/\\\/zeromagazine.mx\\\/#website\",\"url\":\"https:\\\/\\\/zeromagazine.mx\\\/\",\"name\":\"Zero Magazine\",\"description\":\"\",\"publisher\":{\"@id\":\"https:\\\/\\\/zeromagazine.mx\\\/#organization\"},\"potentialAction\":[{\"@type\":\"SearchAction\",\"target\":{\"@type\":\"EntryPoint\",\"urlTemplate\":\"https:\\\/\\\/zeromagazine.mx\\\/?s={search_term_string}\"},\"query-input\":{\"@type\":\"PropertyValueSpecification\",\"valueRequired\":true,\"valueName\":\"search_term_string\"}}],\"inLanguage\":\"es\"},{\"@type\":\"Organization\",\"@id\":\"https:\\\/\\\/zeromagazine.mx\\\/#organization\",\"name\":\"Zero Magazine\",\"url\":\"https:\\\/\\\/zeromagazine.mx\\\/\",\"logo\":{\"@type\":\"ImageObject\",\"inLanguage\":\"es\",\"@id\":\"https:\\\/\\\/zeromagazine.mx\\\/#\\\/schema\\\/logo\\\/image\\\/\",\"url\":\"https:\\\/\\\/i0.wp.com\\\/zeromagazine.mx\\\/wp-content\\\/uploads\\\/2025\\\/11\\\/1.jpeg?fit=1000%2C1000&ssl=1\",\"contentUrl\":\"https:\\\/\\\/i0.wp.com\\\/zeromagazine.mx\\\/wp-content\\\/uploads\\\/2025\\\/11\\\/1.jpeg?fit=1000%2C1000&ssl=1\",\"width\":1000,\"height\":1000,\"caption\":\"Zero Magazine\"},\"image\":{\"@id\":\"https:\\\/\\\/zeromagazine.mx\\\/#\\\/schema\\\/logo\\\/image\\\/\"},\"sameAs\":[\"https:\\\/\\\/instagram.com\\\/zeromagazinemx\"]},{\"@type\":\"Person\",\"@id\":\"https:\\\/\\\/zeromagazine.mx\\\/#\\\/schema\\\/person\\\/9f7f1a17c60ba8e9980e3e6677aabe5a\",\"name\":\"David Morales\",\"image\":{\"@type\":\"ImageObject\",\"inLanguage\":\"es\",\"@id\":\"https:\\\/\\\/zeromagazine.mx\\\/wp-content\\\/litespeed\\\/avatar\\\/76069d2136bfc1c37dc34815bb67ca42.jpg?ver=1777571067\",\"url\":\"https:\\\/\\\/zeromagazine.mx\\\/wp-content\\\/litespeed\\\/avatar\\\/76069d2136bfc1c37dc34815bb67ca42.jpg?ver=1777571067\",\"contentUrl\":\"https:\\\/\\\/zeromagazine.mx\\\/wp-content\\\/litespeed\\\/avatar\\\/76069d2136bfc1c37dc34815bb67ca42.jpg?ver=1777571067\",\"caption\":\"David Morales\"},\"url\":\"https:\\\/\\\/zeromagazine.mx\\\/index.php\\\/author\\\/david\\\/\"}]}<\/script>\n<!-- \/ Yoast SEO plugin. -->","yoast_head_json":{"title":"Shein y Karime Pindter: urban y classy en una sola vibe - Zero Magazine","description":"Karime y Shein se unen y nos traen la mezcla perfecta de estilo urban y classy. Descubre los detalles y forma tu propio outfit.","robots":{"index":"index","follow":"follow","max-snippet":"max-snippet:-1","max-image-preview":"max-image-preview:large","max-video-preview":"max-video-preview:-1"},"canonical":"https:\/\/zeromagazine.mx\/index.php\/2025\/06\/23\/shein-y-karime-pindter-dan-estilo-urbano-clasico\/","og_locale":"es_ES","og_type":"article","og_title":"Shein y Karime Pindter: urban y classy en una sola vibe - Zero Magazine","og_description":"Karime y Shein se unen y nos traen la mezcla perfecta de estilo urban y classy. Descubre los detalles y forma tu propio outfit.","og_url":"https:\/\/zeromagazine.mx\/index.php\/2025\/06\/23\/shein-y-karime-pindter-dan-estilo-urbano-clasico\/","og_site_name":"Zero Magazine","article_published_time":"2025-06-23T15:25:00+00:00","article_modified_time":"2025-06-27T04:08:45+00:00","og_image":[{"width":2560,"height":1707,"url":"http:\/\/zeromagazine.mx\/wp-content\/uploads\/2025\/06\/MUSERA-4-scaled.jpg","type":"image\/jpeg"}],"author":"David Morales","twitter_card":"summary_large_image","twitter_misc":{"Escrito por":"David Morales","Tiempo de lectura":"3 minutos"},"schema":{"@context":"https:\/\/schema.org","@graph":[{"@type":"Article","@id":"https:\/\/zeromagazine.mx\/index.php\/2025\/06\/23\/shein-y-karime-pindter-dan-estilo-urbano-clasico\/#article","isPartOf":{"@id":"https:\/\/zeromagazine.mx\/index.php\/2025\/06\/23\/shein-y-karime-pindter-dan-estilo-urbano-clasico\/"},"author":{"name":"David Morales","@id":"https:\/\/zeromagazine.mx\/#\/schema\/person\/9f7f1a17c60ba8e9980e3e6677aabe5a"},"headline":"Shein y Karime Pindter: urban y classy en una sola vibe","datePublished":"2025-06-23T15:25:00+00:00","dateModified":"2025-06-27T04:08:45+00:00","mainEntityOfPage":{"@id":"https:\/\/zeromagazine.mx\/index.php\/2025\/06\/23\/shein-y-karime-pindter-dan-estilo-urbano-clasico\/"},"wordCount":388,"commentCount":0,"publisher":{"@id":"https:\/\/zeromagazine.mx\/#organization"},"image":{"@id":"https:\/\/zeromagazine.mx\/index.php\/2025\/06\/23\/shein-y-karime-pindter-dan-estilo-urbano-clasico\/#primaryimage"},"thumbnailUrl":"https:\/\/i0.wp.com\/zeromagazine.mx\/wp-content\/uploads\/2025\/06\/MUSERA-4-scaled.jpg?fit=2560%2C1707&ssl=1","keywords":["Karime Pindter","MISSGUIDED","MUSERA","Outfits","Shein"],"articleSection":["Moda"],"inLanguage":"es","potentialAction":[{"@type":"CommentAction","name":"Comment","target":["https:\/\/zeromagazine.mx\/index.php\/2025\/06\/23\/shein-y-karime-pindter-dan-estilo-urbano-clasico\/#respond"]}]},{"@type":"WebPage","@id":"https:\/\/zeromagazine.mx\/index.php\/2025\/06\/23\/shein-y-karime-pindter-dan-estilo-urbano-clasico\/","url":"https:\/\/zeromagazine.mx\/index.php\/2025\/06\/23\/shein-y-karime-pindter-dan-estilo-urbano-clasico\/","name":"Shein y Karime Pindter: urban y classy en una sola vibe - Zero Magazine","isPartOf":{"@id":"https:\/\/zeromagazine.mx\/#website"},"primaryImageOfPage":{"@id":"https:\/\/zeromagazine.mx\/index.php\/2025\/06\/23\/shein-y-karime-pindter-dan-estilo-urbano-clasico\/#primaryimage"},"image":{"@id":"https:\/\/zeromagazine.mx\/index.php\/2025\/06\/23\/shein-y-karime-pindter-dan-estilo-urbano-clasico\/#primaryimage"},"thumbnailUrl":"https:\/\/i0.wp.com\/zeromagazine.mx\/wp-content\/uploads\/2025\/06\/MUSERA-4-scaled.jpg?fit=2560%2C1707&ssl=1","datePublished":"2025-06-23T15:25:00+00:00","dateModified":"2025-06-27T04:08:45+00:00","description":"Karime y Shein se unen y nos traen la mezcla perfecta de estilo urban y classy. Descubre los detalles y forma tu propio outfit.","breadcrumb":{"@id":"https:\/\/zeromagazine.mx\/index.php\/2025\/06\/23\/shein-y-karime-pindter-dan-estilo-urbano-clasico\/#breadcrumb"},"inLanguage":"es","potentialAction":[{"@type":"ReadAction","target":["https:\/\/zeromagazine.mx\/index.php\/2025\/06\/23\/shein-y-karime-pindter-dan-estilo-urbano-clasico\/"]}]},{"@type":"ImageObject","inLanguage":"es","@id":"https:\/\/zeromagazine.mx\/index.php\/2025\/06\/23\/shein-y-karime-pindter-dan-estilo-urbano-clasico\/#primaryimage","url":"https:\/\/i0.wp.com\/zeromagazine.mx\/wp-content\/uploads\/2025\/06\/MUSERA-4-scaled.jpg?fit=2560%2C1707&ssl=1","contentUrl":"https:\/\/i0.wp.com\/zeromagazine.mx\/wp-content\/uploads\/2025\/06\/MUSERA-4-scaled.jpg?fit=2560%2C1707&ssl=1","width":2560,"height":1707},{"@type":"BreadcrumbList","@id":"https:\/\/zeromagazine.mx\/index.php\/2025\/06\/23\/shein-y-karime-pindter-dan-estilo-urbano-clasico\/#breadcrumb","itemListElement":[{"@type":"ListItem","position":1,"name":"Portada","item":"https:\/\/zeromagazine.mx\/"},{"@type":"ListItem","position":2,"name":"Shein y Karime Pindter: urban y classy en una sola vibe"}]},{"@type":"WebSite","@id":"https:\/\/zeromagazine.mx\/#website","url":"https:\/\/zeromagazine.mx\/","name":"Zero Magazine","description":"","publisher":{"@id":"https:\/\/zeromagazine.mx\/#organization"},"potentialAction":[{"@type":"SearchAction","target":{"@type":"EntryPoint","urlTemplate":"https:\/\/zeromagazine.mx\/?s={search_term_string}"},"query-input":{"@type":"PropertyValueSpecification","valueRequired":true,"valueName":"search_term_string"}}],"inLanguage":"es"},{"@type":"Organization","@id":"https:\/\/zeromagazine.mx\/#organization","name":"Zero Magazine","url":"https:\/\/zeromagazine.mx\/","logo":{"@type":"ImageObject","inLanguage":"es","@id":"https:\/\/zeromagazine.mx\/#\/schema\/logo\/image\/","url":"https:\/\/i0.wp.com\/zeromagazine.mx\/wp-content\/uploads\/2025\/11\/1.jpeg?fit=1000%2C1000&ssl=1","contentUrl":"https:\/\/i0.wp.com\/zeromagazine.mx\/wp-content\/uploads\/2025\/11\/1.jpeg?fit=1000%2C1000&ssl=1","width":1000,"height":1000,"caption":"Zero Magazine"},"image":{"@id":"https:\/\/zeromagazine.mx\/#\/schema\/logo\/image\/"},"sameAs":["https:\/\/instagram.com\/zeromagazinemx"]},{"@type":"Person","@id":"https:\/\/zeromagazine.mx\/#\/schema\/person\/9f7f1a17c60ba8e9980e3e6677aabe5a","name":"David Morales","image":{"@type":"ImageObject","inLanguage":"es","@id":"https:\/\/zeromagazine.mx\/wp-content\/litespeed\/avatar\/76069d2136bfc1c37dc34815bb67ca42.jpg?ver=1777571067","url":"https:\/\/zeromagazine.mx\/wp-content\/litespeed\/avatar\/76069d2136bfc1c37dc34815bb67ca42.jpg?ver=1777571067","contentUrl":"https:\/\/zeromagazine.mx\/wp-content\/litespeed\/avatar\/76069d2136bfc1c37dc34815bb67ca42.jpg?ver=1777571067","caption":"David Morales"},"url":"https:\/\/zeromagazine.mx\/index.php\/author\/david\/"}]}},"jetpack_publicize_connections":[],"jetpack_featured_media_url":"https:\/\/i0.wp.com\/zeromagazine.mx\/wp-content\/uploads\/2025\/06\/MUSERA-4-scaled.jpg?fit=2560%2C1707&ssl=1","jetpack-related-posts":[{"id":105231,"url":"https:\/\/zeromagazine.mx\/index.php\/2025\/05\/28\/shein-lanza-su-nueva-campana\/","url_meta":{"origin":106453,"position":0},"title":"ATR\u00c9VETE CON EL ESTILO DE SHEIN","author":"David Morales","date":"28 de mayo de 2025","format":false,"excerpt":"Karime Pindter, Priscila Arias y Ana Laura Gonz\u00e1lez se convierten en las nuevas embajadoras de SHEIN M\u00e9xico 2025 con una campa\u00f1a que no solo apuesta por la moda, sino por una forma libre, diversa y valiente de habitar el mundo. Por: El Poderoso Dave La moda no siempre ha sido\u2026","rel":"","context":"En \u00abPortada\u00bb","block_context":{"text":"Portada","link":"https:\/\/zeromagazine.mx\/index.php\/category\/portada\/"},"img":{"alt_text":"","src":"https:\/\/i0.wp.com\/zeromagazine.mx\/wp-content\/uploads\/2025\/05\/IMG_4354.png?fit=927%2C1200&ssl=1&resize=350%2C200","width":350,"height":200,"srcset":"https:\/\/i0.wp.com\/zeromagazine.mx\/wp-content\/uploads\/2025\/05\/IMG_4354.png?fit=927%2C1200&ssl=1&resize=350%2C200 1x, https:\/\/i0.wp.com\/zeromagazine.mx\/wp-content\/uploads\/2025\/05\/IMG_4354.png?fit=927%2C1200&ssl=1&resize=525%2C300 1.5x, https:\/\/i0.wp.com\/zeromagazine.mx\/wp-content\/uploads\/2025\/05\/IMG_4354.png?fit=927%2C1200&ssl=1&resize=700%2C400 2x"},"classes":[]},{"id":109640,"url":"https:\/\/zeromagazine.mx\/index.php\/2025\/10\/21\/looks-de-otono-invierno-con-shein\/","url_meta":{"origin":106453,"position":1},"title":"Looks de oto\u00f1o-invierno con SHEIN","author":"Luis Trujano","date":"21 de octubre de 2025","format":false,"excerpt":"La moda no tiene reglas, y esta temporada lo vuelve a dejar clar\u00edsimo. Los looks de oto\u00f1o-invierno con SHEIN llegan con m\u00e1s actitud que nunca gracias a su nueva edici\u00f3n de Atr\u00e9vete con Estilo, una campa\u00f1a que celebra la autenticidad, la confianza y la diversi\u00f3n al vestir. Karime Pindter, Ana\u2026","rel":"","context":"En \u00abModa\u00bb","block_context":{"text":"Moda","link":"https:\/\/zeromagazine.mx\/index.php\/category\/moda\/"},"img":{"alt_text":"","src":"https:\/\/i0.wp.com\/zeromagazine.mx\/wp-content\/uploads\/2025\/10\/SHEINXAMBASSADORS1036-scaled.jpg?fit=800%2C1200&ssl=1&resize=350%2C200","width":350,"height":200,"srcset":"https:\/\/i0.wp.com\/zeromagazine.mx\/wp-content\/uploads\/2025\/10\/SHEINXAMBASSADORS1036-scaled.jpg?fit=800%2C1200&ssl=1&resize=350%2C200 1x, https:\/\/i0.wp.com\/zeromagazine.mx\/wp-content\/uploads\/2025\/10\/SHEINXAMBASSADORS1036-scaled.jpg?fit=800%2C1200&ssl=1&resize=525%2C300 1.5x, https:\/\/i0.wp.com\/zeromagazine.mx\/wp-content\/uploads\/2025\/10\/SHEINXAMBASSADORS1036-scaled.jpg?fit=800%2C1200&ssl=1&resize=700%2C400 2x"},"classes":[]},{"id":107353,"url":"https:\/\/zeromagazine.mx\/index.php\/2025\/08\/19\/shein-fashion-tour-cdmx-2025\/","url_meta":{"origin":106453,"position":2},"title":"SHEIN Fashion Tour CDMX 2025","author":"David Morales","date":"19 de agosto de 2025","format":false,"excerpt":"La moda no se vive, se experimenta. Y ahora SHEIN quiere llevarnos mucho m\u00e1s all\u00e1 del scroll infinito en su app: este 22, 23 y 24 de agosto, llega a la Ciudad de M\u00e9xico el primer SHEIN Fashion Tour, una experiencia inmersiva que promete convertirse en the place to be\u2026","rel":"","context":"En \u00abModa\u00bb","block_context":{"text":"Moda","link":"https:\/\/zeromagazine.mx\/index.php\/category\/moda\/"},"img":{"alt_text":"","src":"https:\/\/i0.wp.com\/zeromagazine.mx\/wp-content\/uploads\/2025\/08\/shein-fashion-tour.jpg?fit=960%2C1200&ssl=1&resize=350%2C200","width":350,"height":200,"srcset":"https:\/\/i0.wp.com\/zeromagazine.mx\/wp-content\/uploads\/2025\/08\/shein-fashion-tour.jpg?fit=960%2C1200&ssl=1&resize=350%2C200 1x, https:\/\/i0.wp.com\/zeromagazine.mx\/wp-content\/uploads\/2025\/08\/shein-fashion-tour.jpg?fit=960%2C1200&ssl=1&resize=525%2C300 1.5x, https:\/\/i0.wp.com\/zeromagazine.mx\/wp-content\/uploads\/2025\/08\/shein-fashion-tour.jpg?fit=960%2C1200&ssl=1&resize=700%2C400 2x"},"classes":[]},{"id":104563,"url":"https:\/\/zeromagazine.mx\/index.php\/2025\/05\/20\/hot-sale-shein-y-sus-descuentos-de-hasta-el-90\/","url_meta":{"origin":106453,"position":3},"title":"Hot Sale SHEIN &amp; Sus Descuentos De Hasta el 90%","author":"David Morales","date":"20 de mayo de 2025","format":false,"excerpt":"Si tu cl\u00f3set ya pide auxilio, tu depa necesita una actualizada o simplemente quieres regalarte algo sin culpa, te traigo la se\u00f1al que estabas esperando: Hot Sale SHEIN trae descuentos de hasta el 90% en todas las tendencias de moda, hogar, belleza y mucho m\u00e1s. Y si eres fan de\u2026","rel":"","context":"En \u00abModa\u00bb","block_context":{"text":"Moda","link":"https:\/\/zeromagazine.mx\/index.php\/category\/moda\/"},"img":{"alt_text":"","src":"https:\/\/i0.wp.com\/zeromagazine.mx\/wp-content\/uploads\/2025\/05\/HOT-SALE-6-scaled.jpg?fit=1200%2C800&ssl=1&resize=350%2C200","width":350,"height":200,"srcset":"https:\/\/i0.wp.com\/zeromagazine.mx\/wp-content\/uploads\/2025\/05\/HOT-SALE-6-scaled.jpg?fit=1200%2C800&ssl=1&resize=350%2C200 1x, https:\/\/i0.wp.com\/zeromagazine.mx\/wp-content\/uploads\/2025\/05\/HOT-SALE-6-scaled.jpg?fit=1200%2C800&ssl=1&resize=525%2C300 1.5x, https:\/\/i0.wp.com\/zeromagazine.mx\/wp-content\/uploads\/2025\/05\/HOT-SALE-6-scaled.jpg?fit=1200%2C800&ssl=1&resize=700%2C400 2x, https:\/\/i0.wp.com\/zeromagazine.mx\/wp-content\/uploads\/2025\/05\/HOT-SALE-6-scaled.jpg?fit=1200%2C800&ssl=1&resize=1050%2C600 3x"},"classes":[]},{"id":106865,"url":"https:\/\/zeromagazine.mx\/index.php\/2025\/07\/16\/siente-el-verano-con-shein\/","url_meta":{"origin":106453,"position":4},"title":"Siente el verano con SHEIN","author":"David Morales","date":"16 de julio de 2025","format":false,"excerpt":"Amix, lleg\u00f3 el momento de guardar las chamarras y sacar todo el glow up veraniego del cl\u00f3set\u2014porque la nueva campa\u00f1a de SHEIN est\u00e1 que arde. Con dos \u00edconos del estilo actual al frente, Orson Padilla y Eloisa Os, la plataforma de moda m\u00e1s hot del internet nos invita a siente\u2026","rel":"","context":"En \u00abModa\u00bb","block_context":{"text":"Moda","link":"https:\/\/zeromagazine.mx\/index.php\/category\/moda\/"},"img":{"alt_text":"","src":"https:\/\/i0.wp.com\/zeromagazine.mx\/wp-content\/uploads\/2025\/07\/dia-25968-scaled.jpeg?fit=1200%2C800&ssl=1&resize=350%2C200","width":350,"height":200,"srcset":"https:\/\/i0.wp.com\/zeromagazine.mx\/wp-content\/uploads\/2025\/07\/dia-25968-scaled.jpeg?fit=1200%2C800&ssl=1&resize=350%2C200 1x, https:\/\/i0.wp.com\/zeromagazine.mx\/wp-content\/uploads\/2025\/07\/dia-25968-scaled.jpeg?fit=1200%2C800&ssl=1&resize=525%2C300 1.5x, https:\/\/i0.wp.com\/zeromagazine.mx\/wp-content\/uploads\/2025\/07\/dia-25968-scaled.jpeg?fit=1200%2C800&ssl=1&resize=700%2C400 2x, https:\/\/i0.wp.com\/zeromagazine.mx\/wp-content\/uploads\/2025\/07\/dia-25968-scaled.jpeg?fit=1200%2C800&ssl=1&resize=1050%2C600 3x"},"classes":[]},{"id":110594,"url":"https:\/\/zeromagazine.mx\/index.php\/2025\/11\/15\/buen-fin-2025-shein-moda-descuentos\/","url_meta":{"origin":106453,"position":5},"title":"Buen Fin 2025 con SHEIN: moda irresistible","author":"David Morales","date":"15 de noviembre de 2025","format":false,"excerpt":"Si estabas esperando el momento perfecto para renovar tu cl\u00f3set sin llorar por la cartera, lleg\u00f3 la se\u00f1al: el\u00a0Buen Fin 2025ya est\u00e1 aqu\u00ed y SHEIN vino con todo. La plataforma global que siempre salva los looks se uni\u00f3 oficialmente a la temporada del shopping del 13 al 17 de noviembre,\u2026","rel":"","context":"En \u00abModa\u00bb","block_context":{"text":"Moda","link":"https:\/\/zeromagazine.mx\/index.php\/category\/moda\/"},"img":{"alt_text":"","src":"https:\/\/i0.wp.com\/zeromagazine.mx\/wp-content\/uploads\/2025\/11\/SHEINBUENFINXSALSATM0249-scaled.jpeg?fit=1200%2C800&ssl=1&resize=350%2C200","width":350,"height":200,"srcset":"https:\/\/i0.wp.com\/zeromagazine.mx\/wp-content\/uploads\/2025\/11\/SHEINBUENFINXSALSATM0249-scaled.jpeg?fit=1200%2C800&ssl=1&resize=350%2C200 1x, https:\/\/i0.wp.com\/zeromagazine.mx\/wp-content\/uploads\/2025\/11\/SHEINBUENFINXSALSATM0249-scaled.jpeg?fit=1200%2C800&ssl=1&resize=525%2C300 1.5x, https:\/\/i0.wp.com\/zeromagazine.mx\/wp-content\/uploads\/2025\/11\/SHEINBUENFINXSALSATM0249-scaled.jpeg?fit=1200%2C800&ssl=1&resize=700%2C400 2x, https:\/\/i0.wp.com\/zeromagazine.mx\/wp-content\/uploads\/2025\/11\/SHEINBUENFINXSALSATM0249-scaled.jpeg?fit=1200%2C800&ssl=1&resize=1050%2C600 3x"},"classes":[]}],"jetpack_sharing_enabled":true,"builder_content":"","_links":{"self":[{"href":"https:\/\/zeromagazine.mx\/index.php\/wp-json\/wp\/v2\/posts\/106453","targetHints":{"allow":["GET"]}}],"collection":[{"href":"https:\/\/zeromagazine.mx\/index.php\/wp-json\/wp\/v2\/posts"}],"about":[{"href":"https:\/\/zeromagazine.mx\/index.php\/wp-json\/wp\/v2\/types\/post"}],"author":[{"embeddable":true,"href":"https:\/\/zeromagazine.mx\/index.php\/wp-json\/wp\/v2\/users\/4"}],"replies":[{"embeddable":true,"href":"https:\/\/zeromagazine.mx\/index.php\/wp-json\/wp\/v2\/comments?post=106453"}],"version-history":[{"count":4,"href":"https:\/\/zeromagazine.mx\/index.php\/wp-json\/wp\/v2\/posts\/106453\/revisions"}],"predecessor-version":[{"id":106463,"href":"https:\/\/zeromagazine.mx\/index.php\/wp-json\/wp\/v2\/posts\/106453\/revisions\/106463"}],"wp:featuredmedia":[{"embeddable":true,"href":"https:\/\/zeromagazine.mx\/index.php\/wp-json\/wp\/v2\/media\/106459"}],"wp:attachment":[{"href":"https:\/\/zeromagazine.mx\/index.php\/wp-json\/wp\/v2\/media?parent=106453"}],"wp:term":[{"taxonomy":"category","embeddable":true,"href":"https:\/\/zeromagazine.mx\/index.php\/wp-json\/wp\/v2\/categories?post=106453"},{"taxonomy":"post_tag","embeddable":true,"href":"https:\/\/zeromagazine.mx\/index.php\/wp-json\/wp\/v2\/tags?post=106453"}],"curies":[{"name":"wp","href":"https:\/\/api.w.org\/{rel}","templated":true}]}}