{"id":106480,"date":"2025-06-23T10:23:00","date_gmt":"2025-06-23T16:23:00","guid":{"rendered":"https:\/\/zeromagazine.mx\/?p=106480"},"modified":"2025-06-27T13:03:24","modified_gmt":"2025-06-27T19:03:24","slug":"sindrome-del-cuello-la-joraba-digital","status":"publish","type":"post","link":"https:\/\/zeromagazine.mx\/index.php\/2025\/06\/23\/sindrome-del-cuello-la-joraba-digital\/","title":{"rendered":"S\u00edndrome del cuello, el s\u00edntoma de la era digital"},"content":{"rendered":"<p>Amix, sabemos que hoy en d\u00eda vivir pegadxs al cel o la compu es parte del trip diario, pero neta tu cuerpo no est\u00e1 tan feliz con eso. Lo que le llaman <em>s\u00edndrome del cuello<\/em> \u2014o iHunch\u2014 est\u00e1 cada vez m\u00e1s presente, sobre todo entre nosotres que no soltamos el scroll. Y no es broma: inclinar la cabeza unos cent\u00edmetros de m\u00e1s puede cargar tu cuello con kilos extra, generando dolor, contracturas y hasta cambios en la columna. S\u00ed, suena intenso, pero es real. Pero descuida, es algo que se puede tratar, y aqu\u00ed te traigo info que te va ayudar.<\/p>\n\n\n\n<h2 class=\"wp-block-heading\"><strong>El s\u00edndrome del cuello va m\u00e1s all\u00e1 del cuello<\/strong><\/h2>\n\n\n\n<p>Porque no solo pega en el \u00e1rea cervical; el Dr. Jorge Cervantes explica que tambi\u00e9n se est\u00e1n viendo casos de tendinopat\u00edas en pulgares, molestias en mu\u00f1ecas y hasta \u201cWhatsAppitis\u201d, todo derivado de pasar horas con la misma postura. Y ni hablar de los dolores de cabeza tipo tensi\u00f3n que ya son parte de la vida de muchxs. <em>S\u00edndrome del cuello<\/em> es m\u00e1s que una mala posici\u00f3n, es una se\u00f1al de que nuestro cuerpo pide un break.<\/p>\n\n\n\n<h2 class=\"wp-block-heading\"><strong>El home office lo potenci\u00f3 ca\u00f1\u00f3n<\/strong><\/h2>\n\n\n\n<p>Con la pandemia y el teletrabajo, miles se quedaron sin ergonom\u00eda chida ni pausas, y ah\u00ed empez\u00f3 la pesadilla. El Dr. Cervantes cuenta que especialmente les morrxs en crecimiento son vulnerables, porque su columna a\u00fan se est\u00e1 formando, y pasar horas dobladxs hacia adelante puede provocar cifosis estructural (la famosa joroba) que luego es complicad\u00edsima de revertir. As\u00ed que ojo, banda.<\/p>\n\n\n<div class=\"wp-block-image\">\n<figure class=\"aligncenter size-large\"><img data-recalc-dims=\"1\" decoding=\"async\" width=\"1024\" height=\"683\" src=\"https:\/\/i0.wp.com\/zeromagazine.mx\/wp-content\/uploads\/2025\/06\/unnamed-2-1-1024x683.jpg?resize=1024%2C683&#038;ssl=1\" alt=\"\" class=\"wp-image-106481\" srcset=\"https:\/\/i0.wp.com\/zeromagazine.mx\/wp-content\/uploads\/2025\/06\/unnamed-2-1.jpg?resize=1024%2C683&amp;ssl=1 1024w, https:\/\/i0.wp.com\/zeromagazine.mx\/wp-content\/uploads\/2025\/06\/unnamed-2-1.jpg?resize=300%2C200&amp;ssl=1 300w, https:\/\/i0.wp.com\/zeromagazine.mx\/wp-content\/uploads\/2025\/06\/unnamed-2-1.jpg?resize=768%2C512&amp;ssl=1 768w, https:\/\/i0.wp.com\/zeromagazine.mx\/wp-content\/uploads\/2025\/06\/unnamed-2-1.jpg?resize=1536%2C1025&amp;ssl=1 1536w, https:\/\/i0.wp.com\/zeromagazine.mx\/wp-content\/uploads\/2025\/06\/unnamed-2-1.jpg?w=2048&amp;ssl=1 2048w\" sizes=\"(max-width: 1024px) 100vw, 1024px\" \/><\/figure>\n<\/div>\n\n\n<h2 class=\"wp-block-heading\"><strong>\u00bfQu\u00e9 podemos hacer para salvar el cuello?<\/strong><\/h2>\n\n\n\n<p>La buena noticia es que no todo est\u00e1 perdido. <em>S\u00edndrome del cuello<\/em> se puede prevenir con cosas s\u00faper sencillas: subir el cel a la altura de los ojos, mover los codos para apoyarte, tomar pausas activas cada 30 minutos y seguir la regla 20-20-20 (mirar a 6 metros de distancia cada 20 segundos cada 20 minutos). Adem\u00e1s, estirar cuello, hombros y mu\u00f1ecas ayuda un buen.<\/p>\n\n\n\n<h2 class=\"wp-block-heading\"><strong>No normalices el dolor<\/strong>, <strong>ni el s\u00edndrome del cuello<\/strong><\/h2>\n\n\n\n<p>Al m\u00ednimo malestar, ch\u00e9cate con especialistas como el Dr. Cervantes, porque la neta no queremos que el <em>s\u00edndrome del cuello<\/em> te arruine vibes ni planes. Si quieres leer m\u00e1s tips pro y cuidar tu postura sin drama, date una vuelta por <a class=\"\" href=\"https:\/\/www.spine-health.com\">https:\/\/www.spine-health.com<\/a>. Tu cuerpo te va a agradecer cada cent\u00edmetro de buena postura.<\/p>\n\n\n\n<p>Si quieres conocer m\u00e1s temas en salud y bienestar entra a <a href=\"https:\/\/zeromagazine.mx\/\">zeromagazine.mx<\/a><\/p>\n\n\n\n<script async src=\"https:\/\/pagead2.googlesyndication.com\/pagead\/js\/adsbygoogle.js?client=ca-pub-5499304793904745\"\n     crossorigin=\"anonymous\"><\/script>\n<ins class=\"adsbygoogle\"\n     style=\"display:block; text-align:center;\"\n     data-ad-layout=\"in-article\"\n     data-ad-format=\"fluid\"\n     data-ad-client=\"ca-pub-5499304793904745\"\n     data-ad-slot=\"5994863093\"><\/ins>\n<script>\n     (adsbygoogle = window.adsbygoogle || []).push({});\n<\/script>\n\n<!--themify_builder_content-->\n<div id=\"themify_builder_content-106480\" data-postid=\"106480\" class=\"themify_builder_content themify_builder_content-106480 themify_builder tf_clear\">\n    <\/div>\n<!--\/themify_builder_content-->","protected":false},"excerpt":{"rendered":"<p>Amix, sabemos que hoy en d\u00eda vivir pegadxs al cel o la compu es parte del trip diario, pero neta tu cuerpo no est\u00e1 tan feliz con eso. Lo que le llaman s\u00edndrome del cuello \u2014o iHunch\u2014 est\u00e1 cada vez m\u00e1s presente, sobre todo entre nosotres que no soltamos el scroll. Y no es broma: [&hellip;]<\/p>\n","protected":false},"author":4,"featured_media":106482,"comment_status":"open","ping_status":"open","sticky":false,"template":"","format":"standard","meta":{"_jetpack_memberships_contains_paid_content":false,"footnotes":"","jetpack_publicize_message":"","jetpack_publicize_feature_enabled":true,"jetpack_social_post_already_shared":true,"jetpack_social_options":{"image_generator_settings":{"template":"highway","default_image_id":0,"font":"","enabled":false},"version":2}},"categories":[45],"tags":[13379,14083,9523,14084],"class_list":["post-106480","post","type-post","status-publish","format-standard","has-post-thumbnail","hentry","category-bienestar","tag-dr-jorge-cervantes","tag-joroba-digital","tag-salud-y-bienestar","tag-sindrome-del-cuello","has-post-title","has-post-date","has-post-category","has-post-tag","has-post-comment","has-post-author",""],"yoast_head":"<!-- This site is optimized with the Yoast SEO plugin v27.5 - https:\/\/yoast.com\/product\/yoast-seo-wordpress\/ -->\n<title>S\u00edndrome del cuello, el s\u00edntoma de la era digital - Zero Magazine<\/title>\n<meta name=\"description\" content=\"\u00bfSab\u00edas que podr\u00edas estar sufriendo el s\u00edndrome del cuello? As\u00ed es, tambi\u00e9n se le llama joroba digital. \u00a1Inf\u00f3rmate y prevenla!\" \/>\n<meta name=\"robots\" content=\"index, follow, max-snippet:-1, max-image-preview:large, max-video-preview:-1\" \/>\n<link rel=\"canonical\" href=\"https:\/\/zeromagazine.mx\/index.php\/2025\/06\/23\/sindrome-del-cuello-la-joraba-digital\/\" \/>\n<meta property=\"og:locale\" content=\"es_ES\" \/>\n<meta property=\"og:type\" content=\"article\" \/>\n<meta property=\"og:title\" content=\"S\u00edndrome del cuello, el s\u00edntoma de la era digital - Zero Magazine\" \/>\n<meta property=\"og:description\" content=\"\u00bfSab\u00edas que podr\u00edas estar sufriendo el s\u00edndrome del cuello? As\u00ed es, tambi\u00e9n se le llama joroba digital. \u00a1Inf\u00f3rmate y prevenla!\" \/>\n<meta property=\"og:url\" content=\"https:\/\/zeromagazine.mx\/index.php\/2025\/06\/23\/sindrome-del-cuello-la-joraba-digital\/\" \/>\n<meta property=\"og:site_name\" content=\"Zero Magazine\" \/>\n<meta property=\"article:published_time\" content=\"2025-06-23T16:23:00+00:00\" \/>\n<meta property=\"article:modified_time\" content=\"2025-06-27T19:03:24+00:00\" \/>\n<meta property=\"og:image\" content=\"http:\/\/zeromagazine.mx\/wp-content\/uploads\/2025\/06\/chica-con-gadget-en-la-calle-scaled.jpg\" \/>\n\t<meta property=\"og:image:width\" content=\"2560\" \/>\n\t<meta property=\"og:image:height\" content=\"1707\" \/>\n\t<meta property=\"og:image:type\" content=\"image\/jpeg\" \/>\n<meta name=\"author\" content=\"David Morales\" \/>\n<meta name=\"twitter:card\" content=\"summary_large_image\" \/>\n<meta name=\"twitter:label1\" content=\"Escrito por\" \/>\n\t<meta name=\"twitter:data1\" content=\"David Morales\" \/>\n\t<meta name=\"twitter:label2\" content=\"Tiempo de lectura\" \/>\n\t<meta name=\"twitter:data2\" content=\"3 minutos\" \/>\n<script type=\"application\/ld+json\" class=\"yoast-schema-graph\">{\"@context\":\"https:\\\/\\\/schema.org\",\"@graph\":[{\"@type\":\"Article\",\"@id\":\"https:\\\/\\\/zeromagazine.mx\\\/index.php\\\/2025\\\/06\\\/23\\\/sindrome-del-cuello-la-joraba-digital\\\/#article\",\"isPartOf\":{\"@id\":\"https:\\\/\\\/zeromagazine.mx\\\/index.php\\\/2025\\\/06\\\/23\\\/sindrome-del-cuello-la-joraba-digital\\\/\"},\"author\":{\"name\":\"David Morales\",\"@id\":\"https:\\\/\\\/zeromagazine.mx\\\/#\\\/schema\\\/person\\\/9f7f1a17c60ba8e9980e3e6677aabe5a\"},\"headline\":\"S\u00edndrome del cuello, el s\u00edntoma de la era digital\",\"datePublished\":\"2025-06-23T16:23:00+00:00\",\"dateModified\":\"2025-06-27T19:03:24+00:00\",\"mainEntityOfPage\":{\"@id\":\"https:\\\/\\\/zeromagazine.mx\\\/index.php\\\/2025\\\/06\\\/23\\\/sindrome-del-cuello-la-joraba-digital\\\/\"},\"wordCount\":442,\"commentCount\":0,\"publisher\":{\"@id\":\"https:\\\/\\\/zeromagazine.mx\\\/#organization\"},\"image\":{\"@id\":\"https:\\\/\\\/zeromagazine.mx\\\/index.php\\\/2025\\\/06\\\/23\\\/sindrome-del-cuello-la-joraba-digital\\\/#primaryimage\"},\"thumbnailUrl\":\"https:\\\/\\\/i0.wp.com\\\/zeromagazine.mx\\\/wp-content\\\/uploads\\\/2025\\\/06\\\/chica-con-gadget-en-la-calle-scaled.jpg?fit=2560%2C1707&ssl=1\",\"keywords\":[\"Dr. Jorge Cervantes\",\"joroba digital\",\"Salud y Bienestar\",\"s\u00edndrome del cuello\"],\"articleSection\":[\"Bienestar\"],\"inLanguage\":\"es\",\"potentialAction\":[{\"@type\":\"CommentAction\",\"name\":\"Comment\",\"target\":[\"https:\\\/\\\/zeromagazine.mx\\\/index.php\\\/2025\\\/06\\\/23\\\/sindrome-del-cuello-la-joraba-digital\\\/#respond\"]}]},{\"@type\":\"WebPage\",\"@id\":\"https:\\\/\\\/zeromagazine.mx\\\/index.php\\\/2025\\\/06\\\/23\\\/sindrome-del-cuello-la-joraba-digital\\\/\",\"url\":\"https:\\\/\\\/zeromagazine.mx\\\/index.php\\\/2025\\\/06\\\/23\\\/sindrome-del-cuello-la-joraba-digital\\\/\",\"name\":\"S\u00edndrome del cuello, el s\u00edntoma de la era digital - Zero Magazine\",\"isPartOf\":{\"@id\":\"https:\\\/\\\/zeromagazine.mx\\\/#website\"},\"primaryImageOfPage\":{\"@id\":\"https:\\\/\\\/zeromagazine.mx\\\/index.php\\\/2025\\\/06\\\/23\\\/sindrome-del-cuello-la-joraba-digital\\\/#primaryimage\"},\"image\":{\"@id\":\"https:\\\/\\\/zeromagazine.mx\\\/index.php\\\/2025\\\/06\\\/23\\\/sindrome-del-cuello-la-joraba-digital\\\/#primaryimage\"},\"thumbnailUrl\":\"https:\\\/\\\/i0.wp.com\\\/zeromagazine.mx\\\/wp-content\\\/uploads\\\/2025\\\/06\\\/chica-con-gadget-en-la-calle-scaled.jpg?fit=2560%2C1707&ssl=1\",\"datePublished\":\"2025-06-23T16:23:00+00:00\",\"dateModified\":\"2025-06-27T19:03:24+00:00\",\"description\":\"\u00bfSab\u00edas que podr\u00edas estar sufriendo el s\u00edndrome del cuello? As\u00ed es, tambi\u00e9n se le llama joroba digital. \u00a1Inf\u00f3rmate y prevenla!\",\"breadcrumb\":{\"@id\":\"https:\\\/\\\/zeromagazine.mx\\\/index.php\\\/2025\\\/06\\\/23\\\/sindrome-del-cuello-la-joraba-digital\\\/#breadcrumb\"},\"inLanguage\":\"es\",\"potentialAction\":[{\"@type\":\"ReadAction\",\"target\":[\"https:\\\/\\\/zeromagazine.mx\\\/index.php\\\/2025\\\/06\\\/23\\\/sindrome-del-cuello-la-joraba-digital\\\/\"]}]},{\"@type\":\"ImageObject\",\"inLanguage\":\"es\",\"@id\":\"https:\\\/\\\/zeromagazine.mx\\\/index.php\\\/2025\\\/06\\\/23\\\/sindrome-del-cuello-la-joraba-digital\\\/#primaryimage\",\"url\":\"https:\\\/\\\/i0.wp.com\\\/zeromagazine.mx\\\/wp-content\\\/uploads\\\/2025\\\/06\\\/chica-con-gadget-en-la-calle-scaled.jpg?fit=2560%2C1707&ssl=1\",\"contentUrl\":\"https:\\\/\\\/i0.wp.com\\\/zeromagazine.mx\\\/wp-content\\\/uploads\\\/2025\\\/06\\\/chica-con-gadget-en-la-calle-scaled.jpg?fit=2560%2C1707&ssl=1\",\"width\":2560,\"height\":1707},{\"@type\":\"BreadcrumbList\",\"@id\":\"https:\\\/\\\/zeromagazine.mx\\\/index.php\\\/2025\\\/06\\\/23\\\/sindrome-del-cuello-la-joraba-digital\\\/#breadcrumb\",\"itemListElement\":[{\"@type\":\"ListItem\",\"position\":1,\"name\":\"Portada\",\"item\":\"https:\\\/\\\/zeromagazine.mx\\\/\"},{\"@type\":\"ListItem\",\"position\":2,\"name\":\"S\u00edndrome del cuello, el s\u00edntoma de la era digital\"}]},{\"@type\":\"WebSite\",\"@id\":\"https:\\\/\\\/zeromagazine.mx\\\/#website\",\"url\":\"https:\\\/\\\/zeromagazine.mx\\\/\",\"name\":\"Zero Magazine\",\"description\":\"\",\"publisher\":{\"@id\":\"https:\\\/\\\/zeromagazine.mx\\\/#organization\"},\"potentialAction\":[{\"@type\":\"SearchAction\",\"target\":{\"@type\":\"EntryPoint\",\"urlTemplate\":\"https:\\\/\\\/zeromagazine.mx\\\/?s={search_term_string}\"},\"query-input\":{\"@type\":\"PropertyValueSpecification\",\"valueRequired\":true,\"valueName\":\"search_term_string\"}}],\"inLanguage\":\"es\"},{\"@type\":\"Organization\",\"@id\":\"https:\\\/\\\/zeromagazine.mx\\\/#organization\",\"name\":\"Zero Magazine\",\"url\":\"https:\\\/\\\/zeromagazine.mx\\\/\",\"logo\":{\"@type\":\"ImageObject\",\"inLanguage\":\"es\",\"@id\":\"https:\\\/\\\/zeromagazine.mx\\\/#\\\/schema\\\/logo\\\/image\\\/\",\"url\":\"https:\\\/\\\/i0.wp.com\\\/zeromagazine.mx\\\/wp-content\\\/uploads\\\/2025\\\/11\\\/1.jpeg?fit=1000%2C1000&ssl=1\",\"contentUrl\":\"https:\\\/\\\/i0.wp.com\\\/zeromagazine.mx\\\/wp-content\\\/uploads\\\/2025\\\/11\\\/1.jpeg?fit=1000%2C1000&ssl=1\",\"width\":1000,\"height\":1000,\"caption\":\"Zero Magazine\"},\"image\":{\"@id\":\"https:\\\/\\\/zeromagazine.mx\\\/#\\\/schema\\\/logo\\\/image\\\/\"},\"sameAs\":[\"https:\\\/\\\/instagram.com\\\/zeromagazinemx\"]},{\"@type\":\"Person\",\"@id\":\"https:\\\/\\\/zeromagazine.mx\\\/#\\\/schema\\\/person\\\/9f7f1a17c60ba8e9980e3e6677aabe5a\",\"name\":\"David Morales\",\"image\":{\"@type\":\"ImageObject\",\"inLanguage\":\"es\",\"@id\":\"https:\\\/\\\/zeromagazine.mx\\\/wp-content\\\/litespeed\\\/avatar\\\/76069d2136bfc1c37dc34815bb67ca42.jpg?ver=1777571067\",\"url\":\"https:\\\/\\\/zeromagazine.mx\\\/wp-content\\\/litespeed\\\/avatar\\\/76069d2136bfc1c37dc34815bb67ca42.jpg?ver=1777571067\",\"contentUrl\":\"https:\\\/\\\/zeromagazine.mx\\\/wp-content\\\/litespeed\\\/avatar\\\/76069d2136bfc1c37dc34815bb67ca42.jpg?ver=1777571067\",\"caption\":\"David Morales\"},\"url\":\"https:\\\/\\\/zeromagazine.mx\\\/index.php\\\/author\\\/david\\\/\"}]}<\/script>\n<!-- \/ Yoast SEO plugin. -->","yoast_head_json":{"title":"S\u00edndrome del cuello, el s\u00edntoma de la era digital - Zero Magazine","description":"\u00bfSab\u00edas que podr\u00edas estar sufriendo el s\u00edndrome del cuello? As\u00ed es, tambi\u00e9n se le llama joroba digital. \u00a1Inf\u00f3rmate y prevenla!","robots":{"index":"index","follow":"follow","max-snippet":"max-snippet:-1","max-image-preview":"max-image-preview:large","max-video-preview":"max-video-preview:-1"},"canonical":"https:\/\/zeromagazine.mx\/index.php\/2025\/06\/23\/sindrome-del-cuello-la-joraba-digital\/","og_locale":"es_ES","og_type":"article","og_title":"S\u00edndrome del cuello, el s\u00edntoma de la era digital - Zero Magazine","og_description":"\u00bfSab\u00edas que podr\u00edas estar sufriendo el s\u00edndrome del cuello? As\u00ed es, tambi\u00e9n se le llama joroba digital. \u00a1Inf\u00f3rmate y prevenla!","og_url":"https:\/\/zeromagazine.mx\/index.php\/2025\/06\/23\/sindrome-del-cuello-la-joraba-digital\/","og_site_name":"Zero Magazine","article_published_time":"2025-06-23T16:23:00+00:00","article_modified_time":"2025-06-27T19:03:24+00:00","og_image":[{"width":2560,"height":1707,"url":"http:\/\/zeromagazine.mx\/wp-content\/uploads\/2025\/06\/chica-con-gadget-en-la-calle-scaled.jpg","type":"image\/jpeg"}],"author":"David Morales","twitter_card":"summary_large_image","twitter_misc":{"Escrito por":"David Morales","Tiempo de lectura":"3 minutos"},"schema":{"@context":"https:\/\/schema.org","@graph":[{"@type":"Article","@id":"https:\/\/zeromagazine.mx\/index.php\/2025\/06\/23\/sindrome-del-cuello-la-joraba-digital\/#article","isPartOf":{"@id":"https:\/\/zeromagazine.mx\/index.php\/2025\/06\/23\/sindrome-del-cuello-la-joraba-digital\/"},"author":{"name":"David Morales","@id":"https:\/\/zeromagazine.mx\/#\/schema\/person\/9f7f1a17c60ba8e9980e3e6677aabe5a"},"headline":"S\u00edndrome del cuello, el s\u00edntoma de la era digital","datePublished":"2025-06-23T16:23:00+00:00","dateModified":"2025-06-27T19:03:24+00:00","mainEntityOfPage":{"@id":"https:\/\/zeromagazine.mx\/index.php\/2025\/06\/23\/sindrome-del-cuello-la-joraba-digital\/"},"wordCount":442,"commentCount":0,"publisher":{"@id":"https:\/\/zeromagazine.mx\/#organization"},"image":{"@id":"https:\/\/zeromagazine.mx\/index.php\/2025\/06\/23\/sindrome-del-cuello-la-joraba-digital\/#primaryimage"},"thumbnailUrl":"https:\/\/i0.wp.com\/zeromagazine.mx\/wp-content\/uploads\/2025\/06\/chica-con-gadget-en-la-calle-scaled.jpg?fit=2560%2C1707&ssl=1","keywords":["Dr. Jorge Cervantes","joroba digital","Salud y Bienestar","s\u00edndrome del cuello"],"articleSection":["Bienestar"],"inLanguage":"es","potentialAction":[{"@type":"CommentAction","name":"Comment","target":["https:\/\/zeromagazine.mx\/index.php\/2025\/06\/23\/sindrome-del-cuello-la-joraba-digital\/#respond"]}]},{"@type":"WebPage","@id":"https:\/\/zeromagazine.mx\/index.php\/2025\/06\/23\/sindrome-del-cuello-la-joraba-digital\/","url":"https:\/\/zeromagazine.mx\/index.php\/2025\/06\/23\/sindrome-del-cuello-la-joraba-digital\/","name":"S\u00edndrome del cuello, el s\u00edntoma de la era digital - Zero Magazine","isPartOf":{"@id":"https:\/\/zeromagazine.mx\/#website"},"primaryImageOfPage":{"@id":"https:\/\/zeromagazine.mx\/index.php\/2025\/06\/23\/sindrome-del-cuello-la-joraba-digital\/#primaryimage"},"image":{"@id":"https:\/\/zeromagazine.mx\/index.php\/2025\/06\/23\/sindrome-del-cuello-la-joraba-digital\/#primaryimage"},"thumbnailUrl":"https:\/\/i0.wp.com\/zeromagazine.mx\/wp-content\/uploads\/2025\/06\/chica-con-gadget-en-la-calle-scaled.jpg?fit=2560%2C1707&ssl=1","datePublished":"2025-06-23T16:23:00+00:00","dateModified":"2025-06-27T19:03:24+00:00","description":"\u00bfSab\u00edas que podr\u00edas estar sufriendo el s\u00edndrome del cuello? As\u00ed es, tambi\u00e9n se le llama joroba digital. \u00a1Inf\u00f3rmate y prevenla!","breadcrumb":{"@id":"https:\/\/zeromagazine.mx\/index.php\/2025\/06\/23\/sindrome-del-cuello-la-joraba-digital\/#breadcrumb"},"inLanguage":"es","potentialAction":[{"@type":"ReadAction","target":["https:\/\/zeromagazine.mx\/index.php\/2025\/06\/23\/sindrome-del-cuello-la-joraba-digital\/"]}]},{"@type":"ImageObject","inLanguage":"es","@id":"https:\/\/zeromagazine.mx\/index.php\/2025\/06\/23\/sindrome-del-cuello-la-joraba-digital\/#primaryimage","url":"https:\/\/i0.wp.com\/zeromagazine.mx\/wp-content\/uploads\/2025\/06\/chica-con-gadget-en-la-calle-scaled.jpg?fit=2560%2C1707&ssl=1","contentUrl":"https:\/\/i0.wp.com\/zeromagazine.mx\/wp-content\/uploads\/2025\/06\/chica-con-gadget-en-la-calle-scaled.jpg?fit=2560%2C1707&ssl=1","width":2560,"height":1707},{"@type":"BreadcrumbList","@id":"https:\/\/zeromagazine.mx\/index.php\/2025\/06\/23\/sindrome-del-cuello-la-joraba-digital\/#breadcrumb","itemListElement":[{"@type":"ListItem","position":1,"name":"Portada","item":"https:\/\/zeromagazine.mx\/"},{"@type":"ListItem","position":2,"name":"S\u00edndrome del cuello, el s\u00edntoma de la era digital"}]},{"@type":"WebSite","@id":"https:\/\/zeromagazine.mx\/#website","url":"https:\/\/zeromagazine.mx\/","name":"Zero Magazine","description":"","publisher":{"@id":"https:\/\/zeromagazine.mx\/#organization"},"potentialAction":[{"@type":"SearchAction","target":{"@type":"EntryPoint","urlTemplate":"https:\/\/zeromagazine.mx\/?s={search_term_string}"},"query-input":{"@type":"PropertyValueSpecification","valueRequired":true,"valueName":"search_term_string"}}],"inLanguage":"es"},{"@type":"Organization","@id":"https:\/\/zeromagazine.mx\/#organization","name":"Zero Magazine","url":"https:\/\/zeromagazine.mx\/","logo":{"@type":"ImageObject","inLanguage":"es","@id":"https:\/\/zeromagazine.mx\/#\/schema\/logo\/image\/","url":"https:\/\/i0.wp.com\/zeromagazine.mx\/wp-content\/uploads\/2025\/11\/1.jpeg?fit=1000%2C1000&ssl=1","contentUrl":"https:\/\/i0.wp.com\/zeromagazine.mx\/wp-content\/uploads\/2025\/11\/1.jpeg?fit=1000%2C1000&ssl=1","width":1000,"height":1000,"caption":"Zero Magazine"},"image":{"@id":"https:\/\/zeromagazine.mx\/#\/schema\/logo\/image\/"},"sameAs":["https:\/\/instagram.com\/zeromagazinemx"]},{"@type":"Person","@id":"https:\/\/zeromagazine.mx\/#\/schema\/person\/9f7f1a17c60ba8e9980e3e6677aabe5a","name":"David Morales","image":{"@type":"ImageObject","inLanguage":"es","@id":"https:\/\/zeromagazine.mx\/wp-content\/litespeed\/avatar\/76069d2136bfc1c37dc34815bb67ca42.jpg?ver=1777571067","url":"https:\/\/zeromagazine.mx\/wp-content\/litespeed\/avatar\/76069d2136bfc1c37dc34815bb67ca42.jpg?ver=1777571067","contentUrl":"https:\/\/zeromagazine.mx\/wp-content\/litespeed\/avatar\/76069d2136bfc1c37dc34815bb67ca42.jpg?ver=1777571067","caption":"David Morales"},"url":"https:\/\/zeromagazine.mx\/index.php\/author\/david\/"}]}},"jetpack_publicize_connections":[],"jetpack_featured_media_url":"https:\/\/i0.wp.com\/zeromagazine.mx\/wp-content\/uploads\/2025\/06\/chica-con-gadget-en-la-calle-scaled.jpg?fit=2560%2C1707&ssl=1","jetpack-related-posts":[{"id":101981,"url":"https:\/\/zeromagazine.mx\/index.php\/2025\/04\/21\/moverse-es-sanar\/","url_meta":{"origin":106480,"position":0},"title":"Moverse Es Sanar","author":"David Morales","date":"21 de abril de 2025","format":false,"excerpt":"Amix, \u00bfcu\u00e1ntas horas llevas sentade frente a la compu o el cel? La neta, la vida moderna nos tiene en modo estatua y eso no est\u00e1 chido. El Dr. Jorge Cervantes, un ortopedista mega crack, nos tira el tip m\u00e1s valioso: moverse es sanar. Y no, no necesitas correr un\u2026","rel":"","context":"En \u00abBienestar\u00bb","block_context":{"text":"Bienestar","link":"https:\/\/zeromagazine.mx\/index.php\/category\/lifestyle\/bienestar\/"},"img":{"alt_text":"","src":"https:\/\/i0.wp.com\/zeromagazine.mx\/wp-content\/uploads\/2025\/04\/bruno-nascimento-PHIgYUGQPvU-unsplash-scaled.jpg?fit=1200%2C800&ssl=1&resize=350%2C200","width":350,"height":200,"srcset":"https:\/\/i0.wp.com\/zeromagazine.mx\/wp-content\/uploads\/2025\/04\/bruno-nascimento-PHIgYUGQPvU-unsplash-scaled.jpg?fit=1200%2C800&ssl=1&resize=350%2C200 1x, https:\/\/i0.wp.com\/zeromagazine.mx\/wp-content\/uploads\/2025\/04\/bruno-nascimento-PHIgYUGQPvU-unsplash-scaled.jpg?fit=1200%2C800&ssl=1&resize=525%2C300 1.5x, https:\/\/i0.wp.com\/zeromagazine.mx\/wp-content\/uploads\/2025\/04\/bruno-nascimento-PHIgYUGQPvU-unsplash-scaled.jpg?fit=1200%2C800&ssl=1&resize=700%2C400 2x, https:\/\/i0.wp.com\/zeromagazine.mx\/wp-content\/uploads\/2025\/04\/bruno-nascimento-PHIgYUGQPvU-unsplash-scaled.jpg?fit=1200%2C800&ssl=1&resize=1050%2C600 3x"},"classes":[]},{"id":91162,"url":"https:\/\/zeromagazine.mx\/index.php\/2024\/11\/19\/el-sindrome-del-impostor-en-la-chamba\/","url_meta":{"origin":106480,"position":1},"title":"El S\u00edndrome del Impostor en la Chamba","author":"zeromagazinemx","date":"19 de noviembre de 2024","format":false,"excerpt":"Amigxs \u00bfAlguna vez has sentido que no mereces estar donde est\u00e1s? Que, aunque todo el mundo te diga lo incre\u00edble que eres, tu mente sigue gritando que no tienes lo que se necesita para triunfar. Ese feeling de que est\u00e1s solo \"fingiendo\" ser alguien exitoso mientras todos te miran como\u2026","rel":"","context":"En \u00abBienestar\u00bb","block_context":{"text":"Bienestar","link":"https:\/\/zeromagazine.mx\/index.php\/category\/lifestyle\/bienestar\/"},"img":{"alt_text":"","src":"https:\/\/i0.wp.com\/zeromagazine.mx\/wp-content\/uploads\/2024\/11\/clienteno-1080x675-1.jpg?fit=1080%2C675&ssl=1&resize=350%2C200","width":350,"height":200,"srcset":"https:\/\/i0.wp.com\/zeromagazine.mx\/wp-content\/uploads\/2024\/11\/clienteno-1080x675-1.jpg?fit=1080%2C675&ssl=1&resize=350%2C200 1x, https:\/\/i0.wp.com\/zeromagazine.mx\/wp-content\/uploads\/2024\/11\/clienteno-1080x675-1.jpg?fit=1080%2C675&ssl=1&resize=525%2C300 1.5x, https:\/\/i0.wp.com\/zeromagazine.mx\/wp-content\/uploads\/2024\/11\/clienteno-1080x675-1.jpg?fit=1080%2C675&ssl=1&resize=700%2C400 2x, https:\/\/i0.wp.com\/zeromagazine.mx\/wp-content\/uploads\/2024\/11\/clienteno-1080x675-1.jpg?fit=1080%2C675&ssl=1&resize=1050%2C600 3x"},"classes":[]},{"id":99333,"url":"https:\/\/zeromagazine.mx\/index.php\/2025\/03\/21\/rompe-el-ciclo-de-comer-de-noche\/","url_meta":{"origin":106480,"position":2},"title":"Rompe El Ciclo De Comer De Noche","author":"David Morales","date":"21 de marzo de 2025","format":false,"excerpt":"Amix, si eres de lxs que a medianoche anda asaltando el refri como si no hubiera un ma\u00f1ana, puede que no solo sea antojo. Existe algo llamado S\u00edndrome del Comedor Nocturno (SCN), y no, no es solo una excusa para tragarte esa pizza a las 3 am. El SCN es\u2026","rel":"","context":"En \u00abBienestar\u00bb","block_context":{"text":"Bienestar","link":"https:\/\/zeromagazine.mx\/index.php\/category\/lifestyle\/bienestar\/"},"img":{"alt_text":"","src":"https:\/\/i0.wp.com\/zeromagazine.mx\/wp-content\/uploads\/2025\/03\/Que-es-el-sindrome-del-comedor-nocturno-NES-y-como-prevenirlo.jpeg?fit=640%2C417&ssl=1&resize=350%2C200","width":350,"height":200,"srcset":"https:\/\/i0.wp.com\/zeromagazine.mx\/wp-content\/uploads\/2025\/03\/Que-es-el-sindrome-del-comedor-nocturno-NES-y-como-prevenirlo.jpeg?fit=640%2C417&ssl=1&resize=350%2C200 1x, https:\/\/i0.wp.com\/zeromagazine.mx\/wp-content\/uploads\/2025\/03\/Que-es-el-sindrome-del-comedor-nocturno-NES-y-como-prevenirlo.jpeg?fit=640%2C417&ssl=1&resize=525%2C300 1.5x"},"classes":[]},{"id":51308,"url":"https:\/\/zeromagazine.mx\/index.php\/2021\/08\/01\/que-es-el-sindrome-de-quervain\/","url_meta":{"origin":106480,"position":3},"title":"\u00bfQU\u00c9 ES EL S\u00cdNDROME DE QUERVAIN?","author":"zeromagazinemx","date":"1 de agosto de 2021","format":false,"excerpt":"El s\u00edndrome de Quervain se clasifica dentro de las tendinopat\u00edas m\u00e1s comunes en la actualidad. Por Karla Paola Ruiz Arteaga Consiste en el incremento de la vascularidad de la vaina exterior, con edema y engrosamiento de la vaina y constricci\u00f3n del tend\u00f3n interior. El l\u00edquido sinovial tiende a aumentar y\u2026","rel":"","context":"En \u00abBienestar\u00bb","block_context":{"text":"Bienestar","link":"https:\/\/zeromagazine.mx\/index.php\/category\/lifestyle\/bienestar\/"},"img":{"alt_text":"","src":"","width":0,"height":0},"classes":[]},{"id":119670,"url":"https:\/\/zeromagazine.mx\/index.php\/2026\/04\/28\/tech-neck-cuidado-cuello-piel\/","url_meta":{"origin":106480,"position":4},"title":"Tech Neck arruina tu glow","author":"Luis Trujano","date":"28 de abril de 2026","format":false,"excerpt":"Hay algo que nadie te dijo cuando empezaste a vivir pegadx al celular: el cuello tambi\u00e9n cuenta tu historia. Y no, no estamos exagerando. El fen\u00f3meno conocido como tech neck ya no es solo cosa de adultos; se est\u00e1 convirtiendo en uno de los signos m\u00e1s visibles (y r\u00e1pidos) del\u2026","rel":"","context":"En \u00abBeauty\u00bb","block_context":{"text":"Beauty","link":"https:\/\/zeromagazine.mx\/index.php\/category\/beauty\/"},"img":{"alt_text":"","src":"https:\/\/i0.wp.com\/zeromagazine.mx\/wp-content\/uploads\/2026\/04\/mascarilla-te.png?fit=850%2C1134&ssl=1&resize=350%2C200","width":350,"height":200,"srcset":"https:\/\/i0.wp.com\/zeromagazine.mx\/wp-content\/uploads\/2026\/04\/mascarilla-te.png?fit=850%2C1134&ssl=1&resize=350%2C200 1x, https:\/\/i0.wp.com\/zeromagazine.mx\/wp-content\/uploads\/2026\/04\/mascarilla-te.png?fit=850%2C1134&ssl=1&resize=525%2C300 1.5x, https:\/\/i0.wp.com\/zeromagazine.mx\/wp-content\/uploads\/2026\/04\/mascarilla-te.png?fit=850%2C1134&ssl=1&resize=700%2C400 2x"},"classes":[]},{"id":79586,"url":"https:\/\/zeromagazine.mx\/index.php\/2024\/06\/27\/79586\/","url_meta":{"origin":106480,"position":5},"title":"Descubre la Revoluci\u00f3n Capilar: Lazard Hair Restoration llega a CDMX","author":"zeromagazinemx","date":"27 de junio de 2024","format":false,"excerpt":"\u00bfHas escuchado la \u00faltima? Lazard Hair Restoration est\u00e1 por abrir en la Ciudad de M\u00e9xico con un tratamiento revolucionario que va a cambiar el juego del cuidado capilar en nuestro pa\u00eds. Primero que nada, \u00bfQu\u00e9 onda con este nuevo lugar? Lazard Hair Restoration est\u00e1 rompi\u00e9ndola con tecnolog\u00eda de punta, espec\u00edficamente\u2026","rel":"","context":"En \u00abBienestar\u00bb","block_context":{"text":"Bienestar","link":"https:\/\/zeromagazine.mx\/index.php\/category\/lifestyle\/bienestar\/"},"img":{"alt_text":"","src":"https:\/\/i0.wp.com\/zeromagazine.mx\/wp-content\/uploads\/2024\/06\/Lazard-16-scaled.jpg?fit=1200%2C801&ssl=1&resize=350%2C200","width":350,"height":200,"srcset":"https:\/\/i0.wp.com\/zeromagazine.mx\/wp-content\/uploads\/2024\/06\/Lazard-16-scaled.jpg?fit=1200%2C801&ssl=1&resize=350%2C200 1x, https:\/\/i0.wp.com\/zeromagazine.mx\/wp-content\/uploads\/2024\/06\/Lazard-16-scaled.jpg?fit=1200%2C801&ssl=1&resize=525%2C300 1.5x, https:\/\/i0.wp.com\/zeromagazine.mx\/wp-content\/uploads\/2024\/06\/Lazard-16-scaled.jpg?fit=1200%2C801&ssl=1&resize=700%2C400 2x, https:\/\/i0.wp.com\/zeromagazine.mx\/wp-content\/uploads\/2024\/06\/Lazard-16-scaled.jpg?fit=1200%2C801&ssl=1&resize=1050%2C600 3x"},"classes":[]}],"jetpack_sharing_enabled":true,"builder_content":"","_links":{"self":[{"href":"https:\/\/zeromagazine.mx\/index.php\/wp-json\/wp\/v2\/posts\/106480","targetHints":{"allow":["GET"]}}],"collection":[{"href":"https:\/\/zeromagazine.mx\/index.php\/wp-json\/wp\/v2\/posts"}],"about":[{"href":"https:\/\/zeromagazine.mx\/index.php\/wp-json\/wp\/v2\/types\/post"}],"author":[{"embeddable":true,"href":"https:\/\/zeromagazine.mx\/index.php\/wp-json\/wp\/v2\/users\/4"}],"replies":[{"embeddable":true,"href":"https:\/\/zeromagazine.mx\/index.php\/wp-json\/wp\/v2\/comments?post=106480"}],"version-history":[{"count":1,"href":"https:\/\/zeromagazine.mx\/index.php\/wp-json\/wp\/v2\/posts\/106480\/revisions"}],"predecessor-version":[{"id":106483,"href":"https:\/\/zeromagazine.mx\/index.php\/wp-json\/wp\/v2\/posts\/106480\/revisions\/106483"}],"wp:featuredmedia":[{"embeddable":true,"href":"https:\/\/zeromagazine.mx\/index.php\/wp-json\/wp\/v2\/media\/106482"}],"wp:attachment":[{"href":"https:\/\/zeromagazine.mx\/index.php\/wp-json\/wp\/v2\/media?parent=106480"}],"wp:term":[{"taxonomy":"category","embeddable":true,"href":"https:\/\/zeromagazine.mx\/index.php\/wp-json\/wp\/v2\/categories?post=106480"},{"taxonomy":"post_tag","embeddable":true,"href":"https:\/\/zeromagazine.mx\/index.php\/wp-json\/wp\/v2\/tags?post=106480"}],"curies":[{"name":"wp","href":"https:\/\/api.w.org\/{rel}","templated":true}]}}