{"id":106484,"date":"2025-06-23T10:36:00","date_gmt":"2025-06-23T16:36:00","guid":{"rendered":"https:\/\/zeromagazine.mx\/?p=106484"},"modified":"2025-06-27T13:17:01","modified_gmt":"2025-06-27T19:17:01","slug":"expo-gastronomica-irlandesa","status":"publish","type":"post","link":"https:\/\/zeromagazine.mx\/index.php\/2025\/06\/23\/expo-gastronomica-irlandesa\/","title":{"rendered":"Expo gastron\u00f3mica irlandesa de la Destiler\u00eda San Patricio"},"content":{"rendered":"<p>Amix, si andas en mood foodie y con sed de la buena<strong>,<\/strong> pues te traigo un plan que debes de agendar; ya que del 25 al 27 de junio llega la <em>Expo gastron\u00f3mica de la Destiler\u00eda San Patricio<\/em>, un evento que no solo celebra la cocina chida, sino tambi\u00e9n la mixolog\u00eda de autor. Destiler\u00eda San Patricio va a estar presente en el CIEC-WTC con un stand lleno de magia l\u00edquida, donde podr\u00e1s probar sus destilados premium que mezclan tradici\u00f3n irlandesa con coraz\u00f3n mexicano. Literal, la joya para elevar tu paladar.<\/p>\n\n\n\n<h2 class=\"wp-block-heading\">Expo gastron\u00f3mica a otro nivel<\/h2>\n\n\n\n<p>Porque s\u00ed, en esta <em>Expo gastron\u00f3mica de la Destiler\u00eda San Patricio<\/em> podr\u00e1s probar el ic\u00f3nico Whiskey Battalion, el Vodka Paddy y el Gin Claddagh, que se han ganado fans gracias a su calidad y sabores \u00fanicos. Estos destilados no solo son buenos para la peda fina, sino tambi\u00e9n para inspirar a bartenders, restauranteros y toda la banda que ama la cocteler\u00eda creativa. As\u00ed que si te late descubrir tragos diferentes, date un rol por su booth.<\/p>\n\n\n<div class=\"wp-block-image\">\n<figure class=\"aligncenter size-large\"><img data-recalc-dims=\"1\" decoding=\"async\" width=\"1024\" height=\"683\" src=\"https:\/\/i0.wp.com\/zeromagazine.mx\/wp-content\/uploads\/2025\/06\/MIXOLOGIA-1024x683.jpg?resize=1024%2C683&#038;ssl=1\" alt=\"\" class=\"wp-image-106486\" srcset=\"https:\/\/i0.wp.com\/zeromagazine.mx\/wp-content\/uploads\/2025\/06\/MIXOLOGIA-scaled.jpg?resize=1024%2C683&amp;ssl=1 1024w, https:\/\/i0.wp.com\/zeromagazine.mx\/wp-content\/uploads\/2025\/06\/MIXOLOGIA-scaled.jpg?resize=300%2C200&amp;ssl=1 300w, https:\/\/i0.wp.com\/zeromagazine.mx\/wp-content\/uploads\/2025\/06\/MIXOLOGIA-scaled.jpg?resize=768%2C512&amp;ssl=1 768w, https:\/\/i0.wp.com\/zeromagazine.mx\/wp-content\/uploads\/2025\/06\/MIXOLOGIA-scaled.jpg?resize=1536%2C1024&amp;ssl=1 1536w, https:\/\/i0.wp.com\/zeromagazine.mx\/wp-content\/uploads\/2025\/06\/MIXOLOGIA-scaled.jpg?resize=2048%2C1365&amp;ssl=1 2048w, https:\/\/i0.wp.com\/zeromagazine.mx\/wp-content\/uploads\/2025\/06\/MIXOLOGIA-scaled.jpg?w=2330 2330w\" sizes=\"(max-width: 1024px) 100vw, 1024px\" \/><\/figure>\n<\/div>\n\n\n<h2 class=\"wp-block-heading\">Espacio para formar conexiones<\/h2>\n\n\n\n<p>El evento no se trata solo de tragar y beber, sino de hacer conexiones reales. Con m\u00e1s del 60\u202f% de asistentes que son decisores de compra y el 80\u202f% dedicados al food service, la <em>Expo gastron\u00f3mica de la Destiler\u00eda San Patricio<\/em> es el mejor spot para armar alianzas, conocer proveedores y cotorrear con gente clave de la industria. S\u00faper buena oportunidad si andas en mood networking.<\/p>\n\n\n\n<script async src=\"https:\/\/pagead2.googlesyndication.com\/pagead\/js\/adsbygoogle.js?client=ca-pub-5499304793904745\"\n     crossorigin=\"anonymous\"><\/script>\n<ins class=\"adsbygoogle\"\n     style=\"display:block; text-align:center;\"\n     data-ad-layout=\"in-article\"\n     data-ad-format=\"fluid\"\n     data-ad-client=\"ca-pub-5499304793904745\"\n     data-ad-slot=\"5994863093\"><\/ins>\n<script>\n     (adsbygoogle = window.adsbygoogle || []).push({});\n<\/script>\n\n\n\n<h2 class=\"wp-block-heading\">Un concepto con alma y tradici\u00f3n<\/h2>\n\n\n\n<p>Con el lema \u201ctradici\u00f3n irlandesa, coraz\u00f3n mexicano\u201d, Destiler\u00eda San Patricio busca darle una vibra diferente a la experiencia sensorial, rescatando t\u00e9cnicas artesanales y usando agua de alta monta\u00f1a. Esto hace que cada trago tenga un storytelling brutal, perfecto para quienes amamos los productos con identidad y cultura detr\u00e1s.<\/p>\n\n\n<div class=\"wp-block-image\">\n<figure class=\"aligncenter size-large\"><img data-recalc-dims=\"1\" decoding=\"async\" width=\"1024\" height=\"683\" src=\"https:\/\/i0.wp.com\/zeromagazine.mx\/wp-content\/uploads\/2025\/06\/POSTAL-7-1024x683.png?resize=1024%2C683&#038;ssl=1\" alt=\"\" class=\"wp-image-106487\" srcset=\"https:\/\/i0.wp.com\/zeromagazine.mx\/wp-content\/uploads\/2025\/06\/POSTAL-7.png?resize=1024%2C683&amp;ssl=1 1024w, https:\/\/i0.wp.com\/zeromagazine.mx\/wp-content\/uploads\/2025\/06\/POSTAL-7.png?resize=300%2C200&amp;ssl=1 300w, https:\/\/i0.wp.com\/zeromagazine.mx\/wp-content\/uploads\/2025\/06\/POSTAL-7.png?resize=768%2C512&amp;ssl=1 768w, https:\/\/i0.wp.com\/zeromagazine.mx\/wp-content\/uploads\/2025\/06\/POSTAL-7.png?w=1417&amp;ssl=1 1417w\" sizes=\"(max-width: 1024px) 100vw, 1024px\" \/><\/figure>\n<\/div>\n\n\n<h2 class=\"wp-block-heading\">Vive la expo gastron\u00f3mica irlandesa<\/h2>\n\n\n\n<p>As\u00ed que ya sabes, la <em>Expo gastron\u00f3mica de la Destiler\u00eda San Patricio<\/em> ser\u00e1 del 25 al 27 de junio, de 11\u202fa 19\u202fhrs en el WTC CDMX. Si quieres conocer m\u00e1s y armar tu plan con anticipaci\u00f3n, checa su web <a class=\"\" href=\"https:\/\/destileriasanpatricio.com.mx\">https:\/\/destileriasanpatricio.com.mx<\/a>. Ll\u00e9gale con tu crew, prueba, aprende y celebra la fusi\u00f3n de sabores. \u00a1Nos vemos ah\u00ed!<\/p>\n\n\n\n<p>Y si quieres conocer m\u00e1s recomendaciones de planes y lugares entra a<a href=\"https:\/\/zeromagazine.mx\/\"> zeromagazine.mx<\/a><\/p>\n\n\n\n<script async src=\"https:\/\/pagead2.googlesyndication.com\/pagead\/js\/adsbygoogle.js?client=ca-pub-5499304793904745\"\n     crossorigin=\"anonymous\"><\/script>\n<ins class=\"adsbygoogle\"\n     style=\"display:block; text-align:center;\"\n     data-ad-layout=\"in-article\"\n     data-ad-format=\"fluid\"\n     data-ad-client=\"ca-pub-5499304793904745\"\n     data-ad-slot=\"5994863093\"><\/ins>\n<script>\n     (adsbygoogle = window.adsbygoogle || []).push({});\n<\/script>\n\n<!--themify_builder_content-->\n<div id=\"themify_builder_content-106484\" data-postid=\"106484\" class=\"themify_builder_content themify_builder_content-106484 themify_builder tf_clear\">\n    <\/div>\n<!--\/themify_builder_content-->","protected":false},"excerpt":{"rendered":"<p>Amix, si andas en mood foodie y con sed de la buena, pues te traigo un plan que debes de agendar; ya que del 25 al 27 de junio llega la Expo gastron\u00f3mica de la Destiler\u00eda San Patricio, un evento que no solo celebra la cocina chida, sino tambi\u00e9n la mixolog\u00eda de autor. Destiler\u00eda San [&hellip;]<\/p>\n","protected":false},"author":4,"featured_media":106488,"comment_status":"open","ping_status":"open","sticky":false,"template":"","format":"standard","meta":{"_jetpack_memberships_contains_paid_content":false,"footnotes":"","jetpack_publicize_message":"","jetpack_publicize_feature_enabled":true,"jetpack_social_post_already_shared":true,"jetpack_social_options":{"image_generator_settings":{"template":"highway","default_image_id":0,"font":"","enabled":false},"version":2}},"categories":[322],"tags":[1598,8469,14087,4911,14085],"class_list":["post-106484","post","type-post","status-publish","format-standard","has-post-thumbnail","hentry","category-lugares","tag-cdmx","tag-destileria-san-patricio","tag-expo-gastronomica","tag-whisky","tag-wtc","has-post-title","has-post-date","has-post-category","has-post-tag","has-post-comment","has-post-author",""],"yoast_head":"<!-- This site is optimized with the Yoast SEO plugin v27.5 - https:\/\/yoast.com\/product\/yoast-seo-wordpress\/ -->\n<title>Expo gastron\u00f3mica irlandesa de la Destiler\u00eda San Patricio - Zero Magazine<\/title>\n<meta name=\"description\" content=\"\u00bfBuscas un plan top? Pues este 25 al 27 de junio puedes disfrutar de una expo gastron\u00f3mica irlandesa en Destiler\u00eda San Patricio.\" \/>\n<meta name=\"robots\" content=\"index, follow, max-snippet:-1, max-image-preview:large, max-video-preview:-1\" \/>\n<link rel=\"canonical\" href=\"https:\/\/zeromagazine.mx\/index.php\/2025\/06\/23\/expo-gastronomica-irlandesa\/\" \/>\n<meta property=\"og:locale\" content=\"es_ES\" \/>\n<meta property=\"og:type\" content=\"article\" \/>\n<meta property=\"og:title\" content=\"Expo gastron\u00f3mica irlandesa de la Destiler\u00eda San Patricio - Zero Magazine\" \/>\n<meta property=\"og:description\" content=\"\u00bfBuscas un plan top? Pues este 25 al 27 de junio puedes disfrutar de una expo gastron\u00f3mica irlandesa en Destiler\u00eda San Patricio.\" \/>\n<meta property=\"og:url\" content=\"https:\/\/zeromagazine.mx\/index.php\/2025\/06\/23\/expo-gastronomica-irlandesa\/\" \/>\n<meta property=\"og:site_name\" content=\"Zero Magazine\" \/>\n<meta property=\"article:published_time\" content=\"2025-06-23T16:36:00+00:00\" \/>\n<meta property=\"article:modified_time\" content=\"2025-06-27T19:17:01+00:00\" \/>\n<meta property=\"og:image\" content=\"http:\/\/zeromagazine.mx\/wp-content\/uploads\/2025\/06\/MANTEL-DE-CATA-1-scaled.jpg\" \/>\n\t<meta property=\"og:image:width\" content=\"2560\" \/>\n\t<meta property=\"og:image:height\" content=\"1706\" \/>\n\t<meta property=\"og:image:type\" content=\"image\/jpeg\" \/>\n<meta name=\"author\" content=\"David Morales\" \/>\n<meta name=\"twitter:card\" content=\"summary_large_image\" \/>\n<meta name=\"twitter:label1\" content=\"Escrito por\" \/>\n\t<meta name=\"twitter:data1\" content=\"David Morales\" \/>\n\t<meta name=\"twitter:label2\" content=\"Tiempo de lectura\" \/>\n\t<meta name=\"twitter:data2\" content=\"3 minutos\" \/>\n<script type=\"application\/ld+json\" class=\"yoast-schema-graph\">{\"@context\":\"https:\\\/\\\/schema.org\",\"@graph\":[{\"@type\":\"Article\",\"@id\":\"https:\\\/\\\/zeromagazine.mx\\\/index.php\\\/2025\\\/06\\\/23\\\/expo-gastronomica-irlandesa\\\/#article\",\"isPartOf\":{\"@id\":\"https:\\\/\\\/zeromagazine.mx\\\/index.php\\\/2025\\\/06\\\/23\\\/expo-gastronomica-irlandesa\\\/\"},\"author\":{\"name\":\"David Morales\",\"@id\":\"https:\\\/\\\/zeromagazine.mx\\\/#\\\/schema\\\/person\\\/9f7f1a17c60ba8e9980e3e6677aabe5a\"},\"headline\":\"Expo gastron\u00f3mica irlandesa de la Destiler\u00eda San Patricio\",\"datePublished\":\"2025-06-23T16:36:00+00:00\",\"dateModified\":\"2025-06-27T19:17:01+00:00\",\"mainEntityOfPage\":{\"@id\":\"https:\\\/\\\/zeromagazine.mx\\\/index.php\\\/2025\\\/06\\\/23\\\/expo-gastronomica-irlandesa\\\/\"},\"wordCount\":411,\"commentCount\":0,\"publisher\":{\"@id\":\"https:\\\/\\\/zeromagazine.mx\\\/#organization\"},\"image\":{\"@id\":\"https:\\\/\\\/zeromagazine.mx\\\/index.php\\\/2025\\\/06\\\/23\\\/expo-gastronomica-irlandesa\\\/#primaryimage\"},\"thumbnailUrl\":\"https:\\\/\\\/i0.wp.com\\\/zeromagazine.mx\\\/wp-content\\\/uploads\\\/2025\\\/06\\\/MANTEL-DE-CATA-1-scaled.jpg?fit=2560%2C1706&ssl=1\",\"keywords\":[\"CDMX\",\"Destiler\u00eda San Patricio\",\"Expo gastron\u00f3mica\",\"whisky\",\"WTC\"],\"articleSection\":[\"Viajes\"],\"inLanguage\":\"es\",\"potentialAction\":[{\"@type\":\"CommentAction\",\"name\":\"Comment\",\"target\":[\"https:\\\/\\\/zeromagazine.mx\\\/index.php\\\/2025\\\/06\\\/23\\\/expo-gastronomica-irlandesa\\\/#respond\"]}]},{\"@type\":\"WebPage\",\"@id\":\"https:\\\/\\\/zeromagazine.mx\\\/index.php\\\/2025\\\/06\\\/23\\\/expo-gastronomica-irlandesa\\\/\",\"url\":\"https:\\\/\\\/zeromagazine.mx\\\/index.php\\\/2025\\\/06\\\/23\\\/expo-gastronomica-irlandesa\\\/\",\"name\":\"Expo gastron\u00f3mica irlandesa de la Destiler\u00eda San Patricio - Zero Magazine\",\"isPartOf\":{\"@id\":\"https:\\\/\\\/zeromagazine.mx\\\/#website\"},\"primaryImageOfPage\":{\"@id\":\"https:\\\/\\\/zeromagazine.mx\\\/index.php\\\/2025\\\/06\\\/23\\\/expo-gastronomica-irlandesa\\\/#primaryimage\"},\"image\":{\"@id\":\"https:\\\/\\\/zeromagazine.mx\\\/index.php\\\/2025\\\/06\\\/23\\\/expo-gastronomica-irlandesa\\\/#primaryimage\"},\"thumbnailUrl\":\"https:\\\/\\\/i0.wp.com\\\/zeromagazine.mx\\\/wp-content\\\/uploads\\\/2025\\\/06\\\/MANTEL-DE-CATA-1-scaled.jpg?fit=2560%2C1706&ssl=1\",\"datePublished\":\"2025-06-23T16:36:00+00:00\",\"dateModified\":\"2025-06-27T19:17:01+00:00\",\"description\":\"\u00bfBuscas un plan top? Pues este 25 al 27 de junio puedes disfrutar de una expo gastron\u00f3mica irlandesa en Destiler\u00eda San Patricio.\",\"breadcrumb\":{\"@id\":\"https:\\\/\\\/zeromagazine.mx\\\/index.php\\\/2025\\\/06\\\/23\\\/expo-gastronomica-irlandesa\\\/#breadcrumb\"},\"inLanguage\":\"es\",\"potentialAction\":[{\"@type\":\"ReadAction\",\"target\":[\"https:\\\/\\\/zeromagazine.mx\\\/index.php\\\/2025\\\/06\\\/23\\\/expo-gastronomica-irlandesa\\\/\"]}]},{\"@type\":\"ImageObject\",\"inLanguage\":\"es\",\"@id\":\"https:\\\/\\\/zeromagazine.mx\\\/index.php\\\/2025\\\/06\\\/23\\\/expo-gastronomica-irlandesa\\\/#primaryimage\",\"url\":\"https:\\\/\\\/i0.wp.com\\\/zeromagazine.mx\\\/wp-content\\\/uploads\\\/2025\\\/06\\\/MANTEL-DE-CATA-1-scaled.jpg?fit=2560%2C1706&ssl=1\",\"contentUrl\":\"https:\\\/\\\/i0.wp.com\\\/zeromagazine.mx\\\/wp-content\\\/uploads\\\/2025\\\/06\\\/MANTEL-DE-CATA-1-scaled.jpg?fit=2560%2C1706&ssl=1\",\"width\":2560,\"height\":1706},{\"@type\":\"BreadcrumbList\",\"@id\":\"https:\\\/\\\/zeromagazine.mx\\\/index.php\\\/2025\\\/06\\\/23\\\/expo-gastronomica-irlandesa\\\/#breadcrumb\",\"itemListElement\":[{\"@type\":\"ListItem\",\"position\":1,\"name\":\"Portada\",\"item\":\"https:\\\/\\\/zeromagazine.mx\\\/\"},{\"@type\":\"ListItem\",\"position\":2,\"name\":\"Expo gastron\u00f3mica irlandesa de la Destiler\u00eda San Patricio\"}]},{\"@type\":\"WebSite\",\"@id\":\"https:\\\/\\\/zeromagazine.mx\\\/#website\",\"url\":\"https:\\\/\\\/zeromagazine.mx\\\/\",\"name\":\"Zero Magazine\",\"description\":\"\",\"publisher\":{\"@id\":\"https:\\\/\\\/zeromagazine.mx\\\/#organization\"},\"potentialAction\":[{\"@type\":\"SearchAction\",\"target\":{\"@type\":\"EntryPoint\",\"urlTemplate\":\"https:\\\/\\\/zeromagazine.mx\\\/?s={search_term_string}\"},\"query-input\":{\"@type\":\"PropertyValueSpecification\",\"valueRequired\":true,\"valueName\":\"search_term_string\"}}],\"inLanguage\":\"es\"},{\"@type\":\"Organization\",\"@id\":\"https:\\\/\\\/zeromagazine.mx\\\/#organization\",\"name\":\"Zero Magazine\",\"url\":\"https:\\\/\\\/zeromagazine.mx\\\/\",\"logo\":{\"@type\":\"ImageObject\",\"inLanguage\":\"es\",\"@id\":\"https:\\\/\\\/zeromagazine.mx\\\/#\\\/schema\\\/logo\\\/image\\\/\",\"url\":\"https:\\\/\\\/i0.wp.com\\\/zeromagazine.mx\\\/wp-content\\\/uploads\\\/2025\\\/11\\\/1.jpeg?fit=1000%2C1000&ssl=1\",\"contentUrl\":\"https:\\\/\\\/i0.wp.com\\\/zeromagazine.mx\\\/wp-content\\\/uploads\\\/2025\\\/11\\\/1.jpeg?fit=1000%2C1000&ssl=1\",\"width\":1000,\"height\":1000,\"caption\":\"Zero Magazine\"},\"image\":{\"@id\":\"https:\\\/\\\/zeromagazine.mx\\\/#\\\/schema\\\/logo\\\/image\\\/\"},\"sameAs\":[\"https:\\\/\\\/instagram.com\\\/zeromagazinemx\"]},{\"@type\":\"Person\",\"@id\":\"https:\\\/\\\/zeromagazine.mx\\\/#\\\/schema\\\/person\\\/9f7f1a17c60ba8e9980e3e6677aabe5a\",\"name\":\"David Morales\",\"image\":{\"@type\":\"ImageObject\",\"inLanguage\":\"es\",\"@id\":\"https:\\\/\\\/zeromagazine.mx\\\/wp-content\\\/litespeed\\\/avatar\\\/76069d2136bfc1c37dc34815bb67ca42.jpg?ver=1777571067\",\"url\":\"https:\\\/\\\/zeromagazine.mx\\\/wp-content\\\/litespeed\\\/avatar\\\/76069d2136bfc1c37dc34815bb67ca42.jpg?ver=1777571067\",\"contentUrl\":\"https:\\\/\\\/zeromagazine.mx\\\/wp-content\\\/litespeed\\\/avatar\\\/76069d2136bfc1c37dc34815bb67ca42.jpg?ver=1777571067\",\"caption\":\"David Morales\"},\"url\":\"https:\\\/\\\/zeromagazine.mx\\\/index.php\\\/author\\\/david\\\/\"}]}<\/script>\n<!-- \/ Yoast SEO plugin. -->","yoast_head_json":{"title":"Expo gastron\u00f3mica irlandesa de la Destiler\u00eda San Patricio - Zero Magazine","description":"\u00bfBuscas un plan top? Pues este 25 al 27 de junio puedes disfrutar de una expo gastron\u00f3mica irlandesa en Destiler\u00eda San Patricio.","robots":{"index":"index","follow":"follow","max-snippet":"max-snippet:-1","max-image-preview":"max-image-preview:large","max-video-preview":"max-video-preview:-1"},"canonical":"https:\/\/zeromagazine.mx\/index.php\/2025\/06\/23\/expo-gastronomica-irlandesa\/","og_locale":"es_ES","og_type":"article","og_title":"Expo gastron\u00f3mica irlandesa de la Destiler\u00eda San Patricio - Zero Magazine","og_description":"\u00bfBuscas un plan top? Pues este 25 al 27 de junio puedes disfrutar de una expo gastron\u00f3mica irlandesa en Destiler\u00eda San Patricio.","og_url":"https:\/\/zeromagazine.mx\/index.php\/2025\/06\/23\/expo-gastronomica-irlandesa\/","og_site_name":"Zero Magazine","article_published_time":"2025-06-23T16:36:00+00:00","article_modified_time":"2025-06-27T19:17:01+00:00","og_image":[{"width":2560,"height":1706,"url":"http:\/\/zeromagazine.mx\/wp-content\/uploads\/2025\/06\/MANTEL-DE-CATA-1-scaled.jpg","type":"image\/jpeg"}],"author":"David Morales","twitter_card":"summary_large_image","twitter_misc":{"Escrito por":"David Morales","Tiempo de lectura":"3 minutos"},"schema":{"@context":"https:\/\/schema.org","@graph":[{"@type":"Article","@id":"https:\/\/zeromagazine.mx\/index.php\/2025\/06\/23\/expo-gastronomica-irlandesa\/#article","isPartOf":{"@id":"https:\/\/zeromagazine.mx\/index.php\/2025\/06\/23\/expo-gastronomica-irlandesa\/"},"author":{"name":"David Morales","@id":"https:\/\/zeromagazine.mx\/#\/schema\/person\/9f7f1a17c60ba8e9980e3e6677aabe5a"},"headline":"Expo gastron\u00f3mica irlandesa de la Destiler\u00eda San Patricio","datePublished":"2025-06-23T16:36:00+00:00","dateModified":"2025-06-27T19:17:01+00:00","mainEntityOfPage":{"@id":"https:\/\/zeromagazine.mx\/index.php\/2025\/06\/23\/expo-gastronomica-irlandesa\/"},"wordCount":411,"commentCount":0,"publisher":{"@id":"https:\/\/zeromagazine.mx\/#organization"},"image":{"@id":"https:\/\/zeromagazine.mx\/index.php\/2025\/06\/23\/expo-gastronomica-irlandesa\/#primaryimage"},"thumbnailUrl":"https:\/\/i0.wp.com\/zeromagazine.mx\/wp-content\/uploads\/2025\/06\/MANTEL-DE-CATA-1-scaled.jpg?fit=2560%2C1706&ssl=1","keywords":["CDMX","Destiler\u00eda San Patricio","Expo gastron\u00f3mica","whisky","WTC"],"articleSection":["Viajes"],"inLanguage":"es","potentialAction":[{"@type":"CommentAction","name":"Comment","target":["https:\/\/zeromagazine.mx\/index.php\/2025\/06\/23\/expo-gastronomica-irlandesa\/#respond"]}]},{"@type":"WebPage","@id":"https:\/\/zeromagazine.mx\/index.php\/2025\/06\/23\/expo-gastronomica-irlandesa\/","url":"https:\/\/zeromagazine.mx\/index.php\/2025\/06\/23\/expo-gastronomica-irlandesa\/","name":"Expo gastron\u00f3mica irlandesa de la Destiler\u00eda San Patricio - Zero Magazine","isPartOf":{"@id":"https:\/\/zeromagazine.mx\/#website"},"primaryImageOfPage":{"@id":"https:\/\/zeromagazine.mx\/index.php\/2025\/06\/23\/expo-gastronomica-irlandesa\/#primaryimage"},"image":{"@id":"https:\/\/zeromagazine.mx\/index.php\/2025\/06\/23\/expo-gastronomica-irlandesa\/#primaryimage"},"thumbnailUrl":"https:\/\/i0.wp.com\/zeromagazine.mx\/wp-content\/uploads\/2025\/06\/MANTEL-DE-CATA-1-scaled.jpg?fit=2560%2C1706&ssl=1","datePublished":"2025-06-23T16:36:00+00:00","dateModified":"2025-06-27T19:17:01+00:00","description":"\u00bfBuscas un plan top? Pues este 25 al 27 de junio puedes disfrutar de una expo gastron\u00f3mica irlandesa en Destiler\u00eda San Patricio.","breadcrumb":{"@id":"https:\/\/zeromagazine.mx\/index.php\/2025\/06\/23\/expo-gastronomica-irlandesa\/#breadcrumb"},"inLanguage":"es","potentialAction":[{"@type":"ReadAction","target":["https:\/\/zeromagazine.mx\/index.php\/2025\/06\/23\/expo-gastronomica-irlandesa\/"]}]},{"@type":"ImageObject","inLanguage":"es","@id":"https:\/\/zeromagazine.mx\/index.php\/2025\/06\/23\/expo-gastronomica-irlandesa\/#primaryimage","url":"https:\/\/i0.wp.com\/zeromagazine.mx\/wp-content\/uploads\/2025\/06\/MANTEL-DE-CATA-1-scaled.jpg?fit=2560%2C1706&ssl=1","contentUrl":"https:\/\/i0.wp.com\/zeromagazine.mx\/wp-content\/uploads\/2025\/06\/MANTEL-DE-CATA-1-scaled.jpg?fit=2560%2C1706&ssl=1","width":2560,"height":1706},{"@type":"BreadcrumbList","@id":"https:\/\/zeromagazine.mx\/index.php\/2025\/06\/23\/expo-gastronomica-irlandesa\/#breadcrumb","itemListElement":[{"@type":"ListItem","position":1,"name":"Portada","item":"https:\/\/zeromagazine.mx\/"},{"@type":"ListItem","position":2,"name":"Expo gastron\u00f3mica irlandesa de la Destiler\u00eda San Patricio"}]},{"@type":"WebSite","@id":"https:\/\/zeromagazine.mx\/#website","url":"https:\/\/zeromagazine.mx\/","name":"Zero Magazine","description":"","publisher":{"@id":"https:\/\/zeromagazine.mx\/#organization"},"potentialAction":[{"@type":"SearchAction","target":{"@type":"EntryPoint","urlTemplate":"https:\/\/zeromagazine.mx\/?s={search_term_string}"},"query-input":{"@type":"PropertyValueSpecification","valueRequired":true,"valueName":"search_term_string"}}],"inLanguage":"es"},{"@type":"Organization","@id":"https:\/\/zeromagazine.mx\/#organization","name":"Zero Magazine","url":"https:\/\/zeromagazine.mx\/","logo":{"@type":"ImageObject","inLanguage":"es","@id":"https:\/\/zeromagazine.mx\/#\/schema\/logo\/image\/","url":"https:\/\/i0.wp.com\/zeromagazine.mx\/wp-content\/uploads\/2025\/11\/1.jpeg?fit=1000%2C1000&ssl=1","contentUrl":"https:\/\/i0.wp.com\/zeromagazine.mx\/wp-content\/uploads\/2025\/11\/1.jpeg?fit=1000%2C1000&ssl=1","width":1000,"height":1000,"caption":"Zero Magazine"},"image":{"@id":"https:\/\/zeromagazine.mx\/#\/schema\/logo\/image\/"},"sameAs":["https:\/\/instagram.com\/zeromagazinemx"]},{"@type":"Person","@id":"https:\/\/zeromagazine.mx\/#\/schema\/person\/9f7f1a17c60ba8e9980e3e6677aabe5a","name":"David Morales","image":{"@type":"ImageObject","inLanguage":"es","@id":"https:\/\/zeromagazine.mx\/wp-content\/litespeed\/avatar\/76069d2136bfc1c37dc34815bb67ca42.jpg?ver=1777571067","url":"https:\/\/zeromagazine.mx\/wp-content\/litespeed\/avatar\/76069d2136bfc1c37dc34815bb67ca42.jpg?ver=1777571067","contentUrl":"https:\/\/zeromagazine.mx\/wp-content\/litespeed\/avatar\/76069d2136bfc1c37dc34815bb67ca42.jpg?ver=1777571067","caption":"David Morales"},"url":"https:\/\/zeromagazine.mx\/index.php\/author\/david\/"}]}},"jetpack_publicize_connections":[],"jetpack_featured_media_url":"https:\/\/i0.wp.com\/zeromagazine.mx\/wp-content\/uploads\/2025\/06\/MANTEL-DE-CATA-1-scaled.jpg?fit=2560%2C1706&ssl=1","jetpack-related-posts":[{"id":77410,"url":"https:\/\/zeromagazine.mx\/index.php\/2024\/06\/07\/vive-el-dia-del-padre-como-nunca-en-destileria-san-patricio-una-experiencia-unica-y-memorable\/","url_meta":{"origin":106484,"position":0},"title":"Vive el D\u00eda del Padre como nunca en Destiler\u00eda San Patricio: una experiencia \u00fanica y memorable","author":"David Morales","date":"7 de junio de 2024","format":false,"excerpt":"Se viene el D\u00eda del Padre y, si andas buscando un plan nice y diferente, d\u00e9jame contarte de una joyita que encontr\u00e9: Destiler\u00eda San Patricio. Este lugar est\u00e1 en las faldas de los impresionantes volcanes del Valle de M\u00e9xico y ofrece una experiencia que no tiene comparaci\u00f3n. Imag\u00ednate combinar la\u2026","rel":"","context":"En \u00abBlog\u00bb","block_context":{"text":"Blog","link":"https:\/\/zeromagazine.mx\/index.php\/category\/blog\/"},"img":{"alt_text":"","src":"https:\/\/i0.wp.com\/zeromagazine.mx\/wp-content\/uploads\/2024\/06\/9V6A5614-1-scaled.jpg?fit=1200%2C800&ssl=1&resize=350%2C200","width":350,"height":200,"srcset":"https:\/\/i0.wp.com\/zeromagazine.mx\/wp-content\/uploads\/2024\/06\/9V6A5614-1-scaled.jpg?fit=1200%2C800&ssl=1&resize=350%2C200 1x, https:\/\/i0.wp.com\/zeromagazine.mx\/wp-content\/uploads\/2024\/06\/9V6A5614-1-scaled.jpg?fit=1200%2C800&ssl=1&resize=525%2C300 1.5x, https:\/\/i0.wp.com\/zeromagazine.mx\/wp-content\/uploads\/2024\/06\/9V6A5614-1-scaled.jpg?fit=1200%2C800&ssl=1&resize=700%2C400 2x, https:\/\/i0.wp.com\/zeromagazine.mx\/wp-content\/uploads\/2024\/06\/9V6A5614-1-scaled.jpg?fit=1200%2C800&ssl=1&resize=1050%2C600 3x"},"classes":[]},{"id":89280,"url":"https:\/\/zeromagazine.mx\/index.php\/2024\/11\/04\/atrevete-a-visitar-destileria-san-patricio\/","url_meta":{"origin":106484,"position":1},"title":"\u00abAtr\u00e9vete a Visitar Destiler\u00eda San Patricio\u00bb","author":"zeromagazinemx","date":"4 de noviembre de 2024","format":false,"excerpt":"\u00bfAlguna vez pensaste que podr\u00edas ir a un evento donde se mezclaran historia, cultura, ofrendas de D\u00eda de Muertos y hasta un whiskey con inspiraci\u00f3n irlandesa? Pues en plena CDMX, en la hermosa delegaci\u00f3n de Coyoac\u00e1n, la Destiler\u00eda San Patricio arm\u00f3 una presentaci\u00f3n \u00e9pica de sus destilados en Casa Coahuila.\u2026","rel":"","context":"En \u00abFoodie\u00bb","block_context":{"text":"Foodie","link":"https:\/\/zeromagazine.mx\/index.php\/category\/lifestyle\/foodie\/"},"img":{"alt_text":"","src":"https:\/\/i0.wp.com\/zeromagazine.mx\/wp-content\/uploads\/2024\/11\/botella_etiqueta_nueva_3-scaled.jpg?fit=1200%2C800&ssl=1&resize=350%2C200","width":350,"height":200,"srcset":"https:\/\/i0.wp.com\/zeromagazine.mx\/wp-content\/uploads\/2024\/11\/botella_etiqueta_nueva_3-scaled.jpg?fit=1200%2C800&ssl=1&resize=350%2C200 1x, https:\/\/i0.wp.com\/zeromagazine.mx\/wp-content\/uploads\/2024\/11\/botella_etiqueta_nueva_3-scaled.jpg?fit=1200%2C800&ssl=1&resize=525%2C300 1.5x, https:\/\/i0.wp.com\/zeromagazine.mx\/wp-content\/uploads\/2024\/11\/botella_etiqueta_nueva_3-scaled.jpg?fit=1200%2C800&ssl=1&resize=700%2C400 2x, https:\/\/i0.wp.com\/zeromagazine.mx\/wp-content\/uploads\/2024\/11\/botella_etiqueta_nueva_3-scaled.jpg?fit=1200%2C800&ssl=1&resize=1050%2C600 3x"},"classes":[]},{"id":71403,"url":"https:\/\/zeromagazine.mx\/index.php\/2024\/03\/04\/destileria-san-patricio-trasladando-el-encanto-de-irlanda-a-mexico-con-sabores-y-tradiciones\/","url_meta":{"origin":106484,"position":2},"title":"Destiler\u00eda San Patricio: Trasladando el encanto de Irlanda a M\u00e9xico con sabores y tradiciones","author":"zeromagazinemx","date":"4 de marzo de 2024","format":false,"excerpt":"Les cuento que acabo de descubrir un lugar que est\u00e1 rompiendo esquemas aqu\u00ed en el Valle de M\u00e9xico. Se trata de la Destiler\u00eda San Patricio, y d\u00e9jenme decirles que es toda una experiencia de sabores y tradiciones de Irlanda que llegan directo a nuestras tierras. En estas fechas de San\u2026","rel":"","context":"En \u00abCultura\u00bb","block_context":{"text":"Cultura","link":"https:\/\/zeromagazine.mx\/index.php\/category\/cultura\/"},"img":{"alt_text":"","src":"https:\/\/i0.wp.com\/zeromagazine.mx\/wp-content\/uploads\/2024\/03\/PADDY-VODKA-scaled.jpg?fit=1200%2C800&ssl=1&resize=350%2C200","width":350,"height":200,"srcset":"https:\/\/i0.wp.com\/zeromagazine.mx\/wp-content\/uploads\/2024\/03\/PADDY-VODKA-scaled.jpg?fit=1200%2C800&ssl=1&resize=350%2C200 1x, https:\/\/i0.wp.com\/zeromagazine.mx\/wp-content\/uploads\/2024\/03\/PADDY-VODKA-scaled.jpg?fit=1200%2C800&ssl=1&resize=525%2C300 1.5x, https:\/\/i0.wp.com\/zeromagazine.mx\/wp-content\/uploads\/2024\/03\/PADDY-VODKA-scaled.jpg?fit=1200%2C800&ssl=1&resize=700%2C400 2x, https:\/\/i0.wp.com\/zeromagazine.mx\/wp-content\/uploads\/2024\/03\/PADDY-VODKA-scaled.jpg?fit=1200%2C800&ssl=1&resize=1050%2C600 3x"},"classes":[]},{"id":93784,"url":"https:\/\/zeromagazine.mx\/index.php\/2024\/12\/20\/destileria-san-patricio-brinda-con-tradicion\/","url_meta":{"origin":106484,"position":3},"title":"Destiler\u00eda San Patricio: Brinda con Tradici\u00f3n","author":"zeromagazinemx","date":"20 de diciembre de 2024","format":false,"excerpt":"\u00a1Amix! Esta temporada navide\u00f1a, si quieres que tu celebraci\u00f3n sea algo realmente especial, no hay nada mejor que brindar con productos aut\u00e9nticos y llenos de historia. Y si de calidad se trata, no puedo dejar de hablarte de los destilados de Destiler\u00eda San Patricio, una marca que ha sabido combinar\u2026","rel":"","context":"En \u00abFoodie\u00bb","block_context":{"text":"Foodie","link":"https:\/\/zeromagazine.mx\/index.php\/category\/lifestyle\/foodie\/"},"img":{"alt_text":"","src":"https:\/\/i0.wp.com\/zeromagazine.mx\/wp-content\/uploads\/2024\/12\/unnamed-12.jpg?fit=1200%2C800&ssl=1&resize=350%2C200","width":350,"height":200,"srcset":"https:\/\/i0.wp.com\/zeromagazine.mx\/wp-content\/uploads\/2024\/12\/unnamed-12.jpg?fit=1200%2C800&ssl=1&resize=350%2C200 1x, https:\/\/i0.wp.com\/zeromagazine.mx\/wp-content\/uploads\/2024\/12\/unnamed-12.jpg?fit=1200%2C800&ssl=1&resize=525%2C300 1.5x, https:\/\/i0.wp.com\/zeromagazine.mx\/wp-content\/uploads\/2024\/12\/unnamed-12.jpg?fit=1200%2C800&ssl=1&resize=700%2C400 2x, https:\/\/i0.wp.com\/zeromagazine.mx\/wp-content\/uploads\/2024\/12\/unnamed-12.jpg?fit=1200%2C800&ssl=1&resize=1050%2C600 3x"},"classes":[]},{"id":105919,"url":"https:\/\/zeromagazine.mx\/index.php\/2025\/06\/11\/dia-del-padre-en-destileria-san-patricio-es-experiencia-de-calidad\/","url_meta":{"origin":106484,"position":4},"title":"D\u00eda del Padre en Destiler\u00eda San Patricio es experiencia de calidad","author":"David Morales","date":"11 de junio de 2025","format":false,"excerpt":"Amix, este 15 de junio olv\u00eddate del t\u00edpico regalo de \u00faltimo minuto, porque se viene una experiencia que lo tiene todo: tragos, naturaleza, historia y flow irland\u00e9s. As\u00ed es, el D\u00eda del Padre en Destiler\u00eda San Patricio es \"El Plan\" si quieren sorprender a tu pap\u00e1 con algo fuera de\u2026","rel":"","context":"En \u00abViajes\u00bb","block_context":{"text":"Viajes","link":"https:\/\/zeromagazine.mx\/index.php\/category\/lugares\/"},"img":{"alt_text":"","src":"https:\/\/i0.wp.com\/zeromagazine.mx\/wp-content\/uploads\/2025\/06\/PHOTO-2024-05-17-08-25-59.jpg?fit=1200%2C800&ssl=1&resize=350%2C200","width":350,"height":200,"srcset":"https:\/\/i0.wp.com\/zeromagazine.mx\/wp-content\/uploads\/2025\/06\/PHOTO-2024-05-17-08-25-59.jpg?fit=1200%2C800&ssl=1&resize=350%2C200 1x, https:\/\/i0.wp.com\/zeromagazine.mx\/wp-content\/uploads\/2025\/06\/PHOTO-2024-05-17-08-25-59.jpg?fit=1200%2C800&ssl=1&resize=525%2C300 1.5x, https:\/\/i0.wp.com\/zeromagazine.mx\/wp-content\/uploads\/2025\/06\/PHOTO-2024-05-17-08-25-59.jpg?fit=1200%2C800&ssl=1&resize=700%2C400 2x, https:\/\/i0.wp.com\/zeromagazine.mx\/wp-content\/uploads\/2025\/06\/PHOTO-2024-05-17-08-25-59.jpg?fit=1200%2C800&ssl=1&resize=1050%2C600 3x"},"classes":[]},{"id":81518,"url":"https:\/\/zeromagazine.mx\/index.php\/2024\/08\/07\/timespirit-sabor-y-magia\/","url_meta":{"origin":106484,"position":5},"title":"\u00abTimeSpirit: Sabor y Magia\u00bb","author":"zeromagazinemx","date":"7 de agosto de 2024","format":false,"excerpt":"\u00a1Hola a tod@s!\u00a0\u00a0\u00bfListos para una experiencia gastron\u00f3mica que va a volar sus mentes?,\u00a0\u00a0prep\u00e1rense porque The Macallan, la ic\u00f3nica marca de whisky escoc\u00e9s, se ha unido con el legendario restaurante espa\u00f1ol El Celler de Can Roca para crear algo fuera de este mundo.\u00a0 Una experiencia que fusiona dos mundos Para celebrar\u2026","rel":"","context":"En \u00abBlog\u00bb","block_context":{"text":"Blog","link":"https:\/\/zeromagazine.mx\/index.php\/category\/blog\/"},"img":{"alt_text":"","src":"https:\/\/i0.wp.com\/zeromagazine.mx\/wp-content\/uploads\/2024\/08\/MAC_2024_Timespirit_Rest_Roca_16x9_CMYK_300dpi-scaled.jpg?fit=1200%2C675&ssl=1&resize=350%2C200","width":350,"height":200,"srcset":"https:\/\/i0.wp.com\/zeromagazine.mx\/wp-content\/uploads\/2024\/08\/MAC_2024_Timespirit_Rest_Roca_16x9_CMYK_300dpi-scaled.jpg?fit=1200%2C675&ssl=1&resize=350%2C200 1x, https:\/\/i0.wp.com\/zeromagazine.mx\/wp-content\/uploads\/2024\/08\/MAC_2024_Timespirit_Rest_Roca_16x9_CMYK_300dpi-scaled.jpg?fit=1200%2C675&ssl=1&resize=525%2C300 1.5x, https:\/\/i0.wp.com\/zeromagazine.mx\/wp-content\/uploads\/2024\/08\/MAC_2024_Timespirit_Rest_Roca_16x9_CMYK_300dpi-scaled.jpg?fit=1200%2C675&ssl=1&resize=700%2C400 2x, https:\/\/i0.wp.com\/zeromagazine.mx\/wp-content\/uploads\/2024\/08\/MAC_2024_Timespirit_Rest_Roca_16x9_CMYK_300dpi-scaled.jpg?fit=1200%2C675&ssl=1&resize=1050%2C600 3x"},"classes":[]}],"jetpack_sharing_enabled":true,"builder_content":"","_links":{"self":[{"href":"https:\/\/zeromagazine.mx\/index.php\/wp-json\/wp\/v2\/posts\/106484","targetHints":{"allow":["GET"]}}],"collection":[{"href":"https:\/\/zeromagazine.mx\/index.php\/wp-json\/wp\/v2\/posts"}],"about":[{"href":"https:\/\/zeromagazine.mx\/index.php\/wp-json\/wp\/v2\/types\/post"}],"author":[{"embeddable":true,"href":"https:\/\/zeromagazine.mx\/index.php\/wp-json\/wp\/v2\/users\/4"}],"replies":[{"embeddable":true,"href":"https:\/\/zeromagazine.mx\/index.php\/wp-json\/wp\/v2\/comments?post=106484"}],"version-history":[{"count":3,"href":"https:\/\/zeromagazine.mx\/index.php\/wp-json\/wp\/v2\/posts\/106484\/revisions"}],"predecessor-version":[{"id":106491,"href":"https:\/\/zeromagazine.mx\/index.php\/wp-json\/wp\/v2\/posts\/106484\/revisions\/106491"}],"wp:featuredmedia":[{"embeddable":true,"href":"https:\/\/zeromagazine.mx\/index.php\/wp-json\/wp\/v2\/media\/106488"}],"wp:attachment":[{"href":"https:\/\/zeromagazine.mx\/index.php\/wp-json\/wp\/v2\/media?parent=106484"}],"wp:term":[{"taxonomy":"category","embeddable":true,"href":"https:\/\/zeromagazine.mx\/index.php\/wp-json\/wp\/v2\/categories?post=106484"},{"taxonomy":"post_tag","embeddable":true,"href":"https:\/\/zeromagazine.mx\/index.php\/wp-json\/wp\/v2\/tags?post=106484"}],"curies":[{"name":"wp","href":"https:\/\/api.w.org\/{rel}","templated":true}]}}