{"id":106561,"date":"2025-07-03T22:54:42","date_gmt":"2025-07-04T04:54:42","guid":{"rendered":"https:\/\/zeromagazine.mx\/?p=106561"},"modified":"2025-07-03T22:54:43","modified_gmt":"2025-07-04T04:54:43","slug":"zegna-oasi-ritmo-verano","status":"publish","type":"post","link":"https:\/\/zeromagazine.mx\/index.php\/2025\/07\/03\/zegna-oasi-ritmo-verano\/","title":{"rendered":"Oasi, ritmo de verano"},"content":{"rendered":"<!--themify_builder_content-->\n<div id=\"themify_builder_content-106561\" data-postid=\"106561\" class=\"themify_builder_content themify_builder_content-106561 themify_builder tf_clear\">\n    <\/div>\n<!--\/themify_builder_content-->\n\n\n<p class=\"wp-block-paragraph\">Amix, si hay algo que nos mueve esta temporada es encontrar ese <em>ritmo de verano<\/em> que se siente en la piel, en el mood y, obvi, en lo que traemos puesto. La c\u00e1psula m\u00e1s reciente de ZEGNA no solo entiende eso, lo lleva a otro nivel con <strong>Oasi<\/strong>, un estampado que captura la energ\u00eda natural de los d\u00edas largos, los sunsets lentos y la vida con flow.<\/p>\n\n\n\n<figure class=\"wp-block-image size-full\"><img data-recalc-dims=\"1\" decoding=\"async\" width=\"1165\" height=\"1553\" src=\"https:\/\/i0.wp.com\/zeromagazine.mx\/wp-content\/uploads\/2025\/07\/IMG_4752-scaled.jpeg?resize=1165%2C1553&#038;ssl=1\" alt=\"\" class=\"wp-image-106562\" srcset=\"https:\/\/i0.wp.com\/zeromagazine.mx\/wp-content\/uploads\/2025\/07\/IMG_4752-scaled.jpeg?w=1920&amp;ssl=1 1920w, https:\/\/i0.wp.com\/zeromagazine.mx\/wp-content\/uploads\/2025\/07\/IMG_4752-scaled.jpeg?resize=225%2C300&amp;ssl=1 225w, https:\/\/i0.wp.com\/zeromagazine.mx\/wp-content\/uploads\/2025\/07\/IMG_4752-scaled.jpeg?resize=768%2C1024&amp;ssl=1 768w, https:\/\/i0.wp.com\/zeromagazine.mx\/wp-content\/uploads\/2025\/07\/IMG_4752-scaled.jpeg?resize=1152%2C1536&amp;ssl=1 1152w, https:\/\/i0.wp.com\/zeromagazine.mx\/wp-content\/uploads\/2025\/07\/IMG_4752-scaled.jpeg?resize=1536%2C2048&amp;ssl=1 1536w\" sizes=\"(max-width: 1165px) 100vw, 1165px\" \/><\/figure>\n\n\n\n<h2 class=\"wp-block-heading\"><strong>Estilo para fluir<\/strong><\/h2>\n\n\n\n<p class=\"wp-block-paragraph\">Primero lo primero: los trajes de ba\u00f1o. Aqu\u00ed no se trata solo de nadar, sino de flotar entre dise\u00f1o y funcionalidad. Est\u00e1n hechos con tela de secado r\u00e1pido y tienen ese vibe que grita elegancia sin esfuerzo. Puedes elegir entre rojo con blanco o amarillo con arena, pero en ambos casos el <em>ritmo de verano<\/em> est\u00e1 asegurado.<\/p>\n\n\n\n<p class=\"wp-block-paragraph\">Adem\u00e1s, son prendas pensadas para moverse contigo: desde clavados con estilo hasta caminatas por la arena o selfies junto a la alberca. Literal, son ese punto exacto entre lo cool y lo pr\u00e1ctico.<\/p>\n\n\n\n<figure class=\"wp-block-image size-full\"><img data-recalc-dims=\"1\" decoding=\"async\" width=\"1165\" height=\"1553\" src=\"https:\/\/i0.wp.com\/zeromagazine.mx\/wp-content\/uploads\/2025\/07\/IMG_4753-scaled.jpeg?resize=1165%2C1553&#038;ssl=1\" alt=\"\" class=\"wp-image-106563\" srcset=\"https:\/\/i0.wp.com\/zeromagazine.mx\/wp-content\/uploads\/2025\/07\/IMG_4753-scaled.jpeg?w=1920&amp;ssl=1 1920w, https:\/\/i0.wp.com\/zeromagazine.mx\/wp-content\/uploads\/2025\/07\/IMG_4753-scaled.jpeg?resize=225%2C300&amp;ssl=1 225w, https:\/\/i0.wp.com\/zeromagazine.mx\/wp-content\/uploads\/2025\/07\/IMG_4753-scaled.jpeg?resize=768%2C1024&amp;ssl=1 768w, https:\/\/i0.wp.com\/zeromagazine.mx\/wp-content\/uploads\/2025\/07\/IMG_4753-scaled.jpeg?resize=1152%2C1536&amp;ssl=1 1152w, https:\/\/i0.wp.com\/zeromagazine.mx\/wp-content\/uploads\/2025\/07\/IMG_4753-scaled.jpeg?resize=1536%2C2048&amp;ssl=1 1536w\" sizes=\"(max-width: 1165px) 100vw, 1165px\" \/><\/figure>\n\n\n\n<h2 class=\"wp-block-heading\"><strong>Seda, color y ca\u00edda perfecta<\/strong><\/h2>\n\n\n\n<p class=\"wp-block-paragraph\">Despu\u00e9s, las camisas de seda estampadas son el statement del verano. Vienen en combinaciones como verde azulado con amarillo claro o rojo ladrillo con blanco, y cada una lleva el estampado Oasi como protagonista. La textura es ultra ligera, la ca\u00edda fluida y el look total dice: \u201cme visto as\u00ed de bien sin esfuerzo\u201d.<\/p>\n\n\n\n<p class=\"wp-block-paragraph\">Aqu\u00ed es donde ZEGNA le pone saz\u00f3n al concepto de sofisticaci\u00f3n relajada: camisas que se sienten tan bien como se ven, y que puedes usar tanto en la playa como en una comida fancy.<\/p>\n\n\n\n<figure class=\"wp-block-image size-full\"><img data-recalc-dims=\"1\" decoding=\"async\" width=\"1165\" height=\"1553\" src=\"https:\/\/i0.wp.com\/zeromagazine.mx\/wp-content\/uploads\/2025\/07\/IMG_4755-scaled.jpeg?resize=1165%2C1553&#038;ssl=1\" alt=\"\" class=\"wp-image-106564\" srcset=\"https:\/\/i0.wp.com\/zeromagazine.mx\/wp-content\/uploads\/2025\/07\/IMG_4755-scaled.jpeg?w=1920&amp;ssl=1 1920w, https:\/\/i0.wp.com\/zeromagazine.mx\/wp-content\/uploads\/2025\/07\/IMG_4755-scaled.jpeg?resize=225%2C300&amp;ssl=1 225w, https:\/\/i0.wp.com\/zeromagazine.mx\/wp-content\/uploads\/2025\/07\/IMG_4755-scaled.jpeg?resize=768%2C1024&amp;ssl=1 768w, https:\/\/i0.wp.com\/zeromagazine.mx\/wp-content\/uploads\/2025\/07\/IMG_4755-scaled.jpeg?resize=1152%2C1536&amp;ssl=1 1152w, https:\/\/i0.wp.com\/zeromagazine.mx\/wp-content\/uploads\/2025\/07\/IMG_4755-scaled.jpeg?resize=1536%2C2048&amp;ssl=1 1536w\" sizes=\"(max-width: 1165px) 100vw, 1165px\" \/><\/figure>\n\n\n\n<h2 class=\"wp-block-heading\"><strong>El toque final<\/strong><\/h2>\n\n\n\n<p class=\"wp-block-paragraph\">Ahora s\u00ed, para cerrar el look con broche de oro: las <strong>alpargatas Triple Stitch\u2122<\/strong>. Hechas de viscosa, lino y piel, en un tono blanco marfil que va con absolutamente todo. Son esa pieza que le baja dos rayitas a lo formal sin perder el estilo, ideal para quienes buscamos caminar el <em>ritmo de verano<\/em> con seguridad, frescura y clase.<\/p>\n\n\n\n<p class=\"wp-block-paragraph\">Las Triple Stitch\u2122 son m\u00e1s que un accesorio: son una declaraci\u00f3n de principios. Porque s\u00ed, tambi\u00e9n se puede hablar de identidad y lujo desde los pies.<\/p>\n\n\n\n<figure class=\"wp-block-image size-full\"><img data-recalc-dims=\"1\" decoding=\"async\" width=\"1165\" height=\"1553\" src=\"https:\/\/i0.wp.com\/zeromagazine.mx\/wp-content\/uploads\/2025\/07\/IMG_4756-scaled.jpeg?resize=1165%2C1553&#038;ssl=1\" alt=\"\" class=\"wp-image-106565\" srcset=\"https:\/\/i0.wp.com\/zeromagazine.mx\/wp-content\/uploads\/2025\/07\/IMG_4756-scaled.jpeg?w=1920&amp;ssl=1 1920w, https:\/\/i0.wp.com\/zeromagazine.mx\/wp-content\/uploads\/2025\/07\/IMG_4756-scaled.jpeg?resize=225%2C300&amp;ssl=1 225w, https:\/\/i0.wp.com\/zeromagazine.mx\/wp-content\/uploads\/2025\/07\/IMG_4756-scaled.jpeg?resize=768%2C1024&amp;ssl=1 768w, https:\/\/i0.wp.com\/zeromagazine.mx\/wp-content\/uploads\/2025\/07\/IMG_4756-scaled.jpeg?resize=1152%2C1536&amp;ssl=1 1152w, https:\/\/i0.wp.com\/zeromagazine.mx\/wp-content\/uploads\/2025\/07\/IMG_4756-scaled.jpeg?resize=1536%2C2048&amp;ssl=1 1536w\" sizes=\"(max-width: 1165px) 100vw, 1165px\" \/><\/figure>\n\n\n\n<p class=\"wp-block-paragraph\">El estampado Oasi no es solo una tendencia: es una forma de habitar el verano con intenci\u00f3n, dise\u00f1o y mucha onda. Ya sea que est\u00e9s armando un look para irte de escapada o solo so\u00f1ando con playa desde la ciudad, esta c\u00e1psula de ZEGNA te conecta con ese <em>ritmo de verano<\/em> que todxs buscamos: natural, vibrante y con estilo.<\/p>\n\n\n\n<p class=\"wp-block-paragraph\">\ud83d\udc49 Conoce m\u00e1s sobre ZEGNA y su propuesta aqu\u00ed: <a href=\"https:\/\/www.zegna.com\">zegna.com<\/a><\/p>","protected":false},"excerpt":{"rendered":"<p>Amix, si hay algo que nos mueve esta temporada es encontrar ese ritmo de verano que se siente en la piel, en el mood y, obvi, en lo que traemos puesto. La c\u00e1psula m\u00e1s reciente de ZEGNA no solo entiende eso, lo lleva a otro nivel con Oasi, un estampado que captura la energ\u00eda natural [&hellip;]<\/p>\n","protected":false},"author":4,"featured_media":106566,"comment_status":"open","ping_status":"open","sticky":false,"template":"","format":"standard","meta":{"_jetpack_newsletter_access":"","_jetpack_dont_email_post_to_subs":false,"_jetpack_newsletter_tier_id":0,"_jetpack_memberships_contains_paywalled_content":false,"_jetpack_feature_clip_id":0,"_jetpack_memberships_contains_paid_content":false,"footnotes":"","jetpack_publicize_message":"","jetpack_publicize_feature_enabled":true,"jetpack_social_post_already_shared":true,"jetpack_social_options":{"image_generator_settings":{"template":"highway","default_image_id":0,"font":"","enabled":false},"version":2},"jetpack_post_was_ever_published":false},"categories":[67],"tags":[],"class_list":["post-106561","post","type-post","status-publish","format-standard","has-post-thumbnail","hentry","category-moda","has-post-title","has-post-date","has-post-category","has-post-tag","has-post-comment","has-post-author",""],"yoast_head":"<!-- This site is optimized with the Yoast SEO plugin v28.3 - https:\/\/yoast.com\/product\/yoast-seo-wordpress\/ -->\n<title>Oasi, ritmo de verano - Zero Magazine<\/title>\n<meta name=\"description\" content=\"Descubre la c\u00e1psula Oasi de ZEGNA: estampados vibrantes, tejidos nobles y dise\u00f1o sofisticado para un verano con estilo.\" \/>\n<meta name=\"robots\" content=\"index, follow, max-snippet:-1, max-image-preview:large, max-video-preview:-1\" \/>\n<link rel=\"canonical\" href=\"https:\/\/zeromagazine.mx\/index.php\/2025\/07\/03\/zegna-oasi-ritmo-verano\/\" \/>\n<meta property=\"og:locale\" content=\"es_ES\" \/>\n<meta property=\"og:type\" content=\"article\" \/>\n<meta property=\"og:title\" content=\"Oasi, ritmo de verano - Zero Magazine\" \/>\n<meta property=\"og:description\" content=\"Descubre la c\u00e1psula Oasi de ZEGNA: estampados vibrantes, tejidos nobles y dise\u00f1o sofisticado para un verano con estilo.\" \/>\n<meta property=\"og:url\" content=\"https:\/\/zeromagazine.mx\/index.php\/2025\/07\/03\/zegna-oasi-ritmo-verano\/\" \/>\n<meta property=\"og:site_name\" content=\"Zero Magazine\" \/>\n<meta property=\"article:published_time\" content=\"2025-07-04T04:54:42+00:00\" \/>\n<meta property=\"article:modified_time\" content=\"2025-07-04T04:54:43+00:00\" \/>\n<meta property=\"og:image\" content=\"http:\/\/zeromagazine.mx\/wp-content\/uploads\/2025\/07\/IMG_4754-scaled.jpeg\" \/>\n\t<meta property=\"og:image:width\" content=\"1920\" \/>\n\t<meta property=\"og:image:height\" content=\"2560\" \/>\n\t<meta property=\"og:image:type\" content=\"image\/jpeg\" \/>\n<meta name=\"author\" content=\"David Morales\" \/>\n<meta name=\"twitter:card\" content=\"summary_large_image\" \/>\n<meta name=\"twitter:label1\" content=\"Escrito por\" \/>\n\t<meta name=\"twitter:data1\" content=\"David Morales\" \/>\n\t<meta name=\"twitter:label2\" content=\"Tiempo de lectura\" \/>\n\t<meta name=\"twitter:data2\" content=\"3 minutos\" \/>\n<script type=\"application\/ld+json\" class=\"yoast-schema-graph\">{\"@context\":\"https:\\\/\\\/schema.org\",\"@graph\":[{\"@type\":\"Article\",\"@id\":\"https:\\\/\\\/zeromagazine.mx\\\/index.php\\\/2025\\\/07\\\/03\\\/zegna-oasi-ritmo-verano\\\/#article\",\"isPartOf\":{\"@id\":\"https:\\\/\\\/zeromagazine.mx\\\/index.php\\\/2025\\\/07\\\/03\\\/zegna-oasi-ritmo-verano\\\/\"},\"author\":{\"name\":\"David Morales\",\"@id\":\"https:\\\/\\\/zeromagazine.mx\\\/#\\\/schema\\\/person\\\/9f7f1a17c60ba8e9980e3e6677aabe5a\"},\"headline\":\"Oasi, ritmo de verano\",\"datePublished\":\"2025-07-04T04:54:42+00:00\",\"dateModified\":\"2025-07-04T04:54:43+00:00\",\"mainEntityOfPage\":{\"@id\":\"https:\\\/\\\/zeromagazine.mx\\\/index.php\\\/2025\\\/07\\\/03\\\/zegna-oasi-ritmo-verano\\\/\"},\"wordCount\":438,\"commentCount\":0,\"publisher\":{\"@id\":\"https:\\\/\\\/zeromagazine.mx\\\/#organization\"},\"image\":{\"@id\":\"https:\\\/\\\/zeromagazine.mx\\\/index.php\\\/2025\\\/07\\\/03\\\/zegna-oasi-ritmo-verano\\\/#primaryimage\"},\"thumbnailUrl\":\"https:\\\/\\\/i0.wp.com\\\/zeromagazine.mx\\\/wp-content\\\/uploads\\\/2025\\\/07\\\/IMG_4754-scaled.jpeg?fit=1920%2C2560&ssl=1\",\"articleSection\":[\"Moda\"],\"inLanguage\":\"es\",\"potentialAction\":[{\"@type\":\"CommentAction\",\"name\":\"Comment\",\"target\":[\"https:\\\/\\\/zeromagazine.mx\\\/index.php\\\/2025\\\/07\\\/03\\\/zegna-oasi-ritmo-verano\\\/#respond\"]}]},{\"@type\":\"WebPage\",\"@id\":\"https:\\\/\\\/zeromagazine.mx\\\/index.php\\\/2025\\\/07\\\/03\\\/zegna-oasi-ritmo-verano\\\/\",\"url\":\"https:\\\/\\\/zeromagazine.mx\\\/index.php\\\/2025\\\/07\\\/03\\\/zegna-oasi-ritmo-verano\\\/\",\"name\":\"Oasi, ritmo de verano - Zero Magazine\",\"isPartOf\":{\"@id\":\"https:\\\/\\\/zeromagazine.mx\\\/#website\"},\"primaryImageOfPage\":{\"@id\":\"https:\\\/\\\/zeromagazine.mx\\\/index.php\\\/2025\\\/07\\\/03\\\/zegna-oasi-ritmo-verano\\\/#primaryimage\"},\"image\":{\"@id\":\"https:\\\/\\\/zeromagazine.mx\\\/index.php\\\/2025\\\/07\\\/03\\\/zegna-oasi-ritmo-verano\\\/#primaryimage\"},\"thumbnailUrl\":\"https:\\\/\\\/i0.wp.com\\\/zeromagazine.mx\\\/wp-content\\\/uploads\\\/2025\\\/07\\\/IMG_4754-scaled.jpeg?fit=1920%2C2560&ssl=1\",\"datePublished\":\"2025-07-04T04:54:42+00:00\",\"dateModified\":\"2025-07-04T04:54:43+00:00\",\"description\":\"Descubre la c\u00e1psula Oasi de ZEGNA: estampados vibrantes, tejidos nobles y dise\u00f1o sofisticado para un verano con estilo.\",\"breadcrumb\":{\"@id\":\"https:\\\/\\\/zeromagazine.mx\\\/index.php\\\/2025\\\/07\\\/03\\\/zegna-oasi-ritmo-verano\\\/#breadcrumb\"},\"inLanguage\":\"es\",\"potentialAction\":[{\"@type\":\"ReadAction\",\"target\":[\"https:\\\/\\\/zeromagazine.mx\\\/index.php\\\/2025\\\/07\\\/03\\\/zegna-oasi-ritmo-verano\\\/\"]}]},{\"@type\":\"ImageObject\",\"inLanguage\":\"es\",\"@id\":\"https:\\\/\\\/zeromagazine.mx\\\/index.php\\\/2025\\\/07\\\/03\\\/zegna-oasi-ritmo-verano\\\/#primaryimage\",\"url\":\"https:\\\/\\\/i0.wp.com\\\/zeromagazine.mx\\\/wp-content\\\/uploads\\\/2025\\\/07\\\/IMG_4754-scaled.jpeg?fit=1920%2C2560&ssl=1\",\"contentUrl\":\"https:\\\/\\\/i0.wp.com\\\/zeromagazine.mx\\\/wp-content\\\/uploads\\\/2025\\\/07\\\/IMG_4754-scaled.jpeg?fit=1920%2C2560&ssl=1\",\"width\":1920,\"height\":2560},{\"@type\":\"BreadcrumbList\",\"@id\":\"https:\\\/\\\/zeromagazine.mx\\\/index.php\\\/2025\\\/07\\\/03\\\/zegna-oasi-ritmo-verano\\\/#breadcrumb\",\"itemListElement\":[{\"@type\":\"ListItem\",\"position\":1,\"name\":\"Portada\",\"item\":\"https:\\\/\\\/zeromagazine.mx\\\/\"},{\"@type\":\"ListItem\",\"position\":2,\"name\":\"Oasi, ritmo de verano\"}]},{\"@type\":\"WebSite\",\"@id\":\"https:\\\/\\\/zeromagazine.mx\\\/#website\",\"url\":\"https:\\\/\\\/zeromagazine.mx\\\/\",\"name\":\"Zero Magazine\",\"description\":\"\",\"publisher\":{\"@id\":\"https:\\\/\\\/zeromagazine.mx\\\/#organization\"},\"potentialAction\":[{\"@type\":\"SearchAction\",\"target\":{\"@type\":\"EntryPoint\",\"urlTemplate\":\"https:\\\/\\\/zeromagazine.mx\\\/?s={search_term_string}\"},\"query-input\":{\"@type\":\"PropertyValueSpecification\",\"valueRequired\":true,\"valueName\":\"search_term_string\"}}],\"inLanguage\":\"es\"},{\"@type\":\"Organization\",\"@id\":\"https:\\\/\\\/zeromagazine.mx\\\/#organization\",\"name\":\"Zero Magazine\",\"url\":\"https:\\\/\\\/zeromagazine.mx\\\/\",\"logo\":{\"@type\":\"ImageObject\",\"inLanguage\":\"es\",\"@id\":\"https:\\\/\\\/zeromagazine.mx\\\/#\\\/schema\\\/logo\\\/image\\\/\",\"url\":\"https:\\\/\\\/i0.wp.com\\\/zeromagazine.mx\\\/wp-content\\\/uploads\\\/2025\\\/11\\\/1.jpeg?fit=1000%2C1000&ssl=1\",\"contentUrl\":\"https:\\\/\\\/i0.wp.com\\\/zeromagazine.mx\\\/wp-content\\\/uploads\\\/2025\\\/11\\\/1.jpeg?fit=1000%2C1000&ssl=1\",\"width\":1000,\"height\":1000,\"caption\":\"Zero Magazine\"},\"image\":{\"@id\":\"https:\\\/\\\/zeromagazine.mx\\\/#\\\/schema\\\/logo\\\/image\\\/\"},\"sameAs\":[\"https:\\\/\\\/instagram.com\\\/zeromagazinemx\"]},{\"@type\":\"Person\",\"@id\":\"https:\\\/\\\/zeromagazine.mx\\\/#\\\/schema\\\/person\\\/9f7f1a17c60ba8e9980e3e6677aabe5a\",\"name\":\"David Morales\",\"image\":{\"@type\":\"ImageObject\",\"inLanguage\":\"es\",\"@id\":\"https:\\\/\\\/zeromagazine.mx\\\/wp-content\\\/litespeed\\\/avatar\\\/76069d2136bfc1c37dc34815bb67ca42.jpg?ver=1787854196\",\"url\":\"https:\\\/\\\/zeromagazine.mx\\\/wp-content\\\/litespeed\\\/avatar\\\/76069d2136bfc1c37dc34815bb67ca42.jpg?ver=1787854196\",\"contentUrl\":\"https:\\\/\\\/zeromagazine.mx\\\/wp-content\\\/litespeed\\\/avatar\\\/76069d2136bfc1c37dc34815bb67ca42.jpg?ver=1787854196\",\"caption\":\"David Morales\"},\"url\":\"https:\\\/\\\/zeromagazine.mx\\\/index.php\\\/author\\\/david\\\/\"}]}<\/script>\n<!-- \/ Yoast SEO plugin. -->","yoast_head_json":{"title":"Oasi, ritmo de verano - Zero Magazine","description":"Descubre la c\u00e1psula Oasi de ZEGNA: estampados vibrantes, tejidos nobles y dise\u00f1o sofisticado para un verano con estilo.","robots":{"index":"index","follow":"follow","max-snippet":"max-snippet:-1","max-image-preview":"max-image-preview:large","max-video-preview":"max-video-preview:-1"},"canonical":"https:\/\/zeromagazine.mx\/index.php\/2025\/07\/03\/zegna-oasi-ritmo-verano\/","og_locale":"es_ES","og_type":"article","og_title":"Oasi, ritmo de verano - Zero Magazine","og_description":"Descubre la c\u00e1psula Oasi de ZEGNA: estampados vibrantes, tejidos nobles y dise\u00f1o sofisticado para un verano con estilo.","og_url":"https:\/\/zeromagazine.mx\/index.php\/2025\/07\/03\/zegna-oasi-ritmo-verano\/","og_site_name":"Zero Magazine","article_published_time":"2025-07-04T04:54:42+00:00","article_modified_time":"2025-07-04T04:54:43+00:00","og_image":[{"width":1920,"height":2560,"url":"http:\/\/zeromagazine.mx\/wp-content\/uploads\/2025\/07\/IMG_4754-scaled.jpeg","type":"image\/jpeg"}],"author":"David Morales","twitter_card":"summary_large_image","twitter_misc":{"Escrito por":"David Morales","Tiempo de lectura":"3 minutos"},"schema":{"@context":"https:\/\/schema.org","@graph":[{"@type":"Article","@id":"https:\/\/zeromagazine.mx\/index.php\/2025\/07\/03\/zegna-oasi-ritmo-verano\/#article","isPartOf":{"@id":"https:\/\/zeromagazine.mx\/index.php\/2025\/07\/03\/zegna-oasi-ritmo-verano\/"},"author":{"name":"David Morales","@id":"https:\/\/zeromagazine.mx\/#\/schema\/person\/9f7f1a17c60ba8e9980e3e6677aabe5a"},"headline":"Oasi, ritmo de verano","datePublished":"2025-07-04T04:54:42+00:00","dateModified":"2025-07-04T04:54:43+00:00","mainEntityOfPage":{"@id":"https:\/\/zeromagazine.mx\/index.php\/2025\/07\/03\/zegna-oasi-ritmo-verano\/"},"wordCount":438,"commentCount":0,"publisher":{"@id":"https:\/\/zeromagazine.mx\/#organization"},"image":{"@id":"https:\/\/zeromagazine.mx\/index.php\/2025\/07\/03\/zegna-oasi-ritmo-verano\/#primaryimage"},"thumbnailUrl":"https:\/\/i0.wp.com\/zeromagazine.mx\/wp-content\/uploads\/2025\/07\/IMG_4754-scaled.jpeg?fit=1920%2C2560&ssl=1","articleSection":["Moda"],"inLanguage":"es","potentialAction":[{"@type":"CommentAction","name":"Comment","target":["https:\/\/zeromagazine.mx\/index.php\/2025\/07\/03\/zegna-oasi-ritmo-verano\/#respond"]}]},{"@type":"WebPage","@id":"https:\/\/zeromagazine.mx\/index.php\/2025\/07\/03\/zegna-oasi-ritmo-verano\/","url":"https:\/\/zeromagazine.mx\/index.php\/2025\/07\/03\/zegna-oasi-ritmo-verano\/","name":"Oasi, ritmo de verano - Zero Magazine","isPartOf":{"@id":"https:\/\/zeromagazine.mx\/#website"},"primaryImageOfPage":{"@id":"https:\/\/zeromagazine.mx\/index.php\/2025\/07\/03\/zegna-oasi-ritmo-verano\/#primaryimage"},"image":{"@id":"https:\/\/zeromagazine.mx\/index.php\/2025\/07\/03\/zegna-oasi-ritmo-verano\/#primaryimage"},"thumbnailUrl":"https:\/\/i0.wp.com\/zeromagazine.mx\/wp-content\/uploads\/2025\/07\/IMG_4754-scaled.jpeg?fit=1920%2C2560&ssl=1","datePublished":"2025-07-04T04:54:42+00:00","dateModified":"2025-07-04T04:54:43+00:00","description":"Descubre la c\u00e1psula Oasi de ZEGNA: estampados vibrantes, tejidos nobles y dise\u00f1o sofisticado para un verano con estilo.","breadcrumb":{"@id":"https:\/\/zeromagazine.mx\/index.php\/2025\/07\/03\/zegna-oasi-ritmo-verano\/#breadcrumb"},"inLanguage":"es","potentialAction":[{"@type":"ReadAction","target":["https:\/\/zeromagazine.mx\/index.php\/2025\/07\/03\/zegna-oasi-ritmo-verano\/"]}]},{"@type":"ImageObject","inLanguage":"es","@id":"https:\/\/zeromagazine.mx\/index.php\/2025\/07\/03\/zegna-oasi-ritmo-verano\/#primaryimage","url":"https:\/\/i0.wp.com\/zeromagazine.mx\/wp-content\/uploads\/2025\/07\/IMG_4754-scaled.jpeg?fit=1920%2C2560&ssl=1","contentUrl":"https:\/\/i0.wp.com\/zeromagazine.mx\/wp-content\/uploads\/2025\/07\/IMG_4754-scaled.jpeg?fit=1920%2C2560&ssl=1","width":1920,"height":2560},{"@type":"BreadcrumbList","@id":"https:\/\/zeromagazine.mx\/index.php\/2025\/07\/03\/zegna-oasi-ritmo-verano\/#breadcrumb","itemListElement":[{"@type":"ListItem","position":1,"name":"Portada","item":"https:\/\/zeromagazine.mx\/"},{"@type":"ListItem","position":2,"name":"Oasi, ritmo de verano"}]},{"@type":"WebSite","@id":"https:\/\/zeromagazine.mx\/#website","url":"https:\/\/zeromagazine.mx\/","name":"Zero Magazine","description":"","publisher":{"@id":"https:\/\/zeromagazine.mx\/#organization"},"potentialAction":[{"@type":"SearchAction","target":{"@type":"EntryPoint","urlTemplate":"https:\/\/zeromagazine.mx\/?s={search_term_string}"},"query-input":{"@type":"PropertyValueSpecification","valueRequired":true,"valueName":"search_term_string"}}],"inLanguage":"es"},{"@type":"Organization","@id":"https:\/\/zeromagazine.mx\/#organization","name":"Zero Magazine","url":"https:\/\/zeromagazine.mx\/","logo":{"@type":"ImageObject","inLanguage":"es","@id":"https:\/\/zeromagazine.mx\/#\/schema\/logo\/image\/","url":"https:\/\/i0.wp.com\/zeromagazine.mx\/wp-content\/uploads\/2025\/11\/1.jpeg?fit=1000%2C1000&ssl=1","contentUrl":"https:\/\/i0.wp.com\/zeromagazine.mx\/wp-content\/uploads\/2025\/11\/1.jpeg?fit=1000%2C1000&ssl=1","width":1000,"height":1000,"caption":"Zero Magazine"},"image":{"@id":"https:\/\/zeromagazine.mx\/#\/schema\/logo\/image\/"},"sameAs":["https:\/\/instagram.com\/zeromagazinemx"]},{"@type":"Person","@id":"https:\/\/zeromagazine.mx\/#\/schema\/person\/9f7f1a17c60ba8e9980e3e6677aabe5a","name":"David Morales","image":{"@type":"ImageObject","inLanguage":"es","@id":"https:\/\/zeromagazine.mx\/wp-content\/litespeed\/avatar\/76069d2136bfc1c37dc34815bb67ca42.jpg?ver=1787854196","url":"https:\/\/zeromagazine.mx\/wp-content\/litespeed\/avatar\/76069d2136bfc1c37dc34815bb67ca42.jpg?ver=1787854196","contentUrl":"https:\/\/zeromagazine.mx\/wp-content\/litespeed\/avatar\/76069d2136bfc1c37dc34815bb67ca42.jpg?ver=1787854196","caption":"David Morales"},"url":"https:\/\/zeromagazine.mx\/index.php\/author\/david\/"}]}},"jetpack_publicize_connections":[],"jetpack-related-posts":[{"id":127493,"url":"https:\/\/zeromagazine.mx\/index.php\/2026\/07\/26\/guardarropa-verano-zegna\/","url_meta":{"origin":106561,"position":0},"title":"Guardarropa de verano ZEGNA","author":"David Morales","date":"26 de julio de 2026","format":false,"excerpt":"Guardarropa de verano ZEGNA Julio de 2026 marca una nueva lectura del estilo estival para ZEGNA. La Maison presenta una selecci\u00f3n de prendas y accesorios concebida para acompa\u00f1ar los d\u00edas c\u00e1lidos con una elegancia natural, donde la frescura del lino, la fluidez de la seda y el confort de sus\u2026","rel":"","context":"En \u00abModa\u00bb","block_context":{"text":"Moda","link":"https:\/\/zeromagazine.mx\/index.php\/category\/moda\/"},"img":{"alt_text":"","src":"https:\/\/i0.wp.com\/zeromagazine.mx\/wp-content\/uploads\/2026\/07\/fb6ea6f1-22f5-bf8d-58c4-99a7fc0ce6fe-scaled.png?fit=1200%2C675&ssl=1&resize=350%2C200","width":350,"height":200,"srcset":"https:\/\/i0.wp.com\/zeromagazine.mx\/wp-content\/uploads\/2026\/07\/fb6ea6f1-22f5-bf8d-58c4-99a7fc0ce6fe-scaled.png?fit=1200%2C675&ssl=1&resize=350%2C200 1x, https:\/\/i0.wp.com\/zeromagazine.mx\/wp-content\/uploads\/2026\/07\/fb6ea6f1-22f5-bf8d-58c4-99a7fc0ce6fe-scaled.png?fit=1200%2C675&ssl=1&resize=525%2C300 1.5x, https:\/\/i0.wp.com\/zeromagazine.mx\/wp-content\/uploads\/2026\/07\/fb6ea6f1-22f5-bf8d-58c4-99a7fc0ce6fe-scaled.png?fit=1200%2C675&ssl=1&resize=700%2C400 2x, https:\/\/i0.wp.com\/zeromagazine.mx\/wp-content\/uploads\/2026\/07\/fb6ea6f1-22f5-bf8d-58c4-99a7fc0ce6fe-scaled.png?fit=1200%2C675&ssl=1&resize=1050%2C600 3x"},"classes":[]},{"id":126751,"url":"https:\/\/zeromagazine.mx\/index.php\/2026\/07\/21\/accesorios-zegna-verano-italiano-2\/","url_meta":{"origin":106561,"position":1},"title":"Accesorios ZEGNA para verano italiano","author":"David Morales","date":"21 de julio de 2026","format":false,"excerpt":"ZEGNA plantea una lectura del verano italiano a trav\u00e9s de cuatro accesorios: gafas Orizzonte I, bolso SECONDSKIN, cintur\u00f3n de nobuk y gorra en Oasi Lino.","rel":"","context":"En \u00abModa\u00bb","block_context":{"text":"Moda","link":"https:\/\/zeromagazine.mx\/index.php\/category\/moda\/"},"img":{"alt_text":"","src":"https:\/\/i0.wp.com\/zeromagazine.mx\/wp-content\/uploads\/2026\/07\/img_9057.jpg?fit=900%2C1200&ssl=1&resize=350%2C200","width":350,"height":200,"srcset":"https:\/\/i0.wp.com\/zeromagazine.mx\/wp-content\/uploads\/2026\/07\/img_9057.jpg?fit=900%2C1200&ssl=1&resize=350%2C200 1x, https:\/\/i0.wp.com\/zeromagazine.mx\/wp-content\/uploads\/2026\/07\/img_9057.jpg?fit=900%2C1200&ssl=1&resize=525%2C300 1.5x, https:\/\/i0.wp.com\/zeromagazine.mx\/wp-content\/uploads\/2026\/07\/img_9057.jpg?fit=900%2C1200&ssl=1&resize=700%2C400 2x"},"classes":[]},{"id":118940,"url":"https:\/\/zeromagazine.mx\/index.php\/2026\/04\/18\/zegna-verano-italiano-2026\/","url_meta":{"origin":106561,"position":2},"title":"ZEGNA verano italiano perfecto","author":"zeromagazinemx","date":"18 de abril de 2026","format":false,"excerpt":"Hay veranos\u2026 y luego est\u00e1 el ZEGNA verano italiano, que b\u00e1sicamente redefine todo lo que cre\u00edamos saber sobre lujo relajado. No es solo ropa bonita, es una vibra completa: lenta, elegante y sin esfuerzo. Esta temporada, ZEGNA nos transporta directo al Lago Maggiore, ese spot donde el tiempo parece moverse\u2026","rel":"","context":"En \u00abModa\u00bb","block_context":{"text":"Moda","link":"https:\/\/zeromagazine.mx\/index.php\/category\/moda\/"},"img":{"alt_text":"","src":"https:\/\/i0.wp.com\/zeromagazine.mx\/wp-content\/uploads\/2026\/04\/IMG_6713.jpeg?fit=960%2C1200&ssl=1&resize=350%2C200","width":350,"height":200,"srcset":"https:\/\/i0.wp.com\/zeromagazine.mx\/wp-content\/uploads\/2026\/04\/IMG_6713.jpeg?fit=960%2C1200&ssl=1&resize=350%2C200 1x, https:\/\/i0.wp.com\/zeromagazine.mx\/wp-content\/uploads\/2026\/04\/IMG_6713.jpeg?fit=960%2C1200&ssl=1&resize=525%2C300 1.5x, https:\/\/i0.wp.com\/zeromagazine.mx\/wp-content\/uploads\/2026\/04\/IMG_6713.jpeg?fit=960%2C1200&ssl=1&resize=700%2C400 2x"},"classes":[]},{"id":129305,"url":"https:\/\/zeromagazine.mx\/index.php\/2026\/08\/24\/zegna-oasi-cashmere-3-piezas-otono-2026\/","url_meta":{"origin":106561,"position":3},"title":"ZEGNA tiene tres piezas de cashmere que gritan oto\u00f1o","author":"David Morales","date":"24 de agosto de 2026","format":false,"excerpt":"Cashmere, tonos inspirados en los Alpes y sastrer\u00eda relajada: estas son tres piezas de ZEGNA que vale la pena tener en el radar este oto\u00f1o.","rel":"","context":"En \u00abModa\u00bb","block_context":{"text":"Moda","link":"https:\/\/zeromagazine.mx\/index.php\/category\/moda\/"},"img":{"alt_text":"ZEGNA Oasi Cashmere colecci\u00f3n oto\u00f1o 2026 con prendas de cashmere para hombre","src":"https:\/\/i0.wp.com\/zeromagazine.mx\/wp-content\/uploads\/2026\/08\/Oasi-Cashmere-gris-y-Sabbia-Oasi.jpeg?fit=900%2C1200&ssl=1&resize=350%2C200","width":350,"height":200,"srcset":"https:\/\/i0.wp.com\/zeromagazine.mx\/wp-content\/uploads\/2026\/08\/Oasi-Cashmere-gris-y-Sabbia-Oasi.jpeg?fit=900%2C1200&ssl=1&resize=350%2C200 1x, https:\/\/i0.wp.com\/zeromagazine.mx\/wp-content\/uploads\/2026\/08\/Oasi-Cashmere-gris-y-Sabbia-Oasi.jpeg?fit=900%2C1200&ssl=1&resize=525%2C300 1.5x, https:\/\/i0.wp.com\/zeromagazine.mx\/wp-content\/uploads\/2026\/08\/Oasi-Cashmere-gris-y-Sabbia-Oasi.jpeg?fit=900%2C1200&ssl=1&resize=700%2C400 2x"},"classes":[]},{"id":125973,"url":"https:\/\/zeromagazine.mx\/index.php\/2026\/07\/19\/mocasin-italiano-verano-zegna\/","url_meta":{"origin":106561,"position":4},"title":"Mocas\u00edn italiano: verano seg\u00fan ZEGNA","author":"David Morales","date":"19 de julio de 2026","format":false,"excerpt":"ZEGNA revisa el mocas\u00edn italiano desde la artesan\u00eda, la flexibilidad y una idea de lujo masculino m\u00e1s relajada para la temporada de verano.","rel":"","context":"En \u00abModa\u00bb","block_context":{"text":"Moda","link":"https:\/\/zeromagazine.mx\/index.php\/category\/moda\/"},"img":{"alt_text":"","src":"https:\/\/i0.wp.com\/zeromagazine.mx\/wp-content\/uploads\/2026\/07\/Mocassin-Secondskin-1.jpg?fit=900%2C1200&ssl=1&resize=350%2C200","width":350,"height":200,"srcset":"https:\/\/i0.wp.com\/zeromagazine.mx\/wp-content\/uploads\/2026\/07\/Mocassin-Secondskin-1.jpg?fit=900%2C1200&ssl=1&resize=350%2C200 1x, https:\/\/i0.wp.com\/zeromagazine.mx\/wp-content\/uploads\/2026\/07\/Mocassin-Secondskin-1.jpg?fit=900%2C1200&ssl=1&resize=525%2C300 1.5x, https:\/\/i0.wp.com\/zeromagazine.mx\/wp-content\/uploads\/2026\/07\/Mocassin-Secondskin-1.jpg?fit=900%2C1200&ssl=1&resize=700%2C400 2x"},"classes":[]},{"id":122747,"url":"https:\/\/zeromagazine.mx\/index.php\/2026\/06\/09\/zegna-summer-2027-la-villeggiatura\/","url_meta":{"origin":106561,"position":5},"title":"ZEGNA PRESENTA SUMMER 2027: LA VILLEGGIATURA","author":"David Morales","date":"9 de junio de 2026","format":false,"excerpt":"Presentada en el Malibu Pier de Los \u00c1ngeles, la nueva colecci\u00f3n ZEGNA Summer 2027 transforma el arte de vivir el verano en una propuesta donde la elegancia, la comodidad y la exploraci\u00f3n se encuentran. La moda masculina contin\u00faa explorando nuevas formas de entender el lujo contempor\u00e1neo. Para su colecci\u00f3n\u00a0ZEGNA Summer\u2026","rel":"","context":"En \u00abDise\u00f1o\u00bb","block_context":{"text":"Dise\u00f1o","link":"https:\/\/zeromagazine.mx\/index.php\/category\/diseno\/"},"img":{"alt_text":"","src":"https:\/\/i0.wp.com\/zeromagazine.mx\/wp-content\/uploads\/2026\/06\/IMG_3769.jpeg?fit=1200%2C675&ssl=1&resize=350%2C200","width":350,"height":200,"srcset":"https:\/\/i0.wp.com\/zeromagazine.mx\/wp-content\/uploads\/2026\/06\/IMG_3769.jpeg?fit=1200%2C675&ssl=1&resize=350%2C200 1x, https:\/\/i0.wp.com\/zeromagazine.mx\/wp-content\/uploads\/2026\/06\/IMG_3769.jpeg?fit=1200%2C675&ssl=1&resize=525%2C300 1.5x, https:\/\/i0.wp.com\/zeromagazine.mx\/wp-content\/uploads\/2026\/06\/IMG_3769.jpeg?fit=1200%2C675&ssl=1&resize=700%2C400 2x, https:\/\/i0.wp.com\/zeromagazine.mx\/wp-content\/uploads\/2026\/06\/IMG_3769.jpeg?fit=1200%2C675&ssl=1&resize=1050%2C600 3x"},"classes":[]}],"jetpack_sharing_enabled":true,"builder_content":"","jetpack_featured_media_url":"https:\/\/i0.wp.com\/zeromagazine.mx\/wp-content\/uploads\/2025\/07\/IMG_4754-scaled.jpeg?fit=1920%2C2560&ssl=1","_links":{"self":[{"href":"https:\/\/zeromagazine.mx\/index.php\/wp-json\/wp\/v2\/posts\/106561","targetHints":{"allow":["GET"]}}],"collection":[{"href":"https:\/\/zeromagazine.mx\/index.php\/wp-json\/wp\/v2\/posts"}],"about":[{"href":"https:\/\/zeromagazine.mx\/index.php\/wp-json\/wp\/v2\/types\/post"}],"author":[{"embeddable":true,"href":"https:\/\/zeromagazine.mx\/index.php\/wp-json\/wp\/v2\/users\/4"}],"replies":[{"embeddable":true,"href":"https:\/\/zeromagazine.mx\/index.php\/wp-json\/wp\/v2\/comments?post=106561"}],"version-history":[{"count":1,"href":"https:\/\/zeromagazine.mx\/index.php\/wp-json\/wp\/v2\/posts\/106561\/revisions"}],"predecessor-version":[{"id":106567,"href":"https:\/\/zeromagazine.mx\/index.php\/wp-json\/wp\/v2\/posts\/106561\/revisions\/106567"}],"wp:featuredmedia":[{"embeddable":true,"href":"https:\/\/zeromagazine.mx\/index.php\/wp-json\/wp\/v2\/media\/106566"}],"wp:attachment":[{"href":"https:\/\/zeromagazine.mx\/index.php\/wp-json\/wp\/v2\/media?parent=106561"}],"wp:term":[{"taxonomy":"category","embeddable":true,"href":"https:\/\/zeromagazine.mx\/index.php\/wp-json\/wp\/v2\/categories?post=106561"},{"taxonomy":"post_tag","embeddable":true,"href":"https:\/\/zeromagazine.mx\/index.php\/wp-json\/wp\/v2\/tags?post=106561"}],"curies":[{"name":"wp","href":"https:\/\/api.w.org\/{rel}","templated":true}]}}