{"id":106693,"date":"2025-07-04T16:01:55","date_gmt":"2025-07-04T22:01:55","guid":{"rendered":"https:\/\/zeromagazine.mx\/?p=106693"},"modified":"2025-07-14T16:03:21","modified_gmt":"2025-07-14T22:03:21","slug":"aqua-color-fest-2025-hidalgo","status":"publish","type":"post","link":"https:\/\/zeromagazine.mx\/index.php\/2025\/07\/04\/aqua-color-fest-2025-hidalgo\/","title":{"rendered":"Aqua Color Fest 2025: El festival m\u00e1s vibrante del verano"},"content":{"rendered":"<!--themify_builder_content-->\n<div id=\"themify_builder_content-106693\" data-postid=\"106693\" class=\"themify_builder_content themify_builder_content-106693 themify_builder tf_clear\">\n    <\/div>\n<!--\/themify_builder_content-->\n\n\n<p>Prep\u00e1rate para dos d\u00edas de euforia, beats intensos y explosiones de color, porque <em>Aqua Color Fest 2025<\/em> est\u00e1 de vuelta con su s\u00e9ptima edici\u00f3n m\u00e1s poderosa que nunca. Este 9 y 10 de agosto, el Parque Acu\u00e1tico Valle Para\u00edso en Ixmiquilpan, Hidalgo, ser\u00e1 el epicentro de una experiencia \u00fanica que combina m\u00fasica electr\u00f3nica, agua, colores y comunidad.<\/p>\n\n\n\n<figure class=\"wp-block-image size-full\"><img data-recalc-dims=\"1\" decoding=\"async\" width=\"1165\" height=\"874\" src=\"https:\/\/i0.wp.com\/zeromagazine.mx\/wp-content\/uploads\/2025\/07\/043e684b-524d-444b-9802-3719153bb470.jpeg?resize=1165%2C874&#038;ssl=1\" alt=\"\" class=\"wp-image-106694\" srcset=\"https:\/\/i0.wp.com\/zeromagazine.mx\/wp-content\/uploads\/2025\/07\/043e684b-524d-444b-9802-3719153bb470.jpeg?w=1600&amp;ssl=1 1600w, https:\/\/i0.wp.com\/zeromagazine.mx\/wp-content\/uploads\/2025\/07\/043e684b-524d-444b-9802-3719153bb470.jpeg?resize=300%2C225&amp;ssl=1 300w, https:\/\/i0.wp.com\/zeromagazine.mx\/wp-content\/uploads\/2025\/07\/043e684b-524d-444b-9802-3719153bb470.jpeg?resize=1024%2C768&amp;ssl=1 1024w, https:\/\/i0.wp.com\/zeromagazine.mx\/wp-content\/uploads\/2025\/07\/043e684b-524d-444b-9802-3719153bb470.jpeg?resize=768%2C576&amp;ssl=1 768w, https:\/\/i0.wp.com\/zeromagazine.mx\/wp-content\/uploads\/2025\/07\/043e684b-524d-444b-9802-3719153bb470.jpeg?resize=1536%2C1152&amp;ssl=1 1536w\" sizes=\"(max-width: 1165px) 100vw, 1165px\" \/><\/figure>\n\n\n\n<p>Lo que comenz\u00f3 como un proyecto local, hoy es uno de los festivales m\u00e1s esperados del verano mexicano. Aqua Color Fest no solo ha revolucionado la escena en Hidalgo, tambi\u00e9n se ha convertido en una plataforma que impulsa el talento nacional, promueve el turismo joven y genera un impacto positivo en la econom\u00eda local.<\/p>\n\n\n\n<p>El s\u00e1bado 9 de agosto se activar\u00e1n tres escenarios simult\u00e1neos con g\u00e9neros que van del hardstyle al psytrance. Uno de ellos estar\u00e1 curado por <em>Ommix M\u00e9xico<\/em>, el ic\u00f3nico sello de m\u00fasica psytrance con m\u00e1s de 20 a\u00f1os de trayectoria, que traer\u00e1 su propuesta audiovisual directamente al coraz\u00f3n del Valle del Mezquital. Entre los artistas confirmados destacan <em>RAN-D<\/em>, <em>Jessica Audiffred<\/em>, <em>DJ Isaac<\/em>, <em>Zapr\u0101vka<\/em> y un \u00e9pico triple B2B que reunir\u00e1 a talentos emergentes con energ\u00eda explosiva.<\/p>\n\n\n\n<figure class=\"wp-block-image size-full\"><img data-recalc-dims=\"1\" decoding=\"async\" width=\"1165\" height=\"538\" src=\"https:\/\/i0.wp.com\/zeromagazine.mx\/wp-content\/uploads\/2025\/07\/20240803_165306-scaled.jpeg?resize=1165%2C538&#038;ssl=1\" alt=\"\" class=\"wp-image-106695\" srcset=\"https:\/\/i0.wp.com\/zeromagazine.mx\/wp-content\/uploads\/2025\/07\/20240803_165306-scaled.jpeg?w=2560&amp;ssl=1 2560w, https:\/\/i0.wp.com\/zeromagazine.mx\/wp-content\/uploads\/2025\/07\/20240803_165306-scaled.jpeg?resize=300%2C139&amp;ssl=1 300w, https:\/\/i0.wp.com\/zeromagazine.mx\/wp-content\/uploads\/2025\/07\/20240803_165306-scaled.jpeg?resize=1024%2C473&amp;ssl=1 1024w, https:\/\/i0.wp.com\/zeromagazine.mx\/wp-content\/uploads\/2025\/07\/20240803_165306-scaled.jpeg?resize=768%2C355&amp;ssl=1 768w, https:\/\/i0.wp.com\/zeromagazine.mx\/wp-content\/uploads\/2025\/07\/20240803_165306-scaled.jpeg?resize=1536%2C709&amp;ssl=1 1536w, https:\/\/i0.wp.com\/zeromagazine.mx\/wp-content\/uploads\/2025\/07\/20240803_165306-scaled.jpeg?resize=2048%2C946&amp;ssl=1 2048w, https:\/\/i0.wp.com\/zeromagazine.mx\/wp-content\/uploads\/2025\/07\/20240803_165306-scaled.jpeg?w=2330 2330w\" sizes=\"(max-width: 1165px) 100vw, 1165px\" \/><\/figure>\n\n\n\n<p>El domingo 10, el festival se transforma con la <em>pool party oficial<\/em>: una nueva forma de disfrutar el parque acu\u00e1tico sin perder la esencia musical del evento. Todos los boletos incluyen acceso total al parque durante los dos d\u00edas, convirtiendo a <em>Aqua Color Fest 2025<\/em> en una escapada completa para vivir el verano con intensidad.<\/p>\n\n\n\n<p>Adem\u00e1s de una producci\u00f3n reforzada, shows de luces y l\u00e1seres de alto nivel y medidas de seguridad coordinadas con autoridades locales, el festival reafirma su compromiso con la inclusi\u00f3n, la seguridad y el desarrollo comunitario.<\/p>\n\n\n\n<figure class=\"wp-block-image size-full\"><img data-recalc-dims=\"1\" decoding=\"async\" width=\"1165\" height=\"1553\" src=\"https:\/\/i0.wp.com\/zeromagazine.mx\/wp-content\/uploads\/2025\/07\/20240804_013449-scaled.jpeg?resize=1165%2C1553&#038;ssl=1\" alt=\"\" class=\"wp-image-106696\" srcset=\"https:\/\/i0.wp.com\/zeromagazine.mx\/wp-content\/uploads\/2025\/07\/20240804_013449-scaled.jpeg?w=1920&amp;ssl=1 1920w, https:\/\/i0.wp.com\/zeromagazine.mx\/wp-content\/uploads\/2025\/07\/20240804_013449-scaled.jpeg?resize=225%2C300&amp;ssl=1 225w, https:\/\/i0.wp.com\/zeromagazine.mx\/wp-content\/uploads\/2025\/07\/20240804_013449-scaled.jpeg?resize=768%2C1024&amp;ssl=1 768w, https:\/\/i0.wp.com\/zeromagazine.mx\/wp-content\/uploads\/2025\/07\/20240804_013449-scaled.jpeg?resize=1152%2C1536&amp;ssl=1 1152w, https:\/\/i0.wp.com\/zeromagazine.mx\/wp-content\/uploads\/2025\/07\/20240804_013449-scaled.jpeg?resize=1536%2C2048&amp;ssl=1 1536w\" sizes=\"(max-width: 1165px) 100vw, 1165px\" \/><\/figure>\n\n\n\n<p>Con boletos ya disponibles en Boletom\u00f3vil (generales, VIP o con apartado desde $500), esta es tu oportunidad para ser parte de una experiencia multisensorial donde la m\u00fasica, el agua y el color se convierten en magia.<\/p>\n\n\n\n<p>\ud83c\udf9f\ufe0f Compra ya en <a href=\"https:\/\/boletomovil.com\/evento\/aqua-color-fest-2025\">boletomovil.com<\/a><\/p>\n\n\n\n<p>\ud83d\udcf2 S\u00edguelos en @AquaColorFest para m\u00e1s anuncios y sorpresas.<\/p>\n\n\n\n<p><\/p>","protected":false},"excerpt":{"rendered":"<p>Prep\u00e1rate para dos d\u00edas de euforia, beats intensos y explosiones de color, porque Aqua Color Fest 2025 est\u00e1 de vuelta con su s\u00e9ptima edici\u00f3n m\u00e1s poderosa que nunca. Este 9 y 10 de agosto, el Parque Acu\u00e1tico Valle Para\u00edso en Ixmiquilpan, Hidalgo, ser\u00e1 el epicentro de una experiencia \u00fanica que combina m\u00fasica electr\u00f3nica, agua, colores [&hellip;]<\/p>\n","protected":false},"author":4,"featured_media":106697,"comment_status":"open","ping_status":"open","sticky":false,"template":"","format":"standard","meta":{"_jetpack_memberships_contains_paid_content":false,"footnotes":"","jetpack_publicize_message":"","jetpack_publicize_feature_enabled":true,"jetpack_social_post_already_shared":true,"jetpack_social_options":{"image_generator_settings":{"template":"highway","default_image_id":0,"font":"","enabled":false},"version":2}},"categories":[117],"tags":[],"class_list":["post-106693","post","type-post","status-publish","format-standard","has-post-thumbnail","hentry","category-entretenimiento","has-post-title","has-post-date","has-post-category","has-post-tag","has-post-comment","has-post-author",""],"yoast_head":"<!-- This site is optimized with the Yoast SEO plugin v27.5 - https:\/\/yoast.com\/product\/yoast-seo-wordpress\/ -->\n<title>Aqua Color Fest 2025: El festival m\u00e1s vibrante del verano - Zero Magazine<\/title>\n<meta name=\"description\" content=\"Aqua Color Fest 2025 regresa a Hidalgo el 9 y 10 de agosto con m\u00fasica, agua y color en su edici\u00f3n m\u00e1s \u00e9pica. \u00a1Boletos ya disponibles!\" \/>\n<meta name=\"robots\" content=\"index, follow, max-snippet:-1, max-image-preview:large, max-video-preview:-1\" \/>\n<link rel=\"canonical\" href=\"https:\/\/zeromagazine.mx\/index.php\/2025\/07\/04\/aqua-color-fest-2025-hidalgo\/\" \/>\n<meta property=\"og:locale\" content=\"es_ES\" \/>\n<meta property=\"og:type\" content=\"article\" \/>\n<meta property=\"og:title\" content=\"Aqua Color Fest 2025: El festival m\u00e1s vibrante del verano - Zero Magazine\" \/>\n<meta property=\"og:description\" content=\"Aqua Color Fest 2025 regresa a Hidalgo el 9 y 10 de agosto con m\u00fasica, agua y color en su edici\u00f3n m\u00e1s \u00e9pica. \u00a1Boletos ya disponibles!\" \/>\n<meta property=\"og:url\" content=\"https:\/\/zeromagazine.mx\/index.php\/2025\/07\/04\/aqua-color-fest-2025-hidalgo\/\" \/>\n<meta property=\"og:site_name\" content=\"Zero Magazine\" \/>\n<meta property=\"article:published_time\" content=\"2025-07-04T22:01:55+00:00\" \/>\n<meta property=\"article:modified_time\" content=\"2025-07-14T22:03:21+00:00\" \/>\n<meta property=\"og:image\" content=\"http:\/\/zeromagazine.mx\/wp-content\/uploads\/2025\/07\/1000035900.jpeg\" \/>\n\t<meta property=\"og:image:width\" content=\"1920\" \/>\n\t<meta property=\"og:image:height\" content=\"2560\" \/>\n\t<meta property=\"og:image:type\" content=\"image\/jpeg\" \/>\n<meta name=\"author\" content=\"David Morales\" \/>\n<meta name=\"twitter:card\" content=\"summary_large_image\" \/>\n<meta name=\"twitter:label1\" content=\"Escrito por\" \/>\n\t<meta name=\"twitter:data1\" content=\"David Morales\" \/>\n\t<meta name=\"twitter:label2\" content=\"Tiempo de lectura\" \/>\n\t<meta name=\"twitter:data2\" content=\"3 minutos\" \/>\n<script type=\"application\/ld+json\" class=\"yoast-schema-graph\">{\"@context\":\"https:\\\/\\\/schema.org\",\"@graph\":[{\"@type\":\"Article\",\"@id\":\"https:\\\/\\\/zeromagazine.mx\\\/index.php\\\/2025\\\/07\\\/04\\\/aqua-color-fest-2025-hidalgo\\\/#article\",\"isPartOf\":{\"@id\":\"https:\\\/\\\/zeromagazine.mx\\\/index.php\\\/2025\\\/07\\\/04\\\/aqua-color-fest-2025-hidalgo\\\/\"},\"author\":{\"name\":\"David Morales\",\"@id\":\"https:\\\/\\\/zeromagazine.mx\\\/#\\\/schema\\\/person\\\/9f7f1a17c60ba8e9980e3e6677aabe5a\"},\"headline\":\"Aqua Color Fest 2025: El festival m\u00e1s vibrante del verano\",\"datePublished\":\"2025-07-04T22:01:55+00:00\",\"dateModified\":\"2025-07-14T22:03:21+00:00\",\"mainEntityOfPage\":{\"@id\":\"https:\\\/\\\/zeromagazine.mx\\\/index.php\\\/2025\\\/07\\\/04\\\/aqua-color-fest-2025-hidalgo\\\/\"},\"wordCount\":362,\"commentCount\":0,\"publisher\":{\"@id\":\"https:\\\/\\\/zeromagazine.mx\\\/#organization\"},\"image\":{\"@id\":\"https:\\\/\\\/zeromagazine.mx\\\/index.php\\\/2025\\\/07\\\/04\\\/aqua-color-fest-2025-hidalgo\\\/#primaryimage\"},\"thumbnailUrl\":\"https:\\\/\\\/i0.wp.com\\\/zeromagazine.mx\\\/wp-content\\\/uploads\\\/2025\\\/07\\\/1000035900.jpeg?fit=1920%2C2560&ssl=1\",\"articleSection\":[\"Entretenimiento\"],\"inLanguage\":\"es\",\"potentialAction\":[{\"@type\":\"CommentAction\",\"name\":\"Comment\",\"target\":[\"https:\\\/\\\/zeromagazine.mx\\\/index.php\\\/2025\\\/07\\\/04\\\/aqua-color-fest-2025-hidalgo\\\/#respond\"]}]},{\"@type\":\"WebPage\",\"@id\":\"https:\\\/\\\/zeromagazine.mx\\\/index.php\\\/2025\\\/07\\\/04\\\/aqua-color-fest-2025-hidalgo\\\/\",\"url\":\"https:\\\/\\\/zeromagazine.mx\\\/index.php\\\/2025\\\/07\\\/04\\\/aqua-color-fest-2025-hidalgo\\\/\",\"name\":\"Aqua Color Fest 2025: El festival m\u00e1s vibrante del verano - Zero Magazine\",\"isPartOf\":{\"@id\":\"https:\\\/\\\/zeromagazine.mx\\\/#website\"},\"primaryImageOfPage\":{\"@id\":\"https:\\\/\\\/zeromagazine.mx\\\/index.php\\\/2025\\\/07\\\/04\\\/aqua-color-fest-2025-hidalgo\\\/#primaryimage\"},\"image\":{\"@id\":\"https:\\\/\\\/zeromagazine.mx\\\/index.php\\\/2025\\\/07\\\/04\\\/aqua-color-fest-2025-hidalgo\\\/#primaryimage\"},\"thumbnailUrl\":\"https:\\\/\\\/i0.wp.com\\\/zeromagazine.mx\\\/wp-content\\\/uploads\\\/2025\\\/07\\\/1000035900.jpeg?fit=1920%2C2560&ssl=1\",\"datePublished\":\"2025-07-04T22:01:55+00:00\",\"dateModified\":\"2025-07-14T22:03:21+00:00\",\"description\":\"Aqua Color Fest 2025 regresa a Hidalgo el 9 y 10 de agosto con m\u00fasica, agua y color en su edici\u00f3n m\u00e1s \u00e9pica. \u00a1Boletos ya disponibles!\",\"breadcrumb\":{\"@id\":\"https:\\\/\\\/zeromagazine.mx\\\/index.php\\\/2025\\\/07\\\/04\\\/aqua-color-fest-2025-hidalgo\\\/#breadcrumb\"},\"inLanguage\":\"es\",\"potentialAction\":[{\"@type\":\"ReadAction\",\"target\":[\"https:\\\/\\\/zeromagazine.mx\\\/index.php\\\/2025\\\/07\\\/04\\\/aqua-color-fest-2025-hidalgo\\\/\"]}]},{\"@type\":\"ImageObject\",\"inLanguage\":\"es\",\"@id\":\"https:\\\/\\\/zeromagazine.mx\\\/index.php\\\/2025\\\/07\\\/04\\\/aqua-color-fest-2025-hidalgo\\\/#primaryimage\",\"url\":\"https:\\\/\\\/i0.wp.com\\\/zeromagazine.mx\\\/wp-content\\\/uploads\\\/2025\\\/07\\\/1000035900.jpeg?fit=1920%2C2560&ssl=1\",\"contentUrl\":\"https:\\\/\\\/i0.wp.com\\\/zeromagazine.mx\\\/wp-content\\\/uploads\\\/2025\\\/07\\\/1000035900.jpeg?fit=1920%2C2560&ssl=1\",\"width\":1920,\"height\":2560},{\"@type\":\"BreadcrumbList\",\"@id\":\"https:\\\/\\\/zeromagazine.mx\\\/index.php\\\/2025\\\/07\\\/04\\\/aqua-color-fest-2025-hidalgo\\\/#breadcrumb\",\"itemListElement\":[{\"@type\":\"ListItem\",\"position\":1,\"name\":\"Portada\",\"item\":\"https:\\\/\\\/zeromagazine.mx\\\/\"},{\"@type\":\"ListItem\",\"position\":2,\"name\":\"Aqua Color Fest 2025: El festival m\u00e1s vibrante del verano\"}]},{\"@type\":\"WebSite\",\"@id\":\"https:\\\/\\\/zeromagazine.mx\\\/#website\",\"url\":\"https:\\\/\\\/zeromagazine.mx\\\/\",\"name\":\"Zero Magazine\",\"description\":\"\",\"publisher\":{\"@id\":\"https:\\\/\\\/zeromagazine.mx\\\/#organization\"},\"potentialAction\":[{\"@type\":\"SearchAction\",\"target\":{\"@type\":\"EntryPoint\",\"urlTemplate\":\"https:\\\/\\\/zeromagazine.mx\\\/?s={search_term_string}\"},\"query-input\":{\"@type\":\"PropertyValueSpecification\",\"valueRequired\":true,\"valueName\":\"search_term_string\"}}],\"inLanguage\":\"es\"},{\"@type\":\"Organization\",\"@id\":\"https:\\\/\\\/zeromagazine.mx\\\/#organization\",\"name\":\"Zero Magazine\",\"url\":\"https:\\\/\\\/zeromagazine.mx\\\/\",\"logo\":{\"@type\":\"ImageObject\",\"inLanguage\":\"es\",\"@id\":\"https:\\\/\\\/zeromagazine.mx\\\/#\\\/schema\\\/logo\\\/image\\\/\",\"url\":\"https:\\\/\\\/i0.wp.com\\\/zeromagazine.mx\\\/wp-content\\\/uploads\\\/2025\\\/11\\\/1.jpeg?fit=1000%2C1000&ssl=1\",\"contentUrl\":\"https:\\\/\\\/i0.wp.com\\\/zeromagazine.mx\\\/wp-content\\\/uploads\\\/2025\\\/11\\\/1.jpeg?fit=1000%2C1000&ssl=1\",\"width\":1000,\"height\":1000,\"caption\":\"Zero Magazine\"},\"image\":{\"@id\":\"https:\\\/\\\/zeromagazine.mx\\\/#\\\/schema\\\/logo\\\/image\\\/\"},\"sameAs\":[\"https:\\\/\\\/instagram.com\\\/zeromagazinemx\"]},{\"@type\":\"Person\",\"@id\":\"https:\\\/\\\/zeromagazine.mx\\\/#\\\/schema\\\/person\\\/9f7f1a17c60ba8e9980e3e6677aabe5a\",\"name\":\"David Morales\",\"image\":{\"@type\":\"ImageObject\",\"inLanguage\":\"es\",\"@id\":\"https:\\\/\\\/zeromagazine.mx\\\/wp-content\\\/litespeed\\\/avatar\\\/76069d2136bfc1c37dc34815bb67ca42.jpg?ver=1777571067\",\"url\":\"https:\\\/\\\/zeromagazine.mx\\\/wp-content\\\/litespeed\\\/avatar\\\/76069d2136bfc1c37dc34815bb67ca42.jpg?ver=1777571067\",\"contentUrl\":\"https:\\\/\\\/zeromagazine.mx\\\/wp-content\\\/litespeed\\\/avatar\\\/76069d2136bfc1c37dc34815bb67ca42.jpg?ver=1777571067\",\"caption\":\"David Morales\"},\"url\":\"https:\\\/\\\/zeromagazine.mx\\\/index.php\\\/author\\\/david\\\/\"}]}<\/script>\n<!-- \/ Yoast SEO plugin. -->","yoast_head_json":{"title":"Aqua Color Fest 2025: El festival m\u00e1s vibrante del verano - Zero Magazine","description":"Aqua Color Fest 2025 regresa a Hidalgo el 9 y 10 de agosto con m\u00fasica, agua y color en su edici\u00f3n m\u00e1s \u00e9pica. \u00a1Boletos ya disponibles!","robots":{"index":"index","follow":"follow","max-snippet":"max-snippet:-1","max-image-preview":"max-image-preview:large","max-video-preview":"max-video-preview:-1"},"canonical":"https:\/\/zeromagazine.mx\/index.php\/2025\/07\/04\/aqua-color-fest-2025-hidalgo\/","og_locale":"es_ES","og_type":"article","og_title":"Aqua Color Fest 2025: El festival m\u00e1s vibrante del verano - Zero Magazine","og_description":"Aqua Color Fest 2025 regresa a Hidalgo el 9 y 10 de agosto con m\u00fasica, agua y color en su edici\u00f3n m\u00e1s \u00e9pica. \u00a1Boletos ya disponibles!","og_url":"https:\/\/zeromagazine.mx\/index.php\/2025\/07\/04\/aqua-color-fest-2025-hidalgo\/","og_site_name":"Zero Magazine","article_published_time":"2025-07-04T22:01:55+00:00","article_modified_time":"2025-07-14T22:03:21+00:00","og_image":[{"width":1920,"height":2560,"url":"http:\/\/zeromagazine.mx\/wp-content\/uploads\/2025\/07\/1000035900.jpeg","type":"image\/jpeg"}],"author":"David Morales","twitter_card":"summary_large_image","twitter_misc":{"Escrito por":"David Morales","Tiempo de lectura":"3 minutos"},"schema":{"@context":"https:\/\/schema.org","@graph":[{"@type":"Article","@id":"https:\/\/zeromagazine.mx\/index.php\/2025\/07\/04\/aqua-color-fest-2025-hidalgo\/#article","isPartOf":{"@id":"https:\/\/zeromagazine.mx\/index.php\/2025\/07\/04\/aqua-color-fest-2025-hidalgo\/"},"author":{"name":"David Morales","@id":"https:\/\/zeromagazine.mx\/#\/schema\/person\/9f7f1a17c60ba8e9980e3e6677aabe5a"},"headline":"Aqua Color Fest 2025: El festival m\u00e1s vibrante del verano","datePublished":"2025-07-04T22:01:55+00:00","dateModified":"2025-07-14T22:03:21+00:00","mainEntityOfPage":{"@id":"https:\/\/zeromagazine.mx\/index.php\/2025\/07\/04\/aqua-color-fest-2025-hidalgo\/"},"wordCount":362,"commentCount":0,"publisher":{"@id":"https:\/\/zeromagazine.mx\/#organization"},"image":{"@id":"https:\/\/zeromagazine.mx\/index.php\/2025\/07\/04\/aqua-color-fest-2025-hidalgo\/#primaryimage"},"thumbnailUrl":"https:\/\/i0.wp.com\/zeromagazine.mx\/wp-content\/uploads\/2025\/07\/1000035900.jpeg?fit=1920%2C2560&ssl=1","articleSection":["Entretenimiento"],"inLanguage":"es","potentialAction":[{"@type":"CommentAction","name":"Comment","target":["https:\/\/zeromagazine.mx\/index.php\/2025\/07\/04\/aqua-color-fest-2025-hidalgo\/#respond"]}]},{"@type":"WebPage","@id":"https:\/\/zeromagazine.mx\/index.php\/2025\/07\/04\/aqua-color-fest-2025-hidalgo\/","url":"https:\/\/zeromagazine.mx\/index.php\/2025\/07\/04\/aqua-color-fest-2025-hidalgo\/","name":"Aqua Color Fest 2025: El festival m\u00e1s vibrante del verano - Zero Magazine","isPartOf":{"@id":"https:\/\/zeromagazine.mx\/#website"},"primaryImageOfPage":{"@id":"https:\/\/zeromagazine.mx\/index.php\/2025\/07\/04\/aqua-color-fest-2025-hidalgo\/#primaryimage"},"image":{"@id":"https:\/\/zeromagazine.mx\/index.php\/2025\/07\/04\/aqua-color-fest-2025-hidalgo\/#primaryimage"},"thumbnailUrl":"https:\/\/i0.wp.com\/zeromagazine.mx\/wp-content\/uploads\/2025\/07\/1000035900.jpeg?fit=1920%2C2560&ssl=1","datePublished":"2025-07-04T22:01:55+00:00","dateModified":"2025-07-14T22:03:21+00:00","description":"Aqua Color Fest 2025 regresa a Hidalgo el 9 y 10 de agosto con m\u00fasica, agua y color en su edici\u00f3n m\u00e1s \u00e9pica. \u00a1Boletos ya disponibles!","breadcrumb":{"@id":"https:\/\/zeromagazine.mx\/index.php\/2025\/07\/04\/aqua-color-fest-2025-hidalgo\/#breadcrumb"},"inLanguage":"es","potentialAction":[{"@type":"ReadAction","target":["https:\/\/zeromagazine.mx\/index.php\/2025\/07\/04\/aqua-color-fest-2025-hidalgo\/"]}]},{"@type":"ImageObject","inLanguage":"es","@id":"https:\/\/zeromagazine.mx\/index.php\/2025\/07\/04\/aqua-color-fest-2025-hidalgo\/#primaryimage","url":"https:\/\/i0.wp.com\/zeromagazine.mx\/wp-content\/uploads\/2025\/07\/1000035900.jpeg?fit=1920%2C2560&ssl=1","contentUrl":"https:\/\/i0.wp.com\/zeromagazine.mx\/wp-content\/uploads\/2025\/07\/1000035900.jpeg?fit=1920%2C2560&ssl=1","width":1920,"height":2560},{"@type":"BreadcrumbList","@id":"https:\/\/zeromagazine.mx\/index.php\/2025\/07\/04\/aqua-color-fest-2025-hidalgo\/#breadcrumb","itemListElement":[{"@type":"ListItem","position":1,"name":"Portada","item":"https:\/\/zeromagazine.mx\/"},{"@type":"ListItem","position":2,"name":"Aqua Color Fest 2025: El festival m\u00e1s vibrante del verano"}]},{"@type":"WebSite","@id":"https:\/\/zeromagazine.mx\/#website","url":"https:\/\/zeromagazine.mx\/","name":"Zero Magazine","description":"","publisher":{"@id":"https:\/\/zeromagazine.mx\/#organization"},"potentialAction":[{"@type":"SearchAction","target":{"@type":"EntryPoint","urlTemplate":"https:\/\/zeromagazine.mx\/?s={search_term_string}"},"query-input":{"@type":"PropertyValueSpecification","valueRequired":true,"valueName":"search_term_string"}}],"inLanguage":"es"},{"@type":"Organization","@id":"https:\/\/zeromagazine.mx\/#organization","name":"Zero Magazine","url":"https:\/\/zeromagazine.mx\/","logo":{"@type":"ImageObject","inLanguage":"es","@id":"https:\/\/zeromagazine.mx\/#\/schema\/logo\/image\/","url":"https:\/\/i0.wp.com\/zeromagazine.mx\/wp-content\/uploads\/2025\/11\/1.jpeg?fit=1000%2C1000&ssl=1","contentUrl":"https:\/\/i0.wp.com\/zeromagazine.mx\/wp-content\/uploads\/2025\/11\/1.jpeg?fit=1000%2C1000&ssl=1","width":1000,"height":1000,"caption":"Zero Magazine"},"image":{"@id":"https:\/\/zeromagazine.mx\/#\/schema\/logo\/image\/"},"sameAs":["https:\/\/instagram.com\/zeromagazinemx"]},{"@type":"Person","@id":"https:\/\/zeromagazine.mx\/#\/schema\/person\/9f7f1a17c60ba8e9980e3e6677aabe5a","name":"David Morales","image":{"@type":"ImageObject","inLanguage":"es","@id":"https:\/\/zeromagazine.mx\/wp-content\/litespeed\/avatar\/76069d2136bfc1c37dc34815bb67ca42.jpg?ver=1777571067","url":"https:\/\/zeromagazine.mx\/wp-content\/litespeed\/avatar\/76069d2136bfc1c37dc34815bb67ca42.jpg?ver=1777571067","contentUrl":"https:\/\/zeromagazine.mx\/wp-content\/litespeed\/avatar\/76069d2136bfc1c37dc34815bb67ca42.jpg?ver=1777571067","caption":"David Morales"},"url":"https:\/\/zeromagazine.mx\/index.php\/author\/david\/"}]}},"jetpack_publicize_connections":[],"jetpack_featured_media_url":"https:\/\/i0.wp.com\/zeromagazine.mx\/wp-content\/uploads\/2025\/07\/1000035900.jpeg?fit=1920%2C2560&ssl=1","jetpack-related-posts":[{"id":81552,"url":"https:\/\/zeromagazine.mx\/index.php\/2024\/08\/08\/baja-beach-fest-musica-sol-y-beer\/","url_meta":{"origin":106693,"position":0},"title":"Baja Beach Fest: \u00a1Music, Sol y Beer!","author":"zeromagazinemx","date":"8 de agosto de 2024","format":false,"excerpt":"\u00a1Ey, chiques! \u00bfQu\u00e9 creen? Estoy mega hype porque el verano 2024 va a estar en otro level con el Baja Beach Fest. As\u00ed que vayan armando el plan para tres d\u00edas de pura m\u00fasica urbana, solazo, playita y vibra top en Rosarito, Baja California. Si todav\u00eda no han escuchado de\u2026","rel":"","context":"En \u00abBlog\u00bb","block_context":{"text":"Blog","link":"https:\/\/zeromagazine.mx\/index.php\/category\/blog\/"},"img":{"alt_text":"","src":"https:\/\/i0.wp.com\/zeromagazine.mx\/wp-content\/uploads\/2024\/08\/BAJA-BEACH-FEST-3.jpeg?fit=1200%2C674&ssl=1&resize=350%2C200","width":350,"height":200,"srcset":"https:\/\/i0.wp.com\/zeromagazine.mx\/wp-content\/uploads\/2024\/08\/BAJA-BEACH-FEST-3.jpeg?fit=1200%2C674&ssl=1&resize=350%2C200 1x, https:\/\/i0.wp.com\/zeromagazine.mx\/wp-content\/uploads\/2024\/08\/BAJA-BEACH-FEST-3.jpeg?fit=1200%2C674&ssl=1&resize=525%2C300 1.5x, https:\/\/i0.wp.com\/zeromagazine.mx\/wp-content\/uploads\/2024\/08\/BAJA-BEACH-FEST-3.jpeg?fit=1200%2C674&ssl=1&resize=700%2C400 2x, https:\/\/i0.wp.com\/zeromagazine.mx\/wp-content\/uploads\/2024\/08\/BAJA-BEACH-FEST-3.jpeg?fit=1200%2C674&ssl=1&resize=1050%2C600 3x"},"classes":[]},{"id":108870,"url":"https:\/\/zeromagazine.mx\/index.php\/2025\/09\/23\/aqua-net-hello-kitty-brilla-contigo\/","url_meta":{"origin":106693,"position":1},"title":"Aqua Net Hello Kitty celebra el recuerdo con estilo","author":"David Morales","date":"23 de septiembre de 2025","format":false,"excerpt":"Cada temporada trae algo nuevo, pero esta vez la sorpresa es m\u00e1gica:\u00a0Aqua Net Hello Kitty\u00a0llega con una edici\u00f3n especial inspirada en el D\u00eda de Muertos. S\u00ed, la gatita m\u00e1s kawaii del mundo se transforma en una Catrina llena de flores, color y ternura. Con un rostro pintado delicadamente y un\u2026","rel":"","context":"En \u00abBeauty\u00bb","block_context":{"text":"Beauty","link":"https:\/\/zeromagazine.mx\/index.php\/category\/beauty\/"},"img":{"alt_text":"","src":"https:\/\/i0.wp.com\/zeromagazine.mx\/wp-content\/uploads\/2025\/09\/IMG_6253.png?fit=1088%2C1200&ssl=1&resize=350%2C200","width":350,"height":200,"srcset":"https:\/\/i0.wp.com\/zeromagazine.mx\/wp-content\/uploads\/2025\/09\/IMG_6253.png?fit=1088%2C1200&ssl=1&resize=350%2C200 1x, https:\/\/i0.wp.com\/zeromagazine.mx\/wp-content\/uploads\/2025\/09\/IMG_6253.png?fit=1088%2C1200&ssl=1&resize=525%2C300 1.5x, https:\/\/i0.wp.com\/zeromagazine.mx\/wp-content\/uploads\/2025\/09\/IMG_6253.png?fit=1088%2C1200&ssl=1&resize=700%2C400 2x, https:\/\/i0.wp.com\/zeromagazine.mx\/wp-content\/uploads\/2025\/09\/IMG_6253.png?fit=1088%2C1200&ssl=1&resize=1050%2C600 3x"},"classes":[]},{"id":71675,"url":"https:\/\/zeromagazine.mx\/index.php\/2024\/03\/08\/rappi-fest-el-primer-festival-virtual-de-tacos-llega-a-mexico\/","url_meta":{"origin":106693,"position":2},"title":"\u00a1Rappi Fest: El primer festival virtual de tacos llega a M\u00e9xico!","author":"zeromagazinemx","date":"8 de marzo de 2024","format":false,"excerpt":"\u00a1Llega el primer festival virtual de tacos a M\u00e9xico! Rappi, la plataforma de comercio electr\u00f3nico, est\u00e1 rompiendo esquemas con el \"Rappi Fest\", un evento gastron\u00f3mico que va a revolucionar nuestros paladares durante todo marzo. Vamos a poder disfrutar de combos y experiencias \u00fanicas con los tacos m\u00e1s ic\u00f3nicos de M\u00e9xico,\u2026","rel":"","context":"En \u00abFoodie\u00bb","block_context":{"text":"Foodie","link":"https:\/\/zeromagazine.mx\/index.php\/category\/lifestyle\/foodie\/"},"img":{"alt_text":"","src":"https:\/\/i0.wp.com\/zeromagazine.mx\/wp-content\/uploads\/2024\/03\/Rappi-Fest-2.jpeg?resize=350%2C200&ssl=1","width":350,"height":200,"srcset":"https:\/\/i0.wp.com\/zeromagazine.mx\/wp-content\/uploads\/2024\/03\/Rappi-Fest-2.jpeg?resize=350%2C200&ssl=1 1x, https:\/\/i0.wp.com\/zeromagazine.mx\/wp-content\/uploads\/2024\/03\/Rappi-Fest-2.jpeg?resize=525%2C300&ssl=1 1.5x, https:\/\/i0.wp.com\/zeromagazine.mx\/wp-content\/uploads\/2024\/03\/Rappi-Fest-2.jpeg?resize=700%2C400&ssl=1 2x, https:\/\/i0.wp.com\/zeromagazine.mx\/wp-content\/uploads\/2024\/03\/Rappi-Fest-2.jpeg?resize=1050%2C600&ssl=1 3x"},"classes":[]},{"id":104267,"url":"https:\/\/zeromagazine.mx\/index.php\/2025\/05\/16\/verano-en-san-diego\/","url_meta":{"origin":106693,"position":3},"title":"Verano En San Diego","author":"David Morales","date":"16 de mayo de 2025","format":false,"excerpt":"Amix, si ya est\u00e1s so\u00f1ando con escaparte en verano a unas vacaciones, te tengo el destino que tiene todo: playa, comida rica, arte, conciertos, helado y hasta delfines (s\u00ed, reales). San Diego se puso denso este 2025 con mil novedades para armar un verano que vibra completo. Y lo mejor:\u2026","rel":"","context":"En \u00abBlog\u00bb","block_context":{"text":"Blog","link":"https:\/\/zeromagazine.mx\/index.php\/category\/blog\/"},"img":{"alt_text":"","src":"https:\/\/i0.wp.com\/zeromagazine.mx\/wp-content\/uploads\/2025\/05\/hotel-del-coronado-aerial-architectural-victorian-windsor-cottage-lawn-wecreate-2023-scaled.jpg?fit=1200%2C899&ssl=1&resize=350%2C200","width":350,"height":200,"srcset":"https:\/\/i0.wp.com\/zeromagazine.mx\/wp-content\/uploads\/2025\/05\/hotel-del-coronado-aerial-architectural-victorian-windsor-cottage-lawn-wecreate-2023-scaled.jpg?fit=1200%2C899&ssl=1&resize=350%2C200 1x, https:\/\/i0.wp.com\/zeromagazine.mx\/wp-content\/uploads\/2025\/05\/hotel-del-coronado-aerial-architectural-victorian-windsor-cottage-lawn-wecreate-2023-scaled.jpg?fit=1200%2C899&ssl=1&resize=525%2C300 1.5x, https:\/\/i0.wp.com\/zeromagazine.mx\/wp-content\/uploads\/2025\/05\/hotel-del-coronado-aerial-architectural-victorian-windsor-cottage-lawn-wecreate-2023-scaled.jpg?fit=1200%2C899&ssl=1&resize=700%2C400 2x, https:\/\/i0.wp.com\/zeromagazine.mx\/wp-content\/uploads\/2025\/05\/hotel-del-coronado-aerial-architectural-victorian-windsor-cottage-lawn-wecreate-2023-scaled.jpg?fit=1200%2C899&ssl=1&resize=1050%2C600 3x"},"classes":[]},{"id":51513,"url":"https:\/\/zeromagazine.mx\/index.php\/2021\/08\/04\/skoon-fest-un-festival-virtual-dedicado-a-los-gatos\/","url_meta":{"origin":106693,"position":4},"title":"Skoon Fest, un festival virtual dedicado a los gatos","author":"zeromagazinemx","date":"4 de agosto de 2021","format":false,"excerpt":"Skoon celebra a todos los gatos con un festival virtual dedicado a ellos. Por Mayra Torres La marca de arena premium para gato Skoon, presenta un festival virtual en el que re\u00fane a expertos para conocer mejor a nuestros gatitos, donde hablar\u00e1n acerca de los cuidados, innovaciones y actividades para\u2026","rel":"","context":"En \u00abLifestyle\u00bb","block_context":{"text":"Lifestyle","link":"https:\/\/zeromagazine.mx\/index.php\/category\/lifestyle\/"},"img":{"alt_text":"","src":"","width":0,"height":0},"classes":[]},{"id":82975,"url":"https:\/\/zeromagazine.mx\/index.php\/2024\/09\/03\/revive-el-aerie-fest-vibes\/","url_meta":{"origin":106693,"position":5},"title":"\u201cRevive el Aerie Fest Vibes\u201d","author":"zeromagazinemx","date":"3 de septiembre de 2024","format":false,"excerpt":"Si no pudiste hacerle el check a la primera edici\u00f3n del #AerieFest en CDMX el pasado 31 de agosto, no te preocupes, aqu\u00ed te cuento todo el chisme de este eventazo que hizo vibrar a todos con autenticidad y mucho amor propio.\u00a0 \u00bfQu\u00e9 es el Aerie Fest? Primero que nada,\u2026","rel":"","context":"En \u00abBienestar\u00bb","block_context":{"text":"Bienestar","link":"https:\/\/zeromagazine.mx\/index.php\/category\/lifestyle\/bienestar\/"},"img":{"alt_text":"","src":"https:\/\/i0.wp.com\/zeromagazine.mx\/wp-content\/uploads\/2024\/09\/ORS6860-scaled.jpg?fit=1200%2C800&ssl=1&resize=350%2C200","width":350,"height":200,"srcset":"https:\/\/i0.wp.com\/zeromagazine.mx\/wp-content\/uploads\/2024\/09\/ORS6860-scaled.jpg?fit=1200%2C800&ssl=1&resize=350%2C200 1x, https:\/\/i0.wp.com\/zeromagazine.mx\/wp-content\/uploads\/2024\/09\/ORS6860-scaled.jpg?fit=1200%2C800&ssl=1&resize=525%2C300 1.5x, https:\/\/i0.wp.com\/zeromagazine.mx\/wp-content\/uploads\/2024\/09\/ORS6860-scaled.jpg?fit=1200%2C800&ssl=1&resize=700%2C400 2x, https:\/\/i0.wp.com\/zeromagazine.mx\/wp-content\/uploads\/2024\/09\/ORS6860-scaled.jpg?fit=1200%2C800&ssl=1&resize=1050%2C600 3x"},"classes":[]}],"jetpack_sharing_enabled":true,"builder_content":"","_links":{"self":[{"href":"https:\/\/zeromagazine.mx\/index.php\/wp-json\/wp\/v2\/posts\/106693","targetHints":{"allow":["GET"]}}],"collection":[{"href":"https:\/\/zeromagazine.mx\/index.php\/wp-json\/wp\/v2\/posts"}],"about":[{"href":"https:\/\/zeromagazine.mx\/index.php\/wp-json\/wp\/v2\/types\/post"}],"author":[{"embeddable":true,"href":"https:\/\/zeromagazine.mx\/index.php\/wp-json\/wp\/v2\/users\/4"}],"replies":[{"embeddable":true,"href":"https:\/\/zeromagazine.mx\/index.php\/wp-json\/wp\/v2\/comments?post=106693"}],"version-history":[{"count":5,"href":"https:\/\/zeromagazine.mx\/index.php\/wp-json\/wp\/v2\/posts\/106693\/revisions"}],"predecessor-version":[{"id":106702,"href":"https:\/\/zeromagazine.mx\/index.php\/wp-json\/wp\/v2\/posts\/106693\/revisions\/106702"}],"wp:featuredmedia":[{"embeddable":true,"href":"https:\/\/zeromagazine.mx\/index.php\/wp-json\/wp\/v2\/media\/106697"}],"wp:attachment":[{"href":"https:\/\/zeromagazine.mx\/index.php\/wp-json\/wp\/v2\/media?parent=106693"}],"wp:term":[{"taxonomy":"category","embeddable":true,"href":"https:\/\/zeromagazine.mx\/index.php\/wp-json\/wp\/v2\/categories?post=106693"},{"taxonomy":"post_tag","embeddable":true,"href":"https:\/\/zeromagazine.mx\/index.php\/wp-json\/wp\/v2\/tags?post=106693"}],"curies":[{"name":"wp","href":"https:\/\/api.w.org\/{rel}","templated":true}]}}