{"id":106764,"date":"2025-07-15T17:37:37","date_gmt":"2025-07-15T23:37:37","guid":{"rendered":"https:\/\/zeromagazine.mx\/?p=106764"},"modified":"2025-07-15T17:37:39","modified_gmt":"2025-07-15T23:37:39","slug":"alta-joyeria-en-flor-con-van-cleef-arpels","status":"publish","type":"post","link":"https:\/\/zeromagazine.mx\/index.php\/2025\/07\/15\/alta-joyeria-en-flor-con-van-cleef-arpels\/","title":{"rendered":"Alta joyer\u00eda en flor con Van Cleef &amp; Arpels"},"content":{"rendered":"<!--themify_builder_content-->\n<div id=\"themify_builder_content-106764\" data-postid=\"106764\" class=\"themify_builder_content themify_builder_content-106764 themify_builder tf_clear\">\n    <\/div>\n<!--\/themify_builder_content-->\n\n\n<p>La belleza florece en forma de joya. Con <em>Fleurs d\u2019Hawa\u00ef<\/em>, <strong>Van Cleef &amp; Arpels<\/strong> nos transporta a un jard\u00edn eterno donde la <strong>alta joyer\u00eda<\/strong> se convierte en un poema visual lleno de luz, color y movimiento. Inspirada en la exuberancia tropical, esta nueva colecci\u00f3n revive la relaci\u00f3n apasionada entre la Maison y la naturaleza, una que ha florecido a lo largo de m\u00e1s de un siglo.<\/p>\n\n\n\n<p>Parte de su l\u00ednea emblem\u00e1tica <em>Flora<\/em>, <em>Fleurs d\u2019Hawa\u00ef<\/em> es mucho m\u00e1s que una colecci\u00f3n de lujo: es una celebraci\u00f3n de la energ\u00eda vital que habita en cada p\u00e9talo. Aqu\u00ed, la t\u00e9cnica y la poes\u00eda se funden en piezas que parecen reci\u00e9n cortadas de un jard\u00edn ba\u00f1ado por el sol. Collares, anillos y pendientes reinterpretan la bot\u00e1nica desde la lente refinada de la <strong>alta joyer\u00eda<\/strong>, con composiciones generosas, coloridas y rebosantes de vida.<\/p>\n\n\n\n<figure class=\"wp-block-image size-full\"><img data-recalc-dims=\"1\" decoding=\"async\" width=\"1165\" height=\"313\" src=\"https:\/\/i0.wp.com\/zeromagazine.mx\/wp-content\/uploads\/2025\/07\/VCA_VCARPHKB00_T3014_V3007_B0006-scaled.jpeg?resize=1165%2C313&#038;ssl=1\" alt=\"\" class=\"wp-image-106765\" srcset=\"https:\/\/i0.wp.com\/zeromagazine.mx\/wp-content\/uploads\/2025\/07\/VCA_VCARPHKB00_T3014_V3007_B0006-scaled.jpeg?w=2560&amp;ssl=1 2560w, https:\/\/i0.wp.com\/zeromagazine.mx\/wp-content\/uploads\/2025\/07\/VCA_VCARPHKB00_T3014_V3007_B0006-scaled.jpeg?resize=300%2C81&amp;ssl=1 300w, https:\/\/i0.wp.com\/zeromagazine.mx\/wp-content\/uploads\/2025\/07\/VCA_VCARPHKB00_T3014_V3007_B0006-scaled.jpeg?resize=1024%2C275&amp;ssl=1 1024w, https:\/\/i0.wp.com\/zeromagazine.mx\/wp-content\/uploads\/2025\/07\/VCA_VCARPHKB00_T3014_V3007_B0006-scaled.jpeg?resize=768%2C206&amp;ssl=1 768w, https:\/\/i0.wp.com\/zeromagazine.mx\/wp-content\/uploads\/2025\/07\/VCA_VCARPHKB00_T3014_V3007_B0006-scaled.jpeg?resize=1536%2C412&amp;ssl=1 1536w, https:\/\/i0.wp.com\/zeromagazine.mx\/wp-content\/uploads\/2025\/07\/VCA_VCARPHKB00_T3014_V3007_B0006-scaled.jpeg?resize=2048%2C550&amp;ssl=1 2048w, https:\/\/i0.wp.com\/zeromagazine.mx\/wp-content\/uploads\/2025\/07\/VCA_VCARPHKB00_T3014_V3007_B0006-scaled.jpeg?w=2330 2330w\" sizes=\"(max-width: 1165px) 100vw, 1165px\" \/><\/figure>\n\n\n\n<p>Cada pieza revela una corola vibrante, construida con piedras finas cuidadosamente seleccionadas. El fucsia profundo, el verde hoja, el violeta intenso y el coral anaranjado forman una paleta crom\u00e1tica que se siente ex\u00f3tica, c\u00e1lida y perfectamente equilibrada. Los pistilos de diamante y los follajes esculpidos en oro a\u00f1aden un brillo sutil que recuerda el roc\u00edo matinal en las flores tropicales.<\/p>\n\n\n\n<p>Las joyas de <em>Fleurs d\u2019Hawa\u00ef<\/em> no solo son un tributo al esplendor natural, sino tambi\u00e9n una muestra de la maestr\u00eda artesanal de Van Cleef &amp; Arpels. El trabajo en cada pieza es meticuloso: los vol\u00famenes, las curvas, el engaste invisible y la composici\u00f3n de color se ejecutan con precisi\u00f3n quir\u00fargica, respetando el ritmo org\u00e1nico de la flor y potenciando su car\u00e1cter \u00fanico. As\u00ed, cada joya tiene alma, personalidad y movimiento, como si respirara.<\/p>\n\n\n\n<div class=\"wp-block-jetpack-tiled-gallery aligncenter is-style-rectangular\"><div class=\"tiled-gallery__gallery\"><div class=\"tiled-gallery__row\"><div class=\"tiled-gallery__col\" style=\"flex-basis:66.74718%\"><\/div><div class=\"tiled-gallery__col\" style=\"flex-basis:33.25282%\"><\/div><\/div><div class=\"tiled-gallery__row\"><div class=\"tiled-gallery__col\" style=\"flex-basis:100.00000%\"><\/div><\/div><\/div><\/div>\n\n\n\n<p>Lo fascinante de esta colecci\u00f3n es c\u00f3mo la <strong>alta joyer\u00eda<\/strong> logra capturar lo ef\u00edmero \u2014una flor que apenas abre sus p\u00e9talos, un jard\u00edn en su m\u00e1ximo esplendor\u2014 y lo transforma en algo eterno. Cada creaci\u00f3n es una invitaci\u00f3n a so\u00f1ar con veranos perpetuos, a llevar en la piel el lenguaje sutil de la naturaleza, a caminar por el mundo con un pedazo de para\u00edso tropical colgado del cuello o adornando los dedos.<\/p>\n\n\n\n<p><em>Fleurs d\u2019Hawa\u00ef<\/em> no teme al color, ni a la exuberancia, ni a la emoci\u00f3n. Celebra la alegr\u00eda, la feminidad libre, el arte de detener el tiempo a trav\u00e9s de una gema perfectamente tallada. En un universo donde lo ef\u00edmero gobierna, esta colecci\u00f3n de <strong>alta joyer\u00eda<\/strong> se convierte en una promesa de permanencia. Es un jard\u00edn que no se marchita, una flor que nunca deja de abrirse.<\/p>\n\n\n\n<p>M\u00e1s que un ejercicio t\u00e9cnico, Van Cleef &amp; Arpels convierte cada pieza en un relato. Porque en la joyer\u00eda de verdad \u2014la que no pasa de moda, la que se hereda, la que guarda historias\u2014 lo que brilla no es solo el oro o el diamante: es la idea. Y <em>Fleurs d\u2019Hawa\u00ef<\/em> est\u00e1 llena de ellas.<\/p>\n\n\n\n<p>Con esta colecci\u00f3n, la Maison reafirma su lugar como una de las casas m\u00e1s po\u00e9ticas de la <strong>alta joyer\u00eda<\/strong>, combinando elegancia atemporal con una interpretaci\u00f3n vibrante de la naturaleza. Y como toda gran obra, no necesita gritar: basta verla para saber que es arte.<\/p>","protected":false},"excerpt":{"rendered":"<p>La belleza florece en forma de joya. Con Fleurs d\u2019Hawa\u00ef, Van Cleef &amp; Arpels nos transporta a un jard\u00edn eterno donde la alta joyer\u00eda se convierte en un poema visual lleno de luz, color y movimiento. Inspirada en la exuberancia tropical, esta nueva colecci\u00f3n revive la relaci\u00f3n apasionada entre la Maison y la naturaleza, una [&hellip;]<\/p>\n","protected":false},"author":4,"featured_media":106778,"comment_status":"open","ping_status":"open","sticky":false,"template":"","format":"standard","meta":{"_jetpack_memberships_contains_paid_content":false,"footnotes":"","jetpack_publicize_message":"","jetpack_publicize_feature_enabled":true,"jetpack_social_post_already_shared":true,"jetpack_social_options":{"image_generator_settings":{"template":"highway","default_image_id":0,"font":"","enabled":false},"version":2}},"categories":[67],"tags":[],"class_list":["post-106764","post","type-post","status-publish","format-standard","has-post-thumbnail","hentry","category-moda","has-post-title","has-post-date","has-post-category","has-post-tag","has-post-comment","has-post-author",""],"yoast_head":"<!-- This site is optimized with the Yoast SEO plugin v27.5 - https:\/\/yoast.com\/product\/yoast-seo-wordpress\/ -->\n<title>Alta joyer\u00eda en flor con Van Cleef &amp; Arpels - Zero Magazine<\/title>\n<meta name=\"description\" content=\"Van Cleef &amp; Arpels presenta Fleurs d\u2019Hawa\u00ef, una colecci\u00f3n de alta joyer\u00eda inspirada en la naturaleza tropical y llena de color y poes\u00eda.\" \/>\n<meta name=\"robots\" content=\"index, follow, max-snippet:-1, max-image-preview:large, max-video-preview:-1\" \/>\n<link rel=\"canonical\" href=\"https:\/\/zeromagazine.mx\/index.php\/2025\/07\/15\/alta-joyeria-en-flor-con-van-cleef-arpels\/\" \/>\n<meta property=\"og:locale\" content=\"es_ES\" \/>\n<meta property=\"og:type\" content=\"article\" \/>\n<meta property=\"og:title\" content=\"Alta joyer\u00eda en flor con Van Cleef &amp; Arpels - Zero Magazine\" \/>\n<meta property=\"og:description\" content=\"Van Cleef &amp; Arpels presenta Fleurs d\u2019Hawa\u00ef, una colecci\u00f3n de alta joyer\u00eda inspirada en la naturaleza tropical y llena de color y poes\u00eda.\" \/>\n<meta property=\"og:url\" content=\"https:\/\/zeromagazine.mx\/index.php\/2025\/07\/15\/alta-joyeria-en-flor-con-van-cleef-arpels\/\" \/>\n<meta property=\"og:site_name\" content=\"Zero Magazine\" \/>\n<meta property=\"article:published_time\" content=\"2025-07-15T23:37:37+00:00\" \/>\n<meta property=\"article:modified_time\" content=\"2025-07-15T23:37:39+00:00\" \/>\n<meta property=\"og:image\" content=\"http:\/\/zeromagazine.mx\/wp-content\/uploads\/2025\/07\/VCA_VCARPET500_T3014_V3007_B0006-XXXXXX-I-copie-scaled.jpeg\" \/>\n\t<meta property=\"og:image:width\" content=\"1785\" \/>\n\t<meta property=\"og:image:height\" content=\"2560\" \/>\n\t<meta property=\"og:image:type\" content=\"image\/jpeg\" \/>\n<meta name=\"author\" content=\"David Morales\" \/>\n<meta name=\"twitter:card\" content=\"summary_large_image\" \/>\n<meta name=\"twitter:label1\" content=\"Escrito por\" \/>\n\t<meta name=\"twitter:data1\" content=\"David Morales\" \/>\n\t<meta name=\"twitter:label2\" content=\"Tiempo de lectura\" \/>\n\t<meta name=\"twitter:data2\" content=\"3 minutos\" \/>\n<script type=\"application\/ld+json\" class=\"yoast-schema-graph\">{\"@context\":\"https:\\\/\\\/schema.org\",\"@graph\":[{\"@type\":\"Article\",\"@id\":\"https:\\\/\\\/zeromagazine.mx\\\/index.php\\\/2025\\\/07\\\/15\\\/alta-joyeria-en-flor-con-van-cleef-arpels\\\/#article\",\"isPartOf\":{\"@id\":\"https:\\\/\\\/zeromagazine.mx\\\/index.php\\\/2025\\\/07\\\/15\\\/alta-joyeria-en-flor-con-van-cleef-arpels\\\/\"},\"author\":{\"name\":\"David Morales\",\"@id\":\"https:\\\/\\\/zeromagazine.mx\\\/#\\\/schema\\\/person\\\/9f7f1a17c60ba8e9980e3e6677aabe5a\"},\"headline\":\"Alta joyer\u00eda en flor con Van Cleef &amp; Arpels\",\"datePublished\":\"2025-07-15T23:37:37+00:00\",\"dateModified\":\"2025-07-15T23:37:39+00:00\",\"mainEntityOfPage\":{\"@id\":\"https:\\\/\\\/zeromagazine.mx\\\/index.php\\\/2025\\\/07\\\/15\\\/alta-joyeria-en-flor-con-van-cleef-arpels\\\/\"},\"wordCount\":582,\"commentCount\":0,\"publisher\":{\"@id\":\"https:\\\/\\\/zeromagazine.mx\\\/#organization\"},\"image\":{\"@id\":\"https:\\\/\\\/zeromagazine.mx\\\/index.php\\\/2025\\\/07\\\/15\\\/alta-joyeria-en-flor-con-van-cleef-arpels\\\/#primaryimage\"},\"thumbnailUrl\":\"https:\\\/\\\/i0.wp.com\\\/zeromagazine.mx\\\/wp-content\\\/uploads\\\/2025\\\/07\\\/VCA_VCARPET500_T3014_V3007_B0006-XXXXXX-I-copie-scaled.jpeg?fit=1785%2C2560&ssl=1\",\"articleSection\":[\"Moda\"],\"inLanguage\":\"es\",\"potentialAction\":[{\"@type\":\"CommentAction\",\"name\":\"Comment\",\"target\":[\"https:\\\/\\\/zeromagazine.mx\\\/index.php\\\/2025\\\/07\\\/15\\\/alta-joyeria-en-flor-con-van-cleef-arpels\\\/#respond\"]}]},{\"@type\":\"WebPage\",\"@id\":\"https:\\\/\\\/zeromagazine.mx\\\/index.php\\\/2025\\\/07\\\/15\\\/alta-joyeria-en-flor-con-van-cleef-arpels\\\/\",\"url\":\"https:\\\/\\\/zeromagazine.mx\\\/index.php\\\/2025\\\/07\\\/15\\\/alta-joyeria-en-flor-con-van-cleef-arpels\\\/\",\"name\":\"Alta joyer\u00eda en flor con Van Cleef &amp; Arpels - Zero Magazine\",\"isPartOf\":{\"@id\":\"https:\\\/\\\/zeromagazine.mx\\\/#website\"},\"primaryImageOfPage\":{\"@id\":\"https:\\\/\\\/zeromagazine.mx\\\/index.php\\\/2025\\\/07\\\/15\\\/alta-joyeria-en-flor-con-van-cleef-arpels\\\/#primaryimage\"},\"image\":{\"@id\":\"https:\\\/\\\/zeromagazine.mx\\\/index.php\\\/2025\\\/07\\\/15\\\/alta-joyeria-en-flor-con-van-cleef-arpels\\\/#primaryimage\"},\"thumbnailUrl\":\"https:\\\/\\\/i0.wp.com\\\/zeromagazine.mx\\\/wp-content\\\/uploads\\\/2025\\\/07\\\/VCA_VCARPET500_T3014_V3007_B0006-XXXXXX-I-copie-scaled.jpeg?fit=1785%2C2560&ssl=1\",\"datePublished\":\"2025-07-15T23:37:37+00:00\",\"dateModified\":\"2025-07-15T23:37:39+00:00\",\"description\":\"Van Cleef & Arpels presenta Fleurs d\u2019Hawa\u00ef, una colecci\u00f3n de alta joyer\u00eda inspirada en la naturaleza tropical y llena de color y poes\u00eda.\",\"breadcrumb\":{\"@id\":\"https:\\\/\\\/zeromagazine.mx\\\/index.php\\\/2025\\\/07\\\/15\\\/alta-joyeria-en-flor-con-van-cleef-arpels\\\/#breadcrumb\"},\"inLanguage\":\"es\",\"potentialAction\":[{\"@type\":\"ReadAction\",\"target\":[\"https:\\\/\\\/zeromagazine.mx\\\/index.php\\\/2025\\\/07\\\/15\\\/alta-joyeria-en-flor-con-van-cleef-arpels\\\/\"]}]},{\"@type\":\"ImageObject\",\"inLanguage\":\"es\",\"@id\":\"https:\\\/\\\/zeromagazine.mx\\\/index.php\\\/2025\\\/07\\\/15\\\/alta-joyeria-en-flor-con-van-cleef-arpels\\\/#primaryimage\",\"url\":\"https:\\\/\\\/i0.wp.com\\\/zeromagazine.mx\\\/wp-content\\\/uploads\\\/2025\\\/07\\\/VCA_VCARPET500_T3014_V3007_B0006-XXXXXX-I-copie-scaled.jpeg?fit=1785%2C2560&ssl=1\",\"contentUrl\":\"https:\\\/\\\/i0.wp.com\\\/zeromagazine.mx\\\/wp-content\\\/uploads\\\/2025\\\/07\\\/VCA_VCARPET500_T3014_V3007_B0006-XXXXXX-I-copie-scaled.jpeg?fit=1785%2C2560&ssl=1\",\"width\":1785,\"height\":2560},{\"@type\":\"BreadcrumbList\",\"@id\":\"https:\\\/\\\/zeromagazine.mx\\\/index.php\\\/2025\\\/07\\\/15\\\/alta-joyeria-en-flor-con-van-cleef-arpels\\\/#breadcrumb\",\"itemListElement\":[{\"@type\":\"ListItem\",\"position\":1,\"name\":\"Portada\",\"item\":\"https:\\\/\\\/zeromagazine.mx\\\/\"},{\"@type\":\"ListItem\",\"position\":2,\"name\":\"Alta joyer\u00eda en flor con Van Cleef &amp; Arpels\"}]},{\"@type\":\"WebSite\",\"@id\":\"https:\\\/\\\/zeromagazine.mx\\\/#website\",\"url\":\"https:\\\/\\\/zeromagazine.mx\\\/\",\"name\":\"Zero Magazine\",\"description\":\"\",\"publisher\":{\"@id\":\"https:\\\/\\\/zeromagazine.mx\\\/#organization\"},\"potentialAction\":[{\"@type\":\"SearchAction\",\"target\":{\"@type\":\"EntryPoint\",\"urlTemplate\":\"https:\\\/\\\/zeromagazine.mx\\\/?s={search_term_string}\"},\"query-input\":{\"@type\":\"PropertyValueSpecification\",\"valueRequired\":true,\"valueName\":\"search_term_string\"}}],\"inLanguage\":\"es\"},{\"@type\":\"Organization\",\"@id\":\"https:\\\/\\\/zeromagazine.mx\\\/#organization\",\"name\":\"Zero Magazine\",\"url\":\"https:\\\/\\\/zeromagazine.mx\\\/\",\"logo\":{\"@type\":\"ImageObject\",\"inLanguage\":\"es\",\"@id\":\"https:\\\/\\\/zeromagazine.mx\\\/#\\\/schema\\\/logo\\\/image\\\/\",\"url\":\"https:\\\/\\\/i0.wp.com\\\/zeromagazine.mx\\\/wp-content\\\/uploads\\\/2025\\\/11\\\/1.jpeg?fit=1000%2C1000&ssl=1\",\"contentUrl\":\"https:\\\/\\\/i0.wp.com\\\/zeromagazine.mx\\\/wp-content\\\/uploads\\\/2025\\\/11\\\/1.jpeg?fit=1000%2C1000&ssl=1\",\"width\":1000,\"height\":1000,\"caption\":\"Zero Magazine\"},\"image\":{\"@id\":\"https:\\\/\\\/zeromagazine.mx\\\/#\\\/schema\\\/logo\\\/image\\\/\"},\"sameAs\":[\"https:\\\/\\\/instagram.com\\\/zeromagazinemx\"]},{\"@type\":\"Person\",\"@id\":\"https:\\\/\\\/zeromagazine.mx\\\/#\\\/schema\\\/person\\\/9f7f1a17c60ba8e9980e3e6677aabe5a\",\"name\":\"David Morales\",\"image\":{\"@type\":\"ImageObject\",\"inLanguage\":\"es\",\"@id\":\"https:\\\/\\\/zeromagazine.mx\\\/wp-content\\\/litespeed\\\/avatar\\\/76069d2136bfc1c37dc34815bb67ca42.jpg?ver=1777571067\",\"url\":\"https:\\\/\\\/zeromagazine.mx\\\/wp-content\\\/litespeed\\\/avatar\\\/76069d2136bfc1c37dc34815bb67ca42.jpg?ver=1777571067\",\"contentUrl\":\"https:\\\/\\\/zeromagazine.mx\\\/wp-content\\\/litespeed\\\/avatar\\\/76069d2136bfc1c37dc34815bb67ca42.jpg?ver=1777571067\",\"caption\":\"David Morales\"},\"url\":\"https:\\\/\\\/zeromagazine.mx\\\/index.php\\\/author\\\/david\\\/\"}]}<\/script>\n<!-- \/ Yoast SEO plugin. -->","yoast_head_json":{"title":"Alta joyer\u00eda en flor con Van Cleef &amp; Arpels - Zero Magazine","description":"Van Cleef & Arpels presenta Fleurs d\u2019Hawa\u00ef, una colecci\u00f3n de alta joyer\u00eda inspirada en la naturaleza tropical y llena de color y poes\u00eda.","robots":{"index":"index","follow":"follow","max-snippet":"max-snippet:-1","max-image-preview":"max-image-preview:large","max-video-preview":"max-video-preview:-1"},"canonical":"https:\/\/zeromagazine.mx\/index.php\/2025\/07\/15\/alta-joyeria-en-flor-con-van-cleef-arpels\/","og_locale":"es_ES","og_type":"article","og_title":"Alta joyer\u00eda en flor con Van Cleef &amp; Arpels - Zero Magazine","og_description":"Van Cleef & Arpels presenta Fleurs d\u2019Hawa\u00ef, una colecci\u00f3n de alta joyer\u00eda inspirada en la naturaleza tropical y llena de color y poes\u00eda.","og_url":"https:\/\/zeromagazine.mx\/index.php\/2025\/07\/15\/alta-joyeria-en-flor-con-van-cleef-arpels\/","og_site_name":"Zero Magazine","article_published_time":"2025-07-15T23:37:37+00:00","article_modified_time":"2025-07-15T23:37:39+00:00","og_image":[{"width":1785,"height":2560,"url":"http:\/\/zeromagazine.mx\/wp-content\/uploads\/2025\/07\/VCA_VCARPET500_T3014_V3007_B0006-XXXXXX-I-copie-scaled.jpeg","type":"image\/jpeg"}],"author":"David Morales","twitter_card":"summary_large_image","twitter_misc":{"Escrito por":"David Morales","Tiempo de lectura":"3 minutos"},"schema":{"@context":"https:\/\/schema.org","@graph":[{"@type":"Article","@id":"https:\/\/zeromagazine.mx\/index.php\/2025\/07\/15\/alta-joyeria-en-flor-con-van-cleef-arpels\/#article","isPartOf":{"@id":"https:\/\/zeromagazine.mx\/index.php\/2025\/07\/15\/alta-joyeria-en-flor-con-van-cleef-arpels\/"},"author":{"name":"David Morales","@id":"https:\/\/zeromagazine.mx\/#\/schema\/person\/9f7f1a17c60ba8e9980e3e6677aabe5a"},"headline":"Alta joyer\u00eda en flor con Van Cleef &amp; Arpels","datePublished":"2025-07-15T23:37:37+00:00","dateModified":"2025-07-15T23:37:39+00:00","mainEntityOfPage":{"@id":"https:\/\/zeromagazine.mx\/index.php\/2025\/07\/15\/alta-joyeria-en-flor-con-van-cleef-arpels\/"},"wordCount":582,"commentCount":0,"publisher":{"@id":"https:\/\/zeromagazine.mx\/#organization"},"image":{"@id":"https:\/\/zeromagazine.mx\/index.php\/2025\/07\/15\/alta-joyeria-en-flor-con-van-cleef-arpels\/#primaryimage"},"thumbnailUrl":"https:\/\/i0.wp.com\/zeromagazine.mx\/wp-content\/uploads\/2025\/07\/VCA_VCARPET500_T3014_V3007_B0006-XXXXXX-I-copie-scaled.jpeg?fit=1785%2C2560&ssl=1","articleSection":["Moda"],"inLanguage":"es","potentialAction":[{"@type":"CommentAction","name":"Comment","target":["https:\/\/zeromagazine.mx\/index.php\/2025\/07\/15\/alta-joyeria-en-flor-con-van-cleef-arpels\/#respond"]}]},{"@type":"WebPage","@id":"https:\/\/zeromagazine.mx\/index.php\/2025\/07\/15\/alta-joyeria-en-flor-con-van-cleef-arpels\/","url":"https:\/\/zeromagazine.mx\/index.php\/2025\/07\/15\/alta-joyeria-en-flor-con-van-cleef-arpels\/","name":"Alta joyer\u00eda en flor con Van Cleef &amp; Arpels - Zero Magazine","isPartOf":{"@id":"https:\/\/zeromagazine.mx\/#website"},"primaryImageOfPage":{"@id":"https:\/\/zeromagazine.mx\/index.php\/2025\/07\/15\/alta-joyeria-en-flor-con-van-cleef-arpels\/#primaryimage"},"image":{"@id":"https:\/\/zeromagazine.mx\/index.php\/2025\/07\/15\/alta-joyeria-en-flor-con-van-cleef-arpels\/#primaryimage"},"thumbnailUrl":"https:\/\/i0.wp.com\/zeromagazine.mx\/wp-content\/uploads\/2025\/07\/VCA_VCARPET500_T3014_V3007_B0006-XXXXXX-I-copie-scaled.jpeg?fit=1785%2C2560&ssl=1","datePublished":"2025-07-15T23:37:37+00:00","dateModified":"2025-07-15T23:37:39+00:00","description":"Van Cleef & Arpels presenta Fleurs d\u2019Hawa\u00ef, una colecci\u00f3n de alta joyer\u00eda inspirada en la naturaleza tropical y llena de color y poes\u00eda.","breadcrumb":{"@id":"https:\/\/zeromagazine.mx\/index.php\/2025\/07\/15\/alta-joyeria-en-flor-con-van-cleef-arpels\/#breadcrumb"},"inLanguage":"es","potentialAction":[{"@type":"ReadAction","target":["https:\/\/zeromagazine.mx\/index.php\/2025\/07\/15\/alta-joyeria-en-flor-con-van-cleef-arpels\/"]}]},{"@type":"ImageObject","inLanguage":"es","@id":"https:\/\/zeromagazine.mx\/index.php\/2025\/07\/15\/alta-joyeria-en-flor-con-van-cleef-arpels\/#primaryimage","url":"https:\/\/i0.wp.com\/zeromagazine.mx\/wp-content\/uploads\/2025\/07\/VCA_VCARPET500_T3014_V3007_B0006-XXXXXX-I-copie-scaled.jpeg?fit=1785%2C2560&ssl=1","contentUrl":"https:\/\/i0.wp.com\/zeromagazine.mx\/wp-content\/uploads\/2025\/07\/VCA_VCARPET500_T3014_V3007_B0006-XXXXXX-I-copie-scaled.jpeg?fit=1785%2C2560&ssl=1","width":1785,"height":2560},{"@type":"BreadcrumbList","@id":"https:\/\/zeromagazine.mx\/index.php\/2025\/07\/15\/alta-joyeria-en-flor-con-van-cleef-arpels\/#breadcrumb","itemListElement":[{"@type":"ListItem","position":1,"name":"Portada","item":"https:\/\/zeromagazine.mx\/"},{"@type":"ListItem","position":2,"name":"Alta joyer\u00eda en flor con Van Cleef &amp; Arpels"}]},{"@type":"WebSite","@id":"https:\/\/zeromagazine.mx\/#website","url":"https:\/\/zeromagazine.mx\/","name":"Zero Magazine","description":"","publisher":{"@id":"https:\/\/zeromagazine.mx\/#organization"},"potentialAction":[{"@type":"SearchAction","target":{"@type":"EntryPoint","urlTemplate":"https:\/\/zeromagazine.mx\/?s={search_term_string}"},"query-input":{"@type":"PropertyValueSpecification","valueRequired":true,"valueName":"search_term_string"}}],"inLanguage":"es"},{"@type":"Organization","@id":"https:\/\/zeromagazine.mx\/#organization","name":"Zero Magazine","url":"https:\/\/zeromagazine.mx\/","logo":{"@type":"ImageObject","inLanguage":"es","@id":"https:\/\/zeromagazine.mx\/#\/schema\/logo\/image\/","url":"https:\/\/i0.wp.com\/zeromagazine.mx\/wp-content\/uploads\/2025\/11\/1.jpeg?fit=1000%2C1000&ssl=1","contentUrl":"https:\/\/i0.wp.com\/zeromagazine.mx\/wp-content\/uploads\/2025\/11\/1.jpeg?fit=1000%2C1000&ssl=1","width":1000,"height":1000,"caption":"Zero Magazine"},"image":{"@id":"https:\/\/zeromagazine.mx\/#\/schema\/logo\/image\/"},"sameAs":["https:\/\/instagram.com\/zeromagazinemx"]},{"@type":"Person","@id":"https:\/\/zeromagazine.mx\/#\/schema\/person\/9f7f1a17c60ba8e9980e3e6677aabe5a","name":"David Morales","image":{"@type":"ImageObject","inLanguage":"es","@id":"https:\/\/zeromagazine.mx\/wp-content\/litespeed\/avatar\/76069d2136bfc1c37dc34815bb67ca42.jpg?ver=1777571067","url":"https:\/\/zeromagazine.mx\/wp-content\/litespeed\/avatar\/76069d2136bfc1c37dc34815bb67ca42.jpg?ver=1777571067","contentUrl":"https:\/\/zeromagazine.mx\/wp-content\/litespeed\/avatar\/76069d2136bfc1c37dc34815bb67ca42.jpg?ver=1777571067","caption":"David Morales"},"url":"https:\/\/zeromagazine.mx\/index.php\/author\/david\/"}]}},"jetpack_publicize_connections":[],"jetpack_featured_media_url":"https:\/\/i0.wp.com\/zeromagazine.mx\/wp-content\/uploads\/2025\/07\/VCA_VCARPET500_T3014_V3007_B0006-XXXXXX-I-copie-scaled.jpeg?fit=1785%2C2560&ssl=1","jetpack-related-posts":[{"id":72423,"url":"https:\/\/zeromagazine.mx\/index.php\/2024\/03\/25\/brilla-en-el-dia-de-las-madres-con-van-cleef-arpels-el-regalo-perfecto-para-mama\/","url_meta":{"origin":106764,"position":0},"title":"Brilla en el D\u00eda de las Madres con Van Cleef &#038; Arpels: El regalo perfecto para mam\u00e1","author":"zeromagazinemx","date":"25 de marzo de 2024","format":false,"excerpt":"Les tengo que contar sobre algo que encontr\u00e9 y que s\u00e9 que les va a fascinar. Se trata de la excepcional colecci\u00f3n Frivole de Van Cleef & Arpels, una verdadera obra maestra de la joyer\u00eda contempor\u00e1nea que no pueden dejar pasar desapercibida. Primero que nada, d\u00e9jenme decirles que la pulsera\u2026","rel":"","context":"En \u00abDise\u00f1o\u00bb","block_context":{"text":"Dise\u00f1o","link":"https:\/\/zeromagazine.mx\/index.php\/category\/diseno\/"},"img":{"alt_text":"","src":"https:\/\/i0.wp.com\/zeromagazine.mx\/wp-content\/uploads\/2024\/03\/Captura-de-pantalla-533.png?fit=581%2C527&ssl=1&resize=350%2C200","width":350,"height":200,"srcset":"https:\/\/i0.wp.com\/zeromagazine.mx\/wp-content\/uploads\/2024\/03\/Captura-de-pantalla-533.png?fit=581%2C527&ssl=1&resize=350%2C200 1x, https:\/\/i0.wp.com\/zeromagazine.mx\/wp-content\/uploads\/2024\/03\/Captura-de-pantalla-533.png?fit=581%2C527&ssl=1&resize=525%2C300 1.5x"},"classes":[]},{"id":90313,"url":"https:\/\/zeromagazine.mx\/index.php\/2024\/11\/12\/joyas-que-florecen-en-invierno\/","url_meta":{"origin":106764,"position":1},"title":"\u00abJoyas que florecen en invierno\u00bb","author":"zeromagazinemx","date":"12 de noviembre de 2024","format":false,"excerpt":"\u00bfReady para llevar tu joyer\u00eda al next level esta temporada? Si eres de los que ama el vibe \u00fanico y po\u00e9tico de una joya bien hecha, d\u00e9jame contarte sobre la nueva colecci\u00f3n de Van Cleef & Arpels, llamada\u00a0Rose de No\u00ebl. Esta es la colecci\u00f3n para quienes creen que la magia\u2026","rel":"","context":"En \u00abModa\u00bb","block_context":{"text":"Moda","link":"https:\/\/zeromagazine.mx\/index.php\/category\/moda\/"},"img":{"alt_text":"","src":"https:\/\/i0.wp.com\/zeromagazine.mx\/wp-content\/uploads\/2024\/11\/2021966_1-scaled.jpg?fit=1200%2C673&ssl=1&resize=350%2C200","width":350,"height":200,"srcset":"https:\/\/i0.wp.com\/zeromagazine.mx\/wp-content\/uploads\/2024\/11\/2021966_1-scaled.jpg?fit=1200%2C673&ssl=1&resize=350%2C200 1x, https:\/\/i0.wp.com\/zeromagazine.mx\/wp-content\/uploads\/2024\/11\/2021966_1-scaled.jpg?fit=1200%2C673&ssl=1&resize=525%2C300 1.5x, https:\/\/i0.wp.com\/zeromagazine.mx\/wp-content\/uploads\/2024\/11\/2021966_1-scaled.jpg?fit=1200%2C673&ssl=1&resize=700%2C400 2x, https:\/\/i0.wp.com\/zeromagazine.mx\/wp-content\/uploads\/2024\/11\/2021966_1-scaled.jpg?fit=1200%2C673&ssl=1&resize=1050%2C600 3x"},"classes":[]},{"id":110086,"url":"https:\/\/zeromagazine.mx\/index.php\/2025\/11\/05\/van-cleef-arpels-brassee-lavande\/","url_meta":{"origin":106764,"position":2},"title":"Van Cleef &amp; Arpels: poes\u00eda que se mueve","author":"zeromagazinemx","date":"5 de noviembre de 2025","format":false,"excerpt":"Hay objetos que no solo brillan, sino que respiran arte. Y cuando hablamos de Van Cleef & Arpels, hablamos de una Maison que domina ese lenguaje como nadie. Su nueva creaci\u00f3n, el aut\u00f3mata Brass\u00e9e de Lavande, es m\u00e1s que una pieza de alta joyer\u00eda: es un mini universo donde el\u2026","rel":"","context":"En \u00abModa\u00bb","block_context":{"text":"Moda","link":"https:\/\/zeromagazine.mx\/index.php\/category\/moda\/"},"img":{"alt_text":"","src":"https:\/\/i0.wp.com\/zeromagazine.mx\/wp-content\/uploads\/2025\/11\/1000039055.jpg?fit=1200%2C819&ssl=1&resize=350%2C200","width":350,"height":200,"srcset":"https:\/\/i0.wp.com\/zeromagazine.mx\/wp-content\/uploads\/2025\/11\/1000039055.jpg?fit=1200%2C819&ssl=1&resize=350%2C200 1x, https:\/\/i0.wp.com\/zeromagazine.mx\/wp-content\/uploads\/2025\/11\/1000039055.jpg?fit=1200%2C819&ssl=1&resize=525%2C300 1.5x, https:\/\/i0.wp.com\/zeromagazine.mx\/wp-content\/uploads\/2025\/11\/1000039055.jpg?fit=1200%2C819&ssl=1&resize=700%2C400 2x, https:\/\/i0.wp.com\/zeromagazine.mx\/wp-content\/uploads\/2025\/11\/1000039055.jpg?fit=1200%2C819&ssl=1&resize=1050%2C600 3x"},"classes":[]},{"id":82925,"url":"https:\/\/zeromagazine.mx\/index.php\/2024\/09\/02\/alhambra-joyas-que-encantan\/","url_meta":{"origin":106764,"position":3},"title":"Alhambra: Joyas que Encantan","author":"zeromagazinemx","date":"2 de septiembre de 2024","format":false,"excerpt":"Holaaa a todes, hoy vamos a chismear sobre algo que est\u00e1 super in \"la colecci\u00f3n Alhambra de Van Cleef & Arpels\". Si est\u00e1s buscando joyas que no solo brillen como estrellas, sino que tambi\u00e9n te den un toque de suerte y estilo, este art\u00edculo es para ti. Desde su debut\u2026","rel":"","context":"En \u00abModa\u00bb","block_context":{"text":"Moda","link":"https:\/\/zeromagazine.mx\/index.php\/category\/moda\/"},"img":{"alt_text":"","src":"https:\/\/i0.wp.com\/zeromagazine.mx\/wp-content\/uploads\/2024\/09\/02_0201_E_HD-2-scaled.jpg?fit=1200%2C800&ssl=1&resize=350%2C200","width":350,"height":200,"srcset":"https:\/\/i0.wp.com\/zeromagazine.mx\/wp-content\/uploads\/2024\/09\/02_0201_E_HD-2-scaled.jpg?fit=1200%2C800&ssl=1&resize=350%2C200 1x, https:\/\/i0.wp.com\/zeromagazine.mx\/wp-content\/uploads\/2024\/09\/02_0201_E_HD-2-scaled.jpg?fit=1200%2C800&ssl=1&resize=525%2C300 1.5x, https:\/\/i0.wp.com\/zeromagazine.mx\/wp-content\/uploads\/2024\/09\/02_0201_E_HD-2-scaled.jpg?fit=1200%2C800&ssl=1&resize=700%2C400 2x, https:\/\/i0.wp.com\/zeromagazine.mx\/wp-content\/uploads\/2024\/09\/02_0201_E_HD-2-scaled.jpg?fit=1200%2C800&ssl=1&resize=1050%2C600 3x"},"classes":[]},{"id":88592,"url":"https:\/\/zeromagazine.mx\/index.php\/2024\/10\/28\/joyas-para-momentos-especiales\/","url_meta":{"origin":106764,"position":4},"title":"\u00abJoyas para Momentos Especiales\u00bb","author":"zeromagazinemx","date":"28 de octubre de 2024","format":false,"excerpt":"\u00bfAlguna vez has so\u00f1ado con llevar una joya que no solo sea hermosa, sino que tambi\u00e9n cuente una historia? Pues d\u00e9jame decirte que Van Cleef & Arpels ha logrado eso y mucho m\u00e1s con su \u00faltima colecci\u00f3n. Desde piezas que evocan la belleza de la naturaleza hasta joyas que traen\u2026","rel":"","context":"En \u00abModa\u00bb","block_context":{"text":"Moda","link":"https:\/\/zeromagazine.mx\/index.php\/category\/moda\/"},"img":{"alt_text":"","src":"https:\/\/i0.wp.com\/zeromagazine.mx\/wp-content\/uploads\/2024\/10\/PERLEE_CORPORATE_2024_WORN_05_1920x1080_300_SRGB-scaled.jpg?fit=1200%2C675&ssl=1&resize=350%2C200","width":350,"height":200,"srcset":"https:\/\/i0.wp.com\/zeromagazine.mx\/wp-content\/uploads\/2024\/10\/PERLEE_CORPORATE_2024_WORN_05_1920x1080_300_SRGB-scaled.jpg?fit=1200%2C675&ssl=1&resize=350%2C200 1x, https:\/\/i0.wp.com\/zeromagazine.mx\/wp-content\/uploads\/2024\/10\/PERLEE_CORPORATE_2024_WORN_05_1920x1080_300_SRGB-scaled.jpg?fit=1200%2C675&ssl=1&resize=525%2C300 1.5x, https:\/\/i0.wp.com\/zeromagazine.mx\/wp-content\/uploads\/2024\/10\/PERLEE_CORPORATE_2024_WORN_05_1920x1080_300_SRGB-scaled.jpg?fit=1200%2C675&ssl=1&resize=700%2C400 2x, https:\/\/i0.wp.com\/zeromagazine.mx\/wp-content\/uploads\/2024\/10\/PERLEE_CORPORATE_2024_WORN_05_1920x1080_300_SRGB-scaled.jpg?fit=1200%2C675&ssl=1&resize=1050%2C600 3x"},"classes":[]},{"id":99652,"url":"https:\/\/zeromagazine.mx\/index.php\/2025\/04\/23\/joyas-van-cleef-arples-un-regalo-para-mama\/","url_meta":{"origin":106764,"position":5},"title":"Joyas Van Cleef &amp; Arpels: Un Regalo para Mam\u00e1","author":"David Morales","date":"23 de abril de 2025","format":false,"excerpt":"Amix, ya lleg\u00f3 la primavera y con ella el mood perfecto para rendir homenaje a nuestras mam\u00e1s. \u00bfY qu\u00e9 mejor manera de hacerlo que con joyas que reflejan su luz y elegancia? Van Cleef & Arpels lo sabe bien, y por eso ha lanzado una colecci\u00f3n brutal que combina naturaleza\u2026","rel":"","context":"En \u00abModa\u00bb","block_context":{"text":"Moda","link":"https:\/\/zeromagazine.mx\/index.php\/category\/moda\/"},"img":{"alt_text":"","src":"https:\/\/i0.wp.com\/zeromagazine.mx\/wp-content\/uploads\/2025\/03\/BRACALETES-COLLAR-Y-ANILLOS-MARIQUITA-scaled.jpg?fit=914%2C1200&ssl=1&resize=350%2C200","width":350,"height":200,"srcset":"https:\/\/i0.wp.com\/zeromagazine.mx\/wp-content\/uploads\/2025\/03\/BRACALETES-COLLAR-Y-ANILLOS-MARIQUITA-scaled.jpg?fit=914%2C1200&ssl=1&resize=350%2C200 1x, https:\/\/i0.wp.com\/zeromagazine.mx\/wp-content\/uploads\/2025\/03\/BRACALETES-COLLAR-Y-ANILLOS-MARIQUITA-scaled.jpg?fit=914%2C1200&ssl=1&resize=525%2C300 1.5x, https:\/\/i0.wp.com\/zeromagazine.mx\/wp-content\/uploads\/2025\/03\/BRACALETES-COLLAR-Y-ANILLOS-MARIQUITA-scaled.jpg?fit=914%2C1200&ssl=1&resize=700%2C400 2x"},"classes":[]}],"jetpack_sharing_enabled":true,"builder_content":"","_links":{"self":[{"href":"https:\/\/zeromagazine.mx\/index.php\/wp-json\/wp\/v2\/posts\/106764","targetHints":{"allow":["GET"]}}],"collection":[{"href":"https:\/\/zeromagazine.mx\/index.php\/wp-json\/wp\/v2\/posts"}],"about":[{"href":"https:\/\/zeromagazine.mx\/index.php\/wp-json\/wp\/v2\/types\/post"}],"author":[{"embeddable":true,"href":"https:\/\/zeromagazine.mx\/index.php\/wp-json\/wp\/v2\/users\/4"}],"replies":[{"embeddable":true,"href":"https:\/\/zeromagazine.mx\/index.php\/wp-json\/wp\/v2\/comments?post=106764"}],"version-history":[{"count":3,"href":"https:\/\/zeromagazine.mx\/index.php\/wp-json\/wp\/v2\/posts\/106764\/revisions"}],"predecessor-version":[{"id":106784,"href":"https:\/\/zeromagazine.mx\/index.php\/wp-json\/wp\/v2\/posts\/106764\/revisions\/106784"}],"wp:featuredmedia":[{"embeddable":true,"href":"https:\/\/zeromagazine.mx\/index.php\/wp-json\/wp\/v2\/media\/106778"}],"wp:attachment":[{"href":"https:\/\/zeromagazine.mx\/index.php\/wp-json\/wp\/v2\/media?parent=106764"}],"wp:term":[{"taxonomy":"category","embeddable":true,"href":"https:\/\/zeromagazine.mx\/index.php\/wp-json\/wp\/v2\/categories?post=106764"},{"taxonomy":"post_tag","embeddable":true,"href":"https:\/\/zeromagazine.mx\/index.php\/wp-json\/wp\/v2\/tags?post=106764"}],"curies":[{"name":"wp","href":"https:\/\/api.w.org\/{rel}","templated":true}]}}