{"id":106904,"date":"2025-07-21T14:55:00","date_gmt":"2025-07-21T20:55:00","guid":{"rendered":"https:\/\/zeromagazine.mx\/?p=106904"},"modified":"2025-07-21T15:00:22","modified_gmt":"2025-07-21T21:00:22","slug":"fiesta-italiana-en-cdmx","status":"publish","type":"post","link":"https:\/\/zeromagazine.mx\/index.php\/2025\/07\/21\/fiesta-italiana-en-cdmx\/","title":{"rendered":"Fiesta Italiana en CDMX"},"content":{"rendered":"<!--themify_builder_content-->\n<div id=\"themify_builder_content-106904\" data-postid=\"106904\" class=\"themify_builder_content themify_builder_content-106904 themify_builder tf_clear\">\n    <\/div>\n<!--\/themify_builder_content-->\n\n\n<p><em>Amix, si t\u00fa tambi\u00e9n crees que la pasta sabe mejor con buena m\u00fasica y el vino se disfruta m\u00e1s cuando hay comunidad, prep\u00e1rate para esta noticia:<\/em> la <strong>Fiesta Italiana en CDMX<\/strong> est\u00e1 por suceder \u2014y promete ser una noche m\u00e1gica que combine lo mejor de Italia con lo m\u00e1s vibrante de la Santa Mar\u00eda la Ribera.<\/p>\n\n\n\n<p>Este jueves 24 de julio, <em>Ninna Pastificio<\/em> y <em>Cosimo Pizzer\u00eda<\/em> celebran su primer aniversario con una noche que se perfila como legendaria. Ambos espacios, parte del Grupo Mar\u00eda La Italiana, nacieron del coraz\u00f3n y la visi\u00f3n de Cristina Cialona, y desde su apertura se han ganado el cari\u00f1o (y el paladar) de quienes saben apreciar la tradici\u00f3n italiana con un twist moderno.<\/p>\n\n\n\n<figure class=\"wp-block-image size-full\"><img data-recalc-dims=\"1\" decoding=\"async\" width=\"900\" height=\"1600\" src=\"https:\/\/i0.wp.com\/zeromagazine.mx\/wp-content\/uploads\/2025\/07\/Unknown.jpeg?resize=900%2C1600&#038;ssl=1\" alt=\"\" class=\"wp-image-106905\" srcset=\"https:\/\/i0.wp.com\/zeromagazine.mx\/wp-content\/uploads\/2025\/07\/Unknown.jpeg?w=900&amp;ssl=1 900w, https:\/\/i0.wp.com\/zeromagazine.mx\/wp-content\/uploads\/2025\/07\/Unknown.jpeg?resize=169%2C300&amp;ssl=1 169w, https:\/\/i0.wp.com\/zeromagazine.mx\/wp-content\/uploads\/2025\/07\/Unknown.jpeg?resize=576%2C1024&amp;ssl=1 576w, https:\/\/i0.wp.com\/zeromagazine.mx\/wp-content\/uploads\/2025\/07\/Unknown.jpeg?resize=768%2C1365&amp;ssl=1 768w, https:\/\/i0.wp.com\/zeromagazine.mx\/wp-content\/uploads\/2025\/07\/Unknown.jpeg?resize=864%2C1536&amp;ssl=1 864w\" sizes=\"(max-width: 900px) 100vw, 900px\" \/><\/figure>\n\n\n\n<p>Inspirados por el legado de la Nonna \u2014s\u00ed, la misma de <em>Mar\u00eda 138<\/em>, el templo gastron\u00f3mico de la Roma\u2014, Ninna y Cosimo se instalaron a solo unos pasos en Santa Mar\u00eda con propuestas que van directo al alma: pastas frescas al estilo siciliano y pizza romana con masa perfecta.<\/p>\n\n\n\n<p>Y ahora, a un a\u00f1o de haber abierto sus puertas, invitan a todxs a celebrar en la mejor forma posible: con una verdadera <strong>Fiesta Italiana en CDMX<\/strong>.<\/p>\n\n\n\n<figure class=\"wp-block-image size-full\"><img data-recalc-dims=\"1\" decoding=\"async\" width=\"1165\" height=\"1553\" src=\"https:\/\/i0.wp.com\/zeromagazine.mx\/wp-content\/uploads\/2025\/07\/Tezza-6536-scaled.jpeg?resize=1165%2C1553&#038;ssl=1\" alt=\"\" class=\"wp-image-106906\" srcset=\"https:\/\/i0.wp.com\/zeromagazine.mx\/wp-content\/uploads\/2025\/07\/Tezza-6536-scaled.jpeg?w=1920&amp;ssl=1 1920w, https:\/\/i0.wp.com\/zeromagazine.mx\/wp-content\/uploads\/2025\/07\/Tezza-6536-scaled.jpeg?resize=225%2C300&amp;ssl=1 225w, https:\/\/i0.wp.com\/zeromagazine.mx\/wp-content\/uploads\/2025\/07\/Tezza-6536-scaled.jpeg?resize=768%2C1024&amp;ssl=1 768w, https:\/\/i0.wp.com\/zeromagazine.mx\/wp-content\/uploads\/2025\/07\/Tezza-6536-scaled.jpeg?resize=1152%2C1536&amp;ssl=1 1152w, https:\/\/i0.wp.com\/zeromagazine.mx\/wp-content\/uploads\/2025\/07\/Tezza-6536-scaled.jpeg?resize=1536%2C2048&amp;ssl=1 1536w\" sizes=\"(max-width: 1165px) 100vw, 1165px\" \/><figcaption class=\"wp-element-caption\">Edited in Tezza with: Vintage<\/figcaption><\/figure>\n\n\n\n<h2 class=\"wp-block-heading\"><strong>Una noche, tres mundos: cocina, comunidad y cultura<\/strong><\/h2>\n\n\n\n<p>La celebraci\u00f3n ser\u00e1 en las calles de la Santa Mar\u00eda, pero con un invitado especial que le sube el volumen y el mood: <em>Drama Radio Bar<\/em>, el multiespacio de la colonia Roma donde conviven cine, comida, moda y fiesta. Para esta edici\u00f3n especial, Drama se traslada por una noche a la Santa Mar\u00eda para convertir la zona en un hotspot efervescente con:<\/p>\n\n\n\n<p>\ud83c\udfb6 <em>Lineup musical de lujo<\/em>: Danae Haro, Head Level B2B y Seagit Arc en los decks.<\/p>\n\n\n\n<p>\ud83c\udf55 <em>Gastronom\u00eda que abraza<\/em>: las ya ic\u00f3nicas pizzas de Cosimo y las pastas artesanales de Ninna.<\/p>\n\n\n\n<p>\ud83c\udf4b <em>Limoncello della Nonna<\/em>: el toque final para brindar por la vida, los amigos y la buena mesa.<\/p>\n\n\n\n<figure class=\"wp-block-image size-full\"><img data-recalc-dims=\"1\" decoding=\"async\" width=\"1030\" height=\"900\" src=\"https:\/\/i0.wp.com\/zeromagazine.mx\/wp-content\/uploads\/2025\/07\/DJ-%E2%80%AFp.m.png?resize=1030%2C900&#038;ssl=1\" alt=\"\" class=\"wp-image-106907\" srcset=\"https:\/\/i0.wp.com\/zeromagazine.mx\/wp-content\/uploads\/2025\/07\/DJ-%E2%80%AFp.m.png?w=1030&amp;ssl=1 1030w, https:\/\/i0.wp.com\/zeromagazine.mx\/wp-content\/uploads\/2025\/07\/DJ-%E2%80%AFp.m.png?resize=300%2C262&amp;ssl=1 300w, https:\/\/i0.wp.com\/zeromagazine.mx\/wp-content\/uploads\/2025\/07\/DJ-%E2%80%AFp.m.png?resize=1024%2C895&amp;ssl=1 1024w, https:\/\/i0.wp.com\/zeromagazine.mx\/wp-content\/uploads\/2025\/07\/DJ-%E2%80%AFp.m.png?resize=768%2C671&amp;ssl=1 768w\" sizes=\"(max-width: 1030px) 100vw, 1030px\" \/><\/figure>\n\n\n\n<h2 class=\"wp-block-heading\"><strong>Por qu\u00e9 nadie se quiere perder esta Fiesta Italiana en CDMX<\/strong><\/h2>\n\n\n\n<p>Porque no es solo un aniversario. Es una celebraci\u00f3n a lo que pasa cuando la gastronom\u00eda se hace con coraz\u00f3n, cuando las calles se llenan de risas, y cuando lo local se vuelve inolvidable. En un a\u00f1o, <em>Ninna<\/em> y <em>Cosimo<\/em> han logrado crear una comunidad aut\u00e9ntica en Santa Mar\u00eda la Ribera, donde lo italiano se vive, se comparte\u2026 y se saborea.<\/p>\n\n\n\n<figure class=\"wp-block-image size-full\"><img data-recalc-dims=\"1\" decoding=\"async\" width=\"1165\" height=\"1421\" src=\"https:\/\/i0.wp.com\/zeromagazine.mx\/wp-content\/uploads\/2025\/07\/14.jpeg?resize=1165%2C1421&#038;ssl=1\" alt=\"\" class=\"wp-image-106908\" srcset=\"https:\/\/i0.wp.com\/zeromagazine.mx\/wp-content\/uploads\/2025\/07\/14.jpeg?w=1500&amp;ssl=1 1500w, https:\/\/i0.wp.com\/zeromagazine.mx\/wp-content\/uploads\/2025\/07\/14.jpeg?resize=246%2C300&amp;ssl=1 246w, https:\/\/i0.wp.com\/zeromagazine.mx\/wp-content\/uploads\/2025\/07\/14.jpeg?resize=839%2C1024&amp;ssl=1 839w, https:\/\/i0.wp.com\/zeromagazine.mx\/wp-content\/uploads\/2025\/07\/14.jpeg?resize=768%2C937&amp;ssl=1 768w, https:\/\/i0.wp.com\/zeromagazine.mx\/wp-content\/uploads\/2025\/07\/14.jpeg?resize=1259%2C1536&amp;ssl=1 1259w\" sizes=\"(max-width: 1165px) 100vw, 1165px\" \/><\/figure>\n\n\n\n<p>As\u00ed que si eres fan de la comida italiana, de las noches con buena m\u00fasica y de las experiencias que se sienten genuinas, esta <strong>Fiesta Italiana en CDMX<\/strong> es para ti. Aparta la fecha, ve con hambre y prep\u00e1rate para brindar con limoncello al ritmo de un beat italiano. Porque la vida, como la pasta, siempre sabe mejor al dente. \ud83c\uddee\ud83c\uddf9\ud83c\udf5d\ud83c\udf55<\/p>\n\n\n\n<p>La cita es el <strong>jueves 24 de julio<\/strong>. Para m\u00e1s info y acceso, s\u00edguelos en:<\/p>\n\n\n\n<p>\ud83d\udccd @ninnapastificio<\/p>\n\n\n\n<p>\ud83d\udccd @cosimopizzeria<\/p>","protected":false},"excerpt":{"rendered":"<p>Amix, si t\u00fa tambi\u00e9n crees que la pasta sabe mejor con buena m\u00fasica y el vino se disfruta m\u00e1s cuando hay comunidad, prep\u00e1rate para esta noticia: la Fiesta Italiana en CDMX est\u00e1 por suceder \u2014y promete ser una noche m\u00e1gica que combine lo mejor de Italia con lo m\u00e1s vibrante de la Santa Mar\u00eda la [&hellip;]<\/p>\n","protected":false},"author":4,"featured_media":106906,"comment_status":"open","ping_status":"open","sticky":false,"template":"","format":"standard","meta":{"_jetpack_memberships_contains_paid_content":false,"footnotes":"","jetpack_publicize_message":"","jetpack_publicize_feature_enabled":true,"jetpack_social_post_already_shared":true,"jetpack_social_options":{"image_generator_settings":{"template":"highway","default_image_id":0,"font":"","enabled":false},"version":2}},"categories":[6870],"tags":[7567,14097],"class_list":["post-106904","post","type-post","status-publish","format-standard","has-post-thumbnail","hentry","category-foodie","tag-comida-italiana","tag-foodie","has-post-title","has-post-date","has-post-category","has-post-tag","has-post-comment","has-post-author",""],"yoast_head":"<!-- This site is optimized with the Yoast SEO plugin v27.5 - https:\/\/yoast.com\/product\/yoast-seo-wordpress\/ -->\n<title>Fiesta Italiana en CDMX - Zero Magazine<\/title>\n<meta name=\"description\" content=\"Ninna y Cosimo celebran su aniversario con una Fiesta Italiana en CDMX: pizzas, pastas, m\u00fasica en vivo y limoncello. \u00a1No te la pierdas!\" \/>\n<meta name=\"robots\" content=\"index, follow, max-snippet:-1, max-image-preview:large, max-video-preview:-1\" \/>\n<link rel=\"canonical\" href=\"https:\/\/zeromagazine.mx\/index.php\/2025\/07\/21\/fiesta-italiana-en-cdmx\/\" \/>\n<meta property=\"og:locale\" content=\"es_ES\" \/>\n<meta property=\"og:type\" content=\"article\" \/>\n<meta property=\"og:title\" content=\"Fiesta Italiana en CDMX - Zero Magazine\" \/>\n<meta property=\"og:description\" content=\"Ninna y Cosimo celebran su aniversario con una Fiesta Italiana en CDMX: pizzas, pastas, m\u00fasica en vivo y limoncello. \u00a1No te la pierdas!\" \/>\n<meta property=\"og:url\" content=\"https:\/\/zeromagazine.mx\/index.php\/2025\/07\/21\/fiesta-italiana-en-cdmx\/\" \/>\n<meta property=\"og:site_name\" content=\"Zero Magazine\" \/>\n<meta property=\"article:published_time\" content=\"2025-07-21T20:55:00+00:00\" \/>\n<meta property=\"article:modified_time\" content=\"2025-07-21T21:00:22+00:00\" \/>\n<meta property=\"og:image\" content=\"http:\/\/zeromagazine.mx\/wp-content\/uploads\/2025\/07\/Tezza-6536-scaled.jpeg\" \/>\n\t<meta property=\"og:image:width\" content=\"1920\" \/>\n\t<meta property=\"og:image:height\" content=\"2560\" \/>\n\t<meta property=\"og:image:type\" content=\"image\/jpeg\" \/>\n<meta name=\"author\" content=\"David Morales\" \/>\n<meta name=\"twitter:card\" content=\"summary_large_image\" \/>\n<meta name=\"twitter:label1\" content=\"Escrito por\" \/>\n\t<meta name=\"twitter:data1\" content=\"David Morales\" \/>\n\t<meta name=\"twitter:label2\" content=\"Tiempo de lectura\" \/>\n\t<meta name=\"twitter:data2\" content=\"4 minutos\" \/>\n<script type=\"application\/ld+json\" class=\"yoast-schema-graph\">{\"@context\":\"https:\\\/\\\/schema.org\",\"@graph\":[{\"@type\":\"Article\",\"@id\":\"https:\\\/\\\/zeromagazine.mx\\\/index.php\\\/2025\\\/07\\\/21\\\/fiesta-italiana-en-cdmx\\\/#article\",\"isPartOf\":{\"@id\":\"https:\\\/\\\/zeromagazine.mx\\\/index.php\\\/2025\\\/07\\\/21\\\/fiesta-italiana-en-cdmx\\\/\"},\"author\":{\"name\":\"David Morales\",\"@id\":\"https:\\\/\\\/zeromagazine.mx\\\/#\\\/schema\\\/person\\\/9f7f1a17c60ba8e9980e3e6677aabe5a\"},\"headline\":\"Fiesta Italiana en CDMX\",\"datePublished\":\"2025-07-21T20:55:00+00:00\",\"dateModified\":\"2025-07-21T21:00:22+00:00\",\"mainEntityOfPage\":{\"@id\":\"https:\\\/\\\/zeromagazine.mx\\\/index.php\\\/2025\\\/07\\\/21\\\/fiesta-italiana-en-cdmx\\\/\"},\"wordCount\":500,\"commentCount\":0,\"publisher\":{\"@id\":\"https:\\\/\\\/zeromagazine.mx\\\/#organization\"},\"image\":{\"@id\":\"https:\\\/\\\/zeromagazine.mx\\\/index.php\\\/2025\\\/07\\\/21\\\/fiesta-italiana-en-cdmx\\\/#primaryimage\"},\"thumbnailUrl\":\"https:\\\/\\\/i0.wp.com\\\/zeromagazine.mx\\\/wp-content\\\/uploads\\\/2025\\\/07\\\/Tezza-6536-scaled.jpeg?fit=1920%2C2560&ssl=1\",\"keywords\":[\"Comida Italiana\",\"Foodie\"],\"articleSection\":[\"Foodie\"],\"inLanguage\":\"es\",\"potentialAction\":[{\"@type\":\"CommentAction\",\"name\":\"Comment\",\"target\":[\"https:\\\/\\\/zeromagazine.mx\\\/index.php\\\/2025\\\/07\\\/21\\\/fiesta-italiana-en-cdmx\\\/#respond\"]}]},{\"@type\":\"WebPage\",\"@id\":\"https:\\\/\\\/zeromagazine.mx\\\/index.php\\\/2025\\\/07\\\/21\\\/fiesta-italiana-en-cdmx\\\/\",\"url\":\"https:\\\/\\\/zeromagazine.mx\\\/index.php\\\/2025\\\/07\\\/21\\\/fiesta-italiana-en-cdmx\\\/\",\"name\":\"Fiesta Italiana en CDMX - Zero Magazine\",\"isPartOf\":{\"@id\":\"https:\\\/\\\/zeromagazine.mx\\\/#website\"},\"primaryImageOfPage\":{\"@id\":\"https:\\\/\\\/zeromagazine.mx\\\/index.php\\\/2025\\\/07\\\/21\\\/fiesta-italiana-en-cdmx\\\/#primaryimage\"},\"image\":{\"@id\":\"https:\\\/\\\/zeromagazine.mx\\\/index.php\\\/2025\\\/07\\\/21\\\/fiesta-italiana-en-cdmx\\\/#primaryimage\"},\"thumbnailUrl\":\"https:\\\/\\\/i0.wp.com\\\/zeromagazine.mx\\\/wp-content\\\/uploads\\\/2025\\\/07\\\/Tezza-6536-scaled.jpeg?fit=1920%2C2560&ssl=1\",\"datePublished\":\"2025-07-21T20:55:00+00:00\",\"dateModified\":\"2025-07-21T21:00:22+00:00\",\"description\":\"Ninna y Cosimo celebran su aniversario con una Fiesta Italiana en CDMX: pizzas, pastas, m\u00fasica en vivo y limoncello. \u00a1No te la pierdas!\",\"breadcrumb\":{\"@id\":\"https:\\\/\\\/zeromagazine.mx\\\/index.php\\\/2025\\\/07\\\/21\\\/fiesta-italiana-en-cdmx\\\/#breadcrumb\"},\"inLanguage\":\"es\",\"potentialAction\":[{\"@type\":\"ReadAction\",\"target\":[\"https:\\\/\\\/zeromagazine.mx\\\/index.php\\\/2025\\\/07\\\/21\\\/fiesta-italiana-en-cdmx\\\/\"]}]},{\"@type\":\"ImageObject\",\"inLanguage\":\"es\",\"@id\":\"https:\\\/\\\/zeromagazine.mx\\\/index.php\\\/2025\\\/07\\\/21\\\/fiesta-italiana-en-cdmx\\\/#primaryimage\",\"url\":\"https:\\\/\\\/i0.wp.com\\\/zeromagazine.mx\\\/wp-content\\\/uploads\\\/2025\\\/07\\\/Tezza-6536-scaled.jpeg?fit=1920%2C2560&ssl=1\",\"contentUrl\":\"https:\\\/\\\/i0.wp.com\\\/zeromagazine.mx\\\/wp-content\\\/uploads\\\/2025\\\/07\\\/Tezza-6536-scaled.jpeg?fit=1920%2C2560&ssl=1\",\"width\":1920,\"height\":2560,\"caption\":\"Edited in Tezza with: Vintage\"},{\"@type\":\"BreadcrumbList\",\"@id\":\"https:\\\/\\\/zeromagazine.mx\\\/index.php\\\/2025\\\/07\\\/21\\\/fiesta-italiana-en-cdmx\\\/#breadcrumb\",\"itemListElement\":[{\"@type\":\"ListItem\",\"position\":1,\"name\":\"Portada\",\"item\":\"https:\\\/\\\/zeromagazine.mx\\\/\"},{\"@type\":\"ListItem\",\"position\":2,\"name\":\"Fiesta Italiana en CDMX\"}]},{\"@type\":\"WebSite\",\"@id\":\"https:\\\/\\\/zeromagazine.mx\\\/#website\",\"url\":\"https:\\\/\\\/zeromagazine.mx\\\/\",\"name\":\"Zero Magazine\",\"description\":\"\",\"publisher\":{\"@id\":\"https:\\\/\\\/zeromagazine.mx\\\/#organization\"},\"potentialAction\":[{\"@type\":\"SearchAction\",\"target\":{\"@type\":\"EntryPoint\",\"urlTemplate\":\"https:\\\/\\\/zeromagazine.mx\\\/?s={search_term_string}\"},\"query-input\":{\"@type\":\"PropertyValueSpecification\",\"valueRequired\":true,\"valueName\":\"search_term_string\"}}],\"inLanguage\":\"es\"},{\"@type\":\"Organization\",\"@id\":\"https:\\\/\\\/zeromagazine.mx\\\/#organization\",\"name\":\"Zero Magazine\",\"url\":\"https:\\\/\\\/zeromagazine.mx\\\/\",\"logo\":{\"@type\":\"ImageObject\",\"inLanguage\":\"es\",\"@id\":\"https:\\\/\\\/zeromagazine.mx\\\/#\\\/schema\\\/logo\\\/image\\\/\",\"url\":\"https:\\\/\\\/i0.wp.com\\\/zeromagazine.mx\\\/wp-content\\\/uploads\\\/2025\\\/11\\\/1.jpeg?fit=1000%2C1000&ssl=1\",\"contentUrl\":\"https:\\\/\\\/i0.wp.com\\\/zeromagazine.mx\\\/wp-content\\\/uploads\\\/2025\\\/11\\\/1.jpeg?fit=1000%2C1000&ssl=1\",\"width\":1000,\"height\":1000,\"caption\":\"Zero Magazine\"},\"image\":{\"@id\":\"https:\\\/\\\/zeromagazine.mx\\\/#\\\/schema\\\/logo\\\/image\\\/\"},\"sameAs\":[\"https:\\\/\\\/instagram.com\\\/zeromagazinemx\"]},{\"@type\":\"Person\",\"@id\":\"https:\\\/\\\/zeromagazine.mx\\\/#\\\/schema\\\/person\\\/9f7f1a17c60ba8e9980e3e6677aabe5a\",\"name\":\"David Morales\",\"image\":{\"@type\":\"ImageObject\",\"inLanguage\":\"es\",\"@id\":\"https:\\\/\\\/zeromagazine.mx\\\/wp-content\\\/litespeed\\\/avatar\\\/76069d2136bfc1c37dc34815bb67ca42.jpg?ver=1777571067\",\"url\":\"https:\\\/\\\/zeromagazine.mx\\\/wp-content\\\/litespeed\\\/avatar\\\/76069d2136bfc1c37dc34815bb67ca42.jpg?ver=1777571067\",\"contentUrl\":\"https:\\\/\\\/zeromagazine.mx\\\/wp-content\\\/litespeed\\\/avatar\\\/76069d2136bfc1c37dc34815bb67ca42.jpg?ver=1777571067\",\"caption\":\"David Morales\"},\"url\":\"https:\\\/\\\/zeromagazine.mx\\\/index.php\\\/author\\\/david\\\/\"}]}<\/script>\n<!-- \/ Yoast SEO plugin. -->","yoast_head_json":{"title":"Fiesta Italiana en CDMX - Zero Magazine","description":"Ninna y Cosimo celebran su aniversario con una Fiesta Italiana en CDMX: pizzas, pastas, m\u00fasica en vivo y limoncello. \u00a1No te la pierdas!","robots":{"index":"index","follow":"follow","max-snippet":"max-snippet:-1","max-image-preview":"max-image-preview:large","max-video-preview":"max-video-preview:-1"},"canonical":"https:\/\/zeromagazine.mx\/index.php\/2025\/07\/21\/fiesta-italiana-en-cdmx\/","og_locale":"es_ES","og_type":"article","og_title":"Fiesta Italiana en CDMX - Zero Magazine","og_description":"Ninna y Cosimo celebran su aniversario con una Fiesta Italiana en CDMX: pizzas, pastas, m\u00fasica en vivo y limoncello. \u00a1No te la pierdas!","og_url":"https:\/\/zeromagazine.mx\/index.php\/2025\/07\/21\/fiesta-italiana-en-cdmx\/","og_site_name":"Zero Magazine","article_published_time":"2025-07-21T20:55:00+00:00","article_modified_time":"2025-07-21T21:00:22+00:00","og_image":[{"width":1920,"height":2560,"url":"http:\/\/zeromagazine.mx\/wp-content\/uploads\/2025\/07\/Tezza-6536-scaled.jpeg","type":"image\/jpeg"}],"author":"David Morales","twitter_card":"summary_large_image","twitter_misc":{"Escrito por":"David Morales","Tiempo de lectura":"4 minutos"},"schema":{"@context":"https:\/\/schema.org","@graph":[{"@type":"Article","@id":"https:\/\/zeromagazine.mx\/index.php\/2025\/07\/21\/fiesta-italiana-en-cdmx\/#article","isPartOf":{"@id":"https:\/\/zeromagazine.mx\/index.php\/2025\/07\/21\/fiesta-italiana-en-cdmx\/"},"author":{"name":"David Morales","@id":"https:\/\/zeromagazine.mx\/#\/schema\/person\/9f7f1a17c60ba8e9980e3e6677aabe5a"},"headline":"Fiesta Italiana en CDMX","datePublished":"2025-07-21T20:55:00+00:00","dateModified":"2025-07-21T21:00:22+00:00","mainEntityOfPage":{"@id":"https:\/\/zeromagazine.mx\/index.php\/2025\/07\/21\/fiesta-italiana-en-cdmx\/"},"wordCount":500,"commentCount":0,"publisher":{"@id":"https:\/\/zeromagazine.mx\/#organization"},"image":{"@id":"https:\/\/zeromagazine.mx\/index.php\/2025\/07\/21\/fiesta-italiana-en-cdmx\/#primaryimage"},"thumbnailUrl":"https:\/\/i0.wp.com\/zeromagazine.mx\/wp-content\/uploads\/2025\/07\/Tezza-6536-scaled.jpeg?fit=1920%2C2560&ssl=1","keywords":["Comida Italiana","Foodie"],"articleSection":["Foodie"],"inLanguage":"es","potentialAction":[{"@type":"CommentAction","name":"Comment","target":["https:\/\/zeromagazine.mx\/index.php\/2025\/07\/21\/fiesta-italiana-en-cdmx\/#respond"]}]},{"@type":"WebPage","@id":"https:\/\/zeromagazine.mx\/index.php\/2025\/07\/21\/fiesta-italiana-en-cdmx\/","url":"https:\/\/zeromagazine.mx\/index.php\/2025\/07\/21\/fiesta-italiana-en-cdmx\/","name":"Fiesta Italiana en CDMX - Zero Magazine","isPartOf":{"@id":"https:\/\/zeromagazine.mx\/#website"},"primaryImageOfPage":{"@id":"https:\/\/zeromagazine.mx\/index.php\/2025\/07\/21\/fiesta-italiana-en-cdmx\/#primaryimage"},"image":{"@id":"https:\/\/zeromagazine.mx\/index.php\/2025\/07\/21\/fiesta-italiana-en-cdmx\/#primaryimage"},"thumbnailUrl":"https:\/\/i0.wp.com\/zeromagazine.mx\/wp-content\/uploads\/2025\/07\/Tezza-6536-scaled.jpeg?fit=1920%2C2560&ssl=1","datePublished":"2025-07-21T20:55:00+00:00","dateModified":"2025-07-21T21:00:22+00:00","description":"Ninna y Cosimo celebran su aniversario con una Fiesta Italiana en CDMX: pizzas, pastas, m\u00fasica en vivo y limoncello. \u00a1No te la pierdas!","breadcrumb":{"@id":"https:\/\/zeromagazine.mx\/index.php\/2025\/07\/21\/fiesta-italiana-en-cdmx\/#breadcrumb"},"inLanguage":"es","potentialAction":[{"@type":"ReadAction","target":["https:\/\/zeromagazine.mx\/index.php\/2025\/07\/21\/fiesta-italiana-en-cdmx\/"]}]},{"@type":"ImageObject","inLanguage":"es","@id":"https:\/\/zeromagazine.mx\/index.php\/2025\/07\/21\/fiesta-italiana-en-cdmx\/#primaryimage","url":"https:\/\/i0.wp.com\/zeromagazine.mx\/wp-content\/uploads\/2025\/07\/Tezza-6536-scaled.jpeg?fit=1920%2C2560&ssl=1","contentUrl":"https:\/\/i0.wp.com\/zeromagazine.mx\/wp-content\/uploads\/2025\/07\/Tezza-6536-scaled.jpeg?fit=1920%2C2560&ssl=1","width":1920,"height":2560,"caption":"Edited in Tezza with: Vintage"},{"@type":"BreadcrumbList","@id":"https:\/\/zeromagazine.mx\/index.php\/2025\/07\/21\/fiesta-italiana-en-cdmx\/#breadcrumb","itemListElement":[{"@type":"ListItem","position":1,"name":"Portada","item":"https:\/\/zeromagazine.mx\/"},{"@type":"ListItem","position":2,"name":"Fiesta Italiana en CDMX"}]},{"@type":"WebSite","@id":"https:\/\/zeromagazine.mx\/#website","url":"https:\/\/zeromagazine.mx\/","name":"Zero Magazine","description":"","publisher":{"@id":"https:\/\/zeromagazine.mx\/#organization"},"potentialAction":[{"@type":"SearchAction","target":{"@type":"EntryPoint","urlTemplate":"https:\/\/zeromagazine.mx\/?s={search_term_string}"},"query-input":{"@type":"PropertyValueSpecification","valueRequired":true,"valueName":"search_term_string"}}],"inLanguage":"es"},{"@type":"Organization","@id":"https:\/\/zeromagazine.mx\/#organization","name":"Zero Magazine","url":"https:\/\/zeromagazine.mx\/","logo":{"@type":"ImageObject","inLanguage":"es","@id":"https:\/\/zeromagazine.mx\/#\/schema\/logo\/image\/","url":"https:\/\/i0.wp.com\/zeromagazine.mx\/wp-content\/uploads\/2025\/11\/1.jpeg?fit=1000%2C1000&ssl=1","contentUrl":"https:\/\/i0.wp.com\/zeromagazine.mx\/wp-content\/uploads\/2025\/11\/1.jpeg?fit=1000%2C1000&ssl=1","width":1000,"height":1000,"caption":"Zero Magazine"},"image":{"@id":"https:\/\/zeromagazine.mx\/#\/schema\/logo\/image\/"},"sameAs":["https:\/\/instagram.com\/zeromagazinemx"]},{"@type":"Person","@id":"https:\/\/zeromagazine.mx\/#\/schema\/person\/9f7f1a17c60ba8e9980e3e6677aabe5a","name":"David Morales","image":{"@type":"ImageObject","inLanguage":"es","@id":"https:\/\/zeromagazine.mx\/wp-content\/litespeed\/avatar\/76069d2136bfc1c37dc34815bb67ca42.jpg?ver=1777571067","url":"https:\/\/zeromagazine.mx\/wp-content\/litespeed\/avatar\/76069d2136bfc1c37dc34815bb67ca42.jpg?ver=1777571067","contentUrl":"https:\/\/zeromagazine.mx\/wp-content\/litespeed\/avatar\/76069d2136bfc1c37dc34815bb67ca42.jpg?ver=1777571067","caption":"David Morales"},"url":"https:\/\/zeromagazine.mx\/index.php\/author\/david\/"}]}},"jetpack_publicize_connections":[],"jetpack_featured_media_url":"https:\/\/i0.wp.com\/zeromagazine.mx\/wp-content\/uploads\/2025\/07\/Tezza-6536-scaled.jpeg?fit=1920%2C2560&ssl=1","jetpack-related-posts":[{"id":98787,"url":"https:\/\/zeromagazine.mx\/index.php\/2025\/03\/14\/ninna-pastificio-brunch-italiano\/","url_meta":{"origin":106904,"position":0},"title":"Ninna Pastificio: Brunch Italiano","author":"David Morales","date":"14 de marzo de 2025","format":false,"excerpt":"Amix, un buen brunch siempre es un planazo, pero cuando se trata de cocina italiana hecha con amor y tradici\u00f3n, la experiencia sube de nivel. Ninna Pastificio, ubicado en Santa Mar\u00eda la Ribera, acaba de lanzar su nuevo men\u00fa de brunch, combinando sabores aut\u00e9nticos con un ambiente acogedor que te\u2026","rel":"","context":"En \u00abFoodie\u00bb","block_context":{"text":"Foodie","link":"https:\/\/zeromagazine.mx\/index.php\/category\/lifestyle\/foodie\/"},"img":{"alt_text":"","src":"https:\/\/i0.wp.com\/zeromagazine.mx\/wp-content\/uploads\/2025\/03\/IMG_9625-scaled.jpg?fit=900%2C1200&ssl=1&resize=350%2C200","width":350,"height":200,"srcset":"https:\/\/i0.wp.com\/zeromagazine.mx\/wp-content\/uploads\/2025\/03\/IMG_9625-scaled.jpg?fit=900%2C1200&ssl=1&resize=350%2C200 1x, https:\/\/i0.wp.com\/zeromagazine.mx\/wp-content\/uploads\/2025\/03\/IMG_9625-scaled.jpg?fit=900%2C1200&ssl=1&resize=525%2C300 1.5x, https:\/\/i0.wp.com\/zeromagazine.mx\/wp-content\/uploads\/2025\/03\/IMG_9625-scaled.jpg?fit=900%2C1200&ssl=1&resize=700%2C400 2x"},"classes":[]},{"id":99925,"url":"https:\/\/zeromagazine.mx\/index.php\/2025\/03\/27\/terraza-santino-celebra-en-grande\/","url_meta":{"origin":106904,"position":1},"title":"Terraza Santino Celebra En Grande","author":"David Morales","date":"27 de marzo de 2025","format":false,"excerpt":"Amix, si est\u00e1n buscando el lugar perfecto para festejar o simplemente pasar una noche inolvidable, les tengo el spot ideal: Terraza Santino. Ubicada en el ic\u00f3nico Hotel Marquis Reforma de la CDMX, esta terraza est\u00e1 celebrando su primer aniversario y lo hace en grande. \u00a1Se imaginan el combo de vistas\u2026","rel":"","context":"En \u00abFoodie\u00bb","block_context":{"text":"Foodie","link":"https:\/\/zeromagazine.mx\/index.php\/category\/lifestyle\/foodie\/"},"img":{"alt_text":"","src":"https:\/\/i0.wp.com\/zeromagazine.mx\/wp-content\/uploads\/2025\/03\/Imagen-de-WhatsApp-2025-03-27-a-las-17.45.18_60b11894.jpg?fit=1200%2C675&ssl=1&resize=350%2C200","width":350,"height":200,"srcset":"https:\/\/i0.wp.com\/zeromagazine.mx\/wp-content\/uploads\/2025\/03\/Imagen-de-WhatsApp-2025-03-27-a-las-17.45.18_60b11894.jpg?fit=1200%2C675&ssl=1&resize=350%2C200 1x, https:\/\/i0.wp.com\/zeromagazine.mx\/wp-content\/uploads\/2025\/03\/Imagen-de-WhatsApp-2025-03-27-a-las-17.45.18_60b11894.jpg?fit=1200%2C675&ssl=1&resize=525%2C300 1.5x, https:\/\/i0.wp.com\/zeromagazine.mx\/wp-content\/uploads\/2025\/03\/Imagen-de-WhatsApp-2025-03-27-a-las-17.45.18_60b11894.jpg?fit=1200%2C675&ssl=1&resize=700%2C400 2x, https:\/\/i0.wp.com\/zeromagazine.mx\/wp-content\/uploads\/2025\/03\/Imagen-de-WhatsApp-2025-03-27-a-las-17.45.18_60b11894.jpg?fit=1200%2C675&ssl=1&resize=1050%2C600 3x"},"classes":[]},{"id":92072,"url":"https:\/\/zeromagazine.mx\/index.php\/2024\/12\/02\/italia-vibes-pero-en-cdmx\/","url_meta":{"origin":106904,"position":2},"title":"\u00abItalia vibes, pero en CDMX\u00bb","author":"zeromagazinemx","date":"2 de diciembre de 2024","format":false,"excerpt":"Si eres de los que ama la \u00e9poca navide\u00f1a\u00a0y\u00a0no puede resistirse a una buena pasta, d\u00e9jame contarte que\u00a0Forno Di Casa\u00a0es\u00a0el spot\u00a0que necesitas este a\u00f1o para vivir una experiencia\u00a0full Italian vibes. Este restaurante, certificado por la C\u00e1mara de Comercio Italiana con el distintivo \"Ospitalit\u00e0 Italiana\" (s\u00ed, fancy y legit), trae un\u2026","rel":"","context":"En \u00abViajes\u00bb","block_context":{"text":"Viajes","link":"https:\/\/zeromagazine.mx\/index.php\/category\/lugares\/"},"img":{"alt_text":"","src":"https:\/\/i0.wp.com\/zeromagazine.mx\/wp-content\/uploads\/2024\/12\/6-scaled.jpg?fit=1200%2C800&ssl=1&resize=350%2C200","width":350,"height":200,"srcset":"https:\/\/i0.wp.com\/zeromagazine.mx\/wp-content\/uploads\/2024\/12\/6-scaled.jpg?fit=1200%2C800&ssl=1&resize=350%2C200 1x, https:\/\/i0.wp.com\/zeromagazine.mx\/wp-content\/uploads\/2024\/12\/6-scaled.jpg?fit=1200%2C800&ssl=1&resize=525%2C300 1.5x, https:\/\/i0.wp.com\/zeromagazine.mx\/wp-content\/uploads\/2024\/12\/6-scaled.jpg?fit=1200%2C800&ssl=1&resize=700%2C400 2x, https:\/\/i0.wp.com\/zeromagazine.mx\/wp-content\/uploads\/2024\/12\/6-scaled.jpg?fit=1200%2C800&ssl=1&resize=1050%2C600 3x"},"classes":[]},{"id":98442,"url":"https:\/\/zeromagazine.mx\/index.php\/2025\/03\/08\/la-pizza-favorita-de-los-italianos-en-cdmx\/","url_meta":{"origin":106904,"position":3},"title":"Pizza m\u00e1gica en Mammut","author":"David Morales","date":"8 de marzo de 2025","format":false,"excerpt":"Encontrar una pizzer\u00eda que realmente te transporte a Italia no es f\u00e1cil. Hay muchas opciones, pero pocas que cuiden cada detalle: desde la masa y los ingredientes hasta la experiencia completa. Mammut Pizza promete ser \u201cla favorita de los italianos en M\u00e9xico\u201d, as\u00ed que obvio ten\u00eda que comprobar si este\u2026","rel":"","context":"En \u00abFoodie\u00bb","block_context":{"text":"Foodie","link":"https:\/\/zeromagazine.mx\/index.php\/category\/lifestyle\/foodie\/"},"img":{"alt_text":"","src":"https:\/\/i0.wp.com\/zeromagazine.mx\/wp-content\/uploads\/2025\/03\/IMG_7141-scaled.jpeg?fit=900%2C1200&ssl=1&resize=350%2C200","width":350,"height":200,"srcset":"https:\/\/i0.wp.com\/zeromagazine.mx\/wp-content\/uploads\/2025\/03\/IMG_7141-scaled.jpeg?fit=900%2C1200&ssl=1&resize=350%2C200 1x, https:\/\/i0.wp.com\/zeromagazine.mx\/wp-content\/uploads\/2025\/03\/IMG_7141-scaled.jpeg?fit=900%2C1200&ssl=1&resize=525%2C300 1.5x, https:\/\/i0.wp.com\/zeromagazine.mx\/wp-content\/uploads\/2025\/03\/IMG_7141-scaled.jpeg?fit=900%2C1200&ssl=1&resize=700%2C400 2x"},"classes":[]},{"id":82844,"url":"https:\/\/zeromagazine.mx\/index.php\/2024\/08\/29\/epic-collab-scarpetta-x-il-becco\/","url_meta":{"origin":106904,"position":4},"title":"Epic Collab: Scarpetta x Il Becco","author":"zeromagazinemx","date":"29 de agosto de 2024","format":false,"excerpt":"\u00a1Aloha, foodies! Si eres de esos que aman las experiencias \u00fanicas y las vibes de lujo, entonces ponte ready porque lo que te traigo hoy es la definici\u00f3n perfecta de fancy y delicioso en un solo lugar. As\u00ed que agarra tu mejor outfit y tu actitud m\u00e1s chic, porque vamos\u2026","rel":"","context":"En \u00abFoodie\u00bb","block_context":{"text":"Foodie","link":"https:\/\/zeromagazine.mx\/index.php\/category\/lifestyle\/foodie\/"},"img":{"alt_text":"","src":"https:\/\/i0.wp.com\/zeromagazine.mx\/wp-content\/uploads\/2024\/08\/FOUR-SEASONS-BYNIRVANA-21-scaled.jpg?fit=960%2C1200&ssl=1&resize=350%2C200","width":350,"height":200,"srcset":"https:\/\/i0.wp.com\/zeromagazine.mx\/wp-content\/uploads\/2024\/08\/FOUR-SEASONS-BYNIRVANA-21-scaled.jpg?fit=960%2C1200&ssl=1&resize=350%2C200 1x, https:\/\/i0.wp.com\/zeromagazine.mx\/wp-content\/uploads\/2024\/08\/FOUR-SEASONS-BYNIRVANA-21-scaled.jpg?fit=960%2C1200&ssl=1&resize=525%2C300 1.5x, https:\/\/i0.wp.com\/zeromagazine.mx\/wp-content\/uploads\/2024\/08\/FOUR-SEASONS-BYNIRVANA-21-scaled.jpg?fit=960%2C1200&ssl=1&resize=700%2C400 2x"},"classes":[]},{"id":92965,"url":"https:\/\/zeromagazine.mx\/index.php\/2024\/12\/12\/una-experiencia-sensorial-unica-becco\/","url_meta":{"origin":106904,"position":5},"title":"Cena Exclusiva: Italia en CDMX","author":"zeromagazinemx","date":"12 de diciembre de 2024","format":false,"excerpt":"Cena a Quattro Mani: Un Banquete Inolvidable Amix, \u00bfqui\u00e9n dir\u00eda que en la ciudad de M\u00e9xico podr\u00edamos tener una experiencia gastron\u00f3mica como la de la costa amalfitana? Il Becco, el aclamado restaurante dentro del Four Seasons, est\u00e1 llevando la cocina italiana al siguiente nivel con un evento exclusivo que se\u2026","rel":"","context":"En \u00abViajes\u00bb","block_context":{"text":"Viajes","link":"https:\/\/zeromagazine.mx\/index.php\/category\/lugares\/"},"img":{"alt_text":"","src":"https:\/\/i0.wp.com\/zeromagazine.mx\/wp-content\/uploads\/2024\/12\/Le_Sirenuse_Pool-1162-scaled.jpg?fit=800%2C1200&ssl=1&resize=350%2C200","width":350,"height":200,"srcset":"https:\/\/i0.wp.com\/zeromagazine.mx\/wp-content\/uploads\/2024\/12\/Le_Sirenuse_Pool-1162-scaled.jpg?fit=800%2C1200&ssl=1&resize=350%2C200 1x, https:\/\/i0.wp.com\/zeromagazine.mx\/wp-content\/uploads\/2024\/12\/Le_Sirenuse_Pool-1162-scaled.jpg?fit=800%2C1200&ssl=1&resize=525%2C300 1.5x, https:\/\/i0.wp.com\/zeromagazine.mx\/wp-content\/uploads\/2024\/12\/Le_Sirenuse_Pool-1162-scaled.jpg?fit=800%2C1200&ssl=1&resize=700%2C400 2x"},"classes":[]}],"jetpack_sharing_enabled":true,"builder_content":"","_links":{"self":[{"href":"https:\/\/zeromagazine.mx\/index.php\/wp-json\/wp\/v2\/posts\/106904","targetHints":{"allow":["GET"]}}],"collection":[{"href":"https:\/\/zeromagazine.mx\/index.php\/wp-json\/wp\/v2\/posts"}],"about":[{"href":"https:\/\/zeromagazine.mx\/index.php\/wp-json\/wp\/v2\/types\/post"}],"author":[{"embeddable":true,"href":"https:\/\/zeromagazine.mx\/index.php\/wp-json\/wp\/v2\/users\/4"}],"replies":[{"embeddable":true,"href":"https:\/\/zeromagazine.mx\/index.php\/wp-json\/wp\/v2\/comments?post=106904"}],"version-history":[{"count":2,"href":"https:\/\/zeromagazine.mx\/index.php\/wp-json\/wp\/v2\/posts\/106904\/revisions"}],"predecessor-version":[{"id":106910,"href":"https:\/\/zeromagazine.mx\/index.php\/wp-json\/wp\/v2\/posts\/106904\/revisions\/106910"}],"wp:featuredmedia":[{"embeddable":true,"href":"https:\/\/zeromagazine.mx\/index.php\/wp-json\/wp\/v2\/media\/106906"}],"wp:attachment":[{"href":"https:\/\/zeromagazine.mx\/index.php\/wp-json\/wp\/v2\/media?parent=106904"}],"wp:term":[{"taxonomy":"category","embeddable":true,"href":"https:\/\/zeromagazine.mx\/index.php\/wp-json\/wp\/v2\/categories?post=106904"},{"taxonomy":"post_tag","embeddable":true,"href":"https:\/\/zeromagazine.mx\/index.php\/wp-json\/wp\/v2\/tags?post=106904"}],"curies":[{"name":"wp","href":"https:\/\/api.w.org\/{rel}","templated":true}]}}