{"id":107006,"date":"2025-07-28T13:48:12","date_gmt":"2025-07-28T19:48:12","guid":{"rendered":"https:\/\/zeromagazine.mx\/?p=107006"},"modified":"2025-07-28T13:48:13","modified_gmt":"2025-07-28T19:48:13","slug":"shein-sostenibilidad-impacto-2024","status":"publish","type":"post","link":"https:\/\/zeromagazine.mx\/index.php\/2025\/07\/28\/shein-sostenibilidad-impacto-2024\/","title":{"rendered":"\u00a0SHEIN redefine la moda con su plan de sostenibilidad 2024"},"content":{"rendered":"<!--themify_builder_content-->\n<div id=\"themify_builder_content-107006\" data-postid=\"107006\" class=\"themify_builder_content themify_builder_content-107006 themify_builder tf_clear\">\n    <\/div>\n<!--\/themify_builder_content-->\n\n\n<p>S\u00ed, sabemos que cuando escuchas \u201cSHEIN\u201d probablemente piensas en moda r\u00e1pida, toneladas de ropa barata y un impacto ambiental poco amigable. Pero este 2024, SHEIN quiere que vuelvas a mirar. Su nuevo <strong>Informe de Sostenibilidad e Impacto Social<\/strong> deja claro que no est\u00e1n ignorando las cr\u00edticas: est\u00e1n tomando acci\u00f3n.<\/p>\n\n\n\n<p>El plan se llama <strong>evoluSHEIN<\/strong> y est\u00e1 enfocado en tres pilares clave: <strong>Personas, Planeta y Proceso<\/strong>. \u00bfY qu\u00e9 significa eso en acciones reales? M\u00e1s de <strong>4,200 auditor\u00edas a proveedores<\/strong>, m\u00e1s de <strong>33 millones de d\u00f3lares invertidos en comunidades<\/strong>, y un crecimiento explosivo en su plataforma <strong>SHEIN X<\/strong>, que apoya a dise\u00f1adores independientes.<\/p>\n\n\n\n<figure class=\"wp-block-image size-full\"><img data-recalc-dims=\"1\" decoding=\"async\" width=\"601\" height=\"601\" src=\"https:\/\/i0.wp.com\/zeromagazine.mx\/wp-content\/uploads\/2025\/07\/IMG_5086.png?resize=601%2C601&#038;ssl=1\" alt=\"\" class=\"wp-image-107010\" srcset=\"https:\/\/i0.wp.com\/zeromagazine.mx\/wp-content\/uploads\/2025\/07\/IMG_5086.png?w=601&amp;ssl=1 601w, https:\/\/i0.wp.com\/zeromagazine.mx\/wp-content\/uploads\/2025\/07\/IMG_5086.png?resize=300%2C300&amp;ssl=1 300w, https:\/\/i0.wp.com\/zeromagazine.mx\/wp-content\/uploads\/2025\/07\/IMG_5086.png?resize=150%2C150&amp;ssl=1 150w\" sizes=\"(max-width: 601px) 100vw, 601px\" \/><\/figure>\n\n\n\n<p>Pero el cambio no se queda en papel. SHEIN logr\u00f3 reducir sus emisiones de gases de efecto invernadero en un <strong>58% en comparaci\u00f3n con el a\u00f1o anterior<\/strong>, mientras sigue ampliando el uso de materiales reciclados, tecnolog\u00edas de bajo consumo de agua y su programa de reventa <strong>SHEIN Exchange<\/strong>, que ya lleg\u00f3 a Francia, Alemania y Reino Unido.<\/p>\n\n\n\n<h2 class=\"wp-block-heading\"><strong>Menos pl\u00e1stico virgen, m\u00e1s reciclaje y empaques inteligentes<\/strong> para lograr la sosteniblidad.<\/h2>\n\n\n\n<p>Uno de los grandes puntos negativos de la marca siempre ha sido el uso de pl\u00e1stico en empaques. Este a\u00f1o, SHEIN actu\u00f3 al respecto. M\u00e1s de la mitad de sus bolsas express ya incluyen al menos <strong>50% de pl\u00e1stico reciclado certificado GRS<\/strong>, y sus colecciones especiales (como evoluSHEIN by Design, MOTF o Po\u00e9selle) ya usan bolsas hechas con <strong>100% de pl\u00e1stico reciclado<\/strong>.<\/p>\n\n\n\n<figure class=\"wp-block-image size-full\"><img data-recalc-dims=\"1\" decoding=\"async\" width=\"1165\" height=\"873\" src=\"https:\/\/i0.wp.com\/zeromagazine.mx\/wp-content\/uploads\/2025\/07\/IMG_5085.jpeg?resize=1165%2C873&#038;ssl=1\" alt=\"\" class=\"wp-image-107007\" srcset=\"https:\/\/i0.wp.com\/zeromagazine.mx\/wp-content\/uploads\/2025\/07\/IMG_5085.jpeg?w=2560&amp;ssl=1 2560w, https:\/\/i0.wp.com\/zeromagazine.mx\/wp-content\/uploads\/2025\/07\/IMG_5085.jpeg?resize=300%2C225&amp;ssl=1 300w, https:\/\/i0.wp.com\/zeromagazine.mx\/wp-content\/uploads\/2025\/07\/IMG_5085.jpeg?resize=1024%2C768&amp;ssl=1 1024w, https:\/\/i0.wp.com\/zeromagazine.mx\/wp-content\/uploads\/2025\/07\/IMG_5085.jpeg?resize=768%2C576&amp;ssl=1 768w, https:\/\/i0.wp.com\/zeromagazine.mx\/wp-content\/uploads\/2025\/07\/IMG_5085.jpeg?resize=1536%2C1151&amp;ssl=1 1536w, https:\/\/i0.wp.com\/zeromagazine.mx\/wp-content\/uploads\/2025\/07\/IMG_5085.jpeg?resize=2048%2C1535&amp;ssl=1 2048w, https:\/\/i0.wp.com\/zeromagazine.mx\/wp-content\/uploads\/2025\/07\/IMG_5085.jpeg?w=2330 2330w\" sizes=\"(max-width: 1165px) 100vw, 1165px\" \/><\/figure>\n\n\n\n<p>\u00bfEl resultado? Un ahorro de m\u00e1s de <strong>22,000 toneladas m\u00e9tricas de CO2e<\/strong> y la eliminaci\u00f3n de casi <strong>7,500 toneladas m\u00e9tricas de pl\u00e1stico virgen<\/strong>. Todo esto gracias tambi\u00e9n a empaques m\u00e1s delgados y compactos que reducen residuos desde la ra\u00edz, favoreciendo la sostenibilidad.<\/p>\n\n\n\n<h2 class=\"wp-block-heading\"><strong>Rumbo a cero emisiones: SHEIN y el respaldo de SBTi<\/strong><\/h2>\n\n\n\n<p>A veces suena a promesa vac\u00eda, pero SHEIN lo est\u00e1 respaldando con acciones medibles. En 2024, la <strong>iniciativa Science Based Targets (SBTi)<\/strong> aprob\u00f3 su hoja de ruta para alcanzar <strong>emisiones netas cero para 2050<\/strong>.<\/p>\n\n\n\n<p>En paralelo, SHEIN ya usa <strong>76% de energ\u00eda renovable<\/strong> en sus operaciones, y ha trabajado en proyectos de eficiencia energ\u00e9tica en toda su cadena de suministro. \u00bfEl resultado? Una reducci\u00f3n total de <strong>884,303 toneladas m\u00e9tricas de CO2e<\/strong> en los tres niveles de emisiones (Alcances 1, 2 y 3).<\/p>\n\n\n\n<figure class=\"wp-block-image size-full\"><img data-recalc-dims=\"1\" decoding=\"async\" width=\"971\" height=\"561\" src=\"https:\/\/i0.wp.com\/zeromagazine.mx\/wp-content\/uploads\/2025\/07\/IMG_5087.jpeg?resize=971%2C561&#038;ssl=1\" alt=\"\" class=\"wp-image-107008\" srcset=\"https:\/\/i0.wp.com\/zeromagazine.mx\/wp-content\/uploads\/2025\/07\/IMG_5087.jpeg?w=971&amp;ssl=1 971w, https:\/\/i0.wp.com\/zeromagazine.mx\/wp-content\/uploads\/2025\/07\/IMG_5087.jpeg?resize=300%2C173&amp;ssl=1 300w, https:\/\/i0.wp.com\/zeromagazine.mx\/wp-content\/uploads\/2025\/07\/IMG_5087.jpeg?resize=768%2C444&amp;ssl=1 768w\" sizes=\"(max-width: 971px) 100vw, 971px\" \/><\/figure>\n\n\n\n<h2 class=\"wp-block-heading\"><strong>Calidad, seguridad, y circularidad: Los pilares para la Sostenibilidad<\/strong><\/h2>\n\n\n\n<p>\u00bfY la calidad? SHEIN invertir\u00e1 <strong>15 millones de d\u00f3lares<\/strong> en 2025 para reforzar sus protocolos de seguridad, pruebas de laboratorio y certificaciones. Su meta es realizar <strong>2.5 millones de pruebas de calidad<\/strong>, aumentando la confianza en sus productos.<\/p>\n\n\n\n<p>Adem\u00e1s, un nuevo estudio global revela que <strong>m\u00e1s del 40% de los clientes usa sus prendas SHEIN m\u00e1s de 30 veces<\/strong>, y que la mayor\u00eda opta por <strong>donar, revender o intercambiar su ropa<\/strong>, promoviendo as\u00ed una verdadera cultura de moda circular.<\/p>\n\n\n\n<figure class=\"wp-block-image size-full\"><img data-recalc-dims=\"1\" decoding=\"async\" width=\"1165\" height=\"655\" src=\"https:\/\/i0.wp.com\/zeromagazine.mx\/wp-content\/uploads\/2025\/07\/IMG_5091.jpeg?resize=1165%2C655&#038;ssl=1\" alt=\"\" class=\"wp-image-107009\" srcset=\"https:\/\/i0.wp.com\/zeromagazine.mx\/wp-content\/uploads\/2025\/07\/IMG_5091.jpeg?w=2048&amp;ssl=1 2048w, https:\/\/i0.wp.com\/zeromagazine.mx\/wp-content\/uploads\/2025\/07\/IMG_5091.jpeg?resize=300%2C169&amp;ssl=1 300w, https:\/\/i0.wp.com\/zeromagazine.mx\/wp-content\/uploads\/2025\/07\/IMG_5091.jpeg?resize=1024%2C576&amp;ssl=1 1024w, https:\/\/i0.wp.com\/zeromagazine.mx\/wp-content\/uploads\/2025\/07\/IMG_5091.jpeg?resize=768%2C432&amp;ssl=1 768w, https:\/\/i0.wp.com\/zeromagazine.mx\/wp-content\/uploads\/2025\/07\/IMG_5091.jpeg?resize=1536%2C864&amp;ssl=1 1536w\" sizes=\"(max-width: 1165px) 100vw, 1165px\" \/><\/figure>\n\n\n\n<p><strong>SHEIN no quiere borrar su pasado. Quiere transformarlo.<\/strong> Y aunque el camino hacia la sostenibilidad no es perfecto, cada paso cuenta. En un mundo que exige responsabilidad ambiental, SHEIN est\u00e1 demostrando que s\u00ed es posible evolucionar, sin dejar de ser accesible.<\/p>\n\n\n\n<p>\u00bfLa clave? Seguir preguntando, exigiendo y apoyando los cambios reales. Porque s\u00ed, la moda puede \u2014y debe\u2014 ser m\u00e1s consciente.<\/p>","protected":false},"excerpt":{"rendered":"<p>S\u00ed, sabemos que cuando escuchas \u201cSHEIN\u201d probablemente piensas en moda r\u00e1pida, toneladas de ropa barata y un impacto ambiental poco amigable. Pero este 2024, SHEIN quiere que vuelvas a mirar. Su nuevo Informe de Sostenibilidad e Impacto Social deja claro que no est\u00e1n ignorando las cr\u00edticas: est\u00e1n tomando acci\u00f3n. El plan se llama evoluSHEIN y [&hellip;]<\/p>\n","protected":false},"author":4,"featured_media":107007,"comment_status":"open","ping_status":"open","sticky":false,"template":"","format":"standard","meta":{"_jetpack_memberships_contains_paid_content":false,"footnotes":"","jetpack_publicize_message":"","jetpack_publicize_feature_enabled":true,"jetpack_social_post_already_shared":true,"jetpack_social_options":{"image_generator_settings":{"template":"highway","default_image_id":0,"font":"","enabled":false},"version":2}},"categories":[67],"tags":[6141,7955],"class_list":["post-107006","post","type-post","status-publish","format-standard","has-post-thumbnail","hentry","category-moda","tag-shein","tag-sostenibilidad","has-post-title","has-post-date","has-post-category","has-post-tag","has-post-comment","has-post-author",""],"yoast_head":"<!-- This site is optimized with the Yoast SEO plugin v27.4 - https:\/\/yoast.com\/product\/yoast-seo-wordpress\/ -->\n<title>\u00a0SHEIN redefine la moda con su plan de sostenibilidad 2024 - Zero Magazine<\/title>\n<meta name=\"description\" content=\"SHEIN avanza en sostenibilidad con menos pl\u00e1stico, m\u00e1s reciclaje y objetivos clim\u00e1ticos claros. As\u00ed busca transformar su impacto en 2024.\" \/>\n<meta name=\"robots\" content=\"index, follow, max-snippet:-1, max-image-preview:large, max-video-preview:-1\" \/>\n<link rel=\"canonical\" href=\"https:\/\/zeromagazine.mx\/index.php\/2025\/07\/28\/shein-sostenibilidad-impacto-2024\/\" \/>\n<meta property=\"og:locale\" content=\"es_ES\" \/>\n<meta property=\"og:type\" content=\"article\" \/>\n<meta property=\"og:title\" content=\"\u00a0SHEIN redefine la moda con su plan de sostenibilidad 2024 - Zero Magazine\" \/>\n<meta property=\"og:description\" content=\"SHEIN avanza en sostenibilidad con menos pl\u00e1stico, m\u00e1s reciclaje y objetivos clim\u00e1ticos claros. As\u00ed busca transformar su impacto en 2024.\" \/>\n<meta property=\"og:url\" content=\"https:\/\/zeromagazine.mx\/index.php\/2025\/07\/28\/shein-sostenibilidad-impacto-2024\/\" \/>\n<meta property=\"og:site_name\" content=\"Zero Magazine\" \/>\n<meta property=\"article:published_time\" content=\"2025-07-28T19:48:12+00:00\" \/>\n<meta property=\"article:modified_time\" content=\"2025-07-28T19:48:13+00:00\" \/>\n<meta property=\"og:image\" content=\"http:\/\/zeromagazine.mx\/wp-content\/uploads\/2025\/07\/IMG_5085.jpeg\" \/>\n\t<meta property=\"og:image:width\" content=\"2560\" \/>\n\t<meta property=\"og:image:height\" content=\"1919\" \/>\n\t<meta property=\"og:image:type\" content=\"image\/jpeg\" \/>\n<meta name=\"author\" content=\"David Morales\" \/>\n<meta name=\"twitter:card\" content=\"summary_large_image\" \/>\n<meta name=\"twitter:label1\" content=\"Escrito por\" \/>\n\t<meta name=\"twitter:data1\" content=\"David Morales\" \/>\n\t<meta name=\"twitter:label2\" content=\"Tiempo de lectura\" \/>\n\t<meta name=\"twitter:data2\" content=\"4 minutos\" \/>\n<script type=\"application\/ld+json\" class=\"yoast-schema-graph\">{\"@context\":\"https:\\\/\\\/schema.org\",\"@graph\":[{\"@type\":\"Article\",\"@id\":\"https:\\\/\\\/zeromagazine.mx\\\/index.php\\\/2025\\\/07\\\/28\\\/shein-sostenibilidad-impacto-2024\\\/#article\",\"isPartOf\":{\"@id\":\"https:\\\/\\\/zeromagazine.mx\\\/index.php\\\/2025\\\/07\\\/28\\\/shein-sostenibilidad-impacto-2024\\\/\"},\"author\":{\"name\":\"David Morales\",\"@id\":\"https:\\\/\\\/zeromagazine.mx\\\/#\\\/schema\\\/person\\\/9f7f1a17c60ba8e9980e3e6677aabe5a\"},\"headline\":\"\u00a0SHEIN redefine la moda con su plan de sostenibilidad 2024\",\"datePublished\":\"2025-07-28T19:48:12+00:00\",\"dateModified\":\"2025-07-28T19:48:13+00:00\",\"mainEntityOfPage\":{\"@id\":\"https:\\\/\\\/zeromagazine.mx\\\/index.php\\\/2025\\\/07\\\/28\\\/shein-sostenibilidad-impacto-2024\\\/\"},\"wordCount\":546,\"commentCount\":0,\"publisher\":{\"@id\":\"https:\\\/\\\/zeromagazine.mx\\\/#organization\"},\"image\":{\"@id\":\"https:\\\/\\\/zeromagazine.mx\\\/index.php\\\/2025\\\/07\\\/28\\\/shein-sostenibilidad-impacto-2024\\\/#primaryimage\"},\"thumbnailUrl\":\"https:\\\/\\\/i0.wp.com\\\/zeromagazine.mx\\\/wp-content\\\/uploads\\\/2025\\\/07\\\/IMG_5085.jpeg?fit=2560%2C1919&ssl=1\",\"keywords\":[\"Shein\",\"Sostenibilidad\"],\"articleSection\":[\"Moda\"],\"inLanguage\":\"es\",\"potentialAction\":[{\"@type\":\"CommentAction\",\"name\":\"Comment\",\"target\":[\"https:\\\/\\\/zeromagazine.mx\\\/index.php\\\/2025\\\/07\\\/28\\\/shein-sostenibilidad-impacto-2024\\\/#respond\"]}]},{\"@type\":\"WebPage\",\"@id\":\"https:\\\/\\\/zeromagazine.mx\\\/index.php\\\/2025\\\/07\\\/28\\\/shein-sostenibilidad-impacto-2024\\\/\",\"url\":\"https:\\\/\\\/zeromagazine.mx\\\/index.php\\\/2025\\\/07\\\/28\\\/shein-sostenibilidad-impacto-2024\\\/\",\"name\":\"\u00a0SHEIN redefine la moda con su plan de sostenibilidad 2024 - Zero Magazine\",\"isPartOf\":{\"@id\":\"https:\\\/\\\/zeromagazine.mx\\\/#website\"},\"primaryImageOfPage\":{\"@id\":\"https:\\\/\\\/zeromagazine.mx\\\/index.php\\\/2025\\\/07\\\/28\\\/shein-sostenibilidad-impacto-2024\\\/#primaryimage\"},\"image\":{\"@id\":\"https:\\\/\\\/zeromagazine.mx\\\/index.php\\\/2025\\\/07\\\/28\\\/shein-sostenibilidad-impacto-2024\\\/#primaryimage\"},\"thumbnailUrl\":\"https:\\\/\\\/i0.wp.com\\\/zeromagazine.mx\\\/wp-content\\\/uploads\\\/2025\\\/07\\\/IMG_5085.jpeg?fit=2560%2C1919&ssl=1\",\"datePublished\":\"2025-07-28T19:48:12+00:00\",\"dateModified\":\"2025-07-28T19:48:13+00:00\",\"description\":\"SHEIN avanza en sostenibilidad con menos pl\u00e1stico, m\u00e1s reciclaje y objetivos clim\u00e1ticos claros. As\u00ed busca transformar su impacto en 2024.\",\"breadcrumb\":{\"@id\":\"https:\\\/\\\/zeromagazine.mx\\\/index.php\\\/2025\\\/07\\\/28\\\/shein-sostenibilidad-impacto-2024\\\/#breadcrumb\"},\"inLanguage\":\"es\",\"potentialAction\":[{\"@type\":\"ReadAction\",\"target\":[\"https:\\\/\\\/zeromagazine.mx\\\/index.php\\\/2025\\\/07\\\/28\\\/shein-sostenibilidad-impacto-2024\\\/\"]}]},{\"@type\":\"ImageObject\",\"inLanguage\":\"es\",\"@id\":\"https:\\\/\\\/zeromagazine.mx\\\/index.php\\\/2025\\\/07\\\/28\\\/shein-sostenibilidad-impacto-2024\\\/#primaryimage\",\"url\":\"https:\\\/\\\/i0.wp.com\\\/zeromagazine.mx\\\/wp-content\\\/uploads\\\/2025\\\/07\\\/IMG_5085.jpeg?fit=2560%2C1919&ssl=1\",\"contentUrl\":\"https:\\\/\\\/i0.wp.com\\\/zeromagazine.mx\\\/wp-content\\\/uploads\\\/2025\\\/07\\\/IMG_5085.jpeg?fit=2560%2C1919&ssl=1\",\"width\":2560,\"height\":1919},{\"@type\":\"BreadcrumbList\",\"@id\":\"https:\\\/\\\/zeromagazine.mx\\\/index.php\\\/2025\\\/07\\\/28\\\/shein-sostenibilidad-impacto-2024\\\/#breadcrumb\",\"itemListElement\":[{\"@type\":\"ListItem\",\"position\":1,\"name\":\"Portada\",\"item\":\"https:\\\/\\\/zeromagazine.mx\\\/\"},{\"@type\":\"ListItem\",\"position\":2,\"name\":\"\u00a0SHEIN redefine la moda con su plan de sostenibilidad 2024\"}]},{\"@type\":\"WebSite\",\"@id\":\"https:\\\/\\\/zeromagazine.mx\\\/#website\",\"url\":\"https:\\\/\\\/zeromagazine.mx\\\/\",\"name\":\"Zero Magazine\",\"description\":\"\",\"publisher\":{\"@id\":\"https:\\\/\\\/zeromagazine.mx\\\/#organization\"},\"potentialAction\":[{\"@type\":\"SearchAction\",\"target\":{\"@type\":\"EntryPoint\",\"urlTemplate\":\"https:\\\/\\\/zeromagazine.mx\\\/?s={search_term_string}\"},\"query-input\":{\"@type\":\"PropertyValueSpecification\",\"valueRequired\":true,\"valueName\":\"search_term_string\"}}],\"inLanguage\":\"es\"},{\"@type\":\"Organization\",\"@id\":\"https:\\\/\\\/zeromagazine.mx\\\/#organization\",\"name\":\"Zero Magazine\",\"url\":\"https:\\\/\\\/zeromagazine.mx\\\/\",\"logo\":{\"@type\":\"ImageObject\",\"inLanguage\":\"es\",\"@id\":\"https:\\\/\\\/zeromagazine.mx\\\/#\\\/schema\\\/logo\\\/image\\\/\",\"url\":\"https:\\\/\\\/i0.wp.com\\\/zeromagazine.mx\\\/wp-content\\\/uploads\\\/2025\\\/11\\\/1.jpeg?fit=1000%2C1000&ssl=1\",\"contentUrl\":\"https:\\\/\\\/i0.wp.com\\\/zeromagazine.mx\\\/wp-content\\\/uploads\\\/2025\\\/11\\\/1.jpeg?fit=1000%2C1000&ssl=1\",\"width\":1000,\"height\":1000,\"caption\":\"Zero Magazine\"},\"image\":{\"@id\":\"https:\\\/\\\/zeromagazine.mx\\\/#\\\/schema\\\/logo\\\/image\\\/\"},\"sameAs\":[\"https:\\\/\\\/instagram.com\\\/zeromagazinemx\"]},{\"@type\":\"Person\",\"@id\":\"https:\\\/\\\/zeromagazine.mx\\\/#\\\/schema\\\/person\\\/9f7f1a17c60ba8e9980e3e6677aabe5a\",\"name\":\"David Morales\",\"image\":{\"@type\":\"ImageObject\",\"inLanguage\":\"es\",\"@id\":\"https:\\\/\\\/zeromagazine.mx\\\/wp-content\\\/litespeed\\\/avatar\\\/76069d2136bfc1c37dc34815bb67ca42.jpg?ver=1776966186\",\"url\":\"https:\\\/\\\/zeromagazine.mx\\\/wp-content\\\/litespeed\\\/avatar\\\/76069d2136bfc1c37dc34815bb67ca42.jpg?ver=1776966186\",\"contentUrl\":\"https:\\\/\\\/zeromagazine.mx\\\/wp-content\\\/litespeed\\\/avatar\\\/76069d2136bfc1c37dc34815bb67ca42.jpg?ver=1776966186\",\"caption\":\"David Morales\"},\"url\":\"https:\\\/\\\/zeromagazine.mx\\\/index.php\\\/author\\\/david\\\/\"}]}<\/script>\n<!-- \/ Yoast SEO plugin. -->","yoast_head_json":{"title":"\u00a0SHEIN redefine la moda con su plan de sostenibilidad 2024 - Zero Magazine","description":"SHEIN avanza en sostenibilidad con menos pl\u00e1stico, m\u00e1s reciclaje y objetivos clim\u00e1ticos claros. As\u00ed busca transformar su impacto en 2024.","robots":{"index":"index","follow":"follow","max-snippet":"max-snippet:-1","max-image-preview":"max-image-preview:large","max-video-preview":"max-video-preview:-1"},"canonical":"https:\/\/zeromagazine.mx\/index.php\/2025\/07\/28\/shein-sostenibilidad-impacto-2024\/","og_locale":"es_ES","og_type":"article","og_title":"\u00a0SHEIN redefine la moda con su plan de sostenibilidad 2024 - Zero Magazine","og_description":"SHEIN avanza en sostenibilidad con menos pl\u00e1stico, m\u00e1s reciclaje y objetivos clim\u00e1ticos claros. As\u00ed busca transformar su impacto en 2024.","og_url":"https:\/\/zeromagazine.mx\/index.php\/2025\/07\/28\/shein-sostenibilidad-impacto-2024\/","og_site_name":"Zero Magazine","article_published_time":"2025-07-28T19:48:12+00:00","article_modified_time":"2025-07-28T19:48:13+00:00","og_image":[{"width":2560,"height":1919,"url":"http:\/\/zeromagazine.mx\/wp-content\/uploads\/2025\/07\/IMG_5085.jpeg","type":"image\/jpeg"}],"author":"David Morales","twitter_card":"summary_large_image","twitter_misc":{"Escrito por":"David Morales","Tiempo de lectura":"4 minutos"},"schema":{"@context":"https:\/\/schema.org","@graph":[{"@type":"Article","@id":"https:\/\/zeromagazine.mx\/index.php\/2025\/07\/28\/shein-sostenibilidad-impacto-2024\/#article","isPartOf":{"@id":"https:\/\/zeromagazine.mx\/index.php\/2025\/07\/28\/shein-sostenibilidad-impacto-2024\/"},"author":{"name":"David Morales","@id":"https:\/\/zeromagazine.mx\/#\/schema\/person\/9f7f1a17c60ba8e9980e3e6677aabe5a"},"headline":"\u00a0SHEIN redefine la moda con su plan de sostenibilidad 2024","datePublished":"2025-07-28T19:48:12+00:00","dateModified":"2025-07-28T19:48:13+00:00","mainEntityOfPage":{"@id":"https:\/\/zeromagazine.mx\/index.php\/2025\/07\/28\/shein-sostenibilidad-impacto-2024\/"},"wordCount":546,"commentCount":0,"publisher":{"@id":"https:\/\/zeromagazine.mx\/#organization"},"image":{"@id":"https:\/\/zeromagazine.mx\/index.php\/2025\/07\/28\/shein-sostenibilidad-impacto-2024\/#primaryimage"},"thumbnailUrl":"https:\/\/i0.wp.com\/zeromagazine.mx\/wp-content\/uploads\/2025\/07\/IMG_5085.jpeg?fit=2560%2C1919&ssl=1","keywords":["Shein","Sostenibilidad"],"articleSection":["Moda"],"inLanguage":"es","potentialAction":[{"@type":"CommentAction","name":"Comment","target":["https:\/\/zeromagazine.mx\/index.php\/2025\/07\/28\/shein-sostenibilidad-impacto-2024\/#respond"]}]},{"@type":"WebPage","@id":"https:\/\/zeromagazine.mx\/index.php\/2025\/07\/28\/shein-sostenibilidad-impacto-2024\/","url":"https:\/\/zeromagazine.mx\/index.php\/2025\/07\/28\/shein-sostenibilidad-impacto-2024\/","name":"\u00a0SHEIN redefine la moda con su plan de sostenibilidad 2024 - Zero Magazine","isPartOf":{"@id":"https:\/\/zeromagazine.mx\/#website"},"primaryImageOfPage":{"@id":"https:\/\/zeromagazine.mx\/index.php\/2025\/07\/28\/shein-sostenibilidad-impacto-2024\/#primaryimage"},"image":{"@id":"https:\/\/zeromagazine.mx\/index.php\/2025\/07\/28\/shein-sostenibilidad-impacto-2024\/#primaryimage"},"thumbnailUrl":"https:\/\/i0.wp.com\/zeromagazine.mx\/wp-content\/uploads\/2025\/07\/IMG_5085.jpeg?fit=2560%2C1919&ssl=1","datePublished":"2025-07-28T19:48:12+00:00","dateModified":"2025-07-28T19:48:13+00:00","description":"SHEIN avanza en sostenibilidad con menos pl\u00e1stico, m\u00e1s reciclaje y objetivos clim\u00e1ticos claros. As\u00ed busca transformar su impacto en 2024.","breadcrumb":{"@id":"https:\/\/zeromagazine.mx\/index.php\/2025\/07\/28\/shein-sostenibilidad-impacto-2024\/#breadcrumb"},"inLanguage":"es","potentialAction":[{"@type":"ReadAction","target":["https:\/\/zeromagazine.mx\/index.php\/2025\/07\/28\/shein-sostenibilidad-impacto-2024\/"]}]},{"@type":"ImageObject","inLanguage":"es","@id":"https:\/\/zeromagazine.mx\/index.php\/2025\/07\/28\/shein-sostenibilidad-impacto-2024\/#primaryimage","url":"https:\/\/i0.wp.com\/zeromagazine.mx\/wp-content\/uploads\/2025\/07\/IMG_5085.jpeg?fit=2560%2C1919&ssl=1","contentUrl":"https:\/\/i0.wp.com\/zeromagazine.mx\/wp-content\/uploads\/2025\/07\/IMG_5085.jpeg?fit=2560%2C1919&ssl=1","width":2560,"height":1919},{"@type":"BreadcrumbList","@id":"https:\/\/zeromagazine.mx\/index.php\/2025\/07\/28\/shein-sostenibilidad-impacto-2024\/#breadcrumb","itemListElement":[{"@type":"ListItem","position":1,"name":"Portada","item":"https:\/\/zeromagazine.mx\/"},{"@type":"ListItem","position":2,"name":"\u00a0SHEIN redefine la moda con su plan de sostenibilidad 2024"}]},{"@type":"WebSite","@id":"https:\/\/zeromagazine.mx\/#website","url":"https:\/\/zeromagazine.mx\/","name":"Zero Magazine","description":"","publisher":{"@id":"https:\/\/zeromagazine.mx\/#organization"},"potentialAction":[{"@type":"SearchAction","target":{"@type":"EntryPoint","urlTemplate":"https:\/\/zeromagazine.mx\/?s={search_term_string}"},"query-input":{"@type":"PropertyValueSpecification","valueRequired":true,"valueName":"search_term_string"}}],"inLanguage":"es"},{"@type":"Organization","@id":"https:\/\/zeromagazine.mx\/#organization","name":"Zero Magazine","url":"https:\/\/zeromagazine.mx\/","logo":{"@type":"ImageObject","inLanguage":"es","@id":"https:\/\/zeromagazine.mx\/#\/schema\/logo\/image\/","url":"https:\/\/i0.wp.com\/zeromagazine.mx\/wp-content\/uploads\/2025\/11\/1.jpeg?fit=1000%2C1000&ssl=1","contentUrl":"https:\/\/i0.wp.com\/zeromagazine.mx\/wp-content\/uploads\/2025\/11\/1.jpeg?fit=1000%2C1000&ssl=1","width":1000,"height":1000,"caption":"Zero Magazine"},"image":{"@id":"https:\/\/zeromagazine.mx\/#\/schema\/logo\/image\/"},"sameAs":["https:\/\/instagram.com\/zeromagazinemx"]},{"@type":"Person","@id":"https:\/\/zeromagazine.mx\/#\/schema\/person\/9f7f1a17c60ba8e9980e3e6677aabe5a","name":"David Morales","image":{"@type":"ImageObject","inLanguage":"es","@id":"https:\/\/zeromagazine.mx\/wp-content\/litespeed\/avatar\/76069d2136bfc1c37dc34815bb67ca42.jpg?ver=1776966186","url":"https:\/\/zeromagazine.mx\/wp-content\/litespeed\/avatar\/76069d2136bfc1c37dc34815bb67ca42.jpg?ver=1776966186","contentUrl":"https:\/\/zeromagazine.mx\/wp-content\/litespeed\/avatar\/76069d2136bfc1c37dc34815bb67ca42.jpg?ver=1776966186","caption":"David Morales"},"url":"https:\/\/zeromagazine.mx\/index.php\/author\/david\/"}]}},"jetpack_publicize_connections":[],"jetpack_featured_media_url":"https:\/\/i0.wp.com\/zeromagazine.mx\/wp-content\/uploads\/2025\/07\/IMG_5085.jpeg?fit=2560%2C1919&ssl=1","jetpack-related-posts":[{"id":83239,"url":"https:\/\/zeromagazine.mx\/index.php\/2024\/09\/05\/evolushein-x-anitta-fashion-revolution\/","url_meta":{"origin":107006,"position":0},"title":"evoluSHEIN X Anitta: \u00a1Fashion Revolution!","author":"zeromagazinemx","date":"5 de septiembre de 2024","format":false,"excerpt":"\u00a1Hello, fashionistas! Prep\u00e1rense porque SHEIN y Anitta acaban de lanzar una colecci\u00f3n que va a hacer que nuestro closet explote de emoci\u00f3n. Estamos hablando de evoluSHEIN X Anitta, y obvi, aqu\u00ed les contaremos todo sobre esta collab que est\u00e1 rompiendo el internet. \u00bfQu\u00e9 es evoluSHEIN X Anitta? Amig@s, esto no\u2026","rel":"","context":"En \u00abModa\u00bb","block_context":{"text":"Moda","link":"https:\/\/zeromagazine.mx\/index.php\/category\/moda\/"},"img":{"alt_text":"","src":"https:\/\/i0.wp.com\/zeromagazine.mx\/wp-content\/uploads\/2024\/09\/PS2024080914678_8-scaled.jpg?fit=1200%2C801&ssl=1&resize=350%2C200","width":350,"height":200,"srcset":"https:\/\/i0.wp.com\/zeromagazine.mx\/wp-content\/uploads\/2024\/09\/PS2024080914678_8-scaled.jpg?fit=1200%2C801&ssl=1&resize=350%2C200 1x, https:\/\/i0.wp.com\/zeromagazine.mx\/wp-content\/uploads\/2024\/09\/PS2024080914678_8-scaled.jpg?fit=1200%2C801&ssl=1&resize=525%2C300 1.5x, https:\/\/i0.wp.com\/zeromagazine.mx\/wp-content\/uploads\/2024\/09\/PS2024080914678_8-scaled.jpg?fit=1200%2C801&ssl=1&resize=700%2C400 2x, https:\/\/i0.wp.com\/zeromagazine.mx\/wp-content\/uploads\/2024\/09\/PS2024080914678_8-scaled.jpg?fit=1200%2C801&ssl=1&resize=1050%2C600 3x"},"classes":[]},{"id":92201,"url":"https:\/\/zeromagazine.mx\/index.php\/2024\/12\/03\/shein-pop-up-moda-navidena\/","url_meta":{"origin":107006,"position":1},"title":"\u00abSHEIN Pop-Up: Moda Navide\u00f1a\u00bb","author":"zeromagazinemx","date":"3 de diciembre de 2024","format":false,"excerpt":"Hey, amigx fashionista, si eres de los que ama combinar vibes navide\u00f1as, moda top y un poquito de conciencia eco-friendly, SHEIN tiene justo lo que necesitas. \u00bfYa escuchaste?\u00a0Monterrey\u00a0ser\u00e1 el spot para la tercera y \u00faltima\u00a0Pop-Up Store\u00a0de SHEIN este a\u00f1o. As\u00ed que saca el calendario y marca del\u00a012 al 15 de\u2026","rel":"","context":"En \u00abModa\u00bb","block_context":{"text":"Moda","link":"https:\/\/zeromagazine.mx\/index.php\/category\/moda\/"},"img":{"alt_text":"","src":"https:\/\/i0.wp.com\/zeromagazine.mx\/wp-content\/uploads\/2024\/12\/SHEIN-Pop-Up-store-MTY.jpeg?fit=904%2C903&ssl=1&resize=350%2C200","width":350,"height":200,"srcset":"https:\/\/i0.wp.com\/zeromagazine.mx\/wp-content\/uploads\/2024\/12\/SHEIN-Pop-Up-store-MTY.jpeg?fit=904%2C903&ssl=1&resize=350%2C200 1x, https:\/\/i0.wp.com\/zeromagazine.mx\/wp-content\/uploads\/2024\/12\/SHEIN-Pop-Up-store-MTY.jpeg?fit=904%2C903&ssl=1&resize=525%2C300 1.5x, https:\/\/i0.wp.com\/zeromagazine.mx\/wp-content\/uploads\/2024\/12\/SHEIN-Pop-Up-store-MTY.jpeg?fit=904%2C903&ssl=1&resize=700%2C400 2x"},"classes":[]},{"id":107353,"url":"https:\/\/zeromagazine.mx\/index.php\/2025\/08\/19\/shein-fashion-tour-cdmx-2025\/","url_meta":{"origin":107006,"position":2},"title":"SHEIN Fashion Tour CDMX 2025","author":"David Morales","date":"19 de agosto de 2025","format":false,"excerpt":"La moda no se vive, se experimenta. Y ahora SHEIN quiere llevarnos mucho m\u00e1s all\u00e1 del scroll infinito en su app: este 22, 23 y 24 de agosto, llega a la Ciudad de M\u00e9xico el primer SHEIN Fashion Tour, una experiencia inmersiva que promete convertirse en the place to be\u2026","rel":"","context":"En \u00abModa\u00bb","block_context":{"text":"Moda","link":"https:\/\/zeromagazine.mx\/index.php\/category\/moda\/"},"img":{"alt_text":"","src":"https:\/\/i0.wp.com\/zeromagazine.mx\/wp-content\/uploads\/2025\/08\/shein-fashion-tour.jpg?fit=960%2C1200&ssl=1&resize=350%2C200","width":350,"height":200,"srcset":"https:\/\/i0.wp.com\/zeromagazine.mx\/wp-content\/uploads\/2025\/08\/shein-fashion-tour.jpg?fit=960%2C1200&ssl=1&resize=350%2C200 1x, https:\/\/i0.wp.com\/zeromagazine.mx\/wp-content\/uploads\/2025\/08\/shein-fashion-tour.jpg?fit=960%2C1200&ssl=1&resize=525%2C300 1.5x, https:\/\/i0.wp.com\/zeromagazine.mx\/wp-content\/uploads\/2025\/08\/shein-fashion-tour.jpg?fit=960%2C1200&ssl=1&resize=700%2C400 2x"},"classes":[]},{"id":70254,"url":"https:\/\/zeromagazine.mx\/index.php\/2024\/01\/08\/70254\/","url_meta":{"origin":107006,"position":3},"title":"\u00a1Moda Renovada: SHEIN y el Ciclo Transformador!","author":"David Morales","date":"8 de enero de 2024","format":false,"excerpt":"\u00bfQui\u00e9n m\u00e1s est\u00e1 buscando darle una nueva vida a su ropa? SHEIN nos est\u00e1 llevando al siguiente nivel con su campa\u00f1a The Next Cycle y es algo que no podemos ignorar. La moda es genial, pero cuando se une con un prop\u00f3sito m\u00e1s grande, \u00a1eso s\u00ed que es incre\u00edble! Primero\u2026","rel":"","context":"En \u00abLifestyle\u00bb","block_context":{"text":"Lifestyle","link":"https:\/\/zeromagazine.mx\/index.php\/category\/lifestyle\/"},"img":{"alt_text":"","src":"https:\/\/i0.wp.com\/zeromagazine.mx\/wp-content\/uploads\/2024\/01\/A5A8057-scaled.jpg?fit=800%2C1200&ssl=1&resize=350%2C200","width":350,"height":200,"srcset":"https:\/\/i0.wp.com\/zeromagazine.mx\/wp-content\/uploads\/2024\/01\/A5A8057-scaled.jpg?fit=800%2C1200&ssl=1&resize=350%2C200 1x, https:\/\/i0.wp.com\/zeromagazine.mx\/wp-content\/uploads\/2024\/01\/A5A8057-scaled.jpg?fit=800%2C1200&ssl=1&resize=525%2C300 1.5x, https:\/\/i0.wp.com\/zeromagazine.mx\/wp-content\/uploads\/2024\/01\/A5A8057-scaled.jpg?fit=800%2C1200&ssl=1&resize=700%2C400 2x"},"classes":[]},{"id":112119,"url":"https:\/\/zeromagazine.mx\/index.php\/2025\/12\/24\/pop-up-store-shein-cdmx-2025\/","url_meta":{"origin":107006,"position":4},"title":"Pop Up Store SHEIN CDMX llega","author":"zeromagazinemx","date":"24 de diciembre de 2025","format":false,"excerpt":"Hay eventos que no solo se visitan, se viven. Y este diciembre, la Pop Up Store SHEIN CDMX se convierte en ese plan obligatorio antes de cerrar el a\u00f1o. Moda, selfies, descuentos, vibes y esa sensaci\u00f3n de estar justo donde todo est\u00e1 pasando. SHEIN trae a la ciudad una experiencia\u2026","rel":"","context":"En \u00abModa\u00bb","block_context":{"text":"Moda","link":"https:\/\/zeromagazine.mx\/index.php\/category\/moda\/"},"img":{"alt_text":"","src":"https:\/\/i0.wp.com\/zeromagazine.mx\/wp-content\/uploads\/2025\/12\/1000045871-scaled.jpg?fit=1200%2C800&ssl=1&resize=350%2C200","width":350,"height":200,"srcset":"https:\/\/i0.wp.com\/zeromagazine.mx\/wp-content\/uploads\/2025\/12\/1000045871-scaled.jpg?fit=1200%2C800&ssl=1&resize=350%2C200 1x, https:\/\/i0.wp.com\/zeromagazine.mx\/wp-content\/uploads\/2025\/12\/1000045871-scaled.jpg?fit=1200%2C800&ssl=1&resize=525%2C300 1.5x, https:\/\/i0.wp.com\/zeromagazine.mx\/wp-content\/uploads\/2025\/12\/1000045871-scaled.jpg?fit=1200%2C800&ssl=1&resize=700%2C400 2x, https:\/\/i0.wp.com\/zeromagazine.mx\/wp-content\/uploads\/2025\/12\/1000045871-scaled.jpg?fit=1200%2C800&ssl=1&resize=1050%2C600 3x"},"classes":[]},{"id":109675,"url":"https:\/\/zeromagazine.mx\/index.php\/2025\/10\/22\/moda-circular-shein-the-next-cycle\/","url_meta":{"origin":107006,"position":5},"title":"Moda circular: el futuro del estilo","author":"Luis Trujano","date":"22 de octubre de 2025","format":false,"excerpt":"La moda ya no solo se trata de verse bien, sino de hacerlo con conciencia. En un mundo donde la ropa r\u00e1pida domina, la moda circular llega como ese recordatorio de que el estilo tambi\u00e9n puede cuidar el planeta. Y s\u00ed, SHEIN \u2014una de las marcas m\u00e1s grandes del mundo\u2014\u2026","rel":"","context":"En \u00abModa\u00bb","block_context":{"text":"Moda","link":"https:\/\/zeromagazine.mx\/index.php\/category\/moda\/"},"img":{"alt_text":"","src":"https:\/\/i0.wp.com\/zeromagazine.mx\/wp-content\/uploads\/2025\/10\/IMG_5701.png?fit=657%2C493&ssl=1&resize=350%2C200","width":350,"height":200,"srcset":"https:\/\/i0.wp.com\/zeromagazine.mx\/wp-content\/uploads\/2025\/10\/IMG_5701.png?fit=657%2C493&ssl=1&resize=350%2C200 1x, https:\/\/i0.wp.com\/zeromagazine.mx\/wp-content\/uploads\/2025\/10\/IMG_5701.png?fit=657%2C493&ssl=1&resize=525%2C300 1.5x"},"classes":[]}],"jetpack_sharing_enabled":true,"builder_content":"","_links":{"self":[{"href":"https:\/\/zeromagazine.mx\/index.php\/wp-json\/wp\/v2\/posts\/107006","targetHints":{"allow":["GET"]}}],"collection":[{"href":"https:\/\/zeromagazine.mx\/index.php\/wp-json\/wp\/v2\/posts"}],"about":[{"href":"https:\/\/zeromagazine.mx\/index.php\/wp-json\/wp\/v2\/types\/post"}],"author":[{"embeddable":true,"href":"https:\/\/zeromagazine.mx\/index.php\/wp-json\/wp\/v2\/users\/4"}],"replies":[{"embeddable":true,"href":"https:\/\/zeromagazine.mx\/index.php\/wp-json\/wp\/v2\/comments?post=107006"}],"version-history":[{"count":1,"href":"https:\/\/zeromagazine.mx\/index.php\/wp-json\/wp\/v2\/posts\/107006\/revisions"}],"predecessor-version":[{"id":107011,"href":"https:\/\/zeromagazine.mx\/index.php\/wp-json\/wp\/v2\/posts\/107006\/revisions\/107011"}],"wp:featuredmedia":[{"embeddable":true,"href":"https:\/\/zeromagazine.mx\/index.php\/wp-json\/wp\/v2\/media\/107007"}],"wp:attachment":[{"href":"https:\/\/zeromagazine.mx\/index.php\/wp-json\/wp\/v2\/media?parent=107006"}],"wp:term":[{"taxonomy":"category","embeddable":true,"href":"https:\/\/zeromagazine.mx\/index.php\/wp-json\/wp\/v2\/categories?post=107006"},{"taxonomy":"post_tag","embeddable":true,"href":"https:\/\/zeromagazine.mx\/index.php\/wp-json\/wp\/v2\/tags?post=107006"}],"curies":[{"name":"wp","href":"https:\/\/api.w.org\/{rel}","templated":true}]}}