{"id":107316,"date":"2025-08-13T15:26:17","date_gmt":"2025-08-13T21:26:17","guid":{"rendered":"https:\/\/zeromagazine.mx\/?p=107316"},"modified":"2025-08-13T15:26:19","modified_gmt":"2025-08-13T21:26:19","slug":"shein-priscila-jimena-colaboracion","status":"publish","type":"post","link":"https:\/\/zeromagazine.mx\/index.php\/2025\/08\/13\/shein-priscila-jimena-colaboracion\/","title":{"rendered":"SHEIN x Priscila &amp; Jimena: la moda sin filtro"},"content":{"rendered":"<p class=\"p1\">La moda se vive distinto cuando se comparte entre amigas que no tienen miedo a experimentar. Y eso es justo lo que propone SHEIN x Priscila &amp; Jimena, la colaboraci\u00f3n m\u00e1s fresca del verano que une a dos creadoras con universos tan opuestos como complementarios: Priscila Escoto y Jimena Jim\u00e9nez.<\/p>\n\n\n\n<figure class=\"wp-block-image size-full\"><img data-recalc-dims=\"1\" decoding=\"async\" width=\"1165\" height=\"776\" src=\"https:\/\/i0.wp.com\/zeromagazine.mx\/wp-content\/uploads\/2025\/08\/photo-21.jpg?resize=1165%2C776&#038;ssl=1\" alt=\"\" class=\"wp-image-107311\" srcset=\"https:\/\/i0.wp.com\/zeromagazine.mx\/wp-content\/uploads\/2025\/08\/photo-21.jpg?w=2000&amp;ssl=1 2000w, https:\/\/i0.wp.com\/zeromagazine.mx\/wp-content\/uploads\/2025\/08\/photo-21.jpg?resize=300%2C200&amp;ssl=1 300w, https:\/\/i0.wp.com\/zeromagazine.mx\/wp-content\/uploads\/2025\/08\/photo-21.jpg?resize=1024%2C682&amp;ssl=1 1024w, https:\/\/i0.wp.com\/zeromagazine.mx\/wp-content\/uploads\/2025\/08\/photo-21.jpg?resize=768%2C512&amp;ssl=1 768w, https:\/\/i0.wp.com\/zeromagazine.mx\/wp-content\/uploads\/2025\/08\/photo-21.jpg?resize=1536%2C1024&amp;ssl=1 1536w\" sizes=\"(max-width: 1165px) 100vw, 1165px\" \/><\/figure>\n\n\n\n<p class=\"p1\">En esta colecci\u00f3n, las reglas se dejan en la puerta. Ellas mezclan texturas, cortes y actitudes para demostrar que vestirse no es seguir un manual, sino un juego de identidad y autenticidad. El resultado es una l\u00ednea que se siente como abrir el cl\u00f3set de tu mejor amiga\u2026 y descubrir que todo te queda incre\u00edble.<\/p>\n\n\n\n<p class=\"p1\">Para Priscila, la moda es poder personal. \u201cEleg\u00ed piezas que realmente usar\u00eda en mi d\u00eda a d\u00eda. Que me hagan sentir poderosa, femenina y c\u00f3moda. MOTF y ANEWSTA te dan opciones para jugar con tu estilo, elevarlo y, sobre todo, disfrutarlo. Te vistes para ti, para sentirte segura, guapa y capaz\u201d, comparte.<\/p>\n\n\n\n<figure class=\"wp-block-image size-full\"><img data-recalc-dims=\"1\" decoding=\"async\" width=\"1165\" height=\"1748\" src=\"https:\/\/i0.wp.com\/zeromagazine.mx\/wp-content\/uploads\/2025\/08\/photo-16.jpg?resize=1165%2C1748&#038;ssl=1\" alt=\"\" class=\"wp-image-107312\" srcset=\"https:\/\/i0.wp.com\/zeromagazine.mx\/wp-content\/uploads\/2025\/08\/photo-16.jpg?w=1333&amp;ssl=1 1333w, https:\/\/i0.wp.com\/zeromagazine.mx\/wp-content\/uploads\/2025\/08\/photo-16.jpg?resize=200%2C300&amp;ssl=1 200w, https:\/\/i0.wp.com\/zeromagazine.mx\/wp-content\/uploads\/2025\/08\/photo-16.jpg?resize=682%2C1024&amp;ssl=1 682w, https:\/\/i0.wp.com\/zeromagazine.mx\/wp-content\/uploads\/2025\/08\/photo-16.jpg?resize=768%2C1152&amp;ssl=1 768w, https:\/\/i0.wp.com\/zeromagazine.mx\/wp-content\/uploads\/2025\/08\/photo-16.jpg?resize=1024%2C1536&amp;ssl=1 1024w\" sizes=\"(max-width: 1165px) 100vw, 1165px\" \/><\/figure>\n\n\n\n<p class=\"p1\">MOTF es elegancia relajada en estado puro: telas que caen como si estuvieran hechas para ti, cortes atemporales y la versatilidad de pasar de la oficina a la cena sin perder un \u00e1pice de estilo.<\/p>\n\n\n\n<p class=\"p1\">ANEWSTA, en cambio, es romanticismo con estructura: prendas que piden foto, que hablan por s\u00ed mismas y que te convierten en el centro de la conversaci\u00f3n sin que lo intentes.<\/p>\n\n\n\n<p class=\"p1\">Para Jimena, el estilo es un laboratorio personal. Ella se ali\u00f3 con Dazy y Romwe para llevar su est\u00e9tica a otro nivel. \u201cAgregar cosas con las que me siento yo misma, como accesorios, o combinar distintos estilos para sentirme c\u00f3moda hizo que mis outfits se vieran completos y sobre todo, que gritaran mi nombre\u201d, confiesa.<\/p>\n\n\n\n<figure class=\"wp-block-image size-full\"><img data-recalc-dims=\"1\" decoding=\"async\" width=\"1165\" height=\"1748\" src=\"https:\/\/i0.wp.com\/zeromagazine.mx\/wp-content\/uploads\/2025\/08\/photo-2.jpg?resize=1165%2C1748&#038;ssl=1\" alt=\"\" class=\"wp-image-107313\" srcset=\"https:\/\/i0.wp.com\/zeromagazine.mx\/wp-content\/uploads\/2025\/08\/photo-2.jpg?w=1333&amp;ssl=1 1333w, https:\/\/i0.wp.com\/zeromagazine.mx\/wp-content\/uploads\/2025\/08\/photo-2.jpg?resize=200%2C300&amp;ssl=1 200w, https:\/\/i0.wp.com\/zeromagazine.mx\/wp-content\/uploads\/2025\/08\/photo-2.jpg?resize=682%2C1024&amp;ssl=1 682w, https:\/\/i0.wp.com\/zeromagazine.mx\/wp-content\/uploads\/2025\/08\/photo-2.jpg?resize=768%2C1152&amp;ssl=1 768w, https:\/\/i0.wp.com\/zeromagazine.mx\/wp-content\/uploads\/2025\/08\/photo-2.jpg?resize=1024%2C1536&amp;ssl=1 1024w\" sizes=\"(max-width: 1165px) 100vw, 1165px\" \/><\/figure>\n\n\n\n<p class=\"p1\">Dazy es energ\u00eda juvenil a todo color: siluetas oversized, capas inesperadas y combinaciones que animan cualquier d\u00eda. Perfecta para quienes usan la moda como su patio de juegos.<\/p>\n\n\n\n<p class=\"p1\">Romwe, por su parte, es el lado m\u00e1s rebelde del cl\u00f3set: prints arriesgados, cortes poco convencionales y opciones infinitas para romper reglas sin pedir permiso.<\/p>\n\n\n\n<p class=\"p1\">Adem\u00e1s, esta colecci\u00f3n de SHEIN x Priscila &amp; Jimena no solo te invita a reinventarte, sino a hacerlo en compa\u00f1\u00eda. Porque nada se disfruta m\u00e1s que armar looks con tu mejor amiga, intercambiar prendas y terminar usando algo que nunca imaginaste\u2026 pero que ahora no quieres soltar.<\/p>\n\n\n\n<figure class=\"wp-block-image size-full\"><img data-recalc-dims=\"1\" decoding=\"async\" width=\"1165\" height=\"1748\" src=\"https:\/\/i0.wp.com\/zeromagazine.mx\/wp-content\/uploads\/2025\/08\/photo-50.jpg?resize=1165%2C1748&#038;ssl=1\" alt=\"\" class=\"wp-image-107314\" srcset=\"https:\/\/i0.wp.com\/zeromagazine.mx\/wp-content\/uploads\/2025\/08\/photo-50.jpg?w=1333&amp;ssl=1 1333w, https:\/\/i0.wp.com\/zeromagazine.mx\/wp-content\/uploads\/2025\/08\/photo-50.jpg?resize=200%2C300&amp;ssl=1 200w, https:\/\/i0.wp.com\/zeromagazine.mx\/wp-content\/uploads\/2025\/08\/photo-50.jpg?resize=682%2C1024&amp;ssl=1 682w, https:\/\/i0.wp.com\/zeromagazine.mx\/wp-content\/uploads\/2025\/08\/photo-50.jpg?resize=768%2C1152&amp;ssl=1 768w, https:\/\/i0.wp.com\/zeromagazine.mx\/wp-content\/uploads\/2025\/08\/photo-50.jpg?resize=1024%2C1536&amp;ssl=1 1024w\" sizes=\"(max-width: 1165px) 100vw, 1165px\" \/><\/figure>\n\n\n\n<p class=\"p1\">Para entrar en mood, abre la app de SHEIN y busca MOTF, Dazy, Anewsta o Romwe. Encontrar\u00e1s cientos de productos nuevos para crear combinaciones tan \u00fanicas como tu personalidad. Y s\u00ed, hay regalo: con el cup\u00f3n BFFestilo tienes 15% de descuento en las cuatro tiendas.<\/p>\n\n\n\n<p class=\"p1\">En resumen, SHEIN x Priscila &amp; Jimena es m\u00e1s que ropa: es un manifiesto para vestirse con confianza, sin miedo y sin etiquetas. Una invitaci\u00f3n a romper con lo predecible, a mezclar mundos y a entender que el estilo es una conversaci\u00f3n infinita\u2026 y mejor si es con tu BFF.<\/p>\n\n<!--themify_builder_content-->\n<div id=\"themify_builder_content-107316\" data-postid=\"107316\" class=\"themify_builder_content themify_builder_content-107316 themify_builder tf_clear\">\n    <\/div>\n<!--\/themify_builder_content-->","protected":false},"excerpt":{"rendered":"<p>La moda se vive distinto cuando se comparte entre amigas que no tienen miedo a experimentar. Y eso es justo lo que propone SHEIN x Priscila &amp; Jimena, la colaboraci\u00f3n m\u00e1s fresca del verano que une a dos creadoras con universos tan opuestos como complementarios: Priscila Escoto y Jimena Jim\u00e9nez. En esta colecci\u00f3n, las reglas [&hellip;]<\/p>\n","protected":false},"author":4,"featured_media":107315,"comment_status":"open","ping_status":"open","sticky":false,"template":"","format":"standard","meta":{"_jetpack_memberships_contains_paid_content":false,"footnotes":"","jetpack_publicize_message":"","jetpack_publicize_feature_enabled":true,"jetpack_social_post_already_shared":true,"jetpack_social_options":{"image_generator_settings":{"template":"highway","default_image_id":0,"font":"","enabled":false},"version":2}},"categories":[67],"tags":[],"class_list":["post-107316","post","type-post","status-publish","format-standard","has-post-thumbnail","hentry","category-moda","has-post-title","has-post-date","has-post-category","has-post-tag","has-post-comment","has-post-author",""],"yoast_head":"<!-- This site is optimized with the Yoast SEO plugin v27.5 - https:\/\/yoast.com\/product\/yoast-seo-wordpress\/ -->\n<title>SHEIN x Priscila &amp; Jimena: la moda sin filtro - Zero Magazine<\/title>\n<meta name=\"description\" content=\"SHEIN x Priscila &amp; Jimena celebra la moda sin reglas con piezas \u00fanicas de MOTF, ANEWSTA, Dazy y Romwe con hasta 15% Off\" \/>\n<meta name=\"robots\" content=\"index, follow, max-snippet:-1, max-image-preview:large, max-video-preview:-1\" \/>\n<link rel=\"canonical\" href=\"https:\/\/zeromagazine.mx\/index.php\/2025\/08\/13\/shein-priscila-jimena-colaboracion\/\" \/>\n<meta property=\"og:locale\" content=\"es_ES\" \/>\n<meta property=\"og:type\" content=\"article\" \/>\n<meta property=\"og:title\" content=\"SHEIN x Priscila &amp; Jimena: la moda sin filtro - Zero Magazine\" \/>\n<meta property=\"og:description\" content=\"SHEIN x Priscila &amp; Jimena celebra la moda sin reglas con piezas \u00fanicas de MOTF, ANEWSTA, Dazy y Romwe con hasta 15% Off\" \/>\n<meta property=\"og:url\" content=\"https:\/\/zeromagazine.mx\/index.php\/2025\/08\/13\/shein-priscila-jimena-colaboracion\/\" \/>\n<meta property=\"og:site_name\" content=\"Zero Magazine\" \/>\n<meta property=\"article:published_time\" content=\"2025-08-13T21:26:17+00:00\" \/>\n<meta property=\"article:modified_time\" content=\"2025-08-13T21:26:19+00:00\" \/>\n<meta property=\"og:image\" content=\"http:\/\/zeromagazine.mx\/wp-content\/uploads\/2025\/08\/photo-21-1.jpg\" \/>\n\t<meta property=\"og:image:width\" content=\"2000\" \/>\n\t<meta property=\"og:image:height\" content=\"1333\" \/>\n\t<meta property=\"og:image:type\" content=\"image\/jpeg\" \/>\n<meta name=\"author\" content=\"David Morales\" \/>\n<meta name=\"twitter:card\" content=\"summary_large_image\" \/>\n<meta name=\"twitter:label1\" content=\"Escrito por\" \/>\n\t<meta name=\"twitter:data1\" content=\"David Morales\" \/>\n\t<meta name=\"twitter:label2\" content=\"Tiempo de lectura\" \/>\n\t<meta name=\"twitter:data2\" content=\"4 minutos\" \/>\n<script type=\"application\/ld+json\" class=\"yoast-schema-graph\">{\"@context\":\"https:\\\/\\\/schema.org\",\"@graph\":[{\"@type\":\"Article\",\"@id\":\"https:\\\/\\\/zeromagazine.mx\\\/index.php\\\/2025\\\/08\\\/13\\\/shein-priscila-jimena-colaboracion\\\/#article\",\"isPartOf\":{\"@id\":\"https:\\\/\\\/zeromagazine.mx\\\/index.php\\\/2025\\\/08\\\/13\\\/shein-priscila-jimena-colaboracion\\\/\"},\"author\":{\"name\":\"David Morales\",\"@id\":\"https:\\\/\\\/zeromagazine.mx\\\/#\\\/schema\\\/person\\\/9f7f1a17c60ba8e9980e3e6677aabe5a\"},\"headline\":\"SHEIN x Priscila &amp; Jimena: la moda sin filtro\",\"datePublished\":\"2025-08-13T21:26:17+00:00\",\"dateModified\":\"2025-08-13T21:26:19+00:00\",\"mainEntityOfPage\":{\"@id\":\"https:\\\/\\\/zeromagazine.mx\\\/index.php\\\/2025\\\/08\\\/13\\\/shein-priscila-jimena-colaboracion\\\/\"},\"wordCount\":507,\"commentCount\":0,\"publisher\":{\"@id\":\"https:\\\/\\\/zeromagazine.mx\\\/#organization\"},\"image\":{\"@id\":\"https:\\\/\\\/zeromagazine.mx\\\/index.php\\\/2025\\\/08\\\/13\\\/shein-priscila-jimena-colaboracion\\\/#primaryimage\"},\"thumbnailUrl\":\"https:\\\/\\\/i0.wp.com\\\/zeromagazine.mx\\\/wp-content\\\/uploads\\\/2025\\\/08\\\/photo-21-1.jpg?fit=2000%2C1333&ssl=1\",\"articleSection\":[\"Moda\"],\"inLanguage\":\"es\",\"potentialAction\":[{\"@type\":\"CommentAction\",\"name\":\"Comment\",\"target\":[\"https:\\\/\\\/zeromagazine.mx\\\/index.php\\\/2025\\\/08\\\/13\\\/shein-priscila-jimena-colaboracion\\\/#respond\"]}]},{\"@type\":\"WebPage\",\"@id\":\"https:\\\/\\\/zeromagazine.mx\\\/index.php\\\/2025\\\/08\\\/13\\\/shein-priscila-jimena-colaboracion\\\/\",\"url\":\"https:\\\/\\\/zeromagazine.mx\\\/index.php\\\/2025\\\/08\\\/13\\\/shein-priscila-jimena-colaboracion\\\/\",\"name\":\"SHEIN x Priscila &amp; Jimena: la moda sin filtro - Zero Magazine\",\"isPartOf\":{\"@id\":\"https:\\\/\\\/zeromagazine.mx\\\/#website\"},\"primaryImageOfPage\":{\"@id\":\"https:\\\/\\\/zeromagazine.mx\\\/index.php\\\/2025\\\/08\\\/13\\\/shein-priscila-jimena-colaboracion\\\/#primaryimage\"},\"image\":{\"@id\":\"https:\\\/\\\/zeromagazine.mx\\\/index.php\\\/2025\\\/08\\\/13\\\/shein-priscila-jimena-colaboracion\\\/#primaryimage\"},\"thumbnailUrl\":\"https:\\\/\\\/i0.wp.com\\\/zeromagazine.mx\\\/wp-content\\\/uploads\\\/2025\\\/08\\\/photo-21-1.jpg?fit=2000%2C1333&ssl=1\",\"datePublished\":\"2025-08-13T21:26:17+00:00\",\"dateModified\":\"2025-08-13T21:26:19+00:00\",\"description\":\"SHEIN x Priscila & Jimena celebra la moda sin reglas con piezas \u00fanicas de MOTF, ANEWSTA, Dazy y Romwe con hasta 15% Off\",\"breadcrumb\":{\"@id\":\"https:\\\/\\\/zeromagazine.mx\\\/index.php\\\/2025\\\/08\\\/13\\\/shein-priscila-jimena-colaboracion\\\/#breadcrumb\"},\"inLanguage\":\"es\",\"potentialAction\":[{\"@type\":\"ReadAction\",\"target\":[\"https:\\\/\\\/zeromagazine.mx\\\/index.php\\\/2025\\\/08\\\/13\\\/shein-priscila-jimena-colaboracion\\\/\"]}]},{\"@type\":\"ImageObject\",\"inLanguage\":\"es\",\"@id\":\"https:\\\/\\\/zeromagazine.mx\\\/index.php\\\/2025\\\/08\\\/13\\\/shein-priscila-jimena-colaboracion\\\/#primaryimage\",\"url\":\"https:\\\/\\\/i0.wp.com\\\/zeromagazine.mx\\\/wp-content\\\/uploads\\\/2025\\\/08\\\/photo-21-1.jpg?fit=2000%2C1333&ssl=1\",\"contentUrl\":\"https:\\\/\\\/i0.wp.com\\\/zeromagazine.mx\\\/wp-content\\\/uploads\\\/2025\\\/08\\\/photo-21-1.jpg?fit=2000%2C1333&ssl=1\",\"width\":2000,\"height\":1333},{\"@type\":\"BreadcrumbList\",\"@id\":\"https:\\\/\\\/zeromagazine.mx\\\/index.php\\\/2025\\\/08\\\/13\\\/shein-priscila-jimena-colaboracion\\\/#breadcrumb\",\"itemListElement\":[{\"@type\":\"ListItem\",\"position\":1,\"name\":\"Portada\",\"item\":\"https:\\\/\\\/zeromagazine.mx\\\/\"},{\"@type\":\"ListItem\",\"position\":2,\"name\":\"SHEIN x Priscila &amp; Jimena: la moda sin filtro\"}]},{\"@type\":\"WebSite\",\"@id\":\"https:\\\/\\\/zeromagazine.mx\\\/#website\",\"url\":\"https:\\\/\\\/zeromagazine.mx\\\/\",\"name\":\"Zero Magazine\",\"description\":\"\",\"publisher\":{\"@id\":\"https:\\\/\\\/zeromagazine.mx\\\/#organization\"},\"potentialAction\":[{\"@type\":\"SearchAction\",\"target\":{\"@type\":\"EntryPoint\",\"urlTemplate\":\"https:\\\/\\\/zeromagazine.mx\\\/?s={search_term_string}\"},\"query-input\":{\"@type\":\"PropertyValueSpecification\",\"valueRequired\":true,\"valueName\":\"search_term_string\"}}],\"inLanguage\":\"es\"},{\"@type\":\"Organization\",\"@id\":\"https:\\\/\\\/zeromagazine.mx\\\/#organization\",\"name\":\"Zero Magazine\",\"url\":\"https:\\\/\\\/zeromagazine.mx\\\/\",\"logo\":{\"@type\":\"ImageObject\",\"inLanguage\":\"es\",\"@id\":\"https:\\\/\\\/zeromagazine.mx\\\/#\\\/schema\\\/logo\\\/image\\\/\",\"url\":\"https:\\\/\\\/i0.wp.com\\\/zeromagazine.mx\\\/wp-content\\\/uploads\\\/2025\\\/11\\\/1.jpeg?fit=1000%2C1000&ssl=1\",\"contentUrl\":\"https:\\\/\\\/i0.wp.com\\\/zeromagazine.mx\\\/wp-content\\\/uploads\\\/2025\\\/11\\\/1.jpeg?fit=1000%2C1000&ssl=1\",\"width\":1000,\"height\":1000,\"caption\":\"Zero Magazine\"},\"image\":{\"@id\":\"https:\\\/\\\/zeromagazine.mx\\\/#\\\/schema\\\/logo\\\/image\\\/\"},\"sameAs\":[\"https:\\\/\\\/instagram.com\\\/zeromagazinemx\"]},{\"@type\":\"Person\",\"@id\":\"https:\\\/\\\/zeromagazine.mx\\\/#\\\/schema\\\/person\\\/9f7f1a17c60ba8e9980e3e6677aabe5a\",\"name\":\"David Morales\",\"image\":{\"@type\":\"ImageObject\",\"inLanguage\":\"es\",\"@id\":\"https:\\\/\\\/zeromagazine.mx\\\/wp-content\\\/litespeed\\\/avatar\\\/76069d2136bfc1c37dc34815bb67ca42.jpg?ver=1777571067\",\"url\":\"https:\\\/\\\/zeromagazine.mx\\\/wp-content\\\/litespeed\\\/avatar\\\/76069d2136bfc1c37dc34815bb67ca42.jpg?ver=1777571067\",\"contentUrl\":\"https:\\\/\\\/zeromagazine.mx\\\/wp-content\\\/litespeed\\\/avatar\\\/76069d2136bfc1c37dc34815bb67ca42.jpg?ver=1777571067\",\"caption\":\"David Morales\"},\"url\":\"https:\\\/\\\/zeromagazine.mx\\\/index.php\\\/author\\\/david\\\/\"}]}<\/script>\n<!-- \/ Yoast SEO plugin. -->","yoast_head_json":{"title":"SHEIN x Priscila &amp; Jimena: la moda sin filtro - Zero Magazine","description":"SHEIN x Priscila & Jimena celebra la moda sin reglas con piezas \u00fanicas de MOTF, ANEWSTA, Dazy y Romwe con hasta 15% Off","robots":{"index":"index","follow":"follow","max-snippet":"max-snippet:-1","max-image-preview":"max-image-preview:large","max-video-preview":"max-video-preview:-1"},"canonical":"https:\/\/zeromagazine.mx\/index.php\/2025\/08\/13\/shein-priscila-jimena-colaboracion\/","og_locale":"es_ES","og_type":"article","og_title":"SHEIN x Priscila &amp; Jimena: la moda sin filtro - Zero Magazine","og_description":"SHEIN x Priscila & Jimena celebra la moda sin reglas con piezas \u00fanicas de MOTF, ANEWSTA, Dazy y Romwe con hasta 15% Off","og_url":"https:\/\/zeromagazine.mx\/index.php\/2025\/08\/13\/shein-priscila-jimena-colaboracion\/","og_site_name":"Zero Magazine","article_published_time":"2025-08-13T21:26:17+00:00","article_modified_time":"2025-08-13T21:26:19+00:00","og_image":[{"width":2000,"height":1333,"url":"http:\/\/zeromagazine.mx\/wp-content\/uploads\/2025\/08\/photo-21-1.jpg","type":"image\/jpeg"}],"author":"David Morales","twitter_card":"summary_large_image","twitter_misc":{"Escrito por":"David Morales","Tiempo de lectura":"4 minutos"},"schema":{"@context":"https:\/\/schema.org","@graph":[{"@type":"Article","@id":"https:\/\/zeromagazine.mx\/index.php\/2025\/08\/13\/shein-priscila-jimena-colaboracion\/#article","isPartOf":{"@id":"https:\/\/zeromagazine.mx\/index.php\/2025\/08\/13\/shein-priscila-jimena-colaboracion\/"},"author":{"name":"David Morales","@id":"https:\/\/zeromagazine.mx\/#\/schema\/person\/9f7f1a17c60ba8e9980e3e6677aabe5a"},"headline":"SHEIN x Priscila &amp; Jimena: la moda sin filtro","datePublished":"2025-08-13T21:26:17+00:00","dateModified":"2025-08-13T21:26:19+00:00","mainEntityOfPage":{"@id":"https:\/\/zeromagazine.mx\/index.php\/2025\/08\/13\/shein-priscila-jimena-colaboracion\/"},"wordCount":507,"commentCount":0,"publisher":{"@id":"https:\/\/zeromagazine.mx\/#organization"},"image":{"@id":"https:\/\/zeromagazine.mx\/index.php\/2025\/08\/13\/shein-priscila-jimena-colaboracion\/#primaryimage"},"thumbnailUrl":"https:\/\/i0.wp.com\/zeromagazine.mx\/wp-content\/uploads\/2025\/08\/photo-21-1.jpg?fit=2000%2C1333&ssl=1","articleSection":["Moda"],"inLanguage":"es","potentialAction":[{"@type":"CommentAction","name":"Comment","target":["https:\/\/zeromagazine.mx\/index.php\/2025\/08\/13\/shein-priscila-jimena-colaboracion\/#respond"]}]},{"@type":"WebPage","@id":"https:\/\/zeromagazine.mx\/index.php\/2025\/08\/13\/shein-priscila-jimena-colaboracion\/","url":"https:\/\/zeromagazine.mx\/index.php\/2025\/08\/13\/shein-priscila-jimena-colaboracion\/","name":"SHEIN x Priscila &amp; Jimena: la moda sin filtro - Zero Magazine","isPartOf":{"@id":"https:\/\/zeromagazine.mx\/#website"},"primaryImageOfPage":{"@id":"https:\/\/zeromagazine.mx\/index.php\/2025\/08\/13\/shein-priscila-jimena-colaboracion\/#primaryimage"},"image":{"@id":"https:\/\/zeromagazine.mx\/index.php\/2025\/08\/13\/shein-priscila-jimena-colaboracion\/#primaryimage"},"thumbnailUrl":"https:\/\/i0.wp.com\/zeromagazine.mx\/wp-content\/uploads\/2025\/08\/photo-21-1.jpg?fit=2000%2C1333&ssl=1","datePublished":"2025-08-13T21:26:17+00:00","dateModified":"2025-08-13T21:26:19+00:00","description":"SHEIN x Priscila & Jimena celebra la moda sin reglas con piezas \u00fanicas de MOTF, ANEWSTA, Dazy y Romwe con hasta 15% Off","breadcrumb":{"@id":"https:\/\/zeromagazine.mx\/index.php\/2025\/08\/13\/shein-priscila-jimena-colaboracion\/#breadcrumb"},"inLanguage":"es","potentialAction":[{"@type":"ReadAction","target":["https:\/\/zeromagazine.mx\/index.php\/2025\/08\/13\/shein-priscila-jimena-colaboracion\/"]}]},{"@type":"ImageObject","inLanguage":"es","@id":"https:\/\/zeromagazine.mx\/index.php\/2025\/08\/13\/shein-priscila-jimena-colaboracion\/#primaryimage","url":"https:\/\/i0.wp.com\/zeromagazine.mx\/wp-content\/uploads\/2025\/08\/photo-21-1.jpg?fit=2000%2C1333&ssl=1","contentUrl":"https:\/\/i0.wp.com\/zeromagazine.mx\/wp-content\/uploads\/2025\/08\/photo-21-1.jpg?fit=2000%2C1333&ssl=1","width":2000,"height":1333},{"@type":"BreadcrumbList","@id":"https:\/\/zeromagazine.mx\/index.php\/2025\/08\/13\/shein-priscila-jimena-colaboracion\/#breadcrumb","itemListElement":[{"@type":"ListItem","position":1,"name":"Portada","item":"https:\/\/zeromagazine.mx\/"},{"@type":"ListItem","position":2,"name":"SHEIN x Priscila &amp; Jimena: la moda sin filtro"}]},{"@type":"WebSite","@id":"https:\/\/zeromagazine.mx\/#website","url":"https:\/\/zeromagazine.mx\/","name":"Zero Magazine","description":"","publisher":{"@id":"https:\/\/zeromagazine.mx\/#organization"},"potentialAction":[{"@type":"SearchAction","target":{"@type":"EntryPoint","urlTemplate":"https:\/\/zeromagazine.mx\/?s={search_term_string}"},"query-input":{"@type":"PropertyValueSpecification","valueRequired":true,"valueName":"search_term_string"}}],"inLanguage":"es"},{"@type":"Organization","@id":"https:\/\/zeromagazine.mx\/#organization","name":"Zero Magazine","url":"https:\/\/zeromagazine.mx\/","logo":{"@type":"ImageObject","inLanguage":"es","@id":"https:\/\/zeromagazine.mx\/#\/schema\/logo\/image\/","url":"https:\/\/i0.wp.com\/zeromagazine.mx\/wp-content\/uploads\/2025\/11\/1.jpeg?fit=1000%2C1000&ssl=1","contentUrl":"https:\/\/i0.wp.com\/zeromagazine.mx\/wp-content\/uploads\/2025\/11\/1.jpeg?fit=1000%2C1000&ssl=1","width":1000,"height":1000,"caption":"Zero Magazine"},"image":{"@id":"https:\/\/zeromagazine.mx\/#\/schema\/logo\/image\/"},"sameAs":["https:\/\/instagram.com\/zeromagazinemx"]},{"@type":"Person","@id":"https:\/\/zeromagazine.mx\/#\/schema\/person\/9f7f1a17c60ba8e9980e3e6677aabe5a","name":"David Morales","image":{"@type":"ImageObject","inLanguage":"es","@id":"https:\/\/zeromagazine.mx\/wp-content\/litespeed\/avatar\/76069d2136bfc1c37dc34815bb67ca42.jpg?ver=1777571067","url":"https:\/\/zeromagazine.mx\/wp-content\/litespeed\/avatar\/76069d2136bfc1c37dc34815bb67ca42.jpg?ver=1777571067","contentUrl":"https:\/\/zeromagazine.mx\/wp-content\/litespeed\/avatar\/76069d2136bfc1c37dc34815bb67ca42.jpg?ver=1777571067","caption":"David Morales"},"url":"https:\/\/zeromagazine.mx\/index.php\/author\/david\/"}]}},"jetpack_publicize_connections":[],"jetpack_featured_media_url":"https:\/\/i0.wp.com\/zeromagazine.mx\/wp-content\/uploads\/2025\/08\/photo-21-1.jpg?fit=2000%2C1333&ssl=1","jetpack-related-posts":[{"id":105231,"url":"https:\/\/zeromagazine.mx\/index.php\/2025\/05\/28\/shein-lanza-su-nueva-campana\/","url_meta":{"origin":107316,"position":0},"title":"ATR\u00c9VETE CON EL ESTILO DE SHEIN","author":"David Morales","date":"28 de mayo de 2025","format":false,"excerpt":"Karime Pindter, Priscila Arias y Ana Laura Gonz\u00e1lez se convierten en las nuevas embajadoras de SHEIN M\u00e9xico 2025 con una campa\u00f1a que no solo apuesta por la moda, sino por una forma libre, diversa y valiente de habitar el mundo. Por: El Poderoso Dave La moda no siempre ha sido\u2026","rel":"","context":"En \u00abPortada\u00bb","block_context":{"text":"Portada","link":"https:\/\/zeromagazine.mx\/index.php\/category\/portada\/"},"img":{"alt_text":"","src":"https:\/\/i0.wp.com\/zeromagazine.mx\/wp-content\/uploads\/2025\/05\/IMG_4354.png?fit=927%2C1200&ssl=1&resize=350%2C200","width":350,"height":200,"srcset":"https:\/\/i0.wp.com\/zeromagazine.mx\/wp-content\/uploads\/2025\/05\/IMG_4354.png?fit=927%2C1200&ssl=1&resize=350%2C200 1x, https:\/\/i0.wp.com\/zeromagazine.mx\/wp-content\/uploads\/2025\/05\/IMG_4354.png?fit=927%2C1200&ssl=1&resize=525%2C300 1.5x, https:\/\/i0.wp.com\/zeromagazine.mx\/wp-content\/uploads\/2025\/05\/IMG_4354.png?fit=927%2C1200&ssl=1&resize=700%2C400 2x"},"classes":[]},{"id":76828,"url":"https:\/\/zeromagazine.mx\/index.php\/2024\/05\/31\/shein-x-unidesign-impulsando-el-talento-mexicano-en-la-moda\/","url_meta":{"origin":107316,"position":1},"title":"SHEIN x UniDesign: Impulsando el Talento Mexicano en la Moda","author":"David Morales","date":"31 de mayo de 2024","format":false,"excerpt":"Les traigo una noticia s\u00faper chida que est\u00e1 revolucionando el mundo de la moda en M\u00e9xico. El proyecto \"SHEIN x UniDesign\" ha llegado a su etapa final, y la Universidad An\u00e1huac M\u00e9xico, Campus Norte, fue la sede de este emocionante evento. SHEIN, en colaboraci\u00f3n con la universidad, ha potenciado a\u2026","rel":"","context":"En \u00abModa\u00bb","block_context":{"text":"Moda","link":"https:\/\/zeromagazine.mx\/index.php\/category\/moda\/"},"img":{"alt_text":"","src":"https:\/\/i0.wp.com\/zeromagazine.mx\/wp-content\/uploads\/2024\/05\/H7A2106-scaled.jpg?fit=1200%2C800&ssl=1&resize=350%2C200","width":350,"height":200,"srcset":"https:\/\/i0.wp.com\/zeromagazine.mx\/wp-content\/uploads\/2024\/05\/H7A2106-scaled.jpg?fit=1200%2C800&ssl=1&resize=350%2C200 1x, https:\/\/i0.wp.com\/zeromagazine.mx\/wp-content\/uploads\/2024\/05\/H7A2106-scaled.jpg?fit=1200%2C800&ssl=1&resize=525%2C300 1.5x, https:\/\/i0.wp.com\/zeromagazine.mx\/wp-content\/uploads\/2024\/05\/H7A2106-scaled.jpg?fit=1200%2C800&ssl=1&resize=700%2C400 2x, https:\/\/i0.wp.com\/zeromagazine.mx\/wp-content\/uploads\/2024\/05\/H7A2106-scaled.jpg?fit=1200%2C800&ssl=1&resize=1050%2C600 3x"},"classes":[]},{"id":111596,"url":"https:\/\/zeromagazine.mx\/index.php\/2025\/12\/09\/shein-pop-up-cdmx-2025\/","url_meta":{"origin":107316,"position":2},"title":"SHEIN Pop Up: moda en vivo","author":"zeromagazinemx","date":"9 de diciembre de 2025","format":false,"excerpt":"La llegada de la SHEIN Pop Up a la Ciudad de M\u00e9xico est\u00e1 a punto de convertirse en uno de los eventos m\u00e1s emocionantes de fin de a\u00f1o. Entre compras navide\u00f1as, tendencias virales y outfits llenos de personalidad, esta activaci\u00f3n promete convertirse en el destino obligatorio para quienes aman experimentar\u2026","rel":"","context":"En \u00abModa\u00bb","block_context":{"text":"Moda","link":"https:\/\/zeromagazine.mx\/index.php\/category\/moda\/"},"img":{"alt_text":"","src":"https:\/\/i0.wp.com\/zeromagazine.mx\/wp-content\/uploads\/2025\/12\/DIA1SCH-89-scaled.jpg?fit=1200%2C800&ssl=1&resize=350%2C200","width":350,"height":200,"srcset":"https:\/\/i0.wp.com\/zeromagazine.mx\/wp-content\/uploads\/2025\/12\/DIA1SCH-89-scaled.jpg?fit=1200%2C800&ssl=1&resize=350%2C200 1x, https:\/\/i0.wp.com\/zeromagazine.mx\/wp-content\/uploads\/2025\/12\/DIA1SCH-89-scaled.jpg?fit=1200%2C800&ssl=1&resize=525%2C300 1.5x, https:\/\/i0.wp.com\/zeromagazine.mx\/wp-content\/uploads\/2025\/12\/DIA1SCH-89-scaled.jpg?fit=1200%2C800&ssl=1&resize=700%2C400 2x, https:\/\/i0.wp.com\/zeromagazine.mx\/wp-content\/uploads\/2025\/12\/DIA1SCH-89-scaled.jpg?fit=1200%2C800&ssl=1&resize=1050%2C600 3x"},"classes":[]},{"id":112119,"url":"https:\/\/zeromagazine.mx\/index.php\/2025\/12\/24\/pop-up-store-shein-cdmx-2025\/","url_meta":{"origin":107316,"position":3},"title":"Pop Up Store SHEIN CDMX llega","author":"zeromagazinemx","date":"24 de diciembre de 2025","format":false,"excerpt":"Hay eventos que no solo se visitan, se viven. Y este diciembre, la Pop Up Store SHEIN CDMX se convierte en ese plan obligatorio antes de cerrar el a\u00f1o. Moda, selfies, descuentos, vibes y esa sensaci\u00f3n de estar justo donde todo est\u00e1 pasando. SHEIN trae a la ciudad una experiencia\u2026","rel":"","context":"En \u00abModa\u00bb","block_context":{"text":"Moda","link":"https:\/\/zeromagazine.mx\/index.php\/category\/moda\/"},"img":{"alt_text":"","src":"https:\/\/i0.wp.com\/zeromagazine.mx\/wp-content\/uploads\/2025\/12\/1000045871-scaled.jpg?fit=1200%2C800&ssl=1&resize=350%2C200","width":350,"height":200,"srcset":"https:\/\/i0.wp.com\/zeromagazine.mx\/wp-content\/uploads\/2025\/12\/1000045871-scaled.jpg?fit=1200%2C800&ssl=1&resize=350%2C200 1x, https:\/\/i0.wp.com\/zeromagazine.mx\/wp-content\/uploads\/2025\/12\/1000045871-scaled.jpg?fit=1200%2C800&ssl=1&resize=525%2C300 1.5x, https:\/\/i0.wp.com\/zeromagazine.mx\/wp-content\/uploads\/2025\/12\/1000045871-scaled.jpg?fit=1200%2C800&ssl=1&resize=700%2C400 2x, https:\/\/i0.wp.com\/zeromagazine.mx\/wp-content\/uploads\/2025\/12\/1000045871-scaled.jpg?fit=1200%2C800&ssl=1&resize=1050%2C600 3x"},"classes":[]},{"id":102273,"url":"https:\/\/zeromagazine.mx\/index.php\/2025\/04\/22\/shein-jimena-mateo\/","url_meta":{"origin":107316,"position":4},"title":"SHEIN x Jimena &amp; Mateo: D\u00eda De Las Madres","author":"David Morales","date":"22 de abril de 2025","format":false,"excerpt":"Amix, ya se viene el D\u00eda de las Madres y obvi no pod\u00edamos dejar pasar la oportunidad de chismear sobre una colecci\u00f3n que est\u00e1 demasiado tierna y muy fashion. SHEIN, nuestra plataforma fav para comprar todo lo trendy sin vaciar la cartera, lanz\u00f3 \u201cMother & Kids\u201d, una colecci\u00f3n que te\u2026","rel":"","context":"En \u00abModa\u00bb","block_context":{"text":"Moda","link":"https:\/\/zeromagazine.mx\/index.php\/category\/moda\/"},"img":{"alt_text":"","src":"https:\/\/i0.wp.com\/zeromagazine.mx\/wp-content\/uploads\/2025\/04\/SHEIN_LOOKBOOK39918-scaled.jpg?fit=1200%2C800&ssl=1&resize=350%2C200","width":350,"height":200,"srcset":"https:\/\/i0.wp.com\/zeromagazine.mx\/wp-content\/uploads\/2025\/04\/SHEIN_LOOKBOOK39918-scaled.jpg?fit=1200%2C800&ssl=1&resize=350%2C200 1x, https:\/\/i0.wp.com\/zeromagazine.mx\/wp-content\/uploads\/2025\/04\/SHEIN_LOOKBOOK39918-scaled.jpg?fit=1200%2C800&ssl=1&resize=525%2C300 1.5x, https:\/\/i0.wp.com\/zeromagazine.mx\/wp-content\/uploads\/2025\/04\/SHEIN_LOOKBOOK39918-scaled.jpg?fit=1200%2C800&ssl=1&resize=700%2C400 2x, https:\/\/i0.wp.com\/zeromagazine.mx\/wp-content\/uploads\/2025\/04\/SHEIN_LOOKBOOK39918-scaled.jpg?fit=1200%2C800&ssl=1&resize=1050%2C600 3x"},"classes":[]},{"id":109640,"url":"https:\/\/zeromagazine.mx\/index.php\/2025\/10\/21\/looks-de-otono-invierno-con-shein\/","url_meta":{"origin":107316,"position":5},"title":"Looks de oto\u00f1o-invierno con SHEIN","author":"Luis Trujano","date":"21 de octubre de 2025","format":false,"excerpt":"La moda no tiene reglas, y esta temporada lo vuelve a dejar clar\u00edsimo. Los looks de oto\u00f1o-invierno con SHEIN llegan con m\u00e1s actitud que nunca gracias a su nueva edici\u00f3n de Atr\u00e9vete con Estilo, una campa\u00f1a que celebra la autenticidad, la confianza y la diversi\u00f3n al vestir. Karime Pindter, Ana\u2026","rel":"","context":"En \u00abModa\u00bb","block_context":{"text":"Moda","link":"https:\/\/zeromagazine.mx\/index.php\/category\/moda\/"},"img":{"alt_text":"","src":"https:\/\/i0.wp.com\/zeromagazine.mx\/wp-content\/uploads\/2025\/10\/SHEINXAMBASSADORS1036-scaled.jpg?fit=800%2C1200&ssl=1&resize=350%2C200","width":350,"height":200,"srcset":"https:\/\/i0.wp.com\/zeromagazine.mx\/wp-content\/uploads\/2025\/10\/SHEINXAMBASSADORS1036-scaled.jpg?fit=800%2C1200&ssl=1&resize=350%2C200 1x, https:\/\/i0.wp.com\/zeromagazine.mx\/wp-content\/uploads\/2025\/10\/SHEINXAMBASSADORS1036-scaled.jpg?fit=800%2C1200&ssl=1&resize=525%2C300 1.5x, https:\/\/i0.wp.com\/zeromagazine.mx\/wp-content\/uploads\/2025\/10\/SHEINXAMBASSADORS1036-scaled.jpg?fit=800%2C1200&ssl=1&resize=700%2C400 2x"},"classes":[]}],"jetpack_sharing_enabled":true,"builder_content":"","_links":{"self":[{"href":"https:\/\/zeromagazine.mx\/index.php\/wp-json\/wp\/v2\/posts\/107316","targetHints":{"allow":["GET"]}}],"collection":[{"href":"https:\/\/zeromagazine.mx\/index.php\/wp-json\/wp\/v2\/posts"}],"about":[{"href":"https:\/\/zeromagazine.mx\/index.php\/wp-json\/wp\/v2\/types\/post"}],"author":[{"embeddable":true,"href":"https:\/\/zeromagazine.mx\/index.php\/wp-json\/wp\/v2\/users\/4"}],"replies":[{"embeddable":true,"href":"https:\/\/zeromagazine.mx\/index.php\/wp-json\/wp\/v2\/comments?post=107316"}],"version-history":[{"count":3,"href":"https:\/\/zeromagazine.mx\/index.php\/wp-json\/wp\/v2\/posts\/107316\/revisions"}],"predecessor-version":[{"id":107319,"href":"https:\/\/zeromagazine.mx\/index.php\/wp-json\/wp\/v2\/posts\/107316\/revisions\/107319"}],"wp:featuredmedia":[{"embeddable":true,"href":"https:\/\/zeromagazine.mx\/index.php\/wp-json\/wp\/v2\/media\/107315"}],"wp:attachment":[{"href":"https:\/\/zeromagazine.mx\/index.php\/wp-json\/wp\/v2\/media?parent=107316"}],"wp:term":[{"taxonomy":"category","embeddable":true,"href":"https:\/\/zeromagazine.mx\/index.php\/wp-json\/wp\/v2\/categories?post=107316"},{"taxonomy":"post_tag","embeddable":true,"href":"https:\/\/zeromagazine.mx\/index.php\/wp-json\/wp\/v2\/tags?post=107316"}],"curies":[{"name":"wp","href":"https:\/\/api.w.org\/{rel}","templated":true}]}}