{"id":107324,"date":"2025-08-14T13:59:40","date_gmt":"2025-08-14T19:59:40","guid":{"rendered":"https:\/\/zeromagazine.mx\/index.php\/2025\/08\/14\/el-camino-a-la-montana-sagrada-viaje-espiritual-y-humano\/"},"modified":"2025-08-14T13:59:40","modified_gmt":"2025-08-14T19:59:40","slug":"el-camino-a-la-montana-sagrada-viaje-espiritual-y-humano","status":"publish","type":"post","link":"https:\/\/zeromagazine.mx\/index.php\/2025\/08\/14\/el-camino-a-la-montana-sagrada-viaje-espiritual-y-humano\/","title":{"rendered":"El Camino a la Monta\u00f1a Sagrada: viaje espiritual y humano"},"content":{"rendered":"\n<p class=\"p1\">Entre p\u00e1ginas que huelen a tierra h\u00fameda y caminos polvorientos, Paty Benedict y Alain nos invitan a recorrer El Camino a la Monta\u00f1a Sagrada, una obra que mezcla lo m\u00edstico, lo humano y lo trascendental. La presentaci\u00f3n del libro se convirti\u00f3 en una experiencia emotiva, donde la espiritualidad y las vivencias terrenales se entrelazaron con la magia de las coincidencias que parecen demasiado perfectas para ser casualidad.<\/p>\n\n\n\n<figure class=\"wp-block-image size-large\"><img data-recalc-dims=\"1\" decoding=\"async\" width=\"682\" height=\"1024\" src=\"https:\/\/i0.wp.com\/zeromagazine.mx\/wp-content\/uploads\/2025\/08\/img_6153-682x1024.jpg?resize=682%2C1024&#038;ssl=1\" alt=\"\" class=\"wp-image-107320\" srcset=\"https:\/\/i0.wp.com\/zeromagazine.mx\/wp-content\/uploads\/2025\/08\/img_6153.jpg?resize=682%2C1024&amp;ssl=1 682w, https:\/\/i0.wp.com\/zeromagazine.mx\/wp-content\/uploads\/2025\/08\/img_6153.jpg?resize=200%2C300&amp;ssl=1 200w, https:\/\/i0.wp.com\/zeromagazine.mx\/wp-content\/uploads\/2025\/08\/img_6153.jpg?resize=768%2C1152&amp;ssl=1 768w, https:\/\/i0.wp.com\/zeromagazine.mx\/wp-content\/uploads\/2025\/08\/img_6153.jpg?resize=1024%2C1536&amp;ssl=1 1024w, https:\/\/i0.wp.com\/zeromagazine.mx\/wp-content\/uploads\/2025\/08\/img_6153.jpg?w=1333&amp;ssl=1 1333w\" sizes=\"(max-width: 682px) 100vw, 682px\" \/><\/figure>\n\n\n\n<h2 class=\"wp-block-heading\">Un Renault verde hacia lo desconocido<\/h2>\n\n\n\n<p class=\"p1\">En uno de los cap\u00edtulos que compartieron, el lector es invitado a subirse a un Renault verde que se transforma en un veh\u00edculo hacia lo desconocido. La ruta est\u00e1 marcada por se\u00f1ales misteriosas, encuentros inesperados y la presencia de un \u00e1ngel del Camino que acompa\u00f1a cada paso. Este viaje no es solo f\u00edsico: es una traves\u00eda hacia lo m\u00e1s profundo del alma, un llamado a explorar nuestra conexi\u00f3n con el universo.<\/p>\n\n\n\n<h2 class=\"wp-block-heading\">La muerte como tr\u00e1nsito y aprendizaje<\/h2>\n\n\n\n<p class=\"p1\">Durante la presentaci\u00f3n, Paty comparti\u00f3 un momento particularmente impactante: la muerte de su hermana Nina en un accidente. La escena, tan brutal como po\u00e9tica \u2014\u201cla mirada extraviada en el Renault verde destrozado salpicado de br\u00f3coli por todas partes\u201d\u2014, se convierte en un ejemplo de c\u00f3mo la muerte puede verse como un tr\u00e1nsito hacia otro nivel de conciencia. Entre el dolor y la confusi\u00f3n, surge la presencia del \u00e1ngel del Camino, una gu\u00eda que sostiene en medio del caos.<\/p>\n\n\n\n<figure class=\"wp-block-image size-large\"><img data-recalc-dims=\"1\" decoding=\"async\" width=\"1024\" height=\"768\" src=\"https:\/\/i0.wp.com\/zeromagazine.mx\/wp-content\/uploads\/2025\/08\/img_6140-1024x768.jpg?resize=1024%2C768&#038;ssl=1\" alt=\"\" class=\"wp-image-107321\" srcset=\"https:\/\/i0.wp.com\/zeromagazine.mx\/wp-content\/uploads\/2025\/08\/img_6140.jpg?resize=1024%2C768&amp;ssl=1 1024w, https:\/\/i0.wp.com\/zeromagazine.mx\/wp-content\/uploads\/2025\/08\/img_6140.jpg?resize=300%2C225&amp;ssl=1 300w, https:\/\/i0.wp.com\/zeromagazine.mx\/wp-content\/uploads\/2025\/08\/img_6140.jpg?resize=768%2C576&amp;ssl=1 768w, https:\/\/i0.wp.com\/zeromagazine.mx\/wp-content\/uploads\/2025\/08\/img_6140.jpg?resize=1536%2C1152&amp;ssl=1 1536w, https:\/\/i0.wp.com\/zeromagazine.mx\/wp-content\/uploads\/2025\/08\/img_6140.jpg?w=2000&amp;ssl=1 2000w\" sizes=\"(max-width: 1024px) 100vw, 1024px\" \/><\/figure>\n\n\n\n<h2 class=\"wp-block-heading\">Sincron\u00edas que transforman lo cotidiano<\/h2>\n\n\n\n<p class=\"p1\">Lo fascinante de El Camino a la Monta\u00f1a Sagrada es c\u00f3mo transforma lo que llamamos \u201ccasualidades\u201d en sincron\u00edas. Cada encuentro, cada evento, parece alinearse con un prop\u00f3sito mayor, invitando al lector a prestar atenci\u00f3n a las se\u00f1ales que, quiz\u00e1s, tambi\u00e9n aparecen en su vida cotidiana. Aunque no todos podemos experimentar estas coincidencias con la misma claridad que los autores, la obra abre preguntas, despierta curiosidad y nos invita a mirar el mundo con otros ojos.<\/p>\n\n\n\n<h2 class=\"wp-block-heading\">Amor, transformaci\u00f3n y espiritualidad<\/h2>\n\n\n\n<p class=\"p1\">M\u00e1s all\u00e1 de los episodios personales, el libro es profundo, conmovedor y hasta divertido, combinando reflexiones sobre el amor, la transformaci\u00f3n interior y la espiritualidad. Al estilo de cl\u00e1sicos como Siddartha de Herman Hesse o El Profeta de Khalil Gibran, Paty y Alain proponen un recorrido donde lo terrenal y lo divino conviven, guiando al lector a descubrir su propio potencial y prop\u00f3sito.<\/p>\n\n\n\n<figure class=\"wp-block-image size-large\"><img data-recalc-dims=\"1\" decoding=\"async\" width=\"1024\" height=\"768\" src=\"https:\/\/i0.wp.com\/zeromagazine.mx\/wp-content\/uploads\/2025\/08\/img_6138-1024x768.jpg?resize=1024%2C768&#038;ssl=1\" class=\"wp-image-107322\" srcset=\"https:\/\/i0.wp.com\/zeromagazine.mx\/wp-content\/uploads\/2025\/08\/img_6138.jpg?resize=1024%2C768&amp;ssl=1 1024w, https:\/\/i0.wp.com\/zeromagazine.mx\/wp-content\/uploads\/2025\/08\/img_6138.jpg?resize=300%2C225&amp;ssl=1 300w, https:\/\/i0.wp.com\/zeromagazine.mx\/wp-content\/uploads\/2025\/08\/img_6138.jpg?resize=768%2C576&amp;ssl=1 768w, https:\/\/i0.wp.com\/zeromagazine.mx\/wp-content\/uploads\/2025\/08\/img_6138.jpg?resize=1536%2C1152&amp;ssl=1 1536w, https:\/\/i0.wp.com\/zeromagazine.mx\/wp-content\/uploads\/2025\/08\/img_6138.jpg?w=2000&amp;ssl=1 2000w\" sizes=\"(max-width: 1024px) 100vw, 1024px\" \/><\/figure>\n\n\n\n<h2 class=\"wp-block-heading\">Una invitaci\u00f3n a tu propia monta\u00f1a sagrada<\/h2>\n\n\n\n<p class=\"p1\">Ya sea que decidas acompa\u00f1arlos desde la comodidad de tu sill\u00f3n o lanzarte a buscar tu propia monta\u00f1a sagrada, El Camino a la Monta\u00f1a Sagrada promete ser un compa\u00f1ero de viaje que deja huella, invitando a reconectar con lo intangible y a confiar en que el universo \u2014o lo que sea que mueva los hilos\u2014 tiene un plan para cada uno de nosotros.<\/p>\n<!--themify_builder_content-->\n<div id=\"themify_builder_content-107324\" data-postid=\"107324\" class=\"themify_builder_content themify_builder_content-107324 themify_builder tf_clear\">\n    <\/div>\n<!--\/themify_builder_content-->\n","protected":false},"excerpt":{"rendered":"<p>Entre p\u00e1ginas que huelen a tierra h\u00fameda y caminos polvorientos, Paty Benedict y Alain nos invitan a recorrer El Camino a la Monta\u00f1a Sagrada, una obra que mezcla lo m\u00edstico, lo humano y lo trascendental. La presentaci\u00f3n del libro se convirti\u00f3 en una experiencia emotiva, donde la espiritualidad y las vivencias terrenales se entrelazaron con [&hellip;]<\/p>\n","protected":false},"author":4,"featured_media":107323,"comment_status":"open","ping_status":"open","sticky":false,"template":"","format":"standard","meta":{"_jetpack_memberships_contains_paid_content":false,"footnotes":"","jetpack_publicize_message":"","jetpack_publicize_feature_enabled":true,"jetpack_social_post_already_shared":true,"jetpack_social_options":{"image_generator_settings":{"template":"highway","default_image_id":0,"font":"","enabled":false},"version":2}},"categories":[791],"tags":[],"class_list":["post-107324","post","type-post","status-publish","format-standard","has-post-thumbnail","hentry","category-cultura","has-post-title","has-post-date","has-post-category","has-post-tag","has-post-comment","has-post-author",""],"yoast_head":"<!-- This site is optimized with the Yoast SEO plugin v27.5 - https:\/\/yoast.com\/product\/yoast-seo-wordpress\/ -->\n<title>El Camino a la Monta\u00f1a Sagrada: viaje espiritual y humano - Zero Magazine<\/title>\n<meta name=\"robots\" content=\"index, follow, max-snippet:-1, max-image-preview:large, max-video-preview:-1\" \/>\n<link rel=\"canonical\" href=\"https:\/\/zeromagazine.mx\/index.php\/2025\/08\/14\/el-camino-a-la-montana-sagrada-viaje-espiritual-y-humano\/\" \/>\n<meta property=\"og:locale\" content=\"es_ES\" \/>\n<meta property=\"og:type\" content=\"article\" \/>\n<meta property=\"og:title\" content=\"El Camino a la Monta\u00f1a Sagrada: viaje espiritual y humano - Zero Magazine\" \/>\n<meta property=\"og:description\" content=\"Entre p\u00e1ginas que huelen a tierra h\u00fameda y caminos polvorientos, Paty Benedict y Alain nos invitan a recorrer El Camino a la Monta\u00f1a Sagrada, una obra que mezcla lo m\u00edstico, lo humano y lo trascendental. La presentaci\u00f3n del libro se convirti\u00f3 en una experiencia emotiva, donde la espiritualidad y las vivencias terrenales se entrelazaron con [&hellip;]\" \/>\n<meta property=\"og:url\" content=\"https:\/\/zeromagazine.mx\/index.php\/2025\/08\/14\/el-camino-a-la-montana-sagrada-viaje-espiritual-y-humano\/\" \/>\n<meta property=\"og:site_name\" content=\"Zero Magazine\" \/>\n<meta property=\"article:published_time\" content=\"2025-08-14T19:59:40+00:00\" \/>\n<meta property=\"og:image\" content=\"https:\/\/zeromagazine.mx\/wp-content\/uploads\/2025\/08\/img_6153-682x1024.jpg\" \/>\n<meta name=\"author\" content=\"David Morales\" \/>\n<meta name=\"twitter:card\" content=\"summary_large_image\" \/>\n<meta name=\"twitter:label1\" content=\"Escrito por\" \/>\n\t<meta name=\"twitter:data1\" content=\"David Morales\" \/>\n\t<meta name=\"twitter:label2\" content=\"Tiempo de lectura\" \/>\n\t<meta name=\"twitter:data2\" content=\"2 minutos\" \/>\n<script type=\"application\/ld+json\" class=\"yoast-schema-graph\">{\"@context\":\"https:\\\/\\\/schema.org\",\"@graph\":[{\"@type\":\"Article\",\"@id\":\"https:\\\/\\\/zeromagazine.mx\\\/index.php\\\/2025\\\/08\\\/14\\\/el-camino-a-la-montana-sagrada-viaje-espiritual-y-humano\\\/#article\",\"isPartOf\":{\"@id\":\"https:\\\/\\\/zeromagazine.mx\\\/index.php\\\/2025\\\/08\\\/14\\\/el-camino-a-la-montana-sagrada-viaje-espiritual-y-humano\\\/\"},\"author\":{\"name\":\"David Morales\",\"@id\":\"https:\\\/\\\/zeromagazine.mx\\\/#\\\/schema\\\/person\\\/9f7f1a17c60ba8e9980e3e6677aabe5a\"},\"headline\":\"El Camino a la Monta\u00f1a Sagrada: viaje espiritual y humano\",\"datePublished\":\"2025-08-14T19:59:40+00:00\",\"mainEntityOfPage\":{\"@id\":\"https:\\\/\\\/zeromagazine.mx\\\/index.php\\\/2025\\\/08\\\/14\\\/el-camino-a-la-montana-sagrada-viaje-espiritual-y-humano\\\/\"},\"wordCount\":498,\"commentCount\":0,\"publisher\":{\"@id\":\"https:\\\/\\\/zeromagazine.mx\\\/#organization\"},\"image\":{\"@id\":\"https:\\\/\\\/zeromagazine.mx\\\/index.php\\\/2025\\\/08\\\/14\\\/el-camino-a-la-montana-sagrada-viaje-espiritual-y-humano\\\/#primaryimage\"},\"thumbnailUrl\":\"https:\\\/\\\/i0.wp.com\\\/zeromagazine.mx\\\/wp-content\\\/uploads\\\/2025\\\/08\\\/img_6138-1.jpg?fit=2000%2C1500&ssl=1\",\"articleSection\":[\"Cultura\"],\"inLanguage\":\"es\",\"potentialAction\":[{\"@type\":\"CommentAction\",\"name\":\"Comment\",\"target\":[\"https:\\\/\\\/zeromagazine.mx\\\/index.php\\\/2025\\\/08\\\/14\\\/el-camino-a-la-montana-sagrada-viaje-espiritual-y-humano\\\/#respond\"]}]},{\"@type\":\"WebPage\",\"@id\":\"https:\\\/\\\/zeromagazine.mx\\\/index.php\\\/2025\\\/08\\\/14\\\/el-camino-a-la-montana-sagrada-viaje-espiritual-y-humano\\\/\",\"url\":\"https:\\\/\\\/zeromagazine.mx\\\/index.php\\\/2025\\\/08\\\/14\\\/el-camino-a-la-montana-sagrada-viaje-espiritual-y-humano\\\/\",\"name\":\"El Camino a la Monta\u00f1a Sagrada: viaje espiritual y humano - Zero Magazine\",\"isPartOf\":{\"@id\":\"https:\\\/\\\/zeromagazine.mx\\\/#website\"},\"primaryImageOfPage\":{\"@id\":\"https:\\\/\\\/zeromagazine.mx\\\/index.php\\\/2025\\\/08\\\/14\\\/el-camino-a-la-montana-sagrada-viaje-espiritual-y-humano\\\/#primaryimage\"},\"image\":{\"@id\":\"https:\\\/\\\/zeromagazine.mx\\\/index.php\\\/2025\\\/08\\\/14\\\/el-camino-a-la-montana-sagrada-viaje-espiritual-y-humano\\\/#primaryimage\"},\"thumbnailUrl\":\"https:\\\/\\\/i0.wp.com\\\/zeromagazine.mx\\\/wp-content\\\/uploads\\\/2025\\\/08\\\/img_6138-1.jpg?fit=2000%2C1500&ssl=1\",\"datePublished\":\"2025-08-14T19:59:40+00:00\",\"breadcrumb\":{\"@id\":\"https:\\\/\\\/zeromagazine.mx\\\/index.php\\\/2025\\\/08\\\/14\\\/el-camino-a-la-montana-sagrada-viaje-espiritual-y-humano\\\/#breadcrumb\"},\"inLanguage\":\"es\",\"potentialAction\":[{\"@type\":\"ReadAction\",\"target\":[\"https:\\\/\\\/zeromagazine.mx\\\/index.php\\\/2025\\\/08\\\/14\\\/el-camino-a-la-montana-sagrada-viaje-espiritual-y-humano\\\/\"]}]},{\"@type\":\"ImageObject\",\"inLanguage\":\"es\",\"@id\":\"https:\\\/\\\/zeromagazine.mx\\\/index.php\\\/2025\\\/08\\\/14\\\/el-camino-a-la-montana-sagrada-viaje-espiritual-y-humano\\\/#primaryimage\",\"url\":\"https:\\\/\\\/i0.wp.com\\\/zeromagazine.mx\\\/wp-content\\\/uploads\\\/2025\\\/08\\\/img_6138-1.jpg?fit=2000%2C1500&ssl=1\",\"contentUrl\":\"https:\\\/\\\/i0.wp.com\\\/zeromagazine.mx\\\/wp-content\\\/uploads\\\/2025\\\/08\\\/img_6138-1.jpg?fit=2000%2C1500&ssl=1\",\"width\":2000,\"height\":1500},{\"@type\":\"BreadcrumbList\",\"@id\":\"https:\\\/\\\/zeromagazine.mx\\\/index.php\\\/2025\\\/08\\\/14\\\/el-camino-a-la-montana-sagrada-viaje-espiritual-y-humano\\\/#breadcrumb\",\"itemListElement\":[{\"@type\":\"ListItem\",\"position\":1,\"name\":\"Portada\",\"item\":\"https:\\\/\\\/zeromagazine.mx\\\/\"},{\"@type\":\"ListItem\",\"position\":2,\"name\":\"El Camino a la Monta\u00f1a Sagrada: viaje espiritual y humano\"}]},{\"@type\":\"WebSite\",\"@id\":\"https:\\\/\\\/zeromagazine.mx\\\/#website\",\"url\":\"https:\\\/\\\/zeromagazine.mx\\\/\",\"name\":\"Zero Magazine\",\"description\":\"\",\"publisher\":{\"@id\":\"https:\\\/\\\/zeromagazine.mx\\\/#organization\"},\"potentialAction\":[{\"@type\":\"SearchAction\",\"target\":{\"@type\":\"EntryPoint\",\"urlTemplate\":\"https:\\\/\\\/zeromagazine.mx\\\/?s={search_term_string}\"},\"query-input\":{\"@type\":\"PropertyValueSpecification\",\"valueRequired\":true,\"valueName\":\"search_term_string\"}}],\"inLanguage\":\"es\"},{\"@type\":\"Organization\",\"@id\":\"https:\\\/\\\/zeromagazine.mx\\\/#organization\",\"name\":\"Zero Magazine\",\"url\":\"https:\\\/\\\/zeromagazine.mx\\\/\",\"logo\":{\"@type\":\"ImageObject\",\"inLanguage\":\"es\",\"@id\":\"https:\\\/\\\/zeromagazine.mx\\\/#\\\/schema\\\/logo\\\/image\\\/\",\"url\":\"https:\\\/\\\/i0.wp.com\\\/zeromagazine.mx\\\/wp-content\\\/uploads\\\/2025\\\/11\\\/1.jpeg?fit=1000%2C1000&ssl=1\",\"contentUrl\":\"https:\\\/\\\/i0.wp.com\\\/zeromagazine.mx\\\/wp-content\\\/uploads\\\/2025\\\/11\\\/1.jpeg?fit=1000%2C1000&ssl=1\",\"width\":1000,\"height\":1000,\"caption\":\"Zero Magazine\"},\"image\":{\"@id\":\"https:\\\/\\\/zeromagazine.mx\\\/#\\\/schema\\\/logo\\\/image\\\/\"},\"sameAs\":[\"https:\\\/\\\/instagram.com\\\/zeromagazinemx\"]},{\"@type\":\"Person\",\"@id\":\"https:\\\/\\\/zeromagazine.mx\\\/#\\\/schema\\\/person\\\/9f7f1a17c60ba8e9980e3e6677aabe5a\",\"name\":\"David Morales\",\"image\":{\"@type\":\"ImageObject\",\"inLanguage\":\"es\",\"@id\":\"https:\\\/\\\/zeromagazine.mx\\\/wp-content\\\/litespeed\\\/avatar\\\/76069d2136bfc1c37dc34815bb67ca42.jpg?ver=1777571067\",\"url\":\"https:\\\/\\\/zeromagazine.mx\\\/wp-content\\\/litespeed\\\/avatar\\\/76069d2136bfc1c37dc34815bb67ca42.jpg?ver=1777571067\",\"contentUrl\":\"https:\\\/\\\/zeromagazine.mx\\\/wp-content\\\/litespeed\\\/avatar\\\/76069d2136bfc1c37dc34815bb67ca42.jpg?ver=1777571067\",\"caption\":\"David Morales\"},\"url\":\"https:\\\/\\\/zeromagazine.mx\\\/index.php\\\/author\\\/david\\\/\"}]}<\/script>\n<!-- \/ Yoast SEO plugin. -->","yoast_head_json":{"title":"El Camino a la Monta\u00f1a Sagrada: viaje espiritual y humano - Zero Magazine","robots":{"index":"index","follow":"follow","max-snippet":"max-snippet:-1","max-image-preview":"max-image-preview:large","max-video-preview":"max-video-preview:-1"},"canonical":"https:\/\/zeromagazine.mx\/index.php\/2025\/08\/14\/el-camino-a-la-montana-sagrada-viaje-espiritual-y-humano\/","og_locale":"es_ES","og_type":"article","og_title":"El Camino a la Monta\u00f1a Sagrada: viaje espiritual y humano - Zero Magazine","og_description":"Entre p\u00e1ginas que huelen a tierra h\u00fameda y caminos polvorientos, Paty Benedict y Alain nos invitan a recorrer El Camino a la Monta\u00f1a Sagrada, una obra que mezcla lo m\u00edstico, lo humano y lo trascendental. La presentaci\u00f3n del libro se convirti\u00f3 en una experiencia emotiva, donde la espiritualidad y las vivencias terrenales se entrelazaron con [&hellip;]","og_url":"https:\/\/zeromagazine.mx\/index.php\/2025\/08\/14\/el-camino-a-la-montana-sagrada-viaje-espiritual-y-humano\/","og_site_name":"Zero Magazine","article_published_time":"2025-08-14T19:59:40+00:00","og_image":[{"url":"https:\/\/zeromagazine.mx\/wp-content\/uploads\/2025\/08\/img_6153-682x1024.jpg","type":"","width":"","height":""}],"author":"David Morales","twitter_card":"summary_large_image","twitter_misc":{"Escrito por":"David Morales","Tiempo de lectura":"2 minutos"},"schema":{"@context":"https:\/\/schema.org","@graph":[{"@type":"Article","@id":"https:\/\/zeromagazine.mx\/index.php\/2025\/08\/14\/el-camino-a-la-montana-sagrada-viaje-espiritual-y-humano\/#article","isPartOf":{"@id":"https:\/\/zeromagazine.mx\/index.php\/2025\/08\/14\/el-camino-a-la-montana-sagrada-viaje-espiritual-y-humano\/"},"author":{"name":"David Morales","@id":"https:\/\/zeromagazine.mx\/#\/schema\/person\/9f7f1a17c60ba8e9980e3e6677aabe5a"},"headline":"El Camino a la Monta\u00f1a Sagrada: viaje espiritual y humano","datePublished":"2025-08-14T19:59:40+00:00","mainEntityOfPage":{"@id":"https:\/\/zeromagazine.mx\/index.php\/2025\/08\/14\/el-camino-a-la-montana-sagrada-viaje-espiritual-y-humano\/"},"wordCount":498,"commentCount":0,"publisher":{"@id":"https:\/\/zeromagazine.mx\/#organization"},"image":{"@id":"https:\/\/zeromagazine.mx\/index.php\/2025\/08\/14\/el-camino-a-la-montana-sagrada-viaje-espiritual-y-humano\/#primaryimage"},"thumbnailUrl":"https:\/\/i0.wp.com\/zeromagazine.mx\/wp-content\/uploads\/2025\/08\/img_6138-1.jpg?fit=2000%2C1500&ssl=1","articleSection":["Cultura"],"inLanguage":"es","potentialAction":[{"@type":"CommentAction","name":"Comment","target":["https:\/\/zeromagazine.mx\/index.php\/2025\/08\/14\/el-camino-a-la-montana-sagrada-viaje-espiritual-y-humano\/#respond"]}]},{"@type":"WebPage","@id":"https:\/\/zeromagazine.mx\/index.php\/2025\/08\/14\/el-camino-a-la-montana-sagrada-viaje-espiritual-y-humano\/","url":"https:\/\/zeromagazine.mx\/index.php\/2025\/08\/14\/el-camino-a-la-montana-sagrada-viaje-espiritual-y-humano\/","name":"El Camino a la Monta\u00f1a Sagrada: viaje espiritual y humano - Zero Magazine","isPartOf":{"@id":"https:\/\/zeromagazine.mx\/#website"},"primaryImageOfPage":{"@id":"https:\/\/zeromagazine.mx\/index.php\/2025\/08\/14\/el-camino-a-la-montana-sagrada-viaje-espiritual-y-humano\/#primaryimage"},"image":{"@id":"https:\/\/zeromagazine.mx\/index.php\/2025\/08\/14\/el-camino-a-la-montana-sagrada-viaje-espiritual-y-humano\/#primaryimage"},"thumbnailUrl":"https:\/\/i0.wp.com\/zeromagazine.mx\/wp-content\/uploads\/2025\/08\/img_6138-1.jpg?fit=2000%2C1500&ssl=1","datePublished":"2025-08-14T19:59:40+00:00","breadcrumb":{"@id":"https:\/\/zeromagazine.mx\/index.php\/2025\/08\/14\/el-camino-a-la-montana-sagrada-viaje-espiritual-y-humano\/#breadcrumb"},"inLanguage":"es","potentialAction":[{"@type":"ReadAction","target":["https:\/\/zeromagazine.mx\/index.php\/2025\/08\/14\/el-camino-a-la-montana-sagrada-viaje-espiritual-y-humano\/"]}]},{"@type":"ImageObject","inLanguage":"es","@id":"https:\/\/zeromagazine.mx\/index.php\/2025\/08\/14\/el-camino-a-la-montana-sagrada-viaje-espiritual-y-humano\/#primaryimage","url":"https:\/\/i0.wp.com\/zeromagazine.mx\/wp-content\/uploads\/2025\/08\/img_6138-1.jpg?fit=2000%2C1500&ssl=1","contentUrl":"https:\/\/i0.wp.com\/zeromagazine.mx\/wp-content\/uploads\/2025\/08\/img_6138-1.jpg?fit=2000%2C1500&ssl=1","width":2000,"height":1500},{"@type":"BreadcrumbList","@id":"https:\/\/zeromagazine.mx\/index.php\/2025\/08\/14\/el-camino-a-la-montana-sagrada-viaje-espiritual-y-humano\/#breadcrumb","itemListElement":[{"@type":"ListItem","position":1,"name":"Portada","item":"https:\/\/zeromagazine.mx\/"},{"@type":"ListItem","position":2,"name":"El Camino a la Monta\u00f1a Sagrada: viaje espiritual y humano"}]},{"@type":"WebSite","@id":"https:\/\/zeromagazine.mx\/#website","url":"https:\/\/zeromagazine.mx\/","name":"Zero Magazine","description":"","publisher":{"@id":"https:\/\/zeromagazine.mx\/#organization"},"potentialAction":[{"@type":"SearchAction","target":{"@type":"EntryPoint","urlTemplate":"https:\/\/zeromagazine.mx\/?s={search_term_string}"},"query-input":{"@type":"PropertyValueSpecification","valueRequired":true,"valueName":"search_term_string"}}],"inLanguage":"es"},{"@type":"Organization","@id":"https:\/\/zeromagazine.mx\/#organization","name":"Zero Magazine","url":"https:\/\/zeromagazine.mx\/","logo":{"@type":"ImageObject","inLanguage":"es","@id":"https:\/\/zeromagazine.mx\/#\/schema\/logo\/image\/","url":"https:\/\/i0.wp.com\/zeromagazine.mx\/wp-content\/uploads\/2025\/11\/1.jpeg?fit=1000%2C1000&ssl=1","contentUrl":"https:\/\/i0.wp.com\/zeromagazine.mx\/wp-content\/uploads\/2025\/11\/1.jpeg?fit=1000%2C1000&ssl=1","width":1000,"height":1000,"caption":"Zero Magazine"},"image":{"@id":"https:\/\/zeromagazine.mx\/#\/schema\/logo\/image\/"},"sameAs":["https:\/\/instagram.com\/zeromagazinemx"]},{"@type":"Person","@id":"https:\/\/zeromagazine.mx\/#\/schema\/person\/9f7f1a17c60ba8e9980e3e6677aabe5a","name":"David Morales","image":{"@type":"ImageObject","inLanguage":"es","@id":"https:\/\/zeromagazine.mx\/wp-content\/litespeed\/avatar\/76069d2136bfc1c37dc34815bb67ca42.jpg?ver=1777571067","url":"https:\/\/zeromagazine.mx\/wp-content\/litespeed\/avatar\/76069d2136bfc1c37dc34815bb67ca42.jpg?ver=1777571067","contentUrl":"https:\/\/zeromagazine.mx\/wp-content\/litespeed\/avatar\/76069d2136bfc1c37dc34815bb67ca42.jpg?ver=1777571067","caption":"David Morales"},"url":"https:\/\/zeromagazine.mx\/index.php\/author\/david\/"}]}},"jetpack_publicize_connections":[],"jetpack_featured_media_url":"https:\/\/i0.wp.com\/zeromagazine.mx\/wp-content\/uploads\/2025\/08\/img_6138-1.jpg?fit=2000%2C1500&ssl=1","jetpack-related-posts":[{"id":73213,"url":"https:\/\/zeromagazine.mx\/index.php\/2024\/04\/04\/renault-x-charly\/","url_meta":{"origin":107324,"position":0},"title":"Renault x CHARLY","author":"zeromagazinemx","date":"4 de abril de 2024","format":false,"excerpt":"Renault M\u00e9xico est\u00e1 en onda total con una colecci\u00f3n de ropa s\u00faper cool en colaboraci\u00f3n con Charly! Imag\u00ednense, prendas que combinan la elegancia francesa con la creatividad mexicana, \u00a1qu\u00e9 onda! As\u00ed que, prep\u00e1rense para lucir con mucho estilo tanto en las calles como en la pista. Ahora, d\u00e9jenme contarles m\u00e1s\u2026","rel":"","context":"En \u00abModa\u00bb","block_context":{"text":"Moda","link":"https:\/\/zeromagazine.mx\/index.php\/category\/moda\/"},"img":{"alt_text":"","src":"https:\/\/i0.wp.com\/zeromagazine.mx\/wp-content\/uploads\/2024\/04\/CHARLY-RENAULT-3.jpg?fit=1200%2C800&ssl=1&resize=350%2C200","width":350,"height":200,"srcset":"https:\/\/i0.wp.com\/zeromagazine.mx\/wp-content\/uploads\/2024\/04\/CHARLY-RENAULT-3.jpg?fit=1200%2C800&ssl=1&resize=350%2C200 1x, https:\/\/i0.wp.com\/zeromagazine.mx\/wp-content\/uploads\/2024\/04\/CHARLY-RENAULT-3.jpg?fit=1200%2C800&ssl=1&resize=525%2C300 1.5x, https:\/\/i0.wp.com\/zeromagazine.mx\/wp-content\/uploads\/2024\/04\/CHARLY-RENAULT-3.jpg?fit=1200%2C800&ssl=1&resize=700%2C400 2x, https:\/\/i0.wp.com\/zeromagazine.mx\/wp-content\/uploads\/2024\/04\/CHARLY-RENAULT-3.jpg?fit=1200%2C800&ssl=1&resize=1050%2C600 3x"},"classes":[]},{"id":73984,"url":"https:\/\/zeromagazine.mx\/index.php\/2024\/04\/15\/la-nueva-obra-maestra-de-yorgos-lanthimos\/","url_meta":{"origin":107324,"position":1},"title":"La Nueva Obra Maestra de Yorgos Lanthimos","author":"zeromagazinemx","date":"15 de abril de 2024","format":false,"excerpt":"Prep\u00e1rense porque el Festival Internacional de Cine de Cannes est\u00e1 a punto de estallar con el estreno mundial de \"Tipos de Gentileza\", la nueva obra maestra del genio del cine contempor\u00e1neo, Yorgos Lanthimos. Despu\u00e9s de arrasar con \"Pobres Criaturas\", Searchlight Pictures nos trae esta f\u00e1bula tr\u00edptica que promete dejarnos con\u2026","rel":"","context":"En \u00abCine\u00bb","block_context":{"text":"Cine","link":"https:\/\/zeromagazine.mx\/index.php\/category\/entretenimiento\/cine\/"},"img":{"alt_text":"","src":"https:\/\/i0.wp.com\/zeromagazine.mx\/wp-content\/uploads\/2024\/04\/005_AND_20221208-00309-scaled.jpg?fit=1200%2C800&ssl=1&resize=350%2C200","width":350,"height":200,"srcset":"https:\/\/i0.wp.com\/zeromagazine.mx\/wp-content\/uploads\/2024\/04\/005_AND_20221208-00309-scaled.jpg?fit=1200%2C800&ssl=1&resize=350%2C200 1x, https:\/\/i0.wp.com\/zeromagazine.mx\/wp-content\/uploads\/2024\/04\/005_AND_20221208-00309-scaled.jpg?fit=1200%2C800&ssl=1&resize=525%2C300 1.5x, https:\/\/i0.wp.com\/zeromagazine.mx\/wp-content\/uploads\/2024\/04\/005_AND_20221208-00309-scaled.jpg?fit=1200%2C800&ssl=1&resize=700%2C400 2x, https:\/\/i0.wp.com\/zeromagazine.mx\/wp-content\/uploads\/2024\/04\/005_AND_20221208-00309-scaled.jpg?fit=1200%2C800&ssl=1&resize=1050%2C600 3x"},"classes":[]},{"id":114842,"url":"https:\/\/zeromagazine.mx\/index.php\/2026\/02\/05\/documental-el-ultimo-maestro-resena-critica\/","url_meta":{"origin":107324,"position":2},"title":"Documental El \u00daltimo Maestro revela ra\u00edces","author":"zeromagazinemx","date":"5 de febrero de 2026","format":false,"excerpt":"Hay documentales que informan y otros que incomodan. El documental El \u00daltimo Maestro hace ambas cosas, pero adem\u00e1s se atreve a algo m\u00e1s dif\u00edcil: pedirte que escuches sin prejuicio. Desde su premiere en la Cineteca Nacional de las Artes, queda claro que este proyecto no busca ser neutral ni decorativo.\u2026","rel":"","context":"En \u00abBlog\u00bb","block_context":{"text":"Blog","link":"https:\/\/zeromagazine.mx\/index.php\/category\/blog\/"},"img":{"alt_text":"","src":"https:\/\/i0.wp.com\/zeromagazine.mx\/wp-content\/uploads\/2026\/02\/retouch_2026020319092487.jpg-scaled.jpeg?fit=915%2C1200&ssl=1&resize=350%2C200","width":350,"height":200,"srcset":"https:\/\/i0.wp.com\/zeromagazine.mx\/wp-content\/uploads\/2026\/02\/retouch_2026020319092487.jpg-scaled.jpeg?fit=915%2C1200&ssl=1&resize=350%2C200 1x, https:\/\/i0.wp.com\/zeromagazine.mx\/wp-content\/uploads\/2026\/02\/retouch_2026020319092487.jpg-scaled.jpeg?fit=915%2C1200&ssl=1&resize=525%2C300 1.5x, https:\/\/i0.wp.com\/zeromagazine.mx\/wp-content\/uploads\/2026\/02\/retouch_2026020319092487.jpg-scaled.jpeg?fit=915%2C1200&ssl=1&resize=700%2C400 2x"},"classes":[]},{"id":76447,"url":"https:\/\/zeromagazine.mx\/index.php\/2024\/05\/23\/empresas-suizas-y-derechos-humanos-en-mexico\/","url_meta":{"origin":107324,"position":3},"title":"Empresas Suizas y Derechos Humanos en M\u00e9xico","author":"zeromagazinemx","date":"23 de mayo de 2024","format":false,"excerpt":"La Embajada de Suiza y la Cohesi\u00f3n Comunitaria e Innovaci\u00f3n Social (CCIS A.C.) han unido fuerzas en un esfuerzo incre\u00edble para impulsar el respeto de los Derechos Humanos en las operaciones empresariales aqu\u00ed en M\u00e9xico. S\u00ed, lo has escuchado bien, \u00a1un verdadero cambio est\u00e1 en marcha! El reciente Foro Empresas\u2026","rel":"","context":"En \u00abBienestar\u00bb","block_context":{"text":"Bienestar","link":"https:\/\/zeromagazine.mx\/index.php\/category\/lifestyle\/bienestar\/"},"img":{"alt_text":"","src":"https:\/\/i0.wp.com\/zeromagazine.mx\/wp-content\/uploads\/2024\/05\/unnamed-66.jpg?fit=1200%2C800&ssl=1&resize=350%2C200","width":350,"height":200,"srcset":"https:\/\/i0.wp.com\/zeromagazine.mx\/wp-content\/uploads\/2024\/05\/unnamed-66.jpg?fit=1200%2C800&ssl=1&resize=350%2C200 1x, https:\/\/i0.wp.com\/zeromagazine.mx\/wp-content\/uploads\/2024\/05\/unnamed-66.jpg?fit=1200%2C800&ssl=1&resize=525%2C300 1.5x, https:\/\/i0.wp.com\/zeromagazine.mx\/wp-content\/uploads\/2024\/05\/unnamed-66.jpg?fit=1200%2C800&ssl=1&resize=700%2C400 2x, https:\/\/i0.wp.com\/zeromagazine.mx\/wp-content\/uploads\/2024\/05\/unnamed-66.jpg?fit=1200%2C800&ssl=1&resize=1050%2C600 3x"},"classes":[]},{"id":94353,"url":"https:\/\/zeromagazine.mx\/index.php\/2025\/01\/08\/explora-turquia-con-turkish-airlines\/","url_meta":{"origin":107324,"position":4},"title":"Explora Turqu\u00eda con Turkish Airlines","author":"zeromagazinemx","date":"8 de enero de 2025","format":false,"excerpt":"Explora Turqu\u00eda como nunca Explora Turqu\u00eda como nunca . \u00a1Hey, amix! Si alguna vez so\u00f1aste con perderte en un destino que lo tiene todo historia, naturaleza, vibes \u00fanicas, Turqu\u00eda es tu lugar. Sure, todos conocen Capadocia y Pamukkale (y obvi son hermosos), pero hoy te traigo un plan m\u00e1s cool:\u2026","rel":"","context":"En \u00abViajes\u00bb","block_context":{"text":"Viajes","link":"https:\/\/zeromagazine.mx\/index.php\/category\/lugares\/"},"img":{"alt_text":"","src":"https:\/\/i0.wp.com\/zeromagazine.mx\/wp-content\/uploads\/2025\/01\/sumela-monasteryb.jpeg?fit=1200%2C859&ssl=1&resize=350%2C200","width":350,"height":200,"srcset":"https:\/\/i0.wp.com\/zeromagazine.mx\/wp-content\/uploads\/2025\/01\/sumela-monasteryb.jpeg?fit=1200%2C859&ssl=1&resize=350%2C200 1x, https:\/\/i0.wp.com\/zeromagazine.mx\/wp-content\/uploads\/2025\/01\/sumela-monasteryb.jpeg?fit=1200%2C859&ssl=1&resize=525%2C300 1.5x, https:\/\/i0.wp.com\/zeromagazine.mx\/wp-content\/uploads\/2025\/01\/sumela-monasteryb.jpeg?fit=1200%2C859&ssl=1&resize=700%2C400 2x, https:\/\/i0.wp.com\/zeromagazine.mx\/wp-content\/uploads\/2025\/01\/sumela-monasteryb.jpeg?fit=1200%2C859&ssl=1&resize=1050%2C600 3x"},"classes":[]},{"id":89946,"url":"https:\/\/zeromagazine.mx\/index.php\/2024\/11\/08\/bienvenidos-a-el-santuario\/","url_meta":{"origin":107324,"position":5},"title":"El Santuario: M\u00e1s Que un Resort","author":"David Morales","date":"8 de noviembre de 2024","format":false,"excerpt":"El Santuario es much\u00edsimo m\u00e1s que un resort de lujo; es una puerta a una experiencia espiritual y profunda en Valle de Bravo. Desde el primer momento en que entras y te recibe la Fuente del Cisne, sabes que este lugar tiene algo especial. No es solo un espacio f\u00edsico,\u2026","rel":"","context":"En \u00abDise\u00f1o\u00bb","block_context":{"text":"Dise\u00f1o","link":"https:\/\/zeromagazine.mx\/index.php\/category\/diseno\/"},"img":{"alt_text":"","src":"https:\/\/i0.wp.com\/zeromagazine.mx\/wp-content\/uploads\/2024\/11\/IMG_0442-scaled.jpeg?fit=900%2C1200&ssl=1&resize=350%2C200","width":350,"height":200,"srcset":"https:\/\/i0.wp.com\/zeromagazine.mx\/wp-content\/uploads\/2024\/11\/IMG_0442-scaled.jpeg?fit=900%2C1200&ssl=1&resize=350%2C200 1x, https:\/\/i0.wp.com\/zeromagazine.mx\/wp-content\/uploads\/2024\/11\/IMG_0442-scaled.jpeg?fit=900%2C1200&ssl=1&resize=525%2C300 1.5x, https:\/\/i0.wp.com\/zeromagazine.mx\/wp-content\/uploads\/2024\/11\/IMG_0442-scaled.jpeg?fit=900%2C1200&ssl=1&resize=700%2C400 2x"},"classes":[]}],"jetpack_sharing_enabled":true,"builder_content":"","_links":{"self":[{"href":"https:\/\/zeromagazine.mx\/index.php\/wp-json\/wp\/v2\/posts\/107324","targetHints":{"allow":["GET"]}}],"collection":[{"href":"https:\/\/zeromagazine.mx\/index.php\/wp-json\/wp\/v2\/posts"}],"about":[{"href":"https:\/\/zeromagazine.mx\/index.php\/wp-json\/wp\/v2\/types\/post"}],"author":[{"embeddable":true,"href":"https:\/\/zeromagazine.mx\/index.php\/wp-json\/wp\/v2\/users\/4"}],"replies":[{"embeddable":true,"href":"https:\/\/zeromagazine.mx\/index.php\/wp-json\/wp\/v2\/comments?post=107324"}],"version-history":[{"count":0,"href":"https:\/\/zeromagazine.mx\/index.php\/wp-json\/wp\/v2\/posts\/107324\/revisions"}],"wp:featuredmedia":[{"embeddable":true,"href":"https:\/\/zeromagazine.mx\/index.php\/wp-json\/wp\/v2\/media\/107323"}],"wp:attachment":[{"href":"https:\/\/zeromagazine.mx\/index.php\/wp-json\/wp\/v2\/media?parent=107324"}],"wp:term":[{"taxonomy":"category","embeddable":true,"href":"https:\/\/zeromagazine.mx\/index.php\/wp-json\/wp\/v2\/categories?post=107324"},{"taxonomy":"post_tag","embeddable":true,"href":"https:\/\/zeromagazine.mx\/index.php\/wp-json\/wp\/v2\/tags?post=107324"}],"curies":[{"name":"wp","href":"https:\/\/api.w.org\/{rel}","templated":true}]}}