{"id":108062,"date":"2025-09-16T22:36:18","date_gmt":"2025-09-17T04:36:18","guid":{"rendered":"https:\/\/zeromagazine.mx\/?p=108062"},"modified":"2025-09-16T22:36:20","modified_gmt":"2025-09-17T04:36:20","slug":"glass-hair-con-neqi","status":"publish","type":"post","link":"https:\/\/zeromagazine.mx\/index.php\/2025\/09\/16\/glass-hair-con-neqi\/","title":{"rendered":"Glass Hair con NEQI: brillo que enamora"},"content":{"rendered":"<!--themify_builder_content-->\n<div id=\"themify_builder_content-108062\" data-postid=\"108062\" class=\"themify_builder_content themify_builder_content-108062 themify_builder tf_clear\">\n    <\/div>\n<!--\/themify_builder_content-->\n\n\n<p>Te confieso algo: pocas veces un producto capilar me hab\u00eda sorprendido tanto como&nbsp;<strong>NEQI<\/strong>. Lo prob\u00e9 hace unas semanas porque buscaba ese acabado&nbsp;<em>glass hair<\/em>&nbsp;que ves en editoriales y pasarelas, y ahora no imagino mi rutina sin \u00e9l. No es solo que mi cabello se vea m\u00e1s brillante, es que se siente nutrido, fuerte y ligero al mismo tiempo.<\/p>\n\n\n\n<figure class=\"wp-block-image size-full\"><img data-recalc-dims=\"1\" decoding=\"async\" width=\"1165\" height=\"1165\" src=\"https:\/\/i0.wp.com\/zeromagazine.mx\/wp-content\/uploads\/2025\/09\/Diamond_Glass_AllHair_4063528078469.webp?resize=1165%2C1165&#038;ssl=1\" alt=\"\" class=\"wp-image-108063\" srcset=\"https:\/\/i0.wp.com\/zeromagazine.mx\/wp-content\/uploads\/2025\/09\/Diamond_Glass_AllHair_4063528078469.webp?w=2500&amp;ssl=1 2500w, https:\/\/i0.wp.com\/zeromagazine.mx\/wp-content\/uploads\/2025\/09\/Diamond_Glass_AllHair_4063528078469.webp?resize=300%2C300&amp;ssl=1 300w, https:\/\/i0.wp.com\/zeromagazine.mx\/wp-content\/uploads\/2025\/09\/Diamond_Glass_AllHair_4063528078469.webp?resize=1024%2C1024&amp;ssl=1 1024w, https:\/\/i0.wp.com\/zeromagazine.mx\/wp-content\/uploads\/2025\/09\/Diamond_Glass_AllHair_4063528078469.webp?resize=150%2C150&amp;ssl=1 150w, https:\/\/i0.wp.com\/zeromagazine.mx\/wp-content\/uploads\/2025\/09\/Diamond_Glass_AllHair_4063528078469.webp?resize=768%2C768&amp;ssl=1 768w, https:\/\/i0.wp.com\/zeromagazine.mx\/wp-content\/uploads\/2025\/09\/Diamond_Glass_AllHair_4063528078469.webp?resize=1536%2C1536&amp;ssl=1 1536w, https:\/\/i0.wp.com\/zeromagazine.mx\/wp-content\/uploads\/2025\/09\/Diamond_Glass_AllHair_4063528078469.webp?resize=2048%2C2048&amp;ssl=1 2048w, https:\/\/i0.wp.com\/zeromagazine.mx\/wp-content\/uploads\/2025\/09\/Diamond_Glass_AllHair_4063528078469.webp?w=2330 2330w\" sizes=\"(max-width: 1165px) 100vw, 1165px\" \/><\/figure>\n\n\n\n<p>Desde la primera aplicaci\u00f3n entend\u00ed que NEQI no es \u201cotro producto de lujo\u201d. Es toda una experiencia sensorial. La fragancia creada por Alberto Morillas \u2014s\u00ed, el mismo genio detr\u00e1s de CK One y Acqua di Gio\u2014 hace que cada vez que me aplico el spray, mi cabello huela a algo premium, elegante y fresco. Notas verdes de grosella, un coraz\u00f3n floral y un fondo amaderado crean una vibra que no se parece a nada que haya probado antes en un producto para el pelo.<\/p>\n\n\n\n<h2 class=\"wp-block-heading\">Glass Hair: brillo con protecci\u00f3n real<\/h2>\n\n\n\n<p>Lo que m\u00e1s me atrap\u00f3 fue el&nbsp;<strong>Diamond Glass Spray<\/strong>. Suena fancy, y lo es, pero tambi\u00e9n es s\u00faper pr\u00e1ctico. Sus pol\u00edmeros activados por calor dejan el cabello con un brillo espejo que refleja la luz como cristal, y al mismo tiempo lo protegen contra humedad y herramientas t\u00e9rmicas. Y lo mejor: el efecto dura varias lavadas.<\/p>\n\n\n\n<figure class=\"wp-block-image size-full\"><img data-recalc-dims=\"1\" decoding=\"async\" width=\"1165\" height=\"1165\" src=\"https:\/\/i0.wp.com\/zeromagazine.mx\/wp-content\/uploads\/2025\/09\/NEQI_DG-Ultimate_Mono-BG_Front_001.png?resize=1165%2C1165&#038;ssl=1\" alt=\"\" class=\"wp-image-108065\" srcset=\"https:\/\/i0.wp.com\/zeromagazine.mx\/wp-content\/uploads\/2025\/09\/NEQI_DG-Ultimate_Mono-BG_Front_001.png?w=6000&amp;ssl=1 6000w, https:\/\/i0.wp.com\/zeromagazine.mx\/wp-content\/uploads\/2025\/09\/NEQI_DG-Ultimate_Mono-BG_Front_001.png?resize=300%2C300&amp;ssl=1 300w, https:\/\/i0.wp.com\/zeromagazine.mx\/wp-content\/uploads\/2025\/09\/NEQI_DG-Ultimate_Mono-BG_Front_001.png?resize=1024%2C1024&amp;ssl=1 1024w, https:\/\/i0.wp.com\/zeromagazine.mx\/wp-content\/uploads\/2025\/09\/NEQI_DG-Ultimate_Mono-BG_Front_001.png?resize=150%2C150&amp;ssl=1 150w, https:\/\/i0.wp.com\/zeromagazine.mx\/wp-content\/uploads\/2025\/09\/NEQI_DG-Ultimate_Mono-BG_Front_001.png?resize=768%2C768&amp;ssl=1 768w, https:\/\/i0.wp.com\/zeromagazine.mx\/wp-content\/uploads\/2025\/09\/NEQI_DG-Ultimate_Mono-BG_Front_001.png?resize=1536%2C1536&amp;ssl=1 1536w, https:\/\/i0.wp.com\/zeromagazine.mx\/wp-content\/uploads\/2025\/09\/NEQI_DG-Ultimate_Mono-BG_Front_001.png?resize=2048%2C2048&amp;ssl=1 2048w, https:\/\/i0.wp.com\/zeromagazine.mx\/wp-content\/uploads\/2025\/09\/NEQI_DG-Ultimate_Mono-BG_Front_001.png?w=2330 2330w, https:\/\/i0.wp.com\/zeromagazine.mx\/wp-content\/uploads\/2025\/09\/NEQI_DG-Ultimate_Mono-BG_Front_001.png?w=3495 3495w\" sizes=\"(max-width: 1165px) 100vw, 1165px\" \/><\/figure>\n\n\n\n<p>Lo he usado con plancha, con secadora y hasta en d\u00edas lluviosos, y mi cabello se mantiene suave, sedoso y sin frizz. La f\u00f3rmula es vegana, libre de sulfatos y funciona en todo tipo de cabello, ya sea liso, rizado, fino o grueso. Literalmente hace que el agua resbale como si tuvieras un escudo invisible en cada hebra.<\/p>\n\n\n\n<h2 class=\"wp-block-heading\">NEQI: lujo que se siente en cada detalle<\/h2>\n\n\n\n<p>M\u00e1s all\u00e1 del acabado glass hair, lo que me encanta es c\u00f3mo NEQI cuida de adentro hacia afuera. Su mezcla de hemisqualane, p\u00e9ptidos de avena org\u00e1nica y extractos de goji, malva y monoi fortalecen la fibra capilar, controlan el frizz y devuelven elasticidad. Incluso mis puntas, que normalmente son las primeras en resentirse, se sienten m\u00e1s resistentes.<\/p>\n\n\n\n<figure class=\"wp-block-image size-full\"><img data-recalc-dims=\"1\" decoding=\"async\" width=\"1165\" height=\"1165\" src=\"https:\/\/i0.wp.com\/zeromagazine.mx\/wp-content\/uploads\/2025\/09\/Q1293003_S5.jpeg?resize=1165%2C1165&#038;ssl=1\" alt=\"\" class=\"wp-image-108064\" srcset=\"https:\/\/i0.wp.com\/zeromagazine.mx\/wp-content\/uploads\/2025\/09\/Q1293003_S5.jpeg?w=1500&amp;ssl=1 1500w, https:\/\/i0.wp.com\/zeromagazine.mx\/wp-content\/uploads\/2025\/09\/Q1293003_S5.jpeg?resize=300%2C300&amp;ssl=1 300w, https:\/\/i0.wp.com\/zeromagazine.mx\/wp-content\/uploads\/2025\/09\/Q1293003_S5.jpeg?resize=1024%2C1024&amp;ssl=1 1024w, https:\/\/i0.wp.com\/zeromagazine.mx\/wp-content\/uploads\/2025\/09\/Q1293003_S5.jpeg?resize=150%2C150&amp;ssl=1 150w, https:\/\/i0.wp.com\/zeromagazine.mx\/wp-content\/uploads\/2025\/09\/Q1293003_S5.jpeg?resize=768%2C768&amp;ssl=1 768w\" sizes=\"(max-width: 1165px) 100vw, 1165px\" \/><\/figure>\n\n\n\n<p>Y s\u00ed, hasta el dise\u00f1o del envase hace que quieras tenerlo en tu tocador: bordes biselados, texturas mate y brillo que reflejan esa elegancia atemporal con un toque moderno. Es de esos productos que adem\u00e1s de funcionar, elevan la rutina diaria a un ritual de belleza.<\/p>\n\n\n\n<p>Si quieres un cabello que no solo se vea bien, sino que realmente se transforme,\u00a0<strong>NEQI<\/strong>\u00a0es la respuesta. Yo ya me enamor\u00e9 de mi\u00a0<em>glass hair<\/em>\u00a0y no pienso dejarlo ir. Porque con NEQI, el lujo no solo se ve\u2026 se siente y se huele.<\/p>","protected":false},"excerpt":{"rendered":"<p>Te confieso algo: pocas veces un producto capilar me hab\u00eda sorprendido tanto como&nbsp;NEQI. Lo prob\u00e9 hace unas semanas porque buscaba ese acabado&nbsp;glass hair&nbsp;que ves en editoriales y pasarelas, y ahora no imagino mi rutina sin \u00e9l. No es solo que mi cabello se vea m\u00e1s brillante, es que se siente nutrido, fuerte y ligero al [&hellip;]<\/p>\n","protected":false},"author":4,"featured_media":108066,"comment_status":"open","ping_status":"open","sticky":false,"template":"","format":"standard","meta":{"_jetpack_memberships_contains_paid_content":false,"footnotes":"","jetpack_publicize_message":"","jetpack_publicize_feature_enabled":true,"jetpack_social_post_already_shared":true,"jetpack_social_options":{"image_generator_settings":{"template":"highway","default_image_id":0,"font":"","enabled":false},"version":2}},"categories":[9858],"tags":[],"class_list":["post-108062","post","type-post","status-publish","format-standard","has-post-thumbnail","hentry","category-beauty","has-post-title","has-post-date","has-post-category","has-post-tag","has-post-comment","has-post-author",""],"yoast_head":"<!-- This site is optimized with the Yoast SEO plugin v27.5 - https:\/\/yoast.com\/product\/yoast-seo-wordpress\/ -->\n<title>Glass Hair con NEQI: brillo que enamora - Zero Magazine<\/title>\n<meta name=\"description\" content=\"Glass Hair con NEQI transforma tu melena en un cabello brillante, liso y protegido, con fragancia exclusiva de Alberto Morillas.\" \/>\n<meta name=\"robots\" content=\"index, follow, max-snippet:-1, max-image-preview:large, max-video-preview:-1\" \/>\n<link rel=\"canonical\" href=\"https:\/\/zeromagazine.mx\/index.php\/2025\/09\/16\/glass-hair-con-neqi\/\" \/>\n<meta property=\"og:locale\" content=\"es_ES\" \/>\n<meta property=\"og:type\" content=\"article\" \/>\n<meta property=\"og:title\" content=\"Glass Hair con NEQI: brillo que enamora - Zero Magazine\" \/>\n<meta property=\"og:description\" content=\"Glass Hair con NEQI transforma tu melena en un cabello brillante, liso y protegido, con fragancia exclusiva de Alberto Morillas.\" \/>\n<meta property=\"og:url\" content=\"https:\/\/zeromagazine.mx\/index.php\/2025\/09\/16\/glass-hair-con-neqi\/\" \/>\n<meta property=\"og:site_name\" content=\"Zero Magazine\" \/>\n<meta property=\"article:published_time\" content=\"2025-09-17T04:36:18+00:00\" \/>\n<meta property=\"article:modified_time\" content=\"2025-09-17T04:36:20+00:00\" \/>\n<meta property=\"og:image\" content=\"http:\/\/zeromagazine.mx\/wp-content\/uploads\/2025\/09\/Neqi.webp\" \/>\n\t<meta property=\"og:image:width\" content=\"2500\" \/>\n\t<meta property=\"og:image:height\" content=\"2500\" \/>\n\t<meta property=\"og:image:type\" content=\"image\/webp\" \/>\n<meta name=\"author\" content=\"David Morales\" \/>\n<meta name=\"twitter:card\" content=\"summary_large_image\" \/>\n<meta name=\"twitter:label1\" content=\"Escrito por\" \/>\n\t<meta name=\"twitter:data1\" content=\"David Morales\" \/>\n\t<meta name=\"twitter:label2\" content=\"Tiempo de lectura\" \/>\n\t<meta name=\"twitter:data2\" content=\"3 minutos\" \/>\n<script type=\"application\/ld+json\" class=\"yoast-schema-graph\">{\"@context\":\"https:\\\/\\\/schema.org\",\"@graph\":[{\"@type\":\"Article\",\"@id\":\"https:\\\/\\\/zeromagazine.mx\\\/index.php\\\/2025\\\/09\\\/16\\\/glass-hair-con-neqi\\\/#article\",\"isPartOf\":{\"@id\":\"https:\\\/\\\/zeromagazine.mx\\\/index.php\\\/2025\\\/09\\\/16\\\/glass-hair-con-neqi\\\/\"},\"author\":{\"name\":\"David Morales\",\"@id\":\"https:\\\/\\\/zeromagazine.mx\\\/#\\\/schema\\\/person\\\/9f7f1a17c60ba8e9980e3e6677aabe5a\"},\"headline\":\"Glass Hair con NEQI: brillo que enamora\",\"datePublished\":\"2025-09-17T04:36:18+00:00\",\"dateModified\":\"2025-09-17T04:36:20+00:00\",\"mainEntityOfPage\":{\"@id\":\"https:\\\/\\\/zeromagazine.mx\\\/index.php\\\/2025\\\/09\\\/16\\\/glass-hair-con-neqi\\\/\"},\"wordCount\":454,\"commentCount\":0,\"publisher\":{\"@id\":\"https:\\\/\\\/zeromagazine.mx\\\/#organization\"},\"image\":{\"@id\":\"https:\\\/\\\/zeromagazine.mx\\\/index.php\\\/2025\\\/09\\\/16\\\/glass-hair-con-neqi\\\/#primaryimage\"},\"thumbnailUrl\":\"https:\\\/\\\/i0.wp.com\\\/zeromagazine.mx\\\/wp-content\\\/uploads\\\/2025\\\/09\\\/Neqi.webp?fit=2500%2C2500&ssl=1\",\"articleSection\":[\"Beauty\"],\"inLanguage\":\"es\",\"potentialAction\":[{\"@type\":\"CommentAction\",\"name\":\"Comment\",\"target\":[\"https:\\\/\\\/zeromagazine.mx\\\/index.php\\\/2025\\\/09\\\/16\\\/glass-hair-con-neqi\\\/#respond\"]}]},{\"@type\":\"WebPage\",\"@id\":\"https:\\\/\\\/zeromagazine.mx\\\/index.php\\\/2025\\\/09\\\/16\\\/glass-hair-con-neqi\\\/\",\"url\":\"https:\\\/\\\/zeromagazine.mx\\\/index.php\\\/2025\\\/09\\\/16\\\/glass-hair-con-neqi\\\/\",\"name\":\"Glass Hair con NEQI: brillo que enamora - Zero Magazine\",\"isPartOf\":{\"@id\":\"https:\\\/\\\/zeromagazine.mx\\\/#website\"},\"primaryImageOfPage\":{\"@id\":\"https:\\\/\\\/zeromagazine.mx\\\/index.php\\\/2025\\\/09\\\/16\\\/glass-hair-con-neqi\\\/#primaryimage\"},\"image\":{\"@id\":\"https:\\\/\\\/zeromagazine.mx\\\/index.php\\\/2025\\\/09\\\/16\\\/glass-hair-con-neqi\\\/#primaryimage\"},\"thumbnailUrl\":\"https:\\\/\\\/i0.wp.com\\\/zeromagazine.mx\\\/wp-content\\\/uploads\\\/2025\\\/09\\\/Neqi.webp?fit=2500%2C2500&ssl=1\",\"datePublished\":\"2025-09-17T04:36:18+00:00\",\"dateModified\":\"2025-09-17T04:36:20+00:00\",\"description\":\"Glass Hair con NEQI transforma tu melena en un cabello brillante, liso y protegido, con fragancia exclusiva de Alberto Morillas.\",\"breadcrumb\":{\"@id\":\"https:\\\/\\\/zeromagazine.mx\\\/index.php\\\/2025\\\/09\\\/16\\\/glass-hair-con-neqi\\\/#breadcrumb\"},\"inLanguage\":\"es\",\"potentialAction\":[{\"@type\":\"ReadAction\",\"target\":[\"https:\\\/\\\/zeromagazine.mx\\\/index.php\\\/2025\\\/09\\\/16\\\/glass-hair-con-neqi\\\/\"]}]},{\"@type\":\"ImageObject\",\"inLanguage\":\"es\",\"@id\":\"https:\\\/\\\/zeromagazine.mx\\\/index.php\\\/2025\\\/09\\\/16\\\/glass-hair-con-neqi\\\/#primaryimage\",\"url\":\"https:\\\/\\\/i0.wp.com\\\/zeromagazine.mx\\\/wp-content\\\/uploads\\\/2025\\\/09\\\/Neqi.webp?fit=2500%2C2500&ssl=1\",\"contentUrl\":\"https:\\\/\\\/i0.wp.com\\\/zeromagazine.mx\\\/wp-content\\\/uploads\\\/2025\\\/09\\\/Neqi.webp?fit=2500%2C2500&ssl=1\",\"width\":2500,\"height\":2500},{\"@type\":\"BreadcrumbList\",\"@id\":\"https:\\\/\\\/zeromagazine.mx\\\/index.php\\\/2025\\\/09\\\/16\\\/glass-hair-con-neqi\\\/#breadcrumb\",\"itemListElement\":[{\"@type\":\"ListItem\",\"position\":1,\"name\":\"Portada\",\"item\":\"https:\\\/\\\/zeromagazine.mx\\\/\"},{\"@type\":\"ListItem\",\"position\":2,\"name\":\"Glass Hair con NEQI: brillo que enamora\"}]},{\"@type\":\"WebSite\",\"@id\":\"https:\\\/\\\/zeromagazine.mx\\\/#website\",\"url\":\"https:\\\/\\\/zeromagazine.mx\\\/\",\"name\":\"Zero Magazine\",\"description\":\"\",\"publisher\":{\"@id\":\"https:\\\/\\\/zeromagazine.mx\\\/#organization\"},\"potentialAction\":[{\"@type\":\"SearchAction\",\"target\":{\"@type\":\"EntryPoint\",\"urlTemplate\":\"https:\\\/\\\/zeromagazine.mx\\\/?s={search_term_string}\"},\"query-input\":{\"@type\":\"PropertyValueSpecification\",\"valueRequired\":true,\"valueName\":\"search_term_string\"}}],\"inLanguage\":\"es\"},{\"@type\":\"Organization\",\"@id\":\"https:\\\/\\\/zeromagazine.mx\\\/#organization\",\"name\":\"Zero Magazine\",\"url\":\"https:\\\/\\\/zeromagazine.mx\\\/\",\"logo\":{\"@type\":\"ImageObject\",\"inLanguage\":\"es\",\"@id\":\"https:\\\/\\\/zeromagazine.mx\\\/#\\\/schema\\\/logo\\\/image\\\/\",\"url\":\"https:\\\/\\\/i0.wp.com\\\/zeromagazine.mx\\\/wp-content\\\/uploads\\\/2025\\\/11\\\/1.jpeg?fit=1000%2C1000&ssl=1\",\"contentUrl\":\"https:\\\/\\\/i0.wp.com\\\/zeromagazine.mx\\\/wp-content\\\/uploads\\\/2025\\\/11\\\/1.jpeg?fit=1000%2C1000&ssl=1\",\"width\":1000,\"height\":1000,\"caption\":\"Zero Magazine\"},\"image\":{\"@id\":\"https:\\\/\\\/zeromagazine.mx\\\/#\\\/schema\\\/logo\\\/image\\\/\"},\"sameAs\":[\"https:\\\/\\\/instagram.com\\\/zeromagazinemx\"]},{\"@type\":\"Person\",\"@id\":\"https:\\\/\\\/zeromagazine.mx\\\/#\\\/schema\\\/person\\\/9f7f1a17c60ba8e9980e3e6677aabe5a\",\"name\":\"David Morales\",\"image\":{\"@type\":\"ImageObject\",\"inLanguage\":\"es\",\"@id\":\"https:\\\/\\\/zeromagazine.mx\\\/wp-content\\\/litespeed\\\/avatar\\\/76069d2136bfc1c37dc34815bb67ca42.jpg?ver=1776966186\",\"url\":\"https:\\\/\\\/zeromagazine.mx\\\/wp-content\\\/litespeed\\\/avatar\\\/76069d2136bfc1c37dc34815bb67ca42.jpg?ver=1776966186\",\"contentUrl\":\"https:\\\/\\\/zeromagazine.mx\\\/wp-content\\\/litespeed\\\/avatar\\\/76069d2136bfc1c37dc34815bb67ca42.jpg?ver=1776966186\",\"caption\":\"David Morales\"},\"url\":\"https:\\\/\\\/zeromagazine.mx\\\/index.php\\\/author\\\/david\\\/\"}]}<\/script>\n<!-- \/ Yoast SEO plugin. -->","yoast_head_json":{"title":"Glass Hair con NEQI: brillo que enamora - Zero Magazine","description":"Glass Hair con NEQI transforma tu melena en un cabello brillante, liso y protegido, con fragancia exclusiva de Alberto Morillas.","robots":{"index":"index","follow":"follow","max-snippet":"max-snippet:-1","max-image-preview":"max-image-preview:large","max-video-preview":"max-video-preview:-1"},"canonical":"https:\/\/zeromagazine.mx\/index.php\/2025\/09\/16\/glass-hair-con-neqi\/","og_locale":"es_ES","og_type":"article","og_title":"Glass Hair con NEQI: brillo que enamora - Zero Magazine","og_description":"Glass Hair con NEQI transforma tu melena en un cabello brillante, liso y protegido, con fragancia exclusiva de Alberto Morillas.","og_url":"https:\/\/zeromagazine.mx\/index.php\/2025\/09\/16\/glass-hair-con-neqi\/","og_site_name":"Zero Magazine","article_published_time":"2025-09-17T04:36:18+00:00","article_modified_time":"2025-09-17T04:36:20+00:00","og_image":[{"width":2500,"height":2500,"url":"http:\/\/zeromagazine.mx\/wp-content\/uploads\/2025\/09\/Neqi.webp","type":"image\/webp"}],"author":"David Morales","twitter_card":"summary_large_image","twitter_misc":{"Escrito por":"David Morales","Tiempo de lectura":"3 minutos"},"schema":{"@context":"https:\/\/schema.org","@graph":[{"@type":"Article","@id":"https:\/\/zeromagazine.mx\/index.php\/2025\/09\/16\/glass-hair-con-neqi\/#article","isPartOf":{"@id":"https:\/\/zeromagazine.mx\/index.php\/2025\/09\/16\/glass-hair-con-neqi\/"},"author":{"name":"David Morales","@id":"https:\/\/zeromagazine.mx\/#\/schema\/person\/9f7f1a17c60ba8e9980e3e6677aabe5a"},"headline":"Glass Hair con NEQI: brillo que enamora","datePublished":"2025-09-17T04:36:18+00:00","dateModified":"2025-09-17T04:36:20+00:00","mainEntityOfPage":{"@id":"https:\/\/zeromagazine.mx\/index.php\/2025\/09\/16\/glass-hair-con-neqi\/"},"wordCount":454,"commentCount":0,"publisher":{"@id":"https:\/\/zeromagazine.mx\/#organization"},"image":{"@id":"https:\/\/zeromagazine.mx\/index.php\/2025\/09\/16\/glass-hair-con-neqi\/#primaryimage"},"thumbnailUrl":"https:\/\/i0.wp.com\/zeromagazine.mx\/wp-content\/uploads\/2025\/09\/Neqi.webp?fit=2500%2C2500&ssl=1","articleSection":["Beauty"],"inLanguage":"es","potentialAction":[{"@type":"CommentAction","name":"Comment","target":["https:\/\/zeromagazine.mx\/index.php\/2025\/09\/16\/glass-hair-con-neqi\/#respond"]}]},{"@type":"WebPage","@id":"https:\/\/zeromagazine.mx\/index.php\/2025\/09\/16\/glass-hair-con-neqi\/","url":"https:\/\/zeromagazine.mx\/index.php\/2025\/09\/16\/glass-hair-con-neqi\/","name":"Glass Hair con NEQI: brillo que enamora - Zero Magazine","isPartOf":{"@id":"https:\/\/zeromagazine.mx\/#website"},"primaryImageOfPage":{"@id":"https:\/\/zeromagazine.mx\/index.php\/2025\/09\/16\/glass-hair-con-neqi\/#primaryimage"},"image":{"@id":"https:\/\/zeromagazine.mx\/index.php\/2025\/09\/16\/glass-hair-con-neqi\/#primaryimage"},"thumbnailUrl":"https:\/\/i0.wp.com\/zeromagazine.mx\/wp-content\/uploads\/2025\/09\/Neqi.webp?fit=2500%2C2500&ssl=1","datePublished":"2025-09-17T04:36:18+00:00","dateModified":"2025-09-17T04:36:20+00:00","description":"Glass Hair con NEQI transforma tu melena en un cabello brillante, liso y protegido, con fragancia exclusiva de Alberto Morillas.","breadcrumb":{"@id":"https:\/\/zeromagazine.mx\/index.php\/2025\/09\/16\/glass-hair-con-neqi\/#breadcrumb"},"inLanguage":"es","potentialAction":[{"@type":"ReadAction","target":["https:\/\/zeromagazine.mx\/index.php\/2025\/09\/16\/glass-hair-con-neqi\/"]}]},{"@type":"ImageObject","inLanguage":"es","@id":"https:\/\/zeromagazine.mx\/index.php\/2025\/09\/16\/glass-hair-con-neqi\/#primaryimage","url":"https:\/\/i0.wp.com\/zeromagazine.mx\/wp-content\/uploads\/2025\/09\/Neqi.webp?fit=2500%2C2500&ssl=1","contentUrl":"https:\/\/i0.wp.com\/zeromagazine.mx\/wp-content\/uploads\/2025\/09\/Neqi.webp?fit=2500%2C2500&ssl=1","width":2500,"height":2500},{"@type":"BreadcrumbList","@id":"https:\/\/zeromagazine.mx\/index.php\/2025\/09\/16\/glass-hair-con-neqi\/#breadcrumb","itemListElement":[{"@type":"ListItem","position":1,"name":"Portada","item":"https:\/\/zeromagazine.mx\/"},{"@type":"ListItem","position":2,"name":"Glass Hair con NEQI: brillo que enamora"}]},{"@type":"WebSite","@id":"https:\/\/zeromagazine.mx\/#website","url":"https:\/\/zeromagazine.mx\/","name":"Zero Magazine","description":"","publisher":{"@id":"https:\/\/zeromagazine.mx\/#organization"},"potentialAction":[{"@type":"SearchAction","target":{"@type":"EntryPoint","urlTemplate":"https:\/\/zeromagazine.mx\/?s={search_term_string}"},"query-input":{"@type":"PropertyValueSpecification","valueRequired":true,"valueName":"search_term_string"}}],"inLanguage":"es"},{"@type":"Organization","@id":"https:\/\/zeromagazine.mx\/#organization","name":"Zero Magazine","url":"https:\/\/zeromagazine.mx\/","logo":{"@type":"ImageObject","inLanguage":"es","@id":"https:\/\/zeromagazine.mx\/#\/schema\/logo\/image\/","url":"https:\/\/i0.wp.com\/zeromagazine.mx\/wp-content\/uploads\/2025\/11\/1.jpeg?fit=1000%2C1000&ssl=1","contentUrl":"https:\/\/i0.wp.com\/zeromagazine.mx\/wp-content\/uploads\/2025\/11\/1.jpeg?fit=1000%2C1000&ssl=1","width":1000,"height":1000,"caption":"Zero Magazine"},"image":{"@id":"https:\/\/zeromagazine.mx\/#\/schema\/logo\/image\/"},"sameAs":["https:\/\/instagram.com\/zeromagazinemx"]},{"@type":"Person","@id":"https:\/\/zeromagazine.mx\/#\/schema\/person\/9f7f1a17c60ba8e9980e3e6677aabe5a","name":"David Morales","image":{"@type":"ImageObject","inLanguage":"es","@id":"https:\/\/zeromagazine.mx\/wp-content\/litespeed\/avatar\/76069d2136bfc1c37dc34815bb67ca42.jpg?ver=1776966186","url":"https:\/\/zeromagazine.mx\/wp-content\/litespeed\/avatar\/76069d2136bfc1c37dc34815bb67ca42.jpg?ver=1776966186","contentUrl":"https:\/\/zeromagazine.mx\/wp-content\/litespeed\/avatar\/76069d2136bfc1c37dc34815bb67ca42.jpg?ver=1776966186","caption":"David Morales"},"url":"https:\/\/zeromagazine.mx\/index.php\/author\/david\/"}]}},"jetpack_publicize_connections":[],"jetpack_featured_media_url":"https:\/\/i0.wp.com\/zeromagazine.mx\/wp-content\/uploads\/2025\/09\/Neqi.webp?fit=2500%2C2500&ssl=1","jetpack-related-posts":[{"id":96972,"url":"https:\/\/zeromagazine.mx\/index.php\/2025\/02\/17\/fructis-hair-food-pina\/","url_meta":{"origin":108062,"position":0},"title":"Fructis\u00a0Hair\u00a0Food\u00a0Pi\u00f1a: Cabello fuerte y saludable","author":"David Morales","date":"17 de febrero de 2025","format":false,"excerpt":"Garnier nos sorprendi\u00f3 con su nuevo lanzamiento:\u00a0Fructis\u00a0Hair\u00a0Food\u00a0Pi\u00f1a, un producto que promete salvar a todas las personas con cabello largo del problema\u00a0del quiebre y las puntas abiertas. Lo mejor es que forma parte de su compromiso con\u00a0Green\u00a0Beauty, ya que su f\u00f3rmula es 97% de origen natural, completamente vegana y aprobada por\u00a0Cruelty\u00a0Free\u2026","rel":"","context":"En \u00abBeauty\u00bb","block_context":{"text":"Beauty","link":"https:\/\/zeromagazine.mx\/index.php\/category\/beauty\/"},"img":{"alt_text":"","src":"https:\/\/i0.wp.com\/zeromagazine.mx\/wp-content\/uploads\/2025\/02\/IMG_3538.png?fit=1200%2C923&ssl=1&resize=350%2C200","width":350,"height":200,"srcset":"https:\/\/i0.wp.com\/zeromagazine.mx\/wp-content\/uploads\/2025\/02\/IMG_3538.png?fit=1200%2C923&ssl=1&resize=350%2C200 1x, https:\/\/i0.wp.com\/zeromagazine.mx\/wp-content\/uploads\/2025\/02\/IMG_3538.png?fit=1200%2C923&ssl=1&resize=525%2C300 1.5x, https:\/\/i0.wp.com\/zeromagazine.mx\/wp-content\/uploads\/2025\/02\/IMG_3538.png?fit=1200%2C923&ssl=1&resize=700%2C400 2x, https:\/\/i0.wp.com\/zeromagazine.mx\/wp-content\/uploads\/2025\/02\/IMG_3538.png?fit=1200%2C923&ssl=1&resize=1050%2C600 3x"},"classes":[]},{"id":93890,"url":"https:\/\/zeromagazine.mx\/index.php\/2024\/12\/23\/brilla-con-endless-glow\/","url_meta":{"origin":108062,"position":1},"title":"Brilla con Endless Hair Glow","author":"zeromagazinemx","date":"23 de diciembre de 2024","format":false,"excerpt":"La magia de la Navidad ya est\u00e1 aqu\u00ed, y con ella llega el momento perfecto para brillar como nunca antes. Entre luces, adornos y villancicos, hay algo especial en esta \u00e9poca que nos inspira a cuidarnos, mimarnos y, por supuesto, sacar nuestra mejor versi\u00f3n. Y si de brillar se trata,\u2026","rel":"","context":"En \u00abBeauty\u00bb","block_context":{"text":"Beauty","link":"https:\/\/zeromagazine.mx\/index.php\/category\/beauty\/"},"img":{"alt_text":"","src":"https:\/\/i0.wp.com\/zeromagazine.mx\/wp-content\/uploads\/2024\/12\/unnamed-11.png?fit=652%2C604&ssl=1&resize=350%2C200","width":350,"height":200,"srcset":"https:\/\/i0.wp.com\/zeromagazine.mx\/wp-content\/uploads\/2024\/12\/unnamed-11.png?fit=652%2C604&ssl=1&resize=350%2C200 1x, https:\/\/i0.wp.com\/zeromagazine.mx\/wp-content\/uploads\/2024\/12\/unnamed-11.png?fit=652%2C604&ssl=1&resize=525%2C300 1.5x"},"classes":[]},{"id":79586,"url":"https:\/\/zeromagazine.mx\/index.php\/2024\/06\/27\/79586\/","url_meta":{"origin":108062,"position":2},"title":"Descubre la Revoluci\u00f3n Capilar: Lazard Hair Restoration llega a CDMX","author":"zeromagazinemx","date":"27 de junio de 2024","format":false,"excerpt":"\u00bfHas escuchado la \u00faltima? Lazard Hair Restoration est\u00e1 por abrir en la Ciudad de M\u00e9xico con un tratamiento revolucionario que va a cambiar el juego del cuidado capilar en nuestro pa\u00eds. Primero que nada, \u00bfQu\u00e9 onda con este nuevo lugar? Lazard Hair Restoration est\u00e1 rompi\u00e9ndola con tecnolog\u00eda de punta, espec\u00edficamente\u2026","rel":"","context":"En \u00abBienestar\u00bb","block_context":{"text":"Bienestar","link":"https:\/\/zeromagazine.mx\/index.php\/category\/lifestyle\/bienestar\/"},"img":{"alt_text":"","src":"https:\/\/i0.wp.com\/zeromagazine.mx\/wp-content\/uploads\/2024\/06\/Lazard-16-scaled.jpg?fit=1200%2C801&ssl=1&resize=350%2C200","width":350,"height":200,"srcset":"https:\/\/i0.wp.com\/zeromagazine.mx\/wp-content\/uploads\/2024\/06\/Lazard-16-scaled.jpg?fit=1200%2C801&ssl=1&resize=350%2C200 1x, https:\/\/i0.wp.com\/zeromagazine.mx\/wp-content\/uploads\/2024\/06\/Lazard-16-scaled.jpg?fit=1200%2C801&ssl=1&resize=525%2C300 1.5x, https:\/\/i0.wp.com\/zeromagazine.mx\/wp-content\/uploads\/2024\/06\/Lazard-16-scaled.jpg?fit=1200%2C801&ssl=1&resize=700%2C400 2x, https:\/\/i0.wp.com\/zeromagazine.mx\/wp-content\/uploads\/2024\/06\/Lazard-16-scaled.jpg?fit=1200%2C801&ssl=1&resize=1050%2C600 3x"},"classes":[]},{"id":94572,"url":"https:\/\/zeromagazine.mx\/index.php\/2025\/01\/10\/brilla-siempre-con-raw-sugar\/","url_meta":{"origin":108062,"position":3},"title":"Brilla Siempre con Raw Sugar","author":"zeromagazinemx","date":"10 de enero de 2025","format":false,"excerpt":"Brilla con un cabello radiante Brilla con un cabello radiante, el 2025 ya est\u00e1 aqu\u00ed, disfruta la oportunidad de brillar como nunca antes. Entre las luces, la comida deliciosa y las fiestas, \u00bfpor qu\u00e9 no aprovechar la ocasi\u00f3n para hacer que tu cabello sea el centro de atenci\u00f3n? Con el\u2026","rel":"","context":"En \u00abBeauty\u00bb","block_context":{"text":"Beauty","link":"https:\/\/zeromagazine.mx\/index.php\/category\/beauty\/"},"img":{"alt_text":"","src":"https:\/\/i0.wp.com\/zeromagazine.mx\/wp-content\/uploads\/2025\/01\/RS-PDP-Gallery-Imagery-1280x1920-rnd72_1100x.webp?fit=800%2C1200&ssl=1&resize=350%2C200","width":350,"height":200,"srcset":"https:\/\/i0.wp.com\/zeromagazine.mx\/wp-content\/uploads\/2025\/01\/RS-PDP-Gallery-Imagery-1280x1920-rnd72_1100x.webp?fit=800%2C1200&ssl=1&resize=350%2C200 1x, https:\/\/i0.wp.com\/zeromagazine.mx\/wp-content\/uploads\/2025\/01\/RS-PDP-Gallery-Imagery-1280x1920-rnd72_1100x.webp?fit=800%2C1200&ssl=1&resize=525%2C300 1.5x, https:\/\/i0.wp.com\/zeromagazine.mx\/wp-content\/uploads\/2025\/01\/RS-PDP-Gallery-Imagery-1280x1920-rnd72_1100x.webp?fit=800%2C1200&ssl=1&resize=700%2C400 2x"},"classes":[]},{"id":99807,"url":"https:\/\/zeromagazine.mx\/index.php\/2025\/03\/26\/haiy-day-da-vida-a-tu-melena\/","url_meta":{"origin":108062,"position":4},"title":"Hair Day: Da vida A Tu Malena","author":"David Morales","date":"26 de marzo de 2025","format":false,"excerpt":"Amix, seguro que alguna vez has sentido que tu cabello est\u00e1 apagado, sin vida o simplemente no coopera contigo. A veces hacemos cosas que sin darnos cuenta lo da\u00f1an, y eso nos deja frustrades y pregunt\u00e1ndonos qu\u00e9 estamos haciendo mal. Pero tranqui, que aqu\u00ed te cuento cu\u00e1les son esos errores\u2026","rel":"","context":"En \u00abBlog\u00bb","block_context":{"text":"Blog","link":"https:\/\/zeromagazine.mx\/index.php\/category\/blog\/"},"img":{"alt_text":"","src":"https:\/\/i0.wp.com\/zeromagazine.mx\/wp-content\/uploads\/2025\/03\/Captura-de-pantalla-2025-03-26-205958.png?fit=1068%2C607&ssl=1&resize=350%2C200","width":350,"height":200,"srcset":"https:\/\/i0.wp.com\/zeromagazine.mx\/wp-content\/uploads\/2025\/03\/Captura-de-pantalla-2025-03-26-205958.png?fit=1068%2C607&ssl=1&resize=350%2C200 1x, https:\/\/i0.wp.com\/zeromagazine.mx\/wp-content\/uploads\/2025\/03\/Captura-de-pantalla-2025-03-26-205958.png?fit=1068%2C607&ssl=1&resize=525%2C300 1.5x, https:\/\/i0.wp.com\/zeromagazine.mx\/wp-content\/uploads\/2025\/03\/Captura-de-pantalla-2025-03-26-205958.png?fit=1068%2C607&ssl=1&resize=700%2C400 2x, https:\/\/i0.wp.com\/zeromagazine.mx\/wp-content\/uploads\/2025\/03\/Captura-de-pantalla-2025-03-26-205958.png?fit=1068%2C607&ssl=1&resize=1050%2C600 3x"},"classes":[]},{"id":83687,"url":"https:\/\/zeromagazine.mx\/index.php\/2024\/09\/11\/hot-tools-tu-hair-tu-arte\/","url_meta":{"origin":108062,"position":5},"title":"\u00abHot Tools: Tu Hair, Tu Arte\u00bb","author":"zeromagazinemx","date":"11 de septiembre de 2024","format":false,"excerpt":"\u00a1Si amas verte siempre on point y tu hair es parte esencial de tu vibe, tienes que conocer Hot Tools! O sea, esta marca no es cualquier cosa; lleva m\u00e1s de 30 a\u00f1os creando tools para el cabello que no solo te ayudan a verte fabulosa, sino que tambi\u00e9n son\u2026","rel":"","context":"En \u00abBeauty\u00bb","block_context":{"text":"Beauty","link":"https:\/\/zeromagazine.mx\/index.php\/category\/beauty\/"},"img":{"alt_text":"","src":"https:\/\/i0.wp.com\/zeromagazine.mx\/wp-content\/uploads\/2024\/09\/HTDR7003_LIFESTYLE_88308.jpg?fit=1200%2C805&ssl=1&resize=350%2C200","width":350,"height":200,"srcset":"https:\/\/i0.wp.com\/zeromagazine.mx\/wp-content\/uploads\/2024\/09\/HTDR7003_LIFESTYLE_88308.jpg?fit=1200%2C805&ssl=1&resize=350%2C200 1x, https:\/\/i0.wp.com\/zeromagazine.mx\/wp-content\/uploads\/2024\/09\/HTDR7003_LIFESTYLE_88308.jpg?fit=1200%2C805&ssl=1&resize=525%2C300 1.5x, https:\/\/i0.wp.com\/zeromagazine.mx\/wp-content\/uploads\/2024\/09\/HTDR7003_LIFESTYLE_88308.jpg?fit=1200%2C805&ssl=1&resize=700%2C400 2x, https:\/\/i0.wp.com\/zeromagazine.mx\/wp-content\/uploads\/2024\/09\/HTDR7003_LIFESTYLE_88308.jpg?fit=1200%2C805&ssl=1&resize=1050%2C600 3x"},"classes":[]}],"jetpack_sharing_enabled":true,"builder_content":"","_links":{"self":[{"href":"https:\/\/zeromagazine.mx\/index.php\/wp-json\/wp\/v2\/posts\/108062","targetHints":{"allow":["GET"]}}],"collection":[{"href":"https:\/\/zeromagazine.mx\/index.php\/wp-json\/wp\/v2\/posts"}],"about":[{"href":"https:\/\/zeromagazine.mx\/index.php\/wp-json\/wp\/v2\/types\/post"}],"author":[{"embeddable":true,"href":"https:\/\/zeromagazine.mx\/index.php\/wp-json\/wp\/v2\/users\/4"}],"replies":[{"embeddable":true,"href":"https:\/\/zeromagazine.mx\/index.php\/wp-json\/wp\/v2\/comments?post=108062"}],"version-history":[{"count":2,"href":"https:\/\/zeromagazine.mx\/index.php\/wp-json\/wp\/v2\/posts\/108062\/revisions"}],"predecessor-version":[{"id":108068,"href":"https:\/\/zeromagazine.mx\/index.php\/wp-json\/wp\/v2\/posts\/108062\/revisions\/108068"}],"wp:featuredmedia":[{"embeddable":true,"href":"https:\/\/zeromagazine.mx\/index.php\/wp-json\/wp\/v2\/media\/108066"}],"wp:attachment":[{"href":"https:\/\/zeromagazine.mx\/index.php\/wp-json\/wp\/v2\/media?parent=108062"}],"wp:term":[{"taxonomy":"category","embeddable":true,"href":"https:\/\/zeromagazine.mx\/index.php\/wp-json\/wp\/v2\/categories?post=108062"},{"taxonomy":"post_tag","embeddable":true,"href":"https:\/\/zeromagazine.mx\/index.php\/wp-json\/wp\/v2\/tags?post=108062"}],"curies":[{"name":"wp","href":"https:\/\/api.w.org\/{rel}","templated":true}]}}