{"id":108112,"date":"2025-09-16T23:54:16","date_gmt":"2025-09-17T05:54:16","guid":{"rendered":"https:\/\/zeromagazine.mx\/?p=108112"},"modified":"2025-09-16T23:54:18","modified_gmt":"2025-09-17T05:54:18","slug":"labenze-design-mexico-moderna","status":"publish","type":"post","link":"https:\/\/zeromagazine.mx\/index.php\/2025\/09\/16\/labenze-design-mexico-moderna\/","title":{"rendered":"Labenze: dise\u00f1o que cuenta historias mexicanas"},"content":{"rendered":"<!--themify_builder_content-->\n<div id=\"themify_builder_content-108112\" data-postid=\"108112\" class=\"themify_builder_content themify_builder_content-108112 themify_builder tf_clear\">\n    <\/div>\n<!--\/themify_builder_content-->\n\n\n<p>A veces pienso que el dise\u00f1o interior es como la m\u00fasica: tiene ritmos, silencios y notas que juntas generan armon\u00eda. Y justo ah\u00ed es donde me emociona hablar de proyectos como&nbsp;<strong>Labenze Design<\/strong>, una marca mexicana de Grupo Requiez que logra algo que admiro much\u00edsimo: hacer mobiliario que no solo se ve bien, sino que tambi\u00e9n conecta con nuestra historia, nuestros paisajes y esa idea de \u201chogar\u201d que tanto valoramos.<\/p>\n\n\n\n<p>Lo que me fascina de Labenze es c\u00f3mo toma colores, texturas y formas que nos resultan familiares \u2014como los tonos c\u00e1lidos de los atardeceres en M\u00e9xico o la sobriedad de la piedra volc\u00e1nica\u2014 y los traduce en piezas contempor\u00e1neas, vers\u00e1tiles y funcionales. Son objetos que, adem\u00e1s de tener estilo, est\u00e1n pensados para durar y para responder a las necesidades de espacios actuales: desde cafeter\u00edas hasta oficinas abiertas o \u00e1reas lounge.<\/p>\n\n\n\n<h2 class=\"wp-block-heading\">Labenze Design: confort con identidad mexicana<\/h2>\n\n\n\n<p>Entre las piezas que m\u00e1s me llamaron la atenci\u00f3n est\u00e1 la&nbsp;<strong>silla Nell<\/strong>, con base L17 met\u00e1lica. Me gusta porque combina l\u00edneas limpias con ergonom\u00eda, logrando un equilibrio entre est\u00e9tica y comodidad. La imagino perfectamente en un coworking o en una cafeter\u00eda minimalista, porque tiene ese aire moderno que no sacrifica confort.<\/p>\n\n\n\n<figure class=\"wp-block-image size-full\"><img data-recalc-dims=\"1\" decoding=\"async\" width=\"1080\" height=\"1482\" src=\"https:\/\/i0.wp.com\/zeromagazine.mx\/wp-content\/uploads\/2025\/09\/Nell.jpeg?resize=1080%2C1482&#038;ssl=1\" alt=\"\" class=\"wp-image-108114\" srcset=\"https:\/\/i0.wp.com\/zeromagazine.mx\/wp-content\/uploads\/2025\/09\/Nell.jpeg?w=1080&amp;ssl=1 1080w, https:\/\/i0.wp.com\/zeromagazine.mx\/wp-content\/uploads\/2025\/09\/Nell.jpeg?resize=219%2C300&amp;ssl=1 219w, https:\/\/i0.wp.com\/zeromagazine.mx\/wp-content\/uploads\/2025\/09\/Nell.jpeg?resize=746%2C1024&amp;ssl=1 746w, https:\/\/i0.wp.com\/zeromagazine.mx\/wp-content\/uploads\/2025\/09\/Nell.jpeg?resize=768%2C1054&amp;ssl=1 768w\" sizes=\"(max-width: 1080px) 100vw, 1080px\" \/><\/figure>\n\n\n\n<p>Luego est\u00e1 la&nbsp;<strong>silla Minush<\/strong>, un ejemplo clar\u00edsimo de c\u00f3mo el minimalismo puede integrarse a cualquier espacio. Su estructura ligera y funcional hace que no solo se vea bien, sino que sea pr\u00e1ctica y f\u00e1cil de mantener, algo que agradecen los proyectos con mucho flujo de gente. Y en blanco, transmite esa pureza que puede iluminar un comedor o darle sobriedad a un \u00e1rea com\u00fan.<\/p>\n\n\n\n<figure class=\"wp-block-image size-full\"><img data-recalc-dims=\"1\" decoding=\"async\" width=\"1080\" height=\"1482\" src=\"https:\/\/i0.wp.com\/zeromagazine.mx\/wp-content\/uploads\/2025\/09\/Minush.jpeg?resize=1080%2C1482&#038;ssl=1\" alt=\"\" class=\"wp-image-108115\" srcset=\"https:\/\/i0.wp.com\/zeromagazine.mx\/wp-content\/uploads\/2025\/09\/Minush.jpeg?w=1080&amp;ssl=1 1080w, https:\/\/i0.wp.com\/zeromagazine.mx\/wp-content\/uploads\/2025\/09\/Minush.jpeg?resize=219%2C300&amp;ssl=1 219w, https:\/\/i0.wp.com\/zeromagazine.mx\/wp-content\/uploads\/2025\/09\/Minush.jpeg?resize=746%2C1024&amp;ssl=1 746w, https:\/\/i0.wp.com\/zeromagazine.mx\/wp-content\/uploads\/2025\/09\/Minush.jpeg?resize=768%2C1054&amp;ssl=1 768w\" sizes=\"(max-width: 1080px) 100vw, 1080px\" \/><\/figure>\n\n\n\n<p>La&nbsp;<strong>silla Lady<\/strong>&nbsp;me parece otro gran acierto. Su dise\u00f1o envolvente no es solo est\u00e9tico, realmente aporta soporte ergon\u00f3mico. Adem\u00e1s, la posibilidad de sumarle cojines tapizados y elegir entre estructura de madera o metal la hace adaptable a distintos estilos arquitect\u00f3nicos. La veo perfecta para un restaurante con un aire moderno, pero tambi\u00e9n para un lounge donde la comodidad es parte del dise\u00f1o.<\/p>\n\n\n\n<figure class=\"wp-block-image size-full\"><img data-recalc-dims=\"1\" decoding=\"async\" width=\"1080\" height=\"1482\" src=\"https:\/\/i0.wp.com\/zeromagazine.mx\/wp-content\/uploads\/2025\/09\/Lady-B.jpeg?resize=1080%2C1482&#038;ssl=1\" alt=\"\" class=\"wp-image-108117\" srcset=\"https:\/\/i0.wp.com\/zeromagazine.mx\/wp-content\/uploads\/2025\/09\/Lady-B.jpeg?w=1080&amp;ssl=1 1080w, https:\/\/i0.wp.com\/zeromagazine.mx\/wp-content\/uploads\/2025\/09\/Lady-B.jpeg?resize=219%2C300&amp;ssl=1 219w, https:\/\/i0.wp.com\/zeromagazine.mx\/wp-content\/uploads\/2025\/09\/Lady-B.jpeg?resize=746%2C1024&amp;ssl=1 746w, https:\/\/i0.wp.com\/zeromagazine.mx\/wp-content\/uploads\/2025\/09\/Lady-B.jpeg?resize=768%2C1054&amp;ssl=1 768w\" sizes=\"(max-width: 1080px) 100vw, 1080px\" \/><\/figure>\n\n\n\n<p>La&nbsp;<strong>colecci\u00f3n Kasia<\/strong>&nbsp;es como un recordatorio de hospitalidad. Su silueta esbelta y su estructura met\u00e1lica tratada para resistir exteriores me hacen pensar en terrazas donde quieres sentirte acogido pero con un toque elegante. Y finalmente, la&nbsp;<strong>silla Nuta<\/strong>: tapizada, refinada y muy adaptable. Me encanta que combina madera contrachapada con estructura met\u00e1lica, creando un balance entre solidez y ligereza visual. Ideal para coworkings y cafeter\u00edas que necesitan mobiliario resistente pero con car\u00e1cter.<\/p>\n\n\n\n<div class=\"wp-block-jetpack-tiled-gallery aligncenter is-style-rectangular\"><div class=\"tiled-gallery__gallery\"><div class=\"tiled-gallery__row\"><div class=\"tiled-gallery__col\" style=\"flex-basis:50.00000%\"><figure class=\"tiled-gallery__item\"><a href=\"https:\/\/i0.wp.com\/zeromagazine.mx\/wp-content\/uploads\/2025\/09\/Nuta-Tapizada-1.jpeg?ssl=1\"><img decoding=\"async\" srcset=\"https:\/\/i1.wp.com\/zeromagazine.mx\/wp-content\/uploads\/2025\/09\/Nuta-Tapizada-1.jpeg?strip=info&#038;w=600&#038;ssl=1 600w,https:\/\/i1.wp.com\/zeromagazine.mx\/wp-content\/uploads\/2025\/09\/Nuta-Tapizada-1.jpeg?strip=info&#038;w=900&#038;ssl=1 900w,https:\/\/i1.wp.com\/zeromagazine.mx\/wp-content\/uploads\/2025\/09\/Nuta-Tapizada-1.jpeg?strip=info&#038;w=1080&#038;ssl=1 1080w\" alt=\"\" data-height=\"1482\" data-id=\"108119\" data-link=\"https:\/\/zeromagazine.mx\/?attachment_id=108119\" data-url=\"https:\/\/zeromagazine.mx\/wp-content\/uploads\/2025\/09\/Nuta-Tapizada-1.jpeg\" data-width=\"1080\" src=\"https:\/\/i1.wp.com\/zeromagazine.mx\/wp-content\/uploads\/2025\/09\/Nuta-Tapizada-1.jpeg?ssl=1\" data-amp-layout=\"responsive\"\/><\/a><\/figure><\/div><div class=\"tiled-gallery__col\" style=\"flex-basis:50.00000%\"><figure class=\"tiled-gallery__item\"><a href=\"https:\/\/i0.wp.com\/zeromagazine.mx\/wp-content\/uploads\/2025\/09\/Kasia-Tapizada-1-746x1024.jpeg?ssl=1\"><img decoding=\"async\" srcset=\"https:\/\/i2.wp.com\/zeromagazine.mx\/wp-content\/uploads\/2025\/09\/Kasia-Tapizada-1-746x1024.jpeg?strip=info&#038;w=600&#038;ssl=1 600w,https:\/\/i2.wp.com\/zeromagazine.mx\/wp-content\/uploads\/2025\/09\/Kasia-Tapizada-1-746x1024.jpeg?strip=info&#038;w=900&#038;ssl=1 900w,https:\/\/i2.wp.com\/zeromagazine.mx\/wp-content\/uploads\/2025\/09\/Kasia-Tapizada-1-746x1024.jpeg?strip=info&#038;w=1080&#038;ssl=1 1080w\" alt=\"\" data-height=\"1482\" data-id=\"108118\" data-link=\"https:\/\/zeromagazine.mx\/?attachment_id=108118\" data-url=\"https:\/\/zeromagazine.mx\/wp-content\/uploads\/2025\/09\/Kasia-Tapizada-1-746x1024.jpeg\" data-width=\"1080\" src=\"https:\/\/i2.wp.com\/zeromagazine.mx\/wp-content\/uploads\/2025\/09\/Kasia-Tapizada-1-746x1024.jpeg?ssl=1\" data-amp-layout=\"responsive\"\/><\/a><\/figure><\/div><\/div><\/div><\/div>\n\n\n\n<h2 class=\"wp-block-heading\">Innovaci\u00f3n con ra\u00edces locales<\/h2>\n\n\n\n<p>M\u00e1s all\u00e1 de cada pieza, lo que me emociona es el compromiso de&nbsp;<strong>Labenze Design<\/strong>&nbsp;con la producci\u00f3n nacional. En un pa\u00eds donde el dise\u00f1o mexicano est\u00e1 tomando m\u00e1s fuerza que nunca, tener marcas que apuestan por la calidad local y por reinterpretar nuestra est\u00e9tica en clave contempor\u00e1nea es inspirador.<\/p>\n\n\n\n<p>Al final, hablar de Labenze es hablar de c\u00f3mo los objetos tambi\u00e9n cuentan historias. Y como estudiante (y fan) del dise\u00f1o, me encanta pensar que el futuro de nuestros espacios se construye con piezas que celebran lo mexicano, pero con una visi\u00f3n moderna y global.<\/p>\n\n\n\n<p>\ud83d\udd17 Para conocer m\u00e1s de sus colecciones:&nbsp;<a href=\"https:\/\/labenze.com\/\">labenze.com<\/a><\/p>","protected":false},"excerpt":{"rendered":"<p>A veces pienso que el dise\u00f1o interior es como la m\u00fasica: tiene ritmos, silencios y notas que juntas generan armon\u00eda. Y justo ah\u00ed es donde me emociona hablar de proyectos como&nbsp;Labenze Design, una marca mexicana de Grupo Requiez que logra algo que admiro much\u00edsimo: hacer mobiliario que no solo se ve bien, sino que tambi\u00e9n [&hellip;]<\/p>\n","protected":false},"author":4,"featured_media":108117,"comment_status":"open","ping_status":"open","sticky":false,"template":"","format":"standard","meta":{"_jetpack_memberships_contains_paid_content":false,"footnotes":"","jetpack_publicize_message":"","jetpack_publicize_feature_enabled":true,"jetpack_social_post_already_shared":true,"jetpack_social_options":{"image_generator_settings":{"template":"highway","default_image_id":0,"font":"","enabled":false},"version":2}},"categories":[322],"tags":[],"class_list":["post-108112","post","type-post","status-publish","format-standard","has-post-thumbnail","hentry","category-lugares","has-post-title","has-post-date","has-post-category","has-post-tag","has-post-comment","has-post-author",""],"yoast_head":"<!-- This site is optimized with the Yoast SEO plugin v27.5 - https:\/\/yoast.com\/product\/yoast-seo-wordpress\/ -->\n<title>Labenze: dise\u00f1o que cuenta historias mexicanas - Zero Magazine<\/title>\n<meta name=\"description\" content=\"Labenze Design reinterpreta el dise\u00f1o mexicano con mobiliario vers\u00e1til, contempor\u00e1neo y hecho para espacios modernos.\" \/>\n<meta name=\"robots\" content=\"index, follow, max-snippet:-1, max-image-preview:large, max-video-preview:-1\" \/>\n<link rel=\"canonical\" href=\"https:\/\/zeromagazine.mx\/index.php\/2025\/09\/16\/labenze-design-mexico-moderna\/\" \/>\n<meta property=\"og:locale\" content=\"es_ES\" \/>\n<meta property=\"og:type\" content=\"article\" \/>\n<meta property=\"og:title\" content=\"Labenze: dise\u00f1o que cuenta historias mexicanas - Zero Magazine\" \/>\n<meta property=\"og:description\" content=\"Labenze Design reinterpreta el dise\u00f1o mexicano con mobiliario vers\u00e1til, contempor\u00e1neo y hecho para espacios modernos.\" \/>\n<meta property=\"og:url\" content=\"https:\/\/zeromagazine.mx\/index.php\/2025\/09\/16\/labenze-design-mexico-moderna\/\" \/>\n<meta property=\"og:site_name\" content=\"Zero Magazine\" \/>\n<meta property=\"article:published_time\" content=\"2025-09-17T05:54:16+00:00\" \/>\n<meta property=\"article:modified_time\" content=\"2025-09-17T05:54:18+00:00\" \/>\n<meta property=\"og:image\" content=\"http:\/\/zeromagazine.mx\/wp-content\/uploads\/2025\/09\/Lady-B.jpeg\" \/>\n\t<meta property=\"og:image:width\" content=\"1080\" \/>\n\t<meta property=\"og:image:height\" content=\"1482\" \/>\n\t<meta property=\"og:image:type\" content=\"image\/jpeg\" \/>\n<meta name=\"author\" content=\"David Morales\" \/>\n<meta name=\"twitter:card\" content=\"summary_large_image\" \/>\n<meta name=\"twitter:label1\" content=\"Escrito por\" \/>\n\t<meta name=\"twitter:data1\" content=\"David Morales\" \/>\n\t<meta name=\"twitter:label2\" content=\"Tiempo de lectura\" \/>\n\t<meta name=\"twitter:data2\" content=\"4 minutos\" \/>\n<script type=\"application\/ld+json\" class=\"yoast-schema-graph\">{\"@context\":\"https:\\\/\\\/schema.org\",\"@graph\":[{\"@type\":\"Article\",\"@id\":\"https:\\\/\\\/zeromagazine.mx\\\/index.php\\\/2025\\\/09\\\/16\\\/labenze-design-mexico-moderna\\\/#article\",\"isPartOf\":{\"@id\":\"https:\\\/\\\/zeromagazine.mx\\\/index.php\\\/2025\\\/09\\\/16\\\/labenze-design-mexico-moderna\\\/\"},\"author\":{\"name\":\"David Morales\",\"@id\":\"https:\\\/\\\/zeromagazine.mx\\\/#\\\/schema\\\/person\\\/9f7f1a17c60ba8e9980e3e6677aabe5a\"},\"headline\":\"Labenze: dise\u00f1o que cuenta historias mexicanas\",\"datePublished\":\"2025-09-17T05:54:16+00:00\",\"dateModified\":\"2025-09-17T05:54:18+00:00\",\"mainEntityOfPage\":{\"@id\":\"https:\\\/\\\/zeromagazine.mx\\\/index.php\\\/2025\\\/09\\\/16\\\/labenze-design-mexico-moderna\\\/\"},\"wordCount\":576,\"commentCount\":0,\"publisher\":{\"@id\":\"https:\\\/\\\/zeromagazine.mx\\\/#organization\"},\"image\":{\"@id\":\"https:\\\/\\\/zeromagazine.mx\\\/index.php\\\/2025\\\/09\\\/16\\\/labenze-design-mexico-moderna\\\/#primaryimage\"},\"thumbnailUrl\":\"https:\\\/\\\/i0.wp.com\\\/zeromagazine.mx\\\/wp-content\\\/uploads\\\/2025\\\/09\\\/Lady-B.jpeg?fit=1080%2C1482&ssl=1\",\"articleSection\":[\"Viajes\"],\"inLanguage\":\"es\",\"potentialAction\":[{\"@type\":\"CommentAction\",\"name\":\"Comment\",\"target\":[\"https:\\\/\\\/zeromagazine.mx\\\/index.php\\\/2025\\\/09\\\/16\\\/labenze-design-mexico-moderna\\\/#respond\"]}]},{\"@type\":\"WebPage\",\"@id\":\"https:\\\/\\\/zeromagazine.mx\\\/index.php\\\/2025\\\/09\\\/16\\\/labenze-design-mexico-moderna\\\/\",\"url\":\"https:\\\/\\\/zeromagazine.mx\\\/index.php\\\/2025\\\/09\\\/16\\\/labenze-design-mexico-moderna\\\/\",\"name\":\"Labenze: dise\u00f1o que cuenta historias mexicanas - Zero Magazine\",\"isPartOf\":{\"@id\":\"https:\\\/\\\/zeromagazine.mx\\\/#website\"},\"primaryImageOfPage\":{\"@id\":\"https:\\\/\\\/zeromagazine.mx\\\/index.php\\\/2025\\\/09\\\/16\\\/labenze-design-mexico-moderna\\\/#primaryimage\"},\"image\":{\"@id\":\"https:\\\/\\\/zeromagazine.mx\\\/index.php\\\/2025\\\/09\\\/16\\\/labenze-design-mexico-moderna\\\/#primaryimage\"},\"thumbnailUrl\":\"https:\\\/\\\/i0.wp.com\\\/zeromagazine.mx\\\/wp-content\\\/uploads\\\/2025\\\/09\\\/Lady-B.jpeg?fit=1080%2C1482&ssl=1\",\"datePublished\":\"2025-09-17T05:54:16+00:00\",\"dateModified\":\"2025-09-17T05:54:18+00:00\",\"description\":\"Labenze Design reinterpreta el dise\u00f1o mexicano con mobiliario vers\u00e1til, contempor\u00e1neo y hecho para espacios modernos.\",\"breadcrumb\":{\"@id\":\"https:\\\/\\\/zeromagazine.mx\\\/index.php\\\/2025\\\/09\\\/16\\\/labenze-design-mexico-moderna\\\/#breadcrumb\"},\"inLanguage\":\"es\",\"potentialAction\":[{\"@type\":\"ReadAction\",\"target\":[\"https:\\\/\\\/zeromagazine.mx\\\/index.php\\\/2025\\\/09\\\/16\\\/labenze-design-mexico-moderna\\\/\"]}]},{\"@type\":\"ImageObject\",\"inLanguage\":\"es\",\"@id\":\"https:\\\/\\\/zeromagazine.mx\\\/index.php\\\/2025\\\/09\\\/16\\\/labenze-design-mexico-moderna\\\/#primaryimage\",\"url\":\"https:\\\/\\\/i0.wp.com\\\/zeromagazine.mx\\\/wp-content\\\/uploads\\\/2025\\\/09\\\/Lady-B.jpeg?fit=1080%2C1482&ssl=1\",\"contentUrl\":\"https:\\\/\\\/i0.wp.com\\\/zeromagazine.mx\\\/wp-content\\\/uploads\\\/2025\\\/09\\\/Lady-B.jpeg?fit=1080%2C1482&ssl=1\",\"width\":1080,\"height\":1482},{\"@type\":\"BreadcrumbList\",\"@id\":\"https:\\\/\\\/zeromagazine.mx\\\/index.php\\\/2025\\\/09\\\/16\\\/labenze-design-mexico-moderna\\\/#breadcrumb\",\"itemListElement\":[{\"@type\":\"ListItem\",\"position\":1,\"name\":\"Portada\",\"item\":\"https:\\\/\\\/zeromagazine.mx\\\/\"},{\"@type\":\"ListItem\",\"position\":2,\"name\":\"Labenze: dise\u00f1o que cuenta historias mexicanas\"}]},{\"@type\":\"WebSite\",\"@id\":\"https:\\\/\\\/zeromagazine.mx\\\/#website\",\"url\":\"https:\\\/\\\/zeromagazine.mx\\\/\",\"name\":\"Zero Magazine\",\"description\":\"\",\"publisher\":{\"@id\":\"https:\\\/\\\/zeromagazine.mx\\\/#organization\"},\"potentialAction\":[{\"@type\":\"SearchAction\",\"target\":{\"@type\":\"EntryPoint\",\"urlTemplate\":\"https:\\\/\\\/zeromagazine.mx\\\/?s={search_term_string}\"},\"query-input\":{\"@type\":\"PropertyValueSpecification\",\"valueRequired\":true,\"valueName\":\"search_term_string\"}}],\"inLanguage\":\"es\"},{\"@type\":\"Organization\",\"@id\":\"https:\\\/\\\/zeromagazine.mx\\\/#organization\",\"name\":\"Zero Magazine\",\"url\":\"https:\\\/\\\/zeromagazine.mx\\\/\",\"logo\":{\"@type\":\"ImageObject\",\"inLanguage\":\"es\",\"@id\":\"https:\\\/\\\/zeromagazine.mx\\\/#\\\/schema\\\/logo\\\/image\\\/\",\"url\":\"https:\\\/\\\/i0.wp.com\\\/zeromagazine.mx\\\/wp-content\\\/uploads\\\/2025\\\/11\\\/1.jpeg?fit=1000%2C1000&ssl=1\",\"contentUrl\":\"https:\\\/\\\/i0.wp.com\\\/zeromagazine.mx\\\/wp-content\\\/uploads\\\/2025\\\/11\\\/1.jpeg?fit=1000%2C1000&ssl=1\",\"width\":1000,\"height\":1000,\"caption\":\"Zero Magazine\"},\"image\":{\"@id\":\"https:\\\/\\\/zeromagazine.mx\\\/#\\\/schema\\\/logo\\\/image\\\/\"},\"sameAs\":[\"https:\\\/\\\/instagram.com\\\/zeromagazinemx\"]},{\"@type\":\"Person\",\"@id\":\"https:\\\/\\\/zeromagazine.mx\\\/#\\\/schema\\\/person\\\/9f7f1a17c60ba8e9980e3e6677aabe5a\",\"name\":\"David Morales\",\"image\":{\"@type\":\"ImageObject\",\"inLanguage\":\"es\",\"@id\":\"https:\\\/\\\/zeromagazine.mx\\\/wp-content\\\/litespeed\\\/avatar\\\/76069d2136bfc1c37dc34815bb67ca42.jpg?ver=1776966186\",\"url\":\"https:\\\/\\\/zeromagazine.mx\\\/wp-content\\\/litespeed\\\/avatar\\\/76069d2136bfc1c37dc34815bb67ca42.jpg?ver=1776966186\",\"contentUrl\":\"https:\\\/\\\/zeromagazine.mx\\\/wp-content\\\/litespeed\\\/avatar\\\/76069d2136bfc1c37dc34815bb67ca42.jpg?ver=1776966186\",\"caption\":\"David Morales\"},\"url\":\"https:\\\/\\\/zeromagazine.mx\\\/index.php\\\/author\\\/david\\\/\"}]}<\/script>\n<!-- \/ Yoast SEO plugin. -->","yoast_head_json":{"title":"Labenze: dise\u00f1o que cuenta historias mexicanas - Zero Magazine","description":"Labenze Design reinterpreta el dise\u00f1o mexicano con mobiliario vers\u00e1til, contempor\u00e1neo y hecho para espacios modernos.","robots":{"index":"index","follow":"follow","max-snippet":"max-snippet:-1","max-image-preview":"max-image-preview:large","max-video-preview":"max-video-preview:-1"},"canonical":"https:\/\/zeromagazine.mx\/index.php\/2025\/09\/16\/labenze-design-mexico-moderna\/","og_locale":"es_ES","og_type":"article","og_title":"Labenze: dise\u00f1o que cuenta historias mexicanas - Zero Magazine","og_description":"Labenze Design reinterpreta el dise\u00f1o mexicano con mobiliario vers\u00e1til, contempor\u00e1neo y hecho para espacios modernos.","og_url":"https:\/\/zeromagazine.mx\/index.php\/2025\/09\/16\/labenze-design-mexico-moderna\/","og_site_name":"Zero Magazine","article_published_time":"2025-09-17T05:54:16+00:00","article_modified_time":"2025-09-17T05:54:18+00:00","og_image":[{"width":1080,"height":1482,"url":"http:\/\/zeromagazine.mx\/wp-content\/uploads\/2025\/09\/Lady-B.jpeg","type":"image\/jpeg"}],"author":"David Morales","twitter_card":"summary_large_image","twitter_misc":{"Escrito por":"David Morales","Tiempo de lectura":"4 minutos"},"schema":{"@context":"https:\/\/schema.org","@graph":[{"@type":"Article","@id":"https:\/\/zeromagazine.mx\/index.php\/2025\/09\/16\/labenze-design-mexico-moderna\/#article","isPartOf":{"@id":"https:\/\/zeromagazine.mx\/index.php\/2025\/09\/16\/labenze-design-mexico-moderna\/"},"author":{"name":"David Morales","@id":"https:\/\/zeromagazine.mx\/#\/schema\/person\/9f7f1a17c60ba8e9980e3e6677aabe5a"},"headline":"Labenze: dise\u00f1o que cuenta historias mexicanas","datePublished":"2025-09-17T05:54:16+00:00","dateModified":"2025-09-17T05:54:18+00:00","mainEntityOfPage":{"@id":"https:\/\/zeromagazine.mx\/index.php\/2025\/09\/16\/labenze-design-mexico-moderna\/"},"wordCount":576,"commentCount":0,"publisher":{"@id":"https:\/\/zeromagazine.mx\/#organization"},"image":{"@id":"https:\/\/zeromagazine.mx\/index.php\/2025\/09\/16\/labenze-design-mexico-moderna\/#primaryimage"},"thumbnailUrl":"https:\/\/i0.wp.com\/zeromagazine.mx\/wp-content\/uploads\/2025\/09\/Lady-B.jpeg?fit=1080%2C1482&ssl=1","articleSection":["Viajes"],"inLanguage":"es","potentialAction":[{"@type":"CommentAction","name":"Comment","target":["https:\/\/zeromagazine.mx\/index.php\/2025\/09\/16\/labenze-design-mexico-moderna\/#respond"]}]},{"@type":"WebPage","@id":"https:\/\/zeromagazine.mx\/index.php\/2025\/09\/16\/labenze-design-mexico-moderna\/","url":"https:\/\/zeromagazine.mx\/index.php\/2025\/09\/16\/labenze-design-mexico-moderna\/","name":"Labenze: dise\u00f1o que cuenta historias mexicanas - Zero Magazine","isPartOf":{"@id":"https:\/\/zeromagazine.mx\/#website"},"primaryImageOfPage":{"@id":"https:\/\/zeromagazine.mx\/index.php\/2025\/09\/16\/labenze-design-mexico-moderna\/#primaryimage"},"image":{"@id":"https:\/\/zeromagazine.mx\/index.php\/2025\/09\/16\/labenze-design-mexico-moderna\/#primaryimage"},"thumbnailUrl":"https:\/\/i0.wp.com\/zeromagazine.mx\/wp-content\/uploads\/2025\/09\/Lady-B.jpeg?fit=1080%2C1482&ssl=1","datePublished":"2025-09-17T05:54:16+00:00","dateModified":"2025-09-17T05:54:18+00:00","description":"Labenze Design reinterpreta el dise\u00f1o mexicano con mobiliario vers\u00e1til, contempor\u00e1neo y hecho para espacios modernos.","breadcrumb":{"@id":"https:\/\/zeromagazine.mx\/index.php\/2025\/09\/16\/labenze-design-mexico-moderna\/#breadcrumb"},"inLanguage":"es","potentialAction":[{"@type":"ReadAction","target":["https:\/\/zeromagazine.mx\/index.php\/2025\/09\/16\/labenze-design-mexico-moderna\/"]}]},{"@type":"ImageObject","inLanguage":"es","@id":"https:\/\/zeromagazine.mx\/index.php\/2025\/09\/16\/labenze-design-mexico-moderna\/#primaryimage","url":"https:\/\/i0.wp.com\/zeromagazine.mx\/wp-content\/uploads\/2025\/09\/Lady-B.jpeg?fit=1080%2C1482&ssl=1","contentUrl":"https:\/\/i0.wp.com\/zeromagazine.mx\/wp-content\/uploads\/2025\/09\/Lady-B.jpeg?fit=1080%2C1482&ssl=1","width":1080,"height":1482},{"@type":"BreadcrumbList","@id":"https:\/\/zeromagazine.mx\/index.php\/2025\/09\/16\/labenze-design-mexico-moderna\/#breadcrumb","itemListElement":[{"@type":"ListItem","position":1,"name":"Portada","item":"https:\/\/zeromagazine.mx\/"},{"@type":"ListItem","position":2,"name":"Labenze: dise\u00f1o que cuenta historias mexicanas"}]},{"@type":"WebSite","@id":"https:\/\/zeromagazine.mx\/#website","url":"https:\/\/zeromagazine.mx\/","name":"Zero Magazine","description":"","publisher":{"@id":"https:\/\/zeromagazine.mx\/#organization"},"potentialAction":[{"@type":"SearchAction","target":{"@type":"EntryPoint","urlTemplate":"https:\/\/zeromagazine.mx\/?s={search_term_string}"},"query-input":{"@type":"PropertyValueSpecification","valueRequired":true,"valueName":"search_term_string"}}],"inLanguage":"es"},{"@type":"Organization","@id":"https:\/\/zeromagazine.mx\/#organization","name":"Zero Magazine","url":"https:\/\/zeromagazine.mx\/","logo":{"@type":"ImageObject","inLanguage":"es","@id":"https:\/\/zeromagazine.mx\/#\/schema\/logo\/image\/","url":"https:\/\/i0.wp.com\/zeromagazine.mx\/wp-content\/uploads\/2025\/11\/1.jpeg?fit=1000%2C1000&ssl=1","contentUrl":"https:\/\/i0.wp.com\/zeromagazine.mx\/wp-content\/uploads\/2025\/11\/1.jpeg?fit=1000%2C1000&ssl=1","width":1000,"height":1000,"caption":"Zero Magazine"},"image":{"@id":"https:\/\/zeromagazine.mx\/#\/schema\/logo\/image\/"},"sameAs":["https:\/\/instagram.com\/zeromagazinemx"]},{"@type":"Person","@id":"https:\/\/zeromagazine.mx\/#\/schema\/person\/9f7f1a17c60ba8e9980e3e6677aabe5a","name":"David Morales","image":{"@type":"ImageObject","inLanguage":"es","@id":"https:\/\/zeromagazine.mx\/wp-content\/litespeed\/avatar\/76069d2136bfc1c37dc34815bb67ca42.jpg?ver=1776966186","url":"https:\/\/zeromagazine.mx\/wp-content\/litespeed\/avatar\/76069d2136bfc1c37dc34815bb67ca42.jpg?ver=1776966186","contentUrl":"https:\/\/zeromagazine.mx\/wp-content\/litespeed\/avatar\/76069d2136bfc1c37dc34815bb67ca42.jpg?ver=1776966186","caption":"David Morales"},"url":"https:\/\/zeromagazine.mx\/index.php\/author\/david\/"}]}},"jetpack_publicize_connections":[],"jetpack_featured_media_url":"https:\/\/i0.wp.com\/zeromagazine.mx\/wp-content\/uploads\/2025\/09\/Lady-B.jpeg?fit=1080%2C1482&ssl=1","jetpack-related-posts":[{"id":83632,"url":"https:\/\/zeromagazine.mx\/index.php\/2024\/09\/10\/pandora-charms-vibra-mexicana-siempre\/","url_meta":{"origin":108112,"position":0},"title":"\u00abPandora Charms: Vibra Mexicana Siempre\u00bb","author":"zeromagazinemx","date":"10 de septiembre de 2024","format":false,"excerpt":"Pandora est\u00e1 literally d\u00e1ndonos todo con su nueva colecci\u00f3n de charms que no solo est\u00e1n lind\u00edsimos, sino que tambi\u00e9n te permiten llevar contigo una parte de la historia de M\u00e9xico. Esta colaboraci\u00f3n define el estilo personal y la riqueza cultural del pa\u00eds es una vibe total. Aqu\u00ed te dejo un\u2026","rel":"","context":"En \u00abModa\u00bb","block_context":{"text":"Moda","link":"https:\/\/zeromagazine.mx\/index.php\/category\/moda\/"},"img":{"alt_text":"","src":"https:\/\/i0.wp.com\/zeromagazine.mx\/wp-content\/uploads\/2024\/09\/ENG792015_35_Dia-de-Muertos-2022.jpg?fit=1200%2C1200&ssl=1&resize=350%2C200","width":350,"height":200,"srcset":"https:\/\/i0.wp.com\/zeromagazine.mx\/wp-content\/uploads\/2024\/09\/ENG792015_35_Dia-de-Muertos-2022.jpg?fit=1200%2C1200&ssl=1&resize=350%2C200 1x, https:\/\/i0.wp.com\/zeromagazine.mx\/wp-content\/uploads\/2024\/09\/ENG792015_35_Dia-de-Muertos-2022.jpg?fit=1200%2C1200&ssl=1&resize=525%2C300 1.5x, https:\/\/i0.wp.com\/zeromagazine.mx\/wp-content\/uploads\/2024\/09\/ENG792015_35_Dia-de-Muertos-2022.jpg?fit=1200%2C1200&ssl=1&resize=700%2C400 2x, https:\/\/i0.wp.com\/zeromagazine.mx\/wp-content\/uploads\/2024\/09\/ENG792015_35_Dia-de-Muertos-2022.jpg?fit=1200%2C1200&ssl=1&resize=1050%2C600 3x"},"classes":[]},{"id":98338,"url":"https:\/\/zeromagazine.mx\/index.php\/2025\/03\/07\/talento-que-transforma-la-gastronomia-mexicana\/","url_meta":{"origin":108112,"position":1},"title":"Talento Que Transforma","author":"David Morales","date":"7 de marzo de 2025","format":false,"excerpt":"Amix, \u00bfse han dado cuenta de que cada vez hay m\u00e1s morras rompi\u00e9ndola en arquitectura, dise\u00f1o, mixolog\u00eda y gastronom\u00eda? En M\u00e9xico, estas industrias est\u00e1n siendo transformadas por mujeres que no solo destacan, sino que redefinen el panorama con propuestas innovadoras y una visi\u00f3n \u00fanica. Esto nos demuestra que el talento\u2026","rel":"","context":"En \u00abFoodie\u00bb","block_context":{"text":"Foodie","link":"https:\/\/zeromagazine.mx\/index.php\/category\/lifestyle\/foodie\/"},"img":{"alt_text":"","src":"https:\/\/i0.wp.com\/zeromagazine.mx\/wp-content\/uploads\/2025\/03\/KatieJuneBurton_Lina-93-scaled.jpg?fit=800%2C1200&ssl=1&resize=350%2C200","width":350,"height":200,"srcset":"https:\/\/i0.wp.com\/zeromagazine.mx\/wp-content\/uploads\/2025\/03\/KatieJuneBurton_Lina-93-scaled.jpg?fit=800%2C1200&ssl=1&resize=350%2C200 1x, https:\/\/i0.wp.com\/zeromagazine.mx\/wp-content\/uploads\/2025\/03\/KatieJuneBurton_Lina-93-scaled.jpg?fit=800%2C1200&ssl=1&resize=525%2C300 1.5x, https:\/\/i0.wp.com\/zeromagazine.mx\/wp-content\/uploads\/2025\/03\/KatieJuneBurton_Lina-93-scaled.jpg?fit=800%2C1200&ssl=1&resize=700%2C400 2x"},"classes":[]},{"id":105437,"url":"https:\/\/zeromagazine.mx\/index.php\/2025\/06\/03\/en-diseno-mexicano-de-jose-sanchez-que-trasciende-fronteras\/","url_meta":{"origin":108112,"position":2},"title":"El dise\u00f1o mexicano de Jos\u00e9 S\u00e1nchez que trasciende fronteras","author":"David Morales","date":"3 de junio de 2025","format":false,"excerpt":"Amix, \u00bfubican esas marcas que hacen que el lujo se sienta personal, poderoso y con historia? Pues hoy vengo a contarles del Jos\u00e9 S\u00e1nchez, un dise\u00f1ador que lleva tres d\u00e9cadas demostrando que el cuero no es solo material, es arte. Pue este \u00edcono del dise\u00f1o mexicano ha creado piezas que\u2026","rel":"","context":"En \u00abModa\u00bb","block_context":{"text":"Moda","link":"https:\/\/zeromagazine.mx\/index.php\/category\/moda\/"},"img":{"alt_text":"","src":"https:\/\/i0.wp.com\/zeromagazine.mx\/wp-content\/uploads\/2025\/06\/JOSE-002-scaled.jpg?fit=798%2C1200&ssl=1&resize=350%2C200","width":350,"height":200,"srcset":"https:\/\/i0.wp.com\/zeromagazine.mx\/wp-content\/uploads\/2025\/06\/JOSE-002-scaled.jpg?fit=798%2C1200&ssl=1&resize=350%2C200 1x, https:\/\/i0.wp.com\/zeromagazine.mx\/wp-content\/uploads\/2025\/06\/JOSE-002-scaled.jpg?fit=798%2C1200&ssl=1&resize=525%2C300 1.5x, https:\/\/i0.wp.com\/zeromagazine.mx\/wp-content\/uploads\/2025\/06\/JOSE-002-scaled.jpg?fit=798%2C1200&ssl=1&resize=700%2C400 2x"},"classes":[]},{"id":94414,"url":"https:\/\/zeromagazine.mx\/index.php\/2025\/01\/09\/el-nuevo-cafe-de-starbucks-puro-sabor-mexicano\/","url_meta":{"origin":108112,"position":3},"title":"El Nuevo Caf\u00e9 de Starbucks: Puro Sabor Mexicano","author":"zeromagazinemx","date":"9 de enero de 2025","format":false,"excerpt":"Amix, \u00bfsab\u00edan que detr\u00e1s de cada taza de caf\u00e9 hay historias que no solo calientan las manos, sino el coraz\u00f3n? Este 2025, Starbucks lanza Starbucks\u00ae M\u00e9xico Puebla, un caf\u00e9 de origen \u00fanico que va m\u00e1s all\u00e1 del sabor. Este blend celebra la herencia cultural, el trabajo de m\u00e1s de 1,350\u2026","rel":"","context":"En \u00abFoodie\u00bb","block_context":{"text":"Foodie","link":"https:\/\/zeromagazine.mx\/index.php\/category\/lifestyle\/foodie\/"},"img":{"alt_text":"","src":"https:\/\/i0.wp.com\/zeromagazine.mx\/wp-content\/uploads\/2025\/01\/C9A5737-scaled.jpg?fit=801%2C1200&ssl=1&resize=350%2C200","width":350,"height":200,"srcset":"https:\/\/i0.wp.com\/zeromagazine.mx\/wp-content\/uploads\/2025\/01\/C9A5737-scaled.jpg?fit=801%2C1200&ssl=1&resize=350%2C200 1x, https:\/\/i0.wp.com\/zeromagazine.mx\/wp-content\/uploads\/2025\/01\/C9A5737-scaled.jpg?fit=801%2C1200&ssl=1&resize=525%2C300 1.5x, https:\/\/i0.wp.com\/zeromagazine.mx\/wp-content\/uploads\/2025\/01\/C9A5737-scaled.jpg?fit=801%2C1200&ssl=1&resize=700%2C400 2x"},"classes":[]},{"id":114580,"url":"https:\/\/zeromagazine.mx\/index.php\/2026\/01\/31\/moda-mexicana-online-pink-magnolia-tiendanube\/","url_meta":{"origin":108112,"position":4},"title":"Moda mexicana online que conquista","author":"zeromagazinemx","date":"31 de enero de 2026","format":false,"excerpt":"Hay marcas que no solo dise\u00f1an ropa, sino universos enteros. Siluetas que cuentan historias, colores que evocan ra\u00edces y detalles que se sienten personales. En ese mood est\u00e1 Pink Magnolia, una firma que ha logrado que la moda mexicana online se sienta cercana, emocional y totalmente lista para conquistar pantallas\u2026","rel":"","context":"En \u00abModa\u00bb","block_context":{"text":"Moda","link":"https:\/\/zeromagazine.mx\/index.php\/category\/moda\/"},"img":{"alt_text":"","src":"https:\/\/i0.wp.com\/zeromagazine.mx\/wp-content\/uploads\/2026\/01\/1000049746.jpg?fit=1200%2C662&ssl=1&resize=350%2C200","width":350,"height":200,"srcset":"https:\/\/i0.wp.com\/zeromagazine.mx\/wp-content\/uploads\/2026\/01\/1000049746.jpg?fit=1200%2C662&ssl=1&resize=350%2C200 1x, https:\/\/i0.wp.com\/zeromagazine.mx\/wp-content\/uploads\/2026\/01\/1000049746.jpg?fit=1200%2C662&ssl=1&resize=525%2C300 1.5x, https:\/\/i0.wp.com\/zeromagazine.mx\/wp-content\/uploads\/2026\/01\/1000049746.jpg?fit=1200%2C662&ssl=1&resize=700%2C400 2x, https:\/\/i0.wp.com\/zeromagazine.mx\/wp-content\/uploads\/2026\/01\/1000049746.jpg?fit=1200%2C662&ssl=1&resize=1050%2C600 3x"},"classes":[]},{"id":81873,"url":"https:\/\/zeromagazine.mx\/index.php\/2024\/08\/14\/netflix-empodera-voces-mexicanas-diversas\/","url_meta":{"origin":108112,"position":5},"title":"\u00abNetflix Empodera Voces Mexicanas Diversas\u00bb","author":"zeromagazinemx","date":"14 de agosto de 2024","format":false,"excerpt":"Ya sabes que Netflix siempre est\u00e1 a la vanguardia, ahora est\u00e1n subiendo la barra con el\u00a0Fondo Netflix para la Equidad Creativa\u00a0en M\u00e9xico. Estamos hablando de un compromiso de\u00a022 millones de pesos\u00a0que ser\u00e1 invertido en los pr\u00f3ximos dos a\u00f1os para dar voz y espacio a las comunidades diversas en el mundo\u2026","rel":"","context":"En \u00abEntretenimiento\u00bb","block_context":{"text":"Entretenimiento","link":"https:\/\/zeromagazine.mx\/index.php\/category\/entretenimiento\/"},"img":{"alt_text":"","src":"https:\/\/i0.wp.com\/zeromagazine.mx\/wp-content\/uploads\/2024\/08\/fondo_netflix.jpg?fit=1200%2C675&ssl=1&resize=350%2C200","width":350,"height":200,"srcset":"https:\/\/i0.wp.com\/zeromagazine.mx\/wp-content\/uploads\/2024\/08\/fondo_netflix.jpg?fit=1200%2C675&ssl=1&resize=350%2C200 1x, https:\/\/i0.wp.com\/zeromagazine.mx\/wp-content\/uploads\/2024\/08\/fondo_netflix.jpg?fit=1200%2C675&ssl=1&resize=525%2C300 1.5x, https:\/\/i0.wp.com\/zeromagazine.mx\/wp-content\/uploads\/2024\/08\/fondo_netflix.jpg?fit=1200%2C675&ssl=1&resize=700%2C400 2x, https:\/\/i0.wp.com\/zeromagazine.mx\/wp-content\/uploads\/2024\/08\/fondo_netflix.jpg?fit=1200%2C675&ssl=1&resize=1050%2C600 3x"},"classes":[]}],"jetpack_sharing_enabled":true,"builder_content":"","_links":{"self":[{"href":"https:\/\/zeromagazine.mx\/index.php\/wp-json\/wp\/v2\/posts\/108112","targetHints":{"allow":["GET"]}}],"collection":[{"href":"https:\/\/zeromagazine.mx\/index.php\/wp-json\/wp\/v2\/posts"}],"about":[{"href":"https:\/\/zeromagazine.mx\/index.php\/wp-json\/wp\/v2\/types\/post"}],"author":[{"embeddable":true,"href":"https:\/\/zeromagazine.mx\/index.php\/wp-json\/wp\/v2\/users\/4"}],"replies":[{"embeddable":true,"href":"https:\/\/zeromagazine.mx\/index.php\/wp-json\/wp\/v2\/comments?post=108112"}],"version-history":[{"count":2,"href":"https:\/\/zeromagazine.mx\/index.php\/wp-json\/wp\/v2\/posts\/108112\/revisions"}],"predecessor-version":[{"id":108121,"href":"https:\/\/zeromagazine.mx\/index.php\/wp-json\/wp\/v2\/posts\/108112\/revisions\/108121"}],"wp:featuredmedia":[{"embeddable":true,"href":"https:\/\/zeromagazine.mx\/index.php\/wp-json\/wp\/v2\/media\/108117"}],"wp:attachment":[{"href":"https:\/\/zeromagazine.mx\/index.php\/wp-json\/wp\/v2\/media?parent=108112"}],"wp:term":[{"taxonomy":"category","embeddable":true,"href":"https:\/\/zeromagazine.mx\/index.php\/wp-json\/wp\/v2\/categories?post=108112"},{"taxonomy":"post_tag","embeddable":true,"href":"https:\/\/zeromagazine.mx\/index.php\/wp-json\/wp\/v2\/tags?post=108112"}],"curies":[{"name":"wp","href":"https:\/\/api.w.org\/{rel}","templated":true}]}}