{"id":108296,"date":"2025-09-17T21:14:05","date_gmt":"2025-09-18T03:14:05","guid":{"rendered":"https:\/\/zeromagazine.mx\/?p=108296"},"modified":"2025-09-17T21:14:07","modified_gmt":"2025-09-18T03:14:07","slug":"dia-de-muertos-velas-resorts","status":"publish","type":"post","link":"https:\/\/zeromagazine.mx\/index.php\/2025\/09\/17\/dia-de-muertos-velas-resorts\/","title":{"rendered":"D\u00eda de Muertos en Velas Resorts: tradici\u00f3n y fiesta"},"content":{"rendered":"<!--themify_builder_content-->\n<div id=\"themify_builder_content-108296\" data-postid=\"108296\" class=\"themify_builder_content themify_builder_content-108296 themify_builder tf_clear\">\n    <\/div>\n<!--\/themify_builder_content-->\n\n\n<p>Amix, ustedes saben que yo vivo obsesionado con el D\u00eda de Muertos. Es la fiesta que m\u00e1s me mueve, no solo porque me encanta el cempas\u00fachil, el pan de muerto y los altares, sino porque siento que conecta todo lo que amo de M\u00e9xico: los colores, la gastronom\u00eda, la m\u00fasica y esa vibra de recordar a quienes amamos celebrando la vida. Y obvio, cada a\u00f1o me la paso buscando d\u00f3nde vivir la experiencia m\u00e1s \u00e9pica. Pues les cuento que encontr\u00e9 un plan que est\u00e1 de locura:&nbsp;<strong>D\u00eda de Muertos en Velas Resorts<\/strong>.<\/p>\n\n\n\n<figure class=\"wp-block-image size-full\"><img data-recalc-dims=\"1\" decoding=\"async\" width=\"1038\" height=\"694\" src=\"https:\/\/i0.wp.com\/zeromagazine.mx\/wp-content\/uploads\/2025\/09\/Protocolo-PR-Day-of-the-Dead-Celebrations-for-2025-at-VR-09.jpeg?resize=1038%2C694&#038;ssl=1\" alt=\"\" class=\"wp-image-108297\" srcset=\"https:\/\/i0.wp.com\/zeromagazine.mx\/wp-content\/uploads\/2025\/09\/Protocolo-PR-Day-of-the-Dead-Celebrations-for-2025-at-VR-09.jpeg?w=1038&amp;ssl=1 1038w, https:\/\/i0.wp.com\/zeromagazine.mx\/wp-content\/uploads\/2025\/09\/Protocolo-PR-Day-of-the-Dead-Celebrations-for-2025-at-VR-09.jpeg?resize=300%2C201&amp;ssl=1 300w, https:\/\/i0.wp.com\/zeromagazine.mx\/wp-content\/uploads\/2025\/09\/Protocolo-PR-Day-of-the-Dead-Celebrations-for-2025-at-VR-09.jpeg?resize=1024%2C685&amp;ssl=1 1024w, https:\/\/i0.wp.com\/zeromagazine.mx\/wp-content\/uploads\/2025\/09\/Protocolo-PR-Day-of-the-Dead-Celebrations-for-2025-at-VR-09.jpeg?resize=768%2C513&amp;ssl=1 768w\" sizes=\"(max-width: 1038px) 100vw, 1038px\" \/><\/figure>\n\n\n\n<p>Imag\u00ednense: desde finales de octubre hasta los primeros d\u00edas de noviembre, cada uno de los resorts arma un calendario de actividades que combinan cultura, comida, m\u00fasica, mixolog\u00eda y hasta desfiles de catrinas. Literal, hay opciones para cada mood, desde ir en plan relax hasta vivirlo como festivalazo.<\/p>\n\n\n\n<h2 class=\"wp-block-heading\">Experiencias \u00fanicas en cada Velas Resort<\/h2>\n\n\n\n<p>En&nbsp;<strong>Velas Vallarta<\/strong>&nbsp;el ambiente es super familiar. Hay pintura de calaveritas de az\u00facar, un laberinto con catrinas gigantes y hasta una ofrenda tradicional que se convierte en el coraz\u00f3n del lugar. Todo se complementa con una cena ancestral con mariachi en vivo, o sea, vibes de pel\u00edcula mexicana.<\/p>\n\n\n\n<p>Si lo tuyo es la fiesta con buen trago, el&nbsp;<strong>Mexology Fest en Grand Velas Riviera Nayarit<\/strong>&nbsp;es EL plan. Se celebra el 28 y 29 de octubre y este a\u00f1o el tema es \u201cHistoria l\u00edquida\u201d. B\u00e1sicamente, un viaje por el pasado, presente y futuro de nuestros destilados favoritos: tequila, mezcal, raicilla y tepache. Hay talleres, degustaciones y hasta cocteles de autor que te llevan directo a la esencia de la mixolog\u00eda mexicana, pero con un giro moderno.<\/p>\n\n\n\n<figure class=\"wp-block-image size-full\"><img data-recalc-dims=\"1\" decoding=\"async\" width=\"1038\" height=\"694\" src=\"https:\/\/i0.wp.com\/zeromagazine.mx\/wp-content\/uploads\/2025\/09\/Protocolo-PR-Day-of-the-Dead-Celebrations-for-2025-at-VR-05.jpeg?resize=1038%2C694&#038;ssl=1\" alt=\"\" class=\"wp-image-108301\" srcset=\"https:\/\/i0.wp.com\/zeromagazine.mx\/wp-content\/uploads\/2025\/09\/Protocolo-PR-Day-of-the-Dead-Celebrations-for-2025-at-VR-05.jpeg?w=1038&amp;ssl=1 1038w, https:\/\/i0.wp.com\/zeromagazine.mx\/wp-content\/uploads\/2025\/09\/Protocolo-PR-Day-of-the-Dead-Celebrations-for-2025-at-VR-05.jpeg?resize=300%2C201&amp;ssl=1 300w, https:\/\/i0.wp.com\/zeromagazine.mx\/wp-content\/uploads\/2025\/09\/Protocolo-PR-Day-of-the-Dead-Celebrations-for-2025-at-VR-05.jpeg?resize=1024%2C685&amp;ssl=1 1024w, https:\/\/i0.wp.com\/zeromagazine.mx\/wp-content\/uploads\/2025\/09\/Protocolo-PR-Day-of-the-Dead-Celebrations-for-2025-at-VR-05.jpeg?resize=768%2C513&amp;ssl=1 768w\" sizes=\"(max-width: 1038px) 100vw, 1038px\" \/><\/figure>\n\n\n\n<p>En&nbsp;<strong>Grand Velas Los Cabos<\/strong>&nbsp;el highlight es el desfile de catrinas que arranca en el lobby y termina en el hotel vecino Mar del Cabo, con m\u00fasica, baile y toda la onda festiva. Tambi\u00e9n hay clase de mixolog\u00eda ancestral en el restaurante Frida y la famosa \u201ccena de las almas\u201d, un men\u00fa de degustaci\u00f3n tem\u00e1tico con todo el esp\u00edritu de la fecha. Si quieres algo m\u00e1s \u00edntimo y ultra exclusivo, el&nbsp;<strong>Grand Velas Boutique Los Cabos<\/strong>&nbsp;tiene la experiencia \u201cDe Mictl\u00e1n a la ofrenda\u201d, que incluye cocteles con hierbas mexicanas y una cena maridada con vinos y tequilas en un viaje sensorial inspirado en los paisajes del pa\u00eds.<\/p>\n\n\n\n<p>Y si prefieren combinar Halloween y D\u00eda de Muertos, en&nbsp;<strong>Grand Velas Riviera Maya<\/strong>&nbsp;la cosa se pone vers\u00e1til: disfraces, cine bajo las estrellas, talleres para hacer milagritos y atrapasue\u00f1os, karaoke y un mont\u00f3n de actividades culturales y gastron\u00f3micas. Los peques pueden pedir dulces en el resort y los grandes se echan unos drinks y buena comida. Plan familiar y cool a la vez.<\/p>\n\n\n\n<figure class=\"wp-block-image size-full\"><img data-recalc-dims=\"1\" decoding=\"async\" width=\"1165\" height=\"779\" src=\"https:\/\/i0.wp.com\/zeromagazine.mx\/wp-content\/uploads\/2025\/09\/Protocolo-PR-Day-of-the-Dead-Celebrations-for-2025-at-VR-03.jpeg?resize=1165%2C779&#038;ssl=1\" alt=\"\" class=\"wp-image-108303\" srcset=\"https:\/\/i0.wp.com\/zeromagazine.mx\/wp-content\/uploads\/2025\/09\/Protocolo-PR-Day-of-the-Dead-Celebrations-for-2025-at-VR-03.jpeg?w=2075&amp;ssl=1 2075w, https:\/\/i0.wp.com\/zeromagazine.mx\/wp-content\/uploads\/2025\/09\/Protocolo-PR-Day-of-the-Dead-Celebrations-for-2025-at-VR-03.jpeg?resize=300%2C201&amp;ssl=1 300w, https:\/\/i0.wp.com\/zeromagazine.mx\/wp-content\/uploads\/2025\/09\/Protocolo-PR-Day-of-the-Dead-Celebrations-for-2025-at-VR-03.jpeg?resize=1024%2C685&amp;ssl=1 1024w, https:\/\/i0.wp.com\/zeromagazine.mx\/wp-content\/uploads\/2025\/09\/Protocolo-PR-Day-of-the-Dead-Celebrations-for-2025-at-VR-03.jpeg?resize=768%2C514&amp;ssl=1 768w, https:\/\/i0.wp.com\/zeromagazine.mx\/wp-content\/uploads\/2025\/09\/Protocolo-PR-Day-of-the-Dead-Celebrations-for-2025-at-VR-03.jpeg?resize=1536%2C1027&amp;ssl=1 1536w, https:\/\/i0.wp.com\/zeromagazine.mx\/wp-content\/uploads\/2025\/09\/Protocolo-PR-Day-of-the-Dead-Celebrations-for-2025-at-VR-03.jpeg?resize=2048%2C1370&amp;ssl=1 2048w\" sizes=\"(max-width: 1165px) 100vw, 1165px\" \/><\/figure>\n\n\n\n<p>En&nbsp;<strong>Casa Velas<\/strong>, el hotel boutique adults-only en Puerto Vallarta, se arma un altar lleno de flores, velas y ofrendas tradicionales. Es un espacio m\u00e1s \u00edntimo y perfecto para quienes quieren conectar con el lado espiritual de estas fechas.<\/p>\n\n\n\n<h2 class=\"wp-block-heading\">D\u00eda de Muertos en Velas Resorts: Celebrar la tradici\u00f3n con todo el sabor<\/h2>\n\n\n\n<p>Lo mejor es que en todos los resorts hay pan de muerto, bebidas tradicionales y experiencias que celebran la cultura desde diferentes \u00e1ngulos. Adem\u00e1s, son resorts Todo Incluido (excepto Mar del Cabo, que es Plan Europeo con desayuno), as\u00ed que no tienes que preocuparte por nada m\u00e1s que disfrutar.<\/p>\n\n\n\n<figure class=\"wp-block-image size-full\"><img data-recalc-dims=\"1\" decoding=\"async\" width=\"1038\" height=\"694\" src=\"https:\/\/i0.wp.com\/zeromagazine.mx\/wp-content\/uploads\/2025\/09\/Protocolo-PR-Day-of-the-Dead-Celebrations-for-2025-at-VR-08.jpeg?resize=1038%2C694&#038;ssl=1\" alt=\"\" class=\"wp-image-108298\" srcset=\"https:\/\/i0.wp.com\/zeromagazine.mx\/wp-content\/uploads\/2025\/09\/Protocolo-PR-Day-of-the-Dead-Celebrations-for-2025-at-VR-08.jpeg?w=1038&amp;ssl=1 1038w, https:\/\/i0.wp.com\/zeromagazine.mx\/wp-content\/uploads\/2025\/09\/Protocolo-PR-Day-of-the-Dead-Celebrations-for-2025-at-VR-08.jpeg?resize=300%2C201&amp;ssl=1 300w, https:\/\/i0.wp.com\/zeromagazine.mx\/wp-content\/uploads\/2025\/09\/Protocolo-PR-Day-of-the-Dead-Celebrations-for-2025-at-VR-08.jpeg?resize=1024%2C685&amp;ssl=1 1024w, https:\/\/i0.wp.com\/zeromagazine.mx\/wp-content\/uploads\/2025\/09\/Protocolo-PR-Day-of-the-Dead-Celebrations-for-2025-at-VR-08.jpeg?resize=768%2C513&amp;ssl=1 768w\" sizes=\"(max-width: 1038px) 100vw, 1038px\" \/><\/figure>\n\n\n\n<p>As\u00ed que si este a\u00f1o quieren vivir el D\u00eda de Muertos de una forma que combine cultura, fiesta, buena comida y paisajes de M\u00e9xico, Velas Resorts tiene todo el mood perfecto. Yo ya me vi armando mis maletas para uno de estos destinos, \u00bfa cu\u00e1l nos lanzamos?<\/p>","protected":false},"excerpt":{"rendered":"<p>Amix, ustedes saben que yo vivo obsesionado con el D\u00eda de Muertos. Es la fiesta que m\u00e1s me mueve, no solo porque me encanta el cempas\u00fachil, el pan de muerto y los altares, sino porque siento que conecta todo lo que amo de M\u00e9xico: los colores, la gastronom\u00eda, la m\u00fasica y esa vibra de recordar [&hellip;]<\/p>\n","protected":false},"author":4,"featured_media":108300,"comment_status":"open","ping_status":"open","sticky":false,"template":"","format":"standard","meta":{"_jetpack_memberships_contains_paid_content":false,"footnotes":"","jetpack_publicize_message":"","jetpack_publicize_feature_enabled":true,"jetpack_social_post_already_shared":true,"jetpack_social_options":{"image_generator_settings":{"template":"highway","default_image_id":0,"font":"","enabled":false},"version":2}},"categories":[1],"tags":[],"class_list":["post-108296","post","type-post","status-publish","format-standard","has-post-thumbnail","hentry","category-blog","has-post-title","has-post-date","has-post-category","has-post-tag","has-post-comment","has-post-author",""],"yoast_head":"<!-- This site is optimized with the Yoast SEO plugin v27.5 - https:\/\/yoast.com\/product\/yoast-seo-wordpress\/ -->\n<title>D\u00eda de Muertos en Velas Resorts: tradici\u00f3n y fiesta - Zero Magazine<\/title>\n<meta name=\"description\" content=\"Vive el D\u00eda de Muertos en Velas Resorts con desfiles de catrinas, mixolog\u00eda, cenas tem\u00e1ticas y altares tradicionales en M\u00e9xico.\" \/>\n<meta name=\"robots\" content=\"index, follow, max-snippet:-1, max-image-preview:large, max-video-preview:-1\" \/>\n<link rel=\"canonical\" href=\"https:\/\/zeromagazine.mx\/index.php\/2025\/09\/17\/dia-de-muertos-velas-resorts\/\" \/>\n<meta property=\"og:locale\" content=\"es_ES\" \/>\n<meta property=\"og:type\" content=\"article\" \/>\n<meta property=\"og:title\" content=\"D\u00eda de Muertos en Velas Resorts: tradici\u00f3n y fiesta - Zero Magazine\" \/>\n<meta property=\"og:description\" content=\"Vive el D\u00eda de Muertos en Velas Resorts con desfiles de catrinas, mixolog\u00eda, cenas tem\u00e1ticas y altares tradicionales en M\u00e9xico.\" \/>\n<meta property=\"og:url\" content=\"https:\/\/zeromagazine.mx\/index.php\/2025\/09\/17\/dia-de-muertos-velas-resorts\/\" \/>\n<meta property=\"og:site_name\" content=\"Zero Magazine\" \/>\n<meta property=\"article:published_time\" content=\"2025-09-18T03:14:05+00:00\" \/>\n<meta property=\"article:modified_time\" content=\"2025-09-18T03:14:07+00:00\" \/>\n<meta property=\"og:image\" content=\"http:\/\/zeromagazine.mx\/wp-content\/uploads\/2025\/09\/Protocolo-PR-Day-of-the-Dead-Celebrations-for-2025-at-VR-06.jpeg\" \/>\n\t<meta property=\"og:image:width\" content=\"1038\" \/>\n\t<meta property=\"og:image:height\" content=\"694\" \/>\n\t<meta property=\"og:image:type\" content=\"image\/jpeg\" \/>\n<meta name=\"author\" content=\"David Morales\" \/>\n<meta name=\"twitter:card\" content=\"summary_large_image\" \/>\n<meta name=\"twitter:label1\" content=\"Escrito por\" \/>\n\t<meta name=\"twitter:data1\" content=\"David Morales\" \/>\n\t<meta name=\"twitter:label2\" content=\"Tiempo de lectura\" \/>\n\t<meta name=\"twitter:data2\" content=\"4 minutos\" \/>\n<script type=\"application\/ld+json\" class=\"yoast-schema-graph\">{\"@context\":\"https:\\\/\\\/schema.org\",\"@graph\":[{\"@type\":\"Article\",\"@id\":\"https:\\\/\\\/zeromagazine.mx\\\/index.php\\\/2025\\\/09\\\/17\\\/dia-de-muertos-velas-resorts\\\/#article\",\"isPartOf\":{\"@id\":\"https:\\\/\\\/zeromagazine.mx\\\/index.php\\\/2025\\\/09\\\/17\\\/dia-de-muertos-velas-resorts\\\/\"},\"author\":{\"name\":\"David Morales\",\"@id\":\"https:\\\/\\\/zeromagazine.mx\\\/#\\\/schema\\\/person\\\/9f7f1a17c60ba8e9980e3e6677aabe5a\"},\"headline\":\"D\u00eda de Muertos en Velas Resorts: tradici\u00f3n y fiesta\",\"datePublished\":\"2025-09-18T03:14:05+00:00\",\"dateModified\":\"2025-09-18T03:14:07+00:00\",\"mainEntityOfPage\":{\"@id\":\"https:\\\/\\\/zeromagazine.mx\\\/index.php\\\/2025\\\/09\\\/17\\\/dia-de-muertos-velas-resorts\\\/\"},\"wordCount\":658,\"commentCount\":0,\"publisher\":{\"@id\":\"https:\\\/\\\/zeromagazine.mx\\\/#organization\"},\"image\":{\"@id\":\"https:\\\/\\\/zeromagazine.mx\\\/index.php\\\/2025\\\/09\\\/17\\\/dia-de-muertos-velas-resorts\\\/#primaryimage\"},\"thumbnailUrl\":\"https:\\\/\\\/i0.wp.com\\\/zeromagazine.mx\\\/wp-content\\\/uploads\\\/2025\\\/09\\\/Protocolo-PR-Day-of-the-Dead-Celebrations-for-2025-at-VR-06.jpeg?fit=1038%2C694&ssl=1\",\"articleSection\":[\"Blog\"],\"inLanguage\":\"es\",\"potentialAction\":[{\"@type\":\"CommentAction\",\"name\":\"Comment\",\"target\":[\"https:\\\/\\\/zeromagazine.mx\\\/index.php\\\/2025\\\/09\\\/17\\\/dia-de-muertos-velas-resorts\\\/#respond\"]}]},{\"@type\":\"WebPage\",\"@id\":\"https:\\\/\\\/zeromagazine.mx\\\/index.php\\\/2025\\\/09\\\/17\\\/dia-de-muertos-velas-resorts\\\/\",\"url\":\"https:\\\/\\\/zeromagazine.mx\\\/index.php\\\/2025\\\/09\\\/17\\\/dia-de-muertos-velas-resorts\\\/\",\"name\":\"D\u00eda de Muertos en Velas Resorts: tradici\u00f3n y fiesta - Zero Magazine\",\"isPartOf\":{\"@id\":\"https:\\\/\\\/zeromagazine.mx\\\/#website\"},\"primaryImageOfPage\":{\"@id\":\"https:\\\/\\\/zeromagazine.mx\\\/index.php\\\/2025\\\/09\\\/17\\\/dia-de-muertos-velas-resorts\\\/#primaryimage\"},\"image\":{\"@id\":\"https:\\\/\\\/zeromagazine.mx\\\/index.php\\\/2025\\\/09\\\/17\\\/dia-de-muertos-velas-resorts\\\/#primaryimage\"},\"thumbnailUrl\":\"https:\\\/\\\/i0.wp.com\\\/zeromagazine.mx\\\/wp-content\\\/uploads\\\/2025\\\/09\\\/Protocolo-PR-Day-of-the-Dead-Celebrations-for-2025-at-VR-06.jpeg?fit=1038%2C694&ssl=1\",\"datePublished\":\"2025-09-18T03:14:05+00:00\",\"dateModified\":\"2025-09-18T03:14:07+00:00\",\"description\":\"Vive el D\u00eda de Muertos en Velas Resorts con desfiles de catrinas, mixolog\u00eda, cenas tem\u00e1ticas y altares tradicionales en M\u00e9xico.\",\"breadcrumb\":{\"@id\":\"https:\\\/\\\/zeromagazine.mx\\\/index.php\\\/2025\\\/09\\\/17\\\/dia-de-muertos-velas-resorts\\\/#breadcrumb\"},\"inLanguage\":\"es\",\"potentialAction\":[{\"@type\":\"ReadAction\",\"target\":[\"https:\\\/\\\/zeromagazine.mx\\\/index.php\\\/2025\\\/09\\\/17\\\/dia-de-muertos-velas-resorts\\\/\"]}]},{\"@type\":\"ImageObject\",\"inLanguage\":\"es\",\"@id\":\"https:\\\/\\\/zeromagazine.mx\\\/index.php\\\/2025\\\/09\\\/17\\\/dia-de-muertos-velas-resorts\\\/#primaryimage\",\"url\":\"https:\\\/\\\/i0.wp.com\\\/zeromagazine.mx\\\/wp-content\\\/uploads\\\/2025\\\/09\\\/Protocolo-PR-Day-of-the-Dead-Celebrations-for-2025-at-VR-06.jpeg?fit=1038%2C694&ssl=1\",\"contentUrl\":\"https:\\\/\\\/i0.wp.com\\\/zeromagazine.mx\\\/wp-content\\\/uploads\\\/2025\\\/09\\\/Protocolo-PR-Day-of-the-Dead-Celebrations-for-2025-at-VR-06.jpeg?fit=1038%2C694&ssl=1\",\"width\":1038,\"height\":694},{\"@type\":\"BreadcrumbList\",\"@id\":\"https:\\\/\\\/zeromagazine.mx\\\/index.php\\\/2025\\\/09\\\/17\\\/dia-de-muertos-velas-resorts\\\/#breadcrumb\",\"itemListElement\":[{\"@type\":\"ListItem\",\"position\":1,\"name\":\"Portada\",\"item\":\"https:\\\/\\\/zeromagazine.mx\\\/\"},{\"@type\":\"ListItem\",\"position\":2,\"name\":\"D\u00eda de Muertos en Velas Resorts: tradici\u00f3n y fiesta\"}]},{\"@type\":\"WebSite\",\"@id\":\"https:\\\/\\\/zeromagazine.mx\\\/#website\",\"url\":\"https:\\\/\\\/zeromagazine.mx\\\/\",\"name\":\"Zero Magazine\",\"description\":\"\",\"publisher\":{\"@id\":\"https:\\\/\\\/zeromagazine.mx\\\/#organization\"},\"potentialAction\":[{\"@type\":\"SearchAction\",\"target\":{\"@type\":\"EntryPoint\",\"urlTemplate\":\"https:\\\/\\\/zeromagazine.mx\\\/?s={search_term_string}\"},\"query-input\":{\"@type\":\"PropertyValueSpecification\",\"valueRequired\":true,\"valueName\":\"search_term_string\"}}],\"inLanguage\":\"es\"},{\"@type\":\"Organization\",\"@id\":\"https:\\\/\\\/zeromagazine.mx\\\/#organization\",\"name\":\"Zero Magazine\",\"url\":\"https:\\\/\\\/zeromagazine.mx\\\/\",\"logo\":{\"@type\":\"ImageObject\",\"inLanguage\":\"es\",\"@id\":\"https:\\\/\\\/zeromagazine.mx\\\/#\\\/schema\\\/logo\\\/image\\\/\",\"url\":\"https:\\\/\\\/i0.wp.com\\\/zeromagazine.mx\\\/wp-content\\\/uploads\\\/2025\\\/11\\\/1.jpeg?fit=1000%2C1000&ssl=1\",\"contentUrl\":\"https:\\\/\\\/i0.wp.com\\\/zeromagazine.mx\\\/wp-content\\\/uploads\\\/2025\\\/11\\\/1.jpeg?fit=1000%2C1000&ssl=1\",\"width\":1000,\"height\":1000,\"caption\":\"Zero Magazine\"},\"image\":{\"@id\":\"https:\\\/\\\/zeromagazine.mx\\\/#\\\/schema\\\/logo\\\/image\\\/\"},\"sameAs\":[\"https:\\\/\\\/instagram.com\\\/zeromagazinemx\"]},{\"@type\":\"Person\",\"@id\":\"https:\\\/\\\/zeromagazine.mx\\\/#\\\/schema\\\/person\\\/9f7f1a17c60ba8e9980e3e6677aabe5a\",\"name\":\"David Morales\",\"image\":{\"@type\":\"ImageObject\",\"inLanguage\":\"es\",\"@id\":\"https:\\\/\\\/zeromagazine.mx\\\/wp-content\\\/litespeed\\\/avatar\\\/76069d2136bfc1c37dc34815bb67ca42.jpg?ver=1776966186\",\"url\":\"https:\\\/\\\/zeromagazine.mx\\\/wp-content\\\/litespeed\\\/avatar\\\/76069d2136bfc1c37dc34815bb67ca42.jpg?ver=1776966186\",\"contentUrl\":\"https:\\\/\\\/zeromagazine.mx\\\/wp-content\\\/litespeed\\\/avatar\\\/76069d2136bfc1c37dc34815bb67ca42.jpg?ver=1776966186\",\"caption\":\"David Morales\"},\"url\":\"https:\\\/\\\/zeromagazine.mx\\\/index.php\\\/author\\\/david\\\/\"}]}<\/script>\n<!-- \/ Yoast SEO plugin. -->","yoast_head_json":{"title":"D\u00eda de Muertos en Velas Resorts: tradici\u00f3n y fiesta - Zero Magazine","description":"Vive el D\u00eda de Muertos en Velas Resorts con desfiles de catrinas, mixolog\u00eda, cenas tem\u00e1ticas y altares tradicionales en M\u00e9xico.","robots":{"index":"index","follow":"follow","max-snippet":"max-snippet:-1","max-image-preview":"max-image-preview:large","max-video-preview":"max-video-preview:-1"},"canonical":"https:\/\/zeromagazine.mx\/index.php\/2025\/09\/17\/dia-de-muertos-velas-resorts\/","og_locale":"es_ES","og_type":"article","og_title":"D\u00eda de Muertos en Velas Resorts: tradici\u00f3n y fiesta - Zero Magazine","og_description":"Vive el D\u00eda de Muertos en Velas Resorts con desfiles de catrinas, mixolog\u00eda, cenas tem\u00e1ticas y altares tradicionales en M\u00e9xico.","og_url":"https:\/\/zeromagazine.mx\/index.php\/2025\/09\/17\/dia-de-muertos-velas-resorts\/","og_site_name":"Zero Magazine","article_published_time":"2025-09-18T03:14:05+00:00","article_modified_time":"2025-09-18T03:14:07+00:00","og_image":[{"width":1038,"height":694,"url":"http:\/\/zeromagazine.mx\/wp-content\/uploads\/2025\/09\/Protocolo-PR-Day-of-the-Dead-Celebrations-for-2025-at-VR-06.jpeg","type":"image\/jpeg"}],"author":"David Morales","twitter_card":"summary_large_image","twitter_misc":{"Escrito por":"David Morales","Tiempo de lectura":"4 minutos"},"schema":{"@context":"https:\/\/schema.org","@graph":[{"@type":"Article","@id":"https:\/\/zeromagazine.mx\/index.php\/2025\/09\/17\/dia-de-muertos-velas-resorts\/#article","isPartOf":{"@id":"https:\/\/zeromagazine.mx\/index.php\/2025\/09\/17\/dia-de-muertos-velas-resorts\/"},"author":{"name":"David Morales","@id":"https:\/\/zeromagazine.mx\/#\/schema\/person\/9f7f1a17c60ba8e9980e3e6677aabe5a"},"headline":"D\u00eda de Muertos en Velas Resorts: tradici\u00f3n y fiesta","datePublished":"2025-09-18T03:14:05+00:00","dateModified":"2025-09-18T03:14:07+00:00","mainEntityOfPage":{"@id":"https:\/\/zeromagazine.mx\/index.php\/2025\/09\/17\/dia-de-muertos-velas-resorts\/"},"wordCount":658,"commentCount":0,"publisher":{"@id":"https:\/\/zeromagazine.mx\/#organization"},"image":{"@id":"https:\/\/zeromagazine.mx\/index.php\/2025\/09\/17\/dia-de-muertos-velas-resorts\/#primaryimage"},"thumbnailUrl":"https:\/\/i0.wp.com\/zeromagazine.mx\/wp-content\/uploads\/2025\/09\/Protocolo-PR-Day-of-the-Dead-Celebrations-for-2025-at-VR-06.jpeg?fit=1038%2C694&ssl=1","articleSection":["Blog"],"inLanguage":"es","potentialAction":[{"@type":"CommentAction","name":"Comment","target":["https:\/\/zeromagazine.mx\/index.php\/2025\/09\/17\/dia-de-muertos-velas-resorts\/#respond"]}]},{"@type":"WebPage","@id":"https:\/\/zeromagazine.mx\/index.php\/2025\/09\/17\/dia-de-muertos-velas-resorts\/","url":"https:\/\/zeromagazine.mx\/index.php\/2025\/09\/17\/dia-de-muertos-velas-resorts\/","name":"D\u00eda de Muertos en Velas Resorts: tradici\u00f3n y fiesta - Zero Magazine","isPartOf":{"@id":"https:\/\/zeromagazine.mx\/#website"},"primaryImageOfPage":{"@id":"https:\/\/zeromagazine.mx\/index.php\/2025\/09\/17\/dia-de-muertos-velas-resorts\/#primaryimage"},"image":{"@id":"https:\/\/zeromagazine.mx\/index.php\/2025\/09\/17\/dia-de-muertos-velas-resorts\/#primaryimage"},"thumbnailUrl":"https:\/\/i0.wp.com\/zeromagazine.mx\/wp-content\/uploads\/2025\/09\/Protocolo-PR-Day-of-the-Dead-Celebrations-for-2025-at-VR-06.jpeg?fit=1038%2C694&ssl=1","datePublished":"2025-09-18T03:14:05+00:00","dateModified":"2025-09-18T03:14:07+00:00","description":"Vive el D\u00eda de Muertos en Velas Resorts con desfiles de catrinas, mixolog\u00eda, cenas tem\u00e1ticas y altares tradicionales en M\u00e9xico.","breadcrumb":{"@id":"https:\/\/zeromagazine.mx\/index.php\/2025\/09\/17\/dia-de-muertos-velas-resorts\/#breadcrumb"},"inLanguage":"es","potentialAction":[{"@type":"ReadAction","target":["https:\/\/zeromagazine.mx\/index.php\/2025\/09\/17\/dia-de-muertos-velas-resorts\/"]}]},{"@type":"ImageObject","inLanguage":"es","@id":"https:\/\/zeromagazine.mx\/index.php\/2025\/09\/17\/dia-de-muertos-velas-resorts\/#primaryimage","url":"https:\/\/i0.wp.com\/zeromagazine.mx\/wp-content\/uploads\/2025\/09\/Protocolo-PR-Day-of-the-Dead-Celebrations-for-2025-at-VR-06.jpeg?fit=1038%2C694&ssl=1","contentUrl":"https:\/\/i0.wp.com\/zeromagazine.mx\/wp-content\/uploads\/2025\/09\/Protocolo-PR-Day-of-the-Dead-Celebrations-for-2025-at-VR-06.jpeg?fit=1038%2C694&ssl=1","width":1038,"height":694},{"@type":"BreadcrumbList","@id":"https:\/\/zeromagazine.mx\/index.php\/2025\/09\/17\/dia-de-muertos-velas-resorts\/#breadcrumb","itemListElement":[{"@type":"ListItem","position":1,"name":"Portada","item":"https:\/\/zeromagazine.mx\/"},{"@type":"ListItem","position":2,"name":"D\u00eda de Muertos en Velas Resorts: tradici\u00f3n y fiesta"}]},{"@type":"WebSite","@id":"https:\/\/zeromagazine.mx\/#website","url":"https:\/\/zeromagazine.mx\/","name":"Zero Magazine","description":"","publisher":{"@id":"https:\/\/zeromagazine.mx\/#organization"},"potentialAction":[{"@type":"SearchAction","target":{"@type":"EntryPoint","urlTemplate":"https:\/\/zeromagazine.mx\/?s={search_term_string}"},"query-input":{"@type":"PropertyValueSpecification","valueRequired":true,"valueName":"search_term_string"}}],"inLanguage":"es"},{"@type":"Organization","@id":"https:\/\/zeromagazine.mx\/#organization","name":"Zero Magazine","url":"https:\/\/zeromagazine.mx\/","logo":{"@type":"ImageObject","inLanguage":"es","@id":"https:\/\/zeromagazine.mx\/#\/schema\/logo\/image\/","url":"https:\/\/i0.wp.com\/zeromagazine.mx\/wp-content\/uploads\/2025\/11\/1.jpeg?fit=1000%2C1000&ssl=1","contentUrl":"https:\/\/i0.wp.com\/zeromagazine.mx\/wp-content\/uploads\/2025\/11\/1.jpeg?fit=1000%2C1000&ssl=1","width":1000,"height":1000,"caption":"Zero Magazine"},"image":{"@id":"https:\/\/zeromagazine.mx\/#\/schema\/logo\/image\/"},"sameAs":["https:\/\/instagram.com\/zeromagazinemx"]},{"@type":"Person","@id":"https:\/\/zeromagazine.mx\/#\/schema\/person\/9f7f1a17c60ba8e9980e3e6677aabe5a","name":"David Morales","image":{"@type":"ImageObject","inLanguage":"es","@id":"https:\/\/zeromagazine.mx\/wp-content\/litespeed\/avatar\/76069d2136bfc1c37dc34815bb67ca42.jpg?ver=1776966186","url":"https:\/\/zeromagazine.mx\/wp-content\/litespeed\/avatar\/76069d2136bfc1c37dc34815bb67ca42.jpg?ver=1776966186","contentUrl":"https:\/\/zeromagazine.mx\/wp-content\/litespeed\/avatar\/76069d2136bfc1c37dc34815bb67ca42.jpg?ver=1776966186","caption":"David Morales"},"url":"https:\/\/zeromagazine.mx\/index.php\/author\/david\/"}]}},"jetpack_publicize_connections":[],"jetpack_featured_media_url":"https:\/\/i0.wp.com\/zeromagazine.mx\/wp-content\/uploads\/2025\/09\/Protocolo-PR-Day-of-the-Dead-Celebrations-for-2025-at-VR-06.jpeg?fit=1038%2C694&ssl=1","jetpack-related-posts":[{"id":89143,"url":"https:\/\/zeromagazine.mx\/index.php\/2024\/11\/01\/dia-de-muertos-en-grand-velas\/","url_meta":{"origin":108296,"position":0},"title":"\u00abD\u00eda de Muertos en Grand Velas\u00bb","author":"zeromagazinemx","date":"1 de noviembre de 2024","format":false,"excerpt":"\u00a1Hey, amigxs! Les traigo un notici\u00f3n que est\u00e1 on fire \"D\u00eda de Muertos se viene con todo en Velas Resorts\" Si estaban buscando una escapada, entre el 27 de octubre y el 5 de noviembre, estos resorts se van a poner s\u00faper vibrosos. Es la excusa perfecta para hacer maletas\u2026","rel":"","context":"En \u00abViajes\u00bb","block_context":{"text":"Viajes","link":"https:\/\/zeromagazine.mx\/index.php\/category\/lugares\/"},"img":{"alt_text":"","src":"https:\/\/i0.wp.com\/zeromagazine.mx\/wp-content\/uploads\/2024\/11\/IMG_4799.png?fit=1144%2C763&ssl=1&resize=350%2C200","width":350,"height":200,"srcset":"https:\/\/i0.wp.com\/zeromagazine.mx\/wp-content\/uploads\/2024\/11\/IMG_4799.png?fit=1144%2C763&ssl=1&resize=350%2C200 1x, https:\/\/i0.wp.com\/zeromagazine.mx\/wp-content\/uploads\/2024\/11\/IMG_4799.png?fit=1144%2C763&ssl=1&resize=525%2C300 1.5x, https:\/\/i0.wp.com\/zeromagazine.mx\/wp-content\/uploads\/2024\/11\/IMG_4799.png?fit=1144%2C763&ssl=1&resize=700%2C400 2x, https:\/\/i0.wp.com\/zeromagazine.mx\/wp-content\/uploads\/2024\/11\/IMG_4799.png?fit=1144%2C763&ssl=1&resize=1050%2C600 3x"},"classes":[]},{"id":116695,"url":"https:\/\/zeromagazine.mx\/index.php\/2026\/03\/13\/pascua-velas-resorts\/","url_meta":{"origin":108296,"position":1},"title":"Celebraci\u00f3n de Pascua en M\u00e9xico con Velas Resorts: experiencias exclusivas para toda la familia","author":"David Morales","date":"13 de marzo de 2026","format":false,"excerpt":"Si est\u00e1s pensando en viajar en vacaciones y quieres algo m\u00e1s que el t\u00edpico plan de hotel,\u00a0Pascua Velas Resorts M\u00e9xico\u00a0se perfila como una de las opciones m\u00e1s completas para 2026. La colecci\u00f3n de hoteles de lujo prepar\u00f3 experiencias especiales para Semana Santa y Pascua con actividades familiares, eventos gastron\u00f3micos, wellness\u2026","rel":"","context":"En \u00abBlog\u00bb","block_context":{"text":"Blog","link":"https:\/\/zeromagazine.mx\/index.php\/category\/blog\/"},"img":{"alt_text":"","src":"https:\/\/i0.wp.com\/zeromagazine.mx\/wp-content\/uploads\/2026\/03\/IMG_1725.png?fit=732%2C1044&ssl=1&resize=350%2C200","width":350,"height":200,"srcset":"https:\/\/i0.wp.com\/zeromagazine.mx\/wp-content\/uploads\/2026\/03\/IMG_1725.png?fit=732%2C1044&ssl=1&resize=350%2C200 1x, https:\/\/i0.wp.com\/zeromagazine.mx\/wp-content\/uploads\/2026\/03\/IMG_1725.png?fit=732%2C1044&ssl=1&resize=525%2C300 1.5x, https:\/\/i0.wp.com\/zeromagazine.mx\/wp-content\/uploads\/2026\/03\/IMG_1725.png?fit=732%2C1044&ssl=1&resize=700%2C400 2x"},"classes":[]},{"id":84977,"url":"https:\/\/zeromagazine.mx\/index.php\/2024\/10\/02\/ava-resort-donde-la-fiesta-comienza\/","url_meta":{"origin":108296,"position":2},"title":"AVA Resort: Donde la Fiesta Comienza","author":"zeromagazinemx","date":"2 de octubre de 2024","format":false,"excerpt":"\u00bfCre\u00edas que lo hab\u00edas visto todo en resorts? Espera, porque AVA Resort Canc\u00fan est\u00e1 a punto de cambiar el juego. Desde su soft opening en junio, este lugar no es solo un hotel; es el vibe de lujo que necesitas en tu vida. Y para festejar su gran apertura, lanzan\u2026","rel":"","context":"En \u00abViajes\u00bb","block_context":{"text":"Viajes","link":"https:\/\/zeromagazine.mx\/index.php\/category\/lugares\/"},"img":{"alt_text":"","src":"https:\/\/i0.wp.com\/zeromagazine.mx\/wp-content\/uploads\/2024\/10\/AVA-LifeStyle-Aquatico-2.jpg?fit=1200%2C898&ssl=1&resize=350%2C200","width":350,"height":200,"srcset":"https:\/\/i0.wp.com\/zeromagazine.mx\/wp-content\/uploads\/2024\/10\/AVA-LifeStyle-Aquatico-2.jpg?fit=1200%2C898&ssl=1&resize=350%2C200 1x, https:\/\/i0.wp.com\/zeromagazine.mx\/wp-content\/uploads\/2024\/10\/AVA-LifeStyle-Aquatico-2.jpg?fit=1200%2C898&ssl=1&resize=525%2C300 1.5x, https:\/\/i0.wp.com\/zeromagazine.mx\/wp-content\/uploads\/2024\/10\/AVA-LifeStyle-Aquatico-2.jpg?fit=1200%2C898&ssl=1&resize=700%2C400 2x, https:\/\/i0.wp.com\/zeromagazine.mx\/wp-content\/uploads\/2024\/10\/AVA-LifeStyle-Aquatico-2.jpg?fit=1200%2C898&ssl=1&resize=1050%2C600 3x"},"classes":[]},{"id":76921,"url":"https:\/\/zeromagazine.mx\/index.php\/2024\/05\/31\/estrellas-michelin-en-velas-resorts\/","url_meta":{"origin":108296,"position":3},"title":"Estrellas Michelin en Velas Resorts","author":"zeromagazinemx","date":"31 de mayo de 2024","format":false,"excerpt":"Los restaurantes Cocina de Autor de Velas Resorts acaban de hacer historia al recibir cada uno una Estrella Michelin en la primera Gu\u00eda Michelin de M\u00e9xico. \u00bfC\u00f3mo creen que se siente estar en la cima de la escena culinaria? Pero, \u00bfqu\u00e9 onda con los chefs? En Los Cabos, el equipo\u2026","rel":"","context":"En \u00abFoodie\u00bb","block_context":{"text":"Foodie","link":"https:\/\/zeromagazine.mx\/index.php\/category\/lifestyle\/foodie\/"},"img":{"alt_text":"","src":"https:\/\/i0.wp.com\/zeromagazine.mx\/wp-content\/uploads\/2024\/05\/unnamed-59.png?fit=734%2C494&ssl=1&resize=350%2C200","width":350,"height":200,"srcset":"https:\/\/i0.wp.com\/zeromagazine.mx\/wp-content\/uploads\/2024\/05\/unnamed-59.png?fit=734%2C494&ssl=1&resize=350%2C200 1x, https:\/\/i0.wp.com\/zeromagazine.mx\/wp-content\/uploads\/2024\/05\/unnamed-59.png?fit=734%2C494&ssl=1&resize=525%2C300 1.5x, https:\/\/i0.wp.com\/zeromagazine.mx\/wp-content\/uploads\/2024\/05\/unnamed-59.png?fit=734%2C494&ssl=1&resize=700%2C400 2x"},"classes":[]},{"id":86919,"url":"https:\/\/zeromagazine.mx\/index.php\/2024\/10\/15\/riviera-maya-fiesta-y-tradicion\/","url_meta":{"origin":108296,"position":4},"title":"Riviera Maya: Fiesta y Tradici\u00f3n","author":"zeromagazinemx","date":"15 de octubre de 2024","format":false,"excerpt":"Chique, si est\u00e1s pensando en hacer algo diferente para el D\u00eda de Muertos, te tengo una propuesta que no solo te volar\u00e1 la cabeza, te va a conectar con tus ra\u00edces de una manera s\u00faper m\u00edstica. \u00bfTe imaginas pasar el 1 y 2 de noviembre en la Riviera Maya, en\u2026","rel":"","context":"En \u00abViajes\u00bb","block_context":{"text":"Viajes","link":"https:\/\/zeromagazine.mx\/index.php\/category\/lugares\/"},"img":{"alt_text":"","src":"https:\/\/i0.wp.com\/zeromagazine.mx\/wp-content\/uploads\/2024\/10\/2-1-1.jpg?fit=1024%2C683&ssl=1&resize=350%2C200","width":350,"height":200,"srcset":"https:\/\/i0.wp.com\/zeromagazine.mx\/wp-content\/uploads\/2024\/10\/2-1-1.jpg?fit=1024%2C683&ssl=1&resize=350%2C200 1x, https:\/\/i0.wp.com\/zeromagazine.mx\/wp-content\/uploads\/2024\/10\/2-1-1.jpg?fit=1024%2C683&ssl=1&resize=525%2C300 1.5x, https:\/\/i0.wp.com\/zeromagazine.mx\/wp-content\/uploads\/2024\/10\/2-1-1.jpg?fit=1024%2C683&ssl=1&resize=700%2C400 2x"},"classes":[]},{"id":88657,"url":"https:\/\/zeromagazine.mx\/index.php\/2024\/10\/29\/fiesta-de-muertos-vibra-infinita\/","url_meta":{"origin":108296,"position":5},"title":"\u00abFiesta de Muertos: \u00a1Vibra Infinita!\u00bb","author":"zeromagazinemx","date":"29 de octubre de 2024","format":false,"excerpt":"\u00a1Hey, fam! \u00bfListos para una fiesta \u00e9pica? Este 2 de noviembre, Parque Plaza Sat\u00e9lite est\u00e1 tirando la casa por la ventana para celebrar su cuarto aniversario con una experiencia de D\u00eda de Muertos inolvidable\u00a0. La neta, el D\u00eda de Muertos es una de esas tradiciones que nos conecta con nuestras\u2026","rel":"","context":"En \u00abEntretenimiento\u00bb","block_context":{"text":"Entretenimiento","link":"https:\/\/zeromagazine.mx\/index.php\/category\/entretenimiento\/"},"img":{"alt_text":"","src":"https:\/\/i0.wp.com\/zeromagazine.mx\/wp-content\/uploads\/2024\/10\/PS_DIG_01_TWITTER_1024x512.jpg?fit=1025%2C513&ssl=1&resize=350%2C200","width":350,"height":200,"srcset":"https:\/\/i0.wp.com\/zeromagazine.mx\/wp-content\/uploads\/2024\/10\/PS_DIG_01_TWITTER_1024x512.jpg?fit=1025%2C513&ssl=1&resize=350%2C200 1x, https:\/\/i0.wp.com\/zeromagazine.mx\/wp-content\/uploads\/2024\/10\/PS_DIG_01_TWITTER_1024x512.jpg?fit=1025%2C513&ssl=1&resize=525%2C300 1.5x, https:\/\/i0.wp.com\/zeromagazine.mx\/wp-content\/uploads\/2024\/10\/PS_DIG_01_TWITTER_1024x512.jpg?fit=1025%2C513&ssl=1&resize=700%2C400 2x"},"classes":[]}],"jetpack_sharing_enabled":true,"builder_content":"","_links":{"self":[{"href":"https:\/\/zeromagazine.mx\/index.php\/wp-json\/wp\/v2\/posts\/108296","targetHints":{"allow":["GET"]}}],"collection":[{"href":"https:\/\/zeromagazine.mx\/index.php\/wp-json\/wp\/v2\/posts"}],"about":[{"href":"https:\/\/zeromagazine.mx\/index.php\/wp-json\/wp\/v2\/types\/post"}],"author":[{"embeddable":true,"href":"https:\/\/zeromagazine.mx\/index.php\/wp-json\/wp\/v2\/users\/4"}],"replies":[{"embeddable":true,"href":"https:\/\/zeromagazine.mx\/index.php\/wp-json\/wp\/v2\/comments?post=108296"}],"version-history":[{"count":1,"href":"https:\/\/zeromagazine.mx\/index.php\/wp-json\/wp\/v2\/posts\/108296\/revisions"}],"predecessor-version":[{"id":108304,"href":"https:\/\/zeromagazine.mx\/index.php\/wp-json\/wp\/v2\/posts\/108296\/revisions\/108304"}],"wp:featuredmedia":[{"embeddable":true,"href":"https:\/\/zeromagazine.mx\/index.php\/wp-json\/wp\/v2\/media\/108300"}],"wp:attachment":[{"href":"https:\/\/zeromagazine.mx\/index.php\/wp-json\/wp\/v2\/media?parent=108296"}],"wp:term":[{"taxonomy":"category","embeddable":true,"href":"https:\/\/zeromagazine.mx\/index.php\/wp-json\/wp\/v2\/categories?post=108296"},{"taxonomy":"post_tag","embeddable":true,"href":"https:\/\/zeromagazine.mx\/index.php\/wp-json\/wp\/v2\/tags?post=108296"}],"curies":[{"name":"wp","href":"https:\/\/api.w.org\/{rel}","templated":true}]}}