{"id":108305,"date":"2025-09-17T11:31:00","date_gmt":"2025-09-17T17:31:00","guid":{"rendered":"https:\/\/zeromagazine.mx\/?p=108305"},"modified":"2025-09-17T21:43:19","modified_gmt":"2025-09-18T03:43:19","slug":"cos-regresa-a-la-semana-de-la-moda-nyfw-2025","status":"publish","type":"post","link":"https:\/\/zeromagazine.mx\/index.php\/2025\/09\/17\/cos-regresa-a-la-semana-de-la-moda-nyfw-2025\/","title":{"rendered":"COS regresa a la Semana de la Moda de Nueva York"},"content":{"rendered":"<!--themify_builder_content-->\n<div id=\"themify_builder_content-108305\" data-postid=\"108305\" class=\"themify_builder_content themify_builder_content-108305 themify_builder tf_clear\">\n    <\/div>\n<!--\/themify_builder_content-->\n\n\n<p>No les voy a mentir, COS es de esas marcas que me hacen suspirar cada temporada. Su manera de entender la moda es como un poema visual: piezas limpias, atemporales y con ese aire de sofisticaci\u00f3n que nunca pasa de moda. Por eso, cuando escuch\u00e9 que\u00a0<strong>COS regresa a la Semana de la Moda de Nueva York<\/strong>\u00a0en septiembre con su colecci\u00f3n Oto\u00f1o-Invierno 2025, sab\u00eda que no iba a ser un simple desfile, sino un statement.<\/p>\n\n\n\n<div class=\"wp-block-jetpack-tiled-gallery aligncenter is-style-rectangular\"><div class=\"tiled-gallery__gallery\"><div class=\"tiled-gallery__row\"><div class=\"tiled-gallery__col\" style=\"flex-basis:25.00000%\"><figure class=\"tiled-gallery__item\"><a href=\"https:\/\/i0.wp.com\/zeromagazine.mx\/wp-content\/uploads\/2025\/09\/COS-AW25_SHOW-LOOK_45-683x1024.jpeg\"><img decoding=\"async\" srcset=\"https:\/\/i1.wp.com\/zeromagazine.mx\/wp-content\/uploads\/2025\/09\/COS-AW25_SHOW-LOOK_45-683x1024.jpeg?strip=info&#038;w=600 600w,https:\/\/i1.wp.com\/zeromagazine.mx\/wp-content\/uploads\/2025\/09\/COS-AW25_SHOW-LOOK_45-683x1024.jpeg?strip=info&#038;w=900 900w,https:\/\/i1.wp.com\/zeromagazine.mx\/wp-content\/uploads\/2025\/09\/COS-AW25_SHOW-LOOK_45-683x1024.jpeg?strip=info&#038;w=1200 1200w,https:\/\/i1.wp.com\/zeromagazine.mx\/wp-content\/uploads\/2025\/09\/COS-AW25_SHOW-LOOK_45-683x1024.jpeg?strip=info&#038;w=1500 1500w,https:\/\/i1.wp.com\/zeromagazine.mx\/wp-content\/uploads\/2025\/09\/COS-AW25_SHOW-LOOK_45-683x1024.jpeg?strip=info&#038;w=1707 1707w\" alt=\"\" data-height=\"2560\" data-id=\"108314\" data-link=\"https:\/\/zeromagazine.mx\/?attachment_id=108314\" data-url=\"http:\/\/zeromagazine.mx\/wp-content\/uploads\/2025\/09\/COS-AW25_SHOW-LOOK_45-683x1024.jpeg\" data-width=\"1707\" src=\"https:\/\/i1.wp.com\/zeromagazine.mx\/wp-content\/uploads\/2025\/09\/COS-AW25_SHOW-LOOK_45-683x1024.jpeg\" data-amp-layout=\"responsive\"\/><\/a><\/figure><\/div><div class=\"tiled-gallery__col\" style=\"flex-basis:25.00000%\"><figure class=\"tiled-gallery__item\"><a href=\"https:\/\/i0.wp.com\/zeromagazine.mx\/wp-content\/uploads\/2025\/09\/COS-AW25_SHOW-LOOK_38-683x1024.jpeg\"><img decoding=\"async\" srcset=\"https:\/\/i2.wp.com\/zeromagazine.mx\/wp-content\/uploads\/2025\/09\/COS-AW25_SHOW-LOOK_38-683x1024.jpeg?strip=info&#038;w=600 600w,https:\/\/i2.wp.com\/zeromagazine.mx\/wp-content\/uploads\/2025\/09\/COS-AW25_SHOW-LOOK_38-683x1024.jpeg?strip=info&#038;w=900 900w,https:\/\/i2.wp.com\/zeromagazine.mx\/wp-content\/uploads\/2025\/09\/COS-AW25_SHOW-LOOK_38-683x1024.jpeg?strip=info&#038;w=1200 1200w,https:\/\/i2.wp.com\/zeromagazine.mx\/wp-content\/uploads\/2025\/09\/COS-AW25_SHOW-LOOK_38-683x1024.jpeg?strip=info&#038;w=1500 1500w,https:\/\/i2.wp.com\/zeromagazine.mx\/wp-content\/uploads\/2025\/09\/COS-AW25_SHOW-LOOK_38-683x1024.jpeg?strip=info&#038;w=1707 1707w\" alt=\"\" data-height=\"2560\" data-id=\"108315\" data-link=\"https:\/\/zeromagazine.mx\/?attachment_id=108315\" data-url=\"http:\/\/zeromagazine.mx\/wp-content\/uploads\/2025\/09\/COS-AW25_SHOW-LOOK_38-683x1024.jpeg\" data-width=\"1707\" src=\"https:\/\/i2.wp.com\/zeromagazine.mx\/wp-content\/uploads\/2025\/09\/COS-AW25_SHOW-LOOK_38-683x1024.jpeg\" data-amp-layout=\"responsive\"\/><\/a><\/figure><\/div><div class=\"tiled-gallery__col\" style=\"flex-basis:25.00000%\"><figure class=\"tiled-gallery__item\"><a href=\"https:\/\/i0.wp.com\/zeromagazine.mx\/wp-content\/uploads\/2025\/09\/COS-AW25_SHOW-LOOK_35-683x1024.jpeg\"><img decoding=\"async\" srcset=\"https:\/\/i1.wp.com\/zeromagazine.mx\/wp-content\/uploads\/2025\/09\/COS-AW25_SHOW-LOOK_35-683x1024.jpeg?strip=info&#038;w=600 600w,https:\/\/i1.wp.com\/zeromagazine.mx\/wp-content\/uploads\/2025\/09\/COS-AW25_SHOW-LOOK_35-683x1024.jpeg?strip=info&#038;w=900 900w,https:\/\/i1.wp.com\/zeromagazine.mx\/wp-content\/uploads\/2025\/09\/COS-AW25_SHOW-LOOK_35-683x1024.jpeg?strip=info&#038;w=1200 1200w,https:\/\/i1.wp.com\/zeromagazine.mx\/wp-content\/uploads\/2025\/09\/COS-AW25_SHOW-LOOK_35-683x1024.jpeg?strip=info&#038;w=1500 1500w,https:\/\/i1.wp.com\/zeromagazine.mx\/wp-content\/uploads\/2025\/09\/COS-AW25_SHOW-LOOK_35-683x1024.jpeg?strip=info&#038;w=1707 1707w\" alt=\"\" data-height=\"2560\" data-id=\"108316\" data-link=\"https:\/\/zeromagazine.mx\/?attachment_id=108316\" data-url=\"http:\/\/zeromagazine.mx\/wp-content\/uploads\/2025\/09\/COS-AW25_SHOW-LOOK_35-683x1024.jpeg\" data-width=\"1707\" src=\"https:\/\/i1.wp.com\/zeromagazine.mx\/wp-content\/uploads\/2025\/09\/COS-AW25_SHOW-LOOK_35-683x1024.jpeg\" data-amp-layout=\"responsive\"\/><\/a><\/figure><\/div><div class=\"tiled-gallery__col\" style=\"flex-basis:25.00000%\"><figure class=\"tiled-gallery__item\"><a href=\"https:\/\/i0.wp.com\/zeromagazine.mx\/wp-content\/uploads\/2025\/09\/COS-AW25_SHOW-LOOK_34-683x1024.jpeg\"><img decoding=\"async\" srcset=\"https:\/\/i1.wp.com\/zeromagazine.mx\/wp-content\/uploads\/2025\/09\/COS-AW25_SHOW-LOOK_34-683x1024.jpeg?strip=info&#038;w=600 600w,https:\/\/i1.wp.com\/zeromagazine.mx\/wp-content\/uploads\/2025\/09\/COS-AW25_SHOW-LOOK_34-683x1024.jpeg?strip=info&#038;w=900 900w,https:\/\/i1.wp.com\/zeromagazine.mx\/wp-content\/uploads\/2025\/09\/COS-AW25_SHOW-LOOK_34-683x1024.jpeg?strip=info&#038;w=1200 1200w,https:\/\/i1.wp.com\/zeromagazine.mx\/wp-content\/uploads\/2025\/09\/COS-AW25_SHOW-LOOK_34-683x1024.jpeg?strip=info&#038;w=1500 1500w,https:\/\/i1.wp.com\/zeromagazine.mx\/wp-content\/uploads\/2025\/09\/COS-AW25_SHOW-LOOK_34-683x1024.jpeg?strip=info&#038;w=1707 1707w\" alt=\"\" data-height=\"2560\" data-id=\"108317\" data-link=\"https:\/\/zeromagazine.mx\/?attachment_id=108317\" data-url=\"http:\/\/zeromagazine.mx\/wp-content\/uploads\/2025\/09\/COS-AW25_SHOW-LOOK_34-683x1024.jpeg\" data-width=\"1707\" src=\"https:\/\/i1.wp.com\/zeromagazine.mx\/wp-content\/uploads\/2025\/09\/COS-AW25_SHOW-LOOK_34-683x1024.jpeg\" data-amp-layout=\"responsive\"\/><\/a><\/figure><\/div><\/div><\/div><\/div>\n\n\n\n<p>El show sucedi\u00f3 en el Greenpoint Terminal Warehouse, en la costa de Brooklyn. Imaginen un espacio industrial enorme, casi crudo, transformado en un templo de luz blanca y muselina pintada. Ese contraste entre lo \u00e1spero del lugar y la delicadeza de la colecci\u00f3n hizo que cada look brillara m\u00e1s. Cajas de luz suspendidas cambiaban de un resplandor c\u00e1lido a un blanco puro, como si iluminaran no solo el espacio, sino tambi\u00e9n la esencia de COS: calma, confianza y poder sutil.<\/p>\n\n\n\n<h2 class=\"wp-block-heading\">COS regresa a la Semana de la Moda<\/h2>\n\n\n\n<p>La colecci\u00f3n se movi\u00f3 entre tonos profundos como el negro, gris acero y azul marino, con acentos neutros que daban balance. Pero lo que me vol\u00f3 la cabeza fue c\u00f3mo jugaron con las texturas: superficies con efecto pony, piel y cuero que conversaban entre lo mate y lo brillante. Cada detalle sumaba capas de riqueza visual.<\/p>\n\n\n\n<div class=\"wp-block-jetpack-tiled-gallery aligncenter is-style-rectangular\"><div class=\"tiled-gallery__gallery\"><div class=\"tiled-gallery__row\"><div class=\"tiled-gallery__col\" style=\"flex-basis:25.00000%\"><figure class=\"tiled-gallery__item\"><a href=\"https:\/\/i0.wp.com\/zeromagazine.mx\/wp-content\/uploads\/2025\/09\/COS-AW25_SHOW-LOOK_02-683x1024.jpeg\"><img decoding=\"async\" srcset=\"https:\/\/i1.wp.com\/zeromagazine.mx\/wp-content\/uploads\/2025\/09\/COS-AW25_SHOW-LOOK_02-683x1024.jpeg?strip=info&#038;w=600 600w,https:\/\/i1.wp.com\/zeromagazine.mx\/wp-content\/uploads\/2025\/09\/COS-AW25_SHOW-LOOK_02-683x1024.jpeg?strip=info&#038;w=900 900w,https:\/\/i1.wp.com\/zeromagazine.mx\/wp-content\/uploads\/2025\/09\/COS-AW25_SHOW-LOOK_02-683x1024.jpeg?strip=info&#038;w=1200 1200w,https:\/\/i1.wp.com\/zeromagazine.mx\/wp-content\/uploads\/2025\/09\/COS-AW25_SHOW-LOOK_02-683x1024.jpeg?strip=info&#038;w=1500 1500w,https:\/\/i1.wp.com\/zeromagazine.mx\/wp-content\/uploads\/2025\/09\/COS-AW25_SHOW-LOOK_02-683x1024.jpeg?strip=info&#038;w=1707 1707w\" alt=\"\" data-height=\"2560\" data-id=\"108306\" data-link=\"https:\/\/zeromagazine.mx\/?attachment_id=108306\" data-url=\"http:\/\/zeromagazine.mx\/wp-content\/uploads\/2025\/09\/COS-AW25_SHOW-LOOK_02-683x1024.jpeg\" data-width=\"1707\" src=\"https:\/\/i1.wp.com\/zeromagazine.mx\/wp-content\/uploads\/2025\/09\/COS-AW25_SHOW-LOOK_02-683x1024.jpeg\" data-amp-layout=\"responsive\"\/><\/a><\/figure><\/div><div class=\"tiled-gallery__col\" style=\"flex-basis:25.00000%\"><figure class=\"tiled-gallery__item\"><a href=\"https:\/\/i0.wp.com\/zeromagazine.mx\/wp-content\/uploads\/2025\/09\/COS-AW25_SHOW-LOOK_05-683x1024.jpeg\"><img decoding=\"async\" srcset=\"https:\/\/i2.wp.com\/zeromagazine.mx\/wp-content\/uploads\/2025\/09\/COS-AW25_SHOW-LOOK_05-683x1024.jpeg?strip=info&#038;w=600 600w,https:\/\/i2.wp.com\/zeromagazine.mx\/wp-content\/uploads\/2025\/09\/COS-AW25_SHOW-LOOK_05-683x1024.jpeg?strip=info&#038;w=900 900w,https:\/\/i2.wp.com\/zeromagazine.mx\/wp-content\/uploads\/2025\/09\/COS-AW25_SHOW-LOOK_05-683x1024.jpeg?strip=info&#038;w=1200 1200w,https:\/\/i2.wp.com\/zeromagazine.mx\/wp-content\/uploads\/2025\/09\/COS-AW25_SHOW-LOOK_05-683x1024.jpeg?strip=info&#038;w=1500 1500w,https:\/\/i2.wp.com\/zeromagazine.mx\/wp-content\/uploads\/2025\/09\/COS-AW25_SHOW-LOOK_05-683x1024.jpeg?strip=info&#038;w=1707 1707w\" alt=\"\" data-height=\"2560\" data-id=\"108307\" data-link=\"https:\/\/zeromagazine.mx\/?attachment_id=108307\" data-url=\"http:\/\/zeromagazine.mx\/wp-content\/uploads\/2025\/09\/COS-AW25_SHOW-LOOK_05-683x1024.jpeg\" data-width=\"1707\" src=\"https:\/\/i2.wp.com\/zeromagazine.mx\/wp-content\/uploads\/2025\/09\/COS-AW25_SHOW-LOOK_05-683x1024.jpeg\" data-amp-layout=\"responsive\"\/><\/a><\/figure><\/div><div class=\"tiled-gallery__col\" style=\"flex-basis:25.00000%\"><figure class=\"tiled-gallery__item\"><a href=\"https:\/\/i0.wp.com\/zeromagazine.mx\/wp-content\/uploads\/2025\/09\/COS-AW25_SHOW-LOOK_11-683x1024.jpeg\"><img decoding=\"async\" srcset=\"https:\/\/i0.wp.com\/zeromagazine.mx\/wp-content\/uploads\/2025\/09\/COS-AW25_SHOW-LOOK_11-683x1024.jpeg?strip=info&#038;w=600 600w,https:\/\/i0.wp.com\/zeromagazine.mx\/wp-content\/uploads\/2025\/09\/COS-AW25_SHOW-LOOK_11-683x1024.jpeg?strip=info&#038;w=900 900w,https:\/\/i0.wp.com\/zeromagazine.mx\/wp-content\/uploads\/2025\/09\/COS-AW25_SHOW-LOOK_11-683x1024.jpeg?strip=info&#038;w=1200 1200w,https:\/\/i0.wp.com\/zeromagazine.mx\/wp-content\/uploads\/2025\/09\/COS-AW25_SHOW-LOOK_11-683x1024.jpeg?strip=info&#038;w=1500 1500w,https:\/\/i0.wp.com\/zeromagazine.mx\/wp-content\/uploads\/2025\/09\/COS-AW25_SHOW-LOOK_11-683x1024.jpeg?strip=info&#038;w=1707 1707w\" alt=\"\" data-height=\"2560\" data-id=\"108308\" data-link=\"https:\/\/zeromagazine.mx\/?attachment_id=108308\" data-url=\"http:\/\/zeromagazine.mx\/wp-content\/uploads\/2025\/09\/COS-AW25_SHOW-LOOK_11-683x1024.jpeg\" data-width=\"1707\" src=\"https:\/\/i0.wp.com\/zeromagazine.mx\/wp-content\/uploads\/2025\/09\/COS-AW25_SHOW-LOOK_11-683x1024.jpeg\" data-amp-layout=\"responsive\"\/><\/a><\/figure><\/div><div class=\"tiled-gallery__col\" style=\"flex-basis:25.00000%\"><figure class=\"tiled-gallery__item\"><a href=\"https:\/\/i0.wp.com\/zeromagazine.mx\/wp-content\/uploads\/2025\/09\/COS-AW25_SHOW-LOOK_12-683x1024.jpeg\"><img decoding=\"async\" srcset=\"https:\/\/i2.wp.com\/zeromagazine.mx\/wp-content\/uploads\/2025\/09\/COS-AW25_SHOW-LOOK_12-683x1024.jpeg?strip=info&#038;w=600 600w,https:\/\/i2.wp.com\/zeromagazine.mx\/wp-content\/uploads\/2025\/09\/COS-AW25_SHOW-LOOK_12-683x1024.jpeg?strip=info&#038;w=900 900w,https:\/\/i2.wp.com\/zeromagazine.mx\/wp-content\/uploads\/2025\/09\/COS-AW25_SHOW-LOOK_12-683x1024.jpeg?strip=info&#038;w=1200 1200w,https:\/\/i2.wp.com\/zeromagazine.mx\/wp-content\/uploads\/2025\/09\/COS-AW25_SHOW-LOOK_12-683x1024.jpeg?strip=info&#038;w=1500 1500w,https:\/\/i2.wp.com\/zeromagazine.mx\/wp-content\/uploads\/2025\/09\/COS-AW25_SHOW-LOOK_12-683x1024.jpeg?strip=info&#038;w=1707 1707w\" alt=\"\" data-height=\"2560\" data-id=\"108309\" data-link=\"https:\/\/zeromagazine.mx\/?attachment_id=108309\" data-url=\"http:\/\/zeromagazine.mx\/wp-content\/uploads\/2025\/09\/COS-AW25_SHOW-LOOK_12-683x1024.jpeg\" data-width=\"1707\" src=\"https:\/\/i2.wp.com\/zeromagazine.mx\/wp-content\/uploads\/2025\/09\/COS-AW25_SHOW-LOOK_12-683x1024.jpeg\" data-amp-layout=\"responsive\"\/><\/a><\/figure><\/div><\/div><\/div><\/div>\n\n\n\n<p>Hubo transparencias delicadas que dejaban ver el movimiento del cuerpo, cuadros reinterpretados que llevaban la tradici\u00f3n a lo urbano, y accesorios que cerraban los looks con esa precisi\u00f3n que solo COS sabe dar. No era solo ropa: era una declaraci\u00f3n de estilo lista para caminar desde la pasarela hasta las calles de cualquier ciudad del mundo.<\/p>\n\n\n\n<h2 class=\"wp-block-heading\">Una colecci\u00f3n que redefine la elegancia moderna<\/h2>\n\n\n\n<p>En womenswear, vimos bufandas envolventes, drapeados esculturales y cuellos altos que parec\u00edan abrazos de tela. Las siluetas se inspiraron en el New Look de los a\u00f1os 50, con cinturas ce\u00f1idas, cortes femeninos y escotes abiertos, pero siempre con ese twist contempor\u00e1neo que hace a COS tan relevante. Entre mis favoritos, un vestido de seda suave que redefin\u00eda la elegancia moderna gracias a su versatilidad: lo pod\u00edas imaginar tanto en una gala como en un c\u00f3ctel \u00edntimo.<\/p>\n\n\n\n<div class=\"wp-block-jetpack-tiled-gallery aligncenter is-style-rectangular\"><div class=\"tiled-gallery__gallery\"><div class=\"tiled-gallery__row\"><div class=\"tiled-gallery__col\" style=\"flex-basis:25.00000%\"><figure class=\"tiled-gallery__item\"><a href=\"https:\/\/i0.wp.com\/zeromagazine.mx\/wp-content\/uploads\/2025\/09\/COS-AW25_SHOW-LOOK_19-683x1024.jpeg\"><img decoding=\"async\" srcset=\"https:\/\/i0.wp.com\/zeromagazine.mx\/wp-content\/uploads\/2025\/09\/COS-AW25_SHOW-LOOK_19-683x1024.jpeg?strip=info&#038;w=600 600w,https:\/\/i0.wp.com\/zeromagazine.mx\/wp-content\/uploads\/2025\/09\/COS-AW25_SHOW-LOOK_19-683x1024.jpeg?strip=info&#038;w=900 900w,https:\/\/i0.wp.com\/zeromagazine.mx\/wp-content\/uploads\/2025\/09\/COS-AW25_SHOW-LOOK_19-683x1024.jpeg?strip=info&#038;w=1200 1200w,https:\/\/i0.wp.com\/zeromagazine.mx\/wp-content\/uploads\/2025\/09\/COS-AW25_SHOW-LOOK_19-683x1024.jpeg?strip=info&#038;w=1500 1500w,https:\/\/i0.wp.com\/zeromagazine.mx\/wp-content\/uploads\/2025\/09\/COS-AW25_SHOW-LOOK_19-683x1024.jpeg?strip=info&#038;w=1707 1707w\" alt=\"\" data-height=\"2560\" data-id=\"108310\" data-link=\"https:\/\/zeromagazine.mx\/?attachment_id=108310\" data-url=\"http:\/\/zeromagazine.mx\/wp-content\/uploads\/2025\/09\/COS-AW25_SHOW-LOOK_19-683x1024.jpeg\" data-width=\"1707\" src=\"https:\/\/i0.wp.com\/zeromagazine.mx\/wp-content\/uploads\/2025\/09\/COS-AW25_SHOW-LOOK_19-683x1024.jpeg\" data-amp-layout=\"responsive\"\/><\/a><\/figure><\/div><div class=\"tiled-gallery__col\" style=\"flex-basis:25.00000%\"><figure class=\"tiled-gallery__item\"><a href=\"https:\/\/i0.wp.com\/zeromagazine.mx\/wp-content\/uploads\/2025\/09\/COS-AW25_SHOW-LOOK_21-683x1024.jpeg\"><img decoding=\"async\" srcset=\"https:\/\/i1.wp.com\/zeromagazine.mx\/wp-content\/uploads\/2025\/09\/COS-AW25_SHOW-LOOK_21-683x1024.jpeg?strip=info&#038;w=600 600w,https:\/\/i1.wp.com\/zeromagazine.mx\/wp-content\/uploads\/2025\/09\/COS-AW25_SHOW-LOOK_21-683x1024.jpeg?strip=info&#038;w=900 900w,https:\/\/i1.wp.com\/zeromagazine.mx\/wp-content\/uploads\/2025\/09\/COS-AW25_SHOW-LOOK_21-683x1024.jpeg?strip=info&#038;w=1200 1200w,https:\/\/i1.wp.com\/zeromagazine.mx\/wp-content\/uploads\/2025\/09\/COS-AW25_SHOW-LOOK_21-683x1024.jpeg?strip=info&#038;w=1500 1500w,https:\/\/i1.wp.com\/zeromagazine.mx\/wp-content\/uploads\/2025\/09\/COS-AW25_SHOW-LOOK_21-683x1024.jpeg?strip=info&#038;w=1707 1707w\" alt=\"\" data-height=\"2560\" data-id=\"108311\" data-link=\"https:\/\/zeromagazine.mx\/?attachment_id=108311\" data-url=\"http:\/\/zeromagazine.mx\/wp-content\/uploads\/2025\/09\/COS-AW25_SHOW-LOOK_21-683x1024.jpeg\" data-width=\"1707\" src=\"https:\/\/i1.wp.com\/zeromagazine.mx\/wp-content\/uploads\/2025\/09\/COS-AW25_SHOW-LOOK_21-683x1024.jpeg\" data-amp-layout=\"responsive\"\/><\/a><\/figure><\/div><div class=\"tiled-gallery__col\" style=\"flex-basis:25.00000%\"><figure class=\"tiled-gallery__item\"><a href=\"https:\/\/i0.wp.com\/zeromagazine.mx\/wp-content\/uploads\/2025\/09\/COS-AW25_SHOW-LOOK_27-683x1024.jpeg\"><img decoding=\"async\" srcset=\"https:\/\/i2.wp.com\/zeromagazine.mx\/wp-content\/uploads\/2025\/09\/COS-AW25_SHOW-LOOK_27-683x1024.jpeg?strip=info&#038;w=600 600w,https:\/\/i2.wp.com\/zeromagazine.mx\/wp-content\/uploads\/2025\/09\/COS-AW25_SHOW-LOOK_27-683x1024.jpeg?strip=info&#038;w=900 900w,https:\/\/i2.wp.com\/zeromagazine.mx\/wp-content\/uploads\/2025\/09\/COS-AW25_SHOW-LOOK_27-683x1024.jpeg?strip=info&#038;w=1200 1200w,https:\/\/i2.wp.com\/zeromagazine.mx\/wp-content\/uploads\/2025\/09\/COS-AW25_SHOW-LOOK_27-683x1024.jpeg?strip=info&#038;w=1500 1500w,https:\/\/i2.wp.com\/zeromagazine.mx\/wp-content\/uploads\/2025\/09\/COS-AW25_SHOW-LOOK_27-683x1024.jpeg?strip=info&#038;w=1707 1707w\" alt=\"\" data-height=\"2560\" data-id=\"108312\" data-link=\"https:\/\/zeromagazine.mx\/?attachment_id=108312\" data-url=\"http:\/\/zeromagazine.mx\/wp-content\/uploads\/2025\/09\/COS-AW25_SHOW-LOOK_27-683x1024.jpeg\" data-width=\"1707\" src=\"https:\/\/i2.wp.com\/zeromagazine.mx\/wp-content\/uploads\/2025\/09\/COS-AW25_SHOW-LOOK_27-683x1024.jpeg\" data-amp-layout=\"responsive\"\/><\/a><\/figure><\/div><div class=\"tiled-gallery__col\" style=\"flex-basis:25.00000%\"><figure class=\"tiled-gallery__item\"><a href=\"https:\/\/i0.wp.com\/zeromagazine.mx\/wp-content\/uploads\/2025\/09\/COS-AW25_SHOW-LOOK_46-683x1024.jpeg\"><img decoding=\"async\" srcset=\"https:\/\/i2.wp.com\/zeromagazine.mx\/wp-content\/uploads\/2025\/09\/COS-AW25_SHOW-LOOK_46-683x1024.jpeg?strip=info&#038;w=600 600w,https:\/\/i2.wp.com\/zeromagazine.mx\/wp-content\/uploads\/2025\/09\/COS-AW25_SHOW-LOOK_46-683x1024.jpeg?strip=info&#038;w=900 900w,https:\/\/i2.wp.com\/zeromagazine.mx\/wp-content\/uploads\/2025\/09\/COS-AW25_SHOW-LOOK_46-683x1024.jpeg?strip=info&#038;w=1200 1200w,https:\/\/i2.wp.com\/zeromagazine.mx\/wp-content\/uploads\/2025\/09\/COS-AW25_SHOW-LOOK_46-683x1024.jpeg?strip=info&#038;w=1500 1500w,https:\/\/i2.wp.com\/zeromagazine.mx\/wp-content\/uploads\/2025\/09\/COS-AW25_SHOW-LOOK_46-683x1024.jpeg?strip=info&#038;w=1707 1707w\" alt=\"\" data-height=\"2560\" data-id=\"108313\" data-link=\"https:\/\/zeromagazine.mx\/?attachment_id=108313\" data-url=\"http:\/\/zeromagazine.mx\/wp-content\/uploads\/2025\/09\/COS-AW25_SHOW-LOOK_46-683x1024.jpeg\" data-width=\"1707\" src=\"https:\/\/i2.wp.com\/zeromagazine.mx\/wp-content\/uploads\/2025\/09\/COS-AW25_SHOW-LOOK_46-683x1024.jpeg\" data-amp-layout=\"responsive\"\/><\/a><\/figure><\/div><\/div><\/div><\/div>\n\n\n\n<p>Los accesorios estuvieron a la altura: mocasines minimalistas, botines impecables y Mary Janes de tac\u00f3n que daban ese gui\u00f1o cl\u00e1sico que nunca falla. Todo dise\u00f1ado con la misma atenci\u00f3n al detalle que caracteriza a la marca desde Londres.<\/p>\n\n\n\n<p>Y lo mejor: muchas de estas piezas ya est\u00e1n disponibles en tiendas COS y en <a href=\"http:\/\/cos.com\">cos.com<\/a>, con lanzamientos limitados que seguir\u00e1n apareciendo durante la temporada. Una raz\u00f3n m\u00e1s para correr y sumarse a la ola de minimalismo sofisticado que COS vuelve a regalarnos.<\/p>","protected":false},"excerpt":{"rendered":"<p>No les voy a mentir, COS es de esas marcas que me hacen suspirar cada temporada. Su manera de entender la moda es como un poema visual: piezas limpias, atemporales y con ese aire de sofisticaci\u00f3n que nunca pasa de moda. Por eso, cuando escuch\u00e9 que\u00a0COS regresa a la Semana de la Moda de Nueva [&hellip;]<\/p>\n","protected":false},"author":4,"featured_media":108318,"comment_status":"open","ping_status":"open","sticky":false,"template":"","format":"standard","meta":{"_jetpack_memberships_contains_paid_content":false,"footnotes":"","jetpack_publicize_message":"","jetpack_publicize_feature_enabled":true,"jetpack_social_post_already_shared":true,"jetpack_social_options":{"image_generator_settings":{"template":"highway","default_image_id":0,"font":"","enabled":false},"version":2}},"categories":[67],"tags":[],"class_list":["post-108305","post","type-post","status-publish","format-standard","has-post-thumbnail","hentry","category-moda","has-post-title","has-post-date","has-post-category","has-post-tag","has-post-comment","has-post-author",""],"yoast_head":"<!-- This site is optimized with the Yoast SEO plugin v27.5 - https:\/\/yoast.com\/product\/yoast-seo-wordpress\/ -->\n<title>COS regresa a la Semana de la Moda de Nueva York - Zero Magazine<\/title>\n<meta name=\"description\" content=\"COS regresa a la Semana de la Moda de Nueva York con su colecci\u00f3n Oto\u00f1o-Invierno 2025: sofisticaci\u00f3n, minimalismo y elegancia moderna.\" \/>\n<meta name=\"robots\" content=\"index, follow, max-snippet:-1, max-image-preview:large, max-video-preview:-1\" \/>\n<link rel=\"canonical\" href=\"https:\/\/zeromagazine.mx\/index.php\/2025\/09\/17\/cos-regresa-a-la-semana-de-la-moda-nyfw-2025\/\" \/>\n<meta property=\"og:locale\" content=\"es_ES\" \/>\n<meta property=\"og:type\" content=\"article\" \/>\n<meta property=\"og:title\" content=\"COS regresa a la Semana de la Moda de Nueva York - Zero Magazine\" \/>\n<meta property=\"og:description\" content=\"COS regresa a la Semana de la Moda de Nueva York con su colecci\u00f3n Oto\u00f1o-Invierno 2025: sofisticaci\u00f3n, minimalismo y elegancia moderna.\" \/>\n<meta property=\"og:url\" content=\"https:\/\/zeromagazine.mx\/index.php\/2025\/09\/17\/cos-regresa-a-la-semana-de-la-moda-nyfw-2025\/\" \/>\n<meta property=\"og:site_name\" content=\"Zero Magazine\" \/>\n<meta property=\"article:published_time\" content=\"2025-09-17T17:31:00+00:00\" \/>\n<meta property=\"article:modified_time\" content=\"2025-09-18T03:43:19+00:00\" \/>\n<meta property=\"og:image\" content=\"http:\/\/zeromagazine.mx\/wp-content\/uploads\/2025\/09\/COS-AW25_FINALE_13-scaled.jpeg\" \/>\n\t<meta property=\"og:image:width\" content=\"2560\" \/>\n\t<meta property=\"og:image:height\" content=\"1920\" \/>\n\t<meta property=\"og:image:type\" content=\"image\/jpeg\" \/>\n<meta name=\"author\" content=\"David Morales\" \/>\n<meta name=\"twitter:card\" content=\"summary_large_image\" \/>\n<meta name=\"twitter:label1\" content=\"Escrito por\" \/>\n\t<meta name=\"twitter:data1\" content=\"David Morales\" \/>\n\t<meta name=\"twitter:label2\" content=\"Tiempo de lectura\" \/>\n\t<meta name=\"twitter:data2\" content=\"5 minutos\" \/>\n<script type=\"application\/ld+json\" class=\"yoast-schema-graph\">{\"@context\":\"https:\\\/\\\/schema.org\",\"@graph\":[{\"@type\":\"Article\",\"@id\":\"https:\\\/\\\/zeromagazine.mx\\\/index.php\\\/2025\\\/09\\\/17\\\/cos-regresa-a-la-semana-de-la-moda-nyfw-2025\\\/#article\",\"isPartOf\":{\"@id\":\"https:\\\/\\\/zeromagazine.mx\\\/index.php\\\/2025\\\/09\\\/17\\\/cos-regresa-a-la-semana-de-la-moda-nyfw-2025\\\/\"},\"author\":{\"name\":\"David Morales\",\"@id\":\"https:\\\/\\\/zeromagazine.mx\\\/#\\\/schema\\\/person\\\/9f7f1a17c60ba8e9980e3e6677aabe5a\"},\"headline\":\"COS regresa a la Semana de la Moda de Nueva York\",\"datePublished\":\"2025-09-17T17:31:00+00:00\",\"dateModified\":\"2025-09-18T03:43:19+00:00\",\"mainEntityOfPage\":{\"@id\":\"https:\\\/\\\/zeromagazine.mx\\\/index.php\\\/2025\\\/09\\\/17\\\/cos-regresa-a-la-semana-de-la-moda-nyfw-2025\\\/\"},\"wordCount\":480,\"commentCount\":0,\"publisher\":{\"@id\":\"https:\\\/\\\/zeromagazine.mx\\\/#organization\"},\"image\":{\"@id\":\"https:\\\/\\\/zeromagazine.mx\\\/index.php\\\/2025\\\/09\\\/17\\\/cos-regresa-a-la-semana-de-la-moda-nyfw-2025\\\/#primaryimage\"},\"thumbnailUrl\":\"https:\\\/\\\/i0.wp.com\\\/zeromagazine.mx\\\/wp-content\\\/uploads\\\/2025\\\/09\\\/COS-AW25_FINALE_13-scaled.jpeg?fit=2560%2C1920&ssl=1\",\"articleSection\":[\"Moda\"],\"inLanguage\":\"es\",\"potentialAction\":[{\"@type\":\"CommentAction\",\"name\":\"Comment\",\"target\":[\"https:\\\/\\\/zeromagazine.mx\\\/index.php\\\/2025\\\/09\\\/17\\\/cos-regresa-a-la-semana-de-la-moda-nyfw-2025\\\/#respond\"]}]},{\"@type\":\"WebPage\",\"@id\":\"https:\\\/\\\/zeromagazine.mx\\\/index.php\\\/2025\\\/09\\\/17\\\/cos-regresa-a-la-semana-de-la-moda-nyfw-2025\\\/\",\"url\":\"https:\\\/\\\/zeromagazine.mx\\\/index.php\\\/2025\\\/09\\\/17\\\/cos-regresa-a-la-semana-de-la-moda-nyfw-2025\\\/\",\"name\":\"COS regresa a la Semana de la Moda de Nueva York - Zero Magazine\",\"isPartOf\":{\"@id\":\"https:\\\/\\\/zeromagazine.mx\\\/#website\"},\"primaryImageOfPage\":{\"@id\":\"https:\\\/\\\/zeromagazine.mx\\\/index.php\\\/2025\\\/09\\\/17\\\/cos-regresa-a-la-semana-de-la-moda-nyfw-2025\\\/#primaryimage\"},\"image\":{\"@id\":\"https:\\\/\\\/zeromagazine.mx\\\/index.php\\\/2025\\\/09\\\/17\\\/cos-regresa-a-la-semana-de-la-moda-nyfw-2025\\\/#primaryimage\"},\"thumbnailUrl\":\"https:\\\/\\\/i0.wp.com\\\/zeromagazine.mx\\\/wp-content\\\/uploads\\\/2025\\\/09\\\/COS-AW25_FINALE_13-scaled.jpeg?fit=2560%2C1920&ssl=1\",\"datePublished\":\"2025-09-17T17:31:00+00:00\",\"dateModified\":\"2025-09-18T03:43:19+00:00\",\"description\":\"COS regresa a la Semana de la Moda de Nueva York con su colecci\u00f3n Oto\u00f1o-Invierno 2025: sofisticaci\u00f3n, minimalismo y elegancia moderna.\",\"breadcrumb\":{\"@id\":\"https:\\\/\\\/zeromagazine.mx\\\/index.php\\\/2025\\\/09\\\/17\\\/cos-regresa-a-la-semana-de-la-moda-nyfw-2025\\\/#breadcrumb\"},\"inLanguage\":\"es\",\"potentialAction\":[{\"@type\":\"ReadAction\",\"target\":[\"https:\\\/\\\/zeromagazine.mx\\\/index.php\\\/2025\\\/09\\\/17\\\/cos-regresa-a-la-semana-de-la-moda-nyfw-2025\\\/\"]}]},{\"@type\":\"ImageObject\",\"inLanguage\":\"es\",\"@id\":\"https:\\\/\\\/zeromagazine.mx\\\/index.php\\\/2025\\\/09\\\/17\\\/cos-regresa-a-la-semana-de-la-moda-nyfw-2025\\\/#primaryimage\",\"url\":\"https:\\\/\\\/i0.wp.com\\\/zeromagazine.mx\\\/wp-content\\\/uploads\\\/2025\\\/09\\\/COS-AW25_FINALE_13-scaled.jpeg?fit=2560%2C1920&ssl=1\",\"contentUrl\":\"https:\\\/\\\/i0.wp.com\\\/zeromagazine.mx\\\/wp-content\\\/uploads\\\/2025\\\/09\\\/COS-AW25_FINALE_13-scaled.jpeg?fit=2560%2C1920&ssl=1\",\"width\":2560,\"height\":1920},{\"@type\":\"BreadcrumbList\",\"@id\":\"https:\\\/\\\/zeromagazine.mx\\\/index.php\\\/2025\\\/09\\\/17\\\/cos-regresa-a-la-semana-de-la-moda-nyfw-2025\\\/#breadcrumb\",\"itemListElement\":[{\"@type\":\"ListItem\",\"position\":1,\"name\":\"Portada\",\"item\":\"https:\\\/\\\/zeromagazine.mx\\\/\"},{\"@type\":\"ListItem\",\"position\":2,\"name\":\"COS regresa a la Semana de la Moda de Nueva York\"}]},{\"@type\":\"WebSite\",\"@id\":\"https:\\\/\\\/zeromagazine.mx\\\/#website\",\"url\":\"https:\\\/\\\/zeromagazine.mx\\\/\",\"name\":\"Zero Magazine\",\"description\":\"\",\"publisher\":{\"@id\":\"https:\\\/\\\/zeromagazine.mx\\\/#organization\"},\"potentialAction\":[{\"@type\":\"SearchAction\",\"target\":{\"@type\":\"EntryPoint\",\"urlTemplate\":\"https:\\\/\\\/zeromagazine.mx\\\/?s={search_term_string}\"},\"query-input\":{\"@type\":\"PropertyValueSpecification\",\"valueRequired\":true,\"valueName\":\"search_term_string\"}}],\"inLanguage\":\"es\"},{\"@type\":\"Organization\",\"@id\":\"https:\\\/\\\/zeromagazine.mx\\\/#organization\",\"name\":\"Zero Magazine\",\"url\":\"https:\\\/\\\/zeromagazine.mx\\\/\",\"logo\":{\"@type\":\"ImageObject\",\"inLanguage\":\"es\",\"@id\":\"https:\\\/\\\/zeromagazine.mx\\\/#\\\/schema\\\/logo\\\/image\\\/\",\"url\":\"https:\\\/\\\/i0.wp.com\\\/zeromagazine.mx\\\/wp-content\\\/uploads\\\/2025\\\/11\\\/1.jpeg?fit=1000%2C1000&ssl=1\",\"contentUrl\":\"https:\\\/\\\/i0.wp.com\\\/zeromagazine.mx\\\/wp-content\\\/uploads\\\/2025\\\/11\\\/1.jpeg?fit=1000%2C1000&ssl=1\",\"width\":1000,\"height\":1000,\"caption\":\"Zero Magazine\"},\"image\":{\"@id\":\"https:\\\/\\\/zeromagazine.mx\\\/#\\\/schema\\\/logo\\\/image\\\/\"},\"sameAs\":[\"https:\\\/\\\/instagram.com\\\/zeromagazinemx\"]},{\"@type\":\"Person\",\"@id\":\"https:\\\/\\\/zeromagazine.mx\\\/#\\\/schema\\\/person\\\/9f7f1a17c60ba8e9980e3e6677aabe5a\",\"name\":\"David Morales\",\"image\":{\"@type\":\"ImageObject\",\"inLanguage\":\"es\",\"@id\":\"https:\\\/\\\/zeromagazine.mx\\\/wp-content\\\/litespeed\\\/avatar\\\/76069d2136bfc1c37dc34815bb67ca42.jpg?ver=1776966186\",\"url\":\"https:\\\/\\\/zeromagazine.mx\\\/wp-content\\\/litespeed\\\/avatar\\\/76069d2136bfc1c37dc34815bb67ca42.jpg?ver=1776966186\",\"contentUrl\":\"https:\\\/\\\/zeromagazine.mx\\\/wp-content\\\/litespeed\\\/avatar\\\/76069d2136bfc1c37dc34815bb67ca42.jpg?ver=1776966186\",\"caption\":\"David Morales\"},\"url\":\"https:\\\/\\\/zeromagazine.mx\\\/index.php\\\/author\\\/david\\\/\"}]}<\/script>\n<!-- \/ Yoast SEO plugin. -->","yoast_head_json":{"title":"COS regresa a la Semana de la Moda de Nueva York - Zero Magazine","description":"COS regresa a la Semana de la Moda de Nueva York con su colecci\u00f3n Oto\u00f1o-Invierno 2025: sofisticaci\u00f3n, minimalismo y elegancia moderna.","robots":{"index":"index","follow":"follow","max-snippet":"max-snippet:-1","max-image-preview":"max-image-preview:large","max-video-preview":"max-video-preview:-1"},"canonical":"https:\/\/zeromagazine.mx\/index.php\/2025\/09\/17\/cos-regresa-a-la-semana-de-la-moda-nyfw-2025\/","og_locale":"es_ES","og_type":"article","og_title":"COS regresa a la Semana de la Moda de Nueva York - Zero Magazine","og_description":"COS regresa a la Semana de la Moda de Nueva York con su colecci\u00f3n Oto\u00f1o-Invierno 2025: sofisticaci\u00f3n, minimalismo y elegancia moderna.","og_url":"https:\/\/zeromagazine.mx\/index.php\/2025\/09\/17\/cos-regresa-a-la-semana-de-la-moda-nyfw-2025\/","og_site_name":"Zero Magazine","article_published_time":"2025-09-17T17:31:00+00:00","article_modified_time":"2025-09-18T03:43:19+00:00","og_image":[{"width":2560,"height":1920,"url":"http:\/\/zeromagazine.mx\/wp-content\/uploads\/2025\/09\/COS-AW25_FINALE_13-scaled.jpeg","type":"image\/jpeg"}],"author":"David Morales","twitter_card":"summary_large_image","twitter_misc":{"Escrito por":"David Morales","Tiempo de lectura":"5 minutos"},"schema":{"@context":"https:\/\/schema.org","@graph":[{"@type":"Article","@id":"https:\/\/zeromagazine.mx\/index.php\/2025\/09\/17\/cos-regresa-a-la-semana-de-la-moda-nyfw-2025\/#article","isPartOf":{"@id":"https:\/\/zeromagazine.mx\/index.php\/2025\/09\/17\/cos-regresa-a-la-semana-de-la-moda-nyfw-2025\/"},"author":{"name":"David Morales","@id":"https:\/\/zeromagazine.mx\/#\/schema\/person\/9f7f1a17c60ba8e9980e3e6677aabe5a"},"headline":"COS regresa a la Semana de la Moda de Nueva York","datePublished":"2025-09-17T17:31:00+00:00","dateModified":"2025-09-18T03:43:19+00:00","mainEntityOfPage":{"@id":"https:\/\/zeromagazine.mx\/index.php\/2025\/09\/17\/cos-regresa-a-la-semana-de-la-moda-nyfw-2025\/"},"wordCount":480,"commentCount":0,"publisher":{"@id":"https:\/\/zeromagazine.mx\/#organization"},"image":{"@id":"https:\/\/zeromagazine.mx\/index.php\/2025\/09\/17\/cos-regresa-a-la-semana-de-la-moda-nyfw-2025\/#primaryimage"},"thumbnailUrl":"https:\/\/i0.wp.com\/zeromagazine.mx\/wp-content\/uploads\/2025\/09\/COS-AW25_FINALE_13-scaled.jpeg?fit=2560%2C1920&ssl=1","articleSection":["Moda"],"inLanguage":"es","potentialAction":[{"@type":"CommentAction","name":"Comment","target":["https:\/\/zeromagazine.mx\/index.php\/2025\/09\/17\/cos-regresa-a-la-semana-de-la-moda-nyfw-2025\/#respond"]}]},{"@type":"WebPage","@id":"https:\/\/zeromagazine.mx\/index.php\/2025\/09\/17\/cos-regresa-a-la-semana-de-la-moda-nyfw-2025\/","url":"https:\/\/zeromagazine.mx\/index.php\/2025\/09\/17\/cos-regresa-a-la-semana-de-la-moda-nyfw-2025\/","name":"COS regresa a la Semana de la Moda de Nueva York - Zero Magazine","isPartOf":{"@id":"https:\/\/zeromagazine.mx\/#website"},"primaryImageOfPage":{"@id":"https:\/\/zeromagazine.mx\/index.php\/2025\/09\/17\/cos-regresa-a-la-semana-de-la-moda-nyfw-2025\/#primaryimage"},"image":{"@id":"https:\/\/zeromagazine.mx\/index.php\/2025\/09\/17\/cos-regresa-a-la-semana-de-la-moda-nyfw-2025\/#primaryimage"},"thumbnailUrl":"https:\/\/i0.wp.com\/zeromagazine.mx\/wp-content\/uploads\/2025\/09\/COS-AW25_FINALE_13-scaled.jpeg?fit=2560%2C1920&ssl=1","datePublished":"2025-09-17T17:31:00+00:00","dateModified":"2025-09-18T03:43:19+00:00","description":"COS regresa a la Semana de la Moda de Nueva York con su colecci\u00f3n Oto\u00f1o-Invierno 2025: sofisticaci\u00f3n, minimalismo y elegancia moderna.","breadcrumb":{"@id":"https:\/\/zeromagazine.mx\/index.php\/2025\/09\/17\/cos-regresa-a-la-semana-de-la-moda-nyfw-2025\/#breadcrumb"},"inLanguage":"es","potentialAction":[{"@type":"ReadAction","target":["https:\/\/zeromagazine.mx\/index.php\/2025\/09\/17\/cos-regresa-a-la-semana-de-la-moda-nyfw-2025\/"]}]},{"@type":"ImageObject","inLanguage":"es","@id":"https:\/\/zeromagazine.mx\/index.php\/2025\/09\/17\/cos-regresa-a-la-semana-de-la-moda-nyfw-2025\/#primaryimage","url":"https:\/\/i0.wp.com\/zeromagazine.mx\/wp-content\/uploads\/2025\/09\/COS-AW25_FINALE_13-scaled.jpeg?fit=2560%2C1920&ssl=1","contentUrl":"https:\/\/i0.wp.com\/zeromagazine.mx\/wp-content\/uploads\/2025\/09\/COS-AW25_FINALE_13-scaled.jpeg?fit=2560%2C1920&ssl=1","width":2560,"height":1920},{"@type":"BreadcrumbList","@id":"https:\/\/zeromagazine.mx\/index.php\/2025\/09\/17\/cos-regresa-a-la-semana-de-la-moda-nyfw-2025\/#breadcrumb","itemListElement":[{"@type":"ListItem","position":1,"name":"Portada","item":"https:\/\/zeromagazine.mx\/"},{"@type":"ListItem","position":2,"name":"COS regresa a la Semana de la Moda de Nueva York"}]},{"@type":"WebSite","@id":"https:\/\/zeromagazine.mx\/#website","url":"https:\/\/zeromagazine.mx\/","name":"Zero Magazine","description":"","publisher":{"@id":"https:\/\/zeromagazine.mx\/#organization"},"potentialAction":[{"@type":"SearchAction","target":{"@type":"EntryPoint","urlTemplate":"https:\/\/zeromagazine.mx\/?s={search_term_string}"},"query-input":{"@type":"PropertyValueSpecification","valueRequired":true,"valueName":"search_term_string"}}],"inLanguage":"es"},{"@type":"Organization","@id":"https:\/\/zeromagazine.mx\/#organization","name":"Zero Magazine","url":"https:\/\/zeromagazine.mx\/","logo":{"@type":"ImageObject","inLanguage":"es","@id":"https:\/\/zeromagazine.mx\/#\/schema\/logo\/image\/","url":"https:\/\/i0.wp.com\/zeromagazine.mx\/wp-content\/uploads\/2025\/11\/1.jpeg?fit=1000%2C1000&ssl=1","contentUrl":"https:\/\/i0.wp.com\/zeromagazine.mx\/wp-content\/uploads\/2025\/11\/1.jpeg?fit=1000%2C1000&ssl=1","width":1000,"height":1000,"caption":"Zero Magazine"},"image":{"@id":"https:\/\/zeromagazine.mx\/#\/schema\/logo\/image\/"},"sameAs":["https:\/\/instagram.com\/zeromagazinemx"]},{"@type":"Person","@id":"https:\/\/zeromagazine.mx\/#\/schema\/person\/9f7f1a17c60ba8e9980e3e6677aabe5a","name":"David Morales","image":{"@type":"ImageObject","inLanguage":"es","@id":"https:\/\/zeromagazine.mx\/wp-content\/litespeed\/avatar\/76069d2136bfc1c37dc34815bb67ca42.jpg?ver=1776966186","url":"https:\/\/zeromagazine.mx\/wp-content\/litespeed\/avatar\/76069d2136bfc1c37dc34815bb67ca42.jpg?ver=1776966186","contentUrl":"https:\/\/zeromagazine.mx\/wp-content\/litespeed\/avatar\/76069d2136bfc1c37dc34815bb67ca42.jpg?ver=1776966186","caption":"David Morales"},"url":"https:\/\/zeromagazine.mx\/index.php\/author\/david\/"}]}},"jetpack_publicize_connections":[],"jetpack_featured_media_url":"https:\/\/i0.wp.com\/zeromagazine.mx\/wp-content\/uploads\/2025\/09\/COS-AW25_FINALE_13-scaled.jpeg?fit=2560%2C1920&ssl=1","jetpack-related-posts":[{"id":57938,"url":"https:\/\/zeromagazine.mx\/index.php\/2021\/11\/12\/carolina-lopez-las-emociones-estan-en-mi-pero-esta-en-mi-filtrar-que-tanto-de-eso-quiero-compartir\/","url_meta":{"origin":108305,"position":0},"title":"Carolina L\u00f3pez: \u201cLas emociones est\u00e1n en m\u00ed, pero est\u00e1 en m\u00ed filtrar que tanto de eso quiero compartir\u201d","author":"zeromagazinemx","date":"12 de noviembre de 2021","format":false,"excerpt":"La moda, un concepto muy conocido y que en tiempos actuales ha tomado mucha fuerza en popularidad, conceptos, dise\u00f1os e inspiraciones. En esta oportunidad pude platicar con Carolina L\u00f3pez, una de las 7 dise\u00f1adoras que tuvieron la oportunidad de presentar sus m\u00e1s recientes dise\u00f1os en New York Fashion Week. https:\/\/www.instagram.com\/p\/CT4_Wjbpu1G\/?utm_medium=copy_link\u2026","rel":"","context":"En \u00abEntrevistas\u00bb","block_context":{"text":"Entrevistas","link":"https:\/\/zeromagazine.mx\/index.php\/category\/entretenimiento\/entrevistas\/"},"img":{"alt_text":"","src":"https:\/\/i0.wp.com\/zeromagazinemx.wpcomstaging.com\/wp-content\/uploads\/2022\/02\/dc612-carolina-lopez-las-emociones-estan-en-mi-pero-esta-en-mi-filtrar-que-tanto-de-eso-quiero-compartir.jpg?resize=350%2C200&ssl=1","width":350,"height":200,"srcset":"https:\/\/i0.wp.com\/zeromagazinemx.wpcomstaging.com\/wp-content\/uploads\/2022\/02\/dc612-carolina-lopez-las-emociones-estan-en-mi-pero-esta-en-mi-filtrar-que-tanto-de-eso-quiero-compartir.jpg?resize=350%2C200&ssl=1 1x, https:\/\/i0.wp.com\/zeromagazinemx.wpcomstaging.com\/wp-content\/uploads\/2022\/02\/dc612-carolina-lopez-las-emociones-estan-en-mi-pero-esta-en-mi-filtrar-que-tanto-de-eso-quiero-compartir.jpg?resize=525%2C300&ssl=1 1.5x, https:\/\/i0.wp.com\/zeromagazinemx.wpcomstaging.com\/wp-content\/uploads\/2022\/02\/dc612-carolina-lopez-las-emociones-estan-en-mi-pero-esta-en-mi-filtrar-que-tanto-de-eso-quiero-compartir.jpg?resize=700%2C400&ssl=1 2x"},"classes":[]},{"id":70331,"url":"https:\/\/zeromagazine.mx\/index.php\/2024\/01\/17\/regreso-epico-tommy-hilfiger-deslumbra-en-el-nyfw-fall-winter-2024\/","url_meta":{"origin":108305,"position":1},"title":"Regreso \u00c9pico: Tommy Hilfiger Deslumbra en el NYFW Fall Winter 2024","author":"David Morales","date":"17 de enero de 2024","format":false,"excerpt":"\u00bfYa escucharon la s\u00faper emocionante noticia? Tommy Hilfiger est\u00e1 de vuelta en el New York Fashion Week con su colecci\u00f3n Fall Winter 2024. Literal, me muero de emoci\u00f3n por compartirles todos los detalles de este regreso \u00e9pico a las ra\u00edces de la moda en la ciudad que nunca duerme. As\u00ed\u2026","rel":"","context":"En \u00abEntretenimiento\u00bb","block_context":{"text":"Entretenimiento","link":"https:\/\/zeromagazine.mx\/index.php\/category\/entretenimiento\/"},"img":{"alt_text":"","src":"https:\/\/i0.wp.com\/zeromagazine.mx\/wp-content\/uploads\/2024\/01\/image002-1.jpg?fit=1200%2C1181&ssl=1&resize=350%2C200","width":350,"height":200,"srcset":"https:\/\/i0.wp.com\/zeromagazine.mx\/wp-content\/uploads\/2024\/01\/image002-1.jpg?fit=1200%2C1181&ssl=1&resize=350%2C200 1x, https:\/\/i0.wp.com\/zeromagazine.mx\/wp-content\/uploads\/2024\/01\/image002-1.jpg?fit=1200%2C1181&ssl=1&resize=525%2C300 1.5x, https:\/\/i0.wp.com\/zeromagazine.mx\/wp-content\/uploads\/2024\/01\/image002-1.jpg?fit=1200%2C1181&ssl=1&resize=700%2C400 2x, https:\/\/i0.wp.com\/zeromagazine.mx\/wp-content\/uploads\/2024\/01\/image002-1.jpg?fit=1200%2C1181&ssl=1&resize=1050%2C600 3x"},"classes":[]},{"id":84009,"url":"https:\/\/zeromagazine.mx\/index.php\/2024\/09\/17\/moda-minimalista-vibes-maximalistas-cos\/","url_meta":{"origin":108305,"position":2},"title":"\u00abModa Minimalista, Vibes Maximalistas: COS\u00bb","author":"zeromagazinemx","date":"17 de septiembre de 2024","format":false,"excerpt":"Si algo sabe hacer bien COS es mezclar elegancia con modernidad, y en la Semana de la Moda de Nueva York, lo volvieron a hacer. Esta vez, la marca sueca se luci\u00f3 con sus colecciones Oto\u00f1o-Invierno 2024 y Atelier, todo en un escenario s\u00faper ic\u00f3nico: el Brooklyn Navy Yard. Imag\u00ednate\u2026","rel":"","context":"En \u00abModa\u00bb","block_context":{"text":"Moda","link":"https:\/\/zeromagazine.mx\/index.php\/category\/moda\/"},"img":{"alt_text":"","src":"https:\/\/i0.wp.com\/zeromagazine.mx\/wp-content\/uploads\/2024\/09\/COS_AW24_BACKSTAGE_020-scaled.jpg?fit=800%2C1200&ssl=1&resize=350%2C200","width":350,"height":200,"srcset":"https:\/\/i0.wp.com\/zeromagazine.mx\/wp-content\/uploads\/2024\/09\/COS_AW24_BACKSTAGE_020-scaled.jpg?fit=800%2C1200&ssl=1&resize=350%2C200 1x, https:\/\/i0.wp.com\/zeromagazine.mx\/wp-content\/uploads\/2024\/09\/COS_AW24_BACKSTAGE_020-scaled.jpg?fit=800%2C1200&ssl=1&resize=525%2C300 1.5x, https:\/\/i0.wp.com\/zeromagazine.mx\/wp-content\/uploads\/2024\/09\/COS_AW24_BACKSTAGE_020-scaled.jpg?fit=800%2C1200&ssl=1&resize=700%2C400 2x"},"classes":[]},{"id":87864,"url":"https:\/\/zeromagazine.mx\/index.php\/2024\/10\/21\/cos-atelier-style-meets-movement\/","url_meta":{"origin":108305,"position":3},"title":"\u00abCOS Atelier: Style Meets Movement\u00bb","author":"zeromagazinemx","date":"21 de octubre de 2024","format":false,"excerpt":"Hey, fam! Hoy les traigo el chisme sobre la \u00faltima colecci\u00f3n de COS que est\u00e1 dando de qu\u00e9 hablar. La marca londinense ha lanzado su nueva colecci\u00f3n Atelier, y d\u00e9jenme decirles que es todo lo que necesitamos para elevar nuestro estilo esta temporada. Ya saben, la moda no es solo\u2026","rel":"","context":"En \u00abModa\u00bb","block_context":{"text":"Moda","link":"https:\/\/zeromagazine.mx\/index.php\/category\/moda\/"},"img":{"alt_text":"","src":"https:\/\/i0.wp.com\/zeromagazine.mx\/wp-content\/uploads\/2024\/10\/COS-ATELIER_02-scaled.jpg?fit=900%2C1200&ssl=1&resize=350%2C200","width":350,"height":200,"srcset":"https:\/\/i0.wp.com\/zeromagazine.mx\/wp-content\/uploads\/2024\/10\/COS-ATELIER_02-scaled.jpg?fit=900%2C1200&ssl=1&resize=350%2C200 1x, https:\/\/i0.wp.com\/zeromagazine.mx\/wp-content\/uploads\/2024\/10\/COS-ATELIER_02-scaled.jpg?fit=900%2C1200&ssl=1&resize=525%2C300 1.5x, https:\/\/i0.wp.com\/zeromagazine.mx\/wp-content\/uploads\/2024\/10\/COS-ATELIER_02-scaled.jpg?fit=900%2C1200&ssl=1&resize=700%2C400 2x"},"classes":[]},{"id":87847,"url":"https:\/\/zeromagazine.mx\/index.php\/2024\/10\/21\/cos-atelier-elegancia-que-inspira\/","url_meta":{"origin":108305,"position":4},"title":"\u00abCOS Atelier: Elegancia que Inspira\u00bb","author":"zeromagazinemx","date":"21 de octubre de 2024","format":false,"excerpt":"\u00a1Hey, fashion lovers! Hoy les traigo todo lo que necesitan saber sobre la nueva colecci\u00f3n Atelier de COS, que est\u00e1\u00a0fire\u00a0y es perfect para esta temporada. La marca londinense COS nos ha sorprendido una vez m\u00e1s con su \u00faltima c\u00e1psula, que marca la quinta temporada desde que se lanz\u00f3 en la\u2026","rel":"","context":"En \u00abModa\u00bb","block_context":{"text":"Moda","link":"https:\/\/zeromagazine.mx\/index.php\/category\/moda\/"},"img":{"alt_text":"","src":"https:\/\/i0.wp.com\/zeromagazine.mx\/wp-content\/uploads\/2024\/10\/COS-ATELIER_08-scaled.jpg?fit=900%2C1200&ssl=1&resize=350%2C200","width":350,"height":200,"srcset":"https:\/\/i0.wp.com\/zeromagazine.mx\/wp-content\/uploads\/2024\/10\/COS-ATELIER_08-scaled.jpg?fit=900%2C1200&ssl=1&resize=350%2C200 1x, https:\/\/i0.wp.com\/zeromagazine.mx\/wp-content\/uploads\/2024\/10\/COS-ATELIER_08-scaled.jpg?fit=900%2C1200&ssl=1&resize=525%2C300 1.5x, https:\/\/i0.wp.com\/zeromagazine.mx\/wp-content\/uploads\/2024\/10\/COS-ATELIER_08-scaled.jpg?fit=900%2C1200&ssl=1&resize=700%2C400 2x"},"classes":[]},{"id":83139,"url":"https:\/\/zeromagazine.mx\/index.php\/2024\/09\/04\/nyc-vibes-la-nueva-de-steve\/","url_meta":{"origin":108305,"position":5},"title":"\u00abNYC Vibes: La Nueva de Steve\u00bb","author":"zeromagazinemx","date":"4 de septiembre de 2024","format":false,"excerpt":"Hablemos de c\u00f3mo Steve Madden acaba de lanzar su nueva campa\u00f1a de oto\u00f1o 2024, y sinceramente, es toda una experiencia \u00fanica. Si eres fan de la moda con un toque de la actitud neoyorquina, entonces esta campa\u00f1a es para ti. Steve Madden, una marca que lleva el coraz\u00f3n de Nueva\u2026","rel":"","context":"En \u00abModa\u00bb","block_context":{"text":"Moda","link":"https:\/\/zeromagazine.mx\/index.php\/category\/moda\/"},"img":{"alt_text":"","src":"https:\/\/i0.wp.com\/zeromagazine.mx\/wp-content\/uploads\/2024\/09\/SM_2024_FALL_INTL_10_LIVY_BLACK-PATENT_SILVER-PATENT_RED-PATENT_LIANA_WINE-PATENT_BLACK-PATENT_RIESLING_RED_BLUE-DENIM-scaled.jpg?fit=1200%2C800&ssl=1&resize=350%2C200","width":350,"height":200,"srcset":"https:\/\/i0.wp.com\/zeromagazine.mx\/wp-content\/uploads\/2024\/09\/SM_2024_FALL_INTL_10_LIVY_BLACK-PATENT_SILVER-PATENT_RED-PATENT_LIANA_WINE-PATENT_BLACK-PATENT_RIESLING_RED_BLUE-DENIM-scaled.jpg?fit=1200%2C800&ssl=1&resize=350%2C200 1x, https:\/\/i0.wp.com\/zeromagazine.mx\/wp-content\/uploads\/2024\/09\/SM_2024_FALL_INTL_10_LIVY_BLACK-PATENT_SILVER-PATENT_RED-PATENT_LIANA_WINE-PATENT_BLACK-PATENT_RIESLING_RED_BLUE-DENIM-scaled.jpg?fit=1200%2C800&ssl=1&resize=525%2C300 1.5x, https:\/\/i0.wp.com\/zeromagazine.mx\/wp-content\/uploads\/2024\/09\/SM_2024_FALL_INTL_10_LIVY_BLACK-PATENT_SILVER-PATENT_RED-PATENT_LIANA_WINE-PATENT_BLACK-PATENT_RIESLING_RED_BLUE-DENIM-scaled.jpg?fit=1200%2C800&ssl=1&resize=700%2C400 2x, https:\/\/i0.wp.com\/zeromagazine.mx\/wp-content\/uploads\/2024\/09\/SM_2024_FALL_INTL_10_LIVY_BLACK-PATENT_SILVER-PATENT_RED-PATENT_LIANA_WINE-PATENT_BLACK-PATENT_RIESLING_RED_BLUE-DENIM-scaled.jpg?fit=1200%2C800&ssl=1&resize=1050%2C600 3x"},"classes":[]}],"jetpack_sharing_enabled":true,"builder_content":"","_links":{"self":[{"href":"https:\/\/zeromagazine.mx\/index.php\/wp-json\/wp\/v2\/posts\/108305","targetHints":{"allow":["GET"]}}],"collection":[{"href":"https:\/\/zeromagazine.mx\/index.php\/wp-json\/wp\/v2\/posts"}],"about":[{"href":"https:\/\/zeromagazine.mx\/index.php\/wp-json\/wp\/v2\/types\/post"}],"author":[{"embeddable":true,"href":"https:\/\/zeromagazine.mx\/index.php\/wp-json\/wp\/v2\/users\/4"}],"replies":[{"embeddable":true,"href":"https:\/\/zeromagazine.mx\/index.php\/wp-json\/wp\/v2\/comments?post=108305"}],"version-history":[{"count":2,"href":"https:\/\/zeromagazine.mx\/index.php\/wp-json\/wp\/v2\/posts\/108305\/revisions"}],"predecessor-version":[{"id":108320,"href":"https:\/\/zeromagazine.mx\/index.php\/wp-json\/wp\/v2\/posts\/108305\/revisions\/108320"}],"wp:featuredmedia":[{"embeddable":true,"href":"https:\/\/zeromagazine.mx\/index.php\/wp-json\/wp\/v2\/media\/108318"}],"wp:attachment":[{"href":"https:\/\/zeromagazine.mx\/index.php\/wp-json\/wp\/v2\/media?parent=108305"}],"wp:term":[{"taxonomy":"category","embeddable":true,"href":"https:\/\/zeromagazine.mx\/index.php\/wp-json\/wp\/v2\/categories?post=108305"},{"taxonomy":"post_tag","embeddable":true,"href":"https:\/\/zeromagazine.mx\/index.php\/wp-json\/wp\/v2\/tags?post=108305"}],"curies":[{"name":"wp","href":"https:\/\/api.w.org\/{rel}","templated":true}]}}