{"id":108340,"date":"2025-09-17T12:39:00","date_gmt":"2025-09-17T18:39:00","guid":{"rendered":"https:\/\/zeromagazine.mx\/?p=108340"},"modified":"2025-09-17T22:46:14","modified_gmt":"2025-09-18T04:46:14","slug":"combo-de-almay-maquillaje","status":"publish","type":"post","link":"https:\/\/zeromagazine.mx\/index.php\/2025\/09\/17\/combo-de-almay-maquillaje\/","title":{"rendered":"El combo de ALMAY que esper\u00e1bamos"},"content":{"rendered":"<!--themify_builder_content-->\n<div id=\"themify_builder_content-108340\" data-postid=\"108340\" class=\"themify_builder_content themify_builder_content-108340 themify_builder tf_clear\">\n    <\/div>\n<!--\/themify_builder_content-->\n\n\n<p>Ok, literal llevo semanas emocionada porque por fin lleg\u00f3 el nuevo combo de ALMAY a M\u00e9xico, y no saben lo feliz que estoy. Si eres de las que aman maquillarse pero tambi\u00e9n quieren que su piel respire y se sienta cuidada, estos dos productos van a ser tu nueva obsesi\u00f3n. Yo lo prob\u00e9 apenas sali\u00f3 y la neta s\u00ed cambia la rutina, porque se siente ligero, c\u00f3modo y hace que el maquillaje dure sin que tengas que estar retocando cada dos segundos.<\/p>\n\n\n\n<h2 class=\"wp-block-heading\">Combo de ALMAY para tu makeup bag<\/h2>\n\n\n\n<p>La estrella es la&nbsp;<strong>base Truly Lasting Color<\/strong>. Es de esas bases que no pesan nada en la piel, pero te aguantan todo el d\u00eda. Entre calor, humedad, clases, salidas y hasta el after, sigue intacta. Promete hasta 16 horas de duraci\u00f3n, y lo cumple. Adem\u00e1s, tiene vitamina E y extracto de lim\u00f3n, as\u00ed que mientras te maquillas, tambi\u00e9n ilumina y cuida tu piel. El acabado es s\u00faper natural, como si tuvieras la piel descansada, fresca y sin esfuerzo. Lo mejor: es hipoalerg\u00e9nica, sin fragancia y pensada para pieles sensibles. Est\u00e1 en cuatro tonos que se adaptan f\u00e1cil, as\u00ed que s\u00ed o s\u00ed encuentras el tuyo.<\/p>\n\n\n\n<figure class=\"wp-block-image size-full\"><img data-recalc-dims=\"1\" decoding=\"async\" width=\"1000\" height=\"1000\" src=\"https:\/\/i0.wp.com\/zeromagazine.mx\/wp-content\/uploads\/2025\/09\/WhatsApp-Image-2025-06-27-at-16.15.38-1.jpeg?resize=1000%2C1000\" alt=\"\" class=\"wp-image-108342\" srcset=\"https:\/\/i0.wp.com\/zeromagazine.mx\/wp-content\/uploads\/2025\/09\/WhatsApp-Image-2025-06-27-at-16.15.38-1.jpeg?w=1000&amp;ssl=1 1000w, https:\/\/i0.wp.com\/zeromagazine.mx\/wp-content\/uploads\/2025\/09\/WhatsApp-Image-2025-06-27-at-16.15.38-1.jpeg?resize=300%2C300&amp;ssl=1 300w, https:\/\/i0.wp.com\/zeromagazine.mx\/wp-content\/uploads\/2025\/09\/WhatsApp-Image-2025-06-27-at-16.15.38-1.jpeg?resize=150%2C150&amp;ssl=1 150w, https:\/\/i0.wp.com\/zeromagazine.mx\/wp-content\/uploads\/2025\/09\/WhatsApp-Image-2025-06-27-at-16.15.38-1.jpeg?resize=768%2C768&amp;ssl=1 768w\" sizes=\"(max-width: 1000px) 100vw, 1000px\" \/><\/figure>\n\n\n\n<p>El segundo integrante de este d\u00fao m\u00e1gico es la&nbsp;<strong>Thickening &amp; Tint Mascara<\/strong>. Honestamente, me vol\u00f3 la cabeza porque no solo deja las pesta\u00f1as m\u00e1s gruesas y largas desde la primera pasada, sino que con el uso continuo las va ti\u00f1endo poquito a poquito. O sea, es maquillaje pero tambi\u00e9n un boost para que tus pesta\u00f1as se vean m\u00e1s fuertes y oscuras de manera natural. La f\u00f3rmula es muy suavecita, cero grumos ni descamaciones, y lo mejor es que es lavable, as\u00ed que no sufres en el desmaquillado. Tambi\u00e9n es hipoalerg\u00e9nica, sin fragancia, probada por oftalm\u00f3logos y apta para quienes usamos lentes de contacto.<\/p>\n\n\n\n<figure class=\"wp-block-image size-full\"><img data-recalc-dims=\"1\" decoding=\"async\" width=\"720\" height=\"720\" src=\"https:\/\/i0.wp.com\/zeromagazine.mx\/wp-content\/uploads\/2025\/09\/Almay_1H25_ThickeningTint_Mascara_SoldierCapOff_Black_150RGB1.3000x3000_eb5bfe34-b8de-400b-9df5-b5b9f8c880ba.jpeg?resize=720%2C720\" alt=\"\" class=\"wp-image-108344\" srcset=\"https:\/\/i0.wp.com\/zeromagazine.mx\/wp-content\/uploads\/2025\/09\/Almay_1H25_ThickeningTint_Mascara_SoldierCapOff_Black_150RGB1.3000x3000_eb5bfe34-b8de-400b-9df5-b5b9f8c880ba.jpeg?w=720&amp;ssl=1 720w, https:\/\/i0.wp.com\/zeromagazine.mx\/wp-content\/uploads\/2025\/09\/Almay_1H25_ThickeningTint_Mascara_SoldierCapOff_Black_150RGB1.3000x3000_eb5bfe34-b8de-400b-9df5-b5b9f8c880ba.jpeg?resize=300%2C300&amp;ssl=1 300w, https:\/\/i0.wp.com\/zeromagazine.mx\/wp-content\/uploads\/2025\/09\/Almay_1H25_ThickeningTint_Mascara_SoldierCapOff_Black_150RGB1.3000x3000_eb5bfe34-b8de-400b-9df5-b5b9f8c880ba.jpeg?resize=150%2C150&amp;ssl=1 150w\" sizes=\"(max-width: 720px) 100vw, 720px\" \/><\/figure>\n\n\n\n<p>Este combo no solo se siente como un upgrade para la rutina de maquillaje, tambi\u00e9n me da mucha tranquilidad porque es cruelty free y pensado para ojos y piel sensible. O sea, es perfecto para las que queremos vernos cute y a la vez cuidar lo que usamos en nuestro cuerpo.<\/p>\n\n\n\n<h2 class=\"wp-block-heading\">Lo que m\u00e1s me emociona<\/h2>\n\n\n\n<p>Lo que m\u00e1s me gusta es que no necesitas mil productos: con la base y la m\u00e1scara ya tienes un look pulido, fresco y con las pesta\u00f1as listas para cualquier plan. Es ese combo pr\u00e1ctico que te salva en la uni, en el trabajo o en la salida con tus amix. Yo ya lo tengo fijo en mi cosmetiquera, porque es justo lo que estaba esperando: maquillaje que no solo maquilla, tambi\u00e9n cuida.<\/p>","protected":false},"excerpt":{"rendered":"<p>Ok, literal llevo semanas emocionada porque por fin lleg\u00f3 el nuevo combo de ALMAY a M\u00e9xico, y no saben lo feliz que estoy. Si eres de las que aman maquillarse pero tambi\u00e9n quieren que su piel respire y se sienta cuidada, estos dos productos van a ser tu nueva obsesi\u00f3n. Yo lo prob\u00e9 apenas sali\u00f3 [&hellip;]<\/p>\n","protected":false},"author":4,"featured_media":108341,"comment_status":"open","ping_status":"open","sticky":false,"template":"","format":"standard","meta":{"_jetpack_memberships_contains_paid_content":false,"footnotes":"","jetpack_publicize_message":"","jetpack_publicize_feature_enabled":true,"jetpack_social_post_already_shared":true,"jetpack_social_options":{"image_generator_settings":{"template":"highway","default_image_id":0,"font":"","enabled":false},"version":2}},"categories":[9858],"tags":[],"class_list":["post-108340","post","type-post","status-publish","format-standard","has-post-thumbnail","hentry","category-beauty","has-post-title","has-post-date","has-post-category","has-post-tag","has-post-comment","has-post-author",""],"yoast_head":"<!-- This site is optimized with the Yoast SEO plugin v27.5 - https:\/\/yoast.com\/product\/yoast-seo-wordpress\/ -->\n<title>El combo de ALMAY que esper\u00e1bamos - Zero Magazine<\/title>\n<meta name=\"description\" content=\"Descubre el combo de ALMAY con base Truly Lasting Color y Thickening &amp; Tint Mascara, ideal para piel y ojos sensibles.\" \/>\n<meta name=\"robots\" content=\"index, follow, max-snippet:-1, max-image-preview:large, max-video-preview:-1\" \/>\n<link rel=\"canonical\" href=\"https:\/\/zeromagazine.mx\/index.php\/2025\/09\/17\/combo-de-almay-maquillaje\/\" \/>\n<meta property=\"og:locale\" content=\"es_ES\" \/>\n<meta property=\"og:type\" content=\"article\" \/>\n<meta property=\"og:title\" content=\"El combo de ALMAY que esper\u00e1bamos - Zero Magazine\" \/>\n<meta property=\"og:description\" content=\"Descubre el combo de ALMAY con base Truly Lasting Color y Thickening &amp; Tint Mascara, ideal para piel y ojos sensibles.\" \/>\n<meta property=\"og:url\" content=\"https:\/\/zeromagazine.mx\/index.php\/2025\/09\/17\/combo-de-almay-maquillaje\/\" \/>\n<meta property=\"og:site_name\" content=\"Zero Magazine\" \/>\n<meta property=\"article:published_time\" content=\"2025-09-17T18:39:00+00:00\" \/>\n<meta property=\"article:modified_time\" content=\"2025-09-18T04:46:14+00:00\" \/>\n<meta property=\"og:image\" content=\"http:\/\/zeromagazine.mx\/wp-content\/uploads\/2025\/09\/WhatsApp-Image-2025-06-27-at-16.15.38.jpeg\" \/>\n\t<meta property=\"og:image:width\" content=\"1000\" \/>\n\t<meta property=\"og:image:height\" content=\"1000\" \/>\n\t<meta property=\"og:image:type\" content=\"image\/jpeg\" \/>\n<meta name=\"author\" content=\"David Morales\" \/>\n<meta name=\"twitter:card\" content=\"summary_large_image\" \/>\n<meta name=\"twitter:label1\" content=\"Escrito por\" \/>\n\t<meta name=\"twitter:data1\" content=\"David Morales\" \/>\n\t<meta name=\"twitter:label2\" content=\"Tiempo de lectura\" \/>\n\t<meta name=\"twitter:data2\" content=\"3 minutos\" \/>\n<script type=\"application\/ld+json\" class=\"yoast-schema-graph\">{\"@context\":\"https:\\\/\\\/schema.org\",\"@graph\":[{\"@type\":\"Article\",\"@id\":\"https:\\\/\\\/zeromagazine.mx\\\/index.php\\\/2025\\\/09\\\/17\\\/combo-de-almay-maquillaje\\\/#article\",\"isPartOf\":{\"@id\":\"https:\\\/\\\/zeromagazine.mx\\\/index.php\\\/2025\\\/09\\\/17\\\/combo-de-almay-maquillaje\\\/\"},\"author\":{\"name\":\"David Morales\",\"@id\":\"https:\\\/\\\/zeromagazine.mx\\\/#\\\/schema\\\/person\\\/9f7f1a17c60ba8e9980e3e6677aabe5a\"},\"headline\":\"El combo de ALMAY que esper\u00e1bamos\",\"datePublished\":\"2025-09-17T18:39:00+00:00\",\"dateModified\":\"2025-09-18T04:46:14+00:00\",\"mainEntityOfPage\":{\"@id\":\"https:\\\/\\\/zeromagazine.mx\\\/index.php\\\/2025\\\/09\\\/17\\\/combo-de-almay-maquillaje\\\/\"},\"wordCount\":467,\"commentCount\":0,\"publisher\":{\"@id\":\"https:\\\/\\\/zeromagazine.mx\\\/#organization\"},\"image\":{\"@id\":\"https:\\\/\\\/zeromagazine.mx\\\/index.php\\\/2025\\\/09\\\/17\\\/combo-de-almay-maquillaje\\\/#primaryimage\"},\"thumbnailUrl\":\"https:\\\/\\\/i0.wp.com\\\/zeromagazine.mx\\\/wp-content\\\/uploads\\\/2025\\\/09\\\/WhatsApp-Image-2025-06-27-at-16.15.38.jpeg?fit=1000%2C1000&ssl=1\",\"articleSection\":[\"Beauty\"],\"inLanguage\":\"es\",\"potentialAction\":[{\"@type\":\"CommentAction\",\"name\":\"Comment\",\"target\":[\"https:\\\/\\\/zeromagazine.mx\\\/index.php\\\/2025\\\/09\\\/17\\\/combo-de-almay-maquillaje\\\/#respond\"]}]},{\"@type\":\"WebPage\",\"@id\":\"https:\\\/\\\/zeromagazine.mx\\\/index.php\\\/2025\\\/09\\\/17\\\/combo-de-almay-maquillaje\\\/\",\"url\":\"https:\\\/\\\/zeromagazine.mx\\\/index.php\\\/2025\\\/09\\\/17\\\/combo-de-almay-maquillaje\\\/\",\"name\":\"El combo de ALMAY que esper\u00e1bamos - Zero Magazine\",\"isPartOf\":{\"@id\":\"https:\\\/\\\/zeromagazine.mx\\\/#website\"},\"primaryImageOfPage\":{\"@id\":\"https:\\\/\\\/zeromagazine.mx\\\/index.php\\\/2025\\\/09\\\/17\\\/combo-de-almay-maquillaje\\\/#primaryimage\"},\"image\":{\"@id\":\"https:\\\/\\\/zeromagazine.mx\\\/index.php\\\/2025\\\/09\\\/17\\\/combo-de-almay-maquillaje\\\/#primaryimage\"},\"thumbnailUrl\":\"https:\\\/\\\/i0.wp.com\\\/zeromagazine.mx\\\/wp-content\\\/uploads\\\/2025\\\/09\\\/WhatsApp-Image-2025-06-27-at-16.15.38.jpeg?fit=1000%2C1000&ssl=1\",\"datePublished\":\"2025-09-17T18:39:00+00:00\",\"dateModified\":\"2025-09-18T04:46:14+00:00\",\"description\":\"Descubre el combo de ALMAY con base Truly Lasting Color y Thickening & Tint Mascara, ideal para piel y ojos sensibles.\",\"breadcrumb\":{\"@id\":\"https:\\\/\\\/zeromagazine.mx\\\/index.php\\\/2025\\\/09\\\/17\\\/combo-de-almay-maquillaje\\\/#breadcrumb\"},\"inLanguage\":\"es\",\"potentialAction\":[{\"@type\":\"ReadAction\",\"target\":[\"https:\\\/\\\/zeromagazine.mx\\\/index.php\\\/2025\\\/09\\\/17\\\/combo-de-almay-maquillaje\\\/\"]}]},{\"@type\":\"ImageObject\",\"inLanguage\":\"es\",\"@id\":\"https:\\\/\\\/zeromagazine.mx\\\/index.php\\\/2025\\\/09\\\/17\\\/combo-de-almay-maquillaje\\\/#primaryimage\",\"url\":\"https:\\\/\\\/i0.wp.com\\\/zeromagazine.mx\\\/wp-content\\\/uploads\\\/2025\\\/09\\\/WhatsApp-Image-2025-06-27-at-16.15.38.jpeg?fit=1000%2C1000&ssl=1\",\"contentUrl\":\"https:\\\/\\\/i0.wp.com\\\/zeromagazine.mx\\\/wp-content\\\/uploads\\\/2025\\\/09\\\/WhatsApp-Image-2025-06-27-at-16.15.38.jpeg?fit=1000%2C1000&ssl=1\",\"width\":1000,\"height\":1000},{\"@type\":\"BreadcrumbList\",\"@id\":\"https:\\\/\\\/zeromagazine.mx\\\/index.php\\\/2025\\\/09\\\/17\\\/combo-de-almay-maquillaje\\\/#breadcrumb\",\"itemListElement\":[{\"@type\":\"ListItem\",\"position\":1,\"name\":\"Portada\",\"item\":\"https:\\\/\\\/zeromagazine.mx\\\/\"},{\"@type\":\"ListItem\",\"position\":2,\"name\":\"El combo de ALMAY que esper\u00e1bamos\"}]},{\"@type\":\"WebSite\",\"@id\":\"https:\\\/\\\/zeromagazine.mx\\\/#website\",\"url\":\"https:\\\/\\\/zeromagazine.mx\\\/\",\"name\":\"Zero Magazine\",\"description\":\"\",\"publisher\":{\"@id\":\"https:\\\/\\\/zeromagazine.mx\\\/#organization\"},\"potentialAction\":[{\"@type\":\"SearchAction\",\"target\":{\"@type\":\"EntryPoint\",\"urlTemplate\":\"https:\\\/\\\/zeromagazine.mx\\\/?s={search_term_string}\"},\"query-input\":{\"@type\":\"PropertyValueSpecification\",\"valueRequired\":true,\"valueName\":\"search_term_string\"}}],\"inLanguage\":\"es\"},{\"@type\":\"Organization\",\"@id\":\"https:\\\/\\\/zeromagazine.mx\\\/#organization\",\"name\":\"Zero Magazine\",\"url\":\"https:\\\/\\\/zeromagazine.mx\\\/\",\"logo\":{\"@type\":\"ImageObject\",\"inLanguage\":\"es\",\"@id\":\"https:\\\/\\\/zeromagazine.mx\\\/#\\\/schema\\\/logo\\\/image\\\/\",\"url\":\"https:\\\/\\\/i0.wp.com\\\/zeromagazine.mx\\\/wp-content\\\/uploads\\\/2025\\\/11\\\/1.jpeg?fit=1000%2C1000&ssl=1\",\"contentUrl\":\"https:\\\/\\\/i0.wp.com\\\/zeromagazine.mx\\\/wp-content\\\/uploads\\\/2025\\\/11\\\/1.jpeg?fit=1000%2C1000&ssl=1\",\"width\":1000,\"height\":1000,\"caption\":\"Zero Magazine\"},\"image\":{\"@id\":\"https:\\\/\\\/zeromagazine.mx\\\/#\\\/schema\\\/logo\\\/image\\\/\"},\"sameAs\":[\"https:\\\/\\\/instagram.com\\\/zeromagazinemx\"]},{\"@type\":\"Person\",\"@id\":\"https:\\\/\\\/zeromagazine.mx\\\/#\\\/schema\\\/person\\\/9f7f1a17c60ba8e9980e3e6677aabe5a\",\"name\":\"David Morales\",\"image\":{\"@type\":\"ImageObject\",\"inLanguage\":\"es\",\"@id\":\"https:\\\/\\\/zeromagazine.mx\\\/wp-content\\\/litespeed\\\/avatar\\\/76069d2136bfc1c37dc34815bb67ca42.jpg?ver=1776966186\",\"url\":\"https:\\\/\\\/zeromagazine.mx\\\/wp-content\\\/litespeed\\\/avatar\\\/76069d2136bfc1c37dc34815bb67ca42.jpg?ver=1776966186\",\"contentUrl\":\"https:\\\/\\\/zeromagazine.mx\\\/wp-content\\\/litespeed\\\/avatar\\\/76069d2136bfc1c37dc34815bb67ca42.jpg?ver=1776966186\",\"caption\":\"David Morales\"},\"url\":\"https:\\\/\\\/zeromagazine.mx\\\/index.php\\\/author\\\/david\\\/\"}]}<\/script>\n<!-- \/ Yoast SEO plugin. -->","yoast_head_json":{"title":"El combo de ALMAY que esper\u00e1bamos - Zero Magazine","description":"Descubre el combo de ALMAY con base Truly Lasting Color y Thickening & Tint Mascara, ideal para piel y ojos sensibles.","robots":{"index":"index","follow":"follow","max-snippet":"max-snippet:-1","max-image-preview":"max-image-preview:large","max-video-preview":"max-video-preview:-1"},"canonical":"https:\/\/zeromagazine.mx\/index.php\/2025\/09\/17\/combo-de-almay-maquillaje\/","og_locale":"es_ES","og_type":"article","og_title":"El combo de ALMAY que esper\u00e1bamos - Zero Magazine","og_description":"Descubre el combo de ALMAY con base Truly Lasting Color y Thickening & Tint Mascara, ideal para piel y ojos sensibles.","og_url":"https:\/\/zeromagazine.mx\/index.php\/2025\/09\/17\/combo-de-almay-maquillaje\/","og_site_name":"Zero Magazine","article_published_time":"2025-09-17T18:39:00+00:00","article_modified_time":"2025-09-18T04:46:14+00:00","og_image":[{"width":1000,"height":1000,"url":"http:\/\/zeromagazine.mx\/wp-content\/uploads\/2025\/09\/WhatsApp-Image-2025-06-27-at-16.15.38.jpeg","type":"image\/jpeg"}],"author":"David Morales","twitter_card":"summary_large_image","twitter_misc":{"Escrito por":"David Morales","Tiempo de lectura":"3 minutos"},"schema":{"@context":"https:\/\/schema.org","@graph":[{"@type":"Article","@id":"https:\/\/zeromagazine.mx\/index.php\/2025\/09\/17\/combo-de-almay-maquillaje\/#article","isPartOf":{"@id":"https:\/\/zeromagazine.mx\/index.php\/2025\/09\/17\/combo-de-almay-maquillaje\/"},"author":{"name":"David Morales","@id":"https:\/\/zeromagazine.mx\/#\/schema\/person\/9f7f1a17c60ba8e9980e3e6677aabe5a"},"headline":"El combo de ALMAY que esper\u00e1bamos","datePublished":"2025-09-17T18:39:00+00:00","dateModified":"2025-09-18T04:46:14+00:00","mainEntityOfPage":{"@id":"https:\/\/zeromagazine.mx\/index.php\/2025\/09\/17\/combo-de-almay-maquillaje\/"},"wordCount":467,"commentCount":0,"publisher":{"@id":"https:\/\/zeromagazine.mx\/#organization"},"image":{"@id":"https:\/\/zeromagazine.mx\/index.php\/2025\/09\/17\/combo-de-almay-maquillaje\/#primaryimage"},"thumbnailUrl":"https:\/\/i0.wp.com\/zeromagazine.mx\/wp-content\/uploads\/2025\/09\/WhatsApp-Image-2025-06-27-at-16.15.38.jpeg?fit=1000%2C1000&ssl=1","articleSection":["Beauty"],"inLanguage":"es","potentialAction":[{"@type":"CommentAction","name":"Comment","target":["https:\/\/zeromagazine.mx\/index.php\/2025\/09\/17\/combo-de-almay-maquillaje\/#respond"]}]},{"@type":"WebPage","@id":"https:\/\/zeromagazine.mx\/index.php\/2025\/09\/17\/combo-de-almay-maquillaje\/","url":"https:\/\/zeromagazine.mx\/index.php\/2025\/09\/17\/combo-de-almay-maquillaje\/","name":"El combo de ALMAY que esper\u00e1bamos - Zero Magazine","isPartOf":{"@id":"https:\/\/zeromagazine.mx\/#website"},"primaryImageOfPage":{"@id":"https:\/\/zeromagazine.mx\/index.php\/2025\/09\/17\/combo-de-almay-maquillaje\/#primaryimage"},"image":{"@id":"https:\/\/zeromagazine.mx\/index.php\/2025\/09\/17\/combo-de-almay-maquillaje\/#primaryimage"},"thumbnailUrl":"https:\/\/i0.wp.com\/zeromagazine.mx\/wp-content\/uploads\/2025\/09\/WhatsApp-Image-2025-06-27-at-16.15.38.jpeg?fit=1000%2C1000&ssl=1","datePublished":"2025-09-17T18:39:00+00:00","dateModified":"2025-09-18T04:46:14+00:00","description":"Descubre el combo de ALMAY con base Truly Lasting Color y Thickening & Tint Mascara, ideal para piel y ojos sensibles.","breadcrumb":{"@id":"https:\/\/zeromagazine.mx\/index.php\/2025\/09\/17\/combo-de-almay-maquillaje\/#breadcrumb"},"inLanguage":"es","potentialAction":[{"@type":"ReadAction","target":["https:\/\/zeromagazine.mx\/index.php\/2025\/09\/17\/combo-de-almay-maquillaje\/"]}]},{"@type":"ImageObject","inLanguage":"es","@id":"https:\/\/zeromagazine.mx\/index.php\/2025\/09\/17\/combo-de-almay-maquillaje\/#primaryimage","url":"https:\/\/i0.wp.com\/zeromagazine.mx\/wp-content\/uploads\/2025\/09\/WhatsApp-Image-2025-06-27-at-16.15.38.jpeg?fit=1000%2C1000&ssl=1","contentUrl":"https:\/\/i0.wp.com\/zeromagazine.mx\/wp-content\/uploads\/2025\/09\/WhatsApp-Image-2025-06-27-at-16.15.38.jpeg?fit=1000%2C1000&ssl=1","width":1000,"height":1000},{"@type":"BreadcrumbList","@id":"https:\/\/zeromagazine.mx\/index.php\/2025\/09\/17\/combo-de-almay-maquillaje\/#breadcrumb","itemListElement":[{"@type":"ListItem","position":1,"name":"Portada","item":"https:\/\/zeromagazine.mx\/"},{"@type":"ListItem","position":2,"name":"El combo de ALMAY que esper\u00e1bamos"}]},{"@type":"WebSite","@id":"https:\/\/zeromagazine.mx\/#website","url":"https:\/\/zeromagazine.mx\/","name":"Zero Magazine","description":"","publisher":{"@id":"https:\/\/zeromagazine.mx\/#organization"},"potentialAction":[{"@type":"SearchAction","target":{"@type":"EntryPoint","urlTemplate":"https:\/\/zeromagazine.mx\/?s={search_term_string}"},"query-input":{"@type":"PropertyValueSpecification","valueRequired":true,"valueName":"search_term_string"}}],"inLanguage":"es"},{"@type":"Organization","@id":"https:\/\/zeromagazine.mx\/#organization","name":"Zero Magazine","url":"https:\/\/zeromagazine.mx\/","logo":{"@type":"ImageObject","inLanguage":"es","@id":"https:\/\/zeromagazine.mx\/#\/schema\/logo\/image\/","url":"https:\/\/i0.wp.com\/zeromagazine.mx\/wp-content\/uploads\/2025\/11\/1.jpeg?fit=1000%2C1000&ssl=1","contentUrl":"https:\/\/i0.wp.com\/zeromagazine.mx\/wp-content\/uploads\/2025\/11\/1.jpeg?fit=1000%2C1000&ssl=1","width":1000,"height":1000,"caption":"Zero Magazine"},"image":{"@id":"https:\/\/zeromagazine.mx\/#\/schema\/logo\/image\/"},"sameAs":["https:\/\/instagram.com\/zeromagazinemx"]},{"@type":"Person","@id":"https:\/\/zeromagazine.mx\/#\/schema\/person\/9f7f1a17c60ba8e9980e3e6677aabe5a","name":"David Morales","image":{"@type":"ImageObject","inLanguage":"es","@id":"https:\/\/zeromagazine.mx\/wp-content\/litespeed\/avatar\/76069d2136bfc1c37dc34815bb67ca42.jpg?ver=1776966186","url":"https:\/\/zeromagazine.mx\/wp-content\/litespeed\/avatar\/76069d2136bfc1c37dc34815bb67ca42.jpg?ver=1776966186","contentUrl":"https:\/\/zeromagazine.mx\/wp-content\/litespeed\/avatar\/76069d2136bfc1c37dc34815bb67ca42.jpg?ver=1776966186","caption":"David Morales"},"url":"https:\/\/zeromagazine.mx\/index.php\/author\/david\/"}]}},"jetpack_publicize_connections":[],"jetpack_featured_media_url":"https:\/\/i0.wp.com\/zeromagazine.mx\/wp-content\/uploads\/2025\/09\/WhatsApp-Image-2025-06-27-at-16.15.38.jpeg?fit=1000%2C1000&ssl=1","jetpack-related-posts":[{"id":112953,"url":"https:\/\/zeromagazine.mx\/index.php\/2026\/01\/09\/maquillaje-limpio-almay\/","url_meta":{"origin":108340,"position":0},"title":"Maquillaje limpio ALMAY redefine belleza","author":"Luis Trujano","date":"9 de enero de 2026","format":false,"excerpt":"En 2026, el maquillaje ya no es solo una cuesti\u00f3n est\u00e9tica. Es una extensi\u00f3n del cuidado personal, una decisi\u00f3n consciente y, sobre todo, una forma de proteger la piel todos los d\u00edas. En ese contexto, el regreso de maquillaje limpio ALMAY se siente menos como un relanzamiento y m\u00e1s como\u2026","rel":"","context":"En \u00abBeauty\u00bb","block_context":{"text":"Beauty","link":"https:\/\/zeromagazine.mx\/index.php\/category\/beauty\/"},"img":{"alt_text":"","src":"https:\/\/i0.wp.com\/zeromagazine.mx\/wp-content\/uploads\/2026\/01\/Clear-Comlexion.jpg?fit=1200%2C1200&ssl=1&resize=350%2C200","width":350,"height":200,"srcset":"https:\/\/i0.wp.com\/zeromagazine.mx\/wp-content\/uploads\/2026\/01\/Clear-Comlexion.jpg?fit=1200%2C1200&ssl=1&resize=350%2C200 1x, https:\/\/i0.wp.com\/zeromagazine.mx\/wp-content\/uploads\/2026\/01\/Clear-Comlexion.jpg?fit=1200%2C1200&ssl=1&resize=525%2C300 1.5x, https:\/\/i0.wp.com\/zeromagazine.mx\/wp-content\/uploads\/2026\/01\/Clear-Comlexion.jpg?fit=1200%2C1200&ssl=1&resize=700%2C400 2x, https:\/\/i0.wp.com\/zeromagazine.mx\/wp-content\/uploads\/2026\/01\/Clear-Comlexion.jpg?fit=1200%2C1200&ssl=1&resize=1050%2C600 3x"},"classes":[]},{"id":100570,"url":"https:\/\/zeromagazine.mx\/index.php\/2025\/04\/04\/cuidado-que-nutre\/","url_meta":{"origin":108340,"position":1},"title":"Cuidado Que Nutre","author":"David Morales","date":"4 de abril de 2025","format":false,"excerpt":"Amix, ya estamos en esa era donde el skincare no solo tiene que verse bonito en el vanity, sino funcionar neta. Y si t\u00fa tambi\u00e9n est\u00e1s buscando productos que se sientan bien, huelen rico, cuiden tu carita y, aparte, no da\u00f1en el planeta\u2026 entonces d\u00e9jame presentarte a TEIA Cosm\u00e9ticos. Esta\u2026","rel":"","context":"En \u00abBlog\u00bb","block_context":{"text":"Blog","link":"https:\/\/zeromagazine.mx\/index.php\/category\/blog\/"},"img":{"alt_text":"","src":"https:\/\/i0.wp.com\/zeromagazine.mx\/wp-content\/uploads\/2025\/04\/GDF04726-Edit-scaled.jpg?fit=800%2C1200&ssl=1&resize=350%2C200","width":350,"height":200,"srcset":"https:\/\/i0.wp.com\/zeromagazine.mx\/wp-content\/uploads\/2025\/04\/GDF04726-Edit-scaled.jpg?fit=800%2C1200&ssl=1&resize=350%2C200 1x, https:\/\/i0.wp.com\/zeromagazine.mx\/wp-content\/uploads\/2025\/04\/GDF04726-Edit-scaled.jpg?fit=800%2C1200&ssl=1&resize=525%2C300 1.5x, https:\/\/i0.wp.com\/zeromagazine.mx\/wp-content\/uploads\/2025\/04\/GDF04726-Edit-scaled.jpg?fit=800%2C1200&ssl=1&resize=700%2C400 2x"},"classes":[]},{"id":113348,"url":"https:\/\/zeromagazine.mx\/index.php\/2026\/01\/14\/piel-perfecta-maquillaje-sheglam\/","url_meta":{"origin":108340,"position":2},"title":"Piel perfecta maquillaje real","author":"zeromagazinemx","date":"14 de enero de 2026","format":false,"excerpt":"Durante mucho tiempo, el maquillaje fue sin\u00f3nimo de cubrir, tapar y corregir todo rastro de textura. Hoy, esa narrativa qued\u00f3 atr\u00e1s. La nueva obsesi\u00f3n beauty no tiene que ver con esconder la piel, sino con dejarla verse mejor: luminosa, uniforme y con ese glow que se siente aut\u00e9ntico. En otras\u2026","rel":"","context":"En \u00abBeauty\u00bb","block_context":{"text":"Beauty","link":"https:\/\/zeromagazine.mx\/index.php\/category\/beauty\/"},"img":{"alt_text":"","src":"https:\/\/i0.wp.com\/zeromagazine.mx\/wp-content\/uploads\/2026\/01\/2-4-scaled.jpg?fit=1200%2C940&ssl=1&resize=350%2C200","width":350,"height":200,"srcset":"https:\/\/i0.wp.com\/zeromagazine.mx\/wp-content\/uploads\/2026\/01\/2-4-scaled.jpg?fit=1200%2C940&ssl=1&resize=350%2C200 1x, https:\/\/i0.wp.com\/zeromagazine.mx\/wp-content\/uploads\/2026\/01\/2-4-scaled.jpg?fit=1200%2C940&ssl=1&resize=525%2C300 1.5x, https:\/\/i0.wp.com\/zeromagazine.mx\/wp-content\/uploads\/2026\/01\/2-4-scaled.jpg?fit=1200%2C940&ssl=1&resize=700%2C400 2x, https:\/\/i0.wp.com\/zeromagazine.mx\/wp-content\/uploads\/2026\/01\/2-4-scaled.jpg?fit=1200%2C940&ssl=1&resize=1050%2C600 3x"},"classes":[]},{"id":109559,"url":"https:\/\/zeromagazine.mx\/index.php\/2025\/10\/19\/cushion-foundation-el-glow-que-no-falla\/","url_meta":{"origin":108340,"position":3},"title":"Cushion foundation: el glow que no falla","author":"Luis Trujano","date":"19 de octubre de 2025","format":false,"excerpt":"Cushion foundation: el secreto para una piel real Si hay algo que todas buscamos hoy, es ese makeup que se vea natural pero flawless, que aguante desde la primera story del d\u00eda hasta el \u00faltimo caf\u00e9 nocturno. Y justo ah\u00ed entra SHEGLAM cushion foundation, el nuevo must-have del oto\u00f1o que\u2026","rel":"","context":"En \u00abBeauty\u00bb","block_context":{"text":"Beauty","link":"https:\/\/zeromagazine.mx\/index.php\/category\/beauty\/"},"img":{"alt_text":"","src":"https:\/\/i0.wp.com\/zeromagazine.mx\/wp-content\/uploads\/2025\/10\/IMG_5671.png?fit=1200%2C857&ssl=1&resize=350%2C200","width":350,"height":200,"srcset":"https:\/\/i0.wp.com\/zeromagazine.mx\/wp-content\/uploads\/2025\/10\/IMG_5671.png?fit=1200%2C857&ssl=1&resize=350%2C200 1x, https:\/\/i0.wp.com\/zeromagazine.mx\/wp-content\/uploads\/2025\/10\/IMG_5671.png?fit=1200%2C857&ssl=1&resize=525%2C300 1.5x, https:\/\/i0.wp.com\/zeromagazine.mx\/wp-content\/uploads\/2025\/10\/IMG_5671.png?fit=1200%2C857&ssl=1&resize=700%2C400 2x, https:\/\/i0.wp.com\/zeromagazine.mx\/wp-content\/uploads\/2025\/10\/IMG_5671.png?fit=1200%2C857&ssl=1&resize=1050%2C600 3x"},"classes":[]},{"id":119238,"url":"https:\/\/zeromagazine.mx\/index.php\/2026\/04\/22\/patrick-ta-maquillaje-tendencia-piel-blur\/","url_meta":{"origin":108340,"position":4},"title":"El nuevo maquillaje ya no cubre: borra, ilumina y redefine la piel","author":"zeromagazinemx","date":"22 de abril de 2026","format":false,"excerpt":"Patrick Ta lanza dos productos que confirman hacia d\u00f3nde va el maquillaje actual: menos correcci\u00f3n, m\u00e1s ilusi\u00f3n de perfecci\u00f3n. Durante a\u00f1os, el maquillaje se trataba de cubrir.Hoy, se trata de simular una piel que no necesita ser corregida. Y justo ah\u00ed es donde entra lo nuevo de Patrick Ta. El\u2026","rel":"","context":"En \u00abBeauty\u00bb","block_context":{"text":"Beauty","link":"https:\/\/zeromagazine.mx\/index.php\/category\/beauty\/"},"img":{"alt_text":"","src":"https:\/\/i0.wp.com\/zeromagazine.mx\/wp-content\/uploads\/2026\/04\/Gemini_Generated_Image_vqeufivqeufivqeu.png?fit=928%2C1152&ssl=1&resize=350%2C200","width":350,"height":200,"srcset":"https:\/\/i0.wp.com\/zeromagazine.mx\/wp-content\/uploads\/2026\/04\/Gemini_Generated_Image_vqeufivqeufivqeu.png?fit=928%2C1152&ssl=1&resize=350%2C200 1x, https:\/\/i0.wp.com\/zeromagazine.mx\/wp-content\/uploads\/2026\/04\/Gemini_Generated_Image_vqeufivqeufivqeu.png?fit=928%2C1152&ssl=1&resize=525%2C300 1.5x, https:\/\/i0.wp.com\/zeromagazine.mx\/wp-content\/uploads\/2026\/04\/Gemini_Generated_Image_vqeufivqeufivqeu.png?fit=928%2C1152&ssl=1&resize=700%2C400 2x"},"classes":[]},{"id":110450,"url":"https:\/\/zeromagazine.mx\/index.php\/2025\/11\/11\/photoderm-xdefense-protector-diario\/","url_meta":{"origin":108340,"position":5},"title":"Photoderm XDefense Glow Diario","author":"Luis Trujano","date":"11 de noviembre de 2025","format":false,"excerpt":"Cuidarnos la piel ya no es negociable. Vivimos pegadxs a pantallas, nos movemos entre smog, sol directo, clima seco o h\u00famedo, y todav\u00eda queremos que nuestra piel se vea fresca, luminosa y sin manchas. Spoiler: s\u00ed se puede. Solo que la clave est\u00e1 en algo muy simple: constancia. Y aqu\u00ed\u2026","rel":"","context":"En \u00abBeauty\u00bb","block_context":{"text":"Beauty","link":"https:\/\/zeromagazine.mx\/index.php\/category\/beauty\/"},"img":{"alt_text":"","src":"https:\/\/i0.wp.com\/zeromagazine.mx\/wp-content\/uploads\/2025\/11\/IMG_5818.png?fit=1200%2C553&ssl=1&resize=350%2C200","width":350,"height":200,"srcset":"https:\/\/i0.wp.com\/zeromagazine.mx\/wp-content\/uploads\/2025\/11\/IMG_5818.png?fit=1200%2C553&ssl=1&resize=350%2C200 1x, https:\/\/i0.wp.com\/zeromagazine.mx\/wp-content\/uploads\/2025\/11\/IMG_5818.png?fit=1200%2C553&ssl=1&resize=525%2C300 1.5x, https:\/\/i0.wp.com\/zeromagazine.mx\/wp-content\/uploads\/2025\/11\/IMG_5818.png?fit=1200%2C553&ssl=1&resize=700%2C400 2x, https:\/\/i0.wp.com\/zeromagazine.mx\/wp-content\/uploads\/2025\/11\/IMG_5818.png?fit=1200%2C553&ssl=1&resize=1050%2C600 3x"},"classes":[]}],"jetpack_sharing_enabled":true,"builder_content":"","_links":{"self":[{"href":"https:\/\/zeromagazine.mx\/index.php\/wp-json\/wp\/v2\/posts\/108340","targetHints":{"allow":["GET"]}}],"collection":[{"href":"https:\/\/zeromagazine.mx\/index.php\/wp-json\/wp\/v2\/posts"}],"about":[{"href":"https:\/\/zeromagazine.mx\/index.php\/wp-json\/wp\/v2\/types\/post"}],"author":[{"embeddable":true,"href":"https:\/\/zeromagazine.mx\/index.php\/wp-json\/wp\/v2\/users\/4"}],"replies":[{"embeddable":true,"href":"https:\/\/zeromagazine.mx\/index.php\/wp-json\/wp\/v2\/comments?post=108340"}],"version-history":[{"count":3,"href":"https:\/\/zeromagazine.mx\/index.php\/wp-json\/wp\/v2\/posts\/108340\/revisions"}],"predecessor-version":[{"id":108347,"href":"https:\/\/zeromagazine.mx\/index.php\/wp-json\/wp\/v2\/posts\/108340\/revisions\/108347"}],"wp:featuredmedia":[{"embeddable":true,"href":"https:\/\/zeromagazine.mx\/index.php\/wp-json\/wp\/v2\/media\/108341"}],"wp:attachment":[{"href":"https:\/\/zeromagazine.mx\/index.php\/wp-json\/wp\/v2\/media?parent=108340"}],"wp:term":[{"taxonomy":"category","embeddable":true,"href":"https:\/\/zeromagazine.mx\/index.php\/wp-json\/wp\/v2\/categories?post=108340"},{"taxonomy":"post_tag","embeddable":true,"href":"https:\/\/zeromagazine.mx\/index.php\/wp-json\/wp\/v2\/tags?post=108340"}],"curies":[{"name":"wp","href":"https:\/\/api.w.org\/{rel}","templated":true}]}}